{"id":13963,"date":"2014-06-02T11:16:58","date_gmt":"2014-06-02T11:16:58","guid":{"rendered":"http:\/\/www.norn.is\/pistlar\/?p=13963"},"modified":"2019-04-11T11:20:23","modified_gmt":"2019-04-11T11:20:23","slug":"kosningaurslit-i-reykjavik-kaerd","status":"publish","type":"post","link":"https:\/\/www.norn.is\/pistlar\/kosningaurslit-i-reykjavik-kaerd\/","title":{"rendered":"Kosninga\u00farslit \u00ed Reykjav\u00edk k\u00e6r\u00f0"},"content":{"rendered":"<p><a href=\"http:\/\/www.norn.is\/pistlar\/wp-content\/uploads\/sites\/2\/2019\/04\/screen-shot-2014-05-29-at-4-25-10-pm-688x451.png\"><img loading=\"lazy\" decoding=\"async\" class=\"aligncenter size-full wp-image-13964\" src=\"http:\/\/www.norn.is\/pistlar\/wp-content\/uploads\/sites\/2\/2019\/04\/screen-shot-2014-05-29-at-4-25-10-pm-688x451.png\" alt=\"\" width=\"688\" height=\"451\" srcset=\"https:\/\/www.norn.is\/pistlar\/wp-content\/uploads\/sites\/2\/2019\/04\/screen-shot-2014-05-29-at-4-25-10-pm-688x451.png 688w, https:\/\/www.norn.is\/pistlar\/wp-content\/uploads\/sites\/2\/2019\/04\/screen-shot-2014-05-29-at-4-25-10-pm-688x451-300x197.png 300w, https:\/\/www.norn.is\/pistlar\/wp-content\/uploads\/sites\/2\/2019\/04\/screen-shot-2014-05-29-at-4-25-10-pm-688x451-458x300.png 458w\" sizes=\"auto, (max-width: 688px) 100vw, 688px\" \/><\/a>Bj\u00f6rgvin E. V\u00eddal\u00edn, stj\u00f3rnarforma\u00f0ur D\u00f6gunar \u00ed Reykjav\u00edk, hyggst \u00e1 morgun leggja fram k\u00e6ru til S\u00fdslumannsins \u00ed Reykjav\u00edk vegna sveitarstj\u00f3rnakosninga \u00ed Reykjav\u00edk. \u00a0\u00deess er krafist a\u00f0 kosningin ver\u00f0i \u00farskur\u00f0u\u00f0 \u00f3gild og a\u00f0 borgarstj\u00f3rnarkosningar ver\u00f0i endurteknar.<\/p>\n<p>Fern r\u00f6k eru f\u00e6r\u00f0 fyrir \u00fev\u00ed a\u00f0 \u00f3gilda skuli kosninguna.<\/p>\n<p>\u00cd fyrsta lagi er krafist \u00f3gildingar \u00e1 \u00feeirri forsendu a\u00f0 oddviti eins frambo\u00f0anna hafi ekki uppfyllt skilyr\u00f0i um kj\u00f6rgengi. Bent er \u00e1 a\u00f0 m\u00e1lflutningur oddvitans hafi haft \u00f3tv\u00edr\u00e6\u00f0 \u00e1hrif \u00e1 \u00farslit kosninganna \u00fear sem frambo\u00f0i\u00f0 hafi samkv\u00e6mt sko\u00f0anak\u00f6nnunum b\u00e6tt vi\u00f0 sig fylgi upp \u00e1 8-9 pr\u00f3sentustig eftir a\u00f0 hinn \u00f3kj\u00f6rgengi oddviti f\u00f3r a\u00f0 beita s\u00e9r \u00ed kosningabar\u00e1ttu.<\/p>\n<p>\u00cd \u00f6\u00f0ru lagi er bent \u00e1 a\u00f0 annmarkar \u00e1 atkv\u00e6\u00f0atalningu \u00ed r\u00e1\u00f0h\u00fasinu gefi tilefni til a\u00f0 efast um a\u00f0 talning hafi veri\u00f0 laus vi\u00f0 mist\u00f6k e\u00f0a jafnvel misferli.<\/p>\n<p>\u00cd \u00feri\u00f0ja lagi dr\u00f3 borgarstj\u00f3rn of lengi a\u00f0 kj\u00f3sa yfirkj\u00f6rstj\u00f3rn og \u00fev\u00ed telur k\u00e6randi ekki h\u00e6gt a\u00f0 treysta \u00f3hlutdr\u00e6gni hennar.<\/p>\n<p>\u00cd fj\u00f3r\u00f0a lagi segir a\u00f0 samkv\u00e6mt \u00e1kv\u00f6r\u00f0un H\u00e6star\u00e9ttar 25. jan\u00faar 2011 eigi jafnvel minni h\u00e1ttar gallar a\u00f0 hafa \u00ed f\u00f6r me\u00f0 s\u00e9r \u00f3gildingu kosningar, \u00fear me\u00f0 hafi H\u00e6stir\u00e9ttur sett bindandi ford\u00e6mi.<\/p>\n<p>Til vara er \u00feess krafist a\u00f0 kosningin ver\u00f0i \u00f3gild \u00e1 \u00feeirri forsendu a\u00f0 \u00fear sem l\u00f6gheimilsskr\u00e1ning oddvitans hafi veri\u00f0 \u00f3l\u00f6gleg standist \u00farskur\u00f0ur yfirkj\u00f6rstj\u00f3rnar um kj\u00f6rgengi hans ekki l\u00f6g.<\/p>\n","protected":false},"excerpt":{"rendered":"<p>Bj\u00f6rgvin E. V\u00eddal\u00edn, stj\u00f3rnarforma\u00f0ur D\u00f6gunar \u00ed Reykjav\u00edk, hyggst \u00e1 morgun leggja fram k\u00e6ru til S\u00fdslumannsins \u00ed Reykjav\u00edk vegna sveitarstj\u00f3rnakosninga \u00ed Reykjav\u00edk. \u00a0\u00deess er krafist a\u00f0 kosningin ver\u00f0i \u00farskur\u00f0u\u00f0 \u00f3gild og a\u00f0 borgarstj\u00f3rnarkosningar ver\u00f0i endurteknar. Fern r\u00f6k eru f\u00e6r\u00f0 fyrir \u00fev\u00ed &hellip; <a href=\"https:\/\/www.norn.is\/pistlar\/kosningaurslit-i-reykjavik-kaerd\/\">Halda \u00e1fram a\u00f0 lesa <span class=\"meta-nav\">&rarr;<\/span><\/a><\/p>\n","protected":false},"author":1,"featured_media":0,"comment_status":"closed","ping_status":"closed","sticky":false,"template":"","format":"standard","meta":{"footnotes":"","_links_to":"","_links_to_target":""},"categories":[682,1],"tags":[73],"class_list":["post-13963","post","type-post","status-publish","format-standard","hentry","category-lydraedi","category-pistlar","tag-sveitarstjornakosningar"],"yoast_head":"<!-- This site is optimized with the Yoast SEO plugin v27.5 - https:\/\/yoast.com\/product\/yoast-seo-wordpress\/ -->\n<title>Kosninga\u00farslit \u00ed Reykjav\u00edk k\u00e6r\u00f0 - Pistlar Evu<\/title>\n<meta name=\"robots\" content=\"index, follow, max-snippet:-1, max-image-preview:large, max-video-preview:-1\" \/>\n<link rel=\"canonical\" href=\"https:\/\/www.norn.is\/pistlar\/kosningaurslit-i-reykjavik-kaerd\/\" \/>\n<meta property=\"og:locale\" content=\"is_IS\" \/>\n<meta property=\"og:type\" content=\"article\" \/>\n<meta property=\"og:title\" content=\"Kosninga\u00farslit \u00ed Reykjav\u00edk k\u00e6r\u00f0 - Pistlar Evu\" \/>\n<meta property=\"og:description\" content=\"Bj\u00f6rgvin E. V\u00eddal\u00edn, stj\u00f3rnarforma\u00f0ur D\u00f6gunar \u00ed Reykjav\u00edk, hyggst \u00e1 morgun leggja fram k\u00e6ru til S\u00fdslumannsins \u00ed Reykjav\u00edk vegna sveitarstj\u00f3rnakosninga \u00ed Reykjav\u00edk. \u00a0\u00deess er krafist a\u00f0 kosningin ver\u00f0i \u00farskur\u00f0u\u00f0 \u00f3gild og a\u00f0 borgarstj\u00f3rnarkosningar ver\u00f0i endurteknar. Fern r\u00f6k eru f\u00e6r\u00f0 fyrir \u00fev\u00ed &hellip; Halda \u00e1fram a\u00f0 lesa &rarr;\" \/>\n<meta property=\"og:url\" content=\"https:\/\/www.norn.is\/pistlar\/kosningaurslit-i-reykjavik-kaerd\/\" \/>\n<meta property=\"og:site_name\" content=\"Pistlar Evu\" \/>\n<meta property=\"article:published_time\" content=\"2014-06-02T11:16:58+00:00\" \/>\n<meta property=\"article:modified_time\" content=\"2019-04-11T11:20:23+00:00\" \/>\n<meta property=\"og:image\" content=\"http:\/\/www.norn.is\/pistlar\/wp-content\/uploads\/sites\/2\/2019\/04\/screen-shot-2014-05-29-at-4-25-10-pm-688x451.png\" \/>\n<meta name=\"author\" content=\"admin\" \/>\n<meta name=\"twitter:card\" content=\"summary_large_image\" \/>\n<meta name=\"twitter:label1\" content=\"Written by\" \/>\n\t<meta name=\"twitter:data1\" content=\"\" \/>\n\t<meta name=\"twitter:label2\" content=\"Est. reading time\" \/>\n\t<meta name=\"twitter:data2\" content=\"1 minute\" \/>\n<script type=\"application\/ld+json\" class=\"yoast-schema-graph\">{\"@context\":\"https:\\\/\\\/schema.org\",\"@graph\":[{\"@type\":\"Article\",\"@id\":\"https:\\\/\\\/www.norn.is\\\/pistlar\\\/kosningaurslit-i-reykjavik-kaerd\\\/#article\",\"isPartOf\":{\"@id\":\"https:\\\/\\\/www.norn.is\\\/pistlar\\\/kosningaurslit-i-reykjavik-kaerd\\\/\"},\"author\":{\"name\":\"admin\",\"@id\":\"https:\\\/\\\/www.norn.is\\\/pistlar\\\/#\\\/schema\\\/person\\\/1a27d7aee01469adf3180f8fd9e72c46\"},\"headline\":\"Kosninga\u00farslit \u00ed Reykjav\u00edk k\u00e6r\u00f0\",\"datePublished\":\"2014-06-02T11:16:58+00:00\",\"dateModified\":\"2019-04-11T11:20:23+00:00\",\"mainEntityOfPage\":{\"@id\":\"https:\\\/\\\/www.norn.is\\\/pistlar\\\/kosningaurslit-i-reykjavik-kaerd\\\/\"},\"wordCount\":263,\"image\":{\"@id\":\"https:\\\/\\\/www.norn.is\\\/pistlar\\\/kosningaurslit-i-reykjavik-kaerd\\\/#primaryimage\"},\"thumbnailUrl\":\"http:\\\/\\\/www.norn.is\\\/pistlar\\\/wp-content\\\/uploads\\\/sites\\\/2\\\/2019\\\/04\\\/screen-shot-2014-05-29-at-4-25-10-pm-688x451.png\",\"keywords\":[\"Sveitarstj\u00f3rnakosningar\"],\"articleSection\":[\"L\u00fd\u00f0r\u00e6\u00f0i og stj\u00f3rns\u00fdsla\",\"Pistlar um samf\u00e9lagsm\u00e1l\"],\"inLanguage\":\"is\"},{\"@type\":\"WebPage\",\"@id\":\"https:\\\/\\\/www.norn.is\\\/pistlar\\\/kosningaurslit-i-reykjavik-kaerd\\\/\",\"url\":\"https:\\\/\\\/www.norn.is\\\/pistlar\\\/kosningaurslit-i-reykjavik-kaerd\\\/\",\"name\":\"Kosninga\u00farslit \u00ed Reykjav\u00edk k\u00e6r\u00f0 - Pistlar Evu\",\"isPartOf\":{\"@id\":\"https:\\\/\\\/www.norn.is\\\/pistlar\\\/#website\"},\"primaryImageOfPage\":{\"@id\":\"https:\\\/\\\/www.norn.is\\\/pistlar\\\/kosningaurslit-i-reykjavik-kaerd\\\/#primaryimage\"},\"image\":{\"@id\":\"https:\\\/\\\/www.norn.is\\\/pistlar\\\/kosningaurslit-i-reykjavik-kaerd\\\/#primaryimage\"},\"thumbnailUrl\":\"http:\\\/\\\/www.norn.is\\\/pistlar\\\/wp-content\\\/uploads\\\/sites\\\/2\\\/2019\\\/04\\\/screen-shot-2014-05-29-at-4-25-10-pm-688x451.png\",\"datePublished\":\"2014-06-02T11:16:58+00:00\",\"dateModified\":\"2019-04-11T11:20:23+00:00\",\"author\":{\"@id\":\"https:\\\/\\\/www.norn.is\\\/pistlar\\\/#\\\/schema\\\/person\\\/1a27d7aee01469adf3180f8fd9e72c46\"},\"breadcrumb\":{\"@id\":\"https:\\\/\\\/www.norn.is\\\/pistlar\\\/kosningaurslit-i-reykjavik-kaerd\\\/#breadcrumb\"},\"inLanguage\":\"is\",\"potentialAction\":[{\"@type\":\"ReadAction\",\"target\":[\"https:\\\/\\\/www.norn.is\\\/pistlar\\\/kosningaurslit-i-reykjavik-kaerd\\\/\"]}]},{\"@type\":\"ImageObject\",\"inLanguage\":\"is\",\"@id\":\"https:\\\/\\\/www.norn.is\\\/pistlar\\\/kosningaurslit-i-reykjavik-kaerd\\\/#primaryimage\",\"url\":\"http:\\\/\\\/www.norn.is\\\/pistlar\\\/wp-content\\\/uploads\\\/sites\\\/2\\\/2019\\\/04\\\/screen-shot-2014-05-29-at-4-25-10-pm-688x451.png\",\"contentUrl\":\"http:\\\/\\\/www.norn.is\\\/pistlar\\\/wp-content\\\/uploads\\\/sites\\\/2\\\/2019\\\/04\\\/screen-shot-2014-05-29-at-4-25-10-pm-688x451.png\"},{\"@type\":\"BreadcrumbList\",\"@id\":\"https:\\\/\\\/www.norn.is\\\/pistlar\\\/kosningaurslit-i-reykjavik-kaerd\\\/#breadcrumb\",\"itemListElement\":[{\"@type\":\"ListItem\",\"position\":1,\"name\":\"Home\",\"item\":\"https:\\\/\\\/www.norn.is\\\/pistlar\\\/\"},{\"@type\":\"ListItem\",\"position\":2,\"name\":\"Kosninga\u00farslit \u00ed Reykjav\u00edk k\u00e6r\u00f0\"}]},{\"@type\":\"WebSite\",\"@id\":\"https:\\\/\\\/www.norn.is\\\/pistlar\\\/#website\",\"url\":\"https:\\\/\\\/www.norn.is\\\/pistlar\\\/\",\"name\":\"Pistlar Evu\",\"description\":\"\",\"potentialAction\":[{\"@type\":\"SearchAction\",\"target\":{\"@type\":\"EntryPoint\",\"urlTemplate\":\"https:\\\/\\\/www.norn.is\\\/pistlar\\\/?s={search_term_string}\"},\"query-input\":{\"@type\":\"PropertyValueSpecification\",\"valueRequired\":true,\"valueName\":\"search_term_string\"}}],\"inLanguage\":\"is\"},{\"@type\":\"Person\",\"@id\":\"https:\\\/\\\/www.norn.is\\\/pistlar\\\/#\\\/schema\\\/person\\\/1a27d7aee01469adf3180f8fd9e72c46\",\"name\":\"admin\",\"url\":\"https:\\\/\\\/www.norn.is\\\/pistlar\\\/author\\\/admin\\\/\"}]}<\/script>\n<!-- \/ Yoast SEO plugin. -->","yoast_head_json":{"title":"Kosninga\u00farslit \u00ed Reykjav\u00edk k\u00e6r\u00f0 - Pistlar Evu","robots":{"index":"index","follow":"follow","max-snippet":"max-snippet:-1","max-image-preview":"max-image-preview:large","max-video-preview":"max-video-preview:-1"},"canonical":"https:\/\/www.norn.is\/pistlar\/kosningaurslit-i-reykjavik-kaerd\/","og_locale":"is_IS","og_type":"article","og_title":"Kosninga\u00farslit \u00ed Reykjav\u00edk k\u00e6r\u00f0 - Pistlar Evu","og_description":"Bj\u00f6rgvin E. V\u00eddal\u00edn, stj\u00f3rnarforma\u00f0ur D\u00f6gunar \u00ed Reykjav\u00edk, hyggst \u00e1 morgun leggja fram k\u00e6ru til S\u00fdslumannsins \u00ed Reykjav\u00edk vegna sveitarstj\u00f3rnakosninga \u00ed Reykjav\u00edk. \u00a0\u00deess er krafist a\u00f0 kosningin ver\u00f0i \u00farskur\u00f0u\u00f0 \u00f3gild og a\u00f0 borgarstj\u00f3rnarkosningar ver\u00f0i endurteknar. Fern r\u00f6k eru f\u00e6r\u00f0 fyrir \u00fev\u00ed &hellip; Halda \u00e1fram a\u00f0 lesa &rarr;","og_url":"https:\/\/www.norn.is\/pistlar\/kosningaurslit-i-reykjavik-kaerd\/","og_site_name":"Pistlar Evu","article_published_time":"2014-06-02T11:16:58+00:00","article_modified_time":"2019-04-11T11:20:23+00:00","og_image":[{"url":"http:\/\/www.norn.is\/pistlar\/wp-content\/uploads\/sites\/2\/2019\/04\/screen-shot-2014-05-29-at-4-25-10-pm-688x451.png","type":"","width":"","height":""}],"author":"admin","twitter_card":"summary_large_image","twitter_misc":{"Written by":false,"Est. reading time":"1 minute"},"schema":{"@context":"https:\/\/schema.org","@graph":[{"@type":"Article","@id":"https:\/\/www.norn.is\/pistlar\/kosningaurslit-i-reykjavik-kaerd\/#article","isPartOf":{"@id":"https:\/\/www.norn.is\/pistlar\/kosningaurslit-i-reykjavik-kaerd\/"},"author":{"name":"admin","@id":"https:\/\/www.norn.is\/pistlar\/#\/schema\/person\/1a27d7aee01469adf3180f8fd9e72c46"},"headline":"Kosninga\u00farslit \u00ed Reykjav\u00edk k\u00e6r\u00f0","datePublished":"2014-06-02T11:16:58+00:00","dateModified":"2019-04-11T11:20:23+00:00","mainEntityOfPage":{"@id":"https:\/\/www.norn.is\/pistlar\/kosningaurslit-i-reykjavik-kaerd\/"},"wordCount":263,"image":{"@id":"https:\/\/www.norn.is\/pistlar\/kosningaurslit-i-reykjavik-kaerd\/#primaryimage"},"thumbnailUrl":"http:\/\/www.norn.is\/pistlar\/wp-content\/uploads\/sites\/2\/2019\/04\/screen-shot-2014-05-29-at-4-25-10-pm-688x451.png","keywords":["Sveitarstj\u00f3rnakosningar"],"articleSection":["L\u00fd\u00f0r\u00e6\u00f0i og stj\u00f3rns\u00fdsla","Pistlar um samf\u00e9lagsm\u00e1l"],"inLanguage":"is"},{"@type":"WebPage","@id":"https:\/\/www.norn.is\/pistlar\/kosningaurslit-i-reykjavik-kaerd\/","url":"https:\/\/www.norn.is\/pistlar\/kosningaurslit-i-reykjavik-kaerd\/","name":"Kosninga\u00farslit \u00ed Reykjav\u00edk k\u00e6r\u00f0 - Pistlar Evu","isPartOf":{"@id":"https:\/\/www.norn.is\/pistlar\/#website"},"primaryImageOfPage":{"@id":"https:\/\/www.norn.is\/pistlar\/kosningaurslit-i-reykjavik-kaerd\/#primaryimage"},"image":{"@id":"https:\/\/www.norn.is\/pistlar\/kosningaurslit-i-reykjavik-kaerd\/#primaryimage"},"thumbnailUrl":"http:\/\/www.norn.is\/pistlar\/wp-content\/uploads\/sites\/2\/2019\/04\/screen-shot-2014-05-29-at-4-25-10-pm-688x451.png","datePublished":"2014-06-02T11:16:58+00:00","dateModified":"2019-04-11T11:20:23+00:00","author":{"@id":"https:\/\/www.norn.is\/pistlar\/#\/schema\/person\/1a27d7aee01469adf3180f8fd9e72c46"},"breadcrumb":{"@id":"https:\/\/www.norn.is\/pistlar\/kosningaurslit-i-reykjavik-kaerd\/#breadcrumb"},"inLanguage":"is","potentialAction":[{"@type":"ReadAction","target":["https:\/\/www.norn.is\/pistlar\/kosningaurslit-i-reykjavik-kaerd\/"]}]},{"@type":"ImageObject","inLanguage":"is","@id":"https:\/\/www.norn.is\/pistlar\/kosningaurslit-i-reykjavik-kaerd\/#primaryimage","url":"http:\/\/www.norn.is\/pistlar\/wp-content\/uploads\/sites\/2\/2019\/04\/screen-shot-2014-05-29-at-4-25-10-pm-688x451.png","contentUrl":"http:\/\/www.norn.is\/pistlar\/wp-content\/uploads\/sites\/2\/2019\/04\/screen-shot-2014-05-29-at-4-25-10-pm-688x451.png"},{"@type":"BreadcrumbList","@id":"https:\/\/www.norn.is\/pistlar\/kosningaurslit-i-reykjavik-kaerd\/#breadcrumb","itemListElement":[{"@type":"ListItem","position":1,"name":"Home","item":"https:\/\/www.norn.is\/pistlar\/"},{"@type":"ListItem","position":2,"name":"Kosninga\u00farslit \u00ed Reykjav\u00edk k\u00e6r\u00f0"}]},{"@type":"WebSite","@id":"https:\/\/www.norn.is\/pistlar\/#website","url":"https:\/\/www.norn.is\/pistlar\/","name":"Pistlar Evu","description":"","potentialAction":[{"@type":"SearchAction","target":{"@type":"EntryPoint","urlTemplate":"https:\/\/www.norn.is\/pistlar\/?s={search_term_string}"},"query-input":{"@type":"PropertyValueSpecification","valueRequired":true,"valueName":"search_term_string"}}],"inLanguage":"is"},{"@type":"Person","@id":"https:\/\/www.norn.is\/pistlar\/#\/schema\/person\/1a27d7aee01469adf3180f8fd9e72c46","name":"admin","url":"https:\/\/www.norn.is\/pistlar\/author\/admin\/"}]}},"_links":{"self":[{"href":"https:\/\/www.norn.is\/pistlar\/wp-json\/wp\/v2\/posts\/13963","targetHints":{"allow":["GET"]}}],"collection":[{"href":"https:\/\/www.norn.is\/pistlar\/wp-json\/wp\/v2\/posts"}],"about":[{"href":"https:\/\/www.norn.is\/pistlar\/wp-json\/wp\/v2\/types\/post"}],"author":[{"embeddable":true,"href":"https:\/\/www.norn.is\/pistlar\/wp-json\/wp\/v2\/users\/1"}],"replies":[{"embeddable":true,"href":"https:\/\/www.norn.is\/pistlar\/wp-json\/wp\/v2\/comments?post=13963"}],"version-history":[{"count":2,"href":"https:\/\/www.norn.is\/pistlar\/wp-json\/wp\/v2\/posts\/13963\/revisions"}],"predecessor-version":[{"id":13966,"href":"https:\/\/www.norn.is\/pistlar\/wp-json\/wp\/v2\/posts\/13963\/revisions\/13966"}],"wp:attachment":[{"href":"https:\/\/www.norn.is\/pistlar\/wp-json\/wp\/v2\/media?parent=13963"}],"wp:term":[{"taxonomy":"category","embeddable":true,"href":"https:\/\/www.norn.is\/pistlar\/wp-json\/wp\/v2\/categories?post=13963"},{"taxonomy":"post_tag","embeddable":true,"href":"https:\/\/www.norn.is\/pistlar\/wp-json\/wp\/v2\/tags?post=13963"}],"curies":[{"name":"wp","href":"https:\/\/api.w.org\/{rel}","templated":true}]}}