{"id":13913,"date":"2019-03-06T11:08:25","date_gmt":"2019-03-06T11:08:25","guid":{"rendered":"http:\/\/www.norn.is\/pistlar\/?p=13913"},"modified":"2019-04-07T11:18:44","modified_gmt":"2019-04-07T11:18:44","slug":"er-refsivert-ad-fara-i-strid-a-eigin-vegum-svar-vid-spurningu-ragnars-onundarsonar","status":"publish","type":"post","link":"https:\/\/www.norn.is\/pistlar\/er-refsivert-ad-fara-i-strid-a-eigin-vegum-svar-vid-spurningu-ragnars-onundarsonar\/","title":{"rendered":"Er refsivert a\u00f0 fara \u00ed str\u00ed\u00f0 \u00e1 eigin vegum? (Svar vi\u00f0 spurningu Ragnars \u00d6nundarsonar)"},"content":{"rendered":"<p><a href=\"http:\/\/www.norn.is\/pistlar\/wp-content\/uploads\/sites\/2\/2019\/04\/1199px-destroyed_neighborhood_in_raqqa-688x451.png\"><img loading=\"lazy\" decoding=\"async\" class=\"aligncenter size-full wp-image-13915\" src=\"http:\/\/www.norn.is\/pistlar\/wp-content\/uploads\/sites\/2\/2019\/04\/1199px-destroyed_neighborhood_in_raqqa-688x451.png\" alt=\"\" width=\"688\" height=\"451\" srcset=\"https:\/\/www.norn.is\/pistlar\/wp-content\/uploads\/sites\/2\/2019\/04\/1199px-destroyed_neighborhood_in_raqqa-688x451.png 688w, https:\/\/www.norn.is\/pistlar\/wp-content\/uploads\/sites\/2\/2019\/04\/1199px-destroyed_neighborhood_in_raqqa-688x451-300x197.png 300w, https:\/\/www.norn.is\/pistlar\/wp-content\/uploads\/sites\/2\/2019\/04\/1199px-destroyed_neighborhood_in_raqqa-688x451-458x300.png 458w\" sizes=\"auto, (max-width: 688px) 100vw, 688px\" \/><\/a><\/p>\n<blockquote><p>Myndin er af Wikimedia Commons. H\u00fan s\u00fdnir \u00edb\u00fa\u00f0ahverfi \u00ed Raqqa eftir framg\u00f6ngu Islamska r\u00edkisins.<\/p>\n<p>&nbsp;<\/p><\/blockquote>\n<p>Ma\u00f0ur a\u00f0 nafni Ragnar birti \u00ed dag svohlj\u00f3\u00f0andi spurningu \u00e1 opnum vegg \u00e1 Facebook:<!--more--><\/p>\n<blockquote><p>Er \u00cdslendingum, hverjum og einum, heimilt a\u00f0 taka \u00fe\u00e1tt \u00ed str\u00ed\u00f0i, \u00e1n \u00feess a\u00f0 landi\u00f0 eigi \u00ed str\u00ed\u00f0i ? Manndr\u00e1p \u00ed str\u00ed\u00f0i eru \u00feeim sem \u00feau framkv\u00e6mir og kvaddur hefur veri\u00f0 til her\u00fej\u00f3nustu af landi s\u00ednu, refsilaus, s\u00e9u reglur virtar. M\u00e9r s\u00fdnist a\u00f0 ef \u00edslenskur borgari, m\u00e1lali\u00f0i, drepur mann \u00ed str\u00ed\u00f0i erlendis, \u00fe\u00e0 s\u00e9 \u00fea\u00f0 refsivert, \u00fe.e. manndr\u00e1p af \u00e1setningi. \u00dea\u00f0 vefst fyrir n\u00e1l\u00e6gum l\u00f6ndum a\u00f0 veita sl\u00edku f\u00f3lki sem vill sn\u00faa heim vi\u00f0t\u00f6ku. E\u00f0lilegt er a\u00f0 banna f\u00f3lki \u00fe\u00e1ttt\u00f6ku \u00e1 eigin vegum \u00ed str\u00ed\u00f0s\u00e1t\u00f6kum og refsa \u00feeim sem sn\u00faa heim \u00e1 n\u00fd.<\/p><\/blockquote>\n<p>&nbsp;<\/p>\n<p>https:\/\/www.facebook.com\/ragnar.onundarson\/posts\/1362478230544087<\/p>\n<p>&nbsp;<\/p>\n<p>Spurningunni er greinilega beint a\u00f0 minni fj\u00f6lskyldu (\u00fea\u00f0 hafa ekki borist neinar fr\u00e9ttir af \u00f6\u00f0rum \u00cdslendingum en Hauki syni m\u00ednum sem hafa fari\u00f0 \u00ed str\u00ed\u00f0 \u00e1 eigin vegum \u00ed marga \u00e1ratugi) en spyrjandi hefur gengi\u00f0 \u00feannig fr\u00e1 m\u00e1lum a\u00f0 a\u00f0eins \u00feeir sem eru \u00e1 vinalista hans \u00e1 Facebook geta svara\u00f0. St\u00f3rkostleg samr\u00e6\u00f0ut\u00e6kni. Hva\u00f0 um \u00fea\u00f0, \u00ed l\u00fd\u00f0r\u00e6\u00f0issamf\u00e9lagi eru fleiri lei\u00f0ir til a\u00f0 koma skilabo\u00f0um \u00e1lei\u00f0is en a\u00f0 \u00e1varpa \u00fe\u00e1 beint sem ekki vilja heyra.<\/p>\n<h3>Svar mitt er \u00feetta:<\/h3>\n<p>Nei, Ragnar, engum er heimilt a\u00f0 taka \u00fe\u00e1tt \u00ed str\u00ed\u00f0i \u00e1n blessunar r\u00edkisvaldsins. Og j\u00e1, \u00fea\u00f0 er e\u00f0lilegt a\u00f0 \u00fe\u00e1tttaka \u00ed str\u00ed\u00f0i \u00e1 eigin vegum s\u00e9 refsiver\u00f0 a.m.k. ef manntj\u00f3n hl\u00fdst af. Hitt er svo anna\u00f0 m\u00e1l a\u00f0 \u00ed d\u00f3msm\u00e1lum skiptir samhengi \u00f6llu m\u00e1li. \u00d6llu. Og \u00fea\u00f0 eru til sj\u00f3narmi\u00f0 sem vi\u00f0 vissar a\u00f0st\u00e6\u00f0ur vega \u00feyngra en lagab\u00f3kstafurinn. Til a\u00f0 mynda er manni \u00fea\u00f0 verk refsilaust sem hann vinnur \u00ed nau\u00f0v\u00f6rn. \u00dea\u00f0 flokkast ekki sem nau\u00f0v\u00f6rn a\u00f0 taka uppl\u00fdsta \u00e1kv\u00f6r\u00f0un um a\u00f0 fer\u00f0ast til \u00e1takasv\u00e6\u00f0is og taka upp vopn en \u00ed 13. gr. \u00edslenskra hegningarlaga kemur anna\u00f0 sj\u00f3narmi\u00f0 til:<\/p>\n<blockquote><p>\u00dea\u00f0 verk er refsilaust, sem nau\u00f0syn bar til a\u00f0 unni\u00f0 v\u00e6ri \u00ed \u00feeim tilgangi a\u00f0 vernda l\u00f6gm\u00e6ta hagsmuni fyrir yfirvofandi h\u00e6ttu, \u00fe\u00f3tt me\u00f0 \u00fev\u00ed s\u00e9u skertir a\u00f0rir hagsmunir, sem telja ver\u00f0ur a\u00f0 miklum mun minni.<\/p><\/blockquote>\n<p>\u00dea\u00f0 ver\u00f0ur alltaf matsatri\u00f0i hva\u00f0a hagsmunir teljast \u00f6\u00f0rum meiri e\u00f0a minni. Haukur sonur minn gekk til li\u00f0s vi\u00f0 hersveitir K\u00farda. Hann f\u00f3r ekki \u00ed \u00feeim tilgangi a\u00f0 drepa neinn, heldur til a\u00f0 halda hryllilegustu grimmdarseggjum okkar t\u00edma \u00ed nokkurri fjarl\u00e6g\u00f0 fr\u00e1 venjulegu \u00edb\u00fa\u00f0arhverfi \u00ed Raqqa. Hann vissi a\u00f0 aflei\u00f0ingarnar af \u00fev\u00ed g\u00e6tu or\u00f0i\u00f0 \u00fe\u00e6r a\u00f0 hann yr\u00f0i einhverjum af li\u00f0sm\u00f6nnum Islamska r\u00edkisins a\u00f0 bana. Hann var tilb\u00fainn til a\u00f0 taka \u00fe\u00e1 \u00e1h\u00e6ttu \u00fev\u00ed hann taldi \u00fe\u00e1 hagsmuni \u00f6fgasinna\u00f0ra Islamista, a\u00f0 lifa af \u00e1r\u00e1sarstr\u00ed\u00f0, miklum mun minni en \u00fe\u00e1 hagsmuni heimsbygg\u00f0arinnar a\u00f0 koma \u00ed veg fyrir \u00fatbrei\u00f0slu Kal\u00edfaveldis (sem um lei\u00f0 stefndi a\u00f0 heimsyfirr\u00e1\u00f0um). Hann taldi \u00fe\u00e1 hagsmuni a\u00f0 st\u00f6\u00f0va \u00fej\u00f3\u00f0armor\u00f0 \u00e1 Yazidi f\u00f3lkinu og vernda \u00f3vopna\u00f0a borgara, \u00fe.\u00e1.m. b\u00f6rn, fr\u00e1 dr\u00e1ps\u00e6\u00f0i Islamska r\u00edkisins, mun mikilv\u00e6gari en l\u00edf \u00feeirra sem ganga fram me\u00f0 skefjalausu ofbeldi, brenna f\u00f3lk lifandi, krossfesta \u00fea\u00f0, h\u00e1lsh\u00f6ggva opinberlega og ney\u00f0a b\u00e6\u00f0i s\u00edn eigin b\u00f6rn og b\u00f6rn f\u00f3rnarlambanna til a\u00f0 horfa \u00e1 d\u00fdr\u00f0ina.<\/p>\n<p>&nbsp;<\/p>\n<h3>Tv\u00f6 keiml\u00edk samst\u00f6\u00f0um\u00e1l<\/h3>\n<p>\u00deetta var ekki \u00ed eina skipti\u00f0 sem sonur minn setti mannr\u00e9ttindi ofar lagab\u00f3kstafnum. \u00dea\u00f0 er ekki l\u00f6glegt a\u00f0 hlaupa inn \u00e1 flugbraut og \u00fea\u00f0 \u00e1 ekki a\u00f0 vera l\u00f6glegt. En \u00fea\u00f0 ger\u00f0i hann n\u00fa samt, sumari\u00f0 2008, \u00e1samt f\u00e9laga s\u00ednum Jason Slade. Tilgangurinn var s\u00e1 a\u00f0 bjarga mannsl\u00edfi. Og \u00fea\u00f0 breytir samhenginu.<\/p>\n<p><a href=\"http:\/\/www.norn.is\/pistlar\/wp-content\/uploads\/sites\/2\/2019\/03\/jf2.png\"><img loading=\"lazy\" decoding=\"async\" class=\"aligncenter size-full wp-image-13918\" src=\"http:\/\/www.norn.is\/pistlar\/wp-content\/uploads\/sites\/2\/2019\/03\/jf2.png\" alt=\"\" width=\"1589\" height=\"1021\" srcset=\"https:\/\/www.norn.is\/pistlar\/wp-content\/uploads\/sites\/2\/2019\/03\/jf2.png 1589w, https:\/\/www.norn.is\/pistlar\/wp-content\/uploads\/sites\/2\/2019\/03\/jf2-300x193.png 300w, https:\/\/www.norn.is\/pistlar\/wp-content\/uploads\/sites\/2\/2019\/03\/jf2-768x493.png 768w, https:\/\/www.norn.is\/pistlar\/wp-content\/uploads\/sites\/2\/2019\/03\/jf2-1024x658.png 1024w, https:\/\/www.norn.is\/pistlar\/wp-content\/uploads\/sites\/2\/2019\/03\/jf2-467x300.png 467w\" sizes=\"auto, (max-width: 1589px) 100vw, 1589px\" \/><\/a><\/p>\n<p>\u00cd dag r\u00e9ttar H\u00e9ra\u00f0sd\u00f3mur Reykjav\u00edkur yfir tveimur konum, J\u00f3runni Eddu Helgad\u00f3ttur og Ragnhei\u00f0i Freyju Krist\u00ednard\u00f3ttur. \u00deeim er gefi\u00f0 a\u00f0 s\u00f6k a\u00f0 hafa sta\u00f0i\u00f0 upp \u00ed kyrrst\u00e6\u00f0ri flugv\u00e9l, \u00ed \u00feeim tilgangi a\u00f0 hindra \u00f3l\u00f6glega brottv\u00edsun fl\u00f3ttamanns, sem var einmitt \u00e1 fl\u00f3tta undan Boko Haram, \u00f6fgahreyfingu sem vill koma \u00e1 Isl\u00f6msku r\u00edki \u00ed Afr\u00edku. N\u00fa finn \u00e9g engin l\u00f6g sem banna \u00fea\u00f0 a\u00f0 f\u00f3lk standi upp \u00ed kyrrst\u00e6\u00f0ri flugv\u00e9l en ekki \u00fatiloka \u00e9g a\u00f0 d\u00f3murinn telji m\u00f6gulegt a\u00f0 fella \u00feennan gj\u00f6rning undir eitthvert \u00e1kv\u00e6\u00f0i refislaga. Ver\u00f0i \u00fea\u00f0 ni\u00f0ursta\u00f0an \u00fe\u00e1 gildir \u00fea\u00f0 sama og \u00ed \u00f6llum d\u00f3msm\u00e1lum &#8211; <strong>samhengi skiptir \u00f6llu m\u00e1li<\/strong>. \u00dea\u00f0 eru auglj\u00f3slega r\u00edkari hagsmunir a\u00f0 vera ekki sendur \u00ed kl\u00e6rnar \u00e1 Boko Haram, en hagsmunir flugf\u00e9lags eru af \u00fev\u00ed a\u00f0 hefja flugtak \u00e1 \u00feeirri m\u00edn\u00fatu sem \u00e6tla\u00f0 var.<\/p>\n<p>&nbsp;<\/p>\n<h3>Samhengi\u00f0 skiptir \u00f6llu<\/h3>\n<p>Mannr\u00e9ttindabar\u00e1tta \u00fatheimtir l\u00f6gbrot, sama hva\u00f0a mannr\u00e9ttindi veri\u00f0 er a\u00f0 vernda. \u00dea\u00f0 var kol\u00f3l\u00f6glegt \u00e1 s\u00ednum t\u00edma a\u00f0 berjast gegn fasistum \u00e1 Sp\u00e1ni. \u00dea\u00f0 var l\u00edka \u00f3l\u00f6glegt a\u00f0 for\u00f0a Gy\u00f0ingum, hommum, vottum Jeh\u00f3va og \u00f6\u00f0rum f\u00f3rnarl\u00f6mbum nazismans fr\u00e1 Helf\u00f6rinni. Og f\u00f3lki var refsa\u00f0 fyrir \u00fea\u00f0. Grimmilega. \u00cd dag l\u00edtum vi\u00f0 \u00e1 \u00feetta f\u00f3lk sem hetjur en ekki gl\u00e6pamenn.<\/p>\n<p><a href=\"http:\/\/www.norn.is\/pistlar\/wp-content\/uploads\/sites\/2\/2019\/03\/15d21683477d9e31dd686e9240d26c9e0fcc8b8ff8f052e98e40d16aec4de082_713x0.jpg\"><img loading=\"lazy\" decoding=\"async\" class=\"aligncenter size-full wp-image-13919\" src=\"http:\/\/www.norn.is\/pistlar\/wp-content\/uploads\/sites\/2\/2019\/03\/15d21683477d9e31dd686e9240d26c9e0fcc8b8ff8f052e98e40d16aec4de082_713x0.jpg\" alt=\"\" width=\"713\" height=\"475\" srcset=\"https:\/\/www.norn.is\/pistlar\/wp-content\/uploads\/sites\/2\/2019\/03\/15d21683477d9e31dd686e9240d26c9e0fcc8b8ff8f052e98e40d16aec4de082_713x0.jpg 713w, https:\/\/www.norn.is\/pistlar\/wp-content\/uploads\/sites\/2\/2019\/03\/15d21683477d9e31dd686e9240d26c9e0fcc8b8ff8f052e98e40d16aec4de082_713x0-300x200.jpg 300w, https:\/\/www.norn.is\/pistlar\/wp-content\/uploads\/sites\/2\/2019\/03\/15d21683477d9e31dd686e9240d26c9e0fcc8b8ff8f052e98e40d16aec4de082_713x0-450x300.jpg 450w\" sizes=\"auto, (max-width: 713px) 100vw, 713px\" \/><\/a><\/p>\n<p>&nbsp;<\/p>\n<p>Al\u00fej\u00f3\u00f0asamf\u00e9lagi\u00f0 hefur gj\u00f6rsamlega brug\u00f0ist K\u00fardum og \u00fea\u00f0 er ekki \u00ed fyrsta e\u00f0a anna\u00f0 sinn sem f\u00f3rnarl\u00f6mb \u00fej\u00f3\u00f0armor\u00f0a og gl\u00e6pa gegn mannkyni \u00feurfa a\u00f0 treysta \u00e1 a\u00f0sto\u00f0 sj\u00e1lfbo\u00f0ali\u00f0a \u00e1 eigin vegum. \u00c1 s\u00ed\u00f0ustu \u00e1rum hafa nokkrir r\u00edkisborgarar Vestur-Evr\u00f3pskra r\u00edkja sn\u00fai\u00f0 heim fr\u00e1 S\u00fdrlandi og \u00cdrak eftir \u00fe\u00e1ttt\u00f6ku \u00ed bar\u00e1ttu K\u00farda gegn Islamska r\u00edkinu. \u00deetta f\u00f3lk er l\u00f6gs\u00f3tt og \u00ed nokkrum tilvikum hefur \u00fev\u00ed veri\u00f0 refsa\u00f0. Samhengi\u00f0 skiptir m\u00e1li, li\u00f0smenn Islamska r\u00edkisins hafa \u00feannig fengi\u00f0 mun har\u00f0ari d\u00f3ma en \u00feeir sem st\u00f3\u00f0u gegn \u00feeim. D\u00f3mst\u00f3lar hafa samt sem \u00e1\u00f0ur s\u00fdnt \u00fev\u00ed \u00f3tr\u00falega l\u00edtinn \u00e1huga hversu mikla hagsmuni \u00feetta f\u00f3lk var a\u00f0 verja. Ekki a\u00f0eins hagsmuni K\u00farda, heldur einnig hagsmuni r\u00edkja sinna af \u00fev\u00ed a\u00f0 \u00feurfa ekki a\u00f0 gl\u00edma vi\u00f0 \u00fatbrei\u00f0slu Islamska r\u00edkisins til Evr\u00f3pu og \u00fe\u00e1 hagsmuni a\u00f0 \u00feurfa a\u00f0 taka \u00e1 m\u00f3ti \u00edvi\u00f0 f\u00e6rri fl\u00f3ttam\u00f6nnum en annars hef\u00f0i or\u00f0i\u00f0. Samhengis er a\u00f0eins g\u00e6tt a\u00f0 litlu leyti, en ekki sem skyldi.<\/p>\n<p>D\u00f3mst\u00f3lar eiga a\u00f0 g\u00e6ta samhengis. \u00dea\u00f0 \u00e1 ekki bara vi\u00f0 um \u00fe\u00e1 sem \u00f3tilneyddir h\u00e6tta l\u00edfi s\u00ednu \u00ed str\u00ed\u00f0i heldur einnig um\u00a0 a\u00f0ra a\u00f0ger\u00f0asinna sem gr\u00edpa til \u00f3l\u00f6glegra a\u00f0ger\u00f0a til a\u00f0 verja mannr\u00e9ttindi. \u00dea\u00f0 \u00e1 t.d. vi\u00f0 um m\u00e1l J\u00f3runnar og Freyju. \u00c9g vona a\u00f0 d\u00f3maranum \u00ed m\u00e1li \u00feeirra beri g\u00e6fa til \u00feess a\u00f0 sinna \u00feeirri skyldu sinni a\u00f0 huga a\u00f0 samhenginu og setja mannr\u00e9ttindi ofar hagsmunum flugf\u00e9lagsins.<\/p>\n<p><a href=\"http:\/\/www.norn.is\/pistlar\/wp-content\/uploads\/sites\/2\/2019\/03\/53080077_2195468507158162_1253185325698646016_n.jpg\"><img loading=\"lazy\" decoding=\"async\" class=\"aligncenter size-full wp-image-13920\" src=\"http:\/\/www.norn.is\/pistlar\/wp-content\/uploads\/sites\/2\/2019\/03\/53080077_2195468507158162_1253185325698646016_n.jpg\" alt=\"\" width=\"960\" height=\"540\" srcset=\"https:\/\/www.norn.is\/pistlar\/wp-content\/uploads\/sites\/2\/2019\/03\/53080077_2195468507158162_1253185325698646016_n.jpg 960w, https:\/\/www.norn.is\/pistlar\/wp-content\/uploads\/sites\/2\/2019\/03\/53080077_2195468507158162_1253185325698646016_n-300x169.jpg 300w, https:\/\/www.norn.is\/pistlar\/wp-content\/uploads\/sites\/2\/2019\/03\/53080077_2195468507158162_1253185325698646016_n-768x432.jpg 768w, https:\/\/www.norn.is\/pistlar\/wp-content\/uploads\/sites\/2\/2019\/03\/53080077_2195468507158162_1253185325698646016_n-500x281.jpg 500w\" sizes=\"auto, (max-width: 960px) 100vw, 960px\" \/><\/a><\/p>\n<p>A\u00f0alme\u00f0fer\u00f0 \u00ed samst\u00f6\u00f0um\u00e1l J\u00f3runnar og Freyju er hafin \u00ed H\u00e9ra\u00f0sd\u00f3mi Reykjav\u00edkur. Almenningur hefur r\u00e9tt til a\u00f0 fm\u00e6ta \u00ed r\u00e9ttarsal og fylgjast me\u00f0. \u00dea\u00f0 er l\u00edka ein lei\u00f0 til a\u00f0 s\u00fdna samst\u00f6\u00f0u. \u00cd kv\u00f6ld kl 20 ver\u00f0ur svo stu\u00f0ningsfundur \u00e1 L\u00e6kjartorgi \u00fear sem \u00feess ver\u00f0ur einnig minnst a\u00f0 \u00e1r er s\u00ed\u00f0an fr\u00e9ttirnar af Hauki b\u00e1rust. Kveikt ver\u00f0ur \u00e1 kertum \u00ed minningu \u00feeirra fl\u00f3ttamanna sem hafa l\u00e1tist \u00e1n \u00feess a\u00f0 komast \u00ed \u00f6ruggt skj\u00f3l. \u00c9g hvet alla sem l\u00e1ta sig mann\u00fa\u00f0arm\u00e1l var\u00f0a til a\u00f0 m\u00e6ta. \u00dev\u00ed mann\u00fa\u00f0 er mikilv\u00e6gari en nokkur lagab\u00f3kstafur og samsta\u00f0a er ekki gl\u00e6pur.<\/p>\n","protected":false},"excerpt":{"rendered":"<p>Myndin er af Wikimedia Commons. H\u00fan s\u00fdnir \u00edb\u00fa\u00f0ahverfi \u00ed Raqqa eftir framg\u00f6ngu Islamska r\u00edkisins. &nbsp; Ma\u00f0ur a\u00f0 nafni Ragnar birti \u00ed dag svohlj\u00f3\u00f0andi spurningu \u00e1 opnum vegg \u00e1 Facebook:<\/p>\n","protected":false},"author":7,"featured_media":0,"comment_status":"closed","ping_status":"closed","sticky":false,"template":"","format":"standard","meta":{"footnotes":"","_links_to":"","_links_to_target":""},"categories":[11,1],"tags":[],"class_list":["post-13913","post","type-post","status-publish","format-standard","hentry","category-mannrettindi","category-pistlar"],"yoast_head":"<!-- This site is optimized with the Yoast SEO plugin v27.5 - https:\/\/yoast.com\/product\/yoast-seo-wordpress\/ -->\n<title>Er refsivert a\u00f0 fara \u00ed str\u00ed\u00f0 \u00e1 eigin vegum? (Svar vi\u00f0 spurningu Ragnars \u00d6nundarsonar) - Pistlar Evu<\/title>\n<meta name=\"robots\" content=\"index, follow, max-snippet:-1, max-image-preview:large, max-video-preview:-1\" \/>\n<link rel=\"canonical\" href=\"https:\/\/www.norn.is\/pistlar\/er-refsivert-ad-fara-i-strid-a-eigin-vegum-svar-vid-spurningu-ragnars-onundarsonar\/\" \/>\n<meta property=\"og:locale\" content=\"is_IS\" \/>\n<meta property=\"og:type\" content=\"article\" \/>\n<meta property=\"og:title\" content=\"Er refsivert a\u00f0 fara \u00ed str\u00ed\u00f0 \u00e1 eigin vegum? (Svar vi\u00f0 spurningu Ragnars \u00d6nundarsonar) - Pistlar Evu\" \/>\n<meta property=\"og:description\" content=\"Myndin er af Wikimedia Commons. H\u00fan s\u00fdnir \u00edb\u00fa\u00f0ahverfi \u00ed Raqqa eftir framg\u00f6ngu Islamska r\u00edkisins. &nbsp; Ma\u00f0ur a\u00f0 nafni Ragnar birti \u00ed dag svohlj\u00f3\u00f0andi spurningu \u00e1 opnum vegg \u00e1 Facebook:\" \/>\n<meta property=\"og:url\" content=\"https:\/\/www.norn.is\/pistlar\/er-refsivert-ad-fara-i-strid-a-eigin-vegum-svar-vid-spurningu-ragnars-onundarsonar\/\" \/>\n<meta property=\"og:site_name\" content=\"Pistlar Evu\" \/>\n<meta property=\"article:published_time\" content=\"2019-03-06T11:08:25+00:00\" \/>\n<meta property=\"article:modified_time\" content=\"2019-04-07T11:18:44+00:00\" \/>\n<meta property=\"og:image\" content=\"https:\/\/www.norn.is\/pistlar\/wp-content\/uploads\/sites\/2\/2019\/04\/1199px-destroyed_neighborhood_in_raqqa-688x451.png\" \/>\n\t<meta property=\"og:image:width\" content=\"688\" \/>\n\t<meta property=\"og:image:height\" content=\"451\" \/>\n\t<meta property=\"og:image:type\" content=\"image\/png\" \/>\n<meta name=\"author\" content=\"Eva Hauksd\u00f3ttir\" \/>\n<meta name=\"twitter:card\" content=\"summary_large_image\" \/>\n<meta name=\"twitter:image\" content=\"https:\/\/www.norn.is\/pistlar\/wp-content\/uploads\/sites\/2\/2019\/04\/1199px-destroyed_neighborhood_in_raqqa-688x451.png\" \/>\n<meta name=\"twitter:label1\" content=\"Written by\" \/>\n\t<meta name=\"twitter:data1\" content=\"\" \/>\n\t<meta name=\"twitter:label2\" content=\"Est. reading time\" \/>\n\t<meta name=\"twitter:data2\" content=\"6 minutes\" \/>\n<script type=\"application\/ld+json\" class=\"yoast-schema-graph\">{\"@context\":\"https:\\\/\\\/schema.org\",\"@graph\":[{\"@type\":\"Article\",\"@id\":\"https:\\\/\\\/www.norn.is\\\/pistlar\\\/er-refsivert-ad-fara-i-strid-a-eigin-vegum-svar-vid-spurningu-ragnars-onundarsonar\\\/#article\",\"isPartOf\":{\"@id\":\"https:\\\/\\\/www.norn.is\\\/pistlar\\\/er-refsivert-ad-fara-i-strid-a-eigin-vegum-svar-vid-spurningu-ragnars-onundarsonar\\\/\"},\"author\":{\"name\":\"Eva Hauksd\u00f3ttir\",\"@id\":\"https:\\\/\\\/www.norn.is\\\/pistlar\\\/#\\\/schema\\\/person\\\/1d9742389918a297671033a2b53d3d34\"},\"headline\":\"Er refsivert a\u00f0 fara \u00ed str\u00ed\u00f0 \u00e1 eigin vegum? (Svar vi\u00f0 spurningu Ragnars \u00d6nundarsonar)\",\"datePublished\":\"2019-03-06T11:08:25+00:00\",\"dateModified\":\"2019-04-07T11:18:44+00:00\",\"mainEntityOfPage\":{\"@id\":\"https:\\\/\\\/www.norn.is\\\/pistlar\\\/er-refsivert-ad-fara-i-strid-a-eigin-vegum-svar-vid-spurningu-ragnars-onundarsonar\\\/\"},\"wordCount\":1308,\"image\":{\"@id\":\"https:\\\/\\\/www.norn.is\\\/pistlar\\\/er-refsivert-ad-fara-i-strid-a-eigin-vegum-svar-vid-spurningu-ragnars-onundarsonar\\\/#primaryimage\"},\"thumbnailUrl\":\"http:\\\/\\\/www.norn.is\\\/pistlar\\\/wp-content\\\/uploads\\\/sites\\\/2\\\/2019\\\/04\\\/1199px-destroyed_neighborhood_in_raqqa-688x451.png\",\"articleSection\":[\"Mannr\u00e9ttinda og fri\u00f0arm\u00e1l\",\"Pistlar um samf\u00e9lagsm\u00e1l\"],\"inLanguage\":\"is\"},{\"@type\":\"WebPage\",\"@id\":\"https:\\\/\\\/www.norn.is\\\/pistlar\\\/er-refsivert-ad-fara-i-strid-a-eigin-vegum-svar-vid-spurningu-ragnars-onundarsonar\\\/\",\"url\":\"https:\\\/\\\/www.norn.is\\\/pistlar\\\/er-refsivert-ad-fara-i-strid-a-eigin-vegum-svar-vid-spurningu-ragnars-onundarsonar\\\/\",\"name\":\"Er refsivert a\u00f0 fara \u00ed str\u00ed\u00f0 \u00e1 eigin vegum? (Svar vi\u00f0 spurningu Ragnars \u00d6nundarsonar) - Pistlar Evu\",\"isPartOf\":{\"@id\":\"https:\\\/\\\/www.norn.is\\\/pistlar\\\/#website\"},\"primaryImageOfPage\":{\"@id\":\"https:\\\/\\\/www.norn.is\\\/pistlar\\\/er-refsivert-ad-fara-i-strid-a-eigin-vegum-svar-vid-spurningu-ragnars-onundarsonar\\\/#primaryimage\"},\"image\":{\"@id\":\"https:\\\/\\\/www.norn.is\\\/pistlar\\\/er-refsivert-ad-fara-i-strid-a-eigin-vegum-svar-vid-spurningu-ragnars-onundarsonar\\\/#primaryimage\"},\"thumbnailUrl\":\"http:\\\/\\\/www.norn.is\\\/pistlar\\\/wp-content\\\/uploads\\\/sites\\\/2\\\/2019\\\/04\\\/1199px-destroyed_neighborhood_in_raqqa-688x451.png\",\"datePublished\":\"2019-03-06T11:08:25+00:00\",\"dateModified\":\"2019-04-07T11:18:44+00:00\",\"author\":{\"@id\":\"https:\\\/\\\/www.norn.is\\\/pistlar\\\/#\\\/schema\\\/person\\\/1d9742389918a297671033a2b53d3d34\"},\"breadcrumb\":{\"@id\":\"https:\\\/\\\/www.norn.is\\\/pistlar\\\/er-refsivert-ad-fara-i-strid-a-eigin-vegum-svar-vid-spurningu-ragnars-onundarsonar\\\/#breadcrumb\"},\"inLanguage\":\"is\",\"potentialAction\":[{\"@type\":\"ReadAction\",\"target\":[\"https:\\\/\\\/www.norn.is\\\/pistlar\\\/er-refsivert-ad-fara-i-strid-a-eigin-vegum-svar-vid-spurningu-ragnars-onundarsonar\\\/\"]}]},{\"@type\":\"ImageObject\",\"inLanguage\":\"is\",\"@id\":\"https:\\\/\\\/www.norn.is\\\/pistlar\\\/er-refsivert-ad-fara-i-strid-a-eigin-vegum-svar-vid-spurningu-ragnars-onundarsonar\\\/#primaryimage\",\"url\":\"http:\\\/\\\/www.norn.is\\\/pistlar\\\/wp-content\\\/uploads\\\/sites\\\/2\\\/2019\\\/04\\\/1199px-destroyed_neighborhood_in_raqqa-688x451.png\",\"contentUrl\":\"http:\\\/\\\/www.norn.is\\\/pistlar\\\/wp-content\\\/uploads\\\/sites\\\/2\\\/2019\\\/04\\\/1199px-destroyed_neighborhood_in_raqqa-688x451.png\"},{\"@type\":\"BreadcrumbList\",\"@id\":\"https:\\\/\\\/www.norn.is\\\/pistlar\\\/er-refsivert-ad-fara-i-strid-a-eigin-vegum-svar-vid-spurningu-ragnars-onundarsonar\\\/#breadcrumb\",\"itemListElement\":[{\"@type\":\"ListItem\",\"position\":1,\"name\":\"Home\",\"item\":\"https:\\\/\\\/www.norn.is\\\/pistlar\\\/\"},{\"@type\":\"ListItem\",\"position\":2,\"name\":\"Er refsivert a\u00f0 fara \u00ed str\u00ed\u00f0 \u00e1 eigin vegum? (Svar vi\u00f0 spurningu Ragnars \u00d6nundarsonar)\"}]},{\"@type\":\"WebSite\",\"@id\":\"https:\\\/\\\/www.norn.is\\\/pistlar\\\/#website\",\"url\":\"https:\\\/\\\/www.norn.is\\\/pistlar\\\/\",\"name\":\"Pistlar Evu\",\"description\":\"\",\"potentialAction\":[{\"@type\":\"SearchAction\",\"target\":{\"@type\":\"EntryPoint\",\"urlTemplate\":\"https:\\\/\\\/www.norn.is\\\/pistlar\\\/?s={search_term_string}\"},\"query-input\":{\"@type\":\"PropertyValueSpecification\",\"valueRequired\":true,\"valueName\":\"search_term_string\"}}],\"inLanguage\":\"is\"},{\"@type\":\"Person\",\"@id\":\"https:\\\/\\\/www.norn.is\\\/pistlar\\\/#\\\/schema\\\/person\\\/1d9742389918a297671033a2b53d3d34\",\"name\":\"Eva Hauksd\u00f3ttir\",\"url\":\"https:\\\/\\\/www.norn.is\\\/pistlar\\\/author\\\/evahauks\\\/\"}]}<\/script>\n<!-- \/ Yoast SEO plugin. -->","yoast_head_json":{"title":"Er refsivert a\u00f0 fara \u00ed str\u00ed\u00f0 \u00e1 eigin vegum? (Svar vi\u00f0 spurningu Ragnars \u00d6nundarsonar) - Pistlar Evu","robots":{"index":"index","follow":"follow","max-snippet":"max-snippet:-1","max-image-preview":"max-image-preview:large","max-video-preview":"max-video-preview:-1"},"canonical":"https:\/\/www.norn.is\/pistlar\/er-refsivert-ad-fara-i-strid-a-eigin-vegum-svar-vid-spurningu-ragnars-onundarsonar\/","og_locale":"is_IS","og_type":"article","og_title":"Er refsivert a\u00f0 fara \u00ed str\u00ed\u00f0 \u00e1 eigin vegum? (Svar vi\u00f0 spurningu Ragnars \u00d6nundarsonar) - Pistlar Evu","og_description":"Myndin er af Wikimedia Commons. H\u00fan s\u00fdnir \u00edb\u00fa\u00f0ahverfi \u00ed Raqqa eftir framg\u00f6ngu Islamska r\u00edkisins. &nbsp; Ma\u00f0ur a\u00f0 nafni Ragnar birti \u00ed dag svohlj\u00f3\u00f0andi spurningu \u00e1 opnum vegg \u00e1 Facebook:","og_url":"https:\/\/www.norn.is\/pistlar\/er-refsivert-ad-fara-i-strid-a-eigin-vegum-svar-vid-spurningu-ragnars-onundarsonar\/","og_site_name":"Pistlar Evu","article_published_time":"2019-03-06T11:08:25+00:00","article_modified_time":"2019-04-07T11:18:44+00:00","og_image":[{"width":688,"height":451,"url":"https:\/\/www.norn.is\/pistlar\/wp-content\/uploads\/sites\/2\/2019\/04\/1199px-destroyed_neighborhood_in_raqqa-688x451.png","type":"image\/png"}],"author":"Eva Hauksd\u00f3ttir","twitter_card":"summary_large_image","twitter_image":"https:\/\/www.norn.is\/pistlar\/wp-content\/uploads\/sites\/2\/2019\/04\/1199px-destroyed_neighborhood_in_raqqa-688x451.png","twitter_misc":{"Written by":false,"Est. reading time":"6 minutes"},"schema":{"@context":"https:\/\/schema.org","@graph":[{"@type":"Article","@id":"https:\/\/www.norn.is\/pistlar\/er-refsivert-ad-fara-i-strid-a-eigin-vegum-svar-vid-spurningu-ragnars-onundarsonar\/#article","isPartOf":{"@id":"https:\/\/www.norn.is\/pistlar\/er-refsivert-ad-fara-i-strid-a-eigin-vegum-svar-vid-spurningu-ragnars-onundarsonar\/"},"author":{"name":"Eva Hauksd\u00f3ttir","@id":"https:\/\/www.norn.is\/pistlar\/#\/schema\/person\/1d9742389918a297671033a2b53d3d34"},"headline":"Er refsivert a\u00f0 fara \u00ed str\u00ed\u00f0 \u00e1 eigin vegum? (Svar vi\u00f0 spurningu Ragnars \u00d6nundarsonar)","datePublished":"2019-03-06T11:08:25+00:00","dateModified":"2019-04-07T11:18:44+00:00","mainEntityOfPage":{"@id":"https:\/\/www.norn.is\/pistlar\/er-refsivert-ad-fara-i-strid-a-eigin-vegum-svar-vid-spurningu-ragnars-onundarsonar\/"},"wordCount":1308,"image":{"@id":"https:\/\/www.norn.is\/pistlar\/er-refsivert-ad-fara-i-strid-a-eigin-vegum-svar-vid-spurningu-ragnars-onundarsonar\/#primaryimage"},"thumbnailUrl":"http:\/\/www.norn.is\/pistlar\/wp-content\/uploads\/sites\/2\/2019\/04\/1199px-destroyed_neighborhood_in_raqqa-688x451.png","articleSection":["Mannr\u00e9ttinda og fri\u00f0arm\u00e1l","Pistlar um samf\u00e9lagsm\u00e1l"],"inLanguage":"is"},{"@type":"WebPage","@id":"https:\/\/www.norn.is\/pistlar\/er-refsivert-ad-fara-i-strid-a-eigin-vegum-svar-vid-spurningu-ragnars-onundarsonar\/","url":"https:\/\/www.norn.is\/pistlar\/er-refsivert-ad-fara-i-strid-a-eigin-vegum-svar-vid-spurningu-ragnars-onundarsonar\/","name":"Er refsivert a\u00f0 fara \u00ed str\u00ed\u00f0 \u00e1 eigin vegum? (Svar vi\u00f0 spurningu Ragnars \u00d6nundarsonar) - Pistlar Evu","isPartOf":{"@id":"https:\/\/www.norn.is\/pistlar\/#website"},"primaryImageOfPage":{"@id":"https:\/\/www.norn.is\/pistlar\/er-refsivert-ad-fara-i-strid-a-eigin-vegum-svar-vid-spurningu-ragnars-onundarsonar\/#primaryimage"},"image":{"@id":"https:\/\/www.norn.is\/pistlar\/er-refsivert-ad-fara-i-strid-a-eigin-vegum-svar-vid-spurningu-ragnars-onundarsonar\/#primaryimage"},"thumbnailUrl":"http:\/\/www.norn.is\/pistlar\/wp-content\/uploads\/sites\/2\/2019\/04\/1199px-destroyed_neighborhood_in_raqqa-688x451.png","datePublished":"2019-03-06T11:08:25+00:00","dateModified":"2019-04-07T11:18:44+00:00","author":{"@id":"https:\/\/www.norn.is\/pistlar\/#\/schema\/person\/1d9742389918a297671033a2b53d3d34"},"breadcrumb":{"@id":"https:\/\/www.norn.is\/pistlar\/er-refsivert-ad-fara-i-strid-a-eigin-vegum-svar-vid-spurningu-ragnars-onundarsonar\/#breadcrumb"},"inLanguage":"is","potentialAction":[{"@type":"ReadAction","target":["https:\/\/www.norn.is\/pistlar\/er-refsivert-ad-fara-i-strid-a-eigin-vegum-svar-vid-spurningu-ragnars-onundarsonar\/"]}]},{"@type":"ImageObject","inLanguage":"is","@id":"https:\/\/www.norn.is\/pistlar\/er-refsivert-ad-fara-i-strid-a-eigin-vegum-svar-vid-spurningu-ragnars-onundarsonar\/#primaryimage","url":"http:\/\/www.norn.is\/pistlar\/wp-content\/uploads\/sites\/2\/2019\/04\/1199px-destroyed_neighborhood_in_raqqa-688x451.png","contentUrl":"http:\/\/www.norn.is\/pistlar\/wp-content\/uploads\/sites\/2\/2019\/04\/1199px-destroyed_neighborhood_in_raqqa-688x451.png"},{"@type":"BreadcrumbList","@id":"https:\/\/www.norn.is\/pistlar\/er-refsivert-ad-fara-i-strid-a-eigin-vegum-svar-vid-spurningu-ragnars-onundarsonar\/#breadcrumb","itemListElement":[{"@type":"ListItem","position":1,"name":"Home","item":"https:\/\/www.norn.is\/pistlar\/"},{"@type":"ListItem","position":2,"name":"Er refsivert a\u00f0 fara \u00ed str\u00ed\u00f0 \u00e1 eigin vegum? (Svar vi\u00f0 spurningu Ragnars \u00d6nundarsonar)"}]},{"@type":"WebSite","@id":"https:\/\/www.norn.is\/pistlar\/#website","url":"https:\/\/www.norn.is\/pistlar\/","name":"Pistlar Evu","description":"","potentialAction":[{"@type":"SearchAction","target":{"@type":"EntryPoint","urlTemplate":"https:\/\/www.norn.is\/pistlar\/?s={search_term_string}"},"query-input":{"@type":"PropertyValueSpecification","valueRequired":true,"valueName":"search_term_string"}}],"inLanguage":"is"},{"@type":"Person","@id":"https:\/\/www.norn.is\/pistlar\/#\/schema\/person\/1d9742389918a297671033a2b53d3d34","name":"Eva Hauksd\u00f3ttir","url":"https:\/\/www.norn.is\/pistlar\/author\/evahauks\/"}]}},"_links":{"self":[{"href":"https:\/\/www.norn.is\/pistlar\/wp-json\/wp\/v2\/posts\/13913","targetHints":{"allow":["GET"]}}],"collection":[{"href":"https:\/\/www.norn.is\/pistlar\/wp-json\/wp\/v2\/posts"}],"about":[{"href":"https:\/\/www.norn.is\/pistlar\/wp-json\/wp\/v2\/types\/post"}],"author":[{"embeddable":true,"href":"https:\/\/www.norn.is\/pistlar\/wp-json\/wp\/v2\/users\/7"}],"replies":[{"embeddable":true,"href":"https:\/\/www.norn.is\/pistlar\/wp-json\/wp\/v2\/comments?post=13913"}],"version-history":[{"count":3,"href":"https:\/\/www.norn.is\/pistlar\/wp-json\/wp\/v2\/posts\/13913\/revisions"}],"predecessor-version":[{"id":13921,"href":"https:\/\/www.norn.is\/pistlar\/wp-json\/wp\/v2\/posts\/13913\/revisions\/13921"}],"wp:attachment":[{"href":"https:\/\/www.norn.is\/pistlar\/wp-json\/wp\/v2\/media?parent=13913"}],"wp:term":[{"taxonomy":"category","embeddable":true,"href":"https:\/\/www.norn.is\/pistlar\/wp-json\/wp\/v2\/categories?post=13913"},{"taxonomy":"post_tag","embeddable":true,"href":"https:\/\/www.norn.is\/pistlar\/wp-json\/wp\/v2\/tags?post=13913"}],"curies":[{"name":"wp","href":"https:\/\/api.w.org\/{rel}","templated":true}]}}