{"id":13717,"date":"2018-05-31T18:01:57","date_gmt":"2018-05-31T18:01:57","guid":{"rendered":"http:\/\/www.norn.is\/pistlar\/?p=13717"},"modified":"2018-09-23T15:47:10","modified_gmt":"2018-09-23T15:47:10","slug":"annad-lik-svivirt","status":"publish","type":"post","link":"https:\/\/www.norn.is\/pistlar\/annad-lik-svivirt\/","title":{"rendered":"Anna\u00f0 l\u00edk sv\u00edvirt"},"content":{"rendered":"<p><a href=\"http:\/\/www.norn.is\/wp-content\/uploads\/2018\/05\/f9d0eaf57a5a2a1b51c50161eb79430c.jpg\"><img loading=\"lazy\" decoding=\"async\" class=\"aligncenter size-full wp-image-2339\" src=\"http:\/\/www.norn.is\/wp-content\/uploads\/2018\/05\/f9d0eaf57a5a2a1b51c50161eb79430c.jpg\" alt=\"\" width=\"730\" height=\"425\" \/><\/a><\/p>\n<p style=\"text-align: center;\"><em>Ahmad M. Hanan<\/em><\/p>\n<p>Ekki hefur <a href=\"http:\/\/www.norn.is\/blog\/hversvegna-ma-ekki-spyrja-hvad-vard-um-likin\/\">myndskei\u00f0i\u00f0 af limlestingunum \u00e1 l\u00edki Barin Kobani<\/a>\u00a0haft \u00feau \u00e1hrif a\u00f0 yfirvaldinu finnist \u00e1st\u00e6\u00f0a til a\u00f0 spyrja Tyrki hva\u00f0 \u00feeir hafi gert vi\u00f0 l\u00edkamsleifar sonar m\u00edns. \u00cd dag rakst \u00e9g \u00e1 anna\u00f0 d\u00e6mi fr\u00e1 febr\u00faar um me\u00f0fer\u00f0 FSA \u00ed Afr\u00edn \u00e1 l\u00edkum andst\u00e6\u00f0inga hersveita Tyrkja. H\u00e9r er \u00fea\u00f0 l\u00edk karlmanns \u00far r\u00f6\u00f0um YPG, Ahmads M. Hanan, sem er sv\u00edvirt. Hann var Yazidi ma\u00f0ur. Sameinu\u00f0u \u00fej\u00f3\u00f0irnar flokka ofs\u00f3knir Islamska r\u00edkisins gagnvart Yazidi f\u00f3lkinu sem \u00fej\u00f3\u00f0armor\u00f0.<!--more--><\/p>\n<p>https:\/\/twitter.com\/Mirovekibeerd\/status\/961730055394267136<\/p>\n<p>Myndskei\u00f0i\u00f0 var birt 8. febr\u00faar. ISIS og FSA-li\u00f0ar h\u00e9ldu \u00fe\u00e1 sv\u00e6\u00f0inu \u00ed umbo\u00f0i Tyrkja. \u00deegar Tyrkir komu svo og hert\u00f3ku borgina \u00feann 18. mars gengu \u00feessir undirs\u00e1tar \u00feeirra um me\u00f0 g\u00f6tur Afr\u00edn me\u00f0 sve\u00f0jur og hjuggu andspyrnumenn ni\u00f0ur \u00ed vi\u00f0urvist almennra vegfarenda, \u00fe.\u00e1.m. barna. \u00c9g s\u00e1 myndskei\u00f0 \u00e1 netinu en \u00fea\u00f0 hefur n\u00fa veri\u00f0 fjarl\u00e6gt.<\/p>\n<p>\u00c1\u00f0ur en \u00fea\u00f0 var fjarl\u00e6gt gekk Darri sonur minn \u00e1 fund h\u00e1ttsetts, \u00edslensks emb\u00e6ttismanns, s\u00fdndi myndskei\u00f0i\u00f0 og spur\u00f0i hvort st\u00e6\u00f0i ekki til a\u00f0 ford\u00e6ma \u00feessa innr\u00e1s. Hann f\u00e9kk \u00fea\u00f0 svar a\u00f0 \u00fea\u00f0 myndi ekki hafa neitt a\u00f0 segja \u00fe\u00f3tt \u00cdsland ford\u00e6mdi mannr\u00e9ttindabrot og str\u00ed\u00f0sgl\u00e6pi. Og nei, \u00fea\u00f0 v\u00e6ri heldur ekki \u00ed b\u00edger\u00f0 a\u00f0 gera \u00fea\u00f0 af prinsipp-\u00e1st\u00e6\u00f0um \u00fev\u00ed v\u00e6ri n\u00fa svo mikil illska \u00ed heiminum a\u00f0 ef menn \u00e6tlu\u00f0u a\u00f0 byrja \u00e1 \u00fev\u00ed a\u00f0 ford\u00e6ma grimmdarverk, hvar \u00e6tti \u00fe\u00e1 a\u00f0 stoppa?<\/p>\n<p>\u00cdslenskir r\u00e1\u00f0amenn t\u00f6ldu s\u00e9r ekki koma \u00fea\u00f0 vi\u00f0 \u00fe\u00f3tt veri\u00f0 v\u00e6ri a\u00f0 h\u00f6ggva f\u00f3lk \u00ed her\u00f0ar ni\u00f0ur og flest \u00f6nnur Evr\u00f3pur\u00edki s\u00f6g\u00f0u heldur ekki m\u00fakk. N\u00fa gegna jihadistar l\u00f6gg\u00e6slust\u00f6rfum \u00ed Afr\u00edn. H\u00fasb\u00e6ndur \u00feeirra eru helstu r\u00e1\u00f0gjafar \u00edsl stj\u00f3rnvalda \u00ed m\u00e1li Hauks sonar m\u00edns, sem a\u00f0 \u00f6llum l\u00edkindum liggur enn rotnandi \u00e1 v\u00ed\u00f0avangi \u00ed 1-2ja km fjarl\u00e6g\u00f0 fr\u00e1 \u00fe\u00e9ttb\u00fdli.<\/p>\n<blockquote class=\"twitter-tweet\" data-width=\"550\" data-dnt=\"true\">\n<p lang=\"en\" dir=\"ltr\">The newly established Turkish police in the occupied city of <a href=\"https:\/\/twitter.com\/hashtag\/Afrin?src=hash&amp;ref_src=twsrc%5Etfw\">#Afrin<\/a> consists of former al-Qaeda jihadists and Salafists who shout &quot;Allahu Akbar&quot; and &quot;Takbir&quot; at the inauguration ceremony. Turkey is building a stronghold for Islamic extremism in northern Syria. <a href=\"https:\/\/t.co\/rCTtUk5yaH\">pic.twitter.com\/rCTtUk5yaH<\/a><\/p>\n<p>&mdash; AKP Watch (@AKP_Watch) <a href=\"https:\/\/twitter.com\/AKP_Watch\/status\/996662343798067200?ref_src=twsrc%5Etfw\">May 16, 2018<\/a><\/p><\/blockquote>\n<p><script async src=\"https:\/\/platform.twitter.com\/widgets.js\" charset=\"utf-8\"><\/script><\/p>\n<p>&nbsp;<\/p>\n","protected":false},"excerpt":{"rendered":"<p>Ahmad M. Hanan Ekki hefur myndskei\u00f0i\u00f0 af limlestingunum \u00e1 l\u00edki Barin Kobani\u00a0haft \u00feau \u00e1hrif a\u00f0 yfirvaldinu finnist \u00e1st\u00e6\u00f0a til a\u00f0 spyrja Tyrki hva\u00f0 \u00feeir hafi gert vi\u00f0 l\u00edkamsleifar sonar m\u00edns. \u00cd dag rakst \u00e9g \u00e1 anna\u00f0 d\u00e6mi fr\u00e1 febr\u00faar um &hellip; <a href=\"https:\/\/www.norn.is\/pistlar\/annad-lik-svivirt\/\">Halda \u00e1fram a\u00f0 lesa <span class=\"meta-nav\">&rarr;<\/span><\/a><\/p>\n","protected":false},"author":2,"featured_media":0,"comment_status":"closed","ping_status":"closed","sticky":false,"template":"","format":"standard","meta":{"footnotes":"","_links_to":"","_links_to_target":""},"categories":[11,1],"tags":[1029,1037,1042],"class_list":["post-13717","post","type-post","status-publish","format-standard","hentry","category-mannrettindi","category-pistlar","tag-afrin","tag-heilagt-strid","tag-stridsglaepir"],"yoast_head":"<!-- This site is optimized with the Yoast SEO plugin v27.5 - https:\/\/yoast.com\/product\/yoast-seo-wordpress\/ -->\n<title>Anna\u00f0 l\u00edk sv\u00edvirt - Pistlar Evu<\/title>\n<meta name=\"description\" content=\"H\u00e9r er \u00fea\u00f0 l\u00edk karlmanns \u00far r\u00f6\u00f0um YPG, Ahmads M. Hanan, sem er sv\u00edvirt. Hann var Yazidi ma\u00f0ur. Sameinu\u00f0u \u00fej\u00f3\u00f0irnar flokka ofs\u00f3knir Islamska r\u00edkisins gagnvart Yazidi f\u00f3lkinu sem \u00fej\u00f3\u00f0armor\u00f0.\" \/>\n<meta name=\"robots\" content=\"index, follow, max-snippet:-1, max-image-preview:large, max-video-preview:-1\" \/>\n<link rel=\"canonical\" href=\"https:\/\/www.norn.is\/pistlar\/annad-lik-svivirt\/\" \/>\n<meta property=\"og:locale\" content=\"is_IS\" \/>\n<meta property=\"og:type\" content=\"article\" \/>\n<meta property=\"og:title\" content=\"Anna\u00f0 l\u00edk sv\u00edvirt - Pistlar Evu\" \/>\n<meta property=\"og:description\" content=\"H\u00e9r er \u00fea\u00f0 l\u00edk karlmanns \u00far r\u00f6\u00f0um YPG, Ahmads M. Hanan, sem er sv\u00edvirt. Hann var Yazidi ma\u00f0ur. Sameinu\u00f0u \u00fej\u00f3\u00f0irnar flokka ofs\u00f3knir Islamska r\u00edkisins gagnvart Yazidi f\u00f3lkinu sem \u00fej\u00f3\u00f0armor\u00f0.\" \/>\n<meta property=\"og:url\" content=\"https:\/\/www.norn.is\/pistlar\/annad-lik-svivirt\/\" \/>\n<meta property=\"og:site_name\" content=\"Pistlar Evu\" \/>\n<meta property=\"article:published_time\" content=\"2018-05-31T18:01:57+00:00\" \/>\n<meta property=\"article:modified_time\" content=\"2018-09-23T15:47:10+00:00\" \/>\n<meta property=\"og:image\" content=\"http:\/\/www.norn.is\/wp-content\/uploads\/2018\/05\/f9d0eaf57a5a2a1b51c50161eb79430c.jpg\" \/>\n<meta name=\"author\" content=\"Eva Hauksd\u00f3ttir\" \/>\n<meta name=\"twitter:card\" content=\"summary_large_image\" \/>\n<meta name=\"twitter:label1\" content=\"Written by\" \/>\n\t<meta name=\"twitter:data1\" content=\"\" \/>\n\t<meta name=\"twitter:label2\" content=\"Est. reading time\" \/>\n\t<meta name=\"twitter:data2\" content=\"2 minutes\" \/>\n<script type=\"application\/ld+json\" class=\"yoast-schema-graph\">{\"@context\":\"https:\\\/\\\/schema.org\",\"@graph\":[{\"@type\":\"Article\",\"@id\":\"https:\\\/\\\/www.norn.is\\\/pistlar\\\/annad-lik-svivirt\\\/#article\",\"isPartOf\":{\"@id\":\"https:\\\/\\\/www.norn.is\\\/pistlar\\\/annad-lik-svivirt\\\/\"},\"author\":{\"name\":\"Eva Hauksd\u00f3ttir\",\"@id\":\"https:\\\/\\\/www.norn.is\\\/pistlar\\\/#\\\/schema\\\/person\\\/2eb0fcae9e1ecc61987f7ed9c878531c\"},\"headline\":\"Anna\u00f0 l\u00edk sv\u00edvirt\",\"datePublished\":\"2018-05-31T18:01:57+00:00\",\"dateModified\":\"2018-09-23T15:47:10+00:00\",\"mainEntityOfPage\":{\"@id\":\"https:\\\/\\\/www.norn.is\\\/pistlar\\\/annad-lik-svivirt\\\/\"},\"wordCount\":354,\"image\":{\"@id\":\"https:\\\/\\\/www.norn.is\\\/pistlar\\\/annad-lik-svivirt\\\/#primaryimage\"},\"thumbnailUrl\":\"http:\\\/\\\/www.norn.is\\\/wp-content\\\/uploads\\\/2018\\\/05\\\/f9d0eaf57a5a2a1b51c50161eb79430c.jpg\",\"keywords\":[\"Afrin\",\"Heilagt str\u00ed\u00f0\",\"Str\u00ed\u00f0sgl\u00e6pir\"],\"articleSection\":[\"Mannr\u00e9ttinda og fri\u00f0arm\u00e1l\",\"Pistlar um samf\u00e9lagsm\u00e1l\"],\"inLanguage\":\"is\"},{\"@type\":\"WebPage\",\"@id\":\"https:\\\/\\\/www.norn.is\\\/pistlar\\\/annad-lik-svivirt\\\/\",\"url\":\"https:\\\/\\\/www.norn.is\\\/pistlar\\\/annad-lik-svivirt\\\/\",\"name\":\"Anna\u00f0 l\u00edk sv\u00edvirt - Pistlar Evu\",\"isPartOf\":{\"@id\":\"https:\\\/\\\/www.norn.is\\\/pistlar\\\/#website\"},\"primaryImageOfPage\":{\"@id\":\"https:\\\/\\\/www.norn.is\\\/pistlar\\\/annad-lik-svivirt\\\/#primaryimage\"},\"image\":{\"@id\":\"https:\\\/\\\/www.norn.is\\\/pistlar\\\/annad-lik-svivirt\\\/#primaryimage\"},\"thumbnailUrl\":\"http:\\\/\\\/www.norn.is\\\/wp-content\\\/uploads\\\/2018\\\/05\\\/f9d0eaf57a5a2a1b51c50161eb79430c.jpg\",\"datePublished\":\"2018-05-31T18:01:57+00:00\",\"dateModified\":\"2018-09-23T15:47:10+00:00\",\"author\":{\"@id\":\"https:\\\/\\\/www.norn.is\\\/pistlar\\\/#\\\/schema\\\/person\\\/2eb0fcae9e1ecc61987f7ed9c878531c\"},\"description\":\"H\u00e9r er \u00fea\u00f0 l\u00edk karlmanns \u00far r\u00f6\u00f0um YPG, Ahmads M. Hanan, sem er sv\u00edvirt. Hann var Yazidi ma\u00f0ur. Sameinu\u00f0u \u00fej\u00f3\u00f0irnar flokka ofs\u00f3knir Islamska r\u00edkisins gagnvart Yazidi f\u00f3lkinu sem \u00fej\u00f3\u00f0armor\u00f0.\",\"breadcrumb\":{\"@id\":\"https:\\\/\\\/www.norn.is\\\/pistlar\\\/annad-lik-svivirt\\\/#breadcrumb\"},\"inLanguage\":\"is\",\"potentialAction\":[{\"@type\":\"ReadAction\",\"target\":[\"https:\\\/\\\/www.norn.is\\\/pistlar\\\/annad-lik-svivirt\\\/\"]}]},{\"@type\":\"ImageObject\",\"inLanguage\":\"is\",\"@id\":\"https:\\\/\\\/www.norn.is\\\/pistlar\\\/annad-lik-svivirt\\\/#primaryimage\",\"url\":\"http:\\\/\\\/www.norn.is\\\/wp-content\\\/uploads\\\/2018\\\/05\\\/f9d0eaf57a5a2a1b51c50161eb79430c.jpg\",\"contentUrl\":\"http:\\\/\\\/www.norn.is\\\/wp-content\\\/uploads\\\/2018\\\/05\\\/f9d0eaf57a5a2a1b51c50161eb79430c.jpg\"},{\"@type\":\"BreadcrumbList\",\"@id\":\"https:\\\/\\\/www.norn.is\\\/pistlar\\\/annad-lik-svivirt\\\/#breadcrumb\",\"itemListElement\":[{\"@type\":\"ListItem\",\"position\":1,\"name\":\"Home\",\"item\":\"https:\\\/\\\/www.norn.is\\\/pistlar\\\/\"},{\"@type\":\"ListItem\",\"position\":2,\"name\":\"Anna\u00f0 l\u00edk sv\u00edvirt\"}]},{\"@type\":\"WebSite\",\"@id\":\"https:\\\/\\\/www.norn.is\\\/pistlar\\\/#website\",\"url\":\"https:\\\/\\\/www.norn.is\\\/pistlar\\\/\",\"name\":\"Pistlar Evu\",\"description\":\"\",\"potentialAction\":[{\"@type\":\"SearchAction\",\"target\":{\"@type\":\"EntryPoint\",\"urlTemplate\":\"https:\\\/\\\/www.norn.is\\\/pistlar\\\/?s={search_term_string}\"},\"query-input\":{\"@type\":\"PropertyValueSpecification\",\"valueRequired\":true,\"valueName\":\"search_term_string\"}}],\"inLanguage\":\"is\"},{\"@type\":\"Person\",\"@id\":\"https:\\\/\\\/www.norn.is\\\/pistlar\\\/#\\\/schema\\\/person\\\/2eb0fcae9e1ecc61987f7ed9c878531c\",\"name\":\"Eva Hauksd\u00f3ttir\",\"sameAs\":[\"http:\\\/\\\/www.norn.is\"],\"url\":\"https:\\\/\\\/www.norn.is\\\/pistlar\\\/author\\\/eva\\\/\"}]}<\/script>\n<!-- \/ Yoast SEO plugin. -->","yoast_head_json":{"title":"Anna\u00f0 l\u00edk sv\u00edvirt - Pistlar Evu","description":"H\u00e9r er \u00fea\u00f0 l\u00edk karlmanns \u00far r\u00f6\u00f0um YPG, Ahmads M. Hanan, sem er sv\u00edvirt. Hann var Yazidi ma\u00f0ur. Sameinu\u00f0u \u00fej\u00f3\u00f0irnar flokka ofs\u00f3knir Islamska r\u00edkisins gagnvart Yazidi f\u00f3lkinu sem \u00fej\u00f3\u00f0armor\u00f0.","robots":{"index":"index","follow":"follow","max-snippet":"max-snippet:-1","max-image-preview":"max-image-preview:large","max-video-preview":"max-video-preview:-1"},"canonical":"https:\/\/www.norn.is\/pistlar\/annad-lik-svivirt\/","og_locale":"is_IS","og_type":"article","og_title":"Anna\u00f0 l\u00edk sv\u00edvirt - Pistlar Evu","og_description":"H\u00e9r er \u00fea\u00f0 l\u00edk karlmanns \u00far r\u00f6\u00f0um YPG, Ahmads M. Hanan, sem er sv\u00edvirt. Hann var Yazidi ma\u00f0ur. Sameinu\u00f0u \u00fej\u00f3\u00f0irnar flokka ofs\u00f3knir Islamska r\u00edkisins gagnvart Yazidi f\u00f3lkinu sem \u00fej\u00f3\u00f0armor\u00f0.","og_url":"https:\/\/www.norn.is\/pistlar\/annad-lik-svivirt\/","og_site_name":"Pistlar Evu","article_published_time":"2018-05-31T18:01:57+00:00","article_modified_time":"2018-09-23T15:47:10+00:00","og_image":[{"url":"http:\/\/www.norn.is\/wp-content\/uploads\/2018\/05\/f9d0eaf57a5a2a1b51c50161eb79430c.jpg","type":"","width":"","height":""}],"author":"Eva Hauksd\u00f3ttir","twitter_card":"summary_large_image","twitter_misc":{"Written by":false,"Est. reading time":"2 minutes"},"schema":{"@context":"https:\/\/schema.org","@graph":[{"@type":"Article","@id":"https:\/\/www.norn.is\/pistlar\/annad-lik-svivirt\/#article","isPartOf":{"@id":"https:\/\/www.norn.is\/pistlar\/annad-lik-svivirt\/"},"author":{"name":"Eva Hauksd\u00f3ttir","@id":"https:\/\/www.norn.is\/pistlar\/#\/schema\/person\/2eb0fcae9e1ecc61987f7ed9c878531c"},"headline":"Anna\u00f0 l\u00edk sv\u00edvirt","datePublished":"2018-05-31T18:01:57+00:00","dateModified":"2018-09-23T15:47:10+00:00","mainEntityOfPage":{"@id":"https:\/\/www.norn.is\/pistlar\/annad-lik-svivirt\/"},"wordCount":354,"image":{"@id":"https:\/\/www.norn.is\/pistlar\/annad-lik-svivirt\/#primaryimage"},"thumbnailUrl":"http:\/\/www.norn.is\/wp-content\/uploads\/2018\/05\/f9d0eaf57a5a2a1b51c50161eb79430c.jpg","keywords":["Afrin","Heilagt str\u00ed\u00f0","Str\u00ed\u00f0sgl\u00e6pir"],"articleSection":["Mannr\u00e9ttinda og fri\u00f0arm\u00e1l","Pistlar um samf\u00e9lagsm\u00e1l"],"inLanguage":"is"},{"@type":"WebPage","@id":"https:\/\/www.norn.is\/pistlar\/annad-lik-svivirt\/","url":"https:\/\/www.norn.is\/pistlar\/annad-lik-svivirt\/","name":"Anna\u00f0 l\u00edk sv\u00edvirt - Pistlar Evu","isPartOf":{"@id":"https:\/\/www.norn.is\/pistlar\/#website"},"primaryImageOfPage":{"@id":"https:\/\/www.norn.is\/pistlar\/annad-lik-svivirt\/#primaryimage"},"image":{"@id":"https:\/\/www.norn.is\/pistlar\/annad-lik-svivirt\/#primaryimage"},"thumbnailUrl":"http:\/\/www.norn.is\/wp-content\/uploads\/2018\/05\/f9d0eaf57a5a2a1b51c50161eb79430c.jpg","datePublished":"2018-05-31T18:01:57+00:00","dateModified":"2018-09-23T15:47:10+00:00","author":{"@id":"https:\/\/www.norn.is\/pistlar\/#\/schema\/person\/2eb0fcae9e1ecc61987f7ed9c878531c"},"description":"H\u00e9r er \u00fea\u00f0 l\u00edk karlmanns \u00far r\u00f6\u00f0um YPG, Ahmads M. Hanan, sem er sv\u00edvirt. Hann var Yazidi ma\u00f0ur. Sameinu\u00f0u \u00fej\u00f3\u00f0irnar flokka ofs\u00f3knir Islamska r\u00edkisins gagnvart Yazidi f\u00f3lkinu sem \u00fej\u00f3\u00f0armor\u00f0.","breadcrumb":{"@id":"https:\/\/www.norn.is\/pistlar\/annad-lik-svivirt\/#breadcrumb"},"inLanguage":"is","potentialAction":[{"@type":"ReadAction","target":["https:\/\/www.norn.is\/pistlar\/annad-lik-svivirt\/"]}]},{"@type":"ImageObject","inLanguage":"is","@id":"https:\/\/www.norn.is\/pistlar\/annad-lik-svivirt\/#primaryimage","url":"http:\/\/www.norn.is\/wp-content\/uploads\/2018\/05\/f9d0eaf57a5a2a1b51c50161eb79430c.jpg","contentUrl":"http:\/\/www.norn.is\/wp-content\/uploads\/2018\/05\/f9d0eaf57a5a2a1b51c50161eb79430c.jpg"},{"@type":"BreadcrumbList","@id":"https:\/\/www.norn.is\/pistlar\/annad-lik-svivirt\/#breadcrumb","itemListElement":[{"@type":"ListItem","position":1,"name":"Home","item":"https:\/\/www.norn.is\/pistlar\/"},{"@type":"ListItem","position":2,"name":"Anna\u00f0 l\u00edk sv\u00edvirt"}]},{"@type":"WebSite","@id":"https:\/\/www.norn.is\/pistlar\/#website","url":"https:\/\/www.norn.is\/pistlar\/","name":"Pistlar Evu","description":"","potentialAction":[{"@type":"SearchAction","target":{"@type":"EntryPoint","urlTemplate":"https:\/\/www.norn.is\/pistlar\/?s={search_term_string}"},"query-input":{"@type":"PropertyValueSpecification","valueRequired":true,"valueName":"search_term_string"}}],"inLanguage":"is"},{"@type":"Person","@id":"https:\/\/www.norn.is\/pistlar\/#\/schema\/person\/2eb0fcae9e1ecc61987f7ed9c878531c","name":"Eva Hauksd\u00f3ttir","sameAs":["http:\/\/www.norn.is"],"url":"https:\/\/www.norn.is\/pistlar\/author\/eva\/"}]}},"_links":{"self":[{"href":"https:\/\/www.norn.is\/pistlar\/wp-json\/wp\/v2\/posts\/13717","targetHints":{"allow":["GET"]}}],"collection":[{"href":"https:\/\/www.norn.is\/pistlar\/wp-json\/wp\/v2\/posts"}],"about":[{"href":"https:\/\/www.norn.is\/pistlar\/wp-json\/wp\/v2\/types\/post"}],"author":[{"embeddable":true,"href":"https:\/\/www.norn.is\/pistlar\/wp-json\/wp\/v2\/users\/2"}],"replies":[{"embeddable":true,"href":"https:\/\/www.norn.is\/pistlar\/wp-json\/wp\/v2\/comments?post=13717"}],"version-history":[{"count":2,"href":"https:\/\/www.norn.is\/pistlar\/wp-json\/wp\/v2\/posts\/13717\/revisions"}],"predecessor-version":[{"id":13721,"href":"https:\/\/www.norn.is\/pistlar\/wp-json\/wp\/v2\/posts\/13717\/revisions\/13721"}],"wp:attachment":[{"href":"https:\/\/www.norn.is\/pistlar\/wp-json\/wp\/v2\/media?parent=13717"}],"wp:term":[{"taxonomy":"category","embeddable":true,"href":"https:\/\/www.norn.is\/pistlar\/wp-json\/wp\/v2\/categories?post=13717"},{"taxonomy":"post_tag","embeddable":true,"href":"https:\/\/www.norn.is\/pistlar\/wp-json\/wp\/v2\/tags?post=13717"}],"curies":[{"name":"wp","href":"https:\/\/api.w.org\/{rel}","templated":true}]}}