{"id":13715,"date":"2018-05-25T15:27:40","date_gmt":"2018-05-25T15:27:40","guid":{"rendered":"http:\/\/www.norn.is\/pistlar\/?p=13715"},"modified":"2018-09-23T15:49:32","modified_gmt":"2018-09-23T15:49:32","slug":"althjodadomstoll-telur-erdogan-abyrgan-fyrir-stridsglaepum","status":"publish","type":"post","link":"https:\/\/www.norn.is\/pistlar\/althjodadomstoll-telur-erdogan-abyrgan-fyrir-stridsglaepum\/","title":{"rendered":"Al\u00fej\u00f3\u00f0ad\u00f3mst\u00f3ll telur Erdo\u011fan \u00e1byrgan fyrir str\u00ed\u00f0sgl\u00e6pum"},"content":{"rendered":"<p><iframe loading=\"lazy\" src=\"https:\/\/www.youtube.com\/embed\/P6M9Dimo-Po\" width=\"560\" height=\"315\" frameborder=\"0\" allowfullscreen=\"allowfullscreen\" data-mce-fragment=\"1\"><span data-mce-type=\"bookmark\" style=\"display: inline-block; width: 0px; overflow: hidden; line-height: 0;\" class=\"mce_SELRES_start\">\ufeff<\/span><\/iframe><br \/>\n\u00cd g\u00e6r komst <a href=\"http:\/\/permanentpeoplestribunal.org\/paris-15-16-march-2018-ppt-session-on-on-turkey-and-the-kurds\/?lang=en\">al\u00fej\u00f3\u00f0ad\u00f3mst\u00f3ll \u00ed m\u00e1lefnum Tyrkja og K\u00farda<\/a> a\u00f0 \u00feeirri ni\u00f0urst\u00f6\u00f0u a\u00f0 Erdo\u011fan, \u00fej\u00f3h\u00f6f\u00f0ingi Tyrkja, b\u00e6ri beina \u00e1byrg\u00f0 \u00e1 str\u00ed\u00f0sgl\u00e6pum tyrkneska r\u00edkisins gagnvart K\u00fardum \u00e1 undangengum \u00e1rum. D\u00f3murinn m\u00e6lir me\u00f0al annars me\u00f0 \u00fev\u00ed &#8222;ney\u00f0ar\u00e1standi&#8220; ver\u00f0i afl\u00e9tt en \u00ed skj\u00f3li \u00feess hafa Tyrkir \u00e1skili\u00f0 s\u00e9r r\u00e9tt til a\u00f0 sni\u00f0ganga \u00fdmis \u00e1kv\u00e6\u00f0i Mannr\u00e9ttindas\u00e1ttm\u00e1la Evr\u00f3pu. R\u00e9ttarr\u00edki\u00f0 ver\u00f0i endurreist \u00ed Tyrklandi, bla\u00f0am\u00f6nnum og fr\u00e6\u00f0im\u00f6nnum sleppt \u00far haldi og fj\u00f6lmi\u00f0lafrelsi endurvaki\u00f0. Ennfremur a\u00f0 Tyrkir kalli herdeildir s\u00ednar fr\u00e1 Afr\u00edn og a\u00f0 str\u00ed\u00f0sgl\u00e6pir ver\u00f0i rannsaka\u00f0ir \u00ed Tyrklandi og sekum refsa\u00f0 fyrir str\u00ed\u00f0sgl\u00e6pi.<!--more--><\/p>\n<p>Me\u00f0al \u00feeirra gl\u00e6pa sem d\u00f3murinn sag\u00f0i Tyrki hafa frami\u00f0 gegn K\u00fardum eru skemmdarverk \u00e1 menningararfleif\u00f0 \u00feeirra og helgist\u00f6\u00f0um.\u00a0Sprengjum hefur veri\u00f0 varpa\u00f0 \u00e1 byggingar og \u00f6nnur mannvirki sem \u00fej\u00f3na engum herna\u00f0arlegum tilgangi, svosem vatnsveitur. Andspyrnumenn hafa veri\u00f0 numdir \u00e1 brott af tyrknesku leyni\u00fej\u00f3nustunni, fj\u00f6ldi K\u00farda veri\u00f0 hrakinn \u00e1 brott fr\u00e1 heimilum s\u00ednum, aft\u00f6kur framdar \u00e1n d\u00f3ms og laga, fj\u00f6ldamor\u00f0 framin \u00e1 almennum borgurum \u00fe,\u00e1.m. f\u00f3lki me\u00f0 hv\u00edt fl\u00f6gg e\u00f0a hendur \u00e1 lofti til merkis um uppgj\u00f6f.<\/p>\n<p><a href=\"http:\/\/tribunal-turkey-kurds.org\">D\u00f3minn og myndskei\u00f0 fr\u00e1 r\u00e9ttarh\u00f6ldunum m\u00e1 sj\u00e1 h\u00e9r.<\/a><br \/>\n<a href=\"https:\/\/anfenglishmobile.com\/human-rights\/peoples-tribunal-finds-turkey-violated-international-laws-26907\">Umfj\u00f6llun ANF<\/a><br \/>\n<a href=\"http:\/\/theregion.org\/article\/13517-permanent-people-039-s-tribunal-to-eu-erdogan-039-directly-responsible-039-for-war-crimes-against-\">Umfj\u00f6llun The Region<\/a><br \/>\n<a href=\"kurdshttps:\/\/morningstaronline.co.uk\/article\/president-erdogan-should-be-tried-war-crimes-european-judge-finds\">Umfj\u00f6llun Morningstar<\/a><\/p>\n<p>B\u00e6\u00f0i Utanr\u00edkisr\u00e1\u00f0herra og Fors\u00e6tisr\u00e1\u00f0herra \u00cdslands hafa hundsa\u00f0 fyrirspurnir fj\u00f6lskyldu Hauks, sonar m\u00edns, um \u00fea\u00f0 hvort \u00feau \u00e6tli virkilega ekki a\u00f0 spyrja tyrknesk yfirv\u00f6ld \u00fat \u00ed me\u00f0fer\u00f0 \u00feeirra \u00e1 l\u00edkum andst\u00e6\u00f0inga sinna, \u00fer\u00e1tt fyrir v\u00edsbendingar um a\u00f0 l\u00edk \u00feeirra sem f\u00e9llu \u00ed innr\u00e1s \u00feeirra \u00ed Afr\u00edn <a href=\"http:\/\/www.norn.is\/blog\/lik-a-vidavangi\/\">liggi rotnandi \u00e1 v\u00ed\u00f0avangi.\u00a0<\/a>S\u00f6mulei\u00f0is hefur Fors\u00e6tisr\u00e1\u00f0herra hundsa\u00f0 <a href=\"http:\/\/www.norn.is\/pistlar\/open-letter-governments\/\">sameiginlegt br\u00e9f foreldra Hauks Hilmarssonar og \u00d6nnu Campbell<\/a>, sama efnis. \u00c1kalli 400 manns um a\u00f0 Fors\u00e6tirr\u00e1\u00f0uneyti\u00f0 t\u00e6ki vi\u00f0 m\u00e1li Hauks \u00far h\u00f6ndum Utanr\u00edkisr\u00e1\u00f0uneytisins <a href=\"https:\/\/stundin.is\/grein\/6659\/\">svara\u00f0i Katr\u00edn Jakobsd\u00f3ttir<\/a> \u00e1 \u00fe\u00e1 lei\u00f0 a\u00f0 stj\u00f3rnv\u00f6ld hef\u00f0u &#8222;leita\u00f0 allra lei\u00f0a&#8220; til a\u00f0 afla uppl\u00fdsinga, vitandi a\u00f0 \u00feau hafa ekki einu sinni spurt Tyrki hva\u00f0 hafi or\u00f0i\u00f0 um l\u00edkin heldur sent erindi til hinna og \u00feessara dipl\u00f3mata sem er \u00fatiloka\u00f0 a\u00f0 viti neitt um \u00fea\u00f0.<\/p>\n<p>\u00dea\u00f0 er svosem ekkert n\u00fdtt a\u00f0 r\u00edkisstj\u00f3rn \u00cdslands vilji ekki ergja str\u00ed\u00f0sgl\u00e6pamenn me\u00f0 \u00f3\u00fe\u00e6gilegum spurningum og oft hef \u00e9g velt \u00fev\u00ed fyrir m\u00e9r hva\u00f0 \u00feurfi eiginlega til. Pyntingar, skipul\u00f6g\u00f0 mannshv\u00f6rf, \u00fej\u00f3\u00f0armor\u00f0 &#8230; ekkert af \u00feessu telja \u00edslensk stj\u00f3rnv\u00f6ld s\u00e9r vi\u00f0komandi. Og n\u00fa vitum vi\u00f0 a\u00f0 sennilegt brot \u00e1 al\u00fej\u00f3\u00f0al\u00f6gum gagnvart \u00edslenskum r\u00edkisborgara kemur r\u00edkisstj\u00f3rn \u00cdslands heldur ekki vi\u00f0. A\u00f0 minnsta kosti ekki \u00feegar str\u00ed\u00f0sgl\u00e6pamenn \u00e1 bor\u00f0 vi\u00f0\u00a0\u00a0Erdo\u011fan eiga \u00ed hlut.<\/p>\n","protected":false},"excerpt":{"rendered":"<p>\ufeff \u00cd g\u00e6r komst al\u00fej\u00f3\u00f0ad\u00f3mst\u00f3ll \u00ed m\u00e1lefnum Tyrkja og K\u00farda a\u00f0 \u00feeirri ni\u00f0urst\u00f6\u00f0u a\u00f0 Erdo\u011fan, \u00fej\u00f3h\u00f6f\u00f0ingi Tyrkja, b\u00e6ri beina \u00e1byrg\u00f0 \u00e1 str\u00ed\u00f0sgl\u00e6pum tyrkneska r\u00edkisins gagnvart K\u00fardum \u00e1 undangengum \u00e1rum. D\u00f3murinn m\u00e6lir me\u00f0al annars me\u00f0 \u00fev\u00ed &#8222;ney\u00f0ar\u00e1standi&#8220; ver\u00f0i afl\u00e9tt en \u00ed &hellip; <a href=\"https:\/\/www.norn.is\/pistlar\/althjodadomstoll-telur-erdogan-abyrgan-fyrir-stridsglaepum\/\">Halda \u00e1fram a\u00f0 lesa <span class=\"meta-nav\">&rarr;<\/span><\/a><\/p>\n","protected":false},"author":2,"featured_media":0,"comment_status":"closed","ping_status":"closed","sticky":false,"template":"","format":"standard","meta":{"footnotes":"","_links_to":"","_links_to_target":""},"categories":[11,1],"tags":[1038,1033,1041,1042],"class_list":["post-13715","post","type-post","status-publish","format-standard","hentry","category-mannrettindi","category-pistlar","tag-erdogan","tag-kurdar","tag-mannrettindasattmali-evropu","tag-stridsglaepir"],"yoast_head":"<!-- This site is optimized with the Yoast SEO plugin v27.4 - https:\/\/yoast.com\/product\/yoast-seo-wordpress\/ -->\n<title>Al\u00fej\u00f3\u00f0ad\u00f3mst\u00f3ll telur Erdo\u011fan \u00e1byrgan fyrir str\u00ed\u00f0sgl\u00e6pum - Pistlar Evu<\/title>\n<meta name=\"description\" content=\"\u00cd g\u00e6r komst al\u00fej\u00f3\u00f0ad\u00f3mst\u00f3ll \u00ed m\u00e1lefnum Tyrkja og K\u00farda a\u00f0 \u00feeirri ni\u00f0urst\u00f6\u00f0u a\u00f0 Erdo\u011fan, \u00fej\u00f3h\u00f6f\u00f0ingi Tyrkja, b\u00e6ri beina \u00e1byrg\u00f0 \u00e1 str\u00ed\u00f0sgl\u00e6pum tyrkneska r\u00edkisins gagnvart K\u00fardum \u00e1 undangengum \u00e1rum.\" \/>\n<meta name=\"robots\" content=\"index, follow, max-snippet:-1, max-image-preview:large, max-video-preview:-1\" \/>\n<link rel=\"canonical\" href=\"https:\/\/www.norn.is\/pistlar\/althjodadomstoll-telur-erdogan-abyrgan-fyrir-stridsglaepum\/\" \/>\n<meta property=\"og:locale\" content=\"is_IS\" \/>\n<meta property=\"og:type\" content=\"article\" \/>\n<meta property=\"og:title\" content=\"Al\u00fej\u00f3\u00f0ad\u00f3mst\u00f3ll telur Erdo\u011fan \u00e1byrgan fyrir str\u00ed\u00f0sgl\u00e6pum - Pistlar Evu\" \/>\n<meta property=\"og:description\" content=\"\u00cd g\u00e6r komst al\u00fej\u00f3\u00f0ad\u00f3mst\u00f3ll \u00ed m\u00e1lefnum Tyrkja og K\u00farda a\u00f0 \u00feeirri ni\u00f0urst\u00f6\u00f0u a\u00f0 Erdo\u011fan, \u00fej\u00f3h\u00f6f\u00f0ingi Tyrkja, b\u00e6ri beina \u00e1byrg\u00f0 \u00e1 str\u00ed\u00f0sgl\u00e6pum tyrkneska r\u00edkisins gagnvart K\u00fardum \u00e1 undangengum \u00e1rum.\" \/>\n<meta property=\"og:url\" content=\"https:\/\/www.norn.is\/pistlar\/althjodadomstoll-telur-erdogan-abyrgan-fyrir-stridsglaepum\/\" \/>\n<meta property=\"og:site_name\" content=\"Pistlar Evu\" \/>\n<meta property=\"article:published_time\" content=\"2018-05-25T15:27:40+00:00\" \/>\n<meta property=\"article:modified_time\" content=\"2018-09-23T15:49:32+00:00\" \/>\n<meta name=\"author\" content=\"Eva Hauksd\u00f3ttir\" \/>\n<meta name=\"twitter:card\" content=\"summary_large_image\" \/>\n<meta name=\"twitter:label1\" content=\"Written by\" \/>\n\t<meta name=\"twitter:data1\" content=\"\" \/>\n\t<meta name=\"twitter:label2\" content=\"Est. reading time\" \/>\n\t<meta name=\"twitter:data2\" content=\"2 minutes\" \/>\n<script type=\"application\/ld+json\" class=\"yoast-schema-graph\">{\"@context\":\"https:\\\/\\\/schema.org\",\"@graph\":[{\"@type\":\"Article\",\"@id\":\"https:\\\/\\\/www.norn.is\\\/pistlar\\\/althjodadomstoll-telur-erdogan-abyrgan-fyrir-stridsglaepum\\\/#article\",\"isPartOf\":{\"@id\":\"https:\\\/\\\/www.norn.is\\\/pistlar\\\/althjodadomstoll-telur-erdogan-abyrgan-fyrir-stridsglaepum\\\/\"},\"author\":{\"name\":\"Eva Hauksd\u00f3ttir\",\"@id\":\"https:\\\/\\\/www.norn.is\\\/pistlar\\\/#\\\/schema\\\/person\\\/2eb0fcae9e1ecc61987f7ed9c878531c\"},\"headline\":\"Al\u00fej\u00f3\u00f0ad\u00f3mst\u00f3ll telur Erdo\u011fan \u00e1byrgan fyrir str\u00ed\u00f0sgl\u00e6pum\",\"datePublished\":\"2018-05-25T15:27:40+00:00\",\"dateModified\":\"2018-09-23T15:49:32+00:00\",\"mainEntityOfPage\":{\"@id\":\"https:\\\/\\\/www.norn.is\\\/pistlar\\\/althjodadomstoll-telur-erdogan-abyrgan-fyrir-stridsglaepum\\\/\"},\"wordCount\":501,\"keywords\":[\"Erdo\u011fan\",\"K\u00fardar\",\"Mannr\u00e9ttindas\u00e1ttm\u00e1li Evr\u00f3pu\",\"Str\u00ed\u00f0sgl\u00e6pir\"],\"articleSection\":[\"Mannr\u00e9ttinda og fri\u00f0arm\u00e1l\",\"Pistlar um samf\u00e9lagsm\u00e1l\"],\"inLanguage\":\"is\"},{\"@type\":\"WebPage\",\"@id\":\"https:\\\/\\\/www.norn.is\\\/pistlar\\\/althjodadomstoll-telur-erdogan-abyrgan-fyrir-stridsglaepum\\\/\",\"url\":\"https:\\\/\\\/www.norn.is\\\/pistlar\\\/althjodadomstoll-telur-erdogan-abyrgan-fyrir-stridsglaepum\\\/\",\"name\":\"Al\u00fej\u00f3\u00f0ad\u00f3mst\u00f3ll telur Erdo\u011fan \u00e1byrgan fyrir str\u00ed\u00f0sgl\u00e6pum - Pistlar Evu\",\"isPartOf\":{\"@id\":\"https:\\\/\\\/www.norn.is\\\/pistlar\\\/#website\"},\"datePublished\":\"2018-05-25T15:27:40+00:00\",\"dateModified\":\"2018-09-23T15:49:32+00:00\",\"author\":{\"@id\":\"https:\\\/\\\/www.norn.is\\\/pistlar\\\/#\\\/schema\\\/person\\\/2eb0fcae9e1ecc61987f7ed9c878531c\"},\"description\":\"\u00cd g\u00e6r komst al\u00fej\u00f3\u00f0ad\u00f3mst\u00f3ll \u00ed m\u00e1lefnum Tyrkja og K\u00farda a\u00f0 \u00feeirri ni\u00f0urst\u00f6\u00f0u a\u00f0 Erdo\u011fan, \u00fej\u00f3h\u00f6f\u00f0ingi Tyrkja, b\u00e6ri beina \u00e1byrg\u00f0 \u00e1 str\u00ed\u00f0sgl\u00e6pum tyrkneska r\u00edkisins gagnvart K\u00fardum \u00e1 undangengum \u00e1rum.\",\"breadcrumb\":{\"@id\":\"https:\\\/\\\/www.norn.is\\\/pistlar\\\/althjodadomstoll-telur-erdogan-abyrgan-fyrir-stridsglaepum\\\/#breadcrumb\"},\"inLanguage\":\"is\",\"potentialAction\":[{\"@type\":\"ReadAction\",\"target\":[\"https:\\\/\\\/www.norn.is\\\/pistlar\\\/althjodadomstoll-telur-erdogan-abyrgan-fyrir-stridsglaepum\\\/\"]}]},{\"@type\":\"BreadcrumbList\",\"@id\":\"https:\\\/\\\/www.norn.is\\\/pistlar\\\/althjodadomstoll-telur-erdogan-abyrgan-fyrir-stridsglaepum\\\/#breadcrumb\",\"itemListElement\":[{\"@type\":\"ListItem\",\"position\":1,\"name\":\"Home\",\"item\":\"https:\\\/\\\/www.norn.is\\\/pistlar\\\/\"},{\"@type\":\"ListItem\",\"position\":2,\"name\":\"Al\u00fej\u00f3\u00f0ad\u00f3mst\u00f3ll telur Erdo\u011fan \u00e1byrgan fyrir str\u00ed\u00f0sgl\u00e6pum\"}]},{\"@type\":\"WebSite\",\"@id\":\"https:\\\/\\\/www.norn.is\\\/pistlar\\\/#website\",\"url\":\"https:\\\/\\\/www.norn.is\\\/pistlar\\\/\",\"name\":\"Pistlar Evu\",\"description\":\"\",\"potentialAction\":[{\"@type\":\"SearchAction\",\"target\":{\"@type\":\"EntryPoint\",\"urlTemplate\":\"https:\\\/\\\/www.norn.is\\\/pistlar\\\/?s={search_term_string}\"},\"query-input\":{\"@type\":\"PropertyValueSpecification\",\"valueRequired\":true,\"valueName\":\"search_term_string\"}}],\"inLanguage\":\"is\"},{\"@type\":\"Person\",\"@id\":\"https:\\\/\\\/www.norn.is\\\/pistlar\\\/#\\\/schema\\\/person\\\/2eb0fcae9e1ecc61987f7ed9c878531c\",\"name\":\"Eva Hauksd\u00f3ttir\",\"sameAs\":[\"http:\\\/\\\/www.norn.is\"],\"url\":\"https:\\\/\\\/www.norn.is\\\/pistlar\\\/author\\\/eva\\\/\"}]}<\/script>\n<!-- \/ Yoast SEO plugin. -->","yoast_head_json":{"title":"Al\u00fej\u00f3\u00f0ad\u00f3mst\u00f3ll telur Erdo\u011fan \u00e1byrgan fyrir str\u00ed\u00f0sgl\u00e6pum - Pistlar Evu","description":"\u00cd g\u00e6r komst al\u00fej\u00f3\u00f0ad\u00f3mst\u00f3ll \u00ed m\u00e1lefnum Tyrkja og K\u00farda a\u00f0 \u00feeirri ni\u00f0urst\u00f6\u00f0u a\u00f0 Erdo\u011fan, \u00fej\u00f3h\u00f6f\u00f0ingi Tyrkja, b\u00e6ri beina \u00e1byrg\u00f0 \u00e1 str\u00ed\u00f0sgl\u00e6pum tyrkneska r\u00edkisins gagnvart K\u00fardum \u00e1 undangengum \u00e1rum.","robots":{"index":"index","follow":"follow","max-snippet":"max-snippet:-1","max-image-preview":"max-image-preview:large","max-video-preview":"max-video-preview:-1"},"canonical":"https:\/\/www.norn.is\/pistlar\/althjodadomstoll-telur-erdogan-abyrgan-fyrir-stridsglaepum\/","og_locale":"is_IS","og_type":"article","og_title":"Al\u00fej\u00f3\u00f0ad\u00f3mst\u00f3ll telur Erdo\u011fan \u00e1byrgan fyrir str\u00ed\u00f0sgl\u00e6pum - Pistlar Evu","og_description":"\u00cd g\u00e6r komst al\u00fej\u00f3\u00f0ad\u00f3mst\u00f3ll \u00ed m\u00e1lefnum Tyrkja og K\u00farda a\u00f0 \u00feeirri ni\u00f0urst\u00f6\u00f0u a\u00f0 Erdo\u011fan, \u00fej\u00f3h\u00f6f\u00f0ingi Tyrkja, b\u00e6ri beina \u00e1byrg\u00f0 \u00e1 str\u00ed\u00f0sgl\u00e6pum tyrkneska r\u00edkisins gagnvart K\u00fardum \u00e1 undangengum \u00e1rum.","og_url":"https:\/\/www.norn.is\/pistlar\/althjodadomstoll-telur-erdogan-abyrgan-fyrir-stridsglaepum\/","og_site_name":"Pistlar Evu","article_published_time":"2018-05-25T15:27:40+00:00","article_modified_time":"2018-09-23T15:49:32+00:00","author":"Eva Hauksd\u00f3ttir","twitter_card":"summary_large_image","twitter_misc":{"Written by":false,"Est. reading time":"2 minutes"},"schema":{"@context":"https:\/\/schema.org","@graph":[{"@type":"Article","@id":"https:\/\/www.norn.is\/pistlar\/althjodadomstoll-telur-erdogan-abyrgan-fyrir-stridsglaepum\/#article","isPartOf":{"@id":"https:\/\/www.norn.is\/pistlar\/althjodadomstoll-telur-erdogan-abyrgan-fyrir-stridsglaepum\/"},"author":{"name":"Eva Hauksd\u00f3ttir","@id":"https:\/\/www.norn.is\/pistlar\/#\/schema\/person\/2eb0fcae9e1ecc61987f7ed9c878531c"},"headline":"Al\u00fej\u00f3\u00f0ad\u00f3mst\u00f3ll telur Erdo\u011fan \u00e1byrgan fyrir str\u00ed\u00f0sgl\u00e6pum","datePublished":"2018-05-25T15:27:40+00:00","dateModified":"2018-09-23T15:49:32+00:00","mainEntityOfPage":{"@id":"https:\/\/www.norn.is\/pistlar\/althjodadomstoll-telur-erdogan-abyrgan-fyrir-stridsglaepum\/"},"wordCount":501,"keywords":["Erdo\u011fan","K\u00fardar","Mannr\u00e9ttindas\u00e1ttm\u00e1li Evr\u00f3pu","Str\u00ed\u00f0sgl\u00e6pir"],"articleSection":["Mannr\u00e9ttinda og fri\u00f0arm\u00e1l","Pistlar um samf\u00e9lagsm\u00e1l"],"inLanguage":"is"},{"@type":"WebPage","@id":"https:\/\/www.norn.is\/pistlar\/althjodadomstoll-telur-erdogan-abyrgan-fyrir-stridsglaepum\/","url":"https:\/\/www.norn.is\/pistlar\/althjodadomstoll-telur-erdogan-abyrgan-fyrir-stridsglaepum\/","name":"Al\u00fej\u00f3\u00f0ad\u00f3mst\u00f3ll telur Erdo\u011fan \u00e1byrgan fyrir str\u00ed\u00f0sgl\u00e6pum - Pistlar Evu","isPartOf":{"@id":"https:\/\/www.norn.is\/pistlar\/#website"},"datePublished":"2018-05-25T15:27:40+00:00","dateModified":"2018-09-23T15:49:32+00:00","author":{"@id":"https:\/\/www.norn.is\/pistlar\/#\/schema\/person\/2eb0fcae9e1ecc61987f7ed9c878531c"},"description":"\u00cd g\u00e6r komst al\u00fej\u00f3\u00f0ad\u00f3mst\u00f3ll \u00ed m\u00e1lefnum Tyrkja og K\u00farda a\u00f0 \u00feeirri ni\u00f0urst\u00f6\u00f0u a\u00f0 Erdo\u011fan, \u00fej\u00f3h\u00f6f\u00f0ingi Tyrkja, b\u00e6ri beina \u00e1byrg\u00f0 \u00e1 str\u00ed\u00f0sgl\u00e6pum tyrkneska r\u00edkisins gagnvart K\u00fardum \u00e1 undangengum \u00e1rum.","breadcrumb":{"@id":"https:\/\/www.norn.is\/pistlar\/althjodadomstoll-telur-erdogan-abyrgan-fyrir-stridsglaepum\/#breadcrumb"},"inLanguage":"is","potentialAction":[{"@type":"ReadAction","target":["https:\/\/www.norn.is\/pistlar\/althjodadomstoll-telur-erdogan-abyrgan-fyrir-stridsglaepum\/"]}]},{"@type":"BreadcrumbList","@id":"https:\/\/www.norn.is\/pistlar\/althjodadomstoll-telur-erdogan-abyrgan-fyrir-stridsglaepum\/#breadcrumb","itemListElement":[{"@type":"ListItem","position":1,"name":"Home","item":"https:\/\/www.norn.is\/pistlar\/"},{"@type":"ListItem","position":2,"name":"Al\u00fej\u00f3\u00f0ad\u00f3mst\u00f3ll telur Erdo\u011fan \u00e1byrgan fyrir str\u00ed\u00f0sgl\u00e6pum"}]},{"@type":"WebSite","@id":"https:\/\/www.norn.is\/pistlar\/#website","url":"https:\/\/www.norn.is\/pistlar\/","name":"Pistlar Evu","description":"","potentialAction":[{"@type":"SearchAction","target":{"@type":"EntryPoint","urlTemplate":"https:\/\/www.norn.is\/pistlar\/?s={search_term_string}"},"query-input":{"@type":"PropertyValueSpecification","valueRequired":true,"valueName":"search_term_string"}}],"inLanguage":"is"},{"@type":"Person","@id":"https:\/\/www.norn.is\/pistlar\/#\/schema\/person\/2eb0fcae9e1ecc61987f7ed9c878531c","name":"Eva Hauksd\u00f3ttir","sameAs":["http:\/\/www.norn.is"],"url":"https:\/\/www.norn.is\/pistlar\/author\/eva\/"}]}},"_links":{"self":[{"href":"https:\/\/www.norn.is\/pistlar\/wp-json\/wp\/v2\/posts\/13715","targetHints":{"allow":["GET"]}}],"collection":[{"href":"https:\/\/www.norn.is\/pistlar\/wp-json\/wp\/v2\/posts"}],"about":[{"href":"https:\/\/www.norn.is\/pistlar\/wp-json\/wp\/v2\/types\/post"}],"author":[{"embeddable":true,"href":"https:\/\/www.norn.is\/pistlar\/wp-json\/wp\/v2\/users\/2"}],"replies":[{"embeddable":true,"href":"https:\/\/www.norn.is\/pistlar\/wp-json\/wp\/v2\/comments?post=13715"}],"version-history":[{"count":4,"href":"https:\/\/www.norn.is\/pistlar\/wp-json\/wp\/v2\/posts\/13715\/revisions"}],"predecessor-version":[{"id":13732,"href":"https:\/\/www.norn.is\/pistlar\/wp-json\/wp\/v2\/posts\/13715\/revisions\/13732"}],"wp:attachment":[{"href":"https:\/\/www.norn.is\/pistlar\/wp-json\/wp\/v2\/media?parent=13715"}],"wp:term":[{"taxonomy":"category","embeddable":true,"href":"https:\/\/www.norn.is\/pistlar\/wp-json\/wp\/v2\/categories?post=13715"},{"taxonomy":"post_tag","embeddable":true,"href":"https:\/\/www.norn.is\/pistlar\/wp-json\/wp\/v2\/tags?post=13715"}],"curies":[{"name":"wp","href":"https:\/\/api.w.org\/{rel}","templated":true}]}}