{"id":13690,"date":"2018-04-16T16:46:40","date_gmt":"2018-04-16T16:46:40","guid":{"rendered":"http:\/\/www.norn.is\/pistlar\/?p=13690"},"modified":"2018-09-23T18:07:32","modified_gmt":"2018-09-23T18:07:32","slug":"litill-studningur-vid-kurda-a-islandi","status":"publish","type":"post","link":"https:\/\/www.norn.is\/pistlar\/litill-studningur-vid-kurda-a-islandi\/","title":{"rendered":"L\u00edtill stu\u00f0ningur vi\u00f0 K\u00farda \u00e1 \u00cdslandi"},"content":{"rendered":"<p><a href=\"http:\/\/www.norn.is\/pistlar\/wp-content\/uploads\/sites\/2\/2018\/06\/Darfur.gif\"><img loading=\"lazy\" decoding=\"async\" class=\"aligncenter size-full wp-image-13691\" src=\"http:\/\/www.norn.is\/pistlar\/wp-content\/uploads\/sites\/2\/2018\/06\/Darfur.gif\" alt=\"\" width=\"600\" height=\"413\" \/><\/a><\/p>\n<p style=\"text-align: center;\"><em>Og n\u00e6st ver\u00f0ur \u00fea\u00f0 &#8222;aldrei aftur Rojava&#8220;?<\/em><\/p>\n<p><a href=\"https:\/\/www.change.org\/p\/katr\u00edn-jakobsd\u00f3ttir-ford\u00e6mum-innr\u00e1s-tyrkja-\u00ed-afr\u00edn?recruiter=6622324&amp;utm\">\u00deessi undirskriftas\u00f6fnun<\/a> hefur n\u00fa sta\u00f0i\u00f0 \u00ed t\u00e6par 3 vikur. Undirtektir hafa veri\u00f0 dr\u00e6mar, innan vi\u00f0 2000 manns hafa l\u00fdst stu\u00f0ningi vi\u00f0 \u00fea\u00f0 a\u00f0 \u00cdsland ford\u00e6mi innr\u00e1s Tyrkja \u00ed Afr\u00edn.<!--more--><\/p>\n<p>\u00c9g setti undirskriftas\u00f6fnun af sta\u00f0 \u00ed \u00feeirri tr\u00fa a\u00f0 stitjandi fors\u00e6tisr\u00e1\u00f0herra v\u00e6ri l\u00edklegri en utanr\u00edkisr\u00e1\u00f0herra til \u00feess a\u00f0 ford\u00e6ma \u00feessa innr\u00e1s og \u00e9g taldi l\u00edklegt a\u00f0 \u00cdslendingar v\u00e6ru henni almennt m\u00f3tfallnir. M\u00e9r vir\u00f0ist hafa skj\u00e1tlast um \u00fea\u00f0. \u00c9g \u00e6tla\u00f0i a\u00f0 afhenda undirskriftirnar, \u00fe\u00f3tt f\u00e1ar v\u00e6ru, s\u00ed\u00f0asta f\u00f6studag en \u00e1kva\u00f0 a\u00f0 halda s\u00f6fnuninni opinni yfir helgina \u00ed von um a\u00f0 n\u00e1 2000 hr\u00e6\u00f0um. \u00c1 me\u00f0an ger\u00f0ist \u00fea\u00f0 a\u00f0 r\u00edkisstj\u00f3rn Katr\u00ednar Jakobsd\u00f3ttur l\u00fdsti yfir stu\u00f0ningi vi\u00f0 \u00e1r\u00e1sir vestr\u00e6nna r\u00edkja \u00e1 S\u00fdrland.<\/p>\n<p>\u00c9g haf\u00f0i ekkert allt of g\u00f3\u00f0a von um \u00fea\u00f0 fyrir a\u00f0 fors\u00e6tisr\u00e1\u00f0herra t\u00e6ki afst\u00f6\u00f0u gegn \u00f3\u00fearfa \u00e1r\u00e1sum. \u00c9g h\u00e9lt \u00fe\u00f3 a\u00f0 \u00fer\u00fdstingur fr\u00e1 almenningi myndi kannski hj\u00e1lpa til. En n\u00fa fallast m\u00e9r bara hendur. \u00c9g s\u00e9 ekki tilgang \u00ed a\u00f0 afhenda \u00feessar undirskriftir en m\u00e9r finnst heldur ekki h\u00e6gt a\u00f0 gleyma \u00feessari \u00e1skorun bara og l\u00e1ta eins og engum hafi dotti\u00f0 \u00ed hug a\u00f0 \u00fea\u00f0 k\u00e6mi til greina a\u00f0 ford\u00e6ma innr\u00e1sina.<\/p>\n<p>\u00dea\u00f0 r\u00e9ttasta er l\u00edkllega a\u00f0 l\u00fdsa yfir \u00f3sigri svo \u00e9g geri \u00fea\u00f0 h\u00e9r me\u00f0. N\u00ed\u00f0ursta\u00f0an er s\u00fa a\u00f0 flestum \u00cdslendingum er sk\u00edtsama um me\u00f0fer\u00f0ina \u00e1 K\u00fardum og Katr\u00edn Jakobsd\u00f3ttir hefur fullan stu\u00f0ning kj\u00f3senda til a\u00f0 hundsa innr\u00e1sina og mannr\u00e9ttindabrot Tyrkja gagnvart K\u00fardum. \u00c9g s\u00e9 ekki \u00e1st\u00e6\u00f0u til \u00feess a\u00f0 afhenda henni s\u00e9rstaklega sta\u00f0festingu \u00e1 \u00fev\u00ed. \u00c6tla \u00fev\u00ed ekki a\u00f0 gera neitt meira \u00ed sambandi vi\u00f0 \u00feessa undirskriftas\u00f6fnun, hvorki a\u00f0 loka henni n\u00e9 augl\u00fdsa hana frekar.<\/p>\n<p>\u00dea\u00f0 er ekki \u00e1rennilegt a\u00f0 fara til Afr\u00edn \u00ed augnablikinu \u00fev\u00ed \u00fe\u00f3tt loft\u00e1r\u00e1sir hafi ekki veri\u00f0 ger\u00f0ar undanfari\u00f0 halda hersveitir Erdo\u011fans \u00edb\u00faum Afr\u00edn \u00ed heljargreipum. Str\u00ed\u00f0sgl\u00e6pir eru daglegt brau\u00f0 og \u00fear r\u00edkir upplausnar\u00e1stand sem \u00fer\u00e1tt fyrir <a href=\"https:\/\/sofrep.com\/101981\/anarchy-in-afrin-as-turkey-attempts-to-control-the-city\/\">\u00feessa fyris\u00f6gn<\/a> \u00e1 ekkert skylt vi\u00f0 anark\u00ed \u00ed p\u00f3lit\u00edskri merkingu. En skilabo\u00f0in sem \u00feeir 1933 sem hafa me\u00f0 \u00fe\u00e1ttt\u00f6ku sinni fari\u00f0 \u00feess \u00e1 leit a\u00f0 fors\u00e6tisr\u00e1\u00f0herra ford\u00e6mi innr\u00e1sina geta teki\u00f0 til s\u00edn eru \u00feessi:<\/p>\n<blockquote><p>Umr\u00e6\u00f0a og uppl\u00fdsing eru afskaplega \u00f3skilvirkar a\u00f0fer\u00f0ir til \u00feess a\u00f0 hafa \u00e1hrif. Ef \u00fe\u00fa vilt a\u00f0sto\u00f0a ofs\u00f3tta og \u00fej\u00e1\u00f0a er tilgangslaust a\u00f0 treysta \u00e1 samtakam\u00e1tt og \u00fev\u00ed s\u00ed\u00f0ur skaltu rei\u00f0a \u00feig \u00e1 \u00fej\u00f3\u00f0arlei\u00f0toga.<\/p><\/blockquote>\n<p>\u00deetta eru skilabo\u00f0 hins \u00fe\u00f6gla meirihluta og \u00feau eru sk\u00fdr. R\u00f6kr\u00e9tt \u00e1lyktun er s\u00fa a\u00f0 vali\u00f0 standi \u00e1 milli \u00feess a\u00f0 gefa sk\u00edt \u00ed mannr\u00e9ttindi e\u00f0a fara sj\u00e1lfur \u00e1 sta\u00f0inn og reyna a\u00f0 ver\u00f0a a\u00f0 einhverju gagni. Bretar eru b\u00fanir a\u00f0 missa \u00e1tta manns sem f\u00f3ru \u00fe\u00e1 lei\u00f0 til \u00feess a\u00f0 s\u00fdna K\u00fardum samst\u00f6\u00f0u. \u00c9g veit ekki hversu margir Grikkir, \u00cdtalir, \u00dej\u00f3\u00f0verjar, Frakkar, Hollendingar og Sp\u00e1nverjar hafa l\u00e1tist \u00ed \u00e1t\u00f6kum \u00ed Rojava en allt \u00fatlit er fyrir a\u00f0 einn\u00a0 \u00cdslendingur s\u00e9 \u00feegar l\u00e1tinn. Vonandi ver\u00f0ur hann s\u00e1 s\u00ed\u00f0asti. Kannski \u00e6tti ma\u00f0ur bara a\u00f0 fagna \u00fev\u00ed hversu f\u00e1ir l\u00e1ta sig mannr\u00e9ttindi og l\u00fd\u00f0r\u00e6\u00f0i \u00ed fjarl\u00e6gum heimslutum var\u00f0a fyrst er ekki h\u00e6gt a\u00f0 hafa \u00e1hrif nema setja sig \u00ed l\u00edfsh\u00e6ttu hvort sem er?<\/p>\n","protected":false},"excerpt":{"rendered":"<p>Og n\u00e6st ver\u00f0ur \u00fea\u00f0 &#8222;aldrei aftur Rojava&#8220;? \u00deessi undirskriftas\u00f6fnun hefur n\u00fa sta\u00f0i\u00f0 \u00ed t\u00e6par 3 vikur. Undirtektir hafa veri\u00f0 dr\u00e6mar, innan vi\u00f0 2000 manns hafa l\u00fdst stu\u00f0ningi vi\u00f0 \u00fea\u00f0 a\u00f0 \u00cdsland ford\u00e6mi innr\u00e1s Tyrkja \u00ed Afr\u00edn.<\/p>\n","protected":false},"author":2,"featured_media":0,"comment_status":"closed","ping_status":"closed","sticky":false,"template":"","format":"standard","meta":{"footnotes":"","_links_to":"","_links_to_target":""},"categories":[11,1],"tags":[1029,1033,1034,1023],"class_list":["post-13690","post","type-post","status-publish","format-standard","hentry","category-mannrettindi","category-pistlar","tag-afrin","tag-kurdar","tag-rojava","tag-syrland"],"yoast_head":"<!-- This site is optimized with the Yoast SEO plugin v27.4 - https:\/\/yoast.com\/product\/yoast-seo-wordpress\/ -->\n<title>L\u00edtill stu\u00f0ningur vi\u00f0 K\u00farda \u00e1 \u00cdslandi - Pistlar Evu<\/title>\n<meta name=\"description\" content=\"innan vi\u00f0 2000 manns hafa l\u00fdst stu\u00f0ningi vi\u00f0 \u00fea\u00f0 a\u00f0 \u00cdsland ford\u00e6mi innr\u00e1s Tyrkja \u00ed Afr\u00edn.\" \/>\n<meta name=\"robots\" content=\"index, follow, max-snippet:-1, max-image-preview:large, max-video-preview:-1\" \/>\n<link rel=\"canonical\" href=\"https:\/\/www.norn.is\/pistlar\/litill-studningur-vid-kurda-a-islandi\/\" \/>\n<meta property=\"og:locale\" content=\"is_IS\" \/>\n<meta property=\"og:type\" content=\"article\" \/>\n<meta property=\"og:title\" content=\"L\u00edtill stu\u00f0ningur vi\u00f0 K\u00farda \u00e1 \u00cdslandi - Pistlar Evu\" \/>\n<meta property=\"og:description\" content=\"innan vi\u00f0 2000 manns hafa l\u00fdst stu\u00f0ningi vi\u00f0 \u00fea\u00f0 a\u00f0 \u00cdsland ford\u00e6mi innr\u00e1s Tyrkja \u00ed Afr\u00edn.\" \/>\n<meta property=\"og:url\" content=\"https:\/\/www.norn.is\/pistlar\/litill-studningur-vid-kurda-a-islandi\/\" \/>\n<meta property=\"og:site_name\" content=\"Pistlar Evu\" \/>\n<meta property=\"article:published_time\" content=\"2018-04-16T16:46:40+00:00\" \/>\n<meta property=\"article:modified_time\" content=\"2018-09-23T18:07:32+00:00\" \/>\n<meta property=\"og:image\" content=\"http:\/\/www.norn.is\/pistlar\/wp-content\/uploads\/sites\/2\/2018\/06\/Darfur.gif\" \/>\n<meta name=\"author\" content=\"Eva Hauksd\u00f3ttir\" \/>\n<meta name=\"twitter:card\" content=\"summary_large_image\" \/>\n<meta name=\"twitter:label1\" content=\"Written by\" \/>\n\t<meta name=\"twitter:data1\" content=\"\" \/>\n\t<meta name=\"twitter:label2\" content=\"Est. reading time\" \/>\n\t<meta name=\"twitter:data2\" content=\"3 minutes\" \/>\n<script type=\"application\/ld+json\" class=\"yoast-schema-graph\">{\"@context\":\"https:\\\/\\\/schema.org\",\"@graph\":[{\"@type\":\"Article\",\"@id\":\"https:\\\/\\\/www.norn.is\\\/pistlar\\\/litill-studningur-vid-kurda-a-islandi\\\/#article\",\"isPartOf\":{\"@id\":\"https:\\\/\\\/www.norn.is\\\/pistlar\\\/litill-studningur-vid-kurda-a-islandi\\\/\"},\"author\":{\"name\":\"Eva Hauksd\u00f3ttir\",\"@id\":\"https:\\\/\\\/www.norn.is\\\/pistlar\\\/#\\\/schema\\\/person\\\/2eb0fcae9e1ecc61987f7ed9c878531c\"},\"headline\":\"L\u00edtill stu\u00f0ningur vi\u00f0 K\u00farda \u00e1 \u00cdslandi\",\"datePublished\":\"2018-04-16T16:46:40+00:00\",\"dateModified\":\"2018-09-23T18:07:32+00:00\",\"mainEntityOfPage\":{\"@id\":\"https:\\\/\\\/www.norn.is\\\/pistlar\\\/litill-studningur-vid-kurda-a-islandi\\\/\"},\"wordCount\":612,\"image\":{\"@id\":\"https:\\\/\\\/www.norn.is\\\/pistlar\\\/litill-studningur-vid-kurda-a-islandi\\\/#primaryimage\"},\"thumbnailUrl\":\"http:\\\/\\\/www.norn.is\\\/pistlar\\\/wp-content\\\/uploads\\\/sites\\\/2\\\/2018\\\/06\\\/Darfur.gif\",\"keywords\":[\"Afrin\",\"K\u00fardar\",\"Rojava\",\"S\u00fdrland\"],\"articleSection\":[\"Mannr\u00e9ttinda og fri\u00f0arm\u00e1l\",\"Pistlar um samf\u00e9lagsm\u00e1l\"],\"inLanguage\":\"is\"},{\"@type\":\"WebPage\",\"@id\":\"https:\\\/\\\/www.norn.is\\\/pistlar\\\/litill-studningur-vid-kurda-a-islandi\\\/\",\"url\":\"https:\\\/\\\/www.norn.is\\\/pistlar\\\/litill-studningur-vid-kurda-a-islandi\\\/\",\"name\":\"L\u00edtill stu\u00f0ningur vi\u00f0 K\u00farda \u00e1 \u00cdslandi - Pistlar Evu\",\"isPartOf\":{\"@id\":\"https:\\\/\\\/www.norn.is\\\/pistlar\\\/#website\"},\"primaryImageOfPage\":{\"@id\":\"https:\\\/\\\/www.norn.is\\\/pistlar\\\/litill-studningur-vid-kurda-a-islandi\\\/#primaryimage\"},\"image\":{\"@id\":\"https:\\\/\\\/www.norn.is\\\/pistlar\\\/litill-studningur-vid-kurda-a-islandi\\\/#primaryimage\"},\"thumbnailUrl\":\"http:\\\/\\\/www.norn.is\\\/pistlar\\\/wp-content\\\/uploads\\\/sites\\\/2\\\/2018\\\/06\\\/Darfur.gif\",\"datePublished\":\"2018-04-16T16:46:40+00:00\",\"dateModified\":\"2018-09-23T18:07:32+00:00\",\"author\":{\"@id\":\"https:\\\/\\\/www.norn.is\\\/pistlar\\\/#\\\/schema\\\/person\\\/2eb0fcae9e1ecc61987f7ed9c878531c\"},\"description\":\"innan vi\u00f0 2000 manns hafa l\u00fdst stu\u00f0ningi vi\u00f0 \u00fea\u00f0 a\u00f0 \u00cdsland ford\u00e6mi innr\u00e1s Tyrkja \u00ed Afr\u00edn.\",\"breadcrumb\":{\"@id\":\"https:\\\/\\\/www.norn.is\\\/pistlar\\\/litill-studningur-vid-kurda-a-islandi\\\/#breadcrumb\"},\"inLanguage\":\"is\",\"potentialAction\":[{\"@type\":\"ReadAction\",\"target\":[\"https:\\\/\\\/www.norn.is\\\/pistlar\\\/litill-studningur-vid-kurda-a-islandi\\\/\"]}]},{\"@type\":\"ImageObject\",\"inLanguage\":\"is\",\"@id\":\"https:\\\/\\\/www.norn.is\\\/pistlar\\\/litill-studningur-vid-kurda-a-islandi\\\/#primaryimage\",\"url\":\"http:\\\/\\\/www.norn.is\\\/pistlar\\\/wp-content\\\/uploads\\\/sites\\\/2\\\/2018\\\/06\\\/Darfur.gif\",\"contentUrl\":\"http:\\\/\\\/www.norn.is\\\/pistlar\\\/wp-content\\\/uploads\\\/sites\\\/2\\\/2018\\\/06\\\/Darfur.gif\"},{\"@type\":\"BreadcrumbList\",\"@id\":\"https:\\\/\\\/www.norn.is\\\/pistlar\\\/litill-studningur-vid-kurda-a-islandi\\\/#breadcrumb\",\"itemListElement\":[{\"@type\":\"ListItem\",\"position\":1,\"name\":\"Home\",\"item\":\"https:\\\/\\\/www.norn.is\\\/pistlar\\\/\"},{\"@type\":\"ListItem\",\"position\":2,\"name\":\"L\u00edtill stu\u00f0ningur vi\u00f0 K\u00farda \u00e1 \u00cdslandi\"}]},{\"@type\":\"WebSite\",\"@id\":\"https:\\\/\\\/www.norn.is\\\/pistlar\\\/#website\",\"url\":\"https:\\\/\\\/www.norn.is\\\/pistlar\\\/\",\"name\":\"Pistlar Evu\",\"description\":\"\",\"potentialAction\":[{\"@type\":\"SearchAction\",\"target\":{\"@type\":\"EntryPoint\",\"urlTemplate\":\"https:\\\/\\\/www.norn.is\\\/pistlar\\\/?s={search_term_string}\"},\"query-input\":{\"@type\":\"PropertyValueSpecification\",\"valueRequired\":true,\"valueName\":\"search_term_string\"}}],\"inLanguage\":\"is\"},{\"@type\":\"Person\",\"@id\":\"https:\\\/\\\/www.norn.is\\\/pistlar\\\/#\\\/schema\\\/person\\\/2eb0fcae9e1ecc61987f7ed9c878531c\",\"name\":\"Eva Hauksd\u00f3ttir\",\"sameAs\":[\"http:\\\/\\\/www.norn.is\"],\"url\":\"https:\\\/\\\/www.norn.is\\\/pistlar\\\/author\\\/eva\\\/\"}]}<\/script>\n<!-- \/ Yoast SEO plugin. -->","yoast_head_json":{"title":"L\u00edtill stu\u00f0ningur vi\u00f0 K\u00farda \u00e1 \u00cdslandi - Pistlar Evu","description":"innan vi\u00f0 2000 manns hafa l\u00fdst stu\u00f0ningi vi\u00f0 \u00fea\u00f0 a\u00f0 \u00cdsland ford\u00e6mi innr\u00e1s Tyrkja \u00ed Afr\u00edn.","robots":{"index":"index","follow":"follow","max-snippet":"max-snippet:-1","max-image-preview":"max-image-preview:large","max-video-preview":"max-video-preview:-1"},"canonical":"https:\/\/www.norn.is\/pistlar\/litill-studningur-vid-kurda-a-islandi\/","og_locale":"is_IS","og_type":"article","og_title":"L\u00edtill stu\u00f0ningur vi\u00f0 K\u00farda \u00e1 \u00cdslandi - Pistlar Evu","og_description":"innan vi\u00f0 2000 manns hafa l\u00fdst stu\u00f0ningi vi\u00f0 \u00fea\u00f0 a\u00f0 \u00cdsland ford\u00e6mi innr\u00e1s Tyrkja \u00ed Afr\u00edn.","og_url":"https:\/\/www.norn.is\/pistlar\/litill-studningur-vid-kurda-a-islandi\/","og_site_name":"Pistlar Evu","article_published_time":"2018-04-16T16:46:40+00:00","article_modified_time":"2018-09-23T18:07:32+00:00","og_image":[{"url":"http:\/\/www.norn.is\/pistlar\/wp-content\/uploads\/sites\/2\/2018\/06\/Darfur.gif","type":"","width":"","height":""}],"author":"Eva Hauksd\u00f3ttir","twitter_card":"summary_large_image","twitter_misc":{"Written by":false,"Est. reading time":"3 minutes"},"schema":{"@context":"https:\/\/schema.org","@graph":[{"@type":"Article","@id":"https:\/\/www.norn.is\/pistlar\/litill-studningur-vid-kurda-a-islandi\/#article","isPartOf":{"@id":"https:\/\/www.norn.is\/pistlar\/litill-studningur-vid-kurda-a-islandi\/"},"author":{"name":"Eva Hauksd\u00f3ttir","@id":"https:\/\/www.norn.is\/pistlar\/#\/schema\/person\/2eb0fcae9e1ecc61987f7ed9c878531c"},"headline":"L\u00edtill stu\u00f0ningur vi\u00f0 K\u00farda \u00e1 \u00cdslandi","datePublished":"2018-04-16T16:46:40+00:00","dateModified":"2018-09-23T18:07:32+00:00","mainEntityOfPage":{"@id":"https:\/\/www.norn.is\/pistlar\/litill-studningur-vid-kurda-a-islandi\/"},"wordCount":612,"image":{"@id":"https:\/\/www.norn.is\/pistlar\/litill-studningur-vid-kurda-a-islandi\/#primaryimage"},"thumbnailUrl":"http:\/\/www.norn.is\/pistlar\/wp-content\/uploads\/sites\/2\/2018\/06\/Darfur.gif","keywords":["Afrin","K\u00fardar","Rojava","S\u00fdrland"],"articleSection":["Mannr\u00e9ttinda og fri\u00f0arm\u00e1l","Pistlar um samf\u00e9lagsm\u00e1l"],"inLanguage":"is"},{"@type":"WebPage","@id":"https:\/\/www.norn.is\/pistlar\/litill-studningur-vid-kurda-a-islandi\/","url":"https:\/\/www.norn.is\/pistlar\/litill-studningur-vid-kurda-a-islandi\/","name":"L\u00edtill stu\u00f0ningur vi\u00f0 K\u00farda \u00e1 \u00cdslandi - Pistlar Evu","isPartOf":{"@id":"https:\/\/www.norn.is\/pistlar\/#website"},"primaryImageOfPage":{"@id":"https:\/\/www.norn.is\/pistlar\/litill-studningur-vid-kurda-a-islandi\/#primaryimage"},"image":{"@id":"https:\/\/www.norn.is\/pistlar\/litill-studningur-vid-kurda-a-islandi\/#primaryimage"},"thumbnailUrl":"http:\/\/www.norn.is\/pistlar\/wp-content\/uploads\/sites\/2\/2018\/06\/Darfur.gif","datePublished":"2018-04-16T16:46:40+00:00","dateModified":"2018-09-23T18:07:32+00:00","author":{"@id":"https:\/\/www.norn.is\/pistlar\/#\/schema\/person\/2eb0fcae9e1ecc61987f7ed9c878531c"},"description":"innan vi\u00f0 2000 manns hafa l\u00fdst stu\u00f0ningi vi\u00f0 \u00fea\u00f0 a\u00f0 \u00cdsland ford\u00e6mi innr\u00e1s Tyrkja \u00ed Afr\u00edn.","breadcrumb":{"@id":"https:\/\/www.norn.is\/pistlar\/litill-studningur-vid-kurda-a-islandi\/#breadcrumb"},"inLanguage":"is","potentialAction":[{"@type":"ReadAction","target":["https:\/\/www.norn.is\/pistlar\/litill-studningur-vid-kurda-a-islandi\/"]}]},{"@type":"ImageObject","inLanguage":"is","@id":"https:\/\/www.norn.is\/pistlar\/litill-studningur-vid-kurda-a-islandi\/#primaryimage","url":"http:\/\/www.norn.is\/pistlar\/wp-content\/uploads\/sites\/2\/2018\/06\/Darfur.gif","contentUrl":"http:\/\/www.norn.is\/pistlar\/wp-content\/uploads\/sites\/2\/2018\/06\/Darfur.gif"},{"@type":"BreadcrumbList","@id":"https:\/\/www.norn.is\/pistlar\/litill-studningur-vid-kurda-a-islandi\/#breadcrumb","itemListElement":[{"@type":"ListItem","position":1,"name":"Home","item":"https:\/\/www.norn.is\/pistlar\/"},{"@type":"ListItem","position":2,"name":"L\u00edtill stu\u00f0ningur vi\u00f0 K\u00farda \u00e1 \u00cdslandi"}]},{"@type":"WebSite","@id":"https:\/\/www.norn.is\/pistlar\/#website","url":"https:\/\/www.norn.is\/pistlar\/","name":"Pistlar Evu","description":"","potentialAction":[{"@type":"SearchAction","target":{"@type":"EntryPoint","urlTemplate":"https:\/\/www.norn.is\/pistlar\/?s={search_term_string}"},"query-input":{"@type":"PropertyValueSpecification","valueRequired":true,"valueName":"search_term_string"}}],"inLanguage":"is"},{"@type":"Person","@id":"https:\/\/www.norn.is\/pistlar\/#\/schema\/person\/2eb0fcae9e1ecc61987f7ed9c878531c","name":"Eva Hauksd\u00f3ttir","sameAs":["http:\/\/www.norn.is"],"url":"https:\/\/www.norn.is\/pistlar\/author\/eva\/"}]}},"_links":{"self":[{"href":"https:\/\/www.norn.is\/pistlar\/wp-json\/wp\/v2\/posts\/13690","targetHints":{"allow":["GET"]}}],"collection":[{"href":"https:\/\/www.norn.is\/pistlar\/wp-json\/wp\/v2\/posts"}],"about":[{"href":"https:\/\/www.norn.is\/pistlar\/wp-json\/wp\/v2\/types\/post"}],"author":[{"embeddable":true,"href":"https:\/\/www.norn.is\/pistlar\/wp-json\/wp\/v2\/users\/2"}],"replies":[{"embeddable":true,"href":"https:\/\/www.norn.is\/pistlar\/wp-json\/wp\/v2\/comments?post=13690"}],"version-history":[{"count":1,"href":"https:\/\/www.norn.is\/pistlar\/wp-json\/wp\/v2\/posts\/13690\/revisions"}],"predecessor-version":[{"id":13692,"href":"https:\/\/www.norn.is\/pistlar\/wp-json\/wp\/v2\/posts\/13690\/revisions\/13692"}],"wp:attachment":[{"href":"https:\/\/www.norn.is\/pistlar\/wp-json\/wp\/v2\/media?parent=13690"}],"wp:term":[{"taxonomy":"category","embeddable":true,"href":"https:\/\/www.norn.is\/pistlar\/wp-json\/wp\/v2\/categories?post=13690"},{"taxonomy":"post_tag","embeddable":true,"href":"https:\/\/www.norn.is\/pistlar\/wp-json\/wp\/v2\/tags?post=13690"}],"curies":[{"name":"wp","href":"https:\/\/api.w.org\/{rel}","templated":true}]}}