{"id":13683,"date":"2018-03-28T10:07:25","date_gmt":"2018-03-28T10:07:25","guid":{"rendered":"http:\/\/www.norn.is\/pistlar\/?p=13683"},"modified":"2018-06-04T18:14:40","modified_gmt":"2018-06-04T18:14:40","slug":"askorun-um-vidbrogd-vid-innras-tyrkja-i-afrin","status":"publish","type":"post","link":"https:\/\/www.norn.is\/pistlar\/askorun-um-vidbrogd-vid-innras-tyrkja-i-afrin\/","title":{"rendered":"\u00c1skorun um vi\u00f0br\u00f6g\u00f0 vi\u00f0 innr\u00e1s Tyrkja \u00ed Afr\u00edn"},"content":{"rendered":"<p><a href=\"http:\/\/www.norn.is\/pistlar\/wp-content\/uploads\/sites\/2\/2018\/06\/000.png\"><img loading=\"lazy\" decoding=\"async\" class=\"aligncenter size-full wp-image-13684\" src=\"http:\/\/www.norn.is\/pistlar\/wp-content\/uploads\/sites\/2\/2018\/06\/000.png\" alt=\"\" width=\"1359\" height=\"1018\" srcset=\"https:\/\/www.norn.is\/pistlar\/wp-content\/uploads\/sites\/2\/2018\/06\/000.png 1359w, https:\/\/www.norn.is\/pistlar\/wp-content\/uploads\/sites\/2\/2018\/06\/000-300x225.png 300w, https:\/\/www.norn.is\/pistlar\/wp-content\/uploads\/sites\/2\/2018\/06\/000-768x575.png 768w, https:\/\/www.norn.is\/pistlar\/wp-content\/uploads\/sites\/2\/2018\/06\/000-1024x767.png 1024w, https:\/\/www.norn.is\/pistlar\/wp-content\/uploads\/sites\/2\/2018\/06\/000-400x300.png 400w\" sizes=\"auto, (max-width: 1359px) 100vw, 1359px\" \/><\/a><\/p>\n<p>\u00dear sem hvorki fr\u00e9ttir fr\u00e1 S\u00fdrlandi n\u00e9 mitt eigi\u00f0 \u00e1kall um vi\u00f0br\u00f6g\u00f0 stj\u00f3rnvalda vi\u00f0 innr\u00e1s Tyrkja \u00ed Afr\u00edn hafa skila\u00f0 \u00e1rangri, bi\u00f0 \u00e9g um a\u00f0sto\u00f0 allra \u00feeirra sem telja r\u00e9tt a\u00f0 \u00cdslenska r\u00edki\u00f0 ford\u00e6mi innr\u00e1sina. <a href=\"https:\/\/www.change.org\/p\/katr%C3%ADn-jakobsd%C3%B3ttir-ford%C3%A6mum-innr%C3%A1s-tyrkja-%C3%AD-afr%C3%ADn?recruiter=6622324&amp;utm_source=share_petition&amp;utm_medium=copylink&amp;utm_campaign=share_petition&amp;utm_term=share_for_starters_page\">H\u00e6gt er a\u00f0 undirrita \u00e1skorun h\u00e9r<\/a>.<!--more--><\/p>\n<p>K\u00fardar\u00a0eru\u00a0st\u00e6rsta landlausa\u00a0\u00fej\u00f3\u00f0\u00a0veraldar og hafa gegnum t\u00ed\u00f0ina b\u00fai\u00f0 vi\u00f0 st\u00f6\u00f0ugar ofs\u00f3knir. Fj\u00f6ldamor\u00f0 Saddams Hussein \u00e1 K\u00fardum voru \u00e1 s\u00ednum t\u00edma \u00farskur\u00f0u\u00f0 \u00fej\u00f3\u00f0armor\u00f0 fyrir Al\u00fej\u00f3\u00f0lega gl\u00e6pad\u00f3mst\u00f3lnum \u00ed Haag og \u00e1 seinni \u00e1rum hafa Sameinu\u00f0u \u00fej\u00f3\u00f0irnar skilgreint ofs\u00f3knir Islamska r\u00edkisins gegn Yazidi-f\u00f3lkinu \u00ed Irak sem \u00fej\u00f3\u00f0armor\u00f0.<\/p>\n<p>S\u00ed\u00f0ustu \u00e1rin hafa K\u00fardar barist fyrir r\u00e9tti s\u00ednum til sj\u00e1lfsstj\u00f3rnarsv\u00e6\u00f0is og lagt sig fram um a\u00f0 byggja upp samf\u00e9lag \u00e1 grundvelli jafnr\u00e9ttis, l\u00fd\u00f0r\u00e6\u00f0is og tr\u00fafrelsis. \u00deessari samf\u00e9lagstilraun hefur veri\u00f0 m\u00e6tt af fullri h\u00f6rku \u00far \u00fdmsum \u00e1ttum \u00fear \u00e1 me\u00f0al af h\u00e1lfu Tyrklands sem eins og \u00cdsland \u00e1 a\u00f0ild a\u00f0 Atlantshafsbandalaginu.<\/p>\n<p>Me\u00f0al \u00feeirra sem har\u00f0ast hafa gengi\u00f0 fram gegn K\u00fardum \u00e1 s\u00ed\u00f0ustu \u00e1rum m\u00e1 nefna li\u00f0smenn Islamska r\u00edkisins sem n\u00e1\u00f0u yfirr\u00e1\u00f0um \u00ed borginni Raqqa me\u00f0 gegndarlausu ofbeldi, \u00fear \u00e1 me\u00f0al \u00a0opinberum aft\u00f6kum. \u00deeim var a\u00f0 lokum st\u00f6kkt \u00e1 brott, mestmegins af k\u00fard\u00edskum andspyrnuhreyfingum, \u00ed okt\u00f3ber 2017. S\u00fdrlenskar \u00e1r\u00e1sarsveitir undir stj\u00f3rn Assads og me\u00f0 fulltingi R\u00fassa, hafa herja\u00f0 \u00e1 Austur Ghouta, me\u00f0al annars me\u00f0 efnavopnum. Tyrkir n\u00e1\u00f0u yfirr\u00e1\u00f0um \u00ed Afr\u00edn um mi\u00f0jan mars, eftir r\u00edflega 7 vikna linnulausar loft\u00e1r\u00e1sir me\u00f0 dyggum stu\u00f0ningi Islamista og s\u00fdrlenskra hersveita. Ofbeldinu er \u00fe\u00f3 hvergi n\u00e6rri loki\u00f0 og hefur Erdo\u011fan, forseti Tyrklands, n\u00fa tilkynnt a\u00f0 hersveitir hans muni halda \u00e1fram innr\u00e1s sinni \u00ed Rojava. N\u00e6st ver\u00f0i r\u00e1\u00f0ist \u00e1 Tal Rifaat \u00fear sem n\u00fa dvelja um 50.000 fl\u00f3ttamenn sem flestir hafa fl\u00fai\u00f0 Afr\u00edn.<\/p>\n<p>\u00dea\u00f0 er hryggilegt a\u00f0 \u00cdslendingar skuli telja sig til bandamanna \u00fej\u00f3\u00f0a sem fremja vo\u00f0averk \u00ed skj\u00f3li r\u00edkisvalds og hafa n\u00fdtt s\u00e9r stu\u00f0ning hry\u00f0juverkasamtaka \u00e1 bor\u00f0 vi\u00f0 Islamska r\u00edki\u00f0. \u00dea\u00f0 er al\u00fej\u00f3\u00f0asamf\u00e9laginu til h\u00e1borinnar skammar a\u00f0 l\u00e1ta ofs\u00f3knir gegn K\u00fardum vi\u00f0gangast og \u00fea\u00f0 er me\u00f0 \u00f6llu \u00f3\u00e1s\u00e6ttanlegt a\u00f0 \u00cdslendingar taki \u00fev\u00ed \u00feegjandi.<\/p>\n<p><a href=\"https:\/\/www.change.org\/p\/katr%C3%ADn-jakobsd%C3%B3ttir-ford%C3%A6mum-innr%C3%A1s-tyrkja-%C3%AD-afr%C3%ADn?recruiter=6622324&amp;utm_source=share_petition&amp;utm_medium=copylink&amp;utm_campaign=share_petition&amp;utm_term=share_for_starters_page\">H\u00e9r m\u00e1 undirrita svohlj\u00f3\u00f0andi \u00e1skorun:<\/a><\/p>\n<p>\u00cd \u00e1g\u00fast 2016\u00a0hvatti \u00feingflokkur Vinstri gr\u00e6nna \u00edslensk stj\u00f3rnv\u00f6ld\u00a0til a\u00f0 ford\u00e6ma mannr\u00e9ttindabrot Tyrkja gegn K\u00fardum, \u00e1 al\u00fej\u00f3\u00f0avettvangi. Ekki br\u00e1st \u00fe\u00e1verandi r\u00edkistj\u00f3rn vi\u00f0 \u00e1kallinu. N\u00fa \u00feegar Vinsti gr\u00e6n eru lei\u00f0andi \u00ed r\u00edkisstj\u00f3rn v\u00e6ri vi\u00f0 h\u00e6fi a\u00f0 \u00feingflokkur \u00feeirra gengist fyrir \u00fev\u00ed a\u00f0 \u00cdslenska r\u00edki\u00f0 taki opinbera afst\u00f6\u00f0u til innr\u00e1sar Tyrkja \u00ed Rojava og ford\u00e6mi hana \u00e1 al\u00fej\u00f3\u00f0avettvangi.<\/p>\n<p>Vi\u00f0 undirritu\u00f0 skorum \u00fev\u00ed \u00e1 fors\u00e6tisr\u00e1\u00f0herra landsins, Katr\u00ednu Jakobsd\u00f3ttur, a\u00f0 beita s\u00e9r fyrir \u00fev\u00ed a\u00f0 r\u00edkisstj\u00f3rnin ford\u00e6mi innr\u00e1s Tyrkja \u00ed Afr\u00edn og mannr\u00e9ttindabrot \u00feeirra gegn K\u00fardum. N\u00e1i \u00fea\u00f0 ekki fram a\u00f0 ganga skorum vi\u00f0 \u00e1 Katr\u00ednu a\u00f0\u00a0 a\u00f0 senda fr\u00e1 s\u00e9r sl\u00edka yfirl\u00fdsingu \u00ed eigin nafni.<\/p>\n","protected":false},"excerpt":{"rendered":"<p>\u00dear sem hvorki fr\u00e9ttir fr\u00e1 S\u00fdrlandi n\u00e9 mitt eigi\u00f0 \u00e1kall um vi\u00f0br\u00f6g\u00f0 stj\u00f3rnvalda vi\u00f0 innr\u00e1s Tyrkja \u00ed Afr\u00edn hafa skila\u00f0 \u00e1rangri, bi\u00f0 \u00e9g um a\u00f0sto\u00f0 allra \u00feeirra sem telja r\u00e9tt a\u00f0 \u00cdslenska r\u00edki\u00f0 ford\u00e6mi innr\u00e1sina. H\u00e6gt er a\u00f0 undirrita \u00e1skorun &hellip; <a href=\"https:\/\/www.norn.is\/pistlar\/askorun-um-vidbrogd-vid-innras-tyrkja-i-afrin\/\">Halda \u00e1fram a\u00f0 lesa <span class=\"meta-nav\">&rarr;<\/span><\/a><\/p>\n","protected":false},"author":2,"featured_media":0,"comment_status":"closed","ping_status":"closed","sticky":false,"template":"","format":"standard","meta":{"footnotes":"","_links_to":"","_links_to_target":""},"categories":[11,1],"tags":[1029,1023],"class_list":["post-13683","post","type-post","status-publish","format-standard","hentry","category-mannrettindi","category-pistlar","tag-afrin","tag-syrland"],"yoast_head":"<!-- This site is optimized with the Yoast SEO plugin v27.5 - https:\/\/yoast.com\/product\/yoast-seo-wordpress\/ -->\n<title>\u00c1skorun um vi\u00f0br\u00f6g\u00f0 vi\u00f0 innr\u00e1s Tyrkja \u00ed Afr\u00edn - Pistlar Evu<\/title>\n<meta name=\"robots\" content=\"index, follow, max-snippet:-1, max-image-preview:large, max-video-preview:-1\" \/>\n<link rel=\"canonical\" href=\"https:\/\/www.norn.is\/pistlar\/askorun-um-vidbrogd-vid-innras-tyrkja-i-afrin\/\" \/>\n<meta property=\"og:locale\" content=\"is_IS\" \/>\n<meta property=\"og:type\" content=\"article\" \/>\n<meta property=\"og:title\" content=\"\u00c1skorun um vi\u00f0br\u00f6g\u00f0 vi\u00f0 innr\u00e1s Tyrkja \u00ed Afr\u00edn - Pistlar Evu\" \/>\n<meta property=\"og:description\" content=\"\u00dear sem hvorki fr\u00e9ttir fr\u00e1 S\u00fdrlandi n\u00e9 mitt eigi\u00f0 \u00e1kall um vi\u00f0br\u00f6g\u00f0 stj\u00f3rnvalda vi\u00f0 innr\u00e1s Tyrkja \u00ed Afr\u00edn hafa skila\u00f0 \u00e1rangri, bi\u00f0 \u00e9g um a\u00f0sto\u00f0 allra \u00feeirra sem telja r\u00e9tt a\u00f0 \u00cdslenska r\u00edki\u00f0 ford\u00e6mi innr\u00e1sina. H\u00e6gt er a\u00f0 undirrita \u00e1skorun &hellip; Halda \u00e1fram a\u00f0 lesa &rarr;\" \/>\n<meta property=\"og:url\" content=\"https:\/\/www.norn.is\/pistlar\/askorun-um-vidbrogd-vid-innras-tyrkja-i-afrin\/\" \/>\n<meta property=\"og:site_name\" content=\"Pistlar Evu\" \/>\n<meta property=\"article:published_time\" content=\"2018-03-28T10:07:25+00:00\" \/>\n<meta property=\"article:modified_time\" content=\"2018-06-04T18:14:40+00:00\" \/>\n<meta property=\"og:image\" content=\"http:\/\/www.norn.is\/pistlar\/wp-content\/uploads\/sites\/2\/2018\/06\/000.png\" \/>\n<meta name=\"author\" content=\"Eva Hauksd\u00f3ttir\" \/>\n<meta name=\"twitter:card\" content=\"summary_large_image\" \/>\n<meta name=\"twitter:label1\" content=\"Written by\" \/>\n\t<meta name=\"twitter:data1\" content=\"\" \/>\n\t<meta name=\"twitter:label2\" content=\"Est. reading time\" \/>\n\t<meta name=\"twitter:data2\" content=\"3 minutes\" \/>\n<script type=\"application\/ld+json\" class=\"yoast-schema-graph\">{\"@context\":\"https:\\\/\\\/schema.org\",\"@graph\":[{\"@type\":\"Article\",\"@id\":\"https:\\\/\\\/www.norn.is\\\/pistlar\\\/askorun-um-vidbrogd-vid-innras-tyrkja-i-afrin\\\/#article\",\"isPartOf\":{\"@id\":\"https:\\\/\\\/www.norn.is\\\/pistlar\\\/askorun-um-vidbrogd-vid-innras-tyrkja-i-afrin\\\/\"},\"author\":{\"name\":\"Eva Hauksd\u00f3ttir\",\"@id\":\"https:\\\/\\\/www.norn.is\\\/pistlar\\\/#\\\/schema\\\/person\\\/2eb0fcae9e1ecc61987f7ed9c878531c\"},\"headline\":\"\u00c1skorun um vi\u00f0br\u00f6g\u00f0 vi\u00f0 innr\u00e1s Tyrkja \u00ed Afr\u00edn\",\"datePublished\":\"2018-03-28T10:07:25+00:00\",\"dateModified\":\"2018-06-04T18:14:40+00:00\",\"mainEntityOfPage\":{\"@id\":\"https:\\\/\\\/www.norn.is\\\/pistlar\\\/askorun-um-vidbrogd-vid-innras-tyrkja-i-afrin\\\/\"},\"wordCount\":552,\"image\":{\"@id\":\"https:\\\/\\\/www.norn.is\\\/pistlar\\\/askorun-um-vidbrogd-vid-innras-tyrkja-i-afrin\\\/#primaryimage\"},\"thumbnailUrl\":\"http:\\\/\\\/www.norn.is\\\/pistlar\\\/wp-content\\\/uploads\\\/sites\\\/2\\\/2018\\\/06\\\/000.png\",\"keywords\":[\"Afrin\",\"S\u00fdrland\"],\"articleSection\":[\"Mannr\u00e9ttinda og fri\u00f0arm\u00e1l\",\"Pistlar um samf\u00e9lagsm\u00e1l\"],\"inLanguage\":\"is\"},{\"@type\":\"WebPage\",\"@id\":\"https:\\\/\\\/www.norn.is\\\/pistlar\\\/askorun-um-vidbrogd-vid-innras-tyrkja-i-afrin\\\/\",\"url\":\"https:\\\/\\\/www.norn.is\\\/pistlar\\\/askorun-um-vidbrogd-vid-innras-tyrkja-i-afrin\\\/\",\"name\":\"\u00c1skorun um vi\u00f0br\u00f6g\u00f0 vi\u00f0 innr\u00e1s Tyrkja \u00ed Afr\u00edn - Pistlar Evu\",\"isPartOf\":{\"@id\":\"https:\\\/\\\/www.norn.is\\\/pistlar\\\/#website\"},\"primaryImageOfPage\":{\"@id\":\"https:\\\/\\\/www.norn.is\\\/pistlar\\\/askorun-um-vidbrogd-vid-innras-tyrkja-i-afrin\\\/#primaryimage\"},\"image\":{\"@id\":\"https:\\\/\\\/www.norn.is\\\/pistlar\\\/askorun-um-vidbrogd-vid-innras-tyrkja-i-afrin\\\/#primaryimage\"},\"thumbnailUrl\":\"http:\\\/\\\/www.norn.is\\\/pistlar\\\/wp-content\\\/uploads\\\/sites\\\/2\\\/2018\\\/06\\\/000.png\",\"datePublished\":\"2018-03-28T10:07:25+00:00\",\"dateModified\":\"2018-06-04T18:14:40+00:00\",\"author\":{\"@id\":\"https:\\\/\\\/www.norn.is\\\/pistlar\\\/#\\\/schema\\\/person\\\/2eb0fcae9e1ecc61987f7ed9c878531c\"},\"breadcrumb\":{\"@id\":\"https:\\\/\\\/www.norn.is\\\/pistlar\\\/askorun-um-vidbrogd-vid-innras-tyrkja-i-afrin\\\/#breadcrumb\"},\"inLanguage\":\"is\",\"potentialAction\":[{\"@type\":\"ReadAction\",\"target\":[\"https:\\\/\\\/www.norn.is\\\/pistlar\\\/askorun-um-vidbrogd-vid-innras-tyrkja-i-afrin\\\/\"]}]},{\"@type\":\"ImageObject\",\"inLanguage\":\"is\",\"@id\":\"https:\\\/\\\/www.norn.is\\\/pistlar\\\/askorun-um-vidbrogd-vid-innras-tyrkja-i-afrin\\\/#primaryimage\",\"url\":\"http:\\\/\\\/www.norn.is\\\/pistlar\\\/wp-content\\\/uploads\\\/sites\\\/2\\\/2018\\\/06\\\/000.png\",\"contentUrl\":\"http:\\\/\\\/www.norn.is\\\/pistlar\\\/wp-content\\\/uploads\\\/sites\\\/2\\\/2018\\\/06\\\/000.png\"},{\"@type\":\"BreadcrumbList\",\"@id\":\"https:\\\/\\\/www.norn.is\\\/pistlar\\\/askorun-um-vidbrogd-vid-innras-tyrkja-i-afrin\\\/#breadcrumb\",\"itemListElement\":[{\"@type\":\"ListItem\",\"position\":1,\"name\":\"Home\",\"item\":\"https:\\\/\\\/www.norn.is\\\/pistlar\\\/\"},{\"@type\":\"ListItem\",\"position\":2,\"name\":\"\u00c1skorun um vi\u00f0br\u00f6g\u00f0 vi\u00f0 innr\u00e1s Tyrkja \u00ed Afr\u00edn\"}]},{\"@type\":\"WebSite\",\"@id\":\"https:\\\/\\\/www.norn.is\\\/pistlar\\\/#website\",\"url\":\"https:\\\/\\\/www.norn.is\\\/pistlar\\\/\",\"name\":\"Pistlar Evu\",\"description\":\"\",\"potentialAction\":[{\"@type\":\"SearchAction\",\"target\":{\"@type\":\"EntryPoint\",\"urlTemplate\":\"https:\\\/\\\/www.norn.is\\\/pistlar\\\/?s={search_term_string}\"},\"query-input\":{\"@type\":\"PropertyValueSpecification\",\"valueRequired\":true,\"valueName\":\"search_term_string\"}}],\"inLanguage\":\"is\"},{\"@type\":\"Person\",\"@id\":\"https:\\\/\\\/www.norn.is\\\/pistlar\\\/#\\\/schema\\\/person\\\/2eb0fcae9e1ecc61987f7ed9c878531c\",\"name\":\"Eva Hauksd\u00f3ttir\",\"sameAs\":[\"http:\\\/\\\/www.norn.is\"],\"url\":\"https:\\\/\\\/www.norn.is\\\/pistlar\\\/author\\\/eva\\\/\"}]}<\/script>\n<!-- \/ Yoast SEO plugin. -->","yoast_head_json":{"title":"\u00c1skorun um vi\u00f0br\u00f6g\u00f0 vi\u00f0 innr\u00e1s Tyrkja \u00ed Afr\u00edn - Pistlar Evu","robots":{"index":"index","follow":"follow","max-snippet":"max-snippet:-1","max-image-preview":"max-image-preview:large","max-video-preview":"max-video-preview:-1"},"canonical":"https:\/\/www.norn.is\/pistlar\/askorun-um-vidbrogd-vid-innras-tyrkja-i-afrin\/","og_locale":"is_IS","og_type":"article","og_title":"\u00c1skorun um vi\u00f0br\u00f6g\u00f0 vi\u00f0 innr\u00e1s Tyrkja \u00ed Afr\u00edn - Pistlar Evu","og_description":"\u00dear sem hvorki fr\u00e9ttir fr\u00e1 S\u00fdrlandi n\u00e9 mitt eigi\u00f0 \u00e1kall um vi\u00f0br\u00f6g\u00f0 stj\u00f3rnvalda vi\u00f0 innr\u00e1s Tyrkja \u00ed Afr\u00edn hafa skila\u00f0 \u00e1rangri, bi\u00f0 \u00e9g um a\u00f0sto\u00f0 allra \u00feeirra sem telja r\u00e9tt a\u00f0 \u00cdslenska r\u00edki\u00f0 ford\u00e6mi innr\u00e1sina. H\u00e6gt er a\u00f0 undirrita \u00e1skorun &hellip; Halda \u00e1fram a\u00f0 lesa &rarr;","og_url":"https:\/\/www.norn.is\/pistlar\/askorun-um-vidbrogd-vid-innras-tyrkja-i-afrin\/","og_site_name":"Pistlar Evu","article_published_time":"2018-03-28T10:07:25+00:00","article_modified_time":"2018-06-04T18:14:40+00:00","og_image":[{"url":"http:\/\/www.norn.is\/pistlar\/wp-content\/uploads\/sites\/2\/2018\/06\/000.png","type":"","width":"","height":""}],"author":"Eva Hauksd\u00f3ttir","twitter_card":"summary_large_image","twitter_misc":{"Written by":false,"Est. reading time":"3 minutes"},"schema":{"@context":"https:\/\/schema.org","@graph":[{"@type":"Article","@id":"https:\/\/www.norn.is\/pistlar\/askorun-um-vidbrogd-vid-innras-tyrkja-i-afrin\/#article","isPartOf":{"@id":"https:\/\/www.norn.is\/pistlar\/askorun-um-vidbrogd-vid-innras-tyrkja-i-afrin\/"},"author":{"name":"Eva Hauksd\u00f3ttir","@id":"https:\/\/www.norn.is\/pistlar\/#\/schema\/person\/2eb0fcae9e1ecc61987f7ed9c878531c"},"headline":"\u00c1skorun um vi\u00f0br\u00f6g\u00f0 vi\u00f0 innr\u00e1s Tyrkja \u00ed Afr\u00edn","datePublished":"2018-03-28T10:07:25+00:00","dateModified":"2018-06-04T18:14:40+00:00","mainEntityOfPage":{"@id":"https:\/\/www.norn.is\/pistlar\/askorun-um-vidbrogd-vid-innras-tyrkja-i-afrin\/"},"wordCount":552,"image":{"@id":"https:\/\/www.norn.is\/pistlar\/askorun-um-vidbrogd-vid-innras-tyrkja-i-afrin\/#primaryimage"},"thumbnailUrl":"http:\/\/www.norn.is\/pistlar\/wp-content\/uploads\/sites\/2\/2018\/06\/000.png","keywords":["Afrin","S\u00fdrland"],"articleSection":["Mannr\u00e9ttinda og fri\u00f0arm\u00e1l","Pistlar um samf\u00e9lagsm\u00e1l"],"inLanguage":"is"},{"@type":"WebPage","@id":"https:\/\/www.norn.is\/pistlar\/askorun-um-vidbrogd-vid-innras-tyrkja-i-afrin\/","url":"https:\/\/www.norn.is\/pistlar\/askorun-um-vidbrogd-vid-innras-tyrkja-i-afrin\/","name":"\u00c1skorun um vi\u00f0br\u00f6g\u00f0 vi\u00f0 innr\u00e1s Tyrkja \u00ed Afr\u00edn - Pistlar Evu","isPartOf":{"@id":"https:\/\/www.norn.is\/pistlar\/#website"},"primaryImageOfPage":{"@id":"https:\/\/www.norn.is\/pistlar\/askorun-um-vidbrogd-vid-innras-tyrkja-i-afrin\/#primaryimage"},"image":{"@id":"https:\/\/www.norn.is\/pistlar\/askorun-um-vidbrogd-vid-innras-tyrkja-i-afrin\/#primaryimage"},"thumbnailUrl":"http:\/\/www.norn.is\/pistlar\/wp-content\/uploads\/sites\/2\/2018\/06\/000.png","datePublished":"2018-03-28T10:07:25+00:00","dateModified":"2018-06-04T18:14:40+00:00","author":{"@id":"https:\/\/www.norn.is\/pistlar\/#\/schema\/person\/2eb0fcae9e1ecc61987f7ed9c878531c"},"breadcrumb":{"@id":"https:\/\/www.norn.is\/pistlar\/askorun-um-vidbrogd-vid-innras-tyrkja-i-afrin\/#breadcrumb"},"inLanguage":"is","potentialAction":[{"@type":"ReadAction","target":["https:\/\/www.norn.is\/pistlar\/askorun-um-vidbrogd-vid-innras-tyrkja-i-afrin\/"]}]},{"@type":"ImageObject","inLanguage":"is","@id":"https:\/\/www.norn.is\/pistlar\/askorun-um-vidbrogd-vid-innras-tyrkja-i-afrin\/#primaryimage","url":"http:\/\/www.norn.is\/pistlar\/wp-content\/uploads\/sites\/2\/2018\/06\/000.png","contentUrl":"http:\/\/www.norn.is\/pistlar\/wp-content\/uploads\/sites\/2\/2018\/06\/000.png"},{"@type":"BreadcrumbList","@id":"https:\/\/www.norn.is\/pistlar\/askorun-um-vidbrogd-vid-innras-tyrkja-i-afrin\/#breadcrumb","itemListElement":[{"@type":"ListItem","position":1,"name":"Home","item":"https:\/\/www.norn.is\/pistlar\/"},{"@type":"ListItem","position":2,"name":"\u00c1skorun um vi\u00f0br\u00f6g\u00f0 vi\u00f0 innr\u00e1s Tyrkja \u00ed Afr\u00edn"}]},{"@type":"WebSite","@id":"https:\/\/www.norn.is\/pistlar\/#website","url":"https:\/\/www.norn.is\/pistlar\/","name":"Pistlar Evu","description":"","potentialAction":[{"@type":"SearchAction","target":{"@type":"EntryPoint","urlTemplate":"https:\/\/www.norn.is\/pistlar\/?s={search_term_string}"},"query-input":{"@type":"PropertyValueSpecification","valueRequired":true,"valueName":"search_term_string"}}],"inLanguage":"is"},{"@type":"Person","@id":"https:\/\/www.norn.is\/pistlar\/#\/schema\/person\/2eb0fcae9e1ecc61987f7ed9c878531c","name":"Eva Hauksd\u00f3ttir","sameAs":["http:\/\/www.norn.is"],"url":"https:\/\/www.norn.is\/pistlar\/author\/eva\/"}]}},"_links":{"self":[{"href":"https:\/\/www.norn.is\/pistlar\/wp-json\/wp\/v2\/posts\/13683","targetHints":{"allow":["GET"]}}],"collection":[{"href":"https:\/\/www.norn.is\/pistlar\/wp-json\/wp\/v2\/posts"}],"about":[{"href":"https:\/\/www.norn.is\/pistlar\/wp-json\/wp\/v2\/types\/post"}],"author":[{"embeddable":true,"href":"https:\/\/www.norn.is\/pistlar\/wp-json\/wp\/v2\/users\/2"}],"replies":[{"embeddable":true,"href":"https:\/\/www.norn.is\/pistlar\/wp-json\/wp\/v2\/comments?post=13683"}],"version-history":[{"count":2,"href":"https:\/\/www.norn.is\/pistlar\/wp-json\/wp\/v2\/posts\/13683\/revisions"}],"predecessor-version":[{"id":13686,"href":"https:\/\/www.norn.is\/pistlar\/wp-json\/wp\/v2\/posts\/13683\/revisions\/13686"}],"wp:attachment":[{"href":"https:\/\/www.norn.is\/pistlar\/wp-json\/wp\/v2\/media?parent=13683"}],"wp:term":[{"taxonomy":"category","embeddable":true,"href":"https:\/\/www.norn.is\/pistlar\/wp-json\/wp\/v2\/categories?post=13683"},{"taxonomy":"post_tag","embeddable":true,"href":"https:\/\/www.norn.is\/pistlar\/wp-json\/wp\/v2\/tags?post=13683"}],"curies":[{"name":"wp","href":"https:\/\/api.w.org\/{rel}","templated":true}]}}