{"id":13680,"date":"2018-03-21T09:00:48","date_gmt":"2018-03-21T09:00:48","guid":{"rendered":"http:\/\/www.norn.is\/pistlar\/?p=13680"},"modified":"2018-09-23T18:03:35","modified_gmt":"2018-09-23T18:03:35","slug":"vg-hljota-ad-gera-sjalf-thad-sem-thau-aetlast-til-af-odrum","status":"publish","type":"post","link":"https:\/\/www.norn.is\/pistlar\/vg-hljota-ad-gera-sjalf-thad-sem-thau-aetlast-til-af-odrum\/","title":{"rendered":"Vg hlj\u00f3ta a\u00f0 gera sj\u00e1lf \u00fea\u00f0 sem \u00feau \u00e6tlast til af \u00f6\u00f0rum"},"content":{"rendered":"<p><a href=\"http:\/\/www.norn.is\/pistlar\/wp-content\/uploads\/sites\/2\/2018\/06\/AfrinVg.png\"><img loading=\"lazy\" decoding=\"async\" class=\"aligncenter wp-image-13681 size-full\" title=\"Vinstri gr\u00e6n\" src=\"http:\/\/www.norn.is\/pistlar\/wp-content\/uploads\/sites\/2\/2018\/06\/AfrinVg.png\" alt=\"\" width=\"800\" height=\"588\" srcset=\"https:\/\/www.norn.is\/pistlar\/wp-content\/uploads\/sites\/2\/2018\/06\/AfrinVg.png 800w, https:\/\/www.norn.is\/pistlar\/wp-content\/uploads\/sites\/2\/2018\/06\/AfrinVg-300x221.png 300w, https:\/\/www.norn.is\/pistlar\/wp-content\/uploads\/sites\/2\/2018\/06\/AfrinVg-768x564.png 768w, https:\/\/www.norn.is\/pistlar\/wp-content\/uploads\/sites\/2\/2018\/06\/AfrinVg-408x300.png 408w\" sizes=\"auto, (max-width: 800px) 100vw, 800px\" \/><\/a><\/p>\n<p style=\"text-align: center;\"><em>\u00deessi mynd\u00a0hefur\u00a0birst \u00e1 \u00f3tal vefs\u00ed\u00f0um, \u00e9g hef ekki\u00a0hugmynd um hver r\u00e9tthafinn er<\/em><\/p>\n<p>\u00c9g b\u00fdst vi\u00f0 a\u00f0 flestum finnist \u00feetta or\u00f0i\u00f0 \u00fereytt umr\u00e6\u00f0uefni en \u00e9g reikna me\u00f0 a\u00f0 vera\u00a0 me\u00f0 innr\u00e1sina \u00ed Afr\u00edn \u00e1 s\u00e1linni \u00fear til \u00edslensk stj\u00f3rnv\u00f6ld sj\u00e1 s\u00f3ma sinn \u00ed \u00fev\u00ed a\u00f0 ford\u00e6ma hana og ofs\u00f3knir gegn K\u00fardum yfirleitt.<!--more--><\/p>\n<p>\u00cd \u00e1g\u00fast 2016\u00a0<a href=\"http:\/\/vg.is\/utanrikismalanefnd-um-astandid-tyrklandi\/\">hvatti \u00feingflokkur Vinstri gr\u00e6nna stj\u00f3rnv\u00f6ld<\/a>\u00a0til a\u00f0 ford\u00e6ma \u00e1 al\u00fej\u00f3\u00f0avettvangi mannr\u00e9ttindabrot Tyrkja gegn K\u00fardum. \u00de\u00e1verandi forma\u00f0ur Vg, Katr\u00edn Jakobsd\u00f3ttir, gegnir enn formennsku \u00ed flokknum og er auk \u00feess fors\u00e6tisr\u00e1\u00f0herra \u00cdslands. Katr\u00edn br\u00e1st tafarlaust vi\u00f0 erindi br\u00f3\u00f0ur m\u00edns \u00feegar hann ba\u00f0 um a\u00f0sto\u00f0 hennar vi\u00f0 a\u00f0 koma \u00edslenskum stj\u00f3rnv\u00f6ldum \u00ed beint samband vi\u00f0 stj\u00f3rnv\u00f6ld \u00ed Tyrklandi til a\u00f0 afla \u00e1rei\u00f0anlegra uppl\u00fdsinga um sonar m\u00edns. Vi\u00f0 erum henni hjartanlega \u00feakkl\u00e1t fyrir \u00fe\u00e1 r\u00f6ggsemi sem h\u00fan s\u00fdndi \u00fear. Haukur er ekki hj\u00e1 Tyrkjum en Tyrkir eru enn \u00ed Afr\u00edn og n\u00fa v\u00e6nti \u00e9g \u00feess af Katr\u00ednu a\u00f0 h\u00fan s\u00fdni K\u00fardum \u00feann samhug sem h\u00fan hefur s\u00fdnt okkur, a\u00f0standendum Hauks.<\/p>\n<p>\u00c9g reikna ekki me\u00f0 a\u00f0 Erdo\u011fan t\u00e6ki \u00fea\u00f0 n\u00e6rri s\u00e9r \u00fe\u00f3tt \u00e9g seg\u00f0i honum hva\u00f0 m\u00e9r finnst um &#8222;\u00f3l\u00edfuvi\u00f0ara\u00f0ger\u00f0ina&#8220;. Honum g\u00e6ti hinsvegar \u00fe\u00f3tt \u00f3\u00fe\u00e6gilegt ef \u00edslenska r\u00edki\u00f0 ford\u00e6mdi hana \u00e1 al\u00fej\u00f3\u00f0avettvangi. \u00de\u00f3tt ford\u00e6ming \u00edslenskra stj\u00f3rnvalda breyti ekki beinl\u00ednis neinu fyrir K\u00farda \u00fe\u00e1 skiptir m\u00e1li a\u00f0 finna fyrir samst\u00f6\u00f0u. K\u00fardar eiga enga vini nema fj\u00f6llin og \u00f6rl\u00edtill samst\u00f6\u00f0uvottur fr\u00e1 einu sm\u00e1r\u00edki \u00ed Nor\u00f0rinu er sk\u00e1rri en \u00feessi \u00e6randi \u00fe\u00f6gn.<\/p>\n<p>&nbsp;<\/p>\n","protected":false},"excerpt":{"rendered":"<p>\u00deessi mynd\u00a0hefur\u00a0birst \u00e1 \u00f3tal vefs\u00ed\u00f0um, \u00e9g hef ekki\u00a0hugmynd um hver r\u00e9tthafinn er \u00c9g b\u00fdst vi\u00f0 a\u00f0 flestum finnist \u00feetta or\u00f0i\u00f0 \u00fereytt umr\u00e6\u00f0uefni en \u00e9g reikna me\u00f0 a\u00f0 vera\u00a0 me\u00f0 innr\u00e1sina \u00ed Afr\u00edn \u00e1 s\u00e1linni \u00fear til \u00edslensk stj\u00f3rnv\u00f6ld sj\u00e1 s\u00f3ma &hellip; <a href=\"https:\/\/www.norn.is\/pistlar\/vg-hljota-ad-gera-sjalf-thad-sem-thau-aetlast-til-af-odrum\/\">Halda \u00e1fram a\u00f0 lesa <span class=\"meta-nav\">&rarr;<\/span><\/a><\/p>\n","protected":false},"author":2,"featured_media":0,"comment_status":"closed","ping_status":"closed","sticky":false,"template":"","format":"standard","meta":{"footnotes":"","_links_to":"","_links_to_target":""},"categories":[11,1],"tags":[1029,1033,1023],"class_list":["post-13680","post","type-post","status-publish","format-standard","hentry","category-mannrettindi","category-pistlar","tag-afrin","tag-kurdar","tag-syrland"],"yoast_head":"<!-- This site is optimized with the Yoast SEO plugin v27.4 - https:\/\/yoast.com\/product\/yoast-seo-wordpress\/ -->\n<title>Vg hlj\u00f3ta a\u00f0 gera sj\u00e1lf \u00fea\u00f0 sem \u00feau \u00e6tlast til af \u00f6\u00f0rum - Pistlar Evu<\/title>\n<meta name=\"description\" content=\"\u00cd \u00e1g\u00fast 2016\u00a0hvatti \u00feingflokkur Vinstri gr\u00e6nna stj\u00f3rnv\u00f6ld\u00a0til a\u00f0 ford\u00e6ma \u00e1 al\u00fej\u00f3\u00f0avettvangi mannr\u00e9ttindabrot Tyrkja gegn K\u00fardum.\" \/>\n<meta name=\"robots\" content=\"index, follow, max-snippet:-1, max-image-preview:large, max-video-preview:-1\" \/>\n<link rel=\"canonical\" href=\"https:\/\/www.norn.is\/pistlar\/vg-hljota-ad-gera-sjalf-thad-sem-thau-aetlast-til-af-odrum\/\" \/>\n<meta property=\"og:locale\" content=\"is_IS\" \/>\n<meta property=\"og:type\" content=\"article\" \/>\n<meta property=\"og:title\" content=\"Vg hlj\u00f3ta a\u00f0 gera sj\u00e1lf \u00fea\u00f0 sem \u00feau \u00e6tlast til af \u00f6\u00f0rum - Pistlar Evu\" \/>\n<meta property=\"og:description\" content=\"\u00cd \u00e1g\u00fast 2016\u00a0hvatti \u00feingflokkur Vinstri gr\u00e6nna stj\u00f3rnv\u00f6ld\u00a0til a\u00f0 ford\u00e6ma \u00e1 al\u00fej\u00f3\u00f0avettvangi mannr\u00e9ttindabrot Tyrkja gegn K\u00fardum.\" \/>\n<meta property=\"og:url\" content=\"https:\/\/www.norn.is\/pistlar\/vg-hljota-ad-gera-sjalf-thad-sem-thau-aetlast-til-af-odrum\/\" \/>\n<meta property=\"og:site_name\" content=\"Pistlar Evu\" \/>\n<meta property=\"article:published_time\" content=\"2018-03-21T09:00:48+00:00\" \/>\n<meta property=\"article:modified_time\" content=\"2018-09-23T18:03:35+00:00\" \/>\n<meta property=\"og:image\" content=\"http:\/\/www.norn.is\/pistlar\/wp-content\/uploads\/sites\/2\/2018\/06\/AfrinVg.png\" \/>\n<meta name=\"author\" content=\"Eva Hauksd\u00f3ttir\" \/>\n<meta name=\"twitter:card\" content=\"summary_large_image\" \/>\n<meta name=\"twitter:label1\" content=\"Written by\" \/>\n\t<meta name=\"twitter:data1\" content=\"\" \/>\n\t<meta name=\"twitter:label2\" content=\"Est. reading time\" \/>\n\t<meta name=\"twitter:data2\" content=\"1 minute\" \/>\n<script type=\"application\/ld+json\" class=\"yoast-schema-graph\">{\"@context\":\"https:\\\/\\\/schema.org\",\"@graph\":[{\"@type\":\"Article\",\"@id\":\"https:\\\/\\\/www.norn.is\\\/pistlar\\\/vg-hljota-ad-gera-sjalf-thad-sem-thau-aetlast-til-af-odrum\\\/#article\",\"isPartOf\":{\"@id\":\"https:\\\/\\\/www.norn.is\\\/pistlar\\\/vg-hljota-ad-gera-sjalf-thad-sem-thau-aetlast-til-af-odrum\\\/\"},\"author\":{\"name\":\"Eva Hauksd\u00f3ttir\",\"@id\":\"https:\\\/\\\/www.norn.is\\\/pistlar\\\/#\\\/schema\\\/person\\\/2eb0fcae9e1ecc61987f7ed9c878531c\"},\"headline\":\"Vg hlj\u00f3ta a\u00f0 gera sj\u00e1lf \u00fea\u00f0 sem \u00feau \u00e6tlast til af \u00f6\u00f0rum\",\"datePublished\":\"2018-03-21T09:00:48+00:00\",\"dateModified\":\"2018-09-23T18:03:35+00:00\",\"mainEntityOfPage\":{\"@id\":\"https:\\\/\\\/www.norn.is\\\/pistlar\\\/vg-hljota-ad-gera-sjalf-thad-sem-thau-aetlast-til-af-odrum\\\/\"},\"wordCount\":313,\"image\":{\"@id\":\"https:\\\/\\\/www.norn.is\\\/pistlar\\\/vg-hljota-ad-gera-sjalf-thad-sem-thau-aetlast-til-af-odrum\\\/#primaryimage\"},\"thumbnailUrl\":\"http:\\\/\\\/www.norn.is\\\/pistlar\\\/wp-content\\\/uploads\\\/sites\\\/2\\\/2018\\\/06\\\/AfrinVg.png\",\"keywords\":[\"Afrin\",\"K\u00fardar\",\"S\u00fdrland\"],\"articleSection\":[\"Mannr\u00e9ttinda og fri\u00f0arm\u00e1l\",\"Pistlar um samf\u00e9lagsm\u00e1l\"],\"inLanguage\":\"is\"},{\"@type\":\"WebPage\",\"@id\":\"https:\\\/\\\/www.norn.is\\\/pistlar\\\/vg-hljota-ad-gera-sjalf-thad-sem-thau-aetlast-til-af-odrum\\\/\",\"url\":\"https:\\\/\\\/www.norn.is\\\/pistlar\\\/vg-hljota-ad-gera-sjalf-thad-sem-thau-aetlast-til-af-odrum\\\/\",\"name\":\"Vg hlj\u00f3ta a\u00f0 gera sj\u00e1lf \u00fea\u00f0 sem \u00feau \u00e6tlast til af \u00f6\u00f0rum - Pistlar Evu\",\"isPartOf\":{\"@id\":\"https:\\\/\\\/www.norn.is\\\/pistlar\\\/#website\"},\"primaryImageOfPage\":{\"@id\":\"https:\\\/\\\/www.norn.is\\\/pistlar\\\/vg-hljota-ad-gera-sjalf-thad-sem-thau-aetlast-til-af-odrum\\\/#primaryimage\"},\"image\":{\"@id\":\"https:\\\/\\\/www.norn.is\\\/pistlar\\\/vg-hljota-ad-gera-sjalf-thad-sem-thau-aetlast-til-af-odrum\\\/#primaryimage\"},\"thumbnailUrl\":\"http:\\\/\\\/www.norn.is\\\/pistlar\\\/wp-content\\\/uploads\\\/sites\\\/2\\\/2018\\\/06\\\/AfrinVg.png\",\"datePublished\":\"2018-03-21T09:00:48+00:00\",\"dateModified\":\"2018-09-23T18:03:35+00:00\",\"author\":{\"@id\":\"https:\\\/\\\/www.norn.is\\\/pistlar\\\/#\\\/schema\\\/person\\\/2eb0fcae9e1ecc61987f7ed9c878531c\"},\"description\":\"\u00cd \u00e1g\u00fast 2016\u00a0hvatti \u00feingflokkur Vinstri gr\u00e6nna stj\u00f3rnv\u00f6ld\u00a0til a\u00f0 ford\u00e6ma \u00e1 al\u00fej\u00f3\u00f0avettvangi mannr\u00e9ttindabrot Tyrkja gegn K\u00fardum.\",\"breadcrumb\":{\"@id\":\"https:\\\/\\\/www.norn.is\\\/pistlar\\\/vg-hljota-ad-gera-sjalf-thad-sem-thau-aetlast-til-af-odrum\\\/#breadcrumb\"},\"inLanguage\":\"is\",\"potentialAction\":[{\"@type\":\"ReadAction\",\"target\":[\"https:\\\/\\\/www.norn.is\\\/pistlar\\\/vg-hljota-ad-gera-sjalf-thad-sem-thau-aetlast-til-af-odrum\\\/\"]}]},{\"@type\":\"ImageObject\",\"inLanguage\":\"is\",\"@id\":\"https:\\\/\\\/www.norn.is\\\/pistlar\\\/vg-hljota-ad-gera-sjalf-thad-sem-thau-aetlast-til-af-odrum\\\/#primaryimage\",\"url\":\"http:\\\/\\\/www.norn.is\\\/pistlar\\\/wp-content\\\/uploads\\\/sites\\\/2\\\/2018\\\/06\\\/AfrinVg.png\",\"contentUrl\":\"http:\\\/\\\/www.norn.is\\\/pistlar\\\/wp-content\\\/uploads\\\/sites\\\/2\\\/2018\\\/06\\\/AfrinVg.png\"},{\"@type\":\"BreadcrumbList\",\"@id\":\"https:\\\/\\\/www.norn.is\\\/pistlar\\\/vg-hljota-ad-gera-sjalf-thad-sem-thau-aetlast-til-af-odrum\\\/#breadcrumb\",\"itemListElement\":[{\"@type\":\"ListItem\",\"position\":1,\"name\":\"Home\",\"item\":\"https:\\\/\\\/www.norn.is\\\/pistlar\\\/\"},{\"@type\":\"ListItem\",\"position\":2,\"name\":\"Vg hlj\u00f3ta a\u00f0 gera sj\u00e1lf \u00fea\u00f0 sem \u00feau \u00e6tlast til af \u00f6\u00f0rum\"}]},{\"@type\":\"WebSite\",\"@id\":\"https:\\\/\\\/www.norn.is\\\/pistlar\\\/#website\",\"url\":\"https:\\\/\\\/www.norn.is\\\/pistlar\\\/\",\"name\":\"Pistlar Evu\",\"description\":\"\",\"potentialAction\":[{\"@type\":\"SearchAction\",\"target\":{\"@type\":\"EntryPoint\",\"urlTemplate\":\"https:\\\/\\\/www.norn.is\\\/pistlar\\\/?s={search_term_string}\"},\"query-input\":{\"@type\":\"PropertyValueSpecification\",\"valueRequired\":true,\"valueName\":\"search_term_string\"}}],\"inLanguage\":\"is\"},{\"@type\":\"Person\",\"@id\":\"https:\\\/\\\/www.norn.is\\\/pistlar\\\/#\\\/schema\\\/person\\\/2eb0fcae9e1ecc61987f7ed9c878531c\",\"name\":\"Eva Hauksd\u00f3ttir\",\"sameAs\":[\"http:\\\/\\\/www.norn.is\"],\"url\":\"https:\\\/\\\/www.norn.is\\\/pistlar\\\/author\\\/eva\\\/\"}]}<\/script>\n<!-- \/ Yoast SEO plugin. -->","yoast_head_json":{"title":"Vg hlj\u00f3ta a\u00f0 gera sj\u00e1lf \u00fea\u00f0 sem \u00feau \u00e6tlast til af \u00f6\u00f0rum - Pistlar Evu","description":"\u00cd \u00e1g\u00fast 2016\u00a0hvatti \u00feingflokkur Vinstri gr\u00e6nna stj\u00f3rnv\u00f6ld\u00a0til a\u00f0 ford\u00e6ma \u00e1 al\u00fej\u00f3\u00f0avettvangi mannr\u00e9ttindabrot Tyrkja gegn K\u00fardum.","robots":{"index":"index","follow":"follow","max-snippet":"max-snippet:-1","max-image-preview":"max-image-preview:large","max-video-preview":"max-video-preview:-1"},"canonical":"https:\/\/www.norn.is\/pistlar\/vg-hljota-ad-gera-sjalf-thad-sem-thau-aetlast-til-af-odrum\/","og_locale":"is_IS","og_type":"article","og_title":"Vg hlj\u00f3ta a\u00f0 gera sj\u00e1lf \u00fea\u00f0 sem \u00feau \u00e6tlast til af \u00f6\u00f0rum - Pistlar Evu","og_description":"\u00cd \u00e1g\u00fast 2016\u00a0hvatti \u00feingflokkur Vinstri gr\u00e6nna stj\u00f3rnv\u00f6ld\u00a0til a\u00f0 ford\u00e6ma \u00e1 al\u00fej\u00f3\u00f0avettvangi mannr\u00e9ttindabrot Tyrkja gegn K\u00fardum.","og_url":"https:\/\/www.norn.is\/pistlar\/vg-hljota-ad-gera-sjalf-thad-sem-thau-aetlast-til-af-odrum\/","og_site_name":"Pistlar Evu","article_published_time":"2018-03-21T09:00:48+00:00","article_modified_time":"2018-09-23T18:03:35+00:00","og_image":[{"url":"http:\/\/www.norn.is\/pistlar\/wp-content\/uploads\/sites\/2\/2018\/06\/AfrinVg.png","type":"","width":"","height":""}],"author":"Eva Hauksd\u00f3ttir","twitter_card":"summary_large_image","twitter_misc":{"Written by":false,"Est. reading time":"1 minute"},"schema":{"@context":"https:\/\/schema.org","@graph":[{"@type":"Article","@id":"https:\/\/www.norn.is\/pistlar\/vg-hljota-ad-gera-sjalf-thad-sem-thau-aetlast-til-af-odrum\/#article","isPartOf":{"@id":"https:\/\/www.norn.is\/pistlar\/vg-hljota-ad-gera-sjalf-thad-sem-thau-aetlast-til-af-odrum\/"},"author":{"name":"Eva Hauksd\u00f3ttir","@id":"https:\/\/www.norn.is\/pistlar\/#\/schema\/person\/2eb0fcae9e1ecc61987f7ed9c878531c"},"headline":"Vg hlj\u00f3ta a\u00f0 gera sj\u00e1lf \u00fea\u00f0 sem \u00feau \u00e6tlast til af \u00f6\u00f0rum","datePublished":"2018-03-21T09:00:48+00:00","dateModified":"2018-09-23T18:03:35+00:00","mainEntityOfPage":{"@id":"https:\/\/www.norn.is\/pistlar\/vg-hljota-ad-gera-sjalf-thad-sem-thau-aetlast-til-af-odrum\/"},"wordCount":313,"image":{"@id":"https:\/\/www.norn.is\/pistlar\/vg-hljota-ad-gera-sjalf-thad-sem-thau-aetlast-til-af-odrum\/#primaryimage"},"thumbnailUrl":"http:\/\/www.norn.is\/pistlar\/wp-content\/uploads\/sites\/2\/2018\/06\/AfrinVg.png","keywords":["Afrin","K\u00fardar","S\u00fdrland"],"articleSection":["Mannr\u00e9ttinda og fri\u00f0arm\u00e1l","Pistlar um samf\u00e9lagsm\u00e1l"],"inLanguage":"is"},{"@type":"WebPage","@id":"https:\/\/www.norn.is\/pistlar\/vg-hljota-ad-gera-sjalf-thad-sem-thau-aetlast-til-af-odrum\/","url":"https:\/\/www.norn.is\/pistlar\/vg-hljota-ad-gera-sjalf-thad-sem-thau-aetlast-til-af-odrum\/","name":"Vg hlj\u00f3ta a\u00f0 gera sj\u00e1lf \u00fea\u00f0 sem \u00feau \u00e6tlast til af \u00f6\u00f0rum - Pistlar Evu","isPartOf":{"@id":"https:\/\/www.norn.is\/pistlar\/#website"},"primaryImageOfPage":{"@id":"https:\/\/www.norn.is\/pistlar\/vg-hljota-ad-gera-sjalf-thad-sem-thau-aetlast-til-af-odrum\/#primaryimage"},"image":{"@id":"https:\/\/www.norn.is\/pistlar\/vg-hljota-ad-gera-sjalf-thad-sem-thau-aetlast-til-af-odrum\/#primaryimage"},"thumbnailUrl":"http:\/\/www.norn.is\/pistlar\/wp-content\/uploads\/sites\/2\/2018\/06\/AfrinVg.png","datePublished":"2018-03-21T09:00:48+00:00","dateModified":"2018-09-23T18:03:35+00:00","author":{"@id":"https:\/\/www.norn.is\/pistlar\/#\/schema\/person\/2eb0fcae9e1ecc61987f7ed9c878531c"},"description":"\u00cd \u00e1g\u00fast 2016\u00a0hvatti \u00feingflokkur Vinstri gr\u00e6nna stj\u00f3rnv\u00f6ld\u00a0til a\u00f0 ford\u00e6ma \u00e1 al\u00fej\u00f3\u00f0avettvangi mannr\u00e9ttindabrot Tyrkja gegn K\u00fardum.","breadcrumb":{"@id":"https:\/\/www.norn.is\/pistlar\/vg-hljota-ad-gera-sjalf-thad-sem-thau-aetlast-til-af-odrum\/#breadcrumb"},"inLanguage":"is","potentialAction":[{"@type":"ReadAction","target":["https:\/\/www.norn.is\/pistlar\/vg-hljota-ad-gera-sjalf-thad-sem-thau-aetlast-til-af-odrum\/"]}]},{"@type":"ImageObject","inLanguage":"is","@id":"https:\/\/www.norn.is\/pistlar\/vg-hljota-ad-gera-sjalf-thad-sem-thau-aetlast-til-af-odrum\/#primaryimage","url":"http:\/\/www.norn.is\/pistlar\/wp-content\/uploads\/sites\/2\/2018\/06\/AfrinVg.png","contentUrl":"http:\/\/www.norn.is\/pistlar\/wp-content\/uploads\/sites\/2\/2018\/06\/AfrinVg.png"},{"@type":"BreadcrumbList","@id":"https:\/\/www.norn.is\/pistlar\/vg-hljota-ad-gera-sjalf-thad-sem-thau-aetlast-til-af-odrum\/#breadcrumb","itemListElement":[{"@type":"ListItem","position":1,"name":"Home","item":"https:\/\/www.norn.is\/pistlar\/"},{"@type":"ListItem","position":2,"name":"Vg hlj\u00f3ta a\u00f0 gera sj\u00e1lf \u00fea\u00f0 sem \u00feau \u00e6tlast til af \u00f6\u00f0rum"}]},{"@type":"WebSite","@id":"https:\/\/www.norn.is\/pistlar\/#website","url":"https:\/\/www.norn.is\/pistlar\/","name":"Pistlar Evu","description":"","potentialAction":[{"@type":"SearchAction","target":{"@type":"EntryPoint","urlTemplate":"https:\/\/www.norn.is\/pistlar\/?s={search_term_string}"},"query-input":{"@type":"PropertyValueSpecification","valueRequired":true,"valueName":"search_term_string"}}],"inLanguage":"is"},{"@type":"Person","@id":"https:\/\/www.norn.is\/pistlar\/#\/schema\/person\/2eb0fcae9e1ecc61987f7ed9c878531c","name":"Eva Hauksd\u00f3ttir","sameAs":["http:\/\/www.norn.is"],"url":"https:\/\/www.norn.is\/pistlar\/author\/eva\/"}]}},"_links":{"self":[{"href":"https:\/\/www.norn.is\/pistlar\/wp-json\/wp\/v2\/posts\/13680","targetHints":{"allow":["GET"]}}],"collection":[{"href":"https:\/\/www.norn.is\/pistlar\/wp-json\/wp\/v2\/posts"}],"about":[{"href":"https:\/\/www.norn.is\/pistlar\/wp-json\/wp\/v2\/types\/post"}],"author":[{"embeddable":true,"href":"https:\/\/www.norn.is\/pistlar\/wp-json\/wp\/v2\/users\/2"}],"replies":[{"embeddable":true,"href":"https:\/\/www.norn.is\/pistlar\/wp-json\/wp\/v2\/comments?post=13680"}],"version-history":[{"count":2,"href":"https:\/\/www.norn.is\/pistlar\/wp-json\/wp\/v2\/posts\/13680\/revisions"}],"predecessor-version":[{"id":13790,"href":"https:\/\/www.norn.is\/pistlar\/wp-json\/wp\/v2\/posts\/13680\/revisions\/13790"}],"wp:attachment":[{"href":"https:\/\/www.norn.is\/pistlar\/wp-json\/wp\/v2\/media?parent=13680"}],"wp:term":[{"taxonomy":"category","embeddable":true,"href":"https:\/\/www.norn.is\/pistlar\/wp-json\/wp\/v2\/categories?post=13680"},{"taxonomy":"post_tag","embeddable":true,"href":"https:\/\/www.norn.is\/pistlar\/wp-json\/wp\/v2\/tags?post=13680"}],"curies":[{"name":"wp","href":"https:\/\/api.w.org\/{rel}","templated":true}]}}