{"id":1364,"date":"2014-02-27T18:46:46","date_gmt":"2014-02-27T18:46:46","guid":{"rendered":"http:\/\/www.norn.is\/pistlar\/?p=1364"},"modified":"2016-07-03T13:18:10","modified_gmt":"2016-07-03T13:18:10","slug":"vigdis-osatt-vid-fjolmidla","status":"publish","type":"post","link":"https:\/\/www.norn.is\/pistlar\/vigdis-osatt-vid-fjolmidla\/","title":{"rendered":"Vigd\u00eds \u00f3s\u00e1tt vi\u00f0 fj\u00f6lmi\u00f0la"},"content":{"rendered":"<p style=\"color: #222222;\"><a href=\"http:\/\/www.norn.is\/pistlar\/wp-content\/uploads\/sites\/2\/2014\/08\/vigdis-hauks-688x451.jpg\"><img loading=\"lazy\" decoding=\"async\" class=\"alignleft size-full wp-image-1366\" src=\"http:\/\/www.norn.is\/pistlar\/wp-content\/uploads\/sites\/2\/2014\/08\/vigdis-hauks-688x451.jpg\" alt=\"vigdis-hauks-688x451\" width=\"688\" height=\"451\" srcset=\"https:\/\/www.norn.is\/pistlar\/wp-content\/uploads\/sites\/2\/2014\/08\/vigdis-hauks-688x451.jpg 688w, https:\/\/www.norn.is\/pistlar\/wp-content\/uploads\/sites\/2\/2014\/08\/vigdis-hauks-688x451-300x196.jpg 300w\" sizes=\"auto, (max-width: 688px) 100vw, 688px\" \/><\/a><\/p>\n<p style=\"color: #222222;\">Forma\u00f0ur fj\u00e1rlaganefndar, Vigd\u00eds Hauksd\u00f3ttir, vir\u00f0ist ekki par hrifin af \u00fev\u00ed a\u00f0 sj\u00e1 \u00e1 einum sta\u00f0 \u00feau umm\u00e6li sj\u00e1lfar s\u00edn sem mesta athygli hafa vaki\u00f0 s\u00ed\u00f0an h\u00fan komst \u00e1 \u00feing.<!--more--><\/p>\n<p style=\"color: #222222;\">\u00cd g\u00e6r birti Kvennabla\u00f0i\u00f0\u00a0<a href=\"http:\/\/www.norn.is\/pistlar\/viskubrunnur-vigdisar\/\">l\u00fdsiskjal af helstu gullkornum Vigd\u00edsar<\/a>. \u00a0\u00deingma\u00f0urinn br\u00e1st vi\u00f0 \u00feessu me\u00f0 \u00fev\u00ed a\u00f0 p\u00f3sta eftirfarandi br\u00fdningu \u00e1 opnum vegg \u00e1 samskiptami\u00f0linum Facebook:<\/p>\n<p style=\"color: #222222;\"><a href=\"http:\/\/www.norn.is\/pistlar\/wp-content\/uploads\/sites\/2\/2014\/08\/1964626_10151817164975834_1783746606_n.jpg\"><img loading=\"lazy\" decoding=\"async\" class=\"aligncenter wp-image-1367\" src=\"http:\/\/www.norn.is\/pistlar\/wp-content\/uploads\/sites\/2\/2014\/08\/1964626_10151817164975834_1783746606_n.jpg\" alt=\"1964626_10151817164975834_1783746606_n\" width=\"680\" height=\"712\" srcset=\"https:\/\/www.norn.is\/pistlar\/wp-content\/uploads\/sites\/2\/2014\/08\/1964626_10151817164975834_1783746606_n.jpg 493w, https:\/\/www.norn.is\/pistlar\/wp-content\/uploads\/sites\/2\/2014\/08\/1964626_10151817164975834_1783746606_n-286x300.jpg 286w\" sizes=\"auto, (max-width: 680px) 100vw, 680px\" \/><\/a><\/p>\n<h2 style=\"color: #111111;\">Vigd\u00eds hefur ekki s\u00f6mu st\u00f6\u00f0u og virkir \u00ed athugasemdum<\/h2>\n<p style=\"color: #222222;\">Vigd\u00eds er forma\u00f0ur fj\u00e1rlaganefndar. \u00a0H\u00fan hvetur, ekki bara fyrirt\u00e6ki til a\u00f0 sni\u00f0ganga fyrirt\u00e6ki, heldur tilteki\u00f0 fyrirt\u00e6ki til a\u00f0 sni\u00f0ganga fj\u00f6lmi\u00f0il. Og \u00e1st\u00e6\u00f0an; j\u00fa s\u00e1 fj\u00f6lmi\u00f0ill birti samantekt \u00e1 hennar eigin umm\u00e6lum.<\/p>\n<p style=\"color: #222222;\">Forma\u00f0ur fj\u00e1rlaganefndar hefur t\u00f6luver\u00f0 v\u00f6ld. Hann hefur \u00e1hrif \u00e1 fj\u00e1rveitingar r\u00edkisins til stofnana og verkefna og \u00fea\u00f0 er mj\u00f6g mikilv\u00e6gt a\u00f0 almenningur geti treyst \u00fev\u00ed a\u00f0 \u00fear r\u00e1\u00f0i ekkert f\u00f6r nema fagmennskan ein. Engir eiginhagsmunir, engin pers\u00f3nuleg vel\u00fe\u00f3knun e\u00f0a van\u00fe\u00f3knun og allra s\u00edst hefndar\u00feorsti.<\/p>\n<p style=\"color: #222222;\">Vigd\u00eds hefur, sem forma\u00f0ur fj\u00e1rlaganefndar,\u00a0<a style=\"font-weight: inherit; font-style: inherit; color: #ce2121;\" href=\"http:\/\/www.youtube.com\/watch?v=B3uOag7PQG4\">or\u00f0i\u00f0 s\u00e9r til skammar<\/a>\u00a0me\u00f0 \u00fev\u00ed a\u00f0 opinbera eigin \u00f3\u00e1n\u00e6gju me\u00f0 tiltekna stofnun, \u00fe.e.a.s. R\u00edkis\u00fatvarpi\u00f0, sem h\u00fan sag\u00f0ist telja a\u00f0 fengi of h\u00e1 fj\u00e1rframl\u00f6g. \u00a0Ekki n\u00f3g me\u00f0 \u00fea\u00f0 heldur t\u00f3k h\u00fan s\u00e9rstaklega fram a\u00f0 h\u00fan s\u00e6ti \u00ed hagr\u00e6\u00f0ingarh\u00f3pi. \u00deetta skildu margir sem h\u00f3tun um ni\u00f0urskur\u00f0 hj\u00e1 R\u00daV nema \u00fea\u00f0 yr\u00f0i j\u00e1kv\u00e6\u00f0ara gagnvart Frams\u00f3knarflokknum. \u00a0Kj\u00f3sendur hlj\u00f3ta a\u00f0 velta \u00fev\u00ed fyrir s\u00e9r hvort valdaf\u00f3lk sem \u00edtreka\u00f0 ver\u00f0ur uppv\u00edst a\u00f0 tilbur\u00f0um til sko\u00f0anak\u00fagunar, s\u00e9 l\u00edklegt til \u00feess a\u00f0 fara vel me\u00f0 v\u00f6ld.<\/p>\n<h2 style=\"color: #111111;\">Vi\u00f0br\u00f6g\u00f0 \u00e1hrifaf\u00f3lks og fj\u00f6lmi\u00f0la<\/h2>\n<p style=\"color: #222222;\">Ma\u00f0ur hef\u00f0i kannski haldi\u00f0 a\u00f0 Vigd\u00eds hef\u00f0i l\u00e6rt eitthva\u00f0 af reynslunni. \u00c1tta\u00f0 sig \u00e1 \u00fev\u00ed a\u00f0 \u00fea\u00f0 telst ekki \u00e1s\u00e6ttanlegt \u00ed si\u00f0menntu\u00f0um r\u00edkjum a\u00f0 forma\u00f0ur fj\u00e1rlaganefndar reyni a\u00f0 hafa \u00e1hrif \u00e1 fr\u00e9ttaflutning og efnist\u00f6k fj\u00f6lmi\u00f0la, hva\u00f0 \u00fe\u00e1 a\u00f0 hann beini tilm\u00e6lum um sni\u00f0g\u00f6ngu a\u00f0 tilteknu fyrirt\u00e6ki.\u00a0\u00dea\u00f0 er \u00fev\u00ed ekki a\u00f0 fur\u00f0a \u00fe\u00f3tt \u00feessi or\u00f0 hafi vaki\u00f0 athygli b\u00e6\u00f0i \u00e1hrifaf\u00f3lks og fj\u00f6lmi\u00f0la. Ritstj\u00f3ri Kvennabla\u00f0sins, Steinunn \u00d3l\u00edna \u00deorsteinsd\u00f3ttir, spyr \u00e1 opnum Facebook-vegg:<\/p>\n<p style=\"color: #222222;\"><a href=\"http:\/\/www.norn.is\/pistlar\/wp-content\/uploads\/sites\/2\/2014\/08\/stol.png\"><img loading=\"lazy\" decoding=\"async\" class=\"aligncenter wp-image-1368\" src=\"http:\/\/www.norn.is\/pistlar\/wp-content\/uploads\/sites\/2\/2014\/08\/stol.png\" alt=\"stol\" width=\"680\" height=\"223\" srcset=\"https:\/\/www.norn.is\/pistlar\/wp-content\/uploads\/sites\/2\/2014\/08\/stol.png 767w, https:\/\/www.norn.is\/pistlar\/wp-content\/uploads\/sites\/2\/2014\/08\/stol-300x98.png 300w\" sizes=\"auto, (max-width: 680px) 100vw, 680px\" \/><\/a><\/p>\n<p style=\"color: #222222;\">\u00c1 Facebook-vegg Steinunnar \u00d3l\u00ednu<a style=\"font-weight: inherit; font-style: inherit; color: #ce2121;\" href=\"https:\/\/www.facebook.com\/steinunn.o.thorsteinsdottir?fref=ts\">\u00a0m\u00e1 sj\u00e1 umr\u00e6\u00f0una alla<\/a>\u00a0en h\u00e9r eru nokkur brot \u00far henni:<\/p>\n<p style=\"color: #222222;\"><a href=\"http:\/\/www.norn.is\/pistlar\/wp-content\/uploads\/sites\/2\/2014\/08\/katrin.png\"><img loading=\"lazy\" decoding=\"async\" class=\"aligncenter wp-image-1369\" src=\"http:\/\/www.norn.is\/pistlar\/wp-content\/uploads\/sites\/2\/2014\/08\/katrin.png\" alt=\"katrin\" width=\"680\" height=\"81\" srcset=\"https:\/\/www.norn.is\/pistlar\/wp-content\/uploads\/sites\/2\/2014\/08\/katrin.png 764w, https:\/\/www.norn.is\/pistlar\/wp-content\/uploads\/sites\/2\/2014\/08\/katrin-300x35.png 300w\" sizes=\"auto, (max-width: 680px) 100vw, 680px\" \/><\/a><\/p>\n<p style=\"color: #222222;\"><a href=\"http:\/\/www.norn.is\/pistlar\/wp-content\/uploads\/sites\/2\/2014\/08\/birgitta.png\"><img loading=\"lazy\" decoding=\"async\" class=\"aligncenter wp-image-1371\" src=\"http:\/\/www.norn.is\/pistlar\/wp-content\/uploads\/sites\/2\/2014\/08\/birgitta.png\" alt=\"birgitta\" width=\"680\" height=\"118\" srcset=\"https:\/\/www.norn.is\/pistlar\/wp-content\/uploads\/sites\/2\/2014\/08\/birgitta.png 760w, https:\/\/www.norn.is\/pistlar\/wp-content\/uploads\/sites\/2\/2014\/08\/birgitta-300x52.png 300w\" sizes=\"auto, (max-width: 680px) 100vw, 680px\" \/><\/a><\/p>\n<p style=\"color: #222222;\"><a href=\"http:\/\/www.norn.is\/pistlar\/wp-content\/uploads\/sites\/2\/2014\/08\/bingi.png\"><img loading=\"lazy\" decoding=\"async\" class=\"aligncenter wp-image-1372\" src=\"http:\/\/www.norn.is\/pistlar\/wp-content\/uploads\/sites\/2\/2014\/08\/bingi.png\" alt=\"bingi\" width=\"680\" height=\"104\" srcset=\"https:\/\/www.norn.is\/pistlar\/wp-content\/uploads\/sites\/2\/2014\/08\/bingi.png 768w, https:\/\/www.norn.is\/pistlar\/wp-content\/uploads\/sites\/2\/2014\/08\/bingi-300x45.png 300w\" sizes=\"auto, (max-width: 680px) 100vw, 680px\" \/><\/a><\/p>\n<p style=\"color: #222222;\"><a href=\"http:\/\/www.norn.is\/pistlar\/wp-content\/uploads\/sites\/2\/2014\/08\/jonben.png\"><img loading=\"lazy\" decoding=\"async\" class=\"aligncenter wp-image-1373\" src=\"http:\/\/www.norn.is\/pistlar\/wp-content\/uploads\/sites\/2\/2014\/08\/jonben.png\" alt=\"jonben\" width=\"680\" height=\"105\" srcset=\"https:\/\/www.norn.is\/pistlar\/wp-content\/uploads\/sites\/2\/2014\/08\/jonben.png 765w, https:\/\/www.norn.is\/pistlar\/wp-content\/uploads\/sites\/2\/2014\/08\/jonben-300x46.png 300w\" sizes=\"auto, (max-width: 680px) 100vw, 680px\" \/><\/a><\/p>\n<p style=\"color: #222222;\"><a href=\"http:\/\/www.norn.is\/pistlar\/wp-content\/uploads\/sites\/2\/2014\/08\/soffia.png\"><img loading=\"lazy\" decoding=\"async\" class=\"aligncenter wp-image-1374\" src=\"http:\/\/www.norn.is\/pistlar\/wp-content\/uploads\/sites\/2\/2014\/08\/soffia.png\" alt=\"soffia\" width=\"680\" height=\"142\" srcset=\"https:\/\/www.norn.is\/pistlar\/wp-content\/uploads\/sites\/2\/2014\/08\/soffia.png 753w, https:\/\/www.norn.is\/pistlar\/wp-content\/uploads\/sites\/2\/2014\/08\/soffia-300x62.png 300w\" sizes=\"auto, (max-width: 680px) 100vw, 680px\" \/><\/a><\/p>\n<p style=\"color: #222222;\"><a href=\"http:\/\/www.norn.is\/pistlar\/wp-content\/uploads\/sites\/2\/2014\/08\/heida.png\"><img loading=\"lazy\" decoding=\"async\" class=\"aligncenter wp-image-1376\" src=\"http:\/\/www.norn.is\/pistlar\/wp-content\/uploads\/sites\/2\/2014\/08\/heida.png\" alt=\"heida\" width=\"680\" height=\"224\" srcset=\"https:\/\/www.norn.is\/pistlar\/wp-content\/uploads\/sites\/2\/2014\/08\/heida.png 763w, https:\/\/www.norn.is\/pistlar\/wp-content\/uploads\/sites\/2\/2014\/08\/heida-300x98.png 300w\" sizes=\"auto, (max-width: 680px) 100vw, 680px\" \/><\/a><\/p>\n<p style=\"color: #222222;\"><a href=\"http:\/\/www.norn.is\/pistlar\/wp-content\/uploads\/sites\/2\/2014\/08\/steina.png\"><img loading=\"lazy\" decoding=\"async\" class=\"aligncenter wp-image-1377\" src=\"http:\/\/www.norn.is\/pistlar\/wp-content\/uploads\/sites\/2\/2014\/08\/steina.png\" alt=\"steina\" width=\"680\" height=\"83\" srcset=\"https:\/\/www.norn.is\/pistlar\/wp-content\/uploads\/sites\/2\/2014\/08\/steina.png 766w, https:\/\/www.norn.is\/pistlar\/wp-content\/uploads\/sites\/2\/2014\/08\/steina-300x36.png 300w\" sizes=\"auto, (max-width: 680px) 100vw, 680px\" \/><\/a><\/p>\n<p style=\"color: #222222;\">H\u00e9r m\u00e1 sj\u00e1 umfj\u00f6llun nokkurra mi\u00f0la um m\u00e1li\u00f0.\u00a0<a style=\"font-weight: inherit; font-style: inherit; color: #ce2121;\" href=\"http:\/\/ruv.is\/frett\/hvetur-egf-til-ad-snidganga-kvennabladid\">R\u00daV<\/a>\u00a0\u00a0<a style=\"font-weight: inherit; font-style: inherit; color: #ce2121;\" href=\"http:\/\/www.dv.is\/frettir\/2014\/2\/27\/vigdis-hvetur-fyrirtaeki-til-ad-haetta-ad-auglysa-i-kvennabladinu\/\">DV<\/a>\u00a0 \u00a0\u00a0<a style=\"font-weight: inherit; font-style: inherit; color: #ce2121;\" href=\"http:\/\/www.dv.is\/frettir\/2014\/2\/27\/egf-auglysum-bara-vidskiptalegum-forsendum\/\">Meira \u00ed DV<\/a>\u00a0 \u00a0\u00a0<a style=\"font-weight: inherit; font-style: inherit; color: #ce2121;\" href=\"http:\/\/eyjan.pressan.is\/frettir\/2014\/02\/27\/vigdis-thrystir-a-fyrirtaeki-ad-haetta-auglysa-i-kvennabladinu-otruleg-adfor-ad-tjaningarfrelsinu\/\">Eyjan<\/a>\u00a0 \u00a0<a style=\"font-weight: inherit; font-style: inherit; color: #ce2121;\" href=\"http:\/\/visir.is\/vigdis-hvetur-egf-snyrtivorur-til-ad-snidganga-kvennabladid\/article\/2014140228992\">V\u00edsir<\/a>\u00a0\u00a0\u00a0<a style=\"font-weight: inherit; font-style: inherit; color: #ce2121;\" href=\"http:\/\/www.mbl.is\/frettir\/innlent\/2014\/02\/27\/hvetur_fyrirtaeki_til_ad_haetta_ad_auglysa\/\">Mbl<\/a><\/p>\n<p style=\"color: #222222;\"><a style=\"font-weight: inherit; font-style: inherit; color: #ce2121;\" href=\"http:\/\/www.dv.is\/frettir\/2014\/2\/27\/egf-auglysum-bara-vidskiptalegum-forsendum\/\">\u00a0<\/a><\/p>\n<h2 style=\"color: #111111;\">Vigd\u00eds enn\u00fe\u00e1 \u00f3s\u00e1tt<\/h2>\n<p style=\"color: #222222;\">Forma\u00f0ur fj\u00e1rlaganefndar kann \u00fe\u00f3 fj\u00f6lmi\u00f0lum litlar \u00feakkir fyrir a\u00f0 augl\u00fdsa sko\u00f0anir hennar \u00e1 vi\u00f0skiptum fyrirt\u00e6kisins EGF vi\u00f0 Kvennabla\u00f0i\u00f0 \u00fev\u00ed \u00e1 ellefta t\u00edmanum \u00ed dag birti h\u00fan \u00feessa athugasemd \u00e1 Facebook:<\/p>\n<p style=\"color: #222222;\"><a href=\"http:\/\/www.norn.is\/pistlar\/wp-content\/uploads\/sites\/2\/2014\/08\/viggan.jpg\"><img loading=\"lazy\" decoding=\"async\" class=\"aligncenter wp-image-1378\" src=\"http:\/\/www.norn.is\/pistlar\/wp-content\/uploads\/sites\/2\/2014\/08\/viggan.jpg\" alt=\"viggan\" width=\"680\" height=\"619\" srcset=\"https:\/\/www.norn.is\/pistlar\/wp-content\/uploads\/sites\/2\/2014\/08\/viggan.jpg 458w, https:\/\/www.norn.is\/pistlar\/wp-content\/uploads\/sites\/2\/2014\/08\/viggan-300x273.jpg 300w\" sizes=\"auto, (max-width: 680px) 100vw, 680px\" \/><\/a><\/p>\n<h2 style=\"color: #111111;\"><\/h2>\n<h2 style=\"color: #111111;\">Einelti og kvenfyrirlitning?<\/h2>\n<p style=\"color: #222222;\">Nokkrir \u00feeirra sem hafa tj\u00e1\u00f0 sig um umfj\u00f6llun Kvennabla\u00f0sins og umm\u00e6li \u00feingmannsins tala um samantektina sem \u201eeinelti\u201c og \u00e1r\u00e1s \u00e1 konur.<\/p>\n<p style=\"color: #222222;\">Nei, k\u00e6ru netverjar, \u00fea\u00f0 er ekki einelti a\u00f0 benda \u00e1 \u00fea\u00f0 \u00feegar f\u00f3lk \u00ed valdast\u00f6\u00f0um ver\u00f0ur sj\u00e1lfu s\u00e9r og \u00fej\u00f3\u00f0 sinni \u00edtreka\u00f0 til skammar, heldur \u00f6llu heldur skylda fj\u00f6lmi\u00f0la. Og konum er sannarlega enginn grei\u00f0i ger\u00f0ur me\u00f0 \u00fev\u00ed a\u00f0 l\u00e1ta \u00fe\u00e6r valdakonur \u00f3\u00e1reittar sem varpa r\u00fdr\u00f0 \u00e1 kynsystur s\u00ednar me\u00f0 \u00fev\u00ed a\u00f0 berrassa \u00feekkingarleysi sitt og mann\u00fa\u00f0arskort \u00e1 opinberum vettvangi.<\/p>\n","protected":false},"excerpt":{"rendered":"<p>Forma\u00f0ur fj\u00e1rlaganefndar, Vigd\u00eds Hauksd\u00f3ttir, vir\u00f0ist ekki par hrifin af \u00fev\u00ed a\u00f0 sj\u00e1 \u00e1 einum sta\u00f0 \u00feau umm\u00e6li sj\u00e1lfar s\u00edn sem mesta athygli hafa vaki\u00f0 s\u00ed\u00f0an h\u00fan komst \u00e1 \u00feing.<\/p>\n","protected":false},"author":2,"featured_media":1366,"comment_status":"closed","ping_status":"closed","sticky":false,"template":"","format":"standard","meta":{"footnotes":"","_links_to":"","_links_to_target":""},"categories":[12,1],"tags":[170],"class_list":["post-1364","post","type-post","status-publish","format-standard","has-post-thumbnail","hentry","category-menning-listir-og-fjolmidlar","category-pistlar","tag-vigdis-hauksdottir"],"yoast_head":"<!-- This site is optimized with the Yoast SEO plugin v27.5 - https:\/\/yoast.com\/product\/yoast-seo-wordpress\/ -->\n<title>Vigd\u00eds \u00f3s\u00e1tt vi\u00f0 fj\u00f6lmi\u00f0la - Pistlar Evu<\/title>\n<meta name=\"robots\" content=\"index, follow, max-snippet:-1, max-image-preview:large, max-video-preview:-1\" \/>\n<link rel=\"canonical\" href=\"https:\/\/www.norn.is\/pistlar\/vigdis-osatt-vid-fjolmidla\/\" \/>\n<meta property=\"og:locale\" content=\"is_IS\" \/>\n<meta property=\"og:type\" content=\"article\" \/>\n<meta property=\"og:title\" content=\"Vigd\u00eds \u00f3s\u00e1tt vi\u00f0 fj\u00f6lmi\u00f0la - Pistlar Evu\" \/>\n<meta property=\"og:description\" content=\"Forma\u00f0ur fj\u00e1rlaganefndar, Vigd\u00eds Hauksd\u00f3ttir, vir\u00f0ist ekki par hrifin af \u00fev\u00ed a\u00f0 sj\u00e1 \u00e1 einum sta\u00f0 \u00feau umm\u00e6li sj\u00e1lfar s\u00edn sem mesta athygli hafa vaki\u00f0 s\u00ed\u00f0an h\u00fan komst \u00e1 \u00feing.\" \/>\n<meta property=\"og:url\" content=\"https:\/\/www.norn.is\/pistlar\/vigdis-osatt-vid-fjolmidla\/\" \/>\n<meta property=\"og:site_name\" content=\"Pistlar Evu\" \/>\n<meta property=\"article:published_time\" content=\"2014-02-27T18:46:46+00:00\" \/>\n<meta property=\"article:modified_time\" content=\"2016-07-03T13:18:10+00:00\" \/>\n<meta property=\"og:image\" content=\"https:\/\/www.norn.is\/pistlar\/wp-content\/uploads\/sites\/2\/2014\/08\/vigdis-hauks-688x451.jpg\" \/>\n\t<meta property=\"og:image:width\" content=\"688\" \/>\n\t<meta property=\"og:image:height\" content=\"451\" \/>\n\t<meta property=\"og:image:type\" content=\"image\/jpeg\" \/>\n<meta name=\"author\" content=\"Eva Hauksd\u00f3ttir\" \/>\n<meta name=\"twitter:card\" content=\"summary_large_image\" \/>\n<meta name=\"twitter:label1\" content=\"Written by\" \/>\n\t<meta name=\"twitter:data1\" content=\"\" \/>\n\t<meta name=\"twitter:label2\" content=\"Est. reading time\" \/>\n\t<meta name=\"twitter:data2\" content=\"3 minutes\" \/>\n<script type=\"application\/ld+json\" class=\"yoast-schema-graph\">{\"@context\":\"https:\\\/\\\/schema.org\",\"@graph\":[{\"@type\":\"Article\",\"@id\":\"https:\\\/\\\/www.norn.is\\\/pistlar\\\/vigdis-osatt-vid-fjolmidla\\\/#article\",\"isPartOf\":{\"@id\":\"https:\\\/\\\/www.norn.is\\\/pistlar\\\/vigdis-osatt-vid-fjolmidla\\\/\"},\"author\":{\"name\":\"Eva Hauksd\u00f3ttir\",\"@id\":\"https:\\\/\\\/www.norn.is\\\/pistlar\\\/#\\\/schema\\\/person\\\/2eb0fcae9e1ecc61987f7ed9c878531c\"},\"headline\":\"Vigd\u00eds \u00f3s\u00e1tt vi\u00f0 fj\u00f6lmi\u00f0la\",\"datePublished\":\"2014-02-27T18:46:46+00:00\",\"dateModified\":\"2016-07-03T13:18:10+00:00\",\"mainEntityOfPage\":{\"@id\":\"https:\\\/\\\/www.norn.is\\\/pistlar\\\/vigdis-osatt-vid-fjolmidla\\\/\"},\"wordCount\":593,\"image\":{\"@id\":\"https:\\\/\\\/www.norn.is\\\/pistlar\\\/vigdis-osatt-vid-fjolmidla\\\/#primaryimage\"},\"thumbnailUrl\":\"https:\\\/\\\/www.norn.is\\\/pistlar\\\/wp-content\\\/uploads\\\/sites\\\/2\\\/2014\\\/08\\\/vigdis-hauks-688x451.jpg\",\"keywords\":[\"Vigd\u00eds Hauksd\u00f3ttir\"],\"articleSection\":[\"Menning, listir og fj\u00f6lmi\u00f0lar\",\"Pistlar um samf\u00e9lagsm\u00e1l\"],\"inLanguage\":\"is\"},{\"@type\":\"WebPage\",\"@id\":\"https:\\\/\\\/www.norn.is\\\/pistlar\\\/vigdis-osatt-vid-fjolmidla\\\/\",\"url\":\"https:\\\/\\\/www.norn.is\\\/pistlar\\\/vigdis-osatt-vid-fjolmidla\\\/\",\"name\":\"Vigd\u00eds \u00f3s\u00e1tt vi\u00f0 fj\u00f6lmi\u00f0la - Pistlar Evu\",\"isPartOf\":{\"@id\":\"https:\\\/\\\/www.norn.is\\\/pistlar\\\/#website\"},\"primaryImageOfPage\":{\"@id\":\"https:\\\/\\\/www.norn.is\\\/pistlar\\\/vigdis-osatt-vid-fjolmidla\\\/#primaryimage\"},\"image\":{\"@id\":\"https:\\\/\\\/www.norn.is\\\/pistlar\\\/vigdis-osatt-vid-fjolmidla\\\/#primaryimage\"},\"thumbnailUrl\":\"https:\\\/\\\/www.norn.is\\\/pistlar\\\/wp-content\\\/uploads\\\/sites\\\/2\\\/2014\\\/08\\\/vigdis-hauks-688x451.jpg\",\"datePublished\":\"2014-02-27T18:46:46+00:00\",\"dateModified\":\"2016-07-03T13:18:10+00:00\",\"author\":{\"@id\":\"https:\\\/\\\/www.norn.is\\\/pistlar\\\/#\\\/schema\\\/person\\\/2eb0fcae9e1ecc61987f7ed9c878531c\"},\"breadcrumb\":{\"@id\":\"https:\\\/\\\/www.norn.is\\\/pistlar\\\/vigdis-osatt-vid-fjolmidla\\\/#breadcrumb\"},\"inLanguage\":\"is\",\"potentialAction\":[{\"@type\":\"ReadAction\",\"target\":[\"https:\\\/\\\/www.norn.is\\\/pistlar\\\/vigdis-osatt-vid-fjolmidla\\\/\"]}]},{\"@type\":\"ImageObject\",\"inLanguage\":\"is\",\"@id\":\"https:\\\/\\\/www.norn.is\\\/pistlar\\\/vigdis-osatt-vid-fjolmidla\\\/#primaryimage\",\"url\":\"https:\\\/\\\/www.norn.is\\\/pistlar\\\/wp-content\\\/uploads\\\/sites\\\/2\\\/2014\\\/08\\\/vigdis-hauks-688x451.jpg\",\"contentUrl\":\"https:\\\/\\\/www.norn.is\\\/pistlar\\\/wp-content\\\/uploads\\\/sites\\\/2\\\/2014\\\/08\\\/vigdis-hauks-688x451.jpg\",\"width\":688,\"height\":451},{\"@type\":\"BreadcrumbList\",\"@id\":\"https:\\\/\\\/www.norn.is\\\/pistlar\\\/vigdis-osatt-vid-fjolmidla\\\/#breadcrumb\",\"itemListElement\":[{\"@type\":\"ListItem\",\"position\":1,\"name\":\"Home\",\"item\":\"https:\\\/\\\/www.norn.is\\\/pistlar\\\/\"},{\"@type\":\"ListItem\",\"position\":2,\"name\":\"Vigd\u00eds \u00f3s\u00e1tt vi\u00f0 fj\u00f6lmi\u00f0la\"}]},{\"@type\":\"WebSite\",\"@id\":\"https:\\\/\\\/www.norn.is\\\/pistlar\\\/#website\",\"url\":\"https:\\\/\\\/www.norn.is\\\/pistlar\\\/\",\"name\":\"Pistlar Evu\",\"description\":\"\",\"potentialAction\":[{\"@type\":\"SearchAction\",\"target\":{\"@type\":\"EntryPoint\",\"urlTemplate\":\"https:\\\/\\\/www.norn.is\\\/pistlar\\\/?s={search_term_string}\"},\"query-input\":{\"@type\":\"PropertyValueSpecification\",\"valueRequired\":true,\"valueName\":\"search_term_string\"}}],\"inLanguage\":\"is\"},{\"@type\":\"Person\",\"@id\":\"https:\\\/\\\/www.norn.is\\\/pistlar\\\/#\\\/schema\\\/person\\\/2eb0fcae9e1ecc61987f7ed9c878531c\",\"name\":\"Eva Hauksd\u00f3ttir\",\"sameAs\":[\"http:\\\/\\\/www.norn.is\"],\"url\":\"https:\\\/\\\/www.norn.is\\\/pistlar\\\/author\\\/eva\\\/\"}]}<\/script>\n<!-- \/ Yoast SEO plugin. -->","yoast_head_json":{"title":"Vigd\u00eds \u00f3s\u00e1tt vi\u00f0 fj\u00f6lmi\u00f0la - Pistlar Evu","robots":{"index":"index","follow":"follow","max-snippet":"max-snippet:-1","max-image-preview":"max-image-preview:large","max-video-preview":"max-video-preview:-1"},"canonical":"https:\/\/www.norn.is\/pistlar\/vigdis-osatt-vid-fjolmidla\/","og_locale":"is_IS","og_type":"article","og_title":"Vigd\u00eds \u00f3s\u00e1tt vi\u00f0 fj\u00f6lmi\u00f0la - Pistlar Evu","og_description":"Forma\u00f0ur fj\u00e1rlaganefndar, Vigd\u00eds Hauksd\u00f3ttir, vir\u00f0ist ekki par hrifin af \u00fev\u00ed a\u00f0 sj\u00e1 \u00e1 einum sta\u00f0 \u00feau umm\u00e6li sj\u00e1lfar s\u00edn sem mesta athygli hafa vaki\u00f0 s\u00ed\u00f0an h\u00fan komst \u00e1 \u00feing.","og_url":"https:\/\/www.norn.is\/pistlar\/vigdis-osatt-vid-fjolmidla\/","og_site_name":"Pistlar Evu","article_published_time":"2014-02-27T18:46:46+00:00","article_modified_time":"2016-07-03T13:18:10+00:00","og_image":[{"width":688,"height":451,"url":"https:\/\/www.norn.is\/pistlar\/wp-content\/uploads\/sites\/2\/2014\/08\/vigdis-hauks-688x451.jpg","type":"image\/jpeg"}],"author":"Eva Hauksd\u00f3ttir","twitter_card":"summary_large_image","twitter_misc":{"Written by":false,"Est. reading time":"3 minutes"},"schema":{"@context":"https:\/\/schema.org","@graph":[{"@type":"Article","@id":"https:\/\/www.norn.is\/pistlar\/vigdis-osatt-vid-fjolmidla\/#article","isPartOf":{"@id":"https:\/\/www.norn.is\/pistlar\/vigdis-osatt-vid-fjolmidla\/"},"author":{"name":"Eva Hauksd\u00f3ttir","@id":"https:\/\/www.norn.is\/pistlar\/#\/schema\/person\/2eb0fcae9e1ecc61987f7ed9c878531c"},"headline":"Vigd\u00eds \u00f3s\u00e1tt vi\u00f0 fj\u00f6lmi\u00f0la","datePublished":"2014-02-27T18:46:46+00:00","dateModified":"2016-07-03T13:18:10+00:00","mainEntityOfPage":{"@id":"https:\/\/www.norn.is\/pistlar\/vigdis-osatt-vid-fjolmidla\/"},"wordCount":593,"image":{"@id":"https:\/\/www.norn.is\/pistlar\/vigdis-osatt-vid-fjolmidla\/#primaryimage"},"thumbnailUrl":"https:\/\/www.norn.is\/pistlar\/wp-content\/uploads\/sites\/2\/2014\/08\/vigdis-hauks-688x451.jpg","keywords":["Vigd\u00eds Hauksd\u00f3ttir"],"articleSection":["Menning, listir og fj\u00f6lmi\u00f0lar","Pistlar um samf\u00e9lagsm\u00e1l"],"inLanguage":"is"},{"@type":"WebPage","@id":"https:\/\/www.norn.is\/pistlar\/vigdis-osatt-vid-fjolmidla\/","url":"https:\/\/www.norn.is\/pistlar\/vigdis-osatt-vid-fjolmidla\/","name":"Vigd\u00eds \u00f3s\u00e1tt vi\u00f0 fj\u00f6lmi\u00f0la - Pistlar Evu","isPartOf":{"@id":"https:\/\/www.norn.is\/pistlar\/#website"},"primaryImageOfPage":{"@id":"https:\/\/www.norn.is\/pistlar\/vigdis-osatt-vid-fjolmidla\/#primaryimage"},"image":{"@id":"https:\/\/www.norn.is\/pistlar\/vigdis-osatt-vid-fjolmidla\/#primaryimage"},"thumbnailUrl":"https:\/\/www.norn.is\/pistlar\/wp-content\/uploads\/sites\/2\/2014\/08\/vigdis-hauks-688x451.jpg","datePublished":"2014-02-27T18:46:46+00:00","dateModified":"2016-07-03T13:18:10+00:00","author":{"@id":"https:\/\/www.norn.is\/pistlar\/#\/schema\/person\/2eb0fcae9e1ecc61987f7ed9c878531c"},"breadcrumb":{"@id":"https:\/\/www.norn.is\/pistlar\/vigdis-osatt-vid-fjolmidla\/#breadcrumb"},"inLanguage":"is","potentialAction":[{"@type":"ReadAction","target":["https:\/\/www.norn.is\/pistlar\/vigdis-osatt-vid-fjolmidla\/"]}]},{"@type":"ImageObject","inLanguage":"is","@id":"https:\/\/www.norn.is\/pistlar\/vigdis-osatt-vid-fjolmidla\/#primaryimage","url":"https:\/\/www.norn.is\/pistlar\/wp-content\/uploads\/sites\/2\/2014\/08\/vigdis-hauks-688x451.jpg","contentUrl":"https:\/\/www.norn.is\/pistlar\/wp-content\/uploads\/sites\/2\/2014\/08\/vigdis-hauks-688x451.jpg","width":688,"height":451},{"@type":"BreadcrumbList","@id":"https:\/\/www.norn.is\/pistlar\/vigdis-osatt-vid-fjolmidla\/#breadcrumb","itemListElement":[{"@type":"ListItem","position":1,"name":"Home","item":"https:\/\/www.norn.is\/pistlar\/"},{"@type":"ListItem","position":2,"name":"Vigd\u00eds \u00f3s\u00e1tt vi\u00f0 fj\u00f6lmi\u00f0la"}]},{"@type":"WebSite","@id":"https:\/\/www.norn.is\/pistlar\/#website","url":"https:\/\/www.norn.is\/pistlar\/","name":"Pistlar Evu","description":"","potentialAction":[{"@type":"SearchAction","target":{"@type":"EntryPoint","urlTemplate":"https:\/\/www.norn.is\/pistlar\/?s={search_term_string}"},"query-input":{"@type":"PropertyValueSpecification","valueRequired":true,"valueName":"search_term_string"}}],"inLanguage":"is"},{"@type":"Person","@id":"https:\/\/www.norn.is\/pistlar\/#\/schema\/person\/2eb0fcae9e1ecc61987f7ed9c878531c","name":"Eva Hauksd\u00f3ttir","sameAs":["http:\/\/www.norn.is"],"url":"https:\/\/www.norn.is\/pistlar\/author\/eva\/"}]}},"_links":{"self":[{"href":"https:\/\/www.norn.is\/pistlar\/wp-json\/wp\/v2\/posts\/1364","targetHints":{"allow":["GET"]}}],"collection":[{"href":"https:\/\/www.norn.is\/pistlar\/wp-json\/wp\/v2\/posts"}],"about":[{"href":"https:\/\/www.norn.is\/pistlar\/wp-json\/wp\/v2\/types\/post"}],"author":[{"embeddable":true,"href":"https:\/\/www.norn.is\/pistlar\/wp-json\/wp\/v2\/users\/2"}],"replies":[{"embeddable":true,"href":"https:\/\/www.norn.is\/pistlar\/wp-json\/wp\/v2\/comments?post=1364"}],"version-history":[{"count":7,"href":"https:\/\/www.norn.is\/pistlar\/wp-json\/wp\/v2\/posts\/1364\/revisions"}],"predecessor-version":[{"id":11114,"href":"https:\/\/www.norn.is\/pistlar\/wp-json\/wp\/v2\/posts\/1364\/revisions\/11114"}],"wp:featuredmedia":[{"embeddable":true,"href":"https:\/\/www.norn.is\/pistlar\/wp-json\/wp\/v2\/media\/1366"}],"wp:attachment":[{"href":"https:\/\/www.norn.is\/pistlar\/wp-json\/wp\/v2\/media?parent=1364"}],"wp:term":[{"taxonomy":"category","embeddable":true,"href":"https:\/\/www.norn.is\/pistlar\/wp-json\/wp\/v2\/categories?post=1364"},{"taxonomy":"post_tag","embeddable":true,"href":"https:\/\/www.norn.is\/pistlar\/wp-json\/wp\/v2\/tags?post=1364"}],"curies":[{"name":"wp","href":"https:\/\/api.w.org\/{rel}","templated":true}]}}