{"id":1359,"date":"2014-03-07T10:41:41","date_gmt":"2014-03-07T10:41:41","guid":{"rendered":"http:\/\/www.norn.is\/pistlar\/?p=1359"},"modified":"2018-09-18T13:54:10","modified_gmt":"2018-09-18T13:54:10","slug":"enginn-gratkor-thott-malefnin-seu-alvarleg","status":"publish","type":"post","link":"https:\/\/www.norn.is\/pistlar\/enginn-gratkor-thott-malefnin-seu-alvarleg\/","title":{"rendered":"Enginn gr\u00e1tk\u00f3r \u00fe\u00f3tt m\u00e1lefnin s\u00e9u alvarleg"},"content":{"rendered":"<p style=\"color: #222222;\"><a href=\"http:\/\/www.norn.is\/pistlar\/wp-content\/uploads\/sites\/2\/2014\/03\/Screen-Shot-2014-03-07-at-8.52.44-AM-688x451.png\"><img loading=\"lazy\" decoding=\"async\" class=\"alignleft size-full wp-image-1361\" src=\"http:\/\/www.norn.is\/pistlar\/wp-content\/uploads\/sites\/2\/2014\/03\/Screen-Shot-2014-03-07-at-8.52.44-AM-688x451.png\" alt=\"mfik\" width=\"688\" height=\"451\" srcset=\"https:\/\/www.norn.is\/pistlar\/wp-content\/uploads\/sites\/2\/2014\/03\/Screen-Shot-2014-03-07-at-8.52.44-AM-688x451.png 688w, https:\/\/www.norn.is\/pistlar\/wp-content\/uploads\/sites\/2\/2014\/03\/Screen-Shot-2014-03-07-at-8.52.44-AM-688x451-300x196.png 300w\" sizes=\"auto, (max-width: 688px) 100vw, 688px\" \/><\/a><\/p>\n<p style=\"color: #222222;\">\u00c1ttundi mars er al\u00fej\u00f3\u00f0legur bar\u00e1ttudagur kvenna fyrir fri\u00f0i og jafnr\u00e9tti. Fj\u00f6lm\u00f6rg samt\u00f6k og hreyfingar hafa fagna\u00f0 \u00feessum degi \u00e1 s\u00ed\u00f0ustu \u00e1ratugum en MF\u00cdK, Menningar- og fri\u00f0arsamt\u00f6k \u00edslenskra kvenna hafa haldi\u00f0 hann h\u00e1t\u00ed\u00f0legan allt fr\u00e1 1953. \u00a0Samt\u00f6kin voru stofnu\u00f0 \u00e1ri\u00f0 1951 sem deild \u00ed\u00a0Al\u00fej\u00f3\u00f0asambandi l\u00fd\u00f0r\u00e6\u00f0issinna\u00f0ra kvenna. \u00a0\u00c9g r\u00e6ddi vi\u00f0 eina af stj\u00f3rnarkonum MF\u00cdK, Margr\u00e9ti P\u00e1l\u00ednu Gu\u00f0mundsd\u00f3ttur.<!--more--><\/p>\n<p style=\"color: #222222;\"><strong style=\"font-style: inherit;\">Menningar- og fri\u00f0arsamt\u00f6k \u00edslenskra kvenna hafa ekki veri\u00f0 s\u00e9rstaklega \u00e1berandi \u00ed fj\u00f6lmi\u00f0lum. \u00dat \u00e1 hva\u00f0 gengur ykkar starf?<\/strong><\/p>\n<p style=\"color: #222222;\">MF\u00cdK er hreyfing sem leggur \u00e1herslu \u00e1 \u00fdmis m\u00e1l sem tengjast fri\u00f0ar-, mann\u00fa\u00f0ar- og jafnr\u00e9ttism\u00e1lum. F\u00e9lagi\u00f0 hefur starfa\u00f0 \u00ed meira en 6 \u00e1ratugi e\u00f0a fr\u00e1 \u00e1rinu 1951. \u00deetta er sj\u00e1lfbo\u00f0astarf og felst annarsvegar \u00ed \u00fev\u00ed a\u00f0 \u00fer\u00fdsta \u00e1 stj\u00f3rnv\u00f6ld um a\u00f0ger\u00f0ir og hinsvegar a\u00f0 sty\u00f0ja vi\u00f0 g\u00f3\u00f0 m\u00e1lefni. Vi\u00f0 hittumst reglulega og r\u00e6\u00f0um \u00fea\u00f0 sem er a\u00f0 gerast \u00e1 al\u00fej\u00f3\u00f0avettvangi og h\u00e9r heima, kynnum \u00fea\u00f0 sem fri\u00f0arhreyfingar eru a\u00f0 r\u00e6\u00f0a annarssta\u00f0ar og sendum r\u00edkisstj\u00f3rninni \u00e1lyktanir um afvopnunar- og mannr\u00e9ttindam\u00e1l.<\/p>\n<p style=\"color: #222222;\"><strong style=\"font-style: inherit;\">\u00deannig a\u00f0 ykkar vinna er kannski ekki mj\u00f6g s\u00fdnileg?<\/strong><\/p>\n<p style=\"color: #222222;\">Sumt af \u00fev\u00ed sem vi\u00f0 gerum fer ekki h\u00e1tt en vi\u00f0 st\u00f6ndum l\u00edka fyrir \u00fdmsum upp\u00e1komum og vinnum n\u00e1i\u00f0 me\u00f0 \u00f6\u00f0rum hreyfingum, ekki s\u00edst Samt\u00f6kum herna\u00f0arandst\u00e6\u00f0inga. \u00de\u00f3tt vi\u00f0 s\u00e9um a\u00f0 r\u00e6\u00f0a alvarleg m\u00e1l erum vi\u00f0 alls enginn gr\u00e1tk\u00f3r. \u00devert \u00e1 m\u00f3ti er mj\u00f6g gaman hj\u00e1 okkur. Vi\u00f0 h\u00f6ldum reglulega fj\u00e1r\u00f6flunarkv\u00f6ldver\u00f0i \u00ed Fri\u00f0arh\u00fasinu \u00e1 Nj\u00e1lsg\u00f6tu \u00ed samstarfi vi\u00f0 SH og venjan er s\u00fa a\u00f0 bj\u00f3\u00f0a \u00feanga\u00f0 f\u00f3lki til a\u00f0 flytja stutt erindi um \u00fdmis m\u00e1l sem snerta hugsj\u00f3n okkar um alheimsfri\u00f0 og jafnr\u00e9tti fyrir alla h\u00f3pa samf\u00e9lagsins. Einnig koma oft fram listamenn enda leggjum vi\u00f0 l\u00edka \u00e1herslu \u00e1 menningu. \u00deetta er mj\u00f6g skemmtilegt og ver\u00f0i\u00f0 h\u00f3fstillt.<\/p>\n<blockquote class=\"right\" style=\"font-style: oblique; color: #ababab;\">\n<p style=\"font-style: inherit; color: #222222;\">\u00de\u00f3tt vi\u00f0 s\u00e9um a\u00f0 r\u00e6\u00f0a alvarleg m\u00e1l erum vi\u00f0 alls enginn gr\u00e1tk\u00f3r.<\/p>\n<\/blockquote>\n<p style=\"color: #222222;\">Vi\u00f0 st\u00f6ndum fyrir fj\u00f3rum st\u00f3rum atbur\u00f0um \u00e1rlega. S\u00e1 fyrsti er dagskr\u00e1 \u00e1 al\u00fej\u00f3\u00f0legum bar\u00e1ttudegi kvenna. Dagskr\u00e1in fer fram \u00ed I\u00f0n\u00f3 a\u00f0 \u00feessu sinni og mj\u00f6g \u00e1hugaver\u00f0 erindi \u00ed bo\u00f0i. \u00c9g hvet f\u00f3lk til a\u00f0 sko\u00f0a heimas\u00ed\u00f0una okkar og kynna s\u00e9r dagskr\u00e1na. MF\u00cdK hefur haldi\u00f0 \u00feennan dag h\u00e1t\u00ed\u00f0legan fr\u00e1 1953 og lengi vorum vi\u00f0 eina f\u00e9lagi\u00f0 sem skeytti eitthva\u00f0 um \u00feennan dag. \u00cd dag heldur fj\u00f6ldi hreyfinga \u00feennan dag h\u00e1t\u00ed\u00f0legan og \u00fea\u00f0 er mj\u00f6g \u00e1n\u00e6gjulegt a\u00f0 sj\u00e1.<\/p>\n<p style=\"color: #222222;\">Annar atbur\u00f0urinn er kertafleyting \u00e1 Reykjav\u00edkurtj\u00f6rn \u00feann 9. \u00e1g\u00fast, til minningar um f\u00f3rnarl\u00f6mb kjarnorku\u00e1r\u00e1sanna \u00ed Hirosima og Nagasaki 1945. \u00dea\u00f0 er falleg ath\u00f6fn og fleiri fri\u00f0arhreyfingar taka \u00fe\u00e1tt \u00ed \u00feeim atbur\u00f0i.<\/p>\n<p style=\"color: #222222;\">Svo st\u00f6ndum vi\u00f0 fyrir b\u00f3kamessu 23. desember. Vi\u00f0 leigjum \u00fe\u00e1 sal og bj\u00f3\u00f0um h\u00f6fundum n\u00fd\u00fatkominna b\u00f3ka a\u00f0 koma og kynna verk s\u00edn. Vi\u00f0 h\u00f6fum lagt \u00e1herslu \u00e1 a\u00f0 kynna verk kvenna s\u00e9rstaklega svo vi\u00f0 bj\u00f3\u00f0um a\u00f0eins einum karli. Vi\u00f0 seljum veitingar, kaffi og heimabakstur vi\u00f0 \u00feessi tilefni og l\u00e1tum \u00e1g\u00f3\u00f0ann renna til einhvers g\u00f3\u00f0s m\u00e1lefnis.<\/p>\n<p style=\"color: #222222;\">\u00cd framhaldi b\u00f3kamessunnar er svo fri\u00f0arganga \u00ed samstarfi vi\u00f0 \u00f6nnur fri\u00f0arsamt\u00f6k. Blysf\u00f6r fr\u00e1 Hlemmi og ni\u00f0ur \u00e1 Ing\u00f3lfstorg. \u00deessi ganga er l\u00f6ngu or\u00f0inn \u00f3missandi hluti af \u00deorl\u00e1ksmessu og mj\u00f6g h\u00e1t\u00ed\u00f0leg.<\/p>\n<p style=\"color: #222222;\"><strong style=\"font-style: inherit;\">N\u00fa \u00e1 MF\u00cdK s\u00e9r langa s\u00f6gu. En hvernig var\u00f0 hreyfingin til?<\/strong><\/p>\n<blockquote class=\"left\" style=\"font-style: oblique; color: #ababab;\">\n<p style=\"font-style: inherit; color: #222222;\">MF\u00cdK konur \u00e1ttu frumkv\u00e6\u00f0i a\u00f0 \u00fev\u00ed a\u00f0 kynna jafnr\u00e9ttisbar\u00e1ttuna og \u00fear var launajafnr\u00e9tti fyrsta og sk\u00fdrasta krafan.<\/p>\n<\/blockquote>\n<p style=\"color: #222222;\">Okkar hreyfing spratt upp \u00far al\u00fej\u00f3\u00f0legu grasr\u00f3tarstarfi. Samt\u00f6kin voru formlega stofnu\u00f0 \u00e1ri\u00f0 1951 og vi\u00f0 h\u00f6fum alltaf haft tengsl og samstarf vi\u00f0 al\u00fej\u00f3\u00f0legar hreyfingar. Fyrsti atbur\u00f0urinn sem MF\u00cdK st\u00f3\u00f0 fyrir var fundur um kirkjuna og fri\u00f0arm\u00e1lin \u00ed Stj\u00f6rnub\u00ed\u00f3i 8. mars 1953. MF\u00cdK konur \u00e1ttu frumkv\u00e6\u00f0i a\u00f0 \u00fev\u00ed a\u00f0 kynna jafnr\u00e9ttisbar\u00e1ttuna og \u00fear var launajafnr\u00e9tti fyrsta og sk\u00fdrasta krafan. \u00dea\u00f0 er annars gaman a\u00f0 segja fr\u00e1 \u00fev\u00ed a\u00f0 Au\u00f0ur Ingvarsd\u00f3ttir sagnfr\u00e6\u00f0ingur hefur teki\u00f0 a\u00f0 s\u00e9r a\u00f0 skrifa s\u00f6gu f\u00e9lagsins og vi\u00f0 vonumst til a\u00f0 h\u00fan geti komi\u00f0 \u00fat \u00e1 n\u00e6sta \u00e1ri.<\/p>\n<p style=\"color: #222222;\"><strong style=\"font-style: inherit;\">\u00c9g man a\u00f0 \u00feegar m\u00f3tm\u00e6lin gegn K\u00e1rahnj\u00fakavirkjun st\u00f3\u00f0u sem h\u00e6st \u00fe\u00e1 t\u00f3ku konur \u00far ykkar h\u00f3pi \u00fe\u00e1tt \u00ed \u00feeim, sumar \u00e1 \u00e1ttr\u00e6\u00f0isaldri. Er ekki d\u00e1l\u00edti\u00f0 s\u00e9rstakt a\u00f0 standa \u00ed akt\u00edvisma fram \u00e1 elli\u00e1r?<\/strong><\/p>\n<p style=\"color: #222222;\">J\u00fa en \u00fea\u00f0 hefur alla t\u00ed\u00f0 einkennt hreyfinguna a\u00f0 \u00fea\u00f0 eru konur sem synda \u00e1 m\u00f3ti straumnum sem bera starfi\u00f0 uppi. Fyrstu konurnar sem dr\u00f3gu vagninn voru \u00feekktar konur, rith\u00f6fundar og konur sem h\u00f6f\u00f0u afskipti af stj\u00f3rnm\u00e1lum. \u00de\u00e6r voru ekki vel s\u00e9\u00f0ar og fengu oft \u00f3bl\u00ed\u00f0ar kve\u00f0jur fr\u00e1 au\u00f0valdinu. \u00dea\u00f0 \u00fe\u00f3tti ekki vi\u00f0 kvenna h\u00e6fi \u00e1 \u00feeim t\u00edma a\u00f0 vera a\u00f0 skipta s\u00e9r af \u00feessum m\u00e1lum og \u00fe\u00f3tt margt hafi breyst s\u00ed\u00f0an eru \u00fea\u00f0 enn\u00fe\u00e1 sterkar konur sem skipa MF\u00cdK.<\/p>\n<blockquote class=\"left\" style=\"font-style: oblique; color: #ababab;\">\n<p style=\"font-style: inherit; color: #222222;\">\u00dea\u00f0 hefur alla t\u00ed\u00f0 einkennt hreyfinguna a\u00f0 \u00fea\u00f0 eru konur sem synda \u00e1 m\u00f3ti straumnum sem bera starfi\u00f0 uppi.<\/p>\n<\/blockquote>\n<p style=\"color: #222222;\">Vi\u00f0 h\u00f6fum haldi\u00f0 starfinu \u00f3sliti\u00f0 \u00f6ll \u00feessi \u00e1r en \u00fea\u00f0 var or\u00f0i\u00f0 b\u00fdsna erfitt \u00e1 t\u00edmabili. L\u00edtil endurn\u00fdjun haf\u00f0i \u00e1tt s\u00e9r sta\u00f0 og me\u00f0alaldur \u00ed samt\u00f6kunum var bara or\u00f0inn \u00fea\u00f0 h\u00e1r a\u00f0 vi\u00f0 \u00e1ttum erfitt me\u00f0 a\u00f0 gefa \u00fat fr\u00e9ttabr\u00e9f og sinna \u00f6\u00f0rum verkefnum sem vi\u00f0 vildum svo gjarnan. En n\u00fa eru komnar inn yngri konur, dr\u00edfandi og fullar af eldm\u00f3\u00f0i svo \u00fea\u00f0 er mikill kraftur \u00ed okkur n\u00fana.<\/p>\n<p style=\"color: #222222;\"><strong style=\"font-style: inherit;\">Hvert eiga konur sem langar a\u00f0 taka \u00fe\u00e1tt \u00ed starfi ykkar a\u00f0 sn\u00faa s\u00e9r?<\/strong><\/p>\n<p style=\"color: #222222;\">\u00dea\u00f0 er ekkert formlegt ums\u00f3knarferli. Vi\u00f0 erum me\u00f0 heimas\u00ed\u00f0u \u00fear sem netfangi\u00f0 okkar kemur fram. Svo eru au\u00f0vita\u00f0 allir velkomnir \u00e1 fj\u00e1r\u00f6flunarkv\u00f6ldver\u00f0ina \u00ed Fri\u00f0arh\u00fasinu og spjalla vi\u00f0 okkur og \u00e9g tala n\u00fa ekki um dagskr\u00e1na \u00ed I\u00f0n\u00f3 8. mars. \u00deetta er mj\u00f6g spennandi dagskr\u00e1 og gaman v\u00e6ri a\u00f0 sj\u00e1 sem flest n\u00fd andlit.<\/p>\n<p style=\"color: #222222;\"><a style=\"font-weight: inherit; font-style: inherit; color: #ce2121;\" href=\"http:\/\/mfik.wordpress.com\/\">N\u00e1nari uppl\u00fdsingar er a\u00f0 finna \u00e1 vefs\u00ed\u00f0u MF\u00cdK<\/a><\/p>\n","protected":false},"excerpt":{"rendered":"<p>\u00c1ttundi mars er al\u00fej\u00f3\u00f0legur bar\u00e1ttudagur kvenna fyrir fri\u00f0i og jafnr\u00e9tti. Fj\u00f6lm\u00f6rg samt\u00f6k og hreyfingar hafa fagna\u00f0 \u00feessum degi \u00e1 s\u00ed\u00f0ustu \u00e1ratugum en MF\u00cdK, Menningar- og fri\u00f0arsamt\u00f6k \u00edslenskra kvenna hafa haldi\u00f0 hann h\u00e1t\u00ed\u00f0legan allt fr\u00e1 1953. \u00a0Samt\u00f6kin voru stofnu\u00f0 \u00e1ri\u00f0 1951 &hellip; <a href=\"https:\/\/www.norn.is\/pistlar\/enginn-gratkor-thott-malefnin-seu-alvarleg\/\">Halda \u00e1fram a\u00f0 lesa <span class=\"meta-nav\">&rarr;<\/span><\/a><\/p>\n","protected":false},"author":2,"featured_media":1361,"comment_status":"closed","ping_status":"closed","sticky":false,"template":"","format":"standard","meta":{"footnotes":"","_links_to":"","_links_to_target":""},"categories":[11,1,684],"tags":[1097,167],"class_list":["post-1359","post","type-post","status-publish","format-standard","has-post-thumbnail","hentry","category-mannrettindi","category-pistlar","category-vidtol","tag-grasrotarsamtok","tag-mfik"],"yoast_head":"<!-- This site is optimized with the Yoast SEO plugin v27.5 - https:\/\/yoast.com\/product\/yoast-seo-wordpress\/ -->\n<title>Enginn gr\u00e1tk\u00f3r \u00fe\u00f3tt m\u00e1lefnin s\u00e9u alvarleg - Pistlar Evu<\/title>\n<meta name=\"robots\" content=\"index, follow, max-snippet:-1, max-image-preview:large, max-video-preview:-1\" \/>\n<link rel=\"canonical\" href=\"https:\/\/www.norn.is\/pistlar\/enginn-gratkor-thott-malefnin-seu-alvarleg\/\" \/>\n<meta property=\"og:locale\" content=\"is_IS\" \/>\n<meta property=\"og:type\" content=\"article\" \/>\n<meta property=\"og:title\" content=\"Enginn gr\u00e1tk\u00f3r \u00fe\u00f3tt m\u00e1lefnin s\u00e9u alvarleg - Pistlar Evu\" \/>\n<meta property=\"og:description\" content=\"\u00c1ttundi mars er al\u00fej\u00f3\u00f0legur bar\u00e1ttudagur kvenna fyrir fri\u00f0i og jafnr\u00e9tti. Fj\u00f6lm\u00f6rg samt\u00f6k og hreyfingar hafa fagna\u00f0 \u00feessum degi \u00e1 s\u00ed\u00f0ustu \u00e1ratugum en MF\u00cdK, Menningar- og fri\u00f0arsamt\u00f6k \u00edslenskra kvenna hafa haldi\u00f0 hann h\u00e1t\u00ed\u00f0legan allt fr\u00e1 1953. \u00a0Samt\u00f6kin voru stofnu\u00f0 \u00e1ri\u00f0 1951 &hellip; Halda \u00e1fram a\u00f0 lesa &rarr;\" \/>\n<meta property=\"og:url\" content=\"https:\/\/www.norn.is\/pistlar\/enginn-gratkor-thott-malefnin-seu-alvarleg\/\" \/>\n<meta property=\"og:site_name\" content=\"Pistlar Evu\" \/>\n<meta property=\"article:published_time\" content=\"2014-03-07T10:41:41+00:00\" \/>\n<meta property=\"article:modified_time\" content=\"2018-09-18T13:54:10+00:00\" \/>\n<meta property=\"og:image\" content=\"https:\/\/www.norn.is\/pistlar\/wp-content\/uploads\/sites\/2\/2014\/03\/Screen-Shot-2014-03-07-at-8.52.44-AM-688x451.png\" \/>\n\t<meta property=\"og:image:width\" content=\"688\" \/>\n\t<meta property=\"og:image:height\" content=\"451\" \/>\n\t<meta property=\"og:image:type\" content=\"image\/png\" \/>\n<meta name=\"author\" content=\"Eva Hauksd\u00f3ttir\" \/>\n<meta name=\"twitter:card\" content=\"summary_large_image\" \/>\n<meta name=\"twitter:label1\" content=\"Written by\" \/>\n\t<meta name=\"twitter:data1\" content=\"\" \/>\n\t<meta name=\"twitter:label2\" content=\"Est. reading time\" \/>\n\t<meta name=\"twitter:data2\" content=\"5 minutes\" \/>\n<script type=\"application\/ld+json\" class=\"yoast-schema-graph\">{\"@context\":\"https:\\\/\\\/schema.org\",\"@graph\":[{\"@type\":\"Article\",\"@id\":\"https:\\\/\\\/www.norn.is\\\/pistlar\\\/enginn-gratkor-thott-malefnin-seu-alvarleg\\\/#article\",\"isPartOf\":{\"@id\":\"https:\\\/\\\/www.norn.is\\\/pistlar\\\/enginn-gratkor-thott-malefnin-seu-alvarleg\\\/\"},\"author\":{\"name\":\"Eva Hauksd\u00f3ttir\",\"@id\":\"https:\\\/\\\/www.norn.is\\\/pistlar\\\/#\\\/schema\\\/person\\\/2eb0fcae9e1ecc61987f7ed9c878531c\"},\"headline\":\"Enginn gr\u00e1tk\u00f3r \u00fe\u00f3tt m\u00e1lefnin s\u00e9u alvarleg\",\"datePublished\":\"2014-03-07T10:41:41+00:00\",\"dateModified\":\"2018-09-18T13:54:10+00:00\",\"mainEntityOfPage\":{\"@id\":\"https:\\\/\\\/www.norn.is\\\/pistlar\\\/enginn-gratkor-thott-malefnin-seu-alvarleg\\\/\"},\"wordCount\":1090,\"image\":{\"@id\":\"https:\\\/\\\/www.norn.is\\\/pistlar\\\/enginn-gratkor-thott-malefnin-seu-alvarleg\\\/#primaryimage\"},\"thumbnailUrl\":\"https:\\\/\\\/www.norn.is\\\/pistlar\\\/wp-content\\\/uploads\\\/sites\\\/2\\\/2014\\\/03\\\/Screen-Shot-2014-03-07-at-8.52.44-AM-688x451.png\",\"keywords\":[\"Grasr\u00f3tarsamt\u00f6k\",\"MF\u00cdK\"],\"articleSection\":[\"Mannr\u00e9ttinda og fri\u00f0arm\u00e1l\",\"Pistlar um samf\u00e9lagsm\u00e1l\",\"Vi\u00f0t\u00f6l og gestapistlar\"],\"inLanguage\":\"is\"},{\"@type\":\"WebPage\",\"@id\":\"https:\\\/\\\/www.norn.is\\\/pistlar\\\/enginn-gratkor-thott-malefnin-seu-alvarleg\\\/\",\"url\":\"https:\\\/\\\/www.norn.is\\\/pistlar\\\/enginn-gratkor-thott-malefnin-seu-alvarleg\\\/\",\"name\":\"Enginn gr\u00e1tk\u00f3r \u00fe\u00f3tt m\u00e1lefnin s\u00e9u alvarleg - Pistlar Evu\",\"isPartOf\":{\"@id\":\"https:\\\/\\\/www.norn.is\\\/pistlar\\\/#website\"},\"primaryImageOfPage\":{\"@id\":\"https:\\\/\\\/www.norn.is\\\/pistlar\\\/enginn-gratkor-thott-malefnin-seu-alvarleg\\\/#primaryimage\"},\"image\":{\"@id\":\"https:\\\/\\\/www.norn.is\\\/pistlar\\\/enginn-gratkor-thott-malefnin-seu-alvarleg\\\/#primaryimage\"},\"thumbnailUrl\":\"https:\\\/\\\/www.norn.is\\\/pistlar\\\/wp-content\\\/uploads\\\/sites\\\/2\\\/2014\\\/03\\\/Screen-Shot-2014-03-07-at-8.52.44-AM-688x451.png\",\"datePublished\":\"2014-03-07T10:41:41+00:00\",\"dateModified\":\"2018-09-18T13:54:10+00:00\",\"author\":{\"@id\":\"https:\\\/\\\/www.norn.is\\\/pistlar\\\/#\\\/schema\\\/person\\\/2eb0fcae9e1ecc61987f7ed9c878531c\"},\"breadcrumb\":{\"@id\":\"https:\\\/\\\/www.norn.is\\\/pistlar\\\/enginn-gratkor-thott-malefnin-seu-alvarleg\\\/#breadcrumb\"},\"inLanguage\":\"is\",\"potentialAction\":[{\"@type\":\"ReadAction\",\"target\":[\"https:\\\/\\\/www.norn.is\\\/pistlar\\\/enginn-gratkor-thott-malefnin-seu-alvarleg\\\/\"]}]},{\"@type\":\"ImageObject\",\"inLanguage\":\"is\",\"@id\":\"https:\\\/\\\/www.norn.is\\\/pistlar\\\/enginn-gratkor-thott-malefnin-seu-alvarleg\\\/#primaryimage\",\"url\":\"https:\\\/\\\/www.norn.is\\\/pistlar\\\/wp-content\\\/uploads\\\/sites\\\/2\\\/2014\\\/03\\\/Screen-Shot-2014-03-07-at-8.52.44-AM-688x451.png\",\"contentUrl\":\"https:\\\/\\\/www.norn.is\\\/pistlar\\\/wp-content\\\/uploads\\\/sites\\\/2\\\/2014\\\/03\\\/Screen-Shot-2014-03-07-at-8.52.44-AM-688x451.png\",\"width\":688,\"height\":451},{\"@type\":\"BreadcrumbList\",\"@id\":\"https:\\\/\\\/www.norn.is\\\/pistlar\\\/enginn-gratkor-thott-malefnin-seu-alvarleg\\\/#breadcrumb\",\"itemListElement\":[{\"@type\":\"ListItem\",\"position\":1,\"name\":\"Home\",\"item\":\"https:\\\/\\\/www.norn.is\\\/pistlar\\\/\"},{\"@type\":\"ListItem\",\"position\":2,\"name\":\"Enginn gr\u00e1tk\u00f3r \u00fe\u00f3tt m\u00e1lefnin s\u00e9u alvarleg\"}]},{\"@type\":\"WebSite\",\"@id\":\"https:\\\/\\\/www.norn.is\\\/pistlar\\\/#website\",\"url\":\"https:\\\/\\\/www.norn.is\\\/pistlar\\\/\",\"name\":\"Pistlar Evu\",\"description\":\"\",\"potentialAction\":[{\"@type\":\"SearchAction\",\"target\":{\"@type\":\"EntryPoint\",\"urlTemplate\":\"https:\\\/\\\/www.norn.is\\\/pistlar\\\/?s={search_term_string}\"},\"query-input\":{\"@type\":\"PropertyValueSpecification\",\"valueRequired\":true,\"valueName\":\"search_term_string\"}}],\"inLanguage\":\"is\"},{\"@type\":\"Person\",\"@id\":\"https:\\\/\\\/www.norn.is\\\/pistlar\\\/#\\\/schema\\\/person\\\/2eb0fcae9e1ecc61987f7ed9c878531c\",\"name\":\"Eva Hauksd\u00f3ttir\",\"sameAs\":[\"http:\\\/\\\/www.norn.is\"],\"url\":\"https:\\\/\\\/www.norn.is\\\/pistlar\\\/author\\\/eva\\\/\"}]}<\/script>\n<!-- \/ Yoast SEO plugin. -->","yoast_head_json":{"title":"Enginn gr\u00e1tk\u00f3r \u00fe\u00f3tt m\u00e1lefnin s\u00e9u alvarleg - Pistlar Evu","robots":{"index":"index","follow":"follow","max-snippet":"max-snippet:-1","max-image-preview":"max-image-preview:large","max-video-preview":"max-video-preview:-1"},"canonical":"https:\/\/www.norn.is\/pistlar\/enginn-gratkor-thott-malefnin-seu-alvarleg\/","og_locale":"is_IS","og_type":"article","og_title":"Enginn gr\u00e1tk\u00f3r \u00fe\u00f3tt m\u00e1lefnin s\u00e9u alvarleg - Pistlar Evu","og_description":"\u00c1ttundi mars er al\u00fej\u00f3\u00f0legur bar\u00e1ttudagur kvenna fyrir fri\u00f0i og jafnr\u00e9tti. Fj\u00f6lm\u00f6rg samt\u00f6k og hreyfingar hafa fagna\u00f0 \u00feessum degi \u00e1 s\u00ed\u00f0ustu \u00e1ratugum en MF\u00cdK, Menningar- og fri\u00f0arsamt\u00f6k \u00edslenskra kvenna hafa haldi\u00f0 hann h\u00e1t\u00ed\u00f0legan allt fr\u00e1 1953. \u00a0Samt\u00f6kin voru stofnu\u00f0 \u00e1ri\u00f0 1951 &hellip; Halda \u00e1fram a\u00f0 lesa &rarr;","og_url":"https:\/\/www.norn.is\/pistlar\/enginn-gratkor-thott-malefnin-seu-alvarleg\/","og_site_name":"Pistlar Evu","article_published_time":"2014-03-07T10:41:41+00:00","article_modified_time":"2018-09-18T13:54:10+00:00","og_image":[{"width":688,"height":451,"url":"https:\/\/www.norn.is\/pistlar\/wp-content\/uploads\/sites\/2\/2014\/03\/Screen-Shot-2014-03-07-at-8.52.44-AM-688x451.png","type":"image\/png"}],"author":"Eva Hauksd\u00f3ttir","twitter_card":"summary_large_image","twitter_misc":{"Written by":false,"Est. reading time":"5 minutes"},"schema":{"@context":"https:\/\/schema.org","@graph":[{"@type":"Article","@id":"https:\/\/www.norn.is\/pistlar\/enginn-gratkor-thott-malefnin-seu-alvarleg\/#article","isPartOf":{"@id":"https:\/\/www.norn.is\/pistlar\/enginn-gratkor-thott-malefnin-seu-alvarleg\/"},"author":{"name":"Eva Hauksd\u00f3ttir","@id":"https:\/\/www.norn.is\/pistlar\/#\/schema\/person\/2eb0fcae9e1ecc61987f7ed9c878531c"},"headline":"Enginn gr\u00e1tk\u00f3r \u00fe\u00f3tt m\u00e1lefnin s\u00e9u alvarleg","datePublished":"2014-03-07T10:41:41+00:00","dateModified":"2018-09-18T13:54:10+00:00","mainEntityOfPage":{"@id":"https:\/\/www.norn.is\/pistlar\/enginn-gratkor-thott-malefnin-seu-alvarleg\/"},"wordCount":1090,"image":{"@id":"https:\/\/www.norn.is\/pistlar\/enginn-gratkor-thott-malefnin-seu-alvarleg\/#primaryimage"},"thumbnailUrl":"https:\/\/www.norn.is\/pistlar\/wp-content\/uploads\/sites\/2\/2014\/03\/Screen-Shot-2014-03-07-at-8.52.44-AM-688x451.png","keywords":["Grasr\u00f3tarsamt\u00f6k","MF\u00cdK"],"articleSection":["Mannr\u00e9ttinda og fri\u00f0arm\u00e1l","Pistlar um samf\u00e9lagsm\u00e1l","Vi\u00f0t\u00f6l og gestapistlar"],"inLanguage":"is"},{"@type":"WebPage","@id":"https:\/\/www.norn.is\/pistlar\/enginn-gratkor-thott-malefnin-seu-alvarleg\/","url":"https:\/\/www.norn.is\/pistlar\/enginn-gratkor-thott-malefnin-seu-alvarleg\/","name":"Enginn gr\u00e1tk\u00f3r \u00fe\u00f3tt m\u00e1lefnin s\u00e9u alvarleg - Pistlar Evu","isPartOf":{"@id":"https:\/\/www.norn.is\/pistlar\/#website"},"primaryImageOfPage":{"@id":"https:\/\/www.norn.is\/pistlar\/enginn-gratkor-thott-malefnin-seu-alvarleg\/#primaryimage"},"image":{"@id":"https:\/\/www.norn.is\/pistlar\/enginn-gratkor-thott-malefnin-seu-alvarleg\/#primaryimage"},"thumbnailUrl":"https:\/\/www.norn.is\/pistlar\/wp-content\/uploads\/sites\/2\/2014\/03\/Screen-Shot-2014-03-07-at-8.52.44-AM-688x451.png","datePublished":"2014-03-07T10:41:41+00:00","dateModified":"2018-09-18T13:54:10+00:00","author":{"@id":"https:\/\/www.norn.is\/pistlar\/#\/schema\/person\/2eb0fcae9e1ecc61987f7ed9c878531c"},"breadcrumb":{"@id":"https:\/\/www.norn.is\/pistlar\/enginn-gratkor-thott-malefnin-seu-alvarleg\/#breadcrumb"},"inLanguage":"is","potentialAction":[{"@type":"ReadAction","target":["https:\/\/www.norn.is\/pistlar\/enginn-gratkor-thott-malefnin-seu-alvarleg\/"]}]},{"@type":"ImageObject","inLanguage":"is","@id":"https:\/\/www.norn.is\/pistlar\/enginn-gratkor-thott-malefnin-seu-alvarleg\/#primaryimage","url":"https:\/\/www.norn.is\/pistlar\/wp-content\/uploads\/sites\/2\/2014\/03\/Screen-Shot-2014-03-07-at-8.52.44-AM-688x451.png","contentUrl":"https:\/\/www.norn.is\/pistlar\/wp-content\/uploads\/sites\/2\/2014\/03\/Screen-Shot-2014-03-07-at-8.52.44-AM-688x451.png","width":688,"height":451},{"@type":"BreadcrumbList","@id":"https:\/\/www.norn.is\/pistlar\/enginn-gratkor-thott-malefnin-seu-alvarleg\/#breadcrumb","itemListElement":[{"@type":"ListItem","position":1,"name":"Home","item":"https:\/\/www.norn.is\/pistlar\/"},{"@type":"ListItem","position":2,"name":"Enginn gr\u00e1tk\u00f3r \u00fe\u00f3tt m\u00e1lefnin s\u00e9u alvarleg"}]},{"@type":"WebSite","@id":"https:\/\/www.norn.is\/pistlar\/#website","url":"https:\/\/www.norn.is\/pistlar\/","name":"Pistlar Evu","description":"","potentialAction":[{"@type":"SearchAction","target":{"@type":"EntryPoint","urlTemplate":"https:\/\/www.norn.is\/pistlar\/?s={search_term_string}"},"query-input":{"@type":"PropertyValueSpecification","valueRequired":true,"valueName":"search_term_string"}}],"inLanguage":"is"},{"@type":"Person","@id":"https:\/\/www.norn.is\/pistlar\/#\/schema\/person\/2eb0fcae9e1ecc61987f7ed9c878531c","name":"Eva Hauksd\u00f3ttir","sameAs":["http:\/\/www.norn.is"],"url":"https:\/\/www.norn.is\/pistlar\/author\/eva\/"}]}},"_links":{"self":[{"href":"https:\/\/www.norn.is\/pistlar\/wp-json\/wp\/v2\/posts\/1359","targetHints":{"allow":["GET"]}}],"collection":[{"href":"https:\/\/www.norn.is\/pistlar\/wp-json\/wp\/v2\/posts"}],"about":[{"href":"https:\/\/www.norn.is\/pistlar\/wp-json\/wp\/v2\/types\/post"}],"author":[{"embeddable":true,"href":"https:\/\/www.norn.is\/pistlar\/wp-json\/wp\/v2\/users\/2"}],"replies":[{"embeddable":true,"href":"https:\/\/www.norn.is\/pistlar\/wp-json\/wp\/v2\/comments?post=1359"}],"version-history":[{"count":2,"href":"https:\/\/www.norn.is\/pistlar\/wp-json\/wp\/v2\/posts\/1359\/revisions"}],"predecessor-version":[{"id":11056,"href":"https:\/\/www.norn.is\/pistlar\/wp-json\/wp\/v2\/posts\/1359\/revisions\/11056"}],"wp:featuredmedia":[{"embeddable":true,"href":"https:\/\/www.norn.is\/pistlar\/wp-json\/wp\/v2\/media\/1361"}],"wp:attachment":[{"href":"https:\/\/www.norn.is\/pistlar\/wp-json\/wp\/v2\/media?parent=1359"}],"wp:term":[{"taxonomy":"category","embeddable":true,"href":"https:\/\/www.norn.is\/pistlar\/wp-json\/wp\/v2\/categories?post=1359"},{"taxonomy":"post_tag","embeddable":true,"href":"https:\/\/www.norn.is\/pistlar\/wp-json\/wp\/v2\/tags?post=1359"}],"curies":[{"name":"wp","href":"https:\/\/api.w.org\/{rel}","templated":true}]}}