{"id":13552,"date":"2011-01-28T07:58:28","date_gmt":"2011-01-28T07:58:28","guid":{"rendered":"http:\/\/www.norn.is\/pistlar\/?p=13552"},"modified":"2018-09-18T15:34:50","modified_gmt":"2018-09-18T15:34:50","slug":"er-voruurval-fataeklegra-eftir-umsvif-baugs","status":"publish","type":"post","link":"https:\/\/www.norn.is\/pistlar\/er-voruurval-fataeklegra-eftir-umsvif-baugs\/","title":{"rendered":"Er v\u00f6ru\u00farval f\u00e1t\u00e6klegra eftir umsvif Baugs?"},"content":{"rendered":"<p>Kunningi minn heldur \u00fev\u00ed fram a\u00f0 \u00fe\u00f3tt v\u00f6rumerkjum hafi fj\u00f6lga\u00f0, hafi n\u00fa samt sem \u00e1\u00f0ur veri\u00f0 fj\u00f6lbreyttara v\u00f6ru\u00farval \u00ed \u00edslenskum matv\u00f6rub\u00fa\u00f0um fyrir tilkomu Baugs, ef ma\u00f0ur l\u00edtur \u00e1 yfirflokkana. \u00dea\u00f0 hafi kannski bara veri\u00f0 til eitt v\u00f6rumerki af hverri tegund en allskyns matur sem n\u00fa er \u00f3f\u00e1anlegur, svosem ni\u00f0urso\u00f0nar ansj\u00f3sur og enskt sinnep, hafi ver<span class=\"text_exposed_show\">i\u00f0 \u00ed bo\u00f0i. (Reyndar eru ni\u00f0urso\u00f0nar ansj\u00f3sur f\u00e1anlegar og h\u00e6gt er a\u00f0 kaupa duft \u00ed enskt sinnep.)<\/span><!--more--><\/p>\n<div class=\"text_exposed_show\">\n<p>Fyrstu vi\u00f0br\u00f6g\u00f0 m\u00edn eru n\u00fa bara \u00feau a\u00f0 hrista hausinn. Eins mikla \u00f3beit \u00e9g hef \u00e1 sv\u00edninu, \u00feykir m\u00e9r n\u00fa samt \u00f3tr\u00falegt a\u00f0 v\u00f6ru\u00farval s\u00e9 f\u00e1breyttara n\u00fa en 1989. \u00dea\u00f0 eru allt \u00f6nnur bolabr\u00f6g\u00f0 \u00feessa au\u00f0valdssv\u00edns sem fara fyrir brj\u00f3sti\u00f0 \u00e1 m\u00e9r. Baugur er st\u00e6rsta \u00e1st\u00e6\u00f0an fyrir \u00fev\u00ed a\u00f0 \u00fea\u00f0 er vonlaust fyrir a\u00f0ra en vellau\u00f0uga a\u00f0 reka matv\u00f6rub\u00fa\u00f0ir \u00ed dag, Baugur hefur g\u00edfurleg v\u00f6ld og getur sagt heilds\u00f6lum algj\u00f6rlega fyrir verkum \u00fev\u00ed \u00fea\u00f0 er Baugur sem r\u00e6\u00f0ur \u00farslitum um \u00fea\u00f0 hvort heildsali kemst af e\u00f0a fer \u00e1 hausinn. Margt lj\u00f3tt sem m\u00e1 segja um sv\u00edni\u00f0.<\/p>\n<p>\u00c9g er sj\u00e1lf alin upp \u00e1 so\u00f0nu kj\u00f6tfarsi me\u00f0 k\u00e1li og \u00fdsu me\u00f0 kart\u00f6flum og Vals t\u00f3mats\u00f3su svo au\u00f0vita\u00f0 getur hugsast a\u00f0 allar \u00feessar ex\u00f3t\u00edsku v\u00f6rur sem kunningi minn man eftir fr\u00e1 sinni bernsku, hafi fengist, \u00fe\u00f3tt m\u00ednir foreldrar hafi ekki keypt \u00fe\u00e6r. \u00c9g er samt ekki alveg tilb\u00fain til a\u00f0 kyngja \u00fev\u00ed, fyrr en \u00e9g f\u00e6 sta\u00f0festingu fr\u00e1 fleira f\u00f3lki. \u00c9g \u00e6tla n\u00fa ekkert a\u00f0 fara a\u00f0 tj\u00e1 mig um hreinl\u00e6tis- og snyrtiv\u00f6rur (sem \u00e9g held a\u00f0 s\u00e9u til \u00ed mun fj\u00f6lbreyttara \u00farvali en fyrir 20 \u00e1rum) en manst \u00fe\u00fa t.d.eftir \u00fev\u00ed a\u00f0 eftirtaldar v\u00f6rur hafi fengist \u00ed \u00edslenskum matv\u00f6rub\u00fa\u00f0um \u00e1 \u00e1ttunda og n\u00edunda \u00e1ratugnum:<\/p>\n<ul>\n<li>Ostrus\u00f3sa, drekas\u00f3sa,<\/li>\n<li>salsas\u00f3sa,<\/li>\n<li>pest\u00f3,<\/li>\n<li>Cantonese,<\/li>\n<li>mango chutney,<\/li>\n<li>satay s\u00f3sa<\/li>\n<li>tahini, hummus,<\/li>\n<li>k\u00f3kosmj\u00f3lk, soyamj\u00f3lk, r\u00edsmj\u00f3lk,<\/li>\n<li>ma\u00edsfl\u00f6gur,\u00a0taco skeljar, tortilla,<\/li>\n<li>nanbrau\u00f0,<\/li>\n<li>ferskt pasta, eggjapasta,<\/li>\n<li>ferskt sp\u00ednat, ferskur aspas, s\u00e6tar kart\u00f6flur<\/li>\n<li>hrein j\u00f3g\u00fart, gr\u00edsk j\u00f3g\u00fart,<\/li>\n<li>fetaostur, ferskur mossarella,<\/li>\n<li>ni\u00f0urso\u00f0inn sm\u00e1ma\u00eds, ni\u00f0urso\u00f0nir \u00e6ti\u00feistlar (hver bor\u00f0ar \u00fe\u00e1 annars?)<\/li>\n<li>s\u00f3l\u00feurrka\u00f0ir t\u00f3matar<\/li>\n<li>tilb\u00fain (fryst) gr\u00e6nmetisbuff og b\u00f6kur<\/li>\n<li>vegan ostl\u00edki,<\/li>\n<li>vegan salats\u00f3sur<\/li>\n<li>hlyns\u00fdr\u00f3p, agave s\u00fdr\u00f3p, s\u00fdr\u00f3psbl\u00f6ndur \u00e6tla\u00f0ar til a\u00f0 brag\u00f0b\u00e6ta kaffidrykki,<\/li>\n<li>70% s\u00fakkula\u00f0i,<\/li>\n<li>s\u00f3larkaffi<\/li>\n<li>\u00f3salta\u00f0 hnetusmj\u00f6r, pistas\u00edur, furuhnetur<\/li>\n<li>carob,\u00a0pr\u00f3teinstangir og anna\u00f0 \u00ed\u00fer\u00f3ttanammi<\/li>\n<li>elgskj\u00f6t, keng\u00farukj\u00f6t,<\/li>\n<li>akurh\u00e6nur, lyngh\u00e6nur<\/li>\n<\/ul>\n<p>\u00c9g man til a\u00f0 eftit\u00f6ldum v\u00f6rum hafi brug\u00f0i\u00f0 fyrir \u00e1 9. \u00e1ratugnum en hafi menn geta\u00f0 gengi\u00f0 a\u00f0 \u00feeim v\u00edsum \u00ed \u00feeim b\u00fa\u00f0um sem \u00e9g versla\u00f0i vi\u00f0, \u00fe\u00e1 hefur \u00feeim veri\u00f0 ra\u00f0a\u00f0 \u00ed efstu hillur. \u00a0Voru \u00feessar v\u00f6rur almennt \u00ed bo\u00f0i \u00ed \u00feinni b\u00fa\u00f0 fyrir 1989?<\/p>\n<ul>\n<li>ferskur k\u00farb\u00edtur, ferskt eggaldin,<\/li>\n<li>ferskur engifer, ferskur halapeno,<\/li>\n<li>fyllt pasta,<\/li>\n<li>k\u00fask\u00fas<\/li>\n<li>s\u00fars\u00e6t s\u00f3sa,<\/li>\n<li>garam masala<\/li>\n<li>p\u00edtubrau\u00f0,<\/li>\n<li>fryst og forb\u00f6ku\u00f0 snittubrau\u00f0 og sm\u00e1brau\u00f0,<\/li>\n<li>ferskur parmesanostur.<\/li>\n<\/ul>\n<p>\u00c9g man eftir helling af v\u00f6rum sem fengust \u00ed bernsku minni og f\u00e1st ekki lengur en \u00fea\u00f0 eru n\u00e1nast allt merki og til n\u00f3g af v\u00f6rum \u00ed sama flokki. \u00c9g man eftir Miranda appels\u00edni og l\u00edklega (vonandi) er engin v\u00f6rutegund til \u00ed dag sem l\u00edkist Vals t\u00f3mats\u00f3sunni. V\u00f6ruflokkar aftur \u00e1 m\u00f3ti&#8230; j\u00fa \u00e9g eftir engifer\u00f6li sem \u00e9g er ekki viss um a\u00f0 f\u00e1ist \u00ed dag og elds\u00faru, \u00f3hr\u00e6r\u00f0u skyri, hef ekki s\u00e9\u00f0 \u00fea\u00f0 \u00ed \u00edslenskum matv\u00f6rub\u00fa\u00f0um lengi (\u00e9g hef heldur ekki spurt hvort \u00fea\u00f0 f\u00e1ist.) \u00c9g hef heldur ekki s\u00e9\u00f0 p\u00f6ddusleikj\u00f3 sem mig minnir a\u00f0 hafi veri\u00f0 mesta t\u00f6ffaranammi\u00f0 \u00ed kringum 1980. J\u00e1 og hnetubrj\u00f3stsykur, \u00e9g hef ekki fundi\u00f0 neitt s\u00e6lg\u00e6ti sem kemur \u00ed sta\u00f0inn fyrir hnetubrj\u00f3stsykurinn sem eitthvert illmenni\u00f0 \u00e1kva\u00f0 a\u00f0 taka \u00far makk\u00edntossinu en kannski var \u00fea\u00f0 ekki Baugur sem st\u00f3\u00f0 fyrir \u00fev\u00ed.<\/p>\n<p>Eins og \u00e9g segi, \u00e9g var alin \u00e1 kj\u00f6tfarsi og nokku\u00f0 \u00f6ruggt a\u00f0 m\u00e9r yfirs\u00e9st eitthva\u00f0 svo endilega rifji\u00f0 upp. Hva\u00f0a v\u00f6rutegundir manst \u00fe\u00fa til a\u00f0 hafi fengist fyrir 1990 sem eru \u00f3f\u00e1anlegar \u00e1 \u00cdslandi \u00ed dag? (\u00c9g \u00e1 ekki vi\u00f0 v\u00f6rumerki heldur v\u00f6rutegund.) Og hver telur \u00fe\u00fa a\u00f0 s\u00e9 st\u00e6rsta \u00e1st\u00e6\u00f0an fyrir \u00fev\u00ed a\u00f0 \u00feessar v\u00f6rur voru teknar af marka\u00f0num?<\/p>\n<\/div>\n<p><a href=\"https:\/\/www.facebook.com\/notes\/eva-hauksdottir\/er-v\u00f6ru\u00farval-f\u00e1t\u00e6klegra-eftir-umsvif-baugs\/492556233659\/\">Umr\u00e6\u00f0ur h\u00e9r<\/a><\/p>\n","protected":false},"excerpt":{"rendered":"<p>Kunningi minn heldur \u00fev\u00ed fram a\u00f0 \u00fe\u00f3tt v\u00f6rumerkjum hafi fj\u00f6lga\u00f0, hafi n\u00fa samt sem \u00e1\u00f0ur veri\u00f0 fj\u00f6lbreyttara v\u00f6ru\u00farval \u00ed \u00edslenskum matv\u00f6rub\u00fa\u00f0um fyrir tilkomu Baugs, ef ma\u00f0ur l\u00edtur \u00e1 yfirflokkana. \u00dea\u00f0 hafi kannski bara veri\u00f0 til eitt v\u00f6rumerki af hverri tegund &hellip; <a href=\"https:\/\/www.norn.is\/pistlar\/er-voruurval-fataeklegra-eftir-umsvif-baugs\/\">Halda \u00e1fram a\u00f0 lesa <span class=\"meta-nav\">&rarr;<\/span><\/a><\/p>\n","protected":false},"author":2,"featured_media":0,"comment_status":"closed","ping_status":"closed","sticky":false,"template":"","format":"standard","meta":{"footnotes":"","_links_to":"","_links_to_target":""},"categories":[706,1],"tags":[1052],"class_list":["post-13552","post","type-post","status-publish","format-standard","hentry","category-heimilid-neytendamal-vinnumarkadur-ofl","category-pistlar","tag-neytendamal"],"yoast_head":"<!-- This site is optimized with the Yoast SEO plugin v27.5 - https:\/\/yoast.com\/product\/yoast-seo-wordpress\/ -->\n<title>Er v\u00f6ru\u00farval f\u00e1t\u00e6klegra eftir umsvif Baugs? - Pistlar Evu<\/title>\n<meta name=\"robots\" content=\"index, follow, max-snippet:-1, max-image-preview:large, max-video-preview:-1\" \/>\n<link rel=\"canonical\" href=\"https:\/\/www.norn.is\/pistlar\/er-voruurval-fataeklegra-eftir-umsvif-baugs\/\" \/>\n<meta property=\"og:locale\" content=\"is_IS\" \/>\n<meta property=\"og:type\" content=\"article\" \/>\n<meta property=\"og:title\" content=\"Er v\u00f6ru\u00farval f\u00e1t\u00e6klegra eftir umsvif Baugs? - Pistlar Evu\" \/>\n<meta property=\"og:description\" content=\"Kunningi minn heldur \u00fev\u00ed fram a\u00f0 \u00fe\u00f3tt v\u00f6rumerkjum hafi fj\u00f6lga\u00f0, hafi n\u00fa samt sem \u00e1\u00f0ur veri\u00f0 fj\u00f6lbreyttara v\u00f6ru\u00farval \u00ed \u00edslenskum matv\u00f6rub\u00fa\u00f0um fyrir tilkomu Baugs, ef ma\u00f0ur l\u00edtur \u00e1 yfirflokkana. \u00dea\u00f0 hafi kannski bara veri\u00f0 til eitt v\u00f6rumerki af hverri tegund &hellip; Halda \u00e1fram a\u00f0 lesa &rarr;\" \/>\n<meta property=\"og:url\" content=\"https:\/\/www.norn.is\/pistlar\/er-voruurval-fataeklegra-eftir-umsvif-baugs\/\" \/>\n<meta property=\"og:site_name\" content=\"Pistlar Evu\" \/>\n<meta property=\"article:published_time\" content=\"2011-01-28T07:58:28+00:00\" \/>\n<meta property=\"article:modified_time\" content=\"2018-09-18T15:34:50+00:00\" \/>\n<meta name=\"author\" content=\"Eva Hauksd\u00f3ttir\" \/>\n<meta name=\"twitter:card\" content=\"summary_large_image\" \/>\n<meta name=\"twitter:label1\" content=\"Written by\" \/>\n\t<meta name=\"twitter:data1\" content=\"\" \/>\n\t<meta name=\"twitter:label2\" content=\"Est. reading time\" \/>\n\t<meta name=\"twitter:data2\" content=\"4 minutes\" \/>\n<script type=\"application\/ld+json\" class=\"yoast-schema-graph\">{\"@context\":\"https:\\\/\\\/schema.org\",\"@graph\":[{\"@type\":\"Article\",\"@id\":\"https:\\\/\\\/www.norn.is\\\/pistlar\\\/er-voruurval-fataeklegra-eftir-umsvif-baugs\\\/#article\",\"isPartOf\":{\"@id\":\"https:\\\/\\\/www.norn.is\\\/pistlar\\\/er-voruurval-fataeklegra-eftir-umsvif-baugs\\\/\"},\"author\":{\"name\":\"Eva Hauksd\u00f3ttir\",\"@id\":\"https:\\\/\\\/www.norn.is\\\/pistlar\\\/#\\\/schema\\\/person\\\/2eb0fcae9e1ecc61987f7ed9c878531c\"},\"headline\":\"Er v\u00f6ru\u00farval f\u00e1t\u00e6klegra eftir umsvif Baugs?\",\"datePublished\":\"2011-01-28T07:58:28+00:00\",\"dateModified\":\"2018-09-18T15:34:50+00:00\",\"mainEntityOfPage\":{\"@id\":\"https:\\\/\\\/www.norn.is\\\/pistlar\\\/er-voruurval-fataeklegra-eftir-umsvif-baugs\\\/\"},\"wordCount\":782,\"keywords\":[\"Neytendam\u00e1l\"],\"articleSection\":[\"Heimili\u00f0, neytendam\u00e1l, vinnumarka\u00f0ur ofl.\",\"Pistlar um samf\u00e9lagsm\u00e1l\"],\"inLanguage\":\"is\"},{\"@type\":\"WebPage\",\"@id\":\"https:\\\/\\\/www.norn.is\\\/pistlar\\\/er-voruurval-fataeklegra-eftir-umsvif-baugs\\\/\",\"url\":\"https:\\\/\\\/www.norn.is\\\/pistlar\\\/er-voruurval-fataeklegra-eftir-umsvif-baugs\\\/\",\"name\":\"Er v\u00f6ru\u00farval f\u00e1t\u00e6klegra eftir umsvif Baugs? - Pistlar Evu\",\"isPartOf\":{\"@id\":\"https:\\\/\\\/www.norn.is\\\/pistlar\\\/#website\"},\"datePublished\":\"2011-01-28T07:58:28+00:00\",\"dateModified\":\"2018-09-18T15:34:50+00:00\",\"author\":{\"@id\":\"https:\\\/\\\/www.norn.is\\\/pistlar\\\/#\\\/schema\\\/person\\\/2eb0fcae9e1ecc61987f7ed9c878531c\"},\"breadcrumb\":{\"@id\":\"https:\\\/\\\/www.norn.is\\\/pistlar\\\/er-voruurval-fataeklegra-eftir-umsvif-baugs\\\/#breadcrumb\"},\"inLanguage\":\"is\",\"potentialAction\":[{\"@type\":\"ReadAction\",\"target\":[\"https:\\\/\\\/www.norn.is\\\/pistlar\\\/er-voruurval-fataeklegra-eftir-umsvif-baugs\\\/\"]}]},{\"@type\":\"BreadcrumbList\",\"@id\":\"https:\\\/\\\/www.norn.is\\\/pistlar\\\/er-voruurval-fataeklegra-eftir-umsvif-baugs\\\/#breadcrumb\",\"itemListElement\":[{\"@type\":\"ListItem\",\"position\":1,\"name\":\"Home\",\"item\":\"https:\\\/\\\/www.norn.is\\\/pistlar\\\/\"},{\"@type\":\"ListItem\",\"position\":2,\"name\":\"Er v\u00f6ru\u00farval f\u00e1t\u00e6klegra eftir umsvif Baugs?\"}]},{\"@type\":\"WebSite\",\"@id\":\"https:\\\/\\\/www.norn.is\\\/pistlar\\\/#website\",\"url\":\"https:\\\/\\\/www.norn.is\\\/pistlar\\\/\",\"name\":\"Pistlar Evu\",\"description\":\"\",\"potentialAction\":[{\"@type\":\"SearchAction\",\"target\":{\"@type\":\"EntryPoint\",\"urlTemplate\":\"https:\\\/\\\/www.norn.is\\\/pistlar\\\/?s={search_term_string}\"},\"query-input\":{\"@type\":\"PropertyValueSpecification\",\"valueRequired\":true,\"valueName\":\"search_term_string\"}}],\"inLanguage\":\"is\"},{\"@type\":\"Person\",\"@id\":\"https:\\\/\\\/www.norn.is\\\/pistlar\\\/#\\\/schema\\\/person\\\/2eb0fcae9e1ecc61987f7ed9c878531c\",\"name\":\"Eva Hauksd\u00f3ttir\",\"sameAs\":[\"http:\\\/\\\/www.norn.is\"],\"url\":\"https:\\\/\\\/www.norn.is\\\/pistlar\\\/author\\\/eva\\\/\"}]}<\/script>\n<!-- \/ Yoast SEO plugin. -->","yoast_head_json":{"title":"Er v\u00f6ru\u00farval f\u00e1t\u00e6klegra eftir umsvif Baugs? - Pistlar Evu","robots":{"index":"index","follow":"follow","max-snippet":"max-snippet:-1","max-image-preview":"max-image-preview:large","max-video-preview":"max-video-preview:-1"},"canonical":"https:\/\/www.norn.is\/pistlar\/er-voruurval-fataeklegra-eftir-umsvif-baugs\/","og_locale":"is_IS","og_type":"article","og_title":"Er v\u00f6ru\u00farval f\u00e1t\u00e6klegra eftir umsvif Baugs? - Pistlar Evu","og_description":"Kunningi minn heldur \u00fev\u00ed fram a\u00f0 \u00fe\u00f3tt v\u00f6rumerkjum hafi fj\u00f6lga\u00f0, hafi n\u00fa samt sem \u00e1\u00f0ur veri\u00f0 fj\u00f6lbreyttara v\u00f6ru\u00farval \u00ed \u00edslenskum matv\u00f6rub\u00fa\u00f0um fyrir tilkomu Baugs, ef ma\u00f0ur l\u00edtur \u00e1 yfirflokkana. \u00dea\u00f0 hafi kannski bara veri\u00f0 til eitt v\u00f6rumerki af hverri tegund &hellip; Halda \u00e1fram a\u00f0 lesa &rarr;","og_url":"https:\/\/www.norn.is\/pistlar\/er-voruurval-fataeklegra-eftir-umsvif-baugs\/","og_site_name":"Pistlar Evu","article_published_time":"2011-01-28T07:58:28+00:00","article_modified_time":"2018-09-18T15:34:50+00:00","author":"Eva Hauksd\u00f3ttir","twitter_card":"summary_large_image","twitter_misc":{"Written by":false,"Est. reading time":"4 minutes"},"schema":{"@context":"https:\/\/schema.org","@graph":[{"@type":"Article","@id":"https:\/\/www.norn.is\/pistlar\/er-voruurval-fataeklegra-eftir-umsvif-baugs\/#article","isPartOf":{"@id":"https:\/\/www.norn.is\/pistlar\/er-voruurval-fataeklegra-eftir-umsvif-baugs\/"},"author":{"name":"Eva Hauksd\u00f3ttir","@id":"https:\/\/www.norn.is\/pistlar\/#\/schema\/person\/2eb0fcae9e1ecc61987f7ed9c878531c"},"headline":"Er v\u00f6ru\u00farval f\u00e1t\u00e6klegra eftir umsvif Baugs?","datePublished":"2011-01-28T07:58:28+00:00","dateModified":"2018-09-18T15:34:50+00:00","mainEntityOfPage":{"@id":"https:\/\/www.norn.is\/pistlar\/er-voruurval-fataeklegra-eftir-umsvif-baugs\/"},"wordCount":782,"keywords":["Neytendam\u00e1l"],"articleSection":["Heimili\u00f0, neytendam\u00e1l, vinnumarka\u00f0ur ofl.","Pistlar um samf\u00e9lagsm\u00e1l"],"inLanguage":"is"},{"@type":"WebPage","@id":"https:\/\/www.norn.is\/pistlar\/er-voruurval-fataeklegra-eftir-umsvif-baugs\/","url":"https:\/\/www.norn.is\/pistlar\/er-voruurval-fataeklegra-eftir-umsvif-baugs\/","name":"Er v\u00f6ru\u00farval f\u00e1t\u00e6klegra eftir umsvif Baugs? - Pistlar Evu","isPartOf":{"@id":"https:\/\/www.norn.is\/pistlar\/#website"},"datePublished":"2011-01-28T07:58:28+00:00","dateModified":"2018-09-18T15:34:50+00:00","author":{"@id":"https:\/\/www.norn.is\/pistlar\/#\/schema\/person\/2eb0fcae9e1ecc61987f7ed9c878531c"},"breadcrumb":{"@id":"https:\/\/www.norn.is\/pistlar\/er-voruurval-fataeklegra-eftir-umsvif-baugs\/#breadcrumb"},"inLanguage":"is","potentialAction":[{"@type":"ReadAction","target":["https:\/\/www.norn.is\/pistlar\/er-voruurval-fataeklegra-eftir-umsvif-baugs\/"]}]},{"@type":"BreadcrumbList","@id":"https:\/\/www.norn.is\/pistlar\/er-voruurval-fataeklegra-eftir-umsvif-baugs\/#breadcrumb","itemListElement":[{"@type":"ListItem","position":1,"name":"Home","item":"https:\/\/www.norn.is\/pistlar\/"},{"@type":"ListItem","position":2,"name":"Er v\u00f6ru\u00farval f\u00e1t\u00e6klegra eftir umsvif Baugs?"}]},{"@type":"WebSite","@id":"https:\/\/www.norn.is\/pistlar\/#website","url":"https:\/\/www.norn.is\/pistlar\/","name":"Pistlar Evu","description":"","potentialAction":[{"@type":"SearchAction","target":{"@type":"EntryPoint","urlTemplate":"https:\/\/www.norn.is\/pistlar\/?s={search_term_string}"},"query-input":{"@type":"PropertyValueSpecification","valueRequired":true,"valueName":"search_term_string"}}],"inLanguage":"is"},{"@type":"Person","@id":"https:\/\/www.norn.is\/pistlar\/#\/schema\/person\/2eb0fcae9e1ecc61987f7ed9c878531c","name":"Eva Hauksd\u00f3ttir","sameAs":["http:\/\/www.norn.is"],"url":"https:\/\/www.norn.is\/pistlar\/author\/eva\/"}]}},"_links":{"self":[{"href":"https:\/\/www.norn.is\/pistlar\/wp-json\/wp\/v2\/posts\/13552","targetHints":{"allow":["GET"]}}],"collection":[{"href":"https:\/\/www.norn.is\/pistlar\/wp-json\/wp\/v2\/posts"}],"about":[{"href":"https:\/\/www.norn.is\/pistlar\/wp-json\/wp\/v2\/types\/post"}],"author":[{"embeddable":true,"href":"https:\/\/www.norn.is\/pistlar\/wp-json\/wp\/v2\/users\/2"}],"replies":[{"embeddable":true,"href":"https:\/\/www.norn.is\/pistlar\/wp-json\/wp\/v2\/comments?post=13552"}],"version-history":[{"count":1,"href":"https:\/\/www.norn.is\/pistlar\/wp-json\/wp\/v2\/posts\/13552\/revisions"}],"predecessor-version":[{"id":13553,"href":"https:\/\/www.norn.is\/pistlar\/wp-json\/wp\/v2\/posts\/13552\/revisions\/13553"}],"wp:attachment":[{"href":"https:\/\/www.norn.is\/pistlar\/wp-json\/wp\/v2\/media?parent=13552"}],"wp:term":[{"taxonomy":"category","embeddable":true,"href":"https:\/\/www.norn.is\/pistlar\/wp-json\/wp\/v2\/categories?post=13552"},{"taxonomy":"post_tag","embeddable":true,"href":"https:\/\/www.norn.is\/pistlar\/wp-json\/wp\/v2\/tags?post=13552"}],"curies":[{"name":"wp","href":"https:\/\/api.w.org\/{rel}","templated":true}]}}