{"id":13463,"date":"2012-11-12T17:06:40","date_gmt":"2012-11-12T17:06:40","guid":{"rendered":"http:\/\/www.norn.is\/pistlar\/?p=13463"},"modified":"2018-09-18T09:10:07","modified_gmt":"2018-09-18T09:10:07","slug":"sveltandi-islendingar","status":"publish","type":"post","link":"https:\/\/www.norn.is\/pistlar\/sveltandi-islendingar\/","title":{"rendered":"Sveltandi \u00cdslendingar?"},"content":{"rendered":"<p><a href=\"http:\/\/www.norn.is\/pistlar\/wp-content\/uploads\/sites\/2\/2012\/11\/Screenshot-321.png\"><img loading=\"lazy\" decoding=\"async\" class=\"aligncenter size-full wp-image-13466\" src=\"http:\/\/www.norn.is\/pistlar\/wp-content\/uploads\/sites\/2\/2012\/11\/Screenshot-321.png\" alt=\"\" width=\"1025\" height=\"853\" srcset=\"https:\/\/www.norn.is\/pistlar\/wp-content\/uploads\/sites\/2\/2012\/11\/Screenshot-321.png 1025w, https:\/\/www.norn.is\/pistlar\/wp-content\/uploads\/sites\/2\/2012\/11\/Screenshot-321-300x250.png 300w, https:\/\/www.norn.is\/pistlar\/wp-content\/uploads\/sites\/2\/2012\/11\/Screenshot-321-768x639.png 768w, https:\/\/www.norn.is\/pistlar\/wp-content\/uploads\/sites\/2\/2012\/11\/Screenshot-321-1024x852.png 1024w, https:\/\/www.norn.is\/pistlar\/wp-content\/uploads\/sites\/2\/2012\/11\/Screenshot-321-360x300.png 360w\" sizes=\"auto, (max-width: 1025px) 100vw, 1025px\" \/><\/a><\/p>\n<p style=\"text-align: center;\"><em>Myndin sem fylgdi fr\u00e9tt DV s\u00fdnir svanga \u00cdslendinga \u00ed matarleit<\/em><\/p>\n<p>\u00dea\u00f0 er \u00f6murlegt a\u00f0 samf\u00e9lagsumr\u00e6\u00f0an skuli vera \u00e1 \u00fev\u00ed plani a\u00f0 ef ma\u00f0ur \u00e6tlar a\u00f0 gagnr\u00fdna vafasama me\u00f0fer\u00f0 gagna og t\u00falkanir \u00e1 \u00feeim, skuli ma\u00f0ur alltaf \u00feurfa a\u00f0 taka fram a\u00f0 ma\u00f0ur s\u00e9 ekki a\u00f0 l\u00fdsa yfir hatri \u00e1 einhverjum minnihlutah\u00f3p e\u00f0a halda \u00fev\u00ed fram a\u00f0 allt s\u00e9 \u00ed himnalagi og allir b\u00fai vi\u00f0 r\u00e9ttl\u00e6ti. \u00c9g tek \u00fev\u00ed strax fram a\u00f0 \u00e9g efast ekki um a\u00f0 f\u00e1t\u00e6kt s\u00e9 vandam\u00e1l \u00e1 \u00cdslandi.<\/p>\n<p>Engu a\u00f0 s\u00ed\u00f0ur er <a href=\"http:\/\/www.dv.is\/frettir\/2012\/11\/11\/16-thusund-islendingar-sagdir-ekki-fa-nog-ad-borda\/\">\u00feessi fr\u00e9ttaflutningur<\/a>\u00a0d\u00e6mi um arfavonda bla\u00f0amennsku. \u00deessi al\u00fej\u00f3\u00f0lega k\u00f6nnun lei\u00f0ir \u00ed lj\u00f3s a\u00f0 16000 \u00cdslendingar telja sig ekki hafa n\u00f3gu gott atl\u00e6ti. H\u00fan lei\u00f0ir ekki \u00ed lj\u00f3s a\u00f0 16000 \u00cdslendingar s\u00e9u vann\u00e6r\u00f0ir. S\u00fdni\u00f0 m\u00e9r nokkur hundru\u00f0 \u00cdslendinga sem eru undir kj\u00f6r\u00feyngd \u00e1n \u00feess a\u00f0 \u00fea\u00f0 sk\u00fdrist af einbeittum megrunarvilja \u00e1\u00f0ur en \u00fei\u00f0 segi\u00f0 m\u00e9r a\u00f0 5% \u00fej\u00f3\u00f0arinnar b\u00fai vi\u00f0 hungur.<\/p>\n<p>\u00c9g er ekki a\u00f0 segja a\u00f0 \u00fea\u00f0 hafi aldrei gerst \u00e1 \u00cdslandi \u00e1 s\u00ed\u00f0ustu \u00e1ratugum a\u00f0 einhver hafi d\u00e1i\u00f0 \u00far hungri en \u00e9g leyfi m\u00e9r a\u00f0 fullyr\u00f0a \u00ed \u00feeim tilvikum eru fleiri breytur sem spila inn \u00ed, svosem \u00f3regla, heilabilun e\u00f0a \u00e1tr\u00f6skun.<\/p>\n<p>Uppf\u00e6rt: Efasemdir m\u00ednar um a\u00f0 hungursney\u00f0 r\u00edki \u00e1 \u00cdslandi hafa vaki\u00f0 h\u00f6r\u00f0 vi\u00f0br\u00f6g\u00f0.<\/p>\n<p>Bent hefur veri\u00f0 \u00e1 a\u00f0 margir n\u00e1i ekki framfleyta s\u00e9r \u00e1n a\u00f0sto\u00f0ar hj\u00e1lparstofnana. En fr\u00e9ttin snerist bara ekkert um \u00fea\u00f0 hvort f\u00f3lk \u00feyrfti e\u00f0a fengi a\u00f0sto\u00f0, heldur hvort \u00fea\u00f0 fengi n\u00f3g a\u00f0 bor\u00f0a. F\u00f3lk sem f\u00e6r \u00fathlutanir fr\u00e1 hj\u00e1lparstofnunum er ekki sveltandi.\u00a0 \u00c9g er au\u00f0vita\u00f0 ekki a\u00f0 segja a\u00f0 \u00fea\u00f0 s\u00e9 vi\u00f0unandi \u00e1stand, heldur er \u00e9g a\u00f0 efast um a\u00f0 5% \u00cdslendinga lifi undir hungurm\u00f6rkum.<\/p>\n<p>A\u00f0rir hafa bent \u00e1 r\u00fdrun kaupm\u00e1ttar en \u00fea\u00f0 var heldur ekki umfj\u00f6llunarefni\u00f0 heldur \u00fea\u00f0 hvort f\u00f3lk fengi n\u00f3g a\u00f0 bor\u00f0a. S\u00e1 sem f\u00e6r ekki n\u00f3g a\u00f0 bor\u00f0a grennist. Ef 5% \u00fej\u00f3\u00f0arinnar v\u00e6ru a\u00f0 horfalla \u00fe\u00e1 hlyti heilbrig\u00f0is\u00fej\u00f3nustan a\u00f0 hafa or\u00f0i\u00f0 \u00feess v\u00f6r. M\u00e9r finnst \u00feessvegna l\u00edklegt a\u00f0 margir \u00feeirra sem segjast ekki f\u00e1 n\u00f3g a\u00f0 bor\u00f0a, eigi vi\u00f0 a\u00f0 \u00feeir f\u00e1i ekki \u00feann mat sem \u00feeir vildu bor\u00f0a, frekar en a\u00f0 \u00feeir s\u00e9u sveltandi.<\/p>\n<p>H\u00e9r m\u00e1 sj\u00e1 hlutfall vann\u00e6r\u00f0ra \u00ed <a href=\"https:\/\/data.worldbank.org\/indicator\/SN.ITK.DEFC.ZS?end=2015&amp;start=2012&amp;view=chart\">\u00fdmsum l\u00f6ndum.<\/a>\u00a0Ekki er geti\u00f0 um neina vann\u00e6ringu \u00e1 \u00cdsland \u00e1 listanum en sem d\u00e6mi um l\u00f6nd \u00fear sem 5% \u00fej\u00f3\u00f0arinnar eru vann\u00e6r\u00f0 m\u00e1 nefna Chile, Azerbaijan, Ghana, Egy\u00f0paland o.fl.<\/p>\n<p>V\u00e6ri ekki n\u00e6r a\u00f0 sko\u00f0a \u00feau fj\u00f6lm\u00f6rgu vandam\u00e1l sem eru raunveruleg aflei\u00f0ing f\u00e1t\u00e6ktar \u00e1 \u00cdslandi og sleppa \u00feessu hungurkl\u00e1mi? E\u00f0a halda menn a\u00f0 \u00fea\u00f0 b\u00e6ti eitthva\u00f0 a\u00f0 \u00fdkja vandann?<\/p>\n<p>&nbsp;<\/p>\n","protected":false},"excerpt":{"rendered":"<p>Myndin sem fylgdi fr\u00e9tt DV s\u00fdnir svanga \u00cdslendinga \u00ed matarleit \u00dea\u00f0 er \u00f6murlegt a\u00f0 samf\u00e9lagsumr\u00e6\u00f0an skuli vera \u00e1 \u00fev\u00ed plani a\u00f0 ef ma\u00f0ur \u00e6tlar a\u00f0 gagnr\u00fdna vafasama me\u00f0fer\u00f0 gagna og t\u00falkanir \u00e1 \u00feeim, skuli ma\u00f0ur alltaf \u00feurfa a\u00f0 taka fram &hellip; <a href=\"https:\/\/www.norn.is\/pistlar\/sveltandi-islendingar\/\">Halda \u00e1fram a\u00f0 lesa <span class=\"meta-nav\">&rarr;<\/span><\/a><\/p>\n","protected":false},"author":2,"featured_media":0,"comment_status":"closed","ping_status":"closed","sticky":false,"template":"","format":"standard","meta":{"footnotes":"","_links_to":"","_links_to_target":""},"categories":[20,12,1,22],"tags":[139,297,216],"class_list":["post-13463","post","type-post","status-publish","format-standard","hentry","category-heilbrigdismal","category-menning-listir-og-fjolmidlar","category-pistlar","category-umraedan","tag-fataekt","tag-gervivisindi","tag-visindi"],"yoast_head":"<!-- This site is optimized with the Yoast SEO plugin v27.5 - https:\/\/yoast.com\/product\/yoast-seo-wordpress\/ -->\n<title>Sveltandi \u00cdslendingar? - Pistlar Evu<\/title>\n<meta name=\"robots\" content=\"index, follow, max-snippet:-1, max-image-preview:large, max-video-preview:-1\" \/>\n<link rel=\"canonical\" href=\"https:\/\/www.norn.is\/pistlar\/sveltandi-islendingar\/\" \/>\n<meta property=\"og:locale\" content=\"is_IS\" \/>\n<meta property=\"og:type\" content=\"article\" \/>\n<meta property=\"og:title\" content=\"Sveltandi \u00cdslendingar? - Pistlar Evu\" \/>\n<meta property=\"og:description\" content=\"Myndin sem fylgdi fr\u00e9tt DV s\u00fdnir svanga \u00cdslendinga \u00ed matarleit \u00dea\u00f0 er \u00f6murlegt a\u00f0 samf\u00e9lagsumr\u00e6\u00f0an skuli vera \u00e1 \u00fev\u00ed plani a\u00f0 ef ma\u00f0ur \u00e6tlar a\u00f0 gagnr\u00fdna vafasama me\u00f0fer\u00f0 gagna og t\u00falkanir \u00e1 \u00feeim, skuli ma\u00f0ur alltaf \u00feurfa a\u00f0 taka fram &hellip; Halda \u00e1fram a\u00f0 lesa &rarr;\" \/>\n<meta property=\"og:url\" content=\"https:\/\/www.norn.is\/pistlar\/sveltandi-islendingar\/\" \/>\n<meta property=\"og:site_name\" content=\"Pistlar Evu\" \/>\n<meta property=\"article:published_time\" content=\"2012-11-12T17:06:40+00:00\" \/>\n<meta property=\"article:modified_time\" content=\"2018-09-18T09:10:07+00:00\" \/>\n<meta property=\"og:image\" content=\"http:\/\/www.norn.is\/pistlar\/wp-content\/uploads\/sites\/2\/2012\/11\/Screenshot-321.png\" \/>\n<meta name=\"author\" content=\"Eva Hauksd\u00f3ttir\" \/>\n<meta name=\"twitter:card\" content=\"summary_large_image\" \/>\n<meta name=\"twitter:label1\" content=\"Written by\" \/>\n\t<meta name=\"twitter:data1\" content=\"\" \/>\n\t<meta name=\"twitter:label2\" content=\"Est. reading time\" \/>\n\t<meta name=\"twitter:data2\" content=\"2 minutes\" \/>\n<script type=\"application\/ld+json\" class=\"yoast-schema-graph\">{\"@context\":\"https:\\\/\\\/schema.org\",\"@graph\":[{\"@type\":\"Article\",\"@id\":\"https:\\\/\\\/www.norn.is\\\/pistlar\\\/sveltandi-islendingar\\\/#article\",\"isPartOf\":{\"@id\":\"https:\\\/\\\/www.norn.is\\\/pistlar\\\/sveltandi-islendingar\\\/\"},\"author\":{\"name\":\"Eva Hauksd\u00f3ttir\",\"@id\":\"https:\\\/\\\/www.norn.is\\\/pistlar\\\/#\\\/schema\\\/person\\\/2eb0fcae9e1ecc61987f7ed9c878531c\"},\"headline\":\"Sveltandi \u00cdslendingar?\",\"datePublished\":\"2012-11-12T17:06:40+00:00\",\"dateModified\":\"2018-09-18T09:10:07+00:00\",\"mainEntityOfPage\":{\"@id\":\"https:\\\/\\\/www.norn.is\\\/pistlar\\\/sveltandi-islendingar\\\/\"},\"wordCount\":501,\"image\":{\"@id\":\"https:\\\/\\\/www.norn.is\\\/pistlar\\\/sveltandi-islendingar\\\/#primaryimage\"},\"thumbnailUrl\":\"http:\\\/\\\/www.norn.is\\\/pistlar\\\/wp-content\\\/uploads\\\/sites\\\/2\\\/2012\\\/11\\\/Screenshot-321.png\",\"keywords\":[\"F\u00e1t\u00e6kt\",\"Gerviv\u00edsindi\",\"V\u00edsindi\"],\"articleSection\":[\"Heilbrig\u00f0is- og velfer\u00f0arm\u00e1l\",\"Menning, listir og fj\u00f6lmi\u00f0lar\",\"Pistlar um samf\u00e9lagsm\u00e1l\",\"Umr\u00e6\u00f0an\"],\"inLanguage\":\"is\"},{\"@type\":\"WebPage\",\"@id\":\"https:\\\/\\\/www.norn.is\\\/pistlar\\\/sveltandi-islendingar\\\/\",\"url\":\"https:\\\/\\\/www.norn.is\\\/pistlar\\\/sveltandi-islendingar\\\/\",\"name\":\"Sveltandi \u00cdslendingar? - Pistlar Evu\",\"isPartOf\":{\"@id\":\"https:\\\/\\\/www.norn.is\\\/pistlar\\\/#website\"},\"primaryImageOfPage\":{\"@id\":\"https:\\\/\\\/www.norn.is\\\/pistlar\\\/sveltandi-islendingar\\\/#primaryimage\"},\"image\":{\"@id\":\"https:\\\/\\\/www.norn.is\\\/pistlar\\\/sveltandi-islendingar\\\/#primaryimage\"},\"thumbnailUrl\":\"http:\\\/\\\/www.norn.is\\\/pistlar\\\/wp-content\\\/uploads\\\/sites\\\/2\\\/2012\\\/11\\\/Screenshot-321.png\",\"datePublished\":\"2012-11-12T17:06:40+00:00\",\"dateModified\":\"2018-09-18T09:10:07+00:00\",\"author\":{\"@id\":\"https:\\\/\\\/www.norn.is\\\/pistlar\\\/#\\\/schema\\\/person\\\/2eb0fcae9e1ecc61987f7ed9c878531c\"},\"breadcrumb\":{\"@id\":\"https:\\\/\\\/www.norn.is\\\/pistlar\\\/sveltandi-islendingar\\\/#breadcrumb\"},\"inLanguage\":\"is\",\"potentialAction\":[{\"@type\":\"ReadAction\",\"target\":[\"https:\\\/\\\/www.norn.is\\\/pistlar\\\/sveltandi-islendingar\\\/\"]}]},{\"@type\":\"ImageObject\",\"inLanguage\":\"is\",\"@id\":\"https:\\\/\\\/www.norn.is\\\/pistlar\\\/sveltandi-islendingar\\\/#primaryimage\",\"url\":\"http:\\\/\\\/www.norn.is\\\/pistlar\\\/wp-content\\\/uploads\\\/sites\\\/2\\\/2012\\\/11\\\/Screenshot-321.png\",\"contentUrl\":\"http:\\\/\\\/www.norn.is\\\/pistlar\\\/wp-content\\\/uploads\\\/sites\\\/2\\\/2012\\\/11\\\/Screenshot-321.png\"},{\"@type\":\"BreadcrumbList\",\"@id\":\"https:\\\/\\\/www.norn.is\\\/pistlar\\\/sveltandi-islendingar\\\/#breadcrumb\",\"itemListElement\":[{\"@type\":\"ListItem\",\"position\":1,\"name\":\"Home\",\"item\":\"https:\\\/\\\/www.norn.is\\\/pistlar\\\/\"},{\"@type\":\"ListItem\",\"position\":2,\"name\":\"Sveltandi \u00cdslendingar?\"}]},{\"@type\":\"WebSite\",\"@id\":\"https:\\\/\\\/www.norn.is\\\/pistlar\\\/#website\",\"url\":\"https:\\\/\\\/www.norn.is\\\/pistlar\\\/\",\"name\":\"Pistlar Evu\",\"description\":\"\",\"potentialAction\":[{\"@type\":\"SearchAction\",\"target\":{\"@type\":\"EntryPoint\",\"urlTemplate\":\"https:\\\/\\\/www.norn.is\\\/pistlar\\\/?s={search_term_string}\"},\"query-input\":{\"@type\":\"PropertyValueSpecification\",\"valueRequired\":true,\"valueName\":\"search_term_string\"}}],\"inLanguage\":\"is\"},{\"@type\":\"Person\",\"@id\":\"https:\\\/\\\/www.norn.is\\\/pistlar\\\/#\\\/schema\\\/person\\\/2eb0fcae9e1ecc61987f7ed9c878531c\",\"name\":\"Eva Hauksd\u00f3ttir\",\"sameAs\":[\"http:\\\/\\\/www.norn.is\"],\"url\":\"https:\\\/\\\/www.norn.is\\\/pistlar\\\/author\\\/eva\\\/\"}]}<\/script>\n<!-- \/ Yoast SEO plugin. -->","yoast_head_json":{"title":"Sveltandi \u00cdslendingar? - Pistlar Evu","robots":{"index":"index","follow":"follow","max-snippet":"max-snippet:-1","max-image-preview":"max-image-preview:large","max-video-preview":"max-video-preview:-1"},"canonical":"https:\/\/www.norn.is\/pistlar\/sveltandi-islendingar\/","og_locale":"is_IS","og_type":"article","og_title":"Sveltandi \u00cdslendingar? - Pistlar Evu","og_description":"Myndin sem fylgdi fr\u00e9tt DV s\u00fdnir svanga \u00cdslendinga \u00ed matarleit \u00dea\u00f0 er \u00f6murlegt a\u00f0 samf\u00e9lagsumr\u00e6\u00f0an skuli vera \u00e1 \u00fev\u00ed plani a\u00f0 ef ma\u00f0ur \u00e6tlar a\u00f0 gagnr\u00fdna vafasama me\u00f0fer\u00f0 gagna og t\u00falkanir \u00e1 \u00feeim, skuli ma\u00f0ur alltaf \u00feurfa a\u00f0 taka fram &hellip; Halda \u00e1fram a\u00f0 lesa &rarr;","og_url":"https:\/\/www.norn.is\/pistlar\/sveltandi-islendingar\/","og_site_name":"Pistlar Evu","article_published_time":"2012-11-12T17:06:40+00:00","article_modified_time":"2018-09-18T09:10:07+00:00","og_image":[{"url":"http:\/\/www.norn.is\/pistlar\/wp-content\/uploads\/sites\/2\/2012\/11\/Screenshot-321.png","type":"","width":"","height":""}],"author":"Eva Hauksd\u00f3ttir","twitter_card":"summary_large_image","twitter_misc":{"Written by":false,"Est. reading time":"2 minutes"},"schema":{"@context":"https:\/\/schema.org","@graph":[{"@type":"Article","@id":"https:\/\/www.norn.is\/pistlar\/sveltandi-islendingar\/#article","isPartOf":{"@id":"https:\/\/www.norn.is\/pistlar\/sveltandi-islendingar\/"},"author":{"name":"Eva Hauksd\u00f3ttir","@id":"https:\/\/www.norn.is\/pistlar\/#\/schema\/person\/2eb0fcae9e1ecc61987f7ed9c878531c"},"headline":"Sveltandi \u00cdslendingar?","datePublished":"2012-11-12T17:06:40+00:00","dateModified":"2018-09-18T09:10:07+00:00","mainEntityOfPage":{"@id":"https:\/\/www.norn.is\/pistlar\/sveltandi-islendingar\/"},"wordCount":501,"image":{"@id":"https:\/\/www.norn.is\/pistlar\/sveltandi-islendingar\/#primaryimage"},"thumbnailUrl":"http:\/\/www.norn.is\/pistlar\/wp-content\/uploads\/sites\/2\/2012\/11\/Screenshot-321.png","keywords":["F\u00e1t\u00e6kt","Gerviv\u00edsindi","V\u00edsindi"],"articleSection":["Heilbrig\u00f0is- og velfer\u00f0arm\u00e1l","Menning, listir og fj\u00f6lmi\u00f0lar","Pistlar um samf\u00e9lagsm\u00e1l","Umr\u00e6\u00f0an"],"inLanguage":"is"},{"@type":"WebPage","@id":"https:\/\/www.norn.is\/pistlar\/sveltandi-islendingar\/","url":"https:\/\/www.norn.is\/pistlar\/sveltandi-islendingar\/","name":"Sveltandi \u00cdslendingar? - Pistlar Evu","isPartOf":{"@id":"https:\/\/www.norn.is\/pistlar\/#website"},"primaryImageOfPage":{"@id":"https:\/\/www.norn.is\/pistlar\/sveltandi-islendingar\/#primaryimage"},"image":{"@id":"https:\/\/www.norn.is\/pistlar\/sveltandi-islendingar\/#primaryimage"},"thumbnailUrl":"http:\/\/www.norn.is\/pistlar\/wp-content\/uploads\/sites\/2\/2012\/11\/Screenshot-321.png","datePublished":"2012-11-12T17:06:40+00:00","dateModified":"2018-09-18T09:10:07+00:00","author":{"@id":"https:\/\/www.norn.is\/pistlar\/#\/schema\/person\/2eb0fcae9e1ecc61987f7ed9c878531c"},"breadcrumb":{"@id":"https:\/\/www.norn.is\/pistlar\/sveltandi-islendingar\/#breadcrumb"},"inLanguage":"is","potentialAction":[{"@type":"ReadAction","target":["https:\/\/www.norn.is\/pistlar\/sveltandi-islendingar\/"]}]},{"@type":"ImageObject","inLanguage":"is","@id":"https:\/\/www.norn.is\/pistlar\/sveltandi-islendingar\/#primaryimage","url":"http:\/\/www.norn.is\/pistlar\/wp-content\/uploads\/sites\/2\/2012\/11\/Screenshot-321.png","contentUrl":"http:\/\/www.norn.is\/pistlar\/wp-content\/uploads\/sites\/2\/2012\/11\/Screenshot-321.png"},{"@type":"BreadcrumbList","@id":"https:\/\/www.norn.is\/pistlar\/sveltandi-islendingar\/#breadcrumb","itemListElement":[{"@type":"ListItem","position":1,"name":"Home","item":"https:\/\/www.norn.is\/pistlar\/"},{"@type":"ListItem","position":2,"name":"Sveltandi \u00cdslendingar?"}]},{"@type":"WebSite","@id":"https:\/\/www.norn.is\/pistlar\/#website","url":"https:\/\/www.norn.is\/pistlar\/","name":"Pistlar Evu","description":"","potentialAction":[{"@type":"SearchAction","target":{"@type":"EntryPoint","urlTemplate":"https:\/\/www.norn.is\/pistlar\/?s={search_term_string}"},"query-input":{"@type":"PropertyValueSpecification","valueRequired":true,"valueName":"search_term_string"}}],"inLanguage":"is"},{"@type":"Person","@id":"https:\/\/www.norn.is\/pistlar\/#\/schema\/person\/2eb0fcae9e1ecc61987f7ed9c878531c","name":"Eva Hauksd\u00f3ttir","sameAs":["http:\/\/www.norn.is"],"url":"https:\/\/www.norn.is\/pistlar\/author\/eva\/"}]}},"_links":{"self":[{"href":"https:\/\/www.norn.is\/pistlar\/wp-json\/wp\/v2\/posts\/13463","targetHints":{"allow":["GET"]}}],"collection":[{"href":"https:\/\/www.norn.is\/pistlar\/wp-json\/wp\/v2\/posts"}],"about":[{"href":"https:\/\/www.norn.is\/pistlar\/wp-json\/wp\/v2\/types\/post"}],"author":[{"embeddable":true,"href":"https:\/\/www.norn.is\/pistlar\/wp-json\/wp\/v2\/users\/2"}],"replies":[{"embeddable":true,"href":"https:\/\/www.norn.is\/pistlar\/wp-json\/wp\/v2\/comments?post=13463"}],"version-history":[{"count":3,"href":"https:\/\/www.norn.is\/pistlar\/wp-json\/wp\/v2\/posts\/13463\/revisions"}],"predecessor-version":[{"id":13467,"href":"https:\/\/www.norn.is\/pistlar\/wp-json\/wp\/v2\/posts\/13463\/revisions\/13467"}],"wp:attachment":[{"href":"https:\/\/www.norn.is\/pistlar\/wp-json\/wp\/v2\/media?parent=13463"}],"wp:term":[{"taxonomy":"category","embeddable":true,"href":"https:\/\/www.norn.is\/pistlar\/wp-json\/wp\/v2\/categories?post=13463"},{"taxonomy":"post_tag","embeddable":true,"href":"https:\/\/www.norn.is\/pistlar\/wp-json\/wp\/v2\/tags?post=13463"}],"curies":[{"name":"wp","href":"https:\/\/api.w.org\/{rel}","templated":true}]}}