{"id":13406,"date":"2017-09-25T13:00:45","date_gmt":"2017-09-25T13:00:45","guid":{"rendered":"http:\/\/www.norn.is\/pistlar\/?p=13406"},"modified":"2017-10-08T23:14:58","modified_gmt":"2017-10-08T23:14:58","slug":"gestapistill-buum-okkur-undir-breytta-framtid","status":"publish","type":"post","link":"https:\/\/www.norn.is\/pistlar\/gestapistill-buum-okkur-undir-breytta-framtid\/","title":{"rendered":"Gestapistill &#8211; B\u00faum okkur undir breytta framt\u00ed\u00f0"},"content":{"rendered":"<h1><a href=\"http:\/\/www.norn.is\/pistlar\/wp-content\/uploads\/sites\/2\/2016\/09\/983465-Gu\u2568mundur-Karl-Karlsson.jpg\"><img loading=\"lazy\" decoding=\"async\" class=\"alignleft wp-image-13422 size-full\" src=\"http:\/\/www.norn.is\/pistlar\/wp-content\/uploads\/sites\/2\/2016\/09\/983465-Gu\u2568mundur-Karl-Karlsson.jpg\" alt=\"Hanna(mbl\" width=\"820\" height=\"595\" srcset=\"https:\/\/www.norn.is\/pistlar\/wp-content\/uploads\/sites\/2\/2016\/09\/983465-Gu\u2568mundur-Karl-Karlsson.jpg 820w, https:\/\/www.norn.is\/pistlar\/wp-content\/uploads\/sites\/2\/2016\/09\/983465-Gu\u2568mundur-Karl-Karlsson-300x218.jpg 300w, https:\/\/www.norn.is\/pistlar\/wp-content\/uploads\/sites\/2\/2016\/09\/983465-Gu\u2568mundur-Karl-Karlsson-768x557.jpg 768w, https:\/\/www.norn.is\/pistlar\/wp-content\/uploads\/sites\/2\/2016\/09\/983465-Gu\u2568mundur-Karl-Karlsson-413x300.jpg 413w\" sizes=\"auto, (max-width: 820px) 100vw, 820px\" \/><\/a><\/h1>\n<p style=\"text-align: right;\"><em>Mynd: mbl,is\/Hanna<\/em><\/p>\n<h1>&#8211; Gestapistill eftir Gu\u00f0mund Karl Karlsson<strong>\u00a0<\/strong><\/h1>\n<p><a href=\"http:\/\/www.norn.is\/pistlar\/wp-content\/uploads\/sites\/2\/2017\/09\/piratar.smamynd.jpg\"><img loading=\"lazy\" decoding=\"async\" class=\"alignleft size-full wp-image-13409\" src=\"http:\/\/www.norn.is\/pistlar\/wp-content\/uploads\/sites\/2\/2017\/09\/piratar.smamynd.jpg\" alt=\"\" width=\"200\" height=\"200\" srcset=\"https:\/\/www.norn.is\/pistlar\/wp-content\/uploads\/sites\/2\/2017\/09\/piratar.smamynd.jpg 200w, https:\/\/www.norn.is\/pistlar\/wp-content\/uploads\/sites\/2\/2017\/09\/piratar.smamynd-150x150.jpg 150w\" sizes=\"auto, (max-width: 200px) 100vw, 200px\" \/><\/a><\/p>\n<p>\u00c9g heiti Gu\u00f0mundur Karl Karlsson, \u00e9g er f\u00e6ddur 1982 og \u00e9g gef kost \u00e1 m\u00e9r \u00ed pr\u00f3fkj\u00f6ri P\u00edrata \u00ed Su\u00f0vesturkj\u00f6rd\u00e6mi. \u00c9g er tveggja barna fa\u00f0ir, Brynd\u00eds (9 \u00e1ra) og Aron Da\u00f0i (15 \u00e1ra) og giftur \u00e1stinni \u00ed l\u00edfinu R\u00f6gnu Engilbertsd\u00f3ttir (xx \u00e1ra) og vi\u00f0 eigum Labradorinn Atlas (7 m\u00e1na\u00f0a). Vi\u00f0 erum mj\u00f6g hef\u00f0bundin samheld millist\u00e9ttarfj\u00f6lskylda. Vi\u00f0 h\u00f6fum sterka r\u00e9ttl\u00e6tiskennd og vinnum saman a\u00f0 g\u00f3\u00f0um m\u00e1lefnum.<!--more--><\/p>\n<p>&nbsp;<\/p>\n<p><a href=\"http:\/\/www.norn.is\/pistlar\/wp-content\/uploads\/sites\/2\/2017\/09\/20170519_200250.jpg\"><img loading=\"lazy\" decoding=\"async\" class=\"size-full wp-image-13410 aligncenter\" src=\"http:\/\/www.norn.is\/pistlar\/wp-content\/uploads\/sites\/2\/2017\/09\/20170519_200250.jpg\" alt=\"\" width=\"700\" height=\"525\" srcset=\"https:\/\/www.norn.is\/pistlar\/wp-content\/uploads\/sites\/2\/2017\/09\/20170519_200250.jpg 700w, https:\/\/www.norn.is\/pistlar\/wp-content\/uploads\/sites\/2\/2017\/09\/20170519_200250-300x225.jpg 300w, https:\/\/www.norn.is\/pistlar\/wp-content\/uploads\/sites\/2\/2017\/09\/20170519_200250-400x300.jpg 400w\" sizes=\"auto, (max-width: 700px) 100vw, 700px\" \/><\/a>\u00c9g er me\u00f0 engu m\u00f3ti hef\u00f0bundinn p\u00f3lit\u00edkus. \u00c9g tel mig vel uppl\u00fdstan og fylgist vel me\u00f0 umr\u00e6\u00f0unni og gangi m\u00e1la. \u00c9g \u00feekki l\u00edka af eigin reynslu \u00feau\u00a0 \u00e1hrif sem stj\u00f3rnv\u00f6ld geta haft \u00e1 daglegt l\u00edf fj\u00f6lskyldna.<\/p>\n<p>&nbsp;<\/p>\n<p><strong>Gjaldfrj\u00e1ls heilbrig\u00f0is\u00fej\u00f3nusta<\/strong><\/p>\n<p>\u00c9g finn \u00fea\u00f0 \u00ed eigin b\u00f3khaldi \u00feegar l\u00e6kna\u00fej\u00f3nusta h\u00e6kkar \u00ed ver\u00f0i og \u00e9g hef veri\u00f0 \u00ed \u00feeirri st\u00f6\u00f0u a\u00f0 draga \u00e1 langinn mikilv\u00e6gar myndat\u00f6kur og jafnvel a\u00f0ger\u00f0 sem var nau\u00f0synleg vegna kostna\u00f0ar. \u00c9g greindist me\u00f0 fibrous dysplasia fyrir nokkrum \u00e1rum. \u00dear sem vandam\u00e1li\u00f0 var \u00ed kinnholu og n\u00e1l\u00e6gt t\u00f6nnunum \u00feurfti \u00e9g a\u00f0 fara til kj\u00e1lkaskur\u00f0l\u00e6knis. Einhverra hluta vegna var \u00feetta flokka\u00f0 sem tannl\u00e6kning. En ef ekkert hef\u00f0i veri\u00f0 \u00a0gert hef\u00f0i \u00fea\u00f0 \u00e1 endanum geta or\u00f0i\u00f0 mitt banamein. \u00deessi a\u00f0ger\u00f0 kosta\u00f0i mig heil m\u00e1na\u00f0arlaun fyrir skatt.<\/p>\n<p><a href=\"http:\/\/www.norn.is\/pistlar\/wp-content\/uploads\/sites\/2\/2017\/09\/doctor-with-money-box-1461912851kIv.jpg\"><img loading=\"lazy\" decoding=\"async\" class=\"alignleft size-large wp-image-13315\" src=\"http:\/\/www.norn.is\/pistlar\/wp-content\/uploads\/sites\/2\/2017\/09\/doctor-with-money-box-1461912851kIv-1024x683.jpg\" alt=\"\" width=\"584\" height=\"390\" srcset=\"https:\/\/www.norn.is\/pistlar\/wp-content\/uploads\/sites\/2\/2017\/09\/doctor-with-money-box-1461912851kIv-1024x683.jpg 1024w, https:\/\/www.norn.is\/pistlar\/wp-content\/uploads\/sites\/2\/2017\/09\/doctor-with-money-box-1461912851kIv-300x200.jpg 300w, https:\/\/www.norn.is\/pistlar\/wp-content\/uploads\/sites\/2\/2017\/09\/doctor-with-money-box-1461912851kIv-768x512.jpg 768w, https:\/\/www.norn.is\/pistlar\/wp-content\/uploads\/sites\/2\/2017\/09\/doctor-with-money-box-1461912851kIv-450x300.jpg 450w, https:\/\/www.norn.is\/pistlar\/wp-content\/uploads\/sites\/2\/2017\/09\/doctor-with-money-box-1461912851kIv.jpg 1920w\" sizes=\"auto, (max-width: 584px) 100vw, 584px\" \/><\/a>\u00c9g var sem betur fer \u00ed \u00feeirri st\u00f6\u00f0u \u00a0a\u00f0 geta fengi\u00f0 l\u00e1n fyrir \u00feessari a\u00f0ger\u00f0 og borga\u00f0i hana \u00e1 heilu \u00e1ri me\u00f0 v\u00f6xtum. En \u00fea\u00f0 eru ekki allir svona staddir. \u00dea\u00f0 er ekki \u00e1s\u00e6ttanlegt a\u00f0 f\u00f3lk \u00feurfi a\u00f0 hugsa sig um \u00e1\u00f0ur en \u00fea\u00f0 til l\u00e6knis og allt vegna kostna\u00f0ar. \u00dea\u00f0 er ekki \u00e1s\u00e6ttanlegt, \u00feegar einhver er me\u00f0 alvarlega verki og \u00fearf a\u00f0 fara \u00ed myndat\u00f6ku sem m\u00f6gulega lei\u00f0ir til krabbameinsgreiningar og sleppir \u00fev\u00ed e\u00f0a hikar vi\u00f0 a\u00f0 fara, vegna \u00feess a\u00f0 \u00fea\u00f0 kostar tug\u00fe\u00fasundir. Enn s\u00ed\u00f0ur er \u00fea\u00f0 \u00e1s\u00e6ttanlegt a\u00f0 f\u00e1i ma\u00f0ur sl\u00edka greiningu, \u00fe\u00e1 geti \u00fea\u00f0 sett vi\u00f0komandi \u00e1 hausinn \u00fer\u00e1tt fyrir \u00e1ratuga langan starfsferil me\u00f0 tilheyrandi skattgrei\u00f0slum.<\/p>\n<p>\u00c9g er \u00ed \u00e1g\u00e6tri st\u00f6\u00f0u \u00ed dag, og \u00e9g hef n\u00fdtt m\u00e9r \u00feessa forr\u00e9ttindast\u00f6\u00f0u til a\u00f0 standa v\u00f6r\u00f0 um r\u00e9ttindi og \u00f6ryggi \u00feeirra sem minnst mega s\u00edn \u00ed samf\u00e9laginu. \u00c9g vil tryggja \u00f6llum gjaldfrj\u00e1lsa, \u00f6fluga heilbrig\u00f0is\u00fej\u00f3nustu. \u00c9g f\u00f3r \u00ed ekki \u00f3svipa\u00f0a a\u00f0ger\u00f0 \u00e1 Bretlandi, \u00fear sem \u00e9g bj\u00f3 \u00ed 7 \u00e1r, \u00fear sem reynt var a\u00f0 sporna vi\u00f0 \u00fev\u00ed sem leit \u00fat eins og auka t\u00f6nn \u00ed kinnholunni. S\u00fa a\u00f0ger\u00f0 kosta\u00f0i mig ekki kr\u00f3nu. \u00c9g komst l\u00edka a\u00f0 \u00ed \u00fe\u00e1 a\u00f0ger\u00f0 \u00e1 a\u00f0eins \u00f6rf\u00e1um d\u00f6gum.<\/p>\n<p><a href=\"http:\/\/www.norn.is\/pistlar\/wp-content\/uploads\/sites\/2\/2017\/09\/heilbrig\u00f0is\u00fej\u00f3nusta.png\"><img loading=\"lazy\" decoding=\"async\" class=\"alignright wp-image-13411\" src=\"http:\/\/www.norn.is\/pistlar\/wp-content\/uploads\/sites\/2\/2017\/09\/heilbrig\u00f0is\u00fej\u00f3nusta-150x150.png\" alt=\"\" width=\"240\" height=\"219\" srcset=\"https:\/\/www.norn.is\/pistlar\/wp-content\/uploads\/sites\/2\/2017\/09\/heilbrig\u00f0is\u00fej\u00f3nusta-300x274.png 300w, https:\/\/www.norn.is\/pistlar\/wp-content\/uploads\/sites\/2\/2017\/09\/heilbrig\u00f0is\u00fej\u00f3nusta.png 319w\" sizes=\"auto, (max-width: 240px) 100vw, 240px\" \/><\/a>\u00dea\u00f0 m\u00e1 \u00fev\u00ed segja a\u00f0 m\u00edn stefna \u00ed heilbrig\u00f0ism\u00e1lum s\u00e9 einfaldlega gjaldfrj\u00e1ls heilbrig\u00f0is\u00fej\u00f3nusta fyrir alla. \u00c9g set mig ekki \u00e1 m\u00f3ti einkareknum stofnunum \u00ed \u00feessum geira. En \u00fea\u00f0 \u00e1 alls ekki a\u00f0 vera \u00feannig a\u00f0 hin almenna heilbrig\u00f0is\u00fej\u00f3nusta rei\u00f0i sig \u00e1 sl\u00edka \u00fej\u00f3nustu til a\u00f0 sinna nau\u00f0synlegum verkum. \u00de\u00e6r stofnanir \u00feurfa \u00fe\u00e1 a\u00f0 vinna inn fyrir s\u00ednu og bj\u00f3\u00f0a upp\u00e1 eitthva\u00f0 afbur\u00f0argott sem er h\u00e6gt a\u00f0 ni\u00f0urgrei\u00f0a, kj\u00f3si f\u00f3lk a\u00f0 fara \u00feanga\u00f0. \u00dea\u00f0 \u00fearf \u00fe\u00e1 a\u00f0 dekka \u00feann umframkosta\u00f0 sem \u00fea\u00f0 kann a\u00f0 hafa \u00ed f\u00f6r me\u00f0 s\u00e9r. \u00dev\u00ed einkav\u00e6\u00f0ingin sem vi\u00f0 erum a\u00f0 sj\u00e1 \u00ed dag hefur ekki skila\u00f0 s\u00e9r \u00ed betri \u00fej\u00f3nustu. \u00c9g f\u00e6 \u00fea\u00f0 \u00e1 tilfinninguna \u00feegar \u00e9g fer \u00e1 sl\u00edka stofnun a\u00f0 enn s\u00e9 um slaka r\u00edkis\u00fej\u00f3nustu a\u00f0 r\u00e6\u00f0a nema \u00e9g \u00fearf a\u00f0 dekka st\u00f3ran hluta kostna\u00f0arins sj\u00e1lfur.<\/p>\n<p>\u00dea\u00f0 er m\u00e9r a\u00f0 \u00f6llu leiti \u00f3skiljanlegt hvers vegna n\u00fd fj\u00e1rl\u00f6g gera r\u00e1\u00f0 fyrir 44 millj\u00f6r\u00f0um \u00ed afgang sem \u00e6tti n\u00fdta til a\u00f0 hluta a\u00f0 uppf\u00e6ra \u00far s\u00e9r gengin og bilu\u00f0 t\u00e6ki \u00e1 landssp\u00edtalanum sem eru me\u00f0 vikna, m\u00e1na\u00f0a e\u00f0a jafnvel \u00e1ralanga bi\u00f0 fyrir f\u00f3lk a\u00f0 komast \u00ed.<\/p>\n<p>&nbsp;<\/p>\n<p><b>Vir\u00f0um stj\u00f3rnarskr\u00e1 og mannr\u00e9ttindas\u00e1ttm\u00e1la<\/b><\/p>\n<p>\u00c9g vil a\u00f0 m\u00ednir stu\u00f0ningsmenn viti a\u00f0 \u00feegar \u00e9g tala um f\u00f3lki\u00f0 \u00ed landinu \u00fe\u00e1 er \u00e9g a\u00f0 tala um alla \u00e1n tillits til kynfer\u00f0is, tr\u00faarbrag\u00f0a, sko\u00f0ana, \u00fej\u00f3\u00f0ernisuppruna, kyn\u00fe\u00e1ttar, litarh\u00e1ttar, efnahags, \u00e6tternis og st\u00f6\u00f0u a\u00f0 \u00f6\u00f0ru leyti eins og stendur sk\u00fdrum st\u00f6fum \u00ed Stj\u00f3rnarskr\u00e1 \u00cdslands.<\/p>\n<p><a href=\"http:\/\/www.norn.is\/pistlar\/wp-content\/uploads\/sites\/2\/2017\/09\/stj\u00f3rnarskr\u00e1.png\"><img loading=\"lazy\" decoding=\"async\" class=\"alignleft wp-image-13412\" src=\"http:\/\/www.norn.is\/pistlar\/wp-content\/uploads\/sites\/2\/2017\/09\/stj\u00f3rnarskr\u00e1-150x150.png\" alt=\"\" width=\"240\" height=\"229\" \/><\/a>\u00c9g er hlynntur \u00fev\u00ed a\u00f0 stj\u00f3rnarskr\u00e1in ver\u00f0i endursko\u00f0u\u00f0 og a\u00f0 till\u00f6gur Stj\u00f3rnlagar\u00e1\u00f0s ver\u00f0i nota\u00f0ar sem grunnur fyrir \u00feeim breytingum. En \u00fea\u00f0 skiptir n\u00e1kv\u00e6mlega engu m\u00e1li ef vi\u00f0 erum ekki a\u00f0 vir\u00f0a n\u00faverandi stj\u00f3rnarskr\u00e1 me\u00f0 tilliti til mannr\u00e9ttinda, n\u00e9 tilvonandi stj\u00f3rnarskr\u00e1. Vi\u00f0 \u00feurfum a\u00f0 sl\u00edpa til stj\u00f3rns\u00fdsluna fyrst og fremst og tryggja a\u00f0 r\u00e9ttindi f\u00f3lks s\u00e9u trygg\u00f0 m.t.t. stj\u00f3rnarskr\u00e1nna hvort sem \u00fea\u00f0 er n\u00faverandi e\u00f0a tilvonandi. \u00cd minni bar\u00e1ttu fyrir r\u00e9ttindum fl\u00f3ttaf\u00f3lks hef \u00e9g \u00fev\u00ed mi\u00f0ur or\u00f0i\u00f0 vitni af \u00fev\u00ed a\u00f0 \u00fea\u00f0 s\u00e9 tro\u00f0i\u00f0 \u00e1 \u00feessum r\u00e9ttindum \u00ed \u00feeim tilgangi a\u00f0 losa okkur vi\u00f0 annars vinnandi samf\u00e9lags\u00feegna og b\u00f6rn \u00feeirra. \u00deetta er s\u00e9rstaklega alvarlegt \u00fear sem r\u00e9ttindi barna sem eru bundin stj\u00f3rnarskr\u00e1 eru brotin \u00edtreka\u00f0 me\u00f0 \u00fev\u00ed a\u00f0 taka ekki tillit til \u00feeirra hagsmuna \u00f3h\u00e1\u00f0 st\u00f6\u00f0u foreldris.<\/p>\n<p><a href=\"http:\/\/www.norn.is\/pistlar\/wp-content\/uploads\/sites\/2\/2017\/09\/received_10155677319289507.jpg\"><img loading=\"lazy\" decoding=\"async\" class=\"size-full wp-image-13413 aligncenter\" src=\"http:\/\/www.norn.is\/pistlar\/wp-content\/uploads\/sites\/2\/2017\/09\/received_10155677319289507.jpg\" alt=\"\" width=\"2048\" height=\"1152\" srcset=\"https:\/\/www.norn.is\/pistlar\/wp-content\/uploads\/sites\/2\/2017\/09\/received_10155677319289507.jpg 2048w, https:\/\/www.norn.is\/pistlar\/wp-content\/uploads\/sites\/2\/2017\/09\/received_10155677319289507-300x169.jpg 300w, https:\/\/www.norn.is\/pistlar\/wp-content\/uploads\/sites\/2\/2017\/09\/received_10155677319289507-768x432.jpg 768w, https:\/\/www.norn.is\/pistlar\/wp-content\/uploads\/sites\/2\/2017\/09\/received_10155677319289507-1024x576.jpg 1024w, https:\/\/www.norn.is\/pistlar\/wp-content\/uploads\/sites\/2\/2017\/09\/received_10155677319289507-500x281.jpg 500w\" sizes=\"auto, (max-width: 2048px) 100vw, 2048px\" \/><\/a><\/p>\n<blockquote><p><strong>Barnas\u00e1ttm\u00e1li Sameinu\u00f0u \u00fej\u00f3\u00f0anna:<\/strong><\/p>\n<p><strong><br \/>\n2. gr.\u00a0<\/strong><br \/>\n1. A\u00f0ildarr\u00edki skulu vir\u00f0a og tryggja hverju barni innan l\u00f6gs\u00f6gu sinnar \u00feau r\u00e9ttindi sem kve\u00f0i\u00f0 er \u00e1 um \u00ed samningi \u00feessum, \u00e1n mismununar af nokkru tagi, \u00e1n tillits til kyn\u00fe\u00e1ttar, litarh\u00e1ttar, kynfer\u00f0is, tungu, tr\u00faarbrag\u00f0a, stj\u00f3rnm\u00e1lasko\u00f0ana e\u00f0a annarra sko\u00f0ana, uppruna me\u00f0 tilliti til \u00fej\u00f3\u00f0ernis, \u00fej\u00f3\u00f0h\u00e1tta e\u00f0a f\u00e9lagslegrar st\u00f6\u00f0u, eigna, f\u00f6tlunar, \u00e6tternis e\u00f0a annarra a\u00f0st\u00e6\u00f0na \u00feess e\u00f0a foreldris \u00feess e\u00f0a l\u00f6gr\u00e1\u00f0amanns.<\/p>\n<p>2. A\u00f0ildarr\u00edki skulu gera allar vi\u00f0eigandi r\u00e1\u00f0stafanir til a\u00f0 sj\u00e1 um a\u00f0 barni s\u00e9 ekki mismuna\u00f0 e\u00f0a refsa\u00f0 vegna st\u00f6\u00f0u e\u00f0a athafna foreldra \u00feess, l\u00f6gr\u00e1\u00f0amanna e\u00f0a fj\u00f6lskyldume\u00f0lima, e\u00f0a sj\u00f3narmi\u00f0a sem \u00feeir l\u00e1ta \u00ed lj\u00f3s e\u00f0a sko\u00f0ana \u00feeirra.<\/p><\/blockquote>\n<p><a href=\"http:\/\/www.norn.is\/pistlar\/wp-content\/uploads\/sites\/2\/2017\/09\/21979121_10155607073742660_1610248406_n.png\"><img loading=\"lazy\" decoding=\"async\" class=\"alignleft size-full wp-image-13408\" src=\"http:\/\/www.norn.is\/pistlar\/wp-content\/uploads\/sites\/2\/2017\/09\/21979121_10155607073742660_1610248406_n.png\" alt=\"\" width=\"666\" height=\"549\" srcset=\"https:\/\/www.norn.is\/pistlar\/wp-content\/uploads\/sites\/2\/2017\/09\/21979121_10155607073742660_1610248406_n.png 666w, https:\/\/www.norn.is\/pistlar\/wp-content\/uploads\/sites\/2\/2017\/09\/21979121_10155607073742660_1610248406_n-300x247.png 300w, https:\/\/www.norn.is\/pistlar\/wp-content\/uploads\/sites\/2\/2017\/09\/21979121_10155607073742660_1610248406_n-364x300.png 364w\" sizes=\"auto, (max-width: 666px) 100vw, 666px\" \/><\/a>\u00dea\u00f0 sem vi\u00f0 erum a\u00f0 sj\u00e1 gerast n\u00fana \u00ed \u00f6llum tilfellum a\u00f0 \u00fea\u00f0 sem er t\u00falka\u00f0 barninu fyrir bestu er a\u00f0 vera me\u00f0 foreldrum s\u00ednum. Og foreldrarnir f\u00e1 neitun \u00e1 sinni h\u00e6lisums\u00f3kn oftast me\u00f0 v\u00edsan \u00ed Dyflinnarregluger\u00f0ina. Sem \u00fe\u00fd\u00f0ir a\u00f0 m\u00e1li\u00f0 \u00feeirra er ekki einu sinni teki\u00f0 til efnislegrar me\u00f0fer\u00f0ar. \u00dev\u00ed er foreldri v\u00edsa\u00f0 \u00far landi og barni\u00f0 me\u00f0. \u00dea\u00f0 er h\u00e1rr\u00e9tt a\u00f0 \u00fea\u00f0 er barninu fyrir bestu a\u00f0 vera me\u00f0 foreldrum s\u00ednum, en \u00ed \u00feessu liggur broti\u00f0 \u00e1 r\u00e9ttindum barnsins. Barni\u00f0 \u00e1 a\u00f0 f\u00e1 s\u00edna me\u00f0fer\u00f0 \u00f3h\u00e1\u00f0 foreldri, \u00fea\u00f0 \u00e1 a\u00f0 f\u00e1 \u00e1heyrn og \u00fea\u00f0 \u00e1 a\u00f0 gera \u00fea\u00f0 sem er \u00fev\u00ed fyrir bestu. Sem \u00ed \u00f6llum tilfellum sem \u00e9g \u00feekki \u00fe\u00fd\u00f0ir a\u00f0 \u00fea\u00f0 eigi \u00e1fram a\u00f0 f\u00e1 a\u00f0 vera h\u00e9r og stunda sitt n\u00e1m, vera me\u00f0 s\u00ednum vinum, og nj\u00f3ta f\u00e9lagslegrar a\u00f0sto\u00f0ar og verndar. Og \u00fev\u00ed \u00e1 foreldri\u00f0 l\u00edka a\u00f0 f\u00e1 a\u00f0 vera h\u00e9r me\u00f0 barninu s\u00ednu. \u00deetta er efni \u00ed a\u00f0ra grein, en fyrir \u00e1hugasama vil \u00e9g v\u00edsa \u00ed fr\u00e1b\u00e6ra grein<a href=\"http:\/\/www.norn.is\/blog\/mal-haniye-maleki-og-mary-iserien\/\">\u00a0Evu Hauksd\u00f3ttur<\/a> sem kafar mun d\u00fdpra \u00ed \u00feessi m\u00e1l.<\/p>\n<p>\u00dea\u00f0 er \u00fev\u00ed m\u00edn \u00e1hersla a\u00f0 vi\u00f0 vinnum saman a\u00f0 n\u00fdrri stj\u00f3rnarskr\u00e1. En mitt \u00e1hersluatri\u00f0i ver\u00f0ur \u00e1valt a\u00f0 tryggja a\u00f0 vi\u00f0 f\u00f6rum eftir \u00feeirri stj\u00f3rnarskr\u00e1 sem kann a\u00f0 vera \u00ed gildi.<\/p>\n<p><a href=\"http:\/\/www.norn.is\/pistlar\/wp-content\/uploads\/sites\/2\/2017\/09\/gu\u00f0mmary.jpg\"><img loading=\"lazy\" decoding=\"async\" class=\"alignright size-full wp-image-13414\" src=\"http:\/\/www.norn.is\/pistlar\/wp-content\/uploads\/sites\/2\/2017\/09\/gu\u00f0mmary.jpg\" alt=\"\" width=\"700\" height=\"933\" srcset=\"https:\/\/www.norn.is\/pistlar\/wp-content\/uploads\/sites\/2\/2017\/09\/gu\u00f0mmary.jpg 700w, https:\/\/www.norn.is\/pistlar\/wp-content\/uploads\/sites\/2\/2017\/09\/gu\u00f0mmary-225x300.jpg 225w\" sizes=\"auto, (max-width: 700px) 100vw, 700px\" \/><\/a><\/p>\n<p>&nbsp;<\/p>\n<p>&nbsp;<\/p>\n<p><strong>N\u00fdtum au\u00f0lindir \u00ed \u00fe\u00e1gu okkar allra<\/strong><\/p>\n<p>N\u00fa b\u00faum vi\u00f0 ansi vel me\u00f0 tilliti til au\u00f0linda. Orka er n\u00e6g, vatni\u00f0 hreint, fiskurinn spr\u00e6kur og fer\u00f0amanna\u00fej\u00f3nustan bl\u00f3mstrar, me\u00f0 sveiflum \u00fe\u00f3 eins og gengur og gerist. Eins og d\u00e6min hafa kennt okkur gegnum t\u00ed\u00f0ina \u00fe\u00e1 mun \u00fea\u00f0 alltaf enda me\u00f0 au\u00f0s\u00f6fnun einstakra a\u00f0ila \u00feegar \u00feessir gersemar sem eiga a\u00f0 heita okkar allra eru f\u00e6r\u00f0ar marka\u00f0num. Fyrirt\u00e6ki \u00e1 marka\u00f0i munu \u00e1valt leita lei\u00f0a til a\u00f0 h\u00e1marka innkomu og hugsa um hagsmuni hluthafa eins og fyrirt\u00e6kjal\u00f6g gera r\u00e1\u00f0 fyrir. \u00deetta getur ekki leitt gott af s\u00e9r. Svo erum vi\u00f0 a\u00f0 sj\u00e1 \u00feessa fj\u00e1rmuni hverfa \u00ed skj\u00f3l \u00e1 aflandseyjum og \u00feeir eru ekki n\u00fdttir \u00ed \u00fe\u00e1gu landsmanna me\u00f0 fj\u00e1rfestingum og atvinnusk\u00f6pun eins og fr\u00e6\u00f0in vilja reyna a\u00f0 sannf\u00e6ra okkur um (e. trickle down theory). \u00dea\u00f0 gerist a\u00f0 sj\u00e1lfs\u00f6g\u00f0u a\u00f0 einhverju marki, en \u00fea\u00f0 er ekki \u00e1s\u00e6ttanlegt a\u00f0 einstaka f\u00f3lk sitji \u00e1 au\u00f0num og grei\u00f0i ekki af honum skatta. Ef a\u00f0 \u00feessir au\u00f0safnarar v\u00e6ru a\u00f0 safna dagbl\u00f6\u00f0um v\u00e6ru \u00feeir loka\u00f0ir inn\u00e1 vi\u00f0eigandi stofnun og settir \u00ed me\u00f0fer\u00f0 vi\u00f0 s\u00f6fnunar\u00e1r\u00e1ttu.<\/p>\n<p><a href=\"http:\/\/www.norn.is\/pistlar\/wp-content\/uploads\/sites\/2\/2017\/09\/au\u00f0lindir.png\"><img loading=\"lazy\" decoding=\"async\" class=\"alignleft wp-image-13415\" src=\"http:\/\/www.norn.is\/pistlar\/wp-content\/uploads\/sites\/2\/2017\/09\/au\u00f0lindir.png\" alt=\"\" width=\"240\" height=\"202\" srcset=\"https:\/\/www.norn.is\/pistlar\/wp-content\/uploads\/sites\/2\/2017\/09\/au\u00f0lindir.png 366w, https:\/\/www.norn.is\/pistlar\/wp-content\/uploads\/sites\/2\/2017\/09\/au\u00f0lindir-300x252.png 300w, https:\/\/www.norn.is\/pistlar\/wp-content\/uploads\/sites\/2\/2017\/09\/au\u00f0lindir-356x300.png 356w\" sizes=\"auto, (max-width: 240px) 100vw, 240px\" \/><\/a>Peningarnir eiga a\u00f0 vinna fyrir okkur \u00f6ll, ekki \u00fatvalda. \u00c9g er ekkert \u00e1 m\u00f3ti \u00fev\u00ed a\u00f0 f\u00f3lki vegni vel, eignist meira en annar, enda eru peningar ekki allt \u00ed l\u00edfinu. En \u00fea\u00f0 ver\u00f0ur a\u00f0 tryggja j\u00f6fnu\u00f0 upp a\u00f0 \u00fev\u00ed marki a\u00f0 vi\u00f0 nj\u00f3tum \u00f6ll g\u00f3\u00f0s af me\u00f0 tilliti til \u00f6ryggis, mannr\u00e9ttinda og s\u00f3masamlegs l\u00edfs. \u00dev\u00ed er \u00e9g l\u00edka hlynntur svok\u00f6llu\u00f0um borgaralaunum. Einf\u00f6ldun \u00e1 n\u00fagildandi b\u00f3takerfi sem n\u00e6r yfir \u00f6ryrkja, atvinnulausa og fleiri, er a\u00f0 m\u00ednu mati skynsamleg lei\u00f0. Vi\u00f0 eigum a\u00f0 n\u00fdta okkar au\u00f0lindir, l\u00e1ta \u00fe\u00e6r vinna fyrir okkur og tryggja \u00f6llum a\u00f0 l\u00e1gmarki borgaralaun, sem eiga a\u00f0 duga fyrir s\u00f3masamlegu l\u00edfi og a\u00f0 enginn b\u00fai undir f\u00e1t\u00e6ktarm\u00f6rkum. \u00deessi laun m\u00e1 svo ekki sker\u00f0a me\u00f0 neinum h\u00e6tti.<\/p>\n<p>\u00dea\u00f0 sem \u00e9g vil l\u00edka sj\u00e1 er j\u00e1kv\u00e6\u00f0ur hvati, ekki alltaf \u00feessi neikv\u00e6\u00f0a refsing. \u00deannig a\u00f0 ef \u00f6ryrki sem hefur til a\u00f0 mynda veri\u00f0 smi\u00f0ur, e\u00f0a af \u00f6\u00f0rum \u00e1st\u00e6\u00f0um langveikur og ekki f\u00e6r \u00ed l\u00edkamlega vinnu \u00fe\u00e1 vil \u00e9g a\u00f0 vi\u00f0 s\u00e9um me\u00f0 hvatakerfi og styrki sem gerir vi\u00f0komandi kleift a\u00f0 fara \u00ed n\u00e1m og taka s\u00e9r fyrir hendur starf \u00e1 vettvangi sem vi\u00f0komandi treystir s\u00e9r \u00ed. \u00c1n \u00feess a\u00f0 skilda vi\u00f0komandi e\u00f0a refsa \u00e1 nokkurn h\u00e1tt komist hann \u00ed launa\u00f0 starf. \u00dev\u00ed vil \u00e9g sj\u00e1 samr\u00e6mi \u00e1 fr\u00edtekjumarki og borgaralaunum \u00feannig a\u00f0 \u00feegar vi\u00f0komandi kemst \u00ed vinnu, koma launin \u00fat \u00e1 \u00fea\u00f0 sama og hann n\u00fdtur hagna\u00f0ar af \u00fev\u00ed a\u00f0 vinna. \u00deetta markmi\u00f0 tel \u00e9g ekki a\u00f0eins hagkv\u00e6mt fyrir \u00fej\u00f3\u00f0arb\u00fai\u00f0, heldur heilsub\u00e6tandi fyrir vi\u00f0komandi. \u00dea\u00f0 er \u00ed okkar e\u00f0li a\u00f0 vi\u00f0 viljum leggja okkar a\u00f0 m\u00f6rkum.<\/p>\n<p>&nbsp;<\/p>\n<p><strong>Tryggjum \u00f6llum a\u00f0gang a\u00f0 g\u00f3\u00f0ri menntun<\/strong><\/p>\n<p>\u00c9g vil sj\u00e1 samb\u00e6rilegt kerfi og er \u00ed Danm\u00f6rku fyrir menntaf\u00f3lk. \u00c9g vil a\u00f0 vi\u00f0 veitum n\u00e1msstyrki ekki l\u00e1n. Heimurinn er a\u00f0 breytast hratt, og verkamannast\u00f6rf eru \u00ed auknum m\u00e6li a\u00f0 v\u00edkja fyrir v\u00e9lr\u00e6num t\u00e6kjum og gervigreind. Ef vi\u00f0 \u00e6tlum a\u00f0 tryggja \u00f6llum skapandi vinnu \u00ed framt\u00ed\u00f0inni og til a\u00f0 getum veri\u00f0 samkeppnish\u00e6f \u00fej\u00f3\u00f0, \u00fe\u00e1 \u00feurfum vi\u00f0 vel mennta\u00f0 f\u00f3lk \u00e1 \u00f6llum svi\u00f0um. \u00a0\u00dev\u00ed er gr\u00ed\u00f0arlega mikilv\u00e6gt a\u00f0 \u00feeir sem \u00fea\u00f0 kj\u00f3sa, komist \u00ed n\u00e1m, geti framf\u00e6rt s\u00e9r \u00e1 me\u00f0an n\u00e1mi stendur og komi ekki \u00fat \u00far \u00fev\u00ed me\u00f0 \u00e1rtugalanga skuld \u00e1 bakinu. \u00deetta er s\u00e9rstaklega mikilv\u00e6gt fyrir n\u00e1m sem getur teki\u00f0 mj\u00f6g langan t\u00edma og skilar samf\u00e9laginu gr\u00ed\u00f0arlega miklu. \u00de\u00e1 er m\u00e9r efst \u00ed huga l\u00e6kna- og hj\u00fakrunarn\u00e1m.<\/p>\n<p><a href=\"http:\/\/www.norn.is\/pistlar\/wp-content\/uploads\/sites\/2\/2017\/09\/menntun.png\"><img loading=\"lazy\" decoding=\"async\" class=\"alignright wp-image-13416\" src=\"http:\/\/www.norn.is\/pistlar\/wp-content\/uploads\/sites\/2\/2017\/09\/menntun.png\" alt=\"\" width=\"240\" height=\"216\" srcset=\"https:\/\/www.norn.is\/pistlar\/wp-content\/uploads\/sites\/2\/2017\/09\/menntun.png 326w, https:\/\/www.norn.is\/pistlar\/wp-content\/uploads\/sites\/2\/2017\/09\/menntun-300x271.png 300w\" sizes=\"auto, (max-width: 240px) 100vw, 240px\" \/><\/a>Hva\u00f0 var\u00f0ar grunnsk\u00f3lan\u00e1m \u00fe\u00e1 er \u00e9g a\u00f0 horfa upp\u00e1 9 \u00e1ra d\u00f3ttur m\u00edna koma heim me\u00f0 n\u00e1msg\u00f6gn sem \u00e9g nota\u00f0i \u00feegar \u00e9g var \u00e1 hennar aldri og m\u00f3\u00f0ir m\u00edn jafnvel l\u00edka.<\/p>\n<p>Grunnsk\u00f3lan\u00e1mi\u00f0 er a\u00f0 m\u00f6rgu leyti \u00farelt, og \u00feekkingu vantar til a\u00f0 kenna mikilv\u00e6g f\u00f6g til a\u00f0 b\u00faa b\u00f6rn undir t\u00f6lvubyltinguna sem er \u00ed h\u00e1marki. Enn er veri\u00f0 a\u00f0 vinna f\u00e6ribandavinnu me\u00f0 n\u00e1msstefnu sem samr\u00e6mist meira i\u00f0nbyltingu en t\u00f6lvubyltingu. \u00c9g hef r\u00e6tt \u00feetta vi\u00f0 kennara, allir eru samm\u00e1la, og \u00e9g veit a\u00f0 allir eru a\u00f0 gera sitt besta.<\/p>\n<p><strong>Komum vel fram &#8211; \u00fe\u00e1 getum vi\u00f0 veri\u00f0 stolt af \u00fej\u00f3\u00f0erni okkar<\/strong><\/p>\n<p>\u00c9g veit a\u00f0 vi\u00f0 eigum fr\u00e1b\u00e6rt f\u00f3lk \u00ed sk\u00f3lum landsins me\u00f0 mikinn metna\u00f0, en alltaf heyri \u00e9g s\u00f6mu sk\u00fdringuna; v<em>i\u00f0 h\u00f6fum ekki fj\u00e1rmagn til a\u00f0 \u00fej\u00e1lfa kennara e\u00f0a kaupa t\u00e6kin og t\u00f3lin sem \u00fearf<\/em>. \u00dea\u00f0 er l\u00edka gr\u00ed\u00f0arlega mikilv\u00e6gt a\u00f0 kenna b\u00f6rnum a\u00f0 nota veraldarvefinn me\u00f0 \u00e1byrgum og \u00f6ruggum h\u00e6tti. \u00dev\u00ed mi\u00f0ur ganga n\u00fa mi\u00f0ur g\u00f3\u00f0ar myndir og athugasemdir sem kunna a\u00f0 koma illa \u00ed baki\u00f0 \u00e1 vi\u00f0komandi. \u00dea\u00f0 sem b\u00f6rnin \u00feurfa a\u00f0 l\u00e6ra og skilja er a\u00f0 \u00fea\u00f0 sem \u00feau gera \u00e1 netinu, ver\u00f0ur \u00e1 netinu um \u00f3komna t\u00ed\u00f0.<\/p>\n<p>\u00c9g hef \u00e1valt veri\u00f0 stoltur af \u00fev\u00ed a\u00f0 vera \u00cdslendingur. \u00deegar landsli\u00f0 \u00cdslands komst \u00ed 16 li\u00f0a \u00farslit \u00e1 Evr\u00f3pukeppninni \u00fe\u00e1 panta\u00f0i \u00e9g mi\u00f0a \u00fat \u00e1n \u00feess a\u00f0 hafa mi\u00f0a til baka, sta\u00f0 til a\u00f0 gista \u00e1 e\u00f0a mi\u00f0a \u00e1 leikinn. \u00dea\u00f0 redda\u00f0ist og \u00e9g sat \u00e1 f\u00ednum sta\u00f0 \u00e1samt bl\u00e1\u00f3kunnu f\u00f3lki sem \u00e9g fa\u00f0ma\u00f0i \u00ed gr\u00ed\u00f0 og erg eftir m\u00f6rkin og lokaflautuna. \u00c9g fylltist g\u00e6sah\u00fa\u00f0 vi\u00f0 a\u00f0 sj\u00e1 stemninguna \u00e1 Austurvelli \u00feennan dag og vi\u00f0 heimkomu landsli\u00f0sins.<\/p>\n<p>\u00c9g m\u00e6ti \u00e1 \u00fe\u00e1 leiki sem \u00e9g get, b\u00e6\u00f0i hj\u00e1 karla og kvennalandsli\u00f0inu sem eru ekki n\u00e6gjanlega margir upp\u00e1 s\u00ed\u00f0kasti\u00f0. En \u00feessu stolti fylgir ekki s\u00fa hugmynd a\u00f0 \u00feetta s\u00e9 eitthver arflei\u00f0 sem \u00e9g \u00e1 af \u00fev\u00ed \u00e9g f\u00e6ddist \u00e1 \u00cdslandi og er \u00cdslendingur. \u00deetta er arflei\u00f0 og stolt sem mig langar a\u00f0 deila me\u00f0 \u00feeim sem hafa \u00e1huga \u00e1 a\u00f0 kenna sig vi\u00f0 \u00cdsland og \u00cdslendinga.<\/p>\n<p>\u00c9g l\u00e6t mig innflytjendam\u00e1l miki\u00f0 var\u00f0a og \u00fear l\u00e6t \u00e9g skynsemi r\u00e1\u00f0a. \u00dea\u00f0 er \u00fej\u00f3\u00f0hagslega hagkv\u00e6mt a\u00f0 f\u00e1 til okkar f\u00f3lk sem vill og getur unni\u00f0. Mig sv\u00ed\u00f0ur \u00ed eyrun \u00feegar einhver talar um kostna\u00f0 vegna innflytjenda en tekur ekki me\u00f0 \u00ed reikninginn skattheimtuna af \u00feessum h\u00f3pi f\u00f3lks sem kemst til vinnu \u00feann stutta t\u00edma sem \u00feau f\u00e1 a\u00f0 vera h\u00e9r \u00ed h\u00e6lisleitarferli. \u00dea\u00f0 er ekki bara mannvonska a\u00f0 senda burt fj\u00f6lskyldur \u00fear sem annar e\u00f0a jafnvel b\u00e1\u00f0ir foreldrar vinna og grei\u00f0a skatta, leigu og sj\u00e1 fyrir s\u00e9r sj\u00e1lf &#8211; \u00fea\u00f0 er \u00f3hagkv\u00e6mt.<\/p>\n<p>\u00c9g \u00feekki f\u00f3lk sem eru b\u00e6\u00f0i l\u00f6glegir innflytjendur fr\u00e1 Schengen, efnahagsfl\u00f3ttamenn og fl\u00f3ttamenn fr\u00e1 str\u00ed\u00f0shrj\u00e1\u00f0um l\u00f6ndum. \u00c9g \u00feekki pers\u00f3nulega miki\u00f0 af f\u00f3lki sem mun lenda \u00ed alvarlegum l\u00edfsh\u00e1ska ver\u00f0i \u00feau send \u00e1 brott, og \u00e9g \u00feekki f\u00f3lk sem hefur veri\u00f0 flutt \u00e1 brott og dotti\u00f0 af radar. \u00c9g er mj\u00f6g hr\u00e6ddur um a\u00f0 eitthva\u00f0 af \u00feessu f\u00f3lki er n\u00fa l\u00e1ti\u00f0 <a href=\"http:\/\/www.norn.is\/pistlar\/wp-content\/uploads\/sites\/2\/2017\/09\/fl\u00f3ttamenn.png\"><img loading=\"lazy\" decoding=\"async\" class=\"alignright wp-image-13417 size-medium\" src=\"http:\/\/www.norn.is\/pistlar\/wp-content\/uploads\/sites\/2\/2017\/09\/fl\u00f3ttamenn-300x189.png\" alt=\"\" width=\"300\" height=\"189\" srcset=\"https:\/\/www.norn.is\/pistlar\/wp-content\/uploads\/sites\/2\/2017\/09\/fl\u00f3ttamenn-300x189.png 300w, https:\/\/www.norn.is\/pistlar\/wp-content\/uploads\/sites\/2\/2017\/09\/fl\u00f3ttamenn.png 408w\" sizes=\"auto, (max-width: 300px) 100vw, 300px\" \/><\/a>e\u00f0a \u00ed felum vi\u00f0 mi\u00f0ur g\u00f3\u00f0ar a\u00f0st\u00e6\u00f0ur. \u00c9g \u00feekki st\u00falku, 16 \u00e1ra sem b\u00fdr n\u00fa \u00e1 muna\u00f0arleysingjah\u00e6li \u00ed Afr\u00edku me\u00f0 barni s\u00ednu sem h\u00fan \u00f3l eftir nau\u00f0gun. H\u00fan f\u00e6r ekki a\u00f0 fara \u00ed sk\u00f3la. Vi\u00f0 erum l\u00edka me\u00f0 m\u00e1l h\u00e9r heima sem er hli\u00f0st\u00e6tt og til stendur a\u00f0 senda \u00fe\u00e1 konu af landi brott. \u00deetta er ekki \u00fea\u00f0 \u00cdsland sem \u00e9g er stoltur af. \u00deetta er eitthva\u00f0 sem \u00e9g ver\u00f0 og \u00e6tla a\u00f0 stoppa me\u00f0 \u00f6llum tilteknum lei\u00f0um. \u00c9g vil virkja fl\u00f3ttaf\u00f3lk og innflytjendur \u00e1 j\u00e1kv\u00e6\u00f0an h\u00e1tt. N\u00fdta \u00fe\u00e1 fj\u00e1rmuni sem settir eru \u00ed m\u00e1lefni\u00f0 til a\u00f0 koma f\u00f3lki \u00e1 lappirnar. \u00dea\u00f0 er sm\u00e1vegis kostna\u00f0ur til a\u00f0 byrja me\u00f0, en sem skilar s\u00e9r \u00e1 \u00feann veg a\u00f0 vi\u00f0 bj\u00f6rgum l\u00edfi fj\u00f6lskyldna og eignumst virkilega duglega samf\u00e9lags\u00feegna. \u00dea\u00f0 er n\u00e6r undartekningalaust a\u00f0 \u00fea\u00f0 f\u00f3lk sem \u00e9g \u00feekki og hefur fengi\u00f0 dvalarleydi hefur n\u00e1\u00f0 a\u00f0 vinna har\u00f0ari h\u00f6ndum en flestir a\u00f0rir. \u00dea\u00f0 fylgir \u00fev\u00ed ekkert stolt a\u00f0 reka f\u00f3lk \u00fat \u00ed opinn dau\u00f0ann sem er a\u00f0 hj\u00e1lpa okkur a\u00f0 hj\u00e1lpa okkur.<\/p>\n<p>\u00c9g hef l\u00edka \u00e1valt fyllst stolti \u00feegar \u00fej\u00f3\u00f0in tekur sig til og m\u00f3tm\u00e6lir \u00feegar tilefni er til. Vi\u00f0 h\u00f6fum s\u00fdnt og sanna\u00f0 a\u00f0 vi\u00f0 l\u00e1tum ekki r\u00e1\u00f0amenn va\u00f0a yfir okkur og munum ekki hika vi\u00f0 a\u00f0 kollvarpa r\u00edkistj\u00f3rnum s\u00e9u \u00fe\u00e6r ekki a\u00f0 vinna \u00ed \u00fe\u00e1gu f\u00f3lksins, r\u00e9ttl\u00e6tis e\u00f0a af hei\u00f0arleika. \u00c9g er mj\u00f6g hlynntur \u00fev\u00ed a\u00f0 f\u00e6ra v\u00f6ldin frekar til f\u00f3lksins og \u00e9g vil \u00e1valt fara eftir vilja \u00fej\u00f3\u00f0arinnar. \u00de.e. \u00e9g vil a\u00f0 \u00e1kvar\u00f0anir og l\u00f6g \u00fej\u00f3ni fj\u00f6ldanum en ekki einstaka el\u00edtu. \u00dev\u00ed vil \u00e9g a\u00f0 fj\u00f6ldinn f\u00e1i a\u00f0 tj\u00e1 hug sinn og hafa bein \u00e1hrif \u00e1 strauma og stefnur stj\u00f3rnm\u00e1lmanna.<\/p>\n<blockquote>\n<p style=\"text-align: center;\"><strong>Fulltr\u00fai f\u00f3lksins \u00e1 \u00feingi er starfsma\u00f0ur \u00e1 plani.<\/strong><\/p>\n<p style=\"text-align: center;\"><strong>\u00dej\u00f3\u00f0in er yfirma\u00f0urinn.<\/strong><\/p>\n<\/blockquote>\n<p>&nbsp;<\/p>\n","protected":false},"excerpt":{"rendered":"<p>Mynd: mbl,is\/Hanna &#8211; Gestapistill eftir Gu\u00f0mund Karl Karlsson\u00a0 \u00c9g heiti Gu\u00f0mundur Karl Karlsson, \u00e9g er f\u00e6ddur 1982 og \u00e9g gef kost \u00e1 m\u00e9r \u00ed pr\u00f3fkj\u00f6ri P\u00edrata \u00ed Su\u00f0vesturkj\u00f6rd\u00e6mi. \u00c9g er tveggja barna fa\u00f0ir, Brynd\u00eds (9 \u00e1ra) og Aron Da\u00f0i (15 &hellip; <a href=\"https:\/\/www.norn.is\/pistlar\/gestapistill-buum-okkur-undir-breytta-framtid\/\">Halda \u00e1fram a\u00f0 lesa <span class=\"meta-nav\">&rarr;<\/span><\/a><\/p>\n","protected":false},"author":2,"featured_media":0,"comment_status":"closed","ping_status":"closed","sticky":false,"template":"","format":"standard","meta":{"footnotes":"","_links_to":"","_links_to_target":""},"categories":[1,684],"tags":[415,148,899,266,998],"class_list":["post-13406","post","type-post","status-publish","format-standard","hentry","category-pistlar","category-vidtol","tag-althingiskosningar","tag-flottafolk","tag-heilbrigdismal","tag-piratar","tag-stjornarskra"],"yoast_head":"<!-- This site is optimized with the Yoast SEO plugin v27.4 - https:\/\/yoast.com\/product\/yoast-seo-wordpress\/ -->\n<title>Gestapistill - B\u00faum okkur undir breytta framt\u00ed\u00f0 - Pistlar Evu<\/title>\n<meta name=\"robots\" content=\"index, follow, max-snippet:-1, max-image-preview:large, max-video-preview:-1\" \/>\n<link rel=\"canonical\" href=\"https:\/\/www.norn.is\/pistlar\/gestapistill-buum-okkur-undir-breytta-framtid\/\" \/>\n<meta property=\"og:locale\" content=\"is_IS\" \/>\n<meta property=\"og:type\" content=\"article\" \/>\n<meta property=\"og:title\" content=\"Gestapistill - B\u00faum okkur undir breytta framt\u00ed\u00f0 - Pistlar Evu\" \/>\n<meta property=\"og:description\" content=\"Mynd: mbl,is\/Hanna &#8211; Gestapistill eftir Gu\u00f0mund Karl Karlsson\u00a0 \u00c9g heiti Gu\u00f0mundur Karl Karlsson, \u00e9g er f\u00e6ddur 1982 og \u00e9g gef kost \u00e1 m\u00e9r \u00ed pr\u00f3fkj\u00f6ri P\u00edrata \u00ed Su\u00f0vesturkj\u00f6rd\u00e6mi. \u00c9g er tveggja barna fa\u00f0ir, Brynd\u00eds (9 \u00e1ra) og Aron Da\u00f0i (15 &hellip; Halda \u00e1fram a\u00f0 lesa &rarr;\" \/>\n<meta property=\"og:url\" content=\"https:\/\/www.norn.is\/pistlar\/gestapistill-buum-okkur-undir-breytta-framtid\/\" \/>\n<meta property=\"og:site_name\" content=\"Pistlar Evu\" \/>\n<meta property=\"article:published_time\" content=\"2017-09-25T13:00:45+00:00\" \/>\n<meta property=\"article:modified_time\" content=\"2017-10-08T23:14:58+00:00\" \/>\n<meta property=\"og:image\" content=\"http:\/\/www.norn.is\/pistlar\/wp-content\/uploads\/sites\/2\/2017\/09\/piratar.smamynd.jpg\" \/>\n<meta name=\"author\" content=\"Eva Hauksd\u00f3ttir\" \/>\n<meta name=\"twitter:card\" content=\"summary_large_image\" \/>\n<meta name=\"twitter:label1\" content=\"Written by\" \/>\n\t<meta name=\"twitter:data1\" content=\"\" \/>\n\t<meta name=\"twitter:label2\" content=\"Est. reading time\" \/>\n\t<meta name=\"twitter:data2\" content=\"14 minutes\" \/>\n<script type=\"application\/ld+json\" class=\"yoast-schema-graph\">{\"@context\":\"https:\\\/\\\/schema.org\",\"@graph\":[{\"@type\":\"Article\",\"@id\":\"https:\\\/\\\/www.norn.is\\\/pistlar\\\/gestapistill-buum-okkur-undir-breytta-framtid\\\/#article\",\"isPartOf\":{\"@id\":\"https:\\\/\\\/www.norn.is\\\/pistlar\\\/gestapistill-buum-okkur-undir-breytta-framtid\\\/\"},\"author\":{\"name\":\"Eva Hauksd\u00f3ttir\",\"@id\":\"https:\\\/\\\/www.norn.is\\\/pistlar\\\/#\\\/schema\\\/person\\\/2eb0fcae9e1ecc61987f7ed9c878531c\"},\"headline\":\"Gestapistill &#8211; B\u00faum okkur undir breytta framt\u00ed\u00f0\",\"datePublished\":\"2017-09-25T13:00:45+00:00\",\"dateModified\":\"2017-10-08T23:14:58+00:00\",\"mainEntityOfPage\":{\"@id\":\"https:\\\/\\\/www.norn.is\\\/pistlar\\\/gestapistill-buum-okkur-undir-breytta-framtid\\\/\"},\"wordCount\":2906,\"image\":{\"@id\":\"https:\\\/\\\/www.norn.is\\\/pistlar\\\/gestapistill-buum-okkur-undir-breytta-framtid\\\/#primaryimage\"},\"thumbnailUrl\":\"http:\\\/\\\/www.norn.is\\\/pistlar\\\/wp-content\\\/uploads\\\/sites\\\/2\\\/2017\\\/09\\\/piratar.smamynd.jpg\",\"keywords\":[\"Al\u00feingiskosningar\",\"Fl\u00f3ttaf\u00f3lk\",\"Heilbrig\u00f0ism\u00e1l\",\"P\u00edratar\",\"Stj\u00f3rnarskr\u00e1\"],\"articleSection\":[\"Pistlar um samf\u00e9lagsm\u00e1l\",\"Vi\u00f0t\u00f6l og gestapistlar\"],\"inLanguage\":\"is\"},{\"@type\":\"WebPage\",\"@id\":\"https:\\\/\\\/www.norn.is\\\/pistlar\\\/gestapistill-buum-okkur-undir-breytta-framtid\\\/\",\"url\":\"https:\\\/\\\/www.norn.is\\\/pistlar\\\/gestapistill-buum-okkur-undir-breytta-framtid\\\/\",\"name\":\"Gestapistill - B\u00faum okkur undir breytta framt\u00ed\u00f0 - Pistlar Evu\",\"isPartOf\":{\"@id\":\"https:\\\/\\\/www.norn.is\\\/pistlar\\\/#website\"},\"primaryImageOfPage\":{\"@id\":\"https:\\\/\\\/www.norn.is\\\/pistlar\\\/gestapistill-buum-okkur-undir-breytta-framtid\\\/#primaryimage\"},\"image\":{\"@id\":\"https:\\\/\\\/www.norn.is\\\/pistlar\\\/gestapistill-buum-okkur-undir-breytta-framtid\\\/#primaryimage\"},\"thumbnailUrl\":\"http:\\\/\\\/www.norn.is\\\/pistlar\\\/wp-content\\\/uploads\\\/sites\\\/2\\\/2017\\\/09\\\/piratar.smamynd.jpg\",\"datePublished\":\"2017-09-25T13:00:45+00:00\",\"dateModified\":\"2017-10-08T23:14:58+00:00\",\"author\":{\"@id\":\"https:\\\/\\\/www.norn.is\\\/pistlar\\\/#\\\/schema\\\/person\\\/2eb0fcae9e1ecc61987f7ed9c878531c\"},\"breadcrumb\":{\"@id\":\"https:\\\/\\\/www.norn.is\\\/pistlar\\\/gestapistill-buum-okkur-undir-breytta-framtid\\\/#breadcrumb\"},\"inLanguage\":\"is\",\"potentialAction\":[{\"@type\":\"ReadAction\",\"target\":[\"https:\\\/\\\/www.norn.is\\\/pistlar\\\/gestapistill-buum-okkur-undir-breytta-framtid\\\/\"]}]},{\"@type\":\"ImageObject\",\"inLanguage\":\"is\",\"@id\":\"https:\\\/\\\/www.norn.is\\\/pistlar\\\/gestapistill-buum-okkur-undir-breytta-framtid\\\/#primaryimage\",\"url\":\"http:\\\/\\\/www.norn.is\\\/pistlar\\\/wp-content\\\/uploads\\\/sites\\\/2\\\/2017\\\/09\\\/piratar.smamynd.jpg\",\"contentUrl\":\"http:\\\/\\\/www.norn.is\\\/pistlar\\\/wp-content\\\/uploads\\\/sites\\\/2\\\/2017\\\/09\\\/piratar.smamynd.jpg\"},{\"@type\":\"BreadcrumbList\",\"@id\":\"https:\\\/\\\/www.norn.is\\\/pistlar\\\/gestapistill-buum-okkur-undir-breytta-framtid\\\/#breadcrumb\",\"itemListElement\":[{\"@type\":\"ListItem\",\"position\":1,\"name\":\"Home\",\"item\":\"https:\\\/\\\/www.norn.is\\\/pistlar\\\/\"},{\"@type\":\"ListItem\",\"position\":2,\"name\":\"Gestapistill &#8211; B\u00faum okkur undir breytta framt\u00ed\u00f0\"}]},{\"@type\":\"WebSite\",\"@id\":\"https:\\\/\\\/www.norn.is\\\/pistlar\\\/#website\",\"url\":\"https:\\\/\\\/www.norn.is\\\/pistlar\\\/\",\"name\":\"Pistlar Evu\",\"description\":\"\",\"potentialAction\":[{\"@type\":\"SearchAction\",\"target\":{\"@type\":\"EntryPoint\",\"urlTemplate\":\"https:\\\/\\\/www.norn.is\\\/pistlar\\\/?s={search_term_string}\"},\"query-input\":{\"@type\":\"PropertyValueSpecification\",\"valueRequired\":true,\"valueName\":\"search_term_string\"}}],\"inLanguage\":\"is\"},{\"@type\":\"Person\",\"@id\":\"https:\\\/\\\/www.norn.is\\\/pistlar\\\/#\\\/schema\\\/person\\\/2eb0fcae9e1ecc61987f7ed9c878531c\",\"name\":\"Eva Hauksd\u00f3ttir\",\"sameAs\":[\"http:\\\/\\\/www.norn.is\"],\"url\":\"https:\\\/\\\/www.norn.is\\\/pistlar\\\/author\\\/eva\\\/\"}]}<\/script>\n<!-- \/ Yoast SEO plugin. -->","yoast_head_json":{"title":"Gestapistill - B\u00faum okkur undir breytta framt\u00ed\u00f0 - Pistlar Evu","robots":{"index":"index","follow":"follow","max-snippet":"max-snippet:-1","max-image-preview":"max-image-preview:large","max-video-preview":"max-video-preview:-1"},"canonical":"https:\/\/www.norn.is\/pistlar\/gestapistill-buum-okkur-undir-breytta-framtid\/","og_locale":"is_IS","og_type":"article","og_title":"Gestapistill - B\u00faum okkur undir breytta framt\u00ed\u00f0 - Pistlar Evu","og_description":"Mynd: mbl,is\/Hanna &#8211; Gestapistill eftir Gu\u00f0mund Karl Karlsson\u00a0 \u00c9g heiti Gu\u00f0mundur Karl Karlsson, \u00e9g er f\u00e6ddur 1982 og \u00e9g gef kost \u00e1 m\u00e9r \u00ed pr\u00f3fkj\u00f6ri P\u00edrata \u00ed Su\u00f0vesturkj\u00f6rd\u00e6mi. \u00c9g er tveggja barna fa\u00f0ir, Brynd\u00eds (9 \u00e1ra) og Aron Da\u00f0i (15 &hellip; Halda \u00e1fram a\u00f0 lesa &rarr;","og_url":"https:\/\/www.norn.is\/pistlar\/gestapistill-buum-okkur-undir-breytta-framtid\/","og_site_name":"Pistlar Evu","article_published_time":"2017-09-25T13:00:45+00:00","article_modified_time":"2017-10-08T23:14:58+00:00","og_image":[{"url":"http:\/\/www.norn.is\/pistlar\/wp-content\/uploads\/sites\/2\/2017\/09\/piratar.smamynd.jpg","type":"","width":"","height":""}],"author":"Eva Hauksd\u00f3ttir","twitter_card":"summary_large_image","twitter_misc":{"Written by":false,"Est. reading time":"14 minutes"},"schema":{"@context":"https:\/\/schema.org","@graph":[{"@type":"Article","@id":"https:\/\/www.norn.is\/pistlar\/gestapistill-buum-okkur-undir-breytta-framtid\/#article","isPartOf":{"@id":"https:\/\/www.norn.is\/pistlar\/gestapistill-buum-okkur-undir-breytta-framtid\/"},"author":{"name":"Eva Hauksd\u00f3ttir","@id":"https:\/\/www.norn.is\/pistlar\/#\/schema\/person\/2eb0fcae9e1ecc61987f7ed9c878531c"},"headline":"Gestapistill &#8211; B\u00faum okkur undir breytta framt\u00ed\u00f0","datePublished":"2017-09-25T13:00:45+00:00","dateModified":"2017-10-08T23:14:58+00:00","mainEntityOfPage":{"@id":"https:\/\/www.norn.is\/pistlar\/gestapistill-buum-okkur-undir-breytta-framtid\/"},"wordCount":2906,"image":{"@id":"https:\/\/www.norn.is\/pistlar\/gestapistill-buum-okkur-undir-breytta-framtid\/#primaryimage"},"thumbnailUrl":"http:\/\/www.norn.is\/pistlar\/wp-content\/uploads\/sites\/2\/2017\/09\/piratar.smamynd.jpg","keywords":["Al\u00feingiskosningar","Fl\u00f3ttaf\u00f3lk","Heilbrig\u00f0ism\u00e1l","P\u00edratar","Stj\u00f3rnarskr\u00e1"],"articleSection":["Pistlar um samf\u00e9lagsm\u00e1l","Vi\u00f0t\u00f6l og gestapistlar"],"inLanguage":"is"},{"@type":"WebPage","@id":"https:\/\/www.norn.is\/pistlar\/gestapistill-buum-okkur-undir-breytta-framtid\/","url":"https:\/\/www.norn.is\/pistlar\/gestapistill-buum-okkur-undir-breytta-framtid\/","name":"Gestapistill - B\u00faum okkur undir breytta framt\u00ed\u00f0 - Pistlar Evu","isPartOf":{"@id":"https:\/\/www.norn.is\/pistlar\/#website"},"primaryImageOfPage":{"@id":"https:\/\/www.norn.is\/pistlar\/gestapistill-buum-okkur-undir-breytta-framtid\/#primaryimage"},"image":{"@id":"https:\/\/www.norn.is\/pistlar\/gestapistill-buum-okkur-undir-breytta-framtid\/#primaryimage"},"thumbnailUrl":"http:\/\/www.norn.is\/pistlar\/wp-content\/uploads\/sites\/2\/2017\/09\/piratar.smamynd.jpg","datePublished":"2017-09-25T13:00:45+00:00","dateModified":"2017-10-08T23:14:58+00:00","author":{"@id":"https:\/\/www.norn.is\/pistlar\/#\/schema\/person\/2eb0fcae9e1ecc61987f7ed9c878531c"},"breadcrumb":{"@id":"https:\/\/www.norn.is\/pistlar\/gestapistill-buum-okkur-undir-breytta-framtid\/#breadcrumb"},"inLanguage":"is","potentialAction":[{"@type":"ReadAction","target":["https:\/\/www.norn.is\/pistlar\/gestapistill-buum-okkur-undir-breytta-framtid\/"]}]},{"@type":"ImageObject","inLanguage":"is","@id":"https:\/\/www.norn.is\/pistlar\/gestapistill-buum-okkur-undir-breytta-framtid\/#primaryimage","url":"http:\/\/www.norn.is\/pistlar\/wp-content\/uploads\/sites\/2\/2017\/09\/piratar.smamynd.jpg","contentUrl":"http:\/\/www.norn.is\/pistlar\/wp-content\/uploads\/sites\/2\/2017\/09\/piratar.smamynd.jpg"},{"@type":"BreadcrumbList","@id":"https:\/\/www.norn.is\/pistlar\/gestapistill-buum-okkur-undir-breytta-framtid\/#breadcrumb","itemListElement":[{"@type":"ListItem","position":1,"name":"Home","item":"https:\/\/www.norn.is\/pistlar\/"},{"@type":"ListItem","position":2,"name":"Gestapistill &#8211; B\u00faum okkur undir breytta framt\u00ed\u00f0"}]},{"@type":"WebSite","@id":"https:\/\/www.norn.is\/pistlar\/#website","url":"https:\/\/www.norn.is\/pistlar\/","name":"Pistlar Evu","description":"","potentialAction":[{"@type":"SearchAction","target":{"@type":"EntryPoint","urlTemplate":"https:\/\/www.norn.is\/pistlar\/?s={search_term_string}"},"query-input":{"@type":"PropertyValueSpecification","valueRequired":true,"valueName":"search_term_string"}}],"inLanguage":"is"},{"@type":"Person","@id":"https:\/\/www.norn.is\/pistlar\/#\/schema\/person\/2eb0fcae9e1ecc61987f7ed9c878531c","name":"Eva Hauksd\u00f3ttir","sameAs":["http:\/\/www.norn.is"],"url":"https:\/\/www.norn.is\/pistlar\/author\/eva\/"}]}},"_links":{"self":[{"href":"https:\/\/www.norn.is\/pistlar\/wp-json\/wp\/v2\/posts\/13406","targetHints":{"allow":["GET"]}}],"collection":[{"href":"https:\/\/www.norn.is\/pistlar\/wp-json\/wp\/v2\/posts"}],"about":[{"href":"https:\/\/www.norn.is\/pistlar\/wp-json\/wp\/v2\/types\/post"}],"author":[{"embeddable":true,"href":"https:\/\/www.norn.is\/pistlar\/wp-json\/wp\/v2\/users\/2"}],"replies":[{"embeddable":true,"href":"https:\/\/www.norn.is\/pistlar\/wp-json\/wp\/v2\/comments?post=13406"}],"version-history":[{"count":10,"href":"https:\/\/www.norn.is\/pistlar\/wp-json\/wp\/v2\/posts\/13406\/revisions"}],"predecessor-version":[{"id":13428,"href":"https:\/\/www.norn.is\/pistlar\/wp-json\/wp\/v2\/posts\/13406\/revisions\/13428"}],"wp:attachment":[{"href":"https:\/\/www.norn.is\/pistlar\/wp-json\/wp\/v2\/media?parent=13406"}],"wp:term":[{"taxonomy":"category","embeddable":true,"href":"https:\/\/www.norn.is\/pistlar\/wp-json\/wp\/v2\/categories?post=13406"},{"taxonomy":"post_tag","embeddable":true,"href":"https:\/\/www.norn.is\/pistlar\/wp-json\/wp\/v2\/tags?post=13406"}],"curies":[{"name":"wp","href":"https:\/\/api.w.org\/{rel}","templated":true}]}}