{"id":13389,"date":"2011-12-19T23:06:16","date_gmt":"2011-12-19T23:06:16","guid":{"rendered":"http:\/\/www.norn.is\/pistlar\/?p=13389"},"modified":"2017-09-22T23:28:37","modified_gmt":"2017-09-22T23:28:37","slug":"saga-strokuthraels-5-hluti","status":"publish","type":"post","link":"https:\/\/www.norn.is\/pistlar\/saga-strokuthraels-5-hluti\/","title":{"rendered":"Saga stroku\u00fer\u00e6ls &#8211; 5. hluti"},"content":{"rendered":"<p><strong><a href=\"http:\/\/www.norn.is\/pistlar\/wp-content\/uploads\/sites\/2\/2011\/12\/valencia-1049389_960_720.jpg\"><img loading=\"lazy\" decoding=\"async\" class=\"aligncenter size-full wp-image-13403\" src=\"http:\/\/www.norn.is\/pistlar\/wp-content\/uploads\/sites\/2\/2011\/12\/valencia-1049389_960_720.jpg\" alt=\"\" width=\"960\" height=\"640\" srcset=\"https:\/\/www.norn.is\/pistlar\/wp-content\/uploads\/sites\/2\/2011\/12\/valencia-1049389_960_720.jpg 960w, https:\/\/www.norn.is\/pistlar\/wp-content\/uploads\/sites\/2\/2011\/12\/valencia-1049389_960_720-300x200.jpg 300w, https:\/\/www.norn.is\/pistlar\/wp-content\/uploads\/sites\/2\/2011\/12\/valencia-1049389_960_720-768x512.jpg 768w, https:\/\/www.norn.is\/pistlar\/wp-content\/uploads\/sites\/2\/2011\/12\/valencia-1049389_960_720-450x300.jpg 450w\" sizes=\"auto, (max-width: 960px) 100vw, 960px\" \/><\/a>Mouhamed frj\u00e1ls<\/strong><br \/>\nValencia var yfir\u00feyrmandi. Hann haf\u00f0i sjaldan komi\u00f0 \u00ed \u00fe\u00e9ttb\u00fdli, aldrei til Nouakchott \u00a0og \u00fe\u00f3tt Nouadhibou s\u00e9 n\u00e6stst\u00e6rsta borg M\u00e1ritan\u00edu var munurinn \u00e1 henni og Valencia svo sl\u00e1andi a\u00f0 hann \u00f3tta\u00f0ist \u00ed fyrstu a\u00f0 hann myndi aldrei komast af \u00ed vestr\u00e6nu samf\u00e9lagi. Allt var n\u00fdtt. B\u00f3kstaflega allt. Svo \u00f3raunverulegt a\u00f0 fyrstu dagana h\u00e9lt hann a\u00f0 sig hlyti a\u00f0 vera a\u00f0 dreyma, segir hann.<!--more--><\/p>\n<p><a href=\"http:\/\/www.norn.is\/pistlar\/wp-content\/uploads\/sites\/2\/2012\/01\/marka\u00f0storg.png\"><img loading=\"lazy\" decoding=\"async\" class=\"aligncenter size-full wp-image-13366\" src=\"http:\/\/www.norn.is\/pistlar\/wp-content\/uploads\/sites\/2\/2012\/01\/marka\u00f0storg.png\" alt=\"\" width=\"797\" height=\"328\" srcset=\"https:\/\/www.norn.is\/pistlar\/wp-content\/uploads\/sites\/2\/2012\/01\/marka\u00f0storg.png 797w, https:\/\/www.norn.is\/pistlar\/wp-content\/uploads\/sites\/2\/2012\/01\/marka\u00f0storg-300x123.png 300w, https:\/\/www.norn.is\/pistlar\/wp-content\/uploads\/sites\/2\/2012\/01\/marka\u00f0storg-768x316.png 768w, https:\/\/www.norn.is\/pistlar\/wp-content\/uploads\/sites\/2\/2012\/01\/marka\u00f0storg-500x206.png 500w\" sizes=\"auto, (max-width: 797px) 100vw, 797px\" \/><\/a><\/p>\n<p>Hann st\u00f3\u00f0 \u00e1 lestarst\u00f6\u00f0 og snerist \u00ed hringi \u00ed kringum sj\u00e1lfan sig. \u00d6ll skilningarvit svo \u00feanin a\u00f0 hann sundla\u00f0i. \u00c1tti erfitt me\u00f0 a\u00f0 festa augun \u00e1 einum sta\u00f0, fannst h\u00e1va\u00f0inn \u00far \u00f6llum \u00e1ttum heillandi og \u00f3gnvekjandi \u00ed senn. Hann reyndi a\u00f0 tala vi\u00f0 f\u00f3lk, spyrja hvert hann g\u00e6ti fari\u00f0 til a\u00f0 f\u00e1 vinnu en \u00feeir sem hann \u00e1varpa\u00f0i hristu bara h\u00f6fu\u00f0i\u00f0. Anna\u00f0hvort skildu \u00feeir ekki fr\u00f6nskuhrafli\u00f0 hans e\u00f0a vissu ekki hvert hann \u00e6tti a\u00f0 sn\u00faa s\u00e9r. Nema \u00feeim hafi bara veri\u00f0 sama? Hann haf\u00f0i alveg b\u00faist vi\u00f0 erfi\u00f0leikum, reikna\u00f0 me\u00f0 a\u00f0 \u00feurfa a\u00f0 ganga langar lei\u00f0ir og spara vi\u00f0 sig mat en honum haf\u00f0i ekki dotti\u00f0 \u00ed hug a\u00f0 yr\u00f0i svona erfitt a\u00f0 n\u00e1 sambandi vi\u00f0 f\u00f3lk. Hann haf\u00f0i l\u00edka \u00edmynda\u00f0 s\u00e9r a\u00f0 \u00fear sem hann var l\u00e6s, \u00e6tti hann meiri m\u00f6guleika en margur annar, en \u00ed Valencia \u00fe\u00f3tti engum neitt til lestarkunn\u00e1ttu hans koma, auk \u00feess sem \u00f6ll skilti voru me\u00f0 t\u00e1knum sem voru ekkert l\u00edk arabisku letri. Hann haf\u00f0i vita\u00f0 a\u00f0 franska var skrifu\u00f0 me\u00f0 \u00f6\u00f0rum t\u00e1knum en arabiska og wolof en hann haf\u00f0i aldrei l\u00e6rt a\u00f0 skrifa fr\u00f6nsku, a\u00f0eins a\u00f0 tala hana. Honum haf\u00f0i ekki dotti\u00f0 \u00ed hug a\u00f0 \u00f6ll m\u00e1l \u00ed Evr\u00f3pu v\u00e6ru ritu\u00f0 upp \u00e1 fr\u00f6nsku en n\u00fa rann upp fyrir honum a\u00f0 hann var alls ekki l\u00e6s, \u00feegar allt kom til alls, allavega ekki \u00e1 neitt m\u00e1l sem gagna\u00f0ist honum \u00e1 Sp\u00e1ni.<\/p>\n<p>&nbsp;<\/p>\n<p style=\"text-align: center;\"><strong><a href=\"http:\/\/www.norn.is\/pistlar\/wp-content\/uploads\/sites\/2\/2012\/01\/Nouadhibou_train.jpg\"><img loading=\"lazy\" decoding=\"async\" class=\"aligncenter size-large wp-image-13371\" src=\"http:\/\/www.norn.is\/pistlar\/wp-content\/uploads\/sites\/2\/2012\/01\/Nouadhibou_train-1024x686.jpg\" alt=\"\" width=\"584\" height=\"391\" srcset=\"https:\/\/www.norn.is\/pistlar\/wp-content\/uploads\/sites\/2\/2012\/01\/Nouadhibou_train-1024x686.jpg 1024w, https:\/\/www.norn.is\/pistlar\/wp-content\/uploads\/sites\/2\/2012\/01\/Nouadhibou_train-300x201.jpg 300w, https:\/\/www.norn.is\/pistlar\/wp-content\/uploads\/sites\/2\/2012\/01\/Nouadhibou_train-768x514.jpg 768w, https:\/\/www.norn.is\/pistlar\/wp-content\/uploads\/sites\/2\/2012\/01\/Nouadhibou_train-448x300.jpg 448w, https:\/\/www.norn.is\/pistlar\/wp-content\/uploads\/sites\/2\/2012\/01\/Nouadhibou_train.jpg 1840w\" sizes=\"auto, (max-width: 584px) 100vw, 584px\" \/><\/a>Lestarst\u00f6\u00f0 \u00ed Nouadhibou<\/strong><\/p>\n<p style=\"text-align: center;\"><a href=\"http:\/\/www.norn.is\/pistlar\/wp-content\/uploads\/sites\/2\/2012\/01\/passenger-train-in-the-north-train-station-of-valencia-spain-ew5m55.jpg\"><img loading=\"lazy\" decoding=\"async\" class=\"size-full wp-image-13357 alignnone\" src=\"http:\/\/www.norn.is\/pistlar\/wp-content\/uploads\/sites\/2\/2012\/01\/passenger-train-in-the-north-train-station-of-valencia-spain-ew5m55.jpg\" alt=\"\" width=\"640\" height=\"447\" srcset=\"https:\/\/www.norn.is\/pistlar\/wp-content\/uploads\/sites\/2\/2012\/01\/passenger-train-in-the-north-train-station-of-valencia-spain-ew5m55.jpg 640w, https:\/\/www.norn.is\/pistlar\/wp-content\/uploads\/sites\/2\/2012\/01\/passenger-train-in-the-north-train-station-of-valencia-spain-ew5m55-300x210.jpg 300w, https:\/\/www.norn.is\/pistlar\/wp-content\/uploads\/sites\/2\/2012\/01\/passenger-train-in-the-north-train-station-of-valencia-spain-ew5m55-430x300.jpg 430w\" sizes=\"auto, (max-width: 640px) 100vw, 640px\" \/><\/a><strong>Lestarst\u00f6\u00f0 \u00ed\u00a0<\/strong><strong>Valencia\u00a0<\/strong><strong>\u00a0 \u00a0<\/strong><\/p>\n<div style=\"text-align: left;\">\n<p>Mouhamed var heppinn \u00ed \u00feetta sinn. Hann hitti mann fr\u00e1 Senegal, mann sem tala\u00f0i tungum\u00e1li\u00f0 hans, wolof og hj\u00e1lpa\u00f0i honum a\u00f0 f\u00e1 vinnu vi\u00f0 appels\u00ednut\u00ednslu. H\u00fasn\u00e6\u00f0i fygldi vinnunni, \u00fear bjuggu margir starfsmenn saman og sv\u00e1fu 2-3 \u00ed herbergi og marka\u00f0ur sem seldi allar nau\u00f0synjar var r\u00e9tt hj\u00e1. Mouhamed var peningalaus en n\u00fdi vinur hans l\u00e1na\u00f0i honum fyrir mat. Vinnan var mun l\u00e9ttari en hann \u00e1tti a\u00f0 venjast, honum var sagt a\u00f0 hann fengi \u00e1kve\u00f0na peningaupph\u00e6\u00f0 fyrir hvern kassa sem hann fyllti og enginn bar\u00f0i hann e\u00f0a skamma\u00f0i. Hann f\u00e9kk m.a.s. a\u00f0gang a\u00f0 internetinu og n\u00e1\u00f0i sambandi vi\u00f0 systur s\u00edna sem var komin til Senegal og dvaldi hj\u00e1 \u00e6ttingjum mannsins sem hj\u00e1lpa\u00f0i \u00feeim a\u00f0 fl\u00fdja.<\/p>\n<p>Eftir tv\u00e6r vikur f\u00e9kk hann fullt af peningum. Jafnvel \u00feegar hann var b\u00fainn a\u00f0 endurgrei\u00f0a l\u00e1ni\u00f0 \u00e1tti hann meiri peninga en hann haf\u00f0i nokkurnt\u00edma s\u00e9\u00f0, hva\u00f0 \u00fe\u00e1 handleiki\u00f0. \u00deetta var \u00ed fyrsta sinn \u00e1 \u00e6vinni sem hann \u00e1tti peninga og allt \u00ed einu langa\u00f0i hann a\u00f0 kaupa allt sem hann s\u00e1 en \u00feor\u00f0i samt ekki a\u00f0 kaupa neitt. Hann haf\u00f0i hlakka\u00f0 til a\u00f0 eignast sitt eigi\u00f0 f\u00e9 en \u00fe\u00f3tt hann v\u00e6ri yfir sig hamingjusamur var hann eiginlega h\u00e1lf mi\u00f0ur s\u00edn l\u00edka. Vinur hans t\u00f3k fram fyrir hendurnar \u00e1 honum, f\u00f3r me\u00f0 honum \u00e1 marka\u00f0inn og kenndi honum a\u00f0 l\u00e1ta ekki f\u00e9fletta sig og a\u00f0sto\u00f0a\u00f0i hann vi\u00f0 a\u00f0 kaupa nau\u00f0synlegasta fatna\u00f0. Eftir n\u00e6stu \u00fatborgun kom hann honum tannl\u00e6knis og hann f\u00e9kk gervitennur \u00ed sta\u00f0 framtannanna sem hann haf\u00f0i misst.\u00a0 A\u00f0 \u00f6\u00f0ru leyti t\u00f3k vinur hans launin hans \u00ed s\u00edna v\u00f6rslu og skammta\u00f0i honum framf\u00e6rslueyri.\u00a0 Sag\u00f0i honum a\u00f0 \u00fea\u00f0 v\u00e6ri honum l\u00edfsnau\u00f0synlegt a\u00f0 safna eins miklu og hann g\u00e6ti \u00fev\u00ed uppskerut\u00edminn v\u00e6ri stuttur og ekki \u00e1 v\u00edsan a\u00f0 r\u00f3a me\u00f0 vinnu a\u00f0 honum loknum. Mouhamed hreyf\u00f0i engum m\u00f3tm\u00e6lum. Fann a\u00f0 hann r\u00e9\u00f0i betur vi\u00f0 fj\u00e1rm\u00e1lin eftir \u00fev\u00ed sem hann haf\u00f0i \u00far minnu a\u00f0 spila og treysti \u00fev\u00ed auk \u00feess a\u00f0 vinur hans vissi hva\u00f0 v\u00e6ri honum fyrir bestu. Og vinurinn reyndist sannsp\u00e1r, eftir \u00ferj\u00e1 m\u00e1nu\u00f0i var enga vinnu a\u00f0 hafa lengur.<\/p>\n<p>Mouhamed var algerlega \u00f3vanur a\u00f0ger\u00f0aleysi og n\u00fa \u00feegar hann haf\u00f0i engum skyldum a\u00f0 gegna lengur f\u00f3ru a\u00f0 s\u00e6kja \u00e1 hann hugmyndir um a\u00f0 h\u00fasb\u00f3ndinn myndi kannski hafa upp \u00e1 honum. L\u00edkurnar \u00e1 \u00fev\u00ed eru n\u00fa sennilega hverfandi en \u00f3tti er ekki endilega r\u00f6kr\u00e9ttur og n\u00fa \u00feegar hann haf\u00f0i ekki vinnu, s\u00e1 hann ekki fram \u00e1 a\u00f0 geta borga\u00f0 h\u00fasaleigu. Hann var\u00f0 kv\u00ed\u00f0inn og svaf illa og honum var\u00f0 lj\u00f3st a\u00f0 jafnvel \u00ed hinni r\u00edku Evr\u00f3pu hafa frj\u00e1lsir menn\u00a0 stundum \u00e1hyggjur af afkomu sinni. Einhver sag\u00f0i honum a\u00f0 hann g\u00e6ti lent \u00ed vandr\u00e6\u00f0um \u00ed Frakklandi \u00fev\u00ed yfirv\u00f6ld \u00fear v\u00e6ru sl\u00e6m en a\u00f0 \u00ed \u00de\u00fdskalandi v\u00e6ri h\u00e6gt a\u00f0 f\u00e1 vinnu. Hann vissi svosem ekki hva\u00f0a \u00e1huga yfirv\u00f6ld \u00ed Frakklandi \u00e6ttu a\u00f0 hafa \u00e1 s\u00e9r en dr\u00f3 \u00feessar uppl\u00fdsingar ekki \u00ed efa og \u00e1kva\u00f0 a\u00f0 koma s\u00e9r til \u00de\u00fdskalands \u00e1\u00f0ur en hann \u00e6ti upp \u00fea\u00f0 litla sem honum haf\u00f0i tekist a\u00f0 leggja fyrir. Hann haf\u00f0i hreinlega ekki \u00feekkingu til a\u00f0 sj\u00e1 \u00ed hendi s\u00e9r a\u00f0 atvinnum\u00f6guleikar manns sem var \u00f3l\u00e6s og skrifandi \u00e1 nokkurt anna\u00f0 tungum\u00e1l en wolof og me\u00f0 fr\u00f6nskukunn\u00e1ttu sem varla dug\u00f0i til a\u00f0 leysa fl\u00f3knari verkefni en a\u00f0 bi\u00f0ja um kaffibolla, v\u00e6ru n\u00e1nast engir, Mouhamed treysti bara \u00fev\u00ed sem honum var sagt enda svosem ekkert skynsamlegra \u00ed st\u00f6\u00f0unni. \u00dea\u00f0 kom s\u00e9r vel a\u00f0 vinur hans haf\u00f0i skammta\u00f0 honum l\u00edfeyrinn naumlega \u00fev\u00ed fer\u00f0in var d\u00fdr, mun d\u00fdrari en sj\u00f3fer\u00f0in fr\u00e1\u00a0Nouadhibou en \u00f3l\u00edkt \u00fe\u00e6gilegra a\u00f0 fer\u00f0ast me\u00f0 r\u00fatum og lestum.<\/p>\n<p>Hann komst til Berl\u00ednar, \u00e1n \u00feess a\u00f0 vita neitt um \u00de\u00fdskaland nema nafn h\u00f6fu\u00f0borgarinnar en hann valdi Berl\u00edn af \u00feeirri einu \u00e1st\u00e6\u00f0u a\u00f0 hann vissi a\u00f0 \u00ed h\u00f6fu\u00f0borgum er svo margt f\u00f3lk a\u00f0 \u00fear er au\u00f0velt a\u00f0 leynast.<\/p>\n<p>\u00cd Berl\u00edn vildi enginn vi\u00f0 hann tala. \u00dea\u00f0 var of kalt til a\u00f0 hann festi svefn utandyra svo hann h\u00e9lt til \u00e1 lestarst\u00f6\u00f0 \u00e1 n\u00e6turnar og hann var svo einmana a\u00f0 honum l\u00e1 vi\u00f0 \u00f6rv\u00e6ntingu. Hann leita\u00f0i a\u00f0 vinnu \u00e1 daginn og \u00feegar hann gafst upp \u00e1 a\u00f0 reyna a\u00f0 n\u00e1 sambandi vi\u00f0 f\u00f3lk og sat dapur \u00e1 svip \u00ed s\u00f6mu stellingunni langt\u00edmum saman, kom a\u00f0 \u00fev\u00ed a\u00f0 f\u00f3lk f\u00f3r a\u00f0 henda til hans sm\u00e1peningum. \u00dea\u00f0 var \u00fat af fyrir sig \u00e1g\u00e6tt en leysti n\u00e1tt\u00farulega ekki vanda hans. Eftir nokkra daga skildist honum \u00e1 einhverjum starfsmanni sem gaf sig \u00e1 tal vi\u00f0 hann \u00e1 lestarst\u00f6\u00f0inni a\u00f0 n\u00e6rveru hans v\u00e6ri ekki \u00f3ska\u00f0 \u00fear. \u00de\u00e1 t\u00f3k hann restina af peningunum s\u00ednum og f\u00f3r \u00ed mi\u00f0as\u00f6luna. Hann vissi ekkert hvert hann \u00e6tla\u00f0i, ba\u00f0 bara um mi\u00f0a til h\u00f6fu\u00f0borgar \u00fear sem h\u00e6gt v\u00e6ri a\u00f0 f\u00e1 vinnu og vona\u00f0i a\u00f0 mi\u00f0asalinn skildi fr\u00f6nskuna hans. \u00c9g veit ekki hvort peningarnir hans dug\u00f0u fyrir mi\u00f0a til Osl\u00f3 e\u00f0a kannski bara \u00ed n\u00e6sta \u00fathverfi Berl\u00ednar en honum var v\u00edsa\u00f0 \u00e1 r\u00fatust\u00f6\u00f0 og einhvernveginn komst hann til Noregs.<\/p>\n<p>Hann var handtekinn \u00ed Osl\u00f3. Honum var eki\u00f0 \u00e1 l\u00f6greglust\u00f6\u00f0 og \u00fe\u00f3tt hann ger\u00f0i s\u00e9r grein fyrir \u00fev\u00ed a\u00f0 hann v\u00e6ri \u00ed vandr\u00e6\u00f0um upplif\u00f0i hann sitt feginsamlegasta augnablik fr\u00e1 \u00fev\u00ed hann f\u00f3r fr\u00e1 Sp\u00e1ni, \u00e1 l\u00f6greglust\u00f6\u00f0inni \u00ed Osl\u00f3. Honum var nefnilega \u00fatvega\u00f0ur t\u00falkur sem tala\u00f0i wolof og hann taldi sig ekki l\u00edti\u00f0 heppinn a\u00f0 geta\u00a0 \u00fatsk\u00fdrt a\u00f0 hann v\u00e6ri enginn b\u00f3fi heldur dugandi ma\u00f0ur \u00ed atvinnuleit.<\/p>\n<p>\u00dea\u00f0 var fyrst \u00fearna, \u00e1 l\u00f6greglust\u00f6\u00f0inni \u00ed Osl\u00f3 sem Mouhamed komst a\u00f0 \u00fev\u00ed a\u00f0 hann v\u00e6ri \u00f3l\u00f6gleg manneskja og a\u00f0 hann \u00e6tti a\u00f0 hafa eitthva\u00f0 sem h\u00e9ti vegabr\u00e9f. \u00cd hans heimi voru til\u00a0 frj\u00e1lsir menn og \u00f3frj\u00e1lsir. Hugt\u00f6k eins og fl\u00f3ttamenn og mannr\u00e9ttindi voru honum me\u00f0 \u00f6llu \u00f3kunnug, hann haf\u00f0i aldrei heyrt minnst \u00e1 Rau\u00f0a krossinn e\u00f0a Sameinu\u00f0u \u00fej\u00f3\u00f0irnar og hans hugmynd um landam\u00e6ri var a\u00f0eins l\u00edna \u00e1 landakorti. Hann haf\u00f0i sta\u00f0i\u00f0 \u00e1 bryggju \u00ed\u00a0Nouadhibou og horft \u00fat \u00e1 sj\u00f3inn. Tali\u00f0 v\u00edst a\u00f0 ef hann k\u00e6mist yfir sj\u00f3inn, til Evr\u00f3pu, yr\u00f0i hann frj\u00e1ls. \u00c1 \u00feeim t\u00edma haf\u00f0i hann hugsa\u00f0 um frelsi sem \u00fea\u00f0 a\u00f0 vera ekki laminn. F\u00e1 n\u00e6gan mat og hv\u00edld, jafnvel l\u00e6knishj\u00e1lp ef hann veiktist. Hugmyndir hans h\u00f6f\u00f0u breyst t\u00f6luvert s\u00ed\u00f0an \u00fe\u00e1. Hann haf\u00f0i \u00f3ttast eiganda sinn og hugsanlega \u00fatsendara hans \u00e1 me\u00f0an hann var \u00e1 Sp\u00e1ni en n\u00fa var hann kominn svo \u00f3ralangt \u00ed burt a\u00f0 hann haf\u00f0i ekki lengur \u00e1hyggjur af \u00fev\u00ed a\u00f0 vera eltur. N\u00fa var hann farinn a\u00f0 reikna me\u00f0 a\u00f0 hv\u00edtt f\u00f3lk k\u00e6mi fram vi\u00f0 hann eins og manneskju. Hann var farinn a\u00f0 g\u00e6la vi\u00f0 m\u00f6guleikann \u00e1 \u00fev\u00ed a\u00f0 velja s\u00e9r starf. Vinna vi\u00f0 h\u00fasbyggingar, rafmagn e\u00f0a eitthva\u00f0 anna\u00f0 spennandi. Hann g\u00e6ti hugsanlega l\u00e6rt a\u00f0 aka b\u00edl. Hann \u00feyrfti bara a\u00f0 f\u00e1 vinnu og \u00fear me\u00f0 myndu \u00f6ll heimsins t\u00e6kif\u00e6ri opnast honum. E\u00f0a \u00fea\u00f0 haf\u00f0i hann haldi\u00f0 hinga\u00f0 til. En \u00feetta var v\u00edst ekki alveg svona einfalt sag\u00f0i t\u00falkurinn og \u00fea\u00f0 f\u00f3r a\u00f0 renna upp fyrir Mouhamed a\u00f0 frelsi\u00f0 er ekki b\u00e1tur sem flytur \u00fer\u00e6la yfir opi\u00f0 haf, ekki appels\u00ednub\u00f3ndi sem gefur manni peninga \u00ed skiptum fyrir vinnu og ekki l\u00f6ng r\u00f6\u00f0 t\u00e6kif\u00e6ra til menntunar og vinnu, heldur l\u00edtil b\u00f3k sem heitir vegabr\u00e9f og a\u00f0eins hv\u00edtt f\u00f3lk \u00ed jakkaf\u00f6tum getur gefi\u00f0 manni.<\/p>\n<p>Hann haf\u00f0i ekki reikna\u00f0 me\u00f0 allt yr\u00f0i fullkomi\u00f0. Hann ger\u00f0i s\u00e9r a\u00f0eins veikar vonir um a\u00f0 sj\u00e1 systur s\u00edna nokkurnt\u00edma framar og hann vissi a\u00f0 hann myndi aldrei framar sj\u00e1 vini s\u00edna \u00ed M\u00e1ritan\u00edu. En \u00fea\u00f0 haf\u00f0i ekki hvarfla\u00f0 a\u00f0 honum a\u00f0 hann m\u00e6tti ekki ganga um g\u00f6tur og leita s\u00e9r a\u00f0 vinnu \u00ed Noregi. Hva\u00f0 \u00fe\u00e1 a\u00f0 hann v\u00e6ri hvergi, ekki \u00e1 einum einasta sta\u00f0 \u00ed ver\u00f6ldinni, velkominn.<\/p>\n<\/div>\n","protected":false},"excerpt":{"rendered":"<p>Mouhamed frj\u00e1ls Valencia var yfir\u00feyrmandi. Hann haf\u00f0i sjaldan komi\u00f0 \u00ed \u00fe\u00e9ttb\u00fdli, aldrei til Nouakchott \u00a0og \u00fe\u00f3tt Nouadhibou s\u00e9 n\u00e6stst\u00e6rsta borg M\u00e1ritan\u00edu var munurinn \u00e1 henni og Valencia svo sl\u00e1andi a\u00f0 hann \u00f3tta\u00f0ist \u00ed fyrstu a\u00f0 hann myndi aldrei komast af &hellip; <a href=\"https:\/\/www.norn.is\/pistlar\/saga-strokuthraels-5-hluti\/\">Halda \u00e1fram a\u00f0 lesa <span class=\"meta-nav\">&rarr;<\/span><\/a><\/p>\n","protected":false},"author":2,"featured_media":0,"comment_status":"closed","ping_status":"closed","sticky":false,"template":"","format":"standard","meta":{"footnotes":"","_links_to":"","_links_to_target":""},"categories":[11,1],"tags":[653],"class_list":["post-13389","post","type-post","status-publish","format-standard","hentry","category-mannrettindi","category-pistlar","tag-mouhamed-lo"],"yoast_head":"<!-- This site is optimized with the Yoast SEO plugin v27.5 - https:\/\/yoast.com\/product\/yoast-seo-wordpress\/ -->\n<title>Saga stroku\u00fer\u00e6ls - 5. hluti - Pistlar Evu<\/title>\n<meta name=\"robots\" content=\"index, follow, max-snippet:-1, max-image-preview:large, max-video-preview:-1\" \/>\n<link rel=\"canonical\" href=\"https:\/\/www.norn.is\/pistlar\/saga-strokuthraels-5-hluti\/\" \/>\n<meta property=\"og:locale\" content=\"is_IS\" \/>\n<meta property=\"og:type\" content=\"article\" \/>\n<meta property=\"og:title\" content=\"Saga stroku\u00fer\u00e6ls - 5. hluti - Pistlar Evu\" \/>\n<meta property=\"og:description\" content=\"Mouhamed frj\u00e1ls Valencia var yfir\u00feyrmandi. Hann haf\u00f0i sjaldan komi\u00f0 \u00ed \u00fe\u00e9ttb\u00fdli, aldrei til Nouakchott \u00a0og \u00fe\u00f3tt Nouadhibou s\u00e9 n\u00e6stst\u00e6rsta borg M\u00e1ritan\u00edu var munurinn \u00e1 henni og Valencia svo sl\u00e1andi a\u00f0 hann \u00f3tta\u00f0ist \u00ed fyrstu a\u00f0 hann myndi aldrei komast af &hellip; Halda \u00e1fram a\u00f0 lesa &rarr;\" \/>\n<meta property=\"og:url\" content=\"https:\/\/www.norn.is\/pistlar\/saga-strokuthraels-5-hluti\/\" \/>\n<meta property=\"og:site_name\" content=\"Pistlar Evu\" \/>\n<meta property=\"article:published_time\" content=\"2011-12-19T23:06:16+00:00\" \/>\n<meta property=\"article:modified_time\" content=\"2017-09-22T23:28:37+00:00\" \/>\n<meta property=\"og:image\" content=\"http:\/\/www.norn.is\/pistlar\/wp-content\/uploads\/sites\/2\/2011\/12\/valencia-1049389_960_720.jpg\" \/>\n<meta name=\"author\" content=\"Eva Hauksd\u00f3ttir\" \/>\n<meta name=\"twitter:card\" content=\"summary_large_image\" \/>\n<meta name=\"twitter:label1\" content=\"Written by\" \/>\n\t<meta name=\"twitter:data1\" content=\"\" \/>\n\t<meta name=\"twitter:label2\" content=\"Est. reading time\" \/>\n\t<meta name=\"twitter:data2\" content=\"9 minutes\" \/>\n<script type=\"application\/ld+json\" class=\"yoast-schema-graph\">{\"@context\":\"https:\\\/\\\/schema.org\",\"@graph\":[{\"@type\":\"Article\",\"@id\":\"https:\\\/\\\/www.norn.is\\\/pistlar\\\/saga-strokuthraels-5-hluti\\\/#article\",\"isPartOf\":{\"@id\":\"https:\\\/\\\/www.norn.is\\\/pistlar\\\/saga-strokuthraels-5-hluti\\\/\"},\"author\":{\"name\":\"Eva Hauksd\u00f3ttir\",\"@id\":\"https:\\\/\\\/www.norn.is\\\/pistlar\\\/#\\\/schema\\\/person\\\/2eb0fcae9e1ecc61987f7ed9c878531c\"},\"headline\":\"Saga stroku\u00fer\u00e6ls &#8211; 5. hluti\",\"datePublished\":\"2011-12-19T23:06:16+00:00\",\"dateModified\":\"2017-09-22T23:28:37+00:00\",\"mainEntityOfPage\":{\"@id\":\"https:\\\/\\\/www.norn.is\\\/pistlar\\\/saga-strokuthraels-5-hluti\\\/\"},\"wordCount\":1786,\"image\":{\"@id\":\"https:\\\/\\\/www.norn.is\\\/pistlar\\\/saga-strokuthraels-5-hluti\\\/#primaryimage\"},\"thumbnailUrl\":\"http:\\\/\\\/www.norn.is\\\/pistlar\\\/wp-content\\\/uploads\\\/sites\\\/2\\\/2011\\\/12\\\/valencia-1049389_960_720.jpg\",\"keywords\":[\"Mouhamed Lo\"],\"articleSection\":[\"Mannr\u00e9ttinda og fri\u00f0arm\u00e1l\",\"Pistlar um samf\u00e9lagsm\u00e1l\"],\"inLanguage\":\"is\"},{\"@type\":\"WebPage\",\"@id\":\"https:\\\/\\\/www.norn.is\\\/pistlar\\\/saga-strokuthraels-5-hluti\\\/\",\"url\":\"https:\\\/\\\/www.norn.is\\\/pistlar\\\/saga-strokuthraels-5-hluti\\\/\",\"name\":\"Saga stroku\u00fer\u00e6ls - 5. hluti - Pistlar Evu\",\"isPartOf\":{\"@id\":\"https:\\\/\\\/www.norn.is\\\/pistlar\\\/#website\"},\"primaryImageOfPage\":{\"@id\":\"https:\\\/\\\/www.norn.is\\\/pistlar\\\/saga-strokuthraels-5-hluti\\\/#primaryimage\"},\"image\":{\"@id\":\"https:\\\/\\\/www.norn.is\\\/pistlar\\\/saga-strokuthraels-5-hluti\\\/#primaryimage\"},\"thumbnailUrl\":\"http:\\\/\\\/www.norn.is\\\/pistlar\\\/wp-content\\\/uploads\\\/sites\\\/2\\\/2011\\\/12\\\/valencia-1049389_960_720.jpg\",\"datePublished\":\"2011-12-19T23:06:16+00:00\",\"dateModified\":\"2017-09-22T23:28:37+00:00\",\"author\":{\"@id\":\"https:\\\/\\\/www.norn.is\\\/pistlar\\\/#\\\/schema\\\/person\\\/2eb0fcae9e1ecc61987f7ed9c878531c\"},\"breadcrumb\":{\"@id\":\"https:\\\/\\\/www.norn.is\\\/pistlar\\\/saga-strokuthraels-5-hluti\\\/#breadcrumb\"},\"inLanguage\":\"is\",\"potentialAction\":[{\"@type\":\"ReadAction\",\"target\":[\"https:\\\/\\\/www.norn.is\\\/pistlar\\\/saga-strokuthraels-5-hluti\\\/\"]}]},{\"@type\":\"ImageObject\",\"inLanguage\":\"is\",\"@id\":\"https:\\\/\\\/www.norn.is\\\/pistlar\\\/saga-strokuthraels-5-hluti\\\/#primaryimage\",\"url\":\"https:\\\/\\\/www.norn.is\\\/pistlar\\\/wp-content\\\/uploads\\\/sites\\\/2\\\/2011\\\/12\\\/valencia-1049389_960_720.jpg\",\"contentUrl\":\"https:\\\/\\\/www.norn.is\\\/pistlar\\\/wp-content\\\/uploads\\\/sites\\\/2\\\/2011\\\/12\\\/valencia-1049389_960_720.jpg\",\"width\":960,\"height\":640},{\"@type\":\"BreadcrumbList\",\"@id\":\"https:\\\/\\\/www.norn.is\\\/pistlar\\\/saga-strokuthraels-5-hluti\\\/#breadcrumb\",\"itemListElement\":[{\"@type\":\"ListItem\",\"position\":1,\"name\":\"Home\",\"item\":\"https:\\\/\\\/www.norn.is\\\/pistlar\\\/\"},{\"@type\":\"ListItem\",\"position\":2,\"name\":\"Saga stroku\u00fer\u00e6ls &#8211; 5. hluti\"}]},{\"@type\":\"WebSite\",\"@id\":\"https:\\\/\\\/www.norn.is\\\/pistlar\\\/#website\",\"url\":\"https:\\\/\\\/www.norn.is\\\/pistlar\\\/\",\"name\":\"Pistlar Evu\",\"description\":\"\",\"potentialAction\":[{\"@type\":\"SearchAction\",\"target\":{\"@type\":\"EntryPoint\",\"urlTemplate\":\"https:\\\/\\\/www.norn.is\\\/pistlar\\\/?s={search_term_string}\"},\"query-input\":{\"@type\":\"PropertyValueSpecification\",\"valueRequired\":true,\"valueName\":\"search_term_string\"}}],\"inLanguage\":\"is\"},{\"@type\":\"Person\",\"@id\":\"https:\\\/\\\/www.norn.is\\\/pistlar\\\/#\\\/schema\\\/person\\\/2eb0fcae9e1ecc61987f7ed9c878531c\",\"name\":\"Eva Hauksd\u00f3ttir\",\"sameAs\":[\"http:\\\/\\\/www.norn.is\"],\"url\":\"https:\\\/\\\/www.norn.is\\\/pistlar\\\/author\\\/eva\\\/\"}]}<\/script>\n<!-- \/ Yoast SEO plugin. -->","yoast_head_json":{"title":"Saga stroku\u00fer\u00e6ls - 5. hluti - Pistlar Evu","robots":{"index":"index","follow":"follow","max-snippet":"max-snippet:-1","max-image-preview":"max-image-preview:large","max-video-preview":"max-video-preview:-1"},"canonical":"https:\/\/www.norn.is\/pistlar\/saga-strokuthraels-5-hluti\/","og_locale":"is_IS","og_type":"article","og_title":"Saga stroku\u00fer\u00e6ls - 5. hluti - Pistlar Evu","og_description":"Mouhamed frj\u00e1ls Valencia var yfir\u00feyrmandi. Hann haf\u00f0i sjaldan komi\u00f0 \u00ed \u00fe\u00e9ttb\u00fdli, aldrei til Nouakchott \u00a0og \u00fe\u00f3tt Nouadhibou s\u00e9 n\u00e6stst\u00e6rsta borg M\u00e1ritan\u00edu var munurinn \u00e1 henni og Valencia svo sl\u00e1andi a\u00f0 hann \u00f3tta\u00f0ist \u00ed fyrstu a\u00f0 hann myndi aldrei komast af &hellip; Halda \u00e1fram a\u00f0 lesa &rarr;","og_url":"https:\/\/www.norn.is\/pistlar\/saga-strokuthraels-5-hluti\/","og_site_name":"Pistlar Evu","article_published_time":"2011-12-19T23:06:16+00:00","article_modified_time":"2017-09-22T23:28:37+00:00","og_image":[{"url":"http:\/\/www.norn.is\/pistlar\/wp-content\/uploads\/sites\/2\/2011\/12\/valencia-1049389_960_720.jpg","type":"","width":"","height":""}],"author":"Eva Hauksd\u00f3ttir","twitter_card":"summary_large_image","twitter_misc":{"Written by":false,"Est. reading time":"9 minutes"},"schema":{"@context":"https:\/\/schema.org","@graph":[{"@type":"Article","@id":"https:\/\/www.norn.is\/pistlar\/saga-strokuthraels-5-hluti\/#article","isPartOf":{"@id":"https:\/\/www.norn.is\/pistlar\/saga-strokuthraels-5-hluti\/"},"author":{"name":"Eva Hauksd\u00f3ttir","@id":"https:\/\/www.norn.is\/pistlar\/#\/schema\/person\/2eb0fcae9e1ecc61987f7ed9c878531c"},"headline":"Saga stroku\u00fer\u00e6ls &#8211; 5. hluti","datePublished":"2011-12-19T23:06:16+00:00","dateModified":"2017-09-22T23:28:37+00:00","mainEntityOfPage":{"@id":"https:\/\/www.norn.is\/pistlar\/saga-strokuthraels-5-hluti\/"},"wordCount":1786,"image":{"@id":"https:\/\/www.norn.is\/pistlar\/saga-strokuthraels-5-hluti\/#primaryimage"},"thumbnailUrl":"http:\/\/www.norn.is\/pistlar\/wp-content\/uploads\/sites\/2\/2011\/12\/valencia-1049389_960_720.jpg","keywords":["Mouhamed Lo"],"articleSection":["Mannr\u00e9ttinda og fri\u00f0arm\u00e1l","Pistlar um samf\u00e9lagsm\u00e1l"],"inLanguage":"is"},{"@type":"WebPage","@id":"https:\/\/www.norn.is\/pistlar\/saga-strokuthraels-5-hluti\/","url":"https:\/\/www.norn.is\/pistlar\/saga-strokuthraels-5-hluti\/","name":"Saga stroku\u00fer\u00e6ls - 5. hluti - Pistlar Evu","isPartOf":{"@id":"https:\/\/www.norn.is\/pistlar\/#website"},"primaryImageOfPage":{"@id":"https:\/\/www.norn.is\/pistlar\/saga-strokuthraels-5-hluti\/#primaryimage"},"image":{"@id":"https:\/\/www.norn.is\/pistlar\/saga-strokuthraels-5-hluti\/#primaryimage"},"thumbnailUrl":"http:\/\/www.norn.is\/pistlar\/wp-content\/uploads\/sites\/2\/2011\/12\/valencia-1049389_960_720.jpg","datePublished":"2011-12-19T23:06:16+00:00","dateModified":"2017-09-22T23:28:37+00:00","author":{"@id":"https:\/\/www.norn.is\/pistlar\/#\/schema\/person\/2eb0fcae9e1ecc61987f7ed9c878531c"},"breadcrumb":{"@id":"https:\/\/www.norn.is\/pistlar\/saga-strokuthraels-5-hluti\/#breadcrumb"},"inLanguage":"is","potentialAction":[{"@type":"ReadAction","target":["https:\/\/www.norn.is\/pistlar\/saga-strokuthraels-5-hluti\/"]}]},{"@type":"ImageObject","inLanguage":"is","@id":"https:\/\/www.norn.is\/pistlar\/saga-strokuthraels-5-hluti\/#primaryimage","url":"https:\/\/www.norn.is\/pistlar\/wp-content\/uploads\/sites\/2\/2011\/12\/valencia-1049389_960_720.jpg","contentUrl":"https:\/\/www.norn.is\/pistlar\/wp-content\/uploads\/sites\/2\/2011\/12\/valencia-1049389_960_720.jpg","width":960,"height":640},{"@type":"BreadcrumbList","@id":"https:\/\/www.norn.is\/pistlar\/saga-strokuthraels-5-hluti\/#breadcrumb","itemListElement":[{"@type":"ListItem","position":1,"name":"Home","item":"https:\/\/www.norn.is\/pistlar\/"},{"@type":"ListItem","position":2,"name":"Saga stroku\u00fer\u00e6ls &#8211; 5. hluti"}]},{"@type":"WebSite","@id":"https:\/\/www.norn.is\/pistlar\/#website","url":"https:\/\/www.norn.is\/pistlar\/","name":"Pistlar Evu","description":"","potentialAction":[{"@type":"SearchAction","target":{"@type":"EntryPoint","urlTemplate":"https:\/\/www.norn.is\/pistlar\/?s={search_term_string}"},"query-input":{"@type":"PropertyValueSpecification","valueRequired":true,"valueName":"search_term_string"}}],"inLanguage":"is"},{"@type":"Person","@id":"https:\/\/www.norn.is\/pistlar\/#\/schema\/person\/2eb0fcae9e1ecc61987f7ed9c878531c","name":"Eva Hauksd\u00f3ttir","sameAs":["http:\/\/www.norn.is"],"url":"https:\/\/www.norn.is\/pistlar\/author\/eva\/"}]}},"_links":{"self":[{"href":"https:\/\/www.norn.is\/pistlar\/wp-json\/wp\/v2\/posts\/13389","targetHints":{"allow":["GET"]}}],"collection":[{"href":"https:\/\/www.norn.is\/pistlar\/wp-json\/wp\/v2\/posts"}],"about":[{"href":"https:\/\/www.norn.is\/pistlar\/wp-json\/wp\/v2\/types\/post"}],"author":[{"embeddable":true,"href":"https:\/\/www.norn.is\/pistlar\/wp-json\/wp\/v2\/users\/2"}],"replies":[{"embeddable":true,"href":"https:\/\/www.norn.is\/pistlar\/wp-json\/wp\/v2\/comments?post=13389"}],"version-history":[{"count":3,"href":"https:\/\/www.norn.is\/pistlar\/wp-json\/wp\/v2\/posts\/13389\/revisions"}],"predecessor-version":[{"id":13405,"href":"https:\/\/www.norn.is\/pistlar\/wp-json\/wp\/v2\/posts\/13389\/revisions\/13405"}],"wp:attachment":[{"href":"https:\/\/www.norn.is\/pistlar\/wp-json\/wp\/v2\/media?parent=13389"}],"wp:term":[{"taxonomy":"category","embeddable":true,"href":"https:\/\/www.norn.is\/pistlar\/wp-json\/wp\/v2\/categories?post=13389"},{"taxonomy":"post_tag","embeddable":true,"href":"https:\/\/www.norn.is\/pistlar\/wp-json\/wp\/v2\/tags?post=13389"}],"curies":[{"name":"wp","href":"https:\/\/api.w.org\/{rel}","templated":true}]}}