{"id":1318,"date":"2014-05-30T00:48:04","date_gmt":"2014-05-30T00:48:04","guid":{"rendered":"http:\/\/www.norn.is\/pistlar\/?p=1318"},"modified":"2017-08-15T18:05:48","modified_gmt":"2017-08-15T18:05:48","slug":"telur-sveinbjorg-ad-russneska-rettrunadarkirkjan-se-ekki-kirkja","status":"publish","type":"post","link":"https:\/\/www.norn.is\/pistlar\/telur-sveinbjorg-ad-russneska-rettrunadarkirkjan-se-ekki-kirkja\/","title":{"rendered":"Telur Sveinbj\u00f6rg a\u00f0 R\u00fassneska r\u00e9ttr\u00fana\u00f0arkirkjan s\u00e9 ekki kirkja?"},"content":{"rendered":"<p style=\"color: #222222;\"><a href=\"http:\/\/www.norn.is\/pistlar\/wp-content\/uploads\/sites\/2\/2005\/05\/forget-to-mention-morons_o_863318.jpg\"><img loading=\"lazy\" decoding=\"async\" class=\"size-full wp-image-1284 aligncenter\" src=\"http:\/\/www.norn.is\/pistlar\/wp-content\/uploads\/sites\/2\/2005\/05\/forget-to-mention-morons_o_863318.jpg\" alt=\"forget-to-mention-morons_o_863318\" width=\"420\" height=\"306\" srcset=\"https:\/\/www.norn.is\/pistlar\/wp-content\/uploads\/sites\/2\/2005\/05\/forget-to-mention-morons_o_863318.jpg 420w, https:\/\/www.norn.is\/pistlar\/wp-content\/uploads\/sites\/2\/2005\/05\/forget-to-mention-morons_o_863318-300x218.jpg 300w\" sizes=\"auto, (max-width: 420px) 100vw, 420px\" \/><\/a>Sveinbj\u00f6rg Birna Sveinbj\u00f6rnsd\u00f3ttir, oddviti lista Frams\u00f3knar og flugvallarvina sag\u00f0i \u00ed beinni \u00fatsendingu \u00ed R\u00edkis\u00fatvarpinu n\u00fana \u00e1\u00f0an a\u00f0 \u00fea\u00f0 hef\u00f0i ekki veri\u00f0 stefna Frams\u00f3knarflokksins a\u00f0 koma \u00ed veg fyrir moskubyggingu \u00ed Reykjav\u00edk, heldur hef\u00f0i hugmyndin komi\u00f0 upp eftir a\u00f0 borgarb\u00faar hef\u00f0u l\u00fdst andst\u00f6\u00f0u sinni vi\u00f0 moskuna.<!--more--><\/p>\n<p style=\"color: #222222;\">\u00deetta samr\u00e6mist ekki \u00fev\u00ed sem Gu\u00f0r\u00fan Brynd\u00eds Karlsd\u00f3ttir sag\u00f0i fr\u00e1 \u00ed grein sinni \u00e1 Kvennabla\u00f0inu \u00feann 28. s\u00ed\u00f0astli\u00f0inn en \u00fear greindi h\u00fan fr\u00e1 \u00fev\u00ed a\u00f0 eftir a\u00f0 h\u00fan sj\u00e1lf hef\u00f0i teki\u00f0 2. s\u00e6ti \u00e1 frambo\u00f0slista Frams\u00f3knar, \u00a0hef\u00f0i henni veri\u00f0 tj\u00e1\u00f0 a\u00f0 eitt af verkefnum \u00feeirra sem k\u00e6must \u00ed borgarstj\u00f3rn v\u00e6ri a\u00f0\u00a0<a style=\"font-weight: inherit; font-style: inherit; color: #ce2121;\" href=\"http:\/\/kvennabladid.is\/2014\/05\/28\/er-thetta-framsokn-framtidarinnar\/\">koma \u00ed veg fyrir a\u00f0 moska risi \u00ed Reykjav\u00edk<\/a>.<\/p>\n<p style=\"color: #222222;\">Sveinbj\u00f6rg Birna sag\u00f0i einnig a\u00f0 m\u00e1li\u00f0 snerist ekki um mosku heldur um \u00fea\u00f0 hvort borgin g\u00e6fi tr\u00faf\u00e9l\u00f6gum l\u00f3\u00f0ir, h\u00fan vildi \u00fev\u00ed setja l\u00f3\u00f0ir til annarra tr\u00faf\u00e9laga en kirkna \u00ed atkv\u00e6\u00f0agrei\u00f0slu enda n\u00e6\u00f0i laga\u00e1kv\u00e6\u00f0i um l\u00f3\u00f0a\u00fathlutanir eing\u00f6ngu til kirkna.<\/p>\n<p style=\"color: #222222;\">N\u00fa hefur Sveinbj\u00f6rg einnig l\u00e1ti\u00f0 hafa eftir s\u00e9r a\u00f0 h\u00fan vilji l\u00e1ta\u00a0<a style=\"font-weight: inherit; font-style: inherit; color: #ce2121;\" href=\"https:\/\/www.dv.is\/frettir\/2014\/5\/27\/vill-einnig-lata-kjosa-um-lodaveitingu-til-rettrunadarkirkjunnar-og-asatruarfelagsins\/\">kj\u00f3sa um \u00fathlutun til R\u00fassnesku r\u00e9ttr\u00fana\u00f0arkirkjunnar<\/a>. \u00deetta vekur e\u00f0lilega spurningu um \u00fea\u00f0 hvort oddvitinn skilgreini r\u00fassnesku r\u00e9ttr\u00fana\u00f0arkirkjuna sem eitthva\u00f0 anna\u00f0 en kirkju e\u00f0a hvort henni finnist \u00ed lagi a\u00f0 brj\u00f3ta l\u00f6g \u00feegar R\u00fassneska r\u00e9ttr\u00fana\u00f0arkirkjan eigi \u00ed hlut. \u00d6llu sennilegri ver\u00f0ur a\u00f0 teljast s\u00fa sk\u00fdring a\u00f0 \u00feetta s\u00e9 aum tilraun til \u00feess a\u00f0 hv\u00edt\u00fevo sig af auglj\u00f3sum rasisma.<\/p>\n","protected":false},"excerpt":{"rendered":"<p>Sveinbj\u00f6rg Birna Sveinbj\u00f6rnsd\u00f3ttir, oddviti lista Frams\u00f3knar og flugvallarvina sag\u00f0i \u00ed beinni \u00fatsendingu \u00ed R\u00edkis\u00fatvarpinu n\u00fana \u00e1\u00f0an a\u00f0 \u00fea\u00f0 hef\u00f0i ekki veri\u00f0 stefna Frams\u00f3knarflokksins a\u00f0 koma \u00ed veg fyrir moskubyggingu \u00ed Reykjav\u00edk, heldur hef\u00f0i hugmyndin komi\u00f0 upp eftir a\u00f0 borgarb\u00faar hef\u00f0u &hellip; <a href=\"https:\/\/www.norn.is\/pistlar\/telur-sveinbjorg-ad-russneska-rettrunadarkirkjan-se-ekki-kirkja\/\">Halda \u00e1fram a\u00f0 lesa <span class=\"meta-nav\">&rarr;<\/span><\/a><\/p>\n","protected":false},"author":2,"featured_media":1284,"comment_status":"closed","ping_status":"closed","sticky":false,"template":"","format":"standard","meta":{"footnotes":"","_links_to":"","_links_to_target":""},"categories":[1],"tags":[72,142,934,106],"class_list":["post-1318","post","type-post","status-publish","format-standard","has-post-thumbnail","hentry","category-pistlar","tag-kosningar","tag-moska","tag-stofnanarasismi","tag-sveinbjorg-birna"],"yoast_head":"<!-- This site is optimized with the Yoast SEO plugin v27.5 - https:\/\/yoast.com\/product\/yoast-seo-wordpress\/ -->\n<title>Telur Sveinbj\u00f6rg a\u00f0 R\u00fassneska r\u00e9ttr\u00fana\u00f0arkirkjan s\u00e9 ekki kirkja? - Pistlar Evu<\/title>\n<meta name=\"robots\" content=\"index, follow, max-snippet:-1, max-image-preview:large, max-video-preview:-1\" \/>\n<link rel=\"canonical\" href=\"https:\/\/www.norn.is\/pistlar\/telur-sveinbjorg-ad-russneska-rettrunadarkirkjan-se-ekki-kirkja\/\" \/>\n<meta property=\"og:locale\" content=\"is_IS\" \/>\n<meta property=\"og:type\" content=\"article\" \/>\n<meta property=\"og:title\" content=\"Telur Sveinbj\u00f6rg a\u00f0 R\u00fassneska r\u00e9ttr\u00fana\u00f0arkirkjan s\u00e9 ekki kirkja? - Pistlar Evu\" \/>\n<meta property=\"og:description\" content=\"Sveinbj\u00f6rg Birna Sveinbj\u00f6rnsd\u00f3ttir, oddviti lista Frams\u00f3knar og flugvallarvina sag\u00f0i \u00ed beinni \u00fatsendingu \u00ed R\u00edkis\u00fatvarpinu n\u00fana \u00e1\u00f0an a\u00f0 \u00fea\u00f0 hef\u00f0i ekki veri\u00f0 stefna Frams\u00f3knarflokksins a\u00f0 koma \u00ed veg fyrir moskubyggingu \u00ed Reykjav\u00edk, heldur hef\u00f0i hugmyndin komi\u00f0 upp eftir a\u00f0 borgarb\u00faar hef\u00f0u &hellip; Halda \u00e1fram a\u00f0 lesa &rarr;\" \/>\n<meta property=\"og:url\" content=\"https:\/\/www.norn.is\/pistlar\/telur-sveinbjorg-ad-russneska-rettrunadarkirkjan-se-ekki-kirkja\/\" \/>\n<meta property=\"og:site_name\" content=\"Pistlar Evu\" \/>\n<meta property=\"article:published_time\" content=\"2014-05-30T00:48:04+00:00\" \/>\n<meta property=\"article:modified_time\" content=\"2017-08-15T18:05:48+00:00\" \/>\n<meta property=\"og:image\" content=\"https:\/\/www.norn.is\/pistlar\/wp-content\/uploads\/sites\/2\/2005\/05\/forget-to-mention-morons_o_863318.jpg\" \/>\n\t<meta property=\"og:image:width\" content=\"420\" \/>\n\t<meta property=\"og:image:height\" content=\"306\" \/>\n\t<meta property=\"og:image:type\" content=\"image\/jpeg\" \/>\n<meta name=\"author\" content=\"Eva Hauksd\u00f3ttir\" \/>\n<meta name=\"twitter:card\" content=\"summary_large_image\" \/>\n<meta name=\"twitter:label1\" content=\"Written by\" \/>\n\t<meta name=\"twitter:data1\" content=\"\" \/>\n\t<meta name=\"twitter:label2\" content=\"Est. reading time\" \/>\n\t<meta name=\"twitter:data2\" content=\"1 minute\" \/>\n<script type=\"application\/ld+json\" class=\"yoast-schema-graph\">{\"@context\":\"https:\\\/\\\/schema.org\",\"@graph\":[{\"@type\":\"Article\",\"@id\":\"https:\\\/\\\/www.norn.is\\\/pistlar\\\/telur-sveinbjorg-ad-russneska-rettrunadarkirkjan-se-ekki-kirkja\\\/#article\",\"isPartOf\":{\"@id\":\"https:\\\/\\\/www.norn.is\\\/pistlar\\\/telur-sveinbjorg-ad-russneska-rettrunadarkirkjan-se-ekki-kirkja\\\/\"},\"author\":{\"name\":\"Eva Hauksd\u00f3ttir\",\"@id\":\"https:\\\/\\\/www.norn.is\\\/pistlar\\\/#\\\/schema\\\/person\\\/2eb0fcae9e1ecc61987f7ed9c878531c\"},\"headline\":\"Telur Sveinbj\u00f6rg a\u00f0 R\u00fassneska r\u00e9ttr\u00fana\u00f0arkirkjan s\u00e9 ekki kirkja?\",\"datePublished\":\"2014-05-30T00:48:04+00:00\",\"dateModified\":\"2017-08-15T18:05:48+00:00\",\"mainEntityOfPage\":{\"@id\":\"https:\\\/\\\/www.norn.is\\\/pistlar\\\/telur-sveinbjorg-ad-russneska-rettrunadarkirkjan-se-ekki-kirkja\\\/\"},\"wordCount\":294,\"image\":{\"@id\":\"https:\\\/\\\/www.norn.is\\\/pistlar\\\/telur-sveinbjorg-ad-russneska-rettrunadarkirkjan-se-ekki-kirkja\\\/#primaryimage\"},\"thumbnailUrl\":\"https:\\\/\\\/www.norn.is\\\/pistlar\\\/wp-content\\\/uploads\\\/sites\\\/2\\\/2005\\\/05\\\/forget-to-mention-morons_o_863318.jpg\",\"keywords\":[\"Kosningar\",\"Moska\",\"Stofnanarasismi\",\"Sveinbj\u00f6rg Birna\"],\"articleSection\":[\"Pistlar um samf\u00e9lagsm\u00e1l\"],\"inLanguage\":\"is\"},{\"@type\":\"WebPage\",\"@id\":\"https:\\\/\\\/www.norn.is\\\/pistlar\\\/telur-sveinbjorg-ad-russneska-rettrunadarkirkjan-se-ekki-kirkja\\\/\",\"url\":\"https:\\\/\\\/www.norn.is\\\/pistlar\\\/telur-sveinbjorg-ad-russneska-rettrunadarkirkjan-se-ekki-kirkja\\\/\",\"name\":\"Telur Sveinbj\u00f6rg a\u00f0 R\u00fassneska r\u00e9ttr\u00fana\u00f0arkirkjan s\u00e9 ekki kirkja? - Pistlar Evu\",\"isPartOf\":{\"@id\":\"https:\\\/\\\/www.norn.is\\\/pistlar\\\/#website\"},\"primaryImageOfPage\":{\"@id\":\"https:\\\/\\\/www.norn.is\\\/pistlar\\\/telur-sveinbjorg-ad-russneska-rettrunadarkirkjan-se-ekki-kirkja\\\/#primaryimage\"},\"image\":{\"@id\":\"https:\\\/\\\/www.norn.is\\\/pistlar\\\/telur-sveinbjorg-ad-russneska-rettrunadarkirkjan-se-ekki-kirkja\\\/#primaryimage\"},\"thumbnailUrl\":\"https:\\\/\\\/www.norn.is\\\/pistlar\\\/wp-content\\\/uploads\\\/sites\\\/2\\\/2005\\\/05\\\/forget-to-mention-morons_o_863318.jpg\",\"datePublished\":\"2014-05-30T00:48:04+00:00\",\"dateModified\":\"2017-08-15T18:05:48+00:00\",\"author\":{\"@id\":\"https:\\\/\\\/www.norn.is\\\/pistlar\\\/#\\\/schema\\\/person\\\/2eb0fcae9e1ecc61987f7ed9c878531c\"},\"breadcrumb\":{\"@id\":\"https:\\\/\\\/www.norn.is\\\/pistlar\\\/telur-sveinbjorg-ad-russneska-rettrunadarkirkjan-se-ekki-kirkja\\\/#breadcrumb\"},\"inLanguage\":\"is\",\"potentialAction\":[{\"@type\":\"ReadAction\",\"target\":[\"https:\\\/\\\/www.norn.is\\\/pistlar\\\/telur-sveinbjorg-ad-russneska-rettrunadarkirkjan-se-ekki-kirkja\\\/\"]}]},{\"@type\":\"ImageObject\",\"inLanguage\":\"is\",\"@id\":\"https:\\\/\\\/www.norn.is\\\/pistlar\\\/telur-sveinbjorg-ad-russneska-rettrunadarkirkjan-se-ekki-kirkja\\\/#primaryimage\",\"url\":\"https:\\\/\\\/www.norn.is\\\/pistlar\\\/wp-content\\\/uploads\\\/sites\\\/2\\\/2005\\\/05\\\/forget-to-mention-morons_o_863318.jpg\",\"contentUrl\":\"https:\\\/\\\/www.norn.is\\\/pistlar\\\/wp-content\\\/uploads\\\/sites\\\/2\\\/2005\\\/05\\\/forget-to-mention-morons_o_863318.jpg\",\"width\":420,\"height\":306},{\"@type\":\"BreadcrumbList\",\"@id\":\"https:\\\/\\\/www.norn.is\\\/pistlar\\\/telur-sveinbjorg-ad-russneska-rettrunadarkirkjan-se-ekki-kirkja\\\/#breadcrumb\",\"itemListElement\":[{\"@type\":\"ListItem\",\"position\":1,\"name\":\"Home\",\"item\":\"https:\\\/\\\/www.norn.is\\\/pistlar\\\/\"},{\"@type\":\"ListItem\",\"position\":2,\"name\":\"Telur Sveinbj\u00f6rg a\u00f0 R\u00fassneska r\u00e9ttr\u00fana\u00f0arkirkjan s\u00e9 ekki kirkja?\"}]},{\"@type\":\"WebSite\",\"@id\":\"https:\\\/\\\/www.norn.is\\\/pistlar\\\/#website\",\"url\":\"https:\\\/\\\/www.norn.is\\\/pistlar\\\/\",\"name\":\"Pistlar Evu\",\"description\":\"\",\"potentialAction\":[{\"@type\":\"SearchAction\",\"target\":{\"@type\":\"EntryPoint\",\"urlTemplate\":\"https:\\\/\\\/www.norn.is\\\/pistlar\\\/?s={search_term_string}\"},\"query-input\":{\"@type\":\"PropertyValueSpecification\",\"valueRequired\":true,\"valueName\":\"search_term_string\"}}],\"inLanguage\":\"is\"},{\"@type\":\"Person\",\"@id\":\"https:\\\/\\\/www.norn.is\\\/pistlar\\\/#\\\/schema\\\/person\\\/2eb0fcae9e1ecc61987f7ed9c878531c\",\"name\":\"Eva Hauksd\u00f3ttir\",\"sameAs\":[\"http:\\\/\\\/www.norn.is\"],\"url\":\"https:\\\/\\\/www.norn.is\\\/pistlar\\\/author\\\/eva\\\/\"}]}<\/script>\n<!-- \/ Yoast SEO plugin. -->","yoast_head_json":{"title":"Telur Sveinbj\u00f6rg a\u00f0 R\u00fassneska r\u00e9ttr\u00fana\u00f0arkirkjan s\u00e9 ekki kirkja? - Pistlar Evu","robots":{"index":"index","follow":"follow","max-snippet":"max-snippet:-1","max-image-preview":"max-image-preview:large","max-video-preview":"max-video-preview:-1"},"canonical":"https:\/\/www.norn.is\/pistlar\/telur-sveinbjorg-ad-russneska-rettrunadarkirkjan-se-ekki-kirkja\/","og_locale":"is_IS","og_type":"article","og_title":"Telur Sveinbj\u00f6rg a\u00f0 R\u00fassneska r\u00e9ttr\u00fana\u00f0arkirkjan s\u00e9 ekki kirkja? - Pistlar Evu","og_description":"Sveinbj\u00f6rg Birna Sveinbj\u00f6rnsd\u00f3ttir, oddviti lista Frams\u00f3knar og flugvallarvina sag\u00f0i \u00ed beinni \u00fatsendingu \u00ed R\u00edkis\u00fatvarpinu n\u00fana \u00e1\u00f0an a\u00f0 \u00fea\u00f0 hef\u00f0i ekki veri\u00f0 stefna Frams\u00f3knarflokksins a\u00f0 koma \u00ed veg fyrir moskubyggingu \u00ed Reykjav\u00edk, heldur hef\u00f0i hugmyndin komi\u00f0 upp eftir a\u00f0 borgarb\u00faar hef\u00f0u &hellip; Halda \u00e1fram a\u00f0 lesa &rarr;","og_url":"https:\/\/www.norn.is\/pistlar\/telur-sveinbjorg-ad-russneska-rettrunadarkirkjan-se-ekki-kirkja\/","og_site_name":"Pistlar Evu","article_published_time":"2014-05-30T00:48:04+00:00","article_modified_time":"2017-08-15T18:05:48+00:00","og_image":[{"width":420,"height":306,"url":"https:\/\/www.norn.is\/pistlar\/wp-content\/uploads\/sites\/2\/2005\/05\/forget-to-mention-morons_o_863318.jpg","type":"image\/jpeg"}],"author":"Eva Hauksd\u00f3ttir","twitter_card":"summary_large_image","twitter_misc":{"Written by":false,"Est. reading time":"1 minute"},"schema":{"@context":"https:\/\/schema.org","@graph":[{"@type":"Article","@id":"https:\/\/www.norn.is\/pistlar\/telur-sveinbjorg-ad-russneska-rettrunadarkirkjan-se-ekki-kirkja\/#article","isPartOf":{"@id":"https:\/\/www.norn.is\/pistlar\/telur-sveinbjorg-ad-russneska-rettrunadarkirkjan-se-ekki-kirkja\/"},"author":{"name":"Eva Hauksd\u00f3ttir","@id":"https:\/\/www.norn.is\/pistlar\/#\/schema\/person\/2eb0fcae9e1ecc61987f7ed9c878531c"},"headline":"Telur Sveinbj\u00f6rg a\u00f0 R\u00fassneska r\u00e9ttr\u00fana\u00f0arkirkjan s\u00e9 ekki kirkja?","datePublished":"2014-05-30T00:48:04+00:00","dateModified":"2017-08-15T18:05:48+00:00","mainEntityOfPage":{"@id":"https:\/\/www.norn.is\/pistlar\/telur-sveinbjorg-ad-russneska-rettrunadarkirkjan-se-ekki-kirkja\/"},"wordCount":294,"image":{"@id":"https:\/\/www.norn.is\/pistlar\/telur-sveinbjorg-ad-russneska-rettrunadarkirkjan-se-ekki-kirkja\/#primaryimage"},"thumbnailUrl":"https:\/\/www.norn.is\/pistlar\/wp-content\/uploads\/sites\/2\/2005\/05\/forget-to-mention-morons_o_863318.jpg","keywords":["Kosningar","Moska","Stofnanarasismi","Sveinbj\u00f6rg Birna"],"articleSection":["Pistlar um samf\u00e9lagsm\u00e1l"],"inLanguage":"is"},{"@type":"WebPage","@id":"https:\/\/www.norn.is\/pistlar\/telur-sveinbjorg-ad-russneska-rettrunadarkirkjan-se-ekki-kirkja\/","url":"https:\/\/www.norn.is\/pistlar\/telur-sveinbjorg-ad-russneska-rettrunadarkirkjan-se-ekki-kirkja\/","name":"Telur Sveinbj\u00f6rg a\u00f0 R\u00fassneska r\u00e9ttr\u00fana\u00f0arkirkjan s\u00e9 ekki kirkja? - Pistlar Evu","isPartOf":{"@id":"https:\/\/www.norn.is\/pistlar\/#website"},"primaryImageOfPage":{"@id":"https:\/\/www.norn.is\/pistlar\/telur-sveinbjorg-ad-russneska-rettrunadarkirkjan-se-ekki-kirkja\/#primaryimage"},"image":{"@id":"https:\/\/www.norn.is\/pistlar\/telur-sveinbjorg-ad-russneska-rettrunadarkirkjan-se-ekki-kirkja\/#primaryimage"},"thumbnailUrl":"https:\/\/www.norn.is\/pistlar\/wp-content\/uploads\/sites\/2\/2005\/05\/forget-to-mention-morons_o_863318.jpg","datePublished":"2014-05-30T00:48:04+00:00","dateModified":"2017-08-15T18:05:48+00:00","author":{"@id":"https:\/\/www.norn.is\/pistlar\/#\/schema\/person\/2eb0fcae9e1ecc61987f7ed9c878531c"},"breadcrumb":{"@id":"https:\/\/www.norn.is\/pistlar\/telur-sveinbjorg-ad-russneska-rettrunadarkirkjan-se-ekki-kirkja\/#breadcrumb"},"inLanguage":"is","potentialAction":[{"@type":"ReadAction","target":["https:\/\/www.norn.is\/pistlar\/telur-sveinbjorg-ad-russneska-rettrunadarkirkjan-se-ekki-kirkja\/"]}]},{"@type":"ImageObject","inLanguage":"is","@id":"https:\/\/www.norn.is\/pistlar\/telur-sveinbjorg-ad-russneska-rettrunadarkirkjan-se-ekki-kirkja\/#primaryimage","url":"https:\/\/www.norn.is\/pistlar\/wp-content\/uploads\/sites\/2\/2005\/05\/forget-to-mention-morons_o_863318.jpg","contentUrl":"https:\/\/www.norn.is\/pistlar\/wp-content\/uploads\/sites\/2\/2005\/05\/forget-to-mention-morons_o_863318.jpg","width":420,"height":306},{"@type":"BreadcrumbList","@id":"https:\/\/www.norn.is\/pistlar\/telur-sveinbjorg-ad-russneska-rettrunadarkirkjan-se-ekki-kirkja\/#breadcrumb","itemListElement":[{"@type":"ListItem","position":1,"name":"Home","item":"https:\/\/www.norn.is\/pistlar\/"},{"@type":"ListItem","position":2,"name":"Telur Sveinbj\u00f6rg a\u00f0 R\u00fassneska r\u00e9ttr\u00fana\u00f0arkirkjan s\u00e9 ekki kirkja?"}]},{"@type":"WebSite","@id":"https:\/\/www.norn.is\/pistlar\/#website","url":"https:\/\/www.norn.is\/pistlar\/","name":"Pistlar Evu","description":"","potentialAction":[{"@type":"SearchAction","target":{"@type":"EntryPoint","urlTemplate":"https:\/\/www.norn.is\/pistlar\/?s={search_term_string}"},"query-input":{"@type":"PropertyValueSpecification","valueRequired":true,"valueName":"search_term_string"}}],"inLanguage":"is"},{"@type":"Person","@id":"https:\/\/www.norn.is\/pistlar\/#\/schema\/person\/2eb0fcae9e1ecc61987f7ed9c878531c","name":"Eva Hauksd\u00f3ttir","sameAs":["http:\/\/www.norn.is"],"url":"https:\/\/www.norn.is\/pistlar\/author\/eva\/"}]}},"_links":{"self":[{"href":"https:\/\/www.norn.is\/pistlar\/wp-json\/wp\/v2\/posts\/1318","targetHints":{"allow":["GET"]}}],"collection":[{"href":"https:\/\/www.norn.is\/pistlar\/wp-json\/wp\/v2\/posts"}],"about":[{"href":"https:\/\/www.norn.is\/pistlar\/wp-json\/wp\/v2\/types\/post"}],"author":[{"embeddable":true,"href":"https:\/\/www.norn.is\/pistlar\/wp-json\/wp\/v2\/users\/2"}],"replies":[{"embeddable":true,"href":"https:\/\/www.norn.is\/pistlar\/wp-json\/wp\/v2\/comments?post=1318"}],"version-history":[{"count":2,"href":"https:\/\/www.norn.is\/pistlar\/wp-json\/wp\/v2\/posts\/1318\/revisions"}],"predecessor-version":[{"id":11033,"href":"https:\/\/www.norn.is\/pistlar\/wp-json\/wp\/v2\/posts\/1318\/revisions\/11033"}],"wp:featuredmedia":[{"embeddable":true,"href":"https:\/\/www.norn.is\/pistlar\/wp-json\/wp\/v2\/media\/1284"}],"wp:attachment":[{"href":"https:\/\/www.norn.is\/pistlar\/wp-json\/wp\/v2\/media?parent=1318"}],"wp:term":[{"taxonomy":"category","embeddable":true,"href":"https:\/\/www.norn.is\/pistlar\/wp-json\/wp\/v2\/categories?post=1318"},{"taxonomy":"post_tag","embeddable":true,"href":"https:\/\/www.norn.is\/pistlar\/wp-json\/wp\/v2\/tags?post=1318"}],"curies":[{"name":"wp","href":"https:\/\/api.w.org\/{rel}","templated":true}]}}