{"id":12966,"date":"2017-06-15T10:10:11","date_gmt":"2017-06-15T10:10:11","guid":{"rendered":"http:\/\/www.norn.is\/pistlar\/?p=12966"},"modified":"2018-09-18T11:16:30","modified_gmt":"2018-09-18T11:16:30","slug":"dylgjur-pals-magnussonar-i-gard-alfheidar-ingadottur","status":"publish","type":"post","link":"https:\/\/www.norn.is\/pistlar\/dylgjur-pals-magnussonar-i-gard-alfheidar-ingadottur\/","title":{"rendered":"Dylgjur P\u00e1ls Magn\u00fassonar \u00ed gar\u00f0 \u00c1lfhei\u00f0ar Ingad\u00f3ttur"},"content":{"rendered":"<p><a href=\"http:\/\/www.norn.is\/pistlar\/wp-content\/uploads\/sites\/2\/2017\/06\/pm-og-i.png\"><img loading=\"lazy\" decoding=\"async\" class=\"aligncenter size-full wp-image-12968\" src=\"http:\/\/www.norn.is\/pistlar\/wp-content\/uploads\/sites\/2\/2017\/06\/pm-og-i.png\" alt=\"\" width=\"532\" height=\"365\" srcset=\"https:\/\/www.norn.is\/pistlar\/wp-content\/uploads\/sites\/2\/2017\/06\/pm-og-i.png 532w, https:\/\/www.norn.is\/pistlar\/wp-content\/uploads\/sites\/2\/2017\/06\/pm-og-i-300x206.png 300w, https:\/\/www.norn.is\/pistlar\/wp-content\/uploads\/sites\/2\/2017\/06\/pm-og-i-437x300.png 437w\" sizes=\"auto, (max-width: 532px) 100vw, 532px\" \/><\/a>Katr\u00edn Jakobsd\u00f3ttir, forma\u00f0ur Vinstri gr\u00e6nna, hefur kalla\u00f0 eftir gagns\u00e6i var\u00f0andi vi\u00f0b\u00fana\u00f0 vi\u00f0 hry\u00f0juverka\u00f3gn. \u00deetta finnst P\u00e1li Magn\u00fassyni, \u00feingmanni Sj\u00e1lfst\u00e6\u00f0isflokksins, alveg st\u00f3rfur\u00f0ulegt. \u00a0Gagns\u00e6i g\u00e6ti nefnilega gagnast hry\u00f0juverkam\u00f6nnum.<!--more--><\/p>\n<p><iframe loading=\"lazy\" style=\"border: none; overflow: hidden;\" src=\"https:\/\/www.facebook.com\/plugins\/post.php?href=https%3A%2F%2Fwww.facebook.com%2Fpallmagnuss%2Fposts%2F311295992648596&amp;width=500\" width=\"500\" height=\"596\" frameborder=\"0\" scrolling=\"no\"><\/iframe><\/p>\n<p>P\u00e1ll tekur \u00fea\u00f0 au\u00f0vita\u00f0 ekki fram a\u00f0 allar a\u00f0ger\u00f0ir sem \u00e6tla\u00f0 er a\u00f0 tryggja r\u00e9tt og \u00f6ryggi almennings gagnvart valdh\u00f6fum geta gagnast hry\u00f0juverkam\u00f6nnum. Tr\u00fafrelsi, tj\u00e1ningarfrelsi, fer\u00f0afrelsi, fri\u00f0helgi einkal\u00edfs, r\u00e9tturinn til \u00feess a\u00f0 vera ekki sviptur frelsi e\u00f0a refsa\u00f0 \u00e1n lagaheimildar, allt gagnast \u00feetta hry\u00f0juverkam\u00f6nnum. Og valdastofnanir og stj\u00f3rnm\u00e1lamenn hafa sannarlega reynt a\u00f0 n\u00fdta s\u00e9r \u00fea\u00f0 til \u00feess a\u00f0 sker\u00f0a frelsi og r\u00e9ttindi almennings.<\/p>\n<p>&nbsp;<\/p>\n<p>\u00deegar P\u00e1ll er inntur eftir \u00fev\u00ed hva\u00f0 hann eigi vi\u00f0 me\u00f0 a\u00f0 \u00feessi sj\u00f3narmi\u00f0 hafi komi\u00f0 fram hj\u00e1 sumum forystum\u00f6nnum VG, sta\u00f0festir hann svo a\u00f0 \u00feessum a\u00f0dr\u00f3ttunum s\u00e9 beint a\u00f0 \u00c1lfhei\u00f0i Ingad\u00f3ttur en fullyr\u00f0ing hans er beint upp \u00far hinni h\u00e1p\u00f3lit\u00edsku sk\u00fdrslu Geirs J\u00f3ns \u00de\u00f3rissonar um B\u00fas\u00e1haldabyltinguna.<\/p>\n<p><iframe loading=\"lazy\" style=\"border: none; overflow: hidden;\" src=\"https:\/\/www.facebook.com\/plugins\/comment_embed.php?href=https%3A%2F%2Fwww.facebook.com%2Fpallmagnuss%2Fposts%2F311295992648596%3Fcomment_id%3D311628852615310%26reply_comment_id%3D311658775945651&amp;include_parent=false\" width=\"560\" height=\"179\" frameborder=\"0\" scrolling=\"no\"><\/iframe><\/p>\n<p>&nbsp;<\/p>\n<p><strong>L\u00f6greglan sem \u00f3vinur almennings<br \/>\n<\/strong>S\u00fa hugmynd anarkista og komm\u00fanista a\u00f0 l\u00f6greglan s\u00e9 \u00ed e\u00f0li s\u00ednu \u00f3vinur almennings er \u00fev\u00ed mi\u00f0ur engin t\u00edmaskekkja og \u00fea\u00f0 eru engar \u00fdkjur a\u00f0 upprunalegur tilgangur hennar var s\u00e1 a\u00f0 g\u00e6ta hagsmuna kap\u00edtalista. <a href=\"http:\/\/pistillinn.is\/2017\/06\/14\/saga-logreglunnar-og-andstaedinga-hennar\/\">H\u00e9r er aldeilis \u00e1g\u00e6t grein sem sk\u00fdrir \u00feau tengsl<\/a>.<\/p>\n<p>Vitanlega er l\u00f6greglunni \u00e6tla\u00f0 \u00fea\u00f0 hlutverk a\u00f0 vernda hinn almenna borgara gegn gl\u00e6pum og koma h\u00f6ndum yfir \u00fe\u00e1 sem brj\u00f3ta af s\u00e9r en henni er einnig \u00e6tla\u00f0 a\u00f0 vernda hagsmuni r\u00edkisins og \u00feetta tvennt fer ekki alltaf saman. \u00cd reynd er hlutverk l\u00f6greglunnar fyrst og fremst a\u00f0 vernda hagsmuni r\u00edkjandi valdhafa og l\u00f6greglan ver\u00f0ur sannarlega \u00f3vinur almennings \u00feegar ekki er haldi\u00f0 aftur af \u00feessu e\u00f0li hennar.<\/p>\n<p>\u00cd hnotskurn eru \u00fea\u00f0 \u00ferennskonar a\u00f0st\u00e6\u00f0ur sem skapa h\u00e6ttu \u00e1 \u00fev\u00ed a\u00f0 l\u00f6greglan ver\u00f0i \u00f3vinur f\u00f3lksins:<\/p>\n<ul>\n<li>\u00deegar l\u00f6greglan f\u00e6r \u00f3h\u00f3flegar heimildir til valdbeitingar e\u00f0a inngripa \u00ed einkal\u00edf borgaranna<\/li>\n<li>\u00deegar skortur er \u00e1 eftirliti me\u00f0 st\u00f6rfum hennar<\/li>\n<li>\u00deegar skortur er \u00e1 gagns\u00e6i og takmarka\u00f0 a\u00f0gengi a\u00f0 uppl\u00fdsingum um vinnubr\u00f6g\u00f0 og \u00e1kvar\u00f0anir l\u00f6greglu<\/li>\n<\/ul>\n<p>Misbeiting valds \u00fer\u00edfst \u00ed skj\u00f3li leyndar og \u00cdsland er \u00fear engin undanteking. \u00dea\u00f0 er varla til \u00fea\u00f0 r\u00edki \u00ed ver\u00f6ldinni \u00fear sem l\u00f6gregluvaldi hefur ekki einhvernt\u00edma veri\u00f0 misbeitt me\u00f0 fullri blessun \u00e6\u00f0stu handhafa framkv\u00e6mdarvaldins. \u00dea\u00f0 sem greinir Vesturl\u00f6nd \u00e1 okkar d\u00f6gum fr\u00e1 har\u00f0stj\u00f3rnarr\u00edkjum \u00feri\u00f0ja heimsins og einveldissamf\u00e9l\u00f6gum mi\u00f0alda er ekki \u00fea\u00f0 a\u00f0 l\u00f6gregla, her, \u00fatlendingaeftirlit og a\u00f0rar valdastofnanir s\u00e9u annars og ge\u00f0slegra e\u00f0lis, heldur hitt a\u00f0 \u00e1 Vesturl\u00f6ndum n\u00fa \u00e1 t\u00edmum er almennt betra eftirlit me\u00f0 yfirv\u00f6ldum og reglur gilda um gagns\u00e6i og a\u00f0gengi a\u00f0 uppl\u00fdsingum, b\u00e6\u00f0i um verklag \u00feeirra almennt og \u00fe\u00e1 atbur\u00f0i sem or\u00f0i\u00f0 hafa.<\/p>\n<p><a href=\"http:\/\/www.norn.is\/pistlar\/wp-content\/uploads\/sites\/2\/2017\/06\/o-edward-snowden-facebook-1024x512.jpg\"><img loading=\"lazy\" decoding=\"async\" class=\"aligncenter size-full wp-image-12967\" src=\"http:\/\/www.norn.is\/pistlar\/wp-content\/uploads\/sites\/2\/2017\/06\/o-edward-snowden-facebook-1024x512.jpg\" alt=\"\" width=\"1024\" height=\"512\" srcset=\"https:\/\/www.norn.is\/pistlar\/wp-content\/uploads\/sites\/2\/2017\/06\/o-edward-snowden-facebook-1024x512.jpg 1024w, https:\/\/www.norn.is\/pistlar\/wp-content\/uploads\/sites\/2\/2017\/06\/o-edward-snowden-facebook-1024x512-300x150.jpg 300w, https:\/\/www.norn.is\/pistlar\/wp-content\/uploads\/sites\/2\/2017\/06\/o-edward-snowden-facebook-1024x512-768x384.jpg 768w, https:\/\/www.norn.is\/pistlar\/wp-content\/uploads\/sites\/2\/2017\/06\/o-edward-snowden-facebook-1024x512-500x250.jpg 500w\" sizes=\"auto, (max-width: 1024px) 100vw, 1024px\" \/><\/a><\/p>\n<p>\u00dear sem yfirv\u00f6ld geta fali\u00f0 a\u00f0ger\u00f0ir s\u00ednar \u00e1n \u00feess a\u00f0 \u00feeir sem fyrir \u00feeim ver\u00f0a eigi raunh\u00e6fa m\u00f6guleika \u00e1 a\u00f0\u00a0komast a\u00f0 hinu sanna, \u00fear vi\u00f0gengst valdn\u00ed\u00f0sla. Gl\u00f6ggt d\u00e6mi um \u00feetta eru pers\u00f3nunj\u00f3sir. Skemmst er a\u00f0 minnast upplj\u00f3strana Edwards Snowden um umfangsmiki\u00f0 eftirlit bandar\u00edskra og breskra yfirvalda me\u00f0 hverjum \u00feeim sem notar internet\u00fej\u00f3nustu e\u00f0a s\u00edma, hvort sem hann er gruna\u00f0ur um afbrot e\u00f0a ekki.<\/p>\n<p>\u00c1 \u00cdslandi og \u00ed \u00f6llum n\u00e1grannal\u00f6ndum okkar hafa \u00f3l\u00f6glegar pers\u00f3nunj\u00f3snir og skr\u00e1setning uppl\u00fdsinga um p\u00f3lit\u00edskar hreyfingar vi\u00f0gengist \u00ed skj\u00f3li leyndar. \u00a0<span style=\"font-weight: 400;\">\u00c1 t\u00edmum kalda str\u00ed\u00f0sins f\u00f3ru fram skipulegar s\u00edmhleranir \u00e1 \u00cdslandi. Tilgangurinn var s\u00e1 a\u00f0 fylgjast me\u00f0 p\u00f3lit\u00edskum andst\u00e6\u00f0ingum sitjandi valdhafa. Enginn hefur \u00feurft a\u00f0 axla \u00e1byrg\u00f0 vegna s\u00edmhlerana og annarra brota gegn mannr\u00e9ttindum stj\u00f3rnm\u00e1lamanna sem aldrei voru \u00fe\u00f3 sekir um st\u00e6rri syndir en \u00fe\u00e6r a\u00f0 vera vinstri sinna\u00f0ir. <\/span><\/p>\n<p>Pers\u00f3nunj\u00f3snir \u00e1 \u00cdslandi tilheyra ekki a\u00f0eins fjarl\u00e6gri fort\u00ed\u00f0. A\u00f0eins 10 \u00e1r eru s\u00ed\u00f0an fluguma\u00f0urinn Mark Kennedy var sendur inn \u00ed h\u00f3p umhverfissinna \u00e1 \u00cdslandi.\u00a0<span style=\"font-weight: 400;\">\u00datiloka\u00f0 reyndist a\u00f0\u00a0f\u00e1 fram sv\u00f6r um \u00fea\u00f0 hvernig samstarfi l\u00f6greglunnar vi\u00f0 bresk yfirv\u00f6ld var h\u00e1tta\u00f0 \u00ed \u00fev\u00ed m\u00e1li. Enn\u00fe\u00e1 veit enginn nema l\u00f6greglan og hugsanlega fleiri yfirv\u00f6ld<\/span><span style=\"font-weight: 400;\">\u00a0hvort Bretar studdu \u00cdslendinga \u00ed \u00f3l\u00f6glegum nj\u00f3snum me\u00f0 \u00fev\u00ed a\u00f0 senda Mark Kennedy til \u00cdslands e\u00f0a hvort \u00edslensk yfirv\u00f6ld \u00fatvegu\u00f0u Bretum nj\u00f3snaa\u00f0st\u00f6\u00f0u \u00e1 \u00cdslandi.\u00a0<\/span><\/p>\n<p>Enginn sem hefur kynnt s\u00e9r misbeitingu heimilda til pers\u00f3nunj\u00f3sna \u00e1 \u00cdslandi \u00fearf a\u00f0 undrast \u00fe\u00f3tt \u00f3breyttir borgarar s\u00e9u uggandi yfir \u00fev\u00ed a\u00f0 l\u00f6greglan m\u00e6ti vopnu\u00f0 \u00e1 mannam\u00f3t.<\/p>\n<p>&nbsp;<\/p>\n<p><strong>Dylgjur \u00ed gar\u00f0 \u00c1lfhei\u00f0ar<\/strong><\/p>\n<p>Engin \u00e1st\u00e6\u00f0a er til a\u00f0 \u00e6tla a\u00f0 yfirv\u00f6ld sem misbeita valdi s\u00ednu til \u00feess a\u00f0 sker\u00f0a fri\u00f0helgi venjulegra borgara sem engum stafar nein \u00f3gn af, muni ekki misnota eftirlitsleysi og van\u00feekkingu almennings \u00e1 vopnv\u00e6\u00f0ingu og me\u00f0fer\u00f0 valdheimilda var\u00f0andi varnir gegn hry\u00f0juverkum. \u00deetta veit P\u00e1ll Magn\u00fasson. Honum finnst \u00fea\u00f0 bara allt \u00ed lagi.<\/p>\n<p>Hva\u00f0 var\u00f0ar a\u00f0dr\u00f3ttanir P\u00e1ls gagnvart \u00c1lfhei\u00f0i Ingad\u00f3ttur, \u00fe\u00e1 eru \u00fe\u00e6r svo heimskulegar a\u00f0 ma\u00f0ur veit ekki hvort ma\u00f0ur \u00e6tti frekar a\u00f0 hl\u00e6ja e\u00f0a gr\u00e1ta.<\/p>\n<p>Ekkert hefur nokkurssta\u00f0ar komi\u00f0 fram sem rennir sto\u00f0um undir \u00feann hugarbur\u00f0 nokkurra l\u00f6greglumanna a\u00f0 \u00c1lfhei\u00f0ur hafi gefi\u00f0 einum e\u00f0a neinum sl\u00edkar uppl\u00fdsingar. Af undarlegum \u00e1st\u00e6\u00f0um voru \u00feessir hugar\u00f3rar vi\u00f0ra\u00f0ir \u00ed sk\u00fdrslu l\u00f6greglunnar um B\u00fas\u00e1haldabyltinguna; sk\u00fdrslu sem er \u00ed besta falli litu\u00f0 af p\u00f3lit\u00edskum sko\u00f0unum og \u00ed versta falli kol\u00f3l\u00f6gleg.<\/p>\n<p>\u00dea\u00f0 er \u00feingmanninum sj\u00e1lfum til h\u00e1borinnar skammar a\u00f0 tyggja \u00feessa \u00fev\u00e6lu upp \u00e1 opinberum vettvangi. Sk\u00fdrsluskr\u00edpi\u00f0 sj\u00e1lft er okkur svo aftur \u00e1minning um \u00feann \u00f3\u00fe\u00e6gilega sannleika a\u00f0 l\u00f6greglan er p\u00f3lit\u00edsk stofnun. \u00deegar vi\u00f0 sj\u00e1um s\u00e9rsveitarmenn rixa um Austurv\u00f6ll, vopna\u00f0a skammbyssum, \u00fe\u00e1 erum vi\u00f0 ekki bara horfa \u00e1 \u00fe\u00e1 sem eiga a\u00f0 vernda okkur gegn hr\u00e6\u00f0ilegum \u00fatlendingum. Vi\u00f0 erum einnig a\u00f0 horfa \u00e1 fulltr\u00faa r\u00edkisstj\u00f3rnar og \u00fe\u00e1 fyrst og fremst fulltr\u00faa Sj\u00e1lfst\u00e6\u00f0isflokksins, fulltr\u00faa manna eins og P\u00e1ls Magn\u00fassonar, sem finnst alger \u00f3\u00fearfi a\u00f0 almenningur viti eitthva\u00f0 um \u00fea\u00f0 hvernig sta\u00f0i\u00f0 er a\u00f0 vopnv\u00e6\u00f0ingu l\u00f6greglu og manndr\u00e1pum \u00e1 vegum yfirvalda.<\/p>\n","protected":false},"excerpt":{"rendered":"<p>Katr\u00edn Jakobsd\u00f3ttir, forma\u00f0ur Vinstri gr\u00e6nna, hefur kalla\u00f0 eftir gagns\u00e6i var\u00f0andi vi\u00f0b\u00fana\u00f0 vi\u00f0 hry\u00f0juverka\u00f3gn. \u00deetta finnst P\u00e1li Magn\u00fassyni, \u00feingmanni Sj\u00e1lfst\u00e6\u00f0isflokksins, alveg st\u00f3rfur\u00f0ulegt. \u00a0Gagns\u00e6i g\u00e6ti nefnilega gagnast hry\u00f0juverkam\u00f6nnum.<\/p>\n","protected":false},"author":2,"featured_media":0,"comment_status":"closed","ping_status":"closed","sticky":false,"template":"","format":"standard","meta":{"footnotes":"","_links_to":"","_links_to_target":""},"categories":[15,1,22],"tags":[369,1068,788],"class_list":["post-12966","post","type-post","status-publish","format-standard","hentry","category-andof-og-yfirvald","category-pistlar","category-umraedan","tag-busahaldabyltingin","tag-stjornmalamenn","tag-vopnaburdur"],"yoast_head":"<!-- This site is optimized with the Yoast SEO plugin v27.4 - https:\/\/yoast.com\/product\/yoast-seo-wordpress\/ -->\n<title>Dylgjur P\u00e1ls Magn\u00fassonar \u00ed gar\u00f0 \u00c1lfhei\u00f0ar Ingad\u00f3ttur - Pistlar Evu<\/title>\n<meta name=\"robots\" content=\"index, follow, max-snippet:-1, max-image-preview:large, max-video-preview:-1\" \/>\n<link rel=\"canonical\" href=\"https:\/\/www.norn.is\/pistlar\/dylgjur-pals-magnussonar-i-gard-alfheidar-ingadottur\/\" \/>\n<meta property=\"og:locale\" content=\"is_IS\" \/>\n<meta property=\"og:type\" content=\"article\" \/>\n<meta property=\"og:title\" content=\"Dylgjur P\u00e1ls Magn\u00fassonar \u00ed gar\u00f0 \u00c1lfhei\u00f0ar Ingad\u00f3ttur - Pistlar Evu\" \/>\n<meta property=\"og:description\" content=\"Katr\u00edn Jakobsd\u00f3ttir, forma\u00f0ur Vinstri gr\u00e6nna, hefur kalla\u00f0 eftir gagns\u00e6i var\u00f0andi vi\u00f0b\u00fana\u00f0 vi\u00f0 hry\u00f0juverka\u00f3gn. \u00deetta finnst P\u00e1li Magn\u00fassyni, \u00feingmanni Sj\u00e1lfst\u00e6\u00f0isflokksins, alveg st\u00f3rfur\u00f0ulegt. \u00a0Gagns\u00e6i g\u00e6ti nefnilega gagnast hry\u00f0juverkam\u00f6nnum.\" \/>\n<meta property=\"og:url\" content=\"https:\/\/www.norn.is\/pistlar\/dylgjur-pals-magnussonar-i-gard-alfheidar-ingadottur\/\" \/>\n<meta property=\"og:site_name\" content=\"Pistlar Evu\" \/>\n<meta property=\"article:published_time\" content=\"2017-06-15T10:10:11+00:00\" \/>\n<meta property=\"article:modified_time\" content=\"2018-09-18T11:16:30+00:00\" \/>\n<meta property=\"og:image\" content=\"http:\/\/www.norn.is\/pistlar\/wp-content\/uploads\/sites\/2\/2017\/06\/pm-og-i.png\" \/>\n<meta name=\"author\" content=\"Eva Hauksd\u00f3ttir\" \/>\n<meta name=\"twitter:card\" content=\"summary_large_image\" \/>\n<meta name=\"twitter:label1\" content=\"Written by\" \/>\n\t<meta name=\"twitter:data1\" content=\"\" \/>\n\t<meta name=\"twitter:label2\" content=\"Est. reading time\" \/>\n\t<meta name=\"twitter:data2\" content=\"5 minutes\" \/>\n<script type=\"application\/ld+json\" class=\"yoast-schema-graph\">{\"@context\":\"https:\\\/\\\/schema.org\",\"@graph\":[{\"@type\":\"Article\",\"@id\":\"https:\\\/\\\/www.norn.is\\\/pistlar\\\/dylgjur-pals-magnussonar-i-gard-alfheidar-ingadottur\\\/#article\",\"isPartOf\":{\"@id\":\"https:\\\/\\\/www.norn.is\\\/pistlar\\\/dylgjur-pals-magnussonar-i-gard-alfheidar-ingadottur\\\/\"},\"author\":{\"name\":\"Eva Hauksd\u00f3ttir\",\"@id\":\"https:\\\/\\\/www.norn.is\\\/pistlar\\\/#\\\/schema\\\/person\\\/2eb0fcae9e1ecc61987f7ed9c878531c\"},\"headline\":\"Dylgjur P\u00e1ls Magn\u00fassonar \u00ed gar\u00f0 \u00c1lfhei\u00f0ar Ingad\u00f3ttur\",\"datePublished\":\"2017-06-15T10:10:11+00:00\",\"dateModified\":\"2018-09-18T11:16:30+00:00\",\"mainEntityOfPage\":{\"@id\":\"https:\\\/\\\/www.norn.is\\\/pistlar\\\/dylgjur-pals-magnussonar-i-gard-alfheidar-ingadottur\\\/\"},\"wordCount\":1104,\"image\":{\"@id\":\"https:\\\/\\\/www.norn.is\\\/pistlar\\\/dylgjur-pals-magnussonar-i-gard-alfheidar-ingadottur\\\/#primaryimage\"},\"thumbnailUrl\":\"http:\\\/\\\/www.norn.is\\\/pistlar\\\/wp-content\\\/uploads\\\/sites\\\/2\\\/2017\\\/06\\\/pm-og-i.png\",\"keywords\":[\"B\u00fas\u00e1haldabyltingin\",\"Stj\u00f3rnm\u00e1lamenn\",\"Vopnabur\u00f0ur\"],\"articleSection\":[\"And\u00f3f og yfirvald\",\"Pistlar um samf\u00e9lagsm\u00e1l\",\"Umr\u00e6\u00f0an\"],\"inLanguage\":\"is\"},{\"@type\":\"WebPage\",\"@id\":\"https:\\\/\\\/www.norn.is\\\/pistlar\\\/dylgjur-pals-magnussonar-i-gard-alfheidar-ingadottur\\\/\",\"url\":\"https:\\\/\\\/www.norn.is\\\/pistlar\\\/dylgjur-pals-magnussonar-i-gard-alfheidar-ingadottur\\\/\",\"name\":\"Dylgjur P\u00e1ls Magn\u00fassonar \u00ed gar\u00f0 \u00c1lfhei\u00f0ar Ingad\u00f3ttur - Pistlar Evu\",\"isPartOf\":{\"@id\":\"https:\\\/\\\/www.norn.is\\\/pistlar\\\/#website\"},\"primaryImageOfPage\":{\"@id\":\"https:\\\/\\\/www.norn.is\\\/pistlar\\\/dylgjur-pals-magnussonar-i-gard-alfheidar-ingadottur\\\/#primaryimage\"},\"image\":{\"@id\":\"https:\\\/\\\/www.norn.is\\\/pistlar\\\/dylgjur-pals-magnussonar-i-gard-alfheidar-ingadottur\\\/#primaryimage\"},\"thumbnailUrl\":\"http:\\\/\\\/www.norn.is\\\/pistlar\\\/wp-content\\\/uploads\\\/sites\\\/2\\\/2017\\\/06\\\/pm-og-i.png\",\"datePublished\":\"2017-06-15T10:10:11+00:00\",\"dateModified\":\"2018-09-18T11:16:30+00:00\",\"author\":{\"@id\":\"https:\\\/\\\/www.norn.is\\\/pistlar\\\/#\\\/schema\\\/person\\\/2eb0fcae9e1ecc61987f7ed9c878531c\"},\"breadcrumb\":{\"@id\":\"https:\\\/\\\/www.norn.is\\\/pistlar\\\/dylgjur-pals-magnussonar-i-gard-alfheidar-ingadottur\\\/#breadcrumb\"},\"inLanguage\":\"is\",\"potentialAction\":[{\"@type\":\"ReadAction\",\"target\":[\"https:\\\/\\\/www.norn.is\\\/pistlar\\\/dylgjur-pals-magnussonar-i-gard-alfheidar-ingadottur\\\/\"]}]},{\"@type\":\"ImageObject\",\"inLanguage\":\"is\",\"@id\":\"https:\\\/\\\/www.norn.is\\\/pistlar\\\/dylgjur-pals-magnussonar-i-gard-alfheidar-ingadottur\\\/#primaryimage\",\"url\":\"http:\\\/\\\/www.norn.is\\\/pistlar\\\/wp-content\\\/uploads\\\/sites\\\/2\\\/2017\\\/06\\\/pm-og-i.png\",\"contentUrl\":\"http:\\\/\\\/www.norn.is\\\/pistlar\\\/wp-content\\\/uploads\\\/sites\\\/2\\\/2017\\\/06\\\/pm-og-i.png\"},{\"@type\":\"BreadcrumbList\",\"@id\":\"https:\\\/\\\/www.norn.is\\\/pistlar\\\/dylgjur-pals-magnussonar-i-gard-alfheidar-ingadottur\\\/#breadcrumb\",\"itemListElement\":[{\"@type\":\"ListItem\",\"position\":1,\"name\":\"Home\",\"item\":\"https:\\\/\\\/www.norn.is\\\/pistlar\\\/\"},{\"@type\":\"ListItem\",\"position\":2,\"name\":\"Dylgjur P\u00e1ls Magn\u00fassonar \u00ed gar\u00f0 \u00c1lfhei\u00f0ar Ingad\u00f3ttur\"}]},{\"@type\":\"WebSite\",\"@id\":\"https:\\\/\\\/www.norn.is\\\/pistlar\\\/#website\",\"url\":\"https:\\\/\\\/www.norn.is\\\/pistlar\\\/\",\"name\":\"Pistlar Evu\",\"description\":\"\",\"potentialAction\":[{\"@type\":\"SearchAction\",\"target\":{\"@type\":\"EntryPoint\",\"urlTemplate\":\"https:\\\/\\\/www.norn.is\\\/pistlar\\\/?s={search_term_string}\"},\"query-input\":{\"@type\":\"PropertyValueSpecification\",\"valueRequired\":true,\"valueName\":\"search_term_string\"}}],\"inLanguage\":\"is\"},{\"@type\":\"Person\",\"@id\":\"https:\\\/\\\/www.norn.is\\\/pistlar\\\/#\\\/schema\\\/person\\\/2eb0fcae9e1ecc61987f7ed9c878531c\",\"name\":\"Eva Hauksd\u00f3ttir\",\"sameAs\":[\"http:\\\/\\\/www.norn.is\"],\"url\":\"https:\\\/\\\/www.norn.is\\\/pistlar\\\/author\\\/eva\\\/\"}]}<\/script>\n<!-- \/ Yoast SEO plugin. -->","yoast_head_json":{"title":"Dylgjur P\u00e1ls Magn\u00fassonar \u00ed gar\u00f0 \u00c1lfhei\u00f0ar Ingad\u00f3ttur - Pistlar Evu","robots":{"index":"index","follow":"follow","max-snippet":"max-snippet:-1","max-image-preview":"max-image-preview:large","max-video-preview":"max-video-preview:-1"},"canonical":"https:\/\/www.norn.is\/pistlar\/dylgjur-pals-magnussonar-i-gard-alfheidar-ingadottur\/","og_locale":"is_IS","og_type":"article","og_title":"Dylgjur P\u00e1ls Magn\u00fassonar \u00ed gar\u00f0 \u00c1lfhei\u00f0ar Ingad\u00f3ttur - Pistlar Evu","og_description":"Katr\u00edn Jakobsd\u00f3ttir, forma\u00f0ur Vinstri gr\u00e6nna, hefur kalla\u00f0 eftir gagns\u00e6i var\u00f0andi vi\u00f0b\u00fana\u00f0 vi\u00f0 hry\u00f0juverka\u00f3gn. \u00deetta finnst P\u00e1li Magn\u00fassyni, \u00feingmanni Sj\u00e1lfst\u00e6\u00f0isflokksins, alveg st\u00f3rfur\u00f0ulegt. \u00a0Gagns\u00e6i g\u00e6ti nefnilega gagnast hry\u00f0juverkam\u00f6nnum.","og_url":"https:\/\/www.norn.is\/pistlar\/dylgjur-pals-magnussonar-i-gard-alfheidar-ingadottur\/","og_site_name":"Pistlar Evu","article_published_time":"2017-06-15T10:10:11+00:00","article_modified_time":"2018-09-18T11:16:30+00:00","og_image":[{"url":"http:\/\/www.norn.is\/pistlar\/wp-content\/uploads\/sites\/2\/2017\/06\/pm-og-i.png","type":"","width":"","height":""}],"author":"Eva Hauksd\u00f3ttir","twitter_card":"summary_large_image","twitter_misc":{"Written by":false,"Est. reading time":"5 minutes"},"schema":{"@context":"https:\/\/schema.org","@graph":[{"@type":"Article","@id":"https:\/\/www.norn.is\/pistlar\/dylgjur-pals-magnussonar-i-gard-alfheidar-ingadottur\/#article","isPartOf":{"@id":"https:\/\/www.norn.is\/pistlar\/dylgjur-pals-magnussonar-i-gard-alfheidar-ingadottur\/"},"author":{"name":"Eva Hauksd\u00f3ttir","@id":"https:\/\/www.norn.is\/pistlar\/#\/schema\/person\/2eb0fcae9e1ecc61987f7ed9c878531c"},"headline":"Dylgjur P\u00e1ls Magn\u00fassonar \u00ed gar\u00f0 \u00c1lfhei\u00f0ar Ingad\u00f3ttur","datePublished":"2017-06-15T10:10:11+00:00","dateModified":"2018-09-18T11:16:30+00:00","mainEntityOfPage":{"@id":"https:\/\/www.norn.is\/pistlar\/dylgjur-pals-magnussonar-i-gard-alfheidar-ingadottur\/"},"wordCount":1104,"image":{"@id":"https:\/\/www.norn.is\/pistlar\/dylgjur-pals-magnussonar-i-gard-alfheidar-ingadottur\/#primaryimage"},"thumbnailUrl":"http:\/\/www.norn.is\/pistlar\/wp-content\/uploads\/sites\/2\/2017\/06\/pm-og-i.png","keywords":["B\u00fas\u00e1haldabyltingin","Stj\u00f3rnm\u00e1lamenn","Vopnabur\u00f0ur"],"articleSection":["And\u00f3f og yfirvald","Pistlar um samf\u00e9lagsm\u00e1l","Umr\u00e6\u00f0an"],"inLanguage":"is"},{"@type":"WebPage","@id":"https:\/\/www.norn.is\/pistlar\/dylgjur-pals-magnussonar-i-gard-alfheidar-ingadottur\/","url":"https:\/\/www.norn.is\/pistlar\/dylgjur-pals-magnussonar-i-gard-alfheidar-ingadottur\/","name":"Dylgjur P\u00e1ls Magn\u00fassonar \u00ed gar\u00f0 \u00c1lfhei\u00f0ar Ingad\u00f3ttur - Pistlar Evu","isPartOf":{"@id":"https:\/\/www.norn.is\/pistlar\/#website"},"primaryImageOfPage":{"@id":"https:\/\/www.norn.is\/pistlar\/dylgjur-pals-magnussonar-i-gard-alfheidar-ingadottur\/#primaryimage"},"image":{"@id":"https:\/\/www.norn.is\/pistlar\/dylgjur-pals-magnussonar-i-gard-alfheidar-ingadottur\/#primaryimage"},"thumbnailUrl":"http:\/\/www.norn.is\/pistlar\/wp-content\/uploads\/sites\/2\/2017\/06\/pm-og-i.png","datePublished":"2017-06-15T10:10:11+00:00","dateModified":"2018-09-18T11:16:30+00:00","author":{"@id":"https:\/\/www.norn.is\/pistlar\/#\/schema\/person\/2eb0fcae9e1ecc61987f7ed9c878531c"},"breadcrumb":{"@id":"https:\/\/www.norn.is\/pistlar\/dylgjur-pals-magnussonar-i-gard-alfheidar-ingadottur\/#breadcrumb"},"inLanguage":"is","potentialAction":[{"@type":"ReadAction","target":["https:\/\/www.norn.is\/pistlar\/dylgjur-pals-magnussonar-i-gard-alfheidar-ingadottur\/"]}]},{"@type":"ImageObject","inLanguage":"is","@id":"https:\/\/www.norn.is\/pistlar\/dylgjur-pals-magnussonar-i-gard-alfheidar-ingadottur\/#primaryimage","url":"http:\/\/www.norn.is\/pistlar\/wp-content\/uploads\/sites\/2\/2017\/06\/pm-og-i.png","contentUrl":"http:\/\/www.norn.is\/pistlar\/wp-content\/uploads\/sites\/2\/2017\/06\/pm-og-i.png"},{"@type":"BreadcrumbList","@id":"https:\/\/www.norn.is\/pistlar\/dylgjur-pals-magnussonar-i-gard-alfheidar-ingadottur\/#breadcrumb","itemListElement":[{"@type":"ListItem","position":1,"name":"Home","item":"https:\/\/www.norn.is\/pistlar\/"},{"@type":"ListItem","position":2,"name":"Dylgjur P\u00e1ls Magn\u00fassonar \u00ed gar\u00f0 \u00c1lfhei\u00f0ar Ingad\u00f3ttur"}]},{"@type":"WebSite","@id":"https:\/\/www.norn.is\/pistlar\/#website","url":"https:\/\/www.norn.is\/pistlar\/","name":"Pistlar Evu","description":"","potentialAction":[{"@type":"SearchAction","target":{"@type":"EntryPoint","urlTemplate":"https:\/\/www.norn.is\/pistlar\/?s={search_term_string}"},"query-input":{"@type":"PropertyValueSpecification","valueRequired":true,"valueName":"search_term_string"}}],"inLanguage":"is"},{"@type":"Person","@id":"https:\/\/www.norn.is\/pistlar\/#\/schema\/person\/2eb0fcae9e1ecc61987f7ed9c878531c","name":"Eva Hauksd\u00f3ttir","sameAs":["http:\/\/www.norn.is"],"url":"https:\/\/www.norn.is\/pistlar\/author\/eva\/"}]}},"_links":{"self":[{"href":"https:\/\/www.norn.is\/pistlar\/wp-json\/wp\/v2\/posts\/12966","targetHints":{"allow":["GET"]}}],"collection":[{"href":"https:\/\/www.norn.is\/pistlar\/wp-json\/wp\/v2\/posts"}],"about":[{"href":"https:\/\/www.norn.is\/pistlar\/wp-json\/wp\/v2\/types\/post"}],"author":[{"embeddable":true,"href":"https:\/\/www.norn.is\/pistlar\/wp-json\/wp\/v2\/users\/2"}],"replies":[{"embeddable":true,"href":"https:\/\/www.norn.is\/pistlar\/wp-json\/wp\/v2\/comments?post=12966"}],"version-history":[{"count":1,"href":"https:\/\/www.norn.is\/pistlar\/wp-json\/wp\/v2\/posts\/12966\/revisions"}],"predecessor-version":[{"id":12969,"href":"https:\/\/www.norn.is\/pistlar\/wp-json\/wp\/v2\/posts\/12966\/revisions\/12969"}],"wp:attachment":[{"href":"https:\/\/www.norn.is\/pistlar\/wp-json\/wp\/v2\/media?parent=12966"}],"wp:term":[{"taxonomy":"category","embeddable":true,"href":"https:\/\/www.norn.is\/pistlar\/wp-json\/wp\/v2\/categories?post=12966"},{"taxonomy":"post_tag","embeddable":true,"href":"https:\/\/www.norn.is\/pistlar\/wp-json\/wp\/v2\/tags?post=12966"}],"curies":[{"name":"wp","href":"https:\/\/api.w.org\/{rel}","templated":true}]}}