{"id":10823,"date":"2015-06-22T15:56:52","date_gmt":"2015-06-22T15:56:52","guid":{"rendered":"http:\/\/www.norn.is\/pistlar\/?p=10823"},"modified":"2018-09-18T13:55:00","modified_gmt":"2018-09-18T13:55:00","slug":"adalvardstjori-logreglunnar-tjair-sig","status":"publish","type":"post","link":"https:\/\/www.norn.is\/pistlar\/adalvardstjori-logreglunnar-tjair-sig\/","title":{"rendered":"A\u00f0alvar\u00f0stj\u00f3ri l\u00f6greglunnar tj\u00e1ir sig"},"content":{"rendered":"<p><a href=\"http:\/\/www.norn.is\/pistlar\/wp-content\/uploads\/sites\/2\/2015\/06\/logga-merki-688x451.jpg\"><img loading=\"lazy\" decoding=\"async\" class=\"aligncenter size-full wp-image-10825\" src=\"http:\/\/www.norn.is\/pistlar\/wp-content\/uploads\/sites\/2\/2015\/06\/logga-merki-688x451.jpg\" alt=\"logga-merki-688x451\" width=\"688\" height=\"451\" srcset=\"https:\/\/www.norn.is\/pistlar\/wp-content\/uploads\/sites\/2\/2015\/06\/logga-merki-688x451.jpg 688w, https:\/\/www.norn.is\/pistlar\/wp-content\/uploads\/sites\/2\/2015\/06\/logga-merki-688x451-300x197.jpg 300w, https:\/\/www.norn.is\/pistlar\/wp-content\/uploads\/sites\/2\/2015\/06\/logga-merki-688x451-458x300.jpg 458w\" sizes=\"auto, (max-width: 688px) 100vw, 688px\" \/><\/a>\u00dea\u00f0 er alltaf gott til \u00feess a\u00f0 vita a\u00f0 f\u00f3lki finnist gaman \u00ed vinnunni sinni en \u00ed flestum st\u00f6rfum, hversu skemmtileg sem \u00feau annars eru, \u00fearf f\u00f3lk a\u00f0 leysa af hendi einhver verkefni sem setja d\u00e1l\u00edtinn skugga \u00e1 annars fr\u00e1b\u00e6rt starf. <!--more-->\u00c9g \u00edmynda m\u00e9r t.d. a\u00f0 g\u00f3\u00f0ur l\u00f6greglu\u00fej\u00f3nn, sem f\u00e6r kikk \u00fat \u00far \u00fev\u00ed a\u00f0 a\u00f0sto\u00f0a borgarana og leggja sitt af m\u00f6rkum til \u00feess a\u00f0 leysa sakam\u00e1l og koma \u00ed veg fyrir gl\u00e6pi, s\u00e9 svol\u00edti\u00f0 lei\u00f0ur \u00feegar hann \u00fearf a\u00f0 taka \u00fe\u00e1tt \u00ed a\u00f0ger\u00f0um sem sker\u00f0a fri\u00f0helgi einkal\u00edfsins, svosem h\u00fasleit og s\u00edmhlustun. Sl\u00edkar a\u00f0ger\u00f0ir geta veri\u00f0 nau\u00f0synlegar en h\u00e6ttan \u00e1 \u00fev\u00ed a\u00f0 gengi\u00f0 s\u00e9 \u00e1 mannr\u00e9ttindi f\u00f3lks er mikil.<\/p>\n<p>Sj\u00e1lfsagt eru einhverjir \u00ed l\u00f6greglunni sem taka \u00fea\u00f0 n\u00e6rri s\u00e9r a\u00f0 \u00feurfa a\u00f0 ganga n\u00e6rri pers\u00f3nufrelsi og fri\u00f0helgi annarra en h\u00e9r sj\u00e1um vi\u00f0 d\u00e6mi um l\u00f6ggu sem finnst \u00fea\u00f0 s\u00ed\u00f0ur en svo lei\u00f0inlegt.<\/p>\n<p><a href=\"http:\/\/www.norn.is\/pistlar\/wp-content\/uploads\/sites\/2\/2015\/06\/11219527_10152768361892202_6592781917312442204_n.jpg\"><img loading=\"lazy\" decoding=\"async\" class=\"aligncenter size-full wp-image-10826\" src=\"http:\/\/www.norn.is\/pistlar\/wp-content\/uploads\/sites\/2\/2015\/06\/11219527_10152768361892202_6592781917312442204_n.jpg\" alt=\"11219527_10152768361892202_6592781917312442204_n\" width=\"861\" height=\"99\" srcset=\"https:\/\/www.norn.is\/pistlar\/wp-content\/uploads\/sites\/2\/2015\/06\/11219527_10152768361892202_6592781917312442204_n.jpg 861w, https:\/\/www.norn.is\/pistlar\/wp-content\/uploads\/sites\/2\/2015\/06\/11219527_10152768361892202_6592781917312442204_n-300x34.jpg 300w, https:\/\/www.norn.is\/pistlar\/wp-content\/uploads\/sites\/2\/2015\/06\/11219527_10152768361892202_6592781917312442204_n-768x88.jpg 768w, https:\/\/www.norn.is\/pistlar\/wp-content\/uploads\/sites\/2\/2015\/06\/11219527_10152768361892202_6592781917312442204_n-500x57.jpg 500w\" sizes=\"auto, (max-width: 861px) 100vw, 861px\" \/><\/a><\/p>\n<blockquote class=\"center\"><p>\u201eMiki\u00f0 vona \u00e9g a\u00f0 allar heimildir ver\u00f0i n\u00fdttar til a\u00f0 leita \u00e1 d\u00f3pistal\u00fd\u00f0 \u00ed Laugardalnum\u201c<\/p><\/blockquote>\n<p>\u201eD\u00f3pistal\u00fd\u00f0urinn\u201c sem a\u00f0alvar\u00f0stj\u00f3rinn talar h\u00e9r um eru \u00fe\u00fasundir venjulegra ungmenna sem \u00e6tla a\u00f0 safnast saman til \u00feess a\u00f0 hlusta \u00e1 t\u00f3nlist. Sum \u00feeirra reykja gras en engin \u00e1st\u00e6\u00f0a er til a\u00f0 telja \u00feetta f\u00f3lk h\u00e6ttulegt.<\/p>\n<div id=\"attachment_10828\" style=\"width: 191px\" class=\"wp-caption aligncenter\"><a href=\"http:\/\/www.norn.is\/pistlar\/wp-content\/uploads\/sites\/2\/2015\/06\/imagehandler-ashx_-181x300-1.jpeg\"><img loading=\"lazy\" decoding=\"async\" aria-describedby=\"caption-attachment-10828\" class=\"wp-image-10828 size-full\" src=\"http:\/\/www.norn.is\/pistlar\/wp-content\/uploads\/sites\/2\/2015\/06\/imagehandler-ashx_-181x300-1.jpeg\" alt=\"imagehandlerhx_-181x300 (1)\" width=\"181\" height=\"300\" \/><\/a><p id=\"caption-attachment-10828\" class=\"wp-caption-text\">Gu\u00f0mundur Fylkisson<\/p><\/div>\n<p>Ef allar heimildir eru n\u00fdttar til \u00feess a\u00f0 ganga eins n\u00e6rri einkal\u00edfi t\u00f3nleikagesta og m\u00f6gulegt er (hvort heldur er \u00e1 \u00feessari t\u00f3nlistarh\u00e1t\u00ed\u00f0 e\u00f0a \u00f6\u00f0rum menningarvi\u00f0bur\u00f0um) \u00fe\u00e1 er \u00fea\u00f0 ekki vegna almannahagsmuna heldur til \u00feess runka valdaf\u00edkn l\u00f6greglumanna \u00e1 bor\u00f0 vi\u00f0 Gu\u00f0mund Fylkisson.<\/p>\n","protected":false},"excerpt":{"rendered":"<p>\u00dea\u00f0 er alltaf gott til \u00feess a\u00f0 vita a\u00f0 f\u00f3lki finnist gaman \u00ed vinnunni sinni en \u00ed flestum st\u00f6rfum, hversu skemmtileg sem \u00feau annars eru, \u00fearf f\u00f3lk a\u00f0 leysa af hendi einhver verkefni sem setja d\u00e1l\u00edtinn skugga \u00e1 annars fr\u00e1b\u00e6rt &hellip; <a href=\"https:\/\/www.norn.is\/pistlar\/adalvardstjori-logreglunnar-tjair-sig\/\">Halda \u00e1fram a\u00f0 lesa <span class=\"meta-nav\">&rarr;<\/span><\/a><\/p>\n","protected":false},"author":1,"featured_media":10825,"comment_status":"closed","ping_status":"closed","sticky":false,"template":"","format":"standard","meta":{"footnotes":"","_links_to":"","_links_to_target":""},"categories":[15,1],"tags":[298,732],"class_list":["post-10823","post","type-post","status-publish","format-standard","has-post-thumbnail","hentry","category-andof-og-yfirvald","category-pistlar","tag-fridhelgi","tag-stridid-gegn-fikniefnum"],"yoast_head":"<!-- This site is optimized with the Yoast SEO plugin v27.5 - https:\/\/yoast.com\/product\/yoast-seo-wordpress\/ -->\n<title>A\u00f0alvar\u00f0stj\u00f3ri l\u00f6greglunnar tj\u00e1ir sig - Pistlar Evu<\/title>\n<meta name=\"robots\" content=\"index, follow, max-snippet:-1, max-image-preview:large, max-video-preview:-1\" \/>\n<link rel=\"canonical\" href=\"https:\/\/www.norn.is\/pistlar\/adalvardstjori-logreglunnar-tjair-sig\/\" \/>\n<meta property=\"og:locale\" content=\"is_IS\" \/>\n<meta property=\"og:type\" content=\"article\" \/>\n<meta property=\"og:title\" content=\"A\u00f0alvar\u00f0stj\u00f3ri l\u00f6greglunnar tj\u00e1ir sig - Pistlar Evu\" \/>\n<meta property=\"og:description\" content=\"\u00dea\u00f0 er alltaf gott til \u00feess a\u00f0 vita a\u00f0 f\u00f3lki finnist gaman \u00ed vinnunni sinni en \u00ed flestum st\u00f6rfum, hversu skemmtileg sem \u00feau annars eru, \u00fearf f\u00f3lk a\u00f0 leysa af hendi einhver verkefni sem setja d\u00e1l\u00edtinn skugga \u00e1 annars fr\u00e1b\u00e6rt &hellip; Halda \u00e1fram a\u00f0 lesa &rarr;\" \/>\n<meta property=\"og:url\" content=\"https:\/\/www.norn.is\/pistlar\/adalvardstjori-logreglunnar-tjair-sig\/\" \/>\n<meta property=\"og:site_name\" content=\"Pistlar Evu\" \/>\n<meta property=\"article:published_time\" content=\"2015-06-22T15:56:52+00:00\" \/>\n<meta property=\"article:modified_time\" content=\"2018-09-18T13:55:00+00:00\" \/>\n<meta property=\"og:image\" content=\"https:\/\/www.norn.is\/pistlar\/wp-content\/uploads\/sites\/2\/2015\/06\/logga-merki-688x451.jpg\" \/>\n\t<meta property=\"og:image:width\" content=\"688\" \/>\n\t<meta property=\"og:image:height\" content=\"451\" \/>\n\t<meta property=\"og:image:type\" content=\"image\/jpeg\" \/>\n<meta name=\"author\" content=\"admin\" \/>\n<meta name=\"twitter:card\" content=\"summary_large_image\" \/>\n<meta name=\"twitter:label1\" content=\"Written by\" \/>\n\t<meta name=\"twitter:data1\" content=\"\" \/>\n\t<meta name=\"twitter:label2\" content=\"Est. reading time\" \/>\n\t<meta name=\"twitter:data2\" content=\"2 minutes\" \/>\n<script type=\"application\/ld+json\" class=\"yoast-schema-graph\">{\"@context\":\"https:\\\/\\\/schema.org\",\"@graph\":[{\"@type\":\"Article\",\"@id\":\"https:\\\/\\\/www.norn.is\\\/pistlar\\\/adalvardstjori-logreglunnar-tjair-sig\\\/#article\",\"isPartOf\":{\"@id\":\"https:\\\/\\\/www.norn.is\\\/pistlar\\\/adalvardstjori-logreglunnar-tjair-sig\\\/\"},\"author\":{\"name\":\"admin\",\"@id\":\"https:\\\/\\\/www.norn.is\\\/pistlar\\\/#\\\/schema\\\/person\\\/1a27d7aee01469adf3180f8fd9e72c46\"},\"headline\":\"A\u00f0alvar\u00f0stj\u00f3ri l\u00f6greglunnar tj\u00e1ir sig\",\"datePublished\":\"2015-06-22T15:56:52+00:00\",\"dateModified\":\"2018-09-18T13:55:00+00:00\",\"mainEntityOfPage\":{\"@id\":\"https:\\\/\\\/www.norn.is\\\/pistlar\\\/adalvardstjori-logreglunnar-tjair-sig\\\/\"},\"wordCount\":313,\"image\":{\"@id\":\"https:\\\/\\\/www.norn.is\\\/pistlar\\\/adalvardstjori-logreglunnar-tjair-sig\\\/#primaryimage\"},\"thumbnailUrl\":\"https:\\\/\\\/www.norn.is\\\/pistlar\\\/wp-content\\\/uploads\\\/sites\\\/2\\\/2015\\\/06\\\/logga-merki-688x451.jpg\",\"keywords\":[\"Fri\u00f0helgi\",\"Str\u00ed\u00f0i\u00f0 gegn f\u00edkniefnum\"],\"articleSection\":[\"And\u00f3f og yfirvald\",\"Pistlar um samf\u00e9lagsm\u00e1l\"],\"inLanguage\":\"is\"},{\"@type\":\"WebPage\",\"@id\":\"https:\\\/\\\/www.norn.is\\\/pistlar\\\/adalvardstjori-logreglunnar-tjair-sig\\\/\",\"url\":\"https:\\\/\\\/www.norn.is\\\/pistlar\\\/adalvardstjori-logreglunnar-tjair-sig\\\/\",\"name\":\"A\u00f0alvar\u00f0stj\u00f3ri l\u00f6greglunnar tj\u00e1ir sig - Pistlar Evu\",\"isPartOf\":{\"@id\":\"https:\\\/\\\/www.norn.is\\\/pistlar\\\/#website\"},\"primaryImageOfPage\":{\"@id\":\"https:\\\/\\\/www.norn.is\\\/pistlar\\\/adalvardstjori-logreglunnar-tjair-sig\\\/#primaryimage\"},\"image\":{\"@id\":\"https:\\\/\\\/www.norn.is\\\/pistlar\\\/adalvardstjori-logreglunnar-tjair-sig\\\/#primaryimage\"},\"thumbnailUrl\":\"https:\\\/\\\/www.norn.is\\\/pistlar\\\/wp-content\\\/uploads\\\/sites\\\/2\\\/2015\\\/06\\\/logga-merki-688x451.jpg\",\"datePublished\":\"2015-06-22T15:56:52+00:00\",\"dateModified\":\"2018-09-18T13:55:00+00:00\",\"author\":{\"@id\":\"https:\\\/\\\/www.norn.is\\\/pistlar\\\/#\\\/schema\\\/person\\\/1a27d7aee01469adf3180f8fd9e72c46\"},\"breadcrumb\":{\"@id\":\"https:\\\/\\\/www.norn.is\\\/pistlar\\\/adalvardstjori-logreglunnar-tjair-sig\\\/#breadcrumb\"},\"inLanguage\":\"is\",\"potentialAction\":[{\"@type\":\"ReadAction\",\"target\":[\"https:\\\/\\\/www.norn.is\\\/pistlar\\\/adalvardstjori-logreglunnar-tjair-sig\\\/\"]}]},{\"@type\":\"ImageObject\",\"inLanguage\":\"is\",\"@id\":\"https:\\\/\\\/www.norn.is\\\/pistlar\\\/adalvardstjori-logreglunnar-tjair-sig\\\/#primaryimage\",\"url\":\"https:\\\/\\\/www.norn.is\\\/pistlar\\\/wp-content\\\/uploads\\\/sites\\\/2\\\/2015\\\/06\\\/logga-merki-688x451.jpg\",\"contentUrl\":\"https:\\\/\\\/www.norn.is\\\/pistlar\\\/wp-content\\\/uploads\\\/sites\\\/2\\\/2015\\\/06\\\/logga-merki-688x451.jpg\",\"width\":688,\"height\":451},{\"@type\":\"BreadcrumbList\",\"@id\":\"https:\\\/\\\/www.norn.is\\\/pistlar\\\/adalvardstjori-logreglunnar-tjair-sig\\\/#breadcrumb\",\"itemListElement\":[{\"@type\":\"ListItem\",\"position\":1,\"name\":\"Home\",\"item\":\"https:\\\/\\\/www.norn.is\\\/pistlar\\\/\"},{\"@type\":\"ListItem\",\"position\":2,\"name\":\"A\u00f0alvar\u00f0stj\u00f3ri l\u00f6greglunnar tj\u00e1ir sig\"}]},{\"@type\":\"WebSite\",\"@id\":\"https:\\\/\\\/www.norn.is\\\/pistlar\\\/#website\",\"url\":\"https:\\\/\\\/www.norn.is\\\/pistlar\\\/\",\"name\":\"Pistlar Evu\",\"description\":\"\",\"potentialAction\":[{\"@type\":\"SearchAction\",\"target\":{\"@type\":\"EntryPoint\",\"urlTemplate\":\"https:\\\/\\\/www.norn.is\\\/pistlar\\\/?s={search_term_string}\"},\"query-input\":{\"@type\":\"PropertyValueSpecification\",\"valueRequired\":true,\"valueName\":\"search_term_string\"}}],\"inLanguage\":\"is\"},{\"@type\":\"Person\",\"@id\":\"https:\\\/\\\/www.norn.is\\\/pistlar\\\/#\\\/schema\\\/person\\\/1a27d7aee01469adf3180f8fd9e72c46\",\"name\":\"admin\",\"url\":\"https:\\\/\\\/www.norn.is\\\/pistlar\\\/author\\\/admin\\\/\"}]}<\/script>\n<!-- \/ Yoast SEO plugin. -->","yoast_head_json":{"title":"A\u00f0alvar\u00f0stj\u00f3ri l\u00f6greglunnar tj\u00e1ir sig - Pistlar Evu","robots":{"index":"index","follow":"follow","max-snippet":"max-snippet:-1","max-image-preview":"max-image-preview:large","max-video-preview":"max-video-preview:-1"},"canonical":"https:\/\/www.norn.is\/pistlar\/adalvardstjori-logreglunnar-tjair-sig\/","og_locale":"is_IS","og_type":"article","og_title":"A\u00f0alvar\u00f0stj\u00f3ri l\u00f6greglunnar tj\u00e1ir sig - Pistlar Evu","og_description":"\u00dea\u00f0 er alltaf gott til \u00feess a\u00f0 vita a\u00f0 f\u00f3lki finnist gaman \u00ed vinnunni sinni en \u00ed flestum st\u00f6rfum, hversu skemmtileg sem \u00feau annars eru, \u00fearf f\u00f3lk a\u00f0 leysa af hendi einhver verkefni sem setja d\u00e1l\u00edtinn skugga \u00e1 annars fr\u00e1b\u00e6rt &hellip; Halda \u00e1fram a\u00f0 lesa &rarr;","og_url":"https:\/\/www.norn.is\/pistlar\/adalvardstjori-logreglunnar-tjair-sig\/","og_site_name":"Pistlar Evu","article_published_time":"2015-06-22T15:56:52+00:00","article_modified_time":"2018-09-18T13:55:00+00:00","og_image":[{"width":688,"height":451,"url":"https:\/\/www.norn.is\/pistlar\/wp-content\/uploads\/sites\/2\/2015\/06\/logga-merki-688x451.jpg","type":"image\/jpeg"}],"author":"admin","twitter_card":"summary_large_image","twitter_misc":{"Written by":false,"Est. reading time":"2 minutes"},"schema":{"@context":"https:\/\/schema.org","@graph":[{"@type":"Article","@id":"https:\/\/www.norn.is\/pistlar\/adalvardstjori-logreglunnar-tjair-sig\/#article","isPartOf":{"@id":"https:\/\/www.norn.is\/pistlar\/adalvardstjori-logreglunnar-tjair-sig\/"},"author":{"name":"admin","@id":"https:\/\/www.norn.is\/pistlar\/#\/schema\/person\/1a27d7aee01469adf3180f8fd9e72c46"},"headline":"A\u00f0alvar\u00f0stj\u00f3ri l\u00f6greglunnar tj\u00e1ir sig","datePublished":"2015-06-22T15:56:52+00:00","dateModified":"2018-09-18T13:55:00+00:00","mainEntityOfPage":{"@id":"https:\/\/www.norn.is\/pistlar\/adalvardstjori-logreglunnar-tjair-sig\/"},"wordCount":313,"image":{"@id":"https:\/\/www.norn.is\/pistlar\/adalvardstjori-logreglunnar-tjair-sig\/#primaryimage"},"thumbnailUrl":"https:\/\/www.norn.is\/pistlar\/wp-content\/uploads\/sites\/2\/2015\/06\/logga-merki-688x451.jpg","keywords":["Fri\u00f0helgi","Str\u00ed\u00f0i\u00f0 gegn f\u00edkniefnum"],"articleSection":["And\u00f3f og yfirvald","Pistlar um samf\u00e9lagsm\u00e1l"],"inLanguage":"is"},{"@type":"WebPage","@id":"https:\/\/www.norn.is\/pistlar\/adalvardstjori-logreglunnar-tjair-sig\/","url":"https:\/\/www.norn.is\/pistlar\/adalvardstjori-logreglunnar-tjair-sig\/","name":"A\u00f0alvar\u00f0stj\u00f3ri l\u00f6greglunnar tj\u00e1ir sig - Pistlar Evu","isPartOf":{"@id":"https:\/\/www.norn.is\/pistlar\/#website"},"primaryImageOfPage":{"@id":"https:\/\/www.norn.is\/pistlar\/adalvardstjori-logreglunnar-tjair-sig\/#primaryimage"},"image":{"@id":"https:\/\/www.norn.is\/pistlar\/adalvardstjori-logreglunnar-tjair-sig\/#primaryimage"},"thumbnailUrl":"https:\/\/www.norn.is\/pistlar\/wp-content\/uploads\/sites\/2\/2015\/06\/logga-merki-688x451.jpg","datePublished":"2015-06-22T15:56:52+00:00","dateModified":"2018-09-18T13:55:00+00:00","author":{"@id":"https:\/\/www.norn.is\/pistlar\/#\/schema\/person\/1a27d7aee01469adf3180f8fd9e72c46"},"breadcrumb":{"@id":"https:\/\/www.norn.is\/pistlar\/adalvardstjori-logreglunnar-tjair-sig\/#breadcrumb"},"inLanguage":"is","potentialAction":[{"@type":"ReadAction","target":["https:\/\/www.norn.is\/pistlar\/adalvardstjori-logreglunnar-tjair-sig\/"]}]},{"@type":"ImageObject","inLanguage":"is","@id":"https:\/\/www.norn.is\/pistlar\/adalvardstjori-logreglunnar-tjair-sig\/#primaryimage","url":"https:\/\/www.norn.is\/pistlar\/wp-content\/uploads\/sites\/2\/2015\/06\/logga-merki-688x451.jpg","contentUrl":"https:\/\/www.norn.is\/pistlar\/wp-content\/uploads\/sites\/2\/2015\/06\/logga-merki-688x451.jpg","width":688,"height":451},{"@type":"BreadcrumbList","@id":"https:\/\/www.norn.is\/pistlar\/adalvardstjori-logreglunnar-tjair-sig\/#breadcrumb","itemListElement":[{"@type":"ListItem","position":1,"name":"Home","item":"https:\/\/www.norn.is\/pistlar\/"},{"@type":"ListItem","position":2,"name":"A\u00f0alvar\u00f0stj\u00f3ri l\u00f6greglunnar tj\u00e1ir sig"}]},{"@type":"WebSite","@id":"https:\/\/www.norn.is\/pistlar\/#website","url":"https:\/\/www.norn.is\/pistlar\/","name":"Pistlar Evu","description":"","potentialAction":[{"@type":"SearchAction","target":{"@type":"EntryPoint","urlTemplate":"https:\/\/www.norn.is\/pistlar\/?s={search_term_string}"},"query-input":{"@type":"PropertyValueSpecification","valueRequired":true,"valueName":"search_term_string"}}],"inLanguage":"is"},{"@type":"Person","@id":"https:\/\/www.norn.is\/pistlar\/#\/schema\/person\/1a27d7aee01469adf3180f8fd9e72c46","name":"admin","url":"https:\/\/www.norn.is\/pistlar\/author\/admin\/"}]}},"_links":{"self":[{"href":"https:\/\/www.norn.is\/pistlar\/wp-json\/wp\/v2\/posts\/10823","targetHints":{"allow":["GET"]}}],"collection":[{"href":"https:\/\/www.norn.is\/pistlar\/wp-json\/wp\/v2\/posts"}],"about":[{"href":"https:\/\/www.norn.is\/pistlar\/wp-json\/wp\/v2\/types\/post"}],"author":[{"embeddable":true,"href":"https:\/\/www.norn.is\/pistlar\/wp-json\/wp\/v2\/users\/1"}],"replies":[{"embeddable":true,"href":"https:\/\/www.norn.is\/pistlar\/wp-json\/wp\/v2\/comments?post=10823"}],"version-history":[{"count":5,"href":"https:\/\/www.norn.is\/pistlar\/wp-json\/wp\/v2\/posts\/10823\/revisions"}],"predecessor-version":[{"id":11069,"href":"https:\/\/www.norn.is\/pistlar\/wp-json\/wp\/v2\/posts\/10823\/revisions\/11069"}],"wp:featuredmedia":[{"embeddable":true,"href":"https:\/\/www.norn.is\/pistlar\/wp-json\/wp\/v2\/media\/10825"}],"wp:attachment":[{"href":"https:\/\/www.norn.is\/pistlar\/wp-json\/wp\/v2\/media?parent=10823"}],"wp:term":[{"taxonomy":"category","embeddable":true,"href":"https:\/\/www.norn.is\/pistlar\/wp-json\/wp\/v2\/categories?post=10823"},{"taxonomy":"post_tag","embeddable":true,"href":"https:\/\/www.norn.is\/pistlar\/wp-json\/wp\/v2\/tags?post=10823"}],"curies":[{"name":"wp","href":"https:\/\/api.w.org\/{rel}","templated":true}]}}