{"id":10789,"date":"2015-05-22T10:24:28","date_gmt":"2015-05-22T10:24:28","guid":{"rendered":"http:\/\/www.norn.is\/pistlar\/?p=10789"},"modified":"2018-09-18T15:21:01","modified_gmt":"2018-09-18T15:21:01","slug":"frabaer-osigur","status":"publish","type":"post","link":"https:\/\/www.norn.is\/pistlar\/frabaer-osigur\/","title":{"rendered":"Fr\u00e1b\u00e6r \u00f3sigur"},"content":{"rendered":"<p><strong><img loading=\"lazy\" decoding=\"async\" class=\"alignnone size-full wp-image-10790\" src=\"http:\/\/www.norn.is\/pistlar\/wp-content\/uploads\/sites\/2\/2016\/06\/screenshot-2015-05-22-11-29-43-688x451.jpg\" alt=\"screenshot-2015-05-22-11-29-43-688x451\" width=\"688\" height=\"451\" srcset=\"https:\/\/www.norn.is\/pistlar\/wp-content\/uploads\/sites\/2\/2016\/06\/screenshot-2015-05-22-11-29-43-688x451.jpg 688w, https:\/\/www.norn.is\/pistlar\/wp-content\/uploads\/sites\/2\/2016\/06\/screenshot-2015-05-22-11-29-43-688x451-300x197.jpg 300w\" sizes=\"auto, (max-width: 688px) 100vw, 688px\" \/><\/strong><\/p>\n<p>\u00cdsland komst ekki \u00e1fram \u00ed Eurovision. \u00dea\u00f0 eru eflaust vonbrig\u00f0i fyrir \u00fe\u00e1 sem l\u00f6g\u00f0u vinnu \u00ed undirb\u00faning og s\u00e9rstaklega fyrir ungu s\u00f6ngkonuna sem \u00f6ll athyglin beinist a\u00f0.<!--more--> En vonbrig\u00f0i eru hluti af l\u00edfinu, ma\u00f0ur vinnur bara ekkert alltaf. Flestir vinna aldrei. \u00cd \u00feetta sinn sk\u00edtt\u00f6pu\u00f0um vi\u00f0. Eins og Danir. Eins og Finnar. Eins og allir sem komust ekki einu sinni \u00ed undan\u00farslit.\u00a0 Og viti\u00f0i hva\u00f0 \u2013 \u00fea\u00f0 er bara allt \u00ed lagi. Einhver ver\u00f0ur a\u00f0 tapa.<\/p>\n<p><strong>Fr\u00e1b\u00e6r flutningur?<br \/>\n<\/strong>Vi\u00f0br\u00f6g\u00f0 fj\u00f6lmi\u00f0la vekja m\u00e9r kj\u00e1nahroll.\u00a0 \u201e<a href=\"http:\/\/www.ruv.is\/\/frett\/maria-geisladi-a-svidinu\">Mar\u00eda<\/a><a href=\"http:\/\/www.ruv.is\/\/frett\/maria-geisladi-a-svidinu\">\u00a0geisla\u00f0i \u00e1 svi\u00f0inu<\/a>\u201c var fyrsta fyrirs\u00f6gnin sem \u00e9g s\u00e1 eftir a\u00f0 h\u00fan flutti lagi\u00f0. Au\u00f0vita\u00f0 geisla\u00f0i h\u00fan, st\u00falkan er gullfalleg og gullfallegt f\u00f3lk, vel til haft og upp\u00e1b\u00fai\u00f0, geislar. \u00deetta snerist hinsvegar um frammist\u00f6\u00f0u hennar og \u00f6llum var lj\u00f3st a\u00f0 h\u00fan var mj\u00f6g langt fr\u00e1 \u00fev\u00ed a\u00f0 gera sitt besta. Fj\u00f6lmi\u00f0lar leggja l\u00edka mat \u00e1 flutninginn sj\u00e1lfan: \u201e<a href=\"http:\/\/www.mbl.is\/folk\/frettir\/2015\/05\/21\/frabaer_flutningur_hja_mariu\/\">Fr\u00e1b\u00e6r flutningur hj\u00e1 Mar\u00edu<\/a>\u201c og \u00feeir bla\u00f0amenn sem ekki halda \u00feeirri \u00fev\u00e6lu fram \u00ed eigin nafni hafa hana bara eftir h\u00f6fundi lagsins \u00ed sta\u00f0inn: \u201e<a href=\"http:\/\/www.visir.is\/lagahofundur-unbroken--maria-stod-sig-eins-og-hetja-\/article\/2015150529730\">Mar\u00eda st\u00f3\u00f0 sig eins og hetja\u201c.<\/a><\/p>\n<p>Nei. \u00deetta var ekkert fr\u00e1b\u00e6r flutningur hj\u00e1 henni Mar\u00edu. Hann var frekar slappur. H\u00fan st\u00f3\u00f0 sig ekki eins og hetja heldur eins og \u00f3sk\u00f6p mannleg, \u00f3reynd og tauga\u00f3styrk h\u00e6fileikakona sem n\u00e1\u00f0i \u00fev\u00ed ekki a\u00f0 gera sitt besta \u2013 \u00ed \u00feetta sinn. \u00dea\u00f0 er \u00fat af fyrir sig \u00e1n\u00e6gjulegt a\u00f0 fj\u00f6lmi\u00f0lar hafi ekki fari\u00f0 \u00fe\u00e1 lei\u00f0 a\u00f0 sl\u00e1tra henni en \u00fea\u00f0 er heldur engin \u00e1st\u00e6\u00f0a til a\u00f0 halda \u00fev\u00ed fram a\u00f0 h\u00fan hafi veri\u00f0 fr\u00e1b\u00e6r. H\u00fan hefur nefnilega fullt leyfi til \u00feess a\u00f0 mistakast.<\/p>\n<p><strong>Er alveg hr\u00e6\u00f0ilegt a\u00f0 tapa?<br \/>\n<\/strong>\u00dea\u00f0 er gaman a\u00f0 vinna. En keppni er \u00feess e\u00f0lis a\u00f0 a\u00f0eins \u00f6rf\u00e1ir n\u00e1 \u00feeim \u00e1rangri sem allir \u00fe\u00e1ttakendur stefna a\u00f0 og \u00ed flestum tilvikum segir tap okkur andskotann ekkert anna\u00f0 en \u00fea\u00f0 hvernig vi\u00f0komandi var fyrirkalla\u00f0ur \u00ed nokkrar m\u00edn\u00fatur e\u00f0a mesta lagi nokkra klukkut\u00edma af heilli manns\u00e6vi. Eiginlega \u00e6ttum vi\u00f0 a\u00f0 ganga \u00fat fr\u00e1 \u00fev\u00ed a\u00f0 fulltr\u00faar okkar tapi, l\u00e1ta \u00feeim sj\u00e1lfum eftir a\u00f0 tj\u00e1 vonbrig\u00f0i s\u00edn \u00ed sta\u00f0 \u00feess a\u00f0 skamma \u00fe\u00e1, en fagna hinsvegar me\u00f0 \u00feeim \u00feegar gengur vel. \u00deess \u00ed sta\u00f0 erum vi\u00f0 b\u00fain a\u00f0 gera tap a\u00f0 feimnism\u00e1li en ekki sj\u00e1lfs\u00f6g\u00f0um hlut.\u00a0 Heilu r\u00e1\u00f0stefnunar eru haldnar \u00fear sem fyrirlestrar ganga meira og minna \u00fat \u00fea\u00f0 a\u00f0 vi\u00f0 s\u00e9um \u00f6ll sigurvegarar. Ef stj\u00f3rnm\u00e1laflokkur tapar \u00ed kosningum er hann samt sem \u00e1\u00f0ur hinn eiginlegi sigurvegari.\u00a0 Vi\u00f0 h\u00f6ldum \u00ed\u00fer\u00f3ttam\u00f3t fyrir b\u00f6rn \u00fear sem allir keppendur f\u00e1 ver\u00f0launapening. \u00deess eru d\u00e6mi a\u00f0 sk\u00f3lar falli fr\u00e1 \u00fev\u00ed a\u00f0 hei\u00f0ra afbur\u00f0arnemendur af \u00fev\u00ed a\u00f0\u00a0<a href=\"http:\/\/www.foxnews.com\/us\/2013\/03\/20\/massachusetts-principal-calls-off-honor-night-because-it-could-be-devastating\/#ixzz2OmC4fk1D\">\u00fea\u00f0 yr\u00f0i svo lei\u00f0inlegt fyrir \u00fe\u00e1 sem ekki n\u00e1 h\u00e1marks \u00e1rangi<\/a>.<\/p>\n<p>Vi\u00f0 erum farin a\u00f0 l\u00edta \u00f3sigur s\u00f6mu augum og f\u00f6tlun, sj\u00fakd\u00f3ma og f\u00e1t\u00e6kt; eitthva\u00f0 \u00f3r\u00e9ttl\u00e1tt sem r\u00fdrir l\u00edfsg\u00e6\u00f0i, eitthva\u00f0 sem ver\u00f0i a\u00f0 sporna vi\u00f0 me\u00f0 \u00f6llum r\u00e1\u00f0um.<\/p>\n<p><strong>Eins gott a\u00f0 halda andlitinu<br \/>\n<\/strong><a href=\"http:\/\/www.ruv.is\/frett\/eg-labba-satt-i-burtu\">Mar\u00eda tekur \u00f3sigrinum vel<\/a>. \u00dea\u00f0 er skynsamlegt. Ekki bara vegna \u00feess a\u00f0 \u00fea\u00f0 er \u00ed sj\u00e1lfu s\u00e9r g\u00f3\u00f0ur \u00e1rangur a\u00f0 standa fyrir framan alheiminn og syngja \u00e1n \u00feess a\u00f0 deyja \u00far hr\u00e6\u00f0slu og h\u00fan \u00e1 eftir a\u00f0 f\u00e1 m\u00f6rg t\u00e6kif\u00e6ri til a\u00f0 gera sitt besta, heldur l\u00edka vegna \u00feess a\u00f0 \u00feegar \u00f6nnur ung kona klikka\u00f0i \u00e1 \u00fev\u00ed, fyrir nokkrum \u00e1rum,\u00a0a\u00f0 fagna eigin \u00f3sigri, var h\u00fan d\u00e6md har\u00f0lega, ekki fyrir a\u00f0 vinna ekki, heldur fyrir a\u00f0 sykurh\u00fa\u00f0a ekki vonbrig\u00f0i s\u00edn. Krafan er s\u00fa a\u00f0 ef fulltr\u00faar okkar vinna ekki, \u00fe\u00e1 heg\u00f0i \u00feeir s\u00e9r a\u00f0 minnsta kosti eins og \u00feeir hafi unni\u00f0.<\/p>\n<p>\u00dea\u00f0 er \u00e1rei\u00f0anlega vel meint a\u00f0 hr\u00f3sa f\u00f3lki fyrir frammist\u00f6\u00f0u s\u00edna \u00feegar \u00fev\u00ed mistekst. \u00dea\u00f0 er ni\u00f0urbj\u00f3tandi og tilgangslaust a\u00f0 skamma og \u00e1saka. En \u00feegar allt kemur til alls er \u00f3ver\u00f0skulda\u00f0 hr\u00f3s a\u00f0eins \u00f6nnur birtingarmynd \u00e1 \u00feeirri hugmynd a\u00f0 \u00f3sigur s\u00e9 sm\u00e1n. \u00dea\u00f0 er ekki j\u00e1kv\u00e6tt vi\u00f0horf til \u00f3sigurs heldur bara mann\u00fa\u00f0legri n\u00e1lgun.<\/p>\n","protected":false},"excerpt":{"rendered":"<p>\u00cdsland komst ekki \u00e1fram \u00ed Eurovision. \u00dea\u00f0 eru eflaust vonbrig\u00f0i fyrir \u00fe\u00e1 sem l\u00f6g\u00f0u vinnu \u00ed undirb\u00faning og s\u00e9rstaklega fyrir ungu s\u00f6ngkonuna sem \u00f6ll athyglin beinist a\u00f0.<\/p>\n","protected":false},"author":1,"featured_media":10790,"comment_status":"closed","ping_status":"closed","sticky":false,"template":"","format":"standard","meta":{"footnotes":"","_links_to":"","_links_to_target":""},"categories":[12,1,22],"tags":[130,982,1071,1067],"class_list":["post-10789","post","type-post","status-publish","format-standard","has-post-thumbnail","hentry","category-menning-listir-og-fjolmidlar","category-pistlar","category-umraedan","tag-eurovision","tag-fjolmidlar","tag-fraega-folkid","tag-listamenn"],"yoast_head":"<!-- This site is optimized with the Yoast SEO plugin v27.5 - https:\/\/yoast.com\/product\/yoast-seo-wordpress\/ -->\n<title>Fr\u00e1b\u00e6r \u00f3sigur - Pistlar Evu<\/title>\n<meta name=\"robots\" content=\"index, follow, max-snippet:-1, max-image-preview:large, max-video-preview:-1\" \/>\n<link rel=\"canonical\" href=\"https:\/\/www.norn.is\/pistlar\/frabaer-osigur\/\" \/>\n<meta property=\"og:locale\" content=\"is_IS\" \/>\n<meta property=\"og:type\" content=\"article\" \/>\n<meta property=\"og:title\" content=\"Fr\u00e1b\u00e6r \u00f3sigur - Pistlar Evu\" \/>\n<meta property=\"og:description\" content=\"\u00cdsland komst ekki \u00e1fram \u00ed Eurovision. \u00dea\u00f0 eru eflaust vonbrig\u00f0i fyrir \u00fe\u00e1 sem l\u00f6g\u00f0u vinnu \u00ed undirb\u00faning og s\u00e9rstaklega fyrir ungu s\u00f6ngkonuna sem \u00f6ll athyglin beinist a\u00f0.\" \/>\n<meta property=\"og:url\" content=\"https:\/\/www.norn.is\/pistlar\/frabaer-osigur\/\" \/>\n<meta property=\"og:site_name\" content=\"Pistlar Evu\" \/>\n<meta property=\"article:published_time\" content=\"2015-05-22T10:24:28+00:00\" \/>\n<meta property=\"article:modified_time\" content=\"2018-09-18T15:21:01+00:00\" \/>\n<meta property=\"og:image\" content=\"https:\/\/www.norn.is\/pistlar\/wp-content\/uploads\/sites\/2\/2016\/06\/screenshot-2015-05-22-11-29-43-688x451.jpg\" \/>\n\t<meta property=\"og:image:width\" content=\"688\" \/>\n\t<meta property=\"og:image:height\" content=\"451\" \/>\n\t<meta property=\"og:image:type\" content=\"image\/jpeg\" \/>\n<meta name=\"author\" content=\"admin\" \/>\n<meta name=\"twitter:card\" content=\"summary_large_image\" \/>\n<meta name=\"twitter:label1\" content=\"Written by\" \/>\n\t<meta name=\"twitter:data1\" content=\"\" \/>\n\t<meta name=\"twitter:label2\" content=\"Est. reading time\" \/>\n\t<meta name=\"twitter:data2\" content=\"4 minutes\" \/>\n<script type=\"application\/ld+json\" class=\"yoast-schema-graph\">{\"@context\":\"https:\\\/\\\/schema.org\",\"@graph\":[{\"@type\":\"Article\",\"@id\":\"https:\\\/\\\/www.norn.is\\\/pistlar\\\/frabaer-osigur\\\/#article\",\"isPartOf\":{\"@id\":\"https:\\\/\\\/www.norn.is\\\/pistlar\\\/frabaer-osigur\\\/\"},\"author\":{\"name\":\"admin\",\"@id\":\"https:\\\/\\\/www.norn.is\\\/pistlar\\\/#\\\/schema\\\/person\\\/1a27d7aee01469adf3180f8fd9e72c46\"},\"headline\":\"Fr\u00e1b\u00e6r \u00f3sigur\",\"datePublished\":\"2015-05-22T10:24:28+00:00\",\"dateModified\":\"2018-09-18T15:21:01+00:00\",\"mainEntityOfPage\":{\"@id\":\"https:\\\/\\\/www.norn.is\\\/pistlar\\\/frabaer-osigur\\\/\"},\"wordCount\":742,\"image\":{\"@id\":\"https:\\\/\\\/www.norn.is\\\/pistlar\\\/frabaer-osigur\\\/#primaryimage\"},\"thumbnailUrl\":\"https:\\\/\\\/www.norn.is\\\/pistlar\\\/wp-content\\\/uploads\\\/sites\\\/2\\\/2016\\\/06\\\/screenshot-2015-05-22-11-29-43-688x451.jpg\",\"keywords\":[\"Eurovision\",\"Fj\u00f6lmi\u00f0lar\",\"Fr\u00e6ga f\u00f3lki\u00f0\",\"Listamenn\"],\"articleSection\":[\"Menning, listir og fj\u00f6lmi\u00f0lar\",\"Pistlar um samf\u00e9lagsm\u00e1l\",\"Umr\u00e6\u00f0an\"],\"inLanguage\":\"is\"},{\"@type\":\"WebPage\",\"@id\":\"https:\\\/\\\/www.norn.is\\\/pistlar\\\/frabaer-osigur\\\/\",\"url\":\"https:\\\/\\\/www.norn.is\\\/pistlar\\\/frabaer-osigur\\\/\",\"name\":\"Fr\u00e1b\u00e6r \u00f3sigur - Pistlar Evu\",\"isPartOf\":{\"@id\":\"https:\\\/\\\/www.norn.is\\\/pistlar\\\/#website\"},\"primaryImageOfPage\":{\"@id\":\"https:\\\/\\\/www.norn.is\\\/pistlar\\\/frabaer-osigur\\\/#primaryimage\"},\"image\":{\"@id\":\"https:\\\/\\\/www.norn.is\\\/pistlar\\\/frabaer-osigur\\\/#primaryimage\"},\"thumbnailUrl\":\"https:\\\/\\\/www.norn.is\\\/pistlar\\\/wp-content\\\/uploads\\\/sites\\\/2\\\/2016\\\/06\\\/screenshot-2015-05-22-11-29-43-688x451.jpg\",\"datePublished\":\"2015-05-22T10:24:28+00:00\",\"dateModified\":\"2018-09-18T15:21:01+00:00\",\"author\":{\"@id\":\"https:\\\/\\\/www.norn.is\\\/pistlar\\\/#\\\/schema\\\/person\\\/1a27d7aee01469adf3180f8fd9e72c46\"},\"breadcrumb\":{\"@id\":\"https:\\\/\\\/www.norn.is\\\/pistlar\\\/frabaer-osigur\\\/#breadcrumb\"},\"inLanguage\":\"is\",\"potentialAction\":[{\"@type\":\"ReadAction\",\"target\":[\"https:\\\/\\\/www.norn.is\\\/pistlar\\\/frabaer-osigur\\\/\"]}]},{\"@type\":\"ImageObject\",\"inLanguage\":\"is\",\"@id\":\"https:\\\/\\\/www.norn.is\\\/pistlar\\\/frabaer-osigur\\\/#primaryimage\",\"url\":\"https:\\\/\\\/www.norn.is\\\/pistlar\\\/wp-content\\\/uploads\\\/sites\\\/2\\\/2016\\\/06\\\/screenshot-2015-05-22-11-29-43-688x451.jpg\",\"contentUrl\":\"https:\\\/\\\/www.norn.is\\\/pistlar\\\/wp-content\\\/uploads\\\/sites\\\/2\\\/2016\\\/06\\\/screenshot-2015-05-22-11-29-43-688x451.jpg\",\"width\":688,\"height\":451},{\"@type\":\"BreadcrumbList\",\"@id\":\"https:\\\/\\\/www.norn.is\\\/pistlar\\\/frabaer-osigur\\\/#breadcrumb\",\"itemListElement\":[{\"@type\":\"ListItem\",\"position\":1,\"name\":\"Home\",\"item\":\"https:\\\/\\\/www.norn.is\\\/pistlar\\\/\"},{\"@type\":\"ListItem\",\"position\":2,\"name\":\"Fr\u00e1b\u00e6r \u00f3sigur\"}]},{\"@type\":\"WebSite\",\"@id\":\"https:\\\/\\\/www.norn.is\\\/pistlar\\\/#website\",\"url\":\"https:\\\/\\\/www.norn.is\\\/pistlar\\\/\",\"name\":\"Pistlar Evu\",\"description\":\"\",\"potentialAction\":[{\"@type\":\"SearchAction\",\"target\":{\"@type\":\"EntryPoint\",\"urlTemplate\":\"https:\\\/\\\/www.norn.is\\\/pistlar\\\/?s={search_term_string}\"},\"query-input\":{\"@type\":\"PropertyValueSpecification\",\"valueRequired\":true,\"valueName\":\"search_term_string\"}}],\"inLanguage\":\"is\"},{\"@type\":\"Person\",\"@id\":\"https:\\\/\\\/www.norn.is\\\/pistlar\\\/#\\\/schema\\\/person\\\/1a27d7aee01469adf3180f8fd9e72c46\",\"name\":\"admin\",\"url\":\"https:\\\/\\\/www.norn.is\\\/pistlar\\\/author\\\/admin\\\/\"}]}<\/script>\n<!-- \/ Yoast SEO plugin. -->","yoast_head_json":{"title":"Fr\u00e1b\u00e6r \u00f3sigur - Pistlar Evu","robots":{"index":"index","follow":"follow","max-snippet":"max-snippet:-1","max-image-preview":"max-image-preview:large","max-video-preview":"max-video-preview:-1"},"canonical":"https:\/\/www.norn.is\/pistlar\/frabaer-osigur\/","og_locale":"is_IS","og_type":"article","og_title":"Fr\u00e1b\u00e6r \u00f3sigur - Pistlar Evu","og_description":"\u00cdsland komst ekki \u00e1fram \u00ed Eurovision. \u00dea\u00f0 eru eflaust vonbrig\u00f0i fyrir \u00fe\u00e1 sem l\u00f6g\u00f0u vinnu \u00ed undirb\u00faning og s\u00e9rstaklega fyrir ungu s\u00f6ngkonuna sem \u00f6ll athyglin beinist a\u00f0.","og_url":"https:\/\/www.norn.is\/pistlar\/frabaer-osigur\/","og_site_name":"Pistlar Evu","article_published_time":"2015-05-22T10:24:28+00:00","article_modified_time":"2018-09-18T15:21:01+00:00","og_image":[{"width":688,"height":451,"url":"https:\/\/www.norn.is\/pistlar\/wp-content\/uploads\/sites\/2\/2016\/06\/screenshot-2015-05-22-11-29-43-688x451.jpg","type":"image\/jpeg"}],"author":"admin","twitter_card":"summary_large_image","twitter_misc":{"Written by":false,"Est. reading time":"4 minutes"},"schema":{"@context":"https:\/\/schema.org","@graph":[{"@type":"Article","@id":"https:\/\/www.norn.is\/pistlar\/frabaer-osigur\/#article","isPartOf":{"@id":"https:\/\/www.norn.is\/pistlar\/frabaer-osigur\/"},"author":{"name":"admin","@id":"https:\/\/www.norn.is\/pistlar\/#\/schema\/person\/1a27d7aee01469adf3180f8fd9e72c46"},"headline":"Fr\u00e1b\u00e6r \u00f3sigur","datePublished":"2015-05-22T10:24:28+00:00","dateModified":"2018-09-18T15:21:01+00:00","mainEntityOfPage":{"@id":"https:\/\/www.norn.is\/pistlar\/frabaer-osigur\/"},"wordCount":742,"image":{"@id":"https:\/\/www.norn.is\/pistlar\/frabaer-osigur\/#primaryimage"},"thumbnailUrl":"https:\/\/www.norn.is\/pistlar\/wp-content\/uploads\/sites\/2\/2016\/06\/screenshot-2015-05-22-11-29-43-688x451.jpg","keywords":["Eurovision","Fj\u00f6lmi\u00f0lar","Fr\u00e6ga f\u00f3lki\u00f0","Listamenn"],"articleSection":["Menning, listir og fj\u00f6lmi\u00f0lar","Pistlar um samf\u00e9lagsm\u00e1l","Umr\u00e6\u00f0an"],"inLanguage":"is"},{"@type":"WebPage","@id":"https:\/\/www.norn.is\/pistlar\/frabaer-osigur\/","url":"https:\/\/www.norn.is\/pistlar\/frabaer-osigur\/","name":"Fr\u00e1b\u00e6r \u00f3sigur - Pistlar Evu","isPartOf":{"@id":"https:\/\/www.norn.is\/pistlar\/#website"},"primaryImageOfPage":{"@id":"https:\/\/www.norn.is\/pistlar\/frabaer-osigur\/#primaryimage"},"image":{"@id":"https:\/\/www.norn.is\/pistlar\/frabaer-osigur\/#primaryimage"},"thumbnailUrl":"https:\/\/www.norn.is\/pistlar\/wp-content\/uploads\/sites\/2\/2016\/06\/screenshot-2015-05-22-11-29-43-688x451.jpg","datePublished":"2015-05-22T10:24:28+00:00","dateModified":"2018-09-18T15:21:01+00:00","author":{"@id":"https:\/\/www.norn.is\/pistlar\/#\/schema\/person\/1a27d7aee01469adf3180f8fd9e72c46"},"breadcrumb":{"@id":"https:\/\/www.norn.is\/pistlar\/frabaer-osigur\/#breadcrumb"},"inLanguage":"is","potentialAction":[{"@type":"ReadAction","target":["https:\/\/www.norn.is\/pistlar\/frabaer-osigur\/"]}]},{"@type":"ImageObject","inLanguage":"is","@id":"https:\/\/www.norn.is\/pistlar\/frabaer-osigur\/#primaryimage","url":"https:\/\/www.norn.is\/pistlar\/wp-content\/uploads\/sites\/2\/2016\/06\/screenshot-2015-05-22-11-29-43-688x451.jpg","contentUrl":"https:\/\/www.norn.is\/pistlar\/wp-content\/uploads\/sites\/2\/2016\/06\/screenshot-2015-05-22-11-29-43-688x451.jpg","width":688,"height":451},{"@type":"BreadcrumbList","@id":"https:\/\/www.norn.is\/pistlar\/frabaer-osigur\/#breadcrumb","itemListElement":[{"@type":"ListItem","position":1,"name":"Home","item":"https:\/\/www.norn.is\/pistlar\/"},{"@type":"ListItem","position":2,"name":"Fr\u00e1b\u00e6r \u00f3sigur"}]},{"@type":"WebSite","@id":"https:\/\/www.norn.is\/pistlar\/#website","url":"https:\/\/www.norn.is\/pistlar\/","name":"Pistlar Evu","description":"","potentialAction":[{"@type":"SearchAction","target":{"@type":"EntryPoint","urlTemplate":"https:\/\/www.norn.is\/pistlar\/?s={search_term_string}"},"query-input":{"@type":"PropertyValueSpecification","valueRequired":true,"valueName":"search_term_string"}}],"inLanguage":"is"},{"@type":"Person","@id":"https:\/\/www.norn.is\/pistlar\/#\/schema\/person\/1a27d7aee01469adf3180f8fd9e72c46","name":"admin","url":"https:\/\/www.norn.is\/pistlar\/author\/admin\/"}]}},"_links":{"self":[{"href":"https:\/\/www.norn.is\/pistlar\/wp-json\/wp\/v2\/posts\/10789","targetHints":{"allow":["GET"]}}],"collection":[{"href":"https:\/\/www.norn.is\/pistlar\/wp-json\/wp\/v2\/posts"}],"about":[{"href":"https:\/\/www.norn.is\/pistlar\/wp-json\/wp\/v2\/types\/post"}],"author":[{"embeddable":true,"href":"https:\/\/www.norn.is\/pistlar\/wp-json\/wp\/v2\/users\/1"}],"replies":[{"embeddable":true,"href":"https:\/\/www.norn.is\/pistlar\/wp-json\/wp\/v2\/comments?post=10789"}],"version-history":[{"count":6,"href":"https:\/\/www.norn.is\/pistlar\/wp-json\/wp\/v2\/posts\/10789\/revisions"}],"predecessor-version":[{"id":10963,"href":"https:\/\/www.norn.is\/pistlar\/wp-json\/wp\/v2\/posts\/10789\/revisions\/10963"}],"wp:featuredmedia":[{"embeddable":true,"href":"https:\/\/www.norn.is\/pistlar\/wp-json\/wp\/v2\/media\/10790"}],"wp:attachment":[{"href":"https:\/\/www.norn.is\/pistlar\/wp-json\/wp\/v2\/media?parent=10789"}],"wp:term":[{"taxonomy":"category","embeddable":true,"href":"https:\/\/www.norn.is\/pistlar\/wp-json\/wp\/v2\/categories?post=10789"},{"taxonomy":"post_tag","embeddable":true,"href":"https:\/\/www.norn.is\/pistlar\/wp-json\/wp\/v2\/tags?post=10789"}],"curies":[{"name":"wp","href":"https:\/\/api.w.org\/{rel}","templated":true}]}}