{"id":311,"date":"2017-08-23T12:00:04","date_gmt":"2017-08-23T12:00:04","guid":{"rendered":"http:\/\/www.norn.is\/liljur-vallarins\/?p=311"},"modified":"2019-05-02T06:26:04","modified_gmt":"2019-05-02T06:26:04","slug":"a-serstokum-stad","status":"publish","type":"post","link":"https:\/\/www.norn.is\/liljur-vallarins\/2017\/08\/23\/a-serstokum-stad\/","title":{"rendered":"\u00c1 s\u00e9rst\u00f6kum sta\u00f0"},"content":{"rendered":"<p><img loading=\"lazy\" decoding=\"async\" class=\"aligncenter size-full wp-image-317\" src=\"http:\/\/www.norn.is\/liljur-vallarins\/wp-content\/uploads\/sites\/27\/2017\/08\/6-4.jpg\" alt=\"\" width=\"800\" height=\"533\" srcset=\"https:\/\/www.norn.is\/liljur-vallarins\/wp-content\/uploads\/sites\/27\/2017\/08\/6-4.jpg 800w, https:\/\/www.norn.is\/liljur-vallarins\/wp-content\/uploads\/sites\/27\/2017\/08\/6-4-300x200.jpg 300w, https:\/\/www.norn.is\/liljur-vallarins\/wp-content\/uploads\/sites\/27\/2017\/08\/6-4-768x512.jpg 768w, https:\/\/www.norn.is\/liljur-vallarins\/wp-content\/uploads\/sites\/27\/2017\/08\/6-4-450x300.jpg 450w\" sizes=\"auto, (max-width: 800px) 100vw, 800px\" \/>Bara svo \u00fea\u00f0 s\u00e9 \u00e1 hreinu \u00fe\u00e1 er \u00e9g ekki \u00e1 lei\u00f0 me\u00f0 a\u00f0 ver\u00f0a \u00fativistarfr\u00edk en um helgina ger\u00f0i \u00e9g n\u00fa samt a\u00f0ra tilraun til a\u00f0 fara \u00ed \u00fatilegu. \u00c9g hef hinga\u00f0 til tali\u00f0 r\u00e9tt a\u00f0 pr\u00f3fa allt einu sinni en n\u00fa er \u00e9g komin a\u00f0 \u00feeirri ni\u00f0urst\u00f6\u00f0u a\u00f0 sumt \u00feurfi a\u00f0 pr\u00f3fa \u00ferisvar sinnum \u00e1\u00f0ur en ma\u00f0ur gerir upp vi\u00f0 sig hvort \u00fea\u00f0 er \u00e1hugavert e\u00f0a ekki.\u00a0<!--more-->F\u00f3r \u00feessvegna me\u00f0 Einari og Torfa a\u00f0 sj\u00e1 &#8222;s\u00e9rstakan sta\u00f0&#8220;, \u00fear sem f\u00e1tt mun vera um t\u00farista, enda var s\u00ed\u00f0asta \u00fatilega (\u00ed m\u00ednu tilviki s\u00fa fyrsta) bara fyrir s\u00fatkkula\u00f0ikleinur.<\/p>\n<p>\u00dea\u00f0 var \u00feoka \u00e1 lei\u00f0inni og \u00feegar b\u00edllinn haf\u00f0i ju\u00f0ast \u00e1fram yfir st\u00f3rgr\u00fdti \u00ed klukkut\u00edma var m\u00e9r or\u00f0i\u00f0 \u00f3glatt. \u00deetta var eins og a\u00f0 sitja \u00ed einhverju satan\u00edsku t\u00edvol\u00edt\u00e6ki nema \u00fea\u00f0 tekur ekki svona langan t\u00edma.<\/p>\n<p>&#8222;L\u00edst \u00fe\u00e9r ekkert \u00e1 \u00feetta?&#8220; sag\u00f0i Einar.<br \/>\n&#8222;Jasko, \u00cdsland er st\u00f3rt og fullt af fallegum st\u00f6\u00f0um <del>\u00fe\u00f3tt \u00fea\u00f0 s\u00e9 s\u00edk\u00f3pati<\/del>, \u00feannig a\u00f0 \u00e9g skil \u00a0ekki alveg hversvegna \u00fei\u00f0 v\u00f6ldu\u00f0 lj\u00f3tan sta\u00f0. H\u00e9r er ekkert nema au\u00f0n og grj\u00f3t.&#8220;<br \/>\n&#8222;\u00de\u00fa s\u00e9r\u00f0 bara ekkert fyrir \u00feokunni og svo \u00e6tlum vi\u00f0 n\u00fa heldur ekki a\u00f0 tjalda h\u00e9r. \u00dea\u00f0 er fallegt \u00e1 tjaldst\u00e6\u00f0inu, \u00e9g segi ekki beinl\u00ednis gr\u00f3\u00f0urs\u00e6lt en \u00fea\u00f0 er rennandi vatn og sm\u00e1 gr\u00f3\u00f0ur og d\u00e1l\u00edtill hraunveggur.&#8220;<\/p>\n<p>\u00dea\u00f0 hlj\u00f3ma\u00f0i n\u00fa alveg \u00e1g\u00e6tlega. \u00c9g s\u00e1 fyrir m\u00e9r l\u00e1ga, mosavaxna hraunborg, berjalyng og d\u00e1l\u00edti\u00f0 bl\u00f3\u00f0berg. Kannski v\u00ed\u00f0i. Ekki nein tr\u00e9 en svona eina e\u00f0a tv\u00e6t v\u00ed\u00f0isfl\u00e6kjur \u00ed mosanum. Og l\u00edtinn hjalandi l\u00e6k.<\/p>\n<p><img loading=\"lazy\" decoding=\"async\" class=\"aligncenter size-full wp-image-312\" src=\"http:\/\/www.norn.is\/liljur-vallarins\/wp-content\/uploads\/sites\/27\/2017\/08\/1-5.jpg\" alt=\"\" width=\"800\" height=\"533\" srcset=\"https:\/\/www.norn.is\/liljur-vallarins\/wp-content\/uploads\/sites\/27\/2017\/08\/1-5.jpg 800w, https:\/\/www.norn.is\/liljur-vallarins\/wp-content\/uploads\/sites\/27\/2017\/08\/1-5-300x200.jpg 300w, https:\/\/www.norn.is\/liljur-vallarins\/wp-content\/uploads\/sites\/27\/2017\/08\/1-5-768x512.jpg 768w, https:\/\/www.norn.is\/liljur-vallarins\/wp-content\/uploads\/sites\/27\/2017\/08\/1-5-450x300.jpg 450w\" sizes=\"auto, (max-width: 800px) 100vw, 800px\" \/><\/p>\n<p style=\"text-align: center;\">Sko! H\u00e9r er tjaldst\u00e6\u00f0i\u00f0 okkar, sag\u00f0i Einar hamingjusamur<\/p>\n<p>&nbsp;<\/p>\n<p><img loading=\"lazy\" decoding=\"async\" class=\"aligncenter size-full wp-image-320\" src=\"http:\/\/www.norn.is\/liljur-vallarins\/wp-content\/uploads\/sites\/27\/2017\/08\/9-4.jpg\" alt=\"\" width=\"3072\" height=\"2048\" srcset=\"https:\/\/www.norn.is\/liljur-vallarins\/wp-content\/uploads\/sites\/27\/2017\/08\/9-4.jpg 3072w, https:\/\/www.norn.is\/liljur-vallarins\/wp-content\/uploads\/sites\/27\/2017\/08\/9-4-300x200.jpg 300w, https:\/\/www.norn.is\/liljur-vallarins\/wp-content\/uploads\/sites\/27\/2017\/08\/9-4-768x512.jpg 768w, https:\/\/www.norn.is\/liljur-vallarins\/wp-content\/uploads\/sites\/27\/2017\/08\/9-4-1024x683.jpg 1024w, https:\/\/www.norn.is\/liljur-vallarins\/wp-content\/uploads\/sites\/27\/2017\/08\/9-4-450x300.jpg 450w\" sizes=\"auto, (max-width: 3072px) 100vw, 3072px\" \/><\/p>\n<p>&#8222;Rennandi vatni\u00f0&#8220; reyndist vera <del>sk\u00edtug<\/del> \u00f3venju hrein j\u00f6kul\u00e1 og hraunveggurinn <del>algerlega \u00f3spennandi<\/del> grj\u00f3tgar\u00f0ur.<\/p>\n<p><img loading=\"lazy\" decoding=\"async\" class=\"aligncenter size-full wp-image-314\" src=\"http:\/\/www.norn.is\/liljur-vallarins\/wp-content\/uploads\/sites\/27\/2017\/08\/3-4.jpg\" alt=\"\" width=\"800\" height=\"533\" srcset=\"https:\/\/www.norn.is\/liljur-vallarins\/wp-content\/uploads\/sites\/27\/2017\/08\/3-4.jpg 800w, https:\/\/www.norn.is\/liljur-vallarins\/wp-content\/uploads\/sites\/27\/2017\/08\/3-4-300x200.jpg 300w, https:\/\/www.norn.is\/liljur-vallarins\/wp-content\/uploads\/sites\/27\/2017\/08\/3-4-768x512.jpg 768w, https:\/\/www.norn.is\/liljur-vallarins\/wp-content\/uploads\/sites\/27\/2017\/08\/3-4-450x300.jpg 450w\" sizes=\"auto, (max-width: 800px) 100vw, 800px\" \/><\/p>\n<p>&#8222;Gr\u00f3\u00f0urinn&#8220; var sm\u00e1 mosi. Ekki mj\u00fakar og 7 cm \u00feykkar dyngjur af gr\u00e1mosa, heldur \u00feessar \u00feunnu, sterkgr\u00e6nu sk\u00f3fir sem setjast milli gangst\u00e9ttahellna. Einn l\u00f3fast\u00f3r blettur af kr\u00e6kiberjalyngi og annar \u00e1 st\u00e6r\u00f0 vi\u00f0 matardisk. \u00dea\u00f0 voru meira a\u00f0 segja tv\u00f6 ber \u00e1 \u00fev\u00ed.<\/p>\n<p>&nbsp;<\/p>\n<p><img loading=\"lazy\" decoding=\"async\" class=\"aligncenter size-full wp-image-313\" src=\"http:\/\/www.norn.is\/liljur-vallarins\/wp-content\/uploads\/sites\/27\/2017\/08\/2-3.jpg\" alt=\"\" width=\"800\" height=\"533\" srcset=\"https:\/\/www.norn.is\/liljur-vallarins\/wp-content\/uploads\/sites\/27\/2017\/08\/2-3.jpg 800w, https:\/\/www.norn.is\/liljur-vallarins\/wp-content\/uploads\/sites\/27\/2017\/08\/2-3-300x200.jpg 300w, https:\/\/www.norn.is\/liljur-vallarins\/wp-content\/uploads\/sites\/27\/2017\/08\/2-3-768x512.jpg 768w, https:\/\/www.norn.is\/liljur-vallarins\/wp-content\/uploads\/sites\/27\/2017\/08\/2-3-450x300.jpg 450w\" sizes=\"auto, (max-width: 800px) 100vw, 800px\" \/><img loading=\"lazy\" decoding=\"async\" class=\"aligncenter size-full wp-image-315\" src=\"http:\/\/www.norn.is\/liljur-vallarins\/wp-content\/uploads\/sites\/27\/2017\/08\/4-5.jpg\" alt=\"\" width=\"800\" height=\"533\" srcset=\"https:\/\/www.norn.is\/liljur-vallarins\/wp-content\/uploads\/sites\/27\/2017\/08\/4-5.jpg 800w, https:\/\/www.norn.is\/liljur-vallarins\/wp-content\/uploads\/sites\/27\/2017\/08\/4-5-300x200.jpg 300w, https:\/\/www.norn.is\/liljur-vallarins\/wp-content\/uploads\/sites\/27\/2017\/08\/4-5-768x512.jpg 768w, https:\/\/www.norn.is\/liljur-vallarins\/wp-content\/uploads\/sites\/27\/2017\/08\/4-5-450x300.jpg 450w\" sizes=\"auto, (max-width: 800px) 100vw, 800px\" \/>&#8222;\u00c6tlar\u00f0u a\u00f0 tjalda <del>\u00e1 \u00feessari grj\u00f3thr\u00fagu<\/del> h\u00e9r?&#8220; sag\u00f0i \u00e9g og reyndi a\u00f0 hlj\u00f3ma eins og \u00e9g v\u00e6ri ekki \u00ed uppn\u00e1mi.\u00a0Einar h\u00e9lt \u00fev\u00ed fram a\u00f0 ekkert v\u00e6ri betra en a\u00f0 sofa \u00e1 m\u00f6l og \u00e9g f\u00e9kk a\u00f0 vera prinsessa og sitja \u00ed b\u00edlnum \u00e1 me\u00f0an Torfi hj\u00e1lpa\u00f0i honum a\u00f0 koma tjaldinu upp. \u00dea\u00f0 t\u00f3k t\u00f6luver\u00f0an t\u00edma enda <del>h\u00edfandi rok<\/del>\u00a0hreyf\u00f0i a\u00f0eins vind.<\/p>\n<p><img loading=\"lazy\" decoding=\"async\" class=\"aligncenter size-full wp-image-316\" src=\"http:\/\/www.norn.is\/liljur-vallarins\/wp-content\/uploads\/sites\/27\/2017\/08\/5-4.jpg\" alt=\"\" width=\"800\" height=\"533\" srcset=\"https:\/\/www.norn.is\/liljur-vallarins\/wp-content\/uploads\/sites\/27\/2017\/08\/5-4.jpg 800w, https:\/\/www.norn.is\/liljur-vallarins\/wp-content\/uploads\/sites\/27\/2017\/08\/5-4-300x200.jpg 300w, https:\/\/www.norn.is\/liljur-vallarins\/wp-content\/uploads\/sites\/27\/2017\/08\/5-4-768x512.jpg 768w, https:\/\/www.norn.is\/liljur-vallarins\/wp-content\/uploads\/sites\/27\/2017\/08\/5-4-450x300.jpg 450w\" sizes=\"auto, (max-width: 800px) 100vw, 800px\" \/><\/p>\n<p>&nbsp;<\/p>\n<p>&nbsp;<\/p>\n<p><img loading=\"lazy\" decoding=\"async\" class=\"aligncenter size-full wp-image-318\" src=\"http:\/\/www.norn.is\/liljur-vallarins\/wp-content\/uploads\/sites\/27\/2017\/08\/7-3.jpg\" alt=\"\" width=\"800\" height=\"533\" srcset=\"https:\/\/www.norn.is\/liljur-vallarins\/wp-content\/uploads\/sites\/27\/2017\/08\/7-3.jpg 800w, https:\/\/www.norn.is\/liljur-vallarins\/wp-content\/uploads\/sites\/27\/2017\/08\/7-3-300x200.jpg 300w, https:\/\/www.norn.is\/liljur-vallarins\/wp-content\/uploads\/sites\/27\/2017\/08\/7-3-768x512.jpg 768w, https:\/\/www.norn.is\/liljur-vallarins\/wp-content\/uploads\/sites\/27\/2017\/08\/7-3-450x300.jpg 450w\" sizes=\"auto, (max-width: 800px) 100vw, 800px\" \/><\/p>\n<p style=\"text-align: center;\"><em>Hva\u00f0 er betra, eftir a\u00f0 hafa barist vi\u00f0 a\u00f0 koma upp tjaldi \u00ed roki,<br \/>\nen \u00edskaldur bj\u00f3r \u00ed blautri m\u00f6l og 3ja gr\u00e1\u00f0u hita?<\/em><\/p>\n<p>&nbsp;<\/p>\n<p style=\"text-align: center;\"><img loading=\"lazy\" decoding=\"async\" class=\"aligncenter size-full wp-image-319\" src=\"http:\/\/www.norn.is\/liljur-vallarins\/wp-content\/uploads\/sites\/27\/2017\/08\/8-4.jpg\" alt=\"\" width=\"800\" height=\"533\" srcset=\"https:\/\/www.norn.is\/liljur-vallarins\/wp-content\/uploads\/sites\/27\/2017\/08\/8-4.jpg 800w, https:\/\/www.norn.is\/liljur-vallarins\/wp-content\/uploads\/sites\/27\/2017\/08\/8-4-300x200.jpg 300w, https:\/\/www.norn.is\/liljur-vallarins\/wp-content\/uploads\/sites\/27\/2017\/08\/8-4-768x512.jpg 768w, https:\/\/www.norn.is\/liljur-vallarins\/wp-content\/uploads\/sites\/27\/2017\/08\/8-4-450x300.jpg 450w\" sizes=\"auto, (max-width: 800px) 100vw, 800px\" \/><em>Einar eldar k\u00fask\u00fas vi\u00f0 \u00feessar l\u00edka huggulegu a\u00f0st\u00e6\u00f0ur og Torfi slakar \u00e1 \u00ed h\u00e6gindast\u00f3lnum. N\u00e6stum eins og a\u00f0 vera heima er \u00fea\u00f0 ekki?<\/em><\/p>\n<p>\u00dear sem allt var blautt og mig langa\u00f0i ekki \u00ed rigningarvatn \u00fat \u00e1 matinn minn bor\u00f0a\u00f0i \u00e9g k\u00fask\u00fasi\u00f0 \u00ed b\u00edlnum hans Torfa og \u00fear s\u00e1tum vi\u00f0 reyndar megni\u00f0 af kv\u00f6ldinu og <del>horf\u00f0um \u00e1 \u00feokuna<\/del> nutum \u00fats\u00fdnisins. Af og til reyndi Einar a\u00f0 halda \u00fev\u00ed fram a\u00f0 n\u00fa v\u00e6ri a\u00f0 rofa til. Torfi t\u00f3k n\u00fa reyndar ekki undir \u00fea\u00f0 en taldi allar l\u00edkur \u00e1 a\u00f0 vi\u00f0 myndum vakna \u00ed s\u00f3lskini.<\/p>\n<p>\u00c9g haf\u00f0i af\u00feakka\u00f0 bj\u00f3r fyrir matinn, enda sk\u00edtakuldi \u00fati. N\u00fa \u00feegar vi\u00f0 s\u00e1tum \u00ed heitum b\u00edl hvatti Einar mig eindregi\u00f0 til a\u00f0 g\u00falla \u00ed mig bj\u00f3r. \u00c9g sag\u00f0i fyrst nei og \u00e6tla\u00f0i l\u00edka af\u00feakka kak\u00f3 me\u00f0 rommi, \u00fear sem \u00e9g vildi \u00ed lengstu l\u00f6g komast hj\u00e1 \u00fev\u00ed a\u00f0 pissa en Torfi benti m\u00e9r \u00e1 a\u00f0 ef \u00e9g \u00e6tla\u00f0i a\u00f0 sleppa \u00fev\u00ed myndi \u00e9g sennilega ney\u00f0ast til a\u00f0 fara upp \u00far svefnpokanum og \u00fat um mi\u00f0ja n\u00f3tt. Einar haf\u00f0i meiri \u00e1hyggjur af \u00fev\u00ed a\u00f0 aflei\u00f0ingarnar af \u00feessu a\u00f0haldi yr\u00f0u \u00fe\u00e6r a\u00f0 \u00e9g yr\u00f0i \u00f3\u00fearflega edr\u00fa en a\u00f0 d\u00fdr\u00f0ina \u00e1 m\u00e9r myndi kala. Held a\u00f0 hann hafi ekki einu sinni tr\u00faa\u00f0 \u00fev\u00ed a\u00f0 \u00e9g g\u00e6ti haldi\u00f0 \u00ed m\u00e9r fram yfir kl 10, hva\u00f0 \u00fe\u00e1 lengur. \u00c9g s\u00e1 a\u00f0 lokum fram \u00e1 a\u00f0 \u00feetta kv\u00f6ld yr\u00f0i ekki skemmtilegra \u00e1n \u00e1fengis og drakk \u00fev\u00ed b\u00e6\u00f0i bj\u00f3r og romm \u00ed b\u00edlnum, en \u00e1n \u00feess a\u00f0 \u00feokan yr\u00f0i nokku\u00f0 fallegri. Paufa\u00f0ist svo upp fyrir meintan hraunvegg og pissa\u00f0i <del>\u00ed sk\u00edtakulda<\/del> bak vi\u00f0 stein. Fann rakv\u00e9l \u00e1 bakalei\u00f0inni. &#8222;Helv\u00edtis t\u00faristar&#8220; vir\u00f0ast \u00fev\u00ed hafa komi\u00f0 \u00e1 &#8222;s\u00e9rstakan sta\u00f0&#8220; \u00fe\u00f3tt \u00fear sj\u00e1ist annars engin skepna, ekki einu sinni fuglar hva\u00f0 \u00fe\u00e1 sau\u00f0f\u00e9, hva\u00f0 \u00e6tti \u00fea\u00f0 l\u00edka a\u00f0 \u00e9ta?<\/p>\n<p>\u00c9g tr\u00fai \u00fev\u00ed varla enn a\u00f0 tjaldbotninn s\u00e9 ekkert g\u00f6t\u00f3ttur eftir m\u00f6lina en Einar haf\u00f0i keypt handa m\u00e9r prinsessud\u00fdnu svo \u00fea\u00f0 var mj\u00fakt undir m\u00e9r \u00fer\u00e1tt fyrir allt. \u00cd \u00feetta sinn t\u00f3k hann l\u00edka me\u00f0 svefnpoka sem \u00e1 a\u00f0 vera \u00fe\u00e6glegur \u00ed -30\u00b0C og enda \u00fe\u00f3tt v\u00e6ri vi\u00f0 frostmark um n\u00f3ttina var\u00f0 m\u00e9r ekki kalt.<\/p>\n<p>&#8222;\u00deetta er \u00e1g\u00e6tt&#8220; hugsa\u00f0i \u00e9g \u00e1\u00f0ur en \u00e9g sofna\u00f0i. &#8222;\u00deeir eru ekki a\u00f0 fara a\u00f0 \u00feramma \u00e1 fj\u00f6ll \u00ed \u00feoku e\u00f0a rigningu svo vi\u00f0 f\u00f6rum bara heim \u00e1 morgun.&#8220;<\/p>\n<p><img loading=\"lazy\" decoding=\"async\" class=\"aligncenter size-full wp-image-321\" src=\"http:\/\/www.norn.is\/liljur-vallarins\/wp-content\/uploads\/sites\/27\/2017\/08\/10-5.jpg\" alt=\"\" width=\"800\" height=\"533\" srcset=\"https:\/\/www.norn.is\/liljur-vallarins\/wp-content\/uploads\/sites\/27\/2017\/08\/10-5.jpg 800w, https:\/\/www.norn.is\/liljur-vallarins\/wp-content\/uploads\/sites\/27\/2017\/08\/10-5-300x200.jpg 300w, https:\/\/www.norn.is\/liljur-vallarins\/wp-content\/uploads\/sites\/27\/2017\/08\/10-5-768x512.jpg 768w, https:\/\/www.norn.is\/liljur-vallarins\/wp-content\/uploads\/sites\/27\/2017\/08\/10-5-450x300.jpg 450w\" sizes=\"auto, (max-width: 800px) 100vw, 800px\" \/><\/p>\n<p style=\"text-align: center;\">En vi\u00f0 v\u00f6knu\u00f0um \u00ed s\u00f3lskini, merkilegur andskoti.\u00a0Og m\u00e9r var ekki kalt!<\/p>\n<p><img loading=\"lazy\" decoding=\"async\" class=\"aligncenter size-full wp-image-381\" src=\"http:\/\/www.norn.is\/liljur-vallarins\/wp-content\/uploads\/sites\/27\/2017\/08\/aaa.jpg\" alt=\"\" width=\"800\" height=\"533\" srcset=\"https:\/\/www.norn.is\/liljur-vallarins\/wp-content\/uploads\/sites\/27\/2017\/08\/aaa.jpg 800w, https:\/\/www.norn.is\/liljur-vallarins\/wp-content\/uploads\/sites\/27\/2017\/08\/aaa-300x200.jpg 300w, https:\/\/www.norn.is\/liljur-vallarins\/wp-content\/uploads\/sites\/27\/2017\/08\/aaa-768x512.jpg 768w, https:\/\/www.norn.is\/liljur-vallarins\/wp-content\/uploads\/sites\/27\/2017\/08\/aaa-450x300.jpg 450w\" sizes=\"auto, (max-width: 800px) 100vw, 800px\" \/><\/p>\n<p style=\"text-align: center;\">\u00a0Og j\u00fa, \u00fearna eru fj\u00f6ll eftir allt saman og \u00feau eru hreint ekki lj\u00f3t.<\/p>\n<p>&nbsp;<\/p>\n<p><img loading=\"lazy\" decoding=\"async\" class=\"aligncenter size-full wp-image-322\" src=\"http:\/\/www.norn.is\/liljur-vallarins\/wp-content\/uploads\/sites\/27\/2017\/08\/11-4.jpg\" alt=\"\" width=\"800\" height=\"533\" srcset=\"https:\/\/www.norn.is\/liljur-vallarins\/wp-content\/uploads\/sites\/27\/2017\/08\/11-4.jpg 800w, https:\/\/www.norn.is\/liljur-vallarins\/wp-content\/uploads\/sites\/27\/2017\/08\/11-4-300x200.jpg 300w, https:\/\/www.norn.is\/liljur-vallarins\/wp-content\/uploads\/sites\/27\/2017\/08\/11-4-768x512.jpg 768w, https:\/\/www.norn.is\/liljur-vallarins\/wp-content\/uploads\/sites\/27\/2017\/08\/11-4-450x300.jpg 450w\" sizes=\"auto, (max-width: 800px) 100vw, 800px\" \/><\/p>\n<p style=\"text-align: center;\">Meira a\u00f0 segja \u00feessi \u00f3merkilegi grj\u00f3tgar\u00f0ur er bara \u00fe\u00f3 nokku\u00f0 s\u00e6tur \u00ed s\u00f3linni<br \/>\n\u00e9g tala n\u00fa ekki um \u00feegar Torfi stendur fyrir framan hann.<\/p>\n<p><img loading=\"lazy\" decoding=\"async\" class=\"aligncenter size-full wp-image-323\" src=\"http:\/\/www.norn.is\/liljur-vallarins\/wp-content\/uploads\/sites\/27\/2017\/08\/12-3.jpg\" alt=\"\" width=\"800\" height=\"533\" srcset=\"https:\/\/www.norn.is\/liljur-vallarins\/wp-content\/uploads\/sites\/27\/2017\/08\/12-3.jpg 800w, https:\/\/www.norn.is\/liljur-vallarins\/wp-content\/uploads\/sites\/27\/2017\/08\/12-3-300x200.jpg 300w, https:\/\/www.norn.is\/liljur-vallarins\/wp-content\/uploads\/sites\/27\/2017\/08\/12-3-768x512.jpg 768w, https:\/\/www.norn.is\/liljur-vallarins\/wp-content\/uploads\/sites\/27\/2017\/08\/12-3-450x300.jpg 450w\" sizes=\"auto, (max-width: 800px) 100vw, 800px\" \/><\/p>\n<p>Hl\u00fdtt? Nei, \u00fea\u00f0 sag\u00f0i \u00e9g ekki. Meira a\u00f0 segja Einar, sem helst gengur nakinn, var me\u00f0 h\u00fafu. En \u00fea\u00f0 var n\u00fa samt s\u00f3lskin. Og h\u00e6gt a\u00f0 bor\u00f0a morgunmat \u00e1n \u00feess kr\u00f3kna ef ma\u00f0ur sat \u00ed skj\u00f3li. \u00dea\u00f0 var reyndar n\u00e6stum \u00fev\u00ed logn.<\/p>\n<p>&nbsp;<\/p>\n<p><img loading=\"lazy\" decoding=\"async\" class=\"aligncenter size-full wp-image-324\" src=\"http:\/\/www.norn.is\/liljur-vallarins\/wp-content\/uploads\/sites\/27\/2017\/08\/13-2.jpg\" alt=\"\" width=\"800\" height=\"533\" srcset=\"https:\/\/www.norn.is\/liljur-vallarins\/wp-content\/uploads\/sites\/27\/2017\/08\/13-2.jpg 800w, https:\/\/www.norn.is\/liljur-vallarins\/wp-content\/uploads\/sites\/27\/2017\/08\/13-2-300x200.jpg 300w, https:\/\/www.norn.is\/liljur-vallarins\/wp-content\/uploads\/sites\/27\/2017\/08\/13-2-768x512.jpg 768w, https:\/\/www.norn.is\/liljur-vallarins\/wp-content\/uploads\/sites\/27\/2017\/08\/13-2-450x300.jpg 450w\" sizes=\"auto, (max-width: 800px) 100vw, 800px\" \/><\/p>\n<p style=\"text-align: center;\"><em>Ekkert finnst Einari betra en a\u00f0 drekka morgunkaffi\u00f0 sitt \u00fati \u00ed \u00edskaldri morguns\u00f3linni, nema ef skyldi vera \u00fea\u00f0 a\u00f0 drekka bj\u00f3rinn sinn \u00fati \u00ed roki og rigningu.\u00a0<\/em><\/p>\n<p>&nbsp;<\/p>\n<p><img loading=\"lazy\" decoding=\"async\" class=\"aligncenter size-full wp-image-432\" src=\"http:\/\/www.norn.is\/liljur-vallarins\/wp-content\/uploads\/sites\/27\/2017\/08\/ccc-1.jpg\" alt=\"\" width=\"800\" height=\"533\" srcset=\"https:\/\/www.norn.is\/liljur-vallarins\/wp-content\/uploads\/sites\/27\/2017\/08\/ccc-1.jpg 800w, https:\/\/www.norn.is\/liljur-vallarins\/wp-content\/uploads\/sites\/27\/2017\/08\/ccc-1-300x200.jpg 300w, https:\/\/www.norn.is\/liljur-vallarins\/wp-content\/uploads\/sites\/27\/2017\/08\/ccc-1-768x512.jpg 768w, https:\/\/www.norn.is\/liljur-vallarins\/wp-content\/uploads\/sites\/27\/2017\/08\/ccc-1-450x300.jpg 450w\" sizes=\"auto, (max-width: 800px) 100vw, 800px\" \/><\/p>\n<p>Vi\u00f0 vorum semsagt ekki a\u00f0 fara a\u00f0 taka saman d\u00f3ti\u00f0 \u00ed grenjandi rigningu og hypja okkur \u00ed b\u00e6inn, heldur \u00ed fjallg\u00f6ngu. &#8222;\u00deetta ver\u00f0ur eitthva\u00f0&#8220; hugsa\u00f0i \u00e9g, en hef\u00f0i \u00e9g bara vita\u00f0 hva\u00f0 var \u00ed v\u00e6ndum &#8230;<\/p>\n<p>&nbsp;<\/p>\n","protected":false},"excerpt":{"rendered":"<p>Bara svo \u00fea\u00f0 s\u00e9 \u00e1 hreinu \u00fe\u00e1 er \u00e9g ekki \u00e1 lei\u00f0 me\u00f0 a\u00f0 ver\u00f0a \u00fativistarfr\u00edk en um helgina ger\u00f0i \u00e9g n\u00fa samt a\u00f0ra tilraun til a\u00f0 fara \u00ed \u00fatilegu. \u00c9g hef hinga\u00f0 til tali\u00f0 r\u00e9tt a\u00f0 pr\u00f3fa allt einu &hellip; <a href=\"https:\/\/www.norn.is\/liljur-vallarins\/2017\/08\/23\/a-serstokum-stad\/\">Halda \u00e1fram a\u00f0 lesa <span class=\"meta-nav\">&rarr;<\/span><\/a><\/p>\n","protected":false},"author":2,"featured_media":0,"comment_status":"closed","ping_status":"closed","sticky":false,"template":"","format":"standard","meta":{"footnotes":"","_links_to":"","_links_to_target":""},"categories":[1],"tags":[132,27,26],"class_list":["post-311","post","type-post","status-publish","format-standard","hentry","category-allt-efni","tag-ferdalog","tag-utilega","tag-utivist"],"yoast_head":"<!-- This site is optimized with the Yoast SEO plugin v27.4 - https:\/\/yoast.com\/product\/yoast-seo-wordpress\/ -->\n<title>\u00c1 s\u00e9rst\u00f6kum sta\u00f0 - Liljur vallarins<\/title>\n<meta name=\"robots\" content=\"index, follow, max-snippet:-1, max-image-preview:large, max-video-preview:-1\" \/>\n<link rel=\"canonical\" href=\"https:\/\/www.norn.is\/liljur-vallarins\/2017\/08\/23\/a-serstokum-stad\/\" \/>\n<meta property=\"og:locale\" content=\"is_IS\" \/>\n<meta property=\"og:type\" content=\"article\" \/>\n<meta property=\"og:title\" content=\"\u00c1 s\u00e9rst\u00f6kum sta\u00f0 - Liljur vallarins\" \/>\n<meta property=\"og:description\" content=\"Bara svo \u00fea\u00f0 s\u00e9 \u00e1 hreinu \u00fe\u00e1 er \u00e9g ekki \u00e1 lei\u00f0 me\u00f0 a\u00f0 ver\u00f0a \u00fativistarfr\u00edk en um helgina ger\u00f0i \u00e9g n\u00fa samt a\u00f0ra tilraun til a\u00f0 fara \u00ed \u00fatilegu. \u00c9g hef hinga\u00f0 til tali\u00f0 r\u00e9tt a\u00f0 pr\u00f3fa allt einu &hellip; Halda \u00e1fram a\u00f0 lesa &rarr;\" \/>\n<meta property=\"og:url\" content=\"https:\/\/www.norn.is\/liljur-vallarins\/2017\/08\/23\/a-serstokum-stad\/\" \/>\n<meta property=\"og:site_name\" content=\"Liljur vallarins\" \/>\n<meta property=\"article:published_time\" content=\"2017-08-23T12:00:04+00:00\" \/>\n<meta property=\"article:modified_time\" content=\"2019-05-02T06:26:04+00:00\" \/>\n<meta property=\"og:image\" content=\"http:\/\/www.norn.is\/liljur-vallarins\/wp-content\/uploads\/sites\/27\/2017\/08\/6-4.jpg\" \/>\n<meta name=\"author\" content=\"Eva Hauksd\u00f3ttir\" \/>\n<meta name=\"twitter:card\" content=\"summary_large_image\" \/>\n<meta name=\"twitter:label1\" content=\"Written by\" \/>\n\t<meta name=\"twitter:data1\" content=\"\" \/>\n\t<meta name=\"twitter:label2\" content=\"Est. reading time\" \/>\n\t<meta name=\"twitter:data2\" content=\"6 minutes\" \/>\n<script type=\"application\/ld+json\" class=\"yoast-schema-graph\">{\"@context\":\"https:\\\/\\\/schema.org\",\"@graph\":[{\"@type\":\"Article\",\"@id\":\"https:\\\/\\\/www.norn.is\\\/liljur-vallarins\\\/2017\\\/08\\\/23\\\/a-serstokum-stad\\\/#article\",\"isPartOf\":{\"@id\":\"https:\\\/\\\/www.norn.is\\\/liljur-vallarins\\\/2017\\\/08\\\/23\\\/a-serstokum-stad\\\/\"},\"author\":{\"name\":\"Eva Hauksd\u00f3ttir\",\"@id\":\"https:\\\/\\\/www.norn.is\\\/liljur-vallarins\\\/#\\\/schema\\\/person\\\/2eb0fcae9e1ecc61987f7ed9c878531c\"},\"headline\":\"\u00c1 s\u00e9rst\u00f6kum sta\u00f0\",\"datePublished\":\"2017-08-23T12:00:04+00:00\",\"dateModified\":\"2019-05-02T06:26:04+00:00\",\"mainEntityOfPage\":{\"@id\":\"https:\\\/\\\/www.norn.is\\\/liljur-vallarins\\\/2017\\\/08\\\/23\\\/a-serstokum-stad\\\/\"},\"wordCount\":1104,\"image\":{\"@id\":\"https:\\\/\\\/www.norn.is\\\/liljur-vallarins\\\/2017\\\/08\\\/23\\\/a-serstokum-stad\\\/#primaryimage\"},\"thumbnailUrl\":\"http:\\\/\\\/www.norn.is\\\/liljur-vallarins\\\/wp-content\\\/uploads\\\/sites\\\/27\\\/2017\\\/08\\\/6-4.jpg\",\"keywords\":[\"Fer\u00f0al\u00f6g\",\"\u00datilega\",\"\u00dativist\"],\"articleSection\":[\"Allt efni\"],\"inLanguage\":\"is\"},{\"@type\":\"WebPage\",\"@id\":\"https:\\\/\\\/www.norn.is\\\/liljur-vallarins\\\/2017\\\/08\\\/23\\\/a-serstokum-stad\\\/\",\"url\":\"https:\\\/\\\/www.norn.is\\\/liljur-vallarins\\\/2017\\\/08\\\/23\\\/a-serstokum-stad\\\/\",\"name\":\"\u00c1 s\u00e9rst\u00f6kum sta\u00f0 - Liljur vallarins\",\"isPartOf\":{\"@id\":\"https:\\\/\\\/www.norn.is\\\/liljur-vallarins\\\/#website\"},\"primaryImageOfPage\":{\"@id\":\"https:\\\/\\\/www.norn.is\\\/liljur-vallarins\\\/2017\\\/08\\\/23\\\/a-serstokum-stad\\\/#primaryimage\"},\"image\":{\"@id\":\"https:\\\/\\\/www.norn.is\\\/liljur-vallarins\\\/2017\\\/08\\\/23\\\/a-serstokum-stad\\\/#primaryimage\"},\"thumbnailUrl\":\"http:\\\/\\\/www.norn.is\\\/liljur-vallarins\\\/wp-content\\\/uploads\\\/sites\\\/27\\\/2017\\\/08\\\/6-4.jpg\",\"datePublished\":\"2017-08-23T12:00:04+00:00\",\"dateModified\":\"2019-05-02T06:26:04+00:00\",\"author\":{\"@id\":\"https:\\\/\\\/www.norn.is\\\/liljur-vallarins\\\/#\\\/schema\\\/person\\\/2eb0fcae9e1ecc61987f7ed9c878531c\"},\"breadcrumb\":{\"@id\":\"https:\\\/\\\/www.norn.is\\\/liljur-vallarins\\\/2017\\\/08\\\/23\\\/a-serstokum-stad\\\/#breadcrumb\"},\"inLanguage\":\"is\",\"potentialAction\":[{\"@type\":\"ReadAction\",\"target\":[\"https:\\\/\\\/www.norn.is\\\/liljur-vallarins\\\/2017\\\/08\\\/23\\\/a-serstokum-stad\\\/\"]}]},{\"@type\":\"ImageObject\",\"inLanguage\":\"is\",\"@id\":\"https:\\\/\\\/www.norn.is\\\/liljur-vallarins\\\/2017\\\/08\\\/23\\\/a-serstokum-stad\\\/#primaryimage\",\"url\":\"https:\\\/\\\/www.norn.is\\\/liljur-vallarins\\\/wp-content\\\/uploads\\\/sites\\\/27\\\/2017\\\/08\\\/6-4.jpg\",\"contentUrl\":\"https:\\\/\\\/www.norn.is\\\/liljur-vallarins\\\/wp-content\\\/uploads\\\/sites\\\/27\\\/2017\\\/08\\\/6-4.jpg\",\"width\":800,\"height\":533},{\"@type\":\"BreadcrumbList\",\"@id\":\"https:\\\/\\\/www.norn.is\\\/liljur-vallarins\\\/2017\\\/08\\\/23\\\/a-serstokum-stad\\\/#breadcrumb\",\"itemListElement\":[{\"@type\":\"ListItem\",\"position\":1,\"name\":\"Home\",\"item\":\"https:\\\/\\\/www.norn.is\\\/liljur-vallarins\\\/\"},{\"@type\":\"ListItem\",\"position\":2,\"name\":\"\u00c1 s\u00e9rst\u00f6kum sta\u00f0\"}]},{\"@type\":\"WebSite\",\"@id\":\"https:\\\/\\\/www.norn.is\\\/liljur-vallarins\\\/#website\",\"url\":\"https:\\\/\\\/www.norn.is\\\/liljur-vallarins\\\/\",\"name\":\"Liljur vallarins\",\"description\":\"\",\"potentialAction\":[{\"@type\":\"SearchAction\",\"target\":{\"@type\":\"EntryPoint\",\"urlTemplate\":\"https:\\\/\\\/www.norn.is\\\/liljur-vallarins\\\/?s={search_term_string}\"},\"query-input\":{\"@type\":\"PropertyValueSpecification\",\"valueRequired\":true,\"valueName\":\"search_term_string\"}}],\"inLanguage\":\"is\"},{\"@type\":\"Person\",\"@id\":\"https:\\\/\\\/www.norn.is\\\/liljur-vallarins\\\/#\\\/schema\\\/person\\\/2eb0fcae9e1ecc61987f7ed9c878531c\",\"name\":\"Eva Hauksd\u00f3ttir\",\"sameAs\":[\"http:\\\/\\\/www.norn.is\"],\"url\":\"https:\\\/\\\/www.norn.is\\\/liljur-vallarins\\\/author\\\/eva\\\/\"}]}<\/script>\n<!-- \/ Yoast SEO plugin. -->","yoast_head_json":{"title":"\u00c1 s\u00e9rst\u00f6kum sta\u00f0 - Liljur vallarins","robots":{"index":"index","follow":"follow","max-snippet":"max-snippet:-1","max-image-preview":"max-image-preview:large","max-video-preview":"max-video-preview:-1"},"canonical":"https:\/\/www.norn.is\/liljur-vallarins\/2017\/08\/23\/a-serstokum-stad\/","og_locale":"is_IS","og_type":"article","og_title":"\u00c1 s\u00e9rst\u00f6kum sta\u00f0 - Liljur vallarins","og_description":"Bara svo \u00fea\u00f0 s\u00e9 \u00e1 hreinu \u00fe\u00e1 er \u00e9g ekki \u00e1 lei\u00f0 me\u00f0 a\u00f0 ver\u00f0a \u00fativistarfr\u00edk en um helgina ger\u00f0i \u00e9g n\u00fa samt a\u00f0ra tilraun til a\u00f0 fara \u00ed \u00fatilegu. \u00c9g hef hinga\u00f0 til tali\u00f0 r\u00e9tt a\u00f0 pr\u00f3fa allt einu &hellip; Halda \u00e1fram a\u00f0 lesa &rarr;","og_url":"https:\/\/www.norn.is\/liljur-vallarins\/2017\/08\/23\/a-serstokum-stad\/","og_site_name":"Liljur vallarins","article_published_time":"2017-08-23T12:00:04+00:00","article_modified_time":"2019-05-02T06:26:04+00:00","og_image":[{"url":"http:\/\/www.norn.is\/liljur-vallarins\/wp-content\/uploads\/sites\/27\/2017\/08\/6-4.jpg","type":"","width":"","height":""}],"author":"Eva Hauksd\u00f3ttir","twitter_card":"summary_large_image","twitter_misc":{"Written by":false,"Est. reading time":"6 minutes"},"schema":{"@context":"https:\/\/schema.org","@graph":[{"@type":"Article","@id":"https:\/\/www.norn.is\/liljur-vallarins\/2017\/08\/23\/a-serstokum-stad\/#article","isPartOf":{"@id":"https:\/\/www.norn.is\/liljur-vallarins\/2017\/08\/23\/a-serstokum-stad\/"},"author":{"name":"Eva Hauksd\u00f3ttir","@id":"https:\/\/www.norn.is\/liljur-vallarins\/#\/schema\/person\/2eb0fcae9e1ecc61987f7ed9c878531c"},"headline":"\u00c1 s\u00e9rst\u00f6kum sta\u00f0","datePublished":"2017-08-23T12:00:04+00:00","dateModified":"2019-05-02T06:26:04+00:00","mainEntityOfPage":{"@id":"https:\/\/www.norn.is\/liljur-vallarins\/2017\/08\/23\/a-serstokum-stad\/"},"wordCount":1104,"image":{"@id":"https:\/\/www.norn.is\/liljur-vallarins\/2017\/08\/23\/a-serstokum-stad\/#primaryimage"},"thumbnailUrl":"http:\/\/www.norn.is\/liljur-vallarins\/wp-content\/uploads\/sites\/27\/2017\/08\/6-4.jpg","keywords":["Fer\u00f0al\u00f6g","\u00datilega","\u00dativist"],"articleSection":["Allt efni"],"inLanguage":"is"},{"@type":"WebPage","@id":"https:\/\/www.norn.is\/liljur-vallarins\/2017\/08\/23\/a-serstokum-stad\/","url":"https:\/\/www.norn.is\/liljur-vallarins\/2017\/08\/23\/a-serstokum-stad\/","name":"\u00c1 s\u00e9rst\u00f6kum sta\u00f0 - Liljur vallarins","isPartOf":{"@id":"https:\/\/www.norn.is\/liljur-vallarins\/#website"},"primaryImageOfPage":{"@id":"https:\/\/www.norn.is\/liljur-vallarins\/2017\/08\/23\/a-serstokum-stad\/#primaryimage"},"image":{"@id":"https:\/\/www.norn.is\/liljur-vallarins\/2017\/08\/23\/a-serstokum-stad\/#primaryimage"},"thumbnailUrl":"http:\/\/www.norn.is\/liljur-vallarins\/wp-content\/uploads\/sites\/27\/2017\/08\/6-4.jpg","datePublished":"2017-08-23T12:00:04+00:00","dateModified":"2019-05-02T06:26:04+00:00","author":{"@id":"https:\/\/www.norn.is\/liljur-vallarins\/#\/schema\/person\/2eb0fcae9e1ecc61987f7ed9c878531c"},"breadcrumb":{"@id":"https:\/\/www.norn.is\/liljur-vallarins\/2017\/08\/23\/a-serstokum-stad\/#breadcrumb"},"inLanguage":"is","potentialAction":[{"@type":"ReadAction","target":["https:\/\/www.norn.is\/liljur-vallarins\/2017\/08\/23\/a-serstokum-stad\/"]}]},{"@type":"ImageObject","inLanguage":"is","@id":"https:\/\/www.norn.is\/liljur-vallarins\/2017\/08\/23\/a-serstokum-stad\/#primaryimage","url":"https:\/\/www.norn.is\/liljur-vallarins\/wp-content\/uploads\/sites\/27\/2017\/08\/6-4.jpg","contentUrl":"https:\/\/www.norn.is\/liljur-vallarins\/wp-content\/uploads\/sites\/27\/2017\/08\/6-4.jpg","width":800,"height":533},{"@type":"BreadcrumbList","@id":"https:\/\/www.norn.is\/liljur-vallarins\/2017\/08\/23\/a-serstokum-stad\/#breadcrumb","itemListElement":[{"@type":"ListItem","position":1,"name":"Home","item":"https:\/\/www.norn.is\/liljur-vallarins\/"},{"@type":"ListItem","position":2,"name":"\u00c1 s\u00e9rst\u00f6kum sta\u00f0"}]},{"@type":"WebSite","@id":"https:\/\/www.norn.is\/liljur-vallarins\/#website","url":"https:\/\/www.norn.is\/liljur-vallarins\/","name":"Liljur vallarins","description":"","potentialAction":[{"@type":"SearchAction","target":{"@type":"EntryPoint","urlTemplate":"https:\/\/www.norn.is\/liljur-vallarins\/?s={search_term_string}"},"query-input":{"@type":"PropertyValueSpecification","valueRequired":true,"valueName":"search_term_string"}}],"inLanguage":"is"},{"@type":"Person","@id":"https:\/\/www.norn.is\/liljur-vallarins\/#\/schema\/person\/2eb0fcae9e1ecc61987f7ed9c878531c","name":"Eva Hauksd\u00f3ttir","sameAs":["http:\/\/www.norn.is"],"url":"https:\/\/www.norn.is\/liljur-vallarins\/author\/eva\/"}]}},"_links":{"self":[{"href":"https:\/\/www.norn.is\/liljur-vallarins\/wp-json\/wp\/v2\/posts\/311","targetHints":{"allow":["GET"]}}],"collection":[{"href":"https:\/\/www.norn.is\/liljur-vallarins\/wp-json\/wp\/v2\/posts"}],"about":[{"href":"https:\/\/www.norn.is\/liljur-vallarins\/wp-json\/wp\/v2\/types\/post"}],"author":[{"embeddable":true,"href":"https:\/\/www.norn.is\/liljur-vallarins\/wp-json\/wp\/v2\/users\/2"}],"replies":[{"embeddable":true,"href":"https:\/\/www.norn.is\/liljur-vallarins\/wp-json\/wp\/v2\/comments?post=311"}],"version-history":[{"count":9,"href":"https:\/\/www.norn.is\/liljur-vallarins\/wp-json\/wp\/v2\/posts\/311\/revisions"}],"predecessor-version":[{"id":446,"href":"https:\/\/www.norn.is\/liljur-vallarins\/wp-json\/wp\/v2\/posts\/311\/revisions\/446"}],"wp:attachment":[{"href":"https:\/\/www.norn.is\/liljur-vallarins\/wp-json\/wp\/v2\/media?parent=311"}],"wp:term":[{"taxonomy":"category","embeddable":true,"href":"https:\/\/www.norn.is\/liljur-vallarins\/wp-json\/wp\/v2\/categories?post=311"},{"taxonomy":"post_tag","embeddable":true,"href":"https:\/\/www.norn.is\/liljur-vallarins\/wp-json\/wp\/v2\/tags?post=311"}],"curies":[{"name":"wp","href":"https:\/\/api.w.org\/{rel}","templated":true}]}}