{"id":250,"date":"2017-08-19T12:00:24","date_gmt":"2017-08-19T12:00:24","guid":{"rendered":"http:\/\/www.norn.is\/liljur-vallarins\/?p=250"},"modified":"2019-05-02T06:26:04","modified_gmt":"2019-05-02T06:26:04","slug":"utilega-dagur-3-svinafellsjokull","status":"publish","type":"post","link":"https:\/\/www.norn.is\/liljur-vallarins\/2017\/08\/19\/utilega-dagur-3-svinafellsjokull\/","title":{"rendered":"\u00datilega &#8211; dagur 3 &#8211; Sv\u00ednafellsj\u00f6kull"},"content":{"rendered":"<p><img loading=\"lazy\" decoding=\"async\" class=\"aligncenter size-full wp-image-251\" src=\"http:\/\/www.norn.is\/liljur-vallarins\/wp-content\/uploads\/sites\/27\/2017\/08\/4-3.jpg\" alt=\"\" width=\"800\" height=\"533\" srcset=\"https:\/\/www.norn.is\/liljur-vallarins\/wp-content\/uploads\/sites\/27\/2017\/08\/4-3.jpg 800w, https:\/\/www.norn.is\/liljur-vallarins\/wp-content\/uploads\/sites\/27\/2017\/08\/4-3-300x200.jpg 300w, https:\/\/www.norn.is\/liljur-vallarins\/wp-content\/uploads\/sites\/27\/2017\/08\/4-3-768x512.jpg 768w, https:\/\/www.norn.is\/liljur-vallarins\/wp-content\/uploads\/sites\/27\/2017\/08\/4-3-450x300.jpg 450w\" sizes=\"auto, (max-width: 800px) 100vw, 800px\" \/><\/p>\n<p>\u00c9g haf\u00f0i aldrei stigi\u00f0 f\u00e6ti \u00e1 j\u00f6kul og \u00fe\u00f3tt \u00e9g s\u00e9 ekki svo hrifin af \u00e1h\u00e6ttusporti a\u00f0 mig langi \u00ed \u00edsklifur e\u00f0a a\u00f0 kl\u00f6ngrast yfir j\u00f6kla d\u00f6gum saman, hefur mig samt langa\u00f0 ponkul\u00edti\u00f0 a\u00f0 pr\u00f3fa a\u00f0 st\u00edga \u00e1 j\u00f6kul, bara til a\u00f0 vita hvort \u00fea\u00f0 er eitthva\u00f0 l\u00edkt \u00fev\u00ed a\u00f0 ganga um g\u00f6tur Reykjav\u00edkur \u00ed febr\u00faar. \u00dea\u00f0 er b\u00fai\u00f0 a\u00f0 loka vegarsl\u00f3\u00f0anum a\u00f0 Brei\u00f0amerkurj\u00f6kli en vi\u00f0 komumst a\u00f0 Sv\u00ednafellsj\u00f6kli.<!--more--><\/p>\n<p><img loading=\"lazy\" decoding=\"async\" class=\"aligncenter size-full wp-image-252\" src=\"http:\/\/www.norn.is\/liljur-vallarins\/wp-content\/uploads\/sites\/27\/2017\/08\/1-3.jpg\" alt=\"\" width=\"800\" height=\"533\" srcset=\"https:\/\/www.norn.is\/liljur-vallarins\/wp-content\/uploads\/sites\/27\/2017\/08\/1-3.jpg 800w, https:\/\/www.norn.is\/liljur-vallarins\/wp-content\/uploads\/sites\/27\/2017\/08\/1-3-300x200.jpg 300w, https:\/\/www.norn.is\/liljur-vallarins\/wp-content\/uploads\/sites\/27\/2017\/08\/1-3-768x512.jpg 768w, https:\/\/www.norn.is\/liljur-vallarins\/wp-content\/uploads\/sites\/27\/2017\/08\/1-3-450x300.jpg 450w\" sizes=\"auto, (max-width: 800px) 100vw, 800px\" \/><\/p>\n<p>Vi\u00f0 Mouhamed vorum b\u00e6\u00f0i ofurl\u00edti\u00f0 smeyk. \u00de\u00f3tt s\u00e9 ekki h\u00e1lt \u00fear sem j\u00f6kullinn er hulinn sandi og m\u00f6l eru samt sprungur \u00ed \u00edsinn og sumssta\u00f0ar le\u00f0ja og \u00fear getur veri\u00f0 h\u00e1lt undir.<\/p>\n<p><img loading=\"lazy\" decoding=\"async\" class=\"aligncenter size-large wp-image-253\" src=\"http:\/\/www.norn.is\/liljur-vallarins\/wp-content\/uploads\/sites\/27\/2017\/08\/2-2.jpg\" alt=\"\" width=\"584\" height=\"389\" srcset=\"https:\/\/www.norn.is\/liljur-vallarins\/wp-content\/uploads\/sites\/27\/2017\/08\/2-2.jpg 800w, https:\/\/www.norn.is\/liljur-vallarins\/wp-content\/uploads\/sites\/27\/2017\/08\/2-2-300x200.jpg 300w, https:\/\/www.norn.is\/liljur-vallarins\/wp-content\/uploads\/sites\/27\/2017\/08\/2-2-768x512.jpg 768w, https:\/\/www.norn.is\/liljur-vallarins\/wp-content\/uploads\/sites\/27\/2017\/08\/2-2-450x300.jpg 450w\" sizes=\"auto, (max-width: 584px) 100vw, 584px\" \/> <img loading=\"lazy\" decoding=\"async\" class=\"aligncenter size-large wp-image-254\" src=\"http:\/\/www.norn.is\/liljur-vallarins\/wp-content\/uploads\/sites\/27\/2017\/08\/3-3.jpg\" alt=\"\" width=\"584\" height=\"389\" srcset=\"https:\/\/www.norn.is\/liljur-vallarins\/wp-content\/uploads\/sites\/27\/2017\/08\/3-3.jpg 800w, https:\/\/www.norn.is\/liljur-vallarins\/wp-content\/uploads\/sites\/27\/2017\/08\/3-3-300x200.jpg 300w, https:\/\/www.norn.is\/liljur-vallarins\/wp-content\/uploads\/sites\/27\/2017\/08\/3-3-768x512.jpg 768w, https:\/\/www.norn.is\/liljur-vallarins\/wp-content\/uploads\/sites\/27\/2017\/08\/3-3-450x300.jpg 450w\" sizes=\"auto, (max-width: 584px) 100vw, 584px\" \/> <img loading=\"lazy\" decoding=\"async\" class=\"aligncenter size-large wp-image-255\" src=\"http:\/\/www.norn.is\/liljur-vallarins\/wp-content\/uploads\/sites\/27\/2017\/08\/4-4.jpg\" alt=\"\" width=\"584\" height=\"389\" srcset=\"https:\/\/www.norn.is\/liljur-vallarins\/wp-content\/uploads\/sites\/27\/2017\/08\/4-4.jpg 800w, https:\/\/www.norn.is\/liljur-vallarins\/wp-content\/uploads\/sites\/27\/2017\/08\/4-4-300x200.jpg 300w, https:\/\/www.norn.is\/liljur-vallarins\/wp-content\/uploads\/sites\/27\/2017\/08\/4-4-768x512.jpg 768w, https:\/\/www.norn.is\/liljur-vallarins\/wp-content\/uploads\/sites\/27\/2017\/08\/4-4-450x300.jpg 450w\" sizes=\"auto, (max-width: 584px) 100vw, 584px\" \/> <img loading=\"lazy\" decoding=\"async\" class=\"aligncenter size-large wp-image-256\" src=\"http:\/\/www.norn.is\/liljur-vallarins\/wp-content\/uploads\/sites\/27\/2017\/08\/5-3.jpg\" alt=\"\" width=\"584\" height=\"389\" srcset=\"https:\/\/www.norn.is\/liljur-vallarins\/wp-content\/uploads\/sites\/27\/2017\/08\/5-3.jpg 800w, https:\/\/www.norn.is\/liljur-vallarins\/wp-content\/uploads\/sites\/27\/2017\/08\/5-3-300x200.jpg 300w, https:\/\/www.norn.is\/liljur-vallarins\/wp-content\/uploads\/sites\/27\/2017\/08\/5-3-768x512.jpg 768w, https:\/\/www.norn.is\/liljur-vallarins\/wp-content\/uploads\/sites\/27\/2017\/08\/5-3-450x300.jpg 450w\" sizes=\"auto, (max-width: 584px) 100vw, 584px\" \/><\/p>\n<p>Vi\u00f0 h\u00e6ttum ekki \u00e1 a\u00f0 fara langt inn \u00e1 j\u00f6kulinn enda ekki b\u00fain til \u00feess en \u00feetta var skemmtileg upplifun og alveg hrikalega fallegt.<\/p>\n<p><img loading=\"lazy\" decoding=\"async\" class=\"aligncenter size-large wp-image-257\" src=\"http:\/\/www.norn.is\/liljur-vallarins\/wp-content\/uploads\/sites\/27\/2017\/08\/6-3.jpg\" alt=\"\" width=\"584\" height=\"389\" srcset=\"https:\/\/www.norn.is\/liljur-vallarins\/wp-content\/uploads\/sites\/27\/2017\/08\/6-3.jpg 800w, https:\/\/www.norn.is\/liljur-vallarins\/wp-content\/uploads\/sites\/27\/2017\/08\/6-3-300x200.jpg 300w, https:\/\/www.norn.is\/liljur-vallarins\/wp-content\/uploads\/sites\/27\/2017\/08\/6-3-768x512.jpg 768w, https:\/\/www.norn.is\/liljur-vallarins\/wp-content\/uploads\/sites\/27\/2017\/08\/6-3-450x300.jpg 450w\" sizes=\"auto, (max-width: 584px) 100vw, 584px\" \/> <img loading=\"lazy\" decoding=\"async\" class=\"aligncenter size-large wp-image-258\" src=\"http:\/\/www.norn.is\/liljur-vallarins\/wp-content\/uploads\/sites\/27\/2017\/08\/7-2.jpg\" alt=\"\" width=\"584\" height=\"389\" srcset=\"https:\/\/www.norn.is\/liljur-vallarins\/wp-content\/uploads\/sites\/27\/2017\/08\/7-2.jpg 800w, https:\/\/www.norn.is\/liljur-vallarins\/wp-content\/uploads\/sites\/27\/2017\/08\/7-2-300x200.jpg 300w, https:\/\/www.norn.is\/liljur-vallarins\/wp-content\/uploads\/sites\/27\/2017\/08\/7-2-768x512.jpg 768w, https:\/\/www.norn.is\/liljur-vallarins\/wp-content\/uploads\/sites\/27\/2017\/08\/7-2-450x300.jpg 450w\" sizes=\"auto, (max-width: 584px) 100vw, 584px\" \/> <img loading=\"lazy\" decoding=\"async\" class=\"aligncenter size-large wp-image-259\" src=\"http:\/\/www.norn.is\/liljur-vallarins\/wp-content\/uploads\/sites\/27\/2017\/08\/8-3.jpg\" alt=\"\" width=\"584\" height=\"389\" srcset=\"https:\/\/www.norn.is\/liljur-vallarins\/wp-content\/uploads\/sites\/27\/2017\/08\/8-3.jpg 800w, https:\/\/www.norn.is\/liljur-vallarins\/wp-content\/uploads\/sites\/27\/2017\/08\/8-3-300x200.jpg 300w, https:\/\/www.norn.is\/liljur-vallarins\/wp-content\/uploads\/sites\/27\/2017\/08\/8-3-768x512.jpg 768w, https:\/\/www.norn.is\/liljur-vallarins\/wp-content\/uploads\/sites\/27\/2017\/08\/8-3-450x300.jpg 450w\" sizes=\"auto, (max-width: 584px) 100vw, 584px\" \/><\/p>\n<p><img loading=\"lazy\" decoding=\"async\" class=\"aligncenter size-large wp-image-261\" src=\"http:\/\/www.norn.is\/liljur-vallarins\/wp-content\/uploads\/sites\/27\/2017\/08\/10-4.jpg\" alt=\"\" width=\"584\" height=\"389\" srcset=\"https:\/\/www.norn.is\/liljur-vallarins\/wp-content\/uploads\/sites\/27\/2017\/08\/10-4.jpg 800w, https:\/\/www.norn.is\/liljur-vallarins\/wp-content\/uploads\/sites\/27\/2017\/08\/10-4-300x200.jpg 300w, https:\/\/www.norn.is\/liljur-vallarins\/wp-content\/uploads\/sites\/27\/2017\/08\/10-4-768x512.jpg 768w, https:\/\/www.norn.is\/liljur-vallarins\/wp-content\/uploads\/sites\/27\/2017\/08\/10-4-450x300.jpg 450w\" sizes=\"auto, (max-width: 584px) 100vw, 584px\" \/><\/p>\n<p>R\u00e9tt hj\u00e1 tjaldst\u00e6\u00f0inu var alveg skrauf\u00feurr \u00e1rfarvegur. Vi\u00f0 s\u00f6fnu\u00f0um saman \u00feurrum sprekum og kveiktum l\u00edti\u00f0 b\u00e1l, bara r\u00e9tt n\u00f3g til a\u00f0 grilla pylsurnar.<\/p>\n<p><img loading=\"lazy\" decoding=\"async\" class=\"aligncenter size-large wp-image-262\" src=\"http:\/\/www.norn.is\/liljur-vallarins\/wp-content\/uploads\/sites\/27\/2017\/08\/11-3.jpg\" alt=\"\" width=\"584\" height=\"389\" srcset=\"https:\/\/www.norn.is\/liljur-vallarins\/wp-content\/uploads\/sites\/27\/2017\/08\/11-3.jpg 800w, https:\/\/www.norn.is\/liljur-vallarins\/wp-content\/uploads\/sites\/27\/2017\/08\/11-3-300x200.jpg 300w, https:\/\/www.norn.is\/liljur-vallarins\/wp-content\/uploads\/sites\/27\/2017\/08\/11-3-768x512.jpg 768w, https:\/\/www.norn.is\/liljur-vallarins\/wp-content\/uploads\/sites\/27\/2017\/08\/11-3-450x300.jpg 450w\" sizes=\"auto, (max-width: 584px) 100vw, 584px\" \/><\/p>\n<p>Um n\u00f3ttina svaf \u00e9g \u00ed ullarsokkum og reima\u00f0i svefnpokann \u00fe\u00e9ttar a\u00f0 m\u00e9r. \u00c9g svaf lika \u00ed \u00fatvistarn\u00e6rf\u00f6tum og renndi bolnum alveg upp \u00ed h\u00e1ls. \u00c9g haf\u00f0i veri\u00f0 berf\u00e6tt \u00ed pokanum fyrstu n\u00f3ttina og \u00ed b\u00f3mullarn\u00e1ttf\u00f6tum, m\u00e6li ekki me\u00f0 \u00fev\u00ed. Lofthitinn var meiri en fyrri n\u00f3ttina og \u00ed \u00feetta sinn var m\u00e9r alveg hl\u00fdtt. Renndi pokanum m.a.s. ni\u00f0ur undir morgun. Ef \u00e9g reyni a\u00f0 sofa \u00ed tjaldi aftur mun \u00e9g kl\u00e6\u00f0ast \u00e1 \u00feennan h\u00e1tt. Held a\u00f0 sokkarnir skipti mj\u00f6g miklu m\u00e1li. Mouhamed var ekkert kalt, hvorki fyrri n\u00e9 seinni n\u00f3ttina. Einari n\u00e1tt\u00farulega ekki heldur en \u00e9g ber mig n\u00fa ekkert saman vi\u00f0 hann.<\/p>\n<p>Vi\u00f0 f\u00f3rum \u00ed g\u00f6ngufer\u00f0 upp \u00ed gil sem er \u00fearna n\u00e1l\u00e6gt um kv\u00f6ldi\u00f0. \u00dea\u00f0 var d\u00e1l\u00edti\u00f0 \u00e6vint\u00fdralegt umhverfi en \u00fev\u00ed mi\u00f0ur h\u00f6f\u00f0um vi\u00f0 skili\u00f0 myndav\u00e9lina eftir.<\/p>\n<p><img loading=\"lazy\" decoding=\"async\" class=\"aligncenter size-large wp-image-263\" src=\"http:\/\/www.norn.is\/liljur-vallarins\/wp-content\/uploads\/sites\/27\/2017\/08\/12-2.jpg\" alt=\"\" width=\"584\" height=\"389\" srcset=\"https:\/\/www.norn.is\/liljur-vallarins\/wp-content\/uploads\/sites\/27\/2017\/08\/12-2.jpg 800w, https:\/\/www.norn.is\/liljur-vallarins\/wp-content\/uploads\/sites\/27\/2017\/08\/12-2-300x200.jpg 300w, https:\/\/www.norn.is\/liljur-vallarins\/wp-content\/uploads\/sites\/27\/2017\/08\/12-2-768x512.jpg 768w, https:\/\/www.norn.is\/liljur-vallarins\/wp-content\/uploads\/sites\/27\/2017\/08\/12-2-450x300.jpg 450w\" sizes=\"auto, (max-width: 584px) 100vw, 584px\" \/><\/p>\n<p><img loading=\"lazy\" decoding=\"async\" class=\"aligncenter size-full wp-image-260\" src=\"http:\/\/www.norn.is\/liljur-vallarins\/wp-content\/uploads\/sites\/27\/2017\/08\/9-3.jpg\" alt=\"\" width=\"800\" height=\"533\" srcset=\"https:\/\/www.norn.is\/liljur-vallarins\/wp-content\/uploads\/sites\/27\/2017\/08\/9-3.jpg 800w, https:\/\/www.norn.is\/liljur-vallarins\/wp-content\/uploads\/sites\/27\/2017\/08\/9-3-300x200.jpg 300w, https:\/\/www.norn.is\/liljur-vallarins\/wp-content\/uploads\/sites\/27\/2017\/08\/9-3-768x512.jpg 768w, https:\/\/www.norn.is\/liljur-vallarins\/wp-content\/uploads\/sites\/27\/2017\/08\/9-3-450x300.jpg 450w\" sizes=\"auto, (max-width: 800px) 100vw, 800px\" \/><\/p>\n<p style=\"text-align: center;\">Ekki amalegt \u00fats\u00fdni fr\u00e1 \u00feessu tjaldst\u00e6\u00f0i<\/p>\n<p>&nbsp;<\/p>\n<p>Vi\u00f0 v\u00f6knu\u00f0um \u00ed sm\u00e1 rigningu og \u00e9g h\u00e9lt a\u00f0 \u00feetta myndi kannski enda illa en \u00feetta var algj\u00f6rlega \u00ed lagi. \u00dea\u00f0 var logn og \u00fea\u00f0 var h\u00e6tt a\u00f0 rigna \u00feegar vi\u00f0 f\u00f3rum a\u00f0 drekka kaffi\u00f0 og vi\u00f0 vorum vel kl\u00e6dd og settum g\u00fam\u00edd\u00fdnu undir okkur. Ekkert m\u00e1l a\u00f0 taka tj\u00f6ldin saman og engum var\u00f0 kalt. Endu\u00f0um svo fer\u00f0ina \u00e1 \u00fev\u00ed a\u00f0 fara \u00ed sund \u00e1 Kirkjub\u00e6jarklaustri og \u00fea\u00f0an \u00ed sjoppuna. Reyndar v\u00e6ri alveg efni \u00ed blogg a\u00f0 taka \u00fat allar vegasjoppur landsins og t\u00e9kka \u00e1 \u00fev\u00ed hvort pyslurnar eru n\u00f3gu heitar, hvort starfsf\u00f3lki\u00f0 kann a\u00f0 d\u00fdfa \u00eds og hvort kl\u00f3settin eru \u00ed noth\u00e6fu \u00e1standi.<\/p>\n<p>\u00c9g er eiginlega bara mj\u00f6g \u00e1n\u00e6g\u00f0 me\u00f0 \u00feessa fer\u00f0. Hef ekki einu sinni fengi\u00f0 strengi. Getur bara vel veri\u00f0 a\u00f0 \u00e9g pr\u00f3fi aftur.<\/p>\n","protected":false},"excerpt":{"rendered":"<p>\u00c9g haf\u00f0i aldrei stigi\u00f0 f\u00e6ti \u00e1 j\u00f6kul og \u00fe\u00f3tt \u00e9g s\u00e9 ekki svo hrifin af \u00e1h\u00e6ttusporti a\u00f0 mig langi \u00ed \u00edsklifur e\u00f0a a\u00f0 kl\u00f6ngrast yfir j\u00f6kla d\u00f6gum saman, hefur mig samt langa\u00f0 ponkul\u00edti\u00f0 a\u00f0 pr\u00f3fa a\u00f0 st\u00edga \u00e1 j\u00f6kul, bara &hellip; <a href=\"https:\/\/www.norn.is\/liljur-vallarins\/2017\/08\/19\/utilega-dagur-3-svinafellsjokull\/\">Halda \u00e1fram a\u00f0 lesa <span class=\"meta-nav\">&rarr;<\/span><\/a><\/p>\n","protected":false},"author":2,"featured_media":0,"comment_status":"closed","ping_status":"closed","sticky":false,"template":"","format":"standard","meta":{"footnotes":"","_links_to":"","_links_to_target":""},"categories":[1],"tags":[132,29,27,26],"class_list":["post-250","post","type-post","status-publish","format-standard","hentry","category-allt-efni","tag-ferdalog","tag-svinafellsjokull","tag-utilega","tag-utivist"],"yoast_head":"<!-- This site is optimized with the Yoast SEO plugin v27.5 - https:\/\/yoast.com\/product\/yoast-seo-wordpress\/ -->\n<title>\u00datilega - dagur 3 - Sv\u00ednafellsj\u00f6kull - Liljur vallarins<\/title>\n<meta name=\"robots\" content=\"index, follow, max-snippet:-1, max-image-preview:large, max-video-preview:-1\" \/>\n<link rel=\"canonical\" href=\"https:\/\/www.norn.is\/liljur-vallarins\/2017\/08\/19\/utilega-dagur-3-svinafellsjokull\/\" \/>\n<meta property=\"og:locale\" content=\"is_IS\" \/>\n<meta property=\"og:type\" content=\"article\" \/>\n<meta property=\"og:title\" content=\"\u00datilega - dagur 3 - Sv\u00ednafellsj\u00f6kull - Liljur vallarins\" \/>\n<meta property=\"og:description\" content=\"\u00c9g haf\u00f0i aldrei stigi\u00f0 f\u00e6ti \u00e1 j\u00f6kul og \u00fe\u00f3tt \u00e9g s\u00e9 ekki svo hrifin af \u00e1h\u00e6ttusporti a\u00f0 mig langi \u00ed \u00edsklifur e\u00f0a a\u00f0 kl\u00f6ngrast yfir j\u00f6kla d\u00f6gum saman, hefur mig samt langa\u00f0 ponkul\u00edti\u00f0 a\u00f0 pr\u00f3fa a\u00f0 st\u00edga \u00e1 j\u00f6kul, bara &hellip; Halda \u00e1fram a\u00f0 lesa &rarr;\" \/>\n<meta property=\"og:url\" content=\"https:\/\/www.norn.is\/liljur-vallarins\/2017\/08\/19\/utilega-dagur-3-svinafellsjokull\/\" \/>\n<meta property=\"og:site_name\" content=\"Liljur vallarins\" \/>\n<meta property=\"article:published_time\" content=\"2017-08-19T12:00:24+00:00\" \/>\n<meta property=\"article:modified_time\" content=\"2019-05-02T06:26:04+00:00\" \/>\n<meta property=\"og:image\" content=\"http:\/\/www.norn.is\/liljur-vallarins\/wp-content\/uploads\/sites\/27\/2017\/08\/4-3.jpg\" \/>\n<meta name=\"author\" content=\"Eva Hauksd\u00f3ttir\" \/>\n<meta name=\"twitter:card\" content=\"summary_large_image\" \/>\n<meta name=\"twitter:label1\" content=\"Written by\" \/>\n\t<meta name=\"twitter:data1\" content=\"\" \/>\n\t<meta name=\"twitter:label2\" content=\"Est. reading time\" \/>\n\t<meta name=\"twitter:data2\" content=\"2 minutes\" \/>\n<script type=\"application\/ld+json\" class=\"yoast-schema-graph\">{\"@context\":\"https:\\\/\\\/schema.org\",\"@graph\":[{\"@type\":\"Article\",\"@id\":\"https:\\\/\\\/www.norn.is\\\/liljur-vallarins\\\/2017\\\/08\\\/19\\\/utilega-dagur-3-svinafellsjokull\\\/#article\",\"isPartOf\":{\"@id\":\"https:\\\/\\\/www.norn.is\\\/liljur-vallarins\\\/2017\\\/08\\\/19\\\/utilega-dagur-3-svinafellsjokull\\\/\"},\"author\":{\"name\":\"Eva Hauksd\u00f3ttir\",\"@id\":\"https:\\\/\\\/www.norn.is\\\/liljur-vallarins\\\/#\\\/schema\\\/person\\\/2eb0fcae9e1ecc61987f7ed9c878531c\"},\"headline\":\"\u00datilega &#8211; dagur 3 &#8211; Sv\u00ednafellsj\u00f6kull\",\"datePublished\":\"2017-08-19T12:00:24+00:00\",\"dateModified\":\"2019-05-02T06:26:04+00:00\",\"mainEntityOfPage\":{\"@id\":\"https:\\\/\\\/www.norn.is\\\/liljur-vallarins\\\/2017\\\/08\\\/19\\\/utilega-dagur-3-svinafellsjokull\\\/\"},\"wordCount\":499,\"image\":{\"@id\":\"https:\\\/\\\/www.norn.is\\\/liljur-vallarins\\\/2017\\\/08\\\/19\\\/utilega-dagur-3-svinafellsjokull\\\/#primaryimage\"},\"thumbnailUrl\":\"http:\\\/\\\/www.norn.is\\\/liljur-vallarins\\\/wp-content\\\/uploads\\\/sites\\\/27\\\/2017\\\/08\\\/4-3.jpg\",\"keywords\":[\"Fer\u00f0al\u00f6g\",\"Sv\u00ednafellsj\u00f6kull\",\"\u00datilega\",\"\u00dativist\"],\"articleSection\":[\"Allt efni\"],\"inLanguage\":\"is\"},{\"@type\":\"WebPage\",\"@id\":\"https:\\\/\\\/www.norn.is\\\/liljur-vallarins\\\/2017\\\/08\\\/19\\\/utilega-dagur-3-svinafellsjokull\\\/\",\"url\":\"https:\\\/\\\/www.norn.is\\\/liljur-vallarins\\\/2017\\\/08\\\/19\\\/utilega-dagur-3-svinafellsjokull\\\/\",\"name\":\"\u00datilega - dagur 3 - Sv\u00ednafellsj\u00f6kull - Liljur vallarins\",\"isPartOf\":{\"@id\":\"https:\\\/\\\/www.norn.is\\\/liljur-vallarins\\\/#website\"},\"primaryImageOfPage\":{\"@id\":\"https:\\\/\\\/www.norn.is\\\/liljur-vallarins\\\/2017\\\/08\\\/19\\\/utilega-dagur-3-svinafellsjokull\\\/#primaryimage\"},\"image\":{\"@id\":\"https:\\\/\\\/www.norn.is\\\/liljur-vallarins\\\/2017\\\/08\\\/19\\\/utilega-dagur-3-svinafellsjokull\\\/#primaryimage\"},\"thumbnailUrl\":\"http:\\\/\\\/www.norn.is\\\/liljur-vallarins\\\/wp-content\\\/uploads\\\/sites\\\/27\\\/2017\\\/08\\\/4-3.jpg\",\"datePublished\":\"2017-08-19T12:00:24+00:00\",\"dateModified\":\"2019-05-02T06:26:04+00:00\",\"author\":{\"@id\":\"https:\\\/\\\/www.norn.is\\\/liljur-vallarins\\\/#\\\/schema\\\/person\\\/2eb0fcae9e1ecc61987f7ed9c878531c\"},\"breadcrumb\":{\"@id\":\"https:\\\/\\\/www.norn.is\\\/liljur-vallarins\\\/2017\\\/08\\\/19\\\/utilega-dagur-3-svinafellsjokull\\\/#breadcrumb\"},\"inLanguage\":\"is\",\"potentialAction\":[{\"@type\":\"ReadAction\",\"target\":[\"https:\\\/\\\/www.norn.is\\\/liljur-vallarins\\\/2017\\\/08\\\/19\\\/utilega-dagur-3-svinafellsjokull\\\/\"]}]},{\"@type\":\"ImageObject\",\"inLanguage\":\"is\",\"@id\":\"https:\\\/\\\/www.norn.is\\\/liljur-vallarins\\\/2017\\\/08\\\/19\\\/utilega-dagur-3-svinafellsjokull\\\/#primaryimage\",\"url\":\"https:\\\/\\\/www.norn.is\\\/liljur-vallarins\\\/wp-content\\\/uploads\\\/sites\\\/27\\\/2017\\\/08\\\/4-3.jpg\",\"contentUrl\":\"https:\\\/\\\/www.norn.is\\\/liljur-vallarins\\\/wp-content\\\/uploads\\\/sites\\\/27\\\/2017\\\/08\\\/4-3.jpg\",\"width\":800,\"height\":533},{\"@type\":\"BreadcrumbList\",\"@id\":\"https:\\\/\\\/www.norn.is\\\/liljur-vallarins\\\/2017\\\/08\\\/19\\\/utilega-dagur-3-svinafellsjokull\\\/#breadcrumb\",\"itemListElement\":[{\"@type\":\"ListItem\",\"position\":1,\"name\":\"Home\",\"item\":\"https:\\\/\\\/www.norn.is\\\/liljur-vallarins\\\/\"},{\"@type\":\"ListItem\",\"position\":2,\"name\":\"\u00datilega &#8211; dagur 3 &#8211; Sv\u00ednafellsj\u00f6kull\"}]},{\"@type\":\"WebSite\",\"@id\":\"https:\\\/\\\/www.norn.is\\\/liljur-vallarins\\\/#website\",\"url\":\"https:\\\/\\\/www.norn.is\\\/liljur-vallarins\\\/\",\"name\":\"Liljur vallarins\",\"description\":\"\",\"potentialAction\":[{\"@type\":\"SearchAction\",\"target\":{\"@type\":\"EntryPoint\",\"urlTemplate\":\"https:\\\/\\\/www.norn.is\\\/liljur-vallarins\\\/?s={search_term_string}\"},\"query-input\":{\"@type\":\"PropertyValueSpecification\",\"valueRequired\":true,\"valueName\":\"search_term_string\"}}],\"inLanguage\":\"is\"},{\"@type\":\"Person\",\"@id\":\"https:\\\/\\\/www.norn.is\\\/liljur-vallarins\\\/#\\\/schema\\\/person\\\/2eb0fcae9e1ecc61987f7ed9c878531c\",\"name\":\"Eva Hauksd\u00f3ttir\",\"sameAs\":[\"http:\\\/\\\/www.norn.is\"],\"url\":\"https:\\\/\\\/www.norn.is\\\/liljur-vallarins\\\/author\\\/eva\\\/\"}]}<\/script>\n<!-- \/ Yoast SEO plugin. -->","yoast_head_json":{"title":"\u00datilega - dagur 3 - Sv\u00ednafellsj\u00f6kull - Liljur vallarins","robots":{"index":"index","follow":"follow","max-snippet":"max-snippet:-1","max-image-preview":"max-image-preview:large","max-video-preview":"max-video-preview:-1"},"canonical":"https:\/\/www.norn.is\/liljur-vallarins\/2017\/08\/19\/utilega-dagur-3-svinafellsjokull\/","og_locale":"is_IS","og_type":"article","og_title":"\u00datilega - dagur 3 - Sv\u00ednafellsj\u00f6kull - Liljur vallarins","og_description":"\u00c9g haf\u00f0i aldrei stigi\u00f0 f\u00e6ti \u00e1 j\u00f6kul og \u00fe\u00f3tt \u00e9g s\u00e9 ekki svo hrifin af \u00e1h\u00e6ttusporti a\u00f0 mig langi \u00ed \u00edsklifur e\u00f0a a\u00f0 kl\u00f6ngrast yfir j\u00f6kla d\u00f6gum saman, hefur mig samt langa\u00f0 ponkul\u00edti\u00f0 a\u00f0 pr\u00f3fa a\u00f0 st\u00edga \u00e1 j\u00f6kul, bara &hellip; Halda \u00e1fram a\u00f0 lesa &rarr;","og_url":"https:\/\/www.norn.is\/liljur-vallarins\/2017\/08\/19\/utilega-dagur-3-svinafellsjokull\/","og_site_name":"Liljur vallarins","article_published_time":"2017-08-19T12:00:24+00:00","article_modified_time":"2019-05-02T06:26:04+00:00","og_image":[{"url":"http:\/\/www.norn.is\/liljur-vallarins\/wp-content\/uploads\/sites\/27\/2017\/08\/4-3.jpg","type":"","width":"","height":""}],"author":"Eva Hauksd\u00f3ttir","twitter_card":"summary_large_image","twitter_misc":{"Written by":false,"Est. reading time":"2 minutes"},"schema":{"@context":"https:\/\/schema.org","@graph":[{"@type":"Article","@id":"https:\/\/www.norn.is\/liljur-vallarins\/2017\/08\/19\/utilega-dagur-3-svinafellsjokull\/#article","isPartOf":{"@id":"https:\/\/www.norn.is\/liljur-vallarins\/2017\/08\/19\/utilega-dagur-3-svinafellsjokull\/"},"author":{"name":"Eva Hauksd\u00f3ttir","@id":"https:\/\/www.norn.is\/liljur-vallarins\/#\/schema\/person\/2eb0fcae9e1ecc61987f7ed9c878531c"},"headline":"\u00datilega &#8211; dagur 3 &#8211; Sv\u00ednafellsj\u00f6kull","datePublished":"2017-08-19T12:00:24+00:00","dateModified":"2019-05-02T06:26:04+00:00","mainEntityOfPage":{"@id":"https:\/\/www.norn.is\/liljur-vallarins\/2017\/08\/19\/utilega-dagur-3-svinafellsjokull\/"},"wordCount":499,"image":{"@id":"https:\/\/www.norn.is\/liljur-vallarins\/2017\/08\/19\/utilega-dagur-3-svinafellsjokull\/#primaryimage"},"thumbnailUrl":"http:\/\/www.norn.is\/liljur-vallarins\/wp-content\/uploads\/sites\/27\/2017\/08\/4-3.jpg","keywords":["Fer\u00f0al\u00f6g","Sv\u00ednafellsj\u00f6kull","\u00datilega","\u00dativist"],"articleSection":["Allt efni"],"inLanguage":"is"},{"@type":"WebPage","@id":"https:\/\/www.norn.is\/liljur-vallarins\/2017\/08\/19\/utilega-dagur-3-svinafellsjokull\/","url":"https:\/\/www.norn.is\/liljur-vallarins\/2017\/08\/19\/utilega-dagur-3-svinafellsjokull\/","name":"\u00datilega - dagur 3 - Sv\u00ednafellsj\u00f6kull - Liljur vallarins","isPartOf":{"@id":"https:\/\/www.norn.is\/liljur-vallarins\/#website"},"primaryImageOfPage":{"@id":"https:\/\/www.norn.is\/liljur-vallarins\/2017\/08\/19\/utilega-dagur-3-svinafellsjokull\/#primaryimage"},"image":{"@id":"https:\/\/www.norn.is\/liljur-vallarins\/2017\/08\/19\/utilega-dagur-3-svinafellsjokull\/#primaryimage"},"thumbnailUrl":"http:\/\/www.norn.is\/liljur-vallarins\/wp-content\/uploads\/sites\/27\/2017\/08\/4-3.jpg","datePublished":"2017-08-19T12:00:24+00:00","dateModified":"2019-05-02T06:26:04+00:00","author":{"@id":"https:\/\/www.norn.is\/liljur-vallarins\/#\/schema\/person\/2eb0fcae9e1ecc61987f7ed9c878531c"},"breadcrumb":{"@id":"https:\/\/www.norn.is\/liljur-vallarins\/2017\/08\/19\/utilega-dagur-3-svinafellsjokull\/#breadcrumb"},"inLanguage":"is","potentialAction":[{"@type":"ReadAction","target":["https:\/\/www.norn.is\/liljur-vallarins\/2017\/08\/19\/utilega-dagur-3-svinafellsjokull\/"]}]},{"@type":"ImageObject","inLanguage":"is","@id":"https:\/\/www.norn.is\/liljur-vallarins\/2017\/08\/19\/utilega-dagur-3-svinafellsjokull\/#primaryimage","url":"https:\/\/www.norn.is\/liljur-vallarins\/wp-content\/uploads\/sites\/27\/2017\/08\/4-3.jpg","contentUrl":"https:\/\/www.norn.is\/liljur-vallarins\/wp-content\/uploads\/sites\/27\/2017\/08\/4-3.jpg","width":800,"height":533},{"@type":"BreadcrumbList","@id":"https:\/\/www.norn.is\/liljur-vallarins\/2017\/08\/19\/utilega-dagur-3-svinafellsjokull\/#breadcrumb","itemListElement":[{"@type":"ListItem","position":1,"name":"Home","item":"https:\/\/www.norn.is\/liljur-vallarins\/"},{"@type":"ListItem","position":2,"name":"\u00datilega &#8211; dagur 3 &#8211; Sv\u00ednafellsj\u00f6kull"}]},{"@type":"WebSite","@id":"https:\/\/www.norn.is\/liljur-vallarins\/#website","url":"https:\/\/www.norn.is\/liljur-vallarins\/","name":"Liljur vallarins","description":"","potentialAction":[{"@type":"SearchAction","target":{"@type":"EntryPoint","urlTemplate":"https:\/\/www.norn.is\/liljur-vallarins\/?s={search_term_string}"},"query-input":{"@type":"PropertyValueSpecification","valueRequired":true,"valueName":"search_term_string"}}],"inLanguage":"is"},{"@type":"Person","@id":"https:\/\/www.norn.is\/liljur-vallarins\/#\/schema\/person\/2eb0fcae9e1ecc61987f7ed9c878531c","name":"Eva Hauksd\u00f3ttir","sameAs":["http:\/\/www.norn.is"],"url":"https:\/\/www.norn.is\/liljur-vallarins\/author\/eva\/"}]}},"_links":{"self":[{"href":"https:\/\/www.norn.is\/liljur-vallarins\/wp-json\/wp\/v2\/posts\/250","targetHints":{"allow":["GET"]}}],"collection":[{"href":"https:\/\/www.norn.is\/liljur-vallarins\/wp-json\/wp\/v2\/posts"}],"about":[{"href":"https:\/\/www.norn.is\/liljur-vallarins\/wp-json\/wp\/v2\/types\/post"}],"author":[{"embeddable":true,"href":"https:\/\/www.norn.is\/liljur-vallarins\/wp-json\/wp\/v2\/users\/2"}],"replies":[{"embeddable":true,"href":"https:\/\/www.norn.is\/liljur-vallarins\/wp-json\/wp\/v2\/comments?post=250"}],"version-history":[{"count":3,"href":"https:\/\/www.norn.is\/liljur-vallarins\/wp-json\/wp\/v2\/posts\/250\/revisions"}],"predecessor-version":[{"id":307,"href":"https:\/\/www.norn.is\/liljur-vallarins\/wp-json\/wp\/v2\/posts\/250\/revisions\/307"}],"wp:attachment":[{"href":"https:\/\/www.norn.is\/liljur-vallarins\/wp-json\/wp\/v2\/media?parent=250"}],"wp:term":[{"taxonomy":"category","embeddable":true,"href":"https:\/\/www.norn.is\/liljur-vallarins\/wp-json\/wp\/v2\/categories?post=250"},{"taxonomy":"post_tag","embeddable":true,"href":"https:\/\/www.norn.is\/liljur-vallarins\/wp-json\/wp\/v2\/tags?post=250"}],"curies":[{"name":"wp","href":"https:\/\/api.w.org\/{rel}","templated":true}]}}