{"id":2083,"date":"2017-08-08T11:44:47","date_gmt":"2017-08-08T11:44:47","guid":{"rendered":"http:\/\/www.norn.is\/liljur-vallarins\/?p=2083"},"modified":"2018-09-20T11:23:02","modified_gmt":"2018-09-20T11:23:02","slug":"futharkinn-sem-verndarhringur","status":"publish","type":"post","link":"https:\/\/www.norn.is\/liljur-vallarins\/2017\/08\/08\/futharkinn-sem-verndarhringur\/","title":{"rendered":"F\u00fa\u00fearkinn sem verndarhringur"},"content":{"rendered":"<p><img loading=\"lazy\" decoding=\"async\" class=\"aligncenter size-full wp-image-2084\" src=\"http:\/\/www.norn.is\/liljur-vallarins\/wp-content\/uploads\/sites\/27\/2018\/09\/F\u00fa\u00fearkinn.png\" alt=\"\" width=\"1200\" height=\"601\" srcset=\"https:\/\/www.norn.is\/liljur-vallarins\/wp-content\/uploads\/sites\/27\/2018\/09\/F\u00fa\u00fearkinn.png 1200w, https:\/\/www.norn.is\/liljur-vallarins\/wp-content\/uploads\/sites\/27\/2018\/09\/F\u00fa\u00fearkinn-300x150.png 300w, https:\/\/www.norn.is\/liljur-vallarins\/wp-content\/uploads\/sites\/27\/2018\/09\/F\u00fa\u00fearkinn-768x385.png 768w, https:\/\/www.norn.is\/liljur-vallarins\/wp-content\/uploads\/sites\/27\/2018\/09\/F\u00fa\u00fearkinn-1024x513.png 1024w, https:\/\/www.norn.is\/liljur-vallarins\/wp-content\/uploads\/sites\/27\/2018\/09\/F\u00fa\u00fearkinn-500x250.png 500w\" sizes=\"auto, (max-width: 1200px) 100vw, 1200px\" \/>Norr\u00e6na r\u00fanar\u00f3fi\u00f0 er kalla\u00f0 fu\u00feark, eftir fyrstu 6 r\u00fanunum. R\u00fanir voru ekki nota\u00f0ar til \u00feess a\u00f0 skrifa b\u00e6kur heldur \u00ed \u00e1letranir, t.d. \u00e1 bautasteina, r\u00fambr\u00edkur og kistla og ekki s\u00ed\u00f0ur til galdrai\u00f0kunar. \u00c1 \u00cdslandi var a\u00f0allega nota\u00f0 16 r\u00fana r\u00f3f en \u00feessi norr\u00e6na ger\u00f0 r\u00fanar\u00f3fsins er eldri og a\u00f0 m\u00ednu mati b\u00e6\u00f0i fallegri og skemmtilegri.<!--more--><\/p>\n<p>R\u00f6\u00f0 r\u00fananna er (a\u00f0 s\u00f6gn galdraf\u00f3lks) engin tilviljun \u00fev\u00ed \u00feessi r\u00f6\u00f0 hamlar \u00fev\u00ed a\u00f0 sl\u00e6mu r\u00fanirnar ver\u00f0i virkar. \u00deursr\u00fanin, sem t\u00e1knar \u00f3gnarkrafta n\u00e1tt\u00farunnar er t.d. sta\u00f0sett \u00e1 milli \u00daruxans sem er allra r\u00fana \u00f3hagganlegust og \u00c1ss, sem er t\u00e1kn menningarinnar (\u00fear me\u00f0 t\u00e6kni og v\u00edsinda) og \u00feessar r\u00fanir halda \u00fev\u00ed aftur af \u00fev\u00ed \u00f3gnarafli sem \u00deursinn b\u00fdr yfir. \u00c1 sama h\u00e1tt er Nau\u00f0arr\u00fanin sta\u00f0sett milli Hagls, sem t\u00e1knar skamma hr\u00ed\u00f0, og \u00cdss, sem t\u00e1knar langvarandi \u00e1stand. Nau\u00f0arr\u00fanin \u00fer\u00fdstir \u00feessum b\u00f6lr\u00fanum \u00ed sundur og \u00fear sem hvor um sig &#8222;togar \u00ed&#8220; hana n\u00e6r h\u00fan ekki a\u00f0 magna a\u00f0ra hvora \u00feeirra upp.<\/p>\n<p>S\u00e9 r\u00f3finu ra\u00f0a\u00f0 \u00ed beina l\u00ednu e\u00f0a hring myndar \u00fea\u00f0 verndarke\u00f0ju. H\u00e9r er Dagur s\u00fdnd sem s\u00ed\u00f0asta r\u00fanin \u00ed r\u00f3finu en oft er \u00d3\u00f0al h\u00f6f\u00f0 s\u00ed\u00f0ust. S\u00fa \u00fatf\u00e6rsla stemmir a\u00f0 m\u00ednu viti betur vi\u00f0 \u00fe\u00e1 hugmynd a\u00f0 r\u00fanirnar eigi a\u00f0 stemma hver a\u00f0ra af. \u00c9g er reyndar sannf\u00e6r\u00f0 um a\u00f0 \u00fea\u00f0 er ekki h\u00e6gt a\u00f0 gera eitt e\u00f0a neitt me\u00f0 r\u00fanum \u00e1n \u00feess a\u00f0 \u00e6tla s\u00e9r \u00fea\u00f0 svo \u00e9g held a\u00f0 \u00feetta skipti ekki m\u00e1li \u00ed reynd en samkv\u00e6mt hugmyndinni v\u00e6ri r\u00f6kr\u00e9ttara a\u00f0 hafa \u00d3\u00f0al s\u00ed\u00f0ustu r\u00fanina \u00ed hringnum. Ef Dagur og F\u00e9 standa hli\u00f0 vi\u00f0 hli\u00f0 getur \u00fea\u00f0 t\u00e1kna\u00f0 fj\u00e1rhagslega \u00e1h\u00e6ttu en \u00d3\u00f0alsr\u00fanin er r\u00fan st\u00f6\u00f0ugleika og heldur \u00fev\u00ed aftur af kr\u00f6ftum \u00feessara tveggja r\u00fana og \u00e6tti \u00fev\u00ed a\u00f0 standa \u00e1 milli \u00feeirra \u00ed hringnum. Ef r\u00f3fi\u00f0 er dregi\u00f0 \u00ed l\u00ednu skiptir \u00feetta hinsvegar ekki m\u00e1li.<\/p>\n<p>\u00c9g tr\u00fai \u00fev\u00ed ekki a\u00f0 r\u00fanir b\u00fai yfir einhverjum krafti \u00ed sj\u00e1lfu s\u00e9r heldur a\u00f0 \u00fe\u00e6r hafi \u00ed reynd virka\u00f0 sem t\u00e1kn fyrir \u00f3skir og \u00e1setning galdramannsins. Hverju galdrama\u00f0urinn sj\u00e1lfur tr\u00fair er anna\u00f0 m\u00e1l en \u00e9g held a\u00f0 \u00fea\u00f0 sem vi\u00f0 k\u00f6llum galdur s\u00e9 fyrst og fremst \u00fea\u00f0 sem mannshugurinn kallar fram me\u00f0 v\u00e6ntingum mannsins og \u00e1formum hans.<\/p>\n","protected":false},"excerpt":{"rendered":"<p>Norr\u00e6na r\u00fanar\u00f3fi\u00f0 er kalla\u00f0 fu\u00feark, eftir fyrstu 6 r\u00fanunum. R\u00fanir voru ekki nota\u00f0ar til \u00feess a\u00f0 skrifa b\u00e6kur heldur \u00ed \u00e1letranir, t.d. \u00e1 bautasteina, r\u00fambr\u00edkur og kistla og ekki s\u00ed\u00f0ur til galdrai\u00f0kunar. \u00c1 \u00cdslandi var a\u00f0allega nota\u00f0 16 r\u00fana r\u00f3f &hellip; <a href=\"https:\/\/www.norn.is\/liljur-vallarins\/2017\/08\/08\/futharkinn-sem-verndarhringur\/\">Halda \u00e1fram a\u00f0 lesa <span class=\"meta-nav\">&rarr;<\/span><\/a><\/p>\n","protected":false},"author":2,"featured_media":0,"comment_status":"closed","ping_status":"closed","sticky":false,"template":"","format":"standard","meta":{"footnotes":"","_links_to":"","_links_to_target":""},"categories":[1,112],"tags":[113],"class_list":["post-2083","post","type-post","status-publish","format-standard","hentry","category-allt-efni","category-galdur","tag-runir"],"yoast_head":"<!-- This site is optimized with the Yoast SEO plugin v27.5 - https:\/\/yoast.com\/product\/yoast-seo-wordpress\/ -->\n<title>F\u00fa\u00fearkinn sem verndarhringur - Liljur vallarins<\/title>\n<meta name=\"robots\" content=\"index, follow, max-snippet:-1, max-image-preview:large, max-video-preview:-1\" \/>\n<link rel=\"canonical\" href=\"https:\/\/www.norn.is\/liljur-vallarins\/2017\/08\/08\/futharkinn-sem-verndarhringur\/\" \/>\n<meta property=\"og:locale\" content=\"is_IS\" \/>\n<meta property=\"og:type\" content=\"article\" \/>\n<meta property=\"og:title\" content=\"F\u00fa\u00fearkinn sem verndarhringur - Liljur vallarins\" \/>\n<meta property=\"og:description\" content=\"Norr\u00e6na r\u00fanar\u00f3fi\u00f0 er kalla\u00f0 fu\u00feark, eftir fyrstu 6 r\u00fanunum. R\u00fanir voru ekki nota\u00f0ar til \u00feess a\u00f0 skrifa b\u00e6kur heldur \u00ed \u00e1letranir, t.d. \u00e1 bautasteina, r\u00fambr\u00edkur og kistla og ekki s\u00ed\u00f0ur til galdrai\u00f0kunar. \u00c1 \u00cdslandi var a\u00f0allega nota\u00f0 16 r\u00fana r\u00f3f &hellip; Halda \u00e1fram a\u00f0 lesa &rarr;\" \/>\n<meta property=\"og:url\" content=\"https:\/\/www.norn.is\/liljur-vallarins\/2017\/08\/08\/futharkinn-sem-verndarhringur\/\" \/>\n<meta property=\"og:site_name\" content=\"Liljur vallarins\" \/>\n<meta property=\"article:published_time\" content=\"2017-08-08T11:44:47+00:00\" \/>\n<meta property=\"article:modified_time\" content=\"2018-09-20T11:23:02+00:00\" \/>\n<meta name=\"author\" content=\"Eva Hauksd\u00f3ttir\" \/>\n<meta name=\"twitter:card\" content=\"summary_large_image\" \/>\n<meta name=\"twitter:label1\" content=\"Written by\" \/>\n\t<meta name=\"twitter:data1\" content=\"\" \/>\n\t<meta name=\"twitter:label2\" content=\"Est. reading time\" \/>\n\t<meta name=\"twitter:data2\" content=\"2 minutes\" \/>\n<script type=\"application\/ld+json\" class=\"yoast-schema-graph\">{\"@context\":\"https:\\\/\\\/schema.org\",\"@graph\":[{\"@type\":\"Article\",\"@id\":\"https:\\\/\\\/www.norn.is\\\/liljur-vallarins\\\/2017\\\/08\\\/08\\\/futharkinn-sem-verndarhringur\\\/#article\",\"isPartOf\":{\"@id\":\"https:\\\/\\\/www.norn.is\\\/liljur-vallarins\\\/2017\\\/08\\\/08\\\/futharkinn-sem-verndarhringur\\\/\"},\"author\":{\"name\":\"Eva Hauksd\u00f3ttir\",\"@id\":\"https:\\\/\\\/www.norn.is\\\/liljur-vallarins\\\/#\\\/schema\\\/person\\\/2eb0fcae9e1ecc61987f7ed9c878531c\"},\"headline\":\"F\u00fa\u00fearkinn sem verndarhringur\",\"datePublished\":\"2017-08-08T11:44:47+00:00\",\"dateModified\":\"2018-09-20T11:23:02+00:00\",\"mainEntityOfPage\":{\"@id\":\"https:\\\/\\\/www.norn.is\\\/liljur-vallarins\\\/2017\\\/08\\\/08\\\/futharkinn-sem-verndarhringur\\\/\"},\"wordCount\":439,\"keywords\":[\"r\u00fanir\"],\"articleSection\":[\"Allt efni\",\"Galdur\"],\"inLanguage\":\"is\"},{\"@type\":\"WebPage\",\"@id\":\"https:\\\/\\\/www.norn.is\\\/liljur-vallarins\\\/2017\\\/08\\\/08\\\/futharkinn-sem-verndarhringur\\\/\",\"url\":\"https:\\\/\\\/www.norn.is\\\/liljur-vallarins\\\/2017\\\/08\\\/08\\\/futharkinn-sem-verndarhringur\\\/\",\"name\":\"F\u00fa\u00fearkinn sem verndarhringur - Liljur vallarins\",\"isPartOf\":{\"@id\":\"https:\\\/\\\/www.norn.is\\\/liljur-vallarins\\\/#website\"},\"datePublished\":\"2017-08-08T11:44:47+00:00\",\"dateModified\":\"2018-09-20T11:23:02+00:00\",\"author\":{\"@id\":\"https:\\\/\\\/www.norn.is\\\/liljur-vallarins\\\/#\\\/schema\\\/person\\\/2eb0fcae9e1ecc61987f7ed9c878531c\"},\"breadcrumb\":{\"@id\":\"https:\\\/\\\/www.norn.is\\\/liljur-vallarins\\\/2017\\\/08\\\/08\\\/futharkinn-sem-verndarhringur\\\/#breadcrumb\"},\"inLanguage\":\"is\",\"potentialAction\":[{\"@type\":\"ReadAction\",\"target\":[\"https:\\\/\\\/www.norn.is\\\/liljur-vallarins\\\/2017\\\/08\\\/08\\\/futharkinn-sem-verndarhringur\\\/\"]}]},{\"@type\":\"BreadcrumbList\",\"@id\":\"https:\\\/\\\/www.norn.is\\\/liljur-vallarins\\\/2017\\\/08\\\/08\\\/futharkinn-sem-verndarhringur\\\/#breadcrumb\",\"itemListElement\":[{\"@type\":\"ListItem\",\"position\":1,\"name\":\"Home\",\"item\":\"https:\\\/\\\/www.norn.is\\\/liljur-vallarins\\\/\"},{\"@type\":\"ListItem\",\"position\":2,\"name\":\"F\u00fa\u00fearkinn sem verndarhringur\"}]},{\"@type\":\"WebSite\",\"@id\":\"https:\\\/\\\/www.norn.is\\\/liljur-vallarins\\\/#website\",\"url\":\"https:\\\/\\\/www.norn.is\\\/liljur-vallarins\\\/\",\"name\":\"Liljur vallarins\",\"description\":\"\",\"potentialAction\":[{\"@type\":\"SearchAction\",\"target\":{\"@type\":\"EntryPoint\",\"urlTemplate\":\"https:\\\/\\\/www.norn.is\\\/liljur-vallarins\\\/?s={search_term_string}\"},\"query-input\":{\"@type\":\"PropertyValueSpecification\",\"valueRequired\":true,\"valueName\":\"search_term_string\"}}],\"inLanguage\":\"is\"},{\"@type\":\"Person\",\"@id\":\"https:\\\/\\\/www.norn.is\\\/liljur-vallarins\\\/#\\\/schema\\\/person\\\/2eb0fcae9e1ecc61987f7ed9c878531c\",\"name\":\"Eva Hauksd\u00f3ttir\",\"sameAs\":[\"http:\\\/\\\/www.norn.is\"],\"url\":\"https:\\\/\\\/www.norn.is\\\/liljur-vallarins\\\/author\\\/eva\\\/\"}]}<\/script>\n<!-- \/ Yoast SEO plugin. -->","yoast_head_json":{"title":"F\u00fa\u00fearkinn sem verndarhringur - Liljur vallarins","robots":{"index":"index","follow":"follow","max-snippet":"max-snippet:-1","max-image-preview":"max-image-preview:large","max-video-preview":"max-video-preview:-1"},"canonical":"https:\/\/www.norn.is\/liljur-vallarins\/2017\/08\/08\/futharkinn-sem-verndarhringur\/","og_locale":"is_IS","og_type":"article","og_title":"F\u00fa\u00fearkinn sem verndarhringur - Liljur vallarins","og_description":"Norr\u00e6na r\u00fanar\u00f3fi\u00f0 er kalla\u00f0 fu\u00feark, eftir fyrstu 6 r\u00fanunum. R\u00fanir voru ekki nota\u00f0ar til \u00feess a\u00f0 skrifa b\u00e6kur heldur \u00ed \u00e1letranir, t.d. \u00e1 bautasteina, r\u00fambr\u00edkur og kistla og ekki s\u00ed\u00f0ur til galdrai\u00f0kunar. \u00c1 \u00cdslandi var a\u00f0allega nota\u00f0 16 r\u00fana r\u00f3f &hellip; Halda \u00e1fram a\u00f0 lesa &rarr;","og_url":"https:\/\/www.norn.is\/liljur-vallarins\/2017\/08\/08\/futharkinn-sem-verndarhringur\/","og_site_name":"Liljur vallarins","article_published_time":"2017-08-08T11:44:47+00:00","article_modified_time":"2018-09-20T11:23:02+00:00","author":"Eva Hauksd\u00f3ttir","twitter_card":"summary_large_image","twitter_misc":{"Written by":false,"Est. reading time":"2 minutes"},"schema":{"@context":"https:\/\/schema.org","@graph":[{"@type":"Article","@id":"https:\/\/www.norn.is\/liljur-vallarins\/2017\/08\/08\/futharkinn-sem-verndarhringur\/#article","isPartOf":{"@id":"https:\/\/www.norn.is\/liljur-vallarins\/2017\/08\/08\/futharkinn-sem-verndarhringur\/"},"author":{"name":"Eva Hauksd\u00f3ttir","@id":"https:\/\/www.norn.is\/liljur-vallarins\/#\/schema\/person\/2eb0fcae9e1ecc61987f7ed9c878531c"},"headline":"F\u00fa\u00fearkinn sem verndarhringur","datePublished":"2017-08-08T11:44:47+00:00","dateModified":"2018-09-20T11:23:02+00:00","mainEntityOfPage":{"@id":"https:\/\/www.norn.is\/liljur-vallarins\/2017\/08\/08\/futharkinn-sem-verndarhringur\/"},"wordCount":439,"keywords":["r\u00fanir"],"articleSection":["Allt efni","Galdur"],"inLanguage":"is"},{"@type":"WebPage","@id":"https:\/\/www.norn.is\/liljur-vallarins\/2017\/08\/08\/futharkinn-sem-verndarhringur\/","url":"https:\/\/www.norn.is\/liljur-vallarins\/2017\/08\/08\/futharkinn-sem-verndarhringur\/","name":"F\u00fa\u00fearkinn sem verndarhringur - Liljur vallarins","isPartOf":{"@id":"https:\/\/www.norn.is\/liljur-vallarins\/#website"},"datePublished":"2017-08-08T11:44:47+00:00","dateModified":"2018-09-20T11:23:02+00:00","author":{"@id":"https:\/\/www.norn.is\/liljur-vallarins\/#\/schema\/person\/2eb0fcae9e1ecc61987f7ed9c878531c"},"breadcrumb":{"@id":"https:\/\/www.norn.is\/liljur-vallarins\/2017\/08\/08\/futharkinn-sem-verndarhringur\/#breadcrumb"},"inLanguage":"is","potentialAction":[{"@type":"ReadAction","target":["https:\/\/www.norn.is\/liljur-vallarins\/2017\/08\/08\/futharkinn-sem-verndarhringur\/"]}]},{"@type":"BreadcrumbList","@id":"https:\/\/www.norn.is\/liljur-vallarins\/2017\/08\/08\/futharkinn-sem-verndarhringur\/#breadcrumb","itemListElement":[{"@type":"ListItem","position":1,"name":"Home","item":"https:\/\/www.norn.is\/liljur-vallarins\/"},{"@type":"ListItem","position":2,"name":"F\u00fa\u00fearkinn sem verndarhringur"}]},{"@type":"WebSite","@id":"https:\/\/www.norn.is\/liljur-vallarins\/#website","url":"https:\/\/www.norn.is\/liljur-vallarins\/","name":"Liljur vallarins","description":"","potentialAction":[{"@type":"SearchAction","target":{"@type":"EntryPoint","urlTemplate":"https:\/\/www.norn.is\/liljur-vallarins\/?s={search_term_string}"},"query-input":{"@type":"PropertyValueSpecification","valueRequired":true,"valueName":"search_term_string"}}],"inLanguage":"is"},{"@type":"Person","@id":"https:\/\/www.norn.is\/liljur-vallarins\/#\/schema\/person\/2eb0fcae9e1ecc61987f7ed9c878531c","name":"Eva Hauksd\u00f3ttir","sameAs":["http:\/\/www.norn.is"],"url":"https:\/\/www.norn.is\/liljur-vallarins\/author\/eva\/"}]}},"_links":{"self":[{"href":"https:\/\/www.norn.is\/liljur-vallarins\/wp-json\/wp\/v2\/posts\/2083","targetHints":{"allow":["GET"]}}],"collection":[{"href":"https:\/\/www.norn.is\/liljur-vallarins\/wp-json\/wp\/v2\/posts"}],"about":[{"href":"https:\/\/www.norn.is\/liljur-vallarins\/wp-json\/wp\/v2\/types\/post"}],"author":[{"embeddable":true,"href":"https:\/\/www.norn.is\/liljur-vallarins\/wp-json\/wp\/v2\/users\/2"}],"replies":[{"embeddable":true,"href":"https:\/\/www.norn.is\/liljur-vallarins\/wp-json\/wp\/v2\/comments?post=2083"}],"version-history":[{"count":1,"href":"https:\/\/www.norn.is\/liljur-vallarins\/wp-json\/wp\/v2\/posts\/2083\/revisions"}],"predecessor-version":[{"id":2085,"href":"https:\/\/www.norn.is\/liljur-vallarins\/wp-json\/wp\/v2\/posts\/2083\/revisions\/2085"}],"wp:attachment":[{"href":"https:\/\/www.norn.is\/liljur-vallarins\/wp-json\/wp\/v2\/media?parent=2083"}],"wp:term":[{"taxonomy":"category","embeddable":true,"href":"https:\/\/www.norn.is\/liljur-vallarins\/wp-json\/wp\/v2\/categories?post=2083"},{"taxonomy":"post_tag","embeddable":true,"href":"https:\/\/www.norn.is\/liljur-vallarins\/wp-json\/wp\/v2\/tags?post=2083"}],"curies":[{"name":"wp","href":"https:\/\/api.w.org\/{rel}","templated":true}]}}