{"id":2078,"date":"2018-07-12T10:16:07","date_gmt":"2018-07-12T10:16:07","guid":{"rendered":"http:\/\/www.norn.is\/liljur-vallarins\/?p=2078"},"modified":"2018-07-12T10:16:07","modified_gmt":"2018-07-12T10:16:07","slug":"godra-vina-fundur","status":"publish","type":"post","link":"https:\/\/www.norn.is\/liljur-vallarins\/2018\/07\/12\/godra-vina-fundur\/","title":{"rendered":"G\u00f3\u00f0ra vina fundur"},"content":{"rendered":"<p><img loading=\"lazy\" decoding=\"async\" class=\"size-full wp-image-2079 aligncenter\" src=\"http:\/\/www.norn.is\/liljur-vallarins\/wp-content\/uploads\/sites\/27\/2018\/07\/NATO-FUNDUR.jpg\" alt=\"\" width=\"713\" height=\"469\" srcset=\"https:\/\/www.norn.is\/liljur-vallarins\/wp-content\/uploads\/sites\/27\/2018\/07\/NATO-FUNDUR.jpg 713w, https:\/\/www.norn.is\/liljur-vallarins\/wp-content\/uploads\/sites\/27\/2018\/07\/NATO-FUNDUR-300x197.jpg 300w, https:\/\/www.norn.is\/liljur-vallarins\/wp-content\/uploads\/sites\/27\/2018\/07\/NATO-FUNDUR-456x300.jpg 456w\" sizes=\"auto, (max-width: 713px) 100vw, 713px\" \/><\/p>\n<p>M\u00e9r finnst \u00feessi mynd svo t\u00e1knr\u00e6n. Katr\u00edn Jakobsd\u00f3ttir \u00ed snertif\u00e6ri vi\u00f0 b\u00e6\u00f0i Theresu May og\u00a0Erdo\u011fan. Stendur \u00e1 milli \u00feeirra, n\u00f3gu n\u00e1l\u00e6gt \u00feeim til a\u00f0 leggja h\u00f6nd \u00e1 \u00f6xl hvors um sig og segja; &#8222;m\u00e1 \u00e9g eiga vi\u00f0 ykkur or\u00f0?&#8220; H\u00fan sag\u00f0ist \u00e6tla a\u00f0 <a href=\"http:\/\/kvennabladid.is\/2018\/06\/21\/katrin-mun-ekki-eiga-tvihlida-fund-med-tyrklandsforseta\/\">fylgja eftir fyrirspurnum \u00edslenskra stj\u00f3rnvalda ef t\u00e6kif\u00e6ri g\u00e6fist til<\/a>. Hvernig gefast sl\u00edk t\u00e6kif\u00e6ri? Gefast \u00feau ekki einmitt \u00feegar ma\u00f0ur stendur vi\u00f0 hli\u00f0 \u00feess sem ma\u00f0ur vill tala vi\u00f0? \u00c6tli h\u00fan hafi nota\u00f0 \u00feetta t\u00e6kif\u00e6ri? M\u00e9r hefur \u00fe\u00e1 a\u00f0 minnsta kosti ekki veri\u00f0 sk\u00fdrt fr\u00e1 \u00fev\u00ed.<!--more--><\/p>\n<p>\u00c1tta vikum fyrir \u00feennan fund sendu foreldrar Hauks Hilmarssonar og \u00d6nnu Campbell <a href=\"http:\/\/www.norn.is\/blog\/an-open-letter-to-the-governments-of-the-uk-and-iceland\/\">sameiginlegt br\u00e9f<\/a> til Katr\u00ednar Jakobsd\u00f3ttur og Theresu May, \u00fear sem fari\u00f0 var fram \u00e1 a\u00f0 \u00fe\u00e6r beittu s\u00e9r fyrir \u00fev\u00ed a\u00f0 r\u00edkisstj\u00f3rnir \u00feeirra kref\u00f0u Tyrki svara um me\u00f0fer\u00f0 l\u00edkamsleifa \u00feeirra sem Tyrkir dr\u00e1pu i innr\u00e1s sinni \u00ed Afr\u00edn fyrr \u00e1 \u00e1rinu. Katr\u00edn hefur ekki brug\u00f0ist vi\u00f0 \u00fev\u00ed br\u00e9fi \u00e1 nokkurn h\u00e1tt. Dirk Campbell f\u00e9kk svar sem rita\u00f0 var fyrir h\u00f6nd Theresu May me\u00f0 vilyr\u00f0i um a\u00f0 leita\u00f0 yr\u00f0i a\u00f0 l\u00edki \u00d6nnu ef hann g\u00e6ti gefi\u00f0 upp sta\u00f0setningu.\u00a0\u00deess m\u00e1 geta a\u00f0 sta\u00f0setning \u00e1 \u00fev\u00ed sv\u00e6\u00f0i sem Haukur var \u00e1 \u00feegar hans var sakna\u00f0 hefur legi\u00f0 fyrir fr\u00e1 7. mars og var l\u00f6greglunni ger\u00f0 grein fyrir \u00fev\u00ed \u00feann 8. mars \u00feegar systir m\u00edn sendi \u00feeim l\u00f6greglumanni sem \u00fe\u00e1 stj\u00f3rna\u00f0i ranns\u00f3kninni allar \u00fe\u00e6r uppl\u00fdsingar sem fj\u00f6lskyldan haf\u00f0i afla\u00f0. \u00dea\u00f0 eru varla meira en 3, \u00ed allra mesta lagi 4 ferk\u00edl\u00f3metrar sem koma til greina, nema l\u00edki\u00f0 hafi veri\u00f0 f\u00e6rt.<\/p>\n<p>N\u00fa hittast \u00feau \u00e1 fundi NATO r\u00edkja, \u00f6ll \u00ferj\u00fa.\u00a0Katr\u00edn og Theresa fengu \u00fear me\u00f0 t\u00e6kif\u00e6ri til a\u00f0 tala millili\u00f0alaust vi\u00f0 &#8211; ekki bara valdamesta mann Tyrklands, heldur einr\u00e6\u00f0isherra.\u00a0Ef \u00fe\u00e6r teldu \u00f6rl\u00f6g r\u00edkisborgara sinna koma s\u00e9r eitthva\u00f0 vi\u00f0 hef\u00f0u \u00fe\u00e6r tala\u00f0 saman fyrir fundinn og reynt a\u00f0 f\u00e1 sameiginlegan fund me\u00f0 einvaldinum. \u00de\u00e6r hef\u00f0u geta\u00f0 minnt hann \u00e1 a\u00f0 samkv\u00e6mt al\u00fej\u00f3\u00f0al\u00f6gum ber a\u00f0 gefa breskum og \u00edslenskum stj\u00f3rnv\u00f6ldum uppl\u00fdsingar um me\u00f0fer\u00f0 tyrkneska r\u00edkisins \u00e1 l\u00edkum r\u00edkisborgara \u00feeirra. \u00dea\u00f0 er ekki \u00fatiloka\u00f0 a\u00f0 \u00fe\u00e6r hafi gert \u00fea\u00f0 en ekkert er fram komi\u00f0 sem bendir til \u00feess.<\/p>\n<p>\u00c9g ver\u00f0 a\u00f0 j\u00e1ta a\u00f0 \u00fer\u00e1tt fyrir \u00f3\u00e1n\u00e6gju m\u00edna hef \u00e9g \u00e1kve\u00f0inn skilning \u00e1 \u00fev\u00ed a\u00f0 Katr\u00edn skuli ekki hafa r\u00e6tt \u00feetta m\u00e1l vi\u00f0 Erdo\u011fan. \u00cdslensk stj\u00f3rnv\u00f6ld hafa nefnilega ekki enn spurt Tyrki hva\u00f0 \u00feeir hafi gert vi\u00f0 l\u00edkin og \u00fea\u00f0 yr\u00f0i h\u00e1lf ney\u00f0arlegt a\u00f0 bi\u00f0ja bandamann um a\u00f0 reka \u00e1 eftir sv\u00f6rum vi\u00f0 spurningum sem aldrei hafa veri\u00f0 bornar fram.<\/p>\n<p><img loading=\"lazy\" decoding=\"async\" class=\"alignleft size-full wp-image-2080\" src=\"http:\/\/www.norn.is\/liljur-vallarins\/wp-content\/uploads\/sites\/27\/2018\/07\/Hvar.er_.Haukur3.png\" alt=\"\" width=\"608\" height=\"472\" srcset=\"https:\/\/www.norn.is\/liljur-vallarins\/wp-content\/uploads\/sites\/27\/2018\/07\/Hvar.er_.Haukur3.png 608w, https:\/\/www.norn.is\/liljur-vallarins\/wp-content\/uploads\/sites\/27\/2018\/07\/Hvar.er_.Haukur3-300x233.png 300w, https:\/\/www.norn.is\/liljur-vallarins\/wp-content\/uploads\/sites\/27\/2018\/07\/Hvar.er_.Haukur3-386x300.png 386w\" sizes=\"auto, (max-width: 608px) 100vw, 608px\" \/><\/p>\n","protected":false},"excerpt":{"rendered":"<p>M\u00e9r finnst \u00feessi mynd svo t\u00e1knr\u00e6n. Katr\u00edn Jakobsd\u00f3ttir \u00ed snertif\u00e6ri vi\u00f0 b\u00e6\u00f0i Theresu May og\u00a0Erdo\u011fan. Stendur \u00e1 milli \u00feeirra, n\u00f3gu n\u00e1l\u00e6gt \u00feeim til a\u00f0 leggja h\u00f6nd \u00e1 \u00f6xl hvors um sig og segja; &#8222;m\u00e1 \u00e9g eiga vi\u00f0 ykkur or\u00f0?&#8220; H\u00fan &hellip; <a href=\"https:\/\/www.norn.is\/liljur-vallarins\/2018\/07\/12\/godra-vina-fundur\/\">Halda \u00e1fram a\u00f0 lesa <span class=\"meta-nav\">&rarr;<\/span><\/a><\/p>\n","protected":false},"author":2,"featured_media":0,"comment_status":"closed","ping_status":"closed","sticky":false,"template":"","format":"standard","meta":{"footnotes":"","_links_to":"","_links_to_target":""},"categories":[1,102],"tags":[101,110,111],"class_list":["post-2078","post","type-post","status-publish","format-standard","hentry","category-allt-efni","category-hvar-er-haukur","tag-erdogan","tag-katrin-jakobsdottir","tag-theresa-may"],"yoast_head":"<!-- This site is optimized with the Yoast SEO plugin v27.5 - https:\/\/yoast.com\/product\/yoast-seo-wordpress\/ -->\n<title>G\u00f3\u00f0ra vina fundur - Liljur vallarins<\/title>\n<meta name=\"robots\" content=\"index, follow, max-snippet:-1, max-image-preview:large, max-video-preview:-1\" \/>\n<link rel=\"canonical\" href=\"https:\/\/www.norn.is\/liljur-vallarins\/2018\/07\/12\/godra-vina-fundur\/\" \/>\n<meta property=\"og:locale\" content=\"is_IS\" \/>\n<meta property=\"og:type\" content=\"article\" \/>\n<meta property=\"og:title\" content=\"G\u00f3\u00f0ra vina fundur - Liljur vallarins\" \/>\n<meta property=\"og:description\" content=\"M\u00e9r finnst \u00feessi mynd svo t\u00e1knr\u00e6n. Katr\u00edn Jakobsd\u00f3ttir \u00ed snertif\u00e6ri vi\u00f0 b\u00e6\u00f0i Theresu May og\u00a0Erdo\u011fan. Stendur \u00e1 milli \u00feeirra, n\u00f3gu n\u00e1l\u00e6gt \u00feeim til a\u00f0 leggja h\u00f6nd \u00e1 \u00f6xl hvors um sig og segja; &#8222;m\u00e1 \u00e9g eiga vi\u00f0 ykkur or\u00f0?&#8220; H\u00fan &hellip; Halda \u00e1fram a\u00f0 lesa &rarr;\" \/>\n<meta property=\"og:url\" content=\"https:\/\/www.norn.is\/liljur-vallarins\/2018\/07\/12\/godra-vina-fundur\/\" \/>\n<meta property=\"og:site_name\" content=\"Liljur vallarins\" \/>\n<meta property=\"article:published_time\" content=\"2018-07-12T10:16:07+00:00\" \/>\n<meta property=\"og:image\" content=\"http:\/\/www.norn.is\/liljur-vallarins\/wp-content\/uploads\/sites\/27\/2018\/07\/NATO-FUNDUR.jpg\" \/>\n<meta name=\"author\" content=\"Eva Hauksd\u00f3ttir\" \/>\n<meta name=\"twitter:card\" content=\"summary_large_image\" \/>\n<meta name=\"twitter:label1\" content=\"Written by\" \/>\n\t<meta name=\"twitter:data1\" content=\"\" \/>\n\t<meta name=\"twitter:label2\" content=\"Est. reading time\" \/>\n\t<meta name=\"twitter:data2\" content=\"2 minutes\" \/>\n<script type=\"application\/ld+json\" class=\"yoast-schema-graph\">{\"@context\":\"https:\\\/\\\/schema.org\",\"@graph\":[{\"@type\":\"Article\",\"@id\":\"https:\\\/\\\/www.norn.is\\\/liljur-vallarins\\\/2018\\\/07\\\/12\\\/godra-vina-fundur\\\/#article\",\"isPartOf\":{\"@id\":\"https:\\\/\\\/www.norn.is\\\/liljur-vallarins\\\/2018\\\/07\\\/12\\\/godra-vina-fundur\\\/\"},\"author\":{\"name\":\"Eva Hauksd\u00f3ttir\",\"@id\":\"https:\\\/\\\/www.norn.is\\\/liljur-vallarins\\\/#\\\/schema\\\/person\\\/2eb0fcae9e1ecc61987f7ed9c878531c\"},\"headline\":\"G\u00f3\u00f0ra vina fundur\",\"datePublished\":\"2018-07-12T10:16:07+00:00\",\"mainEntityOfPage\":{\"@id\":\"https:\\\/\\\/www.norn.is\\\/liljur-vallarins\\\/2018\\\/07\\\/12\\\/godra-vina-fundur\\\/\"},\"wordCount\":493,\"image\":{\"@id\":\"https:\\\/\\\/www.norn.is\\\/liljur-vallarins\\\/2018\\\/07\\\/12\\\/godra-vina-fundur\\\/#primaryimage\"},\"thumbnailUrl\":\"http:\\\/\\\/www.norn.is\\\/liljur-vallarins\\\/wp-content\\\/uploads\\\/sites\\\/27\\\/2018\\\/07\\\/NATO-FUNDUR.jpg\",\"keywords\":[\"Erdo\u011fan\",\"Katr\u00edn Jakobsd\u00f3ttir\",\"Theresa May\"],\"articleSection\":[\"Allt efni\",\"Hvar er Haukur?\"],\"inLanguage\":\"is\"},{\"@type\":\"WebPage\",\"@id\":\"https:\\\/\\\/www.norn.is\\\/liljur-vallarins\\\/2018\\\/07\\\/12\\\/godra-vina-fundur\\\/\",\"url\":\"https:\\\/\\\/www.norn.is\\\/liljur-vallarins\\\/2018\\\/07\\\/12\\\/godra-vina-fundur\\\/\",\"name\":\"G\u00f3\u00f0ra vina fundur - Liljur vallarins\",\"isPartOf\":{\"@id\":\"https:\\\/\\\/www.norn.is\\\/liljur-vallarins\\\/#website\"},\"primaryImageOfPage\":{\"@id\":\"https:\\\/\\\/www.norn.is\\\/liljur-vallarins\\\/2018\\\/07\\\/12\\\/godra-vina-fundur\\\/#primaryimage\"},\"image\":{\"@id\":\"https:\\\/\\\/www.norn.is\\\/liljur-vallarins\\\/2018\\\/07\\\/12\\\/godra-vina-fundur\\\/#primaryimage\"},\"thumbnailUrl\":\"http:\\\/\\\/www.norn.is\\\/liljur-vallarins\\\/wp-content\\\/uploads\\\/sites\\\/27\\\/2018\\\/07\\\/NATO-FUNDUR.jpg\",\"datePublished\":\"2018-07-12T10:16:07+00:00\",\"author\":{\"@id\":\"https:\\\/\\\/www.norn.is\\\/liljur-vallarins\\\/#\\\/schema\\\/person\\\/2eb0fcae9e1ecc61987f7ed9c878531c\"},\"breadcrumb\":{\"@id\":\"https:\\\/\\\/www.norn.is\\\/liljur-vallarins\\\/2018\\\/07\\\/12\\\/godra-vina-fundur\\\/#breadcrumb\"},\"inLanguage\":\"is\",\"potentialAction\":[{\"@type\":\"ReadAction\",\"target\":[\"https:\\\/\\\/www.norn.is\\\/liljur-vallarins\\\/2018\\\/07\\\/12\\\/godra-vina-fundur\\\/\"]}]},{\"@type\":\"ImageObject\",\"inLanguage\":\"is\",\"@id\":\"https:\\\/\\\/www.norn.is\\\/liljur-vallarins\\\/2018\\\/07\\\/12\\\/godra-vina-fundur\\\/#primaryimage\",\"url\":\"https:\\\/\\\/www.norn.is\\\/liljur-vallarins\\\/wp-content\\\/uploads\\\/sites\\\/27\\\/2018\\\/07\\\/NATO-FUNDUR.jpg\",\"contentUrl\":\"https:\\\/\\\/www.norn.is\\\/liljur-vallarins\\\/wp-content\\\/uploads\\\/sites\\\/27\\\/2018\\\/07\\\/NATO-FUNDUR.jpg\",\"width\":713,\"height\":469},{\"@type\":\"BreadcrumbList\",\"@id\":\"https:\\\/\\\/www.norn.is\\\/liljur-vallarins\\\/2018\\\/07\\\/12\\\/godra-vina-fundur\\\/#breadcrumb\",\"itemListElement\":[{\"@type\":\"ListItem\",\"position\":1,\"name\":\"Home\",\"item\":\"https:\\\/\\\/www.norn.is\\\/liljur-vallarins\\\/\"},{\"@type\":\"ListItem\",\"position\":2,\"name\":\"G\u00f3\u00f0ra vina fundur\"}]},{\"@type\":\"WebSite\",\"@id\":\"https:\\\/\\\/www.norn.is\\\/liljur-vallarins\\\/#website\",\"url\":\"https:\\\/\\\/www.norn.is\\\/liljur-vallarins\\\/\",\"name\":\"Liljur vallarins\",\"description\":\"\",\"potentialAction\":[{\"@type\":\"SearchAction\",\"target\":{\"@type\":\"EntryPoint\",\"urlTemplate\":\"https:\\\/\\\/www.norn.is\\\/liljur-vallarins\\\/?s={search_term_string}\"},\"query-input\":{\"@type\":\"PropertyValueSpecification\",\"valueRequired\":true,\"valueName\":\"search_term_string\"}}],\"inLanguage\":\"is\"},{\"@type\":\"Person\",\"@id\":\"https:\\\/\\\/www.norn.is\\\/liljur-vallarins\\\/#\\\/schema\\\/person\\\/2eb0fcae9e1ecc61987f7ed9c878531c\",\"name\":\"Eva Hauksd\u00f3ttir\",\"sameAs\":[\"http:\\\/\\\/www.norn.is\"],\"url\":\"https:\\\/\\\/www.norn.is\\\/liljur-vallarins\\\/author\\\/eva\\\/\"}]}<\/script>\n<!-- \/ Yoast SEO plugin. -->","yoast_head_json":{"title":"G\u00f3\u00f0ra vina fundur - Liljur vallarins","robots":{"index":"index","follow":"follow","max-snippet":"max-snippet:-1","max-image-preview":"max-image-preview:large","max-video-preview":"max-video-preview:-1"},"canonical":"https:\/\/www.norn.is\/liljur-vallarins\/2018\/07\/12\/godra-vina-fundur\/","og_locale":"is_IS","og_type":"article","og_title":"G\u00f3\u00f0ra vina fundur - Liljur vallarins","og_description":"M\u00e9r finnst \u00feessi mynd svo t\u00e1knr\u00e6n. Katr\u00edn Jakobsd\u00f3ttir \u00ed snertif\u00e6ri vi\u00f0 b\u00e6\u00f0i Theresu May og\u00a0Erdo\u011fan. Stendur \u00e1 milli \u00feeirra, n\u00f3gu n\u00e1l\u00e6gt \u00feeim til a\u00f0 leggja h\u00f6nd \u00e1 \u00f6xl hvors um sig og segja; &#8222;m\u00e1 \u00e9g eiga vi\u00f0 ykkur or\u00f0?&#8220; H\u00fan &hellip; Halda \u00e1fram a\u00f0 lesa &rarr;","og_url":"https:\/\/www.norn.is\/liljur-vallarins\/2018\/07\/12\/godra-vina-fundur\/","og_site_name":"Liljur vallarins","article_published_time":"2018-07-12T10:16:07+00:00","og_image":[{"url":"http:\/\/www.norn.is\/liljur-vallarins\/wp-content\/uploads\/sites\/27\/2018\/07\/NATO-FUNDUR.jpg","type":"","width":"","height":""}],"author":"Eva Hauksd\u00f3ttir","twitter_card":"summary_large_image","twitter_misc":{"Written by":false,"Est. reading time":"2 minutes"},"schema":{"@context":"https:\/\/schema.org","@graph":[{"@type":"Article","@id":"https:\/\/www.norn.is\/liljur-vallarins\/2018\/07\/12\/godra-vina-fundur\/#article","isPartOf":{"@id":"https:\/\/www.norn.is\/liljur-vallarins\/2018\/07\/12\/godra-vina-fundur\/"},"author":{"name":"Eva Hauksd\u00f3ttir","@id":"https:\/\/www.norn.is\/liljur-vallarins\/#\/schema\/person\/2eb0fcae9e1ecc61987f7ed9c878531c"},"headline":"G\u00f3\u00f0ra vina fundur","datePublished":"2018-07-12T10:16:07+00:00","mainEntityOfPage":{"@id":"https:\/\/www.norn.is\/liljur-vallarins\/2018\/07\/12\/godra-vina-fundur\/"},"wordCount":493,"image":{"@id":"https:\/\/www.norn.is\/liljur-vallarins\/2018\/07\/12\/godra-vina-fundur\/#primaryimage"},"thumbnailUrl":"http:\/\/www.norn.is\/liljur-vallarins\/wp-content\/uploads\/sites\/27\/2018\/07\/NATO-FUNDUR.jpg","keywords":["Erdo\u011fan","Katr\u00edn Jakobsd\u00f3ttir","Theresa May"],"articleSection":["Allt efni","Hvar er Haukur?"],"inLanguage":"is"},{"@type":"WebPage","@id":"https:\/\/www.norn.is\/liljur-vallarins\/2018\/07\/12\/godra-vina-fundur\/","url":"https:\/\/www.norn.is\/liljur-vallarins\/2018\/07\/12\/godra-vina-fundur\/","name":"G\u00f3\u00f0ra vina fundur - Liljur vallarins","isPartOf":{"@id":"https:\/\/www.norn.is\/liljur-vallarins\/#website"},"primaryImageOfPage":{"@id":"https:\/\/www.norn.is\/liljur-vallarins\/2018\/07\/12\/godra-vina-fundur\/#primaryimage"},"image":{"@id":"https:\/\/www.norn.is\/liljur-vallarins\/2018\/07\/12\/godra-vina-fundur\/#primaryimage"},"thumbnailUrl":"http:\/\/www.norn.is\/liljur-vallarins\/wp-content\/uploads\/sites\/27\/2018\/07\/NATO-FUNDUR.jpg","datePublished":"2018-07-12T10:16:07+00:00","author":{"@id":"https:\/\/www.norn.is\/liljur-vallarins\/#\/schema\/person\/2eb0fcae9e1ecc61987f7ed9c878531c"},"breadcrumb":{"@id":"https:\/\/www.norn.is\/liljur-vallarins\/2018\/07\/12\/godra-vina-fundur\/#breadcrumb"},"inLanguage":"is","potentialAction":[{"@type":"ReadAction","target":["https:\/\/www.norn.is\/liljur-vallarins\/2018\/07\/12\/godra-vina-fundur\/"]}]},{"@type":"ImageObject","inLanguage":"is","@id":"https:\/\/www.norn.is\/liljur-vallarins\/2018\/07\/12\/godra-vina-fundur\/#primaryimage","url":"https:\/\/www.norn.is\/liljur-vallarins\/wp-content\/uploads\/sites\/27\/2018\/07\/NATO-FUNDUR.jpg","contentUrl":"https:\/\/www.norn.is\/liljur-vallarins\/wp-content\/uploads\/sites\/27\/2018\/07\/NATO-FUNDUR.jpg","width":713,"height":469},{"@type":"BreadcrumbList","@id":"https:\/\/www.norn.is\/liljur-vallarins\/2018\/07\/12\/godra-vina-fundur\/#breadcrumb","itemListElement":[{"@type":"ListItem","position":1,"name":"Home","item":"https:\/\/www.norn.is\/liljur-vallarins\/"},{"@type":"ListItem","position":2,"name":"G\u00f3\u00f0ra vina fundur"}]},{"@type":"WebSite","@id":"https:\/\/www.norn.is\/liljur-vallarins\/#website","url":"https:\/\/www.norn.is\/liljur-vallarins\/","name":"Liljur vallarins","description":"","potentialAction":[{"@type":"SearchAction","target":{"@type":"EntryPoint","urlTemplate":"https:\/\/www.norn.is\/liljur-vallarins\/?s={search_term_string}"},"query-input":{"@type":"PropertyValueSpecification","valueRequired":true,"valueName":"search_term_string"}}],"inLanguage":"is"},{"@type":"Person","@id":"https:\/\/www.norn.is\/liljur-vallarins\/#\/schema\/person\/2eb0fcae9e1ecc61987f7ed9c878531c","name":"Eva Hauksd\u00f3ttir","sameAs":["http:\/\/www.norn.is"],"url":"https:\/\/www.norn.is\/liljur-vallarins\/author\/eva\/"}]}},"_links":{"self":[{"href":"https:\/\/www.norn.is\/liljur-vallarins\/wp-json\/wp\/v2\/posts\/2078","targetHints":{"allow":["GET"]}}],"collection":[{"href":"https:\/\/www.norn.is\/liljur-vallarins\/wp-json\/wp\/v2\/posts"}],"about":[{"href":"https:\/\/www.norn.is\/liljur-vallarins\/wp-json\/wp\/v2\/types\/post"}],"author":[{"embeddable":true,"href":"https:\/\/www.norn.is\/liljur-vallarins\/wp-json\/wp\/v2\/users\/2"}],"replies":[{"embeddable":true,"href":"https:\/\/www.norn.is\/liljur-vallarins\/wp-json\/wp\/v2\/comments?post=2078"}],"version-history":[{"count":1,"href":"https:\/\/www.norn.is\/liljur-vallarins\/wp-json\/wp\/v2\/posts\/2078\/revisions"}],"predecessor-version":[{"id":2081,"href":"https:\/\/www.norn.is\/liljur-vallarins\/wp-json\/wp\/v2\/posts\/2078\/revisions\/2081"}],"wp:attachment":[{"href":"https:\/\/www.norn.is\/liljur-vallarins\/wp-json\/wp\/v2\/media?parent=2078"}],"wp:term":[{"taxonomy":"category","embeddable":true,"href":"https:\/\/www.norn.is\/liljur-vallarins\/wp-json\/wp\/v2\/categories?post=2078"},{"taxonomy":"post_tag","embeddable":true,"href":"https:\/\/www.norn.is\/liljur-vallarins\/wp-json\/wp\/v2\/tags?post=2078"}],"curies":[{"name":"wp","href":"https:\/\/api.w.org\/{rel}","templated":true}]}}