{"id":2073,"date":"2018-07-08T10:08:19","date_gmt":"2018-07-08T10:08:19","guid":{"rendered":"http:\/\/www.norn.is\/liljur-vallarins\/?p=2073"},"modified":"2018-07-12T10:12:31","modified_gmt":"2018-07-12T10:12:31","slug":"svar-mitt-vid-haturspostum-tyrkja","status":"publish","type":"post","link":"https:\/\/www.norn.is\/liljur-vallarins\/2018\/07\/08\/svar-mitt-vid-haturspostum-tyrkja\/","title":{"rendered":"Svar mitt vi\u00f0 hatursp\u00f3stum Tyrkja"},"content":{"rendered":"<p><a href=\"http:\/\/www.norn.is\/blog\/my-reply-to-turks-hatemail\/\">Originally published in English<\/a><\/p>\n<p><img loading=\"lazy\" decoding=\"async\" class=\"alignleft size-full wp-image-2074\" src=\"http:\/\/www.norn.is\/liljur-vallarins\/wp-content\/uploads\/sites\/27\/2018\/07\/34468340_10155549060277963_5755666423326179328_n.jpg\" alt=\"\" width=\"639\" height=\"503\" srcset=\"https:\/\/www.norn.is\/liljur-vallarins\/wp-content\/uploads\/sites\/27\/2018\/07\/34468340_10155549060277963_5755666423326179328_n.jpg 639w, https:\/\/www.norn.is\/liljur-vallarins\/wp-content\/uploads\/sites\/27\/2018\/07\/34468340_10155549060277963_5755666423326179328_n-300x236.jpg 300w, https:\/\/www.norn.is\/liljur-vallarins\/wp-content\/uploads\/sites\/27\/2018\/07\/34468340_10155549060277963_5755666423326179328_n-381x300.jpg 381w\" sizes=\"auto, (max-width: 639px) 100vw, 639px\" \/><\/p>\n<p><b>K\u00e6ru Erdo\u011fand\u00fdrkendur sem hafi\u00f0 sent m\u00e9r hatursp\u00f3sta<\/b><\/p>\n<p>Haldi\u00f0 \u00fei\u00f0 virkilega a\u00f0 \u00e9g s\u00e9 svo grunnhyggin a\u00f0 drullul\u00e9leg samklippt mynd af \u00edslenska f\u00e1nanum me\u00f0 sk\u00edtahaug geti komi\u00f0 m\u00e9r \u00ed upn\u00e1m? Sj\u00e1i\u00f0 til, \u00fea\u00f0 eru\u00f0 \u00fei\u00f0 vesalingar, sem tilbi\u00f0ji\u00f0 stj\u00f3rnm\u00e1lamenn og f\u00e1na, ekki \u00e9g. Fyrir nokkrum \u00e1ratugum var \u00edslenski f\u00e1ninn t\u00e1kn sj\u00e1lfst\u00e6\u00f0isbar\u00e1ttunnar. N\u00faor\u00f0i\u00f0 er hann a\u00f0eins t\u00e1kn illkynja \u00fej\u00f3\u00f0ernishyggju og \u00feeir sem helst hampa honum eru m\u00fasl\u00edmahatarar, \u00fear \u00e1 me\u00f0al fyrirlitlegir rasistar sem r\u00e1\u00f0ast \u00e1 Tyrki fyrir \u00fea\u00f0 eitt a\u00f0 vera tyrkneskir. Fyrir alla muni drulli\u00f0 yfir \u00edslenska f\u00e1nann hven\u00e6r sem ykkur lystir. \u00c9g mun gera \u00fea\u00f0 l\u00edka \u00feegar \u00e9g ver\u00f0 uppskroppa me\u00f0 myndir af\u00a0Erdo\u011fan.<!--more--><\/p>\n<p>Og hvers vegna \u00ed \u00f3sk\u00f6punum haldi\u00f0 \u00fei\u00f0 a\u00f0 \u00fea\u00f0 angri mig \u00fe\u00f3tt \u00fei\u00f0 b\u00f6lvi\u00f0 kristind\u00f3mnum og hr\u00f3pi\u00f0 eitthva\u00f0 jafn aumkunarvert og &#8222;fari Jes\u00fas kristur til fjandans&#8220;? Jes\u00fas var st\u00f3rmerkilegur ma\u00f0ur en \u00e9g er ekki kristin og \u00fe\u00f3tt \u00e9g v\u00e6ri \u00fea\u00f0 \u00fe\u00e1 er \u00feetta bara ekki n\u00f3gu hugvitsamleg m\u00f3\u00f0gun til \u00feess a\u00f0 misbj\u00f3\u00f0a m\u00e9r. \u00c9g j\u00e1ta engin tr\u00faarbr\u00f6g\u00f0 en \u00e9g tr\u00fai sannarlega \u00e1 tj\u00e1ningarfrelsi\u00f0 og \u00e9g vir\u00f0i r\u00e9tt ykkar til a\u00f0 segja Jes\u00fa a\u00f0 fara til fjandans. Alveg eins og \u00e9g vir\u00f0i r\u00e9tt ykkar til a\u00f0 teikna myndir af M\u00fahammed sp\u00e1manni ef ykkur langar a\u00f0 teikna. R\u00e9tt eins og \u00e9g vir\u00f0i r\u00e9tt B\u00f6hmermann\u2019s til a\u00f0 birta \u00feetta lj\u00f3\u00f0.<\/p>\n<p><iframe loading=\"lazy\" src=\"https:\/\/www.youtube.com\/embed\/NYY18sP2brM?feature=oembed\" width=\"584\" height=\"329\" frameborder=\"0\" allowfullscreen=\"allowfullscreen\" data-mce-fragment=\"1\"><\/iframe><\/p>\n<p>Hva\u00f0 sj\u00e1lfa mig var\u00f0ar \u00fe\u00e1 er ykkur frj\u00e1lst a\u00f0 kalla mig hverju \u00fev\u00ed \u00f3nefni sem ykkur kemur \u00ed hug og\u00a0kl\u00edna vi\u00f0vaningslegu f\u00f3t\u00f3sjoppi inn \u00e1 myndir af m\u00e9r a\u00f0 eigin vild. \u00c9g kippi m\u00e9r heldur ekki upp vi\u00f0 \u00fea\u00f0.<\/p>\n<p><img loading=\"lazy\" decoding=\"async\" class=\"alignleft size-full wp-image-2075\" src=\"http:\/\/www.norn.is\/liljur-vallarins\/wp-content\/uploads\/sites\/27\/2018\/07\/DRmpFTjX4AU_IwQ.jpg\" alt=\"\" width=\"285\" height=\"517\" srcset=\"https:\/\/www.norn.is\/liljur-vallarins\/wp-content\/uploads\/sites\/27\/2018\/07\/DRmpFTjX4AU_IwQ.jpg 285w, https:\/\/www.norn.is\/liljur-vallarins\/wp-content\/uploads\/sites\/27\/2018\/07\/DRmpFTjX4AU_IwQ-165x300.jpg 165w\" sizes=\"auto, (max-width: 285px) 100vw, 285px\" \/>H\u00e9r er d\u00e6mi um vel lukka\u00f0a m\u00f3\u00f0gun og\u00a0myndvinnslu sem ber vott um sk\u00f6punarg\u00e1fu. H\u00fan er einf\u00f6ld, smellin, t\u00e1kr\u00e6n, sannleikanum samkv\u00e6m og n\u00f3gu dj\u00f6rf til a\u00f0 gera \u00fej\u00f3h\u00f6f\u00f0ingja Tyrklands enn\u00fe\u00e1 brj\u00e1la\u00f0ri en hann var fyrir. \u00c9g veit ekki hver \u00e1 hei\u00f0urinn af henni en ef ykkur langar a\u00f0 m\u00f3\u00f0ga einhvern \u00fe\u00e1 g\u00e6tu\u00f0 \u00fei\u00f0 kannski l\u00e6rt eitthva\u00f0 af \u00feessum listamanni.<\/p>\n<p>\u00de\u00e6r aumkunarver\u00f0u klippimyndir sem \u00fei\u00f0 eru\u00f0 a\u00f0 reyna a\u00f0 fylla p\u00f3sth\u00f3lfi\u00f0 mitt me\u00f0 eru hvergi n\u00e1l\u00e6gt \u00fev\u00ed a\u00f0 standast \u00feennan samanbur\u00f0. \u00de\u00e6r eru hl\u00e6gilegar og m\u00e9r er skemmt yfir vanh\u00e6fni ykkar en a\u00f0 \u00f6\u00f0ru leyti\u00a0hefur hatursp\u00f3stur engin \u00e1hrif \u00e1 mig, hvort heldur er texti e\u00f0a myndir.<\/p>\n<p>\u00dei\u00f0, hinsvegar, eru\u00f0 auglj\u00f3slega a\u00f0 fara \u00e1 l\u00edmingunum vegna rei\u00f0i einnar konu\u00a0yfir \u00fev\u00ed a\u00f0 einveldi skuli \u00fer\u00edfast. \u00c9g vissi svosem a\u00f0 \u00fea\u00f0 \u00fearf l\u00edti\u00f0 til a\u00f0 koma h\u00f3pi h\u00e1lfvita \u00far jafnv\u00e6gi en \u00e9g \u00e1tti n\u00fa samt ekki von \u00e1 \u00fev\u00ed a\u00f0 einf\u00f6ld f\u00e1nabrenna g\u00e6ti haft svo mikil \u00e1hrif. \u00dea\u00f0 er m\u00e9r s\u00f6nn \u00e1n\u00e6gja a\u00f0 sj\u00e1 a\u00f0d\u00e1endur Erdo\u011fans fro\u00f0ufellandi af rei\u00f0i vegna a\u00f0ger\u00f0ar sem \u00fatheimti ekki meiri metna\u00f0.<\/p>\n<p>Svo vir\u00f0ist sem einhverjir ykkar s\u00e9u n\u00f3gu heimskir til a\u00f0 halda a\u00f0 aumkunarver\u00f0ar \u00e1r\u00e1sir ykkar muni \u00feagga ni\u00f0ur \u00ed m\u00e9r. A\u00f0rir halda a\u00f0 \u00fea\u00f0 s\u00e9 h\u00e6gt a\u00f0 stinga upp \u00ed mig me\u00f0 mor\u00f0h\u00f3tunum. L\u00e1ti\u00f0 ykkur bara dreyma, \u00e9g l\u00e6t ekkert \u00feagga ni\u00f0ur \u00ed m\u00e9r. \u00c1 sama t\u00edma og \u00edslenski f\u00e1ninn er or\u00f0inn t\u00e1kn \u00fej\u00f3\u00f0ernishyggju er tyrkneski f\u00e1ninn or\u00f0inn t\u00e1knmynd fasismans. Og hver s\u00e1 Tyrki sem sty\u00f0ur fasistastj\u00f3rn Erdo\u011fans ber \u00e1byrg\u00f0 \u00e1 \u00fev\u00ed. Allir gera mist\u00f6k og \u00e9g mun ekki \u00e1saka ykkur \u00feegar a\u00f0 \u00fev\u00ed kemur a\u00f0 \u00fei\u00f0 \u00e1tti\u00f0 ykkur \u00e1 \u00fev\u00ed hva\u00f0 \u00fei\u00f0 hafi\u00f0 gert en \u00e9g mun tj\u00e1 sko\u00f0anir m\u00ednar \u00e1 fasisma \u00e1 hvern \u00feann h\u00e1tt sem m\u00e9r bara s\u00fdnist, \u00fear me\u00f0 tali\u00f0 me\u00f0 f\u00e1nabrennum, hven\u00e6r sem m\u00e9r s\u00fdnist og hvar sem m\u00e9r s\u00fdnist. Og \u00e9g mun segja fr\u00e1 sl\u00edkum a\u00f0ger\u00f0um \u00e1 internetinu aftur og aftur. \u00dei\u00f0 \u00e6ttu\u00f0 bara a\u00f0 reyna a\u00f0 venjast \u00fev\u00ed.<\/p>\n<p><img loading=\"lazy\" decoding=\"async\" class=\"size-full wp-image-2049 aligncenter\" src=\"http:\/\/www.norn.is\/liljur-vallarins\/wp-content\/uploads\/sites\/27\/2018\/06\/6.png\" alt=\"\" width=\"1913\" height=\"987\" srcset=\"https:\/\/www.norn.is\/liljur-vallarins\/wp-content\/uploads\/sites\/27\/2018\/06\/6.png 1913w, https:\/\/www.norn.is\/liljur-vallarins\/wp-content\/uploads\/sites\/27\/2018\/06\/6-300x155.png 300w, https:\/\/www.norn.is\/liljur-vallarins\/wp-content\/uploads\/sites\/27\/2018\/06\/6-768x396.png 768w, https:\/\/www.norn.is\/liljur-vallarins\/wp-content\/uploads\/sites\/27\/2018\/06\/6-1024x528.png 1024w, https:\/\/www.norn.is\/liljur-vallarins\/wp-content\/uploads\/sites\/27\/2018\/06\/6-500x258.png 500w\" sizes=\"auto, (max-width: 1913px) 100vw, 1913px\" \/><\/p>\n<p><strong>Vi\u00f0 \u00fe\u00e1 ykkar sem hafi\u00f0 sent m\u00e9r mor\u00f0h\u00f3tanir hef \u00e9g \u00feetta a\u00f0 segja:<\/strong><\/p>\n<p>\u00c9g er ekkert hr\u00e6dd vi\u00f0 ykkur. Ef \u00e9g v\u00e6ri smekklaus myndi \u00e9g segja ykkur a\u00f0 ser\u00f0a sv\u00edn en \u00e9g hef enga \u00e1st\u00e6\u00f0u til a\u00f0 m\u00f3\u00f0ga sv\u00edni\u00f0.<\/p>\n<p>\u00dea\u00f0 er sj\u00e1lfsagt illskiljanlegt \u00feeim sem \u00f3lust upp vi\u00f0 fasisma\u00a0Erdo\u011fans &#8211; en \u00fea\u00f0 er ekki h\u00e6gt a\u00f0 ritsko\u00f0a interneti\u00f0. Jafnvel \u00fe\u00f3tt \u00fei\u00f0 hef\u00f0u\u00f0 kjark til a\u00f0 drepa mig g\u00e6tu\u00f0 \u00fei\u00f0 samt ekki \u00feagga\u00f0 ni\u00f0ur \u00ed m\u00e9r. Skilabo\u00f0 m\u00edn eru enn \u00e1 netinu og ef ofst\u00e6kismenn yr\u00f0u m\u00e9r a\u00f0 bana yr\u00f0i \u00feeim sennilega dreift um v\u00ed\u00f0a ver\u00f6ld. Aukinheldur b\u00fd \u00e9g \u00ed r\u00e9ttarr\u00edki \u00fear sem f\u00f3lk kemst yfirleitt ekki upp me\u00f0 p\u00f3lit\u00edsk mor\u00f0. En \u00f6rv\u00e6nti\u00f0 ekki, \u00e9g get gefi\u00f0 ykkur g\u00f3\u00f0 r\u00e1\u00f0 sem sl\u00e1 \u00e1 bl\u00f3\u00f0\u00feorsta ykkar e\u00f0a dreifa i \u00fea\u00f0 minnsta huganum.<\/p>\n<ol>\n<li>Stingdu\u00a010 metra h\u00e1rri f\u00e1nast\u00f6ng upp \u00ed rassgati\u00f0 \u00e1 \u00fe\u00e9r<br \/>\n(\u00de\u00fa ert n\u00e1tt\u00farulega me\u00f0 k\u00fastskaft \u00ed rassgatinu n\u00fa \u00feegar en flaggst\u00f6ng myndi\u00a0h\u00e6fa \u00fe\u00e9r enn\u00a0betur.)<\/li>\n<li>Hneyg\u00f0u \u00feig ni\u00f0ur \u00ed g\u00f3lf og sleiktu t\u00e6r einr\u00e6\u00f0isherrans<br \/>\n(\u00deetta getur or\u00f0i\u00f0 sn\u00fai\u00f0 \u00fear sem \u00fe\u00fa ert me\u00f0 10 metra f\u00e1nast\u00f6ng fasta \u00ed heilanum en \u00fe\u00fa f\u00e9kkst \u00fea\u00f0 sem \u00fe\u00fa kaust og munt \u00fev\u00ed hvort sem er ney\u00f0ast til a\u00f0 sleikja \u00e1 honum lappirnar svo \u00feetta er g\u00f3\u00f0 \u00e6fing. Og nei, f\u00e6tur hans ilma ekki eins og parad\u00eds, \u00fea\u00f0 er bara venjuleg t\u00e1f\u00fdla af \u00feeim.)<\/li>\n<li>Anda\u00f0u dj\u00fapt og fyndu fnykinn af sj\u00e1lfsd\u00fdrkuninni. \u00deegar \u00fe\u00fa hefur sleikt\u00a0b\u00edfurnar \u00e1 \u00feessum undirs\u00e1ta Andskotans skaltu nota tyrkneska f\u00e1nann til a\u00f0 \u00feerra\u00a0\u00e1 honum t\u00e6rnar.<br \/>\n(Og l\u00e1ttu \u00fea\u00f0 ekki koma \u00fe\u00e9r \u00e1 \u00f3vart \u00fe\u00f3tt Hans Hofm\u00f3\u00f0ur launi sleikjuskapinn me\u00f0 \u00fev\u00ed a\u00f0 spr\u00e6na \u00e1 hnakkann \u00e1 \u00fe\u00e9r.)<\/li>\n<\/ol>\n<p>\u00deetta \u00e6tti a\u00f0 koma \u00fe\u00e9r til, allavega n\u00f3gu vel til \u00feess a\u00f0 \u00fe\u00fa s\u00f6kkvir \u00fe\u00e9r \u00ed kyn\u00f3ra \u00ed sta\u00f0 mor\u00f0\u00f3ra, a\u00f0 minnsta kosti sm\u00e1stund.<\/p>\n<p>&nbsp;<\/p>\n<p><strong><img loading=\"lazy\" decoding=\"async\" class=\"size-full wp-image-2076 aligncenter\" src=\"http:\/\/www.norn.is\/liljur-vallarins\/wp-content\/uploads\/sites\/27\/2018\/07\/DdbO5FQUwAEGmYt.jpg\" alt=\"\" width=\"462\" height=\"525\" srcset=\"https:\/\/www.norn.is\/liljur-vallarins\/wp-content\/uploads\/sites\/27\/2018\/07\/DdbO5FQUwAEGmYt.jpg 462w, https:\/\/www.norn.is\/liljur-vallarins\/wp-content\/uploads\/sites\/27\/2018\/07\/DdbO5FQUwAEGmYt-264x300.jpg 264w\" sizes=\"auto, (max-width: 462px) 100vw, 462px\" \/>Og \u00fei\u00f0 sem ekki eru\u00f0 gefnir fyrir ofbeldi en eru\u00f0 s\u00e1rm\u00f3\u00f0ga\u00f0ir vegna f\u00e1nabrennunnar:<\/strong><\/p>\n<p>Vakni\u00f0 n\u00fa af dvalanum og sj\u00e1i\u00f0 \u00fea\u00f0 sem er a\u00f0 gerast. F\u00e1ni Tyrklands er enginn \u00fej\u00f3\u00f0f\u00e1ni lengur heldur t\u00e1kn Erdo\u011fans og stj\u00f3rnar hans. Hann er t\u00e1kn ritsko\u00f0unar, mannr\u00e9ttindabrota, str\u00ed\u00f0sgl\u00e6pa og einveldis. \u00dei\u00f0 geti\u00f0 \u00fath\u00fa\u00f0a\u00f0 m\u00e9r, \u00fea\u00f0 b\u00edtur ekki \u00e1 mig, \u00e9g veit a\u00f0 allir geta or\u00f0i\u00f0 heila\u00fev\u00e6tti a\u00f0 br\u00e1\u00f0 og \u00e9g f\u00e6 ekkert \u00f3beit \u00e1 ykkur \u00fe\u00f3tt \u00fei\u00f0 hreyti\u00f0 fj\u00fakyr\u00f0um. Almennt v\u00e6ri \u00fe\u00f3 skynsamlegt\u00a0af ykkur a\u00f0 vera almennilegir vi\u00f0 \u00fe\u00e1 sem m\u00f3tm\u00e6la fasisma. \u00dev\u00ed \u00feegar a\u00f0 \u00fev\u00ed kemur a\u00f0 har\u00f0stj\u00f3rn Erdo\u011fans bitnar \u00e1 ykkur, eins og svo m\u00f6rgum \u00f6\u00f0rum \u00e1g\u00e6tum Tyrkjum, ver\u00f0a \u00fea\u00f0 \u00feeir sem ekki\u00a0standa \u00feeygjandi hj\u00e1 sem munu sty\u00f0ja andspyrnu ykkar, gangast fyrir undirskriftas\u00f6fnunum til a\u00f0 n\u00e1 ykkur \u00fat \u00far fangelsi, a\u00f0sto\u00f0a ykkur vi\u00f0 a\u00f0 fl\u00fdja e\u00f0a berjast fyrir r\u00e9tti ykkar til al\u00fej\u00f3\u00f0legrar verndar. Sumir br\u00e6\u00f0ra ykkar og systra \u00ed Tyrklandi eru \u00feegar farin a\u00f0 undirb\u00faa uppreisn en \u00fei\u00f0 g\u00e6tu\u00f0 \u00feurft \u00e1 vinveittum \u00fatlendingum a\u00f0 halda, fyrr en ykkur rennur \u00ed grun.<\/p>\n","protected":false},"excerpt":{"rendered":"<p>Originally published in English K\u00e6ru Erdo\u011fand\u00fdrkendur sem hafi\u00f0 sent m\u00e9r hatursp\u00f3sta Haldi\u00f0 \u00fei\u00f0 virkilega a\u00f0 \u00e9g s\u00e9 svo grunnhyggin a\u00f0 drullul\u00e9leg samklippt mynd af \u00edslenska f\u00e1nanum me\u00f0 sk\u00edtahaug geti komi\u00f0 m\u00e9r \u00ed upn\u00e1m? Sj\u00e1i\u00f0 til, \u00fea\u00f0 eru\u00f0 \u00fei\u00f0 vesalingar, sem &hellip; <a href=\"https:\/\/www.norn.is\/liljur-vallarins\/2018\/07\/08\/svar-mitt-vid-haturspostum-tyrkja\/\">Halda \u00e1fram a\u00f0 lesa <span class=\"meta-nav\">&rarr;<\/span><\/a><\/p>\n","protected":false},"author":2,"featured_media":0,"comment_status":"closed","ping_status":"closed","sticky":false,"template":"","format":"standard","meta":{"footnotes":"","_links_to":"","_links_to_target":""},"categories":[1,102],"tags":[101,109,108],"class_list":["post-2073","post","type-post","status-publish","format-standard","hentry","category-allt-efni","category-hvar-er-haukur","tag-erdogan","tag-tjaningarfrelsi","tag-tyrkland"],"yoast_head":"<!-- This site is optimized with the Yoast SEO plugin v27.5 - https:\/\/yoast.com\/product\/yoast-seo-wordpress\/ -->\n<title>Svar mitt vi\u00f0 hatursp\u00f3stum Tyrkja - Liljur vallarins<\/title>\n<meta name=\"robots\" content=\"index, follow, max-snippet:-1, max-image-preview:large, max-video-preview:-1\" \/>\n<link rel=\"canonical\" href=\"https:\/\/www.norn.is\/liljur-vallarins\/2018\/07\/08\/svar-mitt-vid-haturspostum-tyrkja\/\" \/>\n<meta property=\"og:locale\" content=\"is_IS\" \/>\n<meta property=\"og:type\" content=\"article\" \/>\n<meta property=\"og:title\" content=\"Svar mitt vi\u00f0 hatursp\u00f3stum Tyrkja - Liljur vallarins\" \/>\n<meta property=\"og:description\" content=\"Originally published in English K\u00e6ru Erdo\u011fand\u00fdrkendur sem hafi\u00f0 sent m\u00e9r hatursp\u00f3sta Haldi\u00f0 \u00fei\u00f0 virkilega a\u00f0 \u00e9g s\u00e9 svo grunnhyggin a\u00f0 drullul\u00e9leg samklippt mynd af \u00edslenska f\u00e1nanum me\u00f0 sk\u00edtahaug geti komi\u00f0 m\u00e9r \u00ed upn\u00e1m? Sj\u00e1i\u00f0 til, \u00fea\u00f0 eru\u00f0 \u00fei\u00f0 vesalingar, sem &hellip; Halda \u00e1fram a\u00f0 lesa &rarr;\" \/>\n<meta property=\"og:url\" content=\"https:\/\/www.norn.is\/liljur-vallarins\/2018\/07\/08\/svar-mitt-vid-haturspostum-tyrkja\/\" \/>\n<meta property=\"og:site_name\" content=\"Liljur vallarins\" \/>\n<meta property=\"article:published_time\" content=\"2018-07-08T10:08:19+00:00\" \/>\n<meta property=\"article:modified_time\" content=\"2018-07-12T10:12:31+00:00\" \/>\n<meta property=\"og:image\" content=\"http:\/\/www.norn.is\/liljur-vallarins\/wp-content\/uploads\/sites\/27\/2018\/07\/34468340_10155549060277963_5755666423326179328_n.jpg\" \/>\n<meta name=\"author\" content=\"Eva Hauksd\u00f3ttir\" \/>\n<meta name=\"twitter:card\" content=\"summary_large_image\" \/>\n<meta name=\"twitter:label1\" content=\"Written by\" \/>\n\t<meta name=\"twitter:data1\" content=\"\" \/>\n\t<meta name=\"twitter:label2\" content=\"Est. reading time\" \/>\n\t<meta name=\"twitter:data2\" content=\"6 minutes\" \/>\n<script type=\"application\/ld+json\" class=\"yoast-schema-graph\">{\"@context\":\"https:\\\/\\\/schema.org\",\"@graph\":[{\"@type\":\"Article\",\"@id\":\"https:\\\/\\\/www.norn.is\\\/liljur-vallarins\\\/2018\\\/07\\\/08\\\/svar-mitt-vid-haturspostum-tyrkja\\\/#article\",\"isPartOf\":{\"@id\":\"https:\\\/\\\/www.norn.is\\\/liljur-vallarins\\\/2018\\\/07\\\/08\\\/svar-mitt-vid-haturspostum-tyrkja\\\/\"},\"author\":{\"name\":\"Eva Hauksd\u00f3ttir\",\"@id\":\"https:\\\/\\\/www.norn.is\\\/liljur-vallarins\\\/#\\\/schema\\\/person\\\/2eb0fcae9e1ecc61987f7ed9c878531c\"},\"headline\":\"Svar mitt vi\u00f0 hatursp\u00f3stum Tyrkja\",\"datePublished\":\"2018-07-08T10:08:19+00:00\",\"dateModified\":\"2018-07-12T10:12:31+00:00\",\"mainEntityOfPage\":{\"@id\":\"https:\\\/\\\/www.norn.is\\\/liljur-vallarins\\\/2018\\\/07\\\/08\\\/svar-mitt-vid-haturspostum-tyrkja\\\/\"},\"wordCount\":1267,\"image\":{\"@id\":\"https:\\\/\\\/www.norn.is\\\/liljur-vallarins\\\/2018\\\/07\\\/08\\\/svar-mitt-vid-haturspostum-tyrkja\\\/#primaryimage\"},\"thumbnailUrl\":\"http:\\\/\\\/www.norn.is\\\/liljur-vallarins\\\/wp-content\\\/uploads\\\/sites\\\/27\\\/2018\\\/07\\\/34468340_10155549060277963_5755666423326179328_n.jpg\",\"keywords\":[\"Erdo\u011fan\",\"Tj\u00e1ningarfrelsi\",\"Tyrkland\"],\"articleSection\":[\"Allt efni\",\"Hvar er Haukur?\"],\"inLanguage\":\"is\"},{\"@type\":\"WebPage\",\"@id\":\"https:\\\/\\\/www.norn.is\\\/liljur-vallarins\\\/2018\\\/07\\\/08\\\/svar-mitt-vid-haturspostum-tyrkja\\\/\",\"url\":\"https:\\\/\\\/www.norn.is\\\/liljur-vallarins\\\/2018\\\/07\\\/08\\\/svar-mitt-vid-haturspostum-tyrkja\\\/\",\"name\":\"Svar mitt vi\u00f0 hatursp\u00f3stum Tyrkja - Liljur vallarins\",\"isPartOf\":{\"@id\":\"https:\\\/\\\/www.norn.is\\\/liljur-vallarins\\\/#website\"},\"primaryImageOfPage\":{\"@id\":\"https:\\\/\\\/www.norn.is\\\/liljur-vallarins\\\/2018\\\/07\\\/08\\\/svar-mitt-vid-haturspostum-tyrkja\\\/#primaryimage\"},\"image\":{\"@id\":\"https:\\\/\\\/www.norn.is\\\/liljur-vallarins\\\/2018\\\/07\\\/08\\\/svar-mitt-vid-haturspostum-tyrkja\\\/#primaryimage\"},\"thumbnailUrl\":\"http:\\\/\\\/www.norn.is\\\/liljur-vallarins\\\/wp-content\\\/uploads\\\/sites\\\/27\\\/2018\\\/07\\\/34468340_10155549060277963_5755666423326179328_n.jpg\",\"datePublished\":\"2018-07-08T10:08:19+00:00\",\"dateModified\":\"2018-07-12T10:12:31+00:00\",\"author\":{\"@id\":\"https:\\\/\\\/www.norn.is\\\/liljur-vallarins\\\/#\\\/schema\\\/person\\\/2eb0fcae9e1ecc61987f7ed9c878531c\"},\"breadcrumb\":{\"@id\":\"https:\\\/\\\/www.norn.is\\\/liljur-vallarins\\\/2018\\\/07\\\/08\\\/svar-mitt-vid-haturspostum-tyrkja\\\/#breadcrumb\"},\"inLanguage\":\"is\",\"potentialAction\":[{\"@type\":\"ReadAction\",\"target\":[\"https:\\\/\\\/www.norn.is\\\/liljur-vallarins\\\/2018\\\/07\\\/08\\\/svar-mitt-vid-haturspostum-tyrkja\\\/\"]}]},{\"@type\":\"ImageObject\",\"inLanguage\":\"is\",\"@id\":\"https:\\\/\\\/www.norn.is\\\/liljur-vallarins\\\/2018\\\/07\\\/08\\\/svar-mitt-vid-haturspostum-tyrkja\\\/#primaryimage\",\"url\":\"https:\\\/\\\/www.norn.is\\\/liljur-vallarins\\\/wp-content\\\/uploads\\\/sites\\\/27\\\/2018\\\/07\\\/34468340_10155549060277963_5755666423326179328_n.jpg\",\"contentUrl\":\"https:\\\/\\\/www.norn.is\\\/liljur-vallarins\\\/wp-content\\\/uploads\\\/sites\\\/27\\\/2018\\\/07\\\/34468340_10155549060277963_5755666423326179328_n.jpg\",\"width\":639,\"height\":503},{\"@type\":\"BreadcrumbList\",\"@id\":\"https:\\\/\\\/www.norn.is\\\/liljur-vallarins\\\/2018\\\/07\\\/08\\\/svar-mitt-vid-haturspostum-tyrkja\\\/#breadcrumb\",\"itemListElement\":[{\"@type\":\"ListItem\",\"position\":1,\"name\":\"Home\",\"item\":\"https:\\\/\\\/www.norn.is\\\/liljur-vallarins\\\/\"},{\"@type\":\"ListItem\",\"position\":2,\"name\":\"Svar mitt vi\u00f0 hatursp\u00f3stum Tyrkja\"}]},{\"@type\":\"WebSite\",\"@id\":\"https:\\\/\\\/www.norn.is\\\/liljur-vallarins\\\/#website\",\"url\":\"https:\\\/\\\/www.norn.is\\\/liljur-vallarins\\\/\",\"name\":\"Liljur vallarins\",\"description\":\"\",\"potentialAction\":[{\"@type\":\"SearchAction\",\"target\":{\"@type\":\"EntryPoint\",\"urlTemplate\":\"https:\\\/\\\/www.norn.is\\\/liljur-vallarins\\\/?s={search_term_string}\"},\"query-input\":{\"@type\":\"PropertyValueSpecification\",\"valueRequired\":true,\"valueName\":\"search_term_string\"}}],\"inLanguage\":\"is\"},{\"@type\":\"Person\",\"@id\":\"https:\\\/\\\/www.norn.is\\\/liljur-vallarins\\\/#\\\/schema\\\/person\\\/2eb0fcae9e1ecc61987f7ed9c878531c\",\"name\":\"Eva Hauksd\u00f3ttir\",\"sameAs\":[\"http:\\\/\\\/www.norn.is\"],\"url\":\"https:\\\/\\\/www.norn.is\\\/liljur-vallarins\\\/author\\\/eva\\\/\"}]}<\/script>\n<!-- \/ Yoast SEO plugin. -->","yoast_head_json":{"title":"Svar mitt vi\u00f0 hatursp\u00f3stum Tyrkja - Liljur vallarins","robots":{"index":"index","follow":"follow","max-snippet":"max-snippet:-1","max-image-preview":"max-image-preview:large","max-video-preview":"max-video-preview:-1"},"canonical":"https:\/\/www.norn.is\/liljur-vallarins\/2018\/07\/08\/svar-mitt-vid-haturspostum-tyrkja\/","og_locale":"is_IS","og_type":"article","og_title":"Svar mitt vi\u00f0 hatursp\u00f3stum Tyrkja - Liljur vallarins","og_description":"Originally published in English K\u00e6ru Erdo\u011fand\u00fdrkendur sem hafi\u00f0 sent m\u00e9r hatursp\u00f3sta Haldi\u00f0 \u00fei\u00f0 virkilega a\u00f0 \u00e9g s\u00e9 svo grunnhyggin a\u00f0 drullul\u00e9leg samklippt mynd af \u00edslenska f\u00e1nanum me\u00f0 sk\u00edtahaug geti komi\u00f0 m\u00e9r \u00ed upn\u00e1m? Sj\u00e1i\u00f0 til, \u00fea\u00f0 eru\u00f0 \u00fei\u00f0 vesalingar, sem &hellip; Halda \u00e1fram a\u00f0 lesa &rarr;","og_url":"https:\/\/www.norn.is\/liljur-vallarins\/2018\/07\/08\/svar-mitt-vid-haturspostum-tyrkja\/","og_site_name":"Liljur vallarins","article_published_time":"2018-07-08T10:08:19+00:00","article_modified_time":"2018-07-12T10:12:31+00:00","og_image":[{"url":"http:\/\/www.norn.is\/liljur-vallarins\/wp-content\/uploads\/sites\/27\/2018\/07\/34468340_10155549060277963_5755666423326179328_n.jpg","type":"","width":"","height":""}],"author":"Eva Hauksd\u00f3ttir","twitter_card":"summary_large_image","twitter_misc":{"Written by":false,"Est. reading time":"6 minutes"},"schema":{"@context":"https:\/\/schema.org","@graph":[{"@type":"Article","@id":"https:\/\/www.norn.is\/liljur-vallarins\/2018\/07\/08\/svar-mitt-vid-haturspostum-tyrkja\/#article","isPartOf":{"@id":"https:\/\/www.norn.is\/liljur-vallarins\/2018\/07\/08\/svar-mitt-vid-haturspostum-tyrkja\/"},"author":{"name":"Eva Hauksd\u00f3ttir","@id":"https:\/\/www.norn.is\/liljur-vallarins\/#\/schema\/person\/2eb0fcae9e1ecc61987f7ed9c878531c"},"headline":"Svar mitt vi\u00f0 hatursp\u00f3stum Tyrkja","datePublished":"2018-07-08T10:08:19+00:00","dateModified":"2018-07-12T10:12:31+00:00","mainEntityOfPage":{"@id":"https:\/\/www.norn.is\/liljur-vallarins\/2018\/07\/08\/svar-mitt-vid-haturspostum-tyrkja\/"},"wordCount":1267,"image":{"@id":"https:\/\/www.norn.is\/liljur-vallarins\/2018\/07\/08\/svar-mitt-vid-haturspostum-tyrkja\/#primaryimage"},"thumbnailUrl":"http:\/\/www.norn.is\/liljur-vallarins\/wp-content\/uploads\/sites\/27\/2018\/07\/34468340_10155549060277963_5755666423326179328_n.jpg","keywords":["Erdo\u011fan","Tj\u00e1ningarfrelsi","Tyrkland"],"articleSection":["Allt efni","Hvar er Haukur?"],"inLanguage":"is"},{"@type":"WebPage","@id":"https:\/\/www.norn.is\/liljur-vallarins\/2018\/07\/08\/svar-mitt-vid-haturspostum-tyrkja\/","url":"https:\/\/www.norn.is\/liljur-vallarins\/2018\/07\/08\/svar-mitt-vid-haturspostum-tyrkja\/","name":"Svar mitt vi\u00f0 hatursp\u00f3stum Tyrkja - Liljur vallarins","isPartOf":{"@id":"https:\/\/www.norn.is\/liljur-vallarins\/#website"},"primaryImageOfPage":{"@id":"https:\/\/www.norn.is\/liljur-vallarins\/2018\/07\/08\/svar-mitt-vid-haturspostum-tyrkja\/#primaryimage"},"image":{"@id":"https:\/\/www.norn.is\/liljur-vallarins\/2018\/07\/08\/svar-mitt-vid-haturspostum-tyrkja\/#primaryimage"},"thumbnailUrl":"http:\/\/www.norn.is\/liljur-vallarins\/wp-content\/uploads\/sites\/27\/2018\/07\/34468340_10155549060277963_5755666423326179328_n.jpg","datePublished":"2018-07-08T10:08:19+00:00","dateModified":"2018-07-12T10:12:31+00:00","author":{"@id":"https:\/\/www.norn.is\/liljur-vallarins\/#\/schema\/person\/2eb0fcae9e1ecc61987f7ed9c878531c"},"breadcrumb":{"@id":"https:\/\/www.norn.is\/liljur-vallarins\/2018\/07\/08\/svar-mitt-vid-haturspostum-tyrkja\/#breadcrumb"},"inLanguage":"is","potentialAction":[{"@type":"ReadAction","target":["https:\/\/www.norn.is\/liljur-vallarins\/2018\/07\/08\/svar-mitt-vid-haturspostum-tyrkja\/"]}]},{"@type":"ImageObject","inLanguage":"is","@id":"https:\/\/www.norn.is\/liljur-vallarins\/2018\/07\/08\/svar-mitt-vid-haturspostum-tyrkja\/#primaryimage","url":"https:\/\/www.norn.is\/liljur-vallarins\/wp-content\/uploads\/sites\/27\/2018\/07\/34468340_10155549060277963_5755666423326179328_n.jpg","contentUrl":"https:\/\/www.norn.is\/liljur-vallarins\/wp-content\/uploads\/sites\/27\/2018\/07\/34468340_10155549060277963_5755666423326179328_n.jpg","width":639,"height":503},{"@type":"BreadcrumbList","@id":"https:\/\/www.norn.is\/liljur-vallarins\/2018\/07\/08\/svar-mitt-vid-haturspostum-tyrkja\/#breadcrumb","itemListElement":[{"@type":"ListItem","position":1,"name":"Home","item":"https:\/\/www.norn.is\/liljur-vallarins\/"},{"@type":"ListItem","position":2,"name":"Svar mitt vi\u00f0 hatursp\u00f3stum Tyrkja"}]},{"@type":"WebSite","@id":"https:\/\/www.norn.is\/liljur-vallarins\/#website","url":"https:\/\/www.norn.is\/liljur-vallarins\/","name":"Liljur vallarins","description":"","potentialAction":[{"@type":"SearchAction","target":{"@type":"EntryPoint","urlTemplate":"https:\/\/www.norn.is\/liljur-vallarins\/?s={search_term_string}"},"query-input":{"@type":"PropertyValueSpecification","valueRequired":true,"valueName":"search_term_string"}}],"inLanguage":"is"},{"@type":"Person","@id":"https:\/\/www.norn.is\/liljur-vallarins\/#\/schema\/person\/2eb0fcae9e1ecc61987f7ed9c878531c","name":"Eva Hauksd\u00f3ttir","sameAs":["http:\/\/www.norn.is"],"url":"https:\/\/www.norn.is\/liljur-vallarins\/author\/eva\/"}]}},"_links":{"self":[{"href":"https:\/\/www.norn.is\/liljur-vallarins\/wp-json\/wp\/v2\/posts\/2073","targetHints":{"allow":["GET"]}}],"collection":[{"href":"https:\/\/www.norn.is\/liljur-vallarins\/wp-json\/wp\/v2\/posts"}],"about":[{"href":"https:\/\/www.norn.is\/liljur-vallarins\/wp-json\/wp\/v2\/types\/post"}],"author":[{"embeddable":true,"href":"https:\/\/www.norn.is\/liljur-vallarins\/wp-json\/wp\/v2\/users\/2"}],"replies":[{"embeddable":true,"href":"https:\/\/www.norn.is\/liljur-vallarins\/wp-json\/wp\/v2\/comments?post=2073"}],"version-history":[{"count":1,"href":"https:\/\/www.norn.is\/liljur-vallarins\/wp-json\/wp\/v2\/posts\/2073\/revisions"}],"predecessor-version":[{"id":2077,"href":"https:\/\/www.norn.is\/liljur-vallarins\/wp-json\/wp\/v2\/posts\/2073\/revisions\/2077"}],"wp:attachment":[{"href":"https:\/\/www.norn.is\/liljur-vallarins\/wp-json\/wp\/v2\/media?parent=2073"}],"wp:term":[{"taxonomy":"category","embeddable":true,"href":"https:\/\/www.norn.is\/liljur-vallarins\/wp-json\/wp\/v2\/categories?post=2073"},{"taxonomy":"post_tag","embeddable":true,"href":"https:\/\/www.norn.is\/liljur-vallarins\/wp-json\/wp\/v2\/tags?post=2073"}],"curies":[{"name":"wp","href":"https:\/\/api.w.org\/{rel}","templated":true}]}}