{"id":2040,"date":"2018-06-29T09:03:03","date_gmt":"2018-06-29T09:03:03","guid":{"rendered":"http:\/\/www.norn.is\/liljur-vallarins\/?p=2040"},"modified":"2019-05-02T06:30:29","modified_gmt":"2019-05-02T06:30:29","slug":"yfirlysing-vegna-fanabrennu","status":"publish","type":"post","link":"https:\/\/www.norn.is\/liljur-vallarins\/2018\/06\/29\/yfirlysing-vegna-fanabrennu\/","title":{"rendered":"Yfirl\u00fdsing vegna f\u00e1nabrennu"},"content":{"rendered":"<p><img loading=\"lazy\" decoding=\"async\" class=\"aligncenter size-full wp-image-2043\" src=\"http:\/\/www.norn.is\/liljur-vallarins\/wp-content\/uploads\/sites\/27\/2018\/06\/1.png\" alt=\"\" width=\"1423\" height=\"900\" srcset=\"https:\/\/www.norn.is\/liljur-vallarins\/wp-content\/uploads\/sites\/27\/2018\/06\/1.png 1423w, https:\/\/www.norn.is\/liljur-vallarins\/wp-content\/uploads\/sites\/27\/2018\/06\/1-300x190.png 300w, https:\/\/www.norn.is\/liljur-vallarins\/wp-content\/uploads\/sites\/27\/2018\/06\/1-768x486.png 768w, https:\/\/www.norn.is\/liljur-vallarins\/wp-content\/uploads\/sites\/27\/2018\/06\/1-1024x648.png 1024w, https:\/\/www.norn.is\/liljur-vallarins\/wp-content\/uploads\/sites\/27\/2018\/06\/1-474x300.png 474w\" sizes=\"auto, (max-width: 1423px) 100vw, 1423px\" \/>Kalla\u00f0 hefur veri\u00f0 eftir sk\u00fdringum \u00e1 \u00fev\u00ed tilt\u00e6ki a\u00f0 brenna tyrkneska f\u00e1nann framan vi\u00f0 Utanr\u00edkisr\u00e1\u00f0uneyti\u00f0 s\u00ed\u00f0asta mi\u00f0vikudag.<!--more--><\/p>\n<p><img loading=\"lazy\" decoding=\"async\" class=\"aligncenter size-full wp-image-2045\" src=\"http:\/\/www.norn.is\/liljur-vallarins\/wp-content\/uploads\/sites\/27\/2018\/06\/2.png\" alt=\"\" width=\"1907\" height=\"973\" srcset=\"https:\/\/www.norn.is\/liljur-vallarins\/wp-content\/uploads\/sites\/27\/2018\/06\/2.png 1907w, https:\/\/www.norn.is\/liljur-vallarins\/wp-content\/uploads\/sites\/27\/2018\/06\/2-300x153.png 300w, https:\/\/www.norn.is\/liljur-vallarins\/wp-content\/uploads\/sites\/27\/2018\/06\/2-768x392.png 768w, https:\/\/www.norn.is\/liljur-vallarins\/wp-content\/uploads\/sites\/27\/2018\/06\/2-1024x522.png 1024w, https:\/\/www.norn.is\/liljur-vallarins\/wp-content\/uploads\/sites\/27\/2018\/06\/2-500x255.png 500w\" sizes=\"auto, (max-width: 1907px) 100vw, 1907px\" \/>\u00cd fyrsta lagi er \u00e1st\u00e6\u00f0a a\u00f0 vekja athygli \u00e1 \u00fev\u00ed a\u00f0 \u00ed \u00edslenskum l\u00f6gum eru \u00e1kv\u00e6\u00f0i sem gera \u00fea\u00f0 refsivert a\u00f0 m\u00f3\u00f0ga \u00fej\u00f3\u00f0h\u00f6f\u00f0ingja og vanvir\u00f0a \u00fej\u00f3\u00f0f\u00e1na. \u00cd \u00f6\u00f0ru lagi er \u00e1st\u00e6\u00f0a til a\u00f0 beina sj\u00f3num a\u00f0 p\u00f3lit\u00edskum og vi\u00f0skiptalegum tengslum \u00cdslands og Tyrklands. \u00cd \u00feri\u00f0ja lagi bera tyrknesk yfirv\u00f6ld \u00e1byrg\u00f0 \u00e1 hvarfi e\u00f0a dau\u00f0a Hauks Hilmarssonar og yfirv\u00f6ld hafa ekki beitt neinum p\u00f3lit\u00edskum \u00fer\u00fdstingi til \u00feess a\u00f0 komast a\u00f0 afdrifum hans heldur koma \u00feau fram eins og tyrknesk stj\u00f3rnv\u00f6ld s\u00e9u einhverskonar samherjar okkar \u00ed leitinni a\u00f0 honum.<\/p>\n<p><img loading=\"lazy\" decoding=\"async\" class=\"aligncenter size-full wp-image-2046\" src=\"http:\/\/www.norn.is\/liljur-vallarins\/wp-content\/uploads\/sites\/27\/2018\/06\/3.png\" alt=\"\" width=\"1901\" height=\"975\" srcset=\"https:\/\/www.norn.is\/liljur-vallarins\/wp-content\/uploads\/sites\/27\/2018\/06\/3.png 1901w, https:\/\/www.norn.is\/liljur-vallarins\/wp-content\/uploads\/sites\/27\/2018\/06\/3-300x154.png 300w, https:\/\/www.norn.is\/liljur-vallarins\/wp-content\/uploads\/sites\/27\/2018\/06\/3-768x394.png 768w, https:\/\/www.norn.is\/liljur-vallarins\/wp-content\/uploads\/sites\/27\/2018\/06\/3-1024x525.png 1024w, https:\/\/www.norn.is\/liljur-vallarins\/wp-content\/uploads\/sites\/27\/2018\/06\/3-500x256.png 500w\" sizes=\"auto, (max-width: 1901px) 100vw, 1901px\" \/><\/p>\n<p>&nbsp;<\/p>\n<p>Daginn eftir a\u00f0 einhver h\u00e6ttulegasti fasisti veraldar f\u00e9kk alr\u00e6\u00f0isvald \u00ed heimar\u00edki s\u00ednu, undirrita\u00f0i \u00cdslenska r\u00edki\u00f0 vi\u00f0skiptasamning vi\u00f0 hi\u00f0 sama r\u00edki. Um er a\u00f0 r\u00e6\u00f0a r\u00edki sem ber \u00e1byrg\u00f0 \u00e1 str\u00ed\u00f0sgl\u00e6pum og margh\u00e1ttu\u00f0um mannr\u00e9ttindabrotum allt fr\u00e1 pyntingum til \u00feeirra mannr\u00e9ttindabrota sem felast \u00ed \u00fev\u00ed a\u00f0 leyna afdrifum Hauks Hilmarssonar fyrir fj\u00f6lskyldu hans. \u00deetta er \u00fev\u00ed tilvalinn timi til \u00feess a\u00f0 l\u00e1ta reyna \u00e1 \u00feessi m\u00f3\u00f0gunarl\u00f6g, sem ganga auglj\u00f3slega \u00ed berh\u00f6gg vi\u00f0 tj\u00e1ningarfrelsis\u00e1kv\u00e6\u00f0i stj\u00f3rnarskr\u00e1innar og Mannr\u00e9ttindas\u00e1ttm\u00e1la Evr\u00f3pu.<\/p>\n<p><a href=\"http:\/\/www.norn.is\/wp-content\/uploads\/2018\/06\/fani6.png\"><img loading=\"lazy\" decoding=\"async\" class=\"aligncenter size-full wp-image-2047\" src=\"http:\/\/www.norn.is\/liljur-vallarins\/wp-content\/uploads\/sites\/27\/2018\/06\/4.png\" alt=\"\" width=\"1897\" height=\"981\" srcset=\"https:\/\/www.norn.is\/liljur-vallarins\/wp-content\/uploads\/sites\/27\/2018\/06\/4.png 1897w, https:\/\/www.norn.is\/liljur-vallarins\/wp-content\/uploads\/sites\/27\/2018\/06\/4-300x155.png 300w, https:\/\/www.norn.is\/liljur-vallarins\/wp-content\/uploads\/sites\/27\/2018\/06\/4-768x397.png 768w, https:\/\/www.norn.is\/liljur-vallarins\/wp-content\/uploads\/sites\/27\/2018\/06\/4-1024x530.png 1024w, https:\/\/www.norn.is\/liljur-vallarins\/wp-content\/uploads\/sites\/27\/2018\/06\/4-500x259.png 500w\" sizes=\"auto, (max-width: 1897px) 100vw, 1897px\" \/> <img loading=\"lazy\" decoding=\"async\" class=\"aligncenter size-full wp-image-2048\" src=\"http:\/\/www.norn.is\/liljur-vallarins\/wp-content\/uploads\/sites\/27\/2018\/06\/5.png\" alt=\"\" width=\"1911\" height=\"991\" srcset=\"https:\/\/www.norn.is\/liljur-vallarins\/wp-content\/uploads\/sites\/27\/2018\/06\/5.png 1911w, https:\/\/www.norn.is\/liljur-vallarins\/wp-content\/uploads\/sites\/27\/2018\/06\/5-300x156.png 300w, https:\/\/www.norn.is\/liljur-vallarins\/wp-content\/uploads\/sites\/27\/2018\/06\/5-768x398.png 768w, https:\/\/www.norn.is\/liljur-vallarins\/wp-content\/uploads\/sites\/27\/2018\/06\/5-1024x531.png 1024w, https:\/\/www.norn.is\/liljur-vallarins\/wp-content\/uploads\/sites\/27\/2018\/06\/5-500x259.png 500w\" sizes=\"auto, (max-width: 1911px) 100vw, 1911px\" \/> <img loading=\"lazy\" decoding=\"async\" class=\"aligncenter size-full wp-image-2049\" src=\"http:\/\/www.norn.is\/liljur-vallarins\/wp-content\/uploads\/sites\/27\/2018\/06\/6.png\" alt=\"\" width=\"1913\" height=\"987\" srcset=\"https:\/\/www.norn.is\/liljur-vallarins\/wp-content\/uploads\/sites\/27\/2018\/06\/6.png 1913w, https:\/\/www.norn.is\/liljur-vallarins\/wp-content\/uploads\/sites\/27\/2018\/06\/6-300x155.png 300w, https:\/\/www.norn.is\/liljur-vallarins\/wp-content\/uploads\/sites\/27\/2018\/06\/6-768x396.png 768w, https:\/\/www.norn.is\/liljur-vallarins\/wp-content\/uploads\/sites\/27\/2018\/06\/6-1024x528.png 1024w, https:\/\/www.norn.is\/liljur-vallarins\/wp-content\/uploads\/sites\/27\/2018\/06\/6-500x258.png 500w\" sizes=\"auto, (max-width: 1913px) 100vw, 1913px\" \/><\/a><\/p>\n","protected":false},"excerpt":{"rendered":"<p>Kalla\u00f0 hefur veri\u00f0 eftir sk\u00fdringum \u00e1 \u00fev\u00ed tilt\u00e6ki a\u00f0 brenna tyrkneska f\u00e1nann framan vi\u00f0 Utanr\u00edkisr\u00e1\u00f0uneyti\u00f0 s\u00ed\u00f0asta mi\u00f0vikudag.<\/p>\n","protected":false},"author":2,"featured_media":0,"comment_status":"closed","ping_status":"closed","sticky":false,"template":"","format":"standard","meta":{"footnotes":"","_links_to":"","_links_to_target":""},"categories":[1,102],"tags":[101,134],"class_list":["post-2040","post","type-post","status-publish","format-standard","hentry","category-allt-efni","category-hvar-er-haukur","tag-erdogan","tag-fjolskyldan"],"yoast_head":"<!-- This site is optimized with the Yoast SEO plugin v27.5 - https:\/\/yoast.com\/product\/yoast-seo-wordpress\/ -->\n<title>Yfirl\u00fdsing vegna f\u00e1nabrennu - Liljur vallarins<\/title>\n<meta name=\"robots\" content=\"index, follow, max-snippet:-1, max-image-preview:large, max-video-preview:-1\" \/>\n<link rel=\"canonical\" href=\"https:\/\/www.norn.is\/liljur-vallarins\/2018\/06\/29\/yfirlysing-vegna-fanabrennu\/\" \/>\n<meta property=\"og:locale\" content=\"is_IS\" \/>\n<meta property=\"og:type\" content=\"article\" \/>\n<meta property=\"og:title\" content=\"Yfirl\u00fdsing vegna f\u00e1nabrennu - Liljur vallarins\" \/>\n<meta property=\"og:description\" content=\"Kalla\u00f0 hefur veri\u00f0 eftir sk\u00fdringum \u00e1 \u00fev\u00ed tilt\u00e6ki a\u00f0 brenna tyrkneska f\u00e1nann framan vi\u00f0 Utanr\u00edkisr\u00e1\u00f0uneyti\u00f0 s\u00ed\u00f0asta mi\u00f0vikudag.\" \/>\n<meta property=\"og:url\" content=\"https:\/\/www.norn.is\/liljur-vallarins\/2018\/06\/29\/yfirlysing-vegna-fanabrennu\/\" \/>\n<meta property=\"og:site_name\" content=\"Liljur vallarins\" \/>\n<meta property=\"article:published_time\" content=\"2018-06-29T09:03:03+00:00\" \/>\n<meta property=\"article:modified_time\" content=\"2019-05-02T06:30:29+00:00\" \/>\n<meta property=\"og:image\" content=\"http:\/\/www.norn.is\/liljur-vallarins\/wp-content\/uploads\/sites\/27\/2018\/06\/1.png\" \/>\n<meta name=\"author\" content=\"Eva Hauksd\u00f3ttir\" \/>\n<meta name=\"twitter:card\" content=\"summary_large_image\" \/>\n<meta name=\"twitter:label1\" content=\"Written by\" \/>\n\t<meta name=\"twitter:data1\" content=\"\" \/>\n\t<meta name=\"twitter:label2\" content=\"Est. reading time\" \/>\n\t<meta name=\"twitter:data2\" content=\"1 minute\" \/>\n<script type=\"application\/ld+json\" class=\"yoast-schema-graph\">{\"@context\":\"https:\\\/\\\/schema.org\",\"@graph\":[{\"@type\":\"Article\",\"@id\":\"https:\\\/\\\/www.norn.is\\\/liljur-vallarins\\\/2018\\\/06\\\/29\\\/yfirlysing-vegna-fanabrennu\\\/#article\",\"isPartOf\":{\"@id\":\"https:\\\/\\\/www.norn.is\\\/liljur-vallarins\\\/2018\\\/06\\\/29\\\/yfirlysing-vegna-fanabrennu\\\/\"},\"author\":{\"name\":\"Eva Hauksd\u00f3ttir\",\"@id\":\"https:\\\/\\\/www.norn.is\\\/liljur-vallarins\\\/#\\\/schema\\\/person\\\/2eb0fcae9e1ecc61987f7ed9c878531c\"},\"headline\":\"Yfirl\u00fdsing vegna f\u00e1nabrennu\",\"datePublished\":\"2018-06-29T09:03:03+00:00\",\"dateModified\":\"2019-05-02T06:30:29+00:00\",\"mainEntityOfPage\":{\"@id\":\"https:\\\/\\\/www.norn.is\\\/liljur-vallarins\\\/2018\\\/06\\\/29\\\/yfirlysing-vegna-fanabrennu\\\/\"},\"wordCount\":237,\"image\":{\"@id\":\"https:\\\/\\\/www.norn.is\\\/liljur-vallarins\\\/2018\\\/06\\\/29\\\/yfirlysing-vegna-fanabrennu\\\/#primaryimage\"},\"thumbnailUrl\":\"http:\\\/\\\/www.norn.is\\\/liljur-vallarins\\\/wp-content\\\/uploads\\\/sites\\\/27\\\/2018\\\/06\\\/1.png\",\"keywords\":[\"Erdo\u011fan\",\"fj\u00f6lskyldan\"],\"articleSection\":[\"Allt efni\",\"Hvar er Haukur?\"],\"inLanguage\":\"is\"},{\"@type\":\"WebPage\",\"@id\":\"https:\\\/\\\/www.norn.is\\\/liljur-vallarins\\\/2018\\\/06\\\/29\\\/yfirlysing-vegna-fanabrennu\\\/\",\"url\":\"https:\\\/\\\/www.norn.is\\\/liljur-vallarins\\\/2018\\\/06\\\/29\\\/yfirlysing-vegna-fanabrennu\\\/\",\"name\":\"Yfirl\u00fdsing vegna f\u00e1nabrennu - Liljur vallarins\",\"isPartOf\":{\"@id\":\"https:\\\/\\\/www.norn.is\\\/liljur-vallarins\\\/#website\"},\"primaryImageOfPage\":{\"@id\":\"https:\\\/\\\/www.norn.is\\\/liljur-vallarins\\\/2018\\\/06\\\/29\\\/yfirlysing-vegna-fanabrennu\\\/#primaryimage\"},\"image\":{\"@id\":\"https:\\\/\\\/www.norn.is\\\/liljur-vallarins\\\/2018\\\/06\\\/29\\\/yfirlysing-vegna-fanabrennu\\\/#primaryimage\"},\"thumbnailUrl\":\"http:\\\/\\\/www.norn.is\\\/liljur-vallarins\\\/wp-content\\\/uploads\\\/sites\\\/27\\\/2018\\\/06\\\/1.png\",\"datePublished\":\"2018-06-29T09:03:03+00:00\",\"dateModified\":\"2019-05-02T06:30:29+00:00\",\"author\":{\"@id\":\"https:\\\/\\\/www.norn.is\\\/liljur-vallarins\\\/#\\\/schema\\\/person\\\/2eb0fcae9e1ecc61987f7ed9c878531c\"},\"breadcrumb\":{\"@id\":\"https:\\\/\\\/www.norn.is\\\/liljur-vallarins\\\/2018\\\/06\\\/29\\\/yfirlysing-vegna-fanabrennu\\\/#breadcrumb\"},\"inLanguage\":\"is\",\"potentialAction\":[{\"@type\":\"ReadAction\",\"target\":[\"https:\\\/\\\/www.norn.is\\\/liljur-vallarins\\\/2018\\\/06\\\/29\\\/yfirlysing-vegna-fanabrennu\\\/\"]}]},{\"@type\":\"ImageObject\",\"inLanguage\":\"is\",\"@id\":\"https:\\\/\\\/www.norn.is\\\/liljur-vallarins\\\/2018\\\/06\\\/29\\\/yfirlysing-vegna-fanabrennu\\\/#primaryimage\",\"url\":\"https:\\\/\\\/www.norn.is\\\/liljur-vallarins\\\/wp-content\\\/uploads\\\/sites\\\/27\\\/2018\\\/06\\\/1.png\",\"contentUrl\":\"https:\\\/\\\/www.norn.is\\\/liljur-vallarins\\\/wp-content\\\/uploads\\\/sites\\\/27\\\/2018\\\/06\\\/1.png\",\"width\":1423,\"height\":900},{\"@type\":\"BreadcrumbList\",\"@id\":\"https:\\\/\\\/www.norn.is\\\/liljur-vallarins\\\/2018\\\/06\\\/29\\\/yfirlysing-vegna-fanabrennu\\\/#breadcrumb\",\"itemListElement\":[{\"@type\":\"ListItem\",\"position\":1,\"name\":\"Home\",\"item\":\"https:\\\/\\\/www.norn.is\\\/liljur-vallarins\\\/\"},{\"@type\":\"ListItem\",\"position\":2,\"name\":\"Yfirl\u00fdsing vegna f\u00e1nabrennu\"}]},{\"@type\":\"WebSite\",\"@id\":\"https:\\\/\\\/www.norn.is\\\/liljur-vallarins\\\/#website\",\"url\":\"https:\\\/\\\/www.norn.is\\\/liljur-vallarins\\\/\",\"name\":\"Liljur vallarins\",\"description\":\"\",\"potentialAction\":[{\"@type\":\"SearchAction\",\"target\":{\"@type\":\"EntryPoint\",\"urlTemplate\":\"https:\\\/\\\/www.norn.is\\\/liljur-vallarins\\\/?s={search_term_string}\"},\"query-input\":{\"@type\":\"PropertyValueSpecification\",\"valueRequired\":true,\"valueName\":\"search_term_string\"}}],\"inLanguage\":\"is\"},{\"@type\":\"Person\",\"@id\":\"https:\\\/\\\/www.norn.is\\\/liljur-vallarins\\\/#\\\/schema\\\/person\\\/2eb0fcae9e1ecc61987f7ed9c878531c\",\"name\":\"Eva Hauksd\u00f3ttir\",\"sameAs\":[\"http:\\\/\\\/www.norn.is\"],\"url\":\"https:\\\/\\\/www.norn.is\\\/liljur-vallarins\\\/author\\\/eva\\\/\"}]}<\/script>\n<!-- \/ Yoast SEO plugin. -->","yoast_head_json":{"title":"Yfirl\u00fdsing vegna f\u00e1nabrennu - Liljur vallarins","robots":{"index":"index","follow":"follow","max-snippet":"max-snippet:-1","max-image-preview":"max-image-preview:large","max-video-preview":"max-video-preview:-1"},"canonical":"https:\/\/www.norn.is\/liljur-vallarins\/2018\/06\/29\/yfirlysing-vegna-fanabrennu\/","og_locale":"is_IS","og_type":"article","og_title":"Yfirl\u00fdsing vegna f\u00e1nabrennu - Liljur vallarins","og_description":"Kalla\u00f0 hefur veri\u00f0 eftir sk\u00fdringum \u00e1 \u00fev\u00ed tilt\u00e6ki a\u00f0 brenna tyrkneska f\u00e1nann framan vi\u00f0 Utanr\u00edkisr\u00e1\u00f0uneyti\u00f0 s\u00ed\u00f0asta mi\u00f0vikudag.","og_url":"https:\/\/www.norn.is\/liljur-vallarins\/2018\/06\/29\/yfirlysing-vegna-fanabrennu\/","og_site_name":"Liljur vallarins","article_published_time":"2018-06-29T09:03:03+00:00","article_modified_time":"2019-05-02T06:30:29+00:00","og_image":[{"url":"http:\/\/www.norn.is\/liljur-vallarins\/wp-content\/uploads\/sites\/27\/2018\/06\/1.png","type":"","width":"","height":""}],"author":"Eva Hauksd\u00f3ttir","twitter_card":"summary_large_image","twitter_misc":{"Written by":false,"Est. reading time":"1 minute"},"schema":{"@context":"https:\/\/schema.org","@graph":[{"@type":"Article","@id":"https:\/\/www.norn.is\/liljur-vallarins\/2018\/06\/29\/yfirlysing-vegna-fanabrennu\/#article","isPartOf":{"@id":"https:\/\/www.norn.is\/liljur-vallarins\/2018\/06\/29\/yfirlysing-vegna-fanabrennu\/"},"author":{"name":"Eva Hauksd\u00f3ttir","@id":"https:\/\/www.norn.is\/liljur-vallarins\/#\/schema\/person\/2eb0fcae9e1ecc61987f7ed9c878531c"},"headline":"Yfirl\u00fdsing vegna f\u00e1nabrennu","datePublished":"2018-06-29T09:03:03+00:00","dateModified":"2019-05-02T06:30:29+00:00","mainEntityOfPage":{"@id":"https:\/\/www.norn.is\/liljur-vallarins\/2018\/06\/29\/yfirlysing-vegna-fanabrennu\/"},"wordCount":237,"image":{"@id":"https:\/\/www.norn.is\/liljur-vallarins\/2018\/06\/29\/yfirlysing-vegna-fanabrennu\/#primaryimage"},"thumbnailUrl":"http:\/\/www.norn.is\/liljur-vallarins\/wp-content\/uploads\/sites\/27\/2018\/06\/1.png","keywords":["Erdo\u011fan","fj\u00f6lskyldan"],"articleSection":["Allt efni","Hvar er Haukur?"],"inLanguage":"is"},{"@type":"WebPage","@id":"https:\/\/www.norn.is\/liljur-vallarins\/2018\/06\/29\/yfirlysing-vegna-fanabrennu\/","url":"https:\/\/www.norn.is\/liljur-vallarins\/2018\/06\/29\/yfirlysing-vegna-fanabrennu\/","name":"Yfirl\u00fdsing vegna f\u00e1nabrennu - Liljur vallarins","isPartOf":{"@id":"https:\/\/www.norn.is\/liljur-vallarins\/#website"},"primaryImageOfPage":{"@id":"https:\/\/www.norn.is\/liljur-vallarins\/2018\/06\/29\/yfirlysing-vegna-fanabrennu\/#primaryimage"},"image":{"@id":"https:\/\/www.norn.is\/liljur-vallarins\/2018\/06\/29\/yfirlysing-vegna-fanabrennu\/#primaryimage"},"thumbnailUrl":"http:\/\/www.norn.is\/liljur-vallarins\/wp-content\/uploads\/sites\/27\/2018\/06\/1.png","datePublished":"2018-06-29T09:03:03+00:00","dateModified":"2019-05-02T06:30:29+00:00","author":{"@id":"https:\/\/www.norn.is\/liljur-vallarins\/#\/schema\/person\/2eb0fcae9e1ecc61987f7ed9c878531c"},"breadcrumb":{"@id":"https:\/\/www.norn.is\/liljur-vallarins\/2018\/06\/29\/yfirlysing-vegna-fanabrennu\/#breadcrumb"},"inLanguage":"is","potentialAction":[{"@type":"ReadAction","target":["https:\/\/www.norn.is\/liljur-vallarins\/2018\/06\/29\/yfirlysing-vegna-fanabrennu\/"]}]},{"@type":"ImageObject","inLanguage":"is","@id":"https:\/\/www.norn.is\/liljur-vallarins\/2018\/06\/29\/yfirlysing-vegna-fanabrennu\/#primaryimage","url":"https:\/\/www.norn.is\/liljur-vallarins\/wp-content\/uploads\/sites\/27\/2018\/06\/1.png","contentUrl":"https:\/\/www.norn.is\/liljur-vallarins\/wp-content\/uploads\/sites\/27\/2018\/06\/1.png","width":1423,"height":900},{"@type":"BreadcrumbList","@id":"https:\/\/www.norn.is\/liljur-vallarins\/2018\/06\/29\/yfirlysing-vegna-fanabrennu\/#breadcrumb","itemListElement":[{"@type":"ListItem","position":1,"name":"Home","item":"https:\/\/www.norn.is\/liljur-vallarins\/"},{"@type":"ListItem","position":2,"name":"Yfirl\u00fdsing vegna f\u00e1nabrennu"}]},{"@type":"WebSite","@id":"https:\/\/www.norn.is\/liljur-vallarins\/#website","url":"https:\/\/www.norn.is\/liljur-vallarins\/","name":"Liljur vallarins","description":"","potentialAction":[{"@type":"SearchAction","target":{"@type":"EntryPoint","urlTemplate":"https:\/\/www.norn.is\/liljur-vallarins\/?s={search_term_string}"},"query-input":{"@type":"PropertyValueSpecification","valueRequired":true,"valueName":"search_term_string"}}],"inLanguage":"is"},{"@type":"Person","@id":"https:\/\/www.norn.is\/liljur-vallarins\/#\/schema\/person\/2eb0fcae9e1ecc61987f7ed9c878531c","name":"Eva Hauksd\u00f3ttir","sameAs":["http:\/\/www.norn.is"],"url":"https:\/\/www.norn.is\/liljur-vallarins\/author\/eva\/"}]}},"_links":{"self":[{"href":"https:\/\/www.norn.is\/liljur-vallarins\/wp-json\/wp\/v2\/posts\/2040","targetHints":{"allow":["GET"]}}],"collection":[{"href":"https:\/\/www.norn.is\/liljur-vallarins\/wp-json\/wp\/v2\/posts"}],"about":[{"href":"https:\/\/www.norn.is\/liljur-vallarins\/wp-json\/wp\/v2\/types\/post"}],"author":[{"embeddable":true,"href":"https:\/\/www.norn.is\/liljur-vallarins\/wp-json\/wp\/v2\/users\/2"}],"replies":[{"embeddable":true,"href":"https:\/\/www.norn.is\/liljur-vallarins\/wp-json\/wp\/v2\/comments?post=2040"}],"version-history":[{"count":4,"href":"https:\/\/www.norn.is\/liljur-vallarins\/wp-json\/wp\/v2\/posts\/2040\/revisions"}],"predecessor-version":[{"id":2052,"href":"https:\/\/www.norn.is\/liljur-vallarins\/wp-json\/wp\/v2\/posts\/2040\/revisions\/2052"}],"wp:attachment":[{"href":"https:\/\/www.norn.is\/liljur-vallarins\/wp-json\/wp\/v2\/media?parent=2040"}],"wp:term":[{"taxonomy":"category","embeddable":true,"href":"https:\/\/www.norn.is\/liljur-vallarins\/wp-json\/wp\/v2\/categories?post=2040"},{"taxonomy":"post_tag","embeddable":true,"href":"https:\/\/www.norn.is\/liljur-vallarins\/wp-json\/wp\/v2\/tags?post=2040"}],"curies":[{"name":"wp","href":"https:\/\/api.w.org\/{rel}","templated":true}]}}