{"id":1551,"date":"2013-04-03T20:15:53","date_gmt":"2013-04-03T20:15:53","guid":{"rendered":"http:\/\/www.norn.is\/liljur-vallarins\/?p=1551"},"modified":"2019-05-19T21:31:03","modified_gmt":"2019-05-19T21:31:03","slug":"vestraen-klaedi","status":"publish","type":"post","link":"https:\/\/www.norn.is\/liljur-vallarins\/2013\/04\/03\/vestraen-klaedi\/","title":{"rendered":"Vestr\u00e6n kl\u00e6\u00f0i"},"content":{"rendered":"<p><img loading=\"lazy\" decoding=\"async\" class=\"alignleft size-full wp-image-1548\" src=\"http:\/\/www.norn.is\/liljur-vallarins\/wp-content\/uploads\/sites\/27\/2018\/02\/kamp4-1024x580.jpeg\" alt=\"\" width=\"1024\" height=\"580\" srcset=\"https:\/\/www.norn.is\/liljur-vallarins\/wp-content\/uploads\/sites\/27\/2018\/02\/kamp4-1024x580.jpeg 1024w, https:\/\/www.norn.is\/liljur-vallarins\/wp-content\/uploads\/sites\/27\/2018\/02\/kamp4-1024x580-300x170.jpeg 300w, https:\/\/www.norn.is\/liljur-vallarins\/wp-content\/uploads\/sites\/27\/2018\/02\/kamp4-1024x580-768x435.jpeg 768w, https:\/\/www.norn.is\/liljur-vallarins\/wp-content\/uploads\/sites\/27\/2018\/02\/kamp4-1024x580-500x283.jpeg 500w\" sizes=\"auto, (max-width: 1024px) 100vw, 1024px\" \/>Svo margt sem vekur athygli okkar \u00feennan fyrsta dag okkar \u00ed Kampala. Karlar flytja \u00f3tr\u00falegustu byr\u00f0ar \u00e1 rei\u00f0hj\u00f3lum og v\u00e9lhj\u00f3lum. Konur bera st\u00f3rar \u00e1vaxtak\u00f6rfur \u00e1 h\u00f6f\u00f0inu. B\u00f6rn leika s\u00e9r a\u00f0 \u00f3n\u00fdtum rei\u00f0hj\u00f3ladekkjum \u00ed drullunni en h\u00e9r er l\u00edti\u00f0 um malbik e\u00f0a steypar gangst\u00e9ttar og fl\u00edsar, allssta\u00f0ar \u00feessi rau\u00f0i, f\u00ednger\u00f0i leir sem ver\u00f0ur a\u00f0 le\u00f0ju \u00ed rigningu.<!--more--><\/p>\n<p>\u00dea\u00f0 sem kemur okkur \u00fe\u00f3 mest \u00e1 \u00f3vart er tvennt: Annarsvegar \u00fea\u00f0 a\u00f0 a\u00f0 \u00fer\u00e1tt fyrir alla drulluna og \u00fer\u00e1tt fyrir a\u00f0 vi\u00f0 vitum a\u00f0 margir hafi ekki a\u00f0gang a\u00f0 rafmagni og \u00fev\u00ed s\u00ed\u00f0ur \u00fevottav\u00e9l, vir\u00f0ast allir svo hreinlega til fara. Hvernig \u00ed \u00f3sk\u00f6punum tekst f\u00f3lki a\u00f0 halda s\u00e9r hreinu vi\u00f0 \u00feessar a\u00f0st\u00e6\u00f0ur? Hinsvegar kemur okkur \u00fea\u00f0 verulega \u00e1 \u00f3vart a\u00f0 \u00fer\u00e1tt fyrir f\u00e1t\u00e6ktina sj\u00e1um varla nokkra hr\u00e6\u00f0u \u00ed afr\u00edskum fatna\u00f0i. H\u00e9r eru allir kl\u00e6ddir a\u00f0 vestr\u00e6num si\u00f0, b\u00e6\u00f0i konur og karlar og einnig \u00feau b\u00f6rn sem \u00e1 anna\u00f0 bor\u00f0 eru \u00ed f\u00f6tum.<\/p>\n<p><img loading=\"lazy\" decoding=\"async\" class=\"aligncenter size-full wp-image-1552\" src=\"http:\/\/www.norn.is\/liljur-vallarins\/wp-content\/uploads\/sites\/27\/2018\/02\/vestr1.jpg\" alt=\"\" width=\"1024\" height=\"768\" srcset=\"https:\/\/www.norn.is\/liljur-vallarins\/wp-content\/uploads\/sites\/27\/2018\/02\/vestr1.jpg 1024w, https:\/\/www.norn.is\/liljur-vallarins\/wp-content\/uploads\/sites\/27\/2018\/02\/vestr1-300x225.jpg 300w, https:\/\/www.norn.is\/liljur-vallarins\/wp-content\/uploads\/sites\/27\/2018\/02\/vestr1-768x576.jpg 768w, https:\/\/www.norn.is\/liljur-vallarins\/wp-content\/uploads\/sites\/27\/2018\/02\/vestr1-400x300.jpg 400w\" sizes=\"auto, (max-width: 1024px) 100vw, 1024px\" \/><\/p>\n<p style=\"text-align: center;\"><strong>\u00deessi hreinu og snyrtilegu b\u00f6rn<\/strong><\/p>\n<p><img loading=\"lazy\" decoding=\"async\" class=\"aligncenter size-full wp-image-1553\" src=\"http:\/\/www.norn.is\/liljur-vallarins\/wp-content\/uploads\/sites\/27\/2018\/02\/vestr2.jpg\" alt=\"\" width=\"1024\" height=\"768\" srcset=\"https:\/\/www.norn.is\/liljur-vallarins\/wp-content\/uploads\/sites\/27\/2018\/02\/vestr2.jpg 1024w, https:\/\/www.norn.is\/liljur-vallarins\/wp-content\/uploads\/sites\/27\/2018\/02\/vestr2-300x225.jpg 300w, https:\/\/www.norn.is\/liljur-vallarins\/wp-content\/uploads\/sites\/27\/2018\/02\/vestr2-768x576.jpg 768w, https:\/\/www.norn.is\/liljur-vallarins\/wp-content\/uploads\/sites\/27\/2018\/02\/vestr2-400x300.jpg 400w\" sizes=\"auto, (max-width: 1024px) 100vw, 1024px\" \/><\/p>\n<p style=\"text-align: center;\"><strong>b\u00faa h\u00e9r<\/strong><\/p>\n<p>Eins og svo margar a\u00f0rar \u00feversagnir \u00daganda sk\u00fdrist kl\u00e6\u00f0abur\u00f0urinn a\u00f0 nokkru leyti af vestr\u00e6num kap\u00edtalisma. Vestr\u00e6n fyrirt\u00e6ki hasla s\u00e9r v\u00f6ll \u00ed \u00feri\u00f0ja heiminum. R\u00e1\u00f0a \u00f3d\u00fdrt vinnuafl til a\u00f0 fj\u00f6ldaframlei\u00f0a fatna\u00f0 (gjarnan \u00far b\u00f3mull sem \u00fer\u00e6lar hafa t\u00ednt) fyrir Vesturl\u00f6nd. Vi\u00f0 kaupum svo 10 sinnum fleiri fl\u00edkur en vi\u00f0 komumst yfir a\u00f0 nota og samt sem \u00e1\u00f0ur sitja framlei\u00f0endur og verslanir uppi me\u00f0 miklar birg\u00f0ir af \u00f3seljanlegum fatna\u00f0i og annarri vefna\u00f0arv\u00f6ru. Umframbirg\u00f0ir eru sendar til Afr\u00edku auk \u00f3endanlegs magns af notu\u00f0um fatna\u00f0i sem vi\u00f0 losum okkur vi\u00f0 af \u00fev\u00ed a\u00f0 vi\u00f0 nennum ekki a\u00f0 gera vi\u00f0 saumsprettu e\u00f0a festa t\u00f6lu. N\u00fa e\u00f0a bara af \u00fev\u00ed a\u00f0 fl\u00edkin er ekki lengur \u00ed t\u00edsku. Hj\u00e1lpin kemur s\u00e9r vel. F\u00e1t\u00e6klingar f\u00e1 fatna\u00f0 og geta jafnvel opna\u00f0 eigin verslanir. En \u00feessi g\u00f3\u00f0mennska okkar hefur samt sem \u00e1\u00f0ur \u00f3\u00e6skilega aukaverkun. Hj\u00e1lparstarf hefur n\u00e1nast gengi\u00f0 af innlendum fatai\u00f0na\u00f0i dau\u00f0um. N\u00fdr fj\u00f6ldaframleiddur kj\u00f3ll \u00far d\u00fdrustu t\u00faristab\u00fa\u00f0 kostar a\u00f0eins \u00feri\u00f0jung af \u00fev\u00ed sem kl\u00e6\u00f0skerinn \u00fearf a\u00f0 taka til a\u00f0 standa undir s\u00e9r.<\/p>\n<p>F\u00e1t\u00e6klingar \u00feurfa fatna\u00f0 en \u00fea\u00f0 s\u00ed\u00f0asta sem \u00daganda \u00fearf er atvinnuleysi heillar st\u00e9ttar og \u00fea\u00f0 \u00e1 vi\u00f0 um fleiri Afr\u00edkur\u00edki. \u00c9g hef velt \u00fev\u00ed fyrir m\u00e9r hvort v\u00e6ri kannski r\u00e9ttast a\u00f0 leggja \u00fer\u00f3unarhj\u00e1lp ni\u00f0ur og l\u00e1ta Afr\u00edku bara \u00ed fri\u00f0i. Lei\u00f0togar Afr\u00edkur\u00edkja hafa haldi\u00f0 \u00fev\u00ed fram a\u00f0 ef Vesturl\u00f6nd borgu\u00f0u sanngjarnt gjald fyrir a\u00f0gang a\u00f0 au\u00f0lindum, og g\u00e6fu \u00feri\u00f0ja heims l\u00f6ndum a\u00f0gang a\u00f0 m\u00f6rku\u00f0um, g\u00e6tu \u00feeir r\u00e1\u00f0i\u00f0 vi\u00f0 s\u00ednar \u00fer\u00f3unar\u00e1\u00e6tlanir \u00e1 eigin sp\u00fdtur. \u00c9g held a\u00f0 \u00fea\u00f0 s\u00e9 r\u00e9tt hj\u00e1 \u00feeim; \u00feeir g\u00e6tu vel r\u00e1\u00f0i\u00f0 vi\u00f0 \u00fea\u00f0. Hvort lei\u00f0togar Afr\u00edku myndu skyndilega afspillast og taka upp s\u00e9rstaka umhyggju fyrir s\u00ednum minnstu br\u00e6\u00f0rum, \u00fea\u00f0 efast \u00e9g aftur \u00e1 m\u00f3ti um. En \u00e1 hinn b\u00f3ginn efast \u00e9g l\u00edka um a\u00f0 allt \u00feetta f\u00f3lk, sem sv\u00ed\u00f0ur \u00ed n\u00edskup\u00fakann vegna \u00feeirra sm\u00e1aura sem vi\u00f0 verjum til ney\u00f0arhj\u00e1lpar og \u00fer\u00f3unarsamvinnu, v\u00e6ri tilb\u00fai\u00f0 til a\u00f0 afsala s\u00e9r \u00feeim g\u00e6\u00f0um sem \u00f3d\u00fdrt vinnuafl og au\u00f0lindar\u00e1nyrkja Vesturlanda hefur f\u00e6rt okkur.<\/p>\n","protected":false},"excerpt":{"rendered":"<p>Svo margt sem vekur athygli okkar \u00feennan fyrsta dag okkar \u00ed Kampala. Karlar flytja \u00f3tr\u00falegustu byr\u00f0ar \u00e1 rei\u00f0hj\u00f3lum og v\u00e9lhj\u00f3lum. Konur bera st\u00f3rar \u00e1vaxtak\u00f6rfur \u00e1 h\u00f6f\u00f0inu. B\u00f6rn leika s\u00e9r a\u00f0 \u00f3n\u00fdtum rei\u00f0hj\u00f3ladekkjum \u00ed drullunni en h\u00e9r er l\u00edti\u00f0 um malbik &hellip; <a href=\"https:\/\/www.norn.is\/liljur-vallarins\/2013\/04\/03\/vestraen-klaedi\/\">Halda \u00e1fram a\u00f0 lesa <span class=\"meta-nav\">&rarr;<\/span><\/a><\/p>\n","protected":false},"author":2,"featured_media":0,"comment_status":"closed","ping_status":"closed","sticky":false,"template":"","format":"standard","meta":{"footnotes":"","_links_to":"","_links_to_target":""},"categories":[1,139],"tags":[132,133],"class_list":["post-1551","post","type-post","status-publish","format-standard","hentry","category-allt-efni","category-uganda","tag-ferdalog","tag-menning"],"yoast_head":"<!-- This site is optimized with the Yoast SEO plugin v27.4 - https:\/\/yoast.com\/product\/yoast-seo-wordpress\/ -->\n<title>Vestr\u00e6n kl\u00e6\u00f0i - Liljur vallarins<\/title>\n<meta name=\"robots\" content=\"index, follow, max-snippet:-1, max-image-preview:large, max-video-preview:-1\" \/>\n<link rel=\"canonical\" href=\"https:\/\/www.norn.is\/liljur-vallarins\/2013\/04\/03\/vestraen-klaedi\/\" \/>\n<meta property=\"og:locale\" content=\"is_IS\" \/>\n<meta property=\"og:type\" content=\"article\" \/>\n<meta property=\"og:title\" content=\"Vestr\u00e6n kl\u00e6\u00f0i - Liljur vallarins\" \/>\n<meta property=\"og:description\" content=\"Svo margt sem vekur athygli okkar \u00feennan fyrsta dag okkar \u00ed Kampala. Karlar flytja \u00f3tr\u00falegustu byr\u00f0ar \u00e1 rei\u00f0hj\u00f3lum og v\u00e9lhj\u00f3lum. Konur bera st\u00f3rar \u00e1vaxtak\u00f6rfur \u00e1 h\u00f6f\u00f0inu. B\u00f6rn leika s\u00e9r a\u00f0 \u00f3n\u00fdtum rei\u00f0hj\u00f3ladekkjum \u00ed drullunni en h\u00e9r er l\u00edti\u00f0 um malbik &hellip; Halda \u00e1fram a\u00f0 lesa &rarr;\" \/>\n<meta property=\"og:url\" content=\"https:\/\/www.norn.is\/liljur-vallarins\/2013\/04\/03\/vestraen-klaedi\/\" \/>\n<meta property=\"og:site_name\" content=\"Liljur vallarins\" \/>\n<meta property=\"article:published_time\" content=\"2013-04-03T20:15:53+00:00\" \/>\n<meta property=\"article:modified_time\" content=\"2019-05-19T21:31:03+00:00\" \/>\n<meta property=\"og:image\" content=\"http:\/\/www.norn.is\/liljur-vallarins\/wp-content\/uploads\/sites\/27\/2018\/02\/kamp4-1024x580.jpeg\" \/>\n<meta name=\"author\" content=\"Eva Hauksd\u00f3ttir\" \/>\n<meta name=\"twitter:card\" content=\"summary_large_image\" \/>\n<meta name=\"twitter:label1\" content=\"Written by\" \/>\n\t<meta name=\"twitter:data1\" content=\"\" \/>\n\t<meta name=\"twitter:label2\" content=\"Est. reading time\" \/>\n\t<meta name=\"twitter:data2\" content=\"3 minutes\" \/>\n<script type=\"application\/ld+json\" class=\"yoast-schema-graph\">{\"@context\":\"https:\\\/\\\/schema.org\",\"@graph\":[{\"@type\":\"Article\",\"@id\":\"https:\\\/\\\/www.norn.is\\\/liljur-vallarins\\\/2013\\\/04\\\/03\\\/vestraen-klaedi\\\/#article\",\"isPartOf\":{\"@id\":\"https:\\\/\\\/www.norn.is\\\/liljur-vallarins\\\/2013\\\/04\\\/03\\\/vestraen-klaedi\\\/\"},\"author\":{\"name\":\"Eva Hauksd\u00f3ttir\",\"@id\":\"https:\\\/\\\/www.norn.is\\\/liljur-vallarins\\\/#\\\/schema\\\/person\\\/2eb0fcae9e1ecc61987f7ed9c878531c\"},\"headline\":\"Vestr\u00e6n kl\u00e6\u00f0i\",\"datePublished\":\"2013-04-03T20:15:53+00:00\",\"dateModified\":\"2019-05-19T21:31:03+00:00\",\"mainEntityOfPage\":{\"@id\":\"https:\\\/\\\/www.norn.is\\\/liljur-vallarins\\\/2013\\\/04\\\/03\\\/vestraen-klaedi\\\/\"},\"wordCount\":621,\"image\":{\"@id\":\"https:\\\/\\\/www.norn.is\\\/liljur-vallarins\\\/2013\\\/04\\\/03\\\/vestraen-klaedi\\\/#primaryimage\"},\"thumbnailUrl\":\"http:\\\/\\\/www.norn.is\\\/liljur-vallarins\\\/wp-content\\\/uploads\\\/sites\\\/27\\\/2018\\\/02\\\/kamp4-1024x580.jpeg\",\"keywords\":[\"Fer\u00f0al\u00f6g\",\"menning\"],\"articleSection\":[\"Allt efni\",\"\u00daganda\"],\"inLanguage\":\"is\"},{\"@type\":\"WebPage\",\"@id\":\"https:\\\/\\\/www.norn.is\\\/liljur-vallarins\\\/2013\\\/04\\\/03\\\/vestraen-klaedi\\\/\",\"url\":\"https:\\\/\\\/www.norn.is\\\/liljur-vallarins\\\/2013\\\/04\\\/03\\\/vestraen-klaedi\\\/\",\"name\":\"Vestr\u00e6n kl\u00e6\u00f0i - Liljur vallarins\",\"isPartOf\":{\"@id\":\"https:\\\/\\\/www.norn.is\\\/liljur-vallarins\\\/#website\"},\"primaryImageOfPage\":{\"@id\":\"https:\\\/\\\/www.norn.is\\\/liljur-vallarins\\\/2013\\\/04\\\/03\\\/vestraen-klaedi\\\/#primaryimage\"},\"image\":{\"@id\":\"https:\\\/\\\/www.norn.is\\\/liljur-vallarins\\\/2013\\\/04\\\/03\\\/vestraen-klaedi\\\/#primaryimage\"},\"thumbnailUrl\":\"http:\\\/\\\/www.norn.is\\\/liljur-vallarins\\\/wp-content\\\/uploads\\\/sites\\\/27\\\/2018\\\/02\\\/kamp4-1024x580.jpeg\",\"datePublished\":\"2013-04-03T20:15:53+00:00\",\"dateModified\":\"2019-05-19T21:31:03+00:00\",\"author\":{\"@id\":\"https:\\\/\\\/www.norn.is\\\/liljur-vallarins\\\/#\\\/schema\\\/person\\\/2eb0fcae9e1ecc61987f7ed9c878531c\"},\"breadcrumb\":{\"@id\":\"https:\\\/\\\/www.norn.is\\\/liljur-vallarins\\\/2013\\\/04\\\/03\\\/vestraen-klaedi\\\/#breadcrumb\"},\"inLanguage\":\"is\",\"potentialAction\":[{\"@type\":\"ReadAction\",\"target\":[\"https:\\\/\\\/www.norn.is\\\/liljur-vallarins\\\/2013\\\/04\\\/03\\\/vestraen-klaedi\\\/\"]}]},{\"@type\":\"ImageObject\",\"inLanguage\":\"is\",\"@id\":\"https:\\\/\\\/www.norn.is\\\/liljur-vallarins\\\/2013\\\/04\\\/03\\\/vestraen-klaedi\\\/#primaryimage\",\"url\":\"https:\\\/\\\/www.norn.is\\\/liljur-vallarins\\\/wp-content\\\/uploads\\\/sites\\\/27\\\/2018\\\/02\\\/kamp4-1024x580.jpeg\",\"contentUrl\":\"https:\\\/\\\/www.norn.is\\\/liljur-vallarins\\\/wp-content\\\/uploads\\\/sites\\\/27\\\/2018\\\/02\\\/kamp4-1024x580.jpeg\",\"width\":1024,\"height\":580},{\"@type\":\"BreadcrumbList\",\"@id\":\"https:\\\/\\\/www.norn.is\\\/liljur-vallarins\\\/2013\\\/04\\\/03\\\/vestraen-klaedi\\\/#breadcrumb\",\"itemListElement\":[{\"@type\":\"ListItem\",\"position\":1,\"name\":\"Home\",\"item\":\"https:\\\/\\\/www.norn.is\\\/liljur-vallarins\\\/\"},{\"@type\":\"ListItem\",\"position\":2,\"name\":\"Vestr\u00e6n kl\u00e6\u00f0i\"}]},{\"@type\":\"WebSite\",\"@id\":\"https:\\\/\\\/www.norn.is\\\/liljur-vallarins\\\/#website\",\"url\":\"https:\\\/\\\/www.norn.is\\\/liljur-vallarins\\\/\",\"name\":\"Liljur vallarins\",\"description\":\"\",\"potentialAction\":[{\"@type\":\"SearchAction\",\"target\":{\"@type\":\"EntryPoint\",\"urlTemplate\":\"https:\\\/\\\/www.norn.is\\\/liljur-vallarins\\\/?s={search_term_string}\"},\"query-input\":{\"@type\":\"PropertyValueSpecification\",\"valueRequired\":true,\"valueName\":\"search_term_string\"}}],\"inLanguage\":\"is\"},{\"@type\":\"Person\",\"@id\":\"https:\\\/\\\/www.norn.is\\\/liljur-vallarins\\\/#\\\/schema\\\/person\\\/2eb0fcae9e1ecc61987f7ed9c878531c\",\"name\":\"Eva Hauksd\u00f3ttir\",\"sameAs\":[\"http:\\\/\\\/www.norn.is\"],\"url\":\"https:\\\/\\\/www.norn.is\\\/liljur-vallarins\\\/author\\\/eva\\\/\"}]}<\/script>\n<!-- \/ Yoast SEO plugin. -->","yoast_head_json":{"title":"Vestr\u00e6n kl\u00e6\u00f0i - Liljur vallarins","robots":{"index":"index","follow":"follow","max-snippet":"max-snippet:-1","max-image-preview":"max-image-preview:large","max-video-preview":"max-video-preview:-1"},"canonical":"https:\/\/www.norn.is\/liljur-vallarins\/2013\/04\/03\/vestraen-klaedi\/","og_locale":"is_IS","og_type":"article","og_title":"Vestr\u00e6n kl\u00e6\u00f0i - Liljur vallarins","og_description":"Svo margt sem vekur athygli okkar \u00feennan fyrsta dag okkar \u00ed Kampala. Karlar flytja \u00f3tr\u00falegustu byr\u00f0ar \u00e1 rei\u00f0hj\u00f3lum og v\u00e9lhj\u00f3lum. Konur bera st\u00f3rar \u00e1vaxtak\u00f6rfur \u00e1 h\u00f6f\u00f0inu. B\u00f6rn leika s\u00e9r a\u00f0 \u00f3n\u00fdtum rei\u00f0hj\u00f3ladekkjum \u00ed drullunni en h\u00e9r er l\u00edti\u00f0 um malbik &hellip; Halda \u00e1fram a\u00f0 lesa &rarr;","og_url":"https:\/\/www.norn.is\/liljur-vallarins\/2013\/04\/03\/vestraen-klaedi\/","og_site_name":"Liljur vallarins","article_published_time":"2013-04-03T20:15:53+00:00","article_modified_time":"2019-05-19T21:31:03+00:00","og_image":[{"url":"http:\/\/www.norn.is\/liljur-vallarins\/wp-content\/uploads\/sites\/27\/2018\/02\/kamp4-1024x580.jpeg","type":"","width":"","height":""}],"author":"Eva Hauksd\u00f3ttir","twitter_card":"summary_large_image","twitter_misc":{"Written by":false,"Est. reading time":"3 minutes"},"schema":{"@context":"https:\/\/schema.org","@graph":[{"@type":"Article","@id":"https:\/\/www.norn.is\/liljur-vallarins\/2013\/04\/03\/vestraen-klaedi\/#article","isPartOf":{"@id":"https:\/\/www.norn.is\/liljur-vallarins\/2013\/04\/03\/vestraen-klaedi\/"},"author":{"name":"Eva Hauksd\u00f3ttir","@id":"https:\/\/www.norn.is\/liljur-vallarins\/#\/schema\/person\/2eb0fcae9e1ecc61987f7ed9c878531c"},"headline":"Vestr\u00e6n kl\u00e6\u00f0i","datePublished":"2013-04-03T20:15:53+00:00","dateModified":"2019-05-19T21:31:03+00:00","mainEntityOfPage":{"@id":"https:\/\/www.norn.is\/liljur-vallarins\/2013\/04\/03\/vestraen-klaedi\/"},"wordCount":621,"image":{"@id":"https:\/\/www.norn.is\/liljur-vallarins\/2013\/04\/03\/vestraen-klaedi\/#primaryimage"},"thumbnailUrl":"http:\/\/www.norn.is\/liljur-vallarins\/wp-content\/uploads\/sites\/27\/2018\/02\/kamp4-1024x580.jpeg","keywords":["Fer\u00f0al\u00f6g","menning"],"articleSection":["Allt efni","\u00daganda"],"inLanguage":"is"},{"@type":"WebPage","@id":"https:\/\/www.norn.is\/liljur-vallarins\/2013\/04\/03\/vestraen-klaedi\/","url":"https:\/\/www.norn.is\/liljur-vallarins\/2013\/04\/03\/vestraen-klaedi\/","name":"Vestr\u00e6n kl\u00e6\u00f0i - Liljur vallarins","isPartOf":{"@id":"https:\/\/www.norn.is\/liljur-vallarins\/#website"},"primaryImageOfPage":{"@id":"https:\/\/www.norn.is\/liljur-vallarins\/2013\/04\/03\/vestraen-klaedi\/#primaryimage"},"image":{"@id":"https:\/\/www.norn.is\/liljur-vallarins\/2013\/04\/03\/vestraen-klaedi\/#primaryimage"},"thumbnailUrl":"http:\/\/www.norn.is\/liljur-vallarins\/wp-content\/uploads\/sites\/27\/2018\/02\/kamp4-1024x580.jpeg","datePublished":"2013-04-03T20:15:53+00:00","dateModified":"2019-05-19T21:31:03+00:00","author":{"@id":"https:\/\/www.norn.is\/liljur-vallarins\/#\/schema\/person\/2eb0fcae9e1ecc61987f7ed9c878531c"},"breadcrumb":{"@id":"https:\/\/www.norn.is\/liljur-vallarins\/2013\/04\/03\/vestraen-klaedi\/#breadcrumb"},"inLanguage":"is","potentialAction":[{"@type":"ReadAction","target":["https:\/\/www.norn.is\/liljur-vallarins\/2013\/04\/03\/vestraen-klaedi\/"]}]},{"@type":"ImageObject","inLanguage":"is","@id":"https:\/\/www.norn.is\/liljur-vallarins\/2013\/04\/03\/vestraen-klaedi\/#primaryimage","url":"https:\/\/www.norn.is\/liljur-vallarins\/wp-content\/uploads\/sites\/27\/2018\/02\/kamp4-1024x580.jpeg","contentUrl":"https:\/\/www.norn.is\/liljur-vallarins\/wp-content\/uploads\/sites\/27\/2018\/02\/kamp4-1024x580.jpeg","width":1024,"height":580},{"@type":"BreadcrumbList","@id":"https:\/\/www.norn.is\/liljur-vallarins\/2013\/04\/03\/vestraen-klaedi\/#breadcrumb","itemListElement":[{"@type":"ListItem","position":1,"name":"Home","item":"https:\/\/www.norn.is\/liljur-vallarins\/"},{"@type":"ListItem","position":2,"name":"Vestr\u00e6n kl\u00e6\u00f0i"}]},{"@type":"WebSite","@id":"https:\/\/www.norn.is\/liljur-vallarins\/#website","url":"https:\/\/www.norn.is\/liljur-vallarins\/","name":"Liljur vallarins","description":"","potentialAction":[{"@type":"SearchAction","target":{"@type":"EntryPoint","urlTemplate":"https:\/\/www.norn.is\/liljur-vallarins\/?s={search_term_string}"},"query-input":{"@type":"PropertyValueSpecification","valueRequired":true,"valueName":"search_term_string"}}],"inLanguage":"is"},{"@type":"Person","@id":"https:\/\/www.norn.is\/liljur-vallarins\/#\/schema\/person\/2eb0fcae9e1ecc61987f7ed9c878531c","name":"Eva Hauksd\u00f3ttir","sameAs":["http:\/\/www.norn.is"],"url":"https:\/\/www.norn.is\/liljur-vallarins\/author\/eva\/"}]}},"_links":{"self":[{"href":"https:\/\/www.norn.is\/liljur-vallarins\/wp-json\/wp\/v2\/posts\/1551","targetHints":{"allow":["GET"]}}],"collection":[{"href":"https:\/\/www.norn.is\/liljur-vallarins\/wp-json\/wp\/v2\/posts"}],"about":[{"href":"https:\/\/www.norn.is\/liljur-vallarins\/wp-json\/wp\/v2\/types\/post"}],"author":[{"embeddable":true,"href":"https:\/\/www.norn.is\/liljur-vallarins\/wp-json\/wp\/v2\/users\/2"}],"replies":[{"embeddable":true,"href":"https:\/\/www.norn.is\/liljur-vallarins\/wp-json\/wp\/v2\/comments?post=1551"}],"version-history":[{"count":2,"href":"https:\/\/www.norn.is\/liljur-vallarins\/wp-json\/wp\/v2\/posts\/1551\/revisions"}],"predecessor-version":[{"id":2245,"href":"https:\/\/www.norn.is\/liljur-vallarins\/wp-json\/wp\/v2\/posts\/1551\/revisions\/2245"}],"wp:attachment":[{"href":"https:\/\/www.norn.is\/liljur-vallarins\/wp-json\/wp\/v2\/media?parent=1551"}],"wp:term":[{"taxonomy":"category","embeddable":true,"href":"https:\/\/www.norn.is\/liljur-vallarins\/wp-json\/wp\/v2\/categories?post=1551"},{"taxonomy":"post_tag","embeddable":true,"href":"https:\/\/www.norn.is\/liljur-vallarins\/wp-json\/wp\/v2\/tags?post=1551"}],"curies":[{"name":"wp","href":"https:\/\/api.w.org\/{rel}","templated":true}]}}