{"id":1371,"date":"2013-03-01T17:56:06","date_gmt":"2013-03-01T17:56:06","guid":{"rendered":"http:\/\/www.norn.is\/liljur-vallarins\/?p=1371"},"modified":"2019-05-02T06:28:01","modified_gmt":"2019-05-02T06:28:01","slug":"ferd-til-milton-keynes","status":"publish","type":"post","link":"https:\/\/www.norn.is\/liljur-vallarins\/2013\/03\/01\/ferd-til-milton-keynes\/","title":{"rendered":"Fer\u00f0 til Milton Keynes"},"content":{"rendered":"<p>Eynar \u00feurfti a\u00f0 fara \u00ed fj\u00f6gurra daga vinnufer\u00f0 til \u00ed Milton Keynes sem er \u00ed svona h\u00e1lft\u00edma lestarfer\u00f0 fr\u00e1 London. \u00c9g f\u00f3r me\u00f0 \u00fe\u00f3tt \u00e9g \u00e6tti svosem ekki anna\u00f0 erindi en a\u00f0 vera n\u00e1l\u00e6gt honum.<\/p>\n<p style=\"text-align: center;\"><img loading=\"lazy\" decoding=\"async\" class=\"aligncenter size-full wp-image-1513\" src=\"http:\/\/www.norn.is\/liljur-vallarins\/wp-content\/uploads\/sites\/27\/2013\/03\/kaffi.jpg\" alt=\"\" width=\"370\" height=\"501\" srcset=\"https:\/\/www.norn.is\/liljur-vallarins\/wp-content\/uploads\/sites\/27\/2013\/03\/kaffi.jpg 370w, https:\/\/www.norn.is\/liljur-vallarins\/wp-content\/uploads\/sites\/27\/2013\/03\/kaffi-222x300.jpg 222w\" sizes=\"auto, (max-width: 370px) 100vw, 370px\" \/><\/p>\n<p style=\"text-align: center;\"><strong>Vi\u00f0 fengum okkur sm\u00e1 kaffi \u00feegar vi\u00f0 lentum \u00ed Luton<\/strong><!--more--><\/p>\n<p>Vi\u00f0 h\u00f6fum ekki oft bor\u00f0a\u00f0 \u00e1 breskum veitingah\u00fasum \u00fev\u00ed n\u00f3g er af \u00edt\u00f6lskum, sp\u00e6nskum og indverskum veitingah\u00fasum \u00ed Glasgow,\u00a0svo er fj\u00f6lmenningunni fyrir a\u00f0 \u00feakka. En n\u00fa erum vi\u00f0 b\u00fain a\u00f0 lifa \u00e1 breskum mat alla vikuna og \u00e9g hlakka svo til a\u00f0 bor\u00f0a mat sem \u00e9g hef elda\u00f0 sj\u00e1lf a\u00f0 \u00e9g hef bara \u00e1tt \u00ed vandr\u00e6\u00f0um me\u00f0 a\u00f0 halda mig fr\u00e1 eldh\u00fasinu \u00ed dag.<\/p>\n<p>\u00c9g vissi a\u00f0 Bretar hafa \u00e6vint\u00fdralega h\u00e6fileika til a\u00f0 ey\u00f0ileggja gott hr\u00e1efni en \u00e9g ger\u00f0i m\u00e9r ekki grein fyrir \u00fev\u00ed fyrr en \u00ed \u00feessari fer\u00f0 a\u00f0 \u00fea\u00f0 v\u00e6ri h\u00e6gt a\u00f0 gera hr\u00e6r\u00f0 egg algerlega brag\u00f0laus. Vi\u00f0 fengum hr\u00e6r\u00f0 egg \u00ed morgunmat fyrsta daginn og m\u00e9r dettur helst \u00ed hug a\u00f0 annarri hverri rau\u00f0u hafi veri\u00f0 hent og restin hr\u00e6r\u00f0 \u00fat \u00ed vatni. Vi\u00f0 p\u00f6ntu\u00f0um \u00feau ekki aftur.<\/p>\n<p>\u00c1 einu veitingah\u00fasi sem vi\u00f0 bor\u00f0u\u00f0um \u00e1 voru n\u00fdru \u00ed s\u00f3su \u00e1 matse\u00f0linum og ekki n\u00f3g me\u00f0 \u00fea\u00f0 heldur s\u00e1 \u00e9g f\u00f3lk panta s\u00e9r \u00feau og bor\u00f0a me\u00f0 bestu lyst. \u00c9g elda\u00f0i st\u00f6ku sinnum n\u00fdru \u00feegar str\u00e1karnir voru litlir en bara vegna \u00feess a\u00f0 \u00e9g var f\u00e1t\u00e6k. F\u00e1t\u00e6klingar taka sl\u00e1tur og innmaturinn fylgdi sl\u00e1trinu og ekki vill ma\u00f0ur fara til Helv\u00edtis fyrir a\u00f0 henda mat. \u00c9g hakka\u00f0i innmatinn og bj\u00f3 til bollur \u00far honum. \u00dea\u00f0 er h\u00e6gt a\u00f0 fela hlandbrag\u00f0i\u00f0 af n\u00fdrunum n\u00e6stum alveg me\u00f0 miklu kryddi. \u00deetta var alveg \u00e6tt en \u00e9g myndi aldrei bi\u00f0ja um n\u00fdru, hva\u00f0 \u00fe\u00e1 \u00e1 veitingasta\u00f0. Reyndar ekki hr\u00fatspunga e\u00f0a s\u00faran bringukoll heldur.<\/p>\n<p><img loading=\"lazy\" decoding=\"async\" class=\"aligncenter size-full wp-image-1515\" src=\"http:\/\/www.norn.is\/liljur-vallarins\/wp-content\/uploads\/sites\/27\/2013\/03\/Mercure-Parkside.jpg\" alt=\"\" width=\"722\" height=\"513\" srcset=\"https:\/\/www.norn.is\/liljur-vallarins\/wp-content\/uploads\/sites\/27\/2013\/03\/Mercure-Parkside.jpg 722w, https:\/\/www.norn.is\/liljur-vallarins\/wp-content\/uploads\/sites\/27\/2013\/03\/Mercure-Parkside-300x213.jpg 300w, https:\/\/www.norn.is\/liljur-vallarins\/wp-content\/uploads\/sites\/27\/2013\/03\/Mercure-Parkside-422x300.jpg 422w\" sizes=\"auto, (max-width: 722px) 100vw, 722px\" \/><\/p>\n<p>H\u00f3teli\u00f0 okkar var annars mj\u00f6g huggulegt. Vi\u00f0 gleymum alltaf a\u00f0 taka myndir en \u00e9g\u00a0fann \u00feessa \u00e1 netinu.<\/p>\n<p><img loading=\"lazy\" decoding=\"async\" class=\"aligncenter size-full wp-image-1516\" src=\"http:\/\/www.norn.is\/liljur-vallarins\/wp-content\/uploads\/sites\/27\/2013\/03\/Ye-olde-swan.jpg\" alt=\"\" width=\"640\" height=\"446\" srcset=\"https:\/\/www.norn.is\/liljur-vallarins\/wp-content\/uploads\/sites\/27\/2013\/03\/Ye-olde-swan.jpg 640w, https:\/\/www.norn.is\/liljur-vallarins\/wp-content\/uploads\/sites\/27\/2013\/03\/Ye-olde-swan-300x209.jpg 300w, https:\/\/www.norn.is\/liljur-vallarins\/wp-content\/uploads\/sites\/27\/2013\/03\/Ye-olde-swan-430x300.jpg 430w\" sizes=\"auto, (max-width: 640px) 100vw, 640px\" \/><\/p>\n<p>\u00deessi notalegi sveitap\u00f6pp &#8222;Ye Olde Swan&#8220; er alveg r\u00e9tt hj\u00e1 h\u00f3telinu. \u00c9g f\u00e9kk m\u00e9r hamborgara \u00fear. Hef einu sinni \u00e1\u00f0ur fengi\u00f0 m\u00e9r hamborgara \u00e1 breskum mats\u00f6lusta\u00f0. \u00cd b\u00e6\u00f0i skiptin f\u00e9kk \u00e9g kj\u00f6tbollu \u00ed hamborgarabrau\u00f0i en \u00ed \u00feetta sinn fylgdi reyndar matskei\u00f0 af s\u00f3su me\u00f0 \u00ed dollu til hli\u00f0ar og ein t\u00f3matsnei\u00f0 og \u00f6rr\u00e6ma af salati var inni \u00ed brau\u00f0inu. Brag\u00f0a\u00f0ist \u00e1g\u00e6tlega en \u00e9g vil frekar hafa hamborgarabuff fl\u00f6t.<\/p>\n<p>Einu myndirnar sem vi\u00f0 t\u00f3kum voru af \u00feessum smekklegu l\u00f6mpum \u00ed arinstofu h\u00f3telsins. \u00c6tti ma\u00f0ur a\u00f0 f\u00e1 s\u00e9r breskan innanh\u00fassark\u00edtekt?<\/p>\n<p><img loading=\"lazy\" decoding=\"async\" class=\"aligncenter size-full wp-image-1520\" src=\"http:\/\/www.norn.is\/liljur-vallarins\/wp-content\/uploads\/sites\/27\/2013\/03\/hundalampinn.png\" alt=\"\" width=\"578\" height=\"574\" srcset=\"https:\/\/www.norn.is\/liljur-vallarins\/wp-content\/uploads\/sites\/27\/2013\/03\/hundalampinn.png 578w, https:\/\/www.norn.is\/liljur-vallarins\/wp-content\/uploads\/sites\/27\/2013\/03\/hundalampinn-150x150.png 150w, https:\/\/www.norn.is\/liljur-vallarins\/wp-content\/uploads\/sites\/27\/2013\/03\/hundalampinn-300x298.png 300w, https:\/\/www.norn.is\/liljur-vallarins\/wp-content\/uploads\/sites\/27\/2013\/03\/hundalampinn-302x300.png 302w\" sizes=\"auto, (max-width: 578px) 100vw, 578px\" \/><\/p>\n","protected":false},"excerpt":{"rendered":"<p>Eynar \u00feurfti a\u00f0 fara \u00ed fj\u00f6gurra daga vinnufer\u00f0 til \u00ed Milton Keynes sem er \u00ed svona h\u00e1lft\u00edma lestarfer\u00f0 fr\u00e1 London. \u00c9g f\u00f3r me\u00f0 \u00fe\u00f3tt \u00e9g \u00e6tti svosem ekki anna\u00f0 erindi en a\u00f0 vera n\u00e1l\u00e6gt honum. Vi\u00f0 fengum okkur sm\u00e1 kaffi &hellip; <a href=\"https:\/\/www.norn.is\/liljur-vallarins\/2013\/03\/01\/ferd-til-milton-keynes\/\">Halda \u00e1fram a\u00f0 lesa <span class=\"meta-nav\">&rarr;<\/span><\/a><\/p>\n","protected":false},"author":2,"featured_media":0,"comment_status":"closed","ping_status":"closed","sticky":false,"template":"","format":"standard","meta":{"footnotes":"","_links_to":"","_links_to_target":""},"categories":[1],"tags":[132,133],"class_list":["post-1371","post","type-post","status-publish","format-standard","hentry","category-allt-efni","tag-ferdalog","tag-menning"],"yoast_head":"<!-- This site is optimized with the Yoast SEO plugin v27.4 - https:\/\/yoast.com\/product\/yoast-seo-wordpress\/ -->\n<title>Fer\u00f0 til Milton Keynes - Liljur vallarins<\/title>\n<meta name=\"robots\" content=\"index, follow, max-snippet:-1, max-image-preview:large, max-video-preview:-1\" \/>\n<link rel=\"canonical\" href=\"https:\/\/www.norn.is\/liljur-vallarins\/2013\/03\/01\/ferd-til-milton-keynes\/\" \/>\n<meta property=\"og:locale\" content=\"is_IS\" \/>\n<meta property=\"og:type\" content=\"article\" \/>\n<meta property=\"og:title\" content=\"Fer\u00f0 til Milton Keynes - Liljur vallarins\" \/>\n<meta property=\"og:description\" content=\"Eynar \u00feurfti a\u00f0 fara \u00ed fj\u00f6gurra daga vinnufer\u00f0 til \u00ed Milton Keynes sem er \u00ed svona h\u00e1lft\u00edma lestarfer\u00f0 fr\u00e1 London. \u00c9g f\u00f3r me\u00f0 \u00fe\u00f3tt \u00e9g \u00e6tti svosem ekki anna\u00f0 erindi en a\u00f0 vera n\u00e1l\u00e6gt honum. Vi\u00f0 fengum okkur sm\u00e1 kaffi &hellip; Halda \u00e1fram a\u00f0 lesa &rarr;\" \/>\n<meta property=\"og:url\" content=\"https:\/\/www.norn.is\/liljur-vallarins\/2013\/03\/01\/ferd-til-milton-keynes\/\" \/>\n<meta property=\"og:site_name\" content=\"Liljur vallarins\" \/>\n<meta property=\"article:published_time\" content=\"2013-03-01T17:56:06+00:00\" \/>\n<meta property=\"article:modified_time\" content=\"2019-05-02T06:28:01+00:00\" \/>\n<meta property=\"og:image\" content=\"http:\/\/www.norn.is\/liljur-vallarins\/wp-content\/uploads\/sites\/27\/2013\/03\/kaffi.jpg\" \/>\n<meta name=\"author\" content=\"Eva Hauksd\u00f3ttir\" \/>\n<meta name=\"twitter:card\" content=\"summary_large_image\" \/>\n<meta name=\"twitter:label1\" content=\"Written by\" \/>\n\t<meta name=\"twitter:data1\" content=\"\" \/>\n\t<meta name=\"twitter:label2\" content=\"Est. reading time\" \/>\n\t<meta name=\"twitter:data2\" content=\"2 minutes\" \/>\n<script type=\"application\/ld+json\" class=\"yoast-schema-graph\">{\"@context\":\"https:\\\/\\\/schema.org\",\"@graph\":[{\"@type\":\"Article\",\"@id\":\"https:\\\/\\\/www.norn.is\\\/liljur-vallarins\\\/2013\\\/03\\\/01\\\/ferd-til-milton-keynes\\\/#article\",\"isPartOf\":{\"@id\":\"https:\\\/\\\/www.norn.is\\\/liljur-vallarins\\\/2013\\\/03\\\/01\\\/ferd-til-milton-keynes\\\/\"},\"author\":{\"name\":\"Eva Hauksd\u00f3ttir\",\"@id\":\"https:\\\/\\\/www.norn.is\\\/liljur-vallarins\\\/#\\\/schema\\\/person\\\/2eb0fcae9e1ecc61987f7ed9c878531c\"},\"headline\":\"Fer\u00f0 til Milton Keynes\",\"datePublished\":\"2013-03-01T17:56:06+00:00\",\"dateModified\":\"2019-05-02T06:28:01+00:00\",\"mainEntityOfPage\":{\"@id\":\"https:\\\/\\\/www.norn.is\\\/liljur-vallarins\\\/2013\\\/03\\\/01\\\/ferd-til-milton-keynes\\\/\"},\"wordCount\":465,\"image\":{\"@id\":\"https:\\\/\\\/www.norn.is\\\/liljur-vallarins\\\/2013\\\/03\\\/01\\\/ferd-til-milton-keynes\\\/#primaryimage\"},\"thumbnailUrl\":\"http:\\\/\\\/www.norn.is\\\/liljur-vallarins\\\/wp-content\\\/uploads\\\/sites\\\/27\\\/2013\\\/03\\\/kaffi.jpg\",\"keywords\":[\"Fer\u00f0al\u00f6g\",\"menning\"],\"articleSection\":[\"Allt efni\"],\"inLanguage\":\"is\"},{\"@type\":\"WebPage\",\"@id\":\"https:\\\/\\\/www.norn.is\\\/liljur-vallarins\\\/2013\\\/03\\\/01\\\/ferd-til-milton-keynes\\\/\",\"url\":\"https:\\\/\\\/www.norn.is\\\/liljur-vallarins\\\/2013\\\/03\\\/01\\\/ferd-til-milton-keynes\\\/\",\"name\":\"Fer\u00f0 til Milton Keynes - Liljur vallarins\",\"isPartOf\":{\"@id\":\"https:\\\/\\\/www.norn.is\\\/liljur-vallarins\\\/#website\"},\"primaryImageOfPage\":{\"@id\":\"https:\\\/\\\/www.norn.is\\\/liljur-vallarins\\\/2013\\\/03\\\/01\\\/ferd-til-milton-keynes\\\/#primaryimage\"},\"image\":{\"@id\":\"https:\\\/\\\/www.norn.is\\\/liljur-vallarins\\\/2013\\\/03\\\/01\\\/ferd-til-milton-keynes\\\/#primaryimage\"},\"thumbnailUrl\":\"http:\\\/\\\/www.norn.is\\\/liljur-vallarins\\\/wp-content\\\/uploads\\\/sites\\\/27\\\/2013\\\/03\\\/kaffi.jpg\",\"datePublished\":\"2013-03-01T17:56:06+00:00\",\"dateModified\":\"2019-05-02T06:28:01+00:00\",\"author\":{\"@id\":\"https:\\\/\\\/www.norn.is\\\/liljur-vallarins\\\/#\\\/schema\\\/person\\\/2eb0fcae9e1ecc61987f7ed9c878531c\"},\"breadcrumb\":{\"@id\":\"https:\\\/\\\/www.norn.is\\\/liljur-vallarins\\\/2013\\\/03\\\/01\\\/ferd-til-milton-keynes\\\/#breadcrumb\"},\"inLanguage\":\"is\",\"potentialAction\":[{\"@type\":\"ReadAction\",\"target\":[\"https:\\\/\\\/www.norn.is\\\/liljur-vallarins\\\/2013\\\/03\\\/01\\\/ferd-til-milton-keynes\\\/\"]}]},{\"@type\":\"ImageObject\",\"inLanguage\":\"is\",\"@id\":\"https:\\\/\\\/www.norn.is\\\/liljur-vallarins\\\/2013\\\/03\\\/01\\\/ferd-til-milton-keynes\\\/#primaryimage\",\"url\":\"https:\\\/\\\/www.norn.is\\\/liljur-vallarins\\\/wp-content\\\/uploads\\\/sites\\\/27\\\/2013\\\/03\\\/kaffi.jpg\",\"contentUrl\":\"https:\\\/\\\/www.norn.is\\\/liljur-vallarins\\\/wp-content\\\/uploads\\\/sites\\\/27\\\/2013\\\/03\\\/kaffi.jpg\",\"width\":370,\"height\":501},{\"@type\":\"BreadcrumbList\",\"@id\":\"https:\\\/\\\/www.norn.is\\\/liljur-vallarins\\\/2013\\\/03\\\/01\\\/ferd-til-milton-keynes\\\/#breadcrumb\",\"itemListElement\":[{\"@type\":\"ListItem\",\"position\":1,\"name\":\"Home\",\"item\":\"https:\\\/\\\/www.norn.is\\\/liljur-vallarins\\\/\"},{\"@type\":\"ListItem\",\"position\":2,\"name\":\"Fer\u00f0 til Milton Keynes\"}]},{\"@type\":\"WebSite\",\"@id\":\"https:\\\/\\\/www.norn.is\\\/liljur-vallarins\\\/#website\",\"url\":\"https:\\\/\\\/www.norn.is\\\/liljur-vallarins\\\/\",\"name\":\"Liljur vallarins\",\"description\":\"\",\"potentialAction\":[{\"@type\":\"SearchAction\",\"target\":{\"@type\":\"EntryPoint\",\"urlTemplate\":\"https:\\\/\\\/www.norn.is\\\/liljur-vallarins\\\/?s={search_term_string}\"},\"query-input\":{\"@type\":\"PropertyValueSpecification\",\"valueRequired\":true,\"valueName\":\"search_term_string\"}}],\"inLanguage\":\"is\"},{\"@type\":\"Person\",\"@id\":\"https:\\\/\\\/www.norn.is\\\/liljur-vallarins\\\/#\\\/schema\\\/person\\\/2eb0fcae9e1ecc61987f7ed9c878531c\",\"name\":\"Eva Hauksd\u00f3ttir\",\"sameAs\":[\"http:\\\/\\\/www.norn.is\"],\"url\":\"https:\\\/\\\/www.norn.is\\\/liljur-vallarins\\\/author\\\/eva\\\/\"}]}<\/script>\n<!-- \/ Yoast SEO plugin. -->","yoast_head_json":{"title":"Fer\u00f0 til Milton Keynes - Liljur vallarins","robots":{"index":"index","follow":"follow","max-snippet":"max-snippet:-1","max-image-preview":"max-image-preview:large","max-video-preview":"max-video-preview:-1"},"canonical":"https:\/\/www.norn.is\/liljur-vallarins\/2013\/03\/01\/ferd-til-milton-keynes\/","og_locale":"is_IS","og_type":"article","og_title":"Fer\u00f0 til Milton Keynes - Liljur vallarins","og_description":"Eynar \u00feurfti a\u00f0 fara \u00ed fj\u00f6gurra daga vinnufer\u00f0 til \u00ed Milton Keynes sem er \u00ed svona h\u00e1lft\u00edma lestarfer\u00f0 fr\u00e1 London. \u00c9g f\u00f3r me\u00f0 \u00fe\u00f3tt \u00e9g \u00e6tti svosem ekki anna\u00f0 erindi en a\u00f0 vera n\u00e1l\u00e6gt honum. Vi\u00f0 fengum okkur sm\u00e1 kaffi &hellip; Halda \u00e1fram a\u00f0 lesa &rarr;","og_url":"https:\/\/www.norn.is\/liljur-vallarins\/2013\/03\/01\/ferd-til-milton-keynes\/","og_site_name":"Liljur vallarins","article_published_time":"2013-03-01T17:56:06+00:00","article_modified_time":"2019-05-02T06:28:01+00:00","og_image":[{"url":"http:\/\/www.norn.is\/liljur-vallarins\/wp-content\/uploads\/sites\/27\/2013\/03\/kaffi.jpg","type":"","width":"","height":""}],"author":"Eva Hauksd\u00f3ttir","twitter_card":"summary_large_image","twitter_misc":{"Written by":false,"Est. reading time":"2 minutes"},"schema":{"@context":"https:\/\/schema.org","@graph":[{"@type":"Article","@id":"https:\/\/www.norn.is\/liljur-vallarins\/2013\/03\/01\/ferd-til-milton-keynes\/#article","isPartOf":{"@id":"https:\/\/www.norn.is\/liljur-vallarins\/2013\/03\/01\/ferd-til-milton-keynes\/"},"author":{"name":"Eva Hauksd\u00f3ttir","@id":"https:\/\/www.norn.is\/liljur-vallarins\/#\/schema\/person\/2eb0fcae9e1ecc61987f7ed9c878531c"},"headline":"Fer\u00f0 til Milton Keynes","datePublished":"2013-03-01T17:56:06+00:00","dateModified":"2019-05-02T06:28:01+00:00","mainEntityOfPage":{"@id":"https:\/\/www.norn.is\/liljur-vallarins\/2013\/03\/01\/ferd-til-milton-keynes\/"},"wordCount":465,"image":{"@id":"https:\/\/www.norn.is\/liljur-vallarins\/2013\/03\/01\/ferd-til-milton-keynes\/#primaryimage"},"thumbnailUrl":"http:\/\/www.norn.is\/liljur-vallarins\/wp-content\/uploads\/sites\/27\/2013\/03\/kaffi.jpg","keywords":["Fer\u00f0al\u00f6g","menning"],"articleSection":["Allt efni"],"inLanguage":"is"},{"@type":"WebPage","@id":"https:\/\/www.norn.is\/liljur-vallarins\/2013\/03\/01\/ferd-til-milton-keynes\/","url":"https:\/\/www.norn.is\/liljur-vallarins\/2013\/03\/01\/ferd-til-milton-keynes\/","name":"Fer\u00f0 til Milton Keynes - Liljur vallarins","isPartOf":{"@id":"https:\/\/www.norn.is\/liljur-vallarins\/#website"},"primaryImageOfPage":{"@id":"https:\/\/www.norn.is\/liljur-vallarins\/2013\/03\/01\/ferd-til-milton-keynes\/#primaryimage"},"image":{"@id":"https:\/\/www.norn.is\/liljur-vallarins\/2013\/03\/01\/ferd-til-milton-keynes\/#primaryimage"},"thumbnailUrl":"http:\/\/www.norn.is\/liljur-vallarins\/wp-content\/uploads\/sites\/27\/2013\/03\/kaffi.jpg","datePublished":"2013-03-01T17:56:06+00:00","dateModified":"2019-05-02T06:28:01+00:00","author":{"@id":"https:\/\/www.norn.is\/liljur-vallarins\/#\/schema\/person\/2eb0fcae9e1ecc61987f7ed9c878531c"},"breadcrumb":{"@id":"https:\/\/www.norn.is\/liljur-vallarins\/2013\/03\/01\/ferd-til-milton-keynes\/#breadcrumb"},"inLanguage":"is","potentialAction":[{"@type":"ReadAction","target":["https:\/\/www.norn.is\/liljur-vallarins\/2013\/03\/01\/ferd-til-milton-keynes\/"]}]},{"@type":"ImageObject","inLanguage":"is","@id":"https:\/\/www.norn.is\/liljur-vallarins\/2013\/03\/01\/ferd-til-milton-keynes\/#primaryimage","url":"https:\/\/www.norn.is\/liljur-vallarins\/wp-content\/uploads\/sites\/27\/2013\/03\/kaffi.jpg","contentUrl":"https:\/\/www.norn.is\/liljur-vallarins\/wp-content\/uploads\/sites\/27\/2013\/03\/kaffi.jpg","width":370,"height":501},{"@type":"BreadcrumbList","@id":"https:\/\/www.norn.is\/liljur-vallarins\/2013\/03\/01\/ferd-til-milton-keynes\/#breadcrumb","itemListElement":[{"@type":"ListItem","position":1,"name":"Home","item":"https:\/\/www.norn.is\/liljur-vallarins\/"},{"@type":"ListItem","position":2,"name":"Fer\u00f0 til Milton Keynes"}]},{"@type":"WebSite","@id":"https:\/\/www.norn.is\/liljur-vallarins\/#website","url":"https:\/\/www.norn.is\/liljur-vallarins\/","name":"Liljur vallarins","description":"","potentialAction":[{"@type":"SearchAction","target":{"@type":"EntryPoint","urlTemplate":"https:\/\/www.norn.is\/liljur-vallarins\/?s={search_term_string}"},"query-input":{"@type":"PropertyValueSpecification","valueRequired":true,"valueName":"search_term_string"}}],"inLanguage":"is"},{"@type":"Person","@id":"https:\/\/www.norn.is\/liljur-vallarins\/#\/schema\/person\/2eb0fcae9e1ecc61987f7ed9c878531c","name":"Eva Hauksd\u00f3ttir","sameAs":["http:\/\/www.norn.is"],"url":"https:\/\/www.norn.is\/liljur-vallarins\/author\/eva\/"}]}},"_links":{"self":[{"href":"https:\/\/www.norn.is\/liljur-vallarins\/wp-json\/wp\/v2\/posts\/1371","targetHints":{"allow":["GET"]}}],"collection":[{"href":"https:\/\/www.norn.is\/liljur-vallarins\/wp-json\/wp\/v2\/posts"}],"about":[{"href":"https:\/\/www.norn.is\/liljur-vallarins\/wp-json\/wp\/v2\/types\/post"}],"author":[{"embeddable":true,"href":"https:\/\/www.norn.is\/liljur-vallarins\/wp-json\/wp\/v2\/users\/2"}],"replies":[{"embeddable":true,"href":"https:\/\/www.norn.is\/liljur-vallarins\/wp-json\/wp\/v2\/comments?post=1371"}],"version-history":[{"count":3,"href":"https:\/\/www.norn.is\/liljur-vallarins\/wp-json\/wp\/v2\/posts\/1371\/revisions"}],"predecessor-version":[{"id":1521,"href":"https:\/\/www.norn.is\/liljur-vallarins\/wp-json\/wp\/v2\/posts\/1371\/revisions\/1521"}],"wp:attachment":[{"href":"https:\/\/www.norn.is\/liljur-vallarins\/wp-json\/wp\/v2\/media?parent=1371"}],"wp:term":[{"taxonomy":"category","embeddable":true,"href":"https:\/\/www.norn.is\/liljur-vallarins\/wp-json\/wp\/v2\/categories?post=1371"},{"taxonomy":"post_tag","embeddable":true,"href":"https:\/\/www.norn.is\/liljur-vallarins\/wp-json\/wp\/v2\/tags?post=1371"}],"curies":[{"name":"wp","href":"https:\/\/api.w.org\/{rel}","templated":true}]}}