{"id":1351,"date":"2013-04-01T23:50:25","date_gmt":"2013-04-01T23:50:25","guid":{"rendered":"http:\/\/www.norn.is\/liljur-vallarins\/?p=1351"},"modified":"2019-05-19T21:11:12","modified_gmt":"2019-05-19T21:11:12","slug":"dagur-eitt-uganda","status":"publish","type":"post","link":"https:\/\/www.norn.is\/liljur-vallarins\/2013\/04\/01\/dagur-eitt-uganda\/","title":{"rendered":"Dagur eitt \u00ed \u00daganda"},"content":{"rendered":"<p><img loading=\"lazy\" decoding=\"async\" class=\"alignleft size-full wp-image-1535\" src=\"http:\/\/www.norn.is\/liljur-vallarins\/wp-content\/uploads\/sites\/27\/2013\/04\/ug1-1024x768.jpg\" alt=\"\" width=\"1024\" height=\"768\" srcset=\"https:\/\/www.norn.is\/liljur-vallarins\/wp-content\/uploads\/sites\/27\/2013\/04\/ug1-1024x768.jpg 1024w, https:\/\/www.norn.is\/liljur-vallarins\/wp-content\/uploads\/sites\/27\/2013\/04\/ug1-1024x768-300x225.jpg 300w, https:\/\/www.norn.is\/liljur-vallarins\/wp-content\/uploads\/sites\/27\/2013\/04\/ug1-1024x768-768x576.jpg 768w, https:\/\/www.norn.is\/liljur-vallarins\/wp-content\/uploads\/sites\/27\/2013\/04\/ug1-1024x768-400x300.jpg 400w\" sizes=\"auto, (max-width: 1024px) 100vw, 1024px\" \/>\u00dagandafer\u00f0in f\u00f3r langt fram \u00far v\u00e6ntingum. Langsokkur negrak\u00f3ngur reyndist hinn mesti h\u00f6f\u00f0ingi heim a\u00f0 s\u00e6kja og auk \u00feess hinn pr\u00fd\u00f0ilegasti\u00a0 lei\u00f0s\u00f6guma\u00f0ur. Meira a\u00f0 segja Eynar, sem \u00fe\u00f3ttist n\u00fa r\u00e9tt m\u00e1tulega spenntur \u00feegar vi\u00f0 l\u00f6g\u00f0um af sta\u00f0, talar um a\u00f0 fara \u00feanga\u00f0 aftur.<!--more--><\/p>\n<p>Fer\u00f0in h\u00f3fst reyndar me\u00f0 sm\u00e1 lei\u00f0indum. Vi\u00f0 lentum \u00ed v\u00e9larbilun sem seinka\u00f0i brottf\u00f6r til Amsterdam um marga klukkut\u00edma og misstum \u00fe.a.l. af fluginu til Nairobi. Fengum n\u00e6turflug \u00feanga\u00f0 svo okkur seinka\u00f0i bara um h\u00e1lfan s\u00f3larhring \u00ed sta\u00f0inn fyrir heilan. Vi\u00f0 h\u00f6f\u00f0um \u00feurft a\u00f0 fara \u00fat kl h\u00e1lf fj\u00f6gur um n\u00f3ttina svo vi\u00f0 f\u00f3rum ekkert \u00ed r\u00fami\u00f0 og m\u00e9r ver\u00f0ur ekki svefnsamt \u00ed flugi. Vi\u00f0 vorum heldur framl\u00e1g \u00feegar vi\u00f0 lentum \u00ed Kampala a\u00f0 morgni annars p\u00e1skadags en \u00fea\u00f0 var allt of margt \u00e1hugavert a\u00f0 sj\u00e1 til \u00feess a\u00f0 k\u00e6mi til greina a\u00f0 ey\u00f0a deginum \u00ed svefn.<\/p>\n<p>Langsokkur negrak\u00f3ngur s\u00f3tti okkur \u00e1 flugv\u00f6llinn og strax \u00e1 lei\u00f0inni til Kampala datt kj\u00e1lkinn \u00e1 m\u00e9r ni\u00f0ur \u00e1 brj\u00f3st. F\u00e1t\u00e6ktin sem allssta\u00f0ar blasir vi\u00f0 \u00e1 \u00feessari klukkut\u00edmafer\u00f0 inn \u00ed borgina er yfir\u00feyrmandi. \u00c9g skrifa\u00f0i d\u00e1l\u00edti\u00f0 um \u00fea\u00f0 <a href=\"http:\/\/blog.pressan.is\/evahauks\/2013\/04\/17\/vestraen-klaedi\/\">h\u00e9r.<\/a><\/p>\n<p style=\"text-align: center;\"><img loading=\"lazy\" decoding=\"async\" class=\"alignleft size-full wp-image-1535\" src=\"http:\/\/www.norn.is\/liljur-vallarins\/wp-content\/uploads\/sites\/27\/2013\/04\/ug1-1024x768.jpg\" alt=\"\" width=\"1024\" height=\"768\" srcset=\"https:\/\/www.norn.is\/liljur-vallarins\/wp-content\/uploads\/sites\/27\/2013\/04\/ug1-1024x768.jpg 1024w, https:\/\/www.norn.is\/liljur-vallarins\/wp-content\/uploads\/sites\/27\/2013\/04\/ug1-1024x768-300x225.jpg 300w, https:\/\/www.norn.is\/liljur-vallarins\/wp-content\/uploads\/sites\/27\/2013\/04\/ug1-1024x768-768x576.jpg 768w, https:\/\/www.norn.is\/liljur-vallarins\/wp-content\/uploads\/sites\/27\/2013\/04\/ug1-1024x768-400x300.jpg 400w\" sizes=\"auto, (max-width: 1024px) 100vw, 1024px\" \/><strong>\u00deessi gata \u00ed Kampala er bara \u00fe\u00f3 nokku\u00f0 hugguleg<br \/>\n<\/strong><\/p>\n<p style=\"text-align: left;\">Fyrsta daginn okkar \u00ed Kampala ger\u00f0um vi\u00f0 l\u00edti\u00f0 anna\u00f0 en a\u00f0 sko\u00f0a mannl\u00edfi\u00f0 \u00e1 g\u00f6tunni og hv\u00edla okkur eftir fer\u00f0ina. Vi\u00f0 f\u00f3rum me\u00f0 Langsokki \u00ed vestr\u00e6nan st\u00f3rmarka\u00f0 til a\u00f0 kaupa \u00ed matinn. M\u00e9r fannst n\u00fa frekar svona slappt a\u00f0 vera komin til Afr\u00edku til \u00feess a\u00f0 kaupa t\u00f3mata \u00ed st\u00f3rmarka\u00f0i og vildi frekar versla vi\u00f0 sj\u00e1lfs\u00feurftarb\u00e6ndur \u00e1 \u00fatimarka\u00f0i. \u00dea\u00f0 var au\u00f0vita\u00f0 l\u00e1ti\u00f0 eftir m\u00e9r eins og allt anna\u00f0 en \u00e9g komst a\u00f0 \u00fev\u00ed strax \u00feennan fyrsta dag a\u00f0 hugmyndir m\u00ednar um litr\u00edka, afr\u00edska gr\u00e6nmetismarka\u00f0i eru algerlega \u00far takti vi\u00f0 raunveruleikann. H\u00e9r eru k\u00edl\u00f3metralangar ra\u00f0ir af f\u00f3lki sem er allt a\u00f0 selja eina tegund af gr\u00e6nmeti e\u00f0a \u00e1v\u00f6xtum. Og vi\u00f0 erum ekkert a\u00f0 tala um einn me\u00f0 t\u00f3mata og annan me\u00f0 kart\u00f6flur, heldur eru kannski 20 \u00ed r\u00f6\u00f0, allir a\u00f0 selja \u00fea\u00f0 sama.<\/p>\n<p style=\"text-align: left;\">\u00c9g n\u00e1\u00f0i engri g\u00f3\u00f0ri mynd af d\u00e6miger\u00f0um gr\u00e6nmetissala en fann \u00feessa \u00e1 netinu. Gr\u00e6nu bananarnir \u00e1 myndinni heita matoke. \u00deeir ver\u00f0a ekki s\u00e6tir heldur minna meira \u00e1 kart\u00f6flur og eru uppista\u00f0an \u00ed f\u00e6\u00f0i margra.<\/p>\n<p style=\"text-align: center;\"><img loading=\"lazy\" decoding=\"async\" class=\"aligncenter size-full wp-image-1537\" src=\"http:\/\/www.norn.is\/liljur-vallarins\/wp-content\/uploads\/sites\/27\/2013\/04\/ug2-1024x768.jpg\" alt=\"\" width=\"1024\" height=\"768\" srcset=\"https:\/\/www.norn.is\/liljur-vallarins\/wp-content\/uploads\/sites\/27\/2013\/04\/ug2-1024x768.jpg 1024w, https:\/\/www.norn.is\/liljur-vallarins\/wp-content\/uploads\/sites\/27\/2013\/04\/ug2-1024x768-300x225.jpg 300w, https:\/\/www.norn.is\/liljur-vallarins\/wp-content\/uploads\/sites\/27\/2013\/04\/ug2-1024x768-768x576.jpg 768w, https:\/\/www.norn.is\/liljur-vallarins\/wp-content\/uploads\/sites\/27\/2013\/04\/ug2-1024x768-400x300.jpg 400w\" sizes=\"auto, (max-width: 1024px) 100vw, 1024px\" \/><\/p>\n<p style=\"text-align: left;\">A\u00f0 lokum fundum vi\u00f0 einn gr\u00e6nmetissala sem bau\u00f0 upp \u00e1 fleira en bara matoke e\u00f0a kart\u00f6flur e\u00f0a ananas. S\u00e1 seldi einnig ferskt kj\u00f6t, sem st\u00f3\u00f0 \u00f3vari\u00f0 \u00e1 bor\u00f0i \u00ed s\u00f3linni, flugum til \u00e1n\u00e6gju, og notu\u00f0 h\u00fasg\u00f6gn.<\/p>\n<p style=\"text-align: center;\"><img loading=\"lazy\" decoding=\"async\" class=\"aligncenter size-full wp-image-1538\" src=\"http:\/\/www.norn.is\/liljur-vallarins\/wp-content\/uploads\/sites\/27\/2013\/04\/ug3-1024x768.jpg\" alt=\"\" width=\"1024\" height=\"768\" srcset=\"https:\/\/www.norn.is\/liljur-vallarins\/wp-content\/uploads\/sites\/27\/2013\/04\/ug3-1024x768.jpg 1024w, https:\/\/www.norn.is\/liljur-vallarins\/wp-content\/uploads\/sites\/27\/2013\/04\/ug3-1024x768-300x225.jpg 300w, https:\/\/www.norn.is\/liljur-vallarins\/wp-content\/uploads\/sites\/27\/2013\/04\/ug3-1024x768-768x576.jpg 768w, https:\/\/www.norn.is\/liljur-vallarins\/wp-content\/uploads\/sites\/27\/2013\/04\/ug3-1024x768-400x300.jpg 400w\" sizes=\"auto, (max-width: 1024px) 100vw, 1024px\" \/><strong>\u00c9g held a\u00f0 Eynar hafi langa\u00f0 meira a\u00f0 versla vi\u00f0 vestr\u00e6nu b\u00fa\u00f0ina<br \/>\n<\/strong><\/p>\n<p style=\"text-align: center;\">\u00a0<img loading=\"lazy\" decoding=\"async\" class=\"aligncenter size-full wp-image-1539\" src=\"http:\/\/www.norn.is\/liljur-vallarins\/wp-content\/uploads\/sites\/27\/2013\/04\/ug4-1024x768.jpg\" alt=\"\" width=\"1024\" height=\"768\" srcset=\"https:\/\/www.norn.is\/liljur-vallarins\/wp-content\/uploads\/sites\/27\/2013\/04\/ug4-1024x768.jpg 1024w, https:\/\/www.norn.is\/liljur-vallarins\/wp-content\/uploads\/sites\/27\/2013\/04\/ug4-1024x768-300x225.jpg 300w, https:\/\/www.norn.is\/liljur-vallarins\/wp-content\/uploads\/sites\/27\/2013\/04\/ug4-1024x768-768x576.jpg 768w, https:\/\/www.norn.is\/liljur-vallarins\/wp-content\/uploads\/sites\/27\/2013\/04\/ug4-1024x768-400x300.jpg 400w\" sizes=\"auto, (max-width: 1024px) 100vw, 1024px\" \/><\/p>\n<p style=\"text-align: center;\"><strong>Hvort m\u00e1 bj\u00f3\u00f0a \u00fe\u00e9r nota\u00f0an s\u00f3fa e\u00f0a kart\u00f6flur?<\/strong><\/p>\n<p style=\"text-align: left;\">Vi\u00f0 bor\u00f0u\u00f0um grilla\u00f0a nautalund um kv\u00f6ldi\u00f0 og um \u00fea\u00f0 leyti sem vi\u00f0 vorum a\u00f0 setjast til bor\u00f0s upph\u00f3fst mikill gle\u00f0skapur ni\u00f0ri \u00ed b\u00e6. Born Again kirkjan byrju\u00f0 a\u00f0 djamma, var okkur sagt. Almennt skemmtanal\u00edf t\u00f3k svo vi\u00f0. Vi\u00f0 vorum dau\u00f0\u00fereytt eftir margra klukkut\u00edma bi\u00f0 \u00e1 flugv\u00f6llum og n\u00e6turflug en \u00fea\u00f0 var greinilega miki\u00f0 um a\u00f0 vera og \u00e9g var ekki viss um a\u00f0 vi\u00f0 fengjum anna\u00f0 eins t\u00e6kif\u00e6ri til a\u00f0 l\u00edta \u00e1 n\u00e6turl\u00edfi\u00f0 svo vi\u00f0 r\u00f6ltum ni\u00f0ur \u00ed b\u00e6. Hv\u00edl\u00edk mannmerg\u00f0. Hver einasta gata eins og Reykjav\u00edk \u00e1 menningarn\u00f3tt en auk \u00feess var hl\u00fdtt. Me\u00f0fram g\u00f6tunni st\u00f3\u00f0u \u00f3hrj\u00e1leg kolagrill \u00fear sem margir tugir grillspj\u00f3ta me\u00f0 sv\u00ednakj\u00f6ti og kj\u00faklingav\u00e6ngjum l\u00e1gu \u00ed haugum, \u00f3varin \u00ed b\u00edla\u00fatbl\u00e6strinum.<\/p>\n<p style=\"text-align: left;\">Mig dau\u00f0langa\u00f0i a\u00f0 taka mynd en Langsokkur r\u00e9\u00f0i m\u00e9r eindregi\u00f0 fr\u00e1 \u00fev\u00ed. \u00dea\u00f0 er v\u00edst algengt a\u00f0 heimamenn s\u00e9u vi\u00f0kv\u00e6mir fyrir myndat\u00f6kum og kemur fyrir a\u00f0 myndav\u00e9lar og s\u00edmar s\u00e9u hrifsu\u00f0 \u00far h\u00f6ndum t\u00farista. \u00c9g \u00e1kva\u00f0 a\u00f0 geyma myndat\u00f6kur, f\u00e1 frekar vinsamlegt leyfi vi\u00f0 betri a\u00f0st\u00e6\u00f0ur, \u00ed dagsbirtu \u00feegar fyllir\u00ed v\u00e6ri ekki \u00e1berandi. \u00dea\u00f0 var\u00f0 reyndar ekkert af \u00fev\u00ed en \u00e9g fann, eftir mikla leit, myndina h\u00e9r a\u00f0 ne\u00f0an \u00e1 netinu. \u00c9g er d\u00e1l\u00edti\u00f0 hissa \u00e1 \u00fev\u00ed a\u00f0 finna ekki helling af svona myndum \u00fev\u00ed \u00feessi grill eru \u00fati um allt.<\/p>\n<p style=\"text-align: center;\"><img loading=\"lazy\" decoding=\"async\" class=\"aligncenter size-full wp-image-1540\" src=\"http:\/\/www.norn.is\/liljur-vallarins\/wp-content\/uploads\/sites\/27\/2013\/04\/ug5.jpg\" alt=\"\" width=\"640\" height=\"427\" srcset=\"https:\/\/www.norn.is\/liljur-vallarins\/wp-content\/uploads\/sites\/27\/2013\/04\/ug5.jpg 640w, https:\/\/www.norn.is\/liljur-vallarins\/wp-content\/uploads\/sites\/27\/2013\/04\/ug5-300x200.jpg 300w, https:\/\/www.norn.is\/liljur-vallarins\/wp-content\/uploads\/sites\/27\/2013\/04\/ug5-450x300.jpg 450w\" sizes=\"auto, (max-width: 640px) 100vw, 640px\" \/><\/p>\n<p style=\"text-align: left;\">\u00c9g ver\u00f0 a\u00f0 j\u00e1ta a\u00f0 m\u00e9r fannst nautalund Langsokks negrakonungs \u00f6llu ge\u00f0slegri. Fannst samt n\u00e6stum a\u00f0 m\u00e9r b\u00e6ri si\u00f0fer\u00f0ileg skylda til a\u00f0 smakka. Eynar var \u00fev\u00ed hjartanlega\u00a0 \u00f3samm\u00e1la og \u00fea\u00f0 f\u00f3r n\u00fa svo a\u00f0 \u00e9g t\u00edmdi ekki a\u00f0 taka \u00e1h\u00e6ttu \u00e1 a\u00f0 ey\u00f0a t\u00edmanum m\u00ednum \u00ed \u00daganda \u00ed veikindi.<\/p>\n<p style=\"text-align: left;\">Vi\u00f0 f\u00f3rum inn \u00e1 nokkra skemmtista\u00f0i. H\u00e1va\u00f0inn alveg jafn \u00e6randi og \u00e1 vestr\u00e6num b\u00f6rum og \u00f6lvunar\u00e1standi\u00f0 svona eins og vi\u00f0 er a\u00f0 b\u00faast \u00e1 laugardagskv\u00f6ldi \u00ed Reykjav\u00edk. \u00dea\u00f0 sem kom m\u00e9r mest \u00e1 \u00f3vart var a\u00f0 \u00fer\u00e1tt fyrir hauga af rusli me\u00f0fram g\u00f6tunum var\u00f0 \u00e9g var\u00f0 ekkert v\u00f6r vi\u00f0 sorplykt. Kannski drukkna\u00f0i h\u00fan \u00ed megnuninni fr\u00e1 b\u00edlum og v\u00e9lhj\u00f3lum. Sk\u00fdrining er allavega ekki s\u00fa a\u00f0 sorphir\u00f0a s\u00e9 svo g\u00f3\u00f0 h\u00e9rna. Helsta a\u00f0fer\u00f0 f\u00f3lks til a\u00f0 losa sig vi\u00f0 sorp er a\u00f0 brenna \u00fea\u00f0.<\/p>\n<p style=\"text-align: left;\">\u00c9g komst flj\u00f3tlega a\u00f0 \u00fev\u00ed a\u00f0 m\u00e9r hef\u00f0i veri\u00f0 \u00f3h\u00e6tt a\u00f0 fara snemma \u00ed r\u00fami\u00f0 \u00feetta kv\u00f6ld. \u00c9g hef\u00f0i ekki misst af neinu sem er \u00ed bo\u00f0i \u00f6ll kv\u00f6ld vikunnar. \u00cd Kampala stendur gle\u00f0skapurinn fram til kl 6 \u00e1 morgnana, allar n\u00e6tur. \u00dea\u00f0 er alveg sama \u00e1 hva\u00f0a t\u00edma n\u00e6tur ma\u00f0ur vaknar, \u00f3mur af t\u00f3nlist og h\u00e1v\u00e6rum samr\u00e6\u00f0um slitnar ekki fyrr en me\u00f0 morgunb\u00e6num moskunnar.<\/p>\n<p style=\"text-align: left;\">\u00deetta var bara fyrsti dagurinn en n\u00e6stu tv\u00e6r vikur ur\u00f0u eitthvert mesta \u00e6vint\u00fdr sem \u00e9g hef upplifa\u00f0. Vi\u00f0 sko\u00f0u\u00f0um Kampala undir lei\u00f0s\u00f6gn kr\u00fattlegra m\u00f3torhj\u00f3lastr\u00e1ka. Drukkum gin og t\u00f3nik \u00e1 b\u00f6kkum N\u00edlar, f\u00f3rum \u00ed skemmtisiglingu og fl\u00fa\u00f0asiglingu og sko\u00f0u\u00f0um Murchisons \u00fej\u00f3\u00f0gar\u00f0inn.<\/p>\n<p style=\"text-align: left;\"><img loading=\"lazy\" decoding=\"async\" class=\"alignleft wp-image-1541 size-full\" src=\"http:\/\/www.norn.is\/liljur-vallarins\/wp-content\/uploads\/sites\/27\/2013\/04\/ug6.jpg\" alt=\"\" width=\"300\" height=\"284\" \/>\u00c9g hitti marga f\u00edla, lj\u00f3n og kr\u00f3k\u00f3d\u00edla en bara tv\u00e6r mosk\u00edt\u00f3flugur. Var svo heppin a\u00f0 f\u00e1 engin \u00fatbrot e\u00f0a \u00f6nnur \u00f3\u00fe\u00e6gindi eftir \u00feau vafas\u00f6mu kynni.<\/p>\n<p style=\"text-align: left;\">Au\u00f0vita\u00f0 hj\u00e1lpa\u00f0i \u00fea\u00f0 til a\u00f0 vi\u00f0 sv\u00e1fum \u00ed \u00feessu r\u00fami og svo brennir Langsokkur negrak\u00f3ngur s\u00e9rst\u00f6k reykelsi sem f\u00e6la mosk\u00edt\u00f3flugurnar burtu \u00fati \u00e1 ver\u00f6ndinni \u00e1 kv\u00f6ldin.<\/p>\n<p>Fr\u00e1b\u00e6r fer\u00f0 \u00ed alla sta\u00f0i. \u00deetta er bara fyrsta f\u00e6rsla af m\u00f6rgum.<\/p>\n<p style=\"text-align: left;\">\n","protected":false},"excerpt":{"rendered":"<p>\u00dagandafer\u00f0in f\u00f3r langt fram \u00far v\u00e6ntingum. Langsokkur negrak\u00f3ngur reyndist hinn mesti h\u00f6f\u00f0ingi heim a\u00f0 s\u00e6kja og auk \u00feess hinn pr\u00fd\u00f0ilegasti\u00a0 lei\u00f0s\u00f6guma\u00f0ur. Meira a\u00f0 segja Eynar, sem \u00fe\u00f3ttist n\u00fa r\u00e9tt m\u00e1tulega spenntur \u00feegar vi\u00f0 l\u00f6g\u00f0um af sta\u00f0, talar um a\u00f0 fara &hellip; <a href=\"https:\/\/www.norn.is\/liljur-vallarins\/2013\/04\/01\/dagur-eitt-uganda\/\">Halda \u00e1fram a\u00f0 lesa <span class=\"meta-nav\">&rarr;<\/span><\/a><\/p>\n","protected":false},"author":2,"featured_media":0,"comment_status":"closed","ping_status":"closed","sticky":false,"template":"","format":"standard","meta":{"footnotes":"","_links_to":"","_links_to_target":""},"categories":[1,139],"tags":[132,133],"class_list":["post-1351","post","type-post","status-publish","format-standard","hentry","category-allt-efni","category-uganda","tag-ferdalog","tag-menning"],"yoast_head":"<!-- This site is optimized with the Yoast SEO plugin v27.4 - https:\/\/yoast.com\/product\/yoast-seo-wordpress\/ -->\n<title>Dagur eitt \u00ed \u00daganda - Liljur vallarins<\/title>\n<meta name=\"robots\" content=\"index, follow, max-snippet:-1, max-image-preview:large, max-video-preview:-1\" \/>\n<link rel=\"canonical\" href=\"https:\/\/www.norn.is\/liljur-vallarins\/2013\/04\/01\/dagur-eitt-uganda\/\" \/>\n<meta property=\"og:locale\" content=\"is_IS\" \/>\n<meta property=\"og:type\" content=\"article\" \/>\n<meta property=\"og:title\" content=\"Dagur eitt \u00ed \u00daganda - Liljur vallarins\" \/>\n<meta property=\"og:description\" content=\"\u00dagandafer\u00f0in f\u00f3r langt fram \u00far v\u00e6ntingum. Langsokkur negrak\u00f3ngur reyndist hinn mesti h\u00f6f\u00f0ingi heim a\u00f0 s\u00e6kja og auk \u00feess hinn pr\u00fd\u00f0ilegasti\u00a0 lei\u00f0s\u00f6guma\u00f0ur. Meira a\u00f0 segja Eynar, sem \u00fe\u00f3ttist n\u00fa r\u00e9tt m\u00e1tulega spenntur \u00feegar vi\u00f0 l\u00f6g\u00f0um af sta\u00f0, talar um a\u00f0 fara &hellip; Halda \u00e1fram a\u00f0 lesa &rarr;\" \/>\n<meta property=\"og:url\" content=\"https:\/\/www.norn.is\/liljur-vallarins\/2013\/04\/01\/dagur-eitt-uganda\/\" \/>\n<meta property=\"og:site_name\" content=\"Liljur vallarins\" \/>\n<meta property=\"article:published_time\" content=\"2013-04-01T23:50:25+00:00\" \/>\n<meta property=\"article:modified_time\" content=\"2019-05-19T21:11:12+00:00\" \/>\n<meta property=\"og:image\" content=\"http:\/\/www.norn.is\/liljur-vallarins\/wp-content\/uploads\/sites\/27\/2013\/04\/ug1-1024x768.jpg\" \/>\n<meta name=\"author\" content=\"Eva Hauksd\u00f3ttir\" \/>\n<meta name=\"twitter:card\" content=\"summary_large_image\" \/>\n<meta name=\"twitter:label1\" content=\"Written by\" \/>\n\t<meta name=\"twitter:data1\" content=\"\" \/>\n\t<meta name=\"twitter:label2\" content=\"Est. reading time\" \/>\n\t<meta name=\"twitter:data2\" content=\"6 minutes\" \/>\n<script type=\"application\/ld+json\" class=\"yoast-schema-graph\">{\"@context\":\"https:\\\/\\\/schema.org\",\"@graph\":[{\"@type\":\"Article\",\"@id\":\"https:\\\/\\\/www.norn.is\\\/liljur-vallarins\\\/2013\\\/04\\\/01\\\/dagur-eitt-uganda\\\/#article\",\"isPartOf\":{\"@id\":\"https:\\\/\\\/www.norn.is\\\/liljur-vallarins\\\/2013\\\/04\\\/01\\\/dagur-eitt-uganda\\\/\"},\"author\":{\"name\":\"Eva Hauksd\u00f3ttir\",\"@id\":\"https:\\\/\\\/www.norn.is\\\/liljur-vallarins\\\/#\\\/schema\\\/person\\\/2eb0fcae9e1ecc61987f7ed9c878531c\"},\"headline\":\"Dagur eitt \u00ed \u00daganda\",\"datePublished\":\"2013-04-01T23:50:25+00:00\",\"dateModified\":\"2019-05-19T21:11:12+00:00\",\"mainEntityOfPage\":{\"@id\":\"https:\\\/\\\/www.norn.is\\\/liljur-vallarins\\\/2013\\\/04\\\/01\\\/dagur-eitt-uganda\\\/\"},\"wordCount\":1148,\"image\":{\"@id\":\"https:\\\/\\\/www.norn.is\\\/liljur-vallarins\\\/2013\\\/04\\\/01\\\/dagur-eitt-uganda\\\/#primaryimage\"},\"thumbnailUrl\":\"http:\\\/\\\/www.norn.is\\\/liljur-vallarins\\\/wp-content\\\/uploads\\\/sites\\\/27\\\/2013\\\/04\\\/ug1-1024x768.jpg\",\"keywords\":[\"Fer\u00f0al\u00f6g\",\"menning\"],\"articleSection\":[\"Allt efni\",\"\u00daganda\"],\"inLanguage\":\"is\"},{\"@type\":\"WebPage\",\"@id\":\"https:\\\/\\\/www.norn.is\\\/liljur-vallarins\\\/2013\\\/04\\\/01\\\/dagur-eitt-uganda\\\/\",\"url\":\"https:\\\/\\\/www.norn.is\\\/liljur-vallarins\\\/2013\\\/04\\\/01\\\/dagur-eitt-uganda\\\/\",\"name\":\"Dagur eitt \u00ed \u00daganda - Liljur vallarins\",\"isPartOf\":{\"@id\":\"https:\\\/\\\/www.norn.is\\\/liljur-vallarins\\\/#website\"},\"primaryImageOfPage\":{\"@id\":\"https:\\\/\\\/www.norn.is\\\/liljur-vallarins\\\/2013\\\/04\\\/01\\\/dagur-eitt-uganda\\\/#primaryimage\"},\"image\":{\"@id\":\"https:\\\/\\\/www.norn.is\\\/liljur-vallarins\\\/2013\\\/04\\\/01\\\/dagur-eitt-uganda\\\/#primaryimage\"},\"thumbnailUrl\":\"http:\\\/\\\/www.norn.is\\\/liljur-vallarins\\\/wp-content\\\/uploads\\\/sites\\\/27\\\/2013\\\/04\\\/ug1-1024x768.jpg\",\"datePublished\":\"2013-04-01T23:50:25+00:00\",\"dateModified\":\"2019-05-19T21:11:12+00:00\",\"author\":{\"@id\":\"https:\\\/\\\/www.norn.is\\\/liljur-vallarins\\\/#\\\/schema\\\/person\\\/2eb0fcae9e1ecc61987f7ed9c878531c\"},\"breadcrumb\":{\"@id\":\"https:\\\/\\\/www.norn.is\\\/liljur-vallarins\\\/2013\\\/04\\\/01\\\/dagur-eitt-uganda\\\/#breadcrumb\"},\"inLanguage\":\"is\",\"potentialAction\":[{\"@type\":\"ReadAction\",\"target\":[\"https:\\\/\\\/www.norn.is\\\/liljur-vallarins\\\/2013\\\/04\\\/01\\\/dagur-eitt-uganda\\\/\"]}]},{\"@type\":\"ImageObject\",\"inLanguage\":\"is\",\"@id\":\"https:\\\/\\\/www.norn.is\\\/liljur-vallarins\\\/2013\\\/04\\\/01\\\/dagur-eitt-uganda\\\/#primaryimage\",\"url\":\"http:\\\/\\\/www.norn.is\\\/liljur-vallarins\\\/wp-content\\\/uploads\\\/sites\\\/27\\\/2013\\\/04\\\/ug1-1024x768.jpg\",\"contentUrl\":\"http:\\\/\\\/www.norn.is\\\/liljur-vallarins\\\/wp-content\\\/uploads\\\/sites\\\/27\\\/2013\\\/04\\\/ug1-1024x768.jpg\"},{\"@type\":\"BreadcrumbList\",\"@id\":\"https:\\\/\\\/www.norn.is\\\/liljur-vallarins\\\/2013\\\/04\\\/01\\\/dagur-eitt-uganda\\\/#breadcrumb\",\"itemListElement\":[{\"@type\":\"ListItem\",\"position\":1,\"name\":\"Home\",\"item\":\"https:\\\/\\\/www.norn.is\\\/liljur-vallarins\\\/\"},{\"@type\":\"ListItem\",\"position\":2,\"name\":\"Dagur eitt \u00ed \u00daganda\"}]},{\"@type\":\"WebSite\",\"@id\":\"https:\\\/\\\/www.norn.is\\\/liljur-vallarins\\\/#website\",\"url\":\"https:\\\/\\\/www.norn.is\\\/liljur-vallarins\\\/\",\"name\":\"Liljur vallarins\",\"description\":\"\",\"potentialAction\":[{\"@type\":\"SearchAction\",\"target\":{\"@type\":\"EntryPoint\",\"urlTemplate\":\"https:\\\/\\\/www.norn.is\\\/liljur-vallarins\\\/?s={search_term_string}\"},\"query-input\":{\"@type\":\"PropertyValueSpecification\",\"valueRequired\":true,\"valueName\":\"search_term_string\"}}],\"inLanguage\":\"is\"},{\"@type\":\"Person\",\"@id\":\"https:\\\/\\\/www.norn.is\\\/liljur-vallarins\\\/#\\\/schema\\\/person\\\/2eb0fcae9e1ecc61987f7ed9c878531c\",\"name\":\"Eva Hauksd\u00f3ttir\",\"sameAs\":[\"http:\\\/\\\/www.norn.is\"],\"url\":\"https:\\\/\\\/www.norn.is\\\/liljur-vallarins\\\/author\\\/eva\\\/\"}]}<\/script>\n<!-- \/ Yoast SEO plugin. -->","yoast_head_json":{"title":"Dagur eitt \u00ed \u00daganda - Liljur vallarins","robots":{"index":"index","follow":"follow","max-snippet":"max-snippet:-1","max-image-preview":"max-image-preview:large","max-video-preview":"max-video-preview:-1"},"canonical":"https:\/\/www.norn.is\/liljur-vallarins\/2013\/04\/01\/dagur-eitt-uganda\/","og_locale":"is_IS","og_type":"article","og_title":"Dagur eitt \u00ed \u00daganda - Liljur vallarins","og_description":"\u00dagandafer\u00f0in f\u00f3r langt fram \u00far v\u00e6ntingum. Langsokkur negrak\u00f3ngur reyndist hinn mesti h\u00f6f\u00f0ingi heim a\u00f0 s\u00e6kja og auk \u00feess hinn pr\u00fd\u00f0ilegasti\u00a0 lei\u00f0s\u00f6guma\u00f0ur. Meira a\u00f0 segja Eynar, sem \u00fe\u00f3ttist n\u00fa r\u00e9tt m\u00e1tulega spenntur \u00feegar vi\u00f0 l\u00f6g\u00f0um af sta\u00f0, talar um a\u00f0 fara &hellip; Halda \u00e1fram a\u00f0 lesa &rarr;","og_url":"https:\/\/www.norn.is\/liljur-vallarins\/2013\/04\/01\/dagur-eitt-uganda\/","og_site_name":"Liljur vallarins","article_published_time":"2013-04-01T23:50:25+00:00","article_modified_time":"2019-05-19T21:11:12+00:00","og_image":[{"url":"http:\/\/www.norn.is\/liljur-vallarins\/wp-content\/uploads\/sites\/27\/2013\/04\/ug1-1024x768.jpg","type":"","width":"","height":""}],"author":"Eva Hauksd\u00f3ttir","twitter_card":"summary_large_image","twitter_misc":{"Written by":false,"Est. reading time":"6 minutes"},"schema":{"@context":"https:\/\/schema.org","@graph":[{"@type":"Article","@id":"https:\/\/www.norn.is\/liljur-vallarins\/2013\/04\/01\/dagur-eitt-uganda\/#article","isPartOf":{"@id":"https:\/\/www.norn.is\/liljur-vallarins\/2013\/04\/01\/dagur-eitt-uganda\/"},"author":{"name":"Eva Hauksd\u00f3ttir","@id":"https:\/\/www.norn.is\/liljur-vallarins\/#\/schema\/person\/2eb0fcae9e1ecc61987f7ed9c878531c"},"headline":"Dagur eitt \u00ed \u00daganda","datePublished":"2013-04-01T23:50:25+00:00","dateModified":"2019-05-19T21:11:12+00:00","mainEntityOfPage":{"@id":"https:\/\/www.norn.is\/liljur-vallarins\/2013\/04\/01\/dagur-eitt-uganda\/"},"wordCount":1148,"image":{"@id":"https:\/\/www.norn.is\/liljur-vallarins\/2013\/04\/01\/dagur-eitt-uganda\/#primaryimage"},"thumbnailUrl":"http:\/\/www.norn.is\/liljur-vallarins\/wp-content\/uploads\/sites\/27\/2013\/04\/ug1-1024x768.jpg","keywords":["Fer\u00f0al\u00f6g","menning"],"articleSection":["Allt efni","\u00daganda"],"inLanguage":"is"},{"@type":"WebPage","@id":"https:\/\/www.norn.is\/liljur-vallarins\/2013\/04\/01\/dagur-eitt-uganda\/","url":"https:\/\/www.norn.is\/liljur-vallarins\/2013\/04\/01\/dagur-eitt-uganda\/","name":"Dagur eitt \u00ed \u00daganda - Liljur vallarins","isPartOf":{"@id":"https:\/\/www.norn.is\/liljur-vallarins\/#website"},"primaryImageOfPage":{"@id":"https:\/\/www.norn.is\/liljur-vallarins\/2013\/04\/01\/dagur-eitt-uganda\/#primaryimage"},"image":{"@id":"https:\/\/www.norn.is\/liljur-vallarins\/2013\/04\/01\/dagur-eitt-uganda\/#primaryimage"},"thumbnailUrl":"http:\/\/www.norn.is\/liljur-vallarins\/wp-content\/uploads\/sites\/27\/2013\/04\/ug1-1024x768.jpg","datePublished":"2013-04-01T23:50:25+00:00","dateModified":"2019-05-19T21:11:12+00:00","author":{"@id":"https:\/\/www.norn.is\/liljur-vallarins\/#\/schema\/person\/2eb0fcae9e1ecc61987f7ed9c878531c"},"breadcrumb":{"@id":"https:\/\/www.norn.is\/liljur-vallarins\/2013\/04\/01\/dagur-eitt-uganda\/#breadcrumb"},"inLanguage":"is","potentialAction":[{"@type":"ReadAction","target":["https:\/\/www.norn.is\/liljur-vallarins\/2013\/04\/01\/dagur-eitt-uganda\/"]}]},{"@type":"ImageObject","inLanguage":"is","@id":"https:\/\/www.norn.is\/liljur-vallarins\/2013\/04\/01\/dagur-eitt-uganda\/#primaryimage","url":"http:\/\/www.norn.is\/liljur-vallarins\/wp-content\/uploads\/sites\/27\/2013\/04\/ug1-1024x768.jpg","contentUrl":"http:\/\/www.norn.is\/liljur-vallarins\/wp-content\/uploads\/sites\/27\/2013\/04\/ug1-1024x768.jpg"},{"@type":"BreadcrumbList","@id":"https:\/\/www.norn.is\/liljur-vallarins\/2013\/04\/01\/dagur-eitt-uganda\/#breadcrumb","itemListElement":[{"@type":"ListItem","position":1,"name":"Home","item":"https:\/\/www.norn.is\/liljur-vallarins\/"},{"@type":"ListItem","position":2,"name":"Dagur eitt \u00ed \u00daganda"}]},{"@type":"WebSite","@id":"https:\/\/www.norn.is\/liljur-vallarins\/#website","url":"https:\/\/www.norn.is\/liljur-vallarins\/","name":"Liljur vallarins","description":"","potentialAction":[{"@type":"SearchAction","target":{"@type":"EntryPoint","urlTemplate":"https:\/\/www.norn.is\/liljur-vallarins\/?s={search_term_string}"},"query-input":{"@type":"PropertyValueSpecification","valueRequired":true,"valueName":"search_term_string"}}],"inLanguage":"is"},{"@type":"Person","@id":"https:\/\/www.norn.is\/liljur-vallarins\/#\/schema\/person\/2eb0fcae9e1ecc61987f7ed9c878531c","name":"Eva Hauksd\u00f3ttir","sameAs":["http:\/\/www.norn.is"],"url":"https:\/\/www.norn.is\/liljur-vallarins\/author\/eva\/"}]}},"_links":{"self":[{"href":"https:\/\/www.norn.is\/liljur-vallarins\/wp-json\/wp\/v2\/posts\/1351","targetHints":{"allow":["GET"]}}],"collection":[{"href":"https:\/\/www.norn.is\/liljur-vallarins\/wp-json\/wp\/v2\/posts"}],"about":[{"href":"https:\/\/www.norn.is\/liljur-vallarins\/wp-json\/wp\/v2\/types\/post"}],"author":[{"embeddable":true,"href":"https:\/\/www.norn.is\/liljur-vallarins\/wp-json\/wp\/v2\/users\/2"}],"replies":[{"embeddable":true,"href":"https:\/\/www.norn.is\/liljur-vallarins\/wp-json\/wp\/v2\/comments?post=1351"}],"version-history":[{"count":3,"href":"https:\/\/www.norn.is\/liljur-vallarins\/wp-json\/wp\/v2\/posts\/1351\/revisions"}],"predecessor-version":[{"id":1542,"href":"https:\/\/www.norn.is\/liljur-vallarins\/wp-json\/wp\/v2\/posts\/1351\/revisions\/1542"}],"wp:attachment":[{"href":"https:\/\/www.norn.is\/liljur-vallarins\/wp-json\/wp\/v2\/media?parent=1351"}],"wp:term":[{"taxonomy":"category","embeddable":true,"href":"https:\/\/www.norn.is\/liljur-vallarins\/wp-json\/wp\/v2\/categories?post=1351"},{"taxonomy":"post_tag","embeddable":true,"href":"https:\/\/www.norn.is\/liljur-vallarins\/wp-json\/wp\/v2\/tags?post=1351"}],"curies":[{"name":"wp","href":"https:\/\/api.w.org\/{rel}","templated":true}]}}