{"id":1338,"date":"2012-02-15T13:25:59","date_gmt":"2012-02-15T13:25:59","guid":{"rendered":"http:\/\/www.norn.is\/liljur-vallarins\/?p=1338"},"modified":"2019-05-02T06:37:44","modified_gmt":"2019-05-02T06:37:44","slug":"gvud-er-annadhvort-feitur-eda-hrukkottur","status":"publish","type":"post","link":"https:\/\/www.norn.is\/liljur-vallarins\/2012\/02\/15\/gvud-er-annadhvort-feitur-eda-hrukkottur\/","title":{"rendered":"Gvu\u00f0 er anna\u00f0hvort feitur e\u00f0a hrukk\u00f3ttur"},"content":{"rendered":"<p>\u00deegar Gvu\u00f0 skapa\u00f0i manninn \u00ed sinni mynd hefur\u00a0hann sennilega veri\u00f0 me\u00f0 atvinnusk\u00f6pun \u00ed huga. \u201cV\u00e9r viljum skapa mann eftir mynd vorri, svo heilsufr\u00f6mu\u00f0ir, snyrtifr\u00e6\u00f0ingar, t\u00edskuh\u00f6nnu\u00f0ir, h\u00e1rfr\u00ed\u00f0kur og lj\u00f3smyndarar, \u00feurfi ekki a\u00f0 s\u00e6kja um listamannalaun\u201d hefur hann hugsa\u00f0. \u00a0Gvu\u00f0 er nefnilega anna\u00f0hvort feitur e\u00f0a hrukk\u00f3ttur, gott ef hann er ekki sk\u00f6ll\u00f3ttur og me\u00f0 l\u00edti\u00f0 typpi og sigin brj\u00f3st og b\u00f3lur \u00ed \u00feokkab\u00f3t.<\/p>\n<p><a href=\"https:\/\/web.archive.org\/web\/20120219021538\/http:\/\/www.pistillinn.is\/wp-content\/uploads\/2012\/02\/Adele.png\"><img loading=\"lazy\" decoding=\"async\" title=\"Adele\" src=\"https:\/\/web.archive.org\/web\/20120219021538im_\/http:\/\/www.pistillinn.is\/wp-content\/uploads\/2012\/02\/Adele.png\" alt=\"\" width=\"188\" height=\"266\" \/><\/a>\u00a0 \u00a0 \u00a0 \u00a0 \u00a0 \u00a0 \u00a0 \u00a0 \u00a0 \u00a0 \u00a0 \u00a0\u00a0<a href=\"https:\/\/web.archive.org\/web\/20120219021538\/http:\/\/www.pistillinn.is\/wp-content\/uploads\/2012\/02\/Adele-3.png\"><img loading=\"lazy\" decoding=\"async\" title=\"Adele 3\" src=\"https:\/\/web.archive.org\/web\/20120219021538im_\/http:\/\/www.pistillinn.is\/wp-content\/uploads\/2012\/02\/Adele-3.png\" alt=\"\" width=\"221\" height=\"223\" \/><br \/>\n<\/a>Hrukkuleysi er blessun feita f\u00f3lksins.\u00a0L\u00edfstykki og fl\u00edkur sem blekkja auga\u00f0\u00a0gera svo g\u00e6fumuninn og me\u00f0 h\u00e1rgrei\u00f0slu og fagmannlegri f\u00f6r\u00f0un geta\u00a0allir or\u00f0i\u00f0 \u00e6gifagrir.<br \/>\nE\u00f0a a.m.k. a\u00f0la\u00f0andi.<\/p>\n<p><a href=\"https:\/\/web.archive.org\/web\/20120219021538\/http:\/\/www.pistillinn.is\/wp-content\/uploads\/2012\/02\/Adele-2.png\"><img loading=\"lazy\" decoding=\"async\" class=\"alignleft\" title=\"Adele 2\" src=\"https:\/\/web.archive.org\/web\/20120219021538im_\/http:\/\/www.pistillinn.is\/wp-content\/uploads\/2012\/02\/Adele-2.png\" alt=\"\" width=\"280\" height=\"176\" \/><\/a>Ekkert kemur \u00fe\u00f3 \u00ed sta\u00f0inn fyrir g\u00f3\u00f0a myndvinnslu.<\/p>\n<p>Myndir sem l\u00edta \u00fat eins og f\u00f3lki s\u00e9 \u00far plasti, orka yfirleitt \u00f3\u00fe\u00e6gilega \u00e1 mig. En fokk \u00ed helv\u00edti, \u00e9g ver\u00f0 a\u00f0 vi\u00f0urkenna a\u00f0 \u00feetta er bara bj\u00fat\u00edf\u00fal.<\/p>\n<p>\u00c9g er h\u00e6tt vi\u00f0 a\u00f0 fara \u00ed megrun. B\u00e6ti frekar \u00e1 mig spiki. \u00dea\u00f0 er nefnilega h\u00e6gt a\u00f0 kl\u00e6\u00f0a af s\u00e9r verstu keppina en \u00fea\u00f0 er svo mikil vinna a\u00f0 spartsla \u00ed hrukkur a\u00f0 \u00e9g \u00e1 aldrei eftir a\u00f0 nenna a\u00f0 gera \u00fea\u00f0 daglega.<\/p>\n<p>\u00c9g er \u00e1 lei\u00f0inni \u00ed b\u00e6inn me\u00f0 yndislega, g\u00e1fa\u00f0a, hrukk\u00f3tta, skemmtilega, gr\u00e1h\u00e6r\u00f0a, hugmyndar\u00edka, hjartahl\u00fdja manninum m\u00ednum sem elskar l\u00e6rapokana \u00e1 m\u00e9r og finnst \u00e9g falleg n\u00fdv\u00f6knu\u00f0, krumpu\u00f0 \u00ed framan og me\u00f0 h\u00e1ri\u00f0 \u00fat \u00ed lofti\u00f0 en finnst samt gaman a\u00f0 sj\u00e1 mig vel tilhaf\u00f0a. Hann \u00e6tlar a\u00f0 kaupa handa m\u00e9r falleg f\u00f6t og hlutgera mig \u00ed druslur.<\/p>\n<p>\u00c9g \u00e6tla a\u00f0 bi\u00f0ja hann a\u00f0 gefa m\u00e9r f\u00f3t\u00f3sjopp \u00ed afm\u00e6lisgj\u00f6f \u2013 og allt ver\u00f0ur fullkomi\u00f0.<\/p>\n","protected":false},"excerpt":{"rendered":"<p>\u00deegar Gvu\u00f0 skapa\u00f0i manninn \u00ed sinni mynd hefur\u00a0hann sennilega veri\u00f0 me\u00f0 atvinnusk\u00f6pun \u00ed huga. \u201cV\u00e9r viljum skapa mann eftir mynd vorri, svo heilsufr\u00f6mu\u00f0ir, snyrtifr\u00e6\u00f0ingar, t\u00edskuh\u00f6nnu\u00f0ir, h\u00e1rfr\u00ed\u00f0kur og lj\u00f3smyndarar, \u00feurfi ekki a\u00f0 s\u00e6kja um listamannalaun\u201d hefur hann hugsa\u00f0. \u00a0Gvu\u00f0 er nefnilega &hellip; <a href=\"https:\/\/www.norn.is\/liljur-vallarins\/2012\/02\/15\/gvud-er-annadhvort-feitur-eda-hrukkottur\/\">Halda \u00e1fram a\u00f0 lesa <span class=\"meta-nav\">&rarr;<\/span><\/a><\/p>\n","protected":false},"author":2,"featured_media":0,"comment_status":"closed","ping_status":"closed","sticky":false,"template":"","format":"standard","meta":{"footnotes":"","_links_to":"","_links_to_target":""},"categories":[1],"tags":[136],"class_list":["post-1338","post","type-post","status-publish","format-standard","hentry","category-allt-efni","tag-hvunndags"],"yoast_head":"<!-- This site is optimized with the Yoast SEO plugin v27.5 - https:\/\/yoast.com\/product\/yoast-seo-wordpress\/ -->\n<title>Gvu\u00f0 er anna\u00f0hvort feitur e\u00f0a hrukk\u00f3ttur - Liljur vallarins<\/title>\n<meta name=\"robots\" content=\"index, follow, max-snippet:-1, max-image-preview:large, max-video-preview:-1\" \/>\n<link rel=\"canonical\" href=\"https:\/\/www.norn.is\/liljur-vallarins\/2012\/02\/15\/gvud-er-annadhvort-feitur-eda-hrukkottur\/\" \/>\n<meta property=\"og:locale\" content=\"is_IS\" \/>\n<meta property=\"og:type\" content=\"article\" \/>\n<meta property=\"og:title\" content=\"Gvu\u00f0 er anna\u00f0hvort feitur e\u00f0a hrukk\u00f3ttur - Liljur vallarins\" \/>\n<meta property=\"og:description\" content=\"\u00deegar Gvu\u00f0 skapa\u00f0i manninn \u00ed sinni mynd hefur\u00a0hann sennilega veri\u00f0 me\u00f0 atvinnusk\u00f6pun \u00ed huga. \u201cV\u00e9r viljum skapa mann eftir mynd vorri, svo heilsufr\u00f6mu\u00f0ir, snyrtifr\u00e6\u00f0ingar, t\u00edskuh\u00f6nnu\u00f0ir, h\u00e1rfr\u00ed\u00f0kur og lj\u00f3smyndarar, \u00feurfi ekki a\u00f0 s\u00e6kja um listamannalaun\u201d hefur hann hugsa\u00f0. \u00a0Gvu\u00f0 er nefnilega &hellip; Halda \u00e1fram a\u00f0 lesa &rarr;\" \/>\n<meta property=\"og:url\" content=\"https:\/\/www.norn.is\/liljur-vallarins\/2012\/02\/15\/gvud-er-annadhvort-feitur-eda-hrukkottur\/\" \/>\n<meta property=\"og:site_name\" content=\"Liljur vallarins\" \/>\n<meta property=\"article:published_time\" content=\"2012-02-15T13:25:59+00:00\" \/>\n<meta property=\"article:modified_time\" content=\"2019-05-02T06:37:44+00:00\" \/>\n<meta property=\"og:image\" content=\"https:\/\/web.archive.org\/web\/20120219021538im_\/http:\/\/www.pistillinn.is\/wp-content\/uploads\/2012\/02\/Adele.png\" \/>\n<meta name=\"author\" content=\"Eva Hauksd\u00f3ttir\" \/>\n<meta name=\"twitter:card\" content=\"summary_large_image\" \/>\n<meta name=\"twitter:label1\" content=\"Written by\" \/>\n\t<meta name=\"twitter:data1\" content=\"\" \/>\n\t<meta name=\"twitter:label2\" content=\"Est. reading time\" \/>\n\t<meta name=\"twitter:data2\" content=\"1 minute\" \/>\n<script type=\"application\/ld+json\" class=\"yoast-schema-graph\">{\"@context\":\"https:\\\/\\\/schema.org\",\"@graph\":[{\"@type\":\"Article\",\"@id\":\"https:\\\/\\\/www.norn.is\\\/liljur-vallarins\\\/2012\\\/02\\\/15\\\/gvud-er-annadhvort-feitur-eda-hrukkottur\\\/#article\",\"isPartOf\":{\"@id\":\"https:\\\/\\\/www.norn.is\\\/liljur-vallarins\\\/2012\\\/02\\\/15\\\/gvud-er-annadhvort-feitur-eda-hrukkottur\\\/\"},\"author\":{\"name\":\"Eva Hauksd\u00f3ttir\",\"@id\":\"https:\\\/\\\/www.norn.is\\\/liljur-vallarins\\\/#\\\/schema\\\/person\\\/2eb0fcae9e1ecc61987f7ed9c878531c\"},\"headline\":\"Gvu\u00f0 er anna\u00f0hvort feitur e\u00f0a hrukk\u00f3ttur\",\"datePublished\":\"2012-02-15T13:25:59+00:00\",\"dateModified\":\"2019-05-02T06:37:44+00:00\",\"mainEntityOfPage\":{\"@id\":\"https:\\\/\\\/www.norn.is\\\/liljur-vallarins\\\/2012\\\/02\\\/15\\\/gvud-er-annadhvort-feitur-eda-hrukkottur\\\/\"},\"wordCount\":308,\"image\":{\"@id\":\"https:\\\/\\\/www.norn.is\\\/liljur-vallarins\\\/2012\\\/02\\\/15\\\/gvud-er-annadhvort-feitur-eda-hrukkottur\\\/#primaryimage\"},\"thumbnailUrl\":\"https:\\\/\\\/web.archive.org\\\/web\\\/20120219021538im_\\\/http:\\\/\\\/www.pistillinn.is\\\/wp-content\\\/uploads\\\/2012\\\/02\\\/Adele.png\",\"keywords\":[\"hvunndags\"],\"articleSection\":[\"Allt efni\"],\"inLanguage\":\"is\"},{\"@type\":\"WebPage\",\"@id\":\"https:\\\/\\\/www.norn.is\\\/liljur-vallarins\\\/2012\\\/02\\\/15\\\/gvud-er-annadhvort-feitur-eda-hrukkottur\\\/\",\"url\":\"https:\\\/\\\/www.norn.is\\\/liljur-vallarins\\\/2012\\\/02\\\/15\\\/gvud-er-annadhvort-feitur-eda-hrukkottur\\\/\",\"name\":\"Gvu\u00f0 er anna\u00f0hvort feitur e\u00f0a hrukk\u00f3ttur - Liljur vallarins\",\"isPartOf\":{\"@id\":\"https:\\\/\\\/www.norn.is\\\/liljur-vallarins\\\/#website\"},\"primaryImageOfPage\":{\"@id\":\"https:\\\/\\\/www.norn.is\\\/liljur-vallarins\\\/2012\\\/02\\\/15\\\/gvud-er-annadhvort-feitur-eda-hrukkottur\\\/#primaryimage\"},\"image\":{\"@id\":\"https:\\\/\\\/www.norn.is\\\/liljur-vallarins\\\/2012\\\/02\\\/15\\\/gvud-er-annadhvort-feitur-eda-hrukkottur\\\/#primaryimage\"},\"thumbnailUrl\":\"https:\\\/\\\/web.archive.org\\\/web\\\/20120219021538im_\\\/http:\\\/\\\/www.pistillinn.is\\\/wp-content\\\/uploads\\\/2012\\\/02\\\/Adele.png\",\"datePublished\":\"2012-02-15T13:25:59+00:00\",\"dateModified\":\"2019-05-02T06:37:44+00:00\",\"author\":{\"@id\":\"https:\\\/\\\/www.norn.is\\\/liljur-vallarins\\\/#\\\/schema\\\/person\\\/2eb0fcae9e1ecc61987f7ed9c878531c\"},\"breadcrumb\":{\"@id\":\"https:\\\/\\\/www.norn.is\\\/liljur-vallarins\\\/2012\\\/02\\\/15\\\/gvud-er-annadhvort-feitur-eda-hrukkottur\\\/#breadcrumb\"},\"inLanguage\":\"is\",\"potentialAction\":[{\"@type\":\"ReadAction\",\"target\":[\"https:\\\/\\\/www.norn.is\\\/liljur-vallarins\\\/2012\\\/02\\\/15\\\/gvud-er-annadhvort-feitur-eda-hrukkottur\\\/\"]}]},{\"@type\":\"ImageObject\",\"inLanguage\":\"is\",\"@id\":\"https:\\\/\\\/www.norn.is\\\/liljur-vallarins\\\/2012\\\/02\\\/15\\\/gvud-er-annadhvort-feitur-eda-hrukkottur\\\/#primaryimage\",\"url\":\"https:\\\/\\\/web.archive.org\\\/web\\\/20120219021538im_\\\/http:\\\/\\\/www.pistillinn.is\\\/wp-content\\\/uploads\\\/2012\\\/02\\\/Adele.png\",\"contentUrl\":\"https:\\\/\\\/web.archive.org\\\/web\\\/20120219021538im_\\\/http:\\\/\\\/www.pistillinn.is\\\/wp-content\\\/uploads\\\/2012\\\/02\\\/Adele.png\"},{\"@type\":\"BreadcrumbList\",\"@id\":\"https:\\\/\\\/www.norn.is\\\/liljur-vallarins\\\/2012\\\/02\\\/15\\\/gvud-er-annadhvort-feitur-eda-hrukkottur\\\/#breadcrumb\",\"itemListElement\":[{\"@type\":\"ListItem\",\"position\":1,\"name\":\"Home\",\"item\":\"https:\\\/\\\/www.norn.is\\\/liljur-vallarins\\\/\"},{\"@type\":\"ListItem\",\"position\":2,\"name\":\"Gvu\u00f0 er anna\u00f0hvort feitur e\u00f0a hrukk\u00f3ttur\"}]},{\"@type\":\"WebSite\",\"@id\":\"https:\\\/\\\/www.norn.is\\\/liljur-vallarins\\\/#website\",\"url\":\"https:\\\/\\\/www.norn.is\\\/liljur-vallarins\\\/\",\"name\":\"Liljur vallarins\",\"description\":\"\",\"potentialAction\":[{\"@type\":\"SearchAction\",\"target\":{\"@type\":\"EntryPoint\",\"urlTemplate\":\"https:\\\/\\\/www.norn.is\\\/liljur-vallarins\\\/?s={search_term_string}\"},\"query-input\":{\"@type\":\"PropertyValueSpecification\",\"valueRequired\":true,\"valueName\":\"search_term_string\"}}],\"inLanguage\":\"is\"},{\"@type\":\"Person\",\"@id\":\"https:\\\/\\\/www.norn.is\\\/liljur-vallarins\\\/#\\\/schema\\\/person\\\/2eb0fcae9e1ecc61987f7ed9c878531c\",\"name\":\"Eva Hauksd\u00f3ttir\",\"sameAs\":[\"http:\\\/\\\/www.norn.is\"],\"url\":\"https:\\\/\\\/www.norn.is\\\/liljur-vallarins\\\/author\\\/eva\\\/\"}]}<\/script>\n<!-- \/ Yoast SEO plugin. -->","yoast_head_json":{"title":"Gvu\u00f0 er anna\u00f0hvort feitur e\u00f0a hrukk\u00f3ttur - Liljur vallarins","robots":{"index":"index","follow":"follow","max-snippet":"max-snippet:-1","max-image-preview":"max-image-preview:large","max-video-preview":"max-video-preview:-1"},"canonical":"https:\/\/www.norn.is\/liljur-vallarins\/2012\/02\/15\/gvud-er-annadhvort-feitur-eda-hrukkottur\/","og_locale":"is_IS","og_type":"article","og_title":"Gvu\u00f0 er anna\u00f0hvort feitur e\u00f0a hrukk\u00f3ttur - Liljur vallarins","og_description":"\u00deegar Gvu\u00f0 skapa\u00f0i manninn \u00ed sinni mynd hefur\u00a0hann sennilega veri\u00f0 me\u00f0 atvinnusk\u00f6pun \u00ed huga. \u201cV\u00e9r viljum skapa mann eftir mynd vorri, svo heilsufr\u00f6mu\u00f0ir, snyrtifr\u00e6\u00f0ingar, t\u00edskuh\u00f6nnu\u00f0ir, h\u00e1rfr\u00ed\u00f0kur og lj\u00f3smyndarar, \u00feurfi ekki a\u00f0 s\u00e6kja um listamannalaun\u201d hefur hann hugsa\u00f0. \u00a0Gvu\u00f0 er nefnilega &hellip; Halda \u00e1fram a\u00f0 lesa &rarr;","og_url":"https:\/\/www.norn.is\/liljur-vallarins\/2012\/02\/15\/gvud-er-annadhvort-feitur-eda-hrukkottur\/","og_site_name":"Liljur vallarins","article_published_time":"2012-02-15T13:25:59+00:00","article_modified_time":"2019-05-02T06:37:44+00:00","og_image":[{"url":"https:\/\/web.archive.org\/web\/20120219021538im_\/http:\/\/www.pistillinn.is\/wp-content\/uploads\/2012\/02\/Adele.png","type":"","width":"","height":""}],"author":"Eva Hauksd\u00f3ttir","twitter_card":"summary_large_image","twitter_misc":{"Written by":false,"Est. reading time":"1 minute"},"schema":{"@context":"https:\/\/schema.org","@graph":[{"@type":"Article","@id":"https:\/\/www.norn.is\/liljur-vallarins\/2012\/02\/15\/gvud-er-annadhvort-feitur-eda-hrukkottur\/#article","isPartOf":{"@id":"https:\/\/www.norn.is\/liljur-vallarins\/2012\/02\/15\/gvud-er-annadhvort-feitur-eda-hrukkottur\/"},"author":{"name":"Eva Hauksd\u00f3ttir","@id":"https:\/\/www.norn.is\/liljur-vallarins\/#\/schema\/person\/2eb0fcae9e1ecc61987f7ed9c878531c"},"headline":"Gvu\u00f0 er anna\u00f0hvort feitur e\u00f0a hrukk\u00f3ttur","datePublished":"2012-02-15T13:25:59+00:00","dateModified":"2019-05-02T06:37:44+00:00","mainEntityOfPage":{"@id":"https:\/\/www.norn.is\/liljur-vallarins\/2012\/02\/15\/gvud-er-annadhvort-feitur-eda-hrukkottur\/"},"wordCount":308,"image":{"@id":"https:\/\/www.norn.is\/liljur-vallarins\/2012\/02\/15\/gvud-er-annadhvort-feitur-eda-hrukkottur\/#primaryimage"},"thumbnailUrl":"https:\/\/web.archive.org\/web\/20120219021538im_\/http:\/\/www.pistillinn.is\/wp-content\/uploads\/2012\/02\/Adele.png","keywords":["hvunndags"],"articleSection":["Allt efni"],"inLanguage":"is"},{"@type":"WebPage","@id":"https:\/\/www.norn.is\/liljur-vallarins\/2012\/02\/15\/gvud-er-annadhvort-feitur-eda-hrukkottur\/","url":"https:\/\/www.norn.is\/liljur-vallarins\/2012\/02\/15\/gvud-er-annadhvort-feitur-eda-hrukkottur\/","name":"Gvu\u00f0 er anna\u00f0hvort feitur e\u00f0a hrukk\u00f3ttur - Liljur vallarins","isPartOf":{"@id":"https:\/\/www.norn.is\/liljur-vallarins\/#website"},"primaryImageOfPage":{"@id":"https:\/\/www.norn.is\/liljur-vallarins\/2012\/02\/15\/gvud-er-annadhvort-feitur-eda-hrukkottur\/#primaryimage"},"image":{"@id":"https:\/\/www.norn.is\/liljur-vallarins\/2012\/02\/15\/gvud-er-annadhvort-feitur-eda-hrukkottur\/#primaryimage"},"thumbnailUrl":"https:\/\/web.archive.org\/web\/20120219021538im_\/http:\/\/www.pistillinn.is\/wp-content\/uploads\/2012\/02\/Adele.png","datePublished":"2012-02-15T13:25:59+00:00","dateModified":"2019-05-02T06:37:44+00:00","author":{"@id":"https:\/\/www.norn.is\/liljur-vallarins\/#\/schema\/person\/2eb0fcae9e1ecc61987f7ed9c878531c"},"breadcrumb":{"@id":"https:\/\/www.norn.is\/liljur-vallarins\/2012\/02\/15\/gvud-er-annadhvort-feitur-eda-hrukkottur\/#breadcrumb"},"inLanguage":"is","potentialAction":[{"@type":"ReadAction","target":["https:\/\/www.norn.is\/liljur-vallarins\/2012\/02\/15\/gvud-er-annadhvort-feitur-eda-hrukkottur\/"]}]},{"@type":"ImageObject","inLanguage":"is","@id":"https:\/\/www.norn.is\/liljur-vallarins\/2012\/02\/15\/gvud-er-annadhvort-feitur-eda-hrukkottur\/#primaryimage","url":"https:\/\/web.archive.org\/web\/20120219021538im_\/http:\/\/www.pistillinn.is\/wp-content\/uploads\/2012\/02\/Adele.png","contentUrl":"https:\/\/web.archive.org\/web\/20120219021538im_\/http:\/\/www.pistillinn.is\/wp-content\/uploads\/2012\/02\/Adele.png"},{"@type":"BreadcrumbList","@id":"https:\/\/www.norn.is\/liljur-vallarins\/2012\/02\/15\/gvud-er-annadhvort-feitur-eda-hrukkottur\/#breadcrumb","itemListElement":[{"@type":"ListItem","position":1,"name":"Home","item":"https:\/\/www.norn.is\/liljur-vallarins\/"},{"@type":"ListItem","position":2,"name":"Gvu\u00f0 er anna\u00f0hvort feitur e\u00f0a hrukk\u00f3ttur"}]},{"@type":"WebSite","@id":"https:\/\/www.norn.is\/liljur-vallarins\/#website","url":"https:\/\/www.norn.is\/liljur-vallarins\/","name":"Liljur vallarins","description":"","potentialAction":[{"@type":"SearchAction","target":{"@type":"EntryPoint","urlTemplate":"https:\/\/www.norn.is\/liljur-vallarins\/?s={search_term_string}"},"query-input":{"@type":"PropertyValueSpecification","valueRequired":true,"valueName":"search_term_string"}}],"inLanguage":"is"},{"@type":"Person","@id":"https:\/\/www.norn.is\/liljur-vallarins\/#\/schema\/person\/2eb0fcae9e1ecc61987f7ed9c878531c","name":"Eva Hauksd\u00f3ttir","sameAs":["http:\/\/www.norn.is"],"url":"https:\/\/www.norn.is\/liljur-vallarins\/author\/eva\/"}]}},"_links":{"self":[{"href":"https:\/\/www.norn.is\/liljur-vallarins\/wp-json\/wp\/v2\/posts\/1338","targetHints":{"allow":["GET"]}}],"collection":[{"href":"https:\/\/www.norn.is\/liljur-vallarins\/wp-json\/wp\/v2\/posts"}],"about":[{"href":"https:\/\/www.norn.is\/liljur-vallarins\/wp-json\/wp\/v2\/types\/post"}],"author":[{"embeddable":true,"href":"https:\/\/www.norn.is\/liljur-vallarins\/wp-json\/wp\/v2\/users\/2"}],"replies":[{"embeddable":true,"href":"https:\/\/www.norn.is\/liljur-vallarins\/wp-json\/wp\/v2\/comments?post=1338"}],"version-history":[{"count":1,"href":"https:\/\/www.norn.is\/liljur-vallarins\/wp-json\/wp\/v2\/posts\/1338\/revisions"}],"predecessor-version":[{"id":1339,"href":"https:\/\/www.norn.is\/liljur-vallarins\/wp-json\/wp\/v2\/posts\/1338\/revisions\/1339"}],"wp:attachment":[{"href":"https:\/\/www.norn.is\/liljur-vallarins\/wp-json\/wp\/v2\/media?parent=1338"}],"wp:term":[{"taxonomy":"category","embeddable":true,"href":"https:\/\/www.norn.is\/liljur-vallarins\/wp-json\/wp\/v2\/categories?post=1338"},{"taxonomy":"post_tag","embeddable":true,"href":"https:\/\/www.norn.is\/liljur-vallarins\/wp-json\/wp\/v2\/tags?post=1338"}],"curies":[{"name":"wp","href":"https:\/\/api.w.org\/{rel}","templated":true}]}}