{"id":1076,"date":"2017-09-20T10:20:39","date_gmt":"2017-09-20T10:20:39","guid":{"rendered":"http:\/\/www.norn.is\/liljur-vallarins\/?p=1076"},"modified":"2019-05-02T06:33:58","modified_gmt":"2019-05-02T06:33:58","slug":"eg-er-ekkert-ad-flytja-til-islands","status":"publish","type":"post","link":"https:\/\/www.norn.is\/liljur-vallarins\/2017\/09\/20\/eg-er-ekkert-ad-flytja-til-islands\/","title":{"rendered":"\u00c9g er ekkert a\u00f0 flytja til \u00cdslands"},"content":{"rendered":"<p>S\u00ed\u00f0ustu tvo daga hafa margir komi\u00f0 a\u00f0 m\u00e1li vi\u00f0 mig. Ekki samt til a\u00f0 hvetja mig til a\u00f0 fara \u00ed frambo\u00f0 heldur til a\u00f0 spyrja hvort vi\u00f0 Einar s\u00e9um a\u00f0 flytja til \u00cdslands, svona \u00ed lj\u00f3si \u00feess a\u00f0 hann \u00e6tlar a\u00f0 <a href=\"http:\/\/www.norn.is\/einar\/2017\/09\/18\/byd-mig-fram-profkjori-pirata\/\">gefa kost \u00e1 s\u00e9r \u00ed pr\u00f3fkj\u00f6ri<\/a>, hj\u00e1 P\u00edr\u00f6tum a\u00f0 sj\u00e1lfs\u00f6gu.<\/p>\n<p>\u00c9g er \u00ed sk\u00f3la h\u00e9r \u00ed Glasgow og er ekkert a\u00f0 flytja til \u00cdslands \u00ed vetur a\u00f0 minnsta kosti. Ef svo fer a\u00f0 Einar lendi \u00e1 \u00feingi \u00fe\u00e1 ver\u00f0ur hann au\u00f0vita\u00f0 a\u00f0 flytja til \u00cdslands og \u00e9g \u00e1 \u00fe\u00e1 frekar von \u00e1 \u00fev\u00ed a\u00f0 \u00e9g yr\u00f0i \u00fear n\u00e6sta vetur. Mig langar ekkert til \u00feess en mig langar heldur ekki a\u00f0 vera langt\u00edmum \u00e1n hans.<\/p>\n","protected":false},"excerpt":{"rendered":"<p>S\u00ed\u00f0ustu tvo daga hafa margir komi\u00f0 a\u00f0 m\u00e1li vi\u00f0 mig. Ekki samt til a\u00f0 hvetja mig til a\u00f0 fara \u00ed frambo\u00f0 heldur til a\u00f0 spyrja hvort vi\u00f0 Einar s\u00e9um a\u00f0 flytja til \u00cdslands, svona \u00ed lj\u00f3si \u00feess a\u00f0 hann \u00e6tlar &hellip; <a href=\"https:\/\/www.norn.is\/liljur-vallarins\/2017\/09\/20\/eg-er-ekkert-ad-flytja-til-islands\/\">Halda \u00e1fram a\u00f0 lesa <span class=\"meta-nav\">&rarr;<\/span><\/a><\/p>\n","protected":false},"author":2,"featured_media":0,"comment_status":"closed","ping_status":"closed","sticky":false,"template":"","format":"standard","meta":{"footnotes":"","_links_to":"","_links_to_target":""},"categories":[1],"tags":[136],"class_list":["post-1076","post","type-post","status-publish","format-standard","hentry","category-allt-efni","tag-hvunndags"],"yoast_head":"<!-- This site is optimized with the Yoast SEO plugin v27.5 - https:\/\/yoast.com\/product\/yoast-seo-wordpress\/ -->\n<title>\u00c9g er ekkert a\u00f0 flytja til \u00cdslands - Liljur vallarins<\/title>\n<meta name=\"robots\" content=\"index, follow, max-snippet:-1, max-image-preview:large, max-video-preview:-1\" \/>\n<link rel=\"canonical\" href=\"https:\/\/www.norn.is\/liljur-vallarins\/2017\/09\/20\/eg-er-ekkert-ad-flytja-til-islands\/\" \/>\n<meta property=\"og:locale\" content=\"is_IS\" \/>\n<meta property=\"og:type\" content=\"article\" \/>\n<meta property=\"og:title\" content=\"\u00c9g er ekkert a\u00f0 flytja til \u00cdslands - Liljur vallarins\" \/>\n<meta property=\"og:description\" content=\"S\u00ed\u00f0ustu tvo daga hafa margir komi\u00f0 a\u00f0 m\u00e1li vi\u00f0 mig. Ekki samt til a\u00f0 hvetja mig til a\u00f0 fara \u00ed frambo\u00f0 heldur til a\u00f0 spyrja hvort vi\u00f0 Einar s\u00e9um a\u00f0 flytja til \u00cdslands, svona \u00ed lj\u00f3si \u00feess a\u00f0 hann \u00e6tlar &hellip; Halda \u00e1fram a\u00f0 lesa &rarr;\" \/>\n<meta property=\"og:url\" content=\"https:\/\/www.norn.is\/liljur-vallarins\/2017\/09\/20\/eg-er-ekkert-ad-flytja-til-islands\/\" \/>\n<meta property=\"og:site_name\" content=\"Liljur vallarins\" \/>\n<meta property=\"article:published_time\" content=\"2017-09-20T10:20:39+00:00\" \/>\n<meta property=\"article:modified_time\" content=\"2019-05-02T06:33:58+00:00\" \/>\n<meta name=\"author\" content=\"Eva Hauksd\u00f3ttir\" \/>\n<meta name=\"twitter:card\" content=\"summary_large_image\" \/>\n<meta name=\"twitter:label1\" content=\"Written by\" \/>\n\t<meta name=\"twitter:data1\" content=\"\" \/>\n\t<meta name=\"twitter:label2\" content=\"Est. reading time\" \/>\n\t<meta name=\"twitter:data2\" content=\"1 minute\" \/>\n<script type=\"application\/ld+json\" class=\"yoast-schema-graph\">{\"@context\":\"https:\\\/\\\/schema.org\",\"@graph\":[{\"@type\":\"Article\",\"@id\":\"https:\\\/\\\/www.norn.is\\\/liljur-vallarins\\\/2017\\\/09\\\/20\\\/eg-er-ekkert-ad-flytja-til-islands\\\/#article\",\"isPartOf\":{\"@id\":\"https:\\\/\\\/www.norn.is\\\/liljur-vallarins\\\/2017\\\/09\\\/20\\\/eg-er-ekkert-ad-flytja-til-islands\\\/\"},\"author\":{\"name\":\"Eva Hauksd\u00f3ttir\",\"@id\":\"https:\\\/\\\/www.norn.is\\\/liljur-vallarins\\\/#\\\/schema\\\/person\\\/2eb0fcae9e1ecc61987f7ed9c878531c\"},\"headline\":\"\u00c9g er ekkert a\u00f0 flytja til \u00cdslands\",\"datePublished\":\"2017-09-20T10:20:39+00:00\",\"dateModified\":\"2019-05-02T06:33:58+00:00\",\"mainEntityOfPage\":{\"@id\":\"https:\\\/\\\/www.norn.is\\\/liljur-vallarins\\\/2017\\\/09\\\/20\\\/eg-er-ekkert-ad-flytja-til-islands\\\/\"},\"wordCount\":128,\"keywords\":[\"hvunndags\"],\"articleSection\":[\"Allt efni\"],\"inLanguage\":\"is\"},{\"@type\":\"WebPage\",\"@id\":\"https:\\\/\\\/www.norn.is\\\/liljur-vallarins\\\/2017\\\/09\\\/20\\\/eg-er-ekkert-ad-flytja-til-islands\\\/\",\"url\":\"https:\\\/\\\/www.norn.is\\\/liljur-vallarins\\\/2017\\\/09\\\/20\\\/eg-er-ekkert-ad-flytja-til-islands\\\/\",\"name\":\"\u00c9g er ekkert a\u00f0 flytja til \u00cdslands - Liljur vallarins\",\"isPartOf\":{\"@id\":\"https:\\\/\\\/www.norn.is\\\/liljur-vallarins\\\/#website\"},\"datePublished\":\"2017-09-20T10:20:39+00:00\",\"dateModified\":\"2019-05-02T06:33:58+00:00\",\"author\":{\"@id\":\"https:\\\/\\\/www.norn.is\\\/liljur-vallarins\\\/#\\\/schema\\\/person\\\/2eb0fcae9e1ecc61987f7ed9c878531c\"},\"breadcrumb\":{\"@id\":\"https:\\\/\\\/www.norn.is\\\/liljur-vallarins\\\/2017\\\/09\\\/20\\\/eg-er-ekkert-ad-flytja-til-islands\\\/#breadcrumb\"},\"inLanguage\":\"is\",\"potentialAction\":[{\"@type\":\"ReadAction\",\"target\":[\"https:\\\/\\\/www.norn.is\\\/liljur-vallarins\\\/2017\\\/09\\\/20\\\/eg-er-ekkert-ad-flytja-til-islands\\\/\"]}]},{\"@type\":\"BreadcrumbList\",\"@id\":\"https:\\\/\\\/www.norn.is\\\/liljur-vallarins\\\/2017\\\/09\\\/20\\\/eg-er-ekkert-ad-flytja-til-islands\\\/#breadcrumb\",\"itemListElement\":[{\"@type\":\"ListItem\",\"position\":1,\"name\":\"Home\",\"item\":\"https:\\\/\\\/www.norn.is\\\/liljur-vallarins\\\/\"},{\"@type\":\"ListItem\",\"position\":2,\"name\":\"\u00c9g er ekkert a\u00f0 flytja til \u00cdslands\"}]},{\"@type\":\"WebSite\",\"@id\":\"https:\\\/\\\/www.norn.is\\\/liljur-vallarins\\\/#website\",\"url\":\"https:\\\/\\\/www.norn.is\\\/liljur-vallarins\\\/\",\"name\":\"Liljur vallarins\",\"description\":\"\",\"potentialAction\":[{\"@type\":\"SearchAction\",\"target\":{\"@type\":\"EntryPoint\",\"urlTemplate\":\"https:\\\/\\\/www.norn.is\\\/liljur-vallarins\\\/?s={search_term_string}\"},\"query-input\":{\"@type\":\"PropertyValueSpecification\",\"valueRequired\":true,\"valueName\":\"search_term_string\"}}],\"inLanguage\":\"is\"},{\"@type\":\"Person\",\"@id\":\"https:\\\/\\\/www.norn.is\\\/liljur-vallarins\\\/#\\\/schema\\\/person\\\/2eb0fcae9e1ecc61987f7ed9c878531c\",\"name\":\"Eva Hauksd\u00f3ttir\",\"sameAs\":[\"http:\\\/\\\/www.norn.is\"],\"url\":\"https:\\\/\\\/www.norn.is\\\/liljur-vallarins\\\/author\\\/eva\\\/\"}]}<\/script>\n<!-- \/ Yoast SEO plugin. -->","yoast_head_json":{"title":"\u00c9g er ekkert a\u00f0 flytja til \u00cdslands - Liljur vallarins","robots":{"index":"index","follow":"follow","max-snippet":"max-snippet:-1","max-image-preview":"max-image-preview:large","max-video-preview":"max-video-preview:-1"},"canonical":"https:\/\/www.norn.is\/liljur-vallarins\/2017\/09\/20\/eg-er-ekkert-ad-flytja-til-islands\/","og_locale":"is_IS","og_type":"article","og_title":"\u00c9g er ekkert a\u00f0 flytja til \u00cdslands - Liljur vallarins","og_description":"S\u00ed\u00f0ustu tvo daga hafa margir komi\u00f0 a\u00f0 m\u00e1li vi\u00f0 mig. Ekki samt til a\u00f0 hvetja mig til a\u00f0 fara \u00ed frambo\u00f0 heldur til a\u00f0 spyrja hvort vi\u00f0 Einar s\u00e9um a\u00f0 flytja til \u00cdslands, svona \u00ed lj\u00f3si \u00feess a\u00f0 hann \u00e6tlar &hellip; Halda \u00e1fram a\u00f0 lesa &rarr;","og_url":"https:\/\/www.norn.is\/liljur-vallarins\/2017\/09\/20\/eg-er-ekkert-ad-flytja-til-islands\/","og_site_name":"Liljur vallarins","article_published_time":"2017-09-20T10:20:39+00:00","article_modified_time":"2019-05-02T06:33:58+00:00","author":"Eva Hauksd\u00f3ttir","twitter_card":"summary_large_image","twitter_misc":{"Written by":false,"Est. reading time":"1 minute"},"schema":{"@context":"https:\/\/schema.org","@graph":[{"@type":"Article","@id":"https:\/\/www.norn.is\/liljur-vallarins\/2017\/09\/20\/eg-er-ekkert-ad-flytja-til-islands\/#article","isPartOf":{"@id":"https:\/\/www.norn.is\/liljur-vallarins\/2017\/09\/20\/eg-er-ekkert-ad-flytja-til-islands\/"},"author":{"name":"Eva Hauksd\u00f3ttir","@id":"https:\/\/www.norn.is\/liljur-vallarins\/#\/schema\/person\/2eb0fcae9e1ecc61987f7ed9c878531c"},"headline":"\u00c9g er ekkert a\u00f0 flytja til \u00cdslands","datePublished":"2017-09-20T10:20:39+00:00","dateModified":"2019-05-02T06:33:58+00:00","mainEntityOfPage":{"@id":"https:\/\/www.norn.is\/liljur-vallarins\/2017\/09\/20\/eg-er-ekkert-ad-flytja-til-islands\/"},"wordCount":128,"keywords":["hvunndags"],"articleSection":["Allt efni"],"inLanguage":"is"},{"@type":"WebPage","@id":"https:\/\/www.norn.is\/liljur-vallarins\/2017\/09\/20\/eg-er-ekkert-ad-flytja-til-islands\/","url":"https:\/\/www.norn.is\/liljur-vallarins\/2017\/09\/20\/eg-er-ekkert-ad-flytja-til-islands\/","name":"\u00c9g er ekkert a\u00f0 flytja til \u00cdslands - Liljur vallarins","isPartOf":{"@id":"https:\/\/www.norn.is\/liljur-vallarins\/#website"},"datePublished":"2017-09-20T10:20:39+00:00","dateModified":"2019-05-02T06:33:58+00:00","author":{"@id":"https:\/\/www.norn.is\/liljur-vallarins\/#\/schema\/person\/2eb0fcae9e1ecc61987f7ed9c878531c"},"breadcrumb":{"@id":"https:\/\/www.norn.is\/liljur-vallarins\/2017\/09\/20\/eg-er-ekkert-ad-flytja-til-islands\/#breadcrumb"},"inLanguage":"is","potentialAction":[{"@type":"ReadAction","target":["https:\/\/www.norn.is\/liljur-vallarins\/2017\/09\/20\/eg-er-ekkert-ad-flytja-til-islands\/"]}]},{"@type":"BreadcrumbList","@id":"https:\/\/www.norn.is\/liljur-vallarins\/2017\/09\/20\/eg-er-ekkert-ad-flytja-til-islands\/#breadcrumb","itemListElement":[{"@type":"ListItem","position":1,"name":"Home","item":"https:\/\/www.norn.is\/liljur-vallarins\/"},{"@type":"ListItem","position":2,"name":"\u00c9g er ekkert a\u00f0 flytja til \u00cdslands"}]},{"@type":"WebSite","@id":"https:\/\/www.norn.is\/liljur-vallarins\/#website","url":"https:\/\/www.norn.is\/liljur-vallarins\/","name":"Liljur vallarins","description":"","potentialAction":[{"@type":"SearchAction","target":{"@type":"EntryPoint","urlTemplate":"https:\/\/www.norn.is\/liljur-vallarins\/?s={search_term_string}"},"query-input":{"@type":"PropertyValueSpecification","valueRequired":true,"valueName":"search_term_string"}}],"inLanguage":"is"},{"@type":"Person","@id":"https:\/\/www.norn.is\/liljur-vallarins\/#\/schema\/person\/2eb0fcae9e1ecc61987f7ed9c878531c","name":"Eva Hauksd\u00f3ttir","sameAs":["http:\/\/www.norn.is"],"url":"https:\/\/www.norn.is\/liljur-vallarins\/author\/eva\/"}]}},"_links":{"self":[{"href":"https:\/\/www.norn.is\/liljur-vallarins\/wp-json\/wp\/v2\/posts\/1076","targetHints":{"allow":["GET"]}}],"collection":[{"href":"https:\/\/www.norn.is\/liljur-vallarins\/wp-json\/wp\/v2\/posts"}],"about":[{"href":"https:\/\/www.norn.is\/liljur-vallarins\/wp-json\/wp\/v2\/types\/post"}],"author":[{"embeddable":true,"href":"https:\/\/www.norn.is\/liljur-vallarins\/wp-json\/wp\/v2\/users\/2"}],"replies":[{"embeddable":true,"href":"https:\/\/www.norn.is\/liljur-vallarins\/wp-json\/wp\/v2\/comments?post=1076"}],"version-history":[{"count":1,"href":"https:\/\/www.norn.is\/liljur-vallarins\/wp-json\/wp\/v2\/posts\/1076\/revisions"}],"predecessor-version":[{"id":1077,"href":"https:\/\/www.norn.is\/liljur-vallarins\/wp-json\/wp\/v2\/posts\/1076\/revisions\/1077"}],"wp:attachment":[{"href":"https:\/\/www.norn.is\/liljur-vallarins\/wp-json\/wp\/v2\/media?parent=1076"}],"wp:term":[{"taxonomy":"category","embeddable":true,"href":"https:\/\/www.norn.is\/liljur-vallarins\/wp-json\/wp\/v2\/categories?post=1076"},{"taxonomy":"post_tag","embeddable":true,"href":"https:\/\/www.norn.is\/liljur-vallarins\/wp-json\/wp\/v2\/tags?post=1076"}],"curies":[{"name":"wp","href":"https:\/\/api.w.org\/{rel}","templated":true}]}}