{"id":961,"date":"2012-04-23T23:58:44","date_gmt":"2012-04-23T23:58:44","guid":{"rendered":"http:\/\/www.norn.is\/kyndillinn\/?p=961"},"modified":"2017-09-11T11:26:31","modified_gmt":"2017-09-11T11:26:31","slug":"tolum-um-klam","status":"publish","type":"post","link":"https:\/\/www.norn.is\/kyndillinn\/tolum-um-klam\/","title":{"rendered":"T\u00f6lum um kl\u00e1m"},"content":{"rendered":"<p><a href=\"http:\/\/www.norn.is\/kyndillinn\/wp-content\/uploads\/sites\/5\/2012\/04\/mynd.jpg\"><img loading=\"lazy\" decoding=\"async\" class=\"alignleft size-full wp-image-964\" src=\"http:\/\/www.norn.is\/kyndillinn\/wp-content\/uploads\/sites\/5\/2012\/04\/mynd.jpg\" alt=\"mynd\" width=\"542\" height=\"460\" srcset=\"https:\/\/www.norn.is\/kyndillinn\/wp-content\/uploads\/sites\/5\/2012\/04\/mynd.jpg 542w, https:\/\/www.norn.is\/kyndillinn\/wp-content\/uploads\/sites\/5\/2012\/04\/mynd-300x254.jpg 300w\" sizes=\"auto, (max-width: 542px) 100vw, 542px\" \/><\/a>Og af \u00fev\u00ed a\u00f0 \u00fe\u00fa ert n\u00fa sennilega me\u00f0 \u00fea\u00f0 \u00e1 hreinu a\u00f0 \u00e9g \u00e6tla ekki a\u00f0 fara a\u00f0 vanda um fyrir \u00fe\u00e9r e\u00f0a lj\u00faga \u00fev\u00ed a\u00f0 \u00fe\u00e9r a\u00f0 \u00fe\u00fa ver\u00f0ir nau\u00f0gari af \u00fev\u00ed a\u00f0 sko\u00f0a kl\u00e1m, langar mig a\u00f0 bi\u00f0ja \u00feig a\u00f0 hlusta a\u00f0eins \u00e1 mig. \u00de\u00fa m\u00e1tt gjarnan svara l\u00edka.<!--more--><\/p>\n<p>\u00c9g held a\u00f0 kl\u00e1m s\u00e9 st\u00f3rlega ofmeti\u00f0. B\u00e6\u00f0i af \u00feeim sem nota \u00fea\u00f0 og \u00feeim sem \u00f3ttast \u00fea\u00f0. \u00dea\u00f0 g\u00f3\u00f0a vi\u00f0 kl\u00e1mi\u00f0 er a\u00f0 \u00fea\u00f0 vinnur gegn tepruskap og sannf\u00e6rir f\u00f3lk um a\u00f0 \u00fea\u00f0 sem gerist \u00ed innstu hugarfylgsum \u00feess er sjaldan svo afbrig\u00f0ilegt a\u00f0 \u00fea\u00f0 \u00feurfi a\u00f0 fara me\u00f0 \u00fea\u00f0 eins og mannsmor\u00f0. Kl\u00e1m normaliserar kynfer\u00f0islegar langanir sem \u00e1\u00f0ur voru tab\u00fa, \u00fea\u00f0 eykur frj\u00e1lsr\u00e6\u00f0i og umbur\u00f0arlyndi \u00ed kynfer\u00f0ism\u00e1lum en \u00fea\u00f0 hefur ekkert uppl\u00fdsingagildi og ekkert bendir til a\u00f0 \u00fea\u00f0 geri einhvern a\u00f0 ofbeldismanni.<\/p>\n<h2>Bleika kl\u00e1mi\u00f0<\/h2>\n<p>En b\u00edddu samt a\u00f0eins &#8211; \u00fe\u00fa veist hvernig bleika kl\u00e1mi\u00f0, \u00fe.e. stj\u00f6rnud\u00fdrkunin og fegrunari\u00f0na\u00f0urinn hefur konur a\u00f0 f\u00edflum. Au\u00f0vita\u00f0 vilja flestar konur vera s\u00e6tar. \u00c9g f\u00e6 kikk \u00fat \u00far \u00fev\u00ed a\u00f0 ganga \u00ed augun \u00e1 karlmanni. \u00dea\u00f0 gefur konu \u00e1kve\u00f0na tilfinningu um pers\u00f3nulegt vald a\u00f0 vita a\u00f0 h\u00fan geti n\u00e1\u00f0 athygli karlmanns bara me\u00f0 \u00fev\u00ed a\u00f0 fara \u00ed stutt pils. Og j\u00e1, \u00fea\u00f0 er h\u00e9g\u00f3mlegt &#8211; s\u00f3? K\u00e1far \u00fea\u00f0 eitthva\u00f0 upp \u00e1 anna\u00f0 f\u00f3lk \u00fe\u00f3tt \u00e9g m\u00e1li mig, fjarl\u00e6gi kynh\u00e1r e\u00f0a fari \u00ed brj\u00f3stast\u00e6kkun? Au\u00f0vita\u00f0 \u00e1 ma\u00f0ur bara a\u00f0 f\u00e1 a\u00f0 hafa s\u00edna \u00fatlitsd\u00fdrkun \u00ed fri\u00f0i. Ef varan e\u00f0a \u00fej\u00f3nustan stendur til bo\u00f0a og \u00e9g get greitt fyrir hana, \u00fe\u00e1 er \u00fea\u00f0 bara mitt m\u00e1l. En samt &#8211; \u00feegar f\u00f3lk er fari\u00f0 a\u00f0 ska\u00f0a sj\u00e1lft sig, gangast undir hverja a\u00f0ger\u00f0ina \u00e1 f\u00e6tur annarri, \u00feegar l\u00edfi\u00f0 sn\u00fdst upp \u00ed st\u00f6\u00f0ugan kv\u00ed\u00f0a fyrir hinu \u00f3hj\u00e1kv\u00e6milega og hver einasta hrukka, hvert einasta gr\u00e1tt h\u00e1r ver\u00f0ur tilefni \u00feunglyndiskasts, \u00fe\u00e1 er manneskjan farinn a\u00f0 l\u00fata kr\u00f6fum marka\u00f0arins en ekki \u00f6fugt. Og \u00feessvegna er \u00e1st\u00e6\u00f0a til a\u00f0 staldra st\u00f6ku sinnum vi\u00f0 og velta \u00fev\u00ed fyrir s\u00e9r hva\u00f0 ma\u00f0ur vill raunverulega og hvort ma\u00f0ur er nokku\u00f0 a\u00f0 undirgangast \u00fer\u00e6ld\u00f3m sem gerir l\u00edf manns erfi\u00f0ara, ska\u00f0ar mann jafnvel. \u00dea\u00f0 merkir ekki a\u00f0 kona (e\u00f0a karl ef \u00fev\u00ed er a\u00f0 skipta) gangist \u00feegar \u00ed sta\u00f0 inn \u00e1 \u00fe\u00e1 hugmynd a\u00f0 h\u00fan s\u00e9 s\u00e9rstakt handbendi fe\u00f0raveldisins ef h\u00fan fjarl\u00e6gir l\u00edkamsh\u00e1r, \u00fea\u00f0 merkir bara a\u00f0 s\u00e6milega hugsandi mannvera dregur m\u00f6rkin sj\u00e1lf \u00ed sta\u00f0 \u00feess a\u00f0 l\u00e1ta anna\u00f0hvort kap\u00edtalismann e\u00f0a feminstaf\u00e9lagi\u00f0 setja s\u00e9r reglur.<\/p>\n<h2>Bl\u00e1a kl\u00e1mi\u00f0<\/h2>\n<p>Bl\u00e1a kl\u00e1mi\u00f0 er ekkert \u00f6\u00f0ruv\u00edsi en \u00fea\u00f0 bleika. \u00dea\u00f0 er jafngamalt tegundinni h\u00f3m\u00f3 sapiens og h\u00f6f\u00f0ar til svo dj\u00fapst\u00e6\u00f0ra hvata a\u00f0 \u00fea\u00f0 er \u00fatiloka\u00f0 a\u00f0 uppr\u00e6ta \u00fea\u00f0. (Og reyndar \u00f3\u00fearft.) En\u00a0 markmi\u00f0 \u00feess sem framlei\u00f0ir \u00fea\u00f0 og marka\u00f0ssetur er ekki bara a\u00f0 m\u00e6ta \u00fe\u00f6rfum \u00fe\u00ednum, heldur a\u00f0 b\u00faa til n\u00fdjar, svo h\u00e6gt s\u00e9 a\u00f0 selja \u00fe\u00e9r meira. Kynl\u00edfsi\u00f0na\u00f0urinn spilar \u00e1 s\u00f6mu kenndir og \u00fatlitsi\u00f0na\u00f0urinn; \u00fer\u00e1 okkar eftir pers\u00f3nulegu valdi, getunni til a\u00f0 hafa \u00e1hrif \u00e1 a\u00f0ra og f\u00e1 \u00fe\u00e1 til a\u00f0 \u00fe\u00f3knast okkur (sem er ekki \u00fea\u00f0 sama og k\u00fagun og ofbeldi) og svo \u00feetta s\u00e9rkenni mannsins, \u00fe\u00e1 tilfinningu a\u00f0 meira s\u00e9 aldrei n\u00f3g.\u00a0 Og nei, \u00fea\u00f0 gerir \u00feig ekki a\u00f0 nau\u00f0gara en b\u00edddu a\u00f0eins &#8211; hva\u00f0 er\u00a0<a href=\"http:\/\/www.heavy-r.com\/free_porn\/extreme-real-rape-footage.html\">\u00feetta (ath NSFW)<\/a>? &#8222;Real Rape Porn&#8220;. Er \u00fea\u00f0 eitthva\u00f0 sem \u00feig vantar? Eitthva\u00f0 sem \u00fe\u00fa vilt?\u00a0 \u00c9g giska \u00e1 a\u00f0 svari\u00f0 s\u00e9 nei en einhver marka\u00f0ur vir\u00f0ist n\u00fa samt vera fyrir svona efni og \u00fea\u00f0 er bara allt \u00ed lagi a\u00f0 spyrja hversvegna.<\/p>\n<p><a href=\"http:\/\/www.norn.is\/kyndillinn\/wp-content\/uploads\/sites\/5\/2012\/04\/big.jpg\"><img loading=\"lazy\" decoding=\"async\" class=\"alignleft size-medium wp-image-1394\" src=\"http:\/\/www.norn.is\/kyndillinn\/wp-content\/uploads\/sites\/5\/2012\/04\/big-300x212.jpg\" alt=\"big\" width=\"300\" height=\"212\" srcset=\"https:\/\/www.norn.is\/kyndillinn\/wp-content\/uploads\/sites\/5\/2012\/04\/big-300x212.jpg 300w, https:\/\/www.norn.is\/kyndillinn\/wp-content\/uploads\/sites\/5\/2012\/04\/big.jpg 936w\" sizes=\"auto, (max-width: 300px) 100vw, 300px\" \/><\/a>Og hva\u00f0 er \u00feetta? \u00deetta er n\u00fa bara teikning en \u00fe\u00fa veist hva\u00f0 \u00e9g \u00e1 vi\u00f0, \u00e9g birti ekki allra mesta vi\u00f0bj\u00f3\u00f0inn \u00e1 opinni vefs\u00ed\u00f0u.<\/p>\n<p>Og nei, \u00e9g er ekki a\u00f0 m\u00e6last\u00a0 til \u00feess a\u00f0 \u00fe\u00fa hafnir allri synd og saurl\u00edfi og skellir \u00fe\u00e9r \u00ed kynjafr\u00e6\u00f0i e\u00f0a eitthva\u00f0 \u00ed \u00fe\u00e1 veruna. En \u00e9g sting upp \u00e1 \u00fev\u00ed a\u00f0 \u00fe\u00fa hugsir a\u00f0eins. Sko\u00f0ir kl\u00e1mi\u00f0 \u00feitt me\u00f0 gagnr\u00fdnum augum. Ekki kynjagleraugum bara svona kommon sens gleraugum. Veltir \u00fev\u00ed a\u00f0eins fyrir \u00fe\u00e9r hver er a\u00f0 tala til \u00fe\u00edn og \u00ed hva\u00f0a tilgangi. J\u00e1 og til hva\u00f0a hvata er veri\u00f0 a\u00f0 h\u00f6f\u00f0a. Vi\u00f0 erum svoddan skepnur og skr\u00edmsli\u00f0 sem blundar \u00ed dj\u00fapinu kannski verra en svo a\u00f0 vi\u00f0 k\u00e6rum okkur um a\u00f0 stugga vi\u00f0 \u00fev\u00ed.\u00a0 \u00c9g meina K\u00f6kub\u00f3k Hagkaupa l\u00e6tur mig ekki brj\u00f3tast inn \u00ed bakar\u00ed og tro\u00f0a rj\u00f3mastykkjum \u00ed andliti\u00f0 \u00e1 m\u00e9r en ef \u00e9g \u00e6tla ekki a\u00f0 ver\u00f0a feitabolla \u00fe\u00e1 kannski geymi \u00e9g hana ekki \u00e1 n\u00e1ttbor\u00f0inu hj\u00e1 m\u00e9r. Bara sm\u00e1 kommon sens \u00fe\u00fa\u00b4st, fyrir \u00fe\u00e1 sem hafa gaman af mat.<\/p>\n<p>D\u00f3lgafeminstar sj\u00e1 engan e\u00f0lismun \u00e1 barnanau\u00f0gun og \u00fev\u00ed a\u00f0 kaupa \u00fej\u00f3nustu escortd\u00f6mu. \u00deau sj\u00e1 heldur ekki e\u00f0lismun \u00e1 dj\u00f6rfum kynl\u00edfsmyndb\u00f6ndum og gr\u00f3fu ofbeldiskl\u00e1mi e\u00f0a barnakl\u00e1mi.\u00a0 Sum \u00feeirra sj\u00e1 heldur engan s\u00e9rstakan mun \u00e1 \u00f6murlegu kynl\u00edfi og nau\u00f0gun. En \u00fe\u00fa ert n\u00fa fjandinn hafi \u00fea\u00f0 ekki svo galinn.<\/p>\n","protected":false},"excerpt":{"rendered":"<p>Og af \u00fev\u00ed a\u00f0 \u00fe\u00fa ert n\u00fa sennilega me\u00f0 \u00fea\u00f0 \u00e1 hreinu a\u00f0 \u00e9g \u00e6tla ekki a\u00f0 fara a\u00f0 vanda um fyrir \u00fe\u00e9r e\u00f0a lj\u00faga \u00fev\u00ed a\u00f0 \u00fe\u00e9r a\u00f0 \u00fe\u00fa ver\u00f0ir nau\u00f0gari af \u00fev\u00ed a\u00f0 sko\u00f0a kl\u00e1m, langar mig a\u00f0 &hellip; <a href=\"https:\/\/www.norn.is\/kyndillinn\/tolum-um-klam\/\">Halda \u00e1fram a\u00f0 lesa <span class=\"meta-nav\">&rarr;<\/span><\/a><\/p>\n","protected":false},"author":2,"featured_media":964,"comment_status":"closed","ping_status":"closed","sticky":false,"template":"","format":"standard","meta":{"footnotes":""},"categories":[81,13,1,15],"tags":[327,79,247],"class_list":["post-961","post","type-post","status-publish","format-standard","has-post-thumbnail","hentry","category-fasystur","category-kyn-ofbeldi-og-rettarkerfid","category-kyndillinn","category-ordraedan-og-umraedan","tag-barnaklam","tag-klam","tag-klampostular"],"yoast_head":"<!-- This site is optimized with the Yoast SEO plugin v27.4 - https:\/\/yoast.com\/product\/yoast-seo-wordpress\/ -->\n<title>T\u00f6lum um kl\u00e1m - Kyndillinn<\/title>\n<meta name=\"robots\" content=\"index, follow, max-snippet:-1, max-image-preview:large, max-video-preview:-1\" \/>\n<link rel=\"canonical\" href=\"https:\/\/www.norn.is\/kyndillinn\/tolum-um-klam\/\" \/>\n<meta property=\"og:locale\" content=\"is_IS\" \/>\n<meta property=\"og:type\" content=\"article\" \/>\n<meta property=\"og:title\" content=\"T\u00f6lum um kl\u00e1m - Kyndillinn\" \/>\n<meta property=\"og:description\" content=\"Og af \u00fev\u00ed a\u00f0 \u00fe\u00fa ert n\u00fa sennilega me\u00f0 \u00fea\u00f0 \u00e1 hreinu a\u00f0 \u00e9g \u00e6tla ekki a\u00f0 fara a\u00f0 vanda um fyrir \u00fe\u00e9r e\u00f0a lj\u00faga \u00fev\u00ed a\u00f0 \u00fe\u00e9r a\u00f0 \u00fe\u00fa ver\u00f0ir nau\u00f0gari af \u00fev\u00ed a\u00f0 sko\u00f0a kl\u00e1m, langar mig a\u00f0 &hellip; Halda \u00e1fram a\u00f0 lesa &rarr;\" \/>\n<meta property=\"og:url\" content=\"https:\/\/www.norn.is\/kyndillinn\/tolum-um-klam\/\" \/>\n<meta property=\"og:site_name\" content=\"Kyndillinn\" \/>\n<meta property=\"article:published_time\" content=\"2012-04-23T23:58:44+00:00\" \/>\n<meta property=\"article:modified_time\" content=\"2017-09-11T11:26:31+00:00\" \/>\n<meta property=\"og:image\" content=\"https:\/\/www.norn.is\/kyndillinn\/wp-content\/uploads\/sites\/5\/2012\/04\/mynd.jpg\" \/>\n\t<meta property=\"og:image:width\" content=\"542\" \/>\n\t<meta property=\"og:image:height\" content=\"460\" \/>\n\t<meta property=\"og:image:type\" content=\"image\/jpeg\" \/>\n<meta name=\"author\" content=\"Eva Hauksd\u00f3ttir\" \/>\n<meta name=\"twitter:card\" content=\"summary_large_image\" \/>\n<meta name=\"twitter:label1\" content=\"Written by\" \/>\n\t<meta name=\"twitter:data1\" content=\"\" \/>\n\t<meta name=\"twitter:label2\" content=\"Est. reading time\" \/>\n\t<meta name=\"twitter:data2\" content=\"5 minutes\" \/>\n<script type=\"application\/ld+json\" class=\"yoast-schema-graph\">{\"@context\":\"https:\\\/\\\/schema.org\",\"@graph\":[{\"@type\":\"Article\",\"@id\":\"https:\\\/\\\/www.norn.is\\\/kyndillinn\\\/tolum-um-klam\\\/#article\",\"isPartOf\":{\"@id\":\"https:\\\/\\\/www.norn.is\\\/kyndillinn\\\/tolum-um-klam\\\/\"},\"author\":{\"name\":\"Eva Hauksd\u00f3ttir\",\"@id\":\"https:\\\/\\\/www.norn.is\\\/kyndillinn\\\/#\\\/schema\\\/person\\\/2eb0fcae9e1ecc61987f7ed9c878531c\"},\"headline\":\"T\u00f6lum um kl\u00e1m\",\"datePublished\":\"2012-04-23T23:58:44+00:00\",\"dateModified\":\"2017-09-11T11:26:31+00:00\",\"mainEntityOfPage\":{\"@id\":\"https:\\\/\\\/www.norn.is\\\/kyndillinn\\\/tolum-um-klam\\\/\"},\"wordCount\":906,\"image\":{\"@id\":\"https:\\\/\\\/www.norn.is\\\/kyndillinn\\\/tolum-um-klam\\\/#primaryimage\"},\"thumbnailUrl\":\"https:\\\/\\\/www.norn.is\\\/kyndillinn\\\/wp-content\\\/uploads\\\/sites\\\/5\\\/2012\\\/04\\\/mynd.jpg\",\"keywords\":[\"Barnakl\u00e1m\",\"Kl\u00e1m\",\"Kl\u00e1mpostular\"],\"articleSection\":[\"Fasystur\",\"Kyn, ofbeldi og r\u00e9ttarkerfi\u00f0\",\"Kyndillinn\",\"Or\u00f0r\u00e6\u00f0an og umr\u00e6\u00f0an\"],\"inLanguage\":\"is\"},{\"@type\":\"WebPage\",\"@id\":\"https:\\\/\\\/www.norn.is\\\/kyndillinn\\\/tolum-um-klam\\\/\",\"url\":\"https:\\\/\\\/www.norn.is\\\/kyndillinn\\\/tolum-um-klam\\\/\",\"name\":\"T\u00f6lum um kl\u00e1m - Kyndillinn\",\"isPartOf\":{\"@id\":\"https:\\\/\\\/www.norn.is\\\/kyndillinn\\\/#website\"},\"primaryImageOfPage\":{\"@id\":\"https:\\\/\\\/www.norn.is\\\/kyndillinn\\\/tolum-um-klam\\\/#primaryimage\"},\"image\":{\"@id\":\"https:\\\/\\\/www.norn.is\\\/kyndillinn\\\/tolum-um-klam\\\/#primaryimage\"},\"thumbnailUrl\":\"https:\\\/\\\/www.norn.is\\\/kyndillinn\\\/wp-content\\\/uploads\\\/sites\\\/5\\\/2012\\\/04\\\/mynd.jpg\",\"datePublished\":\"2012-04-23T23:58:44+00:00\",\"dateModified\":\"2017-09-11T11:26:31+00:00\",\"author\":{\"@id\":\"https:\\\/\\\/www.norn.is\\\/kyndillinn\\\/#\\\/schema\\\/person\\\/2eb0fcae9e1ecc61987f7ed9c878531c\"},\"breadcrumb\":{\"@id\":\"https:\\\/\\\/www.norn.is\\\/kyndillinn\\\/tolum-um-klam\\\/#breadcrumb\"},\"inLanguage\":\"is\",\"potentialAction\":[{\"@type\":\"ReadAction\",\"target\":[\"https:\\\/\\\/www.norn.is\\\/kyndillinn\\\/tolum-um-klam\\\/\"]}]},{\"@type\":\"ImageObject\",\"inLanguage\":\"is\",\"@id\":\"https:\\\/\\\/www.norn.is\\\/kyndillinn\\\/tolum-um-klam\\\/#primaryimage\",\"url\":\"https:\\\/\\\/www.norn.is\\\/kyndillinn\\\/wp-content\\\/uploads\\\/sites\\\/5\\\/2012\\\/04\\\/mynd.jpg\",\"contentUrl\":\"https:\\\/\\\/www.norn.is\\\/kyndillinn\\\/wp-content\\\/uploads\\\/sites\\\/5\\\/2012\\\/04\\\/mynd.jpg\",\"width\":542,\"height\":460},{\"@type\":\"BreadcrumbList\",\"@id\":\"https:\\\/\\\/www.norn.is\\\/kyndillinn\\\/tolum-um-klam\\\/#breadcrumb\",\"itemListElement\":[{\"@type\":\"ListItem\",\"position\":1,\"name\":\"Home\",\"item\":\"https:\\\/\\\/www.norn.is\\\/kyndillinn\\\/\"},{\"@type\":\"ListItem\",\"position\":2,\"name\":\"T\u00f6lum um kl\u00e1m\"}]},{\"@type\":\"WebSite\",\"@id\":\"https:\\\/\\\/www.norn.is\\\/kyndillinn\\\/#website\",\"url\":\"https:\\\/\\\/www.norn.is\\\/kyndillinn\\\/\",\"name\":\"Kyndillinn\",\"description\":\"Eva um kyn og kl\u00e1m\",\"potentialAction\":[{\"@type\":\"SearchAction\",\"target\":{\"@type\":\"EntryPoint\",\"urlTemplate\":\"https:\\\/\\\/www.norn.is\\\/kyndillinn\\\/?s={search_term_string}\"},\"query-input\":{\"@type\":\"PropertyValueSpecification\",\"valueRequired\":true,\"valueName\":\"search_term_string\"}}],\"inLanguage\":\"is\"},{\"@type\":\"Person\",\"@id\":\"https:\\\/\\\/www.norn.is\\\/kyndillinn\\\/#\\\/schema\\\/person\\\/2eb0fcae9e1ecc61987f7ed9c878531c\",\"name\":\"Eva Hauksd\u00f3ttir\",\"sameAs\":[\"http:\\\/\\\/www.norn.is\"],\"url\":\"https:\\\/\\\/www.norn.is\\\/kyndillinn\\\/author\\\/eva\\\/\"}]}<\/script>\n<!-- \/ Yoast SEO plugin. -->","yoast_head_json":{"title":"T\u00f6lum um kl\u00e1m - Kyndillinn","robots":{"index":"index","follow":"follow","max-snippet":"max-snippet:-1","max-image-preview":"max-image-preview:large","max-video-preview":"max-video-preview:-1"},"canonical":"https:\/\/www.norn.is\/kyndillinn\/tolum-um-klam\/","og_locale":"is_IS","og_type":"article","og_title":"T\u00f6lum um kl\u00e1m - Kyndillinn","og_description":"Og af \u00fev\u00ed a\u00f0 \u00fe\u00fa ert n\u00fa sennilega me\u00f0 \u00fea\u00f0 \u00e1 hreinu a\u00f0 \u00e9g \u00e6tla ekki a\u00f0 fara a\u00f0 vanda um fyrir \u00fe\u00e9r e\u00f0a lj\u00faga \u00fev\u00ed a\u00f0 \u00fe\u00e9r a\u00f0 \u00fe\u00fa ver\u00f0ir nau\u00f0gari af \u00fev\u00ed a\u00f0 sko\u00f0a kl\u00e1m, langar mig a\u00f0 &hellip; Halda \u00e1fram a\u00f0 lesa &rarr;","og_url":"https:\/\/www.norn.is\/kyndillinn\/tolum-um-klam\/","og_site_name":"Kyndillinn","article_published_time":"2012-04-23T23:58:44+00:00","article_modified_time":"2017-09-11T11:26:31+00:00","og_image":[{"width":542,"height":460,"url":"https:\/\/www.norn.is\/kyndillinn\/wp-content\/uploads\/sites\/5\/2012\/04\/mynd.jpg","type":"image\/jpeg"}],"author":"Eva Hauksd\u00f3ttir","twitter_card":"summary_large_image","twitter_misc":{"Written by":false,"Est. reading time":"5 minutes"},"schema":{"@context":"https:\/\/schema.org","@graph":[{"@type":"Article","@id":"https:\/\/www.norn.is\/kyndillinn\/tolum-um-klam\/#article","isPartOf":{"@id":"https:\/\/www.norn.is\/kyndillinn\/tolum-um-klam\/"},"author":{"name":"Eva Hauksd\u00f3ttir","@id":"https:\/\/www.norn.is\/kyndillinn\/#\/schema\/person\/2eb0fcae9e1ecc61987f7ed9c878531c"},"headline":"T\u00f6lum um kl\u00e1m","datePublished":"2012-04-23T23:58:44+00:00","dateModified":"2017-09-11T11:26:31+00:00","mainEntityOfPage":{"@id":"https:\/\/www.norn.is\/kyndillinn\/tolum-um-klam\/"},"wordCount":906,"image":{"@id":"https:\/\/www.norn.is\/kyndillinn\/tolum-um-klam\/#primaryimage"},"thumbnailUrl":"https:\/\/www.norn.is\/kyndillinn\/wp-content\/uploads\/sites\/5\/2012\/04\/mynd.jpg","keywords":["Barnakl\u00e1m","Kl\u00e1m","Kl\u00e1mpostular"],"articleSection":["Fasystur","Kyn, ofbeldi og r\u00e9ttarkerfi\u00f0","Kyndillinn","Or\u00f0r\u00e6\u00f0an og umr\u00e6\u00f0an"],"inLanguage":"is"},{"@type":"WebPage","@id":"https:\/\/www.norn.is\/kyndillinn\/tolum-um-klam\/","url":"https:\/\/www.norn.is\/kyndillinn\/tolum-um-klam\/","name":"T\u00f6lum um kl\u00e1m - Kyndillinn","isPartOf":{"@id":"https:\/\/www.norn.is\/kyndillinn\/#website"},"primaryImageOfPage":{"@id":"https:\/\/www.norn.is\/kyndillinn\/tolum-um-klam\/#primaryimage"},"image":{"@id":"https:\/\/www.norn.is\/kyndillinn\/tolum-um-klam\/#primaryimage"},"thumbnailUrl":"https:\/\/www.norn.is\/kyndillinn\/wp-content\/uploads\/sites\/5\/2012\/04\/mynd.jpg","datePublished":"2012-04-23T23:58:44+00:00","dateModified":"2017-09-11T11:26:31+00:00","author":{"@id":"https:\/\/www.norn.is\/kyndillinn\/#\/schema\/person\/2eb0fcae9e1ecc61987f7ed9c878531c"},"breadcrumb":{"@id":"https:\/\/www.norn.is\/kyndillinn\/tolum-um-klam\/#breadcrumb"},"inLanguage":"is","potentialAction":[{"@type":"ReadAction","target":["https:\/\/www.norn.is\/kyndillinn\/tolum-um-klam\/"]}]},{"@type":"ImageObject","inLanguage":"is","@id":"https:\/\/www.norn.is\/kyndillinn\/tolum-um-klam\/#primaryimage","url":"https:\/\/www.norn.is\/kyndillinn\/wp-content\/uploads\/sites\/5\/2012\/04\/mynd.jpg","contentUrl":"https:\/\/www.norn.is\/kyndillinn\/wp-content\/uploads\/sites\/5\/2012\/04\/mynd.jpg","width":542,"height":460},{"@type":"BreadcrumbList","@id":"https:\/\/www.norn.is\/kyndillinn\/tolum-um-klam\/#breadcrumb","itemListElement":[{"@type":"ListItem","position":1,"name":"Home","item":"https:\/\/www.norn.is\/kyndillinn\/"},{"@type":"ListItem","position":2,"name":"T\u00f6lum um kl\u00e1m"}]},{"@type":"WebSite","@id":"https:\/\/www.norn.is\/kyndillinn\/#website","url":"https:\/\/www.norn.is\/kyndillinn\/","name":"Kyndillinn","description":"Eva um kyn og kl\u00e1m","potentialAction":[{"@type":"SearchAction","target":{"@type":"EntryPoint","urlTemplate":"https:\/\/www.norn.is\/kyndillinn\/?s={search_term_string}"},"query-input":{"@type":"PropertyValueSpecification","valueRequired":true,"valueName":"search_term_string"}}],"inLanguage":"is"},{"@type":"Person","@id":"https:\/\/www.norn.is\/kyndillinn\/#\/schema\/person\/2eb0fcae9e1ecc61987f7ed9c878531c","name":"Eva Hauksd\u00f3ttir","sameAs":["http:\/\/www.norn.is"],"url":"https:\/\/www.norn.is\/kyndillinn\/author\/eva\/"}]}},"_links":{"self":[{"href":"https:\/\/www.norn.is\/kyndillinn\/wp-json\/wp\/v2\/posts\/961","targetHints":{"allow":["GET"]}}],"collection":[{"href":"https:\/\/www.norn.is\/kyndillinn\/wp-json\/wp\/v2\/posts"}],"about":[{"href":"https:\/\/www.norn.is\/kyndillinn\/wp-json\/wp\/v2\/types\/post"}],"author":[{"embeddable":true,"href":"https:\/\/www.norn.is\/kyndillinn\/wp-json\/wp\/v2\/users\/2"}],"replies":[{"embeddable":true,"href":"https:\/\/www.norn.is\/kyndillinn\/wp-json\/wp\/v2\/comments?post=961"}],"version-history":[{"count":6,"href":"https:\/\/www.norn.is\/kyndillinn\/wp-json\/wp\/v2\/posts\/961\/revisions"}],"predecessor-version":[{"id":2461,"href":"https:\/\/www.norn.is\/kyndillinn\/wp-json\/wp\/v2\/posts\/961\/revisions\/2461"}],"wp:featuredmedia":[{"embeddable":true,"href":"https:\/\/www.norn.is\/kyndillinn\/wp-json\/wp\/v2\/media\/964"}],"wp:attachment":[{"href":"https:\/\/www.norn.is\/kyndillinn\/wp-json\/wp\/v2\/media?parent=961"}],"wp:term":[{"taxonomy":"category","embeddable":true,"href":"https:\/\/www.norn.is\/kyndillinn\/wp-json\/wp\/v2\/categories?post=961"},{"taxonomy":"post_tag","embeddable":true,"href":"https:\/\/www.norn.is\/kyndillinn\/wp-json\/wp\/v2\/tags?post=961"}],"curies":[{"name":"wp","href":"https:\/\/api.w.org\/{rel}","templated":true}]}}