{"id":936,"date":"2012-03-20T22:53:26","date_gmt":"2012-03-20T22:53:26","guid":{"rendered":"http:\/\/www.norn.is\/kyndillinn\/?p=936"},"modified":"2017-09-11T15:50:07","modified_gmt":"2017-09-11T15:50:07","slug":"er-karllaegni-rettarkerfisins-stort-vandamal","status":"publish","type":"post","link":"https:\/\/www.norn.is\/kyndillinn\/er-karllaegni-rettarkerfisins-stort-vandamal\/","title":{"rendered":"Er karll\u00e6gni r\u00e9ttarkerfisins st\u00f3rt vandam\u00e1l?"},"content":{"rendered":"<p><a href=\"http:\/\/www.norn.is\/kyndillinn\/wp-content\/uploads\/sites\/5\/2012\/03\/download-8.jpg\"><img loading=\"lazy\" decoding=\"async\" class=\"alignleft size-full wp-image-2421\" src=\"http:\/\/www.norn.is\/kyndillinn\/wp-content\/uploads\/sites\/5\/2012\/03\/download-8.jpg\" alt=\"download (8)\" width=\"245\" height=\"206\" \/><\/a><\/p>\n<p>\u00c9g get vel skili\u00f0 \u00fe\u00e1 sem afneita h\u00e6ttunni \u00e1 \u00fev\u00ed a\u00f0 s\u00f6nnunarbyr\u00f0i \u00ed kynfer\u00f0isbrotam\u00e1lum ver\u00f0i f\u00e6r\u00f0 yfir \u00e1 sakborning. M\u00e9r finnst erfi\u00f0ara a\u00f0 skilja \u00fe\u00e1 sem gera s\u00e9r grein fyrir h\u00e6ttunni en finnst bara allt \u00ed lagi a\u00f0 taka \u00e1h\u00e6ttu \u00e1 a\u00f0 saklausir menn s\u00e9u d\u00e6mdir. Au\u00f0vita\u00f0 reyna \u00feeir sem eru fylgjandi \u00f6fugri s\u00f6nnunarbyr\u00f0i a\u00f0 gera l\u00edti\u00f0 \u00far h\u00e6ttunni me\u00f0 innist\u00e6\u00f0ulitlum fullyr\u00f0ingum, t.d. \u00feessari:<\/p>\n<p><!--more--><\/p>\n<blockquote><p>\u00dea\u00f0 er \u00f3\u00fearft a\u00f0 hafa \u00e1hyggjur af \u00feessu af \u00fev\u00ed a\u00f0 \u00fea\u00f0 falla n\u00e1nast aldrei sektard\u00f3mar \u00ed kynfer\u00f0isbrotam\u00e1lum.<\/p><\/blockquote>\n<p>\u00deetta er ein \u00feeirra sta\u00f0h\u00e6finga sem hefur veri\u00f0 hamra\u00f0 svo r\u00e6kilega \u00e1 a\u00f0 h\u00fan er \u00ed hugum almennings or\u00f0in a\u00f0 vi\u00f0teknum sannindum enda \u00fe\u00f3tt engin g\u00f6gn renni sto\u00f0um undir hana.<\/p>\n<h4><strong>L\u00e1gt hlutfall kynfer\u00f0isbrotam\u00e1la fer fyrir d\u00f3m<\/strong><\/h4>\n<p>Hi\u00f0 sanna er a\u00f0 l\u00e1gt hlutfall kynfer\u00f0isbrota sem l\u00f6greglu eru tilkynnt fara fyrir d\u00f3m. \u00c9g er ekki me\u00f0 handb\u00e6rar t\u00f6lur fr\u00e1 s\u00ed\u00f0ustu \u00feremur \u00e1rum. \u00c9g hef\u00f0i hugsanlega eitthva\u00f0 gr\u00e6tt \u00e1\u00a0\u00a0<a href=\"http:\/\/www.rikissaksoknari.is\/almennar-upplysingar\/kynferdisbrot\/\">sk\u00fdrslunum sem v\u00edsa\u00f0 er til \u00e1 \u00feessari s\u00ed\u00f0u<\/a>\u00a0en get ekki opna\u00f0 \u00fe\u00e6r. (\u00cd\u00a0<a href=\"http:\/\/www.rikissaksoknari.is\/media\/arsskyrslur\/arsskyrsla-2007.pdf\">\u00feessari sk\u00fdrslu<\/a>\u00a0m\u00e1 sj\u00e1 yfirlit yfir hlutfall m\u00e1la sem f\u00f3ru fyrir d\u00f3m en \u00e1st\u00e6\u00f0ur ni\u00f0urfellinga eru ekki sundurli\u00f0a\u00f0ar)\u00a0\u00a0<a href=\"http:\/\/logreglan.is\/upload\/files\/LOKASKJAL_ferill%20brota%20hj%E1%20l%F6greglu%20og%20%E1k%E6ruvaldi_09%2002%202011%20%282%29%281%29.pdf\">H\u00e9r m\u00e1 \u00fe\u00f3 sj\u00e1 t\u00f6lur fr\u00e1 \u00e1rinu 2008<\/a>. Eitt \u00e1r segir ekki n\u00f3gu miki\u00f0 til a\u00f0 h\u00e6gt s\u00e9 a\u00f0 draga almennar \u00e1lyktanir en gefur allavega einhverja hugmynd. \u00deetta \u00e1r f\u00f3ru a\u00f0eins 35% \u00feeirra kynfer\u00f0isbrota sem k\u00e6r\u00f0 voru til l\u00f6greglu \u00e1fram til d\u00f3mst\u00f3la. Hlutfall nau\u00f0gana sem f\u00f3ru fyrir d\u00f3m var a\u00f0eins 12%.<\/p>\n<h4><strong>Af hverju fara \u00feessi m\u00e1l ekki fyrir d\u00f3m?<\/strong><\/h4>\n<p>\u00deetta eru sl\u00e1andi ni\u00f0urst\u00f6\u00f0ur en \u00feegar ma\u00f0ur r\u00fdnir betur \u00ed t\u00f6lurnar s\u00e9st a\u00f0 helstu \u00e1st\u00e6\u00f0ur \u00feess a\u00f0 ranns\u00f3kn var h\u00e6tt, voru \u00fe\u00e6r a\u00f0 brota\u00feoli fylgdi m\u00e1linu ekki eftir e\u00f0a hafna\u00f0i samstarfi, og s\u00fa a\u00f0 gerandinn fannst ekki.<\/p>\n<h4><strong>Gerandinn finnst ekki<\/strong><\/h4>\n<p>\u00c1ri\u00f0 2008 voru k\u00e6r\u00f0 \u00ferett\u00e1n nau\u00f0gunarm\u00e1l, \u00fear sem engir gerendur fundust. \u00derett\u00e1n m\u00e1l \u00e1 einu \u00e1ri, \u00fear sem gl\u00e6ponarnir bara gufu\u00f0u upp. Er \u00e9g ein um a\u00f0 vilja f\u00e1 sk\u00fdringar \u00e1 \u00feessu?\u00a0Ef \u00fea\u00f0 er r\u00e9tt a\u00f0 um \u00fea\u00f0 bil m\u00e1na\u00f0arlega f\u00e1i l\u00f6greglan tilkynningu um nau\u00f0gun, \u00fear sem enginn gerandi finnst, \u00fe\u00e1 er anna\u00f0hvort eitthva\u00f0 a\u00f0 ranns\u00f3knarferlinu e\u00f0a frambur\u00f0i k\u00e6renda.\u00a0J\u00faj\u00fa, \u00fea\u00f0 gerist \u00ed \u00f6llum m\u00e1laflokkum a\u00f0 b\u00f3farnir finnast ekki en \u00feetta er \u00f3e\u00f0lilega h\u00e1tt hlutfall. Leggur ranns\u00f3knarl\u00f6greglan meira upp \u00far \u00fev\u00ed a\u00f0 uppl\u00fdsa \u00fej\u00f3fna\u00f0i og f\u00edkniefnam\u00e1l en l\u00edkams\u00e1r\u00e1sir? L\u00f6greglan \u00feyrfti a\u00f0 \u00fatsk\u00fdra hversvegna gengur svona illa a\u00f0 finna einmitt \u00feessa tegund gl\u00e6pamanna.<\/p>\n<p>Svo m\u00e1 l\u00edka hafa \u00ed huga a\u00f0 \u00fe\u00e6r ranns\u00f3knir sem s\u00fdna h\u00e1tt hlutfall falskra nau\u00f0gana\u00e1k\u00e6ra (\u00fea\u00f0 er til n\u00f3g af \u00feeim en \u00e9g mun fjalla um hlutfalli\u00f0 \u00ed \u00f6\u00f0rum pistli) s\u00fdna l\u00edka a\u00f0 \u00ed f\u00f6lskum k\u00e6rum\u00e1lum er mun algengara a\u00f0 \u00a0<a href=\"http:\/\/www.theforensicexaminer.com\/archive\/spring09\/15\/\">konan beri sakir \u00e1 \u00f3\u00feekktan mann<\/a>\u00a0(\u00fe.e. mann sem er ekki til, enda tilgangurinn ekki a\u00f0 koma neinum \u00ed vandr\u00e6\u00f0i) en \u00ed k\u00e6rum\u00e1lum \u00fear sem um raunverulega nau\u00f0gun er a\u00f0 r\u00e6\u00f0a. \u00deetta vekur \u00f3neitanlega spurningu um hvort einhver \u00feessarra m\u00e1la sem aldrei eru uppl\u00fdst vegna \u00feess a\u00f0 gerandinn finnst ekki, s\u00e9u einfaldlega bara rugl.<\/p>\n<h4><strong>K\u00e6randinn fylgir ekki m\u00e1linu eftir<\/strong><\/h4>\n<p>\u00c1ri\u00f0 2008 k\u00e6r\u00f0u 17 \u00feolendur nau\u00f0gun en dr\u00f3gu svo k\u00e6runa til baka e\u00f0a h\u00f6fnu\u00f0u samstarfi vi\u00f0 l\u00f6greglu. Vi\u00f0 erum a\u00f0 tala um 25% \u00feeirra sem l\u00f6g\u00f0u fram k\u00e6ru og 40% \u00feeirra m\u00e1la sem felld voru ni\u00f0ur.<\/p>\n<p>Sk\u00fdringarnar \u00e1 \u00fev\u00ed a\u00f0 brota\u00feolar fylgja m\u00e1lum ekki eftir geta veri\u00f0 nokkrar. Hugsanlega upplifa \u00feeir fjandsamlegar m\u00f3tt\u00f6kur hj\u00e1 l\u00f6greglunni. Ef svo er \u00fearf a\u00f0 b\u00e6ta \u00far \u00fev\u00ed en \u00fear sem\u00a0<a href=\"http:\/\/www.innanrikisraduneyti.is\/media\/Utgafa\/uppl.afbr.3b.pdf\">brota\u00feoli \u00e1 r\u00e9tt \u00e1 l\u00f6gl\u00e6r\u00f0um r\u00e9ttarg\u00e6slumanni,<\/a>\u00a0\u00a0leyfi \u00e9g m\u00e9r a\u00f0 draga \u00ed efa a\u00f0 meint andstyggilegheit \u00a0l\u00f6greglunnar \u00ed gar\u00f0 \u00feolenda kynfer\u00f0isbrota sk\u00fdri nema l\u00edtinn hluta \u00feessara tilvika. Kannski meta einhverjir brota\u00feolar \u00fea\u00f0 svo a\u00f0 brotin s\u00e9u ekki n\u00f3gu alvarleg til \u00feess a\u00f0 leggja \u00fea\u00f0 \u00e1 sig a\u00f0 standa \u00ed m\u00e1laferlum. Einnig er m\u00f6gulegt a\u00f0 einhverjar \u00feessara kvenna s\u00e9u vegna veikinda, sl\u00e6mra f\u00e9lagslegra a\u00f0st\u00e6\u00f0na e\u00f0a annarra vandam\u00e1la, illa \u00ed stakk b\u00fanar til \u00feess a\u00f0 fylgja nau\u00f0gunark\u00e6rum eftir. E.t.v. eru margar fleiri sk\u00fdringar og eflaust v\u00e6ri h\u00e6gt a\u00f0 veita fleiri konum stu\u00f0ning til a\u00f0 fylgja k\u00e6runum eftir.<\/p>\n<p>En svo er l\u00edka hugsanlegt a\u00f0 einhverjar \u00feessara kvenna hafi dregi\u00f0 k\u00e6rurnar til baka e\u00f0a l\u00e1ti\u00f0 m\u00e1lin fjara \u00fat, vegna \u00feess a\u00f0 \u00fe\u00e6r h\u00f6f\u00f0u \u00ed raun bori\u00f0 menn r\u00f6ngum s\u00f6kum og vildu ekki ganga svo langt a\u00f0 koma \u00feeim \u00ed fangelsi. E\u00f0a \u00fe\u00e6r vissu a\u00f0 frambur\u00f0ur \u00feeirra var of vafasamur til a\u00f0 \u00fe\u00e6r g\u00e6tu sta\u00f0i\u00f0 \u00e1 honum og vildu frekar draga sig til baka en a\u00f0 \u00e9ta rugli\u00f0 ofan \u00ed sig?<\/p>\n<h4><strong>Af hverju \u00e6tti l\u00f6ggan a\u00f0 standa me\u00f0 nau\u00f0gurum?<\/strong><\/h4>\n<p>\u00c9g j\u00e1ta, \u00e9g er tilb\u00fain til a\u00f0 tr\u00faa sl\u00e6legum vinnubr\u00f6g\u00f0um, jafnvel hreinum og kl\u00e1rum afglapah\u00e6tti upp \u00e1 l\u00f6gregluna. \u00c9g er hinsvegar ekki tilb\u00fain til a\u00f0 tr\u00faa \u00fev\u00ed a\u00f0 l\u00f6greglan haldi v\u00edsvitandi hl\u00edfiskildi yfir kynfer\u00f0isbrotam\u00f6nnum. \u00dea\u00f0 er nefnilega ekkert sem bendir til \u00feess a\u00f0 l\u00f6greglumenn hafi minni \u00f3beit \u00e1 kynfer\u00f0isofbeldi en hver annar.<\/p>\n<p>\u00c9g vil f\u00e1 sk\u00fdringar \u00e1 \u00feessu l\u00e1ga hlutfalli k\u00e6r\u00f0ra nau\u00f0gana sem fer fyrir d\u00f3m. Ef sk\u00fdringarnar liggja a\u00f0 einhverju e\u00f0a \u00f6llu leyti \u00ed kvenfjandsamlegu ranns\u00f3knarferli e\u00f0a \u00e1hugaleysi \u00e1 \u00feessum m\u00e1laflokki, \u00fe\u00e1 \u00e1 a\u00f0 laga \u00fea\u00f0 en flj\u00f3tt \u00e1 liti\u00f0 vir\u00f0ist n\u00fa sem sk\u00fdringarnar liggi ekki s\u00ed\u00f0ur hj\u00e1 \u00feolendunum sj\u00e1lfum en \u00ed ranns\u00f3knartreg\u00f0u l\u00f6ggunnar.<\/p>\n<h4><strong>Eru d\u00f3mst\u00f3lar of tregir til a\u00f0 sakfella?<\/strong><\/h4>\n<p>En hva\u00f0 \u00fe\u00e1 me\u00f0 d\u00f3mana sj\u00e1lfa? Er \u00fea\u00f0 r\u00e9tt a\u00f0 sektard\u00f3mar \u00ed kynfer\u00f0isbrotam\u00e1lum heyri til undantekninga?<\/p>\n<p>\u00c9g hef ekki fundi\u00f0 n\u00fdlega \u00edslenska ranns\u00f3kn sem gefur gott yfirlit yfir hlutfall sektar- og s\u00fdknud\u00f3ma. \u00de\u00f3 er komi\u00f0 inn \u00e1 \u00fea\u00f0 \u00ed\u00a0<a href=\"http:\/\/www.rikissaksoknari.is\/media\/frettir\/Skyrsla_kynferdisbrot_2002.pdf\">\u00feessari g\u00f6mlu sk\u00fdrslu<\/a>. Samkv\u00e6mt henni f\u00e9llu\u00a023 d\u00f3mar nau\u00f0gunarm\u00e1lum, fr\u00e1 j\u00fal\u00ed 1997 og til \u00e1rsloka 2001 \u00fear af var\u00a0sakfellt \u00ed 11 m\u00e1lum en s\u00fdkna\u00f0 \u00ed 9 tilvikum.<\/p>\n<p>\u00c9g sko\u00f0a\u00f0i sj\u00e1lf yfirlit kynfer\u00f0isbrotad\u00f3ma fr\u00e1 jan\u00faar 2009 og fram til dagsins \u00ed dag. \u00deetta er alls ekki n\u00e1kv\u00e6m k\u00f6nnun, \u00e9g sl\u00f3 bara inn\u00a0<a href=\"http:\/\/www.domstolar.is\/domaleit\/?action=search\">&#8222;kynfer\u00f0isbrot&#8220; \u00ed leitina \u00ed d\u00f3masafninu<\/a>\u00a0og taldi sektar- og s\u00fdknud\u00f3ma. \u00deetta er mj\u00f6g \u00f3n\u00e1kv\u00e6m a\u00f0fer\u00f0, vel m\u00e1 vera a\u00f0 einhverjir d\u00f3mar komi ekki fram \u00e1 \u00feennan h\u00e1tt og \u00e9g \u00e6tla a\u00f0 bi\u00f0ja lesendur \u00feess lengstra or\u00f0a a\u00f0 hafa \u00ed huga a\u00f0 \u00e9g er a\u00f0eins a\u00f0 leita a\u00f0 v\u00edsbendingu, ekki a\u00f0 setja fram ranns\u00f3knarsk\u00fdrslu.<\/p>\n<p>Ni\u00f0ursta\u00f0an er \u00feessi: \u00a0\u00c9g fann samtals 109 d\u00f3ma \u00ed kynfer\u00f0isbrotam\u00e1lum fr\u00e1 2009 og fram til \u00feessa dags. \u00c9g t\u00f3k \u00f6ll kynfer\u00f0isbrot sem \u00e9g fann; nau\u00f0ganir, misneytingu, barnakl\u00e1m, blyg\u00f0unarbrot, v\u00e6ndiskaup og h\u00f3rmang. \u00cd 83 tilvikum f\u00e9ll sektard\u00f3mur. \u00cd 23 tilvikum var \u00e1k\u00e6r\u00f0i s\u00fdkna\u00f0ur. \u00cd \u00feremur tilvikum var \u00e1k\u00e6r\u00f0i sakfelldur a\u00f0 hluta en s\u00fdkna\u00f0ur af einhverjum \u00e1k\u00e6ruatri\u00f0um. \u00a0\u00c9g hef ekki sko\u00f0a\u00f0 \u00feessa d\u00f3ma, a\u00f0eins yfirlitin \u00e1 nets\u00ed\u00f0unni og \u00feetta er \u00e1rei\u00f0anlega fl\u00f3knara, t.d. l\u00edklegt a\u00f0 \u00ed fleiri d\u00f3mum s\u00e9u \u00e1k\u00e6r\u00f0u s\u00fdkna\u00f0ir af einhverjum \u00fe\u00e1ttum \u00e1k\u00e6ranna. En v\u00edsbendingu gefur \u00feetta vissulega og ni\u00f0ursta\u00f0an er nei, \u00fea\u00f0 heyrir ekki til undantekninga a\u00f0 sektard\u00f3mar falli \u00ed kynfer\u00f0isbrotam\u00e1lum \u00e1 \u00cdslandi, \u00fevert \u00e1 m\u00f3ti er \u00fea\u00f0 mj\u00f6g algengt.<\/p>\n<h4><strong>Hvort er skynsamlegra kenna r\u00e9ttarkerfinu um e\u00f0a leita betri sk\u00fdringa?<\/strong><\/h4>\n<p>\u00dea\u00f0 er eitthva\u00f0 athugavert vi\u00f0 samf\u00e9lag \u00fear sem 68 nau\u00f0ganir eru k\u00e6r\u00f0ar en a\u00f0eins 8 fara fyrir d\u00f3m. \u00dea\u00f0 er \u00fe\u00f3 verulega mikil einf\u00f6ldun a\u00f0 skella skuldinni \u00e1 d\u00f3mskerfi\u00f0. \u00c9g efast ekki um a\u00f0 d\u00f3mskerfi\u00f0 \u00fearfnast endurb\u00f3ta ef ekki gj\u00f6rbyltingar en \u00fea\u00f0 er allavega ekki hlutfall sektard\u00f3ma sem er vandam\u00e1li\u00f0.<\/p>\n<p>\u00c9g hef oft heyrt \u00fe\u00e1 sko\u00f0un, b\u00e6\u00f0i \u00ed r\u00e6\u00f0u og riti a\u00f0 r\u00e9ttarkerfi\u00f0 s\u00e9 &#8222;karll\u00e6gt&#8220; og \u00feolendum kynfer\u00f0isbrota fjandsamlegt. \u00c9g hef hinsvegar ekki heyrt neinn \u00fatsk\u00fdra \u00feetta me\u00f0 \u00f6\u00f0ru en sta\u00f0h\u00e6fingum um viljaleysi l\u00f6greglu til a\u00f0 v\u00edsa m\u00e1lum \u00e1fram og viljaleysi d\u00f3mara til a\u00f0 sakfella nau\u00f0gara. \u00deessar fullyr\u00f0ingar eru \u00ed sk\u00e1rsta falli vafasamar og \u00e9g hef hvergi rekist \u00e1 nein g\u00f6gn sem sty\u00f0ja \u00fe\u00e6r. Ef einhver sem les \u00feetta veit af sl\u00edkum g\u00f6gnum, \u00fe\u00e6tti m\u00e9r v\u00e6nt um a\u00f0 f\u00e1 \u00e1bendingu (\u00fe.e. \u00e1bendingu um hvar \u00feau s\u00e9 a\u00f0 finna, ekki fullyr\u00f0ingar um a\u00f0 ranns\u00f3knir s\u00fdni eitthva\u00f0 sem \u00fe\u00e6r s\u00fdna svo alls ekki.)<\/p>\n<p>Ef okkur er alvara me\u00f0 a\u00f0 koma l\u00f6gum yfir fleiri kynfer\u00f0isbrotamenn, \u00fe\u00e1 \u00feurfum vi\u00f0 a\u00f0 \u00a0sko\u00f0a frekar \u00feessi 70% ni\u00f0urfelldra m\u00e1la \u00fear sem konurnar \u00fdmist s\u00fdna engan \u00e1huga \u00e1 m\u00e1linu sj\u00e1lfar, e\u00f0a ofbeldismennirnir finnast ekki. Ef kemur \u00ed lj\u00f3s a\u00f0 sk\u00fdringin s\u00e9 vond vinnubr\u00f6g\u00f0 l\u00f6greglu, \u00fe\u00e1 og \u00fe\u00e1 fyrst, getum vi\u00f0 r\u00e6tt um karll\u00e6gt r\u00e9ttarkerfi. \u00cd augnablikinu stendur s\u00fa kenning \u00e1 brau\u00f0f\u00f3tum.<\/p>\n<p>A\u00f0 s\u00ed\u00f0ustu bendi \u00e9g \u00e1hugas\u00f6mum \u00e1 a\u00f0 kynna s\u00e9r\u00a0<a href=\"http:\/\/www.rikissaksoknari.is\/media\/frettir\/Skyrsla_kynferdisbrot_2002.pdf\">\u00feessa sk\u00fdrslu<\/a>\u00a0\u00fear sem verklagsreglum l\u00f6greglunnar \u00ed nau\u00f0gunarm\u00e1lum er n\u00e1kv\u00e6mlega l\u00fdst. H\u00fan er g\u00f6mul og vel m\u00e1 vera a\u00f0 eitthva\u00f0 hafi breyst en ef \u00feau vinnubr\u00f6g\u00f0 sem \u00fearna er l\u00fdst eru raunverulega virt, \u00fe\u00e1 liggur vandinn svo sannarlega ekki hj\u00e1 l\u00f6greglunni.<\/p>\n<p>&#8212;&#8212;&#8212;&#8212;&#8212;-<\/p>\n<p>Fyrri pistlar um \u00f6fuga s\u00f6nnunarbyr\u00f0i og vafas\u00f6m s\u00f6nnunarg\u00f6gn, s\u00e1 n\u00fdjasti efst:<br \/>\n<a href=\"http:\/\/www.pistillinn.is\/?p=1619\">\u00c1fallastreitur\u00f6skun sannar ekki kynfer\u00f0isbrot<br \/>\n<\/a><a href=\"http:\/\/www.pistillinn.is\/?p=1547\">J\u00fa, \u00f6fug s\u00f6nnunarbyr\u00f0i vi\u00f0gengst me\u00f0al vestr\u00e6nna \u00fej\u00f3\u00f0a<br \/>\n<\/a><a href=\"http:\/\/www.pistillinn.is\/?p=1501\">Gefum nau\u00f0garanum r\u00f6dd<br \/>\n<\/a><a href=\"http:\/\/www.pistillinn.is\/?p=1494\">Engin h\u00e6tta \u00e1 a\u00f0 s\u00f6nnunarbyr\u00f0inni ver\u00f0i sn\u00fai\u00f0<br \/>\n<\/a><a href=\"http:\/\/www.pistillinn.is\/?p=1465\">Hva\u00f0 \u00e1 a\u00f0 gera vi\u00f0 svona menn?<br \/>\n<\/a><a href=\"http:\/\/www.pistillinn.is\/?p=1465\">Hva\u00f0 m\u00e1 \u00fea\u00f0 kosta?<\/a><\/p>\n","protected":false},"excerpt":{"rendered":"<p>\u00c9g get vel skili\u00f0 \u00fe\u00e1 sem afneita h\u00e6ttunni \u00e1 \u00fev\u00ed a\u00f0 s\u00f6nnunarbyr\u00f0i \u00ed kynfer\u00f0isbrotam\u00e1lum ver\u00f0i f\u00e6r\u00f0 yfir \u00e1 sakborning. M\u00e9r finnst erfi\u00f0ara a\u00f0 skilja \u00fe\u00e1 sem gera s\u00e9r grein fyrir h\u00e6ttunni en finnst bara allt \u00ed lagi a\u00f0 taka \u00e1h\u00e6ttu &hellip; <a href=\"https:\/\/www.norn.is\/kyndillinn\/er-karllaegni-rettarkerfisins-stort-vandamal\/\">Halda \u00e1fram a\u00f0 lesa <span class=\"meta-nav\">&rarr;<\/span><\/a><\/p>\n","protected":false},"author":2,"featured_media":2421,"comment_status":"closed","ping_status":"open","sticky":false,"template":"","format":"standard","meta":{"footnotes":""},"categories":[13,1,259],"tags":[322,354,326,302],"class_list":["post-936","post","type-post","status-publish","format-standard","has-post-thumbnail","hentry","category-kyn-ofbeldi-og-rettarkerfid","category-kyndillinn","category-pistlarod-uns-sekt-er-sonnud","tag-afallastreituroskun","tag-karllaegni","tag-ptsd","tag-rettarkerfid"],"yoast_head":"<!-- This site is optimized with the Yoast SEO plugin v27.4 - https:\/\/yoast.com\/product\/yoast-seo-wordpress\/ -->\n<title>Er karll\u00e6gni r\u00e9ttarkerfisins st\u00f3rt vandam\u00e1l? - Kyndillinn<\/title>\n<meta name=\"robots\" content=\"index, follow, max-snippet:-1, max-image-preview:large, max-video-preview:-1\" \/>\n<link rel=\"canonical\" href=\"https:\/\/www.norn.is\/kyndillinn\/er-karllaegni-rettarkerfisins-stort-vandamal\/\" \/>\n<meta property=\"og:locale\" content=\"is_IS\" \/>\n<meta property=\"og:type\" content=\"article\" \/>\n<meta property=\"og:title\" content=\"Er karll\u00e6gni r\u00e9ttarkerfisins st\u00f3rt vandam\u00e1l? - Kyndillinn\" \/>\n<meta property=\"og:description\" content=\"\u00c9g get vel skili\u00f0 \u00fe\u00e1 sem afneita h\u00e6ttunni \u00e1 \u00fev\u00ed a\u00f0 s\u00f6nnunarbyr\u00f0i \u00ed kynfer\u00f0isbrotam\u00e1lum ver\u00f0i f\u00e6r\u00f0 yfir \u00e1 sakborning. M\u00e9r finnst erfi\u00f0ara a\u00f0 skilja \u00fe\u00e1 sem gera s\u00e9r grein fyrir h\u00e6ttunni en finnst bara allt \u00ed lagi a\u00f0 taka \u00e1h\u00e6ttu &hellip; Halda \u00e1fram a\u00f0 lesa &rarr;\" \/>\n<meta property=\"og:url\" content=\"https:\/\/www.norn.is\/kyndillinn\/er-karllaegni-rettarkerfisins-stort-vandamal\/\" \/>\n<meta property=\"og:site_name\" content=\"Kyndillinn\" \/>\n<meta property=\"article:published_time\" content=\"2012-03-20T22:53:26+00:00\" \/>\n<meta property=\"article:modified_time\" content=\"2017-09-11T15:50:07+00:00\" \/>\n<meta property=\"og:image\" content=\"https:\/\/www.norn.is\/kyndillinn\/wp-content\/uploads\/sites\/5\/2012\/03\/download-8.jpg\" \/>\n\t<meta property=\"og:image:width\" content=\"245\" \/>\n\t<meta property=\"og:image:height\" content=\"206\" \/>\n\t<meta property=\"og:image:type\" content=\"image\/jpeg\" \/>\n<meta name=\"author\" content=\"Eva Hauksd\u00f3ttir\" \/>\n<meta name=\"twitter:card\" content=\"summary_large_image\" \/>\n<meta name=\"twitter:label1\" content=\"Written by\" \/>\n\t<meta name=\"twitter:data1\" content=\"\" \/>\n\t<meta name=\"twitter:label2\" content=\"Est. reading time\" \/>\n\t<meta name=\"twitter:data2\" content=\"9 minutes\" \/>\n<script type=\"application\/ld+json\" class=\"yoast-schema-graph\">{\"@context\":\"https:\\\/\\\/schema.org\",\"@graph\":[{\"@type\":\"Article\",\"@id\":\"https:\\\/\\\/www.norn.is\\\/kyndillinn\\\/er-karllaegni-rettarkerfisins-stort-vandamal\\\/#article\",\"isPartOf\":{\"@id\":\"https:\\\/\\\/www.norn.is\\\/kyndillinn\\\/er-karllaegni-rettarkerfisins-stort-vandamal\\\/\"},\"author\":{\"name\":\"Eva Hauksd\u00f3ttir\",\"@id\":\"https:\\\/\\\/www.norn.is\\\/kyndillinn\\\/#\\\/schema\\\/person\\\/2eb0fcae9e1ecc61987f7ed9c878531c\"},\"headline\":\"Er karll\u00e6gni r\u00e9ttarkerfisins st\u00f3rt vandam\u00e1l?\",\"datePublished\":\"2012-03-20T22:53:26+00:00\",\"dateModified\":\"2017-09-11T15:50:07+00:00\",\"mainEntityOfPage\":{\"@id\":\"https:\\\/\\\/www.norn.is\\\/kyndillinn\\\/er-karllaegni-rettarkerfisins-stort-vandamal\\\/\"},\"wordCount\":1755,\"image\":{\"@id\":\"https:\\\/\\\/www.norn.is\\\/kyndillinn\\\/er-karllaegni-rettarkerfisins-stort-vandamal\\\/#primaryimage\"},\"thumbnailUrl\":\"https:\\\/\\\/www.norn.is\\\/kyndillinn\\\/wp-content\\\/uploads\\\/sites\\\/5\\\/2012\\\/03\\\/download-8.jpg\",\"keywords\":[\"\u00c1fallastreitur\u00f6skun\",\"Karll\u00e6gni\",\"PTSD\",\"R\u00e9ttarkerfi\u00f0\"],\"articleSection\":[\"Kyn, ofbeldi og r\u00e9ttarkerfi\u00f0\",\"Kyndillinn\",\"Pistlar\u00f6\u00f0: Uns sekt er s\u00f6nnu\u00f0\"],\"inLanguage\":\"is\"},{\"@type\":\"WebPage\",\"@id\":\"https:\\\/\\\/www.norn.is\\\/kyndillinn\\\/er-karllaegni-rettarkerfisins-stort-vandamal\\\/\",\"url\":\"https:\\\/\\\/www.norn.is\\\/kyndillinn\\\/er-karllaegni-rettarkerfisins-stort-vandamal\\\/\",\"name\":\"Er karll\u00e6gni r\u00e9ttarkerfisins st\u00f3rt vandam\u00e1l? - Kyndillinn\",\"isPartOf\":{\"@id\":\"https:\\\/\\\/www.norn.is\\\/kyndillinn\\\/#website\"},\"primaryImageOfPage\":{\"@id\":\"https:\\\/\\\/www.norn.is\\\/kyndillinn\\\/er-karllaegni-rettarkerfisins-stort-vandamal\\\/#primaryimage\"},\"image\":{\"@id\":\"https:\\\/\\\/www.norn.is\\\/kyndillinn\\\/er-karllaegni-rettarkerfisins-stort-vandamal\\\/#primaryimage\"},\"thumbnailUrl\":\"https:\\\/\\\/www.norn.is\\\/kyndillinn\\\/wp-content\\\/uploads\\\/sites\\\/5\\\/2012\\\/03\\\/download-8.jpg\",\"datePublished\":\"2012-03-20T22:53:26+00:00\",\"dateModified\":\"2017-09-11T15:50:07+00:00\",\"author\":{\"@id\":\"https:\\\/\\\/www.norn.is\\\/kyndillinn\\\/#\\\/schema\\\/person\\\/2eb0fcae9e1ecc61987f7ed9c878531c\"},\"breadcrumb\":{\"@id\":\"https:\\\/\\\/www.norn.is\\\/kyndillinn\\\/er-karllaegni-rettarkerfisins-stort-vandamal\\\/#breadcrumb\"},\"inLanguage\":\"is\",\"potentialAction\":[{\"@type\":\"ReadAction\",\"target\":[\"https:\\\/\\\/www.norn.is\\\/kyndillinn\\\/er-karllaegni-rettarkerfisins-stort-vandamal\\\/\"]}]},{\"@type\":\"ImageObject\",\"inLanguage\":\"is\",\"@id\":\"https:\\\/\\\/www.norn.is\\\/kyndillinn\\\/er-karllaegni-rettarkerfisins-stort-vandamal\\\/#primaryimage\",\"url\":\"https:\\\/\\\/www.norn.is\\\/kyndillinn\\\/wp-content\\\/uploads\\\/sites\\\/5\\\/2012\\\/03\\\/download-8.jpg\",\"contentUrl\":\"https:\\\/\\\/www.norn.is\\\/kyndillinn\\\/wp-content\\\/uploads\\\/sites\\\/5\\\/2012\\\/03\\\/download-8.jpg\",\"width\":245,\"height\":206},{\"@type\":\"BreadcrumbList\",\"@id\":\"https:\\\/\\\/www.norn.is\\\/kyndillinn\\\/er-karllaegni-rettarkerfisins-stort-vandamal\\\/#breadcrumb\",\"itemListElement\":[{\"@type\":\"ListItem\",\"position\":1,\"name\":\"Home\",\"item\":\"https:\\\/\\\/www.norn.is\\\/kyndillinn\\\/\"},{\"@type\":\"ListItem\",\"position\":2,\"name\":\"Er karll\u00e6gni r\u00e9ttarkerfisins st\u00f3rt vandam\u00e1l?\"}]},{\"@type\":\"WebSite\",\"@id\":\"https:\\\/\\\/www.norn.is\\\/kyndillinn\\\/#website\",\"url\":\"https:\\\/\\\/www.norn.is\\\/kyndillinn\\\/\",\"name\":\"Kyndillinn\",\"description\":\"Eva um kyn og kl\u00e1m\",\"potentialAction\":[{\"@type\":\"SearchAction\",\"target\":{\"@type\":\"EntryPoint\",\"urlTemplate\":\"https:\\\/\\\/www.norn.is\\\/kyndillinn\\\/?s={search_term_string}\"},\"query-input\":{\"@type\":\"PropertyValueSpecification\",\"valueRequired\":true,\"valueName\":\"search_term_string\"}}],\"inLanguage\":\"is\"},{\"@type\":\"Person\",\"@id\":\"https:\\\/\\\/www.norn.is\\\/kyndillinn\\\/#\\\/schema\\\/person\\\/2eb0fcae9e1ecc61987f7ed9c878531c\",\"name\":\"Eva Hauksd\u00f3ttir\",\"sameAs\":[\"http:\\\/\\\/www.norn.is\"],\"url\":\"https:\\\/\\\/www.norn.is\\\/kyndillinn\\\/author\\\/eva\\\/\"}]}<\/script>\n<!-- \/ Yoast SEO plugin. -->","yoast_head_json":{"title":"Er karll\u00e6gni r\u00e9ttarkerfisins st\u00f3rt vandam\u00e1l? - Kyndillinn","robots":{"index":"index","follow":"follow","max-snippet":"max-snippet:-1","max-image-preview":"max-image-preview:large","max-video-preview":"max-video-preview:-1"},"canonical":"https:\/\/www.norn.is\/kyndillinn\/er-karllaegni-rettarkerfisins-stort-vandamal\/","og_locale":"is_IS","og_type":"article","og_title":"Er karll\u00e6gni r\u00e9ttarkerfisins st\u00f3rt vandam\u00e1l? - Kyndillinn","og_description":"\u00c9g get vel skili\u00f0 \u00fe\u00e1 sem afneita h\u00e6ttunni \u00e1 \u00fev\u00ed a\u00f0 s\u00f6nnunarbyr\u00f0i \u00ed kynfer\u00f0isbrotam\u00e1lum ver\u00f0i f\u00e6r\u00f0 yfir \u00e1 sakborning. M\u00e9r finnst erfi\u00f0ara a\u00f0 skilja \u00fe\u00e1 sem gera s\u00e9r grein fyrir h\u00e6ttunni en finnst bara allt \u00ed lagi a\u00f0 taka \u00e1h\u00e6ttu &hellip; Halda \u00e1fram a\u00f0 lesa &rarr;","og_url":"https:\/\/www.norn.is\/kyndillinn\/er-karllaegni-rettarkerfisins-stort-vandamal\/","og_site_name":"Kyndillinn","article_published_time":"2012-03-20T22:53:26+00:00","article_modified_time":"2017-09-11T15:50:07+00:00","og_image":[{"width":245,"height":206,"url":"https:\/\/www.norn.is\/kyndillinn\/wp-content\/uploads\/sites\/5\/2012\/03\/download-8.jpg","type":"image\/jpeg"}],"author":"Eva Hauksd\u00f3ttir","twitter_card":"summary_large_image","twitter_misc":{"Written by":false,"Est. reading time":"9 minutes"},"schema":{"@context":"https:\/\/schema.org","@graph":[{"@type":"Article","@id":"https:\/\/www.norn.is\/kyndillinn\/er-karllaegni-rettarkerfisins-stort-vandamal\/#article","isPartOf":{"@id":"https:\/\/www.norn.is\/kyndillinn\/er-karllaegni-rettarkerfisins-stort-vandamal\/"},"author":{"name":"Eva Hauksd\u00f3ttir","@id":"https:\/\/www.norn.is\/kyndillinn\/#\/schema\/person\/2eb0fcae9e1ecc61987f7ed9c878531c"},"headline":"Er karll\u00e6gni r\u00e9ttarkerfisins st\u00f3rt vandam\u00e1l?","datePublished":"2012-03-20T22:53:26+00:00","dateModified":"2017-09-11T15:50:07+00:00","mainEntityOfPage":{"@id":"https:\/\/www.norn.is\/kyndillinn\/er-karllaegni-rettarkerfisins-stort-vandamal\/"},"wordCount":1755,"image":{"@id":"https:\/\/www.norn.is\/kyndillinn\/er-karllaegni-rettarkerfisins-stort-vandamal\/#primaryimage"},"thumbnailUrl":"https:\/\/www.norn.is\/kyndillinn\/wp-content\/uploads\/sites\/5\/2012\/03\/download-8.jpg","keywords":["\u00c1fallastreitur\u00f6skun","Karll\u00e6gni","PTSD","R\u00e9ttarkerfi\u00f0"],"articleSection":["Kyn, ofbeldi og r\u00e9ttarkerfi\u00f0","Kyndillinn","Pistlar\u00f6\u00f0: Uns sekt er s\u00f6nnu\u00f0"],"inLanguage":"is"},{"@type":"WebPage","@id":"https:\/\/www.norn.is\/kyndillinn\/er-karllaegni-rettarkerfisins-stort-vandamal\/","url":"https:\/\/www.norn.is\/kyndillinn\/er-karllaegni-rettarkerfisins-stort-vandamal\/","name":"Er karll\u00e6gni r\u00e9ttarkerfisins st\u00f3rt vandam\u00e1l? - Kyndillinn","isPartOf":{"@id":"https:\/\/www.norn.is\/kyndillinn\/#website"},"primaryImageOfPage":{"@id":"https:\/\/www.norn.is\/kyndillinn\/er-karllaegni-rettarkerfisins-stort-vandamal\/#primaryimage"},"image":{"@id":"https:\/\/www.norn.is\/kyndillinn\/er-karllaegni-rettarkerfisins-stort-vandamal\/#primaryimage"},"thumbnailUrl":"https:\/\/www.norn.is\/kyndillinn\/wp-content\/uploads\/sites\/5\/2012\/03\/download-8.jpg","datePublished":"2012-03-20T22:53:26+00:00","dateModified":"2017-09-11T15:50:07+00:00","author":{"@id":"https:\/\/www.norn.is\/kyndillinn\/#\/schema\/person\/2eb0fcae9e1ecc61987f7ed9c878531c"},"breadcrumb":{"@id":"https:\/\/www.norn.is\/kyndillinn\/er-karllaegni-rettarkerfisins-stort-vandamal\/#breadcrumb"},"inLanguage":"is","potentialAction":[{"@type":"ReadAction","target":["https:\/\/www.norn.is\/kyndillinn\/er-karllaegni-rettarkerfisins-stort-vandamal\/"]}]},{"@type":"ImageObject","inLanguage":"is","@id":"https:\/\/www.norn.is\/kyndillinn\/er-karllaegni-rettarkerfisins-stort-vandamal\/#primaryimage","url":"https:\/\/www.norn.is\/kyndillinn\/wp-content\/uploads\/sites\/5\/2012\/03\/download-8.jpg","contentUrl":"https:\/\/www.norn.is\/kyndillinn\/wp-content\/uploads\/sites\/5\/2012\/03\/download-8.jpg","width":245,"height":206},{"@type":"BreadcrumbList","@id":"https:\/\/www.norn.is\/kyndillinn\/er-karllaegni-rettarkerfisins-stort-vandamal\/#breadcrumb","itemListElement":[{"@type":"ListItem","position":1,"name":"Home","item":"https:\/\/www.norn.is\/kyndillinn\/"},{"@type":"ListItem","position":2,"name":"Er karll\u00e6gni r\u00e9ttarkerfisins st\u00f3rt vandam\u00e1l?"}]},{"@type":"WebSite","@id":"https:\/\/www.norn.is\/kyndillinn\/#website","url":"https:\/\/www.norn.is\/kyndillinn\/","name":"Kyndillinn","description":"Eva um kyn og kl\u00e1m","potentialAction":[{"@type":"SearchAction","target":{"@type":"EntryPoint","urlTemplate":"https:\/\/www.norn.is\/kyndillinn\/?s={search_term_string}"},"query-input":{"@type":"PropertyValueSpecification","valueRequired":true,"valueName":"search_term_string"}}],"inLanguage":"is"},{"@type":"Person","@id":"https:\/\/www.norn.is\/kyndillinn\/#\/schema\/person\/2eb0fcae9e1ecc61987f7ed9c878531c","name":"Eva Hauksd\u00f3ttir","sameAs":["http:\/\/www.norn.is"],"url":"https:\/\/www.norn.is\/kyndillinn\/author\/eva\/"}]}},"_links":{"self":[{"href":"https:\/\/www.norn.is\/kyndillinn\/wp-json\/wp\/v2\/posts\/936","targetHints":{"allow":["GET"]}}],"collection":[{"href":"https:\/\/www.norn.is\/kyndillinn\/wp-json\/wp\/v2\/posts"}],"about":[{"href":"https:\/\/www.norn.is\/kyndillinn\/wp-json\/wp\/v2\/types\/post"}],"author":[{"embeddable":true,"href":"https:\/\/www.norn.is\/kyndillinn\/wp-json\/wp\/v2\/users\/2"}],"replies":[{"embeddable":true,"href":"https:\/\/www.norn.is\/kyndillinn\/wp-json\/wp\/v2\/comments?post=936"}],"version-history":[{"count":3,"href":"https:\/\/www.norn.is\/kyndillinn\/wp-json\/wp\/v2\/posts\/936\/revisions"}],"predecessor-version":[{"id":2422,"href":"https:\/\/www.norn.is\/kyndillinn\/wp-json\/wp\/v2\/posts\/936\/revisions\/2422"}],"wp:featuredmedia":[{"embeddable":true,"href":"https:\/\/www.norn.is\/kyndillinn\/wp-json\/wp\/v2\/media\/2421"}],"wp:attachment":[{"href":"https:\/\/www.norn.is\/kyndillinn\/wp-json\/wp\/v2\/media?parent=936"}],"wp:term":[{"taxonomy":"category","embeddable":true,"href":"https:\/\/www.norn.is\/kyndillinn\/wp-json\/wp\/v2\/categories?post=936"},{"taxonomy":"post_tag","embeddable":true,"href":"https:\/\/www.norn.is\/kyndillinn\/wp-json\/wp\/v2\/tags?post=936"}],"curies":[{"name":"wp","href":"https:\/\/api.w.org\/{rel}","templated":true}]}}