{"id":930,"date":"2012-03-30T22:49:12","date_gmt":"2012-03-30T22:49:12","guid":{"rendered":"http:\/\/www.norn.is\/kyndillinn\/?p=930"},"modified":"2021-08-02T13:36:37","modified_gmt":"2021-08-02T13:36:37","slug":"hvar-eru-oll-thessi-daemigerdu-syknumal","status":"publish","type":"post","link":"https:\/\/www.norn.is\/kyndillinn\/hvar-eru-oll-thessi-daemigerdu-syknumal\/","title":{"rendered":"Hvar eru \u00f6ll \u00feessi d\u00e6miger\u00f0u s\u00fdknum\u00e1l?"},"content":{"rendered":"<p><a href=\"http:\/\/www.norn.is\/kyndillinn\/wp-content\/uploads\/sites\/5\/2011\/07\/hammer-311342_640.png\"><img loading=\"lazy\" decoding=\"async\" class=\"alignleft size-full wp-image-1700\" src=\"http:\/\/www.norn.is\/kyndillinn\/wp-content\/uploads\/sites\/5\/2011\/07\/hammer-311342_640.png\" alt=\"hammer-311342_640\" width=\"640\" height=\"427\" srcset=\"https:\/\/www.norn.is\/kyndillinn\/wp-content\/uploads\/sites\/5\/2011\/07\/hammer-311342_640.png 640w, https:\/\/www.norn.is\/kyndillinn\/wp-content\/uploads\/sites\/5\/2011\/07\/hammer-311342_640-300x200.png 300w\" sizes=\"auto, (max-width: 640px) 100vw, 640px\" \/><\/a><\/p>\n<p>\u00c1rum saman hneyksla\u00f0ist \u00e9g \u00e1 \u00f6llum \u00feessum s\u00fdknud\u00f3mum \u00ed kynfer\u00f0isbrotam\u00e1lum og \u00f6llum m\u00e1lunum sem v\u00edsa\u00f0 er fr\u00e1.<!--more-->Svo kom a\u00f0 \u00fev\u00ed a\u00f0 \u00e9g f\u00f3r a\u00f0 sko\u00f0a d\u00f3mana sj\u00e1lf og m\u00e9r til undrunar neyddist \u00e9g til a\u00f0 \u00e9ta \u00fe\u00e6r fullyr\u00f0ingar ofan \u00ed mig. \u00c9g fann satt a\u00f0 segja ekki marga s\u00fdknud\u00f3ma sem m\u00e9r \u00fe\u00f3ttu vafasamir. \u00c9g tek \u00fea\u00f0 fram a\u00f0 \u00e9g tel d\u00f3mst\u00f3la eiga a\u00f0 vir\u00f0a almenn mannr\u00e9ttindi svo \u00feeir sem vilja afnema \u00feau eru m\u00e9r vafalaust \u00f3samm\u00e1la. \u00c9g komst l\u00edka a\u00f0 \u00fev\u00ed a\u00f0 \u00fe\u00f3tt m\u00f6rg m\u00e1l s\u00e9u felld ni\u00f0ur hj\u00e1 l\u00f6greglu er <a href=\"http:\/\/www.rikissaksoknari.is\/media\/frettir\/skyrsla-kynferdisbrot-2007.pdf\">sk\u00fdringin ekki svo einf\u00f6ld<\/a> a\u00f0 l\u00f6ggan v\u00edsi \u00feeim bara fr\u00e1\u00a0af einsk\u00e6ru \u00e1hugaleysi e\u00f0a sam\u00fa\u00f0 me\u00f0 nau\u00f0gurum.<\/p>\n<p>M\u00e9r finnst gaman a\u00f0 hafa r\u00e9tt fyrir m\u00e9r og \u00e9g j\u00e1ta a\u00f0 \u00fe\u00f3tt \u00feetta v\u00e6ri \u00ed sj\u00e1lfu s\u00e9r gle\u00f0ileg uppg\u00f6tvun, g\u00e6tti einnig nokkurrar gremju hj\u00e1 m\u00e9r yfir \u00fev\u00ed a\u00f0 hafa falli\u00f0 fyrir vitaskuldum. M\u00e9r finnst skemmtilegra a\u00f0 vera rei\u00f0 vi\u00f0 d\u00f3mara, l\u00f6gguna og kerfi\u00f0 en sj\u00e1lfa mig og langa\u00f0i satt a\u00f0 segja ekkert a\u00f0 \u00e9ta st\u00f3ru or\u00f0in ofan \u00ed mig. Auk \u00feess hef \u00e9g and\u00fa\u00f0 \u00e1 l\u00f6ggunni og er verulega tortryggin gagnvart d\u00f3mskerfinu svo \u00fea\u00f0 hef\u00f0i henta\u00f0 minni hugmyndafr\u00e6\u00f0i fullkomlega a\u00f0 finna sta\u00f0festingu \u00e1 \u00fev\u00ed a\u00f0 r\u00e9ttarkerfi\u00f0 k\u00f3i me\u00f0 nau\u00f0gurum. En \u00e9g fann hana ekki.<\/p>\n<p>Og hva\u00f0 gerir manneskja sem vill helst alltaf hafa r\u00e9tt fyrir s\u00e9r \u00fe\u00e1? \u00c9g s\u00e1 tvo kosti \u00ed st\u00f6\u00f0unni; a\u00f0 afneita \u00fev\u00ed a\u00f0 m\u00e9r hef\u00f0i skj\u00e1tlast, halda sta\u00f0fastlega vi\u00f0 \u00fe\u00e1 tr\u00fa a\u00f0 nau\u00f0garar sleppi n\u00e6stum alltaf og beita &#8222;j\u00fa v\u00edst og \u00fe\u00fa ert bara nau\u00f0garavinur&#8220; r\u00f6kunum ef m\u00e9r yr\u00f0i m\u00f3tm\u00e6lt; e\u00f0a a\u00f0 horfast \u00ed augu vi\u00f0 mist\u00f6k m\u00edn, fyrirgefa sj\u00e1lfri m\u00e9r fyrir a\u00f0 hafa jarma\u00f0 me\u00f0 hj\u00f6r\u00f0inni og afla m\u00e9r n\u00e6gilegra uppl\u00fdsinga til a\u00f0 geta haft r\u00e9tt fyrir m\u00e9r framvegis. \u00c9g valdi s\u00ed\u00f0ari kostinn \u00fe\u00f3tt hann \u00fatheimti b\u00e6\u00f0i t\u00f6luver\u00f0a heimildavinnu og satt a\u00f0 segja l\u00edka d\u00e1litla kr\u00edsu yfir \u00fev\u00ed a\u00f0 \u00feurfa a\u00f0 sl\u00e1 a\u00f0eins af heift minni gagnvart l\u00f6gruglu og d\u00f3mskerfi (bara a\u00f0eins ponkul\u00edti\u00f0 samt, \u00e9g er ekkert minna brj\u00e1lu\u00f0 en \u00e1\u00f0ur yfir \u00feeirri valdn\u00ed\u00f0slu sem raunverulega fer fram \u00ed skj\u00f3li yfirvalda.)<\/p>\n<p>N\u00fa hef \u00e9g sko\u00f0a\u00f0 alla kynfer\u00f0isbrotad\u00f3ma s\u00ed\u00f0ustu \u00feriggja \u00e1ra sem \u00e9g finn me\u00f0 leitinni \u00e1 \u00a0<a href=\"http:\/\/www.domstolar.is\/domaleit\/\">domstolar.is<\/a>. \u00c9g hef ekki athuga\u00f0 \u00fe\u00e1 n\u00f3gu vel til a\u00f0 setja fram t\u00e6mandi greiningu en \u00fe\u00f3 n\u00f3gu vel til a\u00f0 \u00e9g \u00feori a\u00f0 fullyr\u00f0a a\u00f0 sektard\u00f3mar falla oftar en s\u00fdknud\u00f3mar. S\u00fdknud\u00f3mana hef \u00e9g sko\u00f0a\u00f0 mun betur en sektard\u00f3mana og \u00e9g s\u00e9 ekki betur en a\u00f0 langoftast s\u00e9u mj\u00f6g g\u00f3\u00f0ar \u00e1st\u00e6\u00f0ur fyrir \u00fev\u00ed a\u00f0 d\u00f3murinn telur ekki r\u00e9ttl\u00e6tanlegt a\u00f0 sakfella \u00e1k\u00e6r\u00f0a.<\/p>\n<p>Me\u00f0al s\u00fdknum\u00e1lanna eru tvennskonar m\u00e1l mest \u00e1berandi. Annarsvegar m\u00e1l \u00fear sem konan ber a\u00f0 h\u00fan hafi ekki geta\u00f0 sporna\u00f0 gegn verkna\u00f0inum vegna \u00f6lvunar og\/e\u00f0a svefndrunga. Verulega \u00f3ge\u00f0fellt ver\u00f0 \u00e9g a\u00f0 segja en m\u00e1li\u00f0 er bara a\u00f0 \u00ed m\u00f6rgum \u00feessara s\u00fdknum\u00e1la sta\u00f0festir \u00e1fengism\u00e6ling ekki a\u00f0 \u00e1stand konunnar geti hafa veri\u00f0 jafn sl\u00e6mt og h\u00fan segir. \u00cd \u00f6\u00f0rum tilvikum er ekki h\u00e6gt a\u00f0 skera \u00far um \u00fea\u00f0 hvort konan var sofandi e\u00f0a hvort h\u00fan gaf uppl\u00fdst sam\u00feykki. Hinsvegar koma fyrir d\u00f3mst\u00f3la g\u00f6mul m\u00e1l \u00fear sem frambur\u00f0ur beggja er tr\u00faver\u00f0ugur og \u00fatiloka\u00f0 a\u00f0 segja til um \u00fea\u00f0 hva\u00f0 raunverulega ger\u00f0ist. \u00deegar or\u00f0 stendur gegn or\u00f0i og \u00fatiloka\u00f0 er a\u00f0 f\u00e6ra s\u00f6nnur \u00e1 verkna\u00f0inn, \u00e1 sakborningur a\u00f0 nj\u00f3ta vafans. \u00dea\u00f0 er \u00f6murlegt fyrir raunverulegan \u00feolanda en \u00fe\u00f3 sk\u00e1rra en a\u00f0 saklausum manni s\u00e9 refsa\u00f0. \u00dea\u00f0 finnst m\u00e9r allavega og \u00fea\u00f0 vill svo skemmtilega til \u00e9g er ekki ein um \u00fe\u00e1 sko\u00f0un, \u00feeir sem skrifa og sam\u00feykkja almenna mannr\u00e9ttindas\u00e1ttm\u00e1la hafa s\u00f6mu afst\u00f6\u00f0u. \u00c9g vildi a\u00f0 \u00e9g g\u00e6ti stungi\u00f0 upp \u00e1 lausn sem er r\u00e9ttl\u00e1t fyrir b\u00e1\u00f0a a\u00f0ila en \u00fev\u00ed mi\u00f0ur, \u00e9g kann ekki sl\u00edkt r\u00e1\u00f0.<\/p>\n<p>\u00c9g hef be\u00f0i\u00f0 \u00fe\u00e1 sem halda \u00fev\u00ed fram a\u00f0 d\u00f3mst\u00f3lar standi me\u00f0 nau\u00f0gurum a\u00f0 s\u00fdna m\u00e9r d\u00e6mi um fr\u00e1leita s\u00fdknud\u00f3ma en m\u00f6nnum ver\u00f0ur satt a\u00f0 segja f\u00e1tt um sv\u00f6r. S\u00ed\u00f0ast \u00ed g\u00e6r \u00e1tti \u00e9g spjall vi\u00f0 mann sem telur algerlega nau\u00f0synlegt a\u00f0 liti\u00f0 ver\u00f0i \u00e1 s\u00e1lar\u00e1stand brota\u00feola sem s\u00f6nnunargagn \u00ed kynfer\u00f0isbrotam\u00e1lum. R\u00f6kin eru \u00feau a\u00f0 \u00fea\u00f0 s\u00e9 svo erfitt s\u00e9 a\u00f0 f\u00e1 menn sakfellda \u00fer\u00e1tt fyrir a\u00f0 sekt \u00feeirra s\u00e9 \u00f6llum auglj\u00f3s. \u00dear sem \u00feau g\u00f6gn sem \u00e9g hef sko\u00f0a\u00f0 sta\u00f0festa ekki \u00feetta mat hans, ba\u00f0 \u00e9g hann a\u00f0 nefna m\u00e9r eitthvert d\u00e6mi um s\u00fdknud\u00f3m, \u00fear sem sekt hins \u00e1k\u00e6r\u00f0a v\u00e6ri auglj\u00f3s. Hann nefndi\u00a0<a href=\"http:\/\/www.domstolar.is\/domaleit\/nanar\/?ID=S200700839&amp;Domur=2&amp;type=1&amp;Serial=1\">H\u00f3tel S\u00f6gu m\u00e1li\u00f0<\/a>\u00a0sem hann segir vera klass\u00edskt d\u00e6mi. \u00deetta er andstyggilegt m\u00e1l en \u00feessi \u00e1g\u00e6ti kunningi minn l\u00e6tur hj\u00e1 l\u00ed\u00f0a a\u00f0 taka fram \u00ferennt sem skiptir m\u00e1li:<\/p>\n<ol>\n<li>\u00cd \u00feessu tilviki voru n\u00e6gar a\u00f0rar \u00e1st\u00e6\u00f0ur til sakfellingar, b\u00e6\u00f0i l\u00edkamlegir \u00e1verkar og ummerki um ofbeldi \u00e1 vettvangi. D\u00f3mari sem s\u00fdknar mann \u00fer\u00e1tt fyrir \u00fea\u00f0 er ekki l\u00edklegur til a\u00f0 sakfella eing\u00f6ngu \u00e1 grundvelli s\u00e1lar\u00e1stands.<\/li>\n<li><a href=\"https:\/\/www.haestirettur.is\/default.aspx?pageid=347c3bb1-8926-11e5-80c6-005056bc6a40&amp;id=057ce572-e334-4f05-bb00-2e8a1f993362\" target=\"_blank\" rel=\"noopener\">H\u00e6stir\u00e9ttur<\/a> v\u00edsa\u00f0i m\u00e1linu aftur heim \u00ed h\u00e9ra\u00f0 (464\/2007).<\/li>\n<li>\u00deegar m\u00e1li\u00f0 f\u00f3r aftur fyrir h\u00e9ra\u00f0sd\u00f3m var\u00a0<a href=\"https:\/\/heradsdomstolar.is\/default.aspx?pageid=347c3bb1-8926-11e5-80c6-005056bc6a40&amp;id=55dde755-6d6f-4f9b-babe-e79ca43a9940\">ma\u00f0urinn sakfelldur\u00a0<\/a>og d\u00e6mdur \u00ed \u00feriggja \u00e1ra fangelsi (S-839\/2007).<\/li>\n<\/ol>\n<p>\u00deannig a\u00f0 j\u00e1, H\u00f3tel S\u00f6gum\u00e1li\u00f0 er lj\u00f3tt og \u00e1 margan h\u00e1tt klass\u00edskt. Klass\u00edskt d\u00e6mi um a\u00f0 h\u00e6stir\u00e9ttur v\u00edsi m\u00e1lum aftur til h\u00e9ra\u00f0sd\u00f3ms vegna \u00f3vanda\u00f0ra vinnubrag\u00f0a. Seinni d\u00f3murinn er svo klass\u00edskt d\u00e6mi um a\u00f0 \u00fear sem nokkur \u00e1\u00fereifanleg s\u00f6nnunarg\u00f6gn liggja fyrir, s\u00e9 ni\u00f0ursta\u00f0a d\u00f3msins sakfelling. H\u00f3tel S\u00f6gu-m\u00e1li\u00f0 er ekki klass\u00edskt d\u00e6mi um a\u00f0 ma\u00f0ur sem auglj\u00f3slega er sekur, hafi sloppi\u00f0 vegna \u00feess a\u00f0 ekki s\u00e9 teki\u00f0 tillit til s\u00e1lar\u00e1stands brota\u00feola. \u00dea\u00f0 er hinsvegar klass\u00edsk takt\u00edk hj\u00e1 feminista a\u00f0 benda \u00e1 eitt d\u00e6mi um \u00a0himinhr\u00f3pandi \u00f3r\u00e9ttl\u00e6ti en horfa ekki \u00e1 heildarmyndina.<\/p>\n<p>Hver feministinn \u00e1 f\u00e6tur \u00f6\u00f0rum hefur haldi\u00f0 \u00fev\u00ed fram a\u00f0 \u00e9g misskilji greinarger\u00f0ina me\u00f0\u00a0<a href=\"http:\/\/www.althingi.is\/altext\/140\/s\/0098.html\">frumvarpi um endurskilgreiningu nau\u00f0gunarhugtaksins<\/a>. Alls ekki s\u00e9 \u00e6tlunin a\u00f0 f\u00e6ra s\u00f6nnunarbyr\u00f0ina yfir \u00e1 sakborning. N\u00fa g\u00e6ti \u00fea\u00f0 ekki veri\u00f0 miki\u00f0 sk\u00fdrara sem fram kemur \u00ed \u00feessari greinarger\u00f0 a\u00f0 hugmyndin er s\u00fa a\u00f0\u00a0<strong>nota andlegt \u00e1stand brota\u00feola sem fullgilt s\u00f6nnunargagn \u00ed sakam\u00e1lum<\/strong>. N\u00e1i \u00fea\u00f0 fram a\u00f0 ganga, lendir \u00fea\u00f0 \u00e1 her\u00f0um sakbornings a\u00f0 sanna a\u00f0 s\u00e1lar\u00e1stand konunnar (jafnvel drykkjuskapur hennar) eigi s\u00e9r a\u00f0rar sk\u00fdringar en \u00fe\u00e6r a\u00f0 hann hafi nau\u00f0ga\u00f0 henni. Hvernig er \u00fea\u00f0 ekki \u00f6fug s\u00f6nnunarbyr\u00f0i? \u00dev\u00ed hefur enginn svara\u00f0 enn.<\/p>\n<p>\u00dea\u00f0 hefur heldur enginn svara\u00f0 \u00fev\u00ed hva\u00f0a l\u00f6gsk\u00fdringarg\u00f6gn d\u00f3mst\u00f3lar muni nota til a\u00f0 meta hvort nau\u00f0gun hafi \u00e1tt s\u00e9r sta\u00f0, \u00feegar b\u00fai\u00f0 er a\u00f0 kippa skilgreiningunni \u00fat \u00far lagagreininni sj\u00e1lfri. Svari\u00f0 er auglj\u00f3st, \u00feeir munu sko\u00f0a greinarger\u00f0ina me\u00f0 frumvarpinu og komast a\u00f0 \u00feeirri ni\u00f0urst\u00f6\u00f0u a\u00f0 nau\u00f0gun hafi \u00e1tt s\u00e9r sta\u00f0 ef brota\u00feola l\u00ed\u00f0ur eins og henni hafi veri\u00f0 nau\u00f0ga\u00f0. \u00c9g kemst ekki hj\u00e1 \u00fev\u00ed a\u00f0 hugsa til vinkonu minnar sem kom heim eftir l\u00e6knisa\u00f0ger\u00f0 sem reyndist henni \u00feungb\u00e6r og sag\u00f0i a\u00f0 s\u00e9r li\u00f0i eins og h\u00fan hef\u00f0i or\u00f0i\u00f0 fyrir h\u00f3pnau\u00f0gun. Hef\u00f0i hvarfla\u00f0 a\u00f0 henni a\u00f0 k\u00e6ra l\u00e6knana fyrir h\u00f3pnau\u00f0gun? Nei, \u00f6rugglega ekki en h\u00fan var heldur ekki klikku\u00f0 og l\u00f6gin skilgreindu nau\u00f0gun sem verkna\u00f0 en ekki upplifun. En hva\u00f0 \u00ed fjandanum mun gerast \u00feegar almenningur ver\u00f0ur farinn a\u00f0 skilgreina nau\u00f0gun \u00fat fr\u00e1 upplifun en ekki verkna\u00f0i? Kannski \u00e6ttum vi\u00f0 a\u00f0 afgrei\u00f0a \u00fe\u00e1 spurningu \u00e1\u00f0ur en \u00fev\u00ed dr\u00edfum \u00ed \u00fev\u00ed a\u00f0 breyta l\u00f6gunum.<\/p>\n","protected":false},"excerpt":{"rendered":"<p>\u00c1rum saman hneyksla\u00f0ist \u00e9g \u00e1 \u00f6llum \u00feessum s\u00fdknud\u00f3mum \u00ed kynfer\u00f0isbrotam\u00e1lum og \u00f6llum m\u00e1lunum sem v\u00edsa\u00f0 er fr\u00e1.<\/p>\n","protected":false},"author":2,"featured_media":0,"comment_status":"closed","ping_status":"closed","sticky":false,"template":"","format":"standard","meta":{"footnotes":""},"categories":[13,1],"tags":[302],"class_list":["post-930","post","type-post","status-publish","format-standard","hentry","category-kyn-ofbeldi-og-rettarkerfid","category-kyndillinn","tag-rettarkerfid"],"yoast_head":"<!-- This site is optimized with the Yoast SEO plugin v27.5 - https:\/\/yoast.com\/product\/yoast-seo-wordpress\/ -->\n<title>Hvar eru \u00f6ll \u00feessi d\u00e6miger\u00f0u s\u00fdknum\u00e1l? - Kyndillinn<\/title>\n<meta name=\"robots\" content=\"index, follow, max-snippet:-1, max-image-preview:large, max-video-preview:-1\" \/>\n<link rel=\"canonical\" href=\"https:\/\/www.norn.is\/kyndillinn\/hvar-eru-oll-thessi-daemigerdu-syknumal\/\" \/>\n<meta property=\"og:locale\" content=\"is_IS\" \/>\n<meta property=\"og:type\" content=\"article\" \/>\n<meta property=\"og:title\" content=\"Hvar eru \u00f6ll \u00feessi d\u00e6miger\u00f0u s\u00fdknum\u00e1l? - Kyndillinn\" \/>\n<meta property=\"og:description\" content=\"\u00c1rum saman hneyksla\u00f0ist \u00e9g \u00e1 \u00f6llum \u00feessum s\u00fdknud\u00f3mum \u00ed kynfer\u00f0isbrotam\u00e1lum og \u00f6llum m\u00e1lunum sem v\u00edsa\u00f0 er fr\u00e1.\" \/>\n<meta property=\"og:url\" content=\"https:\/\/www.norn.is\/kyndillinn\/hvar-eru-oll-thessi-daemigerdu-syknumal\/\" \/>\n<meta property=\"og:site_name\" content=\"Kyndillinn\" \/>\n<meta property=\"article:published_time\" content=\"2012-03-30T22:49:12+00:00\" \/>\n<meta property=\"article:modified_time\" content=\"2021-08-02T13:36:37+00:00\" \/>\n<meta property=\"og:image\" content=\"http:\/\/www.norn.is\/kyndillinn\/wp-content\/uploads\/sites\/5\/2011\/07\/hammer-311342_640.png\" \/>\n<meta name=\"author\" content=\"Eva Hauksd\u00f3ttir\" \/>\n<meta name=\"twitter:card\" content=\"summary_large_image\" \/>\n<meta name=\"twitter:label1\" content=\"Written by\" \/>\n\t<meta name=\"twitter:data1\" content=\"\" \/>\n\t<meta name=\"twitter:label2\" content=\"Est. reading time\" \/>\n\t<meta name=\"twitter:data2\" content=\"6 minutes\" \/>\n<script type=\"application\/ld+json\" class=\"yoast-schema-graph\">{\"@context\":\"https:\\\/\\\/schema.org\",\"@graph\":[{\"@type\":\"Article\",\"@id\":\"https:\\\/\\\/www.norn.is\\\/kyndillinn\\\/hvar-eru-oll-thessi-daemigerdu-syknumal\\\/#article\",\"isPartOf\":{\"@id\":\"https:\\\/\\\/www.norn.is\\\/kyndillinn\\\/hvar-eru-oll-thessi-daemigerdu-syknumal\\\/\"},\"author\":{\"name\":\"Eva Hauksd\u00f3ttir\",\"@id\":\"https:\\\/\\\/www.norn.is\\\/kyndillinn\\\/#\\\/schema\\\/person\\\/2eb0fcae9e1ecc61987f7ed9c878531c\"},\"headline\":\"Hvar eru \u00f6ll \u00feessi d\u00e6miger\u00f0u s\u00fdknum\u00e1l?\",\"datePublished\":\"2012-03-30T22:49:12+00:00\",\"dateModified\":\"2021-08-02T13:36:37+00:00\",\"mainEntityOfPage\":{\"@id\":\"https:\\\/\\\/www.norn.is\\\/kyndillinn\\\/hvar-eru-oll-thessi-daemigerdu-syknumal\\\/\"},\"wordCount\":1445,\"image\":{\"@id\":\"https:\\\/\\\/www.norn.is\\\/kyndillinn\\\/hvar-eru-oll-thessi-daemigerdu-syknumal\\\/#primaryimage\"},\"thumbnailUrl\":\"http:\\\/\\\/www.norn.is\\\/kyndillinn\\\/wp-content\\\/uploads\\\/sites\\\/5\\\/2011\\\/07\\\/hammer-311342_640.png\",\"keywords\":[\"R\u00e9ttarkerfi\u00f0\"],\"articleSection\":[\"Kyn, ofbeldi og r\u00e9ttarkerfi\u00f0\",\"Kyndillinn\"],\"inLanguage\":\"is\"},{\"@type\":\"WebPage\",\"@id\":\"https:\\\/\\\/www.norn.is\\\/kyndillinn\\\/hvar-eru-oll-thessi-daemigerdu-syknumal\\\/\",\"url\":\"https:\\\/\\\/www.norn.is\\\/kyndillinn\\\/hvar-eru-oll-thessi-daemigerdu-syknumal\\\/\",\"name\":\"Hvar eru \u00f6ll \u00feessi d\u00e6miger\u00f0u s\u00fdknum\u00e1l? - Kyndillinn\",\"isPartOf\":{\"@id\":\"https:\\\/\\\/www.norn.is\\\/kyndillinn\\\/#website\"},\"primaryImageOfPage\":{\"@id\":\"https:\\\/\\\/www.norn.is\\\/kyndillinn\\\/hvar-eru-oll-thessi-daemigerdu-syknumal\\\/#primaryimage\"},\"image\":{\"@id\":\"https:\\\/\\\/www.norn.is\\\/kyndillinn\\\/hvar-eru-oll-thessi-daemigerdu-syknumal\\\/#primaryimage\"},\"thumbnailUrl\":\"http:\\\/\\\/www.norn.is\\\/kyndillinn\\\/wp-content\\\/uploads\\\/sites\\\/5\\\/2011\\\/07\\\/hammer-311342_640.png\",\"datePublished\":\"2012-03-30T22:49:12+00:00\",\"dateModified\":\"2021-08-02T13:36:37+00:00\",\"author\":{\"@id\":\"https:\\\/\\\/www.norn.is\\\/kyndillinn\\\/#\\\/schema\\\/person\\\/2eb0fcae9e1ecc61987f7ed9c878531c\"},\"breadcrumb\":{\"@id\":\"https:\\\/\\\/www.norn.is\\\/kyndillinn\\\/hvar-eru-oll-thessi-daemigerdu-syknumal\\\/#breadcrumb\"},\"inLanguage\":\"is\",\"potentialAction\":[{\"@type\":\"ReadAction\",\"target\":[\"https:\\\/\\\/www.norn.is\\\/kyndillinn\\\/hvar-eru-oll-thessi-daemigerdu-syknumal\\\/\"]}]},{\"@type\":\"ImageObject\",\"inLanguage\":\"is\",\"@id\":\"https:\\\/\\\/www.norn.is\\\/kyndillinn\\\/hvar-eru-oll-thessi-daemigerdu-syknumal\\\/#primaryimage\",\"url\":\"http:\\\/\\\/www.norn.is\\\/kyndillinn\\\/wp-content\\\/uploads\\\/sites\\\/5\\\/2011\\\/07\\\/hammer-311342_640.png\",\"contentUrl\":\"http:\\\/\\\/www.norn.is\\\/kyndillinn\\\/wp-content\\\/uploads\\\/sites\\\/5\\\/2011\\\/07\\\/hammer-311342_640.png\"},{\"@type\":\"BreadcrumbList\",\"@id\":\"https:\\\/\\\/www.norn.is\\\/kyndillinn\\\/hvar-eru-oll-thessi-daemigerdu-syknumal\\\/#breadcrumb\",\"itemListElement\":[{\"@type\":\"ListItem\",\"position\":1,\"name\":\"Home\",\"item\":\"https:\\\/\\\/www.norn.is\\\/kyndillinn\\\/\"},{\"@type\":\"ListItem\",\"position\":2,\"name\":\"Hvar eru \u00f6ll \u00feessi d\u00e6miger\u00f0u s\u00fdknum\u00e1l?\"}]},{\"@type\":\"WebSite\",\"@id\":\"https:\\\/\\\/www.norn.is\\\/kyndillinn\\\/#website\",\"url\":\"https:\\\/\\\/www.norn.is\\\/kyndillinn\\\/\",\"name\":\"Kyndillinn\",\"description\":\"Eva um kyn og kl\u00e1m\",\"potentialAction\":[{\"@type\":\"SearchAction\",\"target\":{\"@type\":\"EntryPoint\",\"urlTemplate\":\"https:\\\/\\\/www.norn.is\\\/kyndillinn\\\/?s={search_term_string}\"},\"query-input\":{\"@type\":\"PropertyValueSpecification\",\"valueRequired\":true,\"valueName\":\"search_term_string\"}}],\"inLanguage\":\"is\"},{\"@type\":\"Person\",\"@id\":\"https:\\\/\\\/www.norn.is\\\/kyndillinn\\\/#\\\/schema\\\/person\\\/2eb0fcae9e1ecc61987f7ed9c878531c\",\"name\":\"Eva Hauksd\u00f3ttir\",\"sameAs\":[\"http:\\\/\\\/www.norn.is\"],\"url\":\"https:\\\/\\\/www.norn.is\\\/kyndillinn\\\/author\\\/eva\\\/\"}]}<\/script>\n<!-- \/ Yoast SEO plugin. -->","yoast_head_json":{"title":"Hvar eru \u00f6ll \u00feessi d\u00e6miger\u00f0u s\u00fdknum\u00e1l? - Kyndillinn","robots":{"index":"index","follow":"follow","max-snippet":"max-snippet:-1","max-image-preview":"max-image-preview:large","max-video-preview":"max-video-preview:-1"},"canonical":"https:\/\/www.norn.is\/kyndillinn\/hvar-eru-oll-thessi-daemigerdu-syknumal\/","og_locale":"is_IS","og_type":"article","og_title":"Hvar eru \u00f6ll \u00feessi d\u00e6miger\u00f0u s\u00fdknum\u00e1l? - Kyndillinn","og_description":"\u00c1rum saman hneyksla\u00f0ist \u00e9g \u00e1 \u00f6llum \u00feessum s\u00fdknud\u00f3mum \u00ed kynfer\u00f0isbrotam\u00e1lum og \u00f6llum m\u00e1lunum sem v\u00edsa\u00f0 er fr\u00e1.","og_url":"https:\/\/www.norn.is\/kyndillinn\/hvar-eru-oll-thessi-daemigerdu-syknumal\/","og_site_name":"Kyndillinn","article_published_time":"2012-03-30T22:49:12+00:00","article_modified_time":"2021-08-02T13:36:37+00:00","og_image":[{"url":"http:\/\/www.norn.is\/kyndillinn\/wp-content\/uploads\/sites\/5\/2011\/07\/hammer-311342_640.png","type":"","width":"","height":""}],"author":"Eva Hauksd\u00f3ttir","twitter_card":"summary_large_image","twitter_misc":{"Written by":false,"Est. reading time":"6 minutes"},"schema":{"@context":"https:\/\/schema.org","@graph":[{"@type":"Article","@id":"https:\/\/www.norn.is\/kyndillinn\/hvar-eru-oll-thessi-daemigerdu-syknumal\/#article","isPartOf":{"@id":"https:\/\/www.norn.is\/kyndillinn\/hvar-eru-oll-thessi-daemigerdu-syknumal\/"},"author":{"name":"Eva Hauksd\u00f3ttir","@id":"https:\/\/www.norn.is\/kyndillinn\/#\/schema\/person\/2eb0fcae9e1ecc61987f7ed9c878531c"},"headline":"Hvar eru \u00f6ll \u00feessi d\u00e6miger\u00f0u s\u00fdknum\u00e1l?","datePublished":"2012-03-30T22:49:12+00:00","dateModified":"2021-08-02T13:36:37+00:00","mainEntityOfPage":{"@id":"https:\/\/www.norn.is\/kyndillinn\/hvar-eru-oll-thessi-daemigerdu-syknumal\/"},"wordCount":1445,"image":{"@id":"https:\/\/www.norn.is\/kyndillinn\/hvar-eru-oll-thessi-daemigerdu-syknumal\/#primaryimage"},"thumbnailUrl":"http:\/\/www.norn.is\/kyndillinn\/wp-content\/uploads\/sites\/5\/2011\/07\/hammer-311342_640.png","keywords":["R\u00e9ttarkerfi\u00f0"],"articleSection":["Kyn, ofbeldi og r\u00e9ttarkerfi\u00f0","Kyndillinn"],"inLanguage":"is"},{"@type":"WebPage","@id":"https:\/\/www.norn.is\/kyndillinn\/hvar-eru-oll-thessi-daemigerdu-syknumal\/","url":"https:\/\/www.norn.is\/kyndillinn\/hvar-eru-oll-thessi-daemigerdu-syknumal\/","name":"Hvar eru \u00f6ll \u00feessi d\u00e6miger\u00f0u s\u00fdknum\u00e1l? - Kyndillinn","isPartOf":{"@id":"https:\/\/www.norn.is\/kyndillinn\/#website"},"primaryImageOfPage":{"@id":"https:\/\/www.norn.is\/kyndillinn\/hvar-eru-oll-thessi-daemigerdu-syknumal\/#primaryimage"},"image":{"@id":"https:\/\/www.norn.is\/kyndillinn\/hvar-eru-oll-thessi-daemigerdu-syknumal\/#primaryimage"},"thumbnailUrl":"http:\/\/www.norn.is\/kyndillinn\/wp-content\/uploads\/sites\/5\/2011\/07\/hammer-311342_640.png","datePublished":"2012-03-30T22:49:12+00:00","dateModified":"2021-08-02T13:36:37+00:00","author":{"@id":"https:\/\/www.norn.is\/kyndillinn\/#\/schema\/person\/2eb0fcae9e1ecc61987f7ed9c878531c"},"breadcrumb":{"@id":"https:\/\/www.norn.is\/kyndillinn\/hvar-eru-oll-thessi-daemigerdu-syknumal\/#breadcrumb"},"inLanguage":"is","potentialAction":[{"@type":"ReadAction","target":["https:\/\/www.norn.is\/kyndillinn\/hvar-eru-oll-thessi-daemigerdu-syknumal\/"]}]},{"@type":"ImageObject","inLanguage":"is","@id":"https:\/\/www.norn.is\/kyndillinn\/hvar-eru-oll-thessi-daemigerdu-syknumal\/#primaryimage","url":"http:\/\/www.norn.is\/kyndillinn\/wp-content\/uploads\/sites\/5\/2011\/07\/hammer-311342_640.png","contentUrl":"http:\/\/www.norn.is\/kyndillinn\/wp-content\/uploads\/sites\/5\/2011\/07\/hammer-311342_640.png"},{"@type":"BreadcrumbList","@id":"https:\/\/www.norn.is\/kyndillinn\/hvar-eru-oll-thessi-daemigerdu-syknumal\/#breadcrumb","itemListElement":[{"@type":"ListItem","position":1,"name":"Home","item":"https:\/\/www.norn.is\/kyndillinn\/"},{"@type":"ListItem","position":2,"name":"Hvar eru \u00f6ll \u00feessi d\u00e6miger\u00f0u s\u00fdknum\u00e1l?"}]},{"@type":"WebSite","@id":"https:\/\/www.norn.is\/kyndillinn\/#website","url":"https:\/\/www.norn.is\/kyndillinn\/","name":"Kyndillinn","description":"Eva um kyn og kl\u00e1m","potentialAction":[{"@type":"SearchAction","target":{"@type":"EntryPoint","urlTemplate":"https:\/\/www.norn.is\/kyndillinn\/?s={search_term_string}"},"query-input":{"@type":"PropertyValueSpecification","valueRequired":true,"valueName":"search_term_string"}}],"inLanguage":"is"},{"@type":"Person","@id":"https:\/\/www.norn.is\/kyndillinn\/#\/schema\/person\/2eb0fcae9e1ecc61987f7ed9c878531c","name":"Eva Hauksd\u00f3ttir","sameAs":["http:\/\/www.norn.is"],"url":"https:\/\/www.norn.is\/kyndillinn\/author\/eva\/"}]}},"_links":{"self":[{"href":"https:\/\/www.norn.is\/kyndillinn\/wp-json\/wp\/v2\/posts\/930","targetHints":{"allow":["GET"]}}],"collection":[{"href":"https:\/\/www.norn.is\/kyndillinn\/wp-json\/wp\/v2\/posts"}],"about":[{"href":"https:\/\/www.norn.is\/kyndillinn\/wp-json\/wp\/v2\/types\/post"}],"author":[{"embeddable":true,"href":"https:\/\/www.norn.is\/kyndillinn\/wp-json\/wp\/v2\/users\/2"}],"replies":[{"embeddable":true,"href":"https:\/\/www.norn.is\/kyndillinn\/wp-json\/wp\/v2\/comments?post=930"}],"version-history":[{"count":8,"href":"https:\/\/www.norn.is\/kyndillinn\/wp-json\/wp\/v2\/posts\/930\/revisions"}],"predecessor-version":[{"id":3738,"href":"https:\/\/www.norn.is\/kyndillinn\/wp-json\/wp\/v2\/posts\/930\/revisions\/3738"}],"wp:attachment":[{"href":"https:\/\/www.norn.is\/kyndillinn\/wp-json\/wp\/v2\/media?parent=930"}],"wp:term":[{"taxonomy":"category","embeddable":true,"href":"https:\/\/www.norn.is\/kyndillinn\/wp-json\/wp\/v2\/categories?post=930"},{"taxonomy":"post_tag","embeddable":true,"href":"https:\/\/www.norn.is\/kyndillinn\/wp-json\/wp\/v2\/tags?post=930"}],"curies":[{"name":"wp","href":"https:\/\/api.w.org\/{rel}","templated":true}]}}