{"id":879,"date":"2012-11-29T14:45:41","date_gmt":"2012-11-29T14:45:41","guid":{"rendered":"http:\/\/www.norn.is\/kyndillinn\/?p=879"},"modified":"2017-09-05T08:36:16","modified_gmt":"2017-09-05T08:36:16","slug":"sjodandi-fysur-sleppa-ef-madur-spilar-med-rettu-lidi","status":"publish","type":"post","link":"https:\/\/www.norn.is\/kyndillinn\/sjodandi-fysur-sleppa-ef-madur-spilar-med-rettu-lidi\/","title":{"rendered":"Sj\u00f3\u00f0andi f\u00fdsur sleppa \u2013 ef ma\u00f0ur spilar me\u00f0 r\u00e9ttu li\u00f0i"},"content":{"rendered":"<p>\u00deegar \u00e9g s\u00e1 \u00feetta myndband \u00e1tti \u00e9g von \u00e1 \u00fev\u00ed a\u00f0 feminstar myndu brenna Erp Eyvindarson \u00e1 b\u00e1li.<\/p>\n<p><iframe loading=\"lazy\" title=\"ASTR\u00d3P\u00cdA \u00cd SKEMMTINEFND\" width=\"584\" height=\"329\" src=\"https:\/\/www.youtube.com\/embed\/4PlazCInGtc?feature=oembed\" frameborder=\"0\" allow=\"accelerometer; autoplay; clipboard-write; encrypted-media; gyroscope; picture-in-picture; web-share\" referrerpolicy=\"strict-origin-when-cross-origin\" allowfullscreen><\/iframe><\/p>\n<p><!--more-->Erpur flokkast sem fyrirmynd og \u00fearna kemur hann fram, fullor\u00f0inn t\u00f3nlistarma\u00f0ur, eins og hani \u00ed h\u00e6snah\u00f3p, me\u00f0 h\u00f3p af framhaldssk\u00f3lastelpum \u00ed heita pottinum. Hann talar svo um \u00fe\u00e6r sem \u201ef\u00fdsur\u201c og segist hafa skr\u00e1\u00f0 sig \u00ed fjarn\u00e1m \u00ed sk\u00f3lanum \u00feeirra af \u00fev\u00ed a\u00f0 f\u00e9lagsl\u00edfi\u00f0 s\u00e9 svo \u00e6\u00f0islegt og stelpurnar svo \u201elj\u00f3nhar\u00f0ar a\u00f0 \u00fea\u00f0 b\u00f3kstaflega s\u00fd\u00f0ur \u00e1 draslinu \u00e1 \u00feeim\u201c.\u00a0Ma\u00f0ur hef\u00f0i haldi\u00f0 a\u00f0 \u00feetta v\u00e6ri sannkalla\u00f0 j\u00f3lahla\u00f0bor\u00f0 fyrir feminista en \u00e9g s\u00e1 \u00feetta aldrei gagnr\u00fdnt.<\/p>\n<p>\u00c9g er ekki a\u00f0 skrifa \u00feennan pistil \u00ed \u00feeim tilgangi a\u00f0 messa yfir Erpi e\u00f0a kr\u00f6kkunum sem ger\u00f0u myndbandi\u00f0. \u00c9g tel enga \u00e1st\u00e6\u00f0u til \u00feess a\u00f0 reyna a\u00f0 hafa vit fyrir framhaldssk\u00f3lanemum; mikill \u00e1hugi \u00e1 djammi og kynl\u00edfi \u00e1samt \u00f3smekklegum h\u00famor einkennir \u00feennan aldur og \u00e9g hef engar \u00e1hyggjur af \u00fev\u00ed a\u00f0 \u00fea\u00f0 hafi \u00f3gnv\u00e6nlegar aflei\u00f0ingar. \u00dea\u00f0 sem vekur \u00e1huga minn h\u00e9r eru ekki \u201eskilabo\u00f0\u201c Erps (en samkv\u00e6mt feminiskum r\u00e9tttr\u00fana\u00f0i notar ekki nokkur ma\u00f0ur kynfer\u00f0islegar sk\u00edrskotanir nema til \u00feess a\u00f0 koma einhverjum s\u00e9rst\u00f6kum \u201eskilabo\u00f0um\u201c \u00e1lei\u00f0is) heldur \u00e1st\u00e6\u00f0urnar fyrir \u00fev\u00ed a\u00f0 hann skuli ekki hafa fengi\u00f0 \u00e1 sig neina gagnr\u00fdni fr\u00e1 \u00feeim sem eru me\u00f0 kl\u00e1m og kvenfyrirlitningu \u00e1 heilanum. Og \u00fea\u00f0 er best a\u00f0 \u00e9g taki \u00fea\u00f0 sk\u00fdrt fram a\u00f0 \u00e9g \u00e6tlast ekki til \u00feess af femnistum e\u00f0a neinum \u00f6\u00f0rum a\u00f0 \u00feeir gagnr\u00fdni anna\u00f0 en \u00fea\u00f0 sem \u00feeim sj\u00e1lfum s\u00fdnist en engu a\u00f0 s\u00ed\u00f0ur er \u00e1hugavert a\u00f0 sko\u00f0a hverjir \u00fea\u00f0 eru sem nj\u00f3ta fri\u00f0helgi og hverjir eru brenndir.<\/p>\n<p>J\u00fa Erpur hefur veri\u00f0 gagnr\u00fdndur eitthva\u00f0 sm\u00e1vegis en ekki \u00ed neinu hlutfalli vi\u00f0 \u00fea\u00f0 sem ruddalegir textar hans gefa tilefni til. H\u00e9r eru nokkur d\u00e6mi:<\/p>\n<p>Blaz Roca er halinn sem<br \/>\nb\u00f6rnin \u00fe\u00edn f\u00edla, \u00fev\u00ed a\u00f0,<br \/>\n\u00e9g kenni \u00feeim a\u00f0 r\u00ed\u00f0a,<br \/>\nf\u00fdra og dett\u2019\u00ed\u00f0a<br \/>\nFj\u00f3rfingra \u00feig f\u00edsa, fyrir<br \/>\nkynsl\u00f3\u00f0ina m\u00edna<br \/>\n\u00c9g er Blaz Roca b\u00edaaa,<br \/>\n\u00e9tum krakkana \u00fe\u00edna.<\/p>\n<p>H\u00fan er \u00e1 mara\u00feon t\u00far<br \/>\nog r\u00fasta heilli \u00edb\u00fa\u00f0<br \/>\nen \u00e9g sver upp \u00e1 \u00feennan p\u00fang<br \/>\na\u00f0 \u00e9g hef alltaf veri\u00f0 tr\u00far<\/p>\n<p>Mig r\u00e1mar reyndar \u00ed gagnr\u00fdni \u00e1 XXX Rottweilerhunda en \u00ed flj\u00f3tu brag\u00f0i finn \u00e9g ekkert \u00ed heykv\u00edslast\u00edlnum,\u00a0<a href=\"http:\/\/www.mbl.is\/greinasafn\/grein\/652758\/\">bara \u00feetta<\/a>\u00a0sem ver\u00f0ur a\u00f0 teljast h\u00f3fsamleg og sanngj\u00f6rn gagnr\u00fdni. Erpur f\u00f3r \u00fe\u00f3\u00a0<a href=\"http:\/\/www.visir.is\/kvortunum-rignir-yfir-fm-957-vegna-mellulags-erps\/article\/2010153241854\">yfir \u00feolm\u00f6rk einhverra<\/a>\u00a0sumari\u00f0 2010 me\u00f0 mellulaginu s\u00ednu. H\u00e9r er s\u00fdnishorn \u00far textanum:<\/p>\n<p>Kv\u00f3talaus \u00e1 mi\u00f0unum<br \/>\nhangi me\u00f0 li\u00f0inu,<br \/>\nhala\u00f0ir \u00e1 prikinum<br \/>\nskinkur n\u00fdfallar og volgar \u00far Byrginu<br \/>\nmella er m\u00edn kapella<br \/>\nHnakka sl\u00f6ttt,<br \/>\nsem pakkar skott<br \/>\nog \u00feannig er \u2018etta<br \/>\nfokkum \u00ed h\u00f3rum<br \/>\nh\u00f3m\u00ed, vi\u00f0 l\u00f3kum<br \/>\nmitt geim er d\u00f6rt\u00ed<br \/>\neins og p\u00f3lskur d\u00f3lgur.<\/p>\n<p>J\u00fa einhverjum ofbau\u00f0. \u00c9g minnist \u00feess \u00fe\u00f3 ekki a\u00f0 hafa s\u00e9\u00f0 neinn tala um Erp sem \u201e\u00feroskaskertan reginh\u00e1lfvita\u201c en \u00fea\u00f0 var s\u00fa einkunn sem\u00a0<a href=\"http:\/\/blog.pressan.is\/freedomfries\/2011\/07\/09\/gillzeneggering-islenskra-karlmanna\/\">alfa male feministinn Magn\u00fas Sveinn Helgason<\/a>\u00a0gaf J\u00f3nsa \u00ed sv\u00f6rtum f\u00f6tum fyrir \u00f3s\u00e6mileg umm\u00e6li um konur.\u00a0Athyglisvert er einnig a\u00f0 \u00ed \u00feessum pistli \u00fear sem J\u00f3nsi er tekinn \u00ed gegn er gefi\u00f0 til kynna a\u00f0 einn ma\u00f0ur beri \u00e1byrg\u00f0 \u00e1 d\u00f3naskap heillar kynsl\u00f3\u00f0ar \u00fe\u00f3tt au\u00f0vita\u00f0 s\u00e9 \u00fea\u00f0\u00a0<a href=\"http:\/\/www.pistillinn.is\/?p=4357\">ekkert n\u00fdtt<\/a>\u00a0a\u00f0 \u00ed d\u00e6gurlagatextum s\u00e9u konur \u00ed hlutverki kynfer\u00f0islegs \u201evi\u00f0fangs\u201c og karlar \u00ed hlutverki kvennab\u00f3sans. Og \u00feetta var svosem hvorki \u00ed fyrsta n\u00e9 s\u00ed\u00f0asta sinn sem Gillzenegger hefur veri\u00f0 kennt um si\u00f0spillingu ungd\u00f3msins.<\/p>\n<p>Af hverju m\u00e1 Erpur \u00fea\u00f0 sem J\u00f3nsi m\u00e1 ekki? Getur veri\u00f0 a\u00f0 \u00fea\u00f0 hafi eitthva\u00f0 me\u00f0 p\u00f3lit\u00edk a\u00f0 gera? Nokkrum m\u00e1nu\u00f0um \u00e1\u00f0ur en J\u00f3nsi kl\u00fa\u00f0ra\u00f0i or\u00f0spori s\u00ednu me\u00f0 \u00fev\u00ed a\u00f0 kalla t\u00f3nleikagesti s\u00edna h\u00f3rur l\u00fdsti Erpur \u00fev\u00ed yfir opinberlega a\u00f0\u00a0<a href=\"http:\/\/bleikt.pressan.is\/lesa\/erpuregerfeministi\/\">hann v\u00e6ri feministi<\/a>. Og \u00e1\u00f0ur en hann l\u00fdsti \u00fev\u00ed yfir, studdi hann starf ungli\u00f0ahreyfingar VG og\u00a0<a href=\"http:\/\/www.frequency.com\/video\/ung-vinstri-grn\/27821712\">lj\u00e1\u00f0i \u00feeim m.a.s. r\u00f6dd s\u00edna<\/a>.<\/p>\n<p>\u00dea\u00f0 skyldi \u00fe\u00f3 ekki vera a\u00f0 p\u00f3lit\u00edk r\u00e1\u00f0i \u00fev\u00ed a\u00f0 Erpur hefur sloppi\u00f0 \u00feokkalega vel fr\u00e1 meintum sni\u00f0ugheitum sem a\u00f0rir popparar hef\u00f0u veri\u00f0 jar\u00f0a\u00f0ir fyrir a\u00f0 l\u00e1ta fr\u00e1 s\u00e9r? \u00c9g hef allavega ekki heyrt tr\u00faver\u00f0ugri sk\u00fdringu.<\/p>\n<p>[custom-related-posts title=&#8220;Tengt efni&#8220; order_by=&#8220;date&#8220; order=&#8220;ASC&#8220; none_text=&#8220;None found&#8220;]<\/p>\n","protected":false},"excerpt":{"rendered":"<p>\u00deegar \u00e9g s\u00e1 \u00feetta myndband \u00e1tti \u00e9g von \u00e1 \u00fev\u00ed a\u00f0 feminstar myndu brenna Erp Eyvindarson \u00e1 b\u00e1li.<\/p>\n","protected":false},"author":2,"featured_media":1566,"comment_status":"closed","ping_status":"open","sticky":false,"template":"","format":"standard","meta":{"footnotes":""},"categories":[1],"tags":[211,137,166],"class_list":["post-879","post","type-post","status-publish","format-standard","has-post-thumbnail","hentry","category-kyndillinn","tag-erpur-eyvindarson","tag-magnus-sveinn-helgason","tag-tvofalt-sidgaedi"],"yoast_head":"<!-- This site is optimized with the Yoast SEO plugin v27.5 - https:\/\/yoast.com\/product\/yoast-seo-wordpress\/ -->\n<title>Sj\u00f3\u00f0andi f\u00fdsur sleppa \u2013 ef ma\u00f0ur spilar me\u00f0 r\u00e9ttu li\u00f0i - Kyndillinn<\/title>\n<meta name=\"robots\" content=\"index, follow, max-snippet:-1, max-image-preview:large, max-video-preview:-1\" \/>\n<link rel=\"canonical\" href=\"https:\/\/www.norn.is\/kyndillinn\/sjodandi-fysur-sleppa-ef-madur-spilar-med-rettu-lidi\/\" \/>\n<meta property=\"og:locale\" content=\"is_IS\" \/>\n<meta property=\"og:type\" content=\"article\" \/>\n<meta property=\"og:title\" content=\"Sj\u00f3\u00f0andi f\u00fdsur sleppa \u2013 ef ma\u00f0ur spilar me\u00f0 r\u00e9ttu li\u00f0i - Kyndillinn\" \/>\n<meta property=\"og:description\" content=\"\u00deegar \u00e9g s\u00e1 \u00feetta myndband \u00e1tti \u00e9g von \u00e1 \u00fev\u00ed a\u00f0 feminstar myndu brenna Erp Eyvindarson \u00e1 b\u00e1li.\" \/>\n<meta property=\"og:url\" content=\"https:\/\/www.norn.is\/kyndillinn\/sjodandi-fysur-sleppa-ef-madur-spilar-med-rettu-lidi\/\" \/>\n<meta property=\"og:site_name\" content=\"Kyndillinn\" \/>\n<meta property=\"article:published_time\" content=\"2012-11-29T14:45:41+00:00\" \/>\n<meta property=\"article:modified_time\" content=\"2017-09-05T08:36:16+00:00\" \/>\n<meta property=\"og:image\" content=\"https:\/\/www.norn.is\/kyndillinn\/wp-content\/uploads\/sites\/5\/2012\/11\/Screenshot-from-2014-08-30-230315.png\" \/>\n\t<meta property=\"og:image:width\" content=\"765\" \/>\n\t<meta property=\"og:image:height\" content=\"467\" \/>\n\t<meta property=\"og:image:type\" content=\"image\/png\" \/>\n<meta name=\"author\" content=\"Eva Hauksd\u00f3ttir\" \/>\n<meta name=\"twitter:card\" content=\"summary_large_image\" \/>\n<meta name=\"twitter:label1\" content=\"Written by\" \/>\n\t<meta name=\"twitter:data1\" content=\"\" \/>\n\t<meta name=\"twitter:label2\" content=\"Est. reading time\" \/>\n\t<meta name=\"twitter:data2\" content=\"4 minutes\" \/>\n<script type=\"application\/ld+json\" class=\"yoast-schema-graph\">{\"@context\":\"https:\\\/\\\/schema.org\",\"@graph\":[{\"@type\":\"Article\",\"@id\":\"https:\\\/\\\/www.norn.is\\\/kyndillinn\\\/sjodandi-fysur-sleppa-ef-madur-spilar-med-rettu-lidi\\\/#article\",\"isPartOf\":{\"@id\":\"https:\\\/\\\/www.norn.is\\\/kyndillinn\\\/sjodandi-fysur-sleppa-ef-madur-spilar-med-rettu-lidi\\\/\"},\"author\":{\"name\":\"Eva Hauksd\u00f3ttir\",\"@id\":\"https:\\\/\\\/www.norn.is\\\/kyndillinn\\\/#\\\/schema\\\/person\\\/2eb0fcae9e1ecc61987f7ed9c878531c\"},\"headline\":\"Sj\u00f3\u00f0andi f\u00fdsur sleppa \u2013 ef ma\u00f0ur spilar me\u00f0 r\u00e9ttu li\u00f0i\",\"datePublished\":\"2012-11-29T14:45:41+00:00\",\"dateModified\":\"2017-09-05T08:36:16+00:00\",\"mainEntityOfPage\":{\"@id\":\"https:\\\/\\\/www.norn.is\\\/kyndillinn\\\/sjodandi-fysur-sleppa-ef-madur-spilar-med-rettu-lidi\\\/\"},\"wordCount\":774,\"image\":{\"@id\":\"https:\\\/\\\/www.norn.is\\\/kyndillinn\\\/sjodandi-fysur-sleppa-ef-madur-spilar-med-rettu-lidi\\\/#primaryimage\"},\"thumbnailUrl\":\"https:\\\/\\\/www.norn.is\\\/kyndillinn\\\/wp-content\\\/uploads\\\/sites\\\/5\\\/2012\\\/11\\\/Screenshot-from-2014-08-30-230315.png\",\"keywords\":[\"Erpur Eyvindarson\",\"Magn\u00fas Sveinn Helgason\",\"Tv\u00f6falt si\u00f0g\u00e6\u00f0i\"],\"articleSection\":[\"Kyndillinn\"],\"inLanguage\":\"is\"},{\"@type\":\"WebPage\",\"@id\":\"https:\\\/\\\/www.norn.is\\\/kyndillinn\\\/sjodandi-fysur-sleppa-ef-madur-spilar-med-rettu-lidi\\\/\",\"url\":\"https:\\\/\\\/www.norn.is\\\/kyndillinn\\\/sjodandi-fysur-sleppa-ef-madur-spilar-med-rettu-lidi\\\/\",\"name\":\"Sj\u00f3\u00f0andi f\u00fdsur sleppa \u2013 ef ma\u00f0ur spilar me\u00f0 r\u00e9ttu li\u00f0i - Kyndillinn\",\"isPartOf\":{\"@id\":\"https:\\\/\\\/www.norn.is\\\/kyndillinn\\\/#website\"},\"primaryImageOfPage\":{\"@id\":\"https:\\\/\\\/www.norn.is\\\/kyndillinn\\\/sjodandi-fysur-sleppa-ef-madur-spilar-med-rettu-lidi\\\/#primaryimage\"},\"image\":{\"@id\":\"https:\\\/\\\/www.norn.is\\\/kyndillinn\\\/sjodandi-fysur-sleppa-ef-madur-spilar-med-rettu-lidi\\\/#primaryimage\"},\"thumbnailUrl\":\"https:\\\/\\\/www.norn.is\\\/kyndillinn\\\/wp-content\\\/uploads\\\/sites\\\/5\\\/2012\\\/11\\\/Screenshot-from-2014-08-30-230315.png\",\"datePublished\":\"2012-11-29T14:45:41+00:00\",\"dateModified\":\"2017-09-05T08:36:16+00:00\",\"author\":{\"@id\":\"https:\\\/\\\/www.norn.is\\\/kyndillinn\\\/#\\\/schema\\\/person\\\/2eb0fcae9e1ecc61987f7ed9c878531c\"},\"breadcrumb\":{\"@id\":\"https:\\\/\\\/www.norn.is\\\/kyndillinn\\\/sjodandi-fysur-sleppa-ef-madur-spilar-med-rettu-lidi\\\/#breadcrumb\"},\"inLanguage\":\"is\",\"potentialAction\":[{\"@type\":\"ReadAction\",\"target\":[\"https:\\\/\\\/www.norn.is\\\/kyndillinn\\\/sjodandi-fysur-sleppa-ef-madur-spilar-med-rettu-lidi\\\/\"]}]},{\"@type\":\"ImageObject\",\"inLanguage\":\"is\",\"@id\":\"https:\\\/\\\/www.norn.is\\\/kyndillinn\\\/sjodandi-fysur-sleppa-ef-madur-spilar-med-rettu-lidi\\\/#primaryimage\",\"url\":\"https:\\\/\\\/www.norn.is\\\/kyndillinn\\\/wp-content\\\/uploads\\\/sites\\\/5\\\/2012\\\/11\\\/Screenshot-from-2014-08-30-230315.png\",\"contentUrl\":\"https:\\\/\\\/www.norn.is\\\/kyndillinn\\\/wp-content\\\/uploads\\\/sites\\\/5\\\/2012\\\/11\\\/Screenshot-from-2014-08-30-230315.png\",\"width\":765,\"height\":467},{\"@type\":\"BreadcrumbList\",\"@id\":\"https:\\\/\\\/www.norn.is\\\/kyndillinn\\\/sjodandi-fysur-sleppa-ef-madur-spilar-med-rettu-lidi\\\/#breadcrumb\",\"itemListElement\":[{\"@type\":\"ListItem\",\"position\":1,\"name\":\"Home\",\"item\":\"https:\\\/\\\/www.norn.is\\\/kyndillinn\\\/\"},{\"@type\":\"ListItem\",\"position\":2,\"name\":\"Sj\u00f3\u00f0andi f\u00fdsur sleppa \u2013 ef ma\u00f0ur spilar me\u00f0 r\u00e9ttu li\u00f0i\"}]},{\"@type\":\"WebSite\",\"@id\":\"https:\\\/\\\/www.norn.is\\\/kyndillinn\\\/#website\",\"url\":\"https:\\\/\\\/www.norn.is\\\/kyndillinn\\\/\",\"name\":\"Kyndillinn\",\"description\":\"Eva um kyn og kl\u00e1m\",\"potentialAction\":[{\"@type\":\"SearchAction\",\"target\":{\"@type\":\"EntryPoint\",\"urlTemplate\":\"https:\\\/\\\/www.norn.is\\\/kyndillinn\\\/?s={search_term_string}\"},\"query-input\":{\"@type\":\"PropertyValueSpecification\",\"valueRequired\":true,\"valueName\":\"search_term_string\"}}],\"inLanguage\":\"is\"},{\"@type\":\"Person\",\"@id\":\"https:\\\/\\\/www.norn.is\\\/kyndillinn\\\/#\\\/schema\\\/person\\\/2eb0fcae9e1ecc61987f7ed9c878531c\",\"name\":\"Eva Hauksd\u00f3ttir\",\"sameAs\":[\"http:\\\/\\\/www.norn.is\"],\"url\":\"https:\\\/\\\/www.norn.is\\\/kyndillinn\\\/author\\\/eva\\\/\"}]}<\/script>\n<!-- \/ Yoast SEO plugin. -->","yoast_head_json":{"title":"Sj\u00f3\u00f0andi f\u00fdsur sleppa \u2013 ef ma\u00f0ur spilar me\u00f0 r\u00e9ttu li\u00f0i - Kyndillinn","robots":{"index":"index","follow":"follow","max-snippet":"max-snippet:-1","max-image-preview":"max-image-preview:large","max-video-preview":"max-video-preview:-1"},"canonical":"https:\/\/www.norn.is\/kyndillinn\/sjodandi-fysur-sleppa-ef-madur-spilar-med-rettu-lidi\/","og_locale":"is_IS","og_type":"article","og_title":"Sj\u00f3\u00f0andi f\u00fdsur sleppa \u2013 ef ma\u00f0ur spilar me\u00f0 r\u00e9ttu li\u00f0i - Kyndillinn","og_description":"\u00deegar \u00e9g s\u00e1 \u00feetta myndband \u00e1tti \u00e9g von \u00e1 \u00fev\u00ed a\u00f0 feminstar myndu brenna Erp Eyvindarson \u00e1 b\u00e1li.","og_url":"https:\/\/www.norn.is\/kyndillinn\/sjodandi-fysur-sleppa-ef-madur-spilar-med-rettu-lidi\/","og_site_name":"Kyndillinn","article_published_time":"2012-11-29T14:45:41+00:00","article_modified_time":"2017-09-05T08:36:16+00:00","og_image":[{"width":765,"height":467,"url":"https:\/\/www.norn.is\/kyndillinn\/wp-content\/uploads\/sites\/5\/2012\/11\/Screenshot-from-2014-08-30-230315.png","type":"image\/png"}],"author":"Eva Hauksd\u00f3ttir","twitter_card":"summary_large_image","twitter_misc":{"Written by":false,"Est. reading time":"4 minutes"},"schema":{"@context":"https:\/\/schema.org","@graph":[{"@type":"Article","@id":"https:\/\/www.norn.is\/kyndillinn\/sjodandi-fysur-sleppa-ef-madur-spilar-med-rettu-lidi\/#article","isPartOf":{"@id":"https:\/\/www.norn.is\/kyndillinn\/sjodandi-fysur-sleppa-ef-madur-spilar-med-rettu-lidi\/"},"author":{"name":"Eva Hauksd\u00f3ttir","@id":"https:\/\/www.norn.is\/kyndillinn\/#\/schema\/person\/2eb0fcae9e1ecc61987f7ed9c878531c"},"headline":"Sj\u00f3\u00f0andi f\u00fdsur sleppa \u2013 ef ma\u00f0ur spilar me\u00f0 r\u00e9ttu li\u00f0i","datePublished":"2012-11-29T14:45:41+00:00","dateModified":"2017-09-05T08:36:16+00:00","mainEntityOfPage":{"@id":"https:\/\/www.norn.is\/kyndillinn\/sjodandi-fysur-sleppa-ef-madur-spilar-med-rettu-lidi\/"},"wordCount":774,"image":{"@id":"https:\/\/www.norn.is\/kyndillinn\/sjodandi-fysur-sleppa-ef-madur-spilar-med-rettu-lidi\/#primaryimage"},"thumbnailUrl":"https:\/\/www.norn.is\/kyndillinn\/wp-content\/uploads\/sites\/5\/2012\/11\/Screenshot-from-2014-08-30-230315.png","keywords":["Erpur Eyvindarson","Magn\u00fas Sveinn Helgason","Tv\u00f6falt si\u00f0g\u00e6\u00f0i"],"articleSection":["Kyndillinn"],"inLanguage":"is"},{"@type":"WebPage","@id":"https:\/\/www.norn.is\/kyndillinn\/sjodandi-fysur-sleppa-ef-madur-spilar-med-rettu-lidi\/","url":"https:\/\/www.norn.is\/kyndillinn\/sjodandi-fysur-sleppa-ef-madur-spilar-med-rettu-lidi\/","name":"Sj\u00f3\u00f0andi f\u00fdsur sleppa \u2013 ef ma\u00f0ur spilar me\u00f0 r\u00e9ttu li\u00f0i - Kyndillinn","isPartOf":{"@id":"https:\/\/www.norn.is\/kyndillinn\/#website"},"primaryImageOfPage":{"@id":"https:\/\/www.norn.is\/kyndillinn\/sjodandi-fysur-sleppa-ef-madur-spilar-med-rettu-lidi\/#primaryimage"},"image":{"@id":"https:\/\/www.norn.is\/kyndillinn\/sjodandi-fysur-sleppa-ef-madur-spilar-med-rettu-lidi\/#primaryimage"},"thumbnailUrl":"https:\/\/www.norn.is\/kyndillinn\/wp-content\/uploads\/sites\/5\/2012\/11\/Screenshot-from-2014-08-30-230315.png","datePublished":"2012-11-29T14:45:41+00:00","dateModified":"2017-09-05T08:36:16+00:00","author":{"@id":"https:\/\/www.norn.is\/kyndillinn\/#\/schema\/person\/2eb0fcae9e1ecc61987f7ed9c878531c"},"breadcrumb":{"@id":"https:\/\/www.norn.is\/kyndillinn\/sjodandi-fysur-sleppa-ef-madur-spilar-med-rettu-lidi\/#breadcrumb"},"inLanguage":"is","potentialAction":[{"@type":"ReadAction","target":["https:\/\/www.norn.is\/kyndillinn\/sjodandi-fysur-sleppa-ef-madur-spilar-med-rettu-lidi\/"]}]},{"@type":"ImageObject","inLanguage":"is","@id":"https:\/\/www.norn.is\/kyndillinn\/sjodandi-fysur-sleppa-ef-madur-spilar-med-rettu-lidi\/#primaryimage","url":"https:\/\/www.norn.is\/kyndillinn\/wp-content\/uploads\/sites\/5\/2012\/11\/Screenshot-from-2014-08-30-230315.png","contentUrl":"https:\/\/www.norn.is\/kyndillinn\/wp-content\/uploads\/sites\/5\/2012\/11\/Screenshot-from-2014-08-30-230315.png","width":765,"height":467},{"@type":"BreadcrumbList","@id":"https:\/\/www.norn.is\/kyndillinn\/sjodandi-fysur-sleppa-ef-madur-spilar-med-rettu-lidi\/#breadcrumb","itemListElement":[{"@type":"ListItem","position":1,"name":"Home","item":"https:\/\/www.norn.is\/kyndillinn\/"},{"@type":"ListItem","position":2,"name":"Sj\u00f3\u00f0andi f\u00fdsur sleppa \u2013 ef ma\u00f0ur spilar me\u00f0 r\u00e9ttu li\u00f0i"}]},{"@type":"WebSite","@id":"https:\/\/www.norn.is\/kyndillinn\/#website","url":"https:\/\/www.norn.is\/kyndillinn\/","name":"Kyndillinn","description":"Eva um kyn og kl\u00e1m","potentialAction":[{"@type":"SearchAction","target":{"@type":"EntryPoint","urlTemplate":"https:\/\/www.norn.is\/kyndillinn\/?s={search_term_string}"},"query-input":{"@type":"PropertyValueSpecification","valueRequired":true,"valueName":"search_term_string"}}],"inLanguage":"is"},{"@type":"Person","@id":"https:\/\/www.norn.is\/kyndillinn\/#\/schema\/person\/2eb0fcae9e1ecc61987f7ed9c878531c","name":"Eva Hauksd\u00f3ttir","sameAs":["http:\/\/www.norn.is"],"url":"https:\/\/www.norn.is\/kyndillinn\/author\/eva\/"}]}},"_links":{"self":[{"href":"https:\/\/www.norn.is\/kyndillinn\/wp-json\/wp\/v2\/posts\/879","targetHints":{"allow":["GET"]}}],"collection":[{"href":"https:\/\/www.norn.is\/kyndillinn\/wp-json\/wp\/v2\/posts"}],"about":[{"href":"https:\/\/www.norn.is\/kyndillinn\/wp-json\/wp\/v2\/types\/post"}],"author":[{"embeddable":true,"href":"https:\/\/www.norn.is\/kyndillinn\/wp-json\/wp\/v2\/users\/2"}],"replies":[{"embeddable":true,"href":"https:\/\/www.norn.is\/kyndillinn\/wp-json\/wp\/v2\/comments?post=879"}],"version-history":[{"count":7,"href":"https:\/\/www.norn.is\/kyndillinn\/wp-json\/wp\/v2\/posts\/879\/revisions"}],"predecessor-version":[{"id":2897,"href":"https:\/\/www.norn.is\/kyndillinn\/wp-json\/wp\/v2\/posts\/879\/revisions\/2897"}],"wp:featuredmedia":[{"embeddable":true,"href":"https:\/\/www.norn.is\/kyndillinn\/wp-json\/wp\/v2\/media\/1566"}],"wp:attachment":[{"href":"https:\/\/www.norn.is\/kyndillinn\/wp-json\/wp\/v2\/media?parent=879"}],"wp:term":[{"taxonomy":"category","embeddable":true,"href":"https:\/\/www.norn.is\/kyndillinn\/wp-json\/wp\/v2\/categories?post=879"},{"taxonomy":"post_tag","embeddable":true,"href":"https:\/\/www.norn.is\/kyndillinn\/wp-json\/wp\/v2\/tags?post=879"}],"curies":[{"name":"wp","href":"https:\/\/api.w.org\/{rel}","templated":true}]}}