{"id":796,"date":"2012-10-18T09:47:04","date_gmt":"2012-10-18T09:47:04","guid":{"rendered":"http:\/\/www.norn.is\/kyndillinn\/?p=796"},"modified":"2018-02-10T22:34:35","modified_gmt":"2018-02-10T22:34:35","slug":"kennivald-kvenhyggjunnar","status":"publish","type":"post","link":"https:\/\/www.norn.is\/kyndillinn\/kennivald-kvenhyggjunnar\/","title":{"rendered":"Kennivald kvenhyggjunnar"},"content":{"rendered":"<p><a href=\"http:\/\/www.norn.is\/kyndillinn\/wp-content\/uploads\/sites\/5\/2012\/10\/Screenshot-from-2014-08-27-210403.png\"><img loading=\"lazy\" decoding=\"async\" class=\"alignleft size-full wp-image-1412\" src=\"http:\/\/www.norn.is\/kyndillinn\/wp-content\/uploads\/sites\/5\/2012\/10\/Screenshot-from-2014-08-27-210403.png\" alt=\"\u00fev\u00e6la\" width=\"558\" height=\"339\" srcset=\"https:\/\/www.norn.is\/kyndillinn\/wp-content\/uploads\/sites\/5\/2012\/10\/Screenshot-from-2014-08-27-210403.png 558w, https:\/\/www.norn.is\/kyndillinn\/wp-content\/uploads\/sites\/5\/2012\/10\/Screenshot-from-2014-08-27-210403-300x182.png 300w\" sizes=\"auto, (max-width: 558px) 100vw, 558px\" \/><\/a><\/p>\n<p>\u00c9g lofa\u00f0i pistlar\u00f6\u00f0 um \u00fea\u00f0<a href=\"http:\/\/www.norn.is\/kyndillinn\/hvernig-veit-eg-hvad-feministar-hugsa\/\">\u00a0hvernig \u00e9g viti hva\u00f0 femnistar eru a\u00f0 hugsa<\/a>\u00a0og h\u00e9r kemur s\u00e1 fyrsti.<!--more--><\/p>\n<p>\u00c9g fullyr\u00f0i a\u00f0 d\u00f3lgafemnistar \u00e6tla s\u00e9r a\u00f0 festa \u00ed sessi n\u00fdtt kennivald. \u00cd\u00a0<a href=\"http:\/\/www.norn.is\/kyndillinn\/hvad-er-kennivald\/\">\u00feessum pistli<\/a>\u00a0sk\u00fdr\u00f0i \u00e9g hugtaki\u00f0 og tengsl \u00feess vi\u00f0 feminisma n\u00e1nar.\u00a0\u00cd stuttu m\u00e1li er kennivald b\u00e6\u00f0i\u00a0formlegt og \u00f3formlegt vald til a\u00f0 leggja \u00fat af grundvallarkenningum sem almenn s\u00e1tt r\u00edkir um innan hvers samf\u00e9lags.<\/p>\n<p>Hvernig veit \u00e9g a\u00f0 markmi\u00f0 feminista er a\u00f0 koma \u00e1 n\u00fdju kennivaldi? Stutta svari\u00f0 er; \u00feau koma upp um sig sj\u00e1lf.\u00a0Kvenhyggjuhreyfingin telur sig r\u00e9tthafa sannleikans um kynjap\u00f3lit\u00edk og jafnr\u00e9ttism\u00e1l og \u00e6tlar s\u00e9r a\u00f0 stj\u00f3rna umfj\u00f6llun um \u00feennan m\u00e1laflokk. Eftirfarandi \u00fe\u00e6ttir koma upp um \u00feessi \u00e1form:<\/p>\n<ul>\n<li>Feministar l\u00e1ta sem kenningar \u00feeirra s\u00e9u \u00f3umdeild sannindi.<\/li>\n<li>S\u00fa sko\u00f0un a\u00f0 feministar hafi si\u00f0fer\u00f0ilegan r\u00e9tt til a\u00f0 hagr\u00e6\u00f0a sannleikanum \u00ed \u00fe\u00e1gu m\u00e1lsta\u00f0arins er \u00e1berandi.<\/li>\n<li>V\u00edsindi \u00feeirra standast ekki sko\u00f0un.<\/li>\n<li>Svokalla\u00f0ir kynjafr\u00e6\u00f0ingar berjast fyrir \u00fev\u00ed a\u00f0 f\u00e1 leyfi til a\u00f0 heila\u00fevo b\u00f6rn \u00e1 kostna\u00f0 hins opinbera.<\/li>\n<li>\u00de\u00f6ggun, \u00fat\u00farsn\u00faningar og fjandsamleg vi\u00f0br\u00f6g\u00f0 vi\u00f0 andst\u00e6\u00f0um vi\u00f0horfum, eru \u00e1berandi \u00ed allri umr\u00e6\u00f0u um kynjam\u00e1l.<\/li>\n<li>Feministar reka \u00e1r\u00f3\u00f0ur fyrir eftirtilssamf\u00e9lagi.<\/li>\n<li>H\u00f3rubj\u00f6rgunarhreyfingin hefur s\u00f6guleg tengsl vi\u00f0 k\u00fagandi tr\u00faarreglur.<\/li>\n<\/ul>\n<p>\u00deetta er efni \u00ed heilan b\u00f3kaflokk en h\u00e9r kemur stutt sk\u00fdring \u00e1 fyrstu tveimur \u00fe\u00e1ttunum.<\/p>\n<p>&nbsp;<\/p>\n<h2><strong>Vafasamar e\u00f0a rangar fullyr\u00f0ingar settar fram sem sannindi<\/strong><\/h2>\n<p>M\u00fdm\u00f6rg d\u00e6mi eru um a\u00f0 kvenhyggjuf\u00f3lk telji sig ekki \u00feurfa a\u00f0 f\u00e6ra r\u00f6k fyrir m\u00e1li s\u00ednu e\u00f0a gefa upp heimildir fyrir vafas\u00f6mum uppl\u00fdsingum.<\/p>\n<p>\u00deegar ma\u00f0ur bi\u00f0ur um heimildir fyrir \u00f3tr\u00faver\u00f0ugum sta\u00f0h\u00e6fingum \u00e1 bor\u00f0 vi\u00f0 \u00fe\u00e1 a\u00f0 konur eigi ekki jafn grei\u00f0an a\u00f0gang a\u00f0 fj\u00f6lmi\u00f0lum og karlar, a\u00f0 orsakatengsl s\u00e9u milli kl\u00e1mneyslu og nau\u00f0gana e\u00f0a a\u00f0 nau\u00f0gun hafi mun verri \u00e1hrif \u00e1 s\u00e1larl\u00edf \u00feolandans en gr\u00f3f l\u00edkams\u00e1r\u00e1s, \u00fe\u00e1 f\u00e6r ma\u00f0ur stundum \u00e1l\u00edka vi\u00f0br\u00f6g\u00f0 eins og ef ma\u00f0ur hef\u00f0i krafi\u00f0 vi\u00f0komandi um r\u00f6k fyrir \u00fev\u00ed a\u00f0 seinni heimstyrj\u00f6ldin hafi \u00e1tt s\u00e9r sta\u00f0. D\u00f3lgafeministinn heg\u00f0ar s\u00e9r \u00feannig eins og \u00fdmislegt sem er umdeilt, vafasamt e\u00f0a beinl\u00ednis, rangt, s\u00e9 almennt vi\u00f0urkennt og\u00a0hafi\u00f0 yfir vafa. \u00dea\u00f0 s\u00e9 jafn kj\u00e1nalegt a\u00f0 bi\u00f0ja um g\u00f6gn sem s\u00fdni fram \u00e1 orsakatengsl kl\u00e1ms og ofbeldis og a\u00f0 bi\u00f0ja um g\u00f6gn sem sanni a\u00f0 j\u00f6r\u00f0in s\u00e9 ekki fl\u00f6t. \u00deegar \u00e1 anna\u00f0 bor\u00f0 er v\u00edsa\u00f0 \u00ed heimildir segja \u00fe\u00e6r anna\u00f0hvort ekkert um \u00fea\u00f0 sem er til umr\u00e6\u00f0u e\u00f0a \u00fe\u00e1 a\u00f0 \u00fe\u00e6r standast ekki sko\u00f0un.<\/p>\n<p>M\u00edn \u00e1lyktun er s\u00fa a\u00f0 me\u00f0 \u00feessari takt\u00edk, a\u00f0 l\u00e1ta sem vafasamar hugmyndir s\u00e9u \u00f3umdeildar og \u00fea\u00f0 s\u00e9 beinl\u00ednis heimskulegt a\u00f0 bi\u00f0ja um r\u00f6k, s\u00e9u femnistar a\u00f0 reyna a\u00f0 festa sig \u00ed sessi sem kennivald.<\/p>\n<p>&nbsp;<\/p>\n<h2><strong>Si\u00f0fer\u00f0ilegur r\u00e9ttur til a\u00f0 lj\u00faga<\/strong><\/h2>\n<p>Tr\u00faarlegt kennivald er mj\u00f6g tregt til a\u00f0 hlusta \u00e1 r\u00f6k og endursko\u00f0a afst\u00f6\u00f0u s\u00edna \u00ed lj\u00f3si n\u00fdrra uppl\u00fdsinga. \u00c1 sama h\u00e1tt er \u00fea\u00f0 algeng sko\u00f0un innan kvenhyggjuhreyfingarinnar a\u00f0 hva\u00f0a \u00fev\u00e6la sem er s\u00e9 r\u00e9ttl\u00e6tanleg ef h\u00fan \u00fej\u00f3ni m\u00e1lsta\u00f0num. Lygar, gerviv\u00edsindi og \u00fe\u00f6ggun eru markvisst notu\u00f0 \u00ed \u00fev\u00ed skyni a\u00f0 endurm\u00f3ta sannleikann og s\u00e1 sem afhj\u00fapar lygina er stimpla\u00f0ur \u00f3vinur.<\/p>\n<p>D\u00e6mi um hreinar og kl\u00e1rar lygar er s\u00fa sta\u00f0h\u00e6fing a\u00f0 rangar sakargiftir eigi s\u00e9r a\u00f0eins sta\u00f0 \u00ed 1-2% kynfer\u00f0isbrotam\u00e1la. Ranns\u00f3knir s\u00fdna miklu h\u00e6rri t\u00f6lu. Me\u00f0 \u00fev\u00ed a\u00f0 hamra aftur og aftur \u00e1 g\u00f6gnum sem engin lei\u00f0 er a\u00f0 draga \u00ed efa, hef \u00e9g n\u00e1\u00f0 \u00feeim \u00e1rangri a\u00f0 feministar halda \u00feessum r\u00f6ngu t\u00f6lum ekki lengur fram opinberlega. \u00de\u00f3 er \u00fev\u00ed enn haldi\u00f0 fram a\u00f0 rangf\u00e6rslum\u00e1l s\u00e9u mj\u00f6g sjaldg\u00e6f. Umr\u00e6\u00f0a um h\u00e6ttuna \u00e1 \u00f6fugri s\u00f6nnunarbyr\u00f0i \u00a0\u00feykir beinl\u00ednis m\u00f3\u00f0gandi \u00fear sem h\u00fan taki athyglina fr\u00e1 &#8222;raunverulega vandam\u00e1linu&#8220; sem er n\u00e1tt\u00farulega kynfer\u00f0isofbeldi. Engan hef \u00e9g s\u00e9\u00f0 draga \u00ed efa a\u00f0 kynfer\u00f0isofbeldi s\u00e9 vandam\u00e1l en \u00feeir sem vekja athygli \u00e1 hinni hli\u00f0inni, vi\u00f0kv\u00e6mum mannr\u00e9ttindum \u00feeirra sem \u00e1saka\u00f0ir eru, \u00feeir eru sag\u00f0ir vera a\u00f0 berjast fyrir &#8222;r\u00e9tti nau\u00f0gara til a\u00f0 nau\u00f0ga konum&#8220;. \u00ddkjur og lygar af \u00feessu tagi eru efni \u00ed marga pistla en<a href=\"http:\/\/www.norn.is\/kyndillinn\/eru-islenskir-karlmenn-ykt-ogedslegir-eda-eru-frettirnar-ogedslega-yktar\/\">\u00a0h\u00e9r eru nokkur d\u00e6mi.<\/a><\/p>\n<p>D\u00e6mi um \u00fea\u00f0 hvernig si\u00f0fer\u00f0ilegur r\u00e9ttur \u00e1 lyginni er \u00e1litinn heilagur er m\u00e1l Egils Einarsonar. \u00deegar r\u00edkissaks\u00f3knari v\u00edsa\u00f0i m\u00e1linu fr\u00e1, vitna\u00f0i Egill \u00ed \u00farskur\u00f0 r\u00edkissaks\u00f3knara s\u00ednu m\u00e1li til stu\u00f0nings. \u00deekktur feministi taldi \u00fea\u00f0 &#8222;si\u00f0laust&#8220; a\u00f0 vitna \u00ed \u00farskur\u00f0inn og segja fr\u00e1 g\u00f6gnum m\u00e1lsins, enda \u00fe\u00f3tt nafn st\u00falkunnar k\u00e6mi ekki fram. Ma\u00f0ur sem er a\u00f0 reyna a\u00f0 endurheimta mannor\u00f0 sitt, er \u00feannig si\u00f0laus ef hann lei\u00f0r\u00e9ttir \u00f3sannindi. \u00dea\u00f0 m\u00e1 ekki r\u00e6\u00f0a \u00fea\u00f0 sem varpar skugga \u00e1 \u00fe\u00e1 kenningu a\u00f0 samr\u00e6\u00f0i s\u00e9 nau\u00f0gun ef kona segir \u00fea\u00f0, sama \u00fe\u00f3tt l\u00fdsingar hennar stangist \u00e1 vi\u00f0 \u00f6nnur g\u00f6gn.<\/p>\n<p>Lygar feminista eru oft settar fram undir yfirskini v\u00edsinda og \u00ed n\u00e6sta pistli mun \u00e9g fjalla um \u00fea\u00f0 hvernig kennivalds\u00e1formin birtast \u00ed lygum s\u00e9rfr\u00e6\u00f0inga.\u00a0\u00c9g hef \u00e1\u00f0ur fjalla\u00f0 um\u00a0gerviv\u00edsindamanninn\u00a0\u00a0<a href=\"http:\/\/www.norn.is\/kyndillinn\/eru-their-sem-naudga-og-bera-ljugvitni-venjulegt-folk\/\">Melissu Farley<\/a>\u00a0en n\u00fdjasti upp\u00e1haldslygarinn minn er\u00a0<a href=\"http:\/\/www.norn.is\/kyndillinn\/draesunni-ekki-bodid-til-umraedunnar-frekar-en-venjulega\/\">Gail Dines<\/a>.<\/p>\n","protected":false},"excerpt":{"rendered":"<p>\u00c9g lofa\u00f0i pistlar\u00f6\u00f0 um \u00fea\u00f0\u00a0hvernig \u00e9g viti hva\u00f0 femnistar eru a\u00f0 hugsa\u00a0og h\u00e9r kemur s\u00e1 fyrsti.<\/p>\n","protected":false},"author":2,"featured_media":1412,"comment_status":"closed","ping_status":"open","sticky":false,"template":"","format":"standard","meta":{"footnotes":""},"categories":[1,195],"tags":[179,257,311,336,180,113],"class_list":["post-796","post","type-post","status-publish","format-standard","has-post-thumbnail","hentry","category-kyndillinn","category-pistlarod-kennivald-kvenhyggjunnar","tag-gail-dines","tag-gervivisindi","tag-kennivald","tag-kvenhyggja","tag-melissa-farley","tag-rangar-sakargiftir"],"yoast_head":"<!-- This site is optimized with the Yoast SEO plugin v27.4 - https:\/\/yoast.com\/product\/yoast-seo-wordpress\/ -->\n<title>Kennivald kvenhyggjunnar - Kyndillinn<\/title>\n<meta name=\"robots\" content=\"index, follow, max-snippet:-1, max-image-preview:large, max-video-preview:-1\" \/>\n<link rel=\"canonical\" href=\"https:\/\/www.norn.is\/kyndillinn\/kennivald-kvenhyggjunnar\/\" \/>\n<meta property=\"og:locale\" content=\"is_IS\" \/>\n<meta property=\"og:type\" content=\"article\" \/>\n<meta property=\"og:title\" content=\"Kennivald kvenhyggjunnar - Kyndillinn\" \/>\n<meta property=\"og:description\" content=\"\u00c9g lofa\u00f0i pistlar\u00f6\u00f0 um \u00fea\u00f0\u00a0hvernig \u00e9g viti hva\u00f0 femnistar eru a\u00f0 hugsa\u00a0og h\u00e9r kemur s\u00e1 fyrsti.\" \/>\n<meta property=\"og:url\" content=\"https:\/\/www.norn.is\/kyndillinn\/kennivald-kvenhyggjunnar\/\" \/>\n<meta property=\"og:site_name\" content=\"Kyndillinn\" \/>\n<meta property=\"article:published_time\" content=\"2012-10-18T09:47:04+00:00\" \/>\n<meta property=\"article:modified_time\" content=\"2018-02-10T22:34:35+00:00\" \/>\n<meta property=\"og:image\" content=\"https:\/\/www.norn.is\/kyndillinn\/wp-content\/uploads\/sites\/5\/2012\/10\/Screenshot-from-2014-08-27-210403.png\" \/>\n\t<meta property=\"og:image:width\" content=\"558\" \/>\n\t<meta property=\"og:image:height\" content=\"339\" \/>\n\t<meta property=\"og:image:type\" content=\"image\/png\" \/>\n<meta name=\"author\" content=\"Eva Hauksd\u00f3ttir\" \/>\n<meta name=\"twitter:card\" content=\"summary_large_image\" \/>\n<meta name=\"twitter:label1\" content=\"Written by\" \/>\n\t<meta name=\"twitter:data1\" content=\"\" \/>\n\t<meta name=\"twitter:label2\" content=\"Est. reading time\" \/>\n\t<meta name=\"twitter:data2\" content=\"5 minutes\" \/>\n<script type=\"application\/ld+json\" class=\"yoast-schema-graph\">{\"@context\":\"https:\\\/\\\/schema.org\",\"@graph\":[{\"@type\":\"Article\",\"@id\":\"https:\\\/\\\/www.norn.is\\\/kyndillinn\\\/kennivald-kvenhyggjunnar\\\/#article\",\"isPartOf\":{\"@id\":\"https:\\\/\\\/www.norn.is\\\/kyndillinn\\\/kennivald-kvenhyggjunnar\\\/\"},\"author\":{\"name\":\"Eva Hauksd\u00f3ttir\",\"@id\":\"https:\\\/\\\/www.norn.is\\\/kyndillinn\\\/#\\\/schema\\\/person\\\/2eb0fcae9e1ecc61987f7ed9c878531c\"},\"headline\":\"Kennivald kvenhyggjunnar\",\"datePublished\":\"2012-10-18T09:47:04+00:00\",\"dateModified\":\"2018-02-10T22:34:35+00:00\",\"mainEntityOfPage\":{\"@id\":\"https:\\\/\\\/www.norn.is\\\/kyndillinn\\\/kennivald-kvenhyggjunnar\\\/\"},\"wordCount\":953,\"image\":{\"@id\":\"https:\\\/\\\/www.norn.is\\\/kyndillinn\\\/kennivald-kvenhyggjunnar\\\/#primaryimage\"},\"thumbnailUrl\":\"https:\\\/\\\/www.norn.is\\\/kyndillinn\\\/wp-content\\\/uploads\\\/sites\\\/5\\\/2012\\\/10\\\/Screenshot-from-2014-08-27-210403.png\",\"keywords\":[\"Gail Dines\",\"Gerviv\u00edsindi\",\"Kennivald\",\"Kvenhyggja\",\"Melissa Farley\",\"Rangar sakargiftir\"],\"articleSection\":[\"Kyndillinn\",\"Pistlar\u00f6\u00f0: Kennivald kvenhyggjunnar\"],\"inLanguage\":\"is\"},{\"@type\":\"WebPage\",\"@id\":\"https:\\\/\\\/www.norn.is\\\/kyndillinn\\\/kennivald-kvenhyggjunnar\\\/\",\"url\":\"https:\\\/\\\/www.norn.is\\\/kyndillinn\\\/kennivald-kvenhyggjunnar\\\/\",\"name\":\"Kennivald kvenhyggjunnar - Kyndillinn\",\"isPartOf\":{\"@id\":\"https:\\\/\\\/www.norn.is\\\/kyndillinn\\\/#website\"},\"primaryImageOfPage\":{\"@id\":\"https:\\\/\\\/www.norn.is\\\/kyndillinn\\\/kennivald-kvenhyggjunnar\\\/#primaryimage\"},\"image\":{\"@id\":\"https:\\\/\\\/www.norn.is\\\/kyndillinn\\\/kennivald-kvenhyggjunnar\\\/#primaryimage\"},\"thumbnailUrl\":\"https:\\\/\\\/www.norn.is\\\/kyndillinn\\\/wp-content\\\/uploads\\\/sites\\\/5\\\/2012\\\/10\\\/Screenshot-from-2014-08-27-210403.png\",\"datePublished\":\"2012-10-18T09:47:04+00:00\",\"dateModified\":\"2018-02-10T22:34:35+00:00\",\"author\":{\"@id\":\"https:\\\/\\\/www.norn.is\\\/kyndillinn\\\/#\\\/schema\\\/person\\\/2eb0fcae9e1ecc61987f7ed9c878531c\"},\"breadcrumb\":{\"@id\":\"https:\\\/\\\/www.norn.is\\\/kyndillinn\\\/kennivald-kvenhyggjunnar\\\/#breadcrumb\"},\"inLanguage\":\"is\",\"potentialAction\":[{\"@type\":\"ReadAction\",\"target\":[\"https:\\\/\\\/www.norn.is\\\/kyndillinn\\\/kennivald-kvenhyggjunnar\\\/\"]}]},{\"@type\":\"ImageObject\",\"inLanguage\":\"is\",\"@id\":\"https:\\\/\\\/www.norn.is\\\/kyndillinn\\\/kennivald-kvenhyggjunnar\\\/#primaryimage\",\"url\":\"https:\\\/\\\/www.norn.is\\\/kyndillinn\\\/wp-content\\\/uploads\\\/sites\\\/5\\\/2012\\\/10\\\/Screenshot-from-2014-08-27-210403.png\",\"contentUrl\":\"https:\\\/\\\/www.norn.is\\\/kyndillinn\\\/wp-content\\\/uploads\\\/sites\\\/5\\\/2012\\\/10\\\/Screenshot-from-2014-08-27-210403.png\",\"width\":558,\"height\":339},{\"@type\":\"BreadcrumbList\",\"@id\":\"https:\\\/\\\/www.norn.is\\\/kyndillinn\\\/kennivald-kvenhyggjunnar\\\/#breadcrumb\",\"itemListElement\":[{\"@type\":\"ListItem\",\"position\":1,\"name\":\"Home\",\"item\":\"https:\\\/\\\/www.norn.is\\\/kyndillinn\\\/\"},{\"@type\":\"ListItem\",\"position\":2,\"name\":\"Kennivald kvenhyggjunnar\"}]},{\"@type\":\"WebSite\",\"@id\":\"https:\\\/\\\/www.norn.is\\\/kyndillinn\\\/#website\",\"url\":\"https:\\\/\\\/www.norn.is\\\/kyndillinn\\\/\",\"name\":\"Kyndillinn\",\"description\":\"Eva um kyn og kl\u00e1m\",\"potentialAction\":[{\"@type\":\"SearchAction\",\"target\":{\"@type\":\"EntryPoint\",\"urlTemplate\":\"https:\\\/\\\/www.norn.is\\\/kyndillinn\\\/?s={search_term_string}\"},\"query-input\":{\"@type\":\"PropertyValueSpecification\",\"valueRequired\":true,\"valueName\":\"search_term_string\"}}],\"inLanguage\":\"is\"},{\"@type\":\"Person\",\"@id\":\"https:\\\/\\\/www.norn.is\\\/kyndillinn\\\/#\\\/schema\\\/person\\\/2eb0fcae9e1ecc61987f7ed9c878531c\",\"name\":\"Eva Hauksd\u00f3ttir\",\"sameAs\":[\"http:\\\/\\\/www.norn.is\"],\"url\":\"https:\\\/\\\/www.norn.is\\\/kyndillinn\\\/author\\\/eva\\\/\"}]}<\/script>\n<!-- \/ Yoast SEO plugin. -->","yoast_head_json":{"title":"Kennivald kvenhyggjunnar - Kyndillinn","robots":{"index":"index","follow":"follow","max-snippet":"max-snippet:-1","max-image-preview":"max-image-preview:large","max-video-preview":"max-video-preview:-1"},"canonical":"https:\/\/www.norn.is\/kyndillinn\/kennivald-kvenhyggjunnar\/","og_locale":"is_IS","og_type":"article","og_title":"Kennivald kvenhyggjunnar - Kyndillinn","og_description":"\u00c9g lofa\u00f0i pistlar\u00f6\u00f0 um \u00fea\u00f0\u00a0hvernig \u00e9g viti hva\u00f0 femnistar eru a\u00f0 hugsa\u00a0og h\u00e9r kemur s\u00e1 fyrsti.","og_url":"https:\/\/www.norn.is\/kyndillinn\/kennivald-kvenhyggjunnar\/","og_site_name":"Kyndillinn","article_published_time":"2012-10-18T09:47:04+00:00","article_modified_time":"2018-02-10T22:34:35+00:00","og_image":[{"width":558,"height":339,"url":"https:\/\/www.norn.is\/kyndillinn\/wp-content\/uploads\/sites\/5\/2012\/10\/Screenshot-from-2014-08-27-210403.png","type":"image\/png"}],"author":"Eva Hauksd\u00f3ttir","twitter_card":"summary_large_image","twitter_misc":{"Written by":false,"Est. reading time":"5 minutes"},"schema":{"@context":"https:\/\/schema.org","@graph":[{"@type":"Article","@id":"https:\/\/www.norn.is\/kyndillinn\/kennivald-kvenhyggjunnar\/#article","isPartOf":{"@id":"https:\/\/www.norn.is\/kyndillinn\/kennivald-kvenhyggjunnar\/"},"author":{"name":"Eva Hauksd\u00f3ttir","@id":"https:\/\/www.norn.is\/kyndillinn\/#\/schema\/person\/2eb0fcae9e1ecc61987f7ed9c878531c"},"headline":"Kennivald kvenhyggjunnar","datePublished":"2012-10-18T09:47:04+00:00","dateModified":"2018-02-10T22:34:35+00:00","mainEntityOfPage":{"@id":"https:\/\/www.norn.is\/kyndillinn\/kennivald-kvenhyggjunnar\/"},"wordCount":953,"image":{"@id":"https:\/\/www.norn.is\/kyndillinn\/kennivald-kvenhyggjunnar\/#primaryimage"},"thumbnailUrl":"https:\/\/www.norn.is\/kyndillinn\/wp-content\/uploads\/sites\/5\/2012\/10\/Screenshot-from-2014-08-27-210403.png","keywords":["Gail Dines","Gerviv\u00edsindi","Kennivald","Kvenhyggja","Melissa Farley","Rangar sakargiftir"],"articleSection":["Kyndillinn","Pistlar\u00f6\u00f0: Kennivald kvenhyggjunnar"],"inLanguage":"is"},{"@type":"WebPage","@id":"https:\/\/www.norn.is\/kyndillinn\/kennivald-kvenhyggjunnar\/","url":"https:\/\/www.norn.is\/kyndillinn\/kennivald-kvenhyggjunnar\/","name":"Kennivald kvenhyggjunnar - Kyndillinn","isPartOf":{"@id":"https:\/\/www.norn.is\/kyndillinn\/#website"},"primaryImageOfPage":{"@id":"https:\/\/www.norn.is\/kyndillinn\/kennivald-kvenhyggjunnar\/#primaryimage"},"image":{"@id":"https:\/\/www.norn.is\/kyndillinn\/kennivald-kvenhyggjunnar\/#primaryimage"},"thumbnailUrl":"https:\/\/www.norn.is\/kyndillinn\/wp-content\/uploads\/sites\/5\/2012\/10\/Screenshot-from-2014-08-27-210403.png","datePublished":"2012-10-18T09:47:04+00:00","dateModified":"2018-02-10T22:34:35+00:00","author":{"@id":"https:\/\/www.norn.is\/kyndillinn\/#\/schema\/person\/2eb0fcae9e1ecc61987f7ed9c878531c"},"breadcrumb":{"@id":"https:\/\/www.norn.is\/kyndillinn\/kennivald-kvenhyggjunnar\/#breadcrumb"},"inLanguage":"is","potentialAction":[{"@type":"ReadAction","target":["https:\/\/www.norn.is\/kyndillinn\/kennivald-kvenhyggjunnar\/"]}]},{"@type":"ImageObject","inLanguage":"is","@id":"https:\/\/www.norn.is\/kyndillinn\/kennivald-kvenhyggjunnar\/#primaryimage","url":"https:\/\/www.norn.is\/kyndillinn\/wp-content\/uploads\/sites\/5\/2012\/10\/Screenshot-from-2014-08-27-210403.png","contentUrl":"https:\/\/www.norn.is\/kyndillinn\/wp-content\/uploads\/sites\/5\/2012\/10\/Screenshot-from-2014-08-27-210403.png","width":558,"height":339},{"@type":"BreadcrumbList","@id":"https:\/\/www.norn.is\/kyndillinn\/kennivald-kvenhyggjunnar\/#breadcrumb","itemListElement":[{"@type":"ListItem","position":1,"name":"Home","item":"https:\/\/www.norn.is\/kyndillinn\/"},{"@type":"ListItem","position":2,"name":"Kennivald kvenhyggjunnar"}]},{"@type":"WebSite","@id":"https:\/\/www.norn.is\/kyndillinn\/#website","url":"https:\/\/www.norn.is\/kyndillinn\/","name":"Kyndillinn","description":"Eva um kyn og kl\u00e1m","potentialAction":[{"@type":"SearchAction","target":{"@type":"EntryPoint","urlTemplate":"https:\/\/www.norn.is\/kyndillinn\/?s={search_term_string}"},"query-input":{"@type":"PropertyValueSpecification","valueRequired":true,"valueName":"search_term_string"}}],"inLanguage":"is"},{"@type":"Person","@id":"https:\/\/www.norn.is\/kyndillinn\/#\/schema\/person\/2eb0fcae9e1ecc61987f7ed9c878531c","name":"Eva Hauksd\u00f3ttir","sameAs":["http:\/\/www.norn.is"],"url":"https:\/\/www.norn.is\/kyndillinn\/author\/eva\/"}]}},"_links":{"self":[{"href":"https:\/\/www.norn.is\/kyndillinn\/wp-json\/wp\/v2\/posts\/796","targetHints":{"allow":["GET"]}}],"collection":[{"href":"https:\/\/www.norn.is\/kyndillinn\/wp-json\/wp\/v2\/posts"}],"about":[{"href":"https:\/\/www.norn.is\/kyndillinn\/wp-json\/wp\/v2\/types\/post"}],"author":[{"embeddable":true,"href":"https:\/\/www.norn.is\/kyndillinn\/wp-json\/wp\/v2\/users\/2"}],"replies":[{"embeddable":true,"href":"https:\/\/www.norn.is\/kyndillinn\/wp-json\/wp\/v2\/comments?post=796"}],"version-history":[{"count":7,"href":"https:\/\/www.norn.is\/kyndillinn\/wp-json\/wp\/v2\/posts\/796\/revisions"}],"predecessor-version":[{"id":3341,"href":"https:\/\/www.norn.is\/kyndillinn\/wp-json\/wp\/v2\/posts\/796\/revisions\/3341"}],"wp:featuredmedia":[{"embeddable":true,"href":"https:\/\/www.norn.is\/kyndillinn\/wp-json\/wp\/v2\/media\/1412"}],"wp:attachment":[{"href":"https:\/\/www.norn.is\/kyndillinn\/wp-json\/wp\/v2\/media?parent=796"}],"wp:term":[{"taxonomy":"category","embeddable":true,"href":"https:\/\/www.norn.is\/kyndillinn\/wp-json\/wp\/v2\/categories?post=796"},{"taxonomy":"post_tag","embeddable":true,"href":"https:\/\/www.norn.is\/kyndillinn\/wp-json\/wp\/v2\/tags?post=796"}],"curies":[{"name":"wp","href":"https:\/\/api.w.org\/{rel}","templated":true}]}}