{"id":778,"date":"2012-12-13T23:01:25","date_gmt":"2012-12-13T23:01:25","guid":{"rendered":"http:\/\/www.norn.is\/kyndillinn\/?p=778"},"modified":"2017-09-11T10:49:41","modified_gmt":"2017-09-11T10:49:41","slug":"skyggnulysing-1","status":"publish","type":"post","link":"https:\/\/www.norn.is\/kyndillinn\/skyggnulysing-1\/","title":{"rendered":"Skyggnul\u00fdsing 1"},"content":{"rendered":"<p><a href=\"http:\/\/www.norn.is\/kyndillinn\/wp-content\/uploads\/sites\/5\/2012\/12\/index.jpeg\"><img loading=\"lazy\" decoding=\"async\" class=\"alignleft size-full wp-image-1557\" src=\"http:\/\/www.norn.is\/kyndillinn\/wp-content\/uploads\/sites\/5\/2012\/12\/index.jpeg\" alt=\"femi fac\" width=\"323\" height=\"156\" srcset=\"https:\/\/www.norn.is\/kyndillinn\/wp-content\/uploads\/sites\/5\/2012\/12\/index.jpeg 323w, https:\/\/www.norn.is\/kyndillinn\/wp-content\/uploads\/sites\/5\/2012\/12\/index-300x144.jpeg 300w\" sizes=\"auto, (max-width: 323px) 100vw, 323px\" \/><\/a><\/p>\n<p>N\u00fdveri\u00f0 fr\u00e9tti \u00e9g a\u00f0 skrif m\u00edn v\u00e6ru til umfj\u00f6llunar vi\u00f0 kynjafr\u00e6\u00f0ina \u00ed H\u00cd. \u00c9g var\u00f0 a\u00f0 vonum afskaplega \u00e1n\u00e6g\u00f0 me\u00f0 a\u00f0 heyra a\u00f0 kennslan by\u00f0i upp \u00e1 fleiri sj\u00f3narhorn \u00e1 d\u00f3lgafeminisma en eitt allsherjar Hallelj\u00fajah en \u00fear sem \u00e9g hef ekki s\u00e9\u00f0 anna\u00f0 en f\u00fask fr\u00e1 svok\u00f6llu\u00f0um kynjafr\u00e6\u00f0ingum, langa\u00f0i mig a\u00f0 f\u00e1 a\u00f0 sko\u00f0a gl\u00e6rur sem nota\u00f0ar eru vi\u00f0 kennsluna. Gy\u00f0a Margr\u00e9t P\u00e9tursd\u00f3ttir hafna\u00f0i \u00feeirri bei\u00f0ni me\u00f0 \u00feeim r\u00f6kum a\u00f0 gl\u00e6rurnar v\u00e6ru nemendaverkefni.<!--more--><\/p>\n<p><strong>Kennslug\u00f6gn en ekki vinnuskj\u00f6l nemenda<\/strong><\/p>\n<p>Um er a\u00f0 r\u00e6\u00f0a kennslu \u00e1 BA stigi, sem MA nemendur \u00ed kynjafr\u00e6\u00f0i sj\u00e1 um. \u00cd n\u00e1mskei\u00f0sl\u00fdsingu stendur:<\/p>\n<blockquote><p>Verkefni III (15%): H\u00f3pverkefni sta\u00f0nema. Framhaldsnemar, tv\u00f6 e\u00f0a \u00ferj\u00fa vinna saman og velja n\u00e1msefni (\u00ed samr\u00e1\u00f0i vi\u00f0 kennara) og sj\u00e1 um kennslu (40-60 m\u00edn\u00fatur hver h\u00f3pur).<\/p>\n<p>&nbsp;<\/p><\/blockquote>\n<p>Samkv\u00e6mt \u00feessu er um\u00a0<strong>kennslu<\/strong>\u00a0a\u00f0 r\u00e6\u00f0a og \u00feannig var \u00fea\u00f0 lagt upp fyrir BA nemana. H\u00e9r var \u00fev\u00ed ekki um nemendafyrirlestur a\u00f0 r\u00e6\u00f0a \u00ed \u00feeirri venjulegu merkingu a\u00f0 nemendur v\u00e6ru a\u00f0 \u00e6fa sig og h\u00f3purinn fengi vi\u00f0br\u00f6g\u00f0 kennara vi\u00f0 hugsanlegum misskilningi heldur voru \u00feetta fullunnin verkefni, framhaldsnemar voru a\u00f0 kenna byrjendum.<\/p>\n<p>Gl\u00e6rurnar eru ekki \u201cvinnuskj\u00f6l nemenda\u201d eins og margir hafa haldi\u00f0 fram. \u00deetta eru fullfr\u00e1gengin g\u00f6gn sem hafa sta\u00f0ist kr\u00f6fur kennara a\u00f0 \u00fev\u00ed marki a\u00f0 \u00fe\u00e6r eru nota\u00f0ar til kennslu vi\u00f0 H\u00e1sk\u00f3la \u00cdslands. \u00de\u00e6r eru aukinheldur vista\u00f0ar me\u00f0 \u00f6\u00f0rum kennslug\u00f6gnum n\u00e1mskei\u00f0sins \u00e1n nokkurrar a\u00f0greiningar. \u00dea\u00f0 er \u00fev\u00ed \u00fat \u00ed h\u00f6tt a\u00f0 tala um \u00fe\u00e6r sem eitthva\u00f0 anna\u00f0 en kennslug\u00f6gn.<\/p>\n<p>&nbsp;<\/p>\n<h2><strong>Hversvegna er \u00e9g \u00f3\u00e1n\u00e6g\u00f0 me\u00f0 \u00feetta?<\/strong><\/h2>\n<p>\u00c9g fjalla\u00f0i n\u00e1nar um forsendurnar fyrir kr\u00f6fu minni um a\u00f0 f\u00e1 a\u00f0gang a\u00f0 gl\u00e6runum \u00ed\u00a0<a href=\"http:\/\/blog.pressan.is\/evahauks\/2012\/12\/10\/vill-einhver-leka-i-mig-leyniskjolum-ur-kynjafraedinni\/\">\u00feessum<\/a>\u00a0<a href=\"http:\/\/blog.pressan.is\/evahauks\/2012\/12\/11\/fanaberar-favisinnar\/\">pistlum<\/a>. Nokkurs misskilnings hefur g\u00e6tt um \u00fea\u00f0 hva\u00f0 vakir fyrir m\u00e9r, \u00e9g er ekki, eins og einhverjir halda \u00f3\u00e1n\u00e6g\u00f0 me\u00f0 a\u00f0 fjalla\u00f0 s\u00e9 um skrif m\u00edn, heldur vildi \u00e9g lei\u00f0r\u00e9tta rangf\u00e6rslur og benda \u00e1 villandi tengingar. \u00dea\u00f0 hef\u00f0i veri\u00f0 e\u00f0ilegast a\u00f0 koma \u00e1bendingum m\u00ednum \u00e1 framf\u00e6ri vi\u00f0 nemendur beint en bo\u00f0 mitt um a\u00f0 m\u00e6ta sj\u00e1lf e\u00f0a svara skriflega var af\u00feakka\u00f0 me\u00f0 \u00feeim or\u00f0um a\u00f0 sj\u00f3narmi\u00f0 m\u00edn s\u00e9u vel \u00feekkt og s\u00e9rst\u00f6k kynning myndi ekki b\u00e6ta miklu \u00fear vi\u00f0.<\/p>\n<p>\u00c9g hef skrifa\u00f0 h\u00e1tt \u00e1 anna\u00f0 hundra\u00f0 pistla um feminisma svo \u00fea\u00f0 ver\u00f0ur a\u00f0 teljast fr\u00e1b\u00e6r \u00e1rangur ef MA nemendum hefur tekist a\u00f0 kynna allt sem skiptir m\u00e1li \u00ed \u00feeim skrifum \u00ed einni kennslustund. Svo er au\u00f0vita\u00f0 ekki og n\u00fa \u00feegar \u00e9g hef fengi\u00f0 a\u00f0gang a\u00f0 \u00feessum g\u00f6gnum eftir kr\u00f3kalei\u00f0um og sannreynt a\u00f0\u00a0gl\u00e6rurnar gefa ekki r\u00e9tta mynd af gagnr\u00fdni minni, \u00e6tla \u00e9g a\u00f0 benda \u00e1 \u00fea\u00f0 helsta sem skiptir m\u00e1li \u00e1 hverri gl\u00e6ru fyrir sig.<\/p>\n<p>&nbsp;<\/p>\n<h2><strong>Inngangsskyggnan<\/strong><\/h2>\n<p>Einhver g\u00e6ti haldi\u00f0 a\u00f0 inngangsgl\u00e6ran sem s\u00fdnir tiltil fyrirlestrarins, \u201cFr\u00e1 f\u00f3rnarlambsfeministum til fasystra\u201d bj\u00f3\u00f0i ekki upp \u00e1 umfj\u00f6llun en \u00feessi titill er g\u00f3\u00f0ur og reyndar mun betri en \u00feeir sem eiga hei\u00f0urinn af honum gera s\u00e9r grein fyrir.<\/p>\n<p>\u00c9g efast um a\u00f0 \u00e9g hafi veri\u00f0 fyrst \u00cdslendinga til a\u00f0 nota hugtaki\u00f0 <em>f\u00f3rnarlambsfeminismi<\/em>\u00a0en sennilega hefur enginn nota\u00f0 \u00fea\u00f0 jafn miki\u00f0 \u00ed opinberum skrifum og \u00e9g.<em>\u00a0Fasystur<\/em>\u00a0er hugtak \u00far minni smi\u00f0ju. B\u00e6\u00f0i hugt\u00f6kin eru l\u00fdsandi fyrir gagnr\u00fdni m\u00edna \u00fear sem \u00e1herslan hefur annarsvegar veri\u00f0 \u00e1 \u00feann ska\u00f0a sem kvenhyggjusinnar valda jafnr\u00e9ttisst\u00f6\u00f0u kvenna me\u00f0 \u00fev\u00ed a\u00f0 \u00fatm\u00e1la okkur sem f\u00f3rnarl\u00f6mb og hinsvegar einkennist kvenhyggjan af yfirvaldstilbur\u00f0um og eftirlitsstefnu sem vekur \u00e1hyggjur og \u00f3beit me\u00f0 \u00f6llu l\u00fd\u00f0r\u00e6\u00f0issinnu\u00f0u f\u00f3lki.<\/p>\n<p>&nbsp;<\/p>\n<h2><strong>Hin \u00f3me\u00f0vita\u00f0a snilld<\/strong><\/h2>\n<p>\u00d3me\u00f0vita\u00f0a snilldin vi\u00f0 \u00feennan tiltil liggur \u00ed m\u00ednu eigin fer\u00f0alagi um drullupytti \u00a0femin\u00edskrar or\u00f0r\u00e6\u00f0u. Fram til \u00e1rsins 2009 leit \u00e9g \u00e1 fem\u00ednista sem saklausa kj\u00e1na. \u00c9g skrifa\u00f0i\u00a0<a href=\"http:\/\/www.norn.is\/sapuopera\/2007\/06\/loinn_feminismi.html\">stundum pistla<\/a>\u00a0\u00feegar \u00fev\u00e6lan \u00ed \u00feeim gekk fram af m\u00e9r en var almennt samm\u00e1la \u00fev\u00ed sem \u00e9g taldi v\u00edst a\u00f0 v\u00e6ri m\u00e1lsta\u00f0ur \u00feeirra; \u00fe.e. a\u00f0 nau\u00f0synlegt s\u00e9 a\u00f0 samf\u00e9lagi\u00f0 s\u00e9 \u00feess me\u00f0vita\u00f0 a\u00f0 konur eigi \u00e1 sumum svi\u00f0um erfi\u00f0ara uppdr\u00e1ttar en karlar og s\u00e9u berskjalda\u00f0ri fyrir \u00e1kve\u00f0num tegundum yfirgangs og ofbeldis.<\/p>\n<p>Sm\u00e1msaman rann upp fyrir m\u00e9r a\u00f0 \u00e1herslan \u00e1 veika st\u00f6\u00f0u kvenna haf\u00f0i yfirteki\u00f0 alla umr\u00e6\u00f0u um kynjam\u00e1l. \u00dea\u00f0 var or\u00f0i\u00f0 markmi\u00f0 \u00ed sj\u00e1lfu s\u00e9r a\u00f0 draga upp mynd af konunni sem f\u00f3rnarlambi og \u00ed \u00fev\u00ed skyni beittu meintir feministar \u00fdkjum, ranns\u00f3knum sem st\u00f3\u00f0ust ekki v\u00edsindalegar kr\u00f6fur, blekkingum og hreinum og kl\u00e1rum lygum. Lengi fylgdist \u00e9g me\u00f0 \u00e1n \u00feess a\u00f0 leggja miki\u00f0 til umr\u00e6\u00f0unnar. \u00dea\u00f0 var ekki fyrr en 2011 sem \u00e9g byrja\u00f0i a\u00f0 gagnr\u00fdna feminista af alv\u00f6ru og \u00fe\u00e1 fyrst og fremst fyrir<a href=\"http:\/\/www.pistillinn.is\/?p=3610\">\u00fdkjur og lygar<\/a>\u00a0annars vegar og hinsvegar fyrir\u00a0<a href=\"http:\/\/www.pistillinn.is\/?p=4417\">p\u00edslarv\u00e6ttisbl\u00e6ti\u00f0<\/a>\u00a0sem m\u00e9r finnst ni\u00f0url\u00e6gjandi fyrir konur og vinnur okkur \u00e1 engan h\u00e1tt gagn. \u00c1 \u00feeim t\u00edma h\u00e9lt \u00e9g \u00fe\u00f3 \u00ed einl\u00e6gni a\u00f0 a\u00f0eins l\u00edtill h\u00f3pur heg\u00f0a\u00f0i s\u00e9r svona og \u00fev\u00ed a\u00f0greindi \u00e9g f\u00f3rnarlambsfeminsta fr\u00e1 \u00fev\u00ed sem \u00e9g taldi hei\u00f0arlega feminista.<\/p>\n<p>\u00deegar \u00e9g uppg\u00f6tva\u00f0i hversu miki\u00f0 feministar beita lygum og falsv\u00edsindum \u00ed m\u00e1lflutningi s\u00ednum, f\u00f3r \u00e9g a\u00f0 kynna m\u00e9r skrif svokalla\u00f0ra \u201ckynjafr\u00e6\u00f0inga\u201d. M\u00e9r var\u00f0 lj\u00f3st a\u00f0 \u00fearna var um samf\u00e9lagsvandam\u00e1l a\u00f0 r\u00e6\u00f0a en \u00e9g ger\u00f0i m\u00e9r enga grein fyrir \u00fev\u00ed hversu dj\u00fapr\u00e6tt og lj\u00f3tt \u00fea\u00f0 var or\u00f0i\u00f0.\u00a0Eftirlits\u00e1stin, bar\u00e1ttan gegn tj\u00e1ningarfrelsi og gegn kynfrelsi kvenna gekk fram af m\u00e9r en enn\u00fe\u00e1 tr\u00fa\u00f0i \u00e9g \u00fev\u00ed \u00fe\u00f3 a\u00f0 fem\u00ednistum gengi gott til og a\u00f0 \u00feeir ger\u00f0u jafnr\u00e9ttisstefnunni gagn.\u00a0\u00dea\u00f0 var ekki fyrr en s\u00ed\u00f0la \u00e1rs 2011 sem m\u00e9r var\u00f0 lj\u00f3st hversu mikill fasimi einkennir \u00feennan s\u00f6fnu\u00f0. S\u00e1 fasismi opinbera\u00f0ist \u00ed gj\u00f6rningi St\u00f3ru systur og or\u00f0i\u00f0\u00a0<em>fasystur<\/em>\u00a0var\u00f0 til.<\/p>\n<p>&nbsp;<\/p>\n<h2><strong>F\u00e6\u00f0ing andfeminsma \u00e1 \u00cdslandi<\/strong><\/h2>\n<p>Fasystraupp\u00e1koman marka\u00f0i straumhv\u00f6rf \u00ed skrifum m\u00ednum um feminisma. \u00c1\u00f0ur haf\u00f0i \u00e9g gagnr\u00fdnt \u00fdmislegt \u00ed m\u00e1lflutningi \u00feeirra og \u00e1herslum, en \u00fea\u00f0 var fyrst \u00fearna sem mig f\u00f3r a\u00f0 gruna a\u00f0 \u00fea\u00f0 v\u00e6ru ekki bara nokkrar manneskjur sem \u00feyrfti a\u00f0 lei\u00f0rr\u00e9tta, heldur \u00feyrfti a\u00f0 uppr\u00e6ta hugmyndafr\u00e6\u00f0ina sj\u00e1lfa. Enginn haf\u00f0i \u00e1\u00f0ur, svo \u00e9g viti, skrifa\u00f0 beinl\u00ednis gegn feminisma nema Sigur\u00f0ur J\u00f3nsson sem hefur skrifa\u00f0 um\u00a0<a href=\"http:\/\/forrettindafeminismi.com\/\">forr\u00e9ttindafemnisma<\/a>\u00a0fr\u00e1 2009. S\u00ed\u00f0an \u00fe\u00e1 hefur margt or\u00f0i\u00f0 til \u00feess a\u00f0 sta\u00f0festa \u00fe\u00e1 sko\u00f0un m\u00edna a\u00f0 feminismi s\u00e9 ekkert anna\u00f0 en fasismi me\u00f0 p\u00edku. \u00c9g \u00e1tta\u00f0i mig \u00e1 \u00fev\u00ed a\u00f0 kvenhyggjusinnar hafa h\u00e1\u00f0 virka\u00a0<a href=\"http:\/\/www.pistillinn.is\/?p=1820\">bar\u00e1ttu gegn mannr\u00e9ttindum<\/a>\u00a0og \u00e9g reis gegn vi\u00f0bj\u00f3\u00f0slegu mannhatri \u00feeirra.<\/p>\n<p>\u00dea\u00f0 m\u00e1 \u00fev\u00ed me\u00f0 sanni segja a\u00f0 m\u00edn \u00feroskasaga fr\u00e1 umbur\u00f0arlyndi gagnvart \u00fev\u00ed sem \u00e9g \u00e1leit \u00f3markt\u00e6kt fimbulfamb \u00f6rf\u00e1rra kj\u00e1na, til einar\u00f0rar andst\u00f6\u00f0u gegn st\u00f3rri og h\u00e6ttulegri hreyfingu ofst\u00e6kisf\u00f3lks, hafi legi\u00f0 fr\u00e1 kynnum m\u00ednum af f\u00f3rnarlambsfemnistum til fasystra. \u00a0MA nemar \u00ed kynjafr\u00e6\u00f0i hittu \u00fev\u00ed sannarlega \u00a0naglann \u00e1 h\u00f6fu\u00f0i\u00f0 \u00ed \u00feetta sinn.<\/p>\n","protected":false},"excerpt":{"rendered":"<p>N\u00fdveri\u00f0 fr\u00e9tti \u00e9g a\u00f0 skrif m\u00edn v\u00e6ru til umfj\u00f6llunar vi\u00f0 kynjafr\u00e6\u00f0ina \u00ed H\u00cd. \u00c9g var\u00f0 a\u00f0 vonum afskaplega \u00e1n\u00e6g\u00f0 me\u00f0 a\u00f0 heyra a\u00f0 kennslan by\u00f0i upp \u00e1 fleiri sj\u00f3narhorn \u00e1 d\u00f3lgafeminisma en eitt allsherjar Hallelj\u00fajah en \u00fear sem \u00e9g hef &hellip; <a href=\"https:\/\/www.norn.is\/kyndillinn\/skyggnulysing-1\/\">Halda \u00e1fram a\u00f0 lesa <span class=\"meta-nav\">&rarr;<\/span><\/a><\/p>\n","protected":false},"author":2,"featured_media":1557,"comment_status":"closed","ping_status":"open","sticky":false,"template":"","format":"standard","meta":{"footnotes":""},"categories":[21,1],"tags":[],"class_list":["post-778","post","type-post","status-publish","format-standard","has-post-thumbnail","hentry","category-fanaberar-favisinnar","category-kyndillinn"],"yoast_head":"<!-- This site is optimized with the Yoast SEO plugin v27.5 - https:\/\/yoast.com\/product\/yoast-seo-wordpress\/ -->\n<title>Skyggnul\u00fdsing 1 - Kyndillinn<\/title>\n<meta name=\"robots\" content=\"index, follow, max-snippet:-1, max-image-preview:large, max-video-preview:-1\" \/>\n<link rel=\"canonical\" href=\"https:\/\/www.norn.is\/kyndillinn\/skyggnulysing-1\/\" \/>\n<meta property=\"og:locale\" content=\"is_IS\" \/>\n<meta property=\"og:type\" content=\"article\" \/>\n<meta property=\"og:title\" content=\"Skyggnul\u00fdsing 1 - Kyndillinn\" \/>\n<meta property=\"og:description\" content=\"N\u00fdveri\u00f0 fr\u00e9tti \u00e9g a\u00f0 skrif m\u00edn v\u00e6ru til umfj\u00f6llunar vi\u00f0 kynjafr\u00e6\u00f0ina \u00ed H\u00cd. \u00c9g var\u00f0 a\u00f0 vonum afskaplega \u00e1n\u00e6g\u00f0 me\u00f0 a\u00f0 heyra a\u00f0 kennslan by\u00f0i upp \u00e1 fleiri sj\u00f3narhorn \u00e1 d\u00f3lgafeminisma en eitt allsherjar Hallelj\u00fajah en \u00fear sem \u00e9g hef &hellip; Halda \u00e1fram a\u00f0 lesa &rarr;\" \/>\n<meta property=\"og:url\" content=\"https:\/\/www.norn.is\/kyndillinn\/skyggnulysing-1\/\" \/>\n<meta property=\"og:site_name\" content=\"Kyndillinn\" \/>\n<meta property=\"article:published_time\" content=\"2012-12-13T23:01:25+00:00\" \/>\n<meta property=\"article:modified_time\" content=\"2017-09-11T10:49:41+00:00\" \/>\n<meta property=\"og:image\" content=\"https:\/\/www.norn.is\/kyndillinn\/wp-content\/uploads\/sites\/5\/2012\/12\/index.jpeg\" \/>\n\t<meta property=\"og:image:width\" content=\"323\" \/>\n\t<meta property=\"og:image:height\" content=\"156\" \/>\n\t<meta property=\"og:image:type\" content=\"image\/jpeg\" \/>\n<meta name=\"author\" content=\"Eva Hauksd\u00f3ttir\" \/>\n<meta name=\"twitter:card\" content=\"summary_large_image\" \/>\n<meta name=\"twitter:label1\" content=\"Written by\" \/>\n\t<meta name=\"twitter:data1\" content=\"\" \/>\n\t<meta name=\"twitter:label2\" content=\"Est. reading time\" \/>\n\t<meta name=\"twitter:data2\" content=\"6 minutes\" \/>\n<script type=\"application\/ld+json\" class=\"yoast-schema-graph\">{\"@context\":\"https:\\\/\\\/schema.org\",\"@graph\":[{\"@type\":\"Article\",\"@id\":\"https:\\\/\\\/www.norn.is\\\/kyndillinn\\\/skyggnulysing-1\\\/#article\",\"isPartOf\":{\"@id\":\"https:\\\/\\\/www.norn.is\\\/kyndillinn\\\/skyggnulysing-1\\\/\"},\"author\":{\"name\":\"Eva Hauksd\u00f3ttir\",\"@id\":\"https:\\\/\\\/www.norn.is\\\/kyndillinn\\\/#\\\/schema\\\/person\\\/2eb0fcae9e1ecc61987f7ed9c878531c\"},\"headline\":\"Skyggnul\u00fdsing 1\",\"datePublished\":\"2012-12-13T23:01:25+00:00\",\"dateModified\":\"2017-09-11T10:49:41+00:00\",\"mainEntityOfPage\":{\"@id\":\"https:\\\/\\\/www.norn.is\\\/kyndillinn\\\/skyggnulysing-1\\\/\"},\"wordCount\":1249,\"image\":{\"@id\":\"https:\\\/\\\/www.norn.is\\\/kyndillinn\\\/skyggnulysing-1\\\/#primaryimage\"},\"thumbnailUrl\":\"https:\\\/\\\/www.norn.is\\\/kyndillinn\\\/wp-content\\\/uploads\\\/sites\\\/5\\\/2012\\\/12\\\/index.jpeg\",\"articleSection\":[\"F\u00e1naberar f\u00e1v\u00edsinnar\",\"Kyndillinn\"],\"inLanguage\":\"is\"},{\"@type\":\"WebPage\",\"@id\":\"https:\\\/\\\/www.norn.is\\\/kyndillinn\\\/skyggnulysing-1\\\/\",\"url\":\"https:\\\/\\\/www.norn.is\\\/kyndillinn\\\/skyggnulysing-1\\\/\",\"name\":\"Skyggnul\u00fdsing 1 - Kyndillinn\",\"isPartOf\":{\"@id\":\"https:\\\/\\\/www.norn.is\\\/kyndillinn\\\/#website\"},\"primaryImageOfPage\":{\"@id\":\"https:\\\/\\\/www.norn.is\\\/kyndillinn\\\/skyggnulysing-1\\\/#primaryimage\"},\"image\":{\"@id\":\"https:\\\/\\\/www.norn.is\\\/kyndillinn\\\/skyggnulysing-1\\\/#primaryimage\"},\"thumbnailUrl\":\"https:\\\/\\\/www.norn.is\\\/kyndillinn\\\/wp-content\\\/uploads\\\/sites\\\/5\\\/2012\\\/12\\\/index.jpeg\",\"datePublished\":\"2012-12-13T23:01:25+00:00\",\"dateModified\":\"2017-09-11T10:49:41+00:00\",\"author\":{\"@id\":\"https:\\\/\\\/www.norn.is\\\/kyndillinn\\\/#\\\/schema\\\/person\\\/2eb0fcae9e1ecc61987f7ed9c878531c\"},\"breadcrumb\":{\"@id\":\"https:\\\/\\\/www.norn.is\\\/kyndillinn\\\/skyggnulysing-1\\\/#breadcrumb\"},\"inLanguage\":\"is\",\"potentialAction\":[{\"@type\":\"ReadAction\",\"target\":[\"https:\\\/\\\/www.norn.is\\\/kyndillinn\\\/skyggnulysing-1\\\/\"]}]},{\"@type\":\"ImageObject\",\"inLanguage\":\"is\",\"@id\":\"https:\\\/\\\/www.norn.is\\\/kyndillinn\\\/skyggnulysing-1\\\/#primaryimage\",\"url\":\"https:\\\/\\\/www.norn.is\\\/kyndillinn\\\/wp-content\\\/uploads\\\/sites\\\/5\\\/2012\\\/12\\\/index.jpeg\",\"contentUrl\":\"https:\\\/\\\/www.norn.is\\\/kyndillinn\\\/wp-content\\\/uploads\\\/sites\\\/5\\\/2012\\\/12\\\/index.jpeg\",\"width\":323,\"height\":156},{\"@type\":\"BreadcrumbList\",\"@id\":\"https:\\\/\\\/www.norn.is\\\/kyndillinn\\\/skyggnulysing-1\\\/#breadcrumb\",\"itemListElement\":[{\"@type\":\"ListItem\",\"position\":1,\"name\":\"Home\",\"item\":\"https:\\\/\\\/www.norn.is\\\/kyndillinn\\\/\"},{\"@type\":\"ListItem\",\"position\":2,\"name\":\"Skyggnul\u00fdsing 1\"}]},{\"@type\":\"WebSite\",\"@id\":\"https:\\\/\\\/www.norn.is\\\/kyndillinn\\\/#website\",\"url\":\"https:\\\/\\\/www.norn.is\\\/kyndillinn\\\/\",\"name\":\"Kyndillinn\",\"description\":\"Eva um kyn og kl\u00e1m\",\"potentialAction\":[{\"@type\":\"SearchAction\",\"target\":{\"@type\":\"EntryPoint\",\"urlTemplate\":\"https:\\\/\\\/www.norn.is\\\/kyndillinn\\\/?s={search_term_string}\"},\"query-input\":{\"@type\":\"PropertyValueSpecification\",\"valueRequired\":true,\"valueName\":\"search_term_string\"}}],\"inLanguage\":\"is\"},{\"@type\":\"Person\",\"@id\":\"https:\\\/\\\/www.norn.is\\\/kyndillinn\\\/#\\\/schema\\\/person\\\/2eb0fcae9e1ecc61987f7ed9c878531c\",\"name\":\"Eva Hauksd\u00f3ttir\",\"sameAs\":[\"http:\\\/\\\/www.norn.is\"],\"url\":\"https:\\\/\\\/www.norn.is\\\/kyndillinn\\\/author\\\/eva\\\/\"}]}<\/script>\n<!-- \/ Yoast SEO plugin. -->","yoast_head_json":{"title":"Skyggnul\u00fdsing 1 - Kyndillinn","robots":{"index":"index","follow":"follow","max-snippet":"max-snippet:-1","max-image-preview":"max-image-preview:large","max-video-preview":"max-video-preview:-1"},"canonical":"https:\/\/www.norn.is\/kyndillinn\/skyggnulysing-1\/","og_locale":"is_IS","og_type":"article","og_title":"Skyggnul\u00fdsing 1 - Kyndillinn","og_description":"N\u00fdveri\u00f0 fr\u00e9tti \u00e9g a\u00f0 skrif m\u00edn v\u00e6ru til umfj\u00f6llunar vi\u00f0 kynjafr\u00e6\u00f0ina \u00ed H\u00cd. \u00c9g var\u00f0 a\u00f0 vonum afskaplega \u00e1n\u00e6g\u00f0 me\u00f0 a\u00f0 heyra a\u00f0 kennslan by\u00f0i upp \u00e1 fleiri sj\u00f3narhorn \u00e1 d\u00f3lgafeminisma en eitt allsherjar Hallelj\u00fajah en \u00fear sem \u00e9g hef &hellip; Halda \u00e1fram a\u00f0 lesa &rarr;","og_url":"https:\/\/www.norn.is\/kyndillinn\/skyggnulysing-1\/","og_site_name":"Kyndillinn","article_published_time":"2012-12-13T23:01:25+00:00","article_modified_time":"2017-09-11T10:49:41+00:00","og_image":[{"width":323,"height":156,"url":"https:\/\/www.norn.is\/kyndillinn\/wp-content\/uploads\/sites\/5\/2012\/12\/index.jpeg","type":"image\/jpeg"}],"author":"Eva Hauksd\u00f3ttir","twitter_card":"summary_large_image","twitter_misc":{"Written by":false,"Est. reading time":"6 minutes"},"schema":{"@context":"https:\/\/schema.org","@graph":[{"@type":"Article","@id":"https:\/\/www.norn.is\/kyndillinn\/skyggnulysing-1\/#article","isPartOf":{"@id":"https:\/\/www.norn.is\/kyndillinn\/skyggnulysing-1\/"},"author":{"name":"Eva Hauksd\u00f3ttir","@id":"https:\/\/www.norn.is\/kyndillinn\/#\/schema\/person\/2eb0fcae9e1ecc61987f7ed9c878531c"},"headline":"Skyggnul\u00fdsing 1","datePublished":"2012-12-13T23:01:25+00:00","dateModified":"2017-09-11T10:49:41+00:00","mainEntityOfPage":{"@id":"https:\/\/www.norn.is\/kyndillinn\/skyggnulysing-1\/"},"wordCount":1249,"image":{"@id":"https:\/\/www.norn.is\/kyndillinn\/skyggnulysing-1\/#primaryimage"},"thumbnailUrl":"https:\/\/www.norn.is\/kyndillinn\/wp-content\/uploads\/sites\/5\/2012\/12\/index.jpeg","articleSection":["F\u00e1naberar f\u00e1v\u00edsinnar","Kyndillinn"],"inLanguage":"is"},{"@type":"WebPage","@id":"https:\/\/www.norn.is\/kyndillinn\/skyggnulysing-1\/","url":"https:\/\/www.norn.is\/kyndillinn\/skyggnulysing-1\/","name":"Skyggnul\u00fdsing 1 - Kyndillinn","isPartOf":{"@id":"https:\/\/www.norn.is\/kyndillinn\/#website"},"primaryImageOfPage":{"@id":"https:\/\/www.norn.is\/kyndillinn\/skyggnulysing-1\/#primaryimage"},"image":{"@id":"https:\/\/www.norn.is\/kyndillinn\/skyggnulysing-1\/#primaryimage"},"thumbnailUrl":"https:\/\/www.norn.is\/kyndillinn\/wp-content\/uploads\/sites\/5\/2012\/12\/index.jpeg","datePublished":"2012-12-13T23:01:25+00:00","dateModified":"2017-09-11T10:49:41+00:00","author":{"@id":"https:\/\/www.norn.is\/kyndillinn\/#\/schema\/person\/2eb0fcae9e1ecc61987f7ed9c878531c"},"breadcrumb":{"@id":"https:\/\/www.norn.is\/kyndillinn\/skyggnulysing-1\/#breadcrumb"},"inLanguage":"is","potentialAction":[{"@type":"ReadAction","target":["https:\/\/www.norn.is\/kyndillinn\/skyggnulysing-1\/"]}]},{"@type":"ImageObject","inLanguage":"is","@id":"https:\/\/www.norn.is\/kyndillinn\/skyggnulysing-1\/#primaryimage","url":"https:\/\/www.norn.is\/kyndillinn\/wp-content\/uploads\/sites\/5\/2012\/12\/index.jpeg","contentUrl":"https:\/\/www.norn.is\/kyndillinn\/wp-content\/uploads\/sites\/5\/2012\/12\/index.jpeg","width":323,"height":156},{"@type":"BreadcrumbList","@id":"https:\/\/www.norn.is\/kyndillinn\/skyggnulysing-1\/#breadcrumb","itemListElement":[{"@type":"ListItem","position":1,"name":"Home","item":"https:\/\/www.norn.is\/kyndillinn\/"},{"@type":"ListItem","position":2,"name":"Skyggnul\u00fdsing 1"}]},{"@type":"WebSite","@id":"https:\/\/www.norn.is\/kyndillinn\/#website","url":"https:\/\/www.norn.is\/kyndillinn\/","name":"Kyndillinn","description":"Eva um kyn og kl\u00e1m","potentialAction":[{"@type":"SearchAction","target":{"@type":"EntryPoint","urlTemplate":"https:\/\/www.norn.is\/kyndillinn\/?s={search_term_string}"},"query-input":{"@type":"PropertyValueSpecification","valueRequired":true,"valueName":"search_term_string"}}],"inLanguage":"is"},{"@type":"Person","@id":"https:\/\/www.norn.is\/kyndillinn\/#\/schema\/person\/2eb0fcae9e1ecc61987f7ed9c878531c","name":"Eva Hauksd\u00f3ttir","sameAs":["http:\/\/www.norn.is"],"url":"https:\/\/www.norn.is\/kyndillinn\/author\/eva\/"}]}},"_links":{"self":[{"href":"https:\/\/www.norn.is\/kyndillinn\/wp-json\/wp\/v2\/posts\/778","targetHints":{"allow":["GET"]}}],"collection":[{"href":"https:\/\/www.norn.is\/kyndillinn\/wp-json\/wp\/v2\/posts"}],"about":[{"href":"https:\/\/www.norn.is\/kyndillinn\/wp-json\/wp\/v2\/types\/post"}],"author":[{"embeddable":true,"href":"https:\/\/www.norn.is\/kyndillinn\/wp-json\/wp\/v2\/users\/2"}],"replies":[{"embeddable":true,"href":"https:\/\/www.norn.is\/kyndillinn\/wp-json\/wp\/v2\/comments?post=778"}],"version-history":[{"count":4,"href":"https:\/\/www.norn.is\/kyndillinn\/wp-json\/wp\/v2\/posts\/778\/revisions"}],"predecessor-version":[{"id":2155,"href":"https:\/\/www.norn.is\/kyndillinn\/wp-json\/wp\/v2\/posts\/778\/revisions\/2155"}],"wp:featuredmedia":[{"embeddable":true,"href":"https:\/\/www.norn.is\/kyndillinn\/wp-json\/wp\/v2\/media\/1557"}],"wp:attachment":[{"href":"https:\/\/www.norn.is\/kyndillinn\/wp-json\/wp\/v2\/media?parent=778"}],"wp:term":[{"taxonomy":"category","embeddable":true,"href":"https:\/\/www.norn.is\/kyndillinn\/wp-json\/wp\/v2\/categories?post=778"},{"taxonomy":"post_tag","embeddable":true,"href":"https:\/\/www.norn.is\/kyndillinn\/wp-json\/wp\/v2\/tags?post=778"}],"curies":[{"name":"wp","href":"https:\/\/api.w.org\/{rel}","templated":true}]}}