{"id":766,"date":"2012-10-26T22:46:39","date_gmt":"2012-10-26T22:46:39","guid":{"rendered":"http:\/\/www.norn.is\/kyndillinn\/?p=766"},"modified":"2017-10-26T09:26:43","modified_gmt":"2017-10-26T09:26:43","slug":"kynungabok-og-vinnumarkadurinn","status":"publish","type":"post","link":"https:\/\/www.norn.is\/kyndillinn\/kynungabok-og-vinnumarkadurinn\/","title":{"rendered":"Kynungab\u00f3k og vinnumarka\u00f0urinn"},"content":{"rendered":"<p><img loading=\"lazy\" decoding=\"async\" class=\"alignleft size-full wp-image-1743\" src=\"http:\/\/www.norn.is\/kyndillinn\/wp-content\/uploads\/sites\/5\/2011\/10\/3160b6435387b19260e92f53534e010d.jpg\" alt=\"sk\u00fara\" width=\"605\" height=\"807\" srcset=\"https:\/\/www.norn.is\/kyndillinn\/wp-content\/uploads\/sites\/5\/2011\/10\/3160b6435387b19260e92f53534e010d.jpg 605w, https:\/\/www.norn.is\/kyndillinn\/wp-content\/uploads\/sites\/5\/2011\/10\/3160b6435387b19260e92f53534e010d-225x300.jpg 225w\" sizes=\"auto, (max-width: 605px) 100vw, 605px\" \/><br \/>\n\u00cd fyrri pistlum um\u00a0<a href=\"http:\/\/www.menntamalaraduneyti.is\/media\/MRN-pdf\/kynungabok-vefutgafa.pdf\">Kynungab\u00f3k<\/a>, gagnr\u00fdndi \u00e9g \u00fea\u00f0 hve l\u00edti\u00f0 v\u00e6gi h\u00fan gefur st\u00e6rstu vandam\u00e1lum karla og drengja. \u00cd fj\u00f6lskyldukaflanum er ekkert fjalla\u00f0 um veika st\u00f6\u00f0u fe\u00f0ra \u00ed forr\u00e6\u00f0ism\u00e1lum og \u00ed sk\u00f3lakaflanum er s\u00e1 mikli fj\u00f6ldi drengja sem \u00fer\u00edfst ekki \u00ed sk\u00f3la ekki einu sinni til umr\u00e6\u00f0u. \u00c1 vinnumarka\u00f0i hallar meira \u00e1 konur en karla svo \u00fea\u00f0 er kannski e\u00f0lilegra a\u00f0 \u00fear s\u00e9 sj\u00f3narhorn kvenna r\u00edkjandi. Engu a\u00f0 s\u00ed\u00f0ur hef \u00e9g nokkrar athugasemdir. E\u00f0a eiginlega margar.<!--more--><\/p>\n<h2><strong>Vinnumarka\u00f0ur og heimilisst\u00f6rf\u00a0<\/strong><\/h2>\n<p>\u00dea\u00f0 er varla h\u00e6gt a\u00f0 r\u00e6\u00f0a jafnr\u00e9ttism\u00e1l \u00e1 vinnumarka\u00f0i nema koma einnig inn \u00e1 heimilsst\u00f6rf og \u00fea\u00f0 er a\u00f0 sj\u00e1lfs\u00f6g\u00f0u gert \u00ed Kynungab\u00f3k. Vakin er athygli \u00e1 \u00fev\u00ed a\u00f0 \u00e1byrg\u00f0 kvenna \u00e1 b\u00f6rnum og heimili s\u00e9 meiri en karla en heimilisst\u00f6rf s\u00e9u hinsvegar ekki metin til launa.\u00a0M\u00e9r finnst gott a\u00f0 unglingar s\u00e9u hvattir til a\u00f0 velta \u00feessum hlutum fyrir s\u00e9r og spurning \u00e1 bls 20 b\u00fd\u00f0ur upp \u00e1 \u00e1hugaver\u00f0ar umr\u00e6\u00f0ur:<\/p>\n<blockquote><p>Hva\u00f0 myndi gerast ef fari\u00f0 v\u00e6ri a\u00f0 meta vinnu \u00e1 heimilum til launa?<\/p><\/blockquote>\n<p>\u00c9g get svara\u00f0 fyrir sj\u00e1lfa mig a\u00f0 \u00e9g v\u00e6ri r\u00edk kona \u00ed dag ef \u00e9g hef\u00f0i fengi\u00f0 laun fyrir alla \u00fe\u00e1 fermetra sem \u00e9g hef sk\u00fara\u00f0 heima hj\u00e1 m\u00e9r. Nema n\u00e1tt\u00farulega ef \u00e9g hef\u00f0i \u00feurft a\u00f0 nota \u00feau til a\u00f0 borga \u00feeim k\u00f6rlum laun sem hafa gert vi\u00f0 b\u00edlana m\u00edna og fleiri t\u00e6ki, bjarga\u00f0 t\u00f6lvug\u00f6gnum og sinnt annarri t\u00f6lvu\u00fej\u00f3nustu, dregi\u00f0 b\u00edlinn minn upp \u00far snj\u00f3sk\u00f6flum, bori\u00f0 fyrir mig heilu b\u00fasl\u00f3\u00f0irnar, sm\u00ed\u00f0a\u00f0 fyrir mig innr\u00e9ttingar, tengt lj\u00f3s og rafmagnst\u00e6ki\u2026 En \u00feessir hlutir eru heldur ekki metnir til launa \u00e1 heimilum.<\/p>\n<p>\u00cd Kynungab\u00f3k er fullyrt a\u00f0 \u00feegar\u00a0heimilisst\u00f6rf s\u00e9u tekin me\u00f0 \u00ed reikninginn s\u00e9 heildarvinnut\u00edmi kynjanna\u00a0nokku\u00f0 svipa\u00f0ur. Gallinn er s\u00e1 a\u00f0 \u00ed\u00a0<a href=\"http:\/\/www.velferdarraduneyti.is\/media\/acrobat-skjol\/Konnun_Felagsvisindastofnunar_um_kynbundinn_launamun_a_islenskum_vinnumarkadi2.pdf\">ranns\u00f3kninni sem v\u00edsa\u00f0 er til<\/a>\u00a0eru heimilisst\u00f6rf ekki skilgreind. Eru \u00fea\u00f0 t.d. heimilisst\u00f6rf a\u00f0 aka b\u00f6rnum \u00ed leiksk\u00f3lann og sj\u00e1 um innkaup? \u00dea\u00f0 er mj\u00f6g vafasamt a\u00f0 \u00e1lykta um fj\u00e1rhagslegt misr\u00e9tti mi\u00f0a\u00f0 vi\u00f0 vinnuframlag \u00fat fr\u00e1 svo opinni spurningu.<\/p>\n<p>Spurningin um \u00fea\u00f0 hva\u00f0 myndi gerast ef heimilisst\u00f6rf yr\u00f0u metin til launa \u00e1 r\u00e9tt \u00e1 s\u00e9r en \u00fearf \u00fe\u00e1 ekki l\u00edka a\u00f0 spyrja hva\u00f0 myndi gerast ef fari\u00f0 yr\u00f0i a\u00f0 meta t\u00e6kjavi\u00f0hald og margt anna\u00f0 sem karlar gera oftar \u00ed \u00fe\u00e1gu heimilisins til heimilisstarfa?<\/p>\n<h2><strong>Fj\u00e1rhagssta\u00f0a kynjanna<\/strong><\/h2>\n<p>Kynbundninn launamunur er e\u00f0lilega tekinn fyrir \u00ed Kynungab\u00f3k, enda um st\u00f3rt jafnr\u00e9ttism\u00e1l a\u00f0 r\u00e6\u00f0a. Einf\u00f6ldunin er \u00fe\u00f3 s\u00fa sama og fyrr. \u00c1 bls 20 er eftirfarandi fullyrt:<\/p>\n<blockquote><p>\u00deegar laun kvenna og karla eru sko\u00f0u\u00f0 \u00a0kemur \u00ed lj\u00f3s a\u00f0 konur hafa \u00far minna fj\u00e1rmagni \u00a0a\u00f0 mo\u00f0a en karlar.<\/p><\/blockquote>\n<p>Fullyrt a\u00f0 enn vi\u00f0gangist \u00f3\u00fatsk\u00fdr\u00f0ur kynbundinn launamunur, n\u00fa s\u00ed\u00f0ast er \u00fea\u00f0<a href=\"http:\/\/www.dv.is\/frettir\/2012\/9\/7\/kynbundinn-launamunur-eykst-milli-ara\/\">\u00a0ni\u00f0ursta\u00f0a ranns\u00f3knar<\/a>, sem almennum borgurum er neita\u00f0 um a\u00f0gang a\u00f0. S\u00e9 \u00fea\u00f0 r\u00e9tt a\u00f0 sl\u00edkt vi\u00f0gangist \u00e1 au\u00f0vita\u00f0 a\u00f0 l\u00f6gs\u00e6kja \u00feau fyrirt\u00e6ki. \u00dea\u00f0 er l\u00edka \u00f3r\u00e9ttl\u00e1tt a\u00f0 kvennast\u00f6rf s\u00e9u minna metin en karlast\u00f6rf og \u00fea\u00f0 er jafnr\u00e9ttism\u00e1l a\u00f0 breyta \u00fev\u00ed. Hinsvegar eru \u00fea\u00f0 ekki eing\u00f6ngu laun sem r\u00e1\u00f0a \u00fev\u00ed hversu miklu f\u00e9 f\u00f3lk hefur \u00far a\u00f0 spila en \u00ed Kynungab\u00f3k er algerlega sneitt hj\u00e1 spurningum um a\u00f0ra \u00fe\u00e6tti sem snerta fj\u00e1rhagsst\u00f6\u00f0u og kynfer\u00f0i. Hvernig l\u00edtur d\u00e6mi\u00f0 t.d. \u00fat \u00feegar b\u00fai\u00f0 er a\u00f0 taka me\u00f0l\u00f6g, barnab\u00e6tur og vaxtab\u00e6tur me\u00f0 \u00ed reikninginn?<\/p>\n<p>Enginn kemst \u00ed gegnum Kynungab\u00f3k \u00e1n \u00feess a\u00f0 komast a\u00f0 \u00fev\u00ed hversu aumur hlutur kvenna \u00ed \u00e6\u00f0stu emb\u00e6ttum er. Ekkert er \u00fe\u00f3 minnst \u00e1 a\u00f0 \u00fe\u00f3tt karlar s\u00e9u \u00ed meirihluta \u00feeirra \u00f6rf\u00e1u sem hafa yfir v\u00f6ldum og au\u00f0\u00e6fum a\u00f0 r\u00e1\u00f0a, eru karlar l\u00edka \u00ed yfirgn\u00e6fandi meirihluta \u00feeirra verst settu \u00ed samf\u00e9laginu. H\u00e6tt er vi\u00f0 a\u00f0 \u00fea\u00f0 sem eftir situr hj\u00e1 nemendum s\u00e9 \u00edmynd af samf\u00e9lagi \u00fear sem karlar eru mun betur settir en konur, \u00feegar raunveruleikinn er s\u00e1 a\u00f0 mj\u00f6g f\u00e1ir karlar eru miklu betur settir en flestar konur og flestir karlar.<\/p>\n<p>Fj\u00e1rhagssta\u00f0a f\u00e1t\u00e6kra karla hefur or\u00f0i\u00f0 \u00fatundan \u00ed jafnr\u00e9ttisumr\u00e6\u00f0unni. Uppi er raddir um a\u00f0\u00a0<a href=\"http:\/\/www.visir.is\/samtok-medlagsgreidenda\/article\/2012705089999\">h\u00e1tt hlutfall me\u00f0lagsgrei\u00f0enda berjist \u00ed b\u00f6kkum<\/a>. \u00c9g ver\u00f0 v\u00f6r vi\u00f0 \u00fe\u00e1 sko\u00f0un a\u00f0 karlar s\u00e9ru l\u00edklegri til a\u00f0 taka \u00e1 sig sameiginlegar skuldir vi\u00f0 skilna\u00f0 og\/e\u00f0a eftirl\u00e1ta hinu meirihluta eigna. Hvort \u00fea\u00f0 hefur eitthva\u00f0 veri\u00f0 rannsaka\u00f0 veit \u00e9g ekki en ef svo er fara ni\u00f0urst\u00f6\u00f0urnar l\u00e1gt. \u00a0\u00deetta eru \u00fe\u00e6ttir sem hlj\u00f3ta a\u00f0 eiga heima \u00ed jafnr\u00e9ttisumr\u00e6\u00f0u en\u00a0\u201cjafnr\u00e9ttisfr\u00e6\u00f0slan\u201c tekur fullan \u00fe\u00e1tt \u00ed \u00fe\u00f6gguninni.<\/p>\n<h2><strong>Ranghugmyndir kynhyggjusinna um forneskjulegar hugmyndir samf\u00e9lagsins<\/strong><\/h2>\n<p>\u00cd vinnukaflanum og \u00e1 fleiri st\u00f6\u00f0um \u00ed Kynungab\u00f3k vir\u00f0ast hugmyndir h\u00f6funda um kynja\u00edmyndir samt\u00edmans algj\u00f6rlega \u00far takti vi\u00f0 veruleikann T.d. er \u00feeirri spurningu velt upp hvort s\u00e9 ekki \u00f3raunh\u00e6ft a\u00f0 tengja hugtaki\u00f0 \u201efyrirvinna\u201c eing\u00f6ngu vi\u00f0 karla. (Bls 19) \u00c9g minnist \u00feess ekki a\u00f0 hafa heyrt nokkurn mann \u00a0nota hugtaki\u00f0 \u201efyrirvinna\u201c um karla eing\u00f6ngu, s\u00ed\u00f0ustu 30 \u00e1rin, svo um hva\u00f0 eru h\u00f6fundar eiginlega a\u00f0 tala?<\/p>\n<p>\u00c1l\u00edka undarleg hugmynd kemur fram \u00ed sk\u00f3lakaflanum, \u00fear sem fjalla\u00f0 er um vi\u00f0horfsranns\u00f3kn sem lei\u00f0i \u00ed lj\u00f3s \u00edhaldssamar hugmyndir um kynhlutverk. B\u00f6rnin voru m.a. spur\u00f0 hvort \u00feau teldu e\u00f0lilegra a\u00f0 eiginkona e\u00f0a \u00a0eiginma\u00f0ur s\u00e6ju um fj\u00e1rm\u00e1l heimilisins. \u00dea\u00f0 er \u00fat af fyrir sig gagnr\u00fdnivert a\u00f0 spyrja um vi\u00f0horf til m\u00e1la sem alls \u00f3v\u00edst er a\u00f0 \u00fe\u00e1tttakendur hafi nokkurnt\u00edma velt fyrir s\u00e9r, \u00e1n \u00feess a\u00f0 bj\u00f3\u00f0a upp \u00e1 m\u00f6guleikann \u201etek ekki afst\u00f6\u00f0u\u201c en \u00feessi spurning er vafas\u00f6m af fleiri \u00e1st\u00e6\u00f0um. \u00a0Hva\u00f0 er \u00e1tt vi\u00f0 me\u00f0 \u00fev\u00ed a\u00f0 \u201esj\u00e1 um fj\u00e1rm\u00e1l\u201c heimilisins \u00ed n\u00fat\u00edmasamf\u00e9lagi? Samf\u00e9lagi \u00fear sem f\u00f3lk l\u00e6tur grei\u00f0slu\u00fej\u00f3nustu bankana um a\u00f0 borga reikinga, notar netbanka til a\u00f0 millif\u00e6ra og hvort hj\u00f3na um sig er me\u00f0 eigin grei\u00f0slukort.\u00a0Er \u00e1tt vi\u00f0 st\u00f3rar \u00e1kvar\u00f0anir e\u00f0a \u00fea\u00f0 hvort hj\u00f3na fer oftar inn \u00e1 heimabankann \u00ed t\u00f6lvunni? E\u00f0a eitthva\u00f0 anna\u00f0?\u00a0\u00deekkist \u00fea\u00f0 yfirh\u00f6fu\u00f0 a\u00f0 anna\u00f0 hj\u00f3na \u201esj\u00e1i um\u201c fj\u00e1rm\u00e1lin?\u00a0Sj\u00e1 \u00edhaldss\u00f6mu b\u00f6rnin fyrir s\u00e9r a\u00f0 eiginkona r\u00e9tti eiginmanni laun s\u00edn til r\u00e1\u00f0st\u00f6funar og hann skammti henni heimilispeninga? Hversu h\u00e1tt hlutfall \u00feessara krakka b\u00fdr \u00e1 heimili \u00fear sem eiginma\u00f0ur er yfirh\u00f6fu\u00f0 til sta\u00f0ar? Ef spurningin er h\u00f6nnu\u00f0 fyrir ungling sem \u00f3lst upp \u00e1 eftirstr\u00ed\u00f0s\u00e1runum, er \u00fe\u00e1 vi\u00f0 \u00fev\u00ed a\u00f0 b\u00faast a\u00f0 \u00fea\u00f0 skili vitr\u00e6nni ni\u00f0urst\u00f6\u00f0u a\u00f0 leggja hana fyrir ungling sem elst upp fj\u00f3rum \u00e1ratugum s\u00ed\u00f0ar?<\/p>\n<p>\u00cd atvinnukaflanum er a.m.k. enn ein v\u00edsbending um a\u00f0 \u00feeir sem stj\u00f3rna kynjaumr\u00e6\u00f0unni hafi ranghugmyndir um vi\u00f0horf almennings til jafnr\u00e9ttism\u00e1la. \u00c1 bls 19 er eftirfarandi umr\u00e6\u00f0uefni a\u00f0 finna:<\/p>\n<blockquote><p>\u00cd vi\u00f0horfsk\u00f6nnun fr\u00e1 2003 kemur fram a\u00f0 yfirgn\u00e6fandi meirihluti telur a\u00f0 jafnr\u00e9tti s\u00e9\u00a0\u00e1b\u00f3tavant \u00ed \u00edslensku samf\u00e9lagi\u00a0en meirihluti \u00feess h\u00f3ps telur\u00a0samt jafnr\u00e9tti r\u00edkja \u00e1 s\u00ednum\u00a0vinnusta\u00f0.\u00a0Hva\u00f0 sk\u00fdrir \u00feetta\u00a0misr\u00e6mi?<\/p><\/blockquote>\n<p>\u00deetta er g\u00f3\u00f0 spurning, kannski s\u00fa besta sem varpa\u00f0 er fram \u00ed Kynungab\u00f3k. M\u00e9r finnst l\u00edklegt a\u00f0 innan kynjafr\u00e6\u00f0innar s\u00e9 stemning fyrir \u00fev\u00ed a\u00f0 sk\u00fdra \u00feetta sem me\u00f0virkni me\u00f0 eigin atvinnurekanda e\u00f0a afneitun \u00e1 \u00fev\u00ed a\u00f0 ma\u00f0ur sj\u00e1lfur og manns n\u00e1nustu s\u00e9u f\u00f3rnarl\u00f6mb fe\u00f0raveldisins. Auglj\u00f3sari sk\u00fdring \u00ed m\u00ednum huga er \u00fe\u00f3 a\u00f0 reynsla f\u00f3lks samr\u00e6mist ekki umr\u00e6\u00f0unni. Umr\u00e6\u00f0unni sem kvenhyggjuf\u00f3lk hefur stj\u00f3rna\u00f0 \u00ed marga \u00e1ratugi og stj\u00f3rnar enn. Kynjamisr\u00e9tti\u00f0 er kannski or\u00f0i\u00f0 m\u00fdta; vi\u00f0 \u00feekkjum a\u00f0 v\u00edsu ekki m\u00f6rg d\u00e6mi um kynjamisr\u00e9tti \u00e1 vinnumarka\u00f0i sj\u00e1lf, en \u00fea\u00f0 hl\u00fdtur samt a\u00f0 vera st\u00f3rt vandam\u00e1l fyrst feministar segja \u00fea\u00f0.<\/p>\n<p>&nbsp;<\/p>\n","protected":false},"excerpt":{"rendered":"<p>\u00cd fyrri pistlum um\u00a0Kynungab\u00f3k, gagnr\u00fdndi \u00e9g \u00fea\u00f0 hve l\u00edti\u00f0 v\u00e6gi h\u00fan gefur st\u00e6rstu vandam\u00e1lum karla og drengja. \u00cd fj\u00f6lskyldukaflanum er ekkert fjalla\u00f0 um veika st\u00f6\u00f0u fe\u00f0ra \u00ed forr\u00e6\u00f0ism\u00e1lum og \u00ed sk\u00f3lakaflanum er s\u00e1 mikli fj\u00f6ldi drengja sem \u00fer\u00edfst ekki \u00ed &hellip; <a href=\"https:\/\/www.norn.is\/kyndillinn\/kynungabok-og-vinnumarkadurinn\/\">Halda \u00e1fram a\u00f0 lesa <span class=\"meta-nav\">&rarr;<\/span><\/a><\/p>\n","protected":false},"author":2,"featured_media":1743,"comment_status":"closed","ping_status":"closed","sticky":false,"template":"","format":"standard","meta":{"footnotes":""},"categories":[1,195],"tags":[320,319,366,133,73],"class_list":["post-766","post","type-post","status-publish","format-standard","has-post-thumbnail","hentry","category-kyndillinn","category-pistlarod-kennivald-kvenhyggjunnar","tag-born","tag-jafnrettisfraedsla","tag-kynbundinn-launamunur","tag-kynungabok","tag-skolamal"],"yoast_head":"<!-- This site is optimized with the Yoast SEO plugin v27.5 - https:\/\/yoast.com\/product\/yoast-seo-wordpress\/ -->\n<title>Kynungab\u00f3k og vinnumarka\u00f0urinn - Kyndillinn<\/title>\n<meta name=\"robots\" content=\"index, follow, max-snippet:-1, max-image-preview:large, max-video-preview:-1\" \/>\n<link rel=\"canonical\" href=\"https:\/\/www.norn.is\/kyndillinn\/kynungabok-og-vinnumarkadurinn\/\" \/>\n<meta property=\"og:locale\" content=\"is_IS\" \/>\n<meta property=\"og:type\" content=\"article\" \/>\n<meta property=\"og:title\" content=\"Kynungab\u00f3k og vinnumarka\u00f0urinn - Kyndillinn\" \/>\n<meta property=\"og:description\" content=\"\u00cd fyrri pistlum um\u00a0Kynungab\u00f3k, gagnr\u00fdndi \u00e9g \u00fea\u00f0 hve l\u00edti\u00f0 v\u00e6gi h\u00fan gefur st\u00e6rstu vandam\u00e1lum karla og drengja. \u00cd fj\u00f6lskyldukaflanum er ekkert fjalla\u00f0 um veika st\u00f6\u00f0u fe\u00f0ra \u00ed forr\u00e6\u00f0ism\u00e1lum og \u00ed sk\u00f3lakaflanum er s\u00e1 mikli fj\u00f6ldi drengja sem \u00fer\u00edfst ekki \u00ed &hellip; Halda \u00e1fram a\u00f0 lesa &rarr;\" \/>\n<meta property=\"og:url\" content=\"https:\/\/www.norn.is\/kyndillinn\/kynungabok-og-vinnumarkadurinn\/\" \/>\n<meta property=\"og:site_name\" content=\"Kyndillinn\" \/>\n<meta property=\"article:published_time\" content=\"2012-10-26T22:46:39+00:00\" \/>\n<meta property=\"article:modified_time\" content=\"2017-10-26T09:26:43+00:00\" \/>\n<meta property=\"og:image\" content=\"https:\/\/www.norn.is\/kyndillinn\/wp-content\/uploads\/sites\/5\/2011\/10\/3160b6435387b19260e92f53534e010d.jpg\" \/>\n\t<meta property=\"og:image:width\" content=\"605\" \/>\n\t<meta property=\"og:image:height\" content=\"807\" \/>\n\t<meta property=\"og:image:type\" content=\"image\/jpeg\" \/>\n<meta name=\"author\" content=\"Eva Hauksd\u00f3ttir\" \/>\n<meta name=\"twitter:card\" content=\"summary_large_image\" \/>\n<meta name=\"twitter:label1\" content=\"Written by\" \/>\n\t<meta name=\"twitter:data1\" content=\"\" \/>\n\t<meta name=\"twitter:label2\" content=\"Est. reading time\" \/>\n\t<meta name=\"twitter:data2\" content=\"7 minutes\" \/>\n<script type=\"application\/ld+json\" class=\"yoast-schema-graph\">{\"@context\":\"https:\\\/\\\/schema.org\",\"@graph\":[{\"@type\":\"Article\",\"@id\":\"https:\\\/\\\/www.norn.is\\\/kyndillinn\\\/kynungabok-og-vinnumarkadurinn\\\/#article\",\"isPartOf\":{\"@id\":\"https:\\\/\\\/www.norn.is\\\/kyndillinn\\\/kynungabok-og-vinnumarkadurinn\\\/\"},\"author\":{\"name\":\"Eva Hauksd\u00f3ttir\",\"@id\":\"https:\\\/\\\/www.norn.is\\\/kyndillinn\\\/#\\\/schema\\\/person\\\/2eb0fcae9e1ecc61987f7ed9c878531c\"},\"headline\":\"Kynungab\u00f3k og vinnumarka\u00f0urinn\",\"datePublished\":\"2012-10-26T22:46:39+00:00\",\"dateModified\":\"2017-10-26T09:26:43+00:00\",\"mainEntityOfPage\":{\"@id\":\"https:\\\/\\\/www.norn.is\\\/kyndillinn\\\/kynungabok-og-vinnumarkadurinn\\\/\"},\"wordCount\":1374,\"image\":{\"@id\":\"https:\\\/\\\/www.norn.is\\\/kyndillinn\\\/kynungabok-og-vinnumarkadurinn\\\/#primaryimage\"},\"thumbnailUrl\":\"https:\\\/\\\/www.norn.is\\\/kyndillinn\\\/wp-content\\\/uploads\\\/sites\\\/5\\\/2011\\\/10\\\/3160b6435387b19260e92f53534e010d.jpg\",\"keywords\":[\"B\u00f6rn\",\"Jafnr\u00e9ttisfr\u00e6\u00f0sla\",\"Kynbundinn launamunur\",\"Kynungab\u00f3k\",\"Sk\u00f3lam\u00e1l\"],\"articleSection\":[\"Kyndillinn\",\"Pistlar\u00f6\u00f0: Kennivald kvenhyggjunnar\"],\"inLanguage\":\"is\"},{\"@type\":\"WebPage\",\"@id\":\"https:\\\/\\\/www.norn.is\\\/kyndillinn\\\/kynungabok-og-vinnumarkadurinn\\\/\",\"url\":\"https:\\\/\\\/www.norn.is\\\/kyndillinn\\\/kynungabok-og-vinnumarkadurinn\\\/\",\"name\":\"Kynungab\u00f3k og vinnumarka\u00f0urinn - Kyndillinn\",\"isPartOf\":{\"@id\":\"https:\\\/\\\/www.norn.is\\\/kyndillinn\\\/#website\"},\"primaryImageOfPage\":{\"@id\":\"https:\\\/\\\/www.norn.is\\\/kyndillinn\\\/kynungabok-og-vinnumarkadurinn\\\/#primaryimage\"},\"image\":{\"@id\":\"https:\\\/\\\/www.norn.is\\\/kyndillinn\\\/kynungabok-og-vinnumarkadurinn\\\/#primaryimage\"},\"thumbnailUrl\":\"https:\\\/\\\/www.norn.is\\\/kyndillinn\\\/wp-content\\\/uploads\\\/sites\\\/5\\\/2011\\\/10\\\/3160b6435387b19260e92f53534e010d.jpg\",\"datePublished\":\"2012-10-26T22:46:39+00:00\",\"dateModified\":\"2017-10-26T09:26:43+00:00\",\"author\":{\"@id\":\"https:\\\/\\\/www.norn.is\\\/kyndillinn\\\/#\\\/schema\\\/person\\\/2eb0fcae9e1ecc61987f7ed9c878531c\"},\"breadcrumb\":{\"@id\":\"https:\\\/\\\/www.norn.is\\\/kyndillinn\\\/kynungabok-og-vinnumarkadurinn\\\/#breadcrumb\"},\"inLanguage\":\"is\",\"potentialAction\":[{\"@type\":\"ReadAction\",\"target\":[\"https:\\\/\\\/www.norn.is\\\/kyndillinn\\\/kynungabok-og-vinnumarkadurinn\\\/\"]}]},{\"@type\":\"ImageObject\",\"inLanguage\":\"is\",\"@id\":\"https:\\\/\\\/www.norn.is\\\/kyndillinn\\\/kynungabok-og-vinnumarkadurinn\\\/#primaryimage\",\"url\":\"https:\\\/\\\/www.norn.is\\\/kyndillinn\\\/wp-content\\\/uploads\\\/sites\\\/5\\\/2011\\\/10\\\/3160b6435387b19260e92f53534e010d.jpg\",\"contentUrl\":\"https:\\\/\\\/www.norn.is\\\/kyndillinn\\\/wp-content\\\/uploads\\\/sites\\\/5\\\/2011\\\/10\\\/3160b6435387b19260e92f53534e010d.jpg\",\"width\":605,\"height\":807},{\"@type\":\"BreadcrumbList\",\"@id\":\"https:\\\/\\\/www.norn.is\\\/kyndillinn\\\/kynungabok-og-vinnumarkadurinn\\\/#breadcrumb\",\"itemListElement\":[{\"@type\":\"ListItem\",\"position\":1,\"name\":\"Home\",\"item\":\"https:\\\/\\\/www.norn.is\\\/kyndillinn\\\/\"},{\"@type\":\"ListItem\",\"position\":2,\"name\":\"Kynungab\u00f3k og vinnumarka\u00f0urinn\"}]},{\"@type\":\"WebSite\",\"@id\":\"https:\\\/\\\/www.norn.is\\\/kyndillinn\\\/#website\",\"url\":\"https:\\\/\\\/www.norn.is\\\/kyndillinn\\\/\",\"name\":\"Kyndillinn\",\"description\":\"Eva um kyn og kl\u00e1m\",\"potentialAction\":[{\"@type\":\"SearchAction\",\"target\":{\"@type\":\"EntryPoint\",\"urlTemplate\":\"https:\\\/\\\/www.norn.is\\\/kyndillinn\\\/?s={search_term_string}\"},\"query-input\":{\"@type\":\"PropertyValueSpecification\",\"valueRequired\":true,\"valueName\":\"search_term_string\"}}],\"inLanguage\":\"is\"},{\"@type\":\"Person\",\"@id\":\"https:\\\/\\\/www.norn.is\\\/kyndillinn\\\/#\\\/schema\\\/person\\\/2eb0fcae9e1ecc61987f7ed9c878531c\",\"name\":\"Eva Hauksd\u00f3ttir\",\"sameAs\":[\"http:\\\/\\\/www.norn.is\"],\"url\":\"https:\\\/\\\/www.norn.is\\\/kyndillinn\\\/author\\\/eva\\\/\"}]}<\/script>\n<!-- \/ Yoast SEO plugin. -->","yoast_head_json":{"title":"Kynungab\u00f3k og vinnumarka\u00f0urinn - Kyndillinn","robots":{"index":"index","follow":"follow","max-snippet":"max-snippet:-1","max-image-preview":"max-image-preview:large","max-video-preview":"max-video-preview:-1"},"canonical":"https:\/\/www.norn.is\/kyndillinn\/kynungabok-og-vinnumarkadurinn\/","og_locale":"is_IS","og_type":"article","og_title":"Kynungab\u00f3k og vinnumarka\u00f0urinn - Kyndillinn","og_description":"\u00cd fyrri pistlum um\u00a0Kynungab\u00f3k, gagnr\u00fdndi \u00e9g \u00fea\u00f0 hve l\u00edti\u00f0 v\u00e6gi h\u00fan gefur st\u00e6rstu vandam\u00e1lum karla og drengja. \u00cd fj\u00f6lskyldukaflanum er ekkert fjalla\u00f0 um veika st\u00f6\u00f0u fe\u00f0ra \u00ed forr\u00e6\u00f0ism\u00e1lum og \u00ed sk\u00f3lakaflanum er s\u00e1 mikli fj\u00f6ldi drengja sem \u00fer\u00edfst ekki \u00ed &hellip; Halda \u00e1fram a\u00f0 lesa &rarr;","og_url":"https:\/\/www.norn.is\/kyndillinn\/kynungabok-og-vinnumarkadurinn\/","og_site_name":"Kyndillinn","article_published_time":"2012-10-26T22:46:39+00:00","article_modified_time":"2017-10-26T09:26:43+00:00","og_image":[{"width":605,"height":807,"url":"https:\/\/www.norn.is\/kyndillinn\/wp-content\/uploads\/sites\/5\/2011\/10\/3160b6435387b19260e92f53534e010d.jpg","type":"image\/jpeg"}],"author":"Eva Hauksd\u00f3ttir","twitter_card":"summary_large_image","twitter_misc":{"Written by":false,"Est. reading time":"7 minutes"},"schema":{"@context":"https:\/\/schema.org","@graph":[{"@type":"Article","@id":"https:\/\/www.norn.is\/kyndillinn\/kynungabok-og-vinnumarkadurinn\/#article","isPartOf":{"@id":"https:\/\/www.norn.is\/kyndillinn\/kynungabok-og-vinnumarkadurinn\/"},"author":{"name":"Eva Hauksd\u00f3ttir","@id":"https:\/\/www.norn.is\/kyndillinn\/#\/schema\/person\/2eb0fcae9e1ecc61987f7ed9c878531c"},"headline":"Kynungab\u00f3k og vinnumarka\u00f0urinn","datePublished":"2012-10-26T22:46:39+00:00","dateModified":"2017-10-26T09:26:43+00:00","mainEntityOfPage":{"@id":"https:\/\/www.norn.is\/kyndillinn\/kynungabok-og-vinnumarkadurinn\/"},"wordCount":1374,"image":{"@id":"https:\/\/www.norn.is\/kyndillinn\/kynungabok-og-vinnumarkadurinn\/#primaryimage"},"thumbnailUrl":"https:\/\/www.norn.is\/kyndillinn\/wp-content\/uploads\/sites\/5\/2011\/10\/3160b6435387b19260e92f53534e010d.jpg","keywords":["B\u00f6rn","Jafnr\u00e9ttisfr\u00e6\u00f0sla","Kynbundinn launamunur","Kynungab\u00f3k","Sk\u00f3lam\u00e1l"],"articleSection":["Kyndillinn","Pistlar\u00f6\u00f0: Kennivald kvenhyggjunnar"],"inLanguage":"is"},{"@type":"WebPage","@id":"https:\/\/www.norn.is\/kyndillinn\/kynungabok-og-vinnumarkadurinn\/","url":"https:\/\/www.norn.is\/kyndillinn\/kynungabok-og-vinnumarkadurinn\/","name":"Kynungab\u00f3k og vinnumarka\u00f0urinn - Kyndillinn","isPartOf":{"@id":"https:\/\/www.norn.is\/kyndillinn\/#website"},"primaryImageOfPage":{"@id":"https:\/\/www.norn.is\/kyndillinn\/kynungabok-og-vinnumarkadurinn\/#primaryimage"},"image":{"@id":"https:\/\/www.norn.is\/kyndillinn\/kynungabok-og-vinnumarkadurinn\/#primaryimage"},"thumbnailUrl":"https:\/\/www.norn.is\/kyndillinn\/wp-content\/uploads\/sites\/5\/2011\/10\/3160b6435387b19260e92f53534e010d.jpg","datePublished":"2012-10-26T22:46:39+00:00","dateModified":"2017-10-26T09:26:43+00:00","author":{"@id":"https:\/\/www.norn.is\/kyndillinn\/#\/schema\/person\/2eb0fcae9e1ecc61987f7ed9c878531c"},"breadcrumb":{"@id":"https:\/\/www.norn.is\/kyndillinn\/kynungabok-og-vinnumarkadurinn\/#breadcrumb"},"inLanguage":"is","potentialAction":[{"@type":"ReadAction","target":["https:\/\/www.norn.is\/kyndillinn\/kynungabok-og-vinnumarkadurinn\/"]}]},{"@type":"ImageObject","inLanguage":"is","@id":"https:\/\/www.norn.is\/kyndillinn\/kynungabok-og-vinnumarkadurinn\/#primaryimage","url":"https:\/\/www.norn.is\/kyndillinn\/wp-content\/uploads\/sites\/5\/2011\/10\/3160b6435387b19260e92f53534e010d.jpg","contentUrl":"https:\/\/www.norn.is\/kyndillinn\/wp-content\/uploads\/sites\/5\/2011\/10\/3160b6435387b19260e92f53534e010d.jpg","width":605,"height":807},{"@type":"BreadcrumbList","@id":"https:\/\/www.norn.is\/kyndillinn\/kynungabok-og-vinnumarkadurinn\/#breadcrumb","itemListElement":[{"@type":"ListItem","position":1,"name":"Home","item":"https:\/\/www.norn.is\/kyndillinn\/"},{"@type":"ListItem","position":2,"name":"Kynungab\u00f3k og vinnumarka\u00f0urinn"}]},{"@type":"WebSite","@id":"https:\/\/www.norn.is\/kyndillinn\/#website","url":"https:\/\/www.norn.is\/kyndillinn\/","name":"Kyndillinn","description":"Eva um kyn og kl\u00e1m","potentialAction":[{"@type":"SearchAction","target":{"@type":"EntryPoint","urlTemplate":"https:\/\/www.norn.is\/kyndillinn\/?s={search_term_string}"},"query-input":{"@type":"PropertyValueSpecification","valueRequired":true,"valueName":"search_term_string"}}],"inLanguage":"is"},{"@type":"Person","@id":"https:\/\/www.norn.is\/kyndillinn\/#\/schema\/person\/2eb0fcae9e1ecc61987f7ed9c878531c","name":"Eva Hauksd\u00f3ttir","sameAs":["http:\/\/www.norn.is"],"url":"https:\/\/www.norn.is\/kyndillinn\/author\/eva\/"}]}},"_links":{"self":[{"href":"https:\/\/www.norn.is\/kyndillinn\/wp-json\/wp\/v2\/posts\/766","targetHints":{"allow":["GET"]}}],"collection":[{"href":"https:\/\/www.norn.is\/kyndillinn\/wp-json\/wp\/v2\/posts"}],"about":[{"href":"https:\/\/www.norn.is\/kyndillinn\/wp-json\/wp\/v2\/types\/post"}],"author":[{"embeddable":true,"href":"https:\/\/www.norn.is\/kyndillinn\/wp-json\/wp\/v2\/users\/2"}],"replies":[{"embeddable":true,"href":"https:\/\/www.norn.is\/kyndillinn\/wp-json\/wp\/v2\/comments?post=766"}],"version-history":[{"count":4,"href":"https:\/\/www.norn.is\/kyndillinn\/wp-json\/wp\/v2\/posts\/766\/revisions"}],"predecessor-version":[{"id":1997,"href":"https:\/\/www.norn.is\/kyndillinn\/wp-json\/wp\/v2\/posts\/766\/revisions\/1997"}],"wp:featuredmedia":[{"embeddable":true,"href":"https:\/\/www.norn.is\/kyndillinn\/wp-json\/wp\/v2\/media\/1743"}],"wp:attachment":[{"href":"https:\/\/www.norn.is\/kyndillinn\/wp-json\/wp\/v2\/media?parent=766"}],"wp:term":[{"taxonomy":"category","embeddable":true,"href":"https:\/\/www.norn.is\/kyndillinn\/wp-json\/wp\/v2\/categories?post=766"},{"taxonomy":"post_tag","embeddable":true,"href":"https:\/\/www.norn.is\/kyndillinn\/wp-json\/wp\/v2\/tags?post=766"}],"curies":[{"name":"wp","href":"https:\/\/api.w.org\/{rel}","templated":true}]}}