{"id":657,"date":"2011-10-12T12:09:35","date_gmt":"2011-10-12T12:09:35","guid":{"rendered":"http:\/\/www.norn.is\/kyndillinn\/?p=657"},"modified":"2016-06-30T13:00:50","modified_gmt":"2016-06-30T13:00:50","slug":"eru-konur-bara-svona-vitlausar","status":"publish","type":"post","link":"https:\/\/www.norn.is\/kyndillinn\/eru-konur-bara-svona-vitlausar\/","title":{"rendered":"Eru konur bara svona vitlausar?"},"content":{"rendered":"<p><a href=\"http:\/\/www.norn.is\/kyndillinn\/wp-content\/uploads\/sites\/5\/2011\/10\/dQccaLdxST_1415085782008.jpg\"><img loading=\"lazy\" decoding=\"async\" class=\"alignleft size-full wp-image-1745\" src=\"http:\/\/www.norn.is\/kyndillinn\/wp-content\/uploads\/sites\/5\/2011\/10\/dQccaLdxST_1415085782008.jpg\" alt=\"shallow\" width=\"1024\" height=\"768\" srcset=\"https:\/\/www.norn.is\/kyndillinn\/wp-content\/uploads\/sites\/5\/2011\/10\/dQccaLdxST_1415085782008.jpg 1024w, https:\/\/www.norn.is\/kyndillinn\/wp-content\/uploads\/sites\/5\/2011\/10\/dQccaLdxST_1415085782008-300x225.jpg 300w, https:\/\/www.norn.is\/kyndillinn\/wp-content\/uploads\/sites\/5\/2011\/10\/dQccaLdxST_1415085782008-174x131.jpg 174w, https:\/\/www.norn.is\/kyndillinn\/wp-content\/uploads\/sites\/5\/2011\/10\/dQccaLdxST_1415085782008-70x53.jpg 70w\" sizes=\"auto, (max-width: 1024px) 100vw, 1024px\" \/><\/a><\/p>\n<p>Vi\u00f0 g\u00e6tum n\u00fa alveg hr\u00f3pa\u00f0 h\u00farra ef \u00fea\u00f0 v\u00e6ru bara kynjahlutf\u00f6llin \u00ed fj\u00f6lmi\u00f0lum sem gefa \u00fe\u00e1 mynd a\u00f0 heimurinn sn\u00faist fyrst og fremst um karla.<!--more--> En ma\u00f0ur \u00fearf ekki a\u00f0 fletta \u00ed gegnum m\u00f6rg bl\u00f6\u00f0 til a\u00f0 sj\u00e1 a\u00f0 jafnvel \u00fear sem konur eru nefndar, eru \u00fe\u00e6r aukapers\u00f3nur, \u00f3virkar e\u00f0a handbendi karla, mun oftar \u00feolendur en gerendur. Karlar eru sk\u00farkar, hetjur og \u00e1litsgjafar, konur viljal\u00edtil verkf\u00e6ri \u00ed valdatafli, f\u00f3rnarl\u00f6mb og puntud\u00fakkur. \u00deetta \u00e1 sannarlega ekkert bara vi\u00f0 um Fr\u00e9ttabla\u00f0i\u00f0.<\/p>\n<p>M\u00e9r finnst hinsvegar h\u00e6pi\u00f0 a\u00f0 \u00e1saka fj\u00f6lmi\u00f0la, \u00fev\u00ed sorr\u00fd St\u00edna, \u00feessar \u00edmyndir eru ekkert bundnar vi\u00f0 ritst\u00fdr\u00f0a fj\u00f6lmi\u00f0la. Af einhverjum \u00e1st\u00e6\u00f0um s\u00fdna konur minni \u00e1huga \u00e1 p\u00f3lit\u00edk en karlar. \u00dea\u00f0 m\u00e1 vissulega benda \u00e1 a\u00f0 fj\u00f6lmi\u00f0lar g\u00e6tu teki\u00f0 \u00fe\u00e1tt \u00ed a\u00f0 breyta \u00fev\u00ed me\u00f0 \u00fev\u00ed a\u00f0 gefa konum meiri gaum en \u00e1 me\u00f0an konur s\u00fdna ekki \u00e1huga \u00e1 \u00fev\u00ed sj\u00e1lfar a\u00f0 vera virkir \u00fe\u00e1tttakendur \u00ed \u00fev\u00ed a\u00f0 skapa samf\u00e9lag sitt, \u00fe\u00e1 er ekki grundv\u00f6llur fyrir \u00fev\u00ed a\u00f0 reka fj\u00f6lmi\u00f0la sem gera konum jafn h\u00e1tt undir h\u00f6f\u00f0i og k\u00f6rlum. Nema \u00fe\u00e1 t\u00edmarit sem sn\u00faast frekar um d\u00e6gurm\u00e1l og s\u00e9rst\u00f6k \u00e1hugasvi\u00f0 kvenna en p\u00f3lit\u00edk.<\/p>\n<p>\u00dea\u00f0 er \u00e1hugavert a\u00f0 sko\u00f0a kynjahlutf\u00f6ll \u00ed fj\u00f6lmi\u00f0lum. En \u00e9g held a\u00f0 s\u00e9 mikilv\u00e6gara a\u00f0 sko\u00f0a hva\u00f0 h\u00e6gt er a\u00f0 gera til a\u00f0 efla \u00e1huga kvenna \u00e1 samf\u00e9lagsm\u00e1lum. N\u00fa er N\u00fdtt l\u00edf b\u00fai\u00f0 a\u00f0 f\u00e1 ritstj\u00f3ra sem hefur d\u00e1l\u00edti\u00f0 a\u00f0ra s\u00fdn en flestir \u00feeir sem hinga\u00f0 til hafa ritst\u00fdrt kvennabl\u00f6\u00f0um. \u00dea\u00f0 ver\u00f0ur fr\u00f3\u00f0legt a\u00f0 fylgjast me\u00f0 \u00fer\u00f3uninni. Mun N\u00fdtt l\u00edf fjalla um konur sem p\u00f3lit\u00edskt afl, gerendur, hetjur og sk\u00farka? \u00c9g hef fulla tr\u00fa \u00e1 \u00fev\u00ed a\u00f0 bla\u00f0i\u00f0 ver\u00f0i lestarh\u00e6ft undir ritstj\u00f3rn \u00de\u00f3ru. En mun konum \u00feykja \u00fea\u00f0 \u00e1hugavert? E\u00f0a mun salan detta ni\u00f0ur og d\u00e1lkar \u00e1 bor\u00f0 vi\u00f0 &#8222;t\u00edu lei\u00f0ir til a\u00f0 gle\u00f0ja hann \u00ed r\u00faminu&#8220; og &#8222;allt um \u00fea\u00f0 n\u00fdjasta \u00ed naglal\u00f6kkum&#8220; teknir upp til a\u00f0 bjarga bla\u00f0inu fr\u00e1 gjald\u00feroti?<\/p>\n<p>\u00c9g er satt a\u00f0 segja ekkert of bjarts\u00fdn. M\u00e9r t\u00f3kst nokku\u00f0 vel a\u00f0 sni\u00f0ganga kvennabl\u00f6\u00f0 \u00fear til bleikt.is og Pjattr\u00f3furnar f\u00f3ru a\u00f0 \u00fev\u00e6last fyrir m\u00e9r allssta\u00f0ar. \u00c9g vissi a\u00f0 m\u00ednar vinkonur eru kannski ekki \u00feversni\u00f0 \u00fej\u00f3\u00f0arinnar en m\u00e9r datt ekki \u00ed hug a\u00f0 \u00fe\u00e6r vikju svona langt fr\u00e1 norminu. N\u00fa er \u00e9g farin a\u00f0 halda a\u00f0 konur s\u00e9u bara svona t\u00f3mar. E\u00f0a er \u00fea\u00f0 eitthva\u00f0 allt anna\u00f0 en normi\u00f0 sem birtist \u00e1 bleikkl\u00e1mss\u00ed\u00f0unum? Ef svo er, hversvegna er bleikt.is alltaf me\u00f0al vins\u00e6lustu vefritanna skv. bloggg\u00e1ttinni? Pjattr\u00f3furnar lenda ekki eins oft \u00e1 lista en \u00e9g g\u00e6ti tr\u00faa\u00f0 \u00fev\u00ed a\u00f0 flestir fari inn \u00e1 \u00fe\u00e1 s\u00ed\u00f0u \u00ed gegnum dv fremur en blogg\u00e1ttina svo \u00fea\u00f0 segir n\u00fa l\u00edti\u00f0. Af einhverjum \u00e1st\u00e6\u00f0um \u00e1 bleikt kl\u00e1m g\u00edfurlegum vins\u00e6ldum a\u00f0 fagna. Og \u00fea\u00f0 er ekki vegna \u00feess a\u00f0 \u00fear birtist konur sem virkt samf\u00e9lagsafl.<\/p>\n<p>&nbsp;<\/p>\n<p><strong>Umr\u00e6\u00f0ur um pistilinn<br \/>\n<!--more--><\/strong><\/p>\n<div id=\"comment-11794\">\n<div>\n<p>Tjah, kn\u00fazi\u00f0 hefur n\u00fa heldur betur n\u00e1\u00f0 vins\u00e6ldum \u00e1 bloggg\u00e1ttinni, \u00e1 \u00f6rsk\u00f6mmum t\u00edma.<\/p>\n<\/div>\n<p>Posted by: Krist\u00edn |\u00a0<a href=\"http:\/\/www.norn.is\/sapuopera\/2011\/10\/eru_konur_bara_svona_vitlausar.html#comment-11794\">12.10.2011 | 19:58:39<\/a><\/p>\n<\/div>\n<p>J\u00e1 \u00fea\u00f0 er g\u00f3\u00f0s viti. Druslub\u00e6kur og do\u00f0rantar lenda l\u00edka oft ofarlega \u00e1 lista og l\u00edklegt a\u00f0 \u00fear s\u00e9u konur st\u00e6rsti lesendah\u00f3purinn. Vonandi eru \u00fea\u00f0 bara ford\u00f3mar hj\u00e1 tilteknum sj\u00f3nvarpsstj\u00f3ra a\u00f0 \u00fea\u00f0 \u00fe\u00fd\u00f0i ekkert a\u00f0 bj\u00f3\u00f0a konum upp \u00e1 kj\u00f6t. Ef N\u00fdtt l\u00edf selst vel eftir ritstj\u00f3rnarskiptin ver\u00f0ur s\u00fa stefna vonandi endursko\u00f0u\u00f0. Kannski eru vins\u00e6ldir bleiku vefjanna bara svona miklar vegna \u00feess a\u00f0 \u00fea\u00f0 er f\u00e1tt anna\u00f0 \u00ed bo\u00f0i sem h\u00f6f\u00f0ar beinl\u00ednis til kvenna?<\/p>\n<div id=\"comment-11796\">\n<p>Posted by: Eva |\u00a0<a href=\"http:\/\/www.norn.is\/sapuopera\/2011\/10\/eru_konur_bara_svona_vitlausar.html#comment-11796\">12.10.2011 | 21:52:42<\/a><\/p>\n<\/div>\n","protected":false},"excerpt":{"rendered":"<p>Vi\u00f0 g\u00e6tum n\u00fa alveg hr\u00f3pa\u00f0 h\u00farra ef \u00fea\u00f0 v\u00e6ru bara kynjahlutf\u00f6llin \u00ed fj\u00f6lmi\u00f0lum sem gefa \u00fe\u00e1 mynd a\u00f0 heimurinn sn\u00faist fyrst og fremst um karla.<\/p>\n","protected":false},"author":2,"featured_media":1745,"comment_status":"closed","ping_status":"closed","sticky":false,"template":"","format":"standard","meta":{"footnotes":""},"categories":[1],"tags":[160],"class_list":["post-657","post","type-post","status-publish","format-standard","has-post-thumbnail","hentry","category-kyndillinn","tag-konur-og-fjolmidlar"],"yoast_head":"<!-- This site is optimized with the Yoast SEO plugin v27.5 - https:\/\/yoast.com\/product\/yoast-seo-wordpress\/ -->\n<title>Eru konur bara svona vitlausar? - Kyndillinn<\/title>\n<meta name=\"robots\" content=\"index, follow, max-snippet:-1, max-image-preview:large, max-video-preview:-1\" \/>\n<link rel=\"canonical\" href=\"https:\/\/www.norn.is\/kyndillinn\/eru-konur-bara-svona-vitlausar\/\" \/>\n<meta property=\"og:locale\" content=\"is_IS\" \/>\n<meta property=\"og:type\" content=\"article\" \/>\n<meta property=\"og:title\" content=\"Eru konur bara svona vitlausar? - Kyndillinn\" \/>\n<meta property=\"og:description\" content=\"Vi\u00f0 g\u00e6tum n\u00fa alveg hr\u00f3pa\u00f0 h\u00farra ef \u00fea\u00f0 v\u00e6ru bara kynjahlutf\u00f6llin \u00ed fj\u00f6lmi\u00f0lum sem gefa \u00fe\u00e1 mynd a\u00f0 heimurinn sn\u00faist fyrst og fremst um karla.\" \/>\n<meta property=\"og:url\" content=\"https:\/\/www.norn.is\/kyndillinn\/eru-konur-bara-svona-vitlausar\/\" \/>\n<meta property=\"og:site_name\" content=\"Kyndillinn\" \/>\n<meta property=\"article:published_time\" content=\"2011-10-12T12:09:35+00:00\" \/>\n<meta property=\"article:modified_time\" content=\"2016-06-30T13:00:50+00:00\" \/>\n<meta property=\"og:image\" content=\"https:\/\/www.norn.is\/kyndillinn\/wp-content\/uploads\/sites\/5\/2011\/10\/dQccaLdxST_1415085782008.jpg\" \/>\n\t<meta property=\"og:image:width\" content=\"1024\" \/>\n\t<meta property=\"og:image:height\" content=\"768\" \/>\n\t<meta property=\"og:image:type\" content=\"image\/jpeg\" \/>\n<meta name=\"author\" content=\"Eva Hauksd\u00f3ttir\" \/>\n<meta name=\"twitter:card\" content=\"summary_large_image\" \/>\n<meta name=\"twitter:label1\" content=\"Written by\" \/>\n\t<meta name=\"twitter:data1\" content=\"\" \/>\n\t<meta name=\"twitter:label2\" content=\"Est. reading time\" \/>\n\t<meta name=\"twitter:data2\" content=\"3 minutes\" \/>\n<script type=\"application\/ld+json\" class=\"yoast-schema-graph\">{\"@context\":\"https:\\\/\\\/schema.org\",\"@graph\":[{\"@type\":\"Article\",\"@id\":\"https:\\\/\\\/www.norn.is\\\/kyndillinn\\\/eru-konur-bara-svona-vitlausar\\\/#article\",\"isPartOf\":{\"@id\":\"https:\\\/\\\/www.norn.is\\\/kyndillinn\\\/eru-konur-bara-svona-vitlausar\\\/\"},\"author\":{\"name\":\"Eva Hauksd\u00f3ttir\",\"@id\":\"https:\\\/\\\/www.norn.is\\\/kyndillinn\\\/#\\\/schema\\\/person\\\/2eb0fcae9e1ecc61987f7ed9c878531c\"},\"headline\":\"Eru konur bara svona vitlausar?\",\"datePublished\":\"2011-10-12T12:09:35+00:00\",\"dateModified\":\"2016-06-30T13:00:50+00:00\",\"mainEntityOfPage\":{\"@id\":\"https:\\\/\\\/www.norn.is\\\/kyndillinn\\\/eru-konur-bara-svona-vitlausar\\\/\"},\"wordCount\":673,\"image\":{\"@id\":\"https:\\\/\\\/www.norn.is\\\/kyndillinn\\\/eru-konur-bara-svona-vitlausar\\\/#primaryimage\"},\"thumbnailUrl\":\"https:\\\/\\\/www.norn.is\\\/kyndillinn\\\/wp-content\\\/uploads\\\/sites\\\/5\\\/2011\\\/10\\\/dQccaLdxST_1415085782008.jpg\",\"keywords\":[\"Konur og fj\u00f6lmi\u00f0lar\"],\"articleSection\":[\"Kyndillinn\"],\"inLanguage\":\"is\"},{\"@type\":\"WebPage\",\"@id\":\"https:\\\/\\\/www.norn.is\\\/kyndillinn\\\/eru-konur-bara-svona-vitlausar\\\/\",\"url\":\"https:\\\/\\\/www.norn.is\\\/kyndillinn\\\/eru-konur-bara-svona-vitlausar\\\/\",\"name\":\"Eru konur bara svona vitlausar? - Kyndillinn\",\"isPartOf\":{\"@id\":\"https:\\\/\\\/www.norn.is\\\/kyndillinn\\\/#website\"},\"primaryImageOfPage\":{\"@id\":\"https:\\\/\\\/www.norn.is\\\/kyndillinn\\\/eru-konur-bara-svona-vitlausar\\\/#primaryimage\"},\"image\":{\"@id\":\"https:\\\/\\\/www.norn.is\\\/kyndillinn\\\/eru-konur-bara-svona-vitlausar\\\/#primaryimage\"},\"thumbnailUrl\":\"https:\\\/\\\/www.norn.is\\\/kyndillinn\\\/wp-content\\\/uploads\\\/sites\\\/5\\\/2011\\\/10\\\/dQccaLdxST_1415085782008.jpg\",\"datePublished\":\"2011-10-12T12:09:35+00:00\",\"dateModified\":\"2016-06-30T13:00:50+00:00\",\"author\":{\"@id\":\"https:\\\/\\\/www.norn.is\\\/kyndillinn\\\/#\\\/schema\\\/person\\\/2eb0fcae9e1ecc61987f7ed9c878531c\"},\"breadcrumb\":{\"@id\":\"https:\\\/\\\/www.norn.is\\\/kyndillinn\\\/eru-konur-bara-svona-vitlausar\\\/#breadcrumb\"},\"inLanguage\":\"is\",\"potentialAction\":[{\"@type\":\"ReadAction\",\"target\":[\"https:\\\/\\\/www.norn.is\\\/kyndillinn\\\/eru-konur-bara-svona-vitlausar\\\/\"]}]},{\"@type\":\"ImageObject\",\"inLanguage\":\"is\",\"@id\":\"https:\\\/\\\/www.norn.is\\\/kyndillinn\\\/eru-konur-bara-svona-vitlausar\\\/#primaryimage\",\"url\":\"https:\\\/\\\/www.norn.is\\\/kyndillinn\\\/wp-content\\\/uploads\\\/sites\\\/5\\\/2011\\\/10\\\/dQccaLdxST_1415085782008.jpg\",\"contentUrl\":\"https:\\\/\\\/www.norn.is\\\/kyndillinn\\\/wp-content\\\/uploads\\\/sites\\\/5\\\/2011\\\/10\\\/dQccaLdxST_1415085782008.jpg\",\"width\":1024,\"height\":768},{\"@type\":\"BreadcrumbList\",\"@id\":\"https:\\\/\\\/www.norn.is\\\/kyndillinn\\\/eru-konur-bara-svona-vitlausar\\\/#breadcrumb\",\"itemListElement\":[{\"@type\":\"ListItem\",\"position\":1,\"name\":\"Home\",\"item\":\"https:\\\/\\\/www.norn.is\\\/kyndillinn\\\/\"},{\"@type\":\"ListItem\",\"position\":2,\"name\":\"Eru konur bara svona vitlausar?\"}]},{\"@type\":\"WebSite\",\"@id\":\"https:\\\/\\\/www.norn.is\\\/kyndillinn\\\/#website\",\"url\":\"https:\\\/\\\/www.norn.is\\\/kyndillinn\\\/\",\"name\":\"Kyndillinn\",\"description\":\"Eva um kyn og kl\u00e1m\",\"potentialAction\":[{\"@type\":\"SearchAction\",\"target\":{\"@type\":\"EntryPoint\",\"urlTemplate\":\"https:\\\/\\\/www.norn.is\\\/kyndillinn\\\/?s={search_term_string}\"},\"query-input\":{\"@type\":\"PropertyValueSpecification\",\"valueRequired\":true,\"valueName\":\"search_term_string\"}}],\"inLanguage\":\"is\"},{\"@type\":\"Person\",\"@id\":\"https:\\\/\\\/www.norn.is\\\/kyndillinn\\\/#\\\/schema\\\/person\\\/2eb0fcae9e1ecc61987f7ed9c878531c\",\"name\":\"Eva Hauksd\u00f3ttir\",\"sameAs\":[\"http:\\\/\\\/www.norn.is\"],\"url\":\"https:\\\/\\\/www.norn.is\\\/kyndillinn\\\/author\\\/eva\\\/\"}]}<\/script>\n<!-- \/ Yoast SEO plugin. -->","yoast_head_json":{"title":"Eru konur bara svona vitlausar? - Kyndillinn","robots":{"index":"index","follow":"follow","max-snippet":"max-snippet:-1","max-image-preview":"max-image-preview:large","max-video-preview":"max-video-preview:-1"},"canonical":"https:\/\/www.norn.is\/kyndillinn\/eru-konur-bara-svona-vitlausar\/","og_locale":"is_IS","og_type":"article","og_title":"Eru konur bara svona vitlausar? - Kyndillinn","og_description":"Vi\u00f0 g\u00e6tum n\u00fa alveg hr\u00f3pa\u00f0 h\u00farra ef \u00fea\u00f0 v\u00e6ru bara kynjahlutf\u00f6llin \u00ed fj\u00f6lmi\u00f0lum sem gefa \u00fe\u00e1 mynd a\u00f0 heimurinn sn\u00faist fyrst og fremst um karla.","og_url":"https:\/\/www.norn.is\/kyndillinn\/eru-konur-bara-svona-vitlausar\/","og_site_name":"Kyndillinn","article_published_time":"2011-10-12T12:09:35+00:00","article_modified_time":"2016-06-30T13:00:50+00:00","og_image":[{"width":1024,"height":768,"url":"https:\/\/www.norn.is\/kyndillinn\/wp-content\/uploads\/sites\/5\/2011\/10\/dQccaLdxST_1415085782008.jpg","type":"image\/jpeg"}],"author":"Eva Hauksd\u00f3ttir","twitter_card":"summary_large_image","twitter_misc":{"Written by":false,"Est. reading time":"3 minutes"},"schema":{"@context":"https:\/\/schema.org","@graph":[{"@type":"Article","@id":"https:\/\/www.norn.is\/kyndillinn\/eru-konur-bara-svona-vitlausar\/#article","isPartOf":{"@id":"https:\/\/www.norn.is\/kyndillinn\/eru-konur-bara-svona-vitlausar\/"},"author":{"name":"Eva Hauksd\u00f3ttir","@id":"https:\/\/www.norn.is\/kyndillinn\/#\/schema\/person\/2eb0fcae9e1ecc61987f7ed9c878531c"},"headline":"Eru konur bara svona vitlausar?","datePublished":"2011-10-12T12:09:35+00:00","dateModified":"2016-06-30T13:00:50+00:00","mainEntityOfPage":{"@id":"https:\/\/www.norn.is\/kyndillinn\/eru-konur-bara-svona-vitlausar\/"},"wordCount":673,"image":{"@id":"https:\/\/www.norn.is\/kyndillinn\/eru-konur-bara-svona-vitlausar\/#primaryimage"},"thumbnailUrl":"https:\/\/www.norn.is\/kyndillinn\/wp-content\/uploads\/sites\/5\/2011\/10\/dQccaLdxST_1415085782008.jpg","keywords":["Konur og fj\u00f6lmi\u00f0lar"],"articleSection":["Kyndillinn"],"inLanguage":"is"},{"@type":"WebPage","@id":"https:\/\/www.norn.is\/kyndillinn\/eru-konur-bara-svona-vitlausar\/","url":"https:\/\/www.norn.is\/kyndillinn\/eru-konur-bara-svona-vitlausar\/","name":"Eru konur bara svona vitlausar? - Kyndillinn","isPartOf":{"@id":"https:\/\/www.norn.is\/kyndillinn\/#website"},"primaryImageOfPage":{"@id":"https:\/\/www.norn.is\/kyndillinn\/eru-konur-bara-svona-vitlausar\/#primaryimage"},"image":{"@id":"https:\/\/www.norn.is\/kyndillinn\/eru-konur-bara-svona-vitlausar\/#primaryimage"},"thumbnailUrl":"https:\/\/www.norn.is\/kyndillinn\/wp-content\/uploads\/sites\/5\/2011\/10\/dQccaLdxST_1415085782008.jpg","datePublished":"2011-10-12T12:09:35+00:00","dateModified":"2016-06-30T13:00:50+00:00","author":{"@id":"https:\/\/www.norn.is\/kyndillinn\/#\/schema\/person\/2eb0fcae9e1ecc61987f7ed9c878531c"},"breadcrumb":{"@id":"https:\/\/www.norn.is\/kyndillinn\/eru-konur-bara-svona-vitlausar\/#breadcrumb"},"inLanguage":"is","potentialAction":[{"@type":"ReadAction","target":["https:\/\/www.norn.is\/kyndillinn\/eru-konur-bara-svona-vitlausar\/"]}]},{"@type":"ImageObject","inLanguage":"is","@id":"https:\/\/www.norn.is\/kyndillinn\/eru-konur-bara-svona-vitlausar\/#primaryimage","url":"https:\/\/www.norn.is\/kyndillinn\/wp-content\/uploads\/sites\/5\/2011\/10\/dQccaLdxST_1415085782008.jpg","contentUrl":"https:\/\/www.norn.is\/kyndillinn\/wp-content\/uploads\/sites\/5\/2011\/10\/dQccaLdxST_1415085782008.jpg","width":1024,"height":768},{"@type":"BreadcrumbList","@id":"https:\/\/www.norn.is\/kyndillinn\/eru-konur-bara-svona-vitlausar\/#breadcrumb","itemListElement":[{"@type":"ListItem","position":1,"name":"Home","item":"https:\/\/www.norn.is\/kyndillinn\/"},{"@type":"ListItem","position":2,"name":"Eru konur bara svona vitlausar?"}]},{"@type":"WebSite","@id":"https:\/\/www.norn.is\/kyndillinn\/#website","url":"https:\/\/www.norn.is\/kyndillinn\/","name":"Kyndillinn","description":"Eva um kyn og kl\u00e1m","potentialAction":[{"@type":"SearchAction","target":{"@type":"EntryPoint","urlTemplate":"https:\/\/www.norn.is\/kyndillinn\/?s={search_term_string}"},"query-input":{"@type":"PropertyValueSpecification","valueRequired":true,"valueName":"search_term_string"}}],"inLanguage":"is"},{"@type":"Person","@id":"https:\/\/www.norn.is\/kyndillinn\/#\/schema\/person\/2eb0fcae9e1ecc61987f7ed9c878531c","name":"Eva Hauksd\u00f3ttir","sameAs":["http:\/\/www.norn.is"],"url":"https:\/\/www.norn.is\/kyndillinn\/author\/eva\/"}]}},"_links":{"self":[{"href":"https:\/\/www.norn.is\/kyndillinn\/wp-json\/wp\/v2\/posts\/657","targetHints":{"allow":["GET"]}}],"collection":[{"href":"https:\/\/www.norn.is\/kyndillinn\/wp-json\/wp\/v2\/posts"}],"about":[{"href":"https:\/\/www.norn.is\/kyndillinn\/wp-json\/wp\/v2\/types\/post"}],"author":[{"embeddable":true,"href":"https:\/\/www.norn.is\/kyndillinn\/wp-json\/wp\/v2\/users\/2"}],"replies":[{"embeddable":true,"href":"https:\/\/www.norn.is\/kyndillinn\/wp-json\/wp\/v2\/comments?post=657"}],"version-history":[{"count":3,"href":"https:\/\/www.norn.is\/kyndillinn\/wp-json\/wp\/v2\/posts\/657\/revisions"}],"predecessor-version":[{"id":2361,"href":"https:\/\/www.norn.is\/kyndillinn\/wp-json\/wp\/v2\/posts\/657\/revisions\/2361"}],"wp:featuredmedia":[{"embeddable":true,"href":"https:\/\/www.norn.is\/kyndillinn\/wp-json\/wp\/v2\/media\/1745"}],"wp:attachment":[{"href":"https:\/\/www.norn.is\/kyndillinn\/wp-json\/wp\/v2\/media?parent=657"}],"wp:term":[{"taxonomy":"category","embeddable":true,"href":"https:\/\/www.norn.is\/kyndillinn\/wp-json\/wp\/v2\/categories?post=657"},{"taxonomy":"post_tag","embeddable":true,"href":"https:\/\/www.norn.is\/kyndillinn\/wp-json\/wp\/v2\/tags?post=657"}],"curies":[{"name":"wp","href":"https:\/\/api.w.org\/{rel}","templated":true}]}}