{"id":635,"date":"2011-06-26T11:51:00","date_gmt":"2011-06-26T11:51:00","guid":{"rendered":"http:\/\/www.norn.is\/kyndillinn\/?p=635"},"modified":"2017-09-08T15:09:52","modified_gmt":"2017-09-08T15:09:52","slug":"kynjakvota-i-fangelsin","status":"publish","type":"post","link":"https:\/\/www.norn.is\/kyndillinn\/kynjakvota-i-fangelsin\/","title":{"rendered":"Kynjakv\u00f3ta \u00ed fangelsin?"},"content":{"rendered":"<p><img loading=\"lazy\" decoding=\"async\" class=\"alignleft size-full wp-image-1456\" src=\"http:\/\/www.norn.is\/kyndillinn\/wp-content\/uploads\/sites\/5\/2011\/06\/incarc-rate-by-race-gender-web.png\" alt=\"incarc rate by race &amp; gender - web\" width=\"2392\" height=\"1615\" srcset=\"https:\/\/www.norn.is\/kyndillinn\/wp-content\/uploads\/sites\/5\/2011\/06\/incarc-rate-by-race-gender-web.png 2392w, https:\/\/www.norn.is\/kyndillinn\/wp-content\/uploads\/sites\/5\/2011\/06\/incarc-rate-by-race-gender-web-300x202.png 300w, https:\/\/www.norn.is\/kyndillinn\/wp-content\/uploads\/sites\/5\/2011\/06\/incarc-rate-by-race-gender-web-1024x691.png 1024w\" sizes=\"auto, (max-width: 2392px) 100vw, 2392px\" \/><!--more-->S\u00f6mu laun fyrir s\u00f6mu vinnu. Sanngj\u00f6rn krafa, e\u00f0lileg krafa og \u00fe\u00f3tt \u00feeir s\u00e9u til sem sj\u00e1 ekkert athugavert vi\u00f0 l\u00e6gri me\u00f0allaun kvenna en karla, \u00fe\u00e1 sk\u00fdra hinir s\u00f6mu \u00fea\u00f0 alltaf me\u00f0 \u00f6\u00f0rum \u00fe\u00e1ttum. Konur taki fleiri veikindadaga, minni yfirvinnu, hafni \u00e1byrg\u00f0arverkefnum o.s.frv. Au\u00f0vita\u00f0 eigi a\u00f0 grei\u00f0a konum og k\u00f6rlum s\u00f6mu laun fyrir s\u00f6mu vinnu.<\/p>\n<p>L\u00edti\u00f0 hefur hinsvegar heyst um nau\u00f0syn \u00feess a\u00f0 f\u00f3lk hlj\u00f3ti s\u00f6mu d\u00f3ma fyrir s\u00f6mu gl\u00e6pi. Karlar fylla fangelsin, ekki bara vegna \u00feess a\u00f0 \u00feeir s\u00e9u a\u00f0 e\u00f0lisfari gl\u00e6pahneig\u00f0ari en konur, heldur l\u00edka vegna \u00feess a\u00f0 \u00feeir alast upp vi\u00f0 minni aga og meira umbur\u00f0arlyndi gagnvart andf\u00e9lagslegri heg\u00f0un \u00ed \u00e6sku, flosna frekar upp \u00far sk\u00f3la, b\u00faa vi\u00f0 minni v\u00e6ntingar um a\u00f0 \u00feeir taki \u00e1byrg\u00f0 \u00e1 b\u00f6rnum s\u00ednum, leita s\u00e9r s\u00ed\u00f0ur hj\u00e1lpar vegna andlegra og f\u00e9lagslegra erfi\u00f0leika, eiga a\u00f0 jafna\u00f0i erfi\u00f0ara uppdr\u00e1ttar f\u00e9lagslega, eiga grei\u00f0ari lei\u00f0 inn \u00ed f\u00edkniefnaheiminn, hafa betra a\u00f0gengi a\u00f0 vopnum og f\u00e1 har\u00f0ari d\u00f3ma en konurnar.<\/p>\n<p>En \u00fea\u00f0 er n\u00e1kv\u00e6mlega sama hversu \u00f6murleg sta\u00f0a karlmannsins er, alltaf skulu ni\u00f0urst\u00f6\u00f0ur kannana t\u00falka\u00f0ar \u00feannig a\u00f0 konan s\u00e9 hi\u00f0 raunverulega f\u00f3rnarlamb. \u00c9g hef ekki lesi\u00f0 ritger\u00f0 Helgu V\u00f6lu en ef marka m\u00e1\u00a0<a href=\"http:\/\/eyjan.is\/2011\/06\/25\/konur-njota-forrettinda-umfram-karla-i-ollu-rettarkerfinu\/\">\u00feessa fr\u00e9tt\u00a0<\/a>g\u00e6tir \u00feessarar tilhneigingar til f\u00f3rnarlambsv\u00e6\u00f0ingarinnar einnig hj\u00e1 henni:<\/p>\n<p><em>Helga Vala segir a\u00f0 s\u00fa linkind sem konum er s\u00fdnd \u00ed refsikerfinu byggist \u00e1 miskilinni umhyggju. Vegna \u00feess a\u00f0 \u00fea\u00f0 s\u00e9 teki\u00f0 svo v\u00e6gt \u00e1 brotum \u00feeirra fari konur \u00e1 mis vi\u00f0 \u00fea\u00f0 forvarnar- og betrunargildi sem \u00e1 a\u00f0 felast \u00ed refsingum s\u00e9 beitt vi\u00f0 afbrotum.<\/em><\/p>\n<p>\u00c9g \u00e6tla\u00f0i ekki a\u00f0 tr\u00faa m\u00ednum eigin augum \u00feegar \u00e9g las \u00feetta. Er EITTHVA\u00d0 sem bendir til \u00feess a\u00f0 f\u00f3lk sem lendir \u00ed fangelsi s\u00e9 \u00f6\u00f0rum l\u00edklegra til a\u00f0 sn\u00faa af gl\u00e6pabrautinni? Er EITTHVA\u00d0 sem bendir til \u00feess a\u00f0 fangelsi hafi forvarna- e\u00f0a betrunargildi? L\u00f6gin gera ekki einu sinni r\u00e1\u00f0 fyrir \u00fev\u00ed a\u00f0 tilgangur fangavistar s\u00e9 betrun, \u00feetta heitir refsivist og tilgangurinn er refsing.<\/p>\n<p>Fleiri konur \u00ed stj\u00f3rn Landsvirkjunar, fleiri konur \u00ed fangelsi. Vi\u00f0 getum reikna\u00f0 me\u00f0 \u00feeirri \u00fer\u00f3un og \u00feegar hlutfalli\u00f0 er or\u00f0i\u00f0 50\/50 getum vi\u00f0 st\u00e6rt okkur af \u00e1rangri \u00ed jafnr\u00e9ttism\u00e1lum. Hvort \u00feessh\u00e1ttar r\u00e9ttl\u00e6ti er vegurinn a\u00f0 betri ver\u00f6ld, \u00fea\u00f0 \u00e1 svo eftir a\u00f0 koma \u00ed lj\u00f3s.<\/p>\n","protected":false},"excerpt":{"rendered":"","protected":false},"author":2,"featured_media":1456,"comment_status":"closed","ping_status":"closed","sticky":false,"template":"","format":"standard","meta":{"footnotes":""},"categories":[87,1,6],"tags":[132,303],"class_list":["post-635","post","type-post","status-publish","format-standard","has-post-thumbnail","hentry","category-fornarlambsfeminismi","category-kyndillinn","category-kynjaimyndir-og-mismunun","tag-fornarlambsvaeding","tag-karlar-og-jafnretti"],"yoast_head":"<!-- This site is optimized with the Yoast SEO plugin v27.5 - https:\/\/yoast.com\/product\/yoast-seo-wordpress\/ -->\n<title>Kynjakv\u00f3ta \u00ed fangelsin? - Kyndillinn<\/title>\n<meta name=\"robots\" content=\"index, follow, max-snippet:-1, max-image-preview:large, max-video-preview:-1\" \/>\n<link rel=\"canonical\" href=\"https:\/\/www.norn.is\/kyndillinn\/kynjakvota-i-fangelsin\/\" \/>\n<meta property=\"og:locale\" content=\"is_IS\" \/>\n<meta property=\"og:type\" content=\"article\" \/>\n<meta property=\"og:title\" content=\"Kynjakv\u00f3ta \u00ed fangelsin? - Kyndillinn\" \/>\n<meta property=\"og:url\" content=\"https:\/\/www.norn.is\/kyndillinn\/kynjakvota-i-fangelsin\/\" \/>\n<meta property=\"og:site_name\" content=\"Kyndillinn\" \/>\n<meta property=\"article:published_time\" content=\"2011-06-26T11:51:00+00:00\" \/>\n<meta property=\"article:modified_time\" content=\"2017-09-08T15:09:52+00:00\" \/>\n<meta property=\"og:image\" content=\"https:\/\/www.norn.is\/kyndillinn\/wp-content\/uploads\/sites\/5\/2011\/06\/incarc-rate-by-race-gender-web.png\" \/>\n\t<meta property=\"og:image:width\" content=\"2392\" \/>\n\t<meta property=\"og:image:height\" content=\"1615\" \/>\n\t<meta property=\"og:image:type\" content=\"image\/png\" \/>\n<meta name=\"author\" content=\"Eva Hauksd\u00f3ttir\" \/>\n<meta name=\"twitter:card\" content=\"summary_large_image\" \/>\n<meta name=\"twitter:label1\" content=\"Written by\" \/>\n\t<meta name=\"twitter:data1\" content=\"\" \/>\n\t<meta name=\"twitter:label2\" content=\"Est. reading time\" \/>\n\t<meta name=\"twitter:data2\" content=\"2 minutes\" \/>\n<script type=\"application\/ld+json\" class=\"yoast-schema-graph\">{\"@context\":\"https:\\\/\\\/schema.org\",\"@graph\":[{\"@type\":\"Article\",\"@id\":\"https:\\\/\\\/www.norn.is\\\/kyndillinn\\\/kynjakvota-i-fangelsin\\\/#article\",\"isPartOf\":{\"@id\":\"https:\\\/\\\/www.norn.is\\\/kyndillinn\\\/kynjakvota-i-fangelsin\\\/\"},\"author\":{\"name\":\"Eva Hauksd\u00f3ttir\",\"@id\":\"https:\\\/\\\/www.norn.is\\\/kyndillinn\\\/#\\\/schema\\\/person\\\/2eb0fcae9e1ecc61987f7ed9c878531c\"},\"headline\":\"Kynjakv\u00f3ta \u00ed fangelsin?\",\"datePublished\":\"2011-06-26T11:51:00+00:00\",\"dateModified\":\"2017-09-08T15:09:52+00:00\",\"mainEntityOfPage\":{\"@id\":\"https:\\\/\\\/www.norn.is\\\/kyndillinn\\\/kynjakvota-i-fangelsin\\\/\"},\"wordCount\":423,\"image\":{\"@id\":\"https:\\\/\\\/www.norn.is\\\/kyndillinn\\\/kynjakvota-i-fangelsin\\\/#primaryimage\"},\"thumbnailUrl\":\"https:\\\/\\\/www.norn.is\\\/kyndillinn\\\/wp-content\\\/uploads\\\/sites\\\/5\\\/2011\\\/06\\\/incarc-rate-by-race-gender-web.png\",\"keywords\":[\"F\u00f3rnarlambsv\u00e6\u00f0ing\",\"Karlar og jafnr\u00e9tti\"],\"articleSection\":[\"F\u00f3rnarlambsfem\u00ednismi\",\"Kyndillinn\",\"Kynja\u00edmyndir og mismunun\"],\"inLanguage\":\"is\"},{\"@type\":\"WebPage\",\"@id\":\"https:\\\/\\\/www.norn.is\\\/kyndillinn\\\/kynjakvota-i-fangelsin\\\/\",\"url\":\"https:\\\/\\\/www.norn.is\\\/kyndillinn\\\/kynjakvota-i-fangelsin\\\/\",\"name\":\"Kynjakv\u00f3ta \u00ed fangelsin? - Kyndillinn\",\"isPartOf\":{\"@id\":\"https:\\\/\\\/www.norn.is\\\/kyndillinn\\\/#website\"},\"primaryImageOfPage\":{\"@id\":\"https:\\\/\\\/www.norn.is\\\/kyndillinn\\\/kynjakvota-i-fangelsin\\\/#primaryimage\"},\"image\":{\"@id\":\"https:\\\/\\\/www.norn.is\\\/kyndillinn\\\/kynjakvota-i-fangelsin\\\/#primaryimage\"},\"thumbnailUrl\":\"https:\\\/\\\/www.norn.is\\\/kyndillinn\\\/wp-content\\\/uploads\\\/sites\\\/5\\\/2011\\\/06\\\/incarc-rate-by-race-gender-web.png\",\"datePublished\":\"2011-06-26T11:51:00+00:00\",\"dateModified\":\"2017-09-08T15:09:52+00:00\",\"author\":{\"@id\":\"https:\\\/\\\/www.norn.is\\\/kyndillinn\\\/#\\\/schema\\\/person\\\/2eb0fcae9e1ecc61987f7ed9c878531c\"},\"breadcrumb\":{\"@id\":\"https:\\\/\\\/www.norn.is\\\/kyndillinn\\\/kynjakvota-i-fangelsin\\\/#breadcrumb\"},\"inLanguage\":\"is\",\"potentialAction\":[{\"@type\":\"ReadAction\",\"target\":[\"https:\\\/\\\/www.norn.is\\\/kyndillinn\\\/kynjakvota-i-fangelsin\\\/\"]}]},{\"@type\":\"ImageObject\",\"inLanguage\":\"is\",\"@id\":\"https:\\\/\\\/www.norn.is\\\/kyndillinn\\\/kynjakvota-i-fangelsin\\\/#primaryimage\",\"url\":\"https:\\\/\\\/www.norn.is\\\/kyndillinn\\\/wp-content\\\/uploads\\\/sites\\\/5\\\/2011\\\/06\\\/incarc-rate-by-race-gender-web.png\",\"contentUrl\":\"https:\\\/\\\/www.norn.is\\\/kyndillinn\\\/wp-content\\\/uploads\\\/sites\\\/5\\\/2011\\\/06\\\/incarc-rate-by-race-gender-web.png\",\"width\":2392,\"height\":1615},{\"@type\":\"BreadcrumbList\",\"@id\":\"https:\\\/\\\/www.norn.is\\\/kyndillinn\\\/kynjakvota-i-fangelsin\\\/#breadcrumb\",\"itemListElement\":[{\"@type\":\"ListItem\",\"position\":1,\"name\":\"Home\",\"item\":\"https:\\\/\\\/www.norn.is\\\/kyndillinn\\\/\"},{\"@type\":\"ListItem\",\"position\":2,\"name\":\"Kynjakv\u00f3ta \u00ed fangelsin?\"}]},{\"@type\":\"WebSite\",\"@id\":\"https:\\\/\\\/www.norn.is\\\/kyndillinn\\\/#website\",\"url\":\"https:\\\/\\\/www.norn.is\\\/kyndillinn\\\/\",\"name\":\"Kyndillinn\",\"description\":\"Eva um kyn og kl\u00e1m\",\"potentialAction\":[{\"@type\":\"SearchAction\",\"target\":{\"@type\":\"EntryPoint\",\"urlTemplate\":\"https:\\\/\\\/www.norn.is\\\/kyndillinn\\\/?s={search_term_string}\"},\"query-input\":{\"@type\":\"PropertyValueSpecification\",\"valueRequired\":true,\"valueName\":\"search_term_string\"}}],\"inLanguage\":\"is\"},{\"@type\":\"Person\",\"@id\":\"https:\\\/\\\/www.norn.is\\\/kyndillinn\\\/#\\\/schema\\\/person\\\/2eb0fcae9e1ecc61987f7ed9c878531c\",\"name\":\"Eva Hauksd\u00f3ttir\",\"sameAs\":[\"http:\\\/\\\/www.norn.is\"],\"url\":\"https:\\\/\\\/www.norn.is\\\/kyndillinn\\\/author\\\/eva\\\/\"}]}<\/script>\n<!-- \/ Yoast SEO plugin. -->","yoast_head_json":{"title":"Kynjakv\u00f3ta \u00ed fangelsin? - Kyndillinn","robots":{"index":"index","follow":"follow","max-snippet":"max-snippet:-1","max-image-preview":"max-image-preview:large","max-video-preview":"max-video-preview:-1"},"canonical":"https:\/\/www.norn.is\/kyndillinn\/kynjakvota-i-fangelsin\/","og_locale":"is_IS","og_type":"article","og_title":"Kynjakv\u00f3ta \u00ed fangelsin? - Kyndillinn","og_url":"https:\/\/www.norn.is\/kyndillinn\/kynjakvota-i-fangelsin\/","og_site_name":"Kyndillinn","article_published_time":"2011-06-26T11:51:00+00:00","article_modified_time":"2017-09-08T15:09:52+00:00","og_image":[{"width":2392,"height":1615,"url":"https:\/\/www.norn.is\/kyndillinn\/wp-content\/uploads\/sites\/5\/2011\/06\/incarc-rate-by-race-gender-web.png","type":"image\/png"}],"author":"Eva Hauksd\u00f3ttir","twitter_card":"summary_large_image","twitter_misc":{"Written by":false,"Est. reading time":"2 minutes"},"schema":{"@context":"https:\/\/schema.org","@graph":[{"@type":"Article","@id":"https:\/\/www.norn.is\/kyndillinn\/kynjakvota-i-fangelsin\/#article","isPartOf":{"@id":"https:\/\/www.norn.is\/kyndillinn\/kynjakvota-i-fangelsin\/"},"author":{"name":"Eva Hauksd\u00f3ttir","@id":"https:\/\/www.norn.is\/kyndillinn\/#\/schema\/person\/2eb0fcae9e1ecc61987f7ed9c878531c"},"headline":"Kynjakv\u00f3ta \u00ed fangelsin?","datePublished":"2011-06-26T11:51:00+00:00","dateModified":"2017-09-08T15:09:52+00:00","mainEntityOfPage":{"@id":"https:\/\/www.norn.is\/kyndillinn\/kynjakvota-i-fangelsin\/"},"wordCount":423,"image":{"@id":"https:\/\/www.norn.is\/kyndillinn\/kynjakvota-i-fangelsin\/#primaryimage"},"thumbnailUrl":"https:\/\/www.norn.is\/kyndillinn\/wp-content\/uploads\/sites\/5\/2011\/06\/incarc-rate-by-race-gender-web.png","keywords":["F\u00f3rnarlambsv\u00e6\u00f0ing","Karlar og jafnr\u00e9tti"],"articleSection":["F\u00f3rnarlambsfem\u00ednismi","Kyndillinn","Kynja\u00edmyndir og mismunun"],"inLanguage":"is"},{"@type":"WebPage","@id":"https:\/\/www.norn.is\/kyndillinn\/kynjakvota-i-fangelsin\/","url":"https:\/\/www.norn.is\/kyndillinn\/kynjakvota-i-fangelsin\/","name":"Kynjakv\u00f3ta \u00ed fangelsin? - Kyndillinn","isPartOf":{"@id":"https:\/\/www.norn.is\/kyndillinn\/#website"},"primaryImageOfPage":{"@id":"https:\/\/www.norn.is\/kyndillinn\/kynjakvota-i-fangelsin\/#primaryimage"},"image":{"@id":"https:\/\/www.norn.is\/kyndillinn\/kynjakvota-i-fangelsin\/#primaryimage"},"thumbnailUrl":"https:\/\/www.norn.is\/kyndillinn\/wp-content\/uploads\/sites\/5\/2011\/06\/incarc-rate-by-race-gender-web.png","datePublished":"2011-06-26T11:51:00+00:00","dateModified":"2017-09-08T15:09:52+00:00","author":{"@id":"https:\/\/www.norn.is\/kyndillinn\/#\/schema\/person\/2eb0fcae9e1ecc61987f7ed9c878531c"},"breadcrumb":{"@id":"https:\/\/www.norn.is\/kyndillinn\/kynjakvota-i-fangelsin\/#breadcrumb"},"inLanguage":"is","potentialAction":[{"@type":"ReadAction","target":["https:\/\/www.norn.is\/kyndillinn\/kynjakvota-i-fangelsin\/"]}]},{"@type":"ImageObject","inLanguage":"is","@id":"https:\/\/www.norn.is\/kyndillinn\/kynjakvota-i-fangelsin\/#primaryimage","url":"https:\/\/www.norn.is\/kyndillinn\/wp-content\/uploads\/sites\/5\/2011\/06\/incarc-rate-by-race-gender-web.png","contentUrl":"https:\/\/www.norn.is\/kyndillinn\/wp-content\/uploads\/sites\/5\/2011\/06\/incarc-rate-by-race-gender-web.png","width":2392,"height":1615},{"@type":"BreadcrumbList","@id":"https:\/\/www.norn.is\/kyndillinn\/kynjakvota-i-fangelsin\/#breadcrumb","itemListElement":[{"@type":"ListItem","position":1,"name":"Home","item":"https:\/\/www.norn.is\/kyndillinn\/"},{"@type":"ListItem","position":2,"name":"Kynjakv\u00f3ta \u00ed fangelsin?"}]},{"@type":"WebSite","@id":"https:\/\/www.norn.is\/kyndillinn\/#website","url":"https:\/\/www.norn.is\/kyndillinn\/","name":"Kyndillinn","description":"Eva um kyn og kl\u00e1m","potentialAction":[{"@type":"SearchAction","target":{"@type":"EntryPoint","urlTemplate":"https:\/\/www.norn.is\/kyndillinn\/?s={search_term_string}"},"query-input":{"@type":"PropertyValueSpecification","valueRequired":true,"valueName":"search_term_string"}}],"inLanguage":"is"},{"@type":"Person","@id":"https:\/\/www.norn.is\/kyndillinn\/#\/schema\/person\/2eb0fcae9e1ecc61987f7ed9c878531c","name":"Eva Hauksd\u00f3ttir","sameAs":["http:\/\/www.norn.is"],"url":"https:\/\/www.norn.is\/kyndillinn\/author\/eva\/"}]}},"_links":{"self":[{"href":"https:\/\/www.norn.is\/kyndillinn\/wp-json\/wp\/v2\/posts\/635","targetHints":{"allow":["GET"]}}],"collection":[{"href":"https:\/\/www.norn.is\/kyndillinn\/wp-json\/wp\/v2\/posts"}],"about":[{"href":"https:\/\/www.norn.is\/kyndillinn\/wp-json\/wp\/v2\/types\/post"}],"author":[{"embeddable":true,"href":"https:\/\/www.norn.is\/kyndillinn\/wp-json\/wp\/v2\/users\/2"}],"replies":[{"embeddable":true,"href":"https:\/\/www.norn.is\/kyndillinn\/wp-json\/wp\/v2\/comments?post=635"}],"version-history":[{"count":5,"href":"https:\/\/www.norn.is\/kyndillinn\/wp-json\/wp\/v2\/posts\/635\/revisions"}],"predecessor-version":[{"id":2309,"href":"https:\/\/www.norn.is\/kyndillinn\/wp-json\/wp\/v2\/posts\/635\/revisions\/2309"}],"wp:featuredmedia":[{"embeddable":true,"href":"https:\/\/www.norn.is\/kyndillinn\/wp-json\/wp\/v2\/media\/1456"}],"wp:attachment":[{"href":"https:\/\/www.norn.is\/kyndillinn\/wp-json\/wp\/v2\/media?parent=635"}],"wp:term":[{"taxonomy":"category","embeddable":true,"href":"https:\/\/www.norn.is\/kyndillinn\/wp-json\/wp\/v2\/categories?post=635"},{"taxonomy":"post_tag","embeddable":true,"href":"https:\/\/www.norn.is\/kyndillinn\/wp-json\/wp\/v2\/tags?post=635"}],"curies":[{"name":"wp","href":"https:\/\/api.w.org\/{rel}","templated":true}]}}