{"id":602,"date":"2007-12-06T11:06:18","date_gmt":"2007-12-06T11:06:18","guid":{"rendered":"http:\/\/www.norn.is\/kyndillinn\/?p=602"},"modified":"2017-09-11T11:41:50","modified_gmt":"2017-09-11T11:41:50","slug":"politikin-rak-upp-bofs","status":"publish","type":"post","link":"https:\/\/www.norn.is\/kyndillinn\/politikin-rak-upp-bofs\/","title":{"rendered":"P\u00f3lit\u00edkin rak upp bofs"},"content":{"rendered":"<div>\n<div>\n<p><a href=\"http:\/\/www.norn.is\/kyndillinn\/wp-content\/uploads\/sites\/5\/2007\/12\/bogb.jpeg\"><img loading=\"lazy\" decoding=\"async\" class=\"alignleft size-full wp-image-1616\" src=\"http:\/\/www.norn.is\/kyndillinn\/wp-content\/uploads\/sites\/5\/2007\/12\/bogb.jpeg\" alt=\"bogb\" width=\"239\" height=\"211\" \/><\/a><\/p>\n<p>\u00c9g hef teki\u00f0 eftir \u00fev\u00ed undanfari\u00f0 a\u00f0 nokkrir moggabloggarar sj\u00e1 \u00e1st\u00e6\u00f0u til a\u00f0 hn\u00fdta \u00ed \u00fea\u00f0 fyrirkomulag feministahreyfingarinnar a\u00f0 vera me\u00f0 s\u00e9rstakan karlah\u00f3p, fyrir n\u00e1tt\u00farulega utan st\u00f6\u00f0ugar pers\u00f3nulegar \u00e1r\u00e1sir \u00e1 S\u00f3leyju T\u00f3masd\u00f3ttur og fleiri duglegar konur.<\/p>\n<p>\u00c9g hef aldrei unni\u00f0 me\u00f0 feministahreyfingunni sj\u00e1lf, finnst sumt af \u00fev\u00ed sem \u00fe\u00e6r eru a\u00f0 gera fr\u00e1b\u00e6rt, sumt tilgangslaust og sumum vi\u00f0horfum er \u00e9g algerlega \u00f3samm\u00e1la.<\/p>\n<p><!--more--><\/p>\n<p>M\u00e9r finnst alveg sj\u00e1lfsagt a\u00f0 halda uppi m\u00e1lefnalegri umr\u00e6\u00f0u og gagnr\u00fdna sko\u00f0anir feminista eins og allra annarra og \u00fea\u00f0 hef \u00e9g sannarlega gert sj\u00e1lf. Feministar hafa \u00fe\u00f3 a\u00f0 sj\u00e1lfs\u00f6g\u00f0u fullt leyfi til a\u00f0 hafa sko\u00f0anir sem m\u00e9r \u00feykja asnalegar og \u00e9g s\u00e9 ekki a\u00f0 m\u00e9r e\u00f0a nokkrum \u00f6\u00f0rum sem ekki tilheyrir hreyfingunni, komi \u00fea\u00f0 nokku\u00f0 vi\u00f0 hvernig \u00feetta f\u00f3lk k\u00fds a\u00f0 vinna e\u00f0a hafi r\u00e9tt til a\u00f0 segja \u00fev\u00ed hverju \u00fea\u00f0 \u00e6tti a\u00f0 berjast fyrir. \u00dea\u00f0 er d\u00e6migert fyrir pass\u00edva n\u00f6ldurseggi a\u00f0 reyna st\u00f6\u00f0ugt a\u00f0 segja \u00f6\u00f0rum fyrir verkum en leggja ekkert \u00e1 vogarsk\u00e1larnar sj\u00e1lfir. \u00dei\u00f0 f\u00e1vitar sem leyfi\u00f0 ykkur a\u00f0 \u00fath\u00fa\u00f0a feministum fyrir a\u00f0 berjast gegn kl\u00e1mi og kynbundnum launamun \u00ed sta\u00f0 \u00feess a\u00f0 berjast fyrir t.d. mannr\u00e9ttindum kvenna \u00ed Afr\u00edku (\u00fea\u00f0 m\u00e1 sj\u00e1 hundru\u00f0 sl\u00edkra athugasemda t.d. \u00e1 vefb\u00f3k S\u00f3leyjar T\u00f3masd\u00f3ttur og Katr\u00ednar \u00d6nnu Gu\u00f0mundsd\u00f3ttur); drulli\u00f0 ykkur sj\u00e1lf til Afr\u00edku og geri\u00f0 eitthva\u00f0 \u00ed m\u00e1linu ef \u00fei\u00f0 hafi\u00f0 svona miklar \u00e1hyggjur af \u00e1standinu \u00fear.<\/p>\n<p>Bleikt og bl\u00e1tt \u00e1 f\u00e6\u00f0ingardeildum; m\u00e9r finnst spurningin \u00e1hugaver\u00f0 en s\u00e9 ekki \u00e1st\u00e6\u00f0u til a\u00f0 s\u00f3a t\u00edma \u00feingsins \u00ed umr\u00e6\u00f0ur af \u00feessu tagi. \u00c9g efast reyndar um a\u00f0 litir ungbarnakl\u00e6\u00f0a skipti miklu m\u00e1li. \u00cd fyrsta lagi vegna \u00feess a\u00f0 langflestir sem hafa \u00e1hrif \u00e1 m\u00f3tun barna \u00ed frumbernsku vita hvors kyns barni\u00f0 er og heg\u00f0a s\u00e9r eftir \u00feeirri vitneskju, \u00f3h\u00e1\u00f0 \u00fev\u00ed hvernig barni\u00f0 er kl\u00e6tt. \u00cd \u00f6\u00f0ru lagi \u00fe\u00e1 voru b\u00f6rn af b\u00e1\u00f0um kynjum kl\u00e6dd \u00ed hv\u00edtt \u00e1 f\u00e6\u00f0ingardeildum \u00e1\u00f0ur fyrr og \u00e9g get n\u00fa ekki s\u00e9\u00f0 a\u00f0 kynja\u00edmyndir hafi veri\u00f0 neitt veikari fyrir viki\u00f0.<\/p>\n<p>\u00d3heft fl\u00e6\u00f0i \u00fatlendinga inn \u00ed landi\u00f0 skapar fleiri vandam\u00e1l en \u00fea\u00f0 leysir. \u00dea\u00f0 er einfaldlega sta\u00f0reynd a\u00f0 P\u00f3lverjar hafa vanist \u00f6\u00f0ru vi\u00f0horfi til \u00f6lvunaraksturs en vi\u00f0. \u00dea\u00f0 er sta\u00f0reynd a\u00f0 hugmyndir strangtr\u00faa\u00f0ra araba um hei\u00f0ur \u00e6ttarinnar stangast \u00e1 vi\u00f0 okkar hugmyndir um mannr\u00e9ttindi. \u00dea\u00f0 er sta\u00f0reynd \u00feeir sem hafa b\u00fai\u00f0 vi\u00f0 langvarandi f\u00e1t\u00e6kt og k\u00fagun skilgreina ofbeldi og jafnvel a\u00f0ra gl\u00e6pi \u00e1 annan h\u00e1tt en vi\u00f0. Vi\u00f0 getum fari\u00f0 \u00ferj\u00e1r lei\u00f0ir:<\/p>\n<ol>\n<li>Sett okkur stefnu um \u00fea\u00f0 hvernig vi\u00f0 \u00e6tlum a\u00f0 taka \u00e1 m\u00f3ti f\u00f3lki me\u00f0 \u00f3l\u00edkan menningarbakgrunn, hvernig vi\u00f0 \u00e6tlum a\u00f0 kynna \u00fev\u00ed skyldur \u00feess og r\u00e9ttindi, hva\u00f0a vi\u00f0horfum vi\u00f0 \u00e6tlum a\u00f0 s\u00fdna skilning og umbur\u00f0arlyndi og hverskonar heg\u00f0un ver\u00f0ur ekki li\u00f0in \u00e1 \u00cdslandi.<\/li>\n<li>Reynt a\u00f0 hindra komu \u00fatlendinga til landsins og\/e\u00f0a hrekja \u00fe\u00e1 h\u00e9\u00f0an me\u00f0 \u00fev\u00ed a\u00f0 s\u00fdna \u00feeim sk\u00edtaframkomu.<\/li>\n<li>Afneita\u00f0 vandanum og be\u00f0i\u00f0 eftir \u00fev\u00ed a\u00f0 \u00e1standi\u00f0 lagist af sj\u00e1lfu s\u00e9r.<\/li>\n<\/ol>\n<p>G\u00f3\u00f0ar stundir.<\/p>\n<p>&#8212;&#8212;&#8212;&#8212;&#8212;&#8212;&#8212;&#8212;&#8212;&#8212;-<\/p>\n<p>\u00c1 \u00feeim t\u00edma sem \u00feessi pistill var skrifa\u00f0ur ger\u00f0i \u00e9g m\u00e9r enga grein fyrir \u00fev\u00ed hversu illa \u00cdslendingar komu fram vi\u00f0 fl\u00f3ttamenn. \u00cd dag er \u00e9g \u00e1 \u00fev\u00ed a\u00f0 \u00fea\u00f0 s\u00e9 ekki h\u00e6gt a\u00f0 breg\u00f0ast vi\u00f0 mannr\u00e9ttindabrotum nema me\u00f0 \u00f3heftu fl\u00e6\u00f0i f\u00f3lks \u00e1 milli landa.<\/p>\n<\/div>\n<\/div>\n","protected":false},"excerpt":{"rendered":"<p>\u00c9g hef teki\u00f0 eftir \u00fev\u00ed undanfari\u00f0 a\u00f0 nokkrir moggabloggarar sj\u00e1 \u00e1st\u00e6\u00f0u til a\u00f0 hn\u00fdta \u00ed \u00fea\u00f0 fyrirkomulag feministahreyfingarinnar a\u00f0 vera me\u00f0 s\u00e9rstakan karlah\u00f3p, fyrir n\u00e1tt\u00farulega utan st\u00f6\u00f0ugar pers\u00f3nulegar \u00e1r\u00e1sir \u00e1 S\u00f3leyju T\u00f3masd\u00f3ttur og fleiri duglegar konur. \u00c9g hef aldrei unni\u00f0 &hellip; <a href=\"https:\/\/www.norn.is\/kyndillinn\/politikin-rak-upp-bofs\/\">Halda \u00e1fram a\u00f0 lesa <span class=\"meta-nav\">&rarr;<\/span><\/a><\/p>\n","protected":false},"author":2,"featured_media":1616,"comment_status":"closed","ping_status":"open","sticky":false,"template":"","format":"standard","meta":{"footnotes":""},"categories":[1,6],"tags":[],"class_list":["post-602","post","type-post","status-publish","format-standard","has-post-thumbnail","hentry","category-kyndillinn","category-kynjaimyndir-og-mismunun"],"yoast_head":"<!-- This site is optimized with the Yoast SEO plugin v27.5 - https:\/\/yoast.com\/product\/yoast-seo-wordpress\/ -->\n<title>P\u00f3lit\u00edkin rak upp bofs - Kyndillinn<\/title>\n<meta name=\"robots\" content=\"index, follow, max-snippet:-1, max-image-preview:large, max-video-preview:-1\" \/>\n<link rel=\"canonical\" href=\"https:\/\/www.norn.is\/kyndillinn\/politikin-rak-upp-bofs\/\" \/>\n<meta property=\"og:locale\" content=\"is_IS\" \/>\n<meta property=\"og:type\" content=\"article\" \/>\n<meta property=\"og:title\" content=\"P\u00f3lit\u00edkin rak upp bofs - Kyndillinn\" \/>\n<meta property=\"og:description\" content=\"\u00c9g hef teki\u00f0 eftir \u00fev\u00ed undanfari\u00f0 a\u00f0 nokkrir moggabloggarar sj\u00e1 \u00e1st\u00e6\u00f0u til a\u00f0 hn\u00fdta \u00ed \u00fea\u00f0 fyrirkomulag feministahreyfingarinnar a\u00f0 vera me\u00f0 s\u00e9rstakan karlah\u00f3p, fyrir n\u00e1tt\u00farulega utan st\u00f6\u00f0ugar pers\u00f3nulegar \u00e1r\u00e1sir \u00e1 S\u00f3leyju T\u00f3masd\u00f3ttur og fleiri duglegar konur. \u00c9g hef aldrei unni\u00f0 &hellip; Halda \u00e1fram a\u00f0 lesa &rarr;\" \/>\n<meta property=\"og:url\" content=\"https:\/\/www.norn.is\/kyndillinn\/politikin-rak-upp-bofs\/\" \/>\n<meta property=\"og:site_name\" content=\"Kyndillinn\" \/>\n<meta property=\"article:published_time\" content=\"2007-12-06T11:06:18+00:00\" \/>\n<meta property=\"article:modified_time\" content=\"2017-09-11T11:41:50+00:00\" \/>\n<meta property=\"og:image\" content=\"https:\/\/www.norn.is\/kyndillinn\/wp-content\/uploads\/sites\/5\/2007\/12\/bogb.jpeg\" \/>\n\t<meta property=\"og:image:width\" content=\"239\" \/>\n\t<meta property=\"og:image:height\" content=\"211\" \/>\n\t<meta property=\"og:image:type\" content=\"image\/jpeg\" \/>\n<meta name=\"author\" content=\"Eva Hauksd\u00f3ttir\" \/>\n<meta name=\"twitter:card\" content=\"summary_large_image\" \/>\n<meta name=\"twitter:label1\" content=\"Written by\" \/>\n\t<meta name=\"twitter:data1\" content=\"\" \/>\n\t<meta name=\"twitter:label2\" content=\"Est. reading time\" \/>\n\t<meta name=\"twitter:data2\" content=\"3 minutes\" \/>\n<script type=\"application\/ld+json\" class=\"yoast-schema-graph\">{\"@context\":\"https:\\\/\\\/schema.org\",\"@graph\":[{\"@type\":\"Article\",\"@id\":\"https:\\\/\\\/www.norn.is\\\/kyndillinn\\\/politikin-rak-upp-bofs\\\/#article\",\"isPartOf\":{\"@id\":\"https:\\\/\\\/www.norn.is\\\/kyndillinn\\\/politikin-rak-upp-bofs\\\/\"},\"author\":{\"name\":\"Eva Hauksd\u00f3ttir\",\"@id\":\"https:\\\/\\\/www.norn.is\\\/kyndillinn\\\/#\\\/schema\\\/person\\\/2eb0fcae9e1ecc61987f7ed9c878531c\"},\"headline\":\"P\u00f3lit\u00edkin rak upp bofs\",\"datePublished\":\"2007-12-06T11:06:18+00:00\",\"dateModified\":\"2017-09-11T11:41:50+00:00\",\"mainEntityOfPage\":{\"@id\":\"https:\\\/\\\/www.norn.is\\\/kyndillinn\\\/politikin-rak-upp-bofs\\\/\"},\"wordCount\":611,\"image\":{\"@id\":\"https:\\\/\\\/www.norn.is\\\/kyndillinn\\\/politikin-rak-upp-bofs\\\/#primaryimage\"},\"thumbnailUrl\":\"https:\\\/\\\/www.norn.is\\\/kyndillinn\\\/wp-content\\\/uploads\\\/sites\\\/5\\\/2007\\\/12\\\/bogb.jpeg\",\"articleSection\":[\"Kyndillinn\",\"Kynja\u00edmyndir og mismunun\"],\"inLanguage\":\"is\"},{\"@type\":\"WebPage\",\"@id\":\"https:\\\/\\\/www.norn.is\\\/kyndillinn\\\/politikin-rak-upp-bofs\\\/\",\"url\":\"https:\\\/\\\/www.norn.is\\\/kyndillinn\\\/politikin-rak-upp-bofs\\\/\",\"name\":\"P\u00f3lit\u00edkin rak upp bofs - Kyndillinn\",\"isPartOf\":{\"@id\":\"https:\\\/\\\/www.norn.is\\\/kyndillinn\\\/#website\"},\"primaryImageOfPage\":{\"@id\":\"https:\\\/\\\/www.norn.is\\\/kyndillinn\\\/politikin-rak-upp-bofs\\\/#primaryimage\"},\"image\":{\"@id\":\"https:\\\/\\\/www.norn.is\\\/kyndillinn\\\/politikin-rak-upp-bofs\\\/#primaryimage\"},\"thumbnailUrl\":\"https:\\\/\\\/www.norn.is\\\/kyndillinn\\\/wp-content\\\/uploads\\\/sites\\\/5\\\/2007\\\/12\\\/bogb.jpeg\",\"datePublished\":\"2007-12-06T11:06:18+00:00\",\"dateModified\":\"2017-09-11T11:41:50+00:00\",\"author\":{\"@id\":\"https:\\\/\\\/www.norn.is\\\/kyndillinn\\\/#\\\/schema\\\/person\\\/2eb0fcae9e1ecc61987f7ed9c878531c\"},\"breadcrumb\":{\"@id\":\"https:\\\/\\\/www.norn.is\\\/kyndillinn\\\/politikin-rak-upp-bofs\\\/#breadcrumb\"},\"inLanguage\":\"is\",\"potentialAction\":[{\"@type\":\"ReadAction\",\"target\":[\"https:\\\/\\\/www.norn.is\\\/kyndillinn\\\/politikin-rak-upp-bofs\\\/\"]}]},{\"@type\":\"ImageObject\",\"inLanguage\":\"is\",\"@id\":\"https:\\\/\\\/www.norn.is\\\/kyndillinn\\\/politikin-rak-upp-bofs\\\/#primaryimage\",\"url\":\"https:\\\/\\\/www.norn.is\\\/kyndillinn\\\/wp-content\\\/uploads\\\/sites\\\/5\\\/2007\\\/12\\\/bogb.jpeg\",\"contentUrl\":\"https:\\\/\\\/www.norn.is\\\/kyndillinn\\\/wp-content\\\/uploads\\\/sites\\\/5\\\/2007\\\/12\\\/bogb.jpeg\",\"width\":239,\"height\":211},{\"@type\":\"BreadcrumbList\",\"@id\":\"https:\\\/\\\/www.norn.is\\\/kyndillinn\\\/politikin-rak-upp-bofs\\\/#breadcrumb\",\"itemListElement\":[{\"@type\":\"ListItem\",\"position\":1,\"name\":\"Home\",\"item\":\"https:\\\/\\\/www.norn.is\\\/kyndillinn\\\/\"},{\"@type\":\"ListItem\",\"position\":2,\"name\":\"P\u00f3lit\u00edkin rak upp bofs\"}]},{\"@type\":\"WebSite\",\"@id\":\"https:\\\/\\\/www.norn.is\\\/kyndillinn\\\/#website\",\"url\":\"https:\\\/\\\/www.norn.is\\\/kyndillinn\\\/\",\"name\":\"Kyndillinn\",\"description\":\"Eva um kyn og kl\u00e1m\",\"potentialAction\":[{\"@type\":\"SearchAction\",\"target\":{\"@type\":\"EntryPoint\",\"urlTemplate\":\"https:\\\/\\\/www.norn.is\\\/kyndillinn\\\/?s={search_term_string}\"},\"query-input\":{\"@type\":\"PropertyValueSpecification\",\"valueRequired\":true,\"valueName\":\"search_term_string\"}}],\"inLanguage\":\"is\"},{\"@type\":\"Person\",\"@id\":\"https:\\\/\\\/www.norn.is\\\/kyndillinn\\\/#\\\/schema\\\/person\\\/2eb0fcae9e1ecc61987f7ed9c878531c\",\"name\":\"Eva Hauksd\u00f3ttir\",\"sameAs\":[\"http:\\\/\\\/www.norn.is\"],\"url\":\"https:\\\/\\\/www.norn.is\\\/kyndillinn\\\/author\\\/eva\\\/\"}]}<\/script>\n<!-- \/ Yoast SEO plugin. -->","yoast_head_json":{"title":"P\u00f3lit\u00edkin rak upp bofs - Kyndillinn","robots":{"index":"index","follow":"follow","max-snippet":"max-snippet:-1","max-image-preview":"max-image-preview:large","max-video-preview":"max-video-preview:-1"},"canonical":"https:\/\/www.norn.is\/kyndillinn\/politikin-rak-upp-bofs\/","og_locale":"is_IS","og_type":"article","og_title":"P\u00f3lit\u00edkin rak upp bofs - Kyndillinn","og_description":"\u00c9g hef teki\u00f0 eftir \u00fev\u00ed undanfari\u00f0 a\u00f0 nokkrir moggabloggarar sj\u00e1 \u00e1st\u00e6\u00f0u til a\u00f0 hn\u00fdta \u00ed \u00fea\u00f0 fyrirkomulag feministahreyfingarinnar a\u00f0 vera me\u00f0 s\u00e9rstakan karlah\u00f3p, fyrir n\u00e1tt\u00farulega utan st\u00f6\u00f0ugar pers\u00f3nulegar \u00e1r\u00e1sir \u00e1 S\u00f3leyju T\u00f3masd\u00f3ttur og fleiri duglegar konur. \u00c9g hef aldrei unni\u00f0 &hellip; Halda \u00e1fram a\u00f0 lesa &rarr;","og_url":"https:\/\/www.norn.is\/kyndillinn\/politikin-rak-upp-bofs\/","og_site_name":"Kyndillinn","article_published_time":"2007-12-06T11:06:18+00:00","article_modified_time":"2017-09-11T11:41:50+00:00","og_image":[{"width":239,"height":211,"url":"https:\/\/www.norn.is\/kyndillinn\/wp-content\/uploads\/sites\/5\/2007\/12\/bogb.jpeg","type":"image\/jpeg"}],"author":"Eva Hauksd\u00f3ttir","twitter_card":"summary_large_image","twitter_misc":{"Written by":false,"Est. reading time":"3 minutes"},"schema":{"@context":"https:\/\/schema.org","@graph":[{"@type":"Article","@id":"https:\/\/www.norn.is\/kyndillinn\/politikin-rak-upp-bofs\/#article","isPartOf":{"@id":"https:\/\/www.norn.is\/kyndillinn\/politikin-rak-upp-bofs\/"},"author":{"name":"Eva Hauksd\u00f3ttir","@id":"https:\/\/www.norn.is\/kyndillinn\/#\/schema\/person\/2eb0fcae9e1ecc61987f7ed9c878531c"},"headline":"P\u00f3lit\u00edkin rak upp bofs","datePublished":"2007-12-06T11:06:18+00:00","dateModified":"2017-09-11T11:41:50+00:00","mainEntityOfPage":{"@id":"https:\/\/www.norn.is\/kyndillinn\/politikin-rak-upp-bofs\/"},"wordCount":611,"image":{"@id":"https:\/\/www.norn.is\/kyndillinn\/politikin-rak-upp-bofs\/#primaryimage"},"thumbnailUrl":"https:\/\/www.norn.is\/kyndillinn\/wp-content\/uploads\/sites\/5\/2007\/12\/bogb.jpeg","articleSection":["Kyndillinn","Kynja\u00edmyndir og mismunun"],"inLanguage":"is"},{"@type":"WebPage","@id":"https:\/\/www.norn.is\/kyndillinn\/politikin-rak-upp-bofs\/","url":"https:\/\/www.norn.is\/kyndillinn\/politikin-rak-upp-bofs\/","name":"P\u00f3lit\u00edkin rak upp bofs - Kyndillinn","isPartOf":{"@id":"https:\/\/www.norn.is\/kyndillinn\/#website"},"primaryImageOfPage":{"@id":"https:\/\/www.norn.is\/kyndillinn\/politikin-rak-upp-bofs\/#primaryimage"},"image":{"@id":"https:\/\/www.norn.is\/kyndillinn\/politikin-rak-upp-bofs\/#primaryimage"},"thumbnailUrl":"https:\/\/www.norn.is\/kyndillinn\/wp-content\/uploads\/sites\/5\/2007\/12\/bogb.jpeg","datePublished":"2007-12-06T11:06:18+00:00","dateModified":"2017-09-11T11:41:50+00:00","author":{"@id":"https:\/\/www.norn.is\/kyndillinn\/#\/schema\/person\/2eb0fcae9e1ecc61987f7ed9c878531c"},"breadcrumb":{"@id":"https:\/\/www.norn.is\/kyndillinn\/politikin-rak-upp-bofs\/#breadcrumb"},"inLanguage":"is","potentialAction":[{"@type":"ReadAction","target":["https:\/\/www.norn.is\/kyndillinn\/politikin-rak-upp-bofs\/"]}]},{"@type":"ImageObject","inLanguage":"is","@id":"https:\/\/www.norn.is\/kyndillinn\/politikin-rak-upp-bofs\/#primaryimage","url":"https:\/\/www.norn.is\/kyndillinn\/wp-content\/uploads\/sites\/5\/2007\/12\/bogb.jpeg","contentUrl":"https:\/\/www.norn.is\/kyndillinn\/wp-content\/uploads\/sites\/5\/2007\/12\/bogb.jpeg","width":239,"height":211},{"@type":"BreadcrumbList","@id":"https:\/\/www.norn.is\/kyndillinn\/politikin-rak-upp-bofs\/#breadcrumb","itemListElement":[{"@type":"ListItem","position":1,"name":"Home","item":"https:\/\/www.norn.is\/kyndillinn\/"},{"@type":"ListItem","position":2,"name":"P\u00f3lit\u00edkin rak upp bofs"}]},{"@type":"WebSite","@id":"https:\/\/www.norn.is\/kyndillinn\/#website","url":"https:\/\/www.norn.is\/kyndillinn\/","name":"Kyndillinn","description":"Eva um kyn og kl\u00e1m","potentialAction":[{"@type":"SearchAction","target":{"@type":"EntryPoint","urlTemplate":"https:\/\/www.norn.is\/kyndillinn\/?s={search_term_string}"},"query-input":{"@type":"PropertyValueSpecification","valueRequired":true,"valueName":"search_term_string"}}],"inLanguage":"is"},{"@type":"Person","@id":"https:\/\/www.norn.is\/kyndillinn\/#\/schema\/person\/2eb0fcae9e1ecc61987f7ed9c878531c","name":"Eva Hauksd\u00f3ttir","sameAs":["http:\/\/www.norn.is"],"url":"https:\/\/www.norn.is\/kyndillinn\/author\/eva\/"}]}},"_links":{"self":[{"href":"https:\/\/www.norn.is\/kyndillinn\/wp-json\/wp\/v2\/posts\/602","targetHints":{"allow":["GET"]}}],"collection":[{"href":"https:\/\/www.norn.is\/kyndillinn\/wp-json\/wp\/v2\/posts"}],"about":[{"href":"https:\/\/www.norn.is\/kyndillinn\/wp-json\/wp\/v2\/types\/post"}],"author":[{"embeddable":true,"href":"https:\/\/www.norn.is\/kyndillinn\/wp-json\/wp\/v2\/users\/2"}],"replies":[{"embeddable":true,"href":"https:\/\/www.norn.is\/kyndillinn\/wp-json\/wp\/v2\/comments?post=602"}],"version-history":[{"count":5,"href":"https:\/\/www.norn.is\/kyndillinn\/wp-json\/wp\/v2\/posts\/602\/revisions"}],"predecessor-version":[{"id":2234,"href":"https:\/\/www.norn.is\/kyndillinn\/wp-json\/wp\/v2\/posts\/602\/revisions\/2234"}],"wp:featuredmedia":[{"embeddable":true,"href":"https:\/\/www.norn.is\/kyndillinn\/wp-json\/wp\/v2\/media\/1616"}],"wp:attachment":[{"href":"https:\/\/www.norn.is\/kyndillinn\/wp-json\/wp\/v2\/media?parent=602"}],"wp:term":[{"taxonomy":"category","embeddable":true,"href":"https:\/\/www.norn.is\/kyndillinn\/wp-json\/wp\/v2\/categories?post=602"},{"taxonomy":"post_tag","embeddable":true,"href":"https:\/\/www.norn.is\/kyndillinn\/wp-json\/wp\/v2\/tags?post=602"}],"curies":[{"name":"wp","href":"https:\/\/api.w.org\/{rel}","templated":true}]}}