{"id":576,"date":"2013-01-10T23:55:11","date_gmt":"2013-01-10T23:55:11","guid":{"rendered":"http:\/\/www.norn.is\/kyndillinn\/?p=576"},"modified":"2017-09-11T11:16:36","modified_gmt":"2017-09-11T11:16:36","slug":"kvenhatur-og-haegri-ofgar-i-kardimommubae","status":"publish","type":"post","link":"https:\/\/www.norn.is\/kyndillinn\/kvenhatur-og-haegri-ofgar-i-kardimommubae\/","title":{"rendered":"Kvenhatur og h\u00e6gri \u00f6fgar \u00ed Kardimommub\u00e6"},"content":{"rendered":"<p><a href=\"http:\/\/www.norn.is\/kyndillinn\/wp-content\/uploads\/sites\/5\/2013\/01\/images.jpeg\"><img loading=\"lazy\" decoding=\"async\" class=\"alignleft size-full wp-image-1375\" src=\"http:\/\/www.norn.is\/kyndillinn\/wp-content\/uploads\/sites\/5\/2013\/01\/images.jpeg\" alt=\"kardimommub\u00e6r\" width=\"255\" height=\"197\" srcset=\"https:\/\/www.norn.is\/kyndillinn\/wp-content\/uploads\/sites\/5\/2013\/01\/images.jpeg 255w, https:\/\/www.norn.is\/kyndillinn\/wp-content\/uploads\/sites\/5\/2013\/01\/images-70x53.jpeg 70w\" sizes=\"auto, (max-width: 255px) 100vw, 255px\" \/><\/a><\/p>\n<p><a href=\"http:\/\/www.ruv.is\/frett\/kardimommubaerinn-haettulegur-bornum\" target=\"_blank\">Kardimommub\u00e6rinn er h\u00e6ttulegt leikverk<\/a>. Fullt af kvenhatri og h\u00e6gri \u00f6fgum. Svo h\u00e6ttulegt a\u00f0 s\u00e6nski leikstj\u00f3rinn Sofia Jupither vill l\u00e1ta taka verk Egners \u00far umfer\u00f0 fyrir fullt og allt, \u00fea\u00f0 dugar ekkert minna til a\u00f0 hindra komandi kynsl\u00f3\u00f0ir \u00ed kvennak\u00fagun og fasisma.<!--more--><\/p>\n<h4><strong>\u201eAnnars geta menn bara lifa\u00f0 og leiki\u00f0 s\u00e9r\u201c<\/strong><\/h4>\n<p>H\u00e6gri \u00f6fgar?\u00a0Yfirvaldi\u00f0 \u00cd Kardimommub\u00e6, b\u00e6jarf\u00f3getinn Bast\u00edan, telur skyldu s\u00edna a\u00f0 vera lj\u00fafur \u00ed vi\u00f0m\u00f3ti og halda uppi g\u00f3\u00f0um b\u00e6jarm\u00f3ral. Hann heilsar \u00f6llum me\u00f0 s\u00f6mu virktum og finnst skemmtilegra a\u00f0 skipuleggja b\u00e6jarh\u00e1t\u00ed\u00f0ir en a\u00f0 eltast vi\u00f0 b\u00f3fa. \u00a0Menn skulu vera g\u00f3\u00f0ir og hei\u00f0arlegir en a\u00f0 \u00f6\u00f0ru leyti mega \u00feeir gera \u00fea\u00f0 sem \u00feeim bara s\u00fdnist. Frekar anark\u00edskt vi\u00f0horf hj\u00e1 yfirvaldinu ver\u00f0 \u00e9g a\u00f0 segja.<\/p>\n<p>\u00dea\u00f0 er rangt hj\u00e1 Sofiu a\u00f0 verki\u00f0 bo\u00f0i a\u00f0\u00a0<a href=\"http:\/\/www.aftenposten.no\/kultur\/Svensk-regissor---Egner-er-direkte-skadelig-for-barn-7086217.html?fb_action_ids=10151233364325966&amp;fb_action_types=og.recommends&amp;fb_ref=.UOzEESAbK3w.like&amp;fb_source=other_multiline&amp;action_object_map=%7B%2210151233364325966%22%3A538636072827559%7D&amp;action_type_map=%7B%2210151233364325966%22%3A%22og.recommends%22%7D&amp;action_ref_map=%7B%2210151233364325966%22%3A%22.UOzEESAbK3w.like%22%7D\" target=\"_blank\">mannr\u00e1n \u201egagnvart konum\u201c<\/a>\u00a0s\u00e9u \u00e1s\u00e6ttanleg. Hi\u00f0 r\u00e9tta er a\u00f0 Bast\u00edan b\u00e6jarf\u00f3geti fer a\u00f0 r\u00e6ningjah\u00fasinu til \u00feess a\u00f0 frelsa Soff\u00edu fr\u00e6nku \u00far kl\u00f3m r\u00e6ningjanna \u00fe\u00f3tt \u00f3tti hans vi\u00f0 lj\u00f3ni\u00f0 hafi fram a\u00f0 \u00fev\u00ed haldi\u00f0 honum \u00ed fjarl\u00e6g\u00f0. Soff\u00eda k\u00e6rir sig hinsvegar ekkert um a\u00f0 l\u00e1ta bjarga s\u00e9r, ekki af \u00fev\u00ed a\u00f0 h\u00fan s\u00e9 haldin \u201eStokkh\u00f3lmsheilkenni\u201c, heldur hefur h\u00fan fundi\u00f0 valdaf\u00edkn sinni farveg.<\/p>\n<h4><strong>\u201e- \u00fea\u00f0 kve\u00f0ur l\u00edtt a\u00f0 k\u00f6rlum h\u00e9r \u00ed Kardimommuborg\u201c<\/strong><\/h4>\n<p>Soff\u00eda er andst\u00e6\u00f0a b\u00e6jarf\u00f3getans. H\u00fan er stj\u00f3rnlynd og hv\u00f6ss, \u00f3h\u00f3flega str\u00f6ng vi\u00f0 Kamillu litlu og gagnr\u00fdnin \u00e1 karlveldi\u00f0 \u00ed Kardimommub\u00e6. Einkum er henni uppsiga\u00f0 vi\u00f0 b\u00e6jarf\u00f3getann sem stendur sig ekki \u00ed \u00fev\u00ed a\u00f0 handsama misindismenn. \u00c6tla m\u00e1 a\u00f0 b\u00e6jarbragurinn \u00ed Kardimommub\u00e6 v\u00e6ri annar ef Soff\u00eda v\u00e6ri b\u00e6jarf\u00f3geti. Kannski kvenhatur Egners felist \u00ed \u00fev\u00ed a\u00f0 setja hana ekki \u00ed valdast\u00f6\u00f0u? E\u00f0a felst hatri\u00f0 \u00ed \u00fev\u00ed a\u00f0 eigna konu stj\u00f3rnsemi?<\/p>\n<p>Soff\u00eda er ekki bara stj\u00f3rnlynd \u00ed neikv\u00e6\u00f0ri merkingu, heldur kvensk\u00f6rungur. H\u00fan gerir r\u00e6ningjunum r\u00e6kilega grein fyrir \u00fev\u00ed a\u00f0 \u00fe\u00f3tt h\u00fan kunni a\u00f0 \u00fer\u00edfa og elda hafi h\u00fan ekki \u00ed hyggju a\u00f0 gera \u00fea\u00f0 \u00e1 annarra forsendum en s\u00ednum eigin og \u00fea\u00f0 er ekki h\u00fan sem tekur skipunum fr\u00e1 \u00feeim heldur \u00f6fugt. \u00dea\u00f0 upp\u00e1t\u00e6ki r\u00e6ningjanna a\u00f0 ver\u00f0a s\u00e9r \u00fati um h\u00fashj\u00e1lp me\u00f0 \u00feessari a\u00f0fer\u00f0 kemur \u00feeim illilega \u00ed koll. \u00c9g s\u00e9 ekki kvenhatur \u00ed \u00fev\u00ed a\u00f0 skapa kvenhetju sem l\u00e6tur ekki va\u00f0a yfir sig og \u00e9g velti \u00fev\u00ed fyrir m\u00e9r hvernig senan \u00ed r\u00e6ningjah\u00fasinu hef\u00f0i or\u00f0i\u00f0 samkv\u00e6mt feminiskum r\u00e9tttr\u00fana\u00f0i. En \u00fea\u00f0 eru \u00f3\u00fearfa vangaveltur \u00fev\u00ed feminiskur r\u00e9tttr\u00fana\u00f0ur hef\u00f0i hvorki leyft mannr\u00e1n n\u00e9 \u00feessa pers\u00f3nusk\u00f6pun.<\/p>\n<p>R\u00e6ningjarnir losa sig vi\u00f0 Soff\u00edu og \u00feegar \u00feeir l\u00e1ta greipar s\u00f3pa \u00ed b\u00fa\u00f0um b\u00e6jarins taka almennir borgarar l\u00f6gin \u00ed s\u00ednar hendur og handsama \u00fe\u00e1. Ekki til a\u00f0 \u00fe\u00f3knast yfirvaldinu heldur til a\u00f0 \u00fevinga yfirvaldi\u00f0 til a\u00f0ger\u00f0a. Varla telja \u00f6fgasinna\u00f0ir h\u00e6gri menn sl\u00edkt frumhlaup \u00e6skilegt en\u00a0Bast\u00edan \u00feakkar \u00feeim fyrir hj\u00e1lpina.\u00a0Hann leggur sig fram um a\u00f0 l\u00e1ta sakborninga nj\u00f3ta vafans en \u00feegar sannanirnar blasa vi\u00f0 og \u00fea\u00f0 kemur \u00ed lj\u00f3s a\u00f0 k\u00f6kurnar og brau\u00f0in eru bara alls ekkert \u00ed s\u00f6mu hillunni, n\u00e6r hann fram j\u00e1tningu \u00e1n nokkurs har\u00f0r\u00e6\u00f0is.<\/p>\n<h4><strong>\u201e- og annast l\u00f6ngum upp\u00fevottinn\u201c<\/strong><\/h4>\n<p>\u00cd Kardimommub\u00e6 er fangelsun betrunarvist. R\u00e6ningjarnir nj\u00f3ta m\u00f3\u00f0urlegrar umhyggju fr\u00fa Bast\u00edan sem l\u00fdsir samstarfi \u00feeirra hj\u00f3na vi\u00f0 upp\u00fevottinn \u00feannig:<\/p>\n<blockquote><p>og alltid n\u00e5r jeg vasker opp, s\u00e5 t\u00f8rker han for meg<\/p><\/blockquote>\n<p>Um 1950 gengu karlar sjaldan \u00ed h\u00fasverk en kvenhatri\u00f0 felst kannski \u00ed \u00fev\u00ed skapa kvenpers\u00f3nu sem elskar manninn sinn og \u00a0kann a\u00f0 meta karl sem tekur \u00fe\u00e1tt \u00ed heimilisst\u00f6rfum?<\/p>\n<p>Bast\u00edanhj\u00f3nin eru ekki sta\u00f0la\u00f0ar kynjaandst\u00e6\u00f0ur \u00fev\u00ed Bast\u00edan er \u00e1l\u00edka mildur og eiginkonan. Hann f\u00e6r hinn s\u00f6ngelska rakara b\u00e6jarins \u00ed li\u00f0 me\u00f0 s\u00e9r til \u00feess a\u00f0 endurskapa \u00fatlit r\u00e6ningjanna. Sj\u00e1lfsmynd \u00feeirra breytist og \u00fe\u00e1 fer a\u00f0 langa til a\u00f0 tilheyra samf\u00e9laginu. L\u00edklega s\u00e9r Sofia Jupither \u00fea\u00f0 sem bo\u00f0skap um a\u00f0 ma\u00f0ur \u00feurfi a\u00f0 vera eins og allir a\u00f0rir til a\u00f0 vera sam\u00feykktur. Almennt einkennir l\u00edfsgle\u00f0i og fri\u00f0semd \u00edb\u00faa Kardimommub\u00e6jar og \u00fearna er vissulega veri\u00f0 a\u00f0 afm\u00e1 s\u00e9rkenni \u00feeirra sem hafa lifa\u00f0 \u00e1 ja\u00f0ri samf\u00e9lagsins. \u00dea\u00f0 m\u00e1 au\u00f0vita\u00f0 gagnr\u00fdna (\u00e1n \u00feess a\u00f0 vir\u00f0a \u00fea\u00f0 h\u00f6fundi til vorkunnar a\u00f0 vera barn s\u00edns t\u00edma) en Sofia l\u00edtur fram hj\u00e1 \u00fev\u00ed a\u00f0 normalisering er oft \u00fe\u00e1ttur \u00ed me\u00f0fer\u00f0 \u00feeirra andf\u00e9lagslegu og er \u00e6tlu\u00f0 til \u00feess a\u00f0 au\u00f0velda \u00feeim a\u00f0 a\u00f0lagast samf\u00e9lagi sem \u00fath\u00fdsir gl\u00e6pam\u00f6nnum og r\u00f3num. \u00dea\u00f0 eru ekki h\u00e6gri \u00f6fgar.<\/p>\n<h4><strong>\u201eH\u00farra fyrir r\u00e6ningjunum!\u201c<\/strong><\/h4>\n<p>\u00deegar kviknar \u00ed turni T\u00f3b\u00edasar kemur \u201es\u00e9rfr\u00e6\u00f0i\u00feekking\u201c r\u00e6ningjanna a\u00f0 g\u00f3\u00f0um notum. \u00deeir ganga vasklega fram og bjarga turninum fr\u00e1 bruna. \u00deannig er sl\u00e6m fort\u00ed\u00f0 n\u00fdtt til g\u00f3\u00f0ra verka; \u00fe\u00f3tt l\u00edf r\u00e6ningjanna hafi veri\u00f0 neikv\u00e6tt er reynsla \u00feeirra ekki \u00f3n\u00fdt.<\/p>\n<p>R\u00e6ningjunum eru gefnar upp sakir en \u00ed sta\u00f0 \u00feess a\u00f0 senda \u00fe\u00e1 aftur til sama l\u00edfs, \u00fatvegar b\u00e6jarf\u00f3getinn \u00feeim \u00e1hugaver\u00f0 st\u00f6rf. E.t.v. m\u00e1 gagnr\u00fdna Bast\u00edan fyrir a\u00f0 augl\u00fdsa ekki emb\u00e6tti en \u00e1 m\u00f3ti kemur a\u00f0 \u00feeir sem veljast til stj\u00f3rnunarstarfa eru ekki \u00e6ttmenni yfirvaldsins heldur \u00feeir sem eru \u00e1 atvinnuleysisskr\u00e1 og h\u00e6fir til starfans. Kasper ver\u00f0ur sl\u00f6kkvili\u00f0sstj\u00f3ri, Jesper sirkusstj\u00f3ri og J\u00f3natan bakari. \u00deeir ver\u00f0a \u00feannig fulltr\u00faar meginsto\u00f0a samf\u00e9lags; \u00f6ryggism\u00e1la, menningar og vi\u00f0urv\u00e6ris. Ekki \u00ed \u00feeim tilgangi a\u00f0 sefa l\u00fd\u00f0inn me\u00f0 brau\u00f0i og leikum (enda eru b\u00e6jarb\u00faar upp til h\u00f3pa s\u00e9rdeilis \u00e1n\u00e6g\u00f0ir me\u00f0 a\u00f0 hafa anarkista \u00ed st\u00f6\u00f0u b\u00e6jarf\u00f3geta) heldur vegna \u00feess a\u00f0 \u00fea\u00f0 er til b\u00f3ta fyrir samf\u00e9lagi\u00f0 a\u00f0 f\u00e1 sl\u00f6kkvili\u00f0 og sirkus og bakarinn er a\u00f0 leita s\u00e9r a\u00f0 a\u00f0sto\u00f0armanni. Eru \u00feetta h\u00e6gri \u00f6fgar?<\/p>\n<p>\u00cd lokasenunni tr\u00falofast Kasper og Soff\u00eda fr\u00e6nku. L\u00edklega er \u00fea\u00f0 samf\u00e9lagss\u00e1ttm\u00e1li fremur en girndarr\u00e1\u00f0 en varla dettur s\u00e6nska gagnr\u00fdnandanum \u00ed hug a\u00f0 l\u00edta \u00e1 \u00fea\u00f0 sem h\u00e6gri \u00f6fgar e\u00f0a kvenhatur? Hvort jafnr\u00e6\u00f0i muni r\u00edkja \u00ed \u00fev\u00ed sambandi er svo vafam\u00e1l en hitt er ekki vafi hvort \u00feeirra er l\u00edklegra til a\u00f0 r\u00edkja yfir hinu.<\/p>\n<h4><strong>Er \u00fe\u00e1 karlhatur \u00ed Kardimommub\u00e6?<\/strong><\/h4>\n<p>Kvenpers\u00f3nurnar \u00ferj\u00e1r \u00ed Kardimommub\u00e6 eru vissulega sta\u00f0almyndir. Kvensk\u00f6rungurinn Soff\u00eda fr\u00e6nka, h\u00fasfreyjan fr\u00fa Bast\u00edan, og Kamilla litla sem er h\u00e6fileikar\u00edk en undiroku\u00f0 \u2013 ekki af fe\u00f0raveldinu heldur konu. Felst kvenhatri\u00f0 \u00ed \u00feessum \u00edmyndum? E\u00f0a felst \u00fea\u00f0 \u00ed sta\u00f0almyndum sem sl\u00edkum? Ef svo er \u00fe\u00e1 er Kardimommub\u00e6r allt eins karlhatursverk. Vitringurinn T\u00f3b\u00edas, s\u00e1 eini sem Soff\u00eda ber vir\u00f0ingu fyrir og eini karlinn sem er ekki d\u00e1l\u00edti\u00f0 kj\u00e1nalegur, v\u00e6ri e.t.v. efni \u00ed fe\u00f0raveldisfulltr\u00faa en hann er n\u00fa ekki \u00ed neinu valdabr\u00f6lti heldur a\u00f0allega a\u00f0 g\u00e1 til ve\u00f0urs. Hinn bl\u00ed\u00f0i Bast\u00edan stendur ekki undir nafni sem yfirvald og \u00f3g\u00e6fumennirnir l\u00e1ta algerlega a\u00f0 stj\u00f3rn Soff\u00edu fr\u00e6nku og br\u00e1\u00f0na eins og sm\u00e9r \u00ed h\u00f6ndum fr\u00fa Bast\u00edan. A\u00f0rar karlverur er aukapers\u00f3nur, hvorki hetjur n\u00e9 sk\u00farkar.<\/p>\n<h4><strong>Hvort er \u00f6fgafyllra Egner e\u00f0a Jupither?<\/strong><\/h4>\n<p>\u00dea\u00f0 er ekki bara s\u00e6nski leikstj\u00f3rinn sem hefur \u00e1hyggjur af kvenhatri Egners. \u00c9g held reyndar a\u00f0 \u00fea\u00f0 s\u00e9 l\u00edtil alvara \u00ed\u00a0<a href=\"http:\/\/smugan.is\/2012\/10\/lengi-lengi-lifi-hann-dyrin-i-halsaskogi-standast-ekki-skodun-feminista\/\" target=\"_blank\">\u00feessum \u00e1hyggjum<\/a>\u00a0en \u00e9g velti \u00fev\u00ed fyrir m\u00e9r hvert stefnir. \u00dearf a\u00f0 taka upp kynjakv\u00f3ta \u00ed barnaefni? Og\u00a0<a href=\"http:\/\/www.pistillinn.is\/?p=3520\" target=\"_blank\">v\u00e6ri gagn af kr\u00f6fu um m\u00f3del<\/a>\u00a0e\u00f0a er \u00feetta kannski frekar spurning um sm\u00e1 skynsemi?<\/p>\n<p>\u00c9g \u00e1 b\u00f3k eftir James Finngarner:\u00a0<em><a href=\"http:\/\/www.amazon.co.uk\/dp\/028563223X\/?tag=hydra0b-21&amp;hvadid=9550932549&amp;ref=asc_df_028563223X\" target=\"_blank\">Politically Correct Bedtime Stories<\/a>.\u00a0<\/em>H\u00e9r er sm\u00e1\u00a0<a href=\"http:\/\/jamesfinngarner.com\/pdf\/PCBS_excerpt.pdf\" target=\"_blank\">s\u00fdnishorn<\/a>. M\u00e9r finnst \u00feetta br\u00e1\u00f0skemmtileg b\u00f3k en hall\u00f3, \u00feetta er par\u00f3d\u00eda. En kannski \u00fearf barnaefni a\u00f0 vera \u00ed \u00feessum d\u00far til a\u00f0 teljast ekki st\u00f3rh\u00e6ttulegt? E\u00f0a er pc f\u00f3lki\u00f0 kannski bara a\u00f0 gr\u00ednast?<\/p>\n","protected":false},"excerpt":{"rendered":"<p>Kardimommub\u00e6rinn er h\u00e6ttulegt leikverk. Fullt af kvenhatri og h\u00e6gri \u00f6fgum. Svo h\u00e6ttulegt a\u00f0 s\u00e6nski leikstj\u00f3rinn Sofia Jupither vill l\u00e1ta taka verk Egners \u00far umfer\u00f0 fyrir fullt og allt, \u00fea\u00f0 dugar ekkert minna til a\u00f0 hindra komandi kynsl\u00f3\u00f0ir \u00ed kvennak\u00fagun og &hellip; <a href=\"https:\/\/www.norn.is\/kyndillinn\/kvenhatur-og-haegri-ofgar-i-kardimommubae\/\">Halda \u00e1fram a\u00f0 lesa <span class=\"meta-nav\">&rarr;<\/span><\/a><\/p>\n","protected":false},"author":2,"featured_media":1375,"comment_status":"closed","ping_status":"open","sticky":false,"template":"","format":"standard","meta":{"footnotes":""},"categories":[19,1],"tags":[320,305],"class_list":["post-576","post","type-post","status-publish","format-standard","has-post-thumbnail","hentry","category-feminasnar","category-kyndillinn","tag-born","tag-menning"],"yoast_head":"<!-- This site is optimized with the Yoast SEO plugin v27.4 - https:\/\/yoast.com\/product\/yoast-seo-wordpress\/ -->\n<title>Kvenhatur og h\u00e6gri \u00f6fgar \u00ed Kardimommub\u00e6 - Kyndillinn<\/title>\n<meta name=\"robots\" content=\"index, follow, max-snippet:-1, max-image-preview:large, max-video-preview:-1\" \/>\n<link rel=\"canonical\" href=\"https:\/\/www.norn.is\/kyndillinn\/kvenhatur-og-haegri-ofgar-i-kardimommubae\/\" \/>\n<meta property=\"og:locale\" content=\"is_IS\" \/>\n<meta property=\"og:type\" content=\"article\" \/>\n<meta property=\"og:title\" content=\"Kvenhatur og h\u00e6gri \u00f6fgar \u00ed Kardimommub\u00e6 - Kyndillinn\" \/>\n<meta property=\"og:description\" content=\"Kardimommub\u00e6rinn er h\u00e6ttulegt leikverk. Fullt af kvenhatri og h\u00e6gri \u00f6fgum. Svo h\u00e6ttulegt a\u00f0 s\u00e6nski leikstj\u00f3rinn Sofia Jupither vill l\u00e1ta taka verk Egners \u00far umfer\u00f0 fyrir fullt og allt, \u00fea\u00f0 dugar ekkert minna til a\u00f0 hindra komandi kynsl\u00f3\u00f0ir \u00ed kvennak\u00fagun og &hellip; Halda \u00e1fram a\u00f0 lesa &rarr;\" \/>\n<meta property=\"og:url\" content=\"https:\/\/www.norn.is\/kyndillinn\/kvenhatur-og-haegri-ofgar-i-kardimommubae\/\" \/>\n<meta property=\"og:site_name\" content=\"Kyndillinn\" \/>\n<meta property=\"article:published_time\" content=\"2013-01-10T23:55:11+00:00\" \/>\n<meta property=\"article:modified_time\" content=\"2017-09-11T11:16:36+00:00\" \/>\n<meta property=\"og:image\" content=\"https:\/\/www.norn.is\/kyndillinn\/wp-content\/uploads\/sites\/5\/2013\/01\/images.jpeg\" \/>\n\t<meta property=\"og:image:width\" content=\"255\" \/>\n\t<meta property=\"og:image:height\" content=\"197\" \/>\n\t<meta property=\"og:image:type\" content=\"image\/jpeg\" \/>\n<meta name=\"author\" content=\"Eva Hauksd\u00f3ttir\" \/>\n<meta name=\"twitter:card\" content=\"summary_large_image\" \/>\n<meta name=\"twitter:label1\" content=\"Written by\" \/>\n\t<meta name=\"twitter:data1\" content=\"\" \/>\n\t<meta name=\"twitter:label2\" content=\"Est. reading time\" \/>\n\t<meta name=\"twitter:data2\" content=\"7 minutes\" \/>\n<script type=\"application\/ld+json\" class=\"yoast-schema-graph\">{\"@context\":\"https:\\\/\\\/schema.org\",\"@graph\":[{\"@type\":\"Article\",\"@id\":\"https:\\\/\\\/www.norn.is\\\/kyndillinn\\\/kvenhatur-og-haegri-ofgar-i-kardimommubae\\\/#article\",\"isPartOf\":{\"@id\":\"https:\\\/\\\/www.norn.is\\\/kyndillinn\\\/kvenhatur-og-haegri-ofgar-i-kardimommubae\\\/\"},\"author\":{\"name\":\"Eva Hauksd\u00f3ttir\",\"@id\":\"https:\\\/\\\/www.norn.is\\\/kyndillinn\\\/#\\\/schema\\\/person\\\/2eb0fcae9e1ecc61987f7ed9c878531c\"},\"headline\":\"Kvenhatur og h\u00e6gri \u00f6fgar \u00ed Kardimommub\u00e6\",\"datePublished\":\"2013-01-10T23:55:11+00:00\",\"dateModified\":\"2017-09-11T11:16:36+00:00\",\"mainEntityOfPage\":{\"@id\":\"https:\\\/\\\/www.norn.is\\\/kyndillinn\\\/kvenhatur-og-haegri-ofgar-i-kardimommubae\\\/\"},\"wordCount\":1408,\"image\":{\"@id\":\"https:\\\/\\\/www.norn.is\\\/kyndillinn\\\/kvenhatur-og-haegri-ofgar-i-kardimommubae\\\/#primaryimage\"},\"thumbnailUrl\":\"https:\\\/\\\/www.norn.is\\\/kyndillinn\\\/wp-content\\\/uploads\\\/sites\\\/5\\\/2013\\\/01\\\/images.jpeg\",\"keywords\":[\"B\u00f6rn\",\"Menning\"],\"articleSection\":[\"Fem\u00ednasnar\",\"Kyndillinn\"],\"inLanguage\":\"is\"},{\"@type\":\"WebPage\",\"@id\":\"https:\\\/\\\/www.norn.is\\\/kyndillinn\\\/kvenhatur-og-haegri-ofgar-i-kardimommubae\\\/\",\"url\":\"https:\\\/\\\/www.norn.is\\\/kyndillinn\\\/kvenhatur-og-haegri-ofgar-i-kardimommubae\\\/\",\"name\":\"Kvenhatur og h\u00e6gri \u00f6fgar \u00ed Kardimommub\u00e6 - Kyndillinn\",\"isPartOf\":{\"@id\":\"https:\\\/\\\/www.norn.is\\\/kyndillinn\\\/#website\"},\"primaryImageOfPage\":{\"@id\":\"https:\\\/\\\/www.norn.is\\\/kyndillinn\\\/kvenhatur-og-haegri-ofgar-i-kardimommubae\\\/#primaryimage\"},\"image\":{\"@id\":\"https:\\\/\\\/www.norn.is\\\/kyndillinn\\\/kvenhatur-og-haegri-ofgar-i-kardimommubae\\\/#primaryimage\"},\"thumbnailUrl\":\"https:\\\/\\\/www.norn.is\\\/kyndillinn\\\/wp-content\\\/uploads\\\/sites\\\/5\\\/2013\\\/01\\\/images.jpeg\",\"datePublished\":\"2013-01-10T23:55:11+00:00\",\"dateModified\":\"2017-09-11T11:16:36+00:00\",\"author\":{\"@id\":\"https:\\\/\\\/www.norn.is\\\/kyndillinn\\\/#\\\/schema\\\/person\\\/2eb0fcae9e1ecc61987f7ed9c878531c\"},\"breadcrumb\":{\"@id\":\"https:\\\/\\\/www.norn.is\\\/kyndillinn\\\/kvenhatur-og-haegri-ofgar-i-kardimommubae\\\/#breadcrumb\"},\"inLanguage\":\"is\",\"potentialAction\":[{\"@type\":\"ReadAction\",\"target\":[\"https:\\\/\\\/www.norn.is\\\/kyndillinn\\\/kvenhatur-og-haegri-ofgar-i-kardimommubae\\\/\"]}]},{\"@type\":\"ImageObject\",\"inLanguage\":\"is\",\"@id\":\"https:\\\/\\\/www.norn.is\\\/kyndillinn\\\/kvenhatur-og-haegri-ofgar-i-kardimommubae\\\/#primaryimage\",\"url\":\"https:\\\/\\\/www.norn.is\\\/kyndillinn\\\/wp-content\\\/uploads\\\/sites\\\/5\\\/2013\\\/01\\\/images.jpeg\",\"contentUrl\":\"https:\\\/\\\/www.norn.is\\\/kyndillinn\\\/wp-content\\\/uploads\\\/sites\\\/5\\\/2013\\\/01\\\/images.jpeg\",\"width\":255,\"height\":197},{\"@type\":\"BreadcrumbList\",\"@id\":\"https:\\\/\\\/www.norn.is\\\/kyndillinn\\\/kvenhatur-og-haegri-ofgar-i-kardimommubae\\\/#breadcrumb\",\"itemListElement\":[{\"@type\":\"ListItem\",\"position\":1,\"name\":\"Home\",\"item\":\"https:\\\/\\\/www.norn.is\\\/kyndillinn\\\/\"},{\"@type\":\"ListItem\",\"position\":2,\"name\":\"Kvenhatur og h\u00e6gri \u00f6fgar \u00ed Kardimommub\u00e6\"}]},{\"@type\":\"WebSite\",\"@id\":\"https:\\\/\\\/www.norn.is\\\/kyndillinn\\\/#website\",\"url\":\"https:\\\/\\\/www.norn.is\\\/kyndillinn\\\/\",\"name\":\"Kyndillinn\",\"description\":\"Eva um kyn og kl\u00e1m\",\"potentialAction\":[{\"@type\":\"SearchAction\",\"target\":{\"@type\":\"EntryPoint\",\"urlTemplate\":\"https:\\\/\\\/www.norn.is\\\/kyndillinn\\\/?s={search_term_string}\"},\"query-input\":{\"@type\":\"PropertyValueSpecification\",\"valueRequired\":true,\"valueName\":\"search_term_string\"}}],\"inLanguage\":\"is\"},{\"@type\":\"Person\",\"@id\":\"https:\\\/\\\/www.norn.is\\\/kyndillinn\\\/#\\\/schema\\\/person\\\/2eb0fcae9e1ecc61987f7ed9c878531c\",\"name\":\"Eva Hauksd\u00f3ttir\",\"sameAs\":[\"http:\\\/\\\/www.norn.is\"],\"url\":\"https:\\\/\\\/www.norn.is\\\/kyndillinn\\\/author\\\/eva\\\/\"}]}<\/script>\n<!-- \/ Yoast SEO plugin. -->","yoast_head_json":{"title":"Kvenhatur og h\u00e6gri \u00f6fgar \u00ed Kardimommub\u00e6 - Kyndillinn","robots":{"index":"index","follow":"follow","max-snippet":"max-snippet:-1","max-image-preview":"max-image-preview:large","max-video-preview":"max-video-preview:-1"},"canonical":"https:\/\/www.norn.is\/kyndillinn\/kvenhatur-og-haegri-ofgar-i-kardimommubae\/","og_locale":"is_IS","og_type":"article","og_title":"Kvenhatur og h\u00e6gri \u00f6fgar \u00ed Kardimommub\u00e6 - Kyndillinn","og_description":"Kardimommub\u00e6rinn er h\u00e6ttulegt leikverk. Fullt af kvenhatri og h\u00e6gri \u00f6fgum. Svo h\u00e6ttulegt a\u00f0 s\u00e6nski leikstj\u00f3rinn Sofia Jupither vill l\u00e1ta taka verk Egners \u00far umfer\u00f0 fyrir fullt og allt, \u00fea\u00f0 dugar ekkert minna til a\u00f0 hindra komandi kynsl\u00f3\u00f0ir \u00ed kvennak\u00fagun og &hellip; Halda \u00e1fram a\u00f0 lesa &rarr;","og_url":"https:\/\/www.norn.is\/kyndillinn\/kvenhatur-og-haegri-ofgar-i-kardimommubae\/","og_site_name":"Kyndillinn","article_published_time":"2013-01-10T23:55:11+00:00","article_modified_time":"2017-09-11T11:16:36+00:00","og_image":[{"width":255,"height":197,"url":"https:\/\/www.norn.is\/kyndillinn\/wp-content\/uploads\/sites\/5\/2013\/01\/images.jpeg","type":"image\/jpeg"}],"author":"Eva Hauksd\u00f3ttir","twitter_card":"summary_large_image","twitter_misc":{"Written by":false,"Est. reading time":"7 minutes"},"schema":{"@context":"https:\/\/schema.org","@graph":[{"@type":"Article","@id":"https:\/\/www.norn.is\/kyndillinn\/kvenhatur-og-haegri-ofgar-i-kardimommubae\/#article","isPartOf":{"@id":"https:\/\/www.norn.is\/kyndillinn\/kvenhatur-og-haegri-ofgar-i-kardimommubae\/"},"author":{"name":"Eva Hauksd\u00f3ttir","@id":"https:\/\/www.norn.is\/kyndillinn\/#\/schema\/person\/2eb0fcae9e1ecc61987f7ed9c878531c"},"headline":"Kvenhatur og h\u00e6gri \u00f6fgar \u00ed Kardimommub\u00e6","datePublished":"2013-01-10T23:55:11+00:00","dateModified":"2017-09-11T11:16:36+00:00","mainEntityOfPage":{"@id":"https:\/\/www.norn.is\/kyndillinn\/kvenhatur-og-haegri-ofgar-i-kardimommubae\/"},"wordCount":1408,"image":{"@id":"https:\/\/www.norn.is\/kyndillinn\/kvenhatur-og-haegri-ofgar-i-kardimommubae\/#primaryimage"},"thumbnailUrl":"https:\/\/www.norn.is\/kyndillinn\/wp-content\/uploads\/sites\/5\/2013\/01\/images.jpeg","keywords":["B\u00f6rn","Menning"],"articleSection":["Fem\u00ednasnar","Kyndillinn"],"inLanguage":"is"},{"@type":"WebPage","@id":"https:\/\/www.norn.is\/kyndillinn\/kvenhatur-og-haegri-ofgar-i-kardimommubae\/","url":"https:\/\/www.norn.is\/kyndillinn\/kvenhatur-og-haegri-ofgar-i-kardimommubae\/","name":"Kvenhatur og h\u00e6gri \u00f6fgar \u00ed Kardimommub\u00e6 - Kyndillinn","isPartOf":{"@id":"https:\/\/www.norn.is\/kyndillinn\/#website"},"primaryImageOfPage":{"@id":"https:\/\/www.norn.is\/kyndillinn\/kvenhatur-og-haegri-ofgar-i-kardimommubae\/#primaryimage"},"image":{"@id":"https:\/\/www.norn.is\/kyndillinn\/kvenhatur-og-haegri-ofgar-i-kardimommubae\/#primaryimage"},"thumbnailUrl":"https:\/\/www.norn.is\/kyndillinn\/wp-content\/uploads\/sites\/5\/2013\/01\/images.jpeg","datePublished":"2013-01-10T23:55:11+00:00","dateModified":"2017-09-11T11:16:36+00:00","author":{"@id":"https:\/\/www.norn.is\/kyndillinn\/#\/schema\/person\/2eb0fcae9e1ecc61987f7ed9c878531c"},"breadcrumb":{"@id":"https:\/\/www.norn.is\/kyndillinn\/kvenhatur-og-haegri-ofgar-i-kardimommubae\/#breadcrumb"},"inLanguage":"is","potentialAction":[{"@type":"ReadAction","target":["https:\/\/www.norn.is\/kyndillinn\/kvenhatur-og-haegri-ofgar-i-kardimommubae\/"]}]},{"@type":"ImageObject","inLanguage":"is","@id":"https:\/\/www.norn.is\/kyndillinn\/kvenhatur-og-haegri-ofgar-i-kardimommubae\/#primaryimage","url":"https:\/\/www.norn.is\/kyndillinn\/wp-content\/uploads\/sites\/5\/2013\/01\/images.jpeg","contentUrl":"https:\/\/www.norn.is\/kyndillinn\/wp-content\/uploads\/sites\/5\/2013\/01\/images.jpeg","width":255,"height":197},{"@type":"BreadcrumbList","@id":"https:\/\/www.norn.is\/kyndillinn\/kvenhatur-og-haegri-ofgar-i-kardimommubae\/#breadcrumb","itemListElement":[{"@type":"ListItem","position":1,"name":"Home","item":"https:\/\/www.norn.is\/kyndillinn\/"},{"@type":"ListItem","position":2,"name":"Kvenhatur og h\u00e6gri \u00f6fgar \u00ed Kardimommub\u00e6"}]},{"@type":"WebSite","@id":"https:\/\/www.norn.is\/kyndillinn\/#website","url":"https:\/\/www.norn.is\/kyndillinn\/","name":"Kyndillinn","description":"Eva um kyn og kl\u00e1m","potentialAction":[{"@type":"SearchAction","target":{"@type":"EntryPoint","urlTemplate":"https:\/\/www.norn.is\/kyndillinn\/?s={search_term_string}"},"query-input":{"@type":"PropertyValueSpecification","valueRequired":true,"valueName":"search_term_string"}}],"inLanguage":"is"},{"@type":"Person","@id":"https:\/\/www.norn.is\/kyndillinn\/#\/schema\/person\/2eb0fcae9e1ecc61987f7ed9c878531c","name":"Eva Hauksd\u00f3ttir","sameAs":["http:\/\/www.norn.is"],"url":"https:\/\/www.norn.is\/kyndillinn\/author\/eva\/"}]}},"_links":{"self":[{"href":"https:\/\/www.norn.is\/kyndillinn\/wp-json\/wp\/v2\/posts\/576","targetHints":{"allow":["GET"]}}],"collection":[{"href":"https:\/\/www.norn.is\/kyndillinn\/wp-json\/wp\/v2\/posts"}],"about":[{"href":"https:\/\/www.norn.is\/kyndillinn\/wp-json\/wp\/v2\/types\/post"}],"author":[{"embeddable":true,"href":"https:\/\/www.norn.is\/kyndillinn\/wp-json\/wp\/v2\/users\/2"}],"replies":[{"embeddable":true,"href":"https:\/\/www.norn.is\/kyndillinn\/wp-json\/wp\/v2\/comments?post=576"}],"version-history":[{"count":3,"href":"https:\/\/www.norn.is\/kyndillinn\/wp-json\/wp\/v2\/posts\/576\/revisions"}],"predecessor-version":[{"id":2134,"href":"https:\/\/www.norn.is\/kyndillinn\/wp-json\/wp\/v2\/posts\/576\/revisions\/2134"}],"wp:featuredmedia":[{"embeddable":true,"href":"https:\/\/www.norn.is\/kyndillinn\/wp-json\/wp\/v2\/media\/1375"}],"wp:attachment":[{"href":"https:\/\/www.norn.is\/kyndillinn\/wp-json\/wp\/v2\/media?parent=576"}],"wp:term":[{"taxonomy":"category","embeddable":true,"href":"https:\/\/www.norn.is\/kyndillinn\/wp-json\/wp\/v2\/categories?post=576"},{"taxonomy":"post_tag","embeddable":true,"href":"https:\/\/www.norn.is\/kyndillinn\/wp-json\/wp\/v2\/tags?post=576"}],"curies":[{"name":"wp","href":"https:\/\/api.w.org\/{rel}","templated":true}]}}