{"id":55,"date":"2004-06-05T11:17:03","date_gmt":"2004-06-05T11:17:03","guid":{"rendered":"http:\/\/www.norn.is\/kyndillinn\/?p=55"},"modified":"2017-09-11T11:43:46","modified_gmt":"2017-09-11T11:43:46","slug":"logum-beint-gegn-sjalfstaedi-kvenna","status":"publish","type":"post","link":"https:\/\/www.norn.is\/kyndillinn\/logum-beint-gegn-sjalfstaedi-kvenna\/","title":{"rendered":"L\u00f6gum beint gegn sj\u00e1lfst\u00e6\u00f0i kvenna"},"content":{"rendered":"<p><a href=\"http:\/\/www.norn.is\/kyndillinn\/wp-content\/uploads\/sites\/5\/2003\/06\/index.jpeg\"><img loading=\"lazy\" decoding=\"async\" class=\"alignleft size-full wp-image-276\" src=\"http:\/\/www.norn.is\/kyndillinn\/wp-content\/uploads\/sites\/5\/2003\/06\/index.jpeg\" alt=\"sta\u00f0ganga9\" width=\"274\" height=\"184\" \/><\/a><\/p>\n<p>&nbsp;<\/p>\n<p>\u00c9g fann alvarlega brotal\u00f6m \u00ed n\u00fdju <a href=\"http:\/\/www.althingi.is\/lagas\/141b\/2003076.html\">barnal\u00f6gunum<\/a>. Fe\u00f0runarreglurnar ganga \u00fevert gegn hagsmunum kvenna. \u00c9g skil ekkert \u00ed \u00fev\u00ed a\u00f0 fem\u00ednistar hafi ekki tj\u00e1\u00f0 sig neitt um \u00feetta enn\u00fe\u00e1.<\/p>\n<p><!--more--><\/p>\n<p>Reyndar held \u00e9g a\u00f0 tilgangur laganna hafi veri\u00f0 s\u00e1 a\u00f0 auka r\u00e9tt barna og fe\u00f0ra en ekki endilega a\u00f0 sker\u00f0a r\u00e9tt konunnar og a\u00f0 menn hafi hreinlega ekki \u00e1tta\u00f0 sig \u00e1 villunni. Gallinn er hinsvegar s\u00e1 a\u00f0 l\u00f6gin auka ekki a\u00f0eins r\u00e9tt barna og karla, heldur sker\u00f0a \u00feau sj\u00e1lfst\u00e6\u00f0i kvenna og gera \u00fe\u00e6r h\u00e1\u00f0ari k\u00f6rlum en \u00fe\u00e6r voru \u00e1\u00f0ur. \u00cd raun gefa \u00feessi n\u00fdju l\u00f6g k\u00f6rlum vald sem konur h\u00f6f\u00f0u einar \u00e1\u00f0ur.<\/p>\n<p>Me\u00f0 l\u00f6gunum fr\u00e1 2003 er konum gert skylt a\u00f0 fe\u00f0ra b\u00f6rn s\u00edn en \u00e1\u00f0ur var \u00feeim \u00ed sj\u00e1lfsvald sett hvort \u00fe\u00e6r ger\u00f0u \u00fea\u00f0 e\u00f0ur ei. Konur g\u00e1tu \u00feannig n\u00fdtt karlmenn til undaneldis \u00e1n \u00feess a\u00f0 grei\u00f0a fyrir s\u00e6\u00f0i\u00f0 og fa\u00f0irinn \u00e1tti ekkert tilkall til barnsins e\u00f0a barni\u00f0 til hans nema m\u00f3\u00f0urinni \u00fe\u00f3kna\u00f0ist a\u00f0 fe\u00f0ra \u00fea\u00f0.<\/p>\n<p>Me\u00f0 n\u00fdju l\u00f6gunum er r\u00e9ttur barnsins til a\u00f0 eiga f\u00f6\u00f0ur trygg\u00f0ur en l\u00f6gin gera \u00fe\u00f3 ekki r\u00e1\u00f0 fyrir a\u00f0 s\u00e1 fa\u00f0ir \u00feurfi endilega a\u00f0 vera barninu bl\u00f3\u00f0skyldur. R\u00e9ttur fa\u00f0ir getur a\u00f0 v\u00edsu gert tilkall til barnsins ef \u00fea\u00f0 er \u00f3fe\u00f0ra\u00f0 en hann \u00e1 engan r\u00e9tt til barnsins ef einhver \u00f3skyldur ma\u00f0ur er skr\u00e1\u00f0ur fa\u00f0ir \u00feess. Ef m\u00f3\u00f0irin er \u00ed skr\u00e1\u00f0ri samb\u00fa\u00f0 vi\u00f0 annan mann \u00feegar barni\u00f0 f\u00e6\u00f0ist, telst samb\u00fdlisma\u00f0urinn sj\u00e1lfkrafa fa\u00f0ir og \u00fe\u00e1 getur annar ma\u00f0ur sem telur sig f\u00f6\u00f0ur barnins ekki h\u00f6f\u00f0a\u00f0 v\u00e9fengingarm\u00e1l. Og ef kona kennir manni barn og hann gengst vi\u00f0 \u00fev\u00ed, jafnvel \u00fe\u00f3tt \u00feau s\u00e9u ekki \u00ed samb\u00fa\u00f0, getur annar karl sem telur sig f\u00f6\u00f0ur barnsins ekkert gert \u00ed m\u00e1linu. Eins og segir \u00ed 21. grein:<\/p>\n<blockquote><p>D\u00f3msm\u00e1l til vefengingar \u00e1 fa\u00f0erni barns geta h\u00f6f\u00f0a\u00f0 barni\u00f0 sj\u00e1lft og m\u00f3\u00f0ir \u00feess, einnig s\u00e1 sem skr\u00e1\u00f0ur er fa\u00f0ir barns skv. 2. gr. og a\u00f0 honum l\u00e1tnum s\u00e1 erfingi hans er gengur jafnhli\u00f0a e\u00f0a n\u00e6st barninu a\u00f0 erf\u00f0um.<br \/>\nM\u00e1l til \u00f3gildingar \u00e1 fa\u00f0ernisvi\u00f0urkenningu getur barn h\u00f6f\u00f0a\u00f0, s\u00e1 sem vi\u00f0urkennt hefur fa\u00f0erni barns og m\u00f3\u00f0ir \u00feess.<\/p><\/blockquote>\n<p>\u00dea\u00f0 er \u00fev\u00ed deginum lj\u00f3sara a\u00f0 \u00feessar reglur bitna fyrst og fremst \u00e1 sj\u00e1lfst\u00e6\u00f0i kvenna. Konur geta ekki lengur n\u00fdtt karlmenn til undaneldis, nema me\u00f0 a\u00f0sto\u00f0 og sam\u00feykki annars karls. Finnst ykkur \u00feetta \u00ed lagi?<\/p>\n<p>&nbsp;<\/p>\n","protected":false},"excerpt":{"rendered":"<p>&nbsp; \u00c9g fann alvarlega brotal\u00f6m \u00ed n\u00fdju barnal\u00f6gunum. Fe\u00f0runarreglurnar ganga \u00fevert gegn hagsmunum kvenna. \u00c9g skil ekkert \u00ed \u00fev\u00ed a\u00f0 fem\u00ednistar hafi ekki tj\u00e1\u00f0 sig neitt um \u00feetta enn\u00fe\u00e1.<\/p>\n","protected":false},"author":2,"featured_media":0,"comment_status":"closed","ping_status":"open","sticky":false,"template":"","format":"standard","meta":{"footnotes":""},"categories":[87,13,1,6],"tags":[303,302],"class_list":["post-55","post","type-post","status-publish","format-standard","hentry","category-fornarlambsfeminismi","category-kyn-ofbeldi-og-rettarkerfid","category-kyndillinn","category-kynjaimyndir-og-mismunun","tag-karlar-og-jafnretti","tag-rettarkerfid"],"yoast_head":"<!-- This site is optimized with the Yoast SEO plugin v27.5 - https:\/\/yoast.com\/product\/yoast-seo-wordpress\/ -->\n<title>L\u00f6gum beint gegn sj\u00e1lfst\u00e6\u00f0i kvenna - Kyndillinn<\/title>\n<meta name=\"robots\" content=\"index, follow, max-snippet:-1, max-image-preview:large, max-video-preview:-1\" \/>\n<link rel=\"canonical\" href=\"https:\/\/www.norn.is\/kyndillinn\/logum-beint-gegn-sjalfstaedi-kvenna\/\" \/>\n<meta property=\"og:locale\" content=\"is_IS\" \/>\n<meta property=\"og:type\" content=\"article\" \/>\n<meta property=\"og:title\" content=\"L\u00f6gum beint gegn sj\u00e1lfst\u00e6\u00f0i kvenna - Kyndillinn\" \/>\n<meta property=\"og:description\" content=\"&nbsp; \u00c9g fann alvarlega brotal\u00f6m \u00ed n\u00fdju barnal\u00f6gunum. Fe\u00f0runarreglurnar ganga \u00fevert gegn hagsmunum kvenna. \u00c9g skil ekkert \u00ed \u00fev\u00ed a\u00f0 fem\u00ednistar hafi ekki tj\u00e1\u00f0 sig neitt um \u00feetta enn\u00fe\u00e1.\" \/>\n<meta property=\"og:url\" content=\"https:\/\/www.norn.is\/kyndillinn\/logum-beint-gegn-sjalfstaedi-kvenna\/\" \/>\n<meta property=\"og:site_name\" content=\"Kyndillinn\" \/>\n<meta property=\"article:published_time\" content=\"2004-06-05T11:17:03+00:00\" \/>\n<meta property=\"article:modified_time\" content=\"2017-09-11T11:43:46+00:00\" \/>\n<meta property=\"og:image\" content=\"http:\/\/www.norn.is\/kyndillinn\/wp-content\/uploads\/sites\/5\/2003\/06\/index.jpeg\" \/>\n<meta name=\"author\" content=\"Eva Hauksd\u00f3ttir\" \/>\n<meta name=\"twitter:card\" content=\"summary_large_image\" \/>\n<meta name=\"twitter:label1\" content=\"Written by\" \/>\n\t<meta name=\"twitter:data1\" content=\"\" \/>\n\t<meta name=\"twitter:label2\" content=\"Est. reading time\" \/>\n\t<meta name=\"twitter:data2\" content=\"2 minutes\" \/>\n<script type=\"application\/ld+json\" class=\"yoast-schema-graph\">{\"@context\":\"https:\\\/\\\/schema.org\",\"@graph\":[{\"@type\":\"Article\",\"@id\":\"https:\\\/\\\/www.norn.is\\\/kyndillinn\\\/logum-beint-gegn-sjalfstaedi-kvenna\\\/#article\",\"isPartOf\":{\"@id\":\"https:\\\/\\\/www.norn.is\\\/kyndillinn\\\/logum-beint-gegn-sjalfstaedi-kvenna\\\/\"},\"author\":{\"name\":\"Eva Hauksd\u00f3ttir\",\"@id\":\"https:\\\/\\\/www.norn.is\\\/kyndillinn\\\/#\\\/schema\\\/person\\\/2eb0fcae9e1ecc61987f7ed9c878531c\"},\"headline\":\"L\u00f6gum beint gegn sj\u00e1lfst\u00e6\u00f0i kvenna\",\"datePublished\":\"2004-06-05T11:17:03+00:00\",\"dateModified\":\"2017-09-11T11:43:46+00:00\",\"mainEntityOfPage\":{\"@id\":\"https:\\\/\\\/www.norn.is\\\/kyndillinn\\\/logum-beint-gegn-sjalfstaedi-kvenna\\\/\"},\"wordCount\":454,\"image\":{\"@id\":\"https:\\\/\\\/www.norn.is\\\/kyndillinn\\\/logum-beint-gegn-sjalfstaedi-kvenna\\\/#primaryimage\"},\"thumbnailUrl\":\"http:\\\/\\\/www.norn.is\\\/kyndillinn\\\/wp-content\\\/uploads\\\/sites\\\/5\\\/2003\\\/06\\\/index.jpeg\",\"keywords\":[\"Karlar og jafnr\u00e9tti\",\"R\u00e9ttarkerfi\u00f0\"],\"articleSection\":[\"F\u00f3rnarlambsfem\u00ednismi\",\"Kyn, ofbeldi og r\u00e9ttarkerfi\u00f0\",\"Kyndillinn\",\"Kynja\u00edmyndir og mismunun\"],\"inLanguage\":\"is\"},{\"@type\":\"WebPage\",\"@id\":\"https:\\\/\\\/www.norn.is\\\/kyndillinn\\\/logum-beint-gegn-sjalfstaedi-kvenna\\\/\",\"url\":\"https:\\\/\\\/www.norn.is\\\/kyndillinn\\\/logum-beint-gegn-sjalfstaedi-kvenna\\\/\",\"name\":\"L\u00f6gum beint gegn sj\u00e1lfst\u00e6\u00f0i kvenna - Kyndillinn\",\"isPartOf\":{\"@id\":\"https:\\\/\\\/www.norn.is\\\/kyndillinn\\\/#website\"},\"primaryImageOfPage\":{\"@id\":\"https:\\\/\\\/www.norn.is\\\/kyndillinn\\\/logum-beint-gegn-sjalfstaedi-kvenna\\\/#primaryimage\"},\"image\":{\"@id\":\"https:\\\/\\\/www.norn.is\\\/kyndillinn\\\/logum-beint-gegn-sjalfstaedi-kvenna\\\/#primaryimage\"},\"thumbnailUrl\":\"http:\\\/\\\/www.norn.is\\\/kyndillinn\\\/wp-content\\\/uploads\\\/sites\\\/5\\\/2003\\\/06\\\/index.jpeg\",\"datePublished\":\"2004-06-05T11:17:03+00:00\",\"dateModified\":\"2017-09-11T11:43:46+00:00\",\"author\":{\"@id\":\"https:\\\/\\\/www.norn.is\\\/kyndillinn\\\/#\\\/schema\\\/person\\\/2eb0fcae9e1ecc61987f7ed9c878531c\"},\"breadcrumb\":{\"@id\":\"https:\\\/\\\/www.norn.is\\\/kyndillinn\\\/logum-beint-gegn-sjalfstaedi-kvenna\\\/#breadcrumb\"},\"inLanguage\":\"is\",\"potentialAction\":[{\"@type\":\"ReadAction\",\"target\":[\"https:\\\/\\\/www.norn.is\\\/kyndillinn\\\/logum-beint-gegn-sjalfstaedi-kvenna\\\/\"]}]},{\"@type\":\"ImageObject\",\"inLanguage\":\"is\",\"@id\":\"https:\\\/\\\/www.norn.is\\\/kyndillinn\\\/logum-beint-gegn-sjalfstaedi-kvenna\\\/#primaryimage\",\"url\":\"http:\\\/\\\/www.norn.is\\\/kyndillinn\\\/wp-content\\\/uploads\\\/sites\\\/5\\\/2003\\\/06\\\/index.jpeg\",\"contentUrl\":\"http:\\\/\\\/www.norn.is\\\/kyndillinn\\\/wp-content\\\/uploads\\\/sites\\\/5\\\/2003\\\/06\\\/index.jpeg\"},{\"@type\":\"BreadcrumbList\",\"@id\":\"https:\\\/\\\/www.norn.is\\\/kyndillinn\\\/logum-beint-gegn-sjalfstaedi-kvenna\\\/#breadcrumb\",\"itemListElement\":[{\"@type\":\"ListItem\",\"position\":1,\"name\":\"Home\",\"item\":\"https:\\\/\\\/www.norn.is\\\/kyndillinn\\\/\"},{\"@type\":\"ListItem\",\"position\":2,\"name\":\"L\u00f6gum beint gegn sj\u00e1lfst\u00e6\u00f0i kvenna\"}]},{\"@type\":\"WebSite\",\"@id\":\"https:\\\/\\\/www.norn.is\\\/kyndillinn\\\/#website\",\"url\":\"https:\\\/\\\/www.norn.is\\\/kyndillinn\\\/\",\"name\":\"Kyndillinn\",\"description\":\"Eva um kyn og kl\u00e1m\",\"potentialAction\":[{\"@type\":\"SearchAction\",\"target\":{\"@type\":\"EntryPoint\",\"urlTemplate\":\"https:\\\/\\\/www.norn.is\\\/kyndillinn\\\/?s={search_term_string}\"},\"query-input\":{\"@type\":\"PropertyValueSpecification\",\"valueRequired\":true,\"valueName\":\"search_term_string\"}}],\"inLanguage\":\"is\"},{\"@type\":\"Person\",\"@id\":\"https:\\\/\\\/www.norn.is\\\/kyndillinn\\\/#\\\/schema\\\/person\\\/2eb0fcae9e1ecc61987f7ed9c878531c\",\"name\":\"Eva Hauksd\u00f3ttir\",\"sameAs\":[\"http:\\\/\\\/www.norn.is\"],\"url\":\"https:\\\/\\\/www.norn.is\\\/kyndillinn\\\/author\\\/eva\\\/\"}]}<\/script>\n<!-- \/ Yoast SEO plugin. -->","yoast_head_json":{"title":"L\u00f6gum beint gegn sj\u00e1lfst\u00e6\u00f0i kvenna - Kyndillinn","robots":{"index":"index","follow":"follow","max-snippet":"max-snippet:-1","max-image-preview":"max-image-preview:large","max-video-preview":"max-video-preview:-1"},"canonical":"https:\/\/www.norn.is\/kyndillinn\/logum-beint-gegn-sjalfstaedi-kvenna\/","og_locale":"is_IS","og_type":"article","og_title":"L\u00f6gum beint gegn sj\u00e1lfst\u00e6\u00f0i kvenna - Kyndillinn","og_description":"&nbsp; \u00c9g fann alvarlega brotal\u00f6m \u00ed n\u00fdju barnal\u00f6gunum. Fe\u00f0runarreglurnar ganga \u00fevert gegn hagsmunum kvenna. \u00c9g skil ekkert \u00ed \u00fev\u00ed a\u00f0 fem\u00ednistar hafi ekki tj\u00e1\u00f0 sig neitt um \u00feetta enn\u00fe\u00e1.","og_url":"https:\/\/www.norn.is\/kyndillinn\/logum-beint-gegn-sjalfstaedi-kvenna\/","og_site_name":"Kyndillinn","article_published_time":"2004-06-05T11:17:03+00:00","article_modified_time":"2017-09-11T11:43:46+00:00","og_image":[{"url":"http:\/\/www.norn.is\/kyndillinn\/wp-content\/uploads\/sites\/5\/2003\/06\/index.jpeg","type":"","width":"","height":""}],"author":"Eva Hauksd\u00f3ttir","twitter_card":"summary_large_image","twitter_misc":{"Written by":false,"Est. reading time":"2 minutes"},"schema":{"@context":"https:\/\/schema.org","@graph":[{"@type":"Article","@id":"https:\/\/www.norn.is\/kyndillinn\/logum-beint-gegn-sjalfstaedi-kvenna\/#article","isPartOf":{"@id":"https:\/\/www.norn.is\/kyndillinn\/logum-beint-gegn-sjalfstaedi-kvenna\/"},"author":{"name":"Eva Hauksd\u00f3ttir","@id":"https:\/\/www.norn.is\/kyndillinn\/#\/schema\/person\/2eb0fcae9e1ecc61987f7ed9c878531c"},"headline":"L\u00f6gum beint gegn sj\u00e1lfst\u00e6\u00f0i kvenna","datePublished":"2004-06-05T11:17:03+00:00","dateModified":"2017-09-11T11:43:46+00:00","mainEntityOfPage":{"@id":"https:\/\/www.norn.is\/kyndillinn\/logum-beint-gegn-sjalfstaedi-kvenna\/"},"wordCount":454,"image":{"@id":"https:\/\/www.norn.is\/kyndillinn\/logum-beint-gegn-sjalfstaedi-kvenna\/#primaryimage"},"thumbnailUrl":"http:\/\/www.norn.is\/kyndillinn\/wp-content\/uploads\/sites\/5\/2003\/06\/index.jpeg","keywords":["Karlar og jafnr\u00e9tti","R\u00e9ttarkerfi\u00f0"],"articleSection":["F\u00f3rnarlambsfem\u00ednismi","Kyn, ofbeldi og r\u00e9ttarkerfi\u00f0","Kyndillinn","Kynja\u00edmyndir og mismunun"],"inLanguage":"is"},{"@type":"WebPage","@id":"https:\/\/www.norn.is\/kyndillinn\/logum-beint-gegn-sjalfstaedi-kvenna\/","url":"https:\/\/www.norn.is\/kyndillinn\/logum-beint-gegn-sjalfstaedi-kvenna\/","name":"L\u00f6gum beint gegn sj\u00e1lfst\u00e6\u00f0i kvenna - Kyndillinn","isPartOf":{"@id":"https:\/\/www.norn.is\/kyndillinn\/#website"},"primaryImageOfPage":{"@id":"https:\/\/www.norn.is\/kyndillinn\/logum-beint-gegn-sjalfstaedi-kvenna\/#primaryimage"},"image":{"@id":"https:\/\/www.norn.is\/kyndillinn\/logum-beint-gegn-sjalfstaedi-kvenna\/#primaryimage"},"thumbnailUrl":"http:\/\/www.norn.is\/kyndillinn\/wp-content\/uploads\/sites\/5\/2003\/06\/index.jpeg","datePublished":"2004-06-05T11:17:03+00:00","dateModified":"2017-09-11T11:43:46+00:00","author":{"@id":"https:\/\/www.norn.is\/kyndillinn\/#\/schema\/person\/2eb0fcae9e1ecc61987f7ed9c878531c"},"breadcrumb":{"@id":"https:\/\/www.norn.is\/kyndillinn\/logum-beint-gegn-sjalfstaedi-kvenna\/#breadcrumb"},"inLanguage":"is","potentialAction":[{"@type":"ReadAction","target":["https:\/\/www.norn.is\/kyndillinn\/logum-beint-gegn-sjalfstaedi-kvenna\/"]}]},{"@type":"ImageObject","inLanguage":"is","@id":"https:\/\/www.norn.is\/kyndillinn\/logum-beint-gegn-sjalfstaedi-kvenna\/#primaryimage","url":"http:\/\/www.norn.is\/kyndillinn\/wp-content\/uploads\/sites\/5\/2003\/06\/index.jpeg","contentUrl":"http:\/\/www.norn.is\/kyndillinn\/wp-content\/uploads\/sites\/5\/2003\/06\/index.jpeg"},{"@type":"BreadcrumbList","@id":"https:\/\/www.norn.is\/kyndillinn\/logum-beint-gegn-sjalfstaedi-kvenna\/#breadcrumb","itemListElement":[{"@type":"ListItem","position":1,"name":"Home","item":"https:\/\/www.norn.is\/kyndillinn\/"},{"@type":"ListItem","position":2,"name":"L\u00f6gum beint gegn sj\u00e1lfst\u00e6\u00f0i kvenna"}]},{"@type":"WebSite","@id":"https:\/\/www.norn.is\/kyndillinn\/#website","url":"https:\/\/www.norn.is\/kyndillinn\/","name":"Kyndillinn","description":"Eva um kyn og kl\u00e1m","potentialAction":[{"@type":"SearchAction","target":{"@type":"EntryPoint","urlTemplate":"https:\/\/www.norn.is\/kyndillinn\/?s={search_term_string}"},"query-input":{"@type":"PropertyValueSpecification","valueRequired":true,"valueName":"search_term_string"}}],"inLanguage":"is"},{"@type":"Person","@id":"https:\/\/www.norn.is\/kyndillinn\/#\/schema\/person\/2eb0fcae9e1ecc61987f7ed9c878531c","name":"Eva Hauksd\u00f3ttir","sameAs":["http:\/\/www.norn.is"],"url":"https:\/\/www.norn.is\/kyndillinn\/author\/eva\/"}]}},"_links":{"self":[{"href":"https:\/\/www.norn.is\/kyndillinn\/wp-json\/wp\/v2\/posts\/55","targetHints":{"allow":["GET"]}}],"collection":[{"href":"https:\/\/www.norn.is\/kyndillinn\/wp-json\/wp\/v2\/posts"}],"about":[{"href":"https:\/\/www.norn.is\/kyndillinn\/wp-json\/wp\/v2\/types\/post"}],"author":[{"embeddable":true,"href":"https:\/\/www.norn.is\/kyndillinn\/wp-json\/wp\/v2\/users\/2"}],"replies":[{"embeddable":true,"href":"https:\/\/www.norn.is\/kyndillinn\/wp-json\/wp\/v2\/comments?post=55"}],"version-history":[{"count":7,"href":"https:\/\/www.norn.is\/kyndillinn\/wp-json\/wp\/v2\/posts\/55\/revisions"}],"predecessor-version":[{"id":2194,"href":"https:\/\/www.norn.is\/kyndillinn\/wp-json\/wp\/v2\/posts\/55\/revisions\/2194"}],"wp:attachment":[{"href":"https:\/\/www.norn.is\/kyndillinn\/wp-json\/wp\/v2\/media?parent=55"}],"wp:term":[{"taxonomy":"category","embeddable":true,"href":"https:\/\/www.norn.is\/kyndillinn\/wp-json\/wp\/v2\/categories?post=55"},{"taxonomy":"post_tag","embeddable":true,"href":"https:\/\/www.norn.is\/kyndillinn\/wp-json\/wp\/v2\/tags?post=55"}],"curies":[{"name":"wp","href":"https:\/\/api.w.org\/{rel}","templated":true}]}}