{"id":493,"date":"2013-09-27T21:48:05","date_gmt":"2013-09-27T21:48:05","guid":{"rendered":"http:\/\/www.norn.is\/kyndillinn\/?p=493"},"modified":"2018-08-25T09:56:26","modified_gmt":"2018-08-25T09:56:26","slug":"klosettfeminismi","status":"publish","type":"post","link":"https:\/\/www.norn.is\/kyndillinn\/klosettfeminismi\/","title":{"rendered":"Kl\u00f3settfem\u00ednismi"},"content":{"rendered":"<p style=\"color: #222222;\"><a href=\"http:\/\/www.norn.is\/kyndillinn\/wp-content\/uploads\/sites\/5\/2014\/08\/6925314593_e863e34df8.jpg\"><img loading=\"lazy\" decoding=\"async\" class=\"size-full wp-image-495 aligncenter\" src=\"http:\/\/www.norn.is\/kyndillinn\/wp-content\/uploads\/sites\/5\/2014\/08\/6925314593_e863e34df8.jpg\" alt=\"wc\" width=\"500\" height=\"373\" srcset=\"https:\/\/www.norn.is\/kyndillinn\/wp-content\/uploads\/sites\/5\/2014\/08\/6925314593_e863e34df8.jpg 500w, https:\/\/www.norn.is\/kyndillinn\/wp-content\/uploads\/sites\/5\/2014\/08\/6925314593_e863e34df8-300x223.jpg 300w, https:\/\/www.norn.is\/kyndillinn\/wp-content\/uploads\/sites\/5\/2014\/08\/6925314593_e863e34df8-174x131.jpg 174w, https:\/\/www.norn.is\/kyndillinn\/wp-content\/uploads\/sites\/5\/2014\/08\/6925314593_e863e34df8-70x53.jpg 70w\" sizes=\"auto, (max-width: 500px) 100vw, 500px\" \/><\/a>\u00deegar \u00e9g sag\u00f0i fr\u00e1\u00a0<a href=\"http:\/\/www.norn.is\/kyndillinn\/20-feminismi-er-dolgapolitik\/\">mannr\u00e9ttindabar\u00e1ttu My Vingren<\/a>\u00a0var\u00f0 kunningja m\u00ednum a\u00f0 or\u00f0i a\u00f0 n\u00fa hlyti rugli\u00f0 a\u00f0 hafa n\u00e1\u00f0 h\u00e1marki. \u00c9g var ekki eins viss og svei m\u00e9r \u00fe\u00e1 ef kl\u00f3settfeminismi s\u00e6nskra vinstri manna toppar ekki My Vingren.<!--more--><\/p>\n<p style=\"color: #222222;\">S\u00ed\u00f0asta sumar f\u00e9kk Viggo Hansen, landshluta\u00feingma\u00f0ur* \u00ed S\u00f6rmland, \u00fe\u00e1 fr\u00e1b\u00e6ru hugmynd a\u00f0 leggja ni\u00f0ur kynjaskipt kl\u00f3sett \u00ed h\u00fasakynnum landshluta\u00feingsins. Gott og vel, m\u00e9r hefur lengi \u00fe\u00f3tt frekar hall\u00e6rislegt a\u00f0 hafa almennings-salerni kynjaskipt. S\u00e9 bara engin r\u00f6k sem m\u00e6la me\u00f0 \u00fev\u00ed.<\/p>\n<p style=\"color: #222222;\">En feministum er lagi\u00f0 a\u00f0 taka hugmyndir sem flestir geta fallist \u00e1 og s\u00farra \u00fe\u00e6r upp \u00far \u00f6llu valdi. Viggo vill ekki bara afnema kynjaskipt kl\u00f3sett heldur b\u00e6tir hann um betur og vill setja \u00fe\u00e1 reglu a\u00f0 allir pissi sitjandi, b\u00e6\u00f0i konur og karlar. R\u00f6kin eru annarsvegar \u00feau a\u00f0 \u00fea\u00f0 s\u00e9 snyrtilegra, \u00fear sem s\u00ed\u00f0ur s\u00e9 h\u00e6tta \u00e1 a\u00f0 menn pissi \u00fat fyrir. Hinsvegar teflir hann fram l\u00fd\u00f0heilsur\u00f6kum, bla\u00f0ran \u00e1 v\u00edst a\u00f0 t\u00e6mast betur ef menn pissa sitjandi. Og v\u00e6ntanlega \u00ed verkahring yfirvaldsins a\u00f0 sj\u00e1 til \u00feess a\u00f0 menn sprangi ekki um me\u00f0 h\u00e1lffullar \u00fevagbl\u00f6\u00f0rur daginn \u00fat og inn. H\u00e9r sk\u00fdrir Viggo \u00feetta betur:<\/p>\n<p style=\"color: #222222;\">\u00a0\n<div class=\"youtube-embed\" itemprop=\"video\" itemscope itemtype=\"https:\/\/schema.org\/VideoObject\">\n\t<meta itemprop=\"url\" content=\"https:\/\/www.youtube.com\/v\/PhsaEBMNeog\" \/>\n\t<meta itemprop=\"name\" content=\"Kl\u00f3settfem\u00ednismi\" \/>\n\t<meta itemprop=\"description\" content=\"Kl\u00f3settfem\u00ednismi\" \/>\n\t<meta itemprop=\"thumbnailUrl\" content=\"https:\/\/i.ytimg.com\/vi\/PhsaEBMNeog\/default.jpg\" \/>\n\t<meta itemprop=\"embedUrl\" content=\"https:\/\/www.youtube.com\/embed\/PhsaEBMNeog\" \/>\n\t<meta itemprop=\"height\" content=\"340\" \/>\n\t<meta itemprop=\"width\" content=\"560\" \/>\n\t<iframe loading=\"lazy\" style=\"border: 0;\" class=\"youtube-player\" width=\"560\" height=\"340\" src=\"https:\/\/www.youtube.com\/embed\/PhsaEBMNeog\" allowfullscreen><\/iframe>\n<\/div>\n<\/p>\n<p>\u00c9g hef ekki fundi\u00f0 heimildir um \u00fea\u00f0 hvort krafan n\u00e1\u00f0i fram a\u00f0 ganga en hafi me\u00f0limum lands\u00feingsins veri\u00f0 gert a\u00f0 pissa sitjandi, leikur m\u00e9r forvitni \u00e1 a\u00f0 vita hvernig \u00fevagl\u00e1tareglum er fylgt eftir \u00ed h\u00e1borg femnismans og hva\u00f0a vi\u00f0url\u00f6g liggja vi\u00f0 \u00fev\u00ed a\u00f0 brj\u00f3ta \u00fe\u00e6r. \u00c9g er nefnilega ekki viss um a\u00f0 \u00feeir sem pissa \u00fat fyrir s\u00e9u l\u00edklegastir til a\u00f0 l\u00e1ta yfirvaldi\u00f0 segja s\u00e9r hvernig \u00feeir eigi a\u00f0 bera sig a\u00f0 \u00e1 kl\u00f3settinu.<\/p>\n<p style=\"color: #222222;\"><a href=\"http:\/\/www.norn.is\/kyndillinn\/wp-content\/uploads\/sites\/5\/2013\/09\/20170123.jpg\"><img loading=\"lazy\" decoding=\"async\" class=\"alignleft size-full wp-image-3413\" src=\"http:\/\/www.norn.is\/kyndillinn\/wp-content\/uploads\/sites\/5\/2013\/09\/20170123.jpg\" alt=\"\" width=\"720\" height=\"649\" srcset=\"https:\/\/www.norn.is\/kyndillinn\/wp-content\/uploads\/sites\/5\/2013\/09\/20170123.jpg 720w, https:\/\/www.norn.is\/kyndillinn\/wp-content\/uploads\/sites\/5\/2013\/09\/20170123-300x270.jpg 300w, https:\/\/www.norn.is\/kyndillinn\/wp-content\/uploads\/sites\/5\/2013\/09\/20170123-333x300.jpg 333w\" sizes=\"auto, (max-width: 720px) 100vw, 720px\" \/><\/a><\/p>\n<p style=\"color: #222222;\">*\u00c9g kann ekki \u00edslenska \u00fe\u00fd\u00f0ingu \u00e1\u00a0<a style=\"font-weight: inherit; font-style: inherit; color: #222222;\" href=\"http:\/\/sv.wikipedia.org\/wiki\/Sveriges_landsting\">\u201elandsting\u201c<\/a>. Um er a\u00f0 r\u00e6\u00f0a r\u00e1\u00f0 sem stj\u00f3rna heilbrig\u00f0ism\u00e1lum og f\u00e1einum m\u00e1laflokkum til vi\u00f0b\u00f3tar \u00ed hverri s\u00fdslu \u00ed Sv\u00ed\u00fej\u00f3\u00f0.<\/p>\n<p style=\"color: #222222;\">\u2014-<\/p>\n<p style=\"color: #222222;\">Uppf\u00e6rt: \u00c9g fann a\u00f0 lokum\u00a0<a style=\"font-weight: inherit; font-style: inherit; color: #222222;\" href=\"http:\/\/www.landstingetsormland.se\/PageFiles\/37761\/%C2%A7%2093%20Motionssvar%20%20K%C3%B6nl%C3%B6sa%20toaletter%20ett%20folkh%C3%A4lsointiativ.pdf\">heimild um \u00fea\u00f0 hvernig \u00feetta m\u00e1l f\u00f3r<\/a>.\u00a0 Landstingsstyrelsen bar till\u00f6guna fram vi\u00f0 Landstinget. Ni\u00f0ursta\u00f0an var s\u00fa a\u00f0 \u00fear sem \u00ed \u00f6llum h\u00fasakynnum stj\u00f3rns\u00fdslunnar v\u00e6ru kl\u00f3sett sem h\u00e6gt v\u00e6ri a\u00f0 setjast \u00e1 v\u00e6ri \u00f3\u00fearft a\u00f0 koma upp s\u00e9rst\u00f6kum kynlausum kl\u00f3settum. Landstinget f\u00e9llst ekki \u00e1 a\u00f0 \u00fea\u00f0 v\u00e6ri r\u00e9ttm\u00e6tt a\u00f0 skylda karla til \u00feess a\u00f0 pissa sitjandi. Ef \u00fea\u00f0 v\u00e6ri mikilv\u00e6gt fr\u00e1 heilbrig\u00f0issj\u00f3narmi\u00f0i b\u00e6ri heilbrig\u00f0isyfirv\u00f6ldum a\u00f0 uppl\u00fdsa almenning en ekki st\u00fdra honum me\u00f0 valdbo\u00f0i.<\/p>\n","protected":false},"excerpt":{"rendered":"<p>\u00deegar \u00e9g sag\u00f0i fr\u00e1\u00a0mannr\u00e9ttindabar\u00e1ttu My Vingren\u00a0var\u00f0 kunningja m\u00ednum a\u00f0 or\u00f0i a\u00f0 n\u00fa hlyti rugli\u00f0 a\u00f0 hafa n\u00e1\u00f0 h\u00e1marki. \u00c9g var ekki eins viss og svei m\u00e9r \u00fe\u00e1 ef kl\u00f3settfeminismi s\u00e6nskra vinstri manna toppar ekki My Vingren.<\/p>\n","protected":false},"author":2,"featured_media":495,"comment_status":"closed","ping_status":"open","sticky":false,"template":"","format":"standard","meta":{"footnotes":""},"categories":[81,19,1,6],"tags":[109,110],"class_list":["post-493","post","type-post","status-publish","format-standard","has-post-thumbnail","hentry","category-fasystur","category-feminasnar","category-kyndillinn","category-kynjaimyndir-og-mismunun","tag-klosettfeminismi","tag-viggo-hansen"],"yoast_head":"<!-- This site is optimized with the Yoast SEO plugin v27.5 - https:\/\/yoast.com\/product\/yoast-seo-wordpress\/ -->\n<title>Kl\u00f3settfem\u00ednismi - Kyndillinn<\/title>\n<meta name=\"robots\" content=\"index, follow, max-snippet:-1, max-image-preview:large, max-video-preview:-1\" \/>\n<link rel=\"canonical\" href=\"https:\/\/www.norn.is\/kyndillinn\/klosettfeminismi\/\" \/>\n<meta property=\"og:locale\" content=\"is_IS\" \/>\n<meta property=\"og:type\" content=\"article\" \/>\n<meta property=\"og:title\" content=\"Kl\u00f3settfem\u00ednismi - Kyndillinn\" \/>\n<meta property=\"og:description\" content=\"\u00deegar \u00e9g sag\u00f0i fr\u00e1\u00a0mannr\u00e9ttindabar\u00e1ttu My Vingren\u00a0var\u00f0 kunningja m\u00ednum a\u00f0 or\u00f0i a\u00f0 n\u00fa hlyti rugli\u00f0 a\u00f0 hafa n\u00e1\u00f0 h\u00e1marki. \u00c9g var ekki eins viss og svei m\u00e9r \u00fe\u00e1 ef kl\u00f3settfeminismi s\u00e6nskra vinstri manna toppar ekki My Vingren.\" \/>\n<meta property=\"og:url\" content=\"https:\/\/www.norn.is\/kyndillinn\/klosettfeminismi\/\" \/>\n<meta property=\"og:site_name\" content=\"Kyndillinn\" \/>\n<meta property=\"article:published_time\" content=\"2013-09-27T21:48:05+00:00\" \/>\n<meta property=\"article:modified_time\" content=\"2018-08-25T09:56:26+00:00\" \/>\n<meta property=\"og:image\" content=\"https:\/\/www.norn.is\/kyndillinn\/wp-content\/uploads\/sites\/5\/2014\/08\/6925314593_e863e34df8.jpg\" \/>\n\t<meta property=\"og:image:width\" content=\"500\" \/>\n\t<meta property=\"og:image:height\" content=\"373\" \/>\n\t<meta property=\"og:image:type\" content=\"image\/jpeg\" \/>\n<meta name=\"author\" content=\"Eva Hauksd\u00f3ttir\" \/>\n<meta name=\"twitter:card\" content=\"summary_large_image\" \/>\n<meta name=\"twitter:label1\" content=\"Written by\" \/>\n\t<meta name=\"twitter:data1\" content=\"\" \/>\n\t<meta name=\"twitter:label2\" content=\"Est. reading time\" \/>\n\t<meta name=\"twitter:data2\" content=\"2 minutes\" \/>\n<script type=\"application\/ld+json\" class=\"yoast-schema-graph\">{\"@context\":\"https:\\\/\\\/schema.org\",\"@graph\":[{\"@type\":\"Article\",\"@id\":\"https:\\\/\\\/www.norn.is\\\/kyndillinn\\\/klosettfeminismi\\\/#article\",\"isPartOf\":{\"@id\":\"https:\\\/\\\/www.norn.is\\\/kyndillinn\\\/klosettfeminismi\\\/\"},\"author\":{\"name\":\"Eva Hauksd\u00f3ttir\",\"@id\":\"https:\\\/\\\/www.norn.is\\\/kyndillinn\\\/#\\\/schema\\\/person\\\/2eb0fcae9e1ecc61987f7ed9c878531c\"},\"headline\":\"Kl\u00f3settfem\u00ednismi\",\"datePublished\":\"2013-09-27T21:48:05+00:00\",\"dateModified\":\"2018-08-25T09:56:26+00:00\",\"mainEntityOfPage\":{\"@id\":\"https:\\\/\\\/www.norn.is\\\/kyndillinn\\\/klosettfeminismi\\\/\"},\"wordCount\":450,\"image\":{\"@id\":\"https:\\\/\\\/www.norn.is\\\/kyndillinn\\\/klosettfeminismi\\\/#primaryimage\"},\"thumbnailUrl\":\"https:\\\/\\\/www.norn.is\\\/kyndillinn\\\/wp-content\\\/uploads\\\/sites\\\/5\\\/2014\\\/08\\\/6925314593_e863e34df8.jpg\",\"keywords\":[\"Kl\u00f3settfeminismi\",\"Viggo Hansen\"],\"articleSection\":[\"Fasystur\",\"Fem\u00ednasnar\",\"Kyndillinn\",\"Kynja\u00edmyndir og mismunun\"],\"inLanguage\":\"is\"},{\"@type\":\"WebPage\",\"@id\":\"https:\\\/\\\/www.norn.is\\\/kyndillinn\\\/klosettfeminismi\\\/\",\"url\":\"https:\\\/\\\/www.norn.is\\\/kyndillinn\\\/klosettfeminismi\\\/\",\"name\":\"Kl\u00f3settfem\u00ednismi - Kyndillinn\",\"isPartOf\":{\"@id\":\"https:\\\/\\\/www.norn.is\\\/kyndillinn\\\/#website\"},\"primaryImageOfPage\":{\"@id\":\"https:\\\/\\\/www.norn.is\\\/kyndillinn\\\/klosettfeminismi\\\/#primaryimage\"},\"image\":{\"@id\":\"https:\\\/\\\/www.norn.is\\\/kyndillinn\\\/klosettfeminismi\\\/#primaryimage\"},\"thumbnailUrl\":\"https:\\\/\\\/www.norn.is\\\/kyndillinn\\\/wp-content\\\/uploads\\\/sites\\\/5\\\/2014\\\/08\\\/6925314593_e863e34df8.jpg\",\"datePublished\":\"2013-09-27T21:48:05+00:00\",\"dateModified\":\"2018-08-25T09:56:26+00:00\",\"author\":{\"@id\":\"https:\\\/\\\/www.norn.is\\\/kyndillinn\\\/#\\\/schema\\\/person\\\/2eb0fcae9e1ecc61987f7ed9c878531c\"},\"breadcrumb\":{\"@id\":\"https:\\\/\\\/www.norn.is\\\/kyndillinn\\\/klosettfeminismi\\\/#breadcrumb\"},\"inLanguage\":\"is\",\"potentialAction\":[{\"@type\":\"ReadAction\",\"target\":[\"https:\\\/\\\/www.norn.is\\\/kyndillinn\\\/klosettfeminismi\\\/\"]}]},{\"@type\":\"ImageObject\",\"inLanguage\":\"is\",\"@id\":\"https:\\\/\\\/www.norn.is\\\/kyndillinn\\\/klosettfeminismi\\\/#primaryimage\",\"url\":\"https:\\\/\\\/www.norn.is\\\/kyndillinn\\\/wp-content\\\/uploads\\\/sites\\\/5\\\/2014\\\/08\\\/6925314593_e863e34df8.jpg\",\"contentUrl\":\"https:\\\/\\\/www.norn.is\\\/kyndillinn\\\/wp-content\\\/uploads\\\/sites\\\/5\\\/2014\\\/08\\\/6925314593_e863e34df8.jpg\",\"width\":500,\"height\":373},{\"@type\":\"BreadcrumbList\",\"@id\":\"https:\\\/\\\/www.norn.is\\\/kyndillinn\\\/klosettfeminismi\\\/#breadcrumb\",\"itemListElement\":[{\"@type\":\"ListItem\",\"position\":1,\"name\":\"Home\",\"item\":\"https:\\\/\\\/www.norn.is\\\/kyndillinn\\\/\"},{\"@type\":\"ListItem\",\"position\":2,\"name\":\"Kl\u00f3settfem\u00ednismi\"}]},{\"@type\":\"WebSite\",\"@id\":\"https:\\\/\\\/www.norn.is\\\/kyndillinn\\\/#website\",\"url\":\"https:\\\/\\\/www.norn.is\\\/kyndillinn\\\/\",\"name\":\"Kyndillinn\",\"description\":\"Eva um kyn og kl\u00e1m\",\"potentialAction\":[{\"@type\":\"SearchAction\",\"target\":{\"@type\":\"EntryPoint\",\"urlTemplate\":\"https:\\\/\\\/www.norn.is\\\/kyndillinn\\\/?s={search_term_string}\"},\"query-input\":{\"@type\":\"PropertyValueSpecification\",\"valueRequired\":true,\"valueName\":\"search_term_string\"}}],\"inLanguage\":\"is\"},{\"@type\":\"Person\",\"@id\":\"https:\\\/\\\/www.norn.is\\\/kyndillinn\\\/#\\\/schema\\\/person\\\/2eb0fcae9e1ecc61987f7ed9c878531c\",\"name\":\"Eva Hauksd\u00f3ttir\",\"sameAs\":[\"http:\\\/\\\/www.norn.is\"],\"url\":\"https:\\\/\\\/www.norn.is\\\/kyndillinn\\\/author\\\/eva\\\/\"}]}<\/script>\n<!-- \/ Yoast SEO plugin. -->","yoast_head_json":{"title":"Kl\u00f3settfem\u00ednismi - Kyndillinn","robots":{"index":"index","follow":"follow","max-snippet":"max-snippet:-1","max-image-preview":"max-image-preview:large","max-video-preview":"max-video-preview:-1"},"canonical":"https:\/\/www.norn.is\/kyndillinn\/klosettfeminismi\/","og_locale":"is_IS","og_type":"article","og_title":"Kl\u00f3settfem\u00ednismi - Kyndillinn","og_description":"\u00deegar \u00e9g sag\u00f0i fr\u00e1\u00a0mannr\u00e9ttindabar\u00e1ttu My Vingren\u00a0var\u00f0 kunningja m\u00ednum a\u00f0 or\u00f0i a\u00f0 n\u00fa hlyti rugli\u00f0 a\u00f0 hafa n\u00e1\u00f0 h\u00e1marki. \u00c9g var ekki eins viss og svei m\u00e9r \u00fe\u00e1 ef kl\u00f3settfeminismi s\u00e6nskra vinstri manna toppar ekki My Vingren.","og_url":"https:\/\/www.norn.is\/kyndillinn\/klosettfeminismi\/","og_site_name":"Kyndillinn","article_published_time":"2013-09-27T21:48:05+00:00","article_modified_time":"2018-08-25T09:56:26+00:00","og_image":[{"width":500,"height":373,"url":"https:\/\/www.norn.is\/kyndillinn\/wp-content\/uploads\/sites\/5\/2014\/08\/6925314593_e863e34df8.jpg","type":"image\/jpeg"}],"author":"Eva Hauksd\u00f3ttir","twitter_card":"summary_large_image","twitter_misc":{"Written by":false,"Est. reading time":"2 minutes"},"schema":{"@context":"https:\/\/schema.org","@graph":[{"@type":"Article","@id":"https:\/\/www.norn.is\/kyndillinn\/klosettfeminismi\/#article","isPartOf":{"@id":"https:\/\/www.norn.is\/kyndillinn\/klosettfeminismi\/"},"author":{"name":"Eva Hauksd\u00f3ttir","@id":"https:\/\/www.norn.is\/kyndillinn\/#\/schema\/person\/2eb0fcae9e1ecc61987f7ed9c878531c"},"headline":"Kl\u00f3settfem\u00ednismi","datePublished":"2013-09-27T21:48:05+00:00","dateModified":"2018-08-25T09:56:26+00:00","mainEntityOfPage":{"@id":"https:\/\/www.norn.is\/kyndillinn\/klosettfeminismi\/"},"wordCount":450,"image":{"@id":"https:\/\/www.norn.is\/kyndillinn\/klosettfeminismi\/#primaryimage"},"thumbnailUrl":"https:\/\/www.norn.is\/kyndillinn\/wp-content\/uploads\/sites\/5\/2014\/08\/6925314593_e863e34df8.jpg","keywords":["Kl\u00f3settfeminismi","Viggo Hansen"],"articleSection":["Fasystur","Fem\u00ednasnar","Kyndillinn","Kynja\u00edmyndir og mismunun"],"inLanguage":"is"},{"@type":"WebPage","@id":"https:\/\/www.norn.is\/kyndillinn\/klosettfeminismi\/","url":"https:\/\/www.norn.is\/kyndillinn\/klosettfeminismi\/","name":"Kl\u00f3settfem\u00ednismi - Kyndillinn","isPartOf":{"@id":"https:\/\/www.norn.is\/kyndillinn\/#website"},"primaryImageOfPage":{"@id":"https:\/\/www.norn.is\/kyndillinn\/klosettfeminismi\/#primaryimage"},"image":{"@id":"https:\/\/www.norn.is\/kyndillinn\/klosettfeminismi\/#primaryimage"},"thumbnailUrl":"https:\/\/www.norn.is\/kyndillinn\/wp-content\/uploads\/sites\/5\/2014\/08\/6925314593_e863e34df8.jpg","datePublished":"2013-09-27T21:48:05+00:00","dateModified":"2018-08-25T09:56:26+00:00","author":{"@id":"https:\/\/www.norn.is\/kyndillinn\/#\/schema\/person\/2eb0fcae9e1ecc61987f7ed9c878531c"},"breadcrumb":{"@id":"https:\/\/www.norn.is\/kyndillinn\/klosettfeminismi\/#breadcrumb"},"inLanguage":"is","potentialAction":[{"@type":"ReadAction","target":["https:\/\/www.norn.is\/kyndillinn\/klosettfeminismi\/"]}]},{"@type":"ImageObject","inLanguage":"is","@id":"https:\/\/www.norn.is\/kyndillinn\/klosettfeminismi\/#primaryimage","url":"https:\/\/www.norn.is\/kyndillinn\/wp-content\/uploads\/sites\/5\/2014\/08\/6925314593_e863e34df8.jpg","contentUrl":"https:\/\/www.norn.is\/kyndillinn\/wp-content\/uploads\/sites\/5\/2014\/08\/6925314593_e863e34df8.jpg","width":500,"height":373},{"@type":"BreadcrumbList","@id":"https:\/\/www.norn.is\/kyndillinn\/klosettfeminismi\/#breadcrumb","itemListElement":[{"@type":"ListItem","position":1,"name":"Home","item":"https:\/\/www.norn.is\/kyndillinn\/"},{"@type":"ListItem","position":2,"name":"Kl\u00f3settfem\u00ednismi"}]},{"@type":"WebSite","@id":"https:\/\/www.norn.is\/kyndillinn\/#website","url":"https:\/\/www.norn.is\/kyndillinn\/","name":"Kyndillinn","description":"Eva um kyn og kl\u00e1m","potentialAction":[{"@type":"SearchAction","target":{"@type":"EntryPoint","urlTemplate":"https:\/\/www.norn.is\/kyndillinn\/?s={search_term_string}"},"query-input":{"@type":"PropertyValueSpecification","valueRequired":true,"valueName":"search_term_string"}}],"inLanguage":"is"},{"@type":"Person","@id":"https:\/\/www.norn.is\/kyndillinn\/#\/schema\/person\/2eb0fcae9e1ecc61987f7ed9c878531c","name":"Eva Hauksd\u00f3ttir","sameAs":["http:\/\/www.norn.is"],"url":"https:\/\/www.norn.is\/kyndillinn\/author\/eva\/"}]}},"_links":{"self":[{"href":"https:\/\/www.norn.is\/kyndillinn\/wp-json\/wp\/v2\/posts\/493","targetHints":{"allow":["GET"]}}],"collection":[{"href":"https:\/\/www.norn.is\/kyndillinn\/wp-json\/wp\/v2\/posts"}],"about":[{"href":"https:\/\/www.norn.is\/kyndillinn\/wp-json\/wp\/v2\/types\/post"}],"author":[{"embeddable":true,"href":"https:\/\/www.norn.is\/kyndillinn\/wp-json\/wp\/v2\/users\/2"}],"replies":[{"embeddable":true,"href":"https:\/\/www.norn.is\/kyndillinn\/wp-json\/wp\/v2\/comments?post=493"}],"version-history":[{"count":6,"href":"https:\/\/www.norn.is\/kyndillinn\/wp-json\/wp\/v2\/posts\/493\/revisions"}],"predecessor-version":[{"id":3414,"href":"https:\/\/www.norn.is\/kyndillinn\/wp-json\/wp\/v2\/posts\/493\/revisions\/3414"}],"wp:featuredmedia":[{"embeddable":true,"href":"https:\/\/www.norn.is\/kyndillinn\/wp-json\/wp\/v2\/media\/495"}],"wp:attachment":[{"href":"https:\/\/www.norn.is\/kyndillinn\/wp-json\/wp\/v2\/media?parent=493"}],"wp:term":[{"taxonomy":"category","embeddable":true,"href":"https:\/\/www.norn.is\/kyndillinn\/wp-json\/wp\/v2\/categories?post=493"},{"taxonomy":"post_tag","embeddable":true,"href":"https:\/\/www.norn.is\/kyndillinn\/wp-json\/wp\/v2\/tags?post=493"}],"curies":[{"name":"wp","href":"https:\/\/api.w.org\/{rel}","templated":true}]}}