{"id":377,"date":"2014-02-28T11:56:32","date_gmt":"2014-02-28T11:56:32","guid":{"rendered":"http:\/\/www.norn.is\/kyndillinn\/?p=377"},"modified":"2017-09-11T15:41:21","modified_gmt":"2017-09-11T15:41:21","slug":"hildarleikur","status":"publish","type":"post","link":"https:\/\/www.norn.is\/kyndillinn\/hildarleikur\/","title":{"rendered":"Hildarleikur"},"content":{"rendered":"<p style=\"color: #222222;\"><a href=\"http:\/\/www.norn.is\/kyndillinn\/wp-content\/uploads\/sites\/5\/2014\/08\/Screen-Shot-2014-02-28-at-9.35.43-AM-688x451.png\"><img loading=\"lazy\" decoding=\"async\" class=\"alignleft size-full wp-image-378\" src=\"http:\/\/www.norn.is\/kyndillinn\/wp-content\/uploads\/sites\/5\/2014\/08\/Screen-Shot-2014-02-28-at-9.35.43-AM-688x451.png\" alt=\"Hildur L\" width=\"688\" height=\"451\" srcset=\"https:\/\/www.norn.is\/kyndillinn\/wp-content\/uploads\/sites\/5\/2014\/08\/Screen-Shot-2014-02-28-at-9.35.43-AM-688x451.png 688w, https:\/\/www.norn.is\/kyndillinn\/wp-content\/uploads\/sites\/5\/2014\/08\/Screen-Shot-2014-02-28-at-9.35.43-AM-688x451-300x196.png 300w\" sizes=\"auto, (max-width: 688px) 100vw, 688px\" \/><\/a><\/p>\n<p style=\"color: #222222;\">Or\u00f0i\u00f0 Hildarleikur \u00e1 einkar vel vi\u00f0 \u00fe\u00e1 umr\u00e6\u00f0u sem fer fram \u00e1 netinu einmitt n\u00fana. Kona sem hefur sta\u00f0i\u00f0 \u00ed langvinnu str\u00ed\u00f0i vi\u00f0 hvern \u00feann karl sem kemur illa fram vi\u00f0 konur e\u00f0a tiltekna konu, er komin \u00ed sj\u00e1lfheldu. Kona sem hefur krafist fortakslausrar i\u00f0runar af h\u00e1lfu \u00feeirra sem hafa broti\u00f0 eitthva\u00f0 af s\u00e9r og d\u00e6mt allar sj\u00e1lfsr\u00e9ttl\u00e6tingar harkalega, gefur sk\u00fdringar sem sumir efast um a\u00f0 h\u00fan t\u00e6ki gildar sj\u00e1lf. \u00a0\u00deetta er \u00e1hugavert. \u00c1takanlegt l\u00edka.<!--more--><\/p>\n<h2 style=\"color: #111111;\">H\u00famor og menningarsamhengi<\/h2>\n<p style=\"color: #222222;\">Upp \u00far 1995 breyttist heimsmynd okkar. Vi\u00f0 h\u00f6f\u00f0um vita\u00f0 af \u00feessu interneti \u00e1\u00f0ur en a\u00f0eins f\u00e1ir \u00feekktu \u00fea\u00f0 vel. En allt \u00ed einu opna\u00f0ist ver\u00f6ldin og \u00e1 n\u00e6stu \u00e1rum ger\u00f0ist eitthva\u00f0 rosalegt. Allt \u00ed einu \u00e1ttu allir netfang. Vi\u00f0 l\u00e6r\u00f0um \u00e1 Alta Vista og spjallforrit. Vi\u00f0 uppg\u00f6tvu\u00f0um irki\u00f0 og \u00edslenskir samskiptavefir ur\u00f0u til. Samf\u00e9l\u00f6g bloggara spruttu upp eins og f\u00edflar a\u00f0 vori. Allt \u00ed einu var h\u00e6gt a\u00f0 segja \u00f6llum heiminum hva\u00f0 ma\u00f0ur var a\u00f0 hugsa og \u00fea\u00f0 \u00e1n \u00feess a\u00f0 gefa upp nafn e\u00f0a s\u00fdna andlit sitt.<\/p>\n<p style=\"color: #222222;\">\u00c1 \u00e1runum 1995-2008 \u00a0einkenndist d\u00e6gurmenningin jafnframt af ruddalegum h\u00famor. \u00dea\u00f0 kom ekki bara fram \u00ed hvatv\u00edslegum kommentum \u00e1 netinu heldur einnig \u00ed t\u00f3nlist, teiknimyndum og gaman\u00fe\u00e1ttum. \u00c1 \u00e1runum 1995-2006 var allt leyfilegt, b\u00f3kstaflega allt. Oft var engan veginn \u00e1 hreinu hvort veri\u00f0 var a\u00f0 gera gr\u00edn a\u00f0 \u00feeim veika e\u00f0a kvalara hans og fram til 2010 voru \u00feolm\u00f6rkin b\u00fdsna h\u00e1. H\u00e9r eru nokkur \u00edslensk d\u00e6mi um h\u00famorinn sem var \u00ed gangi 1995-2008. \u00deeir sem eru vi\u00f0kv\u00e6mir fyrir ruddaskap \u00e6ttu ekki a\u00f0 smella \u00e1 tenglana. \u00a0\u00c9g fann reyndar ekki f\u00f3stbr\u00e6\u00f0ramyndbandi\u00f0 \u00fear sem \u00e1hugamenn um heimilisofbeldi voru a\u00f0 gefa hver \u00f6\u00f0rum g\u00f3\u00f0 r\u00e1\u00f0 en af \u00feessum brotum s\u00e9st amk a\u00f0 \u00fea\u00f0 var EKKERT heilagt og au\u00f0vita\u00f0 h\u00e6gt a\u00f0 finna helling af kl\u00e1mfengnum og ruddalegum h\u00famor til vi\u00f0b\u00f3tar.<\/p>\n<ul style=\"color: #505050;\">\n<li style=\"font-weight: inherit; font-style: inherit;\">H\u00e9r gr\u00ednast menn me\u00f0\u00a0<a style=\"font-weight: inherit; font-style: inherit; color: #ce2121;\" href=\"https:\/\/www.youtube.com\/watch?v=GWssU8WarJ0#t=48\">enda\u00fearmsm\u00f6k og nau\u00f0ganir<\/a>.<\/li>\n<li style=\"font-weight: inherit; font-style: inherit;\"><a style=\"font-weight: inherit; font-style: inherit; color: #ce2121;\" href=\"https:\/\/www.youtube.com\/watch?v=m_MUHqQ73yw\">Blindir teknir fyrir og fullt af kl\u00e1mi<\/a><\/li>\n<li style=\"font-weight: inherit; font-style: inherit;\"><a style=\"font-weight: inherit; font-style: inherit; color: #ce2121;\" href=\"https:\/\/www.youtube.com\/watch?v=SlaKiwQlXGQ\">\u00deroskaheftir teknir fyrir<\/a><\/li>\n<li style=\"font-weight: inherit; font-style: inherit;\"><a style=\"font-weight: inherit; font-style: inherit; color: #ce2121;\" href=\"https:\/\/www.youtube.com\/watch?v=tb9UZujqT_U\">Nunnuvei\u00f0ar<\/a><\/li>\n<li style=\"font-weight: inherit; font-style: inherit;\"><a style=\"font-weight: inherit; font-style: inherit; color: #ce2121;\" href=\"https:\/\/www.youtube.com\/watch?v=IrV2p_TbWGM\">Hommagr\u00edn\u00a0<\/a><\/li>\n<li style=\"font-weight: inherit; font-style: inherit;\"><a style=\"font-weight: inherit; font-style: inherit; color: #ce2121;\" href=\"https:\/\/www.youtube.com\/watch?v=28f-bes5c0g\">Kynfer\u00f0isleg misnotkun \u00e1 vinnusta\u00f0<\/a><\/li>\n<li style=\"font-weight: inherit; font-style: inherit;\"><a style=\"font-weight: inherit; font-style: inherit; color: #ce2121;\" href=\"https:\/\/www.youtube.com\/watch?v=QPGQirCNIlk\">Sumir myndu n\u00fa kalla \u00feetta nau\u00f0gun<\/a><\/li>\n<li style=\"font-weight: inherit; font-style: inherit;\"><a style=\"font-weight: inherit; font-style: inherit; color: #ce2121;\" href=\"https:\/\/www.youtube.com\/watch?v=fAGuzailDwI\">\u00dej\u00f3\u00f0ernissta\u00f0almyndir<\/a><\/li>\n<li style=\"font-weight: inherit; font-style: inherit;\"><a style=\"font-weight: inherit; font-style: inherit; color: #ce2121;\" href=\"https:\/\/www.youtube.com\/watch?v=5yFQfS4X1IY\">Gr\u00ednast me\u00f0 rasisma<\/a><\/li>\n<li style=\"font-weight: inherit; font-style: inherit;\"><a style=\"font-weight: inherit; font-style: inherit; color: #ce2121;\" href=\"https:\/\/www.youtube.com\/watch?v=YynRVwjmQNw\">Hungur og hj\u00e1lparstarf\u00a0<\/a><\/li>\n<li style=\"font-weight: inherit; font-style: inherit;\"><a style=\"font-weight: inherit; font-style: inherit; color: #ce2121;\" href=\"https:\/\/www.youtube.com\/watch?v=teoqXKripEs\">P\u00edkuh\u00famor<\/a><\/li>\n<li style=\"font-weight: inherit; font-style: inherit;\"><a style=\"font-weight: inherit; font-style: inherit; color: #ce2121;\" href=\"https:\/\/www.youtube.com\/watch?v=emsOl_0gVj0\">Tr\u00faflokkar teknir \u00ed nefi\u00f0<\/a><\/li>\n<li style=\"font-weight: inherit; font-style: inherit;\"><a style=\"font-weight: inherit; font-style: inherit; color: #ce2121;\" href=\"http:\/\/www.youtube.com\/watch?v=3V5zBXW1oP8\">Undarleg tegund af s\u00fdru<\/a><\/li>\n<li style=\"font-weight: inherit; font-style: inherit;\"><a style=\"font-weight: inherit; font-style: inherit; color: #ce2121;\" href=\"http:\/\/www.youtube.com\/watch?v=hzaLOVZkxvY\">H\u00e9rna er f\u00f3lk beitt kynfer\u00f0isofbeldi \u00feegar \u00fea\u00f0 m\u00e6tir \u00ed part\u00fd\u00a0<\/a><\/li>\n<\/ul>\n<p style=\"color: #222222;\">Muni\u00f0 \u00fei\u00f0 hva\u00f0a teiknimyndir voru vins\u00e6lar \u00e1 \u00feessum t\u00edma? J\u00fa, au\u00f0vita\u00f0 muna allir eftir samf\u00e9lags\u00e1deilu eins og Simpsons og South Park en \u00e9g er ekki viss um a\u00f0 allir sem komnir eru yfir fertugt muni eftir\u00a0<a style=\"font-weight: inherit; font-style: inherit; color: #ce2121;\" href=\"https:\/\/www.youtube.com\/watch?v=DuhnZ6ZUPsg\">Happy Tree Friends<\/a>\u00a0\u00a0e\u00f0a\u00a0<a style=\"font-weight: inherit; font-style: inherit; color: #ce2121;\" href=\"http:\/\/www.youtube.com\/watch?v=xxKEXLWS4-k\">Lenore, the Cute Little Dead Girl<\/a>.<\/p>\n<p style=\"color: #222222;\">Subbulegur h\u00famor var gjaldgengur fram til 2010. H\u00famor sem er ekki umborinn \u00ed meinstr\u00edm-fj\u00f6lmi\u00f0lum \u00ed dag og s\u00e6tir \u00f3v\u00e6ginni gagnr\u00fdni, jafnvel kr\u00f6fu um ritsko\u00f0un. \u00deetta sk\u00fdrist ekki af \u00fev\u00ed a\u00f0 manneskjur hafi veri\u00f0 verr innr\u00e6ttar e\u00f0a verr uppl\u00fdstar \u00e1ri\u00f0 1999 en \u00e1ri\u00f0 2014, \u00feetta er eitthva\u00f0 fl\u00f3knara en \u00fea\u00f0. Og \u00fea\u00f0 vitum vi\u00f0, enda hefur svosem enginn veri\u00f0 fleginn lifandi fyrir \u00fe\u00e6r g\u00f6mlu syndir. Nema n\u00e1tt\u00farulega Gillz. Hann r\u00e9\u00f0ist \u00e1 eina v\u00edgi\u00f0 sem er alheilagt; sko\u00f0anir feminista og talsmenn \u00feeirra.<\/p>\n<h2 style=\"color: #111111;\">Interneti\u00f0 og hli\u00f0arsj\u00e1lfin<\/h2>\n<p style=\"color: #222222;\">\u00c1 \u00feessum t\u00edma skildum vi\u00f0 interneti\u00f0 ekki almennilega. Vi\u00f0 g\u00e1fum vinum og vandam\u00f6nnum upp vefsl\u00f3\u00f0ina \u00e1 bloggi\u00f0 okkar og f\u00f3rum gj\u00f6rsamlega \u00ed hn\u00fat \u00feegar vi\u00f0 fr\u00e9ttum a\u00f0 Gunna fr\u00e6nka l\u00e6si \u00fea\u00f0 l\u00edka. E\u00f0a vissi yfirh\u00f6fu\u00f0 a\u00f0 vi\u00f0 hef\u00f0um einhvernt\u00edma skrifa\u00f0 eitthva\u00f0 \u00e1 neti\u00f0. Vi\u00f0 g\u00f6ptum af undrun og hrifningu \u00feegar vi\u00f0 s\u00e1um skj\u00e1skot \u00ed fyrsta sinn. Vi\u00f0 vissum ekki a\u00f0 \u00fea\u00f0 a\u00f0 ey\u00f0a f\u00e6rslu v\u00e6ri engin trygging fyrir \u00fev\u00ed a\u00f0 h\u00fan hyrfi endanlega. Sum okkar \u00feekktu ekki einu sinni hugtaki\u00f0 ip-tala.<\/p>\n<p style=\"color: #222222;\">Bernskuskei\u00f0 internetsins\u00a0var einnig \u201erole-play\u201c t\u00edmabil \u00e1 netinu. Vins\u00e6lir samskiptavefir bu\u00f0u ekki upp \u00e1 m\u00f6guleikann \u00e1 pr\u00f3f\u00edlmynd og \u00fea\u00f0 var venja fremur en undantekning, b\u00e6\u00f0i \u00e1 samskiptavefjum og \u00ed bloggheimum a\u00f0 velja notendan\u00f6fn sem minntu l\u00edti\u00f0 \u00e1 \u00feau n\u00f6fn sem tengdust kennit\u00f6lum okkar \u00ed \u00fej\u00f3\u00f0skr\u00e1. Um og upp\u00far 2005 var n\u00e1nast jafn sj\u00e1lfsagt a\u00f0 eiga bloggsv\u00e6\u00f0i og st\u00edlab\u00f3k og skipti \u00fe\u00e1 litlu hvort menn voru skrifandi og hvort \u00feeir h\u00f6f\u00f0u eitthva\u00f0 a\u00f0 segja.<\/p>\n<p style=\"color: #222222;\">S\u00f3\u00f0ah\u00famor, internet og \u201erole-play\u201c. Hv\u00edl\u00edkt komb\u00f3. \u00dea\u00f0 var ekki bara part\u00fd \u00e1 netinu heldur rallandi fyller\u00ed. Au\u00f0vita\u00f0 f\u00f3r eitthva\u00f0 \u00farskei\u00f0is. Au\u00f0vita\u00f0 var\u00f0 ni\u00f0url\u00e6gjandi h\u00famor gjaldgengur \u00e1 netinu eins og annarssta\u00f0ar.\u00a0Bloggarar skrifu\u00f0u oft undir dulnefni og \u201ealtereg\u00f3i\u00f0\u201c \u00e1 netinu var ekki endilega tr\u00faver\u00f0ug pers\u00f3na heldur oft \u00fdkt \u00fatg\u00e1fa e\u00f0a skrumsk\u00e6ling \u00e1 manneskjunni sem st\u00f3\u00f0 \u00e1 bak vi\u00f0 \u00fea\u00f0. Ruddalegir karakterar me\u00f0 ruddalegan h\u00famor \u00fe\u00f3ttu k\u00fal og ur\u00f0u sm\u00e1stirni \u00e1 samskiptavefjum.<\/p>\n<p style=\"color: #222222;\">Kannski var\u00a0<a style=\"font-weight: inherit; font-style: inherit; color: #ce2121;\" href=\"http:\/\/mengella.blogspot.co.uk\/2007\/11\/og-er-opinbert.html\">Meinhorni\u00f0 Mengella<\/a>\u00a0vins\u00e6lasti karakterinn \u00ed h\u00f3pi netstirna.<del style=\"font-weight: inherit; font-style: inherit;\">\u00a0Hildur Lilliendahl \u00e1tti einmitt einhvern \u00fe\u00e1tt\u00a0<\/del><del style=\"font-weight: inherit; font-style: inherit;\">er s\u00f6g\u00f0 hafa \u00e1tt einhvern \u00fe\u00e1tt \u00ed \u00feeim karakter en hefur ekki sta\u00f0fest \u00fea\u00f0 sj\u00e1lf<\/del>.<\/p>\n<p style=\"color: #222222;\"><span style=\"font-weight: inherit; font-style: inherit; color: #800000;\">(Uppf\u00e6rt 1. mars: \u00a0\u00cd f\u00e6rslunni sem \u00e9g tengdi \u00e1 h\u00e9r a\u00f0 ofan segist Mengella vera tiltekinn h\u00f3pur f\u00f3lks. S\u00ed\u00f0ar sag\u00f0i h\u00fan a\u00f0 \u00fea\u00f0 hef\u00f0i veri\u00f0\u00a0<a style=\"font-weight: inherit; font-style: inherit; color: #ce2121;\" href=\"http:\/\/mengella.blogspot.co.uk\/2007\/11\/og-blndungurinn-kom-fljgandi-inn-um.html\"><span style=\"font-weight: inherit; font-style: inherit; color: #800000;\">hin mesta lygi<\/span><\/a>, sprottin af leik \u00fear sem meint ritstj\u00f3rn Mengellu var a\u00f0 reyna a\u00f0 stela \u00edmynd Mengellu.\u00a0M\u00e9r skilst a\u00f0 \u00ed dag hafi menn \u00fea\u00f0 fyrir satt a\u00f0\u00a0<a style=\"font-weight: inherit; font-style: inherit; color: #ce2121;\" href=\"http:\/\/www.mbl.is\/greinasafn\/grein\/1189505\/\"><span style=\"font-weight: inherit; font-style: inherit; color: #800000;\">\u00d3lafur Sindri s\u00e9 h\u00f6fundur og \u00e1byrg\u00f0arma\u00f0ur Mengellu<\/span><\/a>. Fyrri f\u00e6rslan stendur \u00fe\u00f3 enn. Ef til vill telur Mengella a\u00f0 f\u00f3lk lesi blogg \u00e1 sama h\u00e1tt og sk\u00e1lds\u00f6gur. M\u00e9r er reyndar alveg sama hver h\u00f6fundurinn er enda \u00e1tti \u00feessi f\u00e6rsla ekki a\u00f0 sn\u00faast um Mengellu og h\u00f6fund hennar heldur um poppk\u00falt\u00far \u00feessa t\u00edmabils en \u00fea\u00f0 er \u00fat af fyrir sig \u00e1hugaver\u00f0ur vinkill \u00e1 \u00feessa netmenningu a\u00f0 ungir netverjar hafi \u00fdmist stoli\u00f0 hli\u00f0arsj\u00e1lfum annarra e\u00f0a logi\u00f0 s\u00ednum eigin hli\u00f0arsj\u00e1lfum upp \u00e1 a\u00f0ra.)<\/span><\/p>\n<p style=\"color: #222222;\">Annar vins\u00e6ll karakter \u00far d\u00e6gurmenningu \u00e1ranna 2000-2009 var hinn alr\u00e6mdi Gillz. \u00deau tv\u00f6 \u00e1ttu ekki margt sameiginlegt. Mengella var samf\u00e9lagsr\u00fdnir, Gillz var l\u00edkamsr\u00e6ktar- og part\u00fdgaur. B\u00e6\u00f0i l\u00f6g\u00f0u sig \u00fe\u00f3 fram um a\u00f0 \u00f6gra og hneyksla, hvort \u00e1 sinn h\u00e1tt.<\/p>\n<p style=\"color: #222222;\">\u00c9g hef aldrei fylgst me\u00f0 umr\u00e6\u00f0um \u00e1 Barnalandi en m\u00e9r skilst \u00e1 umr\u00e6\u00f0u s\u00ed\u00f0ustu daga a\u00f0 \u00fear hafi samskonar h\u00famor veri\u00f0 gjaldgengur og s\u00e1 sem fram til 2010 t\u00ed\u00f0ka\u00f0ist annarssta\u00f0ar \u00ed samf\u00e9laginu. \u00c9g tr\u00fai Hildi Lilliendahl \u00feegar h\u00fan segir\u00a0<a style=\"font-weight: inherit; font-style: inherit; color: #ce2121;\" href=\"http:\/\/www.visir.is\/-engin-alvara-a-bakvid-strigakjaftinn-i-nottz-\/article\/2014140228833\">enga alv\u00f6ru hafa veri\u00f0 \u00e1 bak vi\u00f0 strigakjaftinn N\u00f6ttz<\/a>\u00a0og a\u00f0 h\u00fan hefi bara veri\u00f0 a\u00f0 gr\u00ednast me\u00f0 \u00fev\u00ed a\u00f0\u00a0<a style=\"font-weight: inherit; font-style: inherit; color: #ce2121;\" href=\"http:\/\/www.visir.is\/sagdi-ad-thordis-kjartansdottir-vaeri-rettdraep--mella-\/article\/2014140228836\">kalla nafngreinda konu r\u00e9ttdr\u00e6pa mellu.<\/a>\u00a0R\u00e9tt eins og \u00e9g tr\u00fai Agli Einarssyni \u00feegar hann sk\u00fdrir \u00f3smekklegar bloggf\u00e6rslur sem \u00feess t\u00edma h\u00famor. \u00a0H\u00famorinn sem var \u00ed t\u00edsku var steiktur og ruddalegur og hinn margumr\u00e6ddi netd\u00f3lgur \u201eN\u00f6ttz\u201c ver\u00f0ur ekki me\u00f0 neinni sanngirni d\u00e6mdur \u00e1n \u00feess samhengis. Ekki frekar en Gillz. Munurinn \u00e1 \u00feeim Hildi Lilliendahl og Agli Einassyni er \u00fe\u00f3 s\u00e1 a\u00f0 Egill hefur aldrei teki\u00f0 a\u00f0 s\u00e9r hlutverk si\u00f0apostulans. \u00dea\u00f0 hefur Hildur gert og \u00fea\u00f0 er \u00feessvegna sem \u00f6ll spj\u00f3t beinast a\u00f0 henni n\u00fa. Ekki beinl\u00ednis vegna \u00f3g\u00e6tilegra or\u00f0a sem h\u00fan hefur l\u00e1ti\u00f0 falla \u00e1 netinu e\u00f0a l\u00e1ti\u00f0 hj\u00e1 l\u00ed\u00f0a a\u00f0 fjarl\u00e6gja \u00feegar einhver annar hefur p\u00f3sta\u00f0 \u00ed hennar nafni, heldur vegna skinhelginnar sem felst \u00ed \u00fev\u00ed a\u00f0 d\u00e6ma anna\u00f0 f\u00f3lk fyrir kvenhatur, \u00e1n \u00feess a\u00f0 taka til greina neinar sk\u00fdringar e\u00f0a afsakanir \u00e1 \u00feeim or\u00f0um sem \u00fea\u00f0 hefur l\u00e1ti\u00f0 falla.<\/p>\n<h2 style=\"color: #111111;\">H\u00e6ttan vi\u00f0 a\u00f0 gera f\u00f3lk a\u00f0 hetjum<\/h2>\n<p style=\"color: #222222;\">Manneskjum ver\u00f0ur \u00fdmislegt \u00e1 \u00ed l\u00edfinu. \u00c9g s\u00e9 eftir sumu af \u00fev\u00ed sem \u00e9g hef sagt \u00e1 netinu. \u00a0\u00dea\u00f0 er \u00e1rei\u00f0anlega l\u00edka h\u00e6gt a\u00f0 finna eitthva\u00f0 sem \u00e9g hef sagt \u00e1 netinu \u00ed h\u00e1lfk\u00e6ringi sem \u00e9g hef gleymt og aldrei \u00e1tta\u00f0 mig \u00e1 a\u00f0 kunni a\u00f0 hafa komi\u00f0 illa vi\u00f0 einhvern. Og stundum er m\u00e9r bara sama. Vanh\u00e6ft f\u00f3lk \u00ed valdast\u00f6\u00f0um m\u00e1 til d\u00e6mis alveg engjast \u00fear til \u00fea\u00f0 segir af s\u00e9r m\u00edn vegna. \u00c9g held a\u00f0 Hildur s\u00e9 bara \u00f3sk\u00f6p svipu\u00f0 m\u00e9r og m\u00f6rgum \u00f6\u00f0rum hva\u00f0 \u00feetta var\u00f0ar. H\u00fan l\u00edtur til baka n\u00fana og s\u00e9r eitthva\u00f0 sem hef\u00f0i m\u00e1tt betur fara, eitthva\u00f0 sem h\u00fan upplif\u00f0i allt \u00f6\u00f0ruv\u00edsi en vi\u00f0m\u00e6lendur hennar. H\u00fan er sannarlega ekki ein um \u00fea\u00f0.<\/p>\n<p style=\"color: #222222;\">Hildur ver\u00f0ur kannski ekki s\u00e6md neinum hetjutitli alveg \u00e1 n\u00e6stunni. En h\u00fan hefur \u00e1kve\u00f0i\u00f0 mann\u00e1tsfylgi (\u00fe.e. f\u00f3lk sem mun ekki einu sinni sn\u00faa baki vi\u00f0 s\u00ednum lei\u00f0togum \u00fe\u00f3tt komist upp a\u00f0 \u00feeir stundi mann\u00e1tsveislur) og heldur bara s\u00ednu striki. Og kannski \u00e6ttum vi\u00f0 sem ekki erum \u00ed klappli\u00f0inu, \u00ed sta\u00f0 \u00feess a\u00f0 r\u00e1\u00f0ast \u00e1 Hildi sem pers\u00f3nu, a\u00f0 l\u00e1ta hana bara \u00ed fri\u00f0i og velta frekar fyrir okkur hva\u00f0a \u00e1byrg\u00f0 vi\u00f0, sem samf\u00e9lag, berum me\u00f0 \u00fev\u00ed a\u00f0 setja manneskjur \u00e1 stall.<\/p>\n<p style=\"color: #222222;\">Samf\u00e9lag okkar setti Egil Einarsson \u00e1 stall sem \u00fatlits og t\u00f6ffheitafyrirmynd. Annar armur sama samf\u00e9lags jar\u00f0a\u00f0i Gillz. Samf\u00e9lag okkar setti Hildi Lilliendahl \u00e1 stall sem si\u00f0fer\u00f0ilegan lei\u00f0toga og n\u00fa er annar armur sama samf\u00e9lags a\u00f0 jar\u00f0a N\u00f6ttzenegger. Kannski \u00e6ttum vi\u00f0 a\u00f0 l\u00e1ta \u00fe\u00e1 einstaklinga sem hafa eitthva\u00f0 upp \u00e1 \u00feetta f\u00f3lk a\u00f0 klaga um a\u00f0 gera upp m\u00e1lin vi\u00f0 \u00feau \u00ed sta\u00f0 \u00feess a\u00f0 skipa okkur \u00ed li\u00f0. Og kannski \u00e6ttum vi\u00f0 bara a\u00f0 l\u00e6ra \u00fea\u00f0 af \u00feessu \u00f6llu saman a\u00f0 h\u00e6tta a\u00f0 gera f\u00f3lk a\u00f0 hetjum og lei\u00f0togum \u00fe\u00f3tt \u00fea\u00f0 segi eitthva\u00f0 sem fellur okkur \u00ed ge\u00f0. H\u00e6tta a\u00f0 heg\u00f0a okkur eins og hj\u00f6r\u00f0 sem jarmar upp \u00ed lei\u00f0toga sinn og gerir or\u00f0 hans a\u00f0 tr\u00faarsetningum.<\/p>\n<p style=\"color: #222222;\">\u00dea\u00f0 er meiri h\u00e6tta \u00e1 mei\u00f0slum ef ma\u00f0ur hefur af h\u00e1um stalli a\u00f0 falla. \u00dea\u00f0 er bara \u00feannig. Svo ef okkur \u00feykir v\u00e6nt um f\u00f3lk, \u00fe\u00e1 \u00e6ttum vi\u00f0 a\u00f0 hl\u00edfa \u00fev\u00ed vi\u00f0 \u00feeirri h\u00e6ttu.<\/p>\n","protected":false},"excerpt":{"rendered":"<p>Or\u00f0i\u00f0 Hildarleikur \u00e1 einkar vel vi\u00f0 \u00fe\u00e1 umr\u00e6\u00f0u sem fer fram \u00e1 netinu einmitt n\u00fana. Kona sem hefur sta\u00f0i\u00f0 \u00ed langvinnu str\u00ed\u00f0i vi\u00f0 hvern \u00feann karl sem kemur illa fram vi\u00f0 konur e\u00f0a tiltekna konu, er komin \u00ed sj\u00e1lfheldu. Kona &hellip; <a href=\"https:\/\/www.norn.is\/kyndillinn\/hildarleikur\/\">Halda \u00e1fram a\u00f0 lesa <span class=\"meta-nav\">&rarr;<\/span><\/a><\/p>\n","protected":false},"author":2,"featured_media":378,"comment_status":"closed","ping_status":"open","sticky":false,"template":"","format":"standard","meta":{"footnotes":""},"categories":[1,15],"tags":[39,38,41,40,42],"class_list":["post-377","post","type-post","status-publish","format-standard","has-post-thumbnail","hentry","category-kyndillinn","category-ordraedan-og-umraedan","tag-barnaland","tag-hildur-lilliendahl","tag-mengella","tag-netnid","tag-nottz"],"yoast_head":"<!-- This site is optimized with the Yoast SEO plugin v27.4 - https:\/\/yoast.com\/product\/yoast-seo-wordpress\/ -->\n<title>Hildarleikur - Kyndillinn<\/title>\n<meta name=\"robots\" content=\"index, follow, max-snippet:-1, max-image-preview:large, max-video-preview:-1\" \/>\n<link rel=\"canonical\" href=\"https:\/\/www.norn.is\/kyndillinn\/hildarleikur\/\" \/>\n<meta property=\"og:locale\" content=\"is_IS\" \/>\n<meta property=\"og:type\" content=\"article\" \/>\n<meta property=\"og:title\" content=\"Hildarleikur - Kyndillinn\" \/>\n<meta property=\"og:description\" content=\"Or\u00f0i\u00f0 Hildarleikur \u00e1 einkar vel vi\u00f0 \u00fe\u00e1 umr\u00e6\u00f0u sem fer fram \u00e1 netinu einmitt n\u00fana. Kona sem hefur sta\u00f0i\u00f0 \u00ed langvinnu str\u00ed\u00f0i vi\u00f0 hvern \u00feann karl sem kemur illa fram vi\u00f0 konur e\u00f0a tiltekna konu, er komin \u00ed sj\u00e1lfheldu. Kona &hellip; Halda \u00e1fram a\u00f0 lesa &rarr;\" \/>\n<meta property=\"og:url\" content=\"https:\/\/www.norn.is\/kyndillinn\/hildarleikur\/\" \/>\n<meta property=\"og:site_name\" content=\"Kyndillinn\" \/>\n<meta property=\"article:published_time\" content=\"2014-02-28T11:56:32+00:00\" \/>\n<meta property=\"article:modified_time\" content=\"2017-09-11T15:41:21+00:00\" \/>\n<meta property=\"og:image\" content=\"https:\/\/www.norn.is\/kyndillinn\/wp-content\/uploads\/sites\/5\/2014\/08\/Screen-Shot-2014-02-28-at-9.35.43-AM-688x451.png\" \/>\n\t<meta property=\"og:image:width\" content=\"688\" \/>\n\t<meta property=\"og:image:height\" content=\"451\" \/>\n\t<meta property=\"og:image:type\" content=\"image\/png\" \/>\n<meta name=\"author\" content=\"Eva Hauksd\u00f3ttir\" \/>\n<meta name=\"twitter:card\" content=\"summary_large_image\" \/>\n<meta name=\"twitter:label1\" content=\"Written by\" \/>\n\t<meta name=\"twitter:data1\" content=\"\" \/>\n\t<meta name=\"twitter:label2\" content=\"Est. reading time\" \/>\n\t<meta name=\"twitter:data2\" content=\"9 minutes\" \/>\n<script type=\"application\/ld+json\" class=\"yoast-schema-graph\">{\"@context\":\"https:\\\/\\\/schema.org\",\"@graph\":[{\"@type\":\"Article\",\"@id\":\"https:\\\/\\\/www.norn.is\\\/kyndillinn\\\/hildarleikur\\\/#article\",\"isPartOf\":{\"@id\":\"https:\\\/\\\/www.norn.is\\\/kyndillinn\\\/hildarleikur\\\/\"},\"author\":{\"name\":\"Eva Hauksd\u00f3ttir\",\"@id\":\"https:\\\/\\\/www.norn.is\\\/kyndillinn\\\/#\\\/schema\\\/person\\\/2eb0fcae9e1ecc61987f7ed9c878531c\"},\"headline\":\"Hildarleikur\",\"datePublished\":\"2014-02-28T11:56:32+00:00\",\"dateModified\":\"2017-09-11T15:41:21+00:00\",\"mainEntityOfPage\":{\"@id\":\"https:\\\/\\\/www.norn.is\\\/kyndillinn\\\/hildarleikur\\\/\"},\"wordCount\":1727,\"image\":{\"@id\":\"https:\\\/\\\/www.norn.is\\\/kyndillinn\\\/hildarleikur\\\/#primaryimage\"},\"thumbnailUrl\":\"https:\\\/\\\/www.norn.is\\\/kyndillinn\\\/wp-content\\\/uploads\\\/sites\\\/5\\\/2014\\\/08\\\/Screen-Shot-2014-02-28-at-9.35.43-AM-688x451.png\",\"keywords\":[\"Barnaland\",\"Hildur Lilliendahl\",\"Mengella\",\"Netn\u00ed\u00f0\",\"N\u00f6ttz\"],\"articleSection\":[\"Kyndillinn\",\"Or\u00f0r\u00e6\u00f0an og umr\u00e6\u00f0an\"],\"inLanguage\":\"is\"},{\"@type\":\"WebPage\",\"@id\":\"https:\\\/\\\/www.norn.is\\\/kyndillinn\\\/hildarleikur\\\/\",\"url\":\"https:\\\/\\\/www.norn.is\\\/kyndillinn\\\/hildarleikur\\\/\",\"name\":\"Hildarleikur - Kyndillinn\",\"isPartOf\":{\"@id\":\"https:\\\/\\\/www.norn.is\\\/kyndillinn\\\/#website\"},\"primaryImageOfPage\":{\"@id\":\"https:\\\/\\\/www.norn.is\\\/kyndillinn\\\/hildarleikur\\\/#primaryimage\"},\"image\":{\"@id\":\"https:\\\/\\\/www.norn.is\\\/kyndillinn\\\/hildarleikur\\\/#primaryimage\"},\"thumbnailUrl\":\"https:\\\/\\\/www.norn.is\\\/kyndillinn\\\/wp-content\\\/uploads\\\/sites\\\/5\\\/2014\\\/08\\\/Screen-Shot-2014-02-28-at-9.35.43-AM-688x451.png\",\"datePublished\":\"2014-02-28T11:56:32+00:00\",\"dateModified\":\"2017-09-11T15:41:21+00:00\",\"author\":{\"@id\":\"https:\\\/\\\/www.norn.is\\\/kyndillinn\\\/#\\\/schema\\\/person\\\/2eb0fcae9e1ecc61987f7ed9c878531c\"},\"breadcrumb\":{\"@id\":\"https:\\\/\\\/www.norn.is\\\/kyndillinn\\\/hildarleikur\\\/#breadcrumb\"},\"inLanguage\":\"is\",\"potentialAction\":[{\"@type\":\"ReadAction\",\"target\":[\"https:\\\/\\\/www.norn.is\\\/kyndillinn\\\/hildarleikur\\\/\"]}]},{\"@type\":\"ImageObject\",\"inLanguage\":\"is\",\"@id\":\"https:\\\/\\\/www.norn.is\\\/kyndillinn\\\/hildarleikur\\\/#primaryimage\",\"url\":\"https:\\\/\\\/www.norn.is\\\/kyndillinn\\\/wp-content\\\/uploads\\\/sites\\\/5\\\/2014\\\/08\\\/Screen-Shot-2014-02-28-at-9.35.43-AM-688x451.png\",\"contentUrl\":\"https:\\\/\\\/www.norn.is\\\/kyndillinn\\\/wp-content\\\/uploads\\\/sites\\\/5\\\/2014\\\/08\\\/Screen-Shot-2014-02-28-at-9.35.43-AM-688x451.png\",\"width\":688,\"height\":451},{\"@type\":\"BreadcrumbList\",\"@id\":\"https:\\\/\\\/www.norn.is\\\/kyndillinn\\\/hildarleikur\\\/#breadcrumb\",\"itemListElement\":[{\"@type\":\"ListItem\",\"position\":1,\"name\":\"Home\",\"item\":\"https:\\\/\\\/www.norn.is\\\/kyndillinn\\\/\"},{\"@type\":\"ListItem\",\"position\":2,\"name\":\"Hildarleikur\"}]},{\"@type\":\"WebSite\",\"@id\":\"https:\\\/\\\/www.norn.is\\\/kyndillinn\\\/#website\",\"url\":\"https:\\\/\\\/www.norn.is\\\/kyndillinn\\\/\",\"name\":\"Kyndillinn\",\"description\":\"Eva um kyn og kl\u00e1m\",\"potentialAction\":[{\"@type\":\"SearchAction\",\"target\":{\"@type\":\"EntryPoint\",\"urlTemplate\":\"https:\\\/\\\/www.norn.is\\\/kyndillinn\\\/?s={search_term_string}\"},\"query-input\":{\"@type\":\"PropertyValueSpecification\",\"valueRequired\":true,\"valueName\":\"search_term_string\"}}],\"inLanguage\":\"is\"},{\"@type\":\"Person\",\"@id\":\"https:\\\/\\\/www.norn.is\\\/kyndillinn\\\/#\\\/schema\\\/person\\\/2eb0fcae9e1ecc61987f7ed9c878531c\",\"name\":\"Eva Hauksd\u00f3ttir\",\"sameAs\":[\"http:\\\/\\\/www.norn.is\"],\"url\":\"https:\\\/\\\/www.norn.is\\\/kyndillinn\\\/author\\\/eva\\\/\"}]}<\/script>\n<!-- \/ Yoast SEO plugin. -->","yoast_head_json":{"title":"Hildarleikur - Kyndillinn","robots":{"index":"index","follow":"follow","max-snippet":"max-snippet:-1","max-image-preview":"max-image-preview:large","max-video-preview":"max-video-preview:-1"},"canonical":"https:\/\/www.norn.is\/kyndillinn\/hildarleikur\/","og_locale":"is_IS","og_type":"article","og_title":"Hildarleikur - Kyndillinn","og_description":"Or\u00f0i\u00f0 Hildarleikur \u00e1 einkar vel vi\u00f0 \u00fe\u00e1 umr\u00e6\u00f0u sem fer fram \u00e1 netinu einmitt n\u00fana. Kona sem hefur sta\u00f0i\u00f0 \u00ed langvinnu str\u00ed\u00f0i vi\u00f0 hvern \u00feann karl sem kemur illa fram vi\u00f0 konur e\u00f0a tiltekna konu, er komin \u00ed sj\u00e1lfheldu. Kona &hellip; Halda \u00e1fram a\u00f0 lesa &rarr;","og_url":"https:\/\/www.norn.is\/kyndillinn\/hildarleikur\/","og_site_name":"Kyndillinn","article_published_time":"2014-02-28T11:56:32+00:00","article_modified_time":"2017-09-11T15:41:21+00:00","og_image":[{"width":688,"height":451,"url":"https:\/\/www.norn.is\/kyndillinn\/wp-content\/uploads\/sites\/5\/2014\/08\/Screen-Shot-2014-02-28-at-9.35.43-AM-688x451.png","type":"image\/png"}],"author":"Eva Hauksd\u00f3ttir","twitter_card":"summary_large_image","twitter_misc":{"Written by":false,"Est. reading time":"9 minutes"},"schema":{"@context":"https:\/\/schema.org","@graph":[{"@type":"Article","@id":"https:\/\/www.norn.is\/kyndillinn\/hildarleikur\/#article","isPartOf":{"@id":"https:\/\/www.norn.is\/kyndillinn\/hildarleikur\/"},"author":{"name":"Eva Hauksd\u00f3ttir","@id":"https:\/\/www.norn.is\/kyndillinn\/#\/schema\/person\/2eb0fcae9e1ecc61987f7ed9c878531c"},"headline":"Hildarleikur","datePublished":"2014-02-28T11:56:32+00:00","dateModified":"2017-09-11T15:41:21+00:00","mainEntityOfPage":{"@id":"https:\/\/www.norn.is\/kyndillinn\/hildarleikur\/"},"wordCount":1727,"image":{"@id":"https:\/\/www.norn.is\/kyndillinn\/hildarleikur\/#primaryimage"},"thumbnailUrl":"https:\/\/www.norn.is\/kyndillinn\/wp-content\/uploads\/sites\/5\/2014\/08\/Screen-Shot-2014-02-28-at-9.35.43-AM-688x451.png","keywords":["Barnaland","Hildur Lilliendahl","Mengella","Netn\u00ed\u00f0","N\u00f6ttz"],"articleSection":["Kyndillinn","Or\u00f0r\u00e6\u00f0an og umr\u00e6\u00f0an"],"inLanguage":"is"},{"@type":"WebPage","@id":"https:\/\/www.norn.is\/kyndillinn\/hildarleikur\/","url":"https:\/\/www.norn.is\/kyndillinn\/hildarleikur\/","name":"Hildarleikur - Kyndillinn","isPartOf":{"@id":"https:\/\/www.norn.is\/kyndillinn\/#website"},"primaryImageOfPage":{"@id":"https:\/\/www.norn.is\/kyndillinn\/hildarleikur\/#primaryimage"},"image":{"@id":"https:\/\/www.norn.is\/kyndillinn\/hildarleikur\/#primaryimage"},"thumbnailUrl":"https:\/\/www.norn.is\/kyndillinn\/wp-content\/uploads\/sites\/5\/2014\/08\/Screen-Shot-2014-02-28-at-9.35.43-AM-688x451.png","datePublished":"2014-02-28T11:56:32+00:00","dateModified":"2017-09-11T15:41:21+00:00","author":{"@id":"https:\/\/www.norn.is\/kyndillinn\/#\/schema\/person\/2eb0fcae9e1ecc61987f7ed9c878531c"},"breadcrumb":{"@id":"https:\/\/www.norn.is\/kyndillinn\/hildarleikur\/#breadcrumb"},"inLanguage":"is","potentialAction":[{"@type":"ReadAction","target":["https:\/\/www.norn.is\/kyndillinn\/hildarleikur\/"]}]},{"@type":"ImageObject","inLanguage":"is","@id":"https:\/\/www.norn.is\/kyndillinn\/hildarleikur\/#primaryimage","url":"https:\/\/www.norn.is\/kyndillinn\/wp-content\/uploads\/sites\/5\/2014\/08\/Screen-Shot-2014-02-28-at-9.35.43-AM-688x451.png","contentUrl":"https:\/\/www.norn.is\/kyndillinn\/wp-content\/uploads\/sites\/5\/2014\/08\/Screen-Shot-2014-02-28-at-9.35.43-AM-688x451.png","width":688,"height":451},{"@type":"BreadcrumbList","@id":"https:\/\/www.norn.is\/kyndillinn\/hildarleikur\/#breadcrumb","itemListElement":[{"@type":"ListItem","position":1,"name":"Home","item":"https:\/\/www.norn.is\/kyndillinn\/"},{"@type":"ListItem","position":2,"name":"Hildarleikur"}]},{"@type":"WebSite","@id":"https:\/\/www.norn.is\/kyndillinn\/#website","url":"https:\/\/www.norn.is\/kyndillinn\/","name":"Kyndillinn","description":"Eva um kyn og kl\u00e1m","potentialAction":[{"@type":"SearchAction","target":{"@type":"EntryPoint","urlTemplate":"https:\/\/www.norn.is\/kyndillinn\/?s={search_term_string}"},"query-input":{"@type":"PropertyValueSpecification","valueRequired":true,"valueName":"search_term_string"}}],"inLanguage":"is"},{"@type":"Person","@id":"https:\/\/www.norn.is\/kyndillinn\/#\/schema\/person\/2eb0fcae9e1ecc61987f7ed9c878531c","name":"Eva Hauksd\u00f3ttir","sameAs":["http:\/\/www.norn.is"],"url":"https:\/\/www.norn.is\/kyndillinn\/author\/eva\/"}]}},"_links":{"self":[{"href":"https:\/\/www.norn.is\/kyndillinn\/wp-json\/wp\/v2\/posts\/377","targetHints":{"allow":["GET"]}}],"collection":[{"href":"https:\/\/www.norn.is\/kyndillinn\/wp-json\/wp\/v2\/posts"}],"about":[{"href":"https:\/\/www.norn.is\/kyndillinn\/wp-json\/wp\/v2\/types\/post"}],"author":[{"embeddable":true,"href":"https:\/\/www.norn.is\/kyndillinn\/wp-json\/wp\/v2\/users\/2"}],"replies":[{"embeddable":true,"href":"https:\/\/www.norn.is\/kyndillinn\/wp-json\/wp\/v2\/comments?post=377"}],"version-history":[{"count":3,"href":"https:\/\/www.norn.is\/kyndillinn\/wp-json\/wp\/v2\/posts\/377\/revisions"}],"predecessor-version":[{"id":2101,"href":"https:\/\/www.norn.is\/kyndillinn\/wp-json\/wp\/v2\/posts\/377\/revisions\/2101"}],"wp:featuredmedia":[{"embeddable":true,"href":"https:\/\/www.norn.is\/kyndillinn\/wp-json\/wp\/v2\/media\/378"}],"wp:attachment":[{"href":"https:\/\/www.norn.is\/kyndillinn\/wp-json\/wp\/v2\/media?parent=377"}],"wp:term":[{"taxonomy":"category","embeddable":true,"href":"https:\/\/www.norn.is\/kyndillinn\/wp-json\/wp\/v2\/categories?post=377"},{"taxonomy":"post_tag","embeddable":true,"href":"https:\/\/www.norn.is\/kyndillinn\/wp-json\/wp\/v2\/tags?post=377"}],"curies":[{"name":"wp","href":"https:\/\/api.w.org\/{rel}","templated":true}]}}