{"id":3381,"date":"2018-03-03T08:31:57","date_gmt":"2018-03-03T08:31:57","guid":{"rendered":"http:\/\/www.norn.is\/kyndillinn\/?p=3381"},"modified":"2018-03-04T08:27:21","modified_gmt":"2018-03-04T08:27:21","slug":"og-svarid-er-ja","status":"publish","type":"post","link":"https:\/\/www.norn.is\/kyndillinn\/og-svarid-er-ja\/","title":{"rendered":"Og svari\u00f0 er j\u00e1"},"content":{"rendered":"<p><a href=\"http:\/\/www.norn.is\/kyndillinn\/wp-content\/uploads\/sites\/5\/2018\/03\/tumblr_osbasydgNe1ur6gmeo1_1280.jpg\"><img loading=\"lazy\" decoding=\"async\" class=\"aligncenter size-full wp-image-3398\" src=\"http:\/\/www.norn.is\/kyndillinn\/wp-content\/uploads\/sites\/5\/2018\/03\/tumblr_osbasydgNe1ur6gmeo1_1280.jpg\" alt=\"\" width=\"1242\" height=\"697\" srcset=\"https:\/\/www.norn.is\/kyndillinn\/wp-content\/uploads\/sites\/5\/2018\/03\/tumblr_osbasydgNe1ur6gmeo1_1280.jpg 1242w, https:\/\/www.norn.is\/kyndillinn\/wp-content\/uploads\/sites\/5\/2018\/03\/tumblr_osbasydgNe1ur6gmeo1_1280-300x168.jpg 300w, https:\/\/www.norn.is\/kyndillinn\/wp-content\/uploads\/sites\/5\/2018\/03\/tumblr_osbasydgNe1ur6gmeo1_1280-768x431.jpg 768w, https:\/\/www.norn.is\/kyndillinn\/wp-content\/uploads\/sites\/5\/2018\/03\/tumblr_osbasydgNe1ur6gmeo1_1280-1024x575.jpg 1024w, https:\/\/www.norn.is\/kyndillinn\/wp-content\/uploads\/sites\/5\/2018\/03\/tumblr_osbasydgNe1ur6gmeo1_1280-500x281.jpg 500w\" sizes=\"auto, (max-width: 1242px) 100vw, 1242px\" \/><\/a><a href=\"http:\/\/www.norn.is\/kyndillinn\/wp-content\/uploads\/sites\/5\/2018\/02\/tumblr_p4oi9uUO1N1uzgfpdo1_500.png\"><img loading=\"lazy\" decoding=\"async\" class=\"alignleft wp-image-3382 size-medium\" src=\"http:\/\/www.norn.is\/kyndillinn\/wp-content\/uploads\/sites\/5\/2018\/02\/tumblr_p4oi9uUO1N1uzgfpdo1_500-300x194.png\" alt=\"\" width=\"300\" height=\"194\" srcset=\"https:\/\/www.norn.is\/kyndillinn\/wp-content\/uploads\/sites\/5\/2018\/02\/tumblr_p4oi9uUO1N1uzgfpdo1_500-300x194.png 300w, https:\/\/www.norn.is\/kyndillinn\/wp-content\/uploads\/sites\/5\/2018\/02\/tumblr_p4oi9uUO1N1uzgfpdo1_500.png 452w\" sizes=\"auto, (max-width: 300px) 100vw, 300px\" \/><\/a><\/p>\n<p>&nbsp;<\/p>\n<p><a href=\"http:\/\/www.norn.is\/kyndillinn\/thorf-fyrir-andfeminisma\/\">Er \u00fe\u00f6rf fyrir\u00a0andfem\u00ednisma<\/a> \u00ed samf\u00e9lagi sem stendur \u00e1 \u00f6ndinni af hneykslun ef einhver h\u00e1lfviti segir eitthva\u00f0 sem m\u00f6gulegt er a\u00f0 t\u00falka sem karlrembu en finnst svona augl\u00fdsing bara allt \u00ed lagi?<\/p>\n<p><!--more--><\/p>\n<p>&nbsp;<\/p>\n<p>\u00cd samf\u00e9lagi sem kyngir \u00fev\u00ed bara hr\u00e1u \u00feegar al\u00fe\u00fd\u00f0uskilgreiningin \u00e1 kynfer\u00f0isofbeldi er r\u00fdmku\u00f0 \u00fear til or\u00f0 eins og &#8222;kynfer\u00f0isleg \u00e1reitni&#8220; og &#8222;nau\u00f0gun&#8220; hafa enga merkingu lengur?<\/p>\n<p>\u00cd samf\u00e9lagi \u00fear sem <a href=\"http:\/\/www.visir.is\/g\/2018180309819\">biskup tekur a\u00f0 s\u00e9r ranns\u00f3kn sakam\u00e1la?<\/a><\/p>\n<p>\u00cd samf\u00e9lagi sem \u00ed sta\u00f0 sta\u00f0 \u00feess a\u00f0 hveta til sko\u00f0anaskipta og r\u00f6kr\u00e6\u00f0na l\u00e6tur \u00fea\u00f0 \u00f3\u00e1tali\u00f0 \u00feegar reynt er a\u00f0 \u00feagga ni\u00f0ur \u00ed hverjum \u00feeim sem hefur a\u00f0rar sko\u00f0anir en d\u00f3lgafem\u00ednistar, ekki bara me\u00f0 ritsko\u00f0unar\u00f3rum heldur einnig me\u00f0 \u00fev\u00ed a\u00f0 kalla andm\u00e6landann <a href=\"http:\/\/www.visir.is\/g\/2018180129012\/kalladur-kaktuspungur-og-perri-a-facebook-thetta-metoo-er-bara-komid-i-algjort-rugl-\">kaktuspung og perra<\/a>\u00a0en \u00feolir svo ekki \u00f3kurteisi gagnvart konum?<\/p>\n<p>\u00cd samf\u00e9lagi sem krefst \u00feess a\u00f0 karlar taki \u00e1byrg\u00f0 \u00e1 kynfer\u00f0isofbeldi en \u00fath\u00fa\u00f0ar \u00feeim svo fyrir valdn\u00ed\u00f0slu \u00feegar \u00feeir leggjast \u00ed dufti\u00f0 og <a href=\"http:\/\/www.dv.is\/frettir\/2017\/10\/23\/thordur-vidurkenndi-naudgun-i-othokk-hennar-enn-og-aftur-skiptir-thad-ekki-mali-hvernig-eg-myndi-taka-i-thetta\/\">j\u00e1ta syndir s\u00ednar opinberlega<\/a>?<\/p>\n<p>\u00cd samf\u00e9lagi sem kallar hef\u00f0bundnar \u00e1star- og hetjus\u00f6gur &#8222;<a href=\"http:\/\/www.visir.is\/g\/2018180218886\">ska\u00f0lega karlmennsku<\/a>&#8220; en getur ekki svara\u00f0 \u00fev\u00ed hverskonar karlmennska teljist \u00fe\u00e1 \u00f3ska\u00f0leg?<\/p>\n<p>\u00cd samf\u00e9lagi \u00fear sem l\u00f6greglan er \u00fdmist gagnr\u00fdnd fyrir a\u00f0 <a href=\"http:\/\/kvennabladid.is\/2014\/01\/06\/viltu-nokkud-vera-ad-kaera\/\">letja brota\u00feola til a\u00f0 k\u00e6ra<\/a> e\u00f0a fyrir a\u00f0 <a href=\"http:\/\/ruv.is\/frett\/tholendur-telja-thryst-um-of-a-skjota-kaeru\">hvetja til \u00feess<\/a>. Hvernig \u00ed \u00f3sk\u00f6punum \u00e1 a\u00f0 vera h\u00e6gt a\u00f0 rannsaka m\u00e1l og sakfella menn ef m\u00e1l eru ekki k\u00e6r\u00f0 fyrr en m\u00f6rgum vikum e\u00f0a m\u00e1nu\u00f0um s\u00ed\u00f0ar? Hva\u00f0 er eiginlega veri\u00f0 a\u00f0 bi\u00f0ja um?<\/p>\n<p>\u00cd samf\u00e9lagi sem gengur \u00fat fr\u00e1 \u00fev\u00ed sem sta\u00f0reynd a\u00f0 launamunur kynjanna byggist \u00e1 \u00f3m\u00e1lefnalegum sj\u00f3narmi\u00f0um og setur \u00fev\u00ed tugi millj\u00f3na \u00ed a\u00f0 fr\u00f3a fem\u00ednistum, <a href=\"http:\/\/www.ruv.is\/frett\/ekki-maelanlegur-arangur-af-jafnlaunaataki-vr\">t.d. me\u00f0 \u00e1rangurslausri jafnlaunavottun<\/a>, enda \u00fe\u00f3tt <a href=\"http:\/\/www.pressan.is\/Frettir\/Lesa_Innlent\/tolfraedingar-skrifa-ekki-upp-a-ad-kynbundinn-launamunur-se-vitraent-hugtak?pressandate=20160306\">v\u00edsindamenn hafni \u00fev\u00ed a\u00f0 t\u00f6lfr\u00e6\u00f0in sta\u00f0festi mismunun<\/a>.<\/p>\n<p>\u00cd samf\u00e9lagi \u00fear sem endalaust er grenja\u00f0 yfir \u00fev\u00ed a\u00f0 konur komist hvergi a\u00f0 \u00ed menningu og listum enda \u00fe\u00f3tt sannleikurinn s\u00e9 s\u00e1 a\u00f0 <a href=\"http:\/\/www.visir.is\/g\/2018180129106\/konur-taka-yfir-lista-og-menningarlifid\">konur stj\u00f3rna \u00fear n\u00e1nast \u00f6llu<\/a>.<\/p>\n<p>\u00cd samf\u00e9lagi sem l\u00edtur \u00e1 afbrot kvenna sem &#8222;<a href=\"http:\/\/www.visir.is\/g\/2017171128816\/-harmleikur-tveggja-systra-og-vidkvaemra-sala-\">harmleiki vi\u00f0kv\u00e6mra s\u00e1lna<\/a>&#8220; en talar afar sjaldan um afbrot karla sem neitt fl\u00f3knara en afbrot.<\/p>\n<p>\u00cd samf\u00e9lagi sem finnur karlrembu sinni farveg \u00ed fem\u00ednisma me\u00f0 \u00fev\u00ed a\u00f0 skilgreina \u00fea\u00f0 sem nau\u00f0gun ef konur <a href=\"https:\/\/stundin.is\/grein\/6263\/naesta-bylting-konur-deila-sogum-af-thvingudu-samthykki\/\">l\u00e1ta undan su\u00f0i<\/a> \u00ed karlm\u00f6nnum e\u00f0a reyna jafnvel beinl\u00ednis a\u00f0 draga karla til \u00e1byrg\u00f0ar fyrir gj\u00f6r\u00f0ir kvenna, eins og t.d. \u00feegar fem\u00ednistar krefja Einar um sk\u00fdringar \u00e1 m\u00ednum skrifum?<\/p>\n<p><a href=\"http:\/\/www.norn.is\/kyndillinn\/wp-content\/uploads\/sites\/5\/2018\/02\/eyeroll.png\"><img loading=\"lazy\" decoding=\"async\" class=\"aligncenter size-full wp-image-3384\" src=\"http:\/\/www.norn.is\/kyndillinn\/wp-content\/uploads\/sites\/5\/2018\/02\/eyeroll.png\" alt=\"\" width=\"716\" height=\"121\" srcset=\"https:\/\/www.norn.is\/kyndillinn\/wp-content\/uploads\/sites\/5\/2018\/02\/eyeroll.png 716w, https:\/\/www.norn.is\/kyndillinn\/wp-content\/uploads\/sites\/5\/2018\/02\/eyeroll-300x51.png 300w, https:\/\/www.norn.is\/kyndillinn\/wp-content\/uploads\/sites\/5\/2018\/02\/eyeroll-500x84.png 500w\" sizes=\"auto, (max-width: 716px) 100vw, 716px\" \/><\/a><\/p>\n<p>Er \u00fe\u00f6rf fyrir andfem\u00ednisma \u00ed samf\u00e9lagi sem er svo gegns\u00fdrt af \u00feessari klikku\u00f0u hugmyndafr\u00e6\u00f0i a\u00f0 \u00fea\u00f0 er \u00fatiloka\u00f0 a\u00f0 sko\u00f0a netmi\u00f0lana \u00e1n \u00feess a\u00f0 ver\u00f0a fyrir s\u00edfelldu \u00f3umbe\u00f0nu fem\u00ednistarunki? \u00dear sem f\u00f3lk heldur a\u00f0 \u00fea\u00f0 a\u00f0 kalla sig fem\u00ednista s\u00e9 hugtaksatri\u00f0i um almennilega manneskju og me\u00f0 \u00fev\u00ed a\u00f0 hafna ruglhugmyndum um fe\u00f0raveldi og nau\u00f0gunarmenningu s\u00e9 ma\u00f0ur a\u00f0 sam\u00feykkja karlrembu og ofbeldi gegn konum og leggja til a\u00f0 konur ver\u00f0i sviptar kosningar\u00e9tti?<\/p>\n<p>Langt fram \u00e1 s\u00ed\u00f0asta \u00e1r haf\u00f0i \u00e9g verulegar efasemdir um gildi \u00feess a\u00f0 mynda skipulega and\u00f3fshreyfingu gegn fem\u00ednisma. \u00dea\u00f0 er h\u00e6tta \u00e1 hjar\u00f0myndun \u00ed \u00f6llum p\u00f3lit\u00edskum hreyfingum og \u00fe\u00e6r geta au\u00f0veldlega or\u00f0i\u00f0 sk\u00e1lkaskj\u00f3l f\u00f3lks sem hefur allt \u00f6nnur markmi\u00f0 en \u00feau sem lagt er upp me\u00f0. En d\u00f3lgafem\u00ednisminn er ekkert \u00e1 undanhaldi og fyrr e\u00f0a s\u00ed\u00f0ar ver\u00f0ur einhver a\u00f0 breg\u00f0ast vi\u00f0. \u00c9g held svei m\u00e9r \u00fe\u00e1 a\u00f0 \u00fea\u00f0 s\u00e9 t\u00edmab\u00e6rt a\u00f0 stofna skipul\u00f6g\u00f0 samt\u00f6k gegn \u00feessum \u00f3f\u00f6gnu\u00f0i.<\/p>\n","protected":false},"excerpt":{"rendered":"<p>&nbsp; Er \u00fe\u00f6rf fyrir\u00a0andfem\u00ednisma \u00ed samf\u00e9lagi sem stendur \u00e1 \u00f6ndinni af hneykslun ef einhver h\u00e1lfviti segir eitthva\u00f0 sem m\u00f6gulegt er a\u00f0 t\u00falka sem karlrembu en finnst svona augl\u00fdsing bara allt \u00ed lagi?<\/p>\n","protected":false},"author":2,"featured_media":3382,"comment_status":"closed","ping_status":"closed","sticky":false,"template":"","format":"standard","meta":{"footnotes":""},"categories":[1,15],"tags":[411],"class_list":["post-3381","post","type-post","status-publish","format-standard","has-post-thumbnail","hentry","category-kyndillinn","category-ordraedan-og-umraedan","tag-andfeminismi"],"yoast_head":"<!-- This site is optimized with the Yoast SEO plugin v27.5 - https:\/\/yoast.com\/product\/yoast-seo-wordpress\/ -->\n<title>Og svari\u00f0 er j\u00e1 - Kyndillinn<\/title>\n<meta name=\"description\" content=\"Er \u00fe\u00f6rf fyrir\u00a0andfem\u00ednisma \u00ed samf\u00e9lagi sem stendur \u00e1 \u00f6ndinni af hneykslun ef einhver h\u00e1lfviti segir eitthva\u00f0 sem m\u00f6gulegt er a\u00f0 t\u00falka sem karlrembu en finnst svona augl\u00fdsing bara allt \u00ed lagi?\" \/>\n<meta name=\"robots\" content=\"index, follow, max-snippet:-1, max-image-preview:large, max-video-preview:-1\" \/>\n<link rel=\"canonical\" href=\"https:\/\/www.norn.is\/kyndillinn\/og-svarid-er-ja\/\" \/>\n<meta property=\"og:locale\" content=\"is_IS\" \/>\n<meta property=\"og:type\" content=\"article\" \/>\n<meta property=\"og:title\" content=\"Og svari\u00f0 er j\u00e1 - Kyndillinn\" \/>\n<meta property=\"og:description\" content=\"Er \u00fe\u00f6rf fyrir\u00a0andfem\u00ednisma \u00ed samf\u00e9lagi sem stendur \u00e1 \u00f6ndinni af hneykslun ef einhver h\u00e1lfviti segir eitthva\u00f0 sem m\u00f6gulegt er a\u00f0 t\u00falka sem karlrembu en finnst svona augl\u00fdsing bara allt \u00ed lagi?\" \/>\n<meta property=\"og:url\" content=\"https:\/\/www.norn.is\/kyndillinn\/og-svarid-er-ja\/\" \/>\n<meta property=\"og:site_name\" content=\"Kyndillinn\" \/>\n<meta property=\"article:published_time\" content=\"2018-03-03T08:31:57+00:00\" \/>\n<meta property=\"article:modified_time\" content=\"2018-03-04T08:27:21+00:00\" \/>\n<meta property=\"og:image\" content=\"https:\/\/www.norn.is\/kyndillinn\/wp-content\/uploads\/sites\/5\/2018\/03\/tumblr_osbasydgNe1ur6gmeo1_1280.jpg\" \/>\n\t<meta property=\"og:image:width\" content=\"1242\" \/>\n\t<meta property=\"og:image:height\" content=\"697\" \/>\n\t<meta property=\"og:image:type\" content=\"image\/jpeg\" \/>\n<meta name=\"author\" content=\"Eva Hauksd\u00f3ttir\" \/>\n<meta name=\"twitter:card\" content=\"summary_large_image\" \/>\n<meta name=\"twitter:image\" content=\"http:\/\/www.norn.is\/kyndillinn\/wp-content\/uploads\/sites\/5\/2018\/03\/tumblr_osbasydgNe1ur6gmeo1_1280.jpg\" \/>\n<meta name=\"twitter:label1\" content=\"Written by\" \/>\n\t<meta name=\"twitter:data1\" content=\"\" \/>\n\t<meta name=\"twitter:label2\" content=\"Est. reading time\" \/>\n\t<meta name=\"twitter:data2\" content=\"3 minutes\" \/>\n<script type=\"application\/ld+json\" class=\"yoast-schema-graph\">{\"@context\":\"https:\\\/\\\/schema.org\",\"@graph\":[{\"@type\":\"Article\",\"@id\":\"https:\\\/\\\/www.norn.is\\\/kyndillinn\\\/og-svarid-er-ja\\\/#article\",\"isPartOf\":{\"@id\":\"https:\\\/\\\/www.norn.is\\\/kyndillinn\\\/og-svarid-er-ja\\\/\"},\"author\":{\"name\":\"Eva Hauksd\u00f3ttir\",\"@id\":\"https:\\\/\\\/www.norn.is\\\/kyndillinn\\\/#\\\/schema\\\/person\\\/2eb0fcae9e1ecc61987f7ed9c878531c\"},\"headline\":\"Og svari\u00f0 er j\u00e1\",\"datePublished\":\"2018-03-03T08:31:57+00:00\",\"dateModified\":\"2018-03-04T08:27:21+00:00\",\"mainEntityOfPage\":{\"@id\":\"https:\\\/\\\/www.norn.is\\\/kyndillinn\\\/og-svarid-er-ja\\\/\"},\"wordCount\":618,\"image\":{\"@id\":\"https:\\\/\\\/www.norn.is\\\/kyndillinn\\\/og-svarid-er-ja\\\/#primaryimage\"},\"thumbnailUrl\":\"https:\\\/\\\/www.norn.is\\\/kyndillinn\\\/wp-content\\\/uploads\\\/sites\\\/5\\\/2018\\\/02\\\/tumblr_p4oi9uUO1N1uzgfpdo1_500.png\",\"keywords\":[\"Andfem\u00ednismi\"],\"articleSection\":[\"Kyndillinn\",\"Or\u00f0r\u00e6\u00f0an og umr\u00e6\u00f0an\"],\"inLanguage\":\"is\"},{\"@type\":\"WebPage\",\"@id\":\"https:\\\/\\\/www.norn.is\\\/kyndillinn\\\/og-svarid-er-ja\\\/\",\"url\":\"https:\\\/\\\/www.norn.is\\\/kyndillinn\\\/og-svarid-er-ja\\\/\",\"name\":\"Og svari\u00f0 er j\u00e1 - Kyndillinn\",\"isPartOf\":{\"@id\":\"https:\\\/\\\/www.norn.is\\\/kyndillinn\\\/#website\"},\"primaryImageOfPage\":{\"@id\":\"https:\\\/\\\/www.norn.is\\\/kyndillinn\\\/og-svarid-er-ja\\\/#primaryimage\"},\"image\":{\"@id\":\"https:\\\/\\\/www.norn.is\\\/kyndillinn\\\/og-svarid-er-ja\\\/#primaryimage\"},\"thumbnailUrl\":\"https:\\\/\\\/www.norn.is\\\/kyndillinn\\\/wp-content\\\/uploads\\\/sites\\\/5\\\/2018\\\/02\\\/tumblr_p4oi9uUO1N1uzgfpdo1_500.png\",\"datePublished\":\"2018-03-03T08:31:57+00:00\",\"dateModified\":\"2018-03-04T08:27:21+00:00\",\"author\":{\"@id\":\"https:\\\/\\\/www.norn.is\\\/kyndillinn\\\/#\\\/schema\\\/person\\\/2eb0fcae9e1ecc61987f7ed9c878531c\"},\"description\":\"Er \u00fe\u00f6rf fyrir\u00a0andfem\u00ednisma \u00ed samf\u00e9lagi sem stendur \u00e1 \u00f6ndinni af hneykslun ef einhver h\u00e1lfviti segir eitthva\u00f0 sem m\u00f6gulegt er a\u00f0 t\u00falka sem karlrembu en finnst svona augl\u00fdsing bara allt \u00ed lagi?\",\"breadcrumb\":{\"@id\":\"https:\\\/\\\/www.norn.is\\\/kyndillinn\\\/og-svarid-er-ja\\\/#breadcrumb\"},\"inLanguage\":\"is\",\"potentialAction\":[{\"@type\":\"ReadAction\",\"target\":[\"https:\\\/\\\/www.norn.is\\\/kyndillinn\\\/og-svarid-er-ja\\\/\"]}]},{\"@type\":\"ImageObject\",\"inLanguage\":\"is\",\"@id\":\"https:\\\/\\\/www.norn.is\\\/kyndillinn\\\/og-svarid-er-ja\\\/#primaryimage\",\"url\":\"https:\\\/\\\/www.norn.is\\\/kyndillinn\\\/wp-content\\\/uploads\\\/sites\\\/5\\\/2018\\\/02\\\/tumblr_p4oi9uUO1N1uzgfpdo1_500.png\",\"contentUrl\":\"https:\\\/\\\/www.norn.is\\\/kyndillinn\\\/wp-content\\\/uploads\\\/sites\\\/5\\\/2018\\\/02\\\/tumblr_p4oi9uUO1N1uzgfpdo1_500.png\",\"width\":452,\"height\":292},{\"@type\":\"BreadcrumbList\",\"@id\":\"https:\\\/\\\/www.norn.is\\\/kyndillinn\\\/og-svarid-er-ja\\\/#breadcrumb\",\"itemListElement\":[{\"@type\":\"ListItem\",\"position\":1,\"name\":\"Home\",\"item\":\"https:\\\/\\\/www.norn.is\\\/kyndillinn\\\/\"},{\"@type\":\"ListItem\",\"position\":2,\"name\":\"Og svari\u00f0 er j\u00e1\"}]},{\"@type\":\"WebSite\",\"@id\":\"https:\\\/\\\/www.norn.is\\\/kyndillinn\\\/#website\",\"url\":\"https:\\\/\\\/www.norn.is\\\/kyndillinn\\\/\",\"name\":\"Kyndillinn\",\"description\":\"Eva um kyn og kl\u00e1m\",\"potentialAction\":[{\"@type\":\"SearchAction\",\"target\":{\"@type\":\"EntryPoint\",\"urlTemplate\":\"https:\\\/\\\/www.norn.is\\\/kyndillinn\\\/?s={search_term_string}\"},\"query-input\":{\"@type\":\"PropertyValueSpecification\",\"valueRequired\":true,\"valueName\":\"search_term_string\"}}],\"inLanguage\":\"is\"},{\"@type\":\"Person\",\"@id\":\"https:\\\/\\\/www.norn.is\\\/kyndillinn\\\/#\\\/schema\\\/person\\\/2eb0fcae9e1ecc61987f7ed9c878531c\",\"name\":\"Eva Hauksd\u00f3ttir\",\"sameAs\":[\"http:\\\/\\\/www.norn.is\"],\"url\":\"https:\\\/\\\/www.norn.is\\\/kyndillinn\\\/author\\\/eva\\\/\"}]}<\/script>\n<!-- \/ Yoast SEO plugin. -->","yoast_head_json":{"title":"Og svari\u00f0 er j\u00e1 - Kyndillinn","description":"Er \u00fe\u00f6rf fyrir\u00a0andfem\u00ednisma \u00ed samf\u00e9lagi sem stendur \u00e1 \u00f6ndinni af hneykslun ef einhver h\u00e1lfviti segir eitthva\u00f0 sem m\u00f6gulegt er a\u00f0 t\u00falka sem karlrembu en finnst svona augl\u00fdsing bara allt \u00ed lagi?","robots":{"index":"index","follow":"follow","max-snippet":"max-snippet:-1","max-image-preview":"max-image-preview:large","max-video-preview":"max-video-preview:-1"},"canonical":"https:\/\/www.norn.is\/kyndillinn\/og-svarid-er-ja\/","og_locale":"is_IS","og_type":"article","og_title":"Og svari\u00f0 er j\u00e1 - Kyndillinn","og_description":"Er \u00fe\u00f6rf fyrir\u00a0andfem\u00ednisma \u00ed samf\u00e9lagi sem stendur \u00e1 \u00f6ndinni af hneykslun ef einhver h\u00e1lfviti segir eitthva\u00f0 sem m\u00f6gulegt er a\u00f0 t\u00falka sem karlrembu en finnst svona augl\u00fdsing bara allt \u00ed lagi?","og_url":"https:\/\/www.norn.is\/kyndillinn\/og-svarid-er-ja\/","og_site_name":"Kyndillinn","article_published_time":"2018-03-03T08:31:57+00:00","article_modified_time":"2018-03-04T08:27:21+00:00","og_image":[{"width":1242,"height":697,"url":"https:\/\/www.norn.is\/kyndillinn\/wp-content\/uploads\/sites\/5\/2018\/03\/tumblr_osbasydgNe1ur6gmeo1_1280.jpg","type":"image\/jpeg"}],"author":"Eva Hauksd\u00f3ttir","twitter_card":"summary_large_image","twitter_image":"http:\/\/www.norn.is\/kyndillinn\/wp-content\/uploads\/sites\/5\/2018\/03\/tumblr_osbasydgNe1ur6gmeo1_1280.jpg","twitter_misc":{"Written by":false,"Est. reading time":"3 minutes"},"schema":{"@context":"https:\/\/schema.org","@graph":[{"@type":"Article","@id":"https:\/\/www.norn.is\/kyndillinn\/og-svarid-er-ja\/#article","isPartOf":{"@id":"https:\/\/www.norn.is\/kyndillinn\/og-svarid-er-ja\/"},"author":{"name":"Eva Hauksd\u00f3ttir","@id":"https:\/\/www.norn.is\/kyndillinn\/#\/schema\/person\/2eb0fcae9e1ecc61987f7ed9c878531c"},"headline":"Og svari\u00f0 er j\u00e1","datePublished":"2018-03-03T08:31:57+00:00","dateModified":"2018-03-04T08:27:21+00:00","mainEntityOfPage":{"@id":"https:\/\/www.norn.is\/kyndillinn\/og-svarid-er-ja\/"},"wordCount":618,"image":{"@id":"https:\/\/www.norn.is\/kyndillinn\/og-svarid-er-ja\/#primaryimage"},"thumbnailUrl":"https:\/\/www.norn.is\/kyndillinn\/wp-content\/uploads\/sites\/5\/2018\/02\/tumblr_p4oi9uUO1N1uzgfpdo1_500.png","keywords":["Andfem\u00ednismi"],"articleSection":["Kyndillinn","Or\u00f0r\u00e6\u00f0an og umr\u00e6\u00f0an"],"inLanguage":"is"},{"@type":"WebPage","@id":"https:\/\/www.norn.is\/kyndillinn\/og-svarid-er-ja\/","url":"https:\/\/www.norn.is\/kyndillinn\/og-svarid-er-ja\/","name":"Og svari\u00f0 er j\u00e1 - Kyndillinn","isPartOf":{"@id":"https:\/\/www.norn.is\/kyndillinn\/#website"},"primaryImageOfPage":{"@id":"https:\/\/www.norn.is\/kyndillinn\/og-svarid-er-ja\/#primaryimage"},"image":{"@id":"https:\/\/www.norn.is\/kyndillinn\/og-svarid-er-ja\/#primaryimage"},"thumbnailUrl":"https:\/\/www.norn.is\/kyndillinn\/wp-content\/uploads\/sites\/5\/2018\/02\/tumblr_p4oi9uUO1N1uzgfpdo1_500.png","datePublished":"2018-03-03T08:31:57+00:00","dateModified":"2018-03-04T08:27:21+00:00","author":{"@id":"https:\/\/www.norn.is\/kyndillinn\/#\/schema\/person\/2eb0fcae9e1ecc61987f7ed9c878531c"},"description":"Er \u00fe\u00f6rf fyrir\u00a0andfem\u00ednisma \u00ed samf\u00e9lagi sem stendur \u00e1 \u00f6ndinni af hneykslun ef einhver h\u00e1lfviti segir eitthva\u00f0 sem m\u00f6gulegt er a\u00f0 t\u00falka sem karlrembu en finnst svona augl\u00fdsing bara allt \u00ed lagi?","breadcrumb":{"@id":"https:\/\/www.norn.is\/kyndillinn\/og-svarid-er-ja\/#breadcrumb"},"inLanguage":"is","potentialAction":[{"@type":"ReadAction","target":["https:\/\/www.norn.is\/kyndillinn\/og-svarid-er-ja\/"]}]},{"@type":"ImageObject","inLanguage":"is","@id":"https:\/\/www.norn.is\/kyndillinn\/og-svarid-er-ja\/#primaryimage","url":"https:\/\/www.norn.is\/kyndillinn\/wp-content\/uploads\/sites\/5\/2018\/02\/tumblr_p4oi9uUO1N1uzgfpdo1_500.png","contentUrl":"https:\/\/www.norn.is\/kyndillinn\/wp-content\/uploads\/sites\/5\/2018\/02\/tumblr_p4oi9uUO1N1uzgfpdo1_500.png","width":452,"height":292},{"@type":"BreadcrumbList","@id":"https:\/\/www.norn.is\/kyndillinn\/og-svarid-er-ja\/#breadcrumb","itemListElement":[{"@type":"ListItem","position":1,"name":"Home","item":"https:\/\/www.norn.is\/kyndillinn\/"},{"@type":"ListItem","position":2,"name":"Og svari\u00f0 er j\u00e1"}]},{"@type":"WebSite","@id":"https:\/\/www.norn.is\/kyndillinn\/#website","url":"https:\/\/www.norn.is\/kyndillinn\/","name":"Kyndillinn","description":"Eva um kyn og kl\u00e1m","potentialAction":[{"@type":"SearchAction","target":{"@type":"EntryPoint","urlTemplate":"https:\/\/www.norn.is\/kyndillinn\/?s={search_term_string}"},"query-input":{"@type":"PropertyValueSpecification","valueRequired":true,"valueName":"search_term_string"}}],"inLanguage":"is"},{"@type":"Person","@id":"https:\/\/www.norn.is\/kyndillinn\/#\/schema\/person\/2eb0fcae9e1ecc61987f7ed9c878531c","name":"Eva Hauksd\u00f3ttir","sameAs":["http:\/\/www.norn.is"],"url":"https:\/\/www.norn.is\/kyndillinn\/author\/eva\/"}]}},"_links":{"self":[{"href":"https:\/\/www.norn.is\/kyndillinn\/wp-json\/wp\/v2\/posts\/3381","targetHints":{"allow":["GET"]}}],"collection":[{"href":"https:\/\/www.norn.is\/kyndillinn\/wp-json\/wp\/v2\/posts"}],"about":[{"href":"https:\/\/www.norn.is\/kyndillinn\/wp-json\/wp\/v2\/types\/post"}],"author":[{"embeddable":true,"href":"https:\/\/www.norn.is\/kyndillinn\/wp-json\/wp\/v2\/users\/2"}],"replies":[{"embeddable":true,"href":"https:\/\/www.norn.is\/kyndillinn\/wp-json\/wp\/v2\/comments?post=3381"}],"version-history":[{"count":12,"href":"https:\/\/www.norn.is\/kyndillinn\/wp-json\/wp\/v2\/posts\/3381\/revisions"}],"predecessor-version":[{"id":3399,"href":"https:\/\/www.norn.is\/kyndillinn\/wp-json\/wp\/v2\/posts\/3381\/revisions\/3399"}],"wp:featuredmedia":[{"embeddable":true,"href":"https:\/\/www.norn.is\/kyndillinn\/wp-json\/wp\/v2\/media\/3382"}],"wp:attachment":[{"href":"https:\/\/www.norn.is\/kyndillinn\/wp-json\/wp\/v2\/media?parent=3381"}],"wp:term":[{"taxonomy":"category","embeddable":true,"href":"https:\/\/www.norn.is\/kyndillinn\/wp-json\/wp\/v2\/categories?post=3381"},{"taxonomy":"post_tag","embeddable":true,"href":"https:\/\/www.norn.is\/kyndillinn\/wp-json\/wp\/v2\/tags?post=3381"}],"curies":[{"name":"wp","href":"https:\/\/api.w.org\/{rel}","templated":true}]}}