{"id":3212,"date":"2011-11-26T15:02:54","date_gmt":"2011-11-26T15:02:54","guid":{"rendered":"http:\/\/www.norn.is\/kyndillinn\/?p=3212"},"modified":"2017-11-26T01:09:55","modified_gmt":"2017-11-26T01:09:55","slug":"sjo-ara-kynferdisglaepamadur","status":"publish","type":"post","link":"https:\/\/www.norn.is\/kyndillinn\/sjo-ara-kynferdisglaepamadur\/","title":{"rendered":"Sj\u00f6 \u00e1ra kynfer\u00f0isgl\u00e6pama\u00f0ur"},"content":{"rendered":"<p><a href=\"http:\/\/www.norn.is\/kyndillinn\/wp-content\/uploads\/sites\/5\/2011\/11\/hate-male2-780x439.jpg\"><img loading=\"lazy\" decoding=\"async\" class=\"alignleft size-full wp-image-3215\" src=\"http:\/\/www.norn.is\/kyndillinn\/wp-content\/uploads\/sites\/5\/2011\/11\/hate-male2-780x439.jpg\" alt=\"\" width=\"780\" height=\"439\" srcset=\"https:\/\/www.norn.is\/kyndillinn\/wp-content\/uploads\/sites\/5\/2011\/11\/hate-male2-780x439.jpg 780w, https:\/\/www.norn.is\/kyndillinn\/wp-content\/uploads\/sites\/5\/2011\/11\/hate-male2-780x439-300x169.jpg 300w, https:\/\/www.norn.is\/kyndillinn\/wp-content\/uploads\/sites\/5\/2011\/11\/hate-male2-780x439-768x432.jpg 768w, https:\/\/www.norn.is\/kyndillinn\/wp-content\/uploads\/sites\/5\/2011\/11\/hate-male2-780x439-500x281.jpg 500w\" sizes=\"auto, (max-width: 780px) 100vw, 780px\" \/><\/a>\u00dea\u00f0 er skelfilega sorglegt a\u00f0 horfa yfir barnah\u00f3p og vita a\u00f0 sennilega ver\u00f0a me\u00f0altekjur telpnanna l\u00e6gri en me\u00f0altekjur drengjanna. En hversu margar sm\u00e1stelpur \u00ed ver\u00f6ldinni hafa veri\u00f0 <a href=\"http:\/\/www.mbl.is\/frettir\/erlent\/2011\/11\/25\/sjo_ara_sakadur_um_kynferdisbrot\/\">\u00fatm\u00e1la\u00f0ar sem kynfer\u00f0isgl\u00e6pamenn<\/a>?<\/p>\n","protected":false},"excerpt":{"rendered":"<p>\u00dea\u00f0 er skelfilega sorglegt a\u00f0 horfa yfir barnah\u00f3p og vita a\u00f0 sennilega ver\u00f0a me\u00f0altekjur telpnanna l\u00e6gri en me\u00f0altekjur drengjanna. En hversu margar sm\u00e1stelpur \u00ed ver\u00f6ldinni hafa veri\u00f0 \u00fatm\u00e1la\u00f0ar sem kynfer\u00f0isgl\u00e6pamenn?<\/p>\n","protected":false},"author":2,"featured_media":3215,"comment_status":"closed","ping_status":"closed","sticky":false,"template":"","format":"standard","meta":{"footnotes":""},"categories":[13,1],"tags":[320,135],"class_list":["post-3212","post","type-post","status-publish","format-standard","has-post-thumbnail","hentry","category-kyn-ofbeldi-og-rettarkerfid","category-kyndillinn","tag-born","tag-glaepaborn"],"yoast_head":"<!-- This site is optimized with the Yoast SEO plugin v27.5 - https:\/\/yoast.com\/product\/yoast-seo-wordpress\/ -->\n<title>Sj\u00f6 \u00e1ra kynfer\u00f0isgl\u00e6pama\u00f0ur - Kyndillinn<\/title>\n<meta name=\"robots\" content=\"index, follow, max-snippet:-1, max-image-preview:large, max-video-preview:-1\" \/>\n<link rel=\"canonical\" href=\"https:\/\/www.norn.is\/kyndillinn\/sjo-ara-kynferdisglaepamadur\/\" \/>\n<meta property=\"og:locale\" content=\"is_IS\" \/>\n<meta property=\"og:type\" content=\"article\" \/>\n<meta property=\"og:title\" content=\"Sj\u00f6 \u00e1ra kynfer\u00f0isgl\u00e6pama\u00f0ur - Kyndillinn\" \/>\n<meta property=\"og:description\" content=\"\u00dea\u00f0 er skelfilega sorglegt a\u00f0 horfa yfir barnah\u00f3p og vita a\u00f0 sennilega ver\u00f0a me\u00f0altekjur telpnanna l\u00e6gri en me\u00f0altekjur drengjanna. En hversu margar sm\u00e1stelpur \u00ed ver\u00f6ldinni hafa veri\u00f0 \u00fatm\u00e1la\u00f0ar sem kynfer\u00f0isgl\u00e6pamenn?\" \/>\n<meta property=\"og:url\" content=\"https:\/\/www.norn.is\/kyndillinn\/sjo-ara-kynferdisglaepamadur\/\" \/>\n<meta property=\"og:site_name\" content=\"Kyndillinn\" \/>\n<meta property=\"article:published_time\" content=\"2011-11-26T15:02:54+00:00\" \/>\n<meta property=\"article:modified_time\" content=\"2017-11-26T01:09:55+00:00\" \/>\n<meta property=\"og:image\" content=\"https:\/\/www.norn.is\/kyndillinn\/wp-content\/uploads\/sites\/5\/2011\/11\/hate-male2-780x439.jpg\" \/>\n\t<meta property=\"og:image:width\" content=\"780\" \/>\n\t<meta property=\"og:image:height\" content=\"439\" \/>\n\t<meta property=\"og:image:type\" content=\"image\/jpeg\" \/>\n<meta name=\"author\" content=\"Eva Hauksd\u00f3ttir\" \/>\n<meta name=\"twitter:card\" content=\"summary_large_image\" \/>\n<meta name=\"twitter:label1\" content=\"Written by\" \/>\n\t<meta name=\"twitter:data1\" content=\"\" \/>\n<script type=\"application\/ld+json\" class=\"yoast-schema-graph\">{\"@context\":\"https:\\\/\\\/schema.org\",\"@graph\":[{\"@type\":\"Article\",\"@id\":\"https:\\\/\\\/www.norn.is\\\/kyndillinn\\\/sjo-ara-kynferdisglaepamadur\\\/#article\",\"isPartOf\":{\"@id\":\"https:\\\/\\\/www.norn.is\\\/kyndillinn\\\/sjo-ara-kynferdisglaepamadur\\\/\"},\"author\":{\"name\":\"Eva Hauksd\u00f3ttir\",\"@id\":\"https:\\\/\\\/www.norn.is\\\/kyndillinn\\\/#\\\/schema\\\/person\\\/2eb0fcae9e1ecc61987f7ed9c878531c\"},\"headline\":\"Sj\u00f6 \u00e1ra kynfer\u00f0isgl\u00e6pama\u00f0ur\",\"datePublished\":\"2011-11-26T15:02:54+00:00\",\"dateModified\":\"2017-11-26T01:09:55+00:00\",\"mainEntityOfPage\":{\"@id\":\"https:\\\/\\\/www.norn.is\\\/kyndillinn\\\/sjo-ara-kynferdisglaepamadur\\\/\"},\"wordCount\":46,\"image\":{\"@id\":\"https:\\\/\\\/www.norn.is\\\/kyndillinn\\\/sjo-ara-kynferdisglaepamadur\\\/#primaryimage\"},\"thumbnailUrl\":\"https:\\\/\\\/www.norn.is\\\/kyndillinn\\\/wp-content\\\/uploads\\\/sites\\\/5\\\/2011\\\/11\\\/hate-male2-780x439.jpg\",\"keywords\":[\"B\u00f6rn\",\"Gl\u00e6pab\u00f6rn\"],\"articleSection\":[\"Kyn, ofbeldi og r\u00e9ttarkerfi\u00f0\",\"Kyndillinn\"],\"inLanguage\":\"is\"},{\"@type\":\"WebPage\",\"@id\":\"https:\\\/\\\/www.norn.is\\\/kyndillinn\\\/sjo-ara-kynferdisglaepamadur\\\/\",\"url\":\"https:\\\/\\\/www.norn.is\\\/kyndillinn\\\/sjo-ara-kynferdisglaepamadur\\\/\",\"name\":\"Sj\u00f6 \u00e1ra kynfer\u00f0isgl\u00e6pama\u00f0ur - Kyndillinn\",\"isPartOf\":{\"@id\":\"https:\\\/\\\/www.norn.is\\\/kyndillinn\\\/#website\"},\"primaryImageOfPage\":{\"@id\":\"https:\\\/\\\/www.norn.is\\\/kyndillinn\\\/sjo-ara-kynferdisglaepamadur\\\/#primaryimage\"},\"image\":{\"@id\":\"https:\\\/\\\/www.norn.is\\\/kyndillinn\\\/sjo-ara-kynferdisglaepamadur\\\/#primaryimage\"},\"thumbnailUrl\":\"https:\\\/\\\/www.norn.is\\\/kyndillinn\\\/wp-content\\\/uploads\\\/sites\\\/5\\\/2011\\\/11\\\/hate-male2-780x439.jpg\",\"datePublished\":\"2011-11-26T15:02:54+00:00\",\"dateModified\":\"2017-11-26T01:09:55+00:00\",\"author\":{\"@id\":\"https:\\\/\\\/www.norn.is\\\/kyndillinn\\\/#\\\/schema\\\/person\\\/2eb0fcae9e1ecc61987f7ed9c878531c\"},\"breadcrumb\":{\"@id\":\"https:\\\/\\\/www.norn.is\\\/kyndillinn\\\/sjo-ara-kynferdisglaepamadur\\\/#breadcrumb\"},\"inLanguage\":\"is\",\"potentialAction\":[{\"@type\":\"ReadAction\",\"target\":[\"https:\\\/\\\/www.norn.is\\\/kyndillinn\\\/sjo-ara-kynferdisglaepamadur\\\/\"]}]},{\"@type\":\"ImageObject\",\"inLanguage\":\"is\",\"@id\":\"https:\\\/\\\/www.norn.is\\\/kyndillinn\\\/sjo-ara-kynferdisglaepamadur\\\/#primaryimage\",\"url\":\"https:\\\/\\\/www.norn.is\\\/kyndillinn\\\/wp-content\\\/uploads\\\/sites\\\/5\\\/2011\\\/11\\\/hate-male2-780x439.jpg\",\"contentUrl\":\"https:\\\/\\\/www.norn.is\\\/kyndillinn\\\/wp-content\\\/uploads\\\/sites\\\/5\\\/2011\\\/11\\\/hate-male2-780x439.jpg\",\"width\":780,\"height\":439},{\"@type\":\"BreadcrumbList\",\"@id\":\"https:\\\/\\\/www.norn.is\\\/kyndillinn\\\/sjo-ara-kynferdisglaepamadur\\\/#breadcrumb\",\"itemListElement\":[{\"@type\":\"ListItem\",\"position\":1,\"name\":\"Home\",\"item\":\"https:\\\/\\\/www.norn.is\\\/kyndillinn\\\/\"},{\"@type\":\"ListItem\",\"position\":2,\"name\":\"Sj\u00f6 \u00e1ra kynfer\u00f0isgl\u00e6pama\u00f0ur\"}]},{\"@type\":\"WebSite\",\"@id\":\"https:\\\/\\\/www.norn.is\\\/kyndillinn\\\/#website\",\"url\":\"https:\\\/\\\/www.norn.is\\\/kyndillinn\\\/\",\"name\":\"Kyndillinn\",\"description\":\"Eva um kyn og kl\u00e1m\",\"potentialAction\":[{\"@type\":\"SearchAction\",\"target\":{\"@type\":\"EntryPoint\",\"urlTemplate\":\"https:\\\/\\\/www.norn.is\\\/kyndillinn\\\/?s={search_term_string}\"},\"query-input\":{\"@type\":\"PropertyValueSpecification\",\"valueRequired\":true,\"valueName\":\"search_term_string\"}}],\"inLanguage\":\"is\"},{\"@type\":\"Person\",\"@id\":\"https:\\\/\\\/www.norn.is\\\/kyndillinn\\\/#\\\/schema\\\/person\\\/2eb0fcae9e1ecc61987f7ed9c878531c\",\"name\":\"Eva Hauksd\u00f3ttir\",\"sameAs\":[\"http:\\\/\\\/www.norn.is\"],\"url\":\"https:\\\/\\\/www.norn.is\\\/kyndillinn\\\/author\\\/eva\\\/\"}]}<\/script>\n<!-- \/ Yoast SEO plugin. -->","yoast_head_json":{"title":"Sj\u00f6 \u00e1ra kynfer\u00f0isgl\u00e6pama\u00f0ur - Kyndillinn","robots":{"index":"index","follow":"follow","max-snippet":"max-snippet:-1","max-image-preview":"max-image-preview:large","max-video-preview":"max-video-preview:-1"},"canonical":"https:\/\/www.norn.is\/kyndillinn\/sjo-ara-kynferdisglaepamadur\/","og_locale":"is_IS","og_type":"article","og_title":"Sj\u00f6 \u00e1ra kynfer\u00f0isgl\u00e6pama\u00f0ur - Kyndillinn","og_description":"\u00dea\u00f0 er skelfilega sorglegt a\u00f0 horfa yfir barnah\u00f3p og vita a\u00f0 sennilega ver\u00f0a me\u00f0altekjur telpnanna l\u00e6gri en me\u00f0altekjur drengjanna. En hversu margar sm\u00e1stelpur \u00ed ver\u00f6ldinni hafa veri\u00f0 \u00fatm\u00e1la\u00f0ar sem kynfer\u00f0isgl\u00e6pamenn?","og_url":"https:\/\/www.norn.is\/kyndillinn\/sjo-ara-kynferdisglaepamadur\/","og_site_name":"Kyndillinn","article_published_time":"2011-11-26T15:02:54+00:00","article_modified_time":"2017-11-26T01:09:55+00:00","og_image":[{"width":780,"height":439,"url":"https:\/\/www.norn.is\/kyndillinn\/wp-content\/uploads\/sites\/5\/2011\/11\/hate-male2-780x439.jpg","type":"image\/jpeg"}],"author":"Eva Hauksd\u00f3ttir","twitter_card":"summary_large_image","twitter_misc":{"Written by":false},"schema":{"@context":"https:\/\/schema.org","@graph":[{"@type":"Article","@id":"https:\/\/www.norn.is\/kyndillinn\/sjo-ara-kynferdisglaepamadur\/#article","isPartOf":{"@id":"https:\/\/www.norn.is\/kyndillinn\/sjo-ara-kynferdisglaepamadur\/"},"author":{"name":"Eva Hauksd\u00f3ttir","@id":"https:\/\/www.norn.is\/kyndillinn\/#\/schema\/person\/2eb0fcae9e1ecc61987f7ed9c878531c"},"headline":"Sj\u00f6 \u00e1ra kynfer\u00f0isgl\u00e6pama\u00f0ur","datePublished":"2011-11-26T15:02:54+00:00","dateModified":"2017-11-26T01:09:55+00:00","mainEntityOfPage":{"@id":"https:\/\/www.norn.is\/kyndillinn\/sjo-ara-kynferdisglaepamadur\/"},"wordCount":46,"image":{"@id":"https:\/\/www.norn.is\/kyndillinn\/sjo-ara-kynferdisglaepamadur\/#primaryimage"},"thumbnailUrl":"https:\/\/www.norn.is\/kyndillinn\/wp-content\/uploads\/sites\/5\/2011\/11\/hate-male2-780x439.jpg","keywords":["B\u00f6rn","Gl\u00e6pab\u00f6rn"],"articleSection":["Kyn, ofbeldi og r\u00e9ttarkerfi\u00f0","Kyndillinn"],"inLanguage":"is"},{"@type":"WebPage","@id":"https:\/\/www.norn.is\/kyndillinn\/sjo-ara-kynferdisglaepamadur\/","url":"https:\/\/www.norn.is\/kyndillinn\/sjo-ara-kynferdisglaepamadur\/","name":"Sj\u00f6 \u00e1ra kynfer\u00f0isgl\u00e6pama\u00f0ur - Kyndillinn","isPartOf":{"@id":"https:\/\/www.norn.is\/kyndillinn\/#website"},"primaryImageOfPage":{"@id":"https:\/\/www.norn.is\/kyndillinn\/sjo-ara-kynferdisglaepamadur\/#primaryimage"},"image":{"@id":"https:\/\/www.norn.is\/kyndillinn\/sjo-ara-kynferdisglaepamadur\/#primaryimage"},"thumbnailUrl":"https:\/\/www.norn.is\/kyndillinn\/wp-content\/uploads\/sites\/5\/2011\/11\/hate-male2-780x439.jpg","datePublished":"2011-11-26T15:02:54+00:00","dateModified":"2017-11-26T01:09:55+00:00","author":{"@id":"https:\/\/www.norn.is\/kyndillinn\/#\/schema\/person\/2eb0fcae9e1ecc61987f7ed9c878531c"},"breadcrumb":{"@id":"https:\/\/www.norn.is\/kyndillinn\/sjo-ara-kynferdisglaepamadur\/#breadcrumb"},"inLanguage":"is","potentialAction":[{"@type":"ReadAction","target":["https:\/\/www.norn.is\/kyndillinn\/sjo-ara-kynferdisglaepamadur\/"]}]},{"@type":"ImageObject","inLanguage":"is","@id":"https:\/\/www.norn.is\/kyndillinn\/sjo-ara-kynferdisglaepamadur\/#primaryimage","url":"https:\/\/www.norn.is\/kyndillinn\/wp-content\/uploads\/sites\/5\/2011\/11\/hate-male2-780x439.jpg","contentUrl":"https:\/\/www.norn.is\/kyndillinn\/wp-content\/uploads\/sites\/5\/2011\/11\/hate-male2-780x439.jpg","width":780,"height":439},{"@type":"BreadcrumbList","@id":"https:\/\/www.norn.is\/kyndillinn\/sjo-ara-kynferdisglaepamadur\/#breadcrumb","itemListElement":[{"@type":"ListItem","position":1,"name":"Home","item":"https:\/\/www.norn.is\/kyndillinn\/"},{"@type":"ListItem","position":2,"name":"Sj\u00f6 \u00e1ra kynfer\u00f0isgl\u00e6pama\u00f0ur"}]},{"@type":"WebSite","@id":"https:\/\/www.norn.is\/kyndillinn\/#website","url":"https:\/\/www.norn.is\/kyndillinn\/","name":"Kyndillinn","description":"Eva um kyn og kl\u00e1m","potentialAction":[{"@type":"SearchAction","target":{"@type":"EntryPoint","urlTemplate":"https:\/\/www.norn.is\/kyndillinn\/?s={search_term_string}"},"query-input":{"@type":"PropertyValueSpecification","valueRequired":true,"valueName":"search_term_string"}}],"inLanguage":"is"},{"@type":"Person","@id":"https:\/\/www.norn.is\/kyndillinn\/#\/schema\/person\/2eb0fcae9e1ecc61987f7ed9c878531c","name":"Eva Hauksd\u00f3ttir","sameAs":["http:\/\/www.norn.is"],"url":"https:\/\/www.norn.is\/kyndillinn\/author\/eva\/"}]}},"_links":{"self":[{"href":"https:\/\/www.norn.is\/kyndillinn\/wp-json\/wp\/v2\/posts\/3212","targetHints":{"allow":["GET"]}}],"collection":[{"href":"https:\/\/www.norn.is\/kyndillinn\/wp-json\/wp\/v2\/posts"}],"about":[{"href":"https:\/\/www.norn.is\/kyndillinn\/wp-json\/wp\/v2\/types\/post"}],"author":[{"embeddable":true,"href":"https:\/\/www.norn.is\/kyndillinn\/wp-json\/wp\/v2\/users\/2"}],"replies":[{"embeddable":true,"href":"https:\/\/www.norn.is\/kyndillinn\/wp-json\/wp\/v2\/comments?post=3212"}],"version-history":[{"count":4,"href":"https:\/\/www.norn.is\/kyndillinn\/wp-json\/wp\/v2\/posts\/3212\/revisions"}],"predecessor-version":[{"id":3217,"href":"https:\/\/www.norn.is\/kyndillinn\/wp-json\/wp\/v2\/posts\/3212\/revisions\/3217"}],"wp:featuredmedia":[{"embeddable":true,"href":"https:\/\/www.norn.is\/kyndillinn\/wp-json\/wp\/v2\/media\/3215"}],"wp:attachment":[{"href":"https:\/\/www.norn.is\/kyndillinn\/wp-json\/wp\/v2\/media?parent=3212"}],"wp:term":[{"taxonomy":"category","embeddable":true,"href":"https:\/\/www.norn.is\/kyndillinn\/wp-json\/wp\/v2\/categories?post=3212"},{"taxonomy":"post_tag","embeddable":true,"href":"https:\/\/www.norn.is\/kyndillinn\/wp-json\/wp\/v2\/tags?post=3212"}],"curies":[{"name":"wp","href":"https:\/\/api.w.org\/{rel}","templated":true}]}}