{"id":2804,"date":"2017-10-08T11:00:11","date_gmt":"2017-10-08T11:00:11","guid":{"rendered":"http:\/\/www.norn.is\/kyndillinn\/?p=2804"},"modified":"2017-10-08T20:18:01","modified_gmt":"2017-10-08T20:18:01","slug":"alheimspikan","status":"publish","type":"post","link":"https:\/\/www.norn.is\/kyndillinn\/alheimspikan\/","title":{"rendered":"Alheimsp\u00edkan"},"content":{"rendered":"<p><a href=\"http:\/\/www.norn.is\/kyndillinn\/wp-content\/uploads\/sites\/5\/2015\/04\/thejourney.png\"><img loading=\"lazy\" decoding=\"async\" class=\"aligncenter wp-image-2998 size-full\" src=\"http:\/\/www.norn.is\/kyndillinn\/wp-content\/uploads\/sites\/5\/2015\/04\/thejourney.png\" alt=\"http:\/\/www.saudek.com\/en\/jan\/fotografie.html?r=2001-2005&amp;typ=f&amp;l=0&amp;f=423\" width=\"586\" height=\"800\" srcset=\"https:\/\/www.norn.is\/kyndillinn\/wp-content\/uploads\/sites\/5\/2015\/04\/thejourney.png 586w, https:\/\/www.norn.is\/kyndillinn\/wp-content\/uploads\/sites\/5\/2015\/04\/thejourney-220x300.png 220w\" sizes=\"auto, (max-width: 586px) 100vw, 586px\" \/><\/a><\/p>\n<p>\u00deann 3. okt\u00f3ber sl. birti mbl.is. <a href=\"http:\/\/www.mbl.is\/frettir\/innlent\/2017\/10\/03\/margar_kvida_ferdum_um_fjallvegi\/\">fr\u00e9tt <\/a>\u00fear sem haft er eftir lektor vi\u00f0 h\u00e1sk\u00f3la a\u00f0 jar\u00f0g\u00f6ng s\u00e9u fem\u00edn\u00edskar framkv\u00e6mdir.<!--more--><\/p>\n<p><a href=\"http:\/\/www.norn.is\/kyndillinn\/wp-content\/uploads\/sites\/5\/2015\/04\/jar\u00f0g\u00f6ng.png\"><img loading=\"lazy\" decoding=\"async\" class=\"aligncenter size-full wp-image-2994\" src=\"http:\/\/www.norn.is\/kyndillinn\/wp-content\/uploads\/sites\/5\/2015\/04\/jar\u00f0g\u00f6ng.png\" alt=\"\" width=\"748\" height=\"508\" srcset=\"https:\/\/www.norn.is\/kyndillinn\/wp-content\/uploads\/sites\/5\/2015\/04\/jar\u00f0g\u00f6ng.png 748w, https:\/\/www.norn.is\/kyndillinn\/wp-content\/uploads\/sites\/5\/2015\/04\/jar\u00f0g\u00f6ng-300x204.png 300w, https:\/\/www.norn.is\/kyndillinn\/wp-content\/uploads\/sites\/5\/2015\/04\/jar\u00f0g\u00f6ng-442x300.png 442w\" sizes=\"auto, (max-width: 748px) 100vw, 748px\" \/><\/a><\/p>\n<p>\u00deetta er ekki \u00ed fyrsta sinn sem \u00fev\u00ed er haldi\u00f0 fram a\u00f0 jar\u00f0g\u00f6ng \u00fej\u00f3ni s\u00e9rst\u00f6ku kvenfrelsishlutverki, Eyjan birti t.d. <a href=\"http:\/\/eyjan.pressan.is\/frettir\/2015\/10\/04\/segja\/\">\u00feessa fr\u00e9tt <\/a>\u00ed apr\u00edl 2015, um ni\u00f0urst\u00f6\u00f0ur fr\u00e6\u00f0imanna vi\u00f0 sama sk\u00f3la, sem h\u00f6f\u00f0u sko\u00f0a\u00f0 ger\u00f0 H\u00e9\u00f0insfjar\u00f0arganga \u00fat fr\u00e1 kynjafr\u00e6\u00f0ilegu sj\u00f3narhorni.<\/p>\n<p>http:\/\/eyjan.pressan.is\/frettir\/2015\/10\/04\/segja\/<\/p>\n<p>&nbsp;<\/p>\n<p>Samkv\u00e6mt \u00feessum sk\u00fdringum \u00e1 jar\u00f0gangager\u00f0 sem &#8222;fem\u00edn\u00edskum framkv\u00e6mdum&#8220; hl\u00fdtur allt sem hefur \u00ed f\u00f6r me\u00f0 s\u00e9r breytingar \u00e1 kynhlutverkum og a\u00f0st\u00e6\u00f0ur sem konur lengir meira \u00ed en karla a\u00f0 teljast fem\u00edn\u00edskt. \u00dear me\u00f0 hl\u00fdtur allt sem karlar telja a\u00f0kallandi a\u00f0 teljast mask\u00fal\u00edn\u00edskt, \u00e9g tala n\u00fa ekki um ef \u00fea\u00f0 au\u00f0veldar kynbundna verkaskiptingu. Framfarir \u00ed byggingari\u00f0na\u00f0i og \u00f6ryggism\u00e1lum sj\u00f3manna eru \u00feannig mask\u00fal\u00edn\u00edskar a\u00f0ger\u00f0ir af \u00fev\u00ed a\u00f0 \u00fe\u00e6r gagnast k\u00f6rlum betur en konum. Bann vi\u00f0 vir\u00f0isaukaskatti \u00e1 varalit yr\u00f0i \u00feannig fem\u00ednisk a\u00f0ger\u00f0 \u00ed augum \u00feeirra fem\u00ednista sem finnst gott m\u00e1l a\u00f0 konur hafi efni \u00e1 varalit en mask\u00fal\u00edn\u00edsk fyrir lengra komna; \u00fe.e. \u00fe\u00e1 fem\u00edn\u00edsta sem finnst nau\u00f0synlegt a\u00f0 uppr\u00e6ta kynjahallann \u00ed varalitarnotkun.<\/p>\n<p>\u00dea\u00f0 er \u00fe\u00f3 ekki svo gott a\u00f0 h\u00e6gt s\u00e9 a\u00f0 treysta \u00e1 jar\u00f0g\u00f6ng sem fem\u00edn\u00edska a\u00f0ger\u00f0 \u00fev\u00ed \u00ed hinni g\u00f6mlu fr\u00e9tt Eyjunnar, sem v\u00edsa\u00f0 er til h\u00e9r a\u00f0 ofan, segir jafnframt:<\/p>\n<blockquote><p>Segja \u00feau Andrea og Atli a\u00f0 samg\u00f6ngub\u00e6tur geti \u00fdtt undir hef\u00f0bundin kynhlutverk \u00fear sem kynin noti samg\u00f6ngukerfi\u00f0 \u00e1 \u00f3l\u00edkan h\u00e1tt. \u00cd kj\u00f6lfar samg\u00f6ngub\u00f3ta s\u00e9u allar l\u00edkur \u00e1 a\u00f0 atvinnusv\u00e6\u00f0i karla st\u00e6kki meira en kvenna \u00fear sem \u00fe\u00e6r s\u00e9u l\u00edklegri til a\u00f0 skipuleggja l\u00edf sitt \u00ed n\u00e1grenni vi\u00f0 heimili\u00f0 og sk\u00f3la barnanna.<\/p><\/blockquote>\n<p>J\u00e1 \u00fea\u00f0 er vandlifa\u00f0 \u00ed kynjaver\u00f6ld fem\u00ednista. Jar\u00f0gangager\u00f0 er semsagt fem\u00edn\u00edsk a\u00f0ger\u00f0 af \u00fev\u00ed a\u00f0 h\u00fan dregur \u00far v\u00e6gi hef\u00f0bundinna kynhlutverka og gagnast konum sem eru hr\u00e6ddar vi\u00f0 fjallvegi (og l\u00edklega 5-6 k\u00f6rlum sem eru reyndar l\u00edka hr\u00e6ddir vi\u00f0 \u00fe\u00e1 \u00fe\u00f3tt \u00feeir s\u00e9u kannski ekkert miki\u00f0 fyrir a\u00f0 tala um \u00fea\u00f0). Hinsvegar getur jar\u00f0gangager\u00f0 l\u00edka \u00fdtt undir hef\u00f0bundin kynhlutverk og \u00fe\u00e1 eru jar\u00f0g\u00f6ng v\u00e6ntanlega mask\u00fal\u00edn\u00edskar framkv\u00e6mdir. Mikilv\u00e6gt er a\u00f0 r\u00edki\u00f0 haldi uppi sem flestum fr\u00e6\u00f0im\u00f6nnum til \u00feess a\u00f0 greina hvort hver jar\u00f0g\u00f6ng um sig teljist fem\u00edn\u00edsk e\u00f0a mask\u00fal\u00edn\u00edsk.<\/p>\n<p>Annars finnst m\u00e9r vanta t\u00e1knfr\u00e6\u00f0ikafla \u00ed \u00feessa <a href=\"https:\/\/www.stjornarradid.is\/media\/fjarmalaraduneyti-media\/media\/skjal\/irr_kynjud_fjallabyggd_afangi_1.pdf\">kynjafr\u00e6\u00f0ilegu \u00fattekt<\/a>. Nau\u00f0synlegt er a\u00f0 menn \u00e1tti sig \u00e1 \u00fev\u00ed a\u00f0 hinn raunverulegi \u00e1vinningur af jar\u00f0gangager\u00f0 er s\u00e1 a\u00f0 \u00ed jar\u00f0g\u00f6ngum hlutgerist hin erkit\u00fdp\u00edska alheimsp\u00edka og myndar \u00feannig m\u00f3tv\u00e6gi vi\u00f0 \u00f6ll fallosart\u00e1knin \u00ed umhverfi okkar, svo sem lj\u00f3sastaura, br\u00faarst\u00f3lpa, byggingarkrana og s\u00fakkula\u00f0istengur. Konur valdeflast til muna \u00feegar vag\u00ednusymb\u00f3li\u00f0 blasir vi\u00f0 \u00feeim \u00e1 lei\u00f0 til vinnu, og karlar hr\u00f6kklast inn \u00e1 heimilin af dj\u00fapst\u00e6\u00f0um \u00f3tta vi\u00f0 a\u00f0 \u00feessi hyldj\u00fapu g\u00f6ng muni gleypa karlmennsku \u00feeirra.<\/p>\n<p><em>Mynd: Jan Saudek<\/em><\/p>\n","protected":false},"excerpt":{"rendered":"<p>\u00deann 3. okt\u00f3ber sl. birti mbl.is. fr\u00e9tt \u00fear sem haft er eftir lektor vi\u00f0 h\u00e1sk\u00f3la a\u00f0 jar\u00f0g\u00f6ng s\u00e9u fem\u00edn\u00edskar framkv\u00e6mdir.<\/p>\n","protected":false},"author":2,"featured_media":2994,"comment_status":"closed","ping_status":"open","sticky":false,"template":"","format":"standard","meta":{"footnotes":""},"categories":[19,1],"tags":[360,359],"class_list":["post-2804","post","type-post","status-publish","format-standard","has-post-thumbnail","hentry","category-feminasnar","category-kyndillinn","tag-feminiskar-rannsoknir","tag-hedinsfjardargong"],"yoast_head":"<!-- This site is optimized with the Yoast SEO plugin v27.5 - https:\/\/yoast.com\/product\/yoast-seo-wordpress\/ -->\n<title>Alheimsp\u00edkan - Kyndillinn<\/title>\n<meta name=\"description\" content=\"Fr\u00e6\u00f0imenn telja a\u00f0 jar\u00f0g\u00f6ng s\u00e9u fem\u00edn\u00edskar framkv\u00e6mdir sem dragi \u00far v\u00e6gi hef\u00f0bundinna kynhlutverka og gagnist konum s\u00e9rstaklega.\" \/>\n<meta name=\"robots\" content=\"index, follow, max-snippet:-1, max-image-preview:large, max-video-preview:-1\" \/>\n<link rel=\"canonical\" href=\"https:\/\/www.norn.is\/kyndillinn\/alheimspikan\/\" \/>\n<meta property=\"og:locale\" content=\"is_IS\" \/>\n<meta property=\"og:type\" content=\"article\" \/>\n<meta property=\"og:title\" content=\"Alheimsp\u00edkan - Kyndillinn\" \/>\n<meta property=\"og:description\" content=\"Fr\u00e6\u00f0imenn telja a\u00f0 jar\u00f0g\u00f6ng s\u00e9u fem\u00edn\u00edskar framkv\u00e6mdir sem dragi \u00far v\u00e6gi hef\u00f0bundinna kynhlutverka og gagnist konum s\u00e9rstaklega.\" \/>\n<meta property=\"og:url\" content=\"https:\/\/www.norn.is\/kyndillinn\/alheimspikan\/\" \/>\n<meta property=\"og:site_name\" content=\"Kyndillinn\" \/>\n<meta property=\"article:published_time\" content=\"2017-10-08T11:00:11+00:00\" \/>\n<meta property=\"article:modified_time\" content=\"2017-10-08T20:18:01+00:00\" \/>\n<meta property=\"og:image\" content=\"https:\/\/www.norn.is\/kyndillinn\/wp-content\/uploads\/sites\/5\/2015\/04\/thejourney.png\" \/>\n\t<meta property=\"og:image:width\" content=\"586\" \/>\n\t<meta property=\"og:image:height\" content=\"800\" \/>\n\t<meta property=\"og:image:type\" content=\"image\/png\" \/>\n<meta name=\"author\" content=\"Eva Hauksd\u00f3ttir\" \/>\n<meta name=\"twitter:card\" content=\"summary_large_image\" \/>\n<meta name=\"twitter:image\" content=\"http:\/\/www.norn.is\/kyndillinn\/wp-content\/uploads\/sites\/5\/2015\/04\/thejourney.png\" \/>\n<meta name=\"twitter:label1\" content=\"Written by\" \/>\n\t<meta name=\"twitter:data1\" content=\"\" \/>\n\t<meta name=\"twitter:label2\" content=\"Est. reading time\" \/>\n\t<meta name=\"twitter:data2\" content=\"3 minutes\" \/>\n<script type=\"application\/ld+json\" class=\"yoast-schema-graph\">{\"@context\":\"https:\\\/\\\/schema.org\",\"@graph\":[{\"@type\":\"Article\",\"@id\":\"https:\\\/\\\/www.norn.is\\\/kyndillinn\\\/alheimspikan\\\/#article\",\"isPartOf\":{\"@id\":\"https:\\\/\\\/www.norn.is\\\/kyndillinn\\\/alheimspikan\\\/\"},\"author\":{\"name\":\"Eva Hauksd\u00f3ttir\",\"@id\":\"https:\\\/\\\/www.norn.is\\\/kyndillinn\\\/#\\\/schema\\\/person\\\/2eb0fcae9e1ecc61987f7ed9c878531c\"},\"headline\":\"Alheimsp\u00edkan\",\"datePublished\":\"2017-10-08T11:00:11+00:00\",\"dateModified\":\"2017-10-08T20:18:01+00:00\",\"mainEntityOfPage\":{\"@id\":\"https:\\\/\\\/www.norn.is\\\/kyndillinn\\\/alheimspikan\\\/\"},\"wordCount\":564,\"image\":{\"@id\":\"https:\\\/\\\/www.norn.is\\\/kyndillinn\\\/alheimspikan\\\/#primaryimage\"},\"thumbnailUrl\":\"https:\\\/\\\/www.norn.is\\\/kyndillinn\\\/wp-content\\\/uploads\\\/sites\\\/5\\\/2015\\\/04\\\/jar\u00f0g\u00f6ng.png\",\"keywords\":[\"Fem\u00edniskar ranns\u00f3knir\",\"H\u00e9\u00f0insfjar\u00f0arg\u00f6ng\"],\"articleSection\":[\"Fem\u00ednasnar\",\"Kyndillinn\"],\"inLanguage\":\"is\"},{\"@type\":\"WebPage\",\"@id\":\"https:\\\/\\\/www.norn.is\\\/kyndillinn\\\/alheimspikan\\\/\",\"url\":\"https:\\\/\\\/www.norn.is\\\/kyndillinn\\\/alheimspikan\\\/\",\"name\":\"Alheimsp\u00edkan - Kyndillinn\",\"isPartOf\":{\"@id\":\"https:\\\/\\\/www.norn.is\\\/kyndillinn\\\/#website\"},\"primaryImageOfPage\":{\"@id\":\"https:\\\/\\\/www.norn.is\\\/kyndillinn\\\/alheimspikan\\\/#primaryimage\"},\"image\":{\"@id\":\"https:\\\/\\\/www.norn.is\\\/kyndillinn\\\/alheimspikan\\\/#primaryimage\"},\"thumbnailUrl\":\"https:\\\/\\\/www.norn.is\\\/kyndillinn\\\/wp-content\\\/uploads\\\/sites\\\/5\\\/2015\\\/04\\\/jar\u00f0g\u00f6ng.png\",\"datePublished\":\"2017-10-08T11:00:11+00:00\",\"dateModified\":\"2017-10-08T20:18:01+00:00\",\"author\":{\"@id\":\"https:\\\/\\\/www.norn.is\\\/kyndillinn\\\/#\\\/schema\\\/person\\\/2eb0fcae9e1ecc61987f7ed9c878531c\"},\"description\":\"Fr\u00e6\u00f0imenn telja a\u00f0 jar\u00f0g\u00f6ng s\u00e9u fem\u00edn\u00edskar framkv\u00e6mdir sem dragi \u00far v\u00e6gi hef\u00f0bundinna kynhlutverka og gagnist konum s\u00e9rstaklega.\",\"breadcrumb\":{\"@id\":\"https:\\\/\\\/www.norn.is\\\/kyndillinn\\\/alheimspikan\\\/#breadcrumb\"},\"inLanguage\":\"is\",\"potentialAction\":[{\"@type\":\"ReadAction\",\"target\":[\"https:\\\/\\\/www.norn.is\\\/kyndillinn\\\/alheimspikan\\\/\"]}]},{\"@type\":\"ImageObject\",\"inLanguage\":\"is\",\"@id\":\"https:\\\/\\\/www.norn.is\\\/kyndillinn\\\/alheimspikan\\\/#primaryimage\",\"url\":\"https:\\\/\\\/www.norn.is\\\/kyndillinn\\\/wp-content\\\/uploads\\\/sites\\\/5\\\/2015\\\/04\\\/jar\u00f0g\u00f6ng.png\",\"contentUrl\":\"https:\\\/\\\/www.norn.is\\\/kyndillinn\\\/wp-content\\\/uploads\\\/sites\\\/5\\\/2015\\\/04\\\/jar\u00f0g\u00f6ng.png\",\"width\":748,\"height\":508},{\"@type\":\"BreadcrumbList\",\"@id\":\"https:\\\/\\\/www.norn.is\\\/kyndillinn\\\/alheimspikan\\\/#breadcrumb\",\"itemListElement\":[{\"@type\":\"ListItem\",\"position\":1,\"name\":\"Home\",\"item\":\"https:\\\/\\\/www.norn.is\\\/kyndillinn\\\/\"},{\"@type\":\"ListItem\",\"position\":2,\"name\":\"Alheimsp\u00edkan\"}]},{\"@type\":\"WebSite\",\"@id\":\"https:\\\/\\\/www.norn.is\\\/kyndillinn\\\/#website\",\"url\":\"https:\\\/\\\/www.norn.is\\\/kyndillinn\\\/\",\"name\":\"Kyndillinn\",\"description\":\"Eva um kyn og kl\u00e1m\",\"potentialAction\":[{\"@type\":\"SearchAction\",\"target\":{\"@type\":\"EntryPoint\",\"urlTemplate\":\"https:\\\/\\\/www.norn.is\\\/kyndillinn\\\/?s={search_term_string}\"},\"query-input\":{\"@type\":\"PropertyValueSpecification\",\"valueRequired\":true,\"valueName\":\"search_term_string\"}}],\"inLanguage\":\"is\"},{\"@type\":\"Person\",\"@id\":\"https:\\\/\\\/www.norn.is\\\/kyndillinn\\\/#\\\/schema\\\/person\\\/2eb0fcae9e1ecc61987f7ed9c878531c\",\"name\":\"Eva Hauksd\u00f3ttir\",\"sameAs\":[\"http:\\\/\\\/www.norn.is\"],\"url\":\"https:\\\/\\\/www.norn.is\\\/kyndillinn\\\/author\\\/eva\\\/\"}]}<\/script>\n<!-- \/ Yoast SEO plugin. -->","yoast_head_json":{"title":"Alheimsp\u00edkan - Kyndillinn","description":"Fr\u00e6\u00f0imenn telja a\u00f0 jar\u00f0g\u00f6ng s\u00e9u fem\u00edn\u00edskar framkv\u00e6mdir sem dragi \u00far v\u00e6gi hef\u00f0bundinna kynhlutverka og gagnist konum s\u00e9rstaklega.","robots":{"index":"index","follow":"follow","max-snippet":"max-snippet:-1","max-image-preview":"max-image-preview:large","max-video-preview":"max-video-preview:-1"},"canonical":"https:\/\/www.norn.is\/kyndillinn\/alheimspikan\/","og_locale":"is_IS","og_type":"article","og_title":"Alheimsp\u00edkan - Kyndillinn","og_description":"Fr\u00e6\u00f0imenn telja a\u00f0 jar\u00f0g\u00f6ng s\u00e9u fem\u00edn\u00edskar framkv\u00e6mdir sem dragi \u00far v\u00e6gi hef\u00f0bundinna kynhlutverka og gagnist konum s\u00e9rstaklega.","og_url":"https:\/\/www.norn.is\/kyndillinn\/alheimspikan\/","og_site_name":"Kyndillinn","article_published_time":"2017-10-08T11:00:11+00:00","article_modified_time":"2017-10-08T20:18:01+00:00","og_image":[{"width":586,"height":800,"url":"https:\/\/www.norn.is\/kyndillinn\/wp-content\/uploads\/sites\/5\/2015\/04\/thejourney.png","type":"image\/png"}],"author":"Eva Hauksd\u00f3ttir","twitter_card":"summary_large_image","twitter_image":"http:\/\/www.norn.is\/kyndillinn\/wp-content\/uploads\/sites\/5\/2015\/04\/thejourney.png","twitter_misc":{"Written by":false,"Est. reading time":"3 minutes"},"schema":{"@context":"https:\/\/schema.org","@graph":[{"@type":"Article","@id":"https:\/\/www.norn.is\/kyndillinn\/alheimspikan\/#article","isPartOf":{"@id":"https:\/\/www.norn.is\/kyndillinn\/alheimspikan\/"},"author":{"name":"Eva Hauksd\u00f3ttir","@id":"https:\/\/www.norn.is\/kyndillinn\/#\/schema\/person\/2eb0fcae9e1ecc61987f7ed9c878531c"},"headline":"Alheimsp\u00edkan","datePublished":"2017-10-08T11:00:11+00:00","dateModified":"2017-10-08T20:18:01+00:00","mainEntityOfPage":{"@id":"https:\/\/www.norn.is\/kyndillinn\/alheimspikan\/"},"wordCount":564,"image":{"@id":"https:\/\/www.norn.is\/kyndillinn\/alheimspikan\/#primaryimage"},"thumbnailUrl":"https:\/\/www.norn.is\/kyndillinn\/wp-content\/uploads\/sites\/5\/2015\/04\/jar\u00f0g\u00f6ng.png","keywords":["Fem\u00edniskar ranns\u00f3knir","H\u00e9\u00f0insfjar\u00f0arg\u00f6ng"],"articleSection":["Fem\u00ednasnar","Kyndillinn"],"inLanguage":"is"},{"@type":"WebPage","@id":"https:\/\/www.norn.is\/kyndillinn\/alheimspikan\/","url":"https:\/\/www.norn.is\/kyndillinn\/alheimspikan\/","name":"Alheimsp\u00edkan - Kyndillinn","isPartOf":{"@id":"https:\/\/www.norn.is\/kyndillinn\/#website"},"primaryImageOfPage":{"@id":"https:\/\/www.norn.is\/kyndillinn\/alheimspikan\/#primaryimage"},"image":{"@id":"https:\/\/www.norn.is\/kyndillinn\/alheimspikan\/#primaryimage"},"thumbnailUrl":"https:\/\/www.norn.is\/kyndillinn\/wp-content\/uploads\/sites\/5\/2015\/04\/jar\u00f0g\u00f6ng.png","datePublished":"2017-10-08T11:00:11+00:00","dateModified":"2017-10-08T20:18:01+00:00","author":{"@id":"https:\/\/www.norn.is\/kyndillinn\/#\/schema\/person\/2eb0fcae9e1ecc61987f7ed9c878531c"},"description":"Fr\u00e6\u00f0imenn telja a\u00f0 jar\u00f0g\u00f6ng s\u00e9u fem\u00edn\u00edskar framkv\u00e6mdir sem dragi \u00far v\u00e6gi hef\u00f0bundinna kynhlutverka og gagnist konum s\u00e9rstaklega.","breadcrumb":{"@id":"https:\/\/www.norn.is\/kyndillinn\/alheimspikan\/#breadcrumb"},"inLanguage":"is","potentialAction":[{"@type":"ReadAction","target":["https:\/\/www.norn.is\/kyndillinn\/alheimspikan\/"]}]},{"@type":"ImageObject","inLanguage":"is","@id":"https:\/\/www.norn.is\/kyndillinn\/alheimspikan\/#primaryimage","url":"https:\/\/www.norn.is\/kyndillinn\/wp-content\/uploads\/sites\/5\/2015\/04\/jar\u00f0g\u00f6ng.png","contentUrl":"https:\/\/www.norn.is\/kyndillinn\/wp-content\/uploads\/sites\/5\/2015\/04\/jar\u00f0g\u00f6ng.png","width":748,"height":508},{"@type":"BreadcrumbList","@id":"https:\/\/www.norn.is\/kyndillinn\/alheimspikan\/#breadcrumb","itemListElement":[{"@type":"ListItem","position":1,"name":"Home","item":"https:\/\/www.norn.is\/kyndillinn\/"},{"@type":"ListItem","position":2,"name":"Alheimsp\u00edkan"}]},{"@type":"WebSite","@id":"https:\/\/www.norn.is\/kyndillinn\/#website","url":"https:\/\/www.norn.is\/kyndillinn\/","name":"Kyndillinn","description":"Eva um kyn og kl\u00e1m","potentialAction":[{"@type":"SearchAction","target":{"@type":"EntryPoint","urlTemplate":"https:\/\/www.norn.is\/kyndillinn\/?s={search_term_string}"},"query-input":{"@type":"PropertyValueSpecification","valueRequired":true,"valueName":"search_term_string"}}],"inLanguage":"is"},{"@type":"Person","@id":"https:\/\/www.norn.is\/kyndillinn\/#\/schema\/person\/2eb0fcae9e1ecc61987f7ed9c878531c","name":"Eva Hauksd\u00f3ttir","sameAs":["http:\/\/www.norn.is"],"url":"https:\/\/www.norn.is\/kyndillinn\/author\/eva\/"}]}},"_links":{"self":[{"href":"https:\/\/www.norn.is\/kyndillinn\/wp-json\/wp\/v2\/posts\/2804","targetHints":{"allow":["GET"]}}],"collection":[{"href":"https:\/\/www.norn.is\/kyndillinn\/wp-json\/wp\/v2\/posts"}],"about":[{"href":"https:\/\/www.norn.is\/kyndillinn\/wp-json\/wp\/v2\/types\/post"}],"author":[{"embeddable":true,"href":"https:\/\/www.norn.is\/kyndillinn\/wp-json\/wp\/v2\/users\/2"}],"replies":[{"embeddable":true,"href":"https:\/\/www.norn.is\/kyndillinn\/wp-json\/wp\/v2\/comments?post=2804"}],"version-history":[{"count":9,"href":"https:\/\/www.norn.is\/kyndillinn\/wp-json\/wp\/v2\/posts\/2804\/revisions"}],"predecessor-version":[{"id":3003,"href":"https:\/\/www.norn.is\/kyndillinn\/wp-json\/wp\/v2\/posts\/2804\/revisions\/3003"}],"wp:featuredmedia":[{"embeddable":true,"href":"https:\/\/www.norn.is\/kyndillinn\/wp-json\/wp\/v2\/media\/2994"}],"wp:attachment":[{"href":"https:\/\/www.norn.is\/kyndillinn\/wp-json\/wp\/v2\/media?parent=2804"}],"wp:term":[{"taxonomy":"category","embeddable":true,"href":"https:\/\/www.norn.is\/kyndillinn\/wp-json\/wp\/v2\/categories?post=2804"},{"taxonomy":"post_tag","embeddable":true,"href":"https:\/\/www.norn.is\/kyndillinn\/wp-json\/wp\/v2\/tags?post=2804"}],"curies":[{"name":"wp","href":"https:\/\/api.w.org\/{rel}","templated":true}]}}