{"id":2773,"date":"2008-02-04T11:15:11","date_gmt":"2008-02-04T11:15:11","guid":{"rendered":"http:\/\/www.norn.is\/kyndillinn\/?p=2773"},"modified":"2017-09-08T15:09:52","modified_gmt":"2017-09-08T15:09:52","slug":"bera-karlar-sig-verr","status":"publish","type":"post","link":"https:\/\/www.norn.is\/kyndillinn\/bera-karlar-sig-verr\/","title":{"rendered":"Bera karlar sig verr?"},"content":{"rendered":"<p><a href=\"http:\/\/www.norn.is\/kyndillinn\/wp-content\/uploads\/sites\/5\/2008\/02\/man-flu.jpg\"><img loading=\"lazy\" decoding=\"async\" class=\"size-full wp-image-2778 aligncenter\" src=\"http:\/\/www.norn.is\/kyndillinn\/wp-content\/uploads\/sites\/5\/2008\/02\/man-flu.jpg\" alt=\"man-flu\" width=\"420\" height=\"294\" srcset=\"https:\/\/www.norn.is\/kyndillinn\/wp-content\/uploads\/sites\/5\/2008\/02\/man-flu.jpg 420w, https:\/\/www.norn.is\/kyndillinn\/wp-content\/uploads\/sites\/5\/2008\/02\/man-flu-300x210.jpg 300w\" sizes=\"auto, (max-width: 420px) 100vw, 420px\" \/><\/a>Um daginn sat \u00e9g \u00e1 spjalli vi\u00f0 konu, hverrar eiginma\u00f0ur var illa haldinn af kinnholub\u00f3lgum og henti h\u00fan nokkurt gaman af \u00fev\u00ed hve illa hann b\u00e6ri sig. Sj\u00e1lf lenti \u00e9g einu sinni \u00e1 sj\u00fakrah\u00fasi vegna illv\u00edgrar sk\u00fatab\u00f3lgu. Var svo veik a\u00f0 \u00e9g var m\u00e6nustungin til a\u00f0 \u00fatiloka heilahimnub\u00f3lgu. <!--more-->\u00c9g er fremur h\u00famorslaus \u00feegar slys og veikindi eru annarsvegar og s\u00e1 ekki alveg spaugi\u00f0 \u00ed \u00fev\u00ed \u00fe\u00f3tt manngreyi\u00f0 v\u00e6ri h\u00e1lfv\u00e6landi undan sl\u00edkri andstygg\u00f0. Reyndar j\u00e1ta \u00e9g a\u00f0 sj\u00e1lfsvorkunn m\u00edn \u00ed veikindum er \u00e1 karlmannlegu plani a\u00f0 \u00fev\u00ed gefnu a\u00f0 karlar s\u00e9u \u00ed raun meiri eymingjar gagnvart kvefi og kvillum en konur.<\/p>\n<div>\n<div>\n<p>\u00c9g heyri konur mj\u00f6g oft tala um a\u00f0 karlmenn beri sig illa \u00ed veikindum en sj\u00e1lf hef \u00e9g aldrei or\u00f0i\u00f0 v\u00f6r vi\u00f0 einhvern afgerandi mun \u00e1 kynjunum hva\u00f0 \u00feetta var\u00f0ar. Held reyndar a\u00f0 karlar eigi \u00fea\u00f0 fremur til a\u00f0 af\u00feakka lyf \u00fat \u00e1 einhverja undarlega ger\u00f0 af karlrembu. Konur taka allavega ekkert f\u00e6rri veikindadaga en karlar og sennilega fleiri.<\/p>\n<div>\n<div>\n<p>Er \u00fea\u00f0 almenn reynsla f\u00f3lks a\u00f0 karlar taki umgangspestum og \u00f6\u00f0rum lasleika verr en konur? Er \u00fea\u00f0 kannski bundi\u00f0 vi\u00f0 \u00e1kve\u00f0na kvilla? Stafar \u00f3hemjugangurinn a\u00f0 einhverju leyti af \u00fev\u00ed a\u00f0 \u00feeir s\u00e9u l\u00edklegri til a\u00f0 telja sj\u00e1lfa sig \u00f3missandi \u00e1 vinnusta\u00f0num? E\u00f0a er \u00feetta bara m\u00fdta? Kannski af svipu\u00f0um toga og s\u00fa \u00fatbreidda hugmynd a\u00f0 konur tali meira en karlar, sem vir\u00f0ist \u00e6tla a\u00f0 halda velli \u00fer\u00e1tt fyrir a\u00f0 ranns\u00f3knir lei\u00f0i anna\u00f0 \u00ed lj\u00f3s.<\/p>\n<p>&nbsp;<\/p>\n<\/div>\n<\/div>\n<\/div>\n<\/div>\n","protected":false},"excerpt":{"rendered":"<p>Um daginn sat \u00e9g \u00e1 spjalli vi\u00f0 konu, hverrar eiginma\u00f0ur var illa haldinn af kinnholub\u00f3lgum og henti h\u00fan nokkurt gaman af \u00fev\u00ed hve illa hann b\u00e6ri sig. Sj\u00e1lf lenti \u00e9g einu sinni \u00e1 sj\u00fakrah\u00fasi vegna illv\u00edgrar sk\u00fatab\u00f3lgu. Var svo veik &hellip; <a href=\"https:\/\/www.norn.is\/kyndillinn\/bera-karlar-sig-verr\/\">Halda \u00e1fram a\u00f0 lesa <span class=\"meta-nav\">&rarr;<\/span><\/a><\/p>\n","protected":false},"author":2,"featured_media":2778,"comment_status":"closed","ping_status":"closed","sticky":false,"template":"","format":"standard","meta":{"footnotes":""},"categories":[1,6],"tags":[303],"class_list":["post-2773","post","type-post","status-publish","format-standard","has-post-thumbnail","hentry","category-kyndillinn","category-kynjaimyndir-og-mismunun","tag-karlar-og-jafnretti"],"yoast_head":"<!-- This site is optimized with the Yoast SEO plugin v27.5 - https:\/\/yoast.com\/product\/yoast-seo-wordpress\/ -->\n<title>Bera karlar sig verr? - Kyndillinn<\/title>\n<meta name=\"robots\" content=\"index, follow, max-snippet:-1, max-image-preview:large, max-video-preview:-1\" \/>\n<link rel=\"canonical\" href=\"https:\/\/www.norn.is\/kyndillinn\/bera-karlar-sig-verr\/\" \/>\n<meta property=\"og:locale\" content=\"is_IS\" \/>\n<meta property=\"og:type\" content=\"article\" \/>\n<meta property=\"og:title\" content=\"Bera karlar sig verr? - Kyndillinn\" \/>\n<meta property=\"og:description\" content=\"Um daginn sat \u00e9g \u00e1 spjalli vi\u00f0 konu, hverrar eiginma\u00f0ur var illa haldinn af kinnholub\u00f3lgum og henti h\u00fan nokkurt gaman af \u00fev\u00ed hve illa hann b\u00e6ri sig. Sj\u00e1lf lenti \u00e9g einu sinni \u00e1 sj\u00fakrah\u00fasi vegna illv\u00edgrar sk\u00fatab\u00f3lgu. Var svo veik &hellip; Halda \u00e1fram a\u00f0 lesa &rarr;\" \/>\n<meta property=\"og:url\" content=\"https:\/\/www.norn.is\/kyndillinn\/bera-karlar-sig-verr\/\" \/>\n<meta property=\"og:site_name\" content=\"Kyndillinn\" \/>\n<meta property=\"article:published_time\" content=\"2008-02-04T11:15:11+00:00\" \/>\n<meta property=\"article:modified_time\" content=\"2017-09-08T15:09:52+00:00\" \/>\n<meta property=\"og:image\" content=\"https:\/\/www.norn.is\/kyndillinn\/wp-content\/uploads\/sites\/5\/2008\/02\/man-flu.jpg\" \/>\n\t<meta property=\"og:image:width\" content=\"420\" \/>\n\t<meta property=\"og:image:height\" content=\"294\" \/>\n\t<meta property=\"og:image:type\" content=\"image\/jpeg\" \/>\n<meta name=\"author\" content=\"Eva Hauksd\u00f3ttir\" \/>\n<meta name=\"twitter:card\" content=\"summary_large_image\" \/>\n<meta name=\"twitter:label1\" content=\"Written by\" \/>\n\t<meta name=\"twitter:data1\" content=\"\" \/>\n\t<meta name=\"twitter:label2\" content=\"Est. reading time\" \/>\n\t<meta name=\"twitter:data2\" content=\"1 minute\" \/>\n<script type=\"application\/ld+json\" class=\"yoast-schema-graph\">{\"@context\":\"https:\\\/\\\/schema.org\",\"@graph\":[{\"@type\":\"Article\",\"@id\":\"https:\\\/\\\/www.norn.is\\\/kyndillinn\\\/bera-karlar-sig-verr\\\/#article\",\"isPartOf\":{\"@id\":\"https:\\\/\\\/www.norn.is\\\/kyndillinn\\\/bera-karlar-sig-verr\\\/\"},\"author\":{\"name\":\"Eva Hauksd\u00f3ttir\",\"@id\":\"https:\\\/\\\/www.norn.is\\\/kyndillinn\\\/#\\\/schema\\\/person\\\/2eb0fcae9e1ecc61987f7ed9c878531c\"},\"headline\":\"Bera karlar sig verr?\",\"datePublished\":\"2008-02-04T11:15:11+00:00\",\"dateModified\":\"2017-09-08T15:09:52+00:00\",\"mainEntityOfPage\":{\"@id\":\"https:\\\/\\\/www.norn.is\\\/kyndillinn\\\/bera-karlar-sig-verr\\\/\"},\"wordCount\":269,\"image\":{\"@id\":\"https:\\\/\\\/www.norn.is\\\/kyndillinn\\\/bera-karlar-sig-verr\\\/#primaryimage\"},\"thumbnailUrl\":\"https:\\\/\\\/www.norn.is\\\/kyndillinn\\\/wp-content\\\/uploads\\\/sites\\\/5\\\/2008\\\/02\\\/man-flu.jpg\",\"keywords\":[\"Karlar og jafnr\u00e9tti\"],\"articleSection\":[\"Kyndillinn\",\"Kynja\u00edmyndir og mismunun\"],\"inLanguage\":\"is\"},{\"@type\":\"WebPage\",\"@id\":\"https:\\\/\\\/www.norn.is\\\/kyndillinn\\\/bera-karlar-sig-verr\\\/\",\"url\":\"https:\\\/\\\/www.norn.is\\\/kyndillinn\\\/bera-karlar-sig-verr\\\/\",\"name\":\"Bera karlar sig verr? - Kyndillinn\",\"isPartOf\":{\"@id\":\"https:\\\/\\\/www.norn.is\\\/kyndillinn\\\/#website\"},\"primaryImageOfPage\":{\"@id\":\"https:\\\/\\\/www.norn.is\\\/kyndillinn\\\/bera-karlar-sig-verr\\\/#primaryimage\"},\"image\":{\"@id\":\"https:\\\/\\\/www.norn.is\\\/kyndillinn\\\/bera-karlar-sig-verr\\\/#primaryimage\"},\"thumbnailUrl\":\"https:\\\/\\\/www.norn.is\\\/kyndillinn\\\/wp-content\\\/uploads\\\/sites\\\/5\\\/2008\\\/02\\\/man-flu.jpg\",\"datePublished\":\"2008-02-04T11:15:11+00:00\",\"dateModified\":\"2017-09-08T15:09:52+00:00\",\"author\":{\"@id\":\"https:\\\/\\\/www.norn.is\\\/kyndillinn\\\/#\\\/schema\\\/person\\\/2eb0fcae9e1ecc61987f7ed9c878531c\"},\"breadcrumb\":{\"@id\":\"https:\\\/\\\/www.norn.is\\\/kyndillinn\\\/bera-karlar-sig-verr\\\/#breadcrumb\"},\"inLanguage\":\"is\",\"potentialAction\":[{\"@type\":\"ReadAction\",\"target\":[\"https:\\\/\\\/www.norn.is\\\/kyndillinn\\\/bera-karlar-sig-verr\\\/\"]}]},{\"@type\":\"ImageObject\",\"inLanguage\":\"is\",\"@id\":\"https:\\\/\\\/www.norn.is\\\/kyndillinn\\\/bera-karlar-sig-verr\\\/#primaryimage\",\"url\":\"https:\\\/\\\/www.norn.is\\\/kyndillinn\\\/wp-content\\\/uploads\\\/sites\\\/5\\\/2008\\\/02\\\/man-flu.jpg\",\"contentUrl\":\"https:\\\/\\\/www.norn.is\\\/kyndillinn\\\/wp-content\\\/uploads\\\/sites\\\/5\\\/2008\\\/02\\\/man-flu.jpg\",\"width\":420,\"height\":294},{\"@type\":\"BreadcrumbList\",\"@id\":\"https:\\\/\\\/www.norn.is\\\/kyndillinn\\\/bera-karlar-sig-verr\\\/#breadcrumb\",\"itemListElement\":[{\"@type\":\"ListItem\",\"position\":1,\"name\":\"Home\",\"item\":\"https:\\\/\\\/www.norn.is\\\/kyndillinn\\\/\"},{\"@type\":\"ListItem\",\"position\":2,\"name\":\"Bera karlar sig verr?\"}]},{\"@type\":\"WebSite\",\"@id\":\"https:\\\/\\\/www.norn.is\\\/kyndillinn\\\/#website\",\"url\":\"https:\\\/\\\/www.norn.is\\\/kyndillinn\\\/\",\"name\":\"Kyndillinn\",\"description\":\"Eva um kyn og kl\u00e1m\",\"potentialAction\":[{\"@type\":\"SearchAction\",\"target\":{\"@type\":\"EntryPoint\",\"urlTemplate\":\"https:\\\/\\\/www.norn.is\\\/kyndillinn\\\/?s={search_term_string}\"},\"query-input\":{\"@type\":\"PropertyValueSpecification\",\"valueRequired\":true,\"valueName\":\"search_term_string\"}}],\"inLanguage\":\"is\"},{\"@type\":\"Person\",\"@id\":\"https:\\\/\\\/www.norn.is\\\/kyndillinn\\\/#\\\/schema\\\/person\\\/2eb0fcae9e1ecc61987f7ed9c878531c\",\"name\":\"Eva Hauksd\u00f3ttir\",\"sameAs\":[\"http:\\\/\\\/www.norn.is\"],\"url\":\"https:\\\/\\\/www.norn.is\\\/kyndillinn\\\/author\\\/eva\\\/\"}]}<\/script>\n<!-- \/ Yoast SEO plugin. -->","yoast_head_json":{"title":"Bera karlar sig verr? - Kyndillinn","robots":{"index":"index","follow":"follow","max-snippet":"max-snippet:-1","max-image-preview":"max-image-preview:large","max-video-preview":"max-video-preview:-1"},"canonical":"https:\/\/www.norn.is\/kyndillinn\/bera-karlar-sig-verr\/","og_locale":"is_IS","og_type":"article","og_title":"Bera karlar sig verr? - Kyndillinn","og_description":"Um daginn sat \u00e9g \u00e1 spjalli vi\u00f0 konu, hverrar eiginma\u00f0ur var illa haldinn af kinnholub\u00f3lgum og henti h\u00fan nokkurt gaman af \u00fev\u00ed hve illa hann b\u00e6ri sig. Sj\u00e1lf lenti \u00e9g einu sinni \u00e1 sj\u00fakrah\u00fasi vegna illv\u00edgrar sk\u00fatab\u00f3lgu. Var svo veik &hellip; Halda \u00e1fram a\u00f0 lesa &rarr;","og_url":"https:\/\/www.norn.is\/kyndillinn\/bera-karlar-sig-verr\/","og_site_name":"Kyndillinn","article_published_time":"2008-02-04T11:15:11+00:00","article_modified_time":"2017-09-08T15:09:52+00:00","og_image":[{"width":420,"height":294,"url":"https:\/\/www.norn.is\/kyndillinn\/wp-content\/uploads\/sites\/5\/2008\/02\/man-flu.jpg","type":"image\/jpeg"}],"author":"Eva Hauksd\u00f3ttir","twitter_card":"summary_large_image","twitter_misc":{"Written by":false,"Est. reading time":"1 minute"},"schema":{"@context":"https:\/\/schema.org","@graph":[{"@type":"Article","@id":"https:\/\/www.norn.is\/kyndillinn\/bera-karlar-sig-verr\/#article","isPartOf":{"@id":"https:\/\/www.norn.is\/kyndillinn\/bera-karlar-sig-verr\/"},"author":{"name":"Eva Hauksd\u00f3ttir","@id":"https:\/\/www.norn.is\/kyndillinn\/#\/schema\/person\/2eb0fcae9e1ecc61987f7ed9c878531c"},"headline":"Bera karlar sig verr?","datePublished":"2008-02-04T11:15:11+00:00","dateModified":"2017-09-08T15:09:52+00:00","mainEntityOfPage":{"@id":"https:\/\/www.norn.is\/kyndillinn\/bera-karlar-sig-verr\/"},"wordCount":269,"image":{"@id":"https:\/\/www.norn.is\/kyndillinn\/bera-karlar-sig-verr\/#primaryimage"},"thumbnailUrl":"https:\/\/www.norn.is\/kyndillinn\/wp-content\/uploads\/sites\/5\/2008\/02\/man-flu.jpg","keywords":["Karlar og jafnr\u00e9tti"],"articleSection":["Kyndillinn","Kynja\u00edmyndir og mismunun"],"inLanguage":"is"},{"@type":"WebPage","@id":"https:\/\/www.norn.is\/kyndillinn\/bera-karlar-sig-verr\/","url":"https:\/\/www.norn.is\/kyndillinn\/bera-karlar-sig-verr\/","name":"Bera karlar sig verr? - Kyndillinn","isPartOf":{"@id":"https:\/\/www.norn.is\/kyndillinn\/#website"},"primaryImageOfPage":{"@id":"https:\/\/www.norn.is\/kyndillinn\/bera-karlar-sig-verr\/#primaryimage"},"image":{"@id":"https:\/\/www.norn.is\/kyndillinn\/bera-karlar-sig-verr\/#primaryimage"},"thumbnailUrl":"https:\/\/www.norn.is\/kyndillinn\/wp-content\/uploads\/sites\/5\/2008\/02\/man-flu.jpg","datePublished":"2008-02-04T11:15:11+00:00","dateModified":"2017-09-08T15:09:52+00:00","author":{"@id":"https:\/\/www.norn.is\/kyndillinn\/#\/schema\/person\/2eb0fcae9e1ecc61987f7ed9c878531c"},"breadcrumb":{"@id":"https:\/\/www.norn.is\/kyndillinn\/bera-karlar-sig-verr\/#breadcrumb"},"inLanguage":"is","potentialAction":[{"@type":"ReadAction","target":["https:\/\/www.norn.is\/kyndillinn\/bera-karlar-sig-verr\/"]}]},{"@type":"ImageObject","inLanguage":"is","@id":"https:\/\/www.norn.is\/kyndillinn\/bera-karlar-sig-verr\/#primaryimage","url":"https:\/\/www.norn.is\/kyndillinn\/wp-content\/uploads\/sites\/5\/2008\/02\/man-flu.jpg","contentUrl":"https:\/\/www.norn.is\/kyndillinn\/wp-content\/uploads\/sites\/5\/2008\/02\/man-flu.jpg","width":420,"height":294},{"@type":"BreadcrumbList","@id":"https:\/\/www.norn.is\/kyndillinn\/bera-karlar-sig-verr\/#breadcrumb","itemListElement":[{"@type":"ListItem","position":1,"name":"Home","item":"https:\/\/www.norn.is\/kyndillinn\/"},{"@type":"ListItem","position":2,"name":"Bera karlar sig verr?"}]},{"@type":"WebSite","@id":"https:\/\/www.norn.is\/kyndillinn\/#website","url":"https:\/\/www.norn.is\/kyndillinn\/","name":"Kyndillinn","description":"Eva um kyn og kl\u00e1m","potentialAction":[{"@type":"SearchAction","target":{"@type":"EntryPoint","urlTemplate":"https:\/\/www.norn.is\/kyndillinn\/?s={search_term_string}"},"query-input":{"@type":"PropertyValueSpecification","valueRequired":true,"valueName":"search_term_string"}}],"inLanguage":"is"},{"@type":"Person","@id":"https:\/\/www.norn.is\/kyndillinn\/#\/schema\/person\/2eb0fcae9e1ecc61987f7ed9c878531c","name":"Eva Hauksd\u00f3ttir","sameAs":["http:\/\/www.norn.is"],"url":"https:\/\/www.norn.is\/kyndillinn\/author\/eva\/"}]}},"_links":{"self":[{"href":"https:\/\/www.norn.is\/kyndillinn\/wp-json\/wp\/v2\/posts\/2773","targetHints":{"allow":["GET"]}}],"collection":[{"href":"https:\/\/www.norn.is\/kyndillinn\/wp-json\/wp\/v2\/posts"}],"about":[{"href":"https:\/\/www.norn.is\/kyndillinn\/wp-json\/wp\/v2\/types\/post"}],"author":[{"embeddable":true,"href":"https:\/\/www.norn.is\/kyndillinn\/wp-json\/wp\/v2\/users\/2"}],"replies":[{"embeddable":true,"href":"https:\/\/www.norn.is\/kyndillinn\/wp-json\/wp\/v2\/comments?post=2773"}],"version-history":[{"count":5,"href":"https:\/\/www.norn.is\/kyndillinn\/wp-json\/wp\/v2\/posts\/2773\/revisions"}],"predecessor-version":[{"id":2779,"href":"https:\/\/www.norn.is\/kyndillinn\/wp-json\/wp\/v2\/posts\/2773\/revisions\/2779"}],"wp:featuredmedia":[{"embeddable":true,"href":"https:\/\/www.norn.is\/kyndillinn\/wp-json\/wp\/v2\/media\/2778"}],"wp:attachment":[{"href":"https:\/\/www.norn.is\/kyndillinn\/wp-json\/wp\/v2\/media?parent=2773"}],"wp:term":[{"taxonomy":"category","embeddable":true,"href":"https:\/\/www.norn.is\/kyndillinn\/wp-json\/wp\/v2\/categories?post=2773"},{"taxonomy":"post_tag","embeddable":true,"href":"https:\/\/www.norn.is\/kyndillinn\/wp-json\/wp\/v2\/tags?post=2773"}],"curies":[{"name":"wp","href":"https:\/\/api.w.org\/{rel}","templated":true}]}}