{"id":2580,"date":"2012-12-12T10:45:01","date_gmt":"2012-12-12T10:45:01","guid":{"rendered":"http:\/\/www.norn.is\/kyndillinn\/?p=2580"},"modified":"2017-09-08T15:04:15","modified_gmt":"2017-09-08T15:04:15","slug":"ad-taka-a-ofbeldi-i-eigin-rodum","status":"publish","type":"post","link":"https:\/\/www.norn.is\/kyndillinn\/ad-taka-a-ofbeldi-i-eigin-rodum\/","title":{"rendered":"A\u00f0 taka \u00e1 ofbeldi \u00ed eigin r\u00f6\u00f0um"},"content":{"rendered":"<p><a href=\"http:\/\/www.norn.is\/kyndillinn\/wp-content\/uploads\/sites\/5\/2012\/12\/tumblr_lj3rnqzyyw1qdus1ko1_500.jpg\"><img loading=\"lazy\" decoding=\"async\" class=\"size-full wp-image-2583 aligncenter\" src=\"http:\/\/www.norn.is\/kyndillinn\/wp-content\/uploads\/sites\/5\/2012\/12\/tumblr_lj3rnqzyyw1qdus1ko1_500.jpg\" alt=\"tumblr_lj3rnqzyyw1qdus1ko1_500\" width=\"500\" height=\"375\" srcset=\"https:\/\/www.norn.is\/kyndillinn\/wp-content\/uploads\/sites\/5\/2012\/12\/tumblr_lj3rnqzyyw1qdus1ko1_500.jpg 500w, https:\/\/www.norn.is\/kyndillinn\/wp-content\/uploads\/sites\/5\/2012\/12\/tumblr_lj3rnqzyyw1qdus1ko1_500-300x225.jpg 300w, https:\/\/www.norn.is\/kyndillinn\/wp-content\/uploads\/sites\/5\/2012\/12\/tumblr_lj3rnqzyyw1qdus1ko1_500-400x300.jpg 400w\" sizes=\"auto, (max-width: 500px) 100vw, 500px\" \/><\/a>\u00cd dag \u00e6tla \u00e9g a\u00f0 kenna ykkur a\u00f0 skapa r\u00e9ttarkerfi. E\u00f0a ekki.<\/p>\n<p>\u00c9g \u00feekki \u00ferj\u00fa \u00f3l\u00edk m\u00e1l \u00fear sem f\u00f3lk sem hefur veri\u00f0 \u00f3r\u00e9tti beitt telur r\u00e9ttarkerfi\u00f0 ekki g\u00f3\u00f0an farveg til a\u00f0 r\u00e9tta sinn hlut. \u00cd einu tilviki er um a\u00f0 r\u00e6\u00f0a hrottalega l\u00edkams\u00e1r\u00e1s. \u00cd einu tilviki var\u00f0 kona fyrir nau\u00f0gun. \u00cd s\u00ed\u00f0asta tilfellinu b\u00fdr \u00feolandinn vi\u00f0 k\u00fagun, veit a\u00f0 honum ver\u00f0ur komi\u00f0 \u00ed vandr\u00e6\u00f0i ef hann heg\u00f0ar s\u00e9r ekki eins og k\u00fagaranum \u00fe\u00f3knast. Ekkert \u00feessara m\u00e1la hefur veri\u00f0 k\u00e6rt til l\u00f6greglu.<!--more--><\/p>\n<p><strong>Af hverju k\u00e6rir f\u00f3lk ekki bara?<br \/>\n<\/strong>Margar \u00e1st\u00e6\u00f0ur geta veri\u00f0 fyrir \u00fev\u00ed a\u00f0 f\u00f3lk k\u00e6rir ekki ofbeldi og a\u00f0ra gl\u00e6pi. Brota\u00feoli kynfer\u00f0isbrots, sem hefur engin s\u00f6nnunarg\u00f6gn og engin vitni, s\u00e9r ekki fram \u00e1 a\u00f0 k\u00e6ra skili neinu nema meiri \u00fej\u00e1ningum. F\u00f3lk sem hefur sj\u00e1lft komist \u00ed kast vi\u00f0 l\u00f6gin ber oft l\u00edti\u00f0 traust til l\u00f6greglunnar, einkum \u00feeir sem hafa or\u00f0i\u00f0 fyrir hrottalegri me\u00f0fer\u00f0 af h\u00e1lfu l\u00f6greglu. Sumir hafa sj\u00e1lfir eitthva\u00f0 a\u00f0 fela og geta ekki leita\u00f0 r\u00e9ttar s\u00edns nema taka \u00e1h\u00e6ttu \u00e1 a\u00f0 komist upp um \u00fe\u00e1 e\u00f0a einhvern \u00feeim n\u00e1kominn. \u00c9g \u00feekki \u00feess einnig d\u00e6mi a\u00f0 manneskju finnist hafa veri\u00f0 broti\u00f0 \u00e1 s\u00e9r \u00fe\u00f3tt l\u00f6gin n\u00e1i ekki yfir \u00fea\u00f0 brot.<\/p>\n<p>\u00dea\u00f0 er algeng sko\u00f0un me\u00f0al \u00feeirra sem hafa l\u00edti\u00f0 \u00e1lit \u00e1 r\u00e9ttarkerfinu a\u00f0 \u00fear sem ekki s\u00e9 neins r\u00e9ttl\u00e6tis a\u00f0 v\u00e6nta \u00far \u00feeirri \u00e1tt, \u00e6ttu vinir \u00feeirra sem \u00f3r\u00e9tti eru beittir a\u00f0 taka sk\u00fdra afst\u00f6\u00f0u me\u00f0 \u00feolandanum og helst a\u00f0 hj\u00e1lpa honum a\u00f0 n\u00e1 fram hefndum.\u00a0\u00deetta er g\u00f3\u00f0 hugmynd fyrir \u00fe\u00e1 sem eru til \u00ed gengjastr\u00ed\u00f0 me\u00f0 tilheyrandi ofbeldi \u00e1 b\u00e1\u00f0a b\u00f3ga en \u00feeir sem telja str\u00ed\u00f0 ekki fars\u00e6la lei\u00f0 til \u00feess a\u00f0 leysa vandam\u00e1l \u00e6ttu a\u00f0 hugsa sig um tvisvar. M\u00e1lin ver\u00f0a svo enn erfi\u00f0ari \u00feegar sk\u00farkurinn tilheyrir vinah\u00f3pnum. Ma\u00f0ur hef\u00f0i kannski haldi\u00f0 a\u00f0 \u00fea\u00f0 s\u00e9 sj\u00e1lfsagt a\u00f0 taka sk\u00fdra afst\u00f6\u00f0u gegn ofbeldi, \u00fatsk\u00fafa sk\u00edth\u00e6lnum og refsa honum en ofbeldism\u00e1l eru ekkert alltaf einf\u00f6ld. Hvernig tekur h\u00f3purinn t.d. \u00e1 ofbeldi \u00ed eigin r\u00f6\u00f0um ef or\u00f0 stendur gegn or\u00f0i? E\u00f0a ef kemur \u00ed lj\u00f3s a\u00f0 gerandinn hefur b\u00fai\u00f0 vi\u00f0 st\u00f6\u00f0ugar ofs\u00f3knir af h\u00e1lfu \u00feolanda lengi og \u00feolandi hefur \u00e1\u00f0ur veri\u00f0 sta\u00f0inn a\u00f0 \u00fev\u00ed a\u00f0 fegra sinn hlut? \u00dea\u00f0 r\u00e9ttl\u00e6tir ekki gl\u00e6pinn en dregur hugsanlega \u00far refsigle\u00f0inni.<\/p>\n<p><strong>Anarkismi og r\u00e9ttarkerfi<br \/>\n<\/strong>\u00cd g\u00e6r tala\u00f0i \u00e9g vi\u00f0 konu sem fannst \u00fea\u00f0 undarleg afsta\u00f0a hj\u00e1 m\u00e9r a\u00f0 tilteki\u00f0 m\u00e1l \u00e6tti heima fyrir d\u00f3mst\u00f3lum en ekki hj\u00e1 amat\u00f6rum. H\u00fan spur\u00f0i mig hvort \u00e9g v\u00e6ri ekki anarkisti og hvernig \u00fea\u00f0 samr\u00fdmdist eiginlega anarkisma a\u00f0 treysta r\u00e9ttarkerfinu. Semsagt, ef \u00e9g er ekki hrifin af r\u00edkisvaldi \u00fe\u00e1 hl\u00fdt \u00e9g a\u00f0 vilja bl\u00f3\u00f0hefndasamf\u00e9lag e\u00f0a eitthva\u00f0 \u00ed \u00fe\u00e1 veru. Nei, au\u00f0vita\u00f0 \u00e1 h\u00fan ekki vi\u00f0 refsingar og hefndir, h\u00f3purinn \u00e1 bara a\u00f0 sj\u00e1 til \u00feess a\u00f0 \u201ebig asshole\u201c axli \u00e1byrg\u00f0 og \u00fe\u00e1 ver\u00f0a \u00f6ll d\u00fdrin \u00ed sk\u00f3ginum vinir.<\/p>\n<p>And\u00fa\u00f0 m\u00edn \u00e1 yfirvaldi og s\u00fa sannf\u00e6ring m\u00edn a\u00f0 r\u00edkisvald s\u00e9 afleitt stj\u00f3rnarfyrirkomulag (af \u00fev\u00ed a\u00f0 yfirvald, hervald, au\u00f0vald og kennivald \u00fer\u00edfst \u00ed skj\u00f3li \u00feess) er anark\u00edsk afsta\u00f0a. S\u00fa afsta\u00f0a merkir ekki a\u00f0 \u00e9g hafi undirgengist reglur einhvers s\u00e9rtr\u00faarsafna\u00f0ar og afsala\u00f0 m\u00e9r r\u00e9tti m\u00ednum til a\u00f0 gagnr\u00fdna \u00feau heimskup\u00f6r sem framin eru \u00ed nafni anarkisma. Hvort sem okkur l\u00edkar \u00fea\u00f0 betur e\u00f0a verr \u00fe\u00e1 sitjum vi\u00f0 uppi me\u00f0 r\u00edkisvald og \u00fear sem r\u00edkisvald \u00fer\u00edfst \u00fear er r\u00e9ttarkerfi nau\u00f0synlegt. \u00dea\u00f0 er nau\u00f0synlegt vegna \u00feess a\u00f0 stundum n\u00e1um vi\u00f0 ekki samkomulagi um \u00fea\u00f0 hvort einhver s\u00e9 \u201ebig asshole\u201c e\u00f0a hva\u00f0 eigi a\u00f0 gera vi\u00f0 \u201ebig asshole\u201c.<\/p>\n<p>R\u00e9ttarkerfi okkar er \u00f3fullkomi\u00f0. \u00dea\u00f0 er ney\u00f0ar\u00farr\u00e6\u00f0i samf\u00e9lags sem er of fj\u00f6lmennt og sundurleitt til a\u00f0 leysa \u00f6ll \u00e1greiningsm\u00e1l \u00ed br\u00f3\u00f0erni. Aldrei hefur mannkyni\u00f0 skapa\u00f0 r\u00e9ttarkerfi sem er \u00f3umdeilanlega r\u00e9ttl\u00e1tt og m\u00f6rg m\u00e1l r\u00e6\u00f0ur r\u00e9ttarkerfi\u00f0 einfaldlega ekki vi\u00f0. \u00dear eru kynfer\u00f0isbrot st\u00e6rsti flokkurinn en \u00ed \u00feeim m\u00e1lum standa \u00e1k\u00e6ruvald og d\u00f3mst\u00f3lar i\u00f0ulega frammi fyrir \u00fev\u00ed a\u00f0 \u00feurfa anna\u00f0hvort a\u00f0 sleppa manni sem hugsanlega er sekur e\u00f0a sakfella mann \u00e1n sannana. Allir sj\u00e1 \u00feennan vanda en hvergi s\u00e9 \u00e9g neina vi\u00f0leitni hins opinbera til a\u00f0 finna sl\u00edkum m\u00e1lum annan farveg en r\u00e9ttarkerfi\u00f0.<\/p>\n<p><strong>A\u00f0 skapa eigi\u00f0 r\u00e9ttarkerfi<br \/>\n<\/strong>Og er \u00fe\u00e1 ekki bara f\u00ednt a\u00f0 vinah\u00f3par taki m\u00e1lin a\u00f0 s\u00e9r sj\u00e1lfir, \u00ed sta\u00f0 \u00feess a\u00f0 leita til \u00feessa \u00f3fullkomna r\u00e9ttarkerfis? J\u00fa, \u00fea\u00f0 er f\u00edn lausn \u00fear sem raunh\u00e6ft er a\u00f0 n\u00e1 s\u00e1ttum. \u00dea\u00f0 er hinsvegar fl\u00f3knara \u00ed tilfellum \u00fear sem \u201es\u00e1 seki\u201c kannast ekki vi\u00f0 a\u00f0 hafa gert neitt rangt. Hugmyndin er s\u00fa a\u00f0 h\u00f3purinn hj\u00e1lpi gerandanum a\u00f0 axla \u00e1byrg\u00f0 \u00e1 gj\u00f6r\u00f0um s\u00ednum. Hugmyndin er l\u00edka s\u00fa a\u00f0 \u201eokkar f\u00f3lk\u201c r\u00e1\u00f0i betur vi\u00f0 \u00fea\u00f0 en r\u00e9ttarkerfi\u00f0. Hugsanlega hefur \u00feetta fyrirkomulag gefist vel einhverssta\u00f0ar en hva\u00f0 ef s\u00e1 seki neitar alfari\u00f0 a\u00f0 axla \u00e1byrg\u00f0? J\u00fa \u00fe\u00e1 er honum \u201ehj\u00e1lpa\u00f0\u201c gegn vilja s\u00ednum og \u00ed \u00fev\u00ed skyni gr\u00edpa menn til refsinga. \u00dea\u00f0 var reyndar l\u00edka hugmyndin me\u00f0 r\u00e9ttarkerfi mi\u00f0alda. Refsingar \u00e1ttu a\u00f0 hj\u00e1lpa \u00feeim seku a\u00f0 i\u00f0rast og auka \u00fear me\u00f0 l\u00edkur \u00feeirra \u00e1 himnavist. \u00c6tli s\u00e9 svipu\u00f0 hugsun a\u00f0 baki \u00feegar Hamas-li\u00f0ar l\u00edfl\u00e1ta meinta svikara \u00e1n a\u00f0komu d\u00f3mskerfisins?<\/p>\n<p>Ef \u00fe\u00fa stendur \u00ed \u00feeim hr\u00e6\u00f0ilegu sporum a\u00f0 geta ekki treyst r\u00e9ttarkerfinu, hugsa\u00f0u \u00feig samt tvisvar um \u00e1\u00f0ur en \u00fe\u00fa stillir vinum og vandam\u00f6nnum upp vi\u00f0 vegg og l\u00fdsir \u00fe\u00e1 svikara sem ekki vilja hafa bein afskipti af m\u00e1linu. \u00c9g get \u00fev\u00ed mi\u00f0ur ekki bent \u00e1 betri lausn en stundum er verr af sta\u00f0 fari\u00f0 en heima seti\u00f0. Ger\u00f0u \u00fe\u00e9r grein fyrir \u00fev\u00ed a\u00f0 \u00fea\u00f0 g\u00e6ti or\u00f0i\u00f0 til \u00feess a\u00f0 klj\u00fafa \u00feinn eigin h\u00f3p og \u00fdta af sta\u00f0 l\u00f6ngu ferli hatrammra \u00e1taka og gagnhefnda, hugsanlega \u00e1n \u00feess a\u00f0 \u00fe\u00e9r l\u00ed\u00f0i neitt betur fyrir viki\u00f0.<\/p>\n<p>\u00c9g tek undir \u00fe\u00e1 sko\u00f0un a\u00f0 r\u00e9ttarkerfi\u00f0 s\u00e9 galla\u00f0 og \u00e9g kann enga lei\u00f0 til a\u00f0 taka \u00e1 m\u00e1lum sem r\u00e9ttarkerfi\u00f0 r\u00e6\u00f0ur ekki vi\u00f0. Hitt veit \u00e9g a\u00f0 \u00feegar leikmenn reyna sj\u00e1lfit a\u00f0 taka \u00e1 ofbeldi \u00ed eigin r\u00f6\u00f0um, getur ni\u00f0ursta\u00f0an or\u00f0i\u00f0 s\u00fa a\u00f0 \u00feeir hr\u00f3fla upp l\u00e9legri eftirl\u00edkingu af r\u00e9ttarkerfi. F\u00e1mennur h\u00f3pur tekur \u00ed senn a\u00f0 s\u00e9r hlutverk l\u00f6ggjafa, ranns\u00f3knara\u00f0ila, \u00e1k\u00e6randa, saks\u00f3knara, d\u00f3mara og b\u00f6\u00f0uls. Stundum eru reglur settar eftir \u00e1 og meintur gerandi f\u00e6r hvorki verjanda n\u00e9 andm\u00e6lar\u00e9tt. Og \u00fea\u00f0 \u00e1 ekkert skylt vi\u00f0 anarkisma. \u00dea\u00f0 er bara venjulegur fasismi.<\/p>\n","protected":false},"excerpt":{"rendered":"<p>\u00cd dag \u00e6tla \u00e9g a\u00f0 kenna ykkur a\u00f0 skapa r\u00e9ttarkerfi. E\u00f0a ekki. \u00c9g \u00feekki \u00ferj\u00fa \u00f3l\u00edk m\u00e1l \u00fear sem f\u00f3lk sem hefur veri\u00f0 \u00f3r\u00e9tti beitt telur r\u00e9ttarkerfi\u00f0 ekki g\u00f3\u00f0an farveg til a\u00f0 r\u00e9tta sinn hlut. \u00cd einu tilviki er um &hellip; <a href=\"https:\/\/www.norn.is\/kyndillinn\/ad-taka-a-ofbeldi-i-eigin-rodum\/\">Halda \u00e1fram a\u00f0 lesa <span class=\"meta-nav\">&rarr;<\/span><\/a><\/p>\n","protected":false},"author":2,"featured_media":2583,"comment_status":"closed","ping_status":"open","sticky":false,"template":"","format":"standard","meta":{"footnotes":""},"categories":[13,1],"tags":[260,264,302,263],"class_list":["post-2580","post","type-post","status-publish","format-standard","has-post-thumbnail","hentry","category-kyn-ofbeldi-og-rettarkerfid","category-kyndillinn","tag-endurskilgreiningar","tag-phillys-pissed","tag-rettarkerfid","tag-stori-domur"],"yoast_head":"<!-- This site is optimized with the Yoast SEO plugin v27.4 - https:\/\/yoast.com\/product\/yoast-seo-wordpress\/ -->\n<title>A\u00f0 taka \u00e1 ofbeldi \u00ed eigin r\u00f6\u00f0um - Kyndillinn<\/title>\n<meta name=\"robots\" content=\"index, follow, max-snippet:-1, max-image-preview:large, max-video-preview:-1\" \/>\n<link rel=\"canonical\" href=\"https:\/\/www.norn.is\/kyndillinn\/ad-taka-a-ofbeldi-i-eigin-rodum\/\" \/>\n<meta property=\"og:locale\" content=\"is_IS\" \/>\n<meta property=\"og:type\" content=\"article\" \/>\n<meta property=\"og:title\" content=\"A\u00f0 taka \u00e1 ofbeldi \u00ed eigin r\u00f6\u00f0um - Kyndillinn\" \/>\n<meta property=\"og:description\" content=\"\u00cd dag \u00e6tla \u00e9g a\u00f0 kenna ykkur a\u00f0 skapa r\u00e9ttarkerfi. E\u00f0a ekki. \u00c9g \u00feekki \u00ferj\u00fa \u00f3l\u00edk m\u00e1l \u00fear sem f\u00f3lk sem hefur veri\u00f0 \u00f3r\u00e9tti beitt telur r\u00e9ttarkerfi\u00f0 ekki g\u00f3\u00f0an farveg til a\u00f0 r\u00e9tta sinn hlut. \u00cd einu tilviki er um &hellip; Halda \u00e1fram a\u00f0 lesa &rarr;\" \/>\n<meta property=\"og:url\" content=\"https:\/\/www.norn.is\/kyndillinn\/ad-taka-a-ofbeldi-i-eigin-rodum\/\" \/>\n<meta property=\"og:site_name\" content=\"Kyndillinn\" \/>\n<meta property=\"article:published_time\" content=\"2012-12-12T10:45:01+00:00\" \/>\n<meta property=\"article:modified_time\" content=\"2017-09-08T15:04:15+00:00\" \/>\n<meta property=\"og:image\" content=\"https:\/\/www.norn.is\/kyndillinn\/wp-content\/uploads\/sites\/5\/2012\/12\/tumblr_lj3rnqzyyw1qdus1ko1_500.jpg\" \/>\n\t<meta property=\"og:image:width\" content=\"500\" \/>\n\t<meta property=\"og:image:height\" content=\"375\" \/>\n\t<meta property=\"og:image:type\" content=\"image\/jpeg\" \/>\n<meta name=\"author\" content=\"Eva Hauksd\u00f3ttir\" \/>\n<meta name=\"twitter:card\" content=\"summary_large_image\" \/>\n<meta name=\"twitter:label1\" content=\"Written by\" \/>\n\t<meta name=\"twitter:data1\" content=\"\" \/>\n\t<meta name=\"twitter:label2\" content=\"Est. reading time\" \/>\n\t<meta name=\"twitter:data2\" content=\"6 minutes\" \/>\n<script type=\"application\/ld+json\" class=\"yoast-schema-graph\">{\"@context\":\"https:\\\/\\\/schema.org\",\"@graph\":[{\"@type\":\"Article\",\"@id\":\"https:\\\/\\\/www.norn.is\\\/kyndillinn\\\/ad-taka-a-ofbeldi-i-eigin-rodum\\\/#article\",\"isPartOf\":{\"@id\":\"https:\\\/\\\/www.norn.is\\\/kyndillinn\\\/ad-taka-a-ofbeldi-i-eigin-rodum\\\/\"},\"author\":{\"name\":\"Eva Hauksd\u00f3ttir\",\"@id\":\"https:\\\/\\\/www.norn.is\\\/kyndillinn\\\/#\\\/schema\\\/person\\\/2eb0fcae9e1ecc61987f7ed9c878531c\"},\"headline\":\"A\u00f0 taka \u00e1 ofbeldi \u00ed eigin r\u00f6\u00f0um\",\"datePublished\":\"2012-12-12T10:45:01+00:00\",\"dateModified\":\"2017-09-08T15:04:15+00:00\",\"mainEntityOfPage\":{\"@id\":\"https:\\\/\\\/www.norn.is\\\/kyndillinn\\\/ad-taka-a-ofbeldi-i-eigin-rodum\\\/\"},\"wordCount\":1203,\"image\":{\"@id\":\"https:\\\/\\\/www.norn.is\\\/kyndillinn\\\/ad-taka-a-ofbeldi-i-eigin-rodum\\\/#primaryimage\"},\"thumbnailUrl\":\"https:\\\/\\\/www.norn.is\\\/kyndillinn\\\/wp-content\\\/uploads\\\/sites\\\/5\\\/2012\\\/12\\\/tumblr_lj3rnqzyyw1qdus1ko1_500.jpg\",\"keywords\":[\"Endurskilgreiningar\",\"Philly's pissed\",\"R\u00e9ttarkerfi\u00f0\",\"St\u00f3ri d\u00f3mur\"],\"articleSection\":[\"Kyn, ofbeldi og r\u00e9ttarkerfi\u00f0\",\"Kyndillinn\"],\"inLanguage\":\"is\"},{\"@type\":\"WebPage\",\"@id\":\"https:\\\/\\\/www.norn.is\\\/kyndillinn\\\/ad-taka-a-ofbeldi-i-eigin-rodum\\\/\",\"url\":\"https:\\\/\\\/www.norn.is\\\/kyndillinn\\\/ad-taka-a-ofbeldi-i-eigin-rodum\\\/\",\"name\":\"A\u00f0 taka \u00e1 ofbeldi \u00ed eigin r\u00f6\u00f0um - Kyndillinn\",\"isPartOf\":{\"@id\":\"https:\\\/\\\/www.norn.is\\\/kyndillinn\\\/#website\"},\"primaryImageOfPage\":{\"@id\":\"https:\\\/\\\/www.norn.is\\\/kyndillinn\\\/ad-taka-a-ofbeldi-i-eigin-rodum\\\/#primaryimage\"},\"image\":{\"@id\":\"https:\\\/\\\/www.norn.is\\\/kyndillinn\\\/ad-taka-a-ofbeldi-i-eigin-rodum\\\/#primaryimage\"},\"thumbnailUrl\":\"https:\\\/\\\/www.norn.is\\\/kyndillinn\\\/wp-content\\\/uploads\\\/sites\\\/5\\\/2012\\\/12\\\/tumblr_lj3rnqzyyw1qdus1ko1_500.jpg\",\"datePublished\":\"2012-12-12T10:45:01+00:00\",\"dateModified\":\"2017-09-08T15:04:15+00:00\",\"author\":{\"@id\":\"https:\\\/\\\/www.norn.is\\\/kyndillinn\\\/#\\\/schema\\\/person\\\/2eb0fcae9e1ecc61987f7ed9c878531c\"},\"breadcrumb\":{\"@id\":\"https:\\\/\\\/www.norn.is\\\/kyndillinn\\\/ad-taka-a-ofbeldi-i-eigin-rodum\\\/#breadcrumb\"},\"inLanguage\":\"is\",\"potentialAction\":[{\"@type\":\"ReadAction\",\"target\":[\"https:\\\/\\\/www.norn.is\\\/kyndillinn\\\/ad-taka-a-ofbeldi-i-eigin-rodum\\\/\"]}]},{\"@type\":\"ImageObject\",\"inLanguage\":\"is\",\"@id\":\"https:\\\/\\\/www.norn.is\\\/kyndillinn\\\/ad-taka-a-ofbeldi-i-eigin-rodum\\\/#primaryimage\",\"url\":\"https:\\\/\\\/www.norn.is\\\/kyndillinn\\\/wp-content\\\/uploads\\\/sites\\\/5\\\/2012\\\/12\\\/tumblr_lj3rnqzyyw1qdus1ko1_500.jpg\",\"contentUrl\":\"https:\\\/\\\/www.norn.is\\\/kyndillinn\\\/wp-content\\\/uploads\\\/sites\\\/5\\\/2012\\\/12\\\/tumblr_lj3rnqzyyw1qdus1ko1_500.jpg\",\"width\":500,\"height\":375},{\"@type\":\"BreadcrumbList\",\"@id\":\"https:\\\/\\\/www.norn.is\\\/kyndillinn\\\/ad-taka-a-ofbeldi-i-eigin-rodum\\\/#breadcrumb\",\"itemListElement\":[{\"@type\":\"ListItem\",\"position\":1,\"name\":\"Home\",\"item\":\"https:\\\/\\\/www.norn.is\\\/kyndillinn\\\/\"},{\"@type\":\"ListItem\",\"position\":2,\"name\":\"A\u00f0 taka \u00e1 ofbeldi \u00ed eigin r\u00f6\u00f0um\"}]},{\"@type\":\"WebSite\",\"@id\":\"https:\\\/\\\/www.norn.is\\\/kyndillinn\\\/#website\",\"url\":\"https:\\\/\\\/www.norn.is\\\/kyndillinn\\\/\",\"name\":\"Kyndillinn\",\"description\":\"Eva um kyn og kl\u00e1m\",\"potentialAction\":[{\"@type\":\"SearchAction\",\"target\":{\"@type\":\"EntryPoint\",\"urlTemplate\":\"https:\\\/\\\/www.norn.is\\\/kyndillinn\\\/?s={search_term_string}\"},\"query-input\":{\"@type\":\"PropertyValueSpecification\",\"valueRequired\":true,\"valueName\":\"search_term_string\"}}],\"inLanguage\":\"is\"},{\"@type\":\"Person\",\"@id\":\"https:\\\/\\\/www.norn.is\\\/kyndillinn\\\/#\\\/schema\\\/person\\\/2eb0fcae9e1ecc61987f7ed9c878531c\",\"name\":\"Eva Hauksd\u00f3ttir\",\"sameAs\":[\"http:\\\/\\\/www.norn.is\"],\"url\":\"https:\\\/\\\/www.norn.is\\\/kyndillinn\\\/author\\\/eva\\\/\"}]}<\/script>\n<!-- \/ Yoast SEO plugin. -->","yoast_head_json":{"title":"A\u00f0 taka \u00e1 ofbeldi \u00ed eigin r\u00f6\u00f0um - Kyndillinn","robots":{"index":"index","follow":"follow","max-snippet":"max-snippet:-1","max-image-preview":"max-image-preview:large","max-video-preview":"max-video-preview:-1"},"canonical":"https:\/\/www.norn.is\/kyndillinn\/ad-taka-a-ofbeldi-i-eigin-rodum\/","og_locale":"is_IS","og_type":"article","og_title":"A\u00f0 taka \u00e1 ofbeldi \u00ed eigin r\u00f6\u00f0um - Kyndillinn","og_description":"\u00cd dag \u00e6tla \u00e9g a\u00f0 kenna ykkur a\u00f0 skapa r\u00e9ttarkerfi. E\u00f0a ekki. \u00c9g \u00feekki \u00ferj\u00fa \u00f3l\u00edk m\u00e1l \u00fear sem f\u00f3lk sem hefur veri\u00f0 \u00f3r\u00e9tti beitt telur r\u00e9ttarkerfi\u00f0 ekki g\u00f3\u00f0an farveg til a\u00f0 r\u00e9tta sinn hlut. \u00cd einu tilviki er um &hellip; Halda \u00e1fram a\u00f0 lesa &rarr;","og_url":"https:\/\/www.norn.is\/kyndillinn\/ad-taka-a-ofbeldi-i-eigin-rodum\/","og_site_name":"Kyndillinn","article_published_time":"2012-12-12T10:45:01+00:00","article_modified_time":"2017-09-08T15:04:15+00:00","og_image":[{"width":500,"height":375,"url":"https:\/\/www.norn.is\/kyndillinn\/wp-content\/uploads\/sites\/5\/2012\/12\/tumblr_lj3rnqzyyw1qdus1ko1_500.jpg","type":"image\/jpeg"}],"author":"Eva Hauksd\u00f3ttir","twitter_card":"summary_large_image","twitter_misc":{"Written by":false,"Est. reading time":"6 minutes"},"schema":{"@context":"https:\/\/schema.org","@graph":[{"@type":"Article","@id":"https:\/\/www.norn.is\/kyndillinn\/ad-taka-a-ofbeldi-i-eigin-rodum\/#article","isPartOf":{"@id":"https:\/\/www.norn.is\/kyndillinn\/ad-taka-a-ofbeldi-i-eigin-rodum\/"},"author":{"name":"Eva Hauksd\u00f3ttir","@id":"https:\/\/www.norn.is\/kyndillinn\/#\/schema\/person\/2eb0fcae9e1ecc61987f7ed9c878531c"},"headline":"A\u00f0 taka \u00e1 ofbeldi \u00ed eigin r\u00f6\u00f0um","datePublished":"2012-12-12T10:45:01+00:00","dateModified":"2017-09-08T15:04:15+00:00","mainEntityOfPage":{"@id":"https:\/\/www.norn.is\/kyndillinn\/ad-taka-a-ofbeldi-i-eigin-rodum\/"},"wordCount":1203,"image":{"@id":"https:\/\/www.norn.is\/kyndillinn\/ad-taka-a-ofbeldi-i-eigin-rodum\/#primaryimage"},"thumbnailUrl":"https:\/\/www.norn.is\/kyndillinn\/wp-content\/uploads\/sites\/5\/2012\/12\/tumblr_lj3rnqzyyw1qdus1ko1_500.jpg","keywords":["Endurskilgreiningar","Philly's pissed","R\u00e9ttarkerfi\u00f0","St\u00f3ri d\u00f3mur"],"articleSection":["Kyn, ofbeldi og r\u00e9ttarkerfi\u00f0","Kyndillinn"],"inLanguage":"is"},{"@type":"WebPage","@id":"https:\/\/www.norn.is\/kyndillinn\/ad-taka-a-ofbeldi-i-eigin-rodum\/","url":"https:\/\/www.norn.is\/kyndillinn\/ad-taka-a-ofbeldi-i-eigin-rodum\/","name":"A\u00f0 taka \u00e1 ofbeldi \u00ed eigin r\u00f6\u00f0um - Kyndillinn","isPartOf":{"@id":"https:\/\/www.norn.is\/kyndillinn\/#website"},"primaryImageOfPage":{"@id":"https:\/\/www.norn.is\/kyndillinn\/ad-taka-a-ofbeldi-i-eigin-rodum\/#primaryimage"},"image":{"@id":"https:\/\/www.norn.is\/kyndillinn\/ad-taka-a-ofbeldi-i-eigin-rodum\/#primaryimage"},"thumbnailUrl":"https:\/\/www.norn.is\/kyndillinn\/wp-content\/uploads\/sites\/5\/2012\/12\/tumblr_lj3rnqzyyw1qdus1ko1_500.jpg","datePublished":"2012-12-12T10:45:01+00:00","dateModified":"2017-09-08T15:04:15+00:00","author":{"@id":"https:\/\/www.norn.is\/kyndillinn\/#\/schema\/person\/2eb0fcae9e1ecc61987f7ed9c878531c"},"breadcrumb":{"@id":"https:\/\/www.norn.is\/kyndillinn\/ad-taka-a-ofbeldi-i-eigin-rodum\/#breadcrumb"},"inLanguage":"is","potentialAction":[{"@type":"ReadAction","target":["https:\/\/www.norn.is\/kyndillinn\/ad-taka-a-ofbeldi-i-eigin-rodum\/"]}]},{"@type":"ImageObject","inLanguage":"is","@id":"https:\/\/www.norn.is\/kyndillinn\/ad-taka-a-ofbeldi-i-eigin-rodum\/#primaryimage","url":"https:\/\/www.norn.is\/kyndillinn\/wp-content\/uploads\/sites\/5\/2012\/12\/tumblr_lj3rnqzyyw1qdus1ko1_500.jpg","contentUrl":"https:\/\/www.norn.is\/kyndillinn\/wp-content\/uploads\/sites\/5\/2012\/12\/tumblr_lj3rnqzyyw1qdus1ko1_500.jpg","width":500,"height":375},{"@type":"BreadcrumbList","@id":"https:\/\/www.norn.is\/kyndillinn\/ad-taka-a-ofbeldi-i-eigin-rodum\/#breadcrumb","itemListElement":[{"@type":"ListItem","position":1,"name":"Home","item":"https:\/\/www.norn.is\/kyndillinn\/"},{"@type":"ListItem","position":2,"name":"A\u00f0 taka \u00e1 ofbeldi \u00ed eigin r\u00f6\u00f0um"}]},{"@type":"WebSite","@id":"https:\/\/www.norn.is\/kyndillinn\/#website","url":"https:\/\/www.norn.is\/kyndillinn\/","name":"Kyndillinn","description":"Eva um kyn og kl\u00e1m","potentialAction":[{"@type":"SearchAction","target":{"@type":"EntryPoint","urlTemplate":"https:\/\/www.norn.is\/kyndillinn\/?s={search_term_string}"},"query-input":{"@type":"PropertyValueSpecification","valueRequired":true,"valueName":"search_term_string"}}],"inLanguage":"is"},{"@type":"Person","@id":"https:\/\/www.norn.is\/kyndillinn\/#\/schema\/person\/2eb0fcae9e1ecc61987f7ed9c878531c","name":"Eva Hauksd\u00f3ttir","sameAs":["http:\/\/www.norn.is"],"url":"https:\/\/www.norn.is\/kyndillinn\/author\/eva\/"}]}},"_links":{"self":[{"href":"https:\/\/www.norn.is\/kyndillinn\/wp-json\/wp\/v2\/posts\/2580","targetHints":{"allow":["GET"]}}],"collection":[{"href":"https:\/\/www.norn.is\/kyndillinn\/wp-json\/wp\/v2\/posts"}],"about":[{"href":"https:\/\/www.norn.is\/kyndillinn\/wp-json\/wp\/v2\/types\/post"}],"author":[{"embeddable":true,"href":"https:\/\/www.norn.is\/kyndillinn\/wp-json\/wp\/v2\/users\/2"}],"replies":[{"embeddable":true,"href":"https:\/\/www.norn.is\/kyndillinn\/wp-json\/wp\/v2\/comments?post=2580"}],"version-history":[{"count":3,"href":"https:\/\/www.norn.is\/kyndillinn\/wp-json\/wp\/v2\/posts\/2580\/revisions"}],"predecessor-version":[{"id":2584,"href":"https:\/\/www.norn.is\/kyndillinn\/wp-json\/wp\/v2\/posts\/2580\/revisions\/2584"}],"wp:featuredmedia":[{"embeddable":true,"href":"https:\/\/www.norn.is\/kyndillinn\/wp-json\/wp\/v2\/media\/2583"}],"wp:attachment":[{"href":"https:\/\/www.norn.is\/kyndillinn\/wp-json\/wp\/v2\/media?parent=2580"}],"wp:term":[{"taxonomy":"category","embeddable":true,"href":"https:\/\/www.norn.is\/kyndillinn\/wp-json\/wp\/v2\/categories?post=2580"},{"taxonomy":"post_tag","embeddable":true,"href":"https:\/\/www.norn.is\/kyndillinn\/wp-json\/wp\/v2\/tags?post=2580"}],"curies":[{"name":"wp","href":"https:\/\/api.w.org\/{rel}","templated":true}]}}