{"id":229,"date":"2013-02-02T23:56:59","date_gmt":"2013-02-02T23:56:59","guid":{"rendered":"http:\/\/www.norn.is\/kyndillinn\/?p=229"},"modified":"2020-03-11T00:04:32","modified_gmt":"2020-03-11T00:04:32","slug":"stadgongumaedrun-heilaspuni-og-rannsoknir","status":"publish","type":"post","link":"https:\/\/www.norn.is\/kyndillinn\/stadgongumaedrun-heilaspuni-og-rannsoknir\/","title":{"rendered":"Sta\u00f0g\u00f6ngum\u00e6\u00f0run, heilaspuni og ranns\u00f3knir"},"content":{"rendered":"<p><img loading=\"lazy\" decoding=\"async\" class=\"alignleft size-full wp-image-231\" src=\"http:\/\/www.norn.is\/kyndillinn\/wp-content\/uploads\/sites\/5\/2014\/07\/haus-e1407716406928.jpg\" alt=\"sta\u00f0ganga\" width=\"620\" height=\"478\" \/><br \/>\nEnda \u00fe\u00f3tt konur lifi a\u00f0 jafna\u00f0i lengur en karlar, lendi s\u00ed\u00f0ur \u00ed slysum og s\u00e9u l\u00edklegri til a\u00f0 leita a\u00f0sto\u00f0ar ef \u00fe\u00e6r lenda \u00ed a\u00f0st\u00e6\u00f0um sem \u00fe\u00e6r r\u00e1\u00f0a ekki vi\u00f0, \u00e1l\u00edta margir, b\u00e6\u00f0i karlar og konur, a\u00f0 okkur konum s\u00e9 alls ekki treystandi til a\u00f0 taka \u00e1kvar\u00f0anir sem var\u00f0a l\u00edf okkar og l\u00edkama.<!--more--><\/p>\n<p>N\u00fdlega sam\u00feykkti Al\u00feingi \u00feings\u00e1lyktun um frumvarp til laga um sta\u00f0g\u00f6ngum\u00e6\u00f0run. M\u00e9r finnst \u00fat af fyrir sig merkileg hugmynd a\u00f0 \u00fea\u00f0 \u00feurfi s\u00e9rst\u00f6k l\u00f6g sem leyfa konum a\u00f0 ganga me\u00f0 b\u00f6rn fyrir a\u00f0ra, \u00e9g hef\u00f0i haldi\u00f0 a\u00f0 vi\u00f0 r\u00e9\u00f0um \u00fev\u00ed bara \u00e1n s\u00e9rstakrar blessunar yfirvaldsins. \u00c9g fellst \u00fe\u00f3 \u00e1 a\u00f0 \u00fear sem reynsla annarra \u00fej\u00f3\u00f0a s\u00fdnir a\u00f0 \u00fea\u00f0 hvernig sta\u00f0i\u00f0 er a\u00f0 sta\u00f0g\u00f6ngum\u00e6\u00f0run r\u00e6\u00f0ur \u00farslitum um \u00e1n\u00e6gju allra a\u00f0ila, s\u00e9 svosem \u00e1g\u00e6tt a\u00f0 marka einhverja stefnu um \u00fea\u00f0 <strong>hvernig<\/strong> best s\u00e9 a\u00f0 gera hlutina. S\u00ed\u00f0an \u00feessi pistill var fyrst birtur hefur hi\u00f0 h\u00e1a Al\u00feingi svo \u00e1kve\u00f0i\u00f0 a\u00f0 setja ekki sl\u00edkar reglur heldur <a href=\"http:\/\/www.althingi.is\/lagas\/nuna\/1996055.htm\">BANNA sta\u00f0g\u00f6ngum\u00e6\u00f0run<\/a>.<\/p>\n<h2>R\u00f6kin gegn sta\u00f0g\u00f6ngum\u00e6\u00f0run<\/h2>\n<p>Sumir \u00feeirra sem berjast gegn sta\u00f0g\u00f6ngum\u00e6\u00f0run telja sig ekki \u00feurfa nein r\u00f6k \u00f6nnur en s\u00edna eigin <a href=\"http:\/\/en.wikipedia.org\/wiki\/Truthiness\">sannleikni<\/a>. \u00deetta er f\u00f3lk, sem \u00ed fullvissu um a\u00f0 \u00fea\u00f0 s\u00e9 si\u00f0fer\u00f0ilega yfir a\u00f0ra hafi\u00f0, teflir fram r\u00f6kleysum sem eiga a\u00f0 \u00feagga ni\u00f0ur \u00ed andm\u00e6landanum me\u00f0 \u00fev\u00ed a\u00f0 s\u00fdna fram \u00e1 l\u00e9legt si\u00f0fer\u00f0i hans og\/e\u00f0a skilningsleysi \u00e1 hugt\u00f6kum sem tengjast si\u00f0fer\u00f0i.<\/p>\n<p><strong>Mannr\u00e9ttindar\u00f6kvillan<\/strong><\/p>\n<p>Eitt d\u00e6mi um sannleiknir\u00f6k er mannr\u00e9ttindavillan. M\u00e1li\u00f0 er \u00fe\u00e1 tengt vi\u00f0 mannr\u00e9ttindi \u00ed \u00fev\u00ed skyni a\u00f0 anna\u00f0hvort \u00fdkja mikilv\u00e6gi \u00feess e\u00f0a s\u00fdna fram \u00e1 a\u00f0 krafan eigi ekki r\u00e9tt \u00e1 s\u00e9r. \u00deegar sta\u00f0g\u00f6ngum\u00e6\u00f0run er til umr\u00e6\u00f0u birtist \u00feessi villa i\u00f0ulega \u00ed eftirfarandi sta\u00f0h\u00e6fingu:<\/p>\n<blockquote><p>\u00dea\u00f0 eru ekki mannr\u00e9ttindi a\u00f0 fj\u00f6lga s\u00e9r. F\u00f3lk sem getur ekki eignast b\u00f6rn, getur bara \u00e6ttleitt.<\/p><\/blockquote>\n<p>J\u00e1j\u00e1, \u00fea\u00f0 er alveg hreint laukr\u00e9tt a\u00f0 \u00fea\u00f0 eru ekki mannr\u00e9ttindi a\u00f0 fj\u00f6lga s\u00e9r. \u00dea\u00f0 er hins vegar \u00fat \u00ed h\u00f6tt a\u00f0 ekkert eigi r\u00e9tt \u00e1 s\u00e9r nema \u00fea\u00f0 sem fellur undir mannr\u00e9ttindahugtaki\u00f0. Ef \u00fat \u00ed \u00fea\u00f0 er fari\u00f0 er \u00e6xlun heldur ekki mannr\u00e9ttindi \u00feeirra sem geta eignast b\u00f6rn hj\u00e1lparlaust. Samt dettur f\u00e1um \u00ed hug a\u00f0 banna f\u00f3lki a\u00f0 eignast s\u00edn eigin b\u00f6rn \u00e1 me\u00f0an enn eru b\u00f6rn \u00ed ver\u00f6ldinni sem vantar heimili. \u00deetta eru \u00fev\u00ed ekki t\u00e6k r\u00f6k gegn frelsi annarra til a\u00f0 eignast b\u00f6rn me\u00f0 hj\u00e1lp konu sem er a\u00f0 s\u00f6nnu rei\u00f0ub\u00fain til a\u00f0 veita \u00fe\u00e1 hj\u00e1lp.<\/p>\n<p><a href=\"http:\/\/www.norn.is\/kyndillinn\/wp-content\/uploads\/sites\/5\/2014\/07\/mjaxmy03yzfmmje2mzc3zjdhzgqw.png\"><img loading=\"lazy\" decoding=\"async\" class=\"size-full wp-image-232 aligncenter\" src=\"http:\/\/www.norn.is\/kyndillinn\/wp-content\/uploads\/sites\/5\/2014\/07\/mjaxmy03yzfmmje2mzc3zjdhzgqw.png\" alt=\"forr\u00e6\u00f0i\" width=\"420\" height=\"294\" srcset=\"https:\/\/www.norn.is\/kyndillinn\/wp-content\/uploads\/sites\/5\/2014\/07\/mjaxmy03yzfmmje2mzc3zjdhzgqw.png 420w, https:\/\/www.norn.is\/kyndillinn\/wp-content\/uploads\/sites\/5\/2014\/07\/mjaxmy03yzfmmje2mzc3zjdhzgqw-300x210.png 300w\" sizes=\"auto, (max-width: 420px) 100vw, 420px\" \/><\/a><\/p>\n<p><strong>Hlutgervingarr\u00f6kvillan<\/strong><\/p>\n<p>\u00d6nnur sannleiknir\u00f6k sem ma\u00f0ur s\u00e9r oft \u00ed \u00feessari umr\u00e6\u00f0u er hlutgervingarvillan. \u00dej\u00f3nustuhlutverk er \u00fe\u00e1 tengt l\u00edtilsvir\u00f0ingu, \u00ed \u00fev\u00ed skyni a\u00f0 telja vi\u00f0m\u00e6landanum tr\u00fa um a\u00f0 \u00fea\u00f0 s\u00e9 misneyting a\u00f0 \u00feiggja \u00e1kve\u00f0nar tegundir \u00fej\u00f3nustu, einkum \u00fear sem kynfer\u00f0i skiptir m\u00e1li. D\u00e6mi um \u00feetta er frekar \u00fereytt stef af umr\u00e6\u00f0u\u00fer\u00e1\u00f0um netmi\u00f0lanna;<\/p>\n<blockquote><p>\u00dea\u00f0 er si\u00f0fer\u00f0ilega rangt a\u00f0 nota konu sem \u00fatungunarv\u00e9l og h\u00fdsil fyrir barn annarra.<\/p><\/blockquote>\n<p>Sj\u00e1lfri finnst m\u00e9r frekar dapurlegt a\u00f0 sj\u00e1 barnfyrirlitninguna sem opinberast \u00ed \u00fev\u00ed a\u00f0 tala um m\u00f3\u00f0url\u00edf sem h\u00fdsil, r\u00e9tt eins og f\u00f3stri\u00f0 s\u00e9 einhver \u00f3v\u00e6ra. \u00c9g k\u00fds a\u00f0 tala um a\u00f0 sta\u00f0g\u00f6ngum\u00e6\u00f0ur <em>f\u00f3stri<\/em> \u00f3f\u00e6dd b\u00f6rn annarra, enda l\u00edta \u00fe\u00e6r svo \u00e1 sj\u00e1lfar sem og foreldrarnir sem \u00e6tla svo a\u00f0 sinna uppeldishlutverkinu. Hlutgervingin h\u00e9r er ekki af h\u00e1lfu \u00feeirra sem vilja f\u00f3stra \u00f3f\u00e6dd b\u00f6rn e\u00f0a f\u00e1 a\u00f0ra konu til a\u00f0 f\u00f3stra barn fyrir sig, heldur af h\u00e1lfu \u00feeirra sem tala um \u00fe\u00e6r konur sem h\u00fdsla e\u00f0a \u00fatungunarv\u00e9lar.<\/p>\n<p>Flestir tefla \u00fe\u00f3 fram vitr\u00e6nni umm\u00e6lum \u00ed bland vi\u00f0 \u00feessi frekjur\u00f6k. Sumir \u00f3ttast a\u00f0 sta\u00f0g\u00f6ngum\u00e6\u00f0run opni lei\u00f0 fyrir barnas\u00f6lu. Margir a\u00f0 me\u00f0 einkav\u00e6\u00f0ingu kvenl\u00edkamans, \u00fe.e. me\u00f0 \u00fev\u00ed a\u00f0 taka yfirr\u00e1\u00f0ar\u00e9tt hans \u00far h\u00f6ndum yfirvalda og f\u00e6ra hann til \u00feeirra sem b\u00faa \u00ed hverjum l\u00edkama fyrir sig, aukist h\u00e6ttan \u00e1 \u00fev\u00ed a\u00f0 vi\u00f0, hinar f\u00e1v\u00edsu og undiroku\u00f0u konur, f\u00f6rum okkur a\u00f0 vo\u00f0a og a\u00f0 a\u00f0rir \u00fevingi okkur og misnoti.<\/p>\n<p><a href=\"http:\/\/www.norn.is\/kyndillinn\/wp-content\/uploads\/sites\/5\/2014\/07\/7540537774_dd7da537a3_k.jpg\"><img loading=\"lazy\" decoding=\"async\" class=\"alignleft size-full wp-image-235\" src=\"http:\/\/www.norn.is\/kyndillinn\/wp-content\/uploads\/sites\/5\/2014\/07\/7540537774_dd7da537a3_k.jpg\" alt=\"7540537774_dd7da537a3_k\" width=\"1365\" height=\"2048\" srcset=\"https:\/\/www.norn.is\/kyndillinn\/wp-content\/uploads\/sites\/5\/2014\/07\/7540537774_dd7da537a3_k.jpg 1365w, https:\/\/www.norn.is\/kyndillinn\/wp-content\/uploads\/sites\/5\/2014\/07\/7540537774_dd7da537a3_k-199x300.jpg 199w, https:\/\/www.norn.is\/kyndillinn\/wp-content\/uploads\/sites\/5\/2014\/07\/7540537774_dd7da537a3_k-682x1024.jpg 682w\" sizes=\"auto, (max-width: 1365px) 100vw, 1365px\" \/><\/a><\/p>\n<p><strong>Andst\u00e6\u00f0ingar sta\u00f0g\u00f6ngum\u00e6\u00f0runar halda m.a. \u00e1 lofti eftirfarandi sta\u00f0h\u00e6fingum:<\/strong><\/p>\n<ul>\n<li>Engin kona gengur me\u00f0 barn og l\u00e6tur \u00fea\u00f0 fr\u00e1 s\u00e9r \u00f3tilneydd.<\/li>\n<li>\u00de\u00e6r konur sem segjast gera \u00feetta af f\u00fasum og frj\u00e1lsum vilja eru raunverulega a\u00f0 \u00feessu vegna fj\u00e1rhagslegrar ney\u00f0ar og\/e\u00f0a utana\u00f0komandi \u00fer\u00fdstings.<\/li>\n<li>Sta\u00f0g\u00f6ngum\u00f3\u00f0irin er alltaf \u00ed veikari f\u00e9lagsst\u00f6\u00f0u en \u00feeir sem \u00feiggja \u00fej\u00f3nustu hennar og \u00fear me\u00f0 getur h\u00fan ekki sagt nei.<\/li>\n<li>F\u00f3lk mun n\u00fdta s\u00e9r erfi\u00f0a st\u00f6\u00f0u innflytjendakvenna fr\u00e1 f\u00e1t\u00e6kum r\u00edkjum og l\u00e1ta \u00fe\u00e6r ganga me\u00f0 b\u00f6rn fyrir sig.<\/li>\n<li>I\u00f0ulega koma upp deilur vegna \u00feess a\u00f0 sta\u00f0g\u00f6ngum\u00f3\u00f0irin tengist barninu tilfinningalega og vill ekki l\u00e1ta \u00fea\u00f0 fr\u00e1 s\u00e9r.<\/li>\n<li>Ef barni\u00f0 reynist fatla\u00f0 e\u00f0a veikt, er h\u00e6tta \u00e1 a\u00f0 foreldrarnir vilji \u00fea\u00f0 ekki og sta\u00f0g\u00f6ngum\u00f3\u00f0irin sitji uppi me\u00f0 \u00fea\u00f0.<\/li>\n<li>Sta\u00f0g\u00f6ngum\u00e6\u00f0ur gl\u00edma vi\u00f0 langvarandi sorg og \u00feunglyndi eftir a\u00f0 hafa veri\u00f0 neyddar til a\u00f0 l\u00e1ta fr\u00e1 s\u00e9r barn. Sumar jafna sig aldrei.<\/li>\n<li>\u00dea\u00f0 er ekki h\u00e6gt a\u00f0 kalla \u00fea\u00f0 uppl\u00fdst sam\u00feykki \u00feegar kona \u00e1kve\u00f0ur a\u00f0 ganga me\u00f0 barn fyrir anna\u00f0 f\u00f3lk, af \u00fev\u00ed a\u00f0 horm\u00f3nastarfsemin breytist \u00e1 me\u00f0g\u00f6ngunni og konan getur \u00fev\u00ed ekki sagt um \u00fea\u00f0 fyrirfram hvort h\u00fan mun bindast barninu tilfinningab\u00f6ndum.<\/li>\n<\/ul>\n<p><a href=\"http:\/\/www.norn.is\/kyndillinn\/wp-content\/uploads\/sites\/5\/2014\/07\/The-Vatican-is-against-surrogate-mothers.-Good-thing-they-didnt-have-that-rule-when-Jesus-was-born.1-257x300.jpg\"><img loading=\"lazy\" decoding=\"async\" class=\"alignright size-full wp-image-237\" src=\"http:\/\/www.norn.is\/kyndillinn\/wp-content\/uploads\/sites\/5\/2014\/07\/The-Vatican-is-against-surrogate-mothers.-Good-thing-they-didnt-have-that-rule-when-Jesus-was-born.1-257x300.jpg\" alt=\"The-Vatican-is-against-surrogate-mothers.-Good-thing-they-didnt-have-that-rule-when-Jesus-was-born.1-257x300\" width=\"257\" height=\"300\" \/><\/a>\u00c9g hef ekki heyrt \u00fea\u00f0 \u00ed umr\u00e6\u00f0unni \u00e1 \u00cdslandi en \u00ed Bandar\u00edkjunum og Bretlandi hefur eftirfarandi l\u00edka veri\u00f0 haldi\u00f0 fram:<\/p>\n<ul>\n<li>Konur sem geta hugsa\u00f0 s\u00e9r a\u00f0 ganga me\u00f0 b\u00f6rn og l\u00e1ta \u00feau fr\u00e1 s\u00e9r eru kaldlyndar og varasamt a\u00f0 treysta \u00fev\u00ed a\u00f0 \u00fe\u00e6r standi vi\u00f0 ger\u00f0a samninga.<\/li>\n<li>\u00dear sem tilgangur sta\u00f0g\u00f6ngum\u00f3\u00f0urinnar er s\u00e1 a\u00f0 gr\u00e6\u00f0a peninga, er h\u00e6tta \u00e1 a\u00f0 henni s\u00e9 sk\u00edtsama um f\u00f3stri\u00f0 og a\u00f0 heg\u00f0un hennar \u00e1 me\u00f0g\u00f6ngut\u00edmanum s\u00e9 til \u00feess fallin a\u00f0 ska\u00f0a \u00fea\u00f0.<\/li>\n<li>M\u00f6guleikinn \u00e1 \u00fev\u00ed a\u00f0 f\u00e1 a\u00f0ra konu til a\u00f0 sj\u00e1 um me\u00f0g\u00f6ngu og f\u00e6\u00f0ingu, ver\u00f0ur til \u00feess a\u00f0 yfirst\u00e9ttarkonur munu n\u00fdta s\u00e9r \u00fej\u00f3nustu l\u00e1gst\u00e9ttarkvenna enda \u00fe\u00f3tt \u00fe\u00e6r s\u00e9u f\u00e6rar um a\u00f0 eignast b\u00f6rn sj\u00e1lfar, r\u00e9tt eins og \u00fe\u00e6r kaupa af \u00feeim heimilis\u00ferif og f\u00f3tsnyrtingu.<\/li>\n<\/ul>\n<h2>Indlandstengingin<\/h2>\n<p>\u00c9g get alveg skili\u00f0 \u00feessar \u00e1hyggjur. Sumt af \u00fev\u00ed sem andst\u00e6\u00f0ingar sta\u00f0g\u00f6ngum\u00e6\u00f0runar \u00f3ttast, \u00e1 vi\u00f0 \u00ed mj\u00f6g f\u00e1t\u00e6kum r\u00edkjum. L\u00f6ndum eins og Indlandi, \u00fear sem kvennak\u00fagun er mikil og barnasala og \u00fer\u00e6lahald vi\u00f0gengst \u00e1n teljandi afskipta yfirvalda. Enda \u00fe\u00f3tt \u00feings\u00e1lyktunartillagan sn\u00fai a\u00f0eins a\u00f0 sta\u00f0g\u00f6ngum\u00e6\u00f0run \u00ed velgj\u00f6r\u00f0askyni, telja sumir a\u00f0 \u00fear me\u00f0 s\u00e9 veri\u00f0 a\u00f0 b\u00faa til umhverfi sem leggur blessun s\u00edna yfir vi\u00f0skipti me\u00f0 konur og b\u00f6rn. \u00deannig a\u00f0 j\u00e1, \u00e9g skil \u00fea\u00f0.<\/p>\n<p><a href=\"http:\/\/www.norn.is\/kyndillinn\/wp-content\/uploads\/sites\/5\/2014\/07\/kina-300x128.jpg\"><img loading=\"lazy\" decoding=\"async\" class=\"aligncenter size-full wp-image-238\" src=\"http:\/\/www.norn.is\/kyndillinn\/wp-content\/uploads\/sites\/5\/2014\/07\/kina-300x128.jpg\" alt=\"kina-300x128\" width=\"300\" height=\"128\" \/><\/a><a href=\"http:\/\/www.norn.is\/kyndillinn\/wp-content\/uploads\/sites\/5\/2014\/07\/images-31-300x163.jpg\"><img loading=\"lazy\" decoding=\"async\" class=\"aligncenter size-full wp-image-239\" src=\"http:\/\/www.norn.is\/kyndillinn\/wp-content\/uploads\/sites\/5\/2014\/07\/images-31-300x163.jpg\" alt=\"images-31-300x163\" width=\"300\" height=\"163\" \/><\/a><strong>\u00d6nnur myndin s\u00fdnir \u00e1st\u00e6ttanlegt kvennastarf, hin nokkurs konar \u00e1nau\u00f0<\/strong><\/p>\n<p>\u00dea\u00f0 sem \u00e9g skil ekki er a\u00f0 f\u00f3lk sem hefur \u00e1hyggjur af \u00feessu, skuli ekki sko\u00f0a \u00feau g\u00f6gn sem til eru og draga \u00e1lyktun \u00fat fr\u00e1 \u00feeim. \u00c9g skil heldur ekki vins\u00e6ldir \u00feessarar Indlandstengingar. Engum heilvita manni dettur \u00ed hug a\u00f0 bera \u00cdsland saman vi\u00f0 Indland \u00feegar taka \u00e1 afst\u00f6\u00f0u til \u00e6ttlei\u00f0inga. \u00c1 Indlandi t\u00ed\u00f0kast barnasala, \u00fea\u00f0 merkir ekki a\u00f0 \u00e6ttlei\u00f0ingar \u00e1 \u00cdslandi hafi leitt til sl\u00edkra vi\u00f0skipta. Indland er heldur ekki \u00fea\u00f0 land sem vi\u00f0 l\u00edtum til \u00feegar vi\u00f0 r\u00e6\u00f0um l\u00edff\u00e6ragj\u00f6f \u00fev\u00ed jafnvel \u00fe\u00f3tt l\u00edff\u00e6rasala bl\u00f3mstri \u00e1 Indlandi fer engum s\u00f6gum af \u00fev\u00ed a\u00f0 h\u00fan t\u00ed\u00f0kist \u00e1 Nor\u00f0url\u00f6ndum.<\/p>\n<p>\u00dea\u00f0 sama m\u00e1 segja um sta\u00f0g\u00f6ngum\u00e6\u00f0run. Indland er hreinlega ekki samb\u00e6rilegt vi\u00f0 \u00cdsland. Ekkert af \u00fev\u00ed sem hefur veri\u00f0 nefnt sem r\u00f6k gegn sta\u00f0g\u00f6ngum\u00e6\u00f0run kemur heim og saman vi\u00f0 neina \u00feeirra ranns\u00f3kna sem ger\u00f0ar hafa veri\u00f0 \u00e1 sta\u00f0g\u00f6ngum\u00e6\u00f0run \u00ed Bretlandi og Bandar\u00edkjunum, sem er n\u00fa \u00f6llu n\u00e6rt\u00e6kara a\u00f0 bera okkur saman vi\u00f0.<\/p>\n<h2>En hva\u00f0 segja g\u00f6gnin?<\/h2>\n<p><a href=\"http:\/\/www.norn.is\/kyndillinn\/wp-content\/uploads\/sites\/5\/2014\/07\/images-2.jpg\"><img loading=\"lazy\" decoding=\"async\" class=\"alignleft size-full wp-image-241\" src=\"http:\/\/www.norn.is\/kyndillinn\/wp-content\/uploads\/sites\/5\/2014\/07\/images-2.jpg\" alt=\"images-2\" width=\"291\" height=\"173\" \/><\/a>\u00deeir sem hafa \u00e1huga \u00e1 a\u00f0 kynna s\u00e9r ranns\u00f3knir \u00e1 sta\u00f0g\u00f6ngum\u00e6\u00f0run \u00e1 Vesturl\u00f6ndum geta spara\u00f0 s\u00e9r mikinn t\u00edma me\u00f0 \u00fev\u00ed a\u00f0 lesa ritger\u00f0 Karen Busby og Denaley Vun; <a href=\"http:\/\/claradoc.gpa.free.fr\/doc\/329.pdf\">Revisiting <em>The Handmaid\u2019s Tale<\/em>: Feminist Theory Meets Empirical Research on Surrogate Mothers<\/a>. \u00deetta er \u00fattekt \u00e1 37 ranns\u00f3knum \u00e1 sta\u00f0g\u00f6ngum\u00e6\u00f0rum \u00ed Bandar\u00edkjunum, Bretlandi og Kanada sem unnar hafa veri\u00f0 \u00e1 s\u00ed\u00f0ustu fj\u00f3rum \u00e1ratugum.<\/p>\n<p>\u00c9g er n\u00fa b\u00fain a\u00f0 lesa \u00feessa ritger\u00f0 vandlega. \u00c9g \u00e1tti von \u00e1 \u00fev\u00ed a\u00f0 hugmyndir andst\u00e6\u00f0inga sta\u00f0g\u00f6ngum\u00e6\u00f0runar um k\u00fagun og h\u00f6rmungar v\u00e6ru st\u00f3rlega \u00fdktar. \u00c9g reikna\u00f0i fastlega me\u00f0 \u00fev\u00ed a\u00f0 sumar \u201eranns\u00f3knir\u201c kynjafr\u00e6\u00f0inga \u00e1 sta\u00f0g\u00f6ngum\u00e6\u00f0run v\u00e6ru vafas\u00f6m v\u00edsindi. \u00c9g \u00e1tti \u00fe\u00f3 ekki von \u00e1 \u00fev\u00ed a\u00f0 n\u00e1nast allt sem andst\u00e6\u00f0ingar sta\u00f0g\u00f6ngum\u00e6\u00f0runar hafa haldi\u00f0 fram v\u00e6ri hreinn og kl\u00e1r heilaspuni. Svo er \u00fe\u00f3 helst a\u00f0 sj\u00e1 \u00fev\u00ed helstu ni\u00f0urst\u00f6\u00f0ur eru \u00feessar:<\/p>\n<p><strong>Sta\u00f0g\u00f6ngum\u00e6\u00f0run er ekki \u00fer\u00e6lahald:<\/strong><\/p>\n<ul>\n<li><a href=\"http:\/\/www.norn.is\/kyndillinn\/wp-content\/uploads\/sites\/5\/2014\/07\/images-12.jpg\"><img loading=\"lazy\" decoding=\"async\" class=\"alignright size-full wp-image-242\" src=\"http:\/\/www.norn.is\/kyndillinn\/wp-content\/uploads\/sites\/5\/2014\/07\/images-12.jpg\" alt=\"images-12\" width=\"251\" height=\"201\" \/><\/a>Engar v\u00edsbendingar hafa fundist um a\u00f0 sta\u00f0g\u00f6ngum\u00e6\u00f0ur s\u00e9u \u00fevinga\u00f0ar til me\u00f0g\u00f6ngu, hvorki beint n\u00e9 \u00f3beint. Flestar \u00feeirra taka \u00fea\u00f0 upp hj\u00e1 sj\u00e1lfum s\u00e9r a\u00f0 bj\u00f3\u00f0a sig fram.<\/li>\n<li>Ekkert bendir til \u00feess a\u00f0 \u00feri\u00f0jaheimskonur s\u00e9u ger\u00f0ar \u00fat til me\u00f0g\u00f6ngu fyrir a\u00f0ra.<\/li>\n<li>Sjaldg\u00e6ft er a\u00f0 sta\u00f0g\u00f6ngum\u00e6\u00f0ur s\u00e9u \u00ed sl\u00e6mri f\u00e9lagslegri a\u00f0st\u00f6\u00f0u, flestar \u00feeirra eru um \u00fer\u00edtugt, hv\u00edtar, kristnar, giftar e\u00f0a \u00ed samb\u00fa\u00f0, eiga b\u00f6rn fyrir og hafa \u00feokkalegar tekjur. \u00cd Bretlandi er l\u00edtil menntun sta\u00f0g\u00f6ngum\u00e6\u00f0ra algeng en \u00ed Bandar\u00edkjunum hafa flestar sta\u00f0g\u00f6ngum\u00e6\u00f0ur \u00feokkalega menntun. Flestar umbo\u00f0sskrifstofur r\u00e1\u00f0a ekki konur \u00ed sl\u00e6mri f\u00e9lagslegri st\u00f6\u00f0u og setja \u00fea\u00f0 sem skilyr\u00f0i a\u00f0 konan hafi f\u00e6tt barn \u00e1\u00f0ur.<\/li>\n<li>Flestar sta\u00f0g\u00f6ngum\u00e6\u00f0ur eru yngri, hafa minni menntun og l\u00e6gri tekjur en foreldrarnir sem kaupa \u00fej\u00f3nustu \u00feeirra en f\u00e1 ef nokkur d\u00e6mi eru um a\u00f0 \u00feessi munur \u00e1 f\u00e9lagsst\u00f6\u00f0u hafi valdi\u00f0 vandr\u00e6\u00f0um.<\/li>\n<li>Engin d\u00e6mi hafa fundist um a\u00f0 konur sem geta \u00e1tt b\u00f6rn sj\u00e1lfar, n\u00fdti s\u00e9r \u00fej\u00f3nustu sta\u00f0g\u00f6ngum\u00e6\u00f0ra.<\/li>\n<\/ul>\n<p><strong> Sta\u00f0g\u00f6ngum\u00e6\u00f0ur eru einf\u00e6rar um a\u00f0 taka \u00e1kv\u00f6r\u00f0un<\/strong><\/p>\n<ul>\n<li>Mj\u00f6g l\u00e1gt hlutfall sta\u00f0g\u00f6ngum\u00e6\u00f0ra s\u00e9r eftir \u00e1kv\u00f6r\u00f0uninni. Ef konur sj\u00e1 eftir \u00fev\u00ed a\u00f0 hafa gerst sta\u00f0g\u00f6ngum\u00e6\u00f0ur, gefa \u00fe\u00e6r sk\u00fdringar \u00e1 bor\u00f0 vi\u00f0 a\u00f0 \u00fe\u00e6r hafi gengi\u00f0 \u00ed gegnum erfi\u00f0a me\u00f0g\u00f6ngu e\u00f0a f\u00e6\u00f0ingu e\u00f0a \u00e1tt sl\u00e6m samskipti vi\u00f0 foreldrana, en mj\u00f6g sjaldan \u00fe\u00e1 \u00e1st\u00e6\u00f0u a\u00f0 a\u00f0skilna\u00f0urinn vi\u00f0 barni\u00f0 s\u00e9 svo erfi\u00f0ur.<\/li>\n<li>Margar konur ganga me\u00f0 b\u00f6rn fyrir a\u00f0ra oftar en einu sinni.<\/li>\n<\/ul>\n<p><strong>Deilur um r\u00e9tt til barnsins og \u00e1byrg\u00f0 \u00e1 \u00fev\u00ed eru sjaldg\u00e6far<\/strong><\/p>\n<ul>\n<li>Mj\u00f6g sjaldg\u00e6ft er a\u00f0 sta\u00f0g\u00f6ngum\u00f3\u00f0ir s\u00e9 treg til a\u00f0 l\u00e1ta barn fr\u00e1 s\u00e9r.<\/li>\n<li>D\u00e6mi eru um a\u00f0 alvarlegir sj\u00fakd\u00f3mar foreldra (ekki barnsins) og \u00f6nnur \u00f3fyrirs\u00e9\u00f0 \u00e1f\u00f6ll ver\u00f0i til \u00feess a\u00f0 foreldrar f\u00e1i bak\u00feanka en \u00fea\u00f0 er sjaldg\u00e6ft. Engin d\u00e6mi fundust um a\u00f0 foreldrar h\u00f6fnu\u00f0u barninu af \u00fev\u00ed a\u00f0 \u00fea\u00f0 v\u00e6ri \u201egalla\u00f0\u201c.<\/li>\n<li>Sjaldg\u00e6ft er a\u00f0 deilur e\u00f0a \u00f3\u00e1n\u00e6gja komi upp milli sta\u00f0g\u00f6ngum\u00e6\u00f0ra og foreldra. \u00cd \u00feeim f\u00e1u tilvikum sem \u00fea\u00f0 gerist er sk\u00fdringin langoftast s\u00fa a\u00f0 hlutirnir voru ekki r\u00e6ddir n\u00f3gu vel \u00ed upphafi og s\u00ed\u00f0ar kom \u00ed lj\u00f3s a\u00f0 v\u00e6ntingar f\u00f3lksins f\u00f3ru ekki saman.<\/li>\n<li>Langoftast eru samskipti sta\u00f0g\u00f6ngum\u00e6\u00f0ra og foreldranna g\u00f3\u00f0 og allir a\u00f0ilar \u00e1n\u00e6g\u00f0ir me\u00f0 samstarfi\u00f0, einkum \u00feegar millig\u00f6ngua\u00f0ilar hvetja til mikilla og\u00a0 hreinskilnislegra samskipta.<\/li>\n<\/ul>\n<p><strong> Sta\u00f0g\u00f6ngum\u00e6\u00f0ur eru ekki galla\u00f0ir karakterar<\/strong><\/p>\n<ul>\n<li>Peninga\u00fe\u00f3knun er aldrei eina \u00e1st\u00e6\u00f0an og mj\u00f6g sjaldan megin\u00e1st\u00e6\u00f0an fyrir \u00fev\u00ed a\u00f0 konur gerast sta\u00f0g\u00f6ngum\u00e6\u00f0ur. Flestar \u00feeirra fara \u00fat \u00ed \u00feetta af s\u00f6mu \u00e1st\u00e6\u00f0u og f\u00f3lk fer \u00ed hj\u00fakrun e\u00f0a hj\u00e1lparstarf; \u00fe\u00e6r l\u00edta svo \u00e1 a\u00f0 \u00fe\u00e6r s\u00e9u a\u00f0 sinna mikilv\u00e6gri samf\u00e9lags\u00fej\u00f3nustu sem gefi \u00feeim gildi sem manneskjum. Sumar nj\u00f3ta \u00feess a\u00f0 vera \u00f3l\u00e9ttar en hafa ekki \u00e1huga \u00e1 a\u00f0 ala upp fleiri b\u00f6rn.<\/li>\n<li>Ekkert bendir til \u00feess a\u00f0 sta\u00f0g\u00f6ngum\u00e6\u00f0ur s\u00e9u skeytingalausar um heilbrigt l\u00edferni \u00e1 me\u00f0g\u00f6ngunni.<\/li>\n<li>Sta\u00f0g\u00f6ngum\u00e6\u00f0ur eru hvorki kaldlyndar n\u00e9 undirgefnar en \u00fe\u00e6r eiga \u00fdmis \u00f6nnur pers\u00f3nueinkenni sameiginleg. \u00de\u00e6r eru a\u00f0 jafna\u00f0i greindari, sj\u00e1lfst\u00e6\u00f0ari og\u00a0 frj\u00e1lslyndari en me\u00f0alkonan. \u00de\u00e6r vita hva\u00f0 \u00fe\u00e6r eru a\u00f0 gera og tengjast f\u00f3strinu ekki sams konar tilfinningab\u00f6ndum og \u00feeim b\u00f6rnum sem \u00fe\u00e6r hafa eignast me\u00f0 \u00fev\u00ed markmi\u00f0i a\u00f0 ala \u00feau upp sj\u00e1lfar.<\/li>\n<\/ul>\n<p><a href=\"http:\/\/www.norn.is\/kyndillinn\/wp-content\/uploads\/sites\/5\/2014\/07\/8788755_9e0328f57c_b.jpg\"><img loading=\"lazy\" decoding=\"async\" class=\"aligncenter wp-image-243 size-full\" src=\"http:\/\/www.norn.is\/kyndillinn\/wp-content\/uploads\/sites\/5\/2014\/07\/8788755_9e0328f57c_b.jpg\" alt=\"https:\/\/www.flickr.com\/photos\/photochiel\/8788755\/\" width=\"1024\" height=\"683\" srcset=\"https:\/\/www.norn.is\/kyndillinn\/wp-content\/uploads\/sites\/5\/2014\/07\/8788755_9e0328f57c_b.jpg 1024w, https:\/\/www.norn.is\/kyndillinn\/wp-content\/uploads\/sites\/5\/2014\/07\/8788755_9e0328f57c_b-300x200.jpg 300w, https:\/\/www.norn.is\/kyndillinn\/wp-content\/uploads\/sites\/5\/2014\/07\/8788755_9e0328f57c_b-449x300.jpg 449w\" sizes=\"auto, (max-width: 1024px) 100vw, 1024px\" \/><\/a><\/p>\n<p style=\"text-align: center;\"><strong>Mynd Michiel S<\/strong>.<\/p>\n<h2>Sko\u00f0i\u00f0 \u00feetta sj\u00e1lf<\/h2>\n<p>\u00c9g hvet \u00fe\u00e1 sem \u00f3ttast a\u00f0 l\u00f6g um sta\u00f0g\u00f6ngum\u00e6\u00f0run hafi \u00ed f\u00f6r me\u00f0 s\u00e9r kvennak\u00fagun og kyn\u00fe\u00e1ttamismunun til a\u00f0 lesa <a href=\"http:\/\/claradoc.gpa.free.fr\/doc\/329.pdf\">ritger\u00f0ina<\/a>.<\/p>\n<p>Og fyrir alla muni hafi\u00f0 \u00ed huga a\u00f0 \u201eranns\u00f3knir\u201c sem ger\u00f0ar eru \u00ed nafni feminisma, fara \u00feannig fram a\u00f0 fyrst er sett fram tilg\u00e1ta sem byggist \u00e1 \u00feeirri hugmynd a\u00f0 konur s\u00e9u alltaf \u00ed veikri st\u00f6\u00f0u, \u00f3f\u00e6rar um a\u00f0 taka eigin \u00e1kvar\u00f0anir og \u00ed st\u00f6\u00f0ugri h\u00e6ttu \u00e1 a\u00f0 vera undiroka\u00f0ar, kvaldar og seldar, og svo eru einstaklingar og tilvik sem sty\u00f0ja tilg\u00e1tuna handvalin og alh\u00e6ft \u00fat fr\u00e1 \u00feeim. \u00deess h\u00e1ttar vinnubr\u00f6g\u00f0 heita kynjafr\u00e6\u00f0i en ekki v\u00edsindi.<\/p>\n","protected":false},"excerpt":{"rendered":"<p>Enda \u00fe\u00f3tt konur lifi a\u00f0 jafna\u00f0i lengur en karlar, lendi s\u00ed\u00f0ur \u00ed slysum og s\u00e9u l\u00edklegri til a\u00f0 leita a\u00f0sto\u00f0ar ef \u00fe\u00e6r lenda \u00ed a\u00f0st\u00e6\u00f0um sem \u00fe\u00e6r r\u00e1\u00f0a ekki vi\u00f0, \u00e1l\u00edta margir, b\u00e6\u00f0i karlar og konur, a\u00f0 okkur konum s\u00e9 &hellip; <a href=\"https:\/\/www.norn.is\/kyndillinn\/stadgongumaedrun-heilaspuni-og-rannsoknir\/\">Halda \u00e1fram a\u00f0 lesa <span class=\"meta-nav\">&rarr;<\/span><\/a><\/p>\n","protected":false},"author":2,"featured_media":237,"comment_status":"closed","ping_status":"open","sticky":false,"template":"","format":"standard","meta":{"footnotes":""},"categories":[21,81,1],"tags":[320,300,128],"class_list":["post-229","post","type-post","status-publish","format-standard","has-post-thumbnail","hentry","category-fanaberar-favisinnar","category-fasystur","category-kyndillinn","tag-born","tag-naerbuxnafeminismi","tag-stadgongumaedrun"],"yoast_head":"<!-- This site is optimized with the Yoast SEO plugin v27.5 - https:\/\/yoast.com\/product\/yoast-seo-wordpress\/ -->\n<title>Sta\u00f0g\u00f6ngum\u00e6\u00f0run, heilaspuni og ranns\u00f3knir - Kyndillinn<\/title>\n<meta name=\"robots\" content=\"index, follow, max-snippet:-1, max-image-preview:large, max-video-preview:-1\" \/>\n<link rel=\"canonical\" href=\"https:\/\/www.norn.is\/kyndillinn\/stadgongumaedrun-heilaspuni-og-rannsoknir\/\" \/>\n<meta property=\"og:locale\" content=\"is_IS\" \/>\n<meta property=\"og:type\" content=\"article\" \/>\n<meta property=\"og:title\" content=\"Sta\u00f0g\u00f6ngum\u00e6\u00f0run, heilaspuni og ranns\u00f3knir - Kyndillinn\" \/>\n<meta property=\"og:description\" content=\"Enda \u00fe\u00f3tt konur lifi a\u00f0 jafna\u00f0i lengur en karlar, lendi s\u00ed\u00f0ur \u00ed slysum og s\u00e9u l\u00edklegri til a\u00f0 leita a\u00f0sto\u00f0ar ef \u00fe\u00e6r lenda \u00ed a\u00f0st\u00e6\u00f0um sem \u00fe\u00e6r r\u00e1\u00f0a ekki vi\u00f0, \u00e1l\u00edta margir, b\u00e6\u00f0i karlar og konur, a\u00f0 okkur konum s\u00e9 &hellip; Halda \u00e1fram a\u00f0 lesa &rarr;\" \/>\n<meta property=\"og:url\" content=\"https:\/\/www.norn.is\/kyndillinn\/stadgongumaedrun-heilaspuni-og-rannsoknir\/\" \/>\n<meta property=\"og:site_name\" content=\"Kyndillinn\" \/>\n<meta property=\"article:published_time\" content=\"2013-02-02T23:56:59+00:00\" \/>\n<meta property=\"article:modified_time\" content=\"2020-03-11T00:04:32+00:00\" \/>\n<meta property=\"og:image\" content=\"https:\/\/www.norn.is\/kyndillinn\/wp-content\/uploads\/sites\/5\/2014\/07\/haus-e1407716406928.jpg\" \/>\n\t<meta property=\"og:image:width\" content=\"620\" \/>\n\t<meta property=\"og:image:height\" content=\"478\" \/>\n\t<meta property=\"og:image:type\" content=\"image\/jpeg\" \/>\n<meta name=\"author\" content=\"Eva Hauksd\u00f3ttir\" \/>\n<meta name=\"twitter:card\" content=\"summary_large_image\" \/>\n<meta name=\"twitter:label1\" content=\"Written by\" \/>\n\t<meta name=\"twitter:data1\" content=\"\" \/>\n\t<meta name=\"twitter:label2\" content=\"Est. reading time\" \/>\n\t<meta name=\"twitter:data2\" content=\"12 minutes\" \/>\n<script type=\"application\/ld+json\" class=\"yoast-schema-graph\">{\"@context\":\"https:\\\/\\\/schema.org\",\"@graph\":[{\"@type\":\"Article\",\"@id\":\"https:\\\/\\\/www.norn.is\\\/kyndillinn\\\/stadgongumaedrun-heilaspuni-og-rannsoknir\\\/#article\",\"isPartOf\":{\"@id\":\"https:\\\/\\\/www.norn.is\\\/kyndillinn\\\/stadgongumaedrun-heilaspuni-og-rannsoknir\\\/\"},\"author\":{\"name\":\"Eva Hauksd\u00f3ttir\",\"@id\":\"https:\\\/\\\/www.norn.is\\\/kyndillinn\\\/#\\\/schema\\\/person\\\/2eb0fcae9e1ecc61987f7ed9c878531c\"},\"headline\":\"Sta\u00f0g\u00f6ngum\u00e6\u00f0run, heilaspuni og ranns\u00f3knir\",\"datePublished\":\"2013-02-02T23:56:59+00:00\",\"dateModified\":\"2020-03-11T00:04:32+00:00\",\"mainEntityOfPage\":{\"@id\":\"https:\\\/\\\/www.norn.is\\\/kyndillinn\\\/stadgongumaedrun-heilaspuni-og-rannsoknir\\\/\"},\"wordCount\":2396,\"image\":{\"@id\":\"https:\\\/\\\/www.norn.is\\\/kyndillinn\\\/stadgongumaedrun-heilaspuni-og-rannsoknir\\\/#primaryimage\"},\"thumbnailUrl\":\"https:\\\/\\\/www.norn.is\\\/kyndillinn\\\/wp-content\\\/uploads\\\/sites\\\/5\\\/2014\\\/07\\\/The-Vatican-is-against-surrogate-mothers.-Good-thing-they-didnt-have-that-rule-when-Jesus-was-born.1-257x300.jpg\",\"keywords\":[\"B\u00f6rn\",\"N\u00e6rbuxnafem\u00ednismi\",\"Sta\u00f0g\u00f6ngum\u00e6\u00f0run\"],\"articleSection\":[\"F\u00e1naberar f\u00e1v\u00edsinnar\",\"Fasystur\",\"Kyndillinn\"],\"inLanguage\":\"is\"},{\"@type\":\"WebPage\",\"@id\":\"https:\\\/\\\/www.norn.is\\\/kyndillinn\\\/stadgongumaedrun-heilaspuni-og-rannsoknir\\\/\",\"url\":\"https:\\\/\\\/www.norn.is\\\/kyndillinn\\\/stadgongumaedrun-heilaspuni-og-rannsoknir\\\/\",\"name\":\"Sta\u00f0g\u00f6ngum\u00e6\u00f0run, heilaspuni og ranns\u00f3knir - Kyndillinn\",\"isPartOf\":{\"@id\":\"https:\\\/\\\/www.norn.is\\\/kyndillinn\\\/#website\"},\"primaryImageOfPage\":{\"@id\":\"https:\\\/\\\/www.norn.is\\\/kyndillinn\\\/stadgongumaedrun-heilaspuni-og-rannsoknir\\\/#primaryimage\"},\"image\":{\"@id\":\"https:\\\/\\\/www.norn.is\\\/kyndillinn\\\/stadgongumaedrun-heilaspuni-og-rannsoknir\\\/#primaryimage\"},\"thumbnailUrl\":\"https:\\\/\\\/www.norn.is\\\/kyndillinn\\\/wp-content\\\/uploads\\\/sites\\\/5\\\/2014\\\/07\\\/The-Vatican-is-against-surrogate-mothers.-Good-thing-they-didnt-have-that-rule-when-Jesus-was-born.1-257x300.jpg\",\"datePublished\":\"2013-02-02T23:56:59+00:00\",\"dateModified\":\"2020-03-11T00:04:32+00:00\",\"author\":{\"@id\":\"https:\\\/\\\/www.norn.is\\\/kyndillinn\\\/#\\\/schema\\\/person\\\/2eb0fcae9e1ecc61987f7ed9c878531c\"},\"breadcrumb\":{\"@id\":\"https:\\\/\\\/www.norn.is\\\/kyndillinn\\\/stadgongumaedrun-heilaspuni-og-rannsoknir\\\/#breadcrumb\"},\"inLanguage\":\"is\",\"potentialAction\":[{\"@type\":\"ReadAction\",\"target\":[\"https:\\\/\\\/www.norn.is\\\/kyndillinn\\\/stadgongumaedrun-heilaspuni-og-rannsoknir\\\/\"]}]},{\"@type\":\"ImageObject\",\"inLanguage\":\"is\",\"@id\":\"https:\\\/\\\/www.norn.is\\\/kyndillinn\\\/stadgongumaedrun-heilaspuni-og-rannsoknir\\\/#primaryimage\",\"url\":\"https:\\\/\\\/www.norn.is\\\/kyndillinn\\\/wp-content\\\/uploads\\\/sites\\\/5\\\/2014\\\/07\\\/The-Vatican-is-against-surrogate-mothers.-Good-thing-they-didnt-have-that-rule-when-Jesus-was-born.1-257x300.jpg\",\"contentUrl\":\"https:\\\/\\\/www.norn.is\\\/kyndillinn\\\/wp-content\\\/uploads\\\/sites\\\/5\\\/2014\\\/07\\\/The-Vatican-is-against-surrogate-mothers.-Good-thing-they-didnt-have-that-rule-when-Jesus-was-born.1-257x300.jpg\",\"width\":257,\"height\":300},{\"@type\":\"BreadcrumbList\",\"@id\":\"https:\\\/\\\/www.norn.is\\\/kyndillinn\\\/stadgongumaedrun-heilaspuni-og-rannsoknir\\\/#breadcrumb\",\"itemListElement\":[{\"@type\":\"ListItem\",\"position\":1,\"name\":\"Home\",\"item\":\"https:\\\/\\\/www.norn.is\\\/kyndillinn\\\/\"},{\"@type\":\"ListItem\",\"position\":2,\"name\":\"Sta\u00f0g\u00f6ngum\u00e6\u00f0run, heilaspuni og ranns\u00f3knir\"}]},{\"@type\":\"WebSite\",\"@id\":\"https:\\\/\\\/www.norn.is\\\/kyndillinn\\\/#website\",\"url\":\"https:\\\/\\\/www.norn.is\\\/kyndillinn\\\/\",\"name\":\"Kyndillinn\",\"description\":\"Eva um kyn og kl\u00e1m\",\"potentialAction\":[{\"@type\":\"SearchAction\",\"target\":{\"@type\":\"EntryPoint\",\"urlTemplate\":\"https:\\\/\\\/www.norn.is\\\/kyndillinn\\\/?s={search_term_string}\"},\"query-input\":{\"@type\":\"PropertyValueSpecification\",\"valueRequired\":true,\"valueName\":\"search_term_string\"}}],\"inLanguage\":\"is\"},{\"@type\":\"Person\",\"@id\":\"https:\\\/\\\/www.norn.is\\\/kyndillinn\\\/#\\\/schema\\\/person\\\/2eb0fcae9e1ecc61987f7ed9c878531c\",\"name\":\"Eva Hauksd\u00f3ttir\",\"sameAs\":[\"http:\\\/\\\/www.norn.is\"],\"url\":\"https:\\\/\\\/www.norn.is\\\/kyndillinn\\\/author\\\/eva\\\/\"}]}<\/script>\n<!-- \/ Yoast SEO plugin. -->","yoast_head_json":{"title":"Sta\u00f0g\u00f6ngum\u00e6\u00f0run, heilaspuni og ranns\u00f3knir - Kyndillinn","robots":{"index":"index","follow":"follow","max-snippet":"max-snippet:-1","max-image-preview":"max-image-preview:large","max-video-preview":"max-video-preview:-1"},"canonical":"https:\/\/www.norn.is\/kyndillinn\/stadgongumaedrun-heilaspuni-og-rannsoknir\/","og_locale":"is_IS","og_type":"article","og_title":"Sta\u00f0g\u00f6ngum\u00e6\u00f0run, heilaspuni og ranns\u00f3knir - Kyndillinn","og_description":"Enda \u00fe\u00f3tt konur lifi a\u00f0 jafna\u00f0i lengur en karlar, lendi s\u00ed\u00f0ur \u00ed slysum og s\u00e9u l\u00edklegri til a\u00f0 leita a\u00f0sto\u00f0ar ef \u00fe\u00e6r lenda \u00ed a\u00f0st\u00e6\u00f0um sem \u00fe\u00e6r r\u00e1\u00f0a ekki vi\u00f0, \u00e1l\u00edta margir, b\u00e6\u00f0i karlar og konur, a\u00f0 okkur konum s\u00e9 &hellip; Halda \u00e1fram a\u00f0 lesa &rarr;","og_url":"https:\/\/www.norn.is\/kyndillinn\/stadgongumaedrun-heilaspuni-og-rannsoknir\/","og_site_name":"Kyndillinn","article_published_time":"2013-02-02T23:56:59+00:00","article_modified_time":"2020-03-11T00:04:32+00:00","og_image":[{"width":620,"height":478,"url":"https:\/\/www.norn.is\/kyndillinn\/wp-content\/uploads\/sites\/5\/2014\/07\/haus-e1407716406928.jpg","type":"image\/jpeg"}],"author":"Eva Hauksd\u00f3ttir","twitter_card":"summary_large_image","twitter_misc":{"Written by":false,"Est. reading time":"12 minutes"},"schema":{"@context":"https:\/\/schema.org","@graph":[{"@type":"Article","@id":"https:\/\/www.norn.is\/kyndillinn\/stadgongumaedrun-heilaspuni-og-rannsoknir\/#article","isPartOf":{"@id":"https:\/\/www.norn.is\/kyndillinn\/stadgongumaedrun-heilaspuni-og-rannsoknir\/"},"author":{"name":"Eva Hauksd\u00f3ttir","@id":"https:\/\/www.norn.is\/kyndillinn\/#\/schema\/person\/2eb0fcae9e1ecc61987f7ed9c878531c"},"headline":"Sta\u00f0g\u00f6ngum\u00e6\u00f0run, heilaspuni og ranns\u00f3knir","datePublished":"2013-02-02T23:56:59+00:00","dateModified":"2020-03-11T00:04:32+00:00","mainEntityOfPage":{"@id":"https:\/\/www.norn.is\/kyndillinn\/stadgongumaedrun-heilaspuni-og-rannsoknir\/"},"wordCount":2396,"image":{"@id":"https:\/\/www.norn.is\/kyndillinn\/stadgongumaedrun-heilaspuni-og-rannsoknir\/#primaryimage"},"thumbnailUrl":"https:\/\/www.norn.is\/kyndillinn\/wp-content\/uploads\/sites\/5\/2014\/07\/The-Vatican-is-against-surrogate-mothers.-Good-thing-they-didnt-have-that-rule-when-Jesus-was-born.1-257x300.jpg","keywords":["B\u00f6rn","N\u00e6rbuxnafem\u00ednismi","Sta\u00f0g\u00f6ngum\u00e6\u00f0run"],"articleSection":["F\u00e1naberar f\u00e1v\u00edsinnar","Fasystur","Kyndillinn"],"inLanguage":"is"},{"@type":"WebPage","@id":"https:\/\/www.norn.is\/kyndillinn\/stadgongumaedrun-heilaspuni-og-rannsoknir\/","url":"https:\/\/www.norn.is\/kyndillinn\/stadgongumaedrun-heilaspuni-og-rannsoknir\/","name":"Sta\u00f0g\u00f6ngum\u00e6\u00f0run, heilaspuni og ranns\u00f3knir - Kyndillinn","isPartOf":{"@id":"https:\/\/www.norn.is\/kyndillinn\/#website"},"primaryImageOfPage":{"@id":"https:\/\/www.norn.is\/kyndillinn\/stadgongumaedrun-heilaspuni-og-rannsoknir\/#primaryimage"},"image":{"@id":"https:\/\/www.norn.is\/kyndillinn\/stadgongumaedrun-heilaspuni-og-rannsoknir\/#primaryimage"},"thumbnailUrl":"https:\/\/www.norn.is\/kyndillinn\/wp-content\/uploads\/sites\/5\/2014\/07\/The-Vatican-is-against-surrogate-mothers.-Good-thing-they-didnt-have-that-rule-when-Jesus-was-born.1-257x300.jpg","datePublished":"2013-02-02T23:56:59+00:00","dateModified":"2020-03-11T00:04:32+00:00","author":{"@id":"https:\/\/www.norn.is\/kyndillinn\/#\/schema\/person\/2eb0fcae9e1ecc61987f7ed9c878531c"},"breadcrumb":{"@id":"https:\/\/www.norn.is\/kyndillinn\/stadgongumaedrun-heilaspuni-og-rannsoknir\/#breadcrumb"},"inLanguage":"is","potentialAction":[{"@type":"ReadAction","target":["https:\/\/www.norn.is\/kyndillinn\/stadgongumaedrun-heilaspuni-og-rannsoknir\/"]}]},{"@type":"ImageObject","inLanguage":"is","@id":"https:\/\/www.norn.is\/kyndillinn\/stadgongumaedrun-heilaspuni-og-rannsoknir\/#primaryimage","url":"https:\/\/www.norn.is\/kyndillinn\/wp-content\/uploads\/sites\/5\/2014\/07\/The-Vatican-is-against-surrogate-mothers.-Good-thing-they-didnt-have-that-rule-when-Jesus-was-born.1-257x300.jpg","contentUrl":"https:\/\/www.norn.is\/kyndillinn\/wp-content\/uploads\/sites\/5\/2014\/07\/The-Vatican-is-against-surrogate-mothers.-Good-thing-they-didnt-have-that-rule-when-Jesus-was-born.1-257x300.jpg","width":257,"height":300},{"@type":"BreadcrumbList","@id":"https:\/\/www.norn.is\/kyndillinn\/stadgongumaedrun-heilaspuni-og-rannsoknir\/#breadcrumb","itemListElement":[{"@type":"ListItem","position":1,"name":"Home","item":"https:\/\/www.norn.is\/kyndillinn\/"},{"@type":"ListItem","position":2,"name":"Sta\u00f0g\u00f6ngum\u00e6\u00f0run, heilaspuni og ranns\u00f3knir"}]},{"@type":"WebSite","@id":"https:\/\/www.norn.is\/kyndillinn\/#website","url":"https:\/\/www.norn.is\/kyndillinn\/","name":"Kyndillinn","description":"Eva um kyn og kl\u00e1m","potentialAction":[{"@type":"SearchAction","target":{"@type":"EntryPoint","urlTemplate":"https:\/\/www.norn.is\/kyndillinn\/?s={search_term_string}"},"query-input":{"@type":"PropertyValueSpecification","valueRequired":true,"valueName":"search_term_string"}}],"inLanguage":"is"},{"@type":"Person","@id":"https:\/\/www.norn.is\/kyndillinn\/#\/schema\/person\/2eb0fcae9e1ecc61987f7ed9c878531c","name":"Eva Hauksd\u00f3ttir","sameAs":["http:\/\/www.norn.is"],"url":"https:\/\/www.norn.is\/kyndillinn\/author\/eva\/"}]}},"_links":{"self":[{"href":"https:\/\/www.norn.is\/kyndillinn\/wp-json\/wp\/v2\/posts\/229","targetHints":{"allow":["GET"]}}],"collection":[{"href":"https:\/\/www.norn.is\/kyndillinn\/wp-json\/wp\/v2\/posts"}],"about":[{"href":"https:\/\/www.norn.is\/kyndillinn\/wp-json\/wp\/v2\/types\/post"}],"author":[{"embeddable":true,"href":"https:\/\/www.norn.is\/kyndillinn\/wp-json\/wp\/v2\/users\/2"}],"replies":[{"embeddable":true,"href":"https:\/\/www.norn.is\/kyndillinn\/wp-json\/wp\/v2\/comments?post=229"}],"version-history":[{"count":16,"href":"https:\/\/www.norn.is\/kyndillinn\/wp-json\/wp\/v2\/posts\/229\/revisions"}],"predecessor-version":[{"id":3621,"href":"https:\/\/www.norn.is\/kyndillinn\/wp-json\/wp\/v2\/posts\/229\/revisions\/3621"}],"wp:featuredmedia":[{"embeddable":true,"href":"https:\/\/www.norn.is\/kyndillinn\/wp-json\/wp\/v2\/media\/237"}],"wp:attachment":[{"href":"https:\/\/www.norn.is\/kyndillinn\/wp-json\/wp\/v2\/media?parent=229"}],"wp:term":[{"taxonomy":"category","embeddable":true,"href":"https:\/\/www.norn.is\/kyndillinn\/wp-json\/wp\/v2\/categories?post=229"},{"taxonomy":"post_tag","embeddable":true,"href":"https:\/\/www.norn.is\/kyndillinn\/wp-json\/wp\/v2\/tags?post=229"}],"curies":[{"name":"wp","href":"https:\/\/api.w.org\/{rel}","templated":true}]}}