{"id":1844,"date":"2015-07-21T16:26:06","date_gmt":"2015-07-21T16:26:06","guid":{"rendered":"http:\/\/www.norn.is\/kyndillinn\/?p=1844"},"modified":"2017-09-12T09:00:46","modified_gmt":"2017-09-12T09:00:46","slug":"perrapolitik","status":"publish","type":"post","link":"https:\/\/www.norn.is\/kyndillinn\/perrapolitik\/","title":{"rendered":"Perrap\u00f3lit\u00edk"},"content":{"rendered":"<p><a href=\"http:\/\/www.norn.is\/kyndillinn\/wp-content\/uploads\/sites\/5\/2016\/06\/7275869158_5e5ec5408d_b-688x451.jpg\"><img loading=\"lazy\" decoding=\"async\" class=\"size-full wp-image-1845 aligncenter\" src=\"http:\/\/www.norn.is\/kyndillinn\/wp-content\/uploads\/sites\/5\/2016\/06\/7275869158_5e5ec5408d_b-688x451.jpg\" alt=\"7275869158_5e5ec5408d_b-688x451\" width=\"688\" height=\"451\" srcset=\"https:\/\/www.norn.is\/kyndillinn\/wp-content\/uploads\/sites\/5\/2016\/06\/7275869158_5e5ec5408d_b-688x451.jpg 688w, https:\/\/www.norn.is\/kyndillinn\/wp-content\/uploads\/sites\/5\/2016\/06\/7275869158_5e5ec5408d_b-688x451-300x197.jpg 300w\" sizes=\"auto, (max-width: 688px) 100vw, 688px\" \/><\/a>Me\u00f0fer\u00f0 fyrir kynfer\u00f0isbrotamenn er d\u00fdr. <a href=\"http:\/\/www.visir.is\/fjarmagn-til-medferdar-kynferdisbrotamanna-faest-ekki\/article\/2015707209959\">Of d\u00fdr til \u00feess a\u00f0 samf\u00e9lagi\u00f0 vilji spandera me\u00f0fer\u00f0 \u00e1 hv\u00edl\u00edk illmenni<\/a>. \u00dea\u00f0 er a\u00f0 sumu leyti skiljanlegt, \u00fea\u00f0 eru margir sem okkur finnst frekar ver\u00f0skulda stu\u00f0ning sem f\u00e1 ekki \u00fe\u00e1 l\u00e6knisme\u00f0fer\u00f0 sem myndi henta \u00feeim best.<!--more--><\/p>\n<p>En er einhver b\u00fainn a\u00f0 reikna \u00fat hva\u00f0 \u00fea\u00f0 kostar a\u00f0 hafa kynfer\u00f0isbrotamenn \u00ed fangelsi m\u00e1nu\u00f0um og \u00e1rum saman og senda \u00fe\u00e1 svo \u00fat \u00ed samf\u00e9lagi\u00f0, l\u00edklega til a\u00f0 halda uppteknum h\u00e6tti? Hva\u00f0 kostar a\u00f0 veita f\u00f3rnarl\u00f6mbum \u00feeirra me\u00f0fer\u00f0? Hva\u00f0 kostar \u00fej\u00f3nusta vi\u00f0 brotnar fj\u00f6lskyldur? Hva\u00f0 kostar l\u00f6gregluranns\u00f3kn og r\u00e9ttarh\u00f6ld? N\u00fa l\u00fdsir hver brota\u00feolinn \u00e1 f\u00e6tur \u00f6\u00f0rum \u00fev\u00ed yfir a\u00f0 aflei\u00f0ingarnar af ofbeldinu hafi veri\u00f0\u00a0v\u00edmuefnamisnotkun og alvarlegir ge\u00f0sj\u00fakd\u00f3mar \u00e1 bor\u00f0 vi\u00f0 \u00e1fallastreitur\u00f6skun. \u00deessi vandam\u00e1l lei\u00f0a svo aftur til gl\u00e6pa til a\u00f0 fj\u00e1rmagna neysluna, vanr\u00e6kslu \u00e1 b\u00f6rnum og ofbeldis gagnvart \u00feeim, atvinnuleysis og f\u00e9lagslegrar \u00f6rorku. Hva\u00f0 kostar \u00fea\u00f0 \u00ed kr\u00f3num tali\u00f0?<\/p>\n<p>\u00c1rum saman hefur kynfer\u00f0isofbeldi veri\u00f0 eitthvert vins\u00e6lasta umfj\u00f6llunarefni fj\u00f6lmi\u00f0la og stj\u00f3rnm\u00e1lamenn st\u00f6kkva au\u00f0vita\u00f0 \u00e1 \u00feann vagn. Hver hr\u00e6snarinn \u00e1 f\u00e6tur \u00f6\u00f0rum reynir a\u00f0 skreyta sig me\u00f0 gerviframlagi til bar\u00e1ttu gegn kynfer\u00f0isofbeldi; menn flagga fr\u00f6sum, stj\u00f3rnm\u00e1lamenn stinga upp \u00e1 ritsko\u00f0un og halda kl\u00e1mr\u00e1\u00f0stefnur og m\u00e1l\u00feing um kynbundi\u00f0 ofbeldi. Peningum er ausi\u00f0 \u00ed gerviranns\u00f3knir, \u00e1r\u00f3\u00f0ursherfer\u00f0ir og fem\u00ednistasamt\u00f6k, f\u00faskurum er hleypt me\u00f0 \u00e1r\u00f3\u00f0ur inn \u00ed sk\u00f3lana, allt \u00ed nafni sam\u00fa\u00f0ar me\u00f0 \u00feolendum. Kynfer\u00f0isofbeldi er endurskilgreint \u00ed \u00feeirri von a\u00f0 h\u00e6gt s\u00e9 a\u00f0 refsa fleiri gerendum, enda \u00fer\u00e1ir samf\u00e9lagi\u00f0 hefnd fremur en \u00fe\u00e1 forv\u00f6rn sem f\u00e6list \u00ed enduruppeldi \u00feeirra sem hafa fari\u00f0 yfir m\u00f6rk annarra en eru ekki beinl\u00ednis h\u00e6ttulegir.<\/p>\n<p>En a\u00f0 gera eitthva\u00f0 raunh\u00e6ft, svosem a\u00f0 koma \u00e1 f\u00f3t \u201evi\u00f0eigandi stofnun\u201c svo s\u00e9 h\u00e6gt a\u00f0 losna vi\u00f0 st\u00f3rh\u00e6ttulega gl\u00e6pamenn af g\u00f6tunni (ekki bara \u00ed 2 \u00e1r e\u00f0a 4 \u00e1r heldur svo lengi sem \u00feeir eru taldir h\u00e6ttulegir) og veita \u00feeim sem er vi\u00f0bjargandi almennilega me\u00f0fer\u00f0, a\u00f0 beita me\u00f0fer\u00f0 frekar en refsingum \u00ed ja\u00f0artilvikum, \u00fea\u00f0 f\u00e6r ekki mikinn hlj\u00f3mgrunn hj\u00e1 \u00feeim sem halda um budduna.<\/p>\n<p>\u00c1st\u00e6\u00f0an er au\u00f0vita\u00f0 ekki s\u00fa a\u00f0 yfirv\u00f6ldum s\u00e9 sama um kynfer\u00f0isgl\u00e6pi en \u00fea\u00f0 er l\u00edklega au\u00f0velt a\u00f0 lj\u00faga \u00fev\u00ed a\u00f0 sj\u00e1lfum s\u00e9r a\u00f0 \u00f3d\u00fdrar a\u00f0fer\u00f0ir geri gagn. A\u00f0 \u00fev\u00ed f\u00e9 s\u00e9 vel vari\u00f0 sem nota\u00f0 er til \u00feess a\u00f0 leyfa nokkrum einstaklingum a\u00f0 l\u00e1ta lj\u00f3s sitt sk\u00edna. \u00dea\u00f0 er \u00f3d\u00fdrara a\u00f0 gauka sm\u00e1aurum a\u00f0 konum sem vilja bera \u00e1 s\u00e9r geirv\u00f6rturnar vi\u00f0 hlj\u00f3msveitarundirleik, undir slagor\u00f0inu &#8222;free the nipples&#8220; en a\u00f0 lappa upp \u00e1 str\u00e1kbj\u00e1na sem setja brj\u00f3stamyndir af vinkonum s\u00ednum \u00e1 interneti\u00f0. \u00dea\u00f0 er \u00f3d\u00fdrara a\u00f0 f\u00e1 sj\u00e1lffr\u00e6\u00f0inga til a\u00f0 predika um meint orsakatengsl p\u00edkuraksturs og barnanau\u00f0gana en a\u00f0 koma \u00e1 f\u00f3t vi\u00f0eigandi stofnun.<\/p>\n<p>Kannski er \u00fea\u00f0 \u00f6murlegasta vi\u00f0 \u00feetta a\u00f0 \u00feeir sm\u00e1aurar sem settir eru \u00ed hi\u00f0 tilgangslausa str\u00ed\u00f0 gegn kl\u00e1mdj\u00f6flinum, kaupa p\u00f3lit\u00edkusum sennilega mun fleiri atkv\u00e6\u00f0i en a\u00f0ger\u00f0ir sem me\u00f0 s\u00f6mu upph\u00e6\u00f0 g\u00e6tu komi\u00f0 \u00ed veg fyrir \u00f6rf\u00e1ar hrottalegar nau\u00f0ganir. \u00dea\u00f0 vir\u00f0ist nefnilega sanngjarnara a\u00f0 setja peninginn \u00ed \u00feolandann en perrann.<\/p>\n<h5><strong>Lj\u00f3smynd eftir <a href=\"https:\/\/www.flickr.com\/photos\/_flood_\/\">Flood G<\/a><\/strong><\/h5>\n<p>&nbsp;<\/p>\n","protected":false},"excerpt":{"rendered":"<p>Me\u00f0fer\u00f0 fyrir kynfer\u00f0isbrotamenn er d\u00fdr. Of d\u00fdr til \u00feess a\u00f0 samf\u00e9lagi\u00f0 vilji spandera me\u00f0fer\u00f0 \u00e1 hv\u00edl\u00edk illmenni. \u00dea\u00f0 er a\u00f0 sumu leyti skiljanlegt, \u00fea\u00f0 eru margir sem okkur finnst frekar ver\u00f0skulda stu\u00f0ning sem f\u00e1 ekki \u00fe\u00e1 l\u00e6knisme\u00f0fer\u00f0 sem myndi henta &hellip; <a href=\"https:\/\/www.norn.is\/kyndillinn\/perrapolitik\/\">Halda \u00e1fram a\u00f0 lesa <span class=\"meta-nav\">&rarr;<\/span><\/a><\/p>\n","protected":false},"author":1,"featured_media":1845,"comment_status":"closed","ping_status":"open","sticky":false,"template":"","format":"standard","meta":{"footnotes":""},"categories":[13,1],"tags":[322,243,326,348],"class_list":["post-1844","post","type-post","status-publish","format-standard","has-post-thumbnail","hentry","category-kyn-ofbeldi-og-rettarkerfid","category-kyndillinn","tag-afallastreituroskun","tag-kynferdisofbeldi","tag-ptsd","tag-stjornmalamenn"],"yoast_head":"<!-- This site is optimized with the Yoast SEO plugin v27.4 - https:\/\/yoast.com\/product\/yoast-seo-wordpress\/ -->\n<title>Perrap\u00f3lit\u00edk - Kyndillinn<\/title>\n<meta name=\"description\" content=\"Me\u00f0fer\u00f0 fyrir kynfer\u00f0isbrotamenn er of d\u00fdr til \u00feess a\u00f0 samf\u00e9lagi\u00f0 vilji spandera me\u00f0fer\u00f0 \u00e1 hv\u00edl\u00edk illmenni. \u00dea\u00f0 er a\u00f0 sumu leyti skiljanlegt, \u00fea\u00f0 eru margir sem okkur finnst frekar ver\u00f0skulda stu\u00f0ning sem f\u00e1 ekki \u00fe\u00e1 l\u00e6knisme\u00f0fer\u00f0 sem myndi henta \u00feeim best.\" \/>\n<meta name=\"robots\" content=\"index, follow, max-snippet:-1, max-image-preview:large, max-video-preview:-1\" \/>\n<link rel=\"canonical\" href=\"https:\/\/www.norn.is\/kyndillinn\/perrapolitik\/\" \/>\n<meta property=\"og:locale\" content=\"is_IS\" \/>\n<meta property=\"og:type\" content=\"article\" \/>\n<meta property=\"og:title\" content=\"Perrap\u00f3lit\u00edk - Kyndillinn\" \/>\n<meta property=\"og:description\" content=\"Me\u00f0fer\u00f0 fyrir kynfer\u00f0isbrotamenn er of d\u00fdr til \u00feess a\u00f0 samf\u00e9lagi\u00f0 vilji spandera me\u00f0fer\u00f0 \u00e1 hv\u00edl\u00edk illmenni. \u00dea\u00f0 er a\u00f0 sumu leyti skiljanlegt, \u00fea\u00f0 eru margir sem okkur finnst frekar ver\u00f0skulda stu\u00f0ning sem f\u00e1 ekki \u00fe\u00e1 l\u00e6knisme\u00f0fer\u00f0 sem myndi henta \u00feeim best.\" \/>\n<meta property=\"og:url\" content=\"https:\/\/www.norn.is\/kyndillinn\/perrapolitik\/\" \/>\n<meta property=\"og:site_name\" content=\"Kyndillinn\" \/>\n<meta property=\"article:published_time\" content=\"2015-07-21T16:26:06+00:00\" \/>\n<meta property=\"article:modified_time\" content=\"2017-09-12T09:00:46+00:00\" \/>\n<meta property=\"og:image\" content=\"https:\/\/www.norn.is\/kyndillinn\/wp-content\/uploads\/sites\/5\/2016\/06\/7275869158_5e5ec5408d_b-688x451.jpg\" \/>\n\t<meta property=\"og:image:width\" content=\"688\" \/>\n\t<meta property=\"og:image:height\" content=\"451\" \/>\n\t<meta property=\"og:image:type\" content=\"image\/jpeg\" \/>\n<meta name=\"author\" content=\"admin\" \/>\n<meta name=\"twitter:card\" content=\"summary_large_image\" \/>\n<meta name=\"twitter:label1\" content=\"Written by\" \/>\n\t<meta name=\"twitter:data1\" content=\"\" \/>\n\t<meta name=\"twitter:label2\" content=\"Est. reading time\" \/>\n\t<meta name=\"twitter:data2\" content=\"3 minutes\" \/>\n<script type=\"application\/ld+json\" class=\"yoast-schema-graph\">{\"@context\":\"https:\\\/\\\/schema.org\",\"@graph\":[{\"@type\":\"Article\",\"@id\":\"https:\\\/\\\/www.norn.is\\\/kyndillinn\\\/perrapolitik\\\/#article\",\"isPartOf\":{\"@id\":\"https:\\\/\\\/www.norn.is\\\/kyndillinn\\\/perrapolitik\\\/\"},\"author\":{\"name\":\"admin\",\"@id\":\"https:\\\/\\\/www.norn.is\\\/kyndillinn\\\/#\\\/schema\\\/person\\\/1a27d7aee01469adf3180f8fd9e72c46\"},\"headline\":\"Perrap\u00f3lit\u00edk\",\"datePublished\":\"2015-07-21T16:26:06+00:00\",\"dateModified\":\"2017-09-12T09:00:46+00:00\",\"mainEntityOfPage\":{\"@id\":\"https:\\\/\\\/www.norn.is\\\/kyndillinn\\\/perrapolitik\\\/\"},\"wordCount\":592,\"image\":{\"@id\":\"https:\\\/\\\/www.norn.is\\\/kyndillinn\\\/perrapolitik\\\/#primaryimage\"},\"thumbnailUrl\":\"https:\\\/\\\/www.norn.is\\\/kyndillinn\\\/wp-content\\\/uploads\\\/sites\\\/5\\\/2016\\\/06\\\/7275869158_5e5ec5408d_b-688x451.jpg\",\"keywords\":[\"\u00c1fallastreitur\u00f6skun\",\"Kynfer\u00f0isofbeldi\",\"PTSD\",\"Stj\u00f3rnm\u00e1lamenn\"],\"articleSection\":[\"Kyn, ofbeldi og r\u00e9ttarkerfi\u00f0\",\"Kyndillinn\"],\"inLanguage\":\"is\"},{\"@type\":\"WebPage\",\"@id\":\"https:\\\/\\\/www.norn.is\\\/kyndillinn\\\/perrapolitik\\\/\",\"url\":\"https:\\\/\\\/www.norn.is\\\/kyndillinn\\\/perrapolitik\\\/\",\"name\":\"Perrap\u00f3lit\u00edk - Kyndillinn\",\"isPartOf\":{\"@id\":\"https:\\\/\\\/www.norn.is\\\/kyndillinn\\\/#website\"},\"primaryImageOfPage\":{\"@id\":\"https:\\\/\\\/www.norn.is\\\/kyndillinn\\\/perrapolitik\\\/#primaryimage\"},\"image\":{\"@id\":\"https:\\\/\\\/www.norn.is\\\/kyndillinn\\\/perrapolitik\\\/#primaryimage\"},\"thumbnailUrl\":\"https:\\\/\\\/www.norn.is\\\/kyndillinn\\\/wp-content\\\/uploads\\\/sites\\\/5\\\/2016\\\/06\\\/7275869158_5e5ec5408d_b-688x451.jpg\",\"datePublished\":\"2015-07-21T16:26:06+00:00\",\"dateModified\":\"2017-09-12T09:00:46+00:00\",\"author\":{\"@id\":\"https:\\\/\\\/www.norn.is\\\/kyndillinn\\\/#\\\/schema\\\/person\\\/1a27d7aee01469adf3180f8fd9e72c46\"},\"description\":\"Me\u00f0fer\u00f0 fyrir kynfer\u00f0isbrotamenn er of d\u00fdr til \u00feess a\u00f0 samf\u00e9lagi\u00f0 vilji spandera me\u00f0fer\u00f0 \u00e1 hv\u00edl\u00edk illmenni. \u00dea\u00f0 er a\u00f0 sumu leyti skiljanlegt, \u00fea\u00f0 eru margir sem okkur finnst frekar ver\u00f0skulda stu\u00f0ning sem f\u00e1 ekki \u00fe\u00e1 l\u00e6knisme\u00f0fer\u00f0 sem myndi henta \u00feeim best.\",\"breadcrumb\":{\"@id\":\"https:\\\/\\\/www.norn.is\\\/kyndillinn\\\/perrapolitik\\\/#breadcrumb\"},\"inLanguage\":\"is\",\"potentialAction\":[{\"@type\":\"ReadAction\",\"target\":[\"https:\\\/\\\/www.norn.is\\\/kyndillinn\\\/perrapolitik\\\/\"]}]},{\"@type\":\"ImageObject\",\"inLanguage\":\"is\",\"@id\":\"https:\\\/\\\/www.norn.is\\\/kyndillinn\\\/perrapolitik\\\/#primaryimage\",\"url\":\"https:\\\/\\\/www.norn.is\\\/kyndillinn\\\/wp-content\\\/uploads\\\/sites\\\/5\\\/2016\\\/06\\\/7275869158_5e5ec5408d_b-688x451.jpg\",\"contentUrl\":\"https:\\\/\\\/www.norn.is\\\/kyndillinn\\\/wp-content\\\/uploads\\\/sites\\\/5\\\/2016\\\/06\\\/7275869158_5e5ec5408d_b-688x451.jpg\",\"width\":688,\"height\":451},{\"@type\":\"BreadcrumbList\",\"@id\":\"https:\\\/\\\/www.norn.is\\\/kyndillinn\\\/perrapolitik\\\/#breadcrumb\",\"itemListElement\":[{\"@type\":\"ListItem\",\"position\":1,\"name\":\"Home\",\"item\":\"https:\\\/\\\/www.norn.is\\\/kyndillinn\\\/\"},{\"@type\":\"ListItem\",\"position\":2,\"name\":\"Perrap\u00f3lit\u00edk\"}]},{\"@type\":\"WebSite\",\"@id\":\"https:\\\/\\\/www.norn.is\\\/kyndillinn\\\/#website\",\"url\":\"https:\\\/\\\/www.norn.is\\\/kyndillinn\\\/\",\"name\":\"Kyndillinn\",\"description\":\"Eva um kyn og kl\u00e1m\",\"potentialAction\":[{\"@type\":\"SearchAction\",\"target\":{\"@type\":\"EntryPoint\",\"urlTemplate\":\"https:\\\/\\\/www.norn.is\\\/kyndillinn\\\/?s={search_term_string}\"},\"query-input\":{\"@type\":\"PropertyValueSpecification\",\"valueRequired\":true,\"valueName\":\"search_term_string\"}}],\"inLanguage\":\"is\"},{\"@type\":\"Person\",\"@id\":\"https:\\\/\\\/www.norn.is\\\/kyndillinn\\\/#\\\/schema\\\/person\\\/1a27d7aee01469adf3180f8fd9e72c46\",\"name\":\"admin\",\"url\":\"https:\\\/\\\/www.norn.is\\\/kyndillinn\\\/author\\\/admin\\\/\"}]}<\/script>\n<!-- \/ Yoast SEO plugin. -->","yoast_head_json":{"title":"Perrap\u00f3lit\u00edk - Kyndillinn","description":"Me\u00f0fer\u00f0 fyrir kynfer\u00f0isbrotamenn er of d\u00fdr til \u00feess a\u00f0 samf\u00e9lagi\u00f0 vilji spandera me\u00f0fer\u00f0 \u00e1 hv\u00edl\u00edk illmenni. \u00dea\u00f0 er a\u00f0 sumu leyti skiljanlegt, \u00fea\u00f0 eru margir sem okkur finnst frekar ver\u00f0skulda stu\u00f0ning sem f\u00e1 ekki \u00fe\u00e1 l\u00e6knisme\u00f0fer\u00f0 sem myndi henta \u00feeim best.","robots":{"index":"index","follow":"follow","max-snippet":"max-snippet:-1","max-image-preview":"max-image-preview:large","max-video-preview":"max-video-preview:-1"},"canonical":"https:\/\/www.norn.is\/kyndillinn\/perrapolitik\/","og_locale":"is_IS","og_type":"article","og_title":"Perrap\u00f3lit\u00edk - Kyndillinn","og_description":"Me\u00f0fer\u00f0 fyrir kynfer\u00f0isbrotamenn er of d\u00fdr til \u00feess a\u00f0 samf\u00e9lagi\u00f0 vilji spandera me\u00f0fer\u00f0 \u00e1 hv\u00edl\u00edk illmenni. \u00dea\u00f0 er a\u00f0 sumu leyti skiljanlegt, \u00fea\u00f0 eru margir sem okkur finnst frekar ver\u00f0skulda stu\u00f0ning sem f\u00e1 ekki \u00fe\u00e1 l\u00e6knisme\u00f0fer\u00f0 sem myndi henta \u00feeim best.","og_url":"https:\/\/www.norn.is\/kyndillinn\/perrapolitik\/","og_site_name":"Kyndillinn","article_published_time":"2015-07-21T16:26:06+00:00","article_modified_time":"2017-09-12T09:00:46+00:00","og_image":[{"width":688,"height":451,"url":"https:\/\/www.norn.is\/kyndillinn\/wp-content\/uploads\/sites\/5\/2016\/06\/7275869158_5e5ec5408d_b-688x451.jpg","type":"image\/jpeg"}],"author":"admin","twitter_card":"summary_large_image","twitter_misc":{"Written by":false,"Est. reading time":"3 minutes"},"schema":{"@context":"https:\/\/schema.org","@graph":[{"@type":"Article","@id":"https:\/\/www.norn.is\/kyndillinn\/perrapolitik\/#article","isPartOf":{"@id":"https:\/\/www.norn.is\/kyndillinn\/perrapolitik\/"},"author":{"name":"admin","@id":"https:\/\/www.norn.is\/kyndillinn\/#\/schema\/person\/1a27d7aee01469adf3180f8fd9e72c46"},"headline":"Perrap\u00f3lit\u00edk","datePublished":"2015-07-21T16:26:06+00:00","dateModified":"2017-09-12T09:00:46+00:00","mainEntityOfPage":{"@id":"https:\/\/www.norn.is\/kyndillinn\/perrapolitik\/"},"wordCount":592,"image":{"@id":"https:\/\/www.norn.is\/kyndillinn\/perrapolitik\/#primaryimage"},"thumbnailUrl":"https:\/\/www.norn.is\/kyndillinn\/wp-content\/uploads\/sites\/5\/2016\/06\/7275869158_5e5ec5408d_b-688x451.jpg","keywords":["\u00c1fallastreitur\u00f6skun","Kynfer\u00f0isofbeldi","PTSD","Stj\u00f3rnm\u00e1lamenn"],"articleSection":["Kyn, ofbeldi og r\u00e9ttarkerfi\u00f0","Kyndillinn"],"inLanguage":"is"},{"@type":"WebPage","@id":"https:\/\/www.norn.is\/kyndillinn\/perrapolitik\/","url":"https:\/\/www.norn.is\/kyndillinn\/perrapolitik\/","name":"Perrap\u00f3lit\u00edk - Kyndillinn","isPartOf":{"@id":"https:\/\/www.norn.is\/kyndillinn\/#website"},"primaryImageOfPage":{"@id":"https:\/\/www.norn.is\/kyndillinn\/perrapolitik\/#primaryimage"},"image":{"@id":"https:\/\/www.norn.is\/kyndillinn\/perrapolitik\/#primaryimage"},"thumbnailUrl":"https:\/\/www.norn.is\/kyndillinn\/wp-content\/uploads\/sites\/5\/2016\/06\/7275869158_5e5ec5408d_b-688x451.jpg","datePublished":"2015-07-21T16:26:06+00:00","dateModified":"2017-09-12T09:00:46+00:00","author":{"@id":"https:\/\/www.norn.is\/kyndillinn\/#\/schema\/person\/1a27d7aee01469adf3180f8fd9e72c46"},"description":"Me\u00f0fer\u00f0 fyrir kynfer\u00f0isbrotamenn er of d\u00fdr til \u00feess a\u00f0 samf\u00e9lagi\u00f0 vilji spandera me\u00f0fer\u00f0 \u00e1 hv\u00edl\u00edk illmenni. \u00dea\u00f0 er a\u00f0 sumu leyti skiljanlegt, \u00fea\u00f0 eru margir sem okkur finnst frekar ver\u00f0skulda stu\u00f0ning sem f\u00e1 ekki \u00fe\u00e1 l\u00e6knisme\u00f0fer\u00f0 sem myndi henta \u00feeim best.","breadcrumb":{"@id":"https:\/\/www.norn.is\/kyndillinn\/perrapolitik\/#breadcrumb"},"inLanguage":"is","potentialAction":[{"@type":"ReadAction","target":["https:\/\/www.norn.is\/kyndillinn\/perrapolitik\/"]}]},{"@type":"ImageObject","inLanguage":"is","@id":"https:\/\/www.norn.is\/kyndillinn\/perrapolitik\/#primaryimage","url":"https:\/\/www.norn.is\/kyndillinn\/wp-content\/uploads\/sites\/5\/2016\/06\/7275869158_5e5ec5408d_b-688x451.jpg","contentUrl":"https:\/\/www.norn.is\/kyndillinn\/wp-content\/uploads\/sites\/5\/2016\/06\/7275869158_5e5ec5408d_b-688x451.jpg","width":688,"height":451},{"@type":"BreadcrumbList","@id":"https:\/\/www.norn.is\/kyndillinn\/perrapolitik\/#breadcrumb","itemListElement":[{"@type":"ListItem","position":1,"name":"Home","item":"https:\/\/www.norn.is\/kyndillinn\/"},{"@type":"ListItem","position":2,"name":"Perrap\u00f3lit\u00edk"}]},{"@type":"WebSite","@id":"https:\/\/www.norn.is\/kyndillinn\/#website","url":"https:\/\/www.norn.is\/kyndillinn\/","name":"Kyndillinn","description":"Eva um kyn og kl\u00e1m","potentialAction":[{"@type":"SearchAction","target":{"@type":"EntryPoint","urlTemplate":"https:\/\/www.norn.is\/kyndillinn\/?s={search_term_string}"},"query-input":{"@type":"PropertyValueSpecification","valueRequired":true,"valueName":"search_term_string"}}],"inLanguage":"is"},{"@type":"Person","@id":"https:\/\/www.norn.is\/kyndillinn\/#\/schema\/person\/1a27d7aee01469adf3180f8fd9e72c46","name":"admin","url":"https:\/\/www.norn.is\/kyndillinn\/author\/admin\/"}]}},"_links":{"self":[{"href":"https:\/\/www.norn.is\/kyndillinn\/wp-json\/wp\/v2\/posts\/1844","targetHints":{"allow":["GET"]}}],"collection":[{"href":"https:\/\/www.norn.is\/kyndillinn\/wp-json\/wp\/v2\/posts"}],"about":[{"href":"https:\/\/www.norn.is\/kyndillinn\/wp-json\/wp\/v2\/types\/post"}],"author":[{"embeddable":true,"href":"https:\/\/www.norn.is\/kyndillinn\/wp-json\/wp\/v2\/users\/1"}],"replies":[{"embeddable":true,"href":"https:\/\/www.norn.is\/kyndillinn\/wp-json\/wp\/v2\/comments?post=1844"}],"version-history":[{"count":7,"href":"https:\/\/www.norn.is\/kyndillinn\/wp-json\/wp\/v2\/posts\/1844\/revisions"}],"predecessor-version":[{"id":2968,"href":"https:\/\/www.norn.is\/kyndillinn\/wp-json\/wp\/v2\/posts\/1844\/revisions\/2968"}],"wp:featuredmedia":[{"embeddable":true,"href":"https:\/\/www.norn.is\/kyndillinn\/wp-json\/wp\/v2\/media\/1845"}],"wp:attachment":[{"href":"https:\/\/www.norn.is\/kyndillinn\/wp-json\/wp\/v2\/media?parent=1844"}],"wp:term":[{"taxonomy":"category","embeddable":true,"href":"https:\/\/www.norn.is\/kyndillinn\/wp-json\/wp\/v2\/categories?post=1844"},{"taxonomy":"post_tag","embeddable":true,"href":"https:\/\/www.norn.is\/kyndillinn\/wp-json\/wp\/v2\/tags?post=1844"}],"curies":[{"name":"wp","href":"https:\/\/api.w.org\/{rel}","templated":true}]}}