{"id":1315,"date":"2012-12-17T00:16:02","date_gmt":"2012-12-17T00:16:02","guid":{"rendered":"http:\/\/www.norn.is\/kyndillinn\/?p=1315"},"modified":"2017-09-11T10:49:32","modified_gmt":"2017-09-11T10:49:32","slug":"skyggnulysing-3a","status":"publish","type":"post","link":"https:\/\/www.norn.is\/kyndillinn\/skyggnulysing-3a\/","title":{"rendered":"Skyggnul\u00fdsing 3a"},"content":{"rendered":"<p style=\"color: #222222;\"><a href=\"http:\/\/www.norn.is\/kyndillinn\/wp-content\/uploads\/sites\/5\/2014\/08\/thorgerdur-300x179-e1409433472764.png\"><img loading=\"lazy\" decoding=\"async\" class=\"alignleft size-full wp-image-306\" src=\"http:\/\/www.norn.is\/kyndillinn\/wp-content\/uploads\/sites\/5\/2014\/08\/thorgerdur-300x179-e1409433472764.png\" alt=\"teikngin thorgerdur\" width=\"300\" height=\"179\" \/><\/a>Undanfari\u00f0 hef \u00e9g skyggnst inn \u00ed kynjaver\u00f6ld H\u00e1sk\u00f3la \u00cdslands \u00fear sem kvenhyggjus\u00f6fnu\u00f0ur starfr\u00e6kir bibl\u00edusk\u00f3la \u00e1 kostna\u00f0 r\u00edkisins. Tildr\u00f6g \u00feessara skrifa er n\u00fdnemakennsla \u00fear sem gagnr\u00fdni m\u00edn \u00e1 tr\u00faarbr\u00f6g\u00f0in er til umfj\u00f6llunar.<\/p>\n<p style=\"color: #222222;\">\u00c9g hef ekki a\u00f0gang a\u00f0 fyrirlestrinum, a\u00f0eins gl\u00e6rum sem nota\u00f0ar voru til sk\u00fdringar. \u00c9g hef \u00feegar fjalla\u00f0 um kynningargl\u00e6runa og fyrstu gl\u00e6runa. \u00de\u00e6r er b\u00e1\u00f0ar nokku\u00f0 g\u00f3\u00f0ar en n\u00fa fara g\u00e6\u00f0in a\u00f0 koma \u00ed lj\u00f3s.<!--more--><\/p>\n<h2 style=\"color: #111111;\"><strong>Andst\u00e6\u00f0urnar Eva og Okkars<\/strong><\/h2>\n<p style=\"color: #222222;\">N\u00e6stu gl\u00e6ru er \u00e6tla\u00f0 a\u00f0 sk\u00fdra\u00a0<strong>forsendunar<\/strong>\u00a0fyrir gagnr\u00fdni minni og bera saman vi\u00f0 \u00f3l\u00edkar forsendur \u201efr\u00e6\u00f0anna\u201c fyrir kynjaumr\u00e6\u00f0unni.<br \/>\nSettir eru upp tveir d\u00e1lkar. Vinstri d\u00e1lkurinn ber yfirskriftina \u00a0<strong>Eva Hauks<\/strong>\u00a0og s\u00e1 h\u00e6gri ber yfirskriftina\u00a0<strong>Vi\u00f0<\/strong>.<\/p>\n<p style=\"color: #222222; text-align: center;\"><strong>Eva Hauks<\/strong>\u00a0 \u00a0 \u00a0 \u00a0 \u00a0 \u00a0 \u00a0 \u00a0 \u00a0 \u00a0 \u00a0 \u00a0 \u00a0 \u00a0 \u00a0 \u00a0 \u00a0 \u00a0 \u00a0 \u00a0 \u00a0 \u00a0 \u00a0 \u00a0 \u00a0 \u00a0 \u00a0 \u00a0<strong>Vi\u00f0<\/strong><\/p>\n<blockquote>\n<p style=\"color: #222222;\">Vi\u00f0?<\/p>\n<\/blockquote>\n<p style=\"color: #222222;\">\u201eVi\u00f0\u201c, nemendur og kennarar \u00ed kynjaver\u00f6ld feminismans e\u00f0a hva\u00f0? Eitt af slagor\u00f0um kvenhyggjunnar er; \u201ehi\u00f0 pers\u00f3nulega er p\u00f3lit\u00edskt\u201c. H\u00e9r hefur \u00fev\u00ed veri\u00f0 sn\u00fai\u00f0 vi\u00f0; hi\u00f0 p\u00f3lit\u00edska er or\u00f0i\u00f0 pers\u00f3nulegt. Eva \u00e1 m\u00f3ti \u201eokkars\u201c.<\/p>\n<p style=\"color: #222222;\">T\u00ed\u00f0kast \u00fea\u00f0 \u00ed stj\u00f3rnm\u00e1lafr\u00e6\u00f0ikennslu \u00ed h\u00e1sk\u00f3lum a\u00f0 kennarar stilli sj\u00e1lfum s\u00e9r og nemendum upp sem p\u00f3lit\u00edskum\u00a0samherjum, flokki sig sem li\u00f0 \u00e1 m\u00f3ti einstaklingi? Hvernig er \u00feetta hj\u00e1 Stefan\u00edu \u00d3skarsd\u00f3ttur? F\u00e1 hennar n\u00fdnemar samb\u00e6rilega kynningu \u00e1 bloggurum sem gagnr\u00fdna Sj\u00e1lfst\u00e6\u00f0isflokkinn? Stillir h\u00fan, e\u00f0a hennar a\u00f0sto\u00f0arkennarar, upp andst\u00e6\u00f0um \u00e1 bor\u00f0 vi\u00f0\u00a0<strong>L\u00e1ra Hanna Einarsd\u00f3ttir<\/strong>\u00a0og\u00a0<strong>Vi\u00f0<\/strong>? E\u00f0a er Stefan\u00eda kannski fagma\u00f0ur sem kennir fr\u00e6\u00f0i?<\/p>\n<p>https:\/\/www.youtube.com\/watch?v=qL2ZwSA3_T8<\/p>\n<p style=\"color: #222222;\">Uppsetningin \u00e1 gl\u00e6runni er \u00ed anda \u201ekynjafr\u00e6\u00f0innar\u201c sem er ekki fr\u00e6\u00f0igrein heldur me\u00f0 or\u00f0um \u00deorger\u00f0ar Einarsd\u00f3ttur \u201eakademiskur feminismi\u201c *<\/p>\n<h2 style=\"color: #111111;\"><\/h2>\n<h2 style=\"color: #111111;\"><strong>Forsendurnar<\/strong><\/h2>\n<p style=\"color: #222222;\">Forsendurnar sem m\u00e9r eru eigna\u00f0ar eru ekki s\u00ed\u00f0ur athyglisver\u00f0ar. \u00de\u00e6r eru n\u00f3gu vitlausar til a\u00f0 vera m\u00e9r efni \u00ed a.m.k. tvo pistla en h\u00e9r mun \u00e9g r\u00e6\u00f0a \u00fe\u00e6r fyrstu: Frj\u00e1lshyggju og anarkisma.<\/p>\n<p style=\"color: #222222;\"><em style=\"font-weight: inherit;\">Frj\u00e1lshyggja og anarkismi<\/em>. \u00c9g er ekki a\u00f0 dj\u00f3ka, \u00feetta stendur \u00e1 gl\u00e6runni. Og nei, \u00feetta \u00e1 ekki vi\u00f0 umr\u00e6\u00f0una almennt, \u00feetta eru tveir d\u00e1lkar yfir mismunandi forsendur og undir nafninu m\u00ednu\u00a0<strong>Eva Hauks<\/strong>, stendur\u00a0<em style=\"font-weight: inherit;\">Frj\u00e1lshyggja og anarkismi<\/em>.<\/p>\n<h2 style=\"color: #111111;\"><\/h2>\n<h2 style=\"color: #111111;\"><strong>Anarkismi<\/strong><\/h2>\n<p style=\"color: #222222;\">\u00dea\u00f0 er r\u00e9tt a\u00f0 kynjap\u00f3lit\u00edsk afsta\u00f0a m\u00edn er anark\u00edsk. Anarkismi einkennist af andst\u00f6\u00f0u vi\u00f0 yfirvald; \u00feeirri sko\u00f0un a\u00f0 hver ma\u00f0ur megi stj\u00f3rna l\u00edfi s\u00ednu sj\u00e1lfur, svo fremi sem hann ska\u00f0ar ekki a\u00f0ra. Anarkismi hafnar forr\u00e6\u00f0ishyggju. \u00d6nnur anark\u00edsk \u00e1hersla sem \u00e9g hef haldi\u00f0 \u00e1 lofti er s\u00fa a\u00f0 k\u00fagun minnihlutah\u00f3pa eigi s\u00e9r r\u00f3t \u00ed r\u00edkjandi valdakerfi. \u00dea\u00f0 \u00fej\u00f3ni \u00fev\u00ed ekki jafnr\u00e9ttismarkmi\u00f0um a\u00f0 f\u00e6ra konum v\u00f6ld innan sama kerfis, heldur \u00feurfi a\u00f0 bylta kerfinu sj\u00e1lfu.<\/p>\n<p style=\"color: #222222;\">Sem d\u00e6mi um \u00fea\u00f0 hversu illa \u00fea\u00f0 \u00fej\u00f3nar jafnr\u00e9ttinu a\u00f0 f\u00e6ra v\u00f6ld fr\u00e1 f\u00e1um k\u00f6rlum til f\u00e1rra kvenna, getum vi\u00f0 teki\u00f0 \u00edslenska fj\u00f6lmi\u00f0la en feministar tala miki\u00f0 um a\u00f0 fj\u00f6lmi\u00f0lar geri k\u00f6rlum h\u00e6rra undir h\u00f6f\u00f0i en konum. \u00c9g leyfi m\u00e9r a\u00f0 v\u00edsa til umm\u00e6la sem einn lesenda l\u00e9t falla \u00ed framhaldi af<a style=\"font-weight: inherit; font-style: inherit; color: #222222;\" href=\"http:\/\/blog.pressan.is\/evahauks\/2012\/10\/28\/fjolmidlakafli-kynungabokar\/\">\u00a0\u00feessum pistli<\/a>:<\/p>\n<blockquote style=\"color: #555555;\">\n<p style=\"font-weight: inherit; font-style: inherit;\">Yfirstj\u00f3rnandi R\u00daV, Katr\u00edn Jakobsd\u00f3ttir, er kona.<br \/>\nA\u00f0aleigandi 365, Ingibj\u00f6rg P\u00e1lmad\u00f3ttir, er kona.<br \/>\nA\u00f0aleigandi Moggans, Gu\u00f0bj\u00f6rg Matth\u00edasd\u00f3ttir, er kona.<br \/>\nA\u00f0aleigendur DV og Smugunnar eru l\u00edka konur.<br \/>\nEru konur eins valdalausar \u00ed fj\u00f6lmi\u00f0lum og af er l\u00e1ti\u00f0?<\/p>\n<\/blockquote>\n<p style=\"color: #222222;\">Af s\u00f6mu \u00e1st\u00e6\u00f0um telja margir anarkistar a\u00f0 bann vi\u00f0 kynl\u00edfsi\u00f0na\u00f0i s\u00e9 ekki lausn \u00e1 vanda \u00feeirra kvenna sem kynl\u00edfsi\u00f0na\u00f0urinn misnotar. R\u00f3t \u00feess vanda liggur \u00ed \u00feeirri afst\u00f6\u00f0u a\u00f0 atvinnurekendur s\u00e9u yfirvald e\u00f0a jafnvel eigendur starfsf\u00f3lksins. Misnotkun \u00fer\u00edfst \u00ed \u00f6llum geirum atvinnul\u00edfins og hugmyndin um atvinnurekanda sem yfirvald hverfur ekki \u00fe\u00f3tt einhver starfsgrein ver\u00f0i afl\u00f6g\u00f0. Hinsvegar hefur bar\u00e1ttan gegn kynl\u00edfs\u00fej\u00f3nustu skuggahli\u00f0ar sem bitna verst \u00e1 \u00feeim sem \u00e6tlunin er a\u00f0 verja. (<a style=\"font-weight: inherit; font-style: inherit; color: #222222;\" href=\"http:\/\/www.wsm.ie\/c\/red-light-advocate-anti-sex-work\">\u00deessi grein<\/a>\u00a0sk\u00fdrir anark\u00edska afst\u00f6\u00f0u f\u00f3lks sem er s\u00ed\u00f0ur en svo hrifi\u00f0 af kynl\u00edfsi\u00f0na\u00f0i og h\u00e9r er\u00a0<a style=\"font-weight: inherit; font-style: inherit; color: #222222;\" href=\"http:\/\/modursyki.wordpress.com\/2012\/08\/24\/vaendi-klam-stora-systir-geiri-i-goldfinger-pulsur-orwellismi-stigveldi-vold-kvenna-og-margt-margt-fleira\/\">fr\u00e1b\u00e6r umfj\u00f6llun<\/a>\u00a0\u00e1 \u00edslensku.)<\/p>\n<p style=\"color: #222222;\">J\u00e1 anark\u00edska afst\u00f6\u00f0u kannast \u00e9g vissulega vi\u00f0, en frj\u00e1lshyggju\u2026\u2026.?<\/p>\n<h2 style=\"color: #111111;\"><\/h2>\n<h2 style=\"color: #111111;\"><strong>Af meintri frj\u00e1lshyggju minni<\/strong><\/h2>\n<p style=\"color: #222222;\">\u00c9g mun vera fyrsti frj\u00e1lshyggjuma\u00f0ur veraldar sem hefur ekki a\u00f0eins skrifa\u00f0 fj\u00f6lda pistla um umhverfisakt\u00edvisma, heldur l\u00edka teki\u00f0 virkan \u00fe\u00e1tt \u00ed bar\u00e1ttu gegn st\u00f3ri\u00f0ju. \u00dea\u00f0 hef \u00e9g gert b\u00e6\u00f0i vegna umhverfissj\u00f3narmi\u00f0a en \u00fe\u00f3 a\u00f0allega \u00e1 \u00feeirri forsendu a\u00f0 ofurvald st\u00f3ri\u00f0jufyrirt\u00e6kja grafi undan m\u00f6guleikum f\u00e1t\u00e6klinga v\u00ed\u00f0a um heim til a\u00f0 framfleyta s\u00e9r og vi\u00f0halda menningu sinni.<\/p>\n<p style=\"color: #222222;\">Hversu oft tala fulltr\u00faar frj\u00e1lshyggjunnar um\u00a0hnattv\u00e6\u00f0ingu sem andst\u00e6\u00f0u marka\u00f0sfrelsis og\u00a0<a style=\"font-weight: inherit; font-style: inherit; color: #222222;\" href=\"http:\/\/www.pistillinn.is\/?p=4723\">um kap\u00edtalisma sem \u00f6fgastefnu<\/a>?<\/p>\n<p style=\"color: #222222;\">\u00c9g hl\u00fdt a\u00f0 vera eini frj\u00e1lshyggjuma\u00f0ur \u00cdslandss\u00f6gunnar sem hefur beinl\u00ednis tala\u00f0 gegn eignarr\u00e9tti og\u00a0<a style=\"font-weight: inherit; font-style: inherit; color: #222222;\" href=\"http:\/\/www.norn.is\/sapuopera\/2009\/04\/hustaka.html\">stutt<\/a>\u00a0<a style=\"font-weight: inherit; font-style: inherit; color: #222222;\" href=\"http:\/\/www.norn.is\/sapuopera\/2009\/04\/a_var_mali_1.html\">p\u00f3lit\u00edskar h\u00fast\u00f6kur<\/a>\u00a0b\u00e6\u00f0i \u00ed or\u00f0i og verki.<\/p>\n<p style=\"color: #222222;\">Hversu margir \u00edslenskir frj\u00e1lshyggjumenn hafa tala\u00f0\u00a0<a style=\"font-weight: inherit; font-style: inherit; color: #222222;\" href=\"http:\/\/www.norn.is\/sapuopera\/2007\/03\/einkaving_er_oasttanleg.html\">gegn einkav\u00e6\u00f0ingu bankakerfisins<\/a>?<\/p>\n<p style=\"color: #222222;\">Hversu algengt er a\u00f0 frj\u00e1lshygguf\u00f3lk\u00a0tali gegn erf\u00f0abreyttum matv\u00e6lum, ekki \u00fat fr\u00e1 heilbrig\u00f0issj\u00f3narmi\u00f0um (\u00fev\u00ed um \u00feann \u00fe\u00e1tt veit \u00e9g ekkert) heldur \u00fat fr\u00e1 \u00f3beit sinni \u00e1 \u00fev\u00ed a\u00f0 einhver geti \u00e1tt\u00a0<a style=\"font-weight: inherit; font-style: inherit; color: #222222;\" href=\"http:\/\/www.norn.is\/sapuopera\/2007\/09\/erfabreytt_korn_er_glpur.html\">einkar\u00e9tt \u00e1 l\u00edfverum<\/a>?<\/p>\n<h2 style=\"color: #111111;\"><\/h2>\n<h2 style=\"color: #111111;\"><strong>Veit \u00feetta f\u00f3lk ekkert um hva\u00f0 \u00fea\u00f0 er a\u00f0 tala?<\/strong><\/h2>\n<p style=\"color: #222222;\">Kynjafr\u00e6\u00f0in er hluti af stj\u00f3rnm\u00e1lafr\u00e6\u00f0inni. MA nemar \u00ed kynjafr\u00e6\u00f0um vita v\u00e6ntanlega hva\u00f0 frj\u00e1lshyggja er. Frj\u00e1lshyggja \u00e1 \u00fea\u00f0 sameiginlegt me\u00f0 anarkisma a\u00f0 hafa l\u00edti\u00f0 \u00e1lit \u00e1 r\u00edkisvaldi og vilja sem minnst eftirlit me\u00f0 borgurunum. En \u00fear me\u00f0 er \u00fea\u00f0 upp tali\u00f0.\u00a0Forsendur anarkista og frj\u00e1lshyggjumanna fyrir andst\u00f6\u00f0u gegn kynjakv\u00f3tum og s\u00e6nsku lei\u00f0inni eru ger\u00f3l\u00edkar.<\/p>\n<p style=\"color: #222222;\">Frj\u00e1lshyggja einkennist af \u00e1herslu \u00e1 vi\u00f0skiptafrelsi. \u00d3heftan kap\u00edtal\u00edsma og einkav\u00e6\u00f0ingu b\u00e6\u00f0i stofnana og au\u00f0linda. Anarkismi dregur eignarr\u00e9tt (fram yfir r\u00e9tt til \u00feeirra hluta sem ma\u00f0ur hefur bein not fyrir) hinsvegar \u00ed efa, me\u00f0 \u00feeim r\u00f6kum a\u00f0 misskipting au\u00f0s stu\u00f0li a\u00f0 myndun yfirvalds. \u00deetta er grundvallarmunur og jafnvel \u00fe\u00f3tt menn vilji nota skr\u00edpahugtaki\u00f0 \u201eh\u00e6gri anarkismi\u201c, \u00fe\u00e1 sk\u00edn \u00ed gegnum skrif m\u00edn og p\u00f3lit\u00edskar a\u00f0ger\u00f0ir, and\u00fa\u00f0 \u00e1 flestu \u00fev\u00ed \u00a0sem er me\u00f0 nokkurri skynsemi h\u00e6gt a\u00f0 flokka sem h\u00e6gri anarkisma.<\/p>\n<p style=\"color: #222222;\">Hversvegna \u00ed \u00f3sk\u00f6punum vi\u00f0gengst \u00fea\u00f0, a\u00f0 \u00ed n\u00fdnemakennslu \u00ed stj\u00f3rnm\u00e1lafr\u00e6\u00f0i vi\u00f0 \u00e6\u00f0stu menntastofnun landsins, s\u00e9 pistlah\u00f6fundur, sem \u00edtreka\u00f0 hefur l\u00fdst yfir andst\u00f6\u00f0u sinni vi\u00f0 helstu \u00e1herslur frj\u00e1lshyggjunnar, flokka\u00f0ur sem frj\u00e1lshyggjubo\u00f0beri? Hefur \u00feeim kynjaverum sem kenna \u00feessi \u201ev\u00edsindi\u201c l\u00e1\u00f0st a\u00f0 uppfr\u00e6\u00f0a meistaranema s\u00edna um muninn \u00e1 frj\u00e1lshyggju og anarkisma?\u00a0Hleypa \u00feessir kennarar MA nemum s\u00ednum \u00ed n\u00fdnemakennslu \u00e1n \u00feess a\u00f0 ganga \u00far skugga um hvort \u00feeir hafi kynnt s\u00e9r m\u00e1lflutning \u00feeirra sem veri\u00f0 er a\u00f0 fjalla um?<\/p>\n<p style=\"color: #222222;\">Gy\u00f0a Margr\u00e9t P\u00e9tursd\u00f3ttir og \u00deorger\u00f0ur Einarsd\u00f3ttir vita alveg hva\u00f0 frj\u00e1lshyggja er. En vi\u00f0 skulum athuga a\u00f0 \u00fe\u00e6r eru engir venjulegir fr\u00e6\u00f0imenn. \u00de\u00e6r eru kynjafr\u00e6\u00f0ingar og samkv\u00e6mt kynjafr\u00e6\u00f0um er hi\u00f0 v\u00edsindalega p\u00f3lit\u00edskt. Ekki ver\u00f0ur anna\u00f0 s\u00e9\u00f0 en a\u00f0 kynjafr\u00e6\u00f0ikennurum H\u00e1sk\u00f3lans \u00feyki \u00ed lagi a\u00f0 bera \u00fev\u00e6lu \u00ed n\u00fdmema, \u00ed nafni v\u00edsindanna. \u00dear me\u00f0 hefur slagor\u00f0inu \u201ehi\u00f0 v\u00edsindalega er p\u00f3lit\u00edskt\u201c veri\u00f0 sn\u00fai\u00f0 vi\u00f0; hi\u00f0 p\u00f3lit\u00edska er or\u00f0i\u00f0 v\u00edsindalegt.<\/p>\n<p style=\"color: #222222;\">\u00a0<a href=\"http:\/\/www.norn.is\/kyndillinn\/wp-content\/uploads\/sites\/5\/2012\/12\/scivspseudosci32-1024x773.jpg\"><img loading=\"lazy\" decoding=\"async\" class=\"aligncenter wp-image-1317\" src=\"http:\/\/www.norn.is\/kyndillinn\/wp-content\/uploads\/sites\/5\/2012\/12\/scivspseudosci32-1024x773.jpg\" alt=\"scivspseudosci32-1024x773\" width=\"640\" height=\"483\" srcset=\"https:\/\/www.norn.is\/kyndillinn\/wp-content\/uploads\/sites\/5\/2012\/12\/scivspseudosci32-1024x773.jpg 1024w, https:\/\/www.norn.is\/kyndillinn\/wp-content\/uploads\/sites\/5\/2012\/12\/scivspseudosci32-1024x773-300x226.jpg 300w, https:\/\/www.norn.is\/kyndillinn\/wp-content\/uploads\/sites\/5\/2012\/12\/scivspseudosci32-1024x773-174x131.jpg 174w, https:\/\/www.norn.is\/kyndillinn\/wp-content\/uploads\/sites\/5\/2012\/12\/scivspseudosci32-1024x773-70x53.jpg 70w\" sizes=\"auto, (max-width: 640px) 100vw, 640px\" \/><\/a><a style=\"font-weight: inherit; font-style: inherit; color: #222222;\" href=\"http:\/\/blog.pressan.is\/evahauks\/files\/2012\/12\/scivspseudosci32.jpg\">* <\/a>\u00a0Eftir a\u00f0 \u00feessi pistill var skrifa\u00f0ur hefur vi\u00f0tali\u00f0 vi\u00f0 \u00deorger\u00f0i veri\u00f0 gert almenningi \u00f3a\u00f0gengilegt \u00e1 youtube.<\/p>\n","protected":false},"excerpt":{"rendered":"<p>Undanfari\u00f0 hef \u00e9g skyggnst inn \u00ed kynjaver\u00f6ld H\u00e1sk\u00f3la \u00cdslands \u00fear sem kvenhyggjus\u00f6fnu\u00f0ur starfr\u00e6kir bibl\u00edusk\u00f3la \u00e1 kostna\u00f0 r\u00edkisins. Tildr\u00f6g \u00feessara skrifa er n\u00fdnemakennsla \u00fear sem gagnr\u00fdni m\u00edn \u00e1 tr\u00faarbr\u00f6g\u00f0in er til umfj\u00f6llunar. \u00c9g hef ekki a\u00f0gang a\u00f0 fyrirlestrinum, a\u00f0eins gl\u00e6rum sem &hellip; <a href=\"https:\/\/www.norn.is\/kyndillinn\/skyggnulysing-3a\/\">Halda \u00e1fram a\u00f0 lesa <span class=\"meta-nav\">&rarr;<\/span><\/a><\/p>\n","protected":false},"author":2,"featured_media":306,"comment_status":"closed","ping_status":"open","sticky":false,"template":"","format":"standard","meta":{"footnotes":""},"categories":[21,1],"tags":[25,210],"class_list":["post-1315","post","type-post","status-publish","format-standard","has-post-thumbnail","hentry","category-fanaberar-favisinnar","category-kyndillinn","tag-kynjafraedi","tag-thorgerdur-einarsdottir"],"yoast_head":"<!-- This site is optimized with the Yoast SEO plugin v27.4 - https:\/\/yoast.com\/product\/yoast-seo-wordpress\/ -->\n<title>Skyggnul\u00fdsing 3a - Kyndillinn<\/title>\n<meta name=\"robots\" content=\"index, follow, max-snippet:-1, max-image-preview:large, max-video-preview:-1\" \/>\n<link rel=\"canonical\" href=\"https:\/\/www.norn.is\/kyndillinn\/skyggnulysing-3a\/\" \/>\n<meta property=\"og:locale\" content=\"is_IS\" \/>\n<meta property=\"og:type\" content=\"article\" \/>\n<meta property=\"og:title\" content=\"Skyggnul\u00fdsing 3a - Kyndillinn\" \/>\n<meta property=\"og:description\" content=\"Undanfari\u00f0 hef \u00e9g skyggnst inn \u00ed kynjaver\u00f6ld H\u00e1sk\u00f3la \u00cdslands \u00fear sem kvenhyggjus\u00f6fnu\u00f0ur starfr\u00e6kir bibl\u00edusk\u00f3la \u00e1 kostna\u00f0 r\u00edkisins. Tildr\u00f6g \u00feessara skrifa er n\u00fdnemakennsla \u00fear sem gagnr\u00fdni m\u00edn \u00e1 tr\u00faarbr\u00f6g\u00f0in er til umfj\u00f6llunar. \u00c9g hef ekki a\u00f0gang a\u00f0 fyrirlestrinum, a\u00f0eins gl\u00e6rum sem &hellip; Halda \u00e1fram a\u00f0 lesa &rarr;\" \/>\n<meta property=\"og:url\" content=\"https:\/\/www.norn.is\/kyndillinn\/skyggnulysing-3a\/\" \/>\n<meta property=\"og:site_name\" content=\"Kyndillinn\" \/>\n<meta property=\"article:published_time\" content=\"2012-12-17T00:16:02+00:00\" \/>\n<meta property=\"article:modified_time\" content=\"2017-09-11T10:49:32+00:00\" \/>\n<meta property=\"og:image\" content=\"https:\/\/www.norn.is\/kyndillinn\/wp-content\/uploads\/sites\/5\/2014\/08\/thorgerdur-300x179-e1409433472764.png\" \/>\n\t<meta property=\"og:image:width\" content=\"300\" \/>\n\t<meta property=\"og:image:height\" content=\"179\" \/>\n\t<meta property=\"og:image:type\" content=\"image\/png\" \/>\n<meta name=\"author\" content=\"Eva Hauksd\u00f3ttir\" \/>\n<meta name=\"twitter:card\" content=\"summary_large_image\" \/>\n<meta name=\"twitter:label1\" content=\"Written by\" \/>\n\t<meta name=\"twitter:data1\" content=\"\" \/>\n\t<meta name=\"twitter:label2\" content=\"Est. reading time\" \/>\n\t<meta name=\"twitter:data2\" content=\"7 minutes\" \/>\n<script type=\"application\/ld+json\" class=\"yoast-schema-graph\">{\"@context\":\"https:\\\/\\\/schema.org\",\"@graph\":[{\"@type\":\"Article\",\"@id\":\"https:\\\/\\\/www.norn.is\\\/kyndillinn\\\/skyggnulysing-3a\\\/#article\",\"isPartOf\":{\"@id\":\"https:\\\/\\\/www.norn.is\\\/kyndillinn\\\/skyggnulysing-3a\\\/\"},\"author\":{\"name\":\"Eva Hauksd\u00f3ttir\",\"@id\":\"https:\\\/\\\/www.norn.is\\\/kyndillinn\\\/#\\\/schema\\\/person\\\/2eb0fcae9e1ecc61987f7ed9c878531c\"},\"headline\":\"Skyggnul\u00fdsing 3a\",\"datePublished\":\"2012-12-17T00:16:02+00:00\",\"dateModified\":\"2017-09-11T10:49:32+00:00\",\"mainEntityOfPage\":{\"@id\":\"https:\\\/\\\/www.norn.is\\\/kyndillinn\\\/skyggnulysing-3a\\\/\"},\"wordCount\":1315,\"image\":{\"@id\":\"https:\\\/\\\/www.norn.is\\\/kyndillinn\\\/skyggnulysing-3a\\\/#primaryimage\"},\"thumbnailUrl\":\"https:\\\/\\\/www.norn.is\\\/kyndillinn\\\/wp-content\\\/uploads\\\/sites\\\/5\\\/2014\\\/08\\\/thorgerdur-300x179-e1409433472764.png\",\"keywords\":[\"Kynjafr\u00e6\u00f0i\",\"\u00deorger\u00f0ur Einarsd\u00f3ttir\"],\"articleSection\":[\"F\u00e1naberar f\u00e1v\u00edsinnar\",\"Kyndillinn\"],\"inLanguage\":\"is\"},{\"@type\":\"WebPage\",\"@id\":\"https:\\\/\\\/www.norn.is\\\/kyndillinn\\\/skyggnulysing-3a\\\/\",\"url\":\"https:\\\/\\\/www.norn.is\\\/kyndillinn\\\/skyggnulysing-3a\\\/\",\"name\":\"Skyggnul\u00fdsing 3a - Kyndillinn\",\"isPartOf\":{\"@id\":\"https:\\\/\\\/www.norn.is\\\/kyndillinn\\\/#website\"},\"primaryImageOfPage\":{\"@id\":\"https:\\\/\\\/www.norn.is\\\/kyndillinn\\\/skyggnulysing-3a\\\/#primaryimage\"},\"image\":{\"@id\":\"https:\\\/\\\/www.norn.is\\\/kyndillinn\\\/skyggnulysing-3a\\\/#primaryimage\"},\"thumbnailUrl\":\"https:\\\/\\\/www.norn.is\\\/kyndillinn\\\/wp-content\\\/uploads\\\/sites\\\/5\\\/2014\\\/08\\\/thorgerdur-300x179-e1409433472764.png\",\"datePublished\":\"2012-12-17T00:16:02+00:00\",\"dateModified\":\"2017-09-11T10:49:32+00:00\",\"author\":{\"@id\":\"https:\\\/\\\/www.norn.is\\\/kyndillinn\\\/#\\\/schema\\\/person\\\/2eb0fcae9e1ecc61987f7ed9c878531c\"},\"breadcrumb\":{\"@id\":\"https:\\\/\\\/www.norn.is\\\/kyndillinn\\\/skyggnulysing-3a\\\/#breadcrumb\"},\"inLanguage\":\"is\",\"potentialAction\":[{\"@type\":\"ReadAction\",\"target\":[\"https:\\\/\\\/www.norn.is\\\/kyndillinn\\\/skyggnulysing-3a\\\/\"]}]},{\"@type\":\"ImageObject\",\"inLanguage\":\"is\",\"@id\":\"https:\\\/\\\/www.norn.is\\\/kyndillinn\\\/skyggnulysing-3a\\\/#primaryimage\",\"url\":\"https:\\\/\\\/www.norn.is\\\/kyndillinn\\\/wp-content\\\/uploads\\\/sites\\\/5\\\/2014\\\/08\\\/thorgerdur-300x179-e1409433472764.png\",\"contentUrl\":\"https:\\\/\\\/www.norn.is\\\/kyndillinn\\\/wp-content\\\/uploads\\\/sites\\\/5\\\/2014\\\/08\\\/thorgerdur-300x179-e1409433472764.png\",\"width\":300,\"height\":179},{\"@type\":\"BreadcrumbList\",\"@id\":\"https:\\\/\\\/www.norn.is\\\/kyndillinn\\\/skyggnulysing-3a\\\/#breadcrumb\",\"itemListElement\":[{\"@type\":\"ListItem\",\"position\":1,\"name\":\"Home\",\"item\":\"https:\\\/\\\/www.norn.is\\\/kyndillinn\\\/\"},{\"@type\":\"ListItem\",\"position\":2,\"name\":\"Skyggnul\u00fdsing 3a\"}]},{\"@type\":\"WebSite\",\"@id\":\"https:\\\/\\\/www.norn.is\\\/kyndillinn\\\/#website\",\"url\":\"https:\\\/\\\/www.norn.is\\\/kyndillinn\\\/\",\"name\":\"Kyndillinn\",\"description\":\"Eva um kyn og kl\u00e1m\",\"potentialAction\":[{\"@type\":\"SearchAction\",\"target\":{\"@type\":\"EntryPoint\",\"urlTemplate\":\"https:\\\/\\\/www.norn.is\\\/kyndillinn\\\/?s={search_term_string}\"},\"query-input\":{\"@type\":\"PropertyValueSpecification\",\"valueRequired\":true,\"valueName\":\"search_term_string\"}}],\"inLanguage\":\"is\"},{\"@type\":\"Person\",\"@id\":\"https:\\\/\\\/www.norn.is\\\/kyndillinn\\\/#\\\/schema\\\/person\\\/2eb0fcae9e1ecc61987f7ed9c878531c\",\"name\":\"Eva Hauksd\u00f3ttir\",\"sameAs\":[\"http:\\\/\\\/www.norn.is\"],\"url\":\"https:\\\/\\\/www.norn.is\\\/kyndillinn\\\/author\\\/eva\\\/\"}]}<\/script>\n<!-- \/ Yoast SEO plugin. -->","yoast_head_json":{"title":"Skyggnul\u00fdsing 3a - Kyndillinn","robots":{"index":"index","follow":"follow","max-snippet":"max-snippet:-1","max-image-preview":"max-image-preview:large","max-video-preview":"max-video-preview:-1"},"canonical":"https:\/\/www.norn.is\/kyndillinn\/skyggnulysing-3a\/","og_locale":"is_IS","og_type":"article","og_title":"Skyggnul\u00fdsing 3a - Kyndillinn","og_description":"Undanfari\u00f0 hef \u00e9g skyggnst inn \u00ed kynjaver\u00f6ld H\u00e1sk\u00f3la \u00cdslands \u00fear sem kvenhyggjus\u00f6fnu\u00f0ur starfr\u00e6kir bibl\u00edusk\u00f3la \u00e1 kostna\u00f0 r\u00edkisins. Tildr\u00f6g \u00feessara skrifa er n\u00fdnemakennsla \u00fear sem gagnr\u00fdni m\u00edn \u00e1 tr\u00faarbr\u00f6g\u00f0in er til umfj\u00f6llunar. \u00c9g hef ekki a\u00f0gang a\u00f0 fyrirlestrinum, a\u00f0eins gl\u00e6rum sem &hellip; Halda \u00e1fram a\u00f0 lesa &rarr;","og_url":"https:\/\/www.norn.is\/kyndillinn\/skyggnulysing-3a\/","og_site_name":"Kyndillinn","article_published_time":"2012-12-17T00:16:02+00:00","article_modified_time":"2017-09-11T10:49:32+00:00","og_image":[{"width":300,"height":179,"url":"https:\/\/www.norn.is\/kyndillinn\/wp-content\/uploads\/sites\/5\/2014\/08\/thorgerdur-300x179-e1409433472764.png","type":"image\/png"}],"author":"Eva Hauksd\u00f3ttir","twitter_card":"summary_large_image","twitter_misc":{"Written by":false,"Est. reading time":"7 minutes"},"schema":{"@context":"https:\/\/schema.org","@graph":[{"@type":"Article","@id":"https:\/\/www.norn.is\/kyndillinn\/skyggnulysing-3a\/#article","isPartOf":{"@id":"https:\/\/www.norn.is\/kyndillinn\/skyggnulysing-3a\/"},"author":{"name":"Eva Hauksd\u00f3ttir","@id":"https:\/\/www.norn.is\/kyndillinn\/#\/schema\/person\/2eb0fcae9e1ecc61987f7ed9c878531c"},"headline":"Skyggnul\u00fdsing 3a","datePublished":"2012-12-17T00:16:02+00:00","dateModified":"2017-09-11T10:49:32+00:00","mainEntityOfPage":{"@id":"https:\/\/www.norn.is\/kyndillinn\/skyggnulysing-3a\/"},"wordCount":1315,"image":{"@id":"https:\/\/www.norn.is\/kyndillinn\/skyggnulysing-3a\/#primaryimage"},"thumbnailUrl":"https:\/\/www.norn.is\/kyndillinn\/wp-content\/uploads\/sites\/5\/2014\/08\/thorgerdur-300x179-e1409433472764.png","keywords":["Kynjafr\u00e6\u00f0i","\u00deorger\u00f0ur Einarsd\u00f3ttir"],"articleSection":["F\u00e1naberar f\u00e1v\u00edsinnar","Kyndillinn"],"inLanguage":"is"},{"@type":"WebPage","@id":"https:\/\/www.norn.is\/kyndillinn\/skyggnulysing-3a\/","url":"https:\/\/www.norn.is\/kyndillinn\/skyggnulysing-3a\/","name":"Skyggnul\u00fdsing 3a - Kyndillinn","isPartOf":{"@id":"https:\/\/www.norn.is\/kyndillinn\/#website"},"primaryImageOfPage":{"@id":"https:\/\/www.norn.is\/kyndillinn\/skyggnulysing-3a\/#primaryimage"},"image":{"@id":"https:\/\/www.norn.is\/kyndillinn\/skyggnulysing-3a\/#primaryimage"},"thumbnailUrl":"https:\/\/www.norn.is\/kyndillinn\/wp-content\/uploads\/sites\/5\/2014\/08\/thorgerdur-300x179-e1409433472764.png","datePublished":"2012-12-17T00:16:02+00:00","dateModified":"2017-09-11T10:49:32+00:00","author":{"@id":"https:\/\/www.norn.is\/kyndillinn\/#\/schema\/person\/2eb0fcae9e1ecc61987f7ed9c878531c"},"breadcrumb":{"@id":"https:\/\/www.norn.is\/kyndillinn\/skyggnulysing-3a\/#breadcrumb"},"inLanguage":"is","potentialAction":[{"@type":"ReadAction","target":["https:\/\/www.norn.is\/kyndillinn\/skyggnulysing-3a\/"]}]},{"@type":"ImageObject","inLanguage":"is","@id":"https:\/\/www.norn.is\/kyndillinn\/skyggnulysing-3a\/#primaryimage","url":"https:\/\/www.norn.is\/kyndillinn\/wp-content\/uploads\/sites\/5\/2014\/08\/thorgerdur-300x179-e1409433472764.png","contentUrl":"https:\/\/www.norn.is\/kyndillinn\/wp-content\/uploads\/sites\/5\/2014\/08\/thorgerdur-300x179-e1409433472764.png","width":300,"height":179},{"@type":"BreadcrumbList","@id":"https:\/\/www.norn.is\/kyndillinn\/skyggnulysing-3a\/#breadcrumb","itemListElement":[{"@type":"ListItem","position":1,"name":"Home","item":"https:\/\/www.norn.is\/kyndillinn\/"},{"@type":"ListItem","position":2,"name":"Skyggnul\u00fdsing 3a"}]},{"@type":"WebSite","@id":"https:\/\/www.norn.is\/kyndillinn\/#website","url":"https:\/\/www.norn.is\/kyndillinn\/","name":"Kyndillinn","description":"Eva um kyn og kl\u00e1m","potentialAction":[{"@type":"SearchAction","target":{"@type":"EntryPoint","urlTemplate":"https:\/\/www.norn.is\/kyndillinn\/?s={search_term_string}"},"query-input":{"@type":"PropertyValueSpecification","valueRequired":true,"valueName":"search_term_string"}}],"inLanguage":"is"},{"@type":"Person","@id":"https:\/\/www.norn.is\/kyndillinn\/#\/schema\/person\/2eb0fcae9e1ecc61987f7ed9c878531c","name":"Eva Hauksd\u00f3ttir","sameAs":["http:\/\/www.norn.is"],"url":"https:\/\/www.norn.is\/kyndillinn\/author\/eva\/"}]}},"_links":{"self":[{"href":"https:\/\/www.norn.is\/kyndillinn\/wp-json\/wp\/v2\/posts\/1315","targetHints":{"allow":["GET"]}}],"collection":[{"href":"https:\/\/www.norn.is\/kyndillinn\/wp-json\/wp\/v2\/posts"}],"about":[{"href":"https:\/\/www.norn.is\/kyndillinn\/wp-json\/wp\/v2\/types\/post"}],"author":[{"embeddable":true,"href":"https:\/\/www.norn.is\/kyndillinn\/wp-json\/wp\/v2\/users\/2"}],"replies":[{"embeddable":true,"href":"https:\/\/www.norn.is\/kyndillinn\/wp-json\/wp\/v2\/comments?post=1315"}],"version-history":[{"count":9,"href":"https:\/\/www.norn.is\/kyndillinn\/wp-json\/wp\/v2\/posts\/1315\/revisions"}],"predecessor-version":[{"id":2152,"href":"https:\/\/www.norn.is\/kyndillinn\/wp-json\/wp\/v2\/posts\/1315\/revisions\/2152"}],"wp:featuredmedia":[{"embeddable":true,"href":"https:\/\/www.norn.is\/kyndillinn\/wp-json\/wp\/v2\/media\/306"}],"wp:attachment":[{"href":"https:\/\/www.norn.is\/kyndillinn\/wp-json\/wp\/v2\/media?parent=1315"}],"wp:term":[{"taxonomy":"category","embeddable":true,"href":"https:\/\/www.norn.is\/kyndillinn\/wp-json\/wp\/v2\/categories?post=1315"},{"taxonomy":"post_tag","embeddable":true,"href":"https:\/\/www.norn.is\/kyndillinn\/wp-json\/wp\/v2\/tags?post=1315"}],"curies":[{"name":"wp","href":"https:\/\/api.w.org\/{rel}","templated":true}]}}